{"id":117060,"date":"2021-01-29T11:04:49","date_gmt":"2021-01-29T14:04:49","guid":{"rendered":"https:\/\/www.suno.com.br\/noticias\/?p=117060"},"modified":"2021-05-29T20:51:04","modified_gmt":"2021-05-29T23:51:04","slug":"vamos-vamo3-estreia-b3","status":"publish","type":"post","link":"https:\/\/www.suno.com.br\/noticias\/vamos-vamo3-estreia-b3\/","title":{"rendered":"Vamos (VAMO3) estreia na B3 em alta de 23%, a R$ 32"},"content":{"rendered":"<p>A <strong>Vamos<\/strong> Loca\u00e7\u00e3o (VAMO3) estreiou na <a href=\"https:\/\/www.suno.com.br\/artigos\/b3\/\">Bolsa de Valores de S\u00e3o Paulo (B3)<\/a> nesta sexta-feira (29) em forte alta. A subsidi\u00e1ria da <a href=\"https:\/\/www.suno.com.br\/acoes\/simh3\/\">Simpar (SIMH3)<\/a> realizou uma oferta restrita de a\u00e7\u00f5es para investidores profissionais, levantando R$ 889,59 milh\u00f5es.<\/p>\t<div class=\"wrapper-featured-image\">\n\t\t<figure class=\"spotlightImg\">\n\n\t\t\t<picture>\n\t\t\t\t<source media=\"(max-width: 768px)\" srcset=\"https:\/\/files.sunoresearch.com.br\/n\/uploads\/2021\/01\/d1008b29-caminhao-reboque-peter-h-pixabay-400x200.webp\">\n\t\t\t\t<img loading=\"lazy\" decoding=\"async\" class=\"newsContent__article__imgCapa lazyloadDisabled \" src=\"https:\/\/files.sunoresearch.com.br\/n\/uploads\/2021\/01\/d1008b29-caminhao-reboque-peter-h-pixabay-800x450.webp\" width=\"800\" height=\"450\" alt=\"Vamos (VAMO3) estreia na B3 em alta de 23%, a R$ 32\" fetchpriority=high \/>\n\t\t\t<\/picture>\n\n\t\t\t<figcaption class=\"wp-caption-text wp-caption-text--show\">Foto: Pixabay. <\/figcaption>\n\t\t<\/figure>\n\t<\/div>\n\n\n\t<p>\n\t\t<a href=\"https:\/\/lp.suno.com.br\/planilha-controle-gastos\/\" target=\"_blank\" data-element=\"shortcode-suno-banner\" title=\"Banner SUNO, clique e saiba mais\">\n\t\t\t<picture>\n\t\t\t\t<source media=\"(max-width: 500px)\" srcset=\"https:\/\/files.sunoresearch.com.br\/n\/uploads\/2023\/03\/400x300-Planilha-controle-de-gastos.png\">\n\t\t\t\t<img class=\"newsContent__article__imgCapa newsContent__article__imgCapa--banner\"\n\t\t\t\t\tsrc=\"https:\/\/files.sunoresearch.com.br\/n\/uploads\/2023\/03\/1420x240-Planilha-controle-de-gastos.png\"\n\t\t\t\t\tdata-promo-id=\"101751\"\t\t\t\t\t\t\t\t\t\twidth='1420' height='240'\t\t\t\t\talt=\"https:\/\/files.sunoresearch.com.br\/n\/uploads\/2023\/03\/1420x240-Planilha-controle-de-gastos.png\"\n\t\t\t\t>\n\t\t\t<\/picture>\n\t\t<\/a>\n\t<\/p>\n\n\n<p>Por volta das 11h04, ap\u00f3s um per\u00edodo de leil\u00e3o dos pap\u00e9is, as a\u00e7\u00f5es ordin\u00e1rias da Vamos eram negociadas a R$ 32, com um avan\u00e7o de 23%. O <a href=\"https:\/\/www.suno.com.br\/artigos\/bookbuilding\/\">processo de bookbuilding<\/a> determinou o pre\u00e7o por a\u00e7\u00e3o a R$ 26, centro da faixa indicativa.<\/p>\n<p>A opera\u00e7\u00e3o contempla uma oferta de 34.215.328<strong> a\u00e7\u00f5es prim\u00e1rias<\/strong>, e de 11.405.109 <strong>a\u00e7\u00f5es secund\u00e1rias<\/strong>. Segundo a companhia de loca\u00e7\u00e3o de caminh\u00f5es, a totalidade dos recursos l\u00edquidos captados ser\u00e3o destinados para financiamento da frota para atividade de loca\u00e7\u00e3o de ve\u00edculos, m\u00e1quinas e equipamentos.<\/p>\n<p>A companhia informou que a <b>Bolsa <\/b>a autorizou a manter o percentual m\u00ednimo de a\u00e7\u00f5es em circula\u00e7\u00e3o (<a href=\"https:\/\/www.suno.com.br\/artigos\/free-float\/\"><em>free float<\/em><\/a>) de 20%, diferentemente do requisitado pelo <strong><a href=\"https:\/\/www.suno.com.br\/artigos\/novo-mercado\/\">Novo Mercado<\/a><\/strong>, de 25%. A Vamos se comprometeu a elevar o percentual em at\u00e9 18 meses.<\/p>\n<p><a href=\"https:\/\/lp.suno.com.br\/suno-one\/\"><span style=\"font-weight: 400;\">Suno One: acesse gratuitamente eBooks, Minicursos, Artigos e Video Aulas sobre investimentos com um \u00fanico cadastro. Clique para saber mais!<\/span><\/a><\/p>\n<p>Vale ressaltar que a oferta foi realizada com esfor\u00e7os restritos de coloca\u00e7\u00e3o, n\u00e3o exigindo o registro pr\u00e9vio na Comiss\u00e3o de Valores Mobili\u00e1rios (<strong>CVM<\/strong>), desde que a opera\u00e7\u00e3o seja destinada a at\u00e9 50 investidores. Os bancos participantes foram:<\/p>\n<ul>\n<li><a href=\"https:\/\/www.suno.com.br\/noticias\/btg-pactual-bpac11-oferta-primaria-units\/\">BTG Pactual (BPAC11)<\/a>;<\/li>\n<li>XP Investimentos;<\/li>\n<li>Ita\u00fa BBA;<\/li>\n<li>Bradesco BBI;<\/li>\n<li>JP Morgan;<\/li>\n<li>UBS Brasil.<\/li>\n<\/ul>\n<p>Ap\u00f3s a confirma\u00e7\u00e3o da precifica\u00e7\u00e3o da abertura de capital, a empresa disse que, dos recursos brutos, R$ 150 milh\u00f5es ser\u00e3o destinados ao <a href=\"https:\/\/www.suno.com.br\/artigos\/capital-social\/\">capital social<\/a> e R$ 739,59 milh\u00f5es para a forma\u00e7\u00e3o de reserva de capital, &#8220;em conta de \u00e1gio na subscri\u00e7\u00e3o de a\u00e7\u00f5es&#8221;.<\/p>\n<p>O capital social da empresa passar\u00e1 a ser de R$ 632,81 milh\u00f5es, dividido em 227.850.990 <a href=\"https:\/\/www.suno.com.br\/artigos\/o-que-sao-acoes-ordinarias-preferenciais-e-units\/\">a\u00e7\u00f5es ordin\u00e1rias<\/a>.<\/p>\n\t<p>\n\t\t<a href=\"https:\/\/lp.suno.com.br\/ebook-como-analisar-uma-acao\/\" target=\"_blank\" data-element=\"shortcode-suno-banner\" title=\"Banner SUNO, clique e saiba mais\">\n\t\t\t<picture>\n\t\t\t\t<source media=\"(max-width: 500px)\" srcset=\"https:\/\/files.sunoresearch.com.br\/n\/uploads\/2023\/03\/Ebook-Acoes-Mobile.jpg\">\n\t\t\t\t<img class=\"newsContent__article__imgCapa newsContent__article__imgCapa--banner\"\n\t\t\t\t\tsrc=\"https:\/\/files.sunoresearch.com.br\/n\/uploads\/2023\/03\/Ebook-Acoes-Desktop.jpg\"\n\t\t\t\t\tdata-promo-id=\"378302\"\t\t\t\t\t\t\t\t\t\twidth='1420' height='286'\t\t\t\t\talt=\"https:\/\/files.sunoresearch.com.br\/n\/uploads\/2023\/03\/Ebook-Acoes-Desktop.jpg\"\n\t\t\t\t>\n\t\t\t<\/picture>\n\t\t<\/a>\n\t<\/p>\n\n\n<p>A Bolsa informou que as a\u00e7\u00f5es da Vamos ser\u00e3o inclu\u00eddas nos \u00edndices <strong>IGCX<\/strong> e <strong>IGNM<\/strong>, relacionados \u00e0 governan\u00e7a corporativa, e no <strong>ITAG<\/strong>, de empresas com <a href=\"https:\/\/www.suno.com.br\/artigos\/tag-along-drag-along\/\">tag along<\/a> diferenciado, ap\u00f3s o encerramento de seu primeiro preg\u00e3o regular de negocia\u00e7\u00e3o, &#8220;com o pertinente ajuste no redutor dos \u00edndices&#8221;.<\/p>\n<h2>Vamos &#8212; finalmente &#8212; \u00e9 cotada em Bolsa<\/h2>\n<p>A Vamos, que est\u00e1 sob o guarda-chuva da holding Simpar, assim como <strong>JSL<\/strong> (JSLG3) e <a href=\"https:\/\/www.suno.com.br\/acoes\/movi3\/\"><strong>Movida<\/strong> (MOVI3)<\/a>, namora a abertura de capital h\u00e1 mais de 1 ano.<\/p>\n\t<div data-element=\"shortcode-read-more\" class=\"knowMore\">\n\t\t\t\t<span class=\"knowMore__title\">Leia tamb\u00e9m<\/span>\n\t\t\t\t<a class=\"knowMore__link\" href=\"https:\/\/www.suno.com.br\/noticias\/vamos-subsidiaria-jsl-maior-pedido-volkswagen\/\">\n\t\t\tVamos, subsidi\u00e1ria da JSL (JSLG3), faz o maior pedido da hist\u00f3ria da Volkswagen Caminh\u00f5es\t\t<\/a>\n\t<\/div>\n\n\n<p>No in\u00edcio do m\u00eas passado, a empresa informou ao mercado que desistiu de fazer sua <a href=\"https:\/\/www.suno.com.br\/artigos\/ipo\/\">oferta p\u00fablica inicial de a\u00e7\u00f5es (<strong>IPO<\/strong><\/a>, na sigla em ingl\u00eas). O pedido havia sido protocolado na <a href=\"https:\/\/www.suno.com.br\/artigos\/cvm\/\">Comiss\u00e3o de Valores Mobili\u00e1rios (<strong>CVM<\/strong>)<\/a> em janeiro de 2020.<\/p>\n<p>Em comunicado, a empresa disse que desistiu da oferta ap\u00f3s o t\u00e9rmino do prazo regulamentar para a retomada do pedido de registro da opera\u00e7\u00e3o. Meses antes, a companhia havia estabelecido a faixa indicativa de pre\u00e7o das a\u00e7\u00f5es entre R$ 15 e R$ 20.<\/p>\n<p>Sob grande expectativa do mercado, a espera e a oferta com aspecto diferente renderam um <a href=\"https:\/\/www.suno.com.br\/artigos\/como-fazer-valuation-empresas\/\">melhor <em>valuation<\/em><\/a> \u00e0 empresa.<\/p>\n<p><a href=\"https:\/\/www.suno.com.br\/noticias\/vamos-simpar-simh3-lucro-liquido-2t20\/\">No terceiro trimestre de 2020<\/a>, a <strong>Vamos<\/strong> teve um lucro l\u00edquido de R$ 49,1 milh\u00f5es, o equivalente a uma alta de 28,1% na compara\u00e7\u00e3o com o mesmo per\u00edodo do ano anterior. Em rela\u00e7\u00e3o ao segundo trimestre, o crescimento reportado foi de 25%<\/p>\n\t<p>\n\t\t<a href=\"https:\/\/lp.suno.com.br\/planilha-de-controle-de-investimentos\/\" target=\"_blank\" data-element=\"shortcode-suno-banner\" title=\"Banner SUNO, clique e saiba mais\">\n\t\t\t<picture>\n\t\t\t\t<source media=\"(max-width: 500px)\" srcset=\"https:\/\/files.sunoresearch.com.br\/n\/uploads\/2023\/03\/400x300-Controle-de-Investimentos.png\">\n\t\t\t\t<img class=\"newsContent__article__imgCapa newsContent__article__imgCapa--banner\"\n\t\t\t\t\tsrc=\"https:\/\/files.sunoresearch.com.br\/n\/uploads\/2023\/03\/1420x240-Controle-de-Investimentos.png\"\n\t\t\t\t\tdata-promo-id=\"75934\"\t\t\t\t\t\t\t\t\t\twidth='1420' height='240'\t\t\t\t\talt=\"https:\/\/files.sunoresearch.com.br\/n\/uploads\/2023\/03\/1420x240-Controle-de-Investimentos.png\"\n\t\t\t\t>\n\t\t\t<\/picture>\n\t\t<\/a>\n\t<\/p>\n\n\n","protected":false},"excerpt":{"rendered":"<p>A Vamos Loca\u00e7\u00e3o (VAMO3) estreiou na Bolsa de Valores de S\u00e3o Paulo (B3) nesta sexta-feira (29) em forte alta. A subsidi\u00e1ria da Simpar (SIMH3) realizou uma oferta restrita de a\u00e7\u00f5es para investidores profissionais, levantando R$ 889,59 milh\u00f5es. Foto: Pixabay. Por volta das 11h04, ap\u00f3s um per\u00edodo de leil\u00e3o dos pap\u00e9is, as a\u00e7\u00f5es ordin\u00e1rias da Vamos [&hellip;]<\/p>\n","protected":false},"author":24,"featured_media":117070,"comment_status":"closed","ping_status":"closed","sticky":false,"template":"","format":"standard","meta":[],"categories":[64],"tags":[1937,76282,105973],"suno_strategy":[],"class_list":["post-117060","post","type-post","status-publish","format-standard","has-post-thumbnail","hentry","category-negocios","tag-bolsa-de-valores-de-sao-paulo-b3","tag-simpar-simh3","tag-vamos-vamo3"],"yoast_head":"<!-- This site is optimized with the Yoast SEO plugin v24.4 - https:\/\/yoast.com\/wordpress\/plugins\/seo\/ -->\n<title>Vamos (VAMO3) estreia na B3 em alta de 23%, a R$ 32<\/title>\n<meta name=\"description\" content=\"A Vamos Loca\u00e7\u00e3o (VAMO3) estreiou na Bolsa de Valores de S\u00e3o Paulo (B3) nesta sexta-feira (29) em forte alta. Clique e saiba mais.\" \/>\n<meta name=\"robots\" content=\"index, follow, max-snippet:-1, max-image-preview:large, max-video-preview:-1\" \/>\n<link rel=\"canonical\" href=\"https:\/\/www.suno.com.br\/noticias\/vamos-vamo3-estreia-b3\/\" \/>\n<meta property=\"og:locale\" content=\"pt_BR\" \/>\n<meta property=\"og:type\" content=\"article\" \/>\n<meta property=\"og:title\" content=\"Vamos (VAMO3) estreia na B3 em alta de 23%, a R$ 32\" \/>\n<meta property=\"og:description\" content=\"A Vamos Loca\u00e7\u00e3o (VAMO3) estreiou na Bolsa de Valores de S\u00e3o Paulo (B3) nesta sexta-feira (29) em forte alta. Clique e saiba mais.\" \/>\n<meta property=\"og:url\" content=\"https:\/\/www.suno.com.br\/noticias\/vamos-vamo3-estreia-b3\/\" \/>\n<meta property=\"og:site_name\" content=\"Suno Not\u00edcias\" \/>\n<meta property=\"article:publisher\" content=\"https:\/\/facebook.com\/sunoresearch\" \/>\n<meta property=\"og:image\" content=\"https:\/\/files.sunoresearch.com.br\/n\/uploads\/2021\/01\/d1008b29-caminhao-reboque-peter-h-pixabay.jpg\" \/>\n\t<meta property=\"og:image:width\" content=\"1280\" \/>\n\t<meta property=\"og:image:height\" content=\"861\" \/>\n\t<meta property=\"og:image:type\" content=\"image\/jpeg\" \/>\n<meta name=\"author\" content=\"Jader Lazarini\" \/>\n<meta name=\"twitter:card\" content=\"summary_large_image\" \/>\n<meta name=\"twitter:creator\" content=\"@sunoresearch\" \/>\n<meta name=\"twitter:site\" content=\"@sunoresearch\" \/>\n<meta name=\"twitter:label1\" content=\"Escrito por\" \/>\n\t<meta name=\"twitter:data1\" content=\"Jader Lazarini\" \/>\n\t<meta name=\"twitter:label2\" content=\"Est. tempo de leitura\" \/>\n\t<meta name=\"twitter:data2\" content=\"3 minutos\" \/>\n<script type=\"application\/ld+json\" class=\"yoast-schema-graph\">{\"@context\":\"https:\/\/schema.org\",\"@graph\":[{\"@type\":\"NewsArticle\",\"@id\":\"https:\/\/www.suno.com.br\/noticias\/vamos-vamo3-estreia-b3\/#article\",\"isPartOf\":{\"@id\":\"https:\/\/www.suno.com.br\/noticias\/vamos-vamo3-estreia-b3\/\"},\"author\":{\"name\":\"Jader Lazarini\",\"@id\":\"https:\/\/www.suno.com.br\/noticias\/#\/schema\/person\/918d79de1f0281f01599b93f9ea6e23f\"},\"headline\":\"Vamos (VAMO3) estreia na B3 em alta de 23%, a R$ 32\",\"datePublished\":\"2021-01-29T14:04:49+00:00\",\"dateModified\":\"2021-05-29T23:51:04+00:00\",\"mainEntityOfPage\":{\"@id\":\"https:\/\/www.suno.com.br\/noticias\/vamos-vamo3-estreia-b3\/\"},\"wordCount\":602,\"publisher\":{\"@id\":\"https:\/\/www.suno.com.br\/noticias\/#organization\"},\"image\":{\"@id\":\"https:\/\/www.suno.com.br\/noticias\/vamos-vamo3-estreia-b3\/#primaryimage\"},\"thumbnailUrl\":\"https:\/\/files.sunoresearch.com.br\/n\/uploads\/2021\/01\/d1008b29-caminhao-reboque-peter-h-pixabay-jpg.webp\",\"keywords\":[\"Bolsa de Valores de S\u00e3o Paulo (B3)\",\"Simpar (SIMH3)\",\"Vamos (VAMO3)\"],\"articleSection\":[\"Neg\u00f3cios\"],\"inLanguage\":\"pt-BR\"},{\"@type\":\"WebPage\",\"@id\":\"https:\/\/www.suno.com.br\/noticias\/vamos-vamo3-estreia-b3\/\",\"url\":\"https:\/\/www.suno.com.br\/noticias\/vamos-vamo3-estreia-b3\/\",\"name\":\"Vamos (VAMO3) estreia na B3 em alta de 23%, a R$ 32\",\"isPartOf\":{\"@id\":\"https:\/\/www.suno.com.br\/noticias\/#website\"},\"primaryImageOfPage\":{\"@id\":\"https:\/\/www.suno.com.br\/noticias\/vamos-vamo3-estreia-b3\/#primaryimage\"},\"image\":{\"@id\":\"https:\/\/www.suno.com.br\/noticias\/vamos-vamo3-estreia-b3\/#primaryimage\"},\"thumbnailUrl\":\"https:\/\/files.sunoresearch.com.br\/n\/uploads\/2021\/01\/d1008b29-caminhao-reboque-peter-h-pixabay-jpg.webp\",\"datePublished\":\"2021-01-29T14:04:49+00:00\",\"dateModified\":\"2021-05-29T23:51:04+00:00\",\"description\":\"A Vamos Loca\u00e7\u00e3o (VAMO3) estreiou na Bolsa de Valores de S\u00e3o Paulo (B3) nesta sexta-feira (29) em forte alta. Clique e saiba mais.\",\"breadcrumb\":{\"@id\":\"https:\/\/www.suno.com.br\/noticias\/vamos-vamo3-estreia-b3\/#breadcrumb\"},\"inLanguage\":\"pt-BR\",\"potentialAction\":[{\"@type\":\"ReadAction\",\"target\":[\"https:\/\/www.suno.com.br\/noticias\/vamos-vamo3-estreia-b3\/\"]}]},{\"@type\":\"ImageObject\",\"inLanguage\":\"pt-BR\",\"@id\":\"https:\/\/www.suno.com.br\/noticias\/vamos-vamo3-estreia-b3\/#primaryimage\",\"url\":\"https:\/\/files.sunoresearch.com.br\/n\/uploads\/2021\/01\/d1008b29-caminhao-reboque-peter-h-pixabay-jpg.webp\",\"contentUrl\":\"https:\/\/files.sunoresearch.com.br\/n\/uploads\/2021\/01\/d1008b29-caminhao-reboque-peter-h-pixabay-jpg.webp\",\"width\":1280,\"height\":861,\"caption\":\"Foto: Pixabay.\"},{\"@type\":\"BreadcrumbList\",\"@id\":\"https:\/\/www.suno.com.br\/noticias\/vamos-vamo3-estreia-b3\/#breadcrumb\",\"itemListElement\":[{\"@type\":\"ListItem\",\"position\":1,\"name\":\"Not\u00edcias\",\"item\":\"https:\/\/www.suno.com.br\/noticias\/\"},{\"@type\":\"ListItem\",\"position\":2,\"name\":\"Neg\u00f3cios\",\"item\":\"https:\/\/www.suno.com.br\/noticias\/negocios\/\"},{\"@type\":\"ListItem\",\"position\":3,\"name\":\"Vamos (VAMO3) estreia na B3 em alta de 23%, a R$ 32\"}]},{\"@type\":\"WebSite\",\"@id\":\"https:\/\/www.suno.com.br\/noticias\/#website\",\"url\":\"https:\/\/www.suno.com.br\/noticias\/\",\"name\":\"Suno Not\u00edcias\",\"description\":\"Seu portal de informa\u00e7\u00e3o sobre o mundo dos investimentos\",\"publisher\":{\"@id\":\"https:\/\/www.suno.com.br\/noticias\/#organization\"},\"potentialAction\":[{\"@type\":\"SearchAction\",\"target\":{\"@type\":\"EntryPoint\",\"urlTemplate\":\"https:\/\/www.suno.com.br\/noticias\/?s={search_term_string}\"},\"query-input\":{\"@type\":\"PropertyValueSpecification\",\"valueRequired\":true,\"valueName\":\"search_term_string\"}}],\"inLanguage\":\"pt-BR\"},{\"@type\":\"Organization\",\"@id\":\"https:\/\/www.suno.com.br\/noticias\/#organization\",\"name\":\"Suno Not\u00edcias\",\"url\":\"https:\/\/www.suno.com.br\/noticias\/\",\"logo\":{\"@type\":\"ImageObject\",\"inLanguage\":\"pt-BR\",\"@id\":\"https:\/\/www.suno.com.br\/noticias\/#\/schema\/logo\/image\/\",\"url\":\"https:\/\/files.sunoresearch.com.br\/n\/uploads\/2021\/09\/suno-logo.png\",\"contentUrl\":\"https:\/\/files.sunoresearch.com.br\/n\/uploads\/2021\/09\/suno-logo.png\",\"width\":180,\"height\":180,\"caption\":\"Suno Not\u00edcias\"},\"image\":{\"@id\":\"https:\/\/www.suno.com.br\/noticias\/#\/schema\/logo\/image\/\"},\"sameAs\":[\"https:\/\/facebook.com\/sunoresearch\",\"https:\/\/x.com\/sunoresearch\",\"https:\/\/www.instagram.com\/suno\",\"https:\/\/www.linkedin.com\/company\/suno-research\/\",\"https:\/\/www.youtube.com\/c\/sunoresearch\"]},{\"@type\":\"Person\",\"@id\":\"https:\/\/www.suno.com.br\/noticias\/#\/schema\/person\/918d79de1f0281f01599b93f9ea6e23f\",\"name\":\"Jader Lazarini\",\"image\":{\"@type\":\"ImageObject\",\"inLanguage\":\"pt-BR\",\"@id\":\"https:\/\/www.suno.com.br\/noticias\/#\/schema\/person\/image\/\",\"url\":\"https:\/\/secure.gravatar.com\/avatar\/3c1ad8caa51589841baeb923fcddea97?s=96&r=g\",\"contentUrl\":\"https:\/\/secure.gravatar.com\/avatar\/3c1ad8caa51589841baeb923fcddea97?s=96&r=g\",\"caption\":\"Jader Lazarini\"},\"description\":\"Jader Lazarini escreve sobre investimentos, finan\u00e7as, economia e neg\u00f3cios. \u00c9 bacharel em Rela\u00e7\u00f5es Internacionais e analista CNPI (2619).\",\"url\":\"https:\/\/www.suno.com.br\/noticias\/author\/jader-lazarini\/\"}]}<\/script>\n<!-- \/ Yoast SEO plugin. -->","yoast_head_json":{"title":"Vamos (VAMO3) estreia na B3 em alta de 23%, a R$ 32","description":"A Vamos Loca\u00e7\u00e3o (VAMO3) estreiou na Bolsa de Valores de S\u00e3o Paulo (B3) nesta sexta-feira (29) em forte alta. Clique e saiba mais.","robots":{"index":"index","follow":"follow","max-snippet":"max-snippet:-1","max-image-preview":"max-image-preview:large","max-video-preview":"max-video-preview:-1"},"canonical":"https:\/\/www.suno.com.br\/noticias\/vamos-vamo3-estreia-b3\/","og_locale":"pt_BR","og_type":"article","og_title":"Vamos (VAMO3) estreia na B3 em alta de 23%, a R$ 32","og_description":"A Vamos Loca\u00e7\u00e3o (VAMO3) estreiou na Bolsa de Valores de S\u00e3o Paulo (B3) nesta sexta-feira (29) em forte alta. Clique e saiba mais.","og_url":"https:\/\/www.suno.com.br\/noticias\/vamos-vamo3-estreia-b3\/","og_site_name":"Suno Not\u00edcias","article_publisher":"https:\/\/facebook.com\/sunoresearch","og_image":[{"width":1280,"height":861,"url":"https:\/\/files.sunoresearch.com.br\/n\/uploads\/2021\/01\/d1008b29-caminhao-reboque-peter-h-pixabay.jpg","type":"image\/jpeg"}],"author":"Jader Lazarini","twitter_card":"summary_large_image","twitter_creator":"@sunoresearch","twitter_site":"@sunoresearch","twitter_misc":{"Escrito por":"Jader Lazarini","Est. tempo de leitura":"3 minutos"},"schema":{"@context":"https:\/\/schema.org","@graph":[{"@type":"NewsArticle","@id":"https:\/\/www.suno.com.br\/noticias\/vamos-vamo3-estreia-b3\/#article","isPartOf":{"@id":"https:\/\/www.suno.com.br\/noticias\/vamos-vamo3-estreia-b3\/"},"author":{"name":"Jader Lazarini","@id":"https:\/\/www.suno.com.br\/noticias\/#\/schema\/person\/918d79de1f0281f01599b93f9ea6e23f"},"headline":"Vamos (VAMO3) estreia na B3 em alta de 23%, a R$ 32","datePublished":"2021-01-29T14:04:49+00:00","dateModified":"2021-05-29T23:51:04+00:00","mainEntityOfPage":{"@id":"https:\/\/www.suno.com.br\/noticias\/vamos-vamo3-estreia-b3\/"},"wordCount":602,"publisher":{"@id":"https:\/\/www.suno.com.br\/noticias\/#organization"},"image":{"@id":"https:\/\/www.suno.com.br\/noticias\/vamos-vamo3-estreia-b3\/#primaryimage"},"thumbnailUrl":"https:\/\/files.sunoresearch.com.br\/n\/uploads\/2021\/01\/d1008b29-caminhao-reboque-peter-h-pixabay-jpg.webp","keywords":["Bolsa de Valores de S\u00e3o Paulo (B3)","Simpar (SIMH3)","Vamos (VAMO3)"],"articleSection":["Neg\u00f3cios"],"inLanguage":"pt-BR"},{"@type":"WebPage","@id":"https:\/\/www.suno.com.br\/noticias\/vamos-vamo3-estreia-b3\/","url":"https:\/\/www.suno.com.br\/noticias\/vamos-vamo3-estreia-b3\/","name":"Vamos (VAMO3) estreia na B3 em alta de 23%, a R$ 32","isPartOf":{"@id":"https:\/\/www.suno.com.br\/noticias\/#website"},"primaryImageOfPage":{"@id":"https:\/\/www.suno.com.br\/noticias\/vamos-vamo3-estreia-b3\/#primaryimage"},"image":{"@id":"https:\/\/www.suno.com.br\/noticias\/vamos-vamo3-estreia-b3\/#primaryimage"},"thumbnailUrl":"https:\/\/files.sunoresearch.com.br\/n\/uploads\/2021\/01\/d1008b29-caminhao-reboque-peter-h-pixabay-jpg.webp","datePublished":"2021-01-29T14:04:49+00:00","dateModified":"2021-05-29T23:51:04+00:00","description":"A Vamos Loca\u00e7\u00e3o (VAMO3) estreiou na Bolsa de Valores de S\u00e3o Paulo (B3) nesta sexta-feira (29) em forte alta. Clique e saiba mais.","breadcrumb":{"@id":"https:\/\/www.suno.com.br\/noticias\/vamos-vamo3-estreia-b3\/#breadcrumb"},"inLanguage":"pt-BR","potentialAction":[{"@type":"ReadAction","target":["https:\/\/www.suno.com.br\/noticias\/vamos-vamo3-estreia-b3\/"]}]},{"@type":"ImageObject","inLanguage":"pt-BR","@id":"https:\/\/www.suno.com.br\/noticias\/vamos-vamo3-estreia-b3\/#primaryimage","url":"https:\/\/files.sunoresearch.com.br\/n\/uploads\/2021\/01\/d1008b29-caminhao-reboque-peter-h-pixabay-jpg.webp","contentUrl":"https:\/\/files.sunoresearch.com.br\/n\/uploads\/2021\/01\/d1008b29-caminhao-reboque-peter-h-pixabay-jpg.webp","width":1280,"height":861,"caption":"Foto: Pixabay."},{"@type":"BreadcrumbList","@id":"https:\/\/www.suno.com.br\/noticias\/vamos-vamo3-estreia-b3\/#breadcrumb","itemListElement":[{"@type":"ListItem","position":1,"name":"Not\u00edcias","item":"https:\/\/www.suno.com.br\/noticias\/"},{"@type":"ListItem","position":2,"name":"Neg\u00f3cios","item":"https:\/\/www.suno.com.br\/noticias\/negocios\/"},{"@type":"ListItem","position":3,"name":"Vamos (VAMO3) estreia na B3 em alta de 23%, a R$ 32"}]},{"@type":"WebSite","@id":"https:\/\/www.suno.com.br\/noticias\/#website","url":"https:\/\/www.suno.com.br\/noticias\/","name":"Suno Not\u00edcias","description":"Seu portal de informa\u00e7\u00e3o sobre o mundo dos investimentos","publisher":{"@id":"https:\/\/www.suno.com.br\/noticias\/#organization"},"potentialAction":[{"@type":"SearchAction","target":{"@type":"EntryPoint","urlTemplate":"https:\/\/www.suno.com.br\/noticias\/?s={search_term_string}"},"query-input":{"@type":"PropertyValueSpecification","valueRequired":true,"valueName":"search_term_string"}}],"inLanguage":"pt-BR"},{"@type":"Organization","@id":"https:\/\/www.suno.com.br\/noticias\/#organization","name":"Suno Not\u00edcias","url":"https:\/\/www.suno.com.br\/noticias\/","logo":{"@type":"ImageObject","inLanguage":"pt-BR","@id":"https:\/\/www.suno.com.br\/noticias\/#\/schema\/logo\/image\/","url":"https:\/\/files.sunoresearch.com.br\/n\/uploads\/2021\/09\/suno-logo.png","contentUrl":"https:\/\/files.sunoresearch.com.br\/n\/uploads\/2021\/09\/suno-logo.png","width":180,"height":180,"caption":"Suno Not\u00edcias"},"image":{"@id":"https:\/\/www.suno.com.br\/noticias\/#\/schema\/logo\/image\/"},"sameAs":["https:\/\/facebook.com\/sunoresearch","https:\/\/x.com\/sunoresearch","https:\/\/www.instagram.com\/suno","https:\/\/www.linkedin.com\/company\/suno-research\/","https:\/\/www.youtube.com\/c\/sunoresearch"]},{"@type":"Person","@id":"https:\/\/www.suno.com.br\/noticias\/#\/schema\/person\/918d79de1f0281f01599b93f9ea6e23f","name":"Jader Lazarini","image":{"@type":"ImageObject","inLanguage":"pt-BR","@id":"https:\/\/www.suno.com.br\/noticias\/#\/schema\/person\/image\/","url":"https:\/\/secure.gravatar.com\/avatar\/3c1ad8caa51589841baeb923fcddea97?s=96&r=g","contentUrl":"https:\/\/secure.gravatar.com\/avatar\/3c1ad8caa51589841baeb923fcddea97?s=96&r=g","caption":"Jader Lazarini"},"description":"Jader Lazarini escreve sobre investimentos, finan\u00e7as, economia e neg\u00f3cios. \u00c9 bacharel em Rela\u00e7\u00f5es Internacionais e analista CNPI (2619).","url":"https:\/\/www.suno.com.br\/noticias\/author\/jader-lazarini\/"}]}},"default_loop_html":"<div class=\"cardsPage__listCard__boxs\"><div class=\"cardsPage__listCard__boxs__img\"><a href=\"https:\/\/www.suno.com.br\/noticias\/vamos-vamo3-estreia-b3\/\"><img class=\"mask\" src=\"https:\/\/www.suno.com.br\/noticias\/wp-content\/themes\/suno\/resources\/images\/spotlight\/spotlight1img\/bg-mask.png\" alt=\"Image Mask\"\/><img src=\"https:\/\/files.sunoresearch.com.br\/n\/uploads\/2021\/01\/d1008b29-caminhao-reboque-peter-h-pixabay-400x200.webp\" alt=\"Vamos (VAMO3) estreia na B3 em alta de 23%, a R$ 32\"\/><\/a><span class=\"spotlightCategory\"><a href=\"https:\/\/www.suno.com.br\/noticias\/negocios\/\">Neg\u00f3cios<\/a><\/span><\/div><div class=\"cardsPage__listCard__boxs__content\"><a href=\"https:\/\/www.suno.com.br\/noticias\/vamos-vamo3-estreia-b3\/\"><h2 class=\"content__title\">Vamos (VAMO3) estreia na B3 em alta de 23%, a R$ 32<\/h2><\/a><div class=\"newsContent__article__meta\"><div class=\"newsContent__article__meta__authorBox\"><a href=\"https:\/\/www.suno.com.br\/noticias\/author\/jader-lazarini\/\" class=\"authorBox__avatar noMobi\"><img src=\"https:\/\/files.sunoresearch.com.br\/n\/uploads\/2021\/01\/178e6598-foto-perfil-2-150x150.jpg\" alt=\"Jader Lazarini\"><\/a><div class=\"authorBox__name\"><span>por\n\t\t\t<a href=\"https:\/\/www.suno.com.br\/noticias\/author\/jader-lazarini\/\"><span itemprop=\"author\">Jader Lazarini<\/span><\/a><\/span><time datetime=\"2021-01-29T11:04:49-03:00\" itemprop=\"datePublished\">29\/01\/2021 11:04<\/time><\/div><\/div><\/div><\/div><\/div>","single_layout":"posts","amp_enabled":true,"_links":{"self":[{"href":"https:\/\/www.suno.com.br\/noticias\/wp-json\/wp\/v2\/posts\/117060"}],"collection":[{"href":"https:\/\/www.suno.com.br\/noticias\/wp-json\/wp\/v2\/posts"}],"about":[{"href":"https:\/\/www.suno.com.br\/noticias\/wp-json\/wp\/v2\/types\/post"}],"author":[{"embeddable":true,"href":"https:\/\/www.suno.com.br\/noticias\/wp-json\/wp\/v2\/users\/24"}],"replies":[{"embeddable":true,"href":"https:\/\/www.suno.com.br\/noticias\/wp-json\/wp\/v2\/comments?post=117060"}],"version-history":[{"count":1,"href":"https:\/\/www.suno.com.br\/noticias\/wp-json\/wp\/v2\/posts\/117060\/revisions"}],"predecessor-version":[{"id":147194,"href":"https:\/\/www.suno.com.br\/noticias\/wp-json\/wp\/v2\/posts\/117060\/revisions\/147194"}],"wp:featuredmedia":[{"embeddable":true,"href":"https:\/\/www.suno.com.br\/noticias\/wp-json\/wp\/v2\/media\/117070"}],"wp:attachment":[{"href":"https:\/\/www.suno.com.br\/noticias\/wp-json\/wp\/v2\/media?parent=117060"}],"wp:term":[{"taxonomy":"category","embeddable":true,"href":"https:\/\/www.suno.com.br\/noticias\/wp-json\/wp\/v2\/categories?post=117060"},{"taxonomy":"post_tag","embeddable":true,"href":"https:\/\/www.suno.com.br\/noticias\/wp-json\/wp\/v2\/tags?post=117060"},{"taxonomy":"suno_strategy","embeddable":true,"href":"https:\/\/www.suno.com.br\/noticias\/wp-json\/wp\/v2\/suno_strategy?post=117060"}],"curies":[{"name":"wp","href":"https:\/\/api.w.org\/{rel}","templated":true}]}}