{"id":11702,"date":"2019-01-15T12:24:55","date_gmt":"2019-01-15T14:24:55","guid":{"rendered":"https:\/\/www.suno.com.br\/noticias\/?p=11702"},"modified":"2021-02-17T20:10:51","modified_gmt":"2021-02-17T23:10:51","slug":"presidente-bolsonaro-assina-decreto-posse-armas","status":"publish","type":"post","link":"https:\/\/www.suno.com.br\/noticias\/presidente-bolsonaro-assina-decreto-posse-armas\/","title":{"rendered":"Presidente Bolsonaro assina decreto sobre posse de armas"},"content":{"rendered":"<p>residente Jair Bolsonaro assinou nesta ter\u00e7a-feira (15) o decreto que facilita a posse de armas no Brasil.<\/p>\t<div class=\"wrapper-featured-image\">\n\t\t<figure class=\"spotlightImg\">\n\n\t\t\t<picture>\n\t\t\t\t<source media=\"(max-width: 768px)\" srcset=\"https:\/\/files.sunoresearch.com.br\/n\/uploads\/2018\/12\/65a5c02e-bolsonaro-400x200.webp\">\n\t\t\t\t<img loading=\"lazy\" decoding=\"async\" class=\"newsContent__article__imgCapa lazyloadDisabled newsContent__article__imgCapa--noCaption\" src=\"https:\/\/files.sunoresearch.com.br\/n\/uploads\/2018\/12\/65a5c02e-bolsonaro-800x450.webp\" width=\"800\" height=\"450\" alt=\"Presidente Bolsonaro assina decreto sobre posse de armas\" fetchpriority=high \/>\n\t\t\t<\/picture>\n\n\t\t\t<figcaption class=\"wp-caption-text wp-caption-text--hide\"> Jair Bolsonaro afirma que seu filho \u00e9 adequado para cargo de embaixador<\/figcaption>\n\t\t<\/figure>\n\t<\/div>\n\n\n<p>O decreto assinado hoje pelo presidente <strong>Jair Bolsonaro<\/strong> flexibiliza os crit\u00e9rios para manter uma arma em casa. Por exemplo, reduz a discricionalidade das autoridades p\u00fablica em decidir quem pode adquirir <strong>armas<\/strong>.\u00a0Essa era uma das promessas de campanha feitas pelo ent\u00e3o candidato do <strong>Partido Social Liberal (PSL).<\/strong><\/p>\n<p><a href=\"https:\/\/www.suno.com.br\/noticias\/taurus-armas-aguarda-decreto-bolsonaro\/\">Saiba mais: Forjas Taurus se torna Taurus Armas e aguarda decreto de Bolsonaro\u00a0<\/a><\/p>\n<p>&#8220;Com a legisla\u00e7\u00e3o atual, o cidad\u00e3o de bem pode obter at\u00e9 quatro armas&#8221;, declarou <strong>Bolsonaro<\/strong> na cerim\u00f4nia de assinatura do decreto, &#8220;e vai precisar tem um lugar seguro para guardar sua arma&#8221;.<\/p>\n<p><strong>Bolsonaro<\/strong> assinou o decreto em cerim\u00f4nia no Pal\u00e1cio do Planalto, onde participaram muitos ministros de seu governo.<\/p>\n<p>&#8220;Como o povo soberanamente decidiu por ocasi\u00e3o do referendo de 2005, para lhes garantir esse leg\u00edtimo direito \u00e0 defesa, eu como presidente vou usar essa arma&#8221;, afirmou <strong>Bolsonaro<\/strong> no momento da assinatura, mostrando uma caneta para assinar o decreto.<\/p>\n<p>O presidente fez refer\u00eancia ao <strong>Estatuto<\/strong> <strong>do Desarmamento<\/strong>, rejeitado pela maioria dos eleitores no referendo de 2005. O documento tornou mais complicada a posse de <strong>armas<\/strong> para a popula\u00e7\u00e3o brasileira.<\/p>\n<p>Segundo o Estatuto, a posse de arma \u00e9 permitida no Brasil, e renov\u00e1vel a cada cinco anos. As condi\u00e7\u00f5es foram estabelecidas pelo Estatuto do Desarmamento, que virou lei federal em 2003. O estatuto determina que \u00e9 necess\u00e1rio ter acima de 25 anos, ocupa\u00e7\u00e3o legal, resid\u00eancia certa para possuir uma arma. Al\u00e9m disso, \u00e9 necess\u00e1rio n\u00e3o ter sido condenado, ser investigado ou responder a processo criminal. Tamb\u00e9m, o\u00a0Estatuto determina que a pessoa declare efetiva necessidade de possuir a arma e comprove capacidade psicol\u00f3gica e t\u00e9cnica para us\u00e1-la.<\/p>\n<p><a href=\"https:\/\/www.suno.com.br\/noticias\/onyx-decreto-posse-armas-semana\/\">Saiba mais:\u00a0Onyx: decreto sobre posse de armas sai na pr\u00f3xima semana\u00a0<\/a><\/p>\n<p><strong>Bolsonaro<\/strong> sempre foi muito cr\u00edtico ao Estatuto. Durante sua longa carreira pol\u00edtica ele defendeu reformular a legisla\u00e7\u00e3o ao fim de facilitar o uso de <strong>armas<\/strong> pelos cidad\u00e3os.<\/p>\n<p>&#8220;Infelizmente o governo, na \u00e9poca, buscou maneiras em decretos e portarias para negar esse direito&#8221;, afirmou Bolsonaro, &#8220;o povo decidiu por comprar armas e muni\u00e7\u00f5es e n\u00f3s n\u00e3o podemos negar o que o povo quis nesse momento&#8221;.<\/p>\n<h2>O que prev\u00ea o decreto<\/h2>\n<p>O texto do decreto autoriza a manter uma <strong>arma<\/strong> <strong>de<\/strong> <strong>fogo<\/strong> em casa\u00a0 ou no local de trabalho. Mas o propriet\u00e1rio da <strong>arma<\/strong> deve ser respons\u00e1vel legalmente pelo estabelecimento.<\/p>\n<p>Al\u00e9m disso, o delegado da Pol\u00edcia Federal perderia o poder de decidir se a pessoa poder\u00e1 ou n\u00e3o obter a posse. E o prazo do registro da arma foi aumentado de 3 para 10 anos.<\/p>\n<p>A posse autoriza os cidad\u00e3os a manter uma <strong>arma<\/strong> <strong>de fogo<\/strong> em casa, mas n\u00e3o a sair com ela pelas ruas. Para poder andar com a arma na rua, \u00e9 preciso ter direito ao porte, um conceito jur\u00eddico diferente.<\/p>\n<p>O porte de <strong>armas<\/strong> n\u00e3o foi tratado no <strong>decreto<\/strong>. Isso porque exige regras mais rigorosas e por isso n\u00e3o foi analisado no texto.\u00a0Atualmente o porte de armas s\u00f3 \u00e9 permitido para membros das <strong>For\u00e7as Armadas<\/strong>, pol\u00edcias, guardas, agentes penitenci\u00e1rios e empresas de seguran\u00e7a privada. Al\u00e9m disso, podem possuir armas aqueles que comprovem a necessidade de portar <strong>arma<\/strong> por atividade profissional de risco.<\/p>\n<h2>Posse como carta de motorista<\/h2>\n<p>Nas \u00faltimas semanas, o <strong>ministro<\/strong> <strong>do Gabinete<\/strong> <strong>de<\/strong> <strong>Seguran\u00e7a<\/strong> <strong>Institucional<\/strong> (GSI), <strong>Augusto<\/strong> <strong>Heleno<\/strong>, afirmou que a mudan\u00e7a na posse de armas chegaria a ser equivalente a posse de um carro.<\/p>\n<p>Segundo o <strong>ministro<\/strong>, permitir que um cidad\u00e3o possa dirigir nas ruas brasileiras \u00e9 compar\u00e1vel, em quest\u00e3o de responsabilidade, a autorizar algu\u00e9m a manter uma <strong>arma<\/strong> em casa. Isso, segundo o general Heleno, em raz\u00e3o do perigo potencial que um ve\u00edculo pode representar nas m\u00e3os de um cidad\u00e3o sem habilita\u00e7\u00e3o.<\/p>\n<h2>Forja Taurus j\u00e1 se adaptou as mudan\u00e7as<\/h2>\n<p>Na na \u00faltima segunda feira (14), a <strong>Taurus<\/strong> alterou sua raz\u00e3o social para Taurus Armas S.A..<\/p>\n<p>De acordo com o comunicado da empresa, a princ\u00edpio a modifica\u00e7\u00e3o tinha como objetivo retirar o \u201cForjas\u201d do nome. Uma mudan\u00e7a por conta de ser uma atividade que n\u00e3o \u00e9 mais exercida pela empresa.<\/p>\n<p>Entretanto, quando o novo registro foi enviado \u00e0 Junta Comercial do Rio Grande do Sul, foi pedido que a raz\u00e3o social tivesse um acr\u00e9scimo. Desta forma, o que seria <strong>Taurus<\/strong> S.A. se tornou Taurus Armas S.A.. Conforme disse o diretor-presidente da empresa, Salesio Nuhs, a mudan\u00e7a de nome faz parte da reestrutura\u00e7\u00e3o da empresa que pretende ter uma nova identidade.<\/p>\n<p>\u201cFaz parte do processo de reestrutura\u00e7\u00e3o que a empresa est\u00e1 vivendo, baseado no trip\u00e9 estrat\u00e9gico rentabilidade sustent\u00e1vel, qualidade dos produtos e melhora dos indicadores financeiros e operacionais\u201d, afirmou Nuhs.<\/p>\n<p>As a\u00e7\u00f5es da fabricante de <strong>armas<\/strong> ficaram entre as maiores altas da Bolsa em 2018. Al\u00e9m disso, desde o come\u00e7o deste ano, os pap\u00e9is da empresa apontaram alta com a expectativa da assinatura do decreto por Jair Bolsonaro.<\/p>\n<p>&nbsp;<\/p>\n","protected":false},"excerpt":{"rendered":"<p>residente Jair Bolsonaro assinou nesta ter\u00e7a-feira (15) o decreto que facilita a posse de armas no Brasil. Jair Bolsonaro afirma que seu filho \u00e9 adequado para cargo de embaixador O decreto assinado hoje pelo presidente Jair Bolsonaro flexibiliza os crit\u00e9rios para manter uma arma em casa. Por exemplo, reduz a discricionalidade das autoridades p\u00fablica em [&hellip;]<\/p>\n","protected":false},"author":9,"featured_media":8708,"comment_status":"closed","ping_status":"closed","sticky":false,"template":"","format":"standard","meta":[],"categories":[61],"tags":[981,719,2213],"suno_strategy":[],"class_list":["post-11702","post","type-post","status-publish","format-standard","has-post-thumbnail","hentry","category-politica","tag-armas","tag-jair-bolsonaro","tag-taurus-armas-tasa3-tasa4"],"yoast_head":"<!-- This site is optimized with the Yoast SEO plugin v24.4 - https:\/\/yoast.com\/wordpress\/plugins\/seo\/ -->\n<title>Presidente Bolsonaro assina decreto sobre posse de armas<\/title>\n<meta name=\"robots\" content=\"index, follow, max-snippet:-1, max-image-preview:large, max-video-preview:-1\" \/>\n<link rel=\"canonical\" href=\"https:\/\/www.suno.com.br\/noticias\/presidente-bolsonaro-assina-decreto-posse-armas\/\" \/>\n<meta property=\"og:locale\" content=\"pt_BR\" \/>\n<meta property=\"og:type\" content=\"article\" \/>\n<meta property=\"og:title\" content=\"Presidente Bolsonaro assina decreto sobre posse de armas\" \/>\n<meta property=\"og:description\" content=\"residente Jair Bolsonaro assinou nesta ter\u00e7a-feira (15) o decreto que facilita a posse de armas no Brasil. Jair Bolsonaro afirma que seu filho \u00e9 adequado para cargo de embaixador O decreto assinado hoje pelo presidente Jair Bolsonaro flexibiliza os crit\u00e9rios para manter uma arma em casa. Por exemplo, reduz a discricionalidade das autoridades p\u00fablica em [&hellip;]\" \/>\n<meta property=\"og:url\" content=\"https:\/\/www.suno.com.br\/noticias\/presidente-bolsonaro-assina-decreto-posse-armas\/\" \/>\n<meta property=\"og:site_name\" content=\"Suno Not\u00edcias\" \/>\n<meta property=\"article:publisher\" content=\"https:\/\/facebook.com\/sunoresearch\" \/>\n<meta property=\"og:image\" content=\"https:\/\/files.sunoresearch.com.br\/n\/uploads\/2018\/12\/65a5c02e-bolsonaro.jpg\" \/>\n\t<meta property=\"og:image:width\" content=\"980\" \/>\n\t<meta property=\"og:image:height\" content=\"549\" \/>\n\t<meta property=\"og:image:type\" content=\"image\/jpeg\" \/>\n<meta name=\"author\" content=\"Carlo Cauti\" \/>\n<meta name=\"twitter:card\" content=\"summary_large_image\" \/>\n<meta name=\"twitter:creator\" content=\"@sunoresearch\" \/>\n<meta name=\"twitter:site\" content=\"@sunoresearch\" \/>\n<meta name=\"twitter:label1\" content=\"Escrito por\" \/>\n\t<meta name=\"twitter:data1\" content=\"Carlo Cauti\" \/>\n\t<meta name=\"twitter:label2\" content=\"Est. tempo de leitura\" \/>\n\t<meta name=\"twitter:data2\" content=\"4 minutos\" \/>\n<script type=\"application\/ld+json\" class=\"yoast-schema-graph\">{\"@context\":\"https:\/\/schema.org\",\"@graph\":[{\"@type\":\"NewsArticle\",\"@id\":\"https:\/\/www.suno.com.br\/noticias\/presidente-bolsonaro-assina-decreto-posse-armas\/#article\",\"isPartOf\":{\"@id\":\"https:\/\/www.suno.com.br\/noticias\/presidente-bolsonaro-assina-decreto-posse-armas\/\"},\"author\":{\"name\":\"Carlo Cauti\",\"@id\":\"https:\/\/www.suno.com.br\/noticias\/#\/schema\/person\/e6e0f723cc177805027f4566c1d5e0c8\"},\"headline\":\"Presidente Bolsonaro assina decreto sobre posse de armas\",\"datePublished\":\"2019-01-15T14:24:55+00:00\",\"dateModified\":\"2021-02-17T23:10:51+00:00\",\"mainEntityOfPage\":{\"@id\":\"https:\/\/www.suno.com.br\/noticias\/presidente-bolsonaro-assina-decreto-posse-armas\/\"},\"wordCount\":867,\"publisher\":{\"@id\":\"https:\/\/www.suno.com.br\/noticias\/#organization\"},\"image\":{\"@id\":\"https:\/\/www.suno.com.br\/noticias\/presidente-bolsonaro-assina-decreto-posse-armas\/#primaryimage\"},\"thumbnailUrl\":\"https:\/\/files.sunoresearch.com.br\/n\/uploads\/2018\/12\/65a5c02e-bolsonaro-jpg.webp\",\"keywords\":[\"Armas\",\"Jair Bolsonaro\",\"Taurus Armas (TASA3\/TASA4)\"],\"articleSection\":[\"Pol\u00edtica\"],\"inLanguage\":\"pt-BR\"},{\"@type\":\"WebPage\",\"@id\":\"https:\/\/www.suno.com.br\/noticias\/presidente-bolsonaro-assina-decreto-posse-armas\/\",\"url\":\"https:\/\/www.suno.com.br\/noticias\/presidente-bolsonaro-assina-decreto-posse-armas\/\",\"name\":\"Presidente Bolsonaro assina decreto sobre posse de armas\",\"isPartOf\":{\"@id\":\"https:\/\/www.suno.com.br\/noticias\/#website\"},\"primaryImageOfPage\":{\"@id\":\"https:\/\/www.suno.com.br\/noticias\/presidente-bolsonaro-assina-decreto-posse-armas\/#primaryimage\"},\"image\":{\"@id\":\"https:\/\/www.suno.com.br\/noticias\/presidente-bolsonaro-assina-decreto-posse-armas\/#primaryimage\"},\"thumbnailUrl\":\"https:\/\/files.sunoresearch.com.br\/n\/uploads\/2018\/12\/65a5c02e-bolsonaro-jpg.webp\",\"datePublished\":\"2019-01-15T14:24:55+00:00\",\"dateModified\":\"2021-02-17T23:10:51+00:00\",\"breadcrumb\":{\"@id\":\"https:\/\/www.suno.com.br\/noticias\/presidente-bolsonaro-assina-decreto-posse-armas\/#breadcrumb\"},\"inLanguage\":\"pt-BR\",\"potentialAction\":[{\"@type\":\"ReadAction\",\"target\":[\"https:\/\/www.suno.com.br\/noticias\/presidente-bolsonaro-assina-decreto-posse-armas\/\"]}]},{\"@type\":\"ImageObject\",\"inLanguage\":\"pt-BR\",\"@id\":\"https:\/\/www.suno.com.br\/noticias\/presidente-bolsonaro-assina-decreto-posse-armas\/#primaryimage\",\"url\":\"https:\/\/files.sunoresearch.com.br\/n\/uploads\/2018\/12\/65a5c02e-bolsonaro-jpg.webp\",\"contentUrl\":\"https:\/\/files.sunoresearch.com.br\/n\/uploads\/2018\/12\/65a5c02e-bolsonaro-jpg.webp\",\"width\":980,\"height\":549,\"caption\":\"Jair Bolsonaro afirma que seu filho \u00e9 adequado para cargo de embaixador\"},{\"@type\":\"BreadcrumbList\",\"@id\":\"https:\/\/www.suno.com.br\/noticias\/presidente-bolsonaro-assina-decreto-posse-armas\/#breadcrumb\",\"itemListElement\":[{\"@type\":\"ListItem\",\"position\":1,\"name\":\"Not\u00edcias\",\"item\":\"https:\/\/www.suno.com.br\/noticias\/\"},{\"@type\":\"ListItem\",\"position\":2,\"name\":\"Pol\u00edtica\",\"item\":\"https:\/\/www.suno.com.br\/noticias\/politica\/\"},{\"@type\":\"ListItem\",\"position\":3,\"name\":\"Presidente Bolsonaro assina decreto sobre posse de armas\"}]},{\"@type\":\"WebSite\",\"@id\":\"https:\/\/www.suno.com.br\/noticias\/#website\",\"url\":\"https:\/\/www.suno.com.br\/noticias\/\",\"name\":\"Suno Not\u00edcias\",\"description\":\"Seu portal de informa\u00e7\u00e3o sobre o mundo dos investimentos\",\"publisher\":{\"@id\":\"https:\/\/www.suno.com.br\/noticias\/#organization\"},\"potentialAction\":[{\"@type\":\"SearchAction\",\"target\":{\"@type\":\"EntryPoint\",\"urlTemplate\":\"https:\/\/www.suno.com.br\/noticias\/?s={search_term_string}\"},\"query-input\":{\"@type\":\"PropertyValueSpecification\",\"valueRequired\":true,\"valueName\":\"search_term_string\"}}],\"inLanguage\":\"pt-BR\"},{\"@type\":\"Organization\",\"@id\":\"https:\/\/www.suno.com.br\/noticias\/#organization\",\"name\":\"Suno Not\u00edcias\",\"url\":\"https:\/\/www.suno.com.br\/noticias\/\",\"logo\":{\"@type\":\"ImageObject\",\"inLanguage\":\"pt-BR\",\"@id\":\"https:\/\/www.suno.com.br\/noticias\/#\/schema\/logo\/image\/\",\"url\":\"https:\/\/files.sunoresearch.com.br\/n\/uploads\/2021\/09\/suno-logo.png\",\"contentUrl\":\"https:\/\/files.sunoresearch.com.br\/n\/uploads\/2021\/09\/suno-logo.png\",\"width\":180,\"height\":180,\"caption\":\"Suno Not\u00edcias\"},\"image\":{\"@id\":\"https:\/\/www.suno.com.br\/noticias\/#\/schema\/logo\/image\/\"},\"sameAs\":[\"https:\/\/facebook.com\/sunoresearch\",\"https:\/\/x.com\/sunoresearch\",\"https:\/\/www.instagram.com\/suno\",\"https:\/\/www.linkedin.com\/company\/suno-research\/\",\"https:\/\/www.youtube.com\/c\/sunoresearch\"]},{\"@type\":\"Person\",\"@id\":\"https:\/\/www.suno.com.br\/noticias\/#\/schema\/person\/e6e0f723cc177805027f4566c1d5e0c8\",\"name\":\"Carlo Cauti\",\"image\":{\"@type\":\"ImageObject\",\"inLanguage\":\"pt-BR\",\"@id\":\"https:\/\/www.suno.com.br\/noticias\/#\/schema\/person\/image\/\",\"url\":\"https:\/\/secure.gravatar.com\/avatar\/3ada9e0bd164c23abd4792a9606d583c?s=96&r=g\",\"contentUrl\":\"https:\/\/secure.gravatar.com\/avatar\/3ada9e0bd164c23abd4792a9606d583c?s=96&r=g\",\"caption\":\"Carlo Cauti\"},\"description\":\"Editor multim\u00eddia do SUNO Not\u00edcias. Italiano, formado em Ci\u00eancias Pol\u00edticas pela universidade LUISS G. Carli de Roma e mestre cum laude em Rela\u00e7\u00f5es Internacionais, Jornalismo Internacional e de Guerra e em Economia Internacional. Concluiu tamb\u00e9m um MBA em Finan\u00e7as na B3. No Brasil, teve passagem por ve\u00edculos como Estad\u00e3o, Globo, Veja e EXAME. e nas ag\u00eancias de not\u00edcias italianas ANSA e NOVA.\",\"url\":\"https:\/\/www.suno.com.br\/noticias\/author\/carlo-cauti\/\"}]}<\/script>\n<!-- \/ Yoast SEO plugin. -->","yoast_head_json":{"title":"Presidente Bolsonaro assina decreto sobre posse de armas","robots":{"index":"index","follow":"follow","max-snippet":"max-snippet:-1","max-image-preview":"max-image-preview:large","max-video-preview":"max-video-preview:-1"},"canonical":"https:\/\/www.suno.com.br\/noticias\/presidente-bolsonaro-assina-decreto-posse-armas\/","og_locale":"pt_BR","og_type":"article","og_title":"Presidente Bolsonaro assina decreto sobre posse de armas","og_description":"residente Jair Bolsonaro assinou nesta ter\u00e7a-feira (15) o decreto que facilita a posse de armas no Brasil. Jair Bolsonaro afirma que seu filho \u00e9 adequado para cargo de embaixador O decreto assinado hoje pelo presidente Jair Bolsonaro flexibiliza os crit\u00e9rios para manter uma arma em casa. Por exemplo, reduz a discricionalidade das autoridades p\u00fablica em [&hellip;]","og_url":"https:\/\/www.suno.com.br\/noticias\/presidente-bolsonaro-assina-decreto-posse-armas\/","og_site_name":"Suno Not\u00edcias","article_publisher":"https:\/\/facebook.com\/sunoresearch","og_image":[{"width":980,"height":549,"url":"https:\/\/files.sunoresearch.com.br\/n\/uploads\/2018\/12\/65a5c02e-bolsonaro.jpg","type":"image\/jpeg"}],"author":"Carlo Cauti","twitter_card":"summary_large_image","twitter_creator":"@sunoresearch","twitter_site":"@sunoresearch","twitter_misc":{"Escrito por":"Carlo Cauti","Est. tempo de leitura":"4 minutos"},"schema":{"@context":"https:\/\/schema.org","@graph":[{"@type":"NewsArticle","@id":"https:\/\/www.suno.com.br\/noticias\/presidente-bolsonaro-assina-decreto-posse-armas\/#article","isPartOf":{"@id":"https:\/\/www.suno.com.br\/noticias\/presidente-bolsonaro-assina-decreto-posse-armas\/"},"author":{"name":"Carlo Cauti","@id":"https:\/\/www.suno.com.br\/noticias\/#\/schema\/person\/e6e0f723cc177805027f4566c1d5e0c8"},"headline":"Presidente Bolsonaro assina decreto sobre posse de armas","datePublished":"2019-01-15T14:24:55+00:00","dateModified":"2021-02-17T23:10:51+00:00","mainEntityOfPage":{"@id":"https:\/\/www.suno.com.br\/noticias\/presidente-bolsonaro-assina-decreto-posse-armas\/"},"wordCount":867,"publisher":{"@id":"https:\/\/www.suno.com.br\/noticias\/#organization"},"image":{"@id":"https:\/\/www.suno.com.br\/noticias\/presidente-bolsonaro-assina-decreto-posse-armas\/#primaryimage"},"thumbnailUrl":"https:\/\/files.sunoresearch.com.br\/n\/uploads\/2018\/12\/65a5c02e-bolsonaro-jpg.webp","keywords":["Armas","Jair Bolsonaro","Taurus Armas (TASA3\/TASA4)"],"articleSection":["Pol\u00edtica"],"inLanguage":"pt-BR"},{"@type":"WebPage","@id":"https:\/\/www.suno.com.br\/noticias\/presidente-bolsonaro-assina-decreto-posse-armas\/","url":"https:\/\/www.suno.com.br\/noticias\/presidente-bolsonaro-assina-decreto-posse-armas\/","name":"Presidente Bolsonaro assina decreto sobre posse de armas","isPartOf":{"@id":"https:\/\/www.suno.com.br\/noticias\/#website"},"primaryImageOfPage":{"@id":"https:\/\/www.suno.com.br\/noticias\/presidente-bolsonaro-assina-decreto-posse-armas\/#primaryimage"},"image":{"@id":"https:\/\/www.suno.com.br\/noticias\/presidente-bolsonaro-assina-decreto-posse-armas\/#primaryimage"},"thumbnailUrl":"https:\/\/files.sunoresearch.com.br\/n\/uploads\/2018\/12\/65a5c02e-bolsonaro-jpg.webp","datePublished":"2019-01-15T14:24:55+00:00","dateModified":"2021-02-17T23:10:51+00:00","breadcrumb":{"@id":"https:\/\/www.suno.com.br\/noticias\/presidente-bolsonaro-assina-decreto-posse-armas\/#breadcrumb"},"inLanguage":"pt-BR","potentialAction":[{"@type":"ReadAction","target":["https:\/\/www.suno.com.br\/noticias\/presidente-bolsonaro-assina-decreto-posse-armas\/"]}]},{"@type":"ImageObject","inLanguage":"pt-BR","@id":"https:\/\/www.suno.com.br\/noticias\/presidente-bolsonaro-assina-decreto-posse-armas\/#primaryimage","url":"https:\/\/files.sunoresearch.com.br\/n\/uploads\/2018\/12\/65a5c02e-bolsonaro-jpg.webp","contentUrl":"https:\/\/files.sunoresearch.com.br\/n\/uploads\/2018\/12\/65a5c02e-bolsonaro-jpg.webp","width":980,"height":549,"caption":"Jair Bolsonaro afirma que seu filho \u00e9 adequado para cargo de embaixador"},{"@type":"BreadcrumbList","@id":"https:\/\/www.suno.com.br\/noticias\/presidente-bolsonaro-assina-decreto-posse-armas\/#breadcrumb","itemListElement":[{"@type":"ListItem","position":1,"name":"Not\u00edcias","item":"https:\/\/www.suno.com.br\/noticias\/"},{"@type":"ListItem","position":2,"name":"Pol\u00edtica","item":"https:\/\/www.suno.com.br\/noticias\/politica\/"},{"@type":"ListItem","position":3,"name":"Presidente Bolsonaro assina decreto sobre posse de armas"}]},{"@type":"WebSite","@id":"https:\/\/www.suno.com.br\/noticias\/#website","url":"https:\/\/www.suno.com.br\/noticias\/","name":"Suno Not\u00edcias","description":"Seu portal de informa\u00e7\u00e3o sobre o mundo dos investimentos","publisher":{"@id":"https:\/\/www.suno.com.br\/noticias\/#organization"},"potentialAction":[{"@type":"SearchAction","target":{"@type":"EntryPoint","urlTemplate":"https:\/\/www.suno.com.br\/noticias\/?s={search_term_string}"},"query-input":{"@type":"PropertyValueSpecification","valueRequired":true,"valueName":"search_term_string"}}],"inLanguage":"pt-BR"},{"@type":"Organization","@id":"https:\/\/www.suno.com.br\/noticias\/#organization","name":"Suno Not\u00edcias","url":"https:\/\/www.suno.com.br\/noticias\/","logo":{"@type":"ImageObject","inLanguage":"pt-BR","@id":"https:\/\/www.suno.com.br\/noticias\/#\/schema\/logo\/image\/","url":"https:\/\/files.sunoresearch.com.br\/n\/uploads\/2021\/09\/suno-logo.png","contentUrl":"https:\/\/files.sunoresearch.com.br\/n\/uploads\/2021\/09\/suno-logo.png","width":180,"height":180,"caption":"Suno Not\u00edcias"},"image":{"@id":"https:\/\/www.suno.com.br\/noticias\/#\/schema\/logo\/image\/"},"sameAs":["https:\/\/facebook.com\/sunoresearch","https:\/\/x.com\/sunoresearch","https:\/\/www.instagram.com\/suno","https:\/\/www.linkedin.com\/company\/suno-research\/","https:\/\/www.youtube.com\/c\/sunoresearch"]},{"@type":"Person","@id":"https:\/\/www.suno.com.br\/noticias\/#\/schema\/person\/e6e0f723cc177805027f4566c1d5e0c8","name":"Carlo Cauti","image":{"@type":"ImageObject","inLanguage":"pt-BR","@id":"https:\/\/www.suno.com.br\/noticias\/#\/schema\/person\/image\/","url":"https:\/\/secure.gravatar.com\/avatar\/3ada9e0bd164c23abd4792a9606d583c?s=96&r=g","contentUrl":"https:\/\/secure.gravatar.com\/avatar\/3ada9e0bd164c23abd4792a9606d583c?s=96&r=g","caption":"Carlo Cauti"},"description":"Editor multim\u00eddia do SUNO Not\u00edcias. Italiano, formado em Ci\u00eancias Pol\u00edticas pela universidade LUISS G. Carli de Roma e mestre cum laude em Rela\u00e7\u00f5es Internacionais, Jornalismo Internacional e de Guerra e em Economia Internacional. Concluiu tamb\u00e9m um MBA em Finan\u00e7as na B3. No Brasil, teve passagem por ve\u00edculos como Estad\u00e3o, Globo, Veja e EXAME. e nas ag\u00eancias de not\u00edcias italianas ANSA e NOVA.","url":"https:\/\/www.suno.com.br\/noticias\/author\/carlo-cauti\/"}]}},"default_loop_html":"<div class=\"cardsPage__listCard__boxs\"><div class=\"cardsPage__listCard__boxs__img\"><a href=\"https:\/\/www.suno.com.br\/noticias\/presidente-bolsonaro-assina-decreto-posse-armas\/\"><img class=\"mask\" src=\"https:\/\/www.suno.com.br\/noticias\/wp-content\/themes\/suno\/resources\/images\/spotlight\/spotlight1img\/bg-mask.png\" alt=\"Image Mask\"\/><img src=\"https:\/\/files.sunoresearch.com.br\/n\/uploads\/2018\/12\/65a5c02e-bolsonaro-400x200.webp\" alt=\"Presidente Bolsonaro assina decreto sobre posse de armas\"\/><\/a><span class=\"spotlightCategory\"><a href=\"https:\/\/www.suno.com.br\/noticias\/politica\/\">Pol\u00edtica<\/a><\/span><\/div><div class=\"cardsPage__listCard__boxs__content\"><a href=\"https:\/\/www.suno.com.br\/noticias\/presidente-bolsonaro-assina-decreto-posse-armas\/\"><h2 class=\"content__title\">Presidente Bolsonaro assina decreto sobre posse de armas<\/h2><\/a><div class=\"newsContent__article__meta\"><div class=\"newsContent__article__meta__authorBox\"><a href=\"https:\/\/www.suno.com.br\/noticias\/author\/carlo-cauti\/\" class=\"authorBox__avatar noMobi\"><img src=\"https:\/\/files.sunoresearch.com.br\/n\/uploads\/2020\/08\/e3745f9a-perfil-carlo-cauti-150x150.webp\" alt=\"Carlo Cauti\"><\/a><div class=\"authorBox__name\"><span>por\n\t\t\t<a href=\"https:\/\/www.suno.com.br\/noticias\/author\/carlo-cauti\/\"><span itemprop=\"author\">Carlo Cauti<\/span><\/a><\/span><time datetime=\"2019-01-15T12:24:55-02:00\" itemprop=\"datePublished\">15\/01\/2019 12:24<\/time><\/div><\/div><\/div><\/div><\/div>","single_layout":"posts","amp_enabled":true,"_links":{"self":[{"href":"https:\/\/www.suno.com.br\/noticias\/wp-json\/wp\/v2\/posts\/11702"}],"collection":[{"href":"https:\/\/www.suno.com.br\/noticias\/wp-json\/wp\/v2\/posts"}],"about":[{"href":"https:\/\/www.suno.com.br\/noticias\/wp-json\/wp\/v2\/types\/post"}],"author":[{"embeddable":true,"href":"https:\/\/www.suno.com.br\/noticias\/wp-json\/wp\/v2\/users\/9"}],"replies":[{"embeddable":true,"href":"https:\/\/www.suno.com.br\/noticias\/wp-json\/wp\/v2\/comments?post=11702"}],"version-history":[{"count":0,"href":"https:\/\/www.suno.com.br\/noticias\/wp-json\/wp\/v2\/posts\/11702\/revisions"}],"wp:featuredmedia":[{"embeddable":true,"href":"https:\/\/www.suno.com.br\/noticias\/wp-json\/wp\/v2\/media\/8708"}],"wp:attachment":[{"href":"https:\/\/www.suno.com.br\/noticias\/wp-json\/wp\/v2\/media?parent=11702"}],"wp:term":[{"taxonomy":"category","embeddable":true,"href":"https:\/\/www.suno.com.br\/noticias\/wp-json\/wp\/v2\/categories?post=11702"},{"taxonomy":"post_tag","embeddable":true,"href":"https:\/\/www.suno.com.br\/noticias\/wp-json\/wp\/v2\/tags?post=11702"},{"taxonomy":"suno_strategy","embeddable":true,"href":"https:\/\/www.suno.com.br\/noticias\/wp-json\/wp\/v2\/suno_strategy?post=11702"}],"curies":[{"name":"wp","href":"https:\/\/api.w.org\/{rel}","templated":true}]}}