{"id":117003,"date":"2021-01-29T08:13:29","date_gmt":"2021-01-29T11:13:29","guid":{"rendered":"https:\/\/www.suno.com.br\/noticias\/?p=117003"},"modified":"2021-02-10T07:09:52","modified_gmt":"2021-02-10T10:09:52","slug":"biosev-bsev3-incorporacao-raizen-avanca","status":"publish","type":"post","link":"https:\/\/www.suno.com.br\/noticias\/biosev-bsev3-incorporacao-raizen-avanca\/","title":{"rendered":"Biosev (BSEV3) confirma que negocia\u00e7\u00f5es com a Raizen avan\u00e7am"},"content":{"rendered":"<p>A <a href=\"https:\/\/www.suno.com.br\/acoes\/bsev3\/\"><strong>Biosev (BSEV3)<\/strong><\/a> afirmou na noite desta quinta (29), em comunicado ao mercado, que as suas negocia\u00e7\u00f5es com a Ra\u00edzen,<a href=\"https:\/\/www.suno.com.br\/artigos\/joint-venture\/\"><em> joint venture<\/em><\/a> entre a <a href=\"https:\/\/www.suno.com.br\/acoes\/csan3\/\">Cosan (CSAN3)<\/a> e Shell, tem avan\u00e7ado, confirmando uma not\u00edcia do jornal Valor Econ\u00f4mico que deu detalhes sobre a opera\u00e7\u00e3o na manh\u00e3 de ontem.<\/p>\t<div class=\"wrapper-featured-image\">\n\t\t<figure class=\"spotlightImg\">\n\n\t\t\t<picture>\n\t\t\t\t<source media=\"(max-width: 768px)\" srcset=\"https:\/\/files.sunoresearch.com.br\/n\/uploads\/2021\/01\/894198b9-biosev-png.webp\">\n\t\t\t\t<img loading=\"lazy\" decoding=\"async\" class=\"newsContent__article__imgCapa lazyloadDisabled \" src=\"https:\/\/files.sunoresearch.com.br\/n\/uploads\/2021\/01\/894198b9-biosev-png.webp\" width=\"800\" height=\"450\" alt=\"Biosev (BSEV3) confirma que negocia\u00e7\u00f5es com a Raizen avan\u00e7am\" fetchpriority=high \/>\n\t\t\t<\/picture>\n\n\t\t\t<figcaption class=\"wp-caption-text wp-caption-text--show\">Biosev deve se tornar subsidi\u00e1ria da Ra\u00edzen<\/figcaption>\n\t\t<\/figure>\n\t<\/div>\n\n\n<p><span style=\"font-weight: 400;\">\t<p>\n\t\t<a href=\"https:\/\/lp.suno.com.br\/planilha-controle-gastos\/\" target=\"_blank\" data-element=\"shortcode-suno-banner\" title=\"Banner SUNO, clique e saiba mais\">\n\t\t\t<picture>\n\t\t\t\t<source media=\"(max-width: 500px)\" srcset=\"https:\/\/files.sunoresearch.com.br\/n\/uploads\/2023\/03\/400x300-Planilha-controle-de-gastos.png\">\n\t\t\t\t<img class=\"newsContent__article__imgCapa newsContent__article__imgCapa--banner\"\n\t\t\t\t\tsrc=\"https:\/\/files.sunoresearch.com.br\/n\/uploads\/2023\/03\/1420x240-Planilha-controle-de-gastos.png\"\n\t\t\t\t\tdata-promo-id=\"101751\"\t\t\t\t\t\t\t\t\t\twidth='1420' height='240'\t\t\t\t\talt=\"https:\/\/files.sunoresearch.com.br\/n\/uploads\/2023\/03\/1420x240-Planilha-controle-de-gastos.png\"\n\t\t\t\t>\n\t\t\t<\/picture>\n\t\t<\/a>\n\t<\/p>\n\n<\/span><\/p>\n<p>Segundo o comunicado, a Biosev deve se tornar <a href=\"https:\/\/www.suno.com.br\/artigos\/subsidiaria\/\">subsidi\u00e1ria<\/a> da <strong>Ra\u00edzen<\/strong> em uma movimenta\u00e7\u00e3o que criar\u00e1 uma gigante do setor da produ\u00e7\u00e3o sucroalcooleira, com as duas sendo as duas maiores do pa\u00eds .<\/p>\n<p>A <a href=\"https:\/\/www.suno.com.br\/artigos\/incorporacao-de-empresas\/\">incorpora\u00e7\u00e3o<\/a> deve criar um grupo com <a href=\"https:\/\/www.suno.com.br\/artigos\/capacidade-instalada\/\">capacidade instalada<\/a> de produzir 100 milh\u00f5es de toneladas de cana-de-a\u00e7\u00facar, cerca de 15% da moagem de cana do Centro-Sul. Na \u00faltima safra, a Ra\u00edzen faturou R$ 30 bilh\u00f5es e a Biosev R$ 7 bilh\u00f5es.<\/p>\n<p><a href=\"https:\/\/lp.suno.com.br\/suno-one\/\"><span style=\"font-weight: 400;\">Suno One: acesse gratuitamente eBooks, Minicursos, Artigos e Video Aulas sobre investimentos com um \u00fanico cadastro. Clique para saber mais!<\/span><\/a><\/p>\n<p>A Ra\u00edzen deve elevar sua parti\u00e7\u00e3o de mercado para 13% com a movimenta\u00e7\u00e3o. Apesar de n\u00e3o haver ainda uma concord\u00e2ncia total entre os pontos da negocia\u00e7\u00e3o, a Biosev j\u00e1 encaminhou ao <a href=\"https:\/\/www.suno.com.br\/artigos\/cade\/\">Conselho Administrativo de Defesa Econ\u00f4mica<\/a>, o Cade, um documento de potencial transa\u00e7\u00e3o.<\/p>\n<h2>Endividamento da Biosev \u00e9 obst\u00e1culo na negocia\u00e7\u00e3o<\/h2>\n<p>A Ra\u00edzen, a maior do mercado, busca adquirir sua principal concorrente h\u00e1 mais de um ano, apesar da not\u00edcia ter se tornado p\u00fablica apenas em setembro de 2020.<\/p>\n<p>A expectativa \u00e9 que a negocia\u00e7\u00e3o se d\u00ea a partir da troca de a\u00e7\u00f5es, mas haveria discord\u00e2ncia dentro da controlada da Cosan sobre a incorpora\u00e7\u00e3o das pesadas d\u00edvidas da Biosev junto com a empresa. H\u00e1 a possibilidade do pagamento em dinheiro, a depender do desconto que a incorporada conseguir com bancos credores.<\/p>\n<p><span style=\"font-weight: 400;\">\t<p>\n\t\t<a href=\"https:\/\/lp.suno.com.br\/ebook-como-analisar-uma-acao\/\" target=\"_blank\" data-element=\"shortcode-suno-banner\" title=\"Banner SUNO, clique e saiba mais\">\n\t\t\t<picture>\n\t\t\t\t<source media=\"(max-width: 500px)\" srcset=\"https:\/\/files.sunoresearch.com.br\/n\/uploads\/2023\/03\/Ebook-Acoes-Mobile.jpg\">\n\t\t\t\t<img class=\"newsContent__article__imgCapa newsContent__article__imgCapa--banner\"\n\t\t\t\t\tsrc=\"https:\/\/files.sunoresearch.com.br\/n\/uploads\/2023\/03\/Ebook-Acoes-Desktop.jpg\"\n\t\t\t\t\tdata-promo-id=\"378302\"\t\t\t\t\t\t\t\t\t\twidth='1420' height='286'\t\t\t\t\talt=\"https:\/\/files.sunoresearch.com.br\/n\/uploads\/2023\/03\/Ebook-Acoes-Desktop.jpg\"\n\t\t\t\t>\n\t\t\t<\/picture>\n\t\t<\/a>\n\t<\/p>\n\n<\/span><\/p>\n<p>No comunicado ao mercado, a Biosev afirma a exist\u00eancia do problema do seu endividamento, com seus t\u00edtulos a serem renegociados, e tamb\u00e9m que o Terminar Exportador de A\u00e7\u00facar do Guaruj\u00e1. O documento afirma tamb\u00e9m que o mais prov\u00e1vel \u00e9 que a a companhia se torne uma subsidi\u00e1ria da Ra\u00edzen.<\/p>\n<p>A <strong>Biosev<\/strong> finaliza afirmando que a not\u00edcia de ontem n\u00e3o criou oscila\u00e7\u00f5es at\u00edpicas em seu papel e que ir\u00e1 esclarecer qualquer ponto que se tornar necess\u00e1rio sobre o compromisso de manter o mercado informado.<\/p>\n<p><span style=\"font-weight: 400;\">\t<p>\n\t\t<a href=\"https:\/\/lp.suno.com.br\/planilha-de-controle-de-investimentos\/\" target=\"_blank\" data-element=\"shortcode-suno-banner\" title=\"Banner SUNO, clique e saiba mais\">\n\t\t\t<picture>\n\t\t\t\t<source media=\"(max-width: 500px)\" srcset=\"https:\/\/files.sunoresearch.com.br\/n\/uploads\/2023\/03\/400x300-Controle-de-Investimentos.png\">\n\t\t\t\t<img class=\"newsContent__article__imgCapa newsContent__article__imgCapa--banner\"\n\t\t\t\t\tsrc=\"https:\/\/files.sunoresearch.com.br\/n\/uploads\/2023\/03\/1420x240-Controle-de-Investimentos.png\"\n\t\t\t\t\tdata-promo-id=\"75934\"\t\t\t\t\t\t\t\t\t\twidth='1420' height='240'\t\t\t\t\talt=\"https:\/\/files.sunoresearch.com.br\/n\/uploads\/2023\/03\/1420x240-Controle-de-Investimentos.png\"\n\t\t\t\t>\n\t\t\t<\/picture>\n\t\t<\/a>\n\t<\/p>\n\n<\/span><\/p>\n","protected":false},"excerpt":{"rendered":"<p>A Biosev (BSEV3) afirmou na noite desta quinta (29), em comunicado ao mercado, que as suas negocia\u00e7\u00f5es com a Ra\u00edzen, joint venture entre a Cosan (CSAN3) e Shell, tem avan\u00e7ado, confirmando uma not\u00edcia do jornal Valor Econ\u00f4mico que deu detalhes sobre a opera\u00e7\u00e3o na manh\u00e3 de ontem. Biosev deve se tornar subsidi\u00e1ria da Ra\u00edzen Segundo [&hellip;]<\/p>\n","protected":false},"author":59,"featured_media":117017,"comment_status":"closed","ping_status":"closed","sticky":false,"template":"","format":"standard","meta":[],"categories":[64],"tags":[381,1837,106933],"suno_strategy":[],"class_list":["post-117003","post","type-post","status-publish","format-standard","has-post-thumbnail","hentry","category-negocios","tag-biosev-bsev3","tag-etanol","tag-raizen-raiz4"],"yoast_head":"<!-- This site is optimized with the Yoast SEO plugin v24.4 - https:\/\/yoast.com\/wordpress\/plugins\/seo\/ -->\n<title>Biosev (BSEV3) confirma que negocia\u00e7\u00f5es com a Raizen avan\u00e7am<\/title>\n<meta name=\"description\" content=\"A Biosev afirma que negocia\u00e7\u00f5es com a Ra\u00edzen, joint venture entre a Cosan (CSAN3) e Shell, tem avan\u00e7ado. Clique aqui para saber mais.\" \/>\n<meta name=\"robots\" content=\"index, follow, max-snippet:-1, max-image-preview:large, max-video-preview:-1\" \/>\n<link rel=\"canonical\" href=\"https:\/\/www.suno.com.br\/noticias\/biosev-bsev3-incorporacao-raizen-avanca\/\" \/>\n<meta property=\"og:locale\" content=\"pt_BR\" \/>\n<meta property=\"og:type\" content=\"article\" \/>\n<meta property=\"og:title\" content=\"Biosev (BSEV3) confirma que negocia\u00e7\u00f5es com a Raizen avan\u00e7am\" \/>\n<meta property=\"og:description\" content=\"A Biosev afirma que negocia\u00e7\u00f5es com a Ra\u00edzen, joint venture entre a Cosan (CSAN3) e Shell, tem avan\u00e7ado. Clique aqui para saber mais.\" \/>\n<meta property=\"og:url\" content=\"https:\/\/www.suno.com.br\/noticias\/biosev-bsev3-incorporacao-raizen-avanca\/\" \/>\n<meta property=\"og:site_name\" content=\"Suno Not\u00edcias\" \/>\n<meta property=\"article:publisher\" content=\"https:\/\/facebook.com\/sunoresearch\" \/>\n<meta property=\"og:image\" content=\"https:\/\/files.sunoresearch.com.br\/n\/uploads\/2021\/01\/894198b9-biosev.png\" \/>\n\t<meta property=\"og:image:width\" content=\"356\" \/>\n\t<meta property=\"og:image:height\" content=\"275\" \/>\n\t<meta property=\"og:image:type\" content=\"image\/png\" \/>\n<meta name=\"author\" content=\"Vitor Azevedo\" \/>\n<meta name=\"twitter:card\" content=\"summary_large_image\" \/>\n<meta name=\"twitter:creator\" content=\"@sunoresearch\" \/>\n<meta name=\"twitter:site\" content=\"@sunoresearch\" \/>\n<meta name=\"twitter:label1\" content=\"Escrito por\" \/>\n\t<meta name=\"twitter:data1\" content=\"Vitor Azevedo\" \/>\n\t<meta name=\"twitter:label2\" content=\"Est. tempo de leitura\" \/>\n\t<meta name=\"twitter:data2\" content=\"2 minutos\" \/>\n<script type=\"application\/ld+json\" class=\"yoast-schema-graph\">{\"@context\":\"https:\/\/schema.org\",\"@graph\":[{\"@type\":\"NewsArticle\",\"@id\":\"https:\/\/www.suno.com.br\/noticias\/biosev-bsev3-incorporacao-raizen-avanca\/#article\",\"isPartOf\":{\"@id\":\"https:\/\/www.suno.com.br\/noticias\/biosev-bsev3-incorporacao-raizen-avanca\/\"},\"author\":{\"name\":\"Vitor Azevedo\",\"@id\":\"https:\/\/www.suno.com.br\/noticias\/#\/schema\/person\/658d5fbc74d81f265f5df3562d0038ab\"},\"headline\":\"Biosev (BSEV3) confirma que negocia\u00e7\u00f5es com a Raizen avan\u00e7am\",\"datePublished\":\"2021-01-29T11:13:29+00:00\",\"dateModified\":\"2021-02-10T10:09:52+00:00\",\"mainEntityOfPage\":{\"@id\":\"https:\/\/www.suno.com.br\/noticias\/biosev-bsev3-incorporacao-raizen-avanca\/\"},\"wordCount\":423,\"publisher\":{\"@id\":\"https:\/\/www.suno.com.br\/noticias\/#organization\"},\"image\":{\"@id\":\"https:\/\/www.suno.com.br\/noticias\/biosev-bsev3-incorporacao-raizen-avanca\/#primaryimage\"},\"thumbnailUrl\":\"https:\/\/files.sunoresearch.com.br\/n\/uploads\/2021\/01\/894198b9-biosev-png.webp\",\"keywords\":[\"Biosev (BSEV3)\",\"etanol\",\"Ra\u00edzen (RAIZ4)\"],\"articleSection\":[\"Neg\u00f3cios\"],\"inLanguage\":\"pt-BR\"},{\"@type\":\"WebPage\",\"@id\":\"https:\/\/www.suno.com.br\/noticias\/biosev-bsev3-incorporacao-raizen-avanca\/\",\"url\":\"https:\/\/www.suno.com.br\/noticias\/biosev-bsev3-incorporacao-raizen-avanca\/\",\"name\":\"Biosev (BSEV3) confirma que negocia\u00e7\u00f5es com a Raizen avan\u00e7am\",\"isPartOf\":{\"@id\":\"https:\/\/www.suno.com.br\/noticias\/#website\"},\"primaryImageOfPage\":{\"@id\":\"https:\/\/www.suno.com.br\/noticias\/biosev-bsev3-incorporacao-raizen-avanca\/#primaryimage\"},\"image\":{\"@id\":\"https:\/\/www.suno.com.br\/noticias\/biosev-bsev3-incorporacao-raizen-avanca\/#primaryimage\"},\"thumbnailUrl\":\"https:\/\/files.sunoresearch.com.br\/n\/uploads\/2021\/01\/894198b9-biosev-png.webp\",\"datePublished\":\"2021-01-29T11:13:29+00:00\",\"dateModified\":\"2021-02-10T10:09:52+00:00\",\"description\":\"A Biosev afirma que negocia\u00e7\u00f5es com a Ra\u00edzen, joint venture entre a Cosan (CSAN3) e Shell, tem avan\u00e7ado. Clique aqui para saber mais.\",\"breadcrumb\":{\"@id\":\"https:\/\/www.suno.com.br\/noticias\/biosev-bsev3-incorporacao-raizen-avanca\/#breadcrumb\"},\"inLanguage\":\"pt-BR\",\"potentialAction\":[{\"@type\":\"ReadAction\",\"target\":[\"https:\/\/www.suno.com.br\/noticias\/biosev-bsev3-incorporacao-raizen-avanca\/\"]}]},{\"@type\":\"ImageObject\",\"inLanguage\":\"pt-BR\",\"@id\":\"https:\/\/www.suno.com.br\/noticias\/biosev-bsev3-incorporacao-raizen-avanca\/#primaryimage\",\"url\":\"https:\/\/files.sunoresearch.com.br\/n\/uploads\/2021\/01\/894198b9-biosev-png.webp\",\"contentUrl\":\"https:\/\/files.sunoresearch.com.br\/n\/uploads\/2021\/01\/894198b9-biosev-png.webp\",\"width\":356,\"height\":275,\"caption\":\"Biosev deve se tornar subsidi\u00e1ria da Ra\u00edzen\"},{\"@type\":\"BreadcrumbList\",\"@id\":\"https:\/\/www.suno.com.br\/noticias\/biosev-bsev3-incorporacao-raizen-avanca\/#breadcrumb\",\"itemListElement\":[{\"@type\":\"ListItem\",\"position\":1,\"name\":\"Not\u00edcias\",\"item\":\"https:\/\/www.suno.com.br\/noticias\/\"},{\"@type\":\"ListItem\",\"position\":2,\"name\":\"Neg\u00f3cios\",\"item\":\"https:\/\/www.suno.com.br\/noticias\/negocios\/\"},{\"@type\":\"ListItem\",\"position\":3,\"name\":\"Biosev (BSEV3) confirma que negocia\u00e7\u00f5es com a Raizen avan\u00e7am\"}]},{\"@type\":\"WebSite\",\"@id\":\"https:\/\/www.suno.com.br\/noticias\/#website\",\"url\":\"https:\/\/www.suno.com.br\/noticias\/\",\"name\":\"Suno Not\u00edcias\",\"description\":\"Seu portal de informa\u00e7\u00e3o sobre o mundo dos investimentos\",\"publisher\":{\"@id\":\"https:\/\/www.suno.com.br\/noticias\/#organization\"},\"potentialAction\":[{\"@type\":\"SearchAction\",\"target\":{\"@type\":\"EntryPoint\",\"urlTemplate\":\"https:\/\/www.suno.com.br\/noticias\/?s={search_term_string}\"},\"query-input\":{\"@type\":\"PropertyValueSpecification\",\"valueRequired\":true,\"valueName\":\"search_term_string\"}}],\"inLanguage\":\"pt-BR\"},{\"@type\":\"Organization\",\"@id\":\"https:\/\/www.suno.com.br\/noticias\/#organization\",\"name\":\"Suno Not\u00edcias\",\"url\":\"https:\/\/www.suno.com.br\/noticias\/\",\"logo\":{\"@type\":\"ImageObject\",\"inLanguage\":\"pt-BR\",\"@id\":\"https:\/\/www.suno.com.br\/noticias\/#\/schema\/logo\/image\/\",\"url\":\"https:\/\/files.sunoresearch.com.br\/n\/uploads\/2021\/09\/suno-logo.png\",\"contentUrl\":\"https:\/\/files.sunoresearch.com.br\/n\/uploads\/2021\/09\/suno-logo.png\",\"width\":180,\"height\":180,\"caption\":\"Suno Not\u00edcias\"},\"image\":{\"@id\":\"https:\/\/www.suno.com.br\/noticias\/#\/schema\/logo\/image\/\"},\"sameAs\":[\"https:\/\/facebook.com\/sunoresearch\",\"https:\/\/x.com\/sunoresearch\",\"https:\/\/www.instagram.com\/suno\",\"https:\/\/www.linkedin.com\/company\/suno-research\/\",\"https:\/\/www.youtube.com\/c\/sunoresearch\"]},{\"@type\":\"Person\",\"@id\":\"https:\/\/www.suno.com.br\/noticias\/#\/schema\/person\/658d5fbc74d81f265f5df3562d0038ab\",\"name\":\"Vitor Azevedo\",\"image\":{\"@type\":\"ImageObject\",\"inLanguage\":\"pt-BR\",\"@id\":\"https:\/\/www.suno.com.br\/noticias\/#\/schema\/person\/image\/\",\"url\":\"https:\/\/secure.gravatar.com\/avatar\/62b86195291b446fe380824eb28b99a5?s=96&r=g\",\"contentUrl\":\"https:\/\/secure.gravatar.com\/avatar\/62b86195291b446fe380824eb28b99a5?s=96&r=g\",\"caption\":\"Vitor Azevedo\"},\"description\":\"Formado em jornalismo pela Unesp, escreve sobre economia e neg\u00f3cios para a Suno Not\u00edcias.\",\"url\":\"https:\/\/www.suno.com.br\/noticias\/author\/vitor-azevedo\/\"}]}<\/script>\n<!-- \/ Yoast SEO plugin. -->","yoast_head_json":{"title":"Biosev (BSEV3) confirma que negocia\u00e7\u00f5es com a Raizen avan\u00e7am","description":"A Biosev afirma que negocia\u00e7\u00f5es com a Ra\u00edzen, joint venture entre a Cosan (CSAN3) e Shell, tem avan\u00e7ado. Clique aqui para saber mais.","robots":{"index":"index","follow":"follow","max-snippet":"max-snippet:-1","max-image-preview":"max-image-preview:large","max-video-preview":"max-video-preview:-1"},"canonical":"https:\/\/www.suno.com.br\/noticias\/biosev-bsev3-incorporacao-raizen-avanca\/","og_locale":"pt_BR","og_type":"article","og_title":"Biosev (BSEV3) confirma que negocia\u00e7\u00f5es com a Raizen avan\u00e7am","og_description":"A Biosev afirma que negocia\u00e7\u00f5es com a Ra\u00edzen, joint venture entre a Cosan (CSAN3) e Shell, tem avan\u00e7ado. Clique aqui para saber mais.","og_url":"https:\/\/www.suno.com.br\/noticias\/biosev-bsev3-incorporacao-raizen-avanca\/","og_site_name":"Suno Not\u00edcias","article_publisher":"https:\/\/facebook.com\/sunoresearch","og_image":[{"width":356,"height":275,"url":"https:\/\/files.sunoresearch.com.br\/n\/uploads\/2021\/01\/894198b9-biosev.png","type":"image\/png"}],"author":"Vitor Azevedo","twitter_card":"summary_large_image","twitter_creator":"@sunoresearch","twitter_site":"@sunoresearch","twitter_misc":{"Escrito por":"Vitor Azevedo","Est. tempo de leitura":"2 minutos"},"schema":{"@context":"https:\/\/schema.org","@graph":[{"@type":"NewsArticle","@id":"https:\/\/www.suno.com.br\/noticias\/biosev-bsev3-incorporacao-raizen-avanca\/#article","isPartOf":{"@id":"https:\/\/www.suno.com.br\/noticias\/biosev-bsev3-incorporacao-raizen-avanca\/"},"author":{"name":"Vitor Azevedo","@id":"https:\/\/www.suno.com.br\/noticias\/#\/schema\/person\/658d5fbc74d81f265f5df3562d0038ab"},"headline":"Biosev (BSEV3) confirma que negocia\u00e7\u00f5es com a Raizen avan\u00e7am","datePublished":"2021-01-29T11:13:29+00:00","dateModified":"2021-02-10T10:09:52+00:00","mainEntityOfPage":{"@id":"https:\/\/www.suno.com.br\/noticias\/biosev-bsev3-incorporacao-raizen-avanca\/"},"wordCount":423,"publisher":{"@id":"https:\/\/www.suno.com.br\/noticias\/#organization"},"image":{"@id":"https:\/\/www.suno.com.br\/noticias\/biosev-bsev3-incorporacao-raizen-avanca\/#primaryimage"},"thumbnailUrl":"https:\/\/files.sunoresearch.com.br\/n\/uploads\/2021\/01\/894198b9-biosev-png.webp","keywords":["Biosev (BSEV3)","etanol","Ra\u00edzen (RAIZ4)"],"articleSection":["Neg\u00f3cios"],"inLanguage":"pt-BR"},{"@type":"WebPage","@id":"https:\/\/www.suno.com.br\/noticias\/biosev-bsev3-incorporacao-raizen-avanca\/","url":"https:\/\/www.suno.com.br\/noticias\/biosev-bsev3-incorporacao-raizen-avanca\/","name":"Biosev (BSEV3) confirma que negocia\u00e7\u00f5es com a Raizen avan\u00e7am","isPartOf":{"@id":"https:\/\/www.suno.com.br\/noticias\/#website"},"primaryImageOfPage":{"@id":"https:\/\/www.suno.com.br\/noticias\/biosev-bsev3-incorporacao-raizen-avanca\/#primaryimage"},"image":{"@id":"https:\/\/www.suno.com.br\/noticias\/biosev-bsev3-incorporacao-raizen-avanca\/#primaryimage"},"thumbnailUrl":"https:\/\/files.sunoresearch.com.br\/n\/uploads\/2021\/01\/894198b9-biosev-png.webp","datePublished":"2021-01-29T11:13:29+00:00","dateModified":"2021-02-10T10:09:52+00:00","description":"A Biosev afirma que negocia\u00e7\u00f5es com a Ra\u00edzen, joint venture entre a Cosan (CSAN3) e Shell, tem avan\u00e7ado. Clique aqui para saber mais.","breadcrumb":{"@id":"https:\/\/www.suno.com.br\/noticias\/biosev-bsev3-incorporacao-raizen-avanca\/#breadcrumb"},"inLanguage":"pt-BR","potentialAction":[{"@type":"ReadAction","target":["https:\/\/www.suno.com.br\/noticias\/biosev-bsev3-incorporacao-raizen-avanca\/"]}]},{"@type":"ImageObject","inLanguage":"pt-BR","@id":"https:\/\/www.suno.com.br\/noticias\/biosev-bsev3-incorporacao-raizen-avanca\/#primaryimage","url":"https:\/\/files.sunoresearch.com.br\/n\/uploads\/2021\/01\/894198b9-biosev-png.webp","contentUrl":"https:\/\/files.sunoresearch.com.br\/n\/uploads\/2021\/01\/894198b9-biosev-png.webp","width":356,"height":275,"caption":"Biosev deve se tornar subsidi\u00e1ria da Ra\u00edzen"},{"@type":"BreadcrumbList","@id":"https:\/\/www.suno.com.br\/noticias\/biosev-bsev3-incorporacao-raizen-avanca\/#breadcrumb","itemListElement":[{"@type":"ListItem","position":1,"name":"Not\u00edcias","item":"https:\/\/www.suno.com.br\/noticias\/"},{"@type":"ListItem","position":2,"name":"Neg\u00f3cios","item":"https:\/\/www.suno.com.br\/noticias\/negocios\/"},{"@type":"ListItem","position":3,"name":"Biosev (BSEV3) confirma que negocia\u00e7\u00f5es com a Raizen avan\u00e7am"}]},{"@type":"WebSite","@id":"https:\/\/www.suno.com.br\/noticias\/#website","url":"https:\/\/www.suno.com.br\/noticias\/","name":"Suno Not\u00edcias","description":"Seu portal de informa\u00e7\u00e3o sobre o mundo dos investimentos","publisher":{"@id":"https:\/\/www.suno.com.br\/noticias\/#organization"},"potentialAction":[{"@type":"SearchAction","target":{"@type":"EntryPoint","urlTemplate":"https:\/\/www.suno.com.br\/noticias\/?s={search_term_string}"},"query-input":{"@type":"PropertyValueSpecification","valueRequired":true,"valueName":"search_term_string"}}],"inLanguage":"pt-BR"},{"@type":"Organization","@id":"https:\/\/www.suno.com.br\/noticias\/#organization","name":"Suno Not\u00edcias","url":"https:\/\/www.suno.com.br\/noticias\/","logo":{"@type":"ImageObject","inLanguage":"pt-BR","@id":"https:\/\/www.suno.com.br\/noticias\/#\/schema\/logo\/image\/","url":"https:\/\/files.sunoresearch.com.br\/n\/uploads\/2021\/09\/suno-logo.png","contentUrl":"https:\/\/files.sunoresearch.com.br\/n\/uploads\/2021\/09\/suno-logo.png","width":180,"height":180,"caption":"Suno Not\u00edcias"},"image":{"@id":"https:\/\/www.suno.com.br\/noticias\/#\/schema\/logo\/image\/"},"sameAs":["https:\/\/facebook.com\/sunoresearch","https:\/\/x.com\/sunoresearch","https:\/\/www.instagram.com\/suno","https:\/\/www.linkedin.com\/company\/suno-research\/","https:\/\/www.youtube.com\/c\/sunoresearch"]},{"@type":"Person","@id":"https:\/\/www.suno.com.br\/noticias\/#\/schema\/person\/658d5fbc74d81f265f5df3562d0038ab","name":"Vitor Azevedo","image":{"@type":"ImageObject","inLanguage":"pt-BR","@id":"https:\/\/www.suno.com.br\/noticias\/#\/schema\/person\/image\/","url":"https:\/\/secure.gravatar.com\/avatar\/62b86195291b446fe380824eb28b99a5?s=96&r=g","contentUrl":"https:\/\/secure.gravatar.com\/avatar\/62b86195291b446fe380824eb28b99a5?s=96&r=g","caption":"Vitor Azevedo"},"description":"Formado em jornalismo pela Unesp, escreve sobre economia e neg\u00f3cios para a Suno Not\u00edcias.","url":"https:\/\/www.suno.com.br\/noticias\/author\/vitor-azevedo\/"}]}},"default_loop_html":"<div class=\"cardsPage__listCard__boxs\"><div class=\"cardsPage__listCard__boxs__img\"><a href=\"https:\/\/www.suno.com.br\/noticias\/biosev-bsev3-incorporacao-raizen-avanca\/\"><img class=\"mask\" src=\"https:\/\/www.suno.com.br\/noticias\/wp-content\/themes\/suno\/resources\/images\/spotlight\/spotlight1img\/bg-mask.png\" alt=\"Image Mask\"\/><img src=\"https:\/\/files.sunoresearch.com.br\/n\/uploads\/2021\/01\/894198b9-biosev-png.webp\" alt=\"Biosev (BSEV3) confirma que negocia\u00e7\u00f5es com a Raizen avan\u00e7am\"\/><\/a><span class=\"spotlightCategory\"><a href=\"https:\/\/www.suno.com.br\/noticias\/negocios\/\">Neg\u00f3cios<\/a><\/span><\/div><div class=\"cardsPage__listCard__boxs__content\"><a href=\"https:\/\/www.suno.com.br\/noticias\/biosev-bsev3-incorporacao-raizen-avanca\/\"><h2 class=\"content__title\">Biosev (BSEV3) confirma que negocia\u00e7\u00f5es com a Raizen avan\u00e7am<\/h2><\/a><div class=\"newsContent__article__meta\"><div class=\"newsContent__article__meta__authorBox\"><a href=\"https:\/\/www.suno.com.br\/noticias\/author\/vitor-azevedo\/\" class=\"authorBox__avatar noMobi\"><img src=\"https:\/\/secure.gravatar.com\/avatar\/62b86195291b446fe380824eb28b99a5?s=96&#038;r=g\" alt=\"Vitor Azevedo\"><\/a><div class=\"authorBox__name\"><span>por\n\t\t\t<a href=\"https:\/\/www.suno.com.br\/noticias\/author\/vitor-azevedo\/\"><span itemprop=\"author\">Vitor Azevedo<\/span><\/a><\/span><time datetime=\"2021-01-29T08:13:29-03:00\" itemprop=\"datePublished\">29\/01\/2021 08:13<\/time><\/div><\/div><\/div><\/div><\/div>","single_layout":"posts","amp_enabled":true,"_links":{"self":[{"href":"https:\/\/www.suno.com.br\/noticias\/wp-json\/wp\/v2\/posts\/117003"}],"collection":[{"href":"https:\/\/www.suno.com.br\/noticias\/wp-json\/wp\/v2\/posts"}],"about":[{"href":"https:\/\/www.suno.com.br\/noticias\/wp-json\/wp\/v2\/types\/post"}],"author":[{"embeddable":true,"href":"https:\/\/www.suno.com.br\/noticias\/wp-json\/wp\/v2\/users\/59"}],"replies":[{"embeddable":true,"href":"https:\/\/www.suno.com.br\/noticias\/wp-json\/wp\/v2\/comments?post=117003"}],"version-history":[{"count":0,"href":"https:\/\/www.suno.com.br\/noticias\/wp-json\/wp\/v2\/posts\/117003\/revisions"}],"wp:featuredmedia":[{"embeddable":true,"href":"https:\/\/www.suno.com.br\/noticias\/wp-json\/wp\/v2\/media\/117017"}],"wp:attachment":[{"href":"https:\/\/www.suno.com.br\/noticias\/wp-json\/wp\/v2\/media?parent=117003"}],"wp:term":[{"taxonomy":"category","embeddable":true,"href":"https:\/\/www.suno.com.br\/noticias\/wp-json\/wp\/v2\/categories?post=117003"},{"taxonomy":"post_tag","embeddable":true,"href":"https:\/\/www.suno.com.br\/noticias\/wp-json\/wp\/v2\/tags?post=117003"},{"taxonomy":"suno_strategy","embeddable":true,"href":"https:\/\/www.suno.com.br\/noticias\/wp-json\/wp\/v2\/suno_strategy?post=117003"}],"curies":[{"name":"wp","href":"https:\/\/api.w.org\/{rel}","templated":true}]}}