{"id":116971,"date":"2021-01-28T20:53:38","date_gmt":"2021-01-28T23:53:38","guid":{"rendered":"https:\/\/www.suno.com.br\/noticias\/?p=116971"},"modified":"2021-02-17T22:18:31","modified_gmt":"2021-02-18T01:18:31","slug":"btg-pactual-bpac11-compra-amago","status":"publish","type":"post","link":"https:\/\/www.suno.com.br\/noticias\/btg-pactual-bpac11-compra-amago\/","title":{"rendered":"BTG Pactual (BPAC11) pode comprar fatia minorit\u00e1ria na \u00c2mago"},"content":{"rendered":"<p>O <a href=\"https:\/\/www.suno.com.br\/acoes\/bpac11\/\">Banco <strong>BTG Pactual<\/strong> (BPAC11)<\/a> deve adquirir uma participa\u00e7\u00e3o minorit\u00e1ria na \u00c2mago Gest\u00e3o de Investimentos, de acordo com fontes ouvidas pela <em>Bloomberg\u00a0<\/em>nesta quinta-feira (28).<\/p>\t<div class=\"wrapper-featured-image\">\n\t\t<figure class=\"spotlightImg\">\n\n\t\t\t<picture>\n\t\t\t\t<source media=\"(max-width: 768px)\" srcset=\"https:\/\/files.sunoresearch.com.br\/n\/uploads\/2020\/09\/a33631fd-btg-pactual2-400x200.webp\">\n\t\t\t\t<img loading=\"lazy\" decoding=\"async\" class=\"newsContent__article__imgCapa lazyloadDisabled \" src=\"https:\/\/files.sunoresearch.com.br\/n\/uploads\/2020\/09\/a33631fd-btg-pactual2-jpg.webp\" width=\"800\" height=\"450\" alt=\"BTG Pactual (BPAC11) pode comprar fatia minorit\u00e1ria na \u00c2mago\" fetchpriority=high \/>\n\t\t\t<\/picture>\n\n\t\t\t<figcaption class=\"wp-caption-text wp-caption-text--show\">A a\u00e7\u00e3o do BTG Pactual (BPAC11) encerrou o dia em alta de 8,80%, aos R$ 98,03.<\/figcaption>\n\t\t<\/figure>\n\t<\/div>\n\n\n\t<p>\n\t\t<a href=\"https:\/\/lp.suno.com.br\/planilha-controle-gastos\/\" target=\"_blank\" data-element=\"shortcode-suno-banner\" title=\"Banner SUNO, clique e saiba mais\">\n\t\t\t<picture>\n\t\t\t\t<source media=\"(max-width: 500px)\" srcset=\"https:\/\/files.sunoresearch.com.br\/n\/uploads\/2023\/03\/400x300-Planilha-controle-de-gastos.png\">\n\t\t\t\t<img class=\"newsContent__article__imgCapa newsContent__article__imgCapa--banner\"\n\t\t\t\t\tsrc=\"https:\/\/files.sunoresearch.com.br\/n\/uploads\/2023\/03\/1420x240-Planilha-controle-de-gastos.png\"\n\t\t\t\t\tdata-promo-id=\"101751\"\t\t\t\t\t\t\t\t\t\twidth='1420' height='240'\t\t\t\t\talt=\"https:\/\/files.sunoresearch.com.br\/n\/uploads\/2023\/03\/1420x240-Planilha-controle-de-gastos.png\"\n\t\t\t\t>\n\t\t\t<\/picture>\n\t\t<\/a>\n\t<\/p>\n\n\n<p>De acordo com uma das fontes, a as conversas entre o BTG e a <strong>\u00c2mago<\/strong> j\u00e1 foram conclu\u00eddas, mas a informa\u00e7\u00e3o ainda n\u00e3o \u00e9 p\u00fablica. O valor da opera\u00e7\u00e3o tamb\u00e9m n\u00e3o foi informado.<\/p>\n<p>A \u00c2mago \u00e9 uma gestora de recursos focada em a\u00e7\u00f5es, fundada em 2016 por Iram Siqueira e Rodrigo Barros. Siqueira era gestor dos fundos de a\u00e7\u00f5es do Credit Suisse Hedging-Griffo, ao passo que Barros atuava como analista no Deutsche Bank.<\/p>\n<p><a href=\"https:\/\/lp.suno.com.br\/suno-one\/\">Suno One: acesse gratuitamente eBooks, Minicursos, Artigos e Video Aulas sobre investimentos com um \u00fanico cadastro. Clique para saber mais!<\/a><\/p>\n<p>Por sua vez, o BTG Pactual \u00e9 o maior banco de investimentos da Am\u00e9rica Latina, fundado em 1983.<\/p>\n<p>Procuradas pela Bloomberg, nenhuma das companhias quiseram comentar sobre o assunto.<\/p>\n<p>Vale lembrar que em meados de dezembro, o BTG Pactual adquiriu a PSR, uma das maiores consultorias de energia do Brasil.<\/p>\n<p>O acordo junto ao BTG Pactual prev\u00ea que a <strong>PSR<\/strong> permanecer\u00e1 com gest\u00e3o independente, sem mudan\u00e7as em sua diretoria executiva e opera\u00e7\u00f5es, e permitir\u00e1 a amplia\u00e7\u00e3o das atividades da empresa na \u00e1rea de infraestrutura de redes, gest\u00e3o integrada de risco, inova\u00e7\u00e3o e transi\u00e7\u00e3o energ\u00e9tica.<\/p>\n\t<div data-element=\"shortcode-read-more\" class=\"knowMore\">\n\t\t\t\t<span class=\"knowMore__title\">Veja tamb\u00e9m<\/span>\n\t\t\t\t<a class=\"knowMore__link\" href=\"https:\/\/www.suno.com.br\/noticias\/btg-atualiza-projecoes-lucros-companhias-brasileiras\/\">\n\t\t\tBTG Pactual (BPAC11) eleva proje\u00e7\u00f5es de lucros de companhias brasileiras em 2021\t\t<\/a>\n\t<\/div>\n\n\n<p>Al\u00e9m disso, a\u00a0 Superintend\u00eancia-Geral do <a href=\"https:\/\/www.suno.com.br\/artigos\/cade\/\">Conselho Administrativo de Defesa Econ\u00f4mica (Cade)<\/a> aprovou em dezembro a compra da corretora Necton pelo BTG Pactual. A aquisi\u00e7\u00e3o foi anunciada no dia 26 de outubro, por R$ 348 milh\u00f5es.<\/p>\n<h2>BTG Pactual Precifica oferta e capta R$ 2,57 bilh\u00f5es<\/h2>\n<p>Na \u00faltima semana, o BTG informou que concluiu o processo de <a href=\"https:\/\/www.suno.com.br\/artigos\/bookbuilding\/\"><em>bookbuilding<\/em><\/a> da sua nova oferta de a\u00e7\u00f5es com <a href=\"https:\/\/www.suno.com.br\/artigos\/oferta-restrita\/\">esfor\u00e7os restritos<\/a>, estabelecendo um pre\u00e7o de R$ 92,52 por unit\u00e1ria. Com isso, o banco captar\u00e1 R$ 2,570 bilh\u00f5es com o <a href=\"https:\/\/www.suno.com.br\/artigos\/follow-on\/\">follow on<\/a>.<\/p>\n<p>O <strong><a href=\"https:\/\/www.suno.com.br\/artigos\/conselho-administracao\/\">Conselho de Administra\u00e7\u00e3o do banco<\/a><\/strong>, al\u00e9m disso, aprovou a emiss\u00e3o extra de um lote adicional de cerca de 5,5 milh\u00f5es de unit\u00e1rias, compreendendo 25% do n\u00famero inicial ofertado, exercendo a op\u00e7\u00e3o prevista no primeiro documento. O n\u00famero total de a\u00e7\u00f5es ofertadas ficou em 55,555 milh\u00f5es units, compreendendo 27.777 a\u00e7\u00f5es ordin\u00e1rias e 55.555 a\u00e7\u00f5es <a href=\"https:\/\/www.suno.com.br\/artigos\/o-que-sao-acoes-ordinarias-preferenciais-e-units\/\">preferenciais<\/a>. Cada unit \u00e9 formada por uma a\u00e7\u00e3o ordin\u00e1ria e duas preferenciais.<\/p>\n\t<p>\n\t\t<a href=\"https:\/\/lp.suno.com.br\/ebook-como-analisar-uma-acao\/\" target=\"_blank\" data-element=\"shortcode-suno-banner\" title=\"Banner SUNO, clique e saiba mais\">\n\t\t\t<picture>\n\t\t\t\t<source media=\"(max-width: 500px)\" srcset=\"https:\/\/files.sunoresearch.com.br\/n\/uploads\/2023\/03\/Ebook-Acoes-Mobile.jpg\">\n\t\t\t\t<img class=\"newsContent__article__imgCapa newsContent__article__imgCapa--banner\"\n\t\t\t\t\tsrc=\"https:\/\/files.sunoresearch.com.br\/n\/uploads\/2023\/03\/Ebook-Acoes-Desktop.jpg\"\n\t\t\t\t\tdata-promo-id=\"378302\"\t\t\t\t\t\t\t\t\t\twidth='1420' height='286'\t\t\t\t\talt=\"https:\/\/files.sunoresearch.com.br\/n\/uploads\/2023\/03\/Ebook-Acoes-Desktop.jpg\"\n\t\t\t\t>\n\t\t\t<\/picture>\n\t\t<\/a>\n\t<\/p>\n\n\n<p>O BTG Pactual, por conta do processo de <strong>follow on<\/strong>, realizar\u00e1 agora tamb\u00e9m uma mudan\u00e7a em seu capital social, que passa de R$ 10.042.592,36 para R$ 12.612.592.428,92, incluindo aquilo que foi levantado com a nova emiss\u00e3o.<\/p>\n<h2>\u00daltima cota\u00e7\u00e3o da BPAC11<\/h2>\n<p>A a\u00e7\u00e3o do <strong>BTG Pactual (BPAC11)<\/strong> encerrou o dia em alta de 8,80%, aos R$ 98,03.<\/p>\n<p>\t<p>\n\t\t<a href=\"https:\/\/lp.suno.com.br\/planilha-de-controle-de-investimentos\/\" target=\"_blank\" data-element=\"shortcode-suno-banner\" title=\"Banner SUNO, clique e saiba mais\">\n\t\t\t<picture>\n\t\t\t\t<source media=\"(max-width: 500px)\" srcset=\"https:\/\/files.sunoresearch.com.br\/n\/uploads\/2023\/03\/400x300-Controle-de-Investimentos.png\">\n\t\t\t\t<img class=\"newsContent__article__imgCapa newsContent__article__imgCapa--banner\"\n\t\t\t\t\tsrc=\"https:\/\/files.sunoresearch.com.br\/n\/uploads\/2023\/03\/1420x240-Controle-de-Investimentos.png\"\n\t\t\t\t\tdata-promo-id=\"75934\"\t\t\t\t\t\t\t\t\t\twidth='1420' height='240'\t\t\t\t\talt=\"https:\/\/files.sunoresearch.com.br\/n\/uploads\/2023\/03\/1420x240-Controle-de-Investimentos.png\"\n\t\t\t\t>\n\t\t\t<\/picture>\n\t\t<\/a>\n\t<\/p>\n\n |<\/p>\n","protected":false},"excerpt":{"rendered":"<p>O Banco BTG Pactual (BPAC11) deve adquirir uma participa\u00e7\u00e3o minorit\u00e1ria na \u00c2mago Gest\u00e3o de Investimentos, de acordo com fontes ouvidas pela Bloomberg\u00a0nesta quinta-feira (28). A a\u00e7\u00e3o do BTG Pactual (BPAC11) encerrou o dia em alta de 8,80%, aos R$ 98,03. De acordo com uma das fontes, a as conversas entre o BTG e a \u00c2mago [&hellip;]<\/p>\n","protected":false},"author":39,"featured_media":83311,"comment_status":"closed","ping_status":"closed","sticky":false,"template":"","format":"standard","meta":[],"categories":[64],"tags":[399],"suno_strategy":[],"class_list":["post-116971","post","type-post","status-publish","format-standard","has-post-thumbnail","hentry","category-negocios","tag-btg-pactual-bpac11-bpac3-bpac5"],"yoast_head":"<!-- This site is optimized with the Yoast SEO plugin v24.4 - https:\/\/yoast.com\/wordpress\/plugins\/seo\/ -->\n<title>BTG Pactual (BPAC11) pode comprar fatia minorit\u00e1ria na gestora \u00c2mago<\/title>\n<meta name=\"description\" content=\"O Banco BTG Pactual (BPAC11) deve adquirir uma participa\u00e7\u00e3o minorit\u00e1ria na \u00c2mago Gest\u00e3o de Investimentos. Clique aqui e saiba mais.\" \/>\n<meta name=\"robots\" content=\"index, follow, max-snippet:-1, max-image-preview:large, max-video-preview:-1\" \/>\n<link rel=\"canonical\" href=\"https:\/\/www.suno.com.br\/noticias\/btg-pactual-bpac11-compra-amago\/\" \/>\n<meta property=\"og:locale\" content=\"pt_BR\" \/>\n<meta property=\"og:type\" content=\"article\" \/>\n<meta property=\"og:title\" content=\"BTG Pactual (BPAC11) pode comprar fatia minorit\u00e1ria na gestora \u00c2mago\" \/>\n<meta property=\"og:description\" content=\"O Banco BTG Pactual (BPAC11) deve adquirir uma participa\u00e7\u00e3o minorit\u00e1ria na \u00c2mago Gest\u00e3o de Investimentos. Clique aqui e saiba mais.\" \/>\n<meta property=\"og:url\" content=\"https:\/\/www.suno.com.br\/noticias\/btg-pactual-bpac11-compra-amago\/\" \/>\n<meta property=\"og:site_name\" content=\"Suno Not\u00edcias\" \/>\n<meta property=\"article:publisher\" content=\"https:\/\/facebook.com\/sunoresearch\" \/>\n<meta property=\"og:image\" content=\"https:\/\/files.sunoresearch.com.br\/n\/uploads\/2020\/09\/a33631fd-btg-pactual2.jpg\" \/>\n\t<meta property=\"og:image:width\" content=\"600\" \/>\n\t<meta property=\"og:image:height\" content=\"400\" \/>\n\t<meta property=\"og:image:type\" content=\"image\/jpeg\" \/>\n<meta name=\"author\" content=\"Laura Moutinho\" \/>\n<meta name=\"twitter:card\" content=\"summary_large_image\" \/>\n<meta name=\"twitter:creator\" content=\"@sunoresearch\" \/>\n<meta name=\"twitter:site\" content=\"@sunoresearch\" \/>\n<meta name=\"twitter:label1\" content=\"Escrito por\" \/>\n\t<meta name=\"twitter:data1\" content=\"Laura Moutinho\" \/>\n\t<meta name=\"twitter:label2\" content=\"Est. tempo de leitura\" \/>\n\t<meta name=\"twitter:data2\" content=\"2 minutos\" \/>\n<script type=\"application\/ld+json\" class=\"yoast-schema-graph\">{\"@context\":\"https:\/\/schema.org\",\"@graph\":[{\"@type\":\"NewsArticle\",\"@id\":\"https:\/\/www.suno.com.br\/noticias\/btg-pactual-bpac11-compra-amago\/#article\",\"isPartOf\":{\"@id\":\"https:\/\/www.suno.com.br\/noticias\/btg-pactual-bpac11-compra-amago\/\"},\"author\":{\"name\":\"Laura Moutinho\",\"@id\":\"https:\/\/www.suno.com.br\/noticias\/#\/schema\/person\/3df0d2808748b74496efe5dbeaef2c72\"},\"headline\":\"BTG Pactual (BPAC11) pode comprar fatia minorit\u00e1ria na \u00c2mago\",\"datePublished\":\"2021-01-28T23:53:38+00:00\",\"dateModified\":\"2021-02-18T01:18:31+00:00\",\"mainEntityOfPage\":{\"@id\":\"https:\/\/www.suno.com.br\/noticias\/btg-pactual-bpac11-compra-amago\/\"},\"wordCount\":489,\"publisher\":{\"@id\":\"https:\/\/www.suno.com.br\/noticias\/#organization\"},\"image\":{\"@id\":\"https:\/\/www.suno.com.br\/noticias\/btg-pactual-bpac11-compra-amago\/#primaryimage\"},\"thumbnailUrl\":\"https:\/\/files.sunoresearch.com.br\/n\/uploads\/2020\/09\/a33631fd-btg-pactual2-jpg.webp\",\"keywords\":[\"BTG Pactual (BPAC11\/BPAC3\/BPAC5)\"],\"articleSection\":[\"Neg\u00f3cios\"],\"inLanguage\":\"pt-BR\"},{\"@type\":\"WebPage\",\"@id\":\"https:\/\/www.suno.com.br\/noticias\/btg-pactual-bpac11-compra-amago\/\",\"url\":\"https:\/\/www.suno.com.br\/noticias\/btg-pactual-bpac11-compra-amago\/\",\"name\":\"BTG Pactual (BPAC11) pode comprar fatia minorit\u00e1ria na gestora \u00c2mago\",\"isPartOf\":{\"@id\":\"https:\/\/www.suno.com.br\/noticias\/#website\"},\"primaryImageOfPage\":{\"@id\":\"https:\/\/www.suno.com.br\/noticias\/btg-pactual-bpac11-compra-amago\/#primaryimage\"},\"image\":{\"@id\":\"https:\/\/www.suno.com.br\/noticias\/btg-pactual-bpac11-compra-amago\/#primaryimage\"},\"thumbnailUrl\":\"https:\/\/files.sunoresearch.com.br\/n\/uploads\/2020\/09\/a33631fd-btg-pactual2-jpg.webp\",\"datePublished\":\"2021-01-28T23:53:38+00:00\",\"dateModified\":\"2021-02-18T01:18:31+00:00\",\"description\":\"O Banco BTG Pactual (BPAC11) deve adquirir uma participa\u00e7\u00e3o minorit\u00e1ria na \u00c2mago Gest\u00e3o de Investimentos. Clique aqui e saiba mais.\",\"breadcrumb\":{\"@id\":\"https:\/\/www.suno.com.br\/noticias\/btg-pactual-bpac11-compra-amago\/#breadcrumb\"},\"inLanguage\":\"pt-BR\",\"potentialAction\":[{\"@type\":\"ReadAction\",\"target\":[\"https:\/\/www.suno.com.br\/noticias\/btg-pactual-bpac11-compra-amago\/\"]}]},{\"@type\":\"ImageObject\",\"inLanguage\":\"pt-BR\",\"@id\":\"https:\/\/www.suno.com.br\/noticias\/btg-pactual-bpac11-compra-amago\/#primaryimage\",\"url\":\"https:\/\/files.sunoresearch.com.br\/n\/uploads\/2020\/09\/a33631fd-btg-pactual2-jpg.webp\",\"contentUrl\":\"https:\/\/files.sunoresearch.com.br\/n\/uploads\/2020\/09\/a33631fd-btg-pactual2-jpg.webp\",\"width\":600,\"height\":400,\"caption\":\"A a\u00e7\u00e3o do BTG Pactual (BPAC11) encerrou o dia em alta de 8,80%, aos R$ 98,03.\"},{\"@type\":\"BreadcrumbList\",\"@id\":\"https:\/\/www.suno.com.br\/noticias\/btg-pactual-bpac11-compra-amago\/#breadcrumb\",\"itemListElement\":[{\"@type\":\"ListItem\",\"position\":1,\"name\":\"Not\u00edcias\",\"item\":\"https:\/\/www.suno.com.br\/noticias\/\"},{\"@type\":\"ListItem\",\"position\":2,\"name\":\"Neg\u00f3cios\",\"item\":\"https:\/\/www.suno.com.br\/noticias\/negocios\/\"},{\"@type\":\"ListItem\",\"position\":3,\"name\":\"BTG Pactual (BPAC11) pode comprar fatia minorit\u00e1ria na \u00c2mago\"}]},{\"@type\":\"WebSite\",\"@id\":\"https:\/\/www.suno.com.br\/noticias\/#website\",\"url\":\"https:\/\/www.suno.com.br\/noticias\/\",\"name\":\"Suno Not\u00edcias\",\"description\":\"Seu portal de informa\u00e7\u00e3o sobre o mundo dos investimentos\",\"publisher\":{\"@id\":\"https:\/\/www.suno.com.br\/noticias\/#organization\"},\"potentialAction\":[{\"@type\":\"SearchAction\",\"target\":{\"@type\":\"EntryPoint\",\"urlTemplate\":\"https:\/\/www.suno.com.br\/noticias\/?s={search_term_string}\"},\"query-input\":{\"@type\":\"PropertyValueSpecification\",\"valueRequired\":true,\"valueName\":\"search_term_string\"}}],\"inLanguage\":\"pt-BR\"},{\"@type\":\"Organization\",\"@id\":\"https:\/\/www.suno.com.br\/noticias\/#organization\",\"name\":\"Suno Not\u00edcias\",\"url\":\"https:\/\/www.suno.com.br\/noticias\/\",\"logo\":{\"@type\":\"ImageObject\",\"inLanguage\":\"pt-BR\",\"@id\":\"https:\/\/www.suno.com.br\/noticias\/#\/schema\/logo\/image\/\",\"url\":\"https:\/\/files.sunoresearch.com.br\/n\/uploads\/2021\/09\/suno-logo.png\",\"contentUrl\":\"https:\/\/files.sunoresearch.com.br\/n\/uploads\/2021\/09\/suno-logo.png\",\"width\":180,\"height\":180,\"caption\":\"Suno Not\u00edcias\"},\"image\":{\"@id\":\"https:\/\/www.suno.com.br\/noticias\/#\/schema\/logo\/image\/\"},\"sameAs\":[\"https:\/\/facebook.com\/sunoresearch\",\"https:\/\/x.com\/sunoresearch\",\"https:\/\/www.instagram.com\/suno\",\"https:\/\/www.linkedin.com\/company\/suno-research\/\",\"https:\/\/www.youtube.com\/c\/sunoresearch\"]},{\"@type\":\"Person\",\"@id\":\"https:\/\/www.suno.com.br\/noticias\/#\/schema\/person\/3df0d2808748b74496efe5dbeaef2c72\",\"name\":\"Laura Moutinho\",\"image\":{\"@type\":\"ImageObject\",\"inLanguage\":\"pt-BR\",\"@id\":\"https:\/\/www.suno.com.br\/noticias\/#\/schema\/person\/image\/\",\"url\":\"https:\/\/secure.gravatar.com\/avatar\/7571c7c8ca3a6fca5e41384ece5557ff?s=96&r=g\",\"contentUrl\":\"https:\/\/secure.gravatar.com\/avatar\/7571c7c8ca3a6fca5e41384ece5557ff?s=96&r=g\",\"caption\":\"Laura Moutinho\"},\"description\":\"Estagi\u00e1ria na Suno Not\u00edcias, escreve not\u00edcias que afetam o mercado financeiro. Estuda administra\u00e7\u00e3o na Universidade Presbiteriana Mackenzie.\",\"url\":\"https:\/\/www.suno.com.br\/noticias\/author\/laura-moutinho\/\"}]}<\/script>\n<!-- \/ Yoast SEO plugin. -->","yoast_head_json":{"title":"BTG Pactual (BPAC11) pode comprar fatia minorit\u00e1ria na gestora \u00c2mago","description":"O Banco BTG Pactual (BPAC11) deve adquirir uma participa\u00e7\u00e3o minorit\u00e1ria na \u00c2mago Gest\u00e3o de Investimentos. Clique aqui e saiba mais.","robots":{"index":"index","follow":"follow","max-snippet":"max-snippet:-1","max-image-preview":"max-image-preview:large","max-video-preview":"max-video-preview:-1"},"canonical":"https:\/\/www.suno.com.br\/noticias\/btg-pactual-bpac11-compra-amago\/","og_locale":"pt_BR","og_type":"article","og_title":"BTG Pactual (BPAC11) pode comprar fatia minorit\u00e1ria na gestora \u00c2mago","og_description":"O Banco BTG Pactual (BPAC11) deve adquirir uma participa\u00e7\u00e3o minorit\u00e1ria na \u00c2mago Gest\u00e3o de Investimentos. Clique aqui e saiba mais.","og_url":"https:\/\/www.suno.com.br\/noticias\/btg-pactual-bpac11-compra-amago\/","og_site_name":"Suno Not\u00edcias","article_publisher":"https:\/\/facebook.com\/sunoresearch","og_image":[{"width":600,"height":400,"url":"https:\/\/files.sunoresearch.com.br\/n\/uploads\/2020\/09\/a33631fd-btg-pactual2.jpg","type":"image\/jpeg"}],"author":"Laura Moutinho","twitter_card":"summary_large_image","twitter_creator":"@sunoresearch","twitter_site":"@sunoresearch","twitter_misc":{"Escrito por":"Laura Moutinho","Est. tempo de leitura":"2 minutos"},"schema":{"@context":"https:\/\/schema.org","@graph":[{"@type":"NewsArticle","@id":"https:\/\/www.suno.com.br\/noticias\/btg-pactual-bpac11-compra-amago\/#article","isPartOf":{"@id":"https:\/\/www.suno.com.br\/noticias\/btg-pactual-bpac11-compra-amago\/"},"author":{"name":"Laura Moutinho","@id":"https:\/\/www.suno.com.br\/noticias\/#\/schema\/person\/3df0d2808748b74496efe5dbeaef2c72"},"headline":"BTG Pactual (BPAC11) pode comprar fatia minorit\u00e1ria na \u00c2mago","datePublished":"2021-01-28T23:53:38+00:00","dateModified":"2021-02-18T01:18:31+00:00","mainEntityOfPage":{"@id":"https:\/\/www.suno.com.br\/noticias\/btg-pactual-bpac11-compra-amago\/"},"wordCount":489,"publisher":{"@id":"https:\/\/www.suno.com.br\/noticias\/#organization"},"image":{"@id":"https:\/\/www.suno.com.br\/noticias\/btg-pactual-bpac11-compra-amago\/#primaryimage"},"thumbnailUrl":"https:\/\/files.sunoresearch.com.br\/n\/uploads\/2020\/09\/a33631fd-btg-pactual2-jpg.webp","keywords":["BTG Pactual (BPAC11\/BPAC3\/BPAC5)"],"articleSection":["Neg\u00f3cios"],"inLanguage":"pt-BR"},{"@type":"WebPage","@id":"https:\/\/www.suno.com.br\/noticias\/btg-pactual-bpac11-compra-amago\/","url":"https:\/\/www.suno.com.br\/noticias\/btg-pactual-bpac11-compra-amago\/","name":"BTG Pactual (BPAC11) pode comprar fatia minorit\u00e1ria na gestora \u00c2mago","isPartOf":{"@id":"https:\/\/www.suno.com.br\/noticias\/#website"},"primaryImageOfPage":{"@id":"https:\/\/www.suno.com.br\/noticias\/btg-pactual-bpac11-compra-amago\/#primaryimage"},"image":{"@id":"https:\/\/www.suno.com.br\/noticias\/btg-pactual-bpac11-compra-amago\/#primaryimage"},"thumbnailUrl":"https:\/\/files.sunoresearch.com.br\/n\/uploads\/2020\/09\/a33631fd-btg-pactual2-jpg.webp","datePublished":"2021-01-28T23:53:38+00:00","dateModified":"2021-02-18T01:18:31+00:00","description":"O Banco BTG Pactual (BPAC11) deve adquirir uma participa\u00e7\u00e3o minorit\u00e1ria na \u00c2mago Gest\u00e3o de Investimentos. Clique aqui e saiba mais.","breadcrumb":{"@id":"https:\/\/www.suno.com.br\/noticias\/btg-pactual-bpac11-compra-amago\/#breadcrumb"},"inLanguage":"pt-BR","potentialAction":[{"@type":"ReadAction","target":["https:\/\/www.suno.com.br\/noticias\/btg-pactual-bpac11-compra-amago\/"]}]},{"@type":"ImageObject","inLanguage":"pt-BR","@id":"https:\/\/www.suno.com.br\/noticias\/btg-pactual-bpac11-compra-amago\/#primaryimage","url":"https:\/\/files.sunoresearch.com.br\/n\/uploads\/2020\/09\/a33631fd-btg-pactual2-jpg.webp","contentUrl":"https:\/\/files.sunoresearch.com.br\/n\/uploads\/2020\/09\/a33631fd-btg-pactual2-jpg.webp","width":600,"height":400,"caption":"A a\u00e7\u00e3o do BTG Pactual (BPAC11) encerrou o dia em alta de 8,80%, aos R$ 98,03."},{"@type":"BreadcrumbList","@id":"https:\/\/www.suno.com.br\/noticias\/btg-pactual-bpac11-compra-amago\/#breadcrumb","itemListElement":[{"@type":"ListItem","position":1,"name":"Not\u00edcias","item":"https:\/\/www.suno.com.br\/noticias\/"},{"@type":"ListItem","position":2,"name":"Neg\u00f3cios","item":"https:\/\/www.suno.com.br\/noticias\/negocios\/"},{"@type":"ListItem","position":3,"name":"BTG Pactual (BPAC11) pode comprar fatia minorit\u00e1ria na \u00c2mago"}]},{"@type":"WebSite","@id":"https:\/\/www.suno.com.br\/noticias\/#website","url":"https:\/\/www.suno.com.br\/noticias\/","name":"Suno Not\u00edcias","description":"Seu portal de informa\u00e7\u00e3o sobre o mundo dos investimentos","publisher":{"@id":"https:\/\/www.suno.com.br\/noticias\/#organization"},"potentialAction":[{"@type":"SearchAction","target":{"@type":"EntryPoint","urlTemplate":"https:\/\/www.suno.com.br\/noticias\/?s={search_term_string}"},"query-input":{"@type":"PropertyValueSpecification","valueRequired":true,"valueName":"search_term_string"}}],"inLanguage":"pt-BR"},{"@type":"Organization","@id":"https:\/\/www.suno.com.br\/noticias\/#organization","name":"Suno Not\u00edcias","url":"https:\/\/www.suno.com.br\/noticias\/","logo":{"@type":"ImageObject","inLanguage":"pt-BR","@id":"https:\/\/www.suno.com.br\/noticias\/#\/schema\/logo\/image\/","url":"https:\/\/files.sunoresearch.com.br\/n\/uploads\/2021\/09\/suno-logo.png","contentUrl":"https:\/\/files.sunoresearch.com.br\/n\/uploads\/2021\/09\/suno-logo.png","width":180,"height":180,"caption":"Suno Not\u00edcias"},"image":{"@id":"https:\/\/www.suno.com.br\/noticias\/#\/schema\/logo\/image\/"},"sameAs":["https:\/\/facebook.com\/sunoresearch","https:\/\/x.com\/sunoresearch","https:\/\/www.instagram.com\/suno","https:\/\/www.linkedin.com\/company\/suno-research\/","https:\/\/www.youtube.com\/c\/sunoresearch"]},{"@type":"Person","@id":"https:\/\/www.suno.com.br\/noticias\/#\/schema\/person\/3df0d2808748b74496efe5dbeaef2c72","name":"Laura Moutinho","image":{"@type":"ImageObject","inLanguage":"pt-BR","@id":"https:\/\/www.suno.com.br\/noticias\/#\/schema\/person\/image\/","url":"https:\/\/secure.gravatar.com\/avatar\/7571c7c8ca3a6fca5e41384ece5557ff?s=96&r=g","contentUrl":"https:\/\/secure.gravatar.com\/avatar\/7571c7c8ca3a6fca5e41384ece5557ff?s=96&r=g","caption":"Laura Moutinho"},"description":"Estagi\u00e1ria na Suno Not\u00edcias, escreve not\u00edcias que afetam o mercado financeiro. Estuda administra\u00e7\u00e3o na Universidade Presbiteriana Mackenzie.","url":"https:\/\/www.suno.com.br\/noticias\/author\/laura-moutinho\/"}]}},"default_loop_html":"<div class=\"cardsPage__listCard__boxs\"><div class=\"cardsPage__listCard__boxs__img\"><a href=\"https:\/\/www.suno.com.br\/noticias\/btg-pactual-bpac11-compra-amago\/\"><img class=\"mask\" src=\"https:\/\/www.suno.com.br\/noticias\/wp-content\/themes\/suno\/resources\/images\/spotlight\/spotlight1img\/bg-mask.png\" alt=\"Image Mask\"\/><img src=\"https:\/\/files.sunoresearch.com.br\/n\/uploads\/2020\/09\/a33631fd-btg-pactual2-400x200.webp\" alt=\"BTG Pactual (BPAC11) pode comprar fatia minorit\u00e1ria na \u00c2mago\"\/><\/a><span class=\"spotlightCategory\"><a href=\"https:\/\/www.suno.com.br\/noticias\/negocios\/\">Neg\u00f3cios<\/a><\/span><\/div><div class=\"cardsPage__listCard__boxs__content\"><a href=\"https:\/\/www.suno.com.br\/noticias\/btg-pactual-bpac11-compra-amago\/\"><h2 class=\"content__title\">BTG Pactual (BPAC11) pode comprar fatia minorit\u00e1ria na \u00c2mago<\/h2><\/a><div class=\"newsContent__article__meta\"><div class=\"newsContent__article__meta__authorBox\"><a href=\"https:\/\/www.suno.com.br\/noticias\/author\/laura-moutinho\/\" class=\"authorBox__avatar noMobi\"><img src=\"https:\/\/files.sunoresearch.com.br\/n\/uploads\/2020\/08\/531ff69d-whatsapp-image-2020-08-03-at-14.54.38-150x150.webp\" alt=\"Laura Moutinho\"><\/a><div class=\"authorBox__name\"><span>por\n\t\t\t<a href=\"https:\/\/www.suno.com.br\/noticias\/author\/laura-moutinho\/\"><span itemprop=\"author\">Laura Moutinho<\/span><\/a><\/span><time datetime=\"2021-01-28T20:53:38-03:00\" itemprop=\"datePublished\">28\/01\/2021 20:53<\/time><\/div><\/div><\/div><\/div><\/div>","single_layout":"posts","amp_enabled":true,"_links":{"self":[{"href":"https:\/\/www.suno.com.br\/noticias\/wp-json\/wp\/v2\/posts\/116971"}],"collection":[{"href":"https:\/\/www.suno.com.br\/noticias\/wp-json\/wp\/v2\/posts"}],"about":[{"href":"https:\/\/www.suno.com.br\/noticias\/wp-json\/wp\/v2\/types\/post"}],"author":[{"embeddable":true,"href":"https:\/\/www.suno.com.br\/noticias\/wp-json\/wp\/v2\/users\/39"}],"replies":[{"embeddable":true,"href":"https:\/\/www.suno.com.br\/noticias\/wp-json\/wp\/v2\/comments?post=116971"}],"version-history":[{"count":0,"href":"https:\/\/www.suno.com.br\/noticias\/wp-json\/wp\/v2\/posts\/116971\/revisions"}],"wp:featuredmedia":[{"embeddable":true,"href":"https:\/\/www.suno.com.br\/noticias\/wp-json\/wp\/v2\/media\/83311"}],"wp:attachment":[{"href":"https:\/\/www.suno.com.br\/noticias\/wp-json\/wp\/v2\/media?parent=116971"}],"wp:term":[{"taxonomy":"category","embeddable":true,"href":"https:\/\/www.suno.com.br\/noticias\/wp-json\/wp\/v2\/categories?post=116971"},{"taxonomy":"post_tag","embeddable":true,"href":"https:\/\/www.suno.com.br\/noticias\/wp-json\/wp\/v2\/tags?post=116971"},{"taxonomy":"suno_strategy","embeddable":true,"href":"https:\/\/www.suno.com.br\/noticias\/wp-json\/wp\/v2\/suno_strategy?post=116971"}],"curies":[{"name":"wp","href":"https:\/\/api.w.org\/{rel}","templated":true}]}}