{"id":116918,"date":"2021-01-28T19:27:48","date_gmt":"2021-01-28T22:27:48","guid":{"rendered":"https:\/\/www.suno.com.br\/noticias\/?p=116918"},"modified":"2021-01-28T19:27:48","modified_gmt":"2021-01-28T22:27:48","slug":"apple-criticas-facebook-privacidade-dados","status":"publish","type":"post","link":"https:\/\/www.suno.com.br\/noticias\/apple-criticas-facebook-privacidade-dados\/","title":{"rendered":"Apple fala sobre privacidade de dados ap\u00f3s ser criticada pelo Facebook"},"content":{"rendered":"<p>Ap\u00f3s o Facebook criticar as mudan\u00e7as na privacidade de dados da <a href=\"https:\/\/www.suno.com.br\/artigos\/apple-a-empresa-de-1-trilhao-de-dolares\/\"><strong>Apple<\/strong> (NASDAQ: AAPL)<\/a>, o diretor-presidente da empresa, Tim Cook, rebateu nesta quinta-feira (28) as \u201cteorias da conspira\u00e7\u00e3o fomentadas por algoritmos\u201d.<\/p>\t<div class=\"wrapper-featured-image\">\n\t\t<figure class=\"spotlightImg\">\n\n\t\t\t<picture>\n\t\t\t\t<source media=\"(max-width: 768px)\" srcset=\"https:\/\/files.sunoresearch.com.br\/n\/uploads\/2021\/01\/e4e710ce-apple-800x450-1-400x200.webp\">\n\t\t\t\t<img loading=\"lazy\" decoding=\"async\" class=\"newsContent__article__imgCapa lazyloadDisabled \" src=\"https:\/\/files.sunoresearch.com.br\/n\/uploads\/2021\/01\/e4e710ce-apple-800x450-1-jpg.webp\" width=\"800\" height=\"450\" alt=\"Apple fala sobre privacidade de dados ap\u00f3s ser criticada pelo Facebook\" fetchpriority=high \/>\n\t\t\t<\/picture>\n\n\t\t\t<figcaption class=\"wp-caption-text wp-caption-text--show\">Apple fala sobre privacidade de dados ap\u00f3s ser criticada pelo Facebook <\/figcaption>\n\t\t<\/figure>\n\t<\/div>\n\n\n\t<p>\n\t\t<a href=\"https:\/\/lp.suno.com.br\/planilha-controle-gastos\/\" target=\"_blank\" data-element=\"shortcode-suno-banner\" title=\"Banner SUNO, clique e saiba mais\">\n\t\t\t<picture>\n\t\t\t\t<source media=\"(max-width: 500px)\" srcset=\"https:\/\/files.sunoresearch.com.br\/n\/uploads\/2023\/03\/400x300-Planilha-controle-de-gastos.png\">\n\t\t\t\t<img class=\"newsContent__article__imgCapa newsContent__article__imgCapa--banner\"\n\t\t\t\t\tsrc=\"https:\/\/files.sunoresearch.com.br\/n\/uploads\/2023\/03\/1420x240-Planilha-controle-de-gastos.png\"\n\t\t\t\t\tdata-promo-id=\"101751\"\t\t\t\t\t\t\t\t\t\twidth='1420' height='240'\t\t\t\t\talt=\"https:\/\/files.sunoresearch.com.br\/n\/uploads\/2023\/03\/1420x240-Planilha-controle-de-gastos.png\"\n\t\t\t\t>\n\t\t\t<\/picture>\n\t\t<\/a>\n\t<\/p>\n\n\n<p>O Facebook expressou, na \u00faltima quarta-feira, preocupa\u00e7\u00e3o quanto ao segmento de an\u00fancios, mencionando as altera\u00e7\u00f5es de privacidade do sistema operacional <strong>iOS 14<\/strong>, da Apple.<\/p>\n<p>Em resposta, sem mencionar diretamente o <strong>Facebook<\/strong>, Cook afirmou: \u201cSe um neg\u00f3cio \u00e9 constru\u00eddo com base em enganar os usu\u00e1rios, na explora\u00e7\u00e3o de dados, em escolhas que n\u00e3o s\u00e3o escolhas de todos, ent\u00e3o n\u00e3o merece o nosso elogio, merece ser reestruturado&#8221;.<\/p>\n<p><a href=\"https:\/\/lp.suno.com.br\/suno-one\/\">Suno One: acesse gratuitamente eBooks, Minicursos, Artigos e Video Aulas sobre investimentos com um \u00fanico cadastro. Clique para saber mais!<\/a><\/p>\n<p>\u201cEm um momento de desinforma\u00e7\u00e3o incontrol\u00e1vel e teorias da conspira\u00e7\u00e3o fomentadas por algoritmos, n\u00e3o podemos fingir que n\u00e3o vemos uma teoria tecnol\u00f3gica que diz que qualquer conex\u00e3o \u00e9 uma boa conex\u00e3o, quanto mais longa melhor, e tudo com o objetivo de recolher o m\u00e1ximo de dados poss\u00edvel\u201d, concluiu o executivo.<\/p>\n<h2>Apple bate US$ 100 bi em receitas apoiada em vendas de iPhone; a\u00e7\u00f5es afundam<\/h2>\n<p>A marca <strong>Apple<\/strong> reportou na noite da \u00faltima quarta-feira (27) seu resultados do quarto trimestre de 2020, com a empresa da ma\u00e7\u00e3 anotando uma <a href=\"https:\/\/www.suno.com.br\/artigos\/receita-total\/\">receita total<\/a> e um lucro dilu\u00eddo por a\u00e7\u00e3o recordes.<\/p>\n<p>A companhia anunciou que obteve um crescimento de 21% nas vendas, para o n\u00edvel recorde de US$ 111,4 bilh\u00f5es (o equivalente a R$ 601,56 bilh\u00f5es) no trimestre passado. Enquanto isso, o <a href=\"https:\/\/www.suno.com.br\/artigos\/lucro-liquido\/\">lucro l\u00edquido da Apple<\/a> saltou de US$ 22,236 bilh\u00f5es para US$ 28,755 bilh\u00f5es.<\/p>\n<p>Com isso, o <a href=\"https:\/\/www.suno.com.br\/artigos\/lpa-lucro-por-acao\/\">lucro por a\u00e7\u00e3o (LPA)<\/a> chegou a US$ 1,68 no trimestre encerrado em dezembro pela primeira vez na hist\u00f3ria, ante US$ 1,25 um ano antes.<\/p>\n<p>Por volta das 19h35 de ontem, no after hours, as <strong>a\u00e7\u00f5es da Apple<\/strong> na bolsa autom\u00e1tica dos Estados Unidos operavam em queda de 2,04%, a US$ 139,16.<\/p>\n\t<div data-element=\"shortcode-read-more\" class=\"knowMore\">\n\t\t\t\t<span class=\"knowMore__title\">Leia mais<\/span>\n\t\t\t\t<a class=\"knowMore__link\" href=\"https:\/\/www.suno.com.br\/noticias\/apple-recorde-receita-us100bi-vendas-iphone\/\">\n\t\t\tApple bate US$ 100 bi em receitas apoiada em vendas de iPhone; a\u00e7\u00f5es afundam\t\t<\/a>\n\t<\/div>\n\n\n<h2>\u00daltima cota\u00e7\u00e3o<\/h2>\n<p>As a\u00e7\u00f5es da <strong>Apple<\/strong> encerraram nesta quinta-feira em uma queda de 4,11% na <a href=\"https:\/\/www.suno.com.br\/artigos\/nasdaq\/\">NASDAQ<\/a>.<\/p>\n\t<p>\n\t\t<a href=\"https:\/\/lp.suno.com.br\/planilha-de-controle-de-investimentos\/\" target=\"_blank\" data-element=\"shortcode-suno-banner\" title=\"Banner SUNO, clique e saiba mais\">\n\t\t\t<picture>\n\t\t\t\t<source media=\"(max-width: 500px)\" srcset=\"https:\/\/files.sunoresearch.com.br\/n\/uploads\/2023\/03\/400x300-Controle-de-Investimentos.png\">\n\t\t\t\t<img class=\"newsContent__article__imgCapa newsContent__article__imgCapa--banner\"\n\t\t\t\t\tsrc=\"https:\/\/files.sunoresearch.com.br\/n\/uploads\/2023\/03\/1420x240-Controle-de-Investimentos.png\"\n\t\t\t\t\tdata-promo-id=\"75934\"\t\t\t\t\t\t\t\t\t\twidth='1420' height='240'\t\t\t\t\talt=\"https:\/\/files.sunoresearch.com.br\/n\/uploads\/2023\/03\/1420x240-Controle-de-Investimentos.png\"\n\t\t\t\t>\n\t\t\t<\/picture>\n\t\t<\/a>\n\t<\/p>\n\n\n","protected":false},"excerpt":{"rendered":"<p>Ap\u00f3s o Facebook criticar as mudan\u00e7as na privacidade de dados da Apple (NASDAQ: AAPL), o diretor-presidente da empresa, Tim Cook, rebateu nesta quinta-feira (28) as \u201cteorias da conspira\u00e7\u00e3o fomentadas por algoritmos\u201d. Apple fala sobre privacidade de dados ap\u00f3s ser criticada pelo Facebook O Facebook expressou, na \u00faltima quarta-feira, preocupa\u00e7\u00e3o quanto ao segmento de an\u00fancios, mencionando [&hellip;]<\/p>\n","protected":false},"author":56,"featured_media":116947,"comment_status":"closed","ping_status":"closed","sticky":false,"template":"","format":"standard","meta":[],"categories":[64],"tags":[794,733],"suno_strategy":[],"class_list":["post-116918","post","type-post","status-publish","format-standard","has-post-thumbnail","hentry","category-negocios","tag-apple-aapl34","tag-facebook-fbok34"],"yoast_head":"<!-- This site is optimized with the Yoast SEO plugin v24.4 - https:\/\/yoast.com\/wordpress\/plugins\/seo\/ -->\n<title>Apple fala sobre privacidade de dados ap\u00f3s ser criticada pelo Facebook<\/title>\n<meta name=\"description\" content=\"O diretor-presidente da Apple, Tim Cook, rebateu as \u201cteorias da conspira\u00e7\u00e3o fomentadas por algoritmos\u201d. Clique aqui para saber mais.\" \/>\n<meta name=\"robots\" content=\"index, follow, max-snippet:-1, max-image-preview:large, max-video-preview:-1\" \/>\n<link rel=\"canonical\" href=\"https:\/\/www.suno.com.br\/noticias\/apple-criticas-facebook-privacidade-dados\/\" \/>\n<meta property=\"og:locale\" content=\"pt_BR\" \/>\n<meta property=\"og:type\" content=\"article\" \/>\n<meta property=\"og:title\" content=\"Apple fala sobre privacidade de dados ap\u00f3s ser criticada pelo Facebook\" \/>\n<meta property=\"og:description\" content=\"O diretor-presidente da Apple, Tim Cook, rebateu as \u201cteorias da conspira\u00e7\u00e3o fomentadas por algoritmos\u201d. Clique aqui para saber mais.\" \/>\n<meta property=\"og:url\" content=\"https:\/\/www.suno.com.br\/noticias\/apple-criticas-facebook-privacidade-dados\/\" \/>\n<meta property=\"og:site_name\" content=\"Suno Not\u00edcias\" \/>\n<meta property=\"article:publisher\" content=\"https:\/\/facebook.com\/sunoresearch\" \/>\n<meta property=\"og:image\" content=\"https:\/\/files.sunoresearch.com.br\/n\/uploads\/2021\/01\/e4e710ce-apple-800x450-1.jpg\" \/>\n\t<meta property=\"og:image:width\" content=\"800\" \/>\n\t<meta property=\"og:image:height\" content=\"450\" \/>\n\t<meta property=\"og:image:type\" content=\"image\/jpeg\" \/>\n<meta name=\"author\" content=\"Rafaela La Regina\" \/>\n<meta name=\"twitter:card\" content=\"summary_large_image\" \/>\n<meta name=\"twitter:creator\" content=\"@sunoresearch\" \/>\n<meta name=\"twitter:site\" content=\"@sunoresearch\" \/>\n<meta name=\"twitter:label1\" content=\"Escrito por\" \/>\n\t<meta name=\"twitter:data1\" content=\"Rafaela La Regina\" \/>\n\t<meta name=\"twitter:label2\" content=\"Est. tempo de leitura\" \/>\n\t<meta name=\"twitter:data2\" content=\"2 minutos\" \/>\n<script type=\"application\/ld+json\" class=\"yoast-schema-graph\">{\"@context\":\"https:\/\/schema.org\",\"@graph\":[{\"@type\":\"NewsArticle\",\"@id\":\"https:\/\/www.suno.com.br\/noticias\/apple-criticas-facebook-privacidade-dados\/#article\",\"isPartOf\":{\"@id\":\"https:\/\/www.suno.com.br\/noticias\/apple-criticas-facebook-privacidade-dados\/\"},\"author\":{\"name\":\"Rafaela La Regina\",\"@id\":\"https:\/\/www.suno.com.br\/noticias\/#\/schema\/person\/e672ca8cea627fe715fa29bca7da95e0\"},\"headline\":\"Apple fala sobre privacidade de dados ap\u00f3s ser criticada pelo Facebook\",\"datePublished\":\"2021-01-28T22:27:48+00:00\",\"mainEntityOfPage\":{\"@id\":\"https:\/\/www.suno.com.br\/noticias\/apple-criticas-facebook-privacidade-dados\/\"},\"wordCount\":374,\"publisher\":{\"@id\":\"https:\/\/www.suno.com.br\/noticias\/#organization\"},\"image\":{\"@id\":\"https:\/\/www.suno.com.br\/noticias\/apple-criticas-facebook-privacidade-dados\/#primaryimage\"},\"thumbnailUrl\":\"https:\/\/files.sunoresearch.com.br\/n\/uploads\/2021\/01\/e4e710ce-apple-800x450-1-jpg.webp\",\"keywords\":[\"Apple (AAPL34)\",\"Facebook (FBOK34)\"],\"articleSection\":[\"Neg\u00f3cios\"],\"inLanguage\":\"pt-BR\"},{\"@type\":\"WebPage\",\"@id\":\"https:\/\/www.suno.com.br\/noticias\/apple-criticas-facebook-privacidade-dados\/\",\"url\":\"https:\/\/www.suno.com.br\/noticias\/apple-criticas-facebook-privacidade-dados\/\",\"name\":\"Apple fala sobre privacidade de dados ap\u00f3s ser criticada pelo Facebook\",\"isPartOf\":{\"@id\":\"https:\/\/www.suno.com.br\/noticias\/#website\"},\"primaryImageOfPage\":{\"@id\":\"https:\/\/www.suno.com.br\/noticias\/apple-criticas-facebook-privacidade-dados\/#primaryimage\"},\"image\":{\"@id\":\"https:\/\/www.suno.com.br\/noticias\/apple-criticas-facebook-privacidade-dados\/#primaryimage\"},\"thumbnailUrl\":\"https:\/\/files.sunoresearch.com.br\/n\/uploads\/2021\/01\/e4e710ce-apple-800x450-1-jpg.webp\",\"datePublished\":\"2021-01-28T22:27:48+00:00\",\"description\":\"O diretor-presidente da Apple, Tim Cook, rebateu as \u201cteorias da conspira\u00e7\u00e3o fomentadas por algoritmos\u201d. Clique aqui para saber mais.\",\"breadcrumb\":{\"@id\":\"https:\/\/www.suno.com.br\/noticias\/apple-criticas-facebook-privacidade-dados\/#breadcrumb\"},\"inLanguage\":\"pt-BR\",\"potentialAction\":[{\"@type\":\"ReadAction\",\"target\":[\"https:\/\/www.suno.com.br\/noticias\/apple-criticas-facebook-privacidade-dados\/\"]}]},{\"@type\":\"ImageObject\",\"inLanguage\":\"pt-BR\",\"@id\":\"https:\/\/www.suno.com.br\/noticias\/apple-criticas-facebook-privacidade-dados\/#primaryimage\",\"url\":\"https:\/\/files.sunoresearch.com.br\/n\/uploads\/2021\/01\/e4e710ce-apple-800x450-1-jpg.webp\",\"contentUrl\":\"https:\/\/files.sunoresearch.com.br\/n\/uploads\/2021\/01\/e4e710ce-apple-800x450-1-jpg.webp\",\"width\":800,\"height\":450,\"caption\":\"Apple fala sobre privacidade de dados ap\u00f3s ser criticada pelo Facebook\"},{\"@type\":\"BreadcrumbList\",\"@id\":\"https:\/\/www.suno.com.br\/noticias\/apple-criticas-facebook-privacidade-dados\/#breadcrumb\",\"itemListElement\":[{\"@type\":\"ListItem\",\"position\":1,\"name\":\"Not\u00edcias\",\"item\":\"https:\/\/www.suno.com.br\/noticias\/\"},{\"@type\":\"ListItem\",\"position\":2,\"name\":\"Neg\u00f3cios\",\"item\":\"https:\/\/www.suno.com.br\/noticias\/negocios\/\"},{\"@type\":\"ListItem\",\"position\":3,\"name\":\"Apple fala sobre privacidade de dados ap\u00f3s ser criticada pelo Facebook\"}]},{\"@type\":\"WebSite\",\"@id\":\"https:\/\/www.suno.com.br\/noticias\/#website\",\"url\":\"https:\/\/www.suno.com.br\/noticias\/\",\"name\":\"Suno Not\u00edcias\",\"description\":\"Seu portal de informa\u00e7\u00e3o sobre o mundo dos investimentos\",\"publisher\":{\"@id\":\"https:\/\/www.suno.com.br\/noticias\/#organization\"},\"potentialAction\":[{\"@type\":\"SearchAction\",\"target\":{\"@type\":\"EntryPoint\",\"urlTemplate\":\"https:\/\/www.suno.com.br\/noticias\/?s={search_term_string}\"},\"query-input\":{\"@type\":\"PropertyValueSpecification\",\"valueRequired\":true,\"valueName\":\"search_term_string\"}}],\"inLanguage\":\"pt-BR\"},{\"@type\":\"Organization\",\"@id\":\"https:\/\/www.suno.com.br\/noticias\/#organization\",\"name\":\"Suno Not\u00edcias\",\"url\":\"https:\/\/www.suno.com.br\/noticias\/\",\"logo\":{\"@type\":\"ImageObject\",\"inLanguage\":\"pt-BR\",\"@id\":\"https:\/\/www.suno.com.br\/noticias\/#\/schema\/logo\/image\/\",\"url\":\"https:\/\/files.sunoresearch.com.br\/n\/uploads\/2021\/09\/suno-logo.png\",\"contentUrl\":\"https:\/\/files.sunoresearch.com.br\/n\/uploads\/2021\/09\/suno-logo.png\",\"width\":180,\"height\":180,\"caption\":\"Suno Not\u00edcias\"},\"image\":{\"@id\":\"https:\/\/www.suno.com.br\/noticias\/#\/schema\/logo\/image\/\"},\"sameAs\":[\"https:\/\/facebook.com\/sunoresearch\",\"https:\/\/x.com\/sunoresearch\",\"https:\/\/www.instagram.com\/suno\",\"https:\/\/www.linkedin.com\/company\/suno-research\/\",\"https:\/\/www.youtube.com\/c\/sunoresearch\"]},{\"@type\":\"Person\",\"@id\":\"https:\/\/www.suno.com.br\/noticias\/#\/schema\/person\/e672ca8cea627fe715fa29bca7da95e0\",\"name\":\"Rafaela La Regina\",\"image\":{\"@type\":\"ImageObject\",\"inLanguage\":\"pt-BR\",\"@id\":\"https:\/\/www.suno.com.br\/noticias\/#\/schema\/person\/image\/\",\"url\":\"https:\/\/secure.gravatar.com\/avatar\/d2c75a52d243deb93d0465fdcb21bd37?s=96&r=g\",\"contentUrl\":\"https:\/\/secure.gravatar.com\/avatar\/d2c75a52d243deb93d0465fdcb21bd37?s=96&r=g\",\"caption\":\"Rafaela La Regina\"},\"description\":\"Estagi\u00e1ria no Suno Not\u00edcias. Escreve sobre economia, pol\u00edtica e neg\u00f3cios. Estuda Rela\u00e7\u00f5es Internacionais no IBMEC-SP.\",\"url\":\"https:\/\/www.suno.com.br\/noticias\/author\/rafaela-la-regina\/\"}]}<\/script>\n<!-- \/ Yoast SEO plugin. -->","yoast_head_json":{"title":"Apple fala sobre privacidade de dados ap\u00f3s ser criticada pelo Facebook","description":"O diretor-presidente da Apple, Tim Cook, rebateu as \u201cteorias da conspira\u00e7\u00e3o fomentadas por algoritmos\u201d. Clique aqui para saber mais.","robots":{"index":"index","follow":"follow","max-snippet":"max-snippet:-1","max-image-preview":"max-image-preview:large","max-video-preview":"max-video-preview:-1"},"canonical":"https:\/\/www.suno.com.br\/noticias\/apple-criticas-facebook-privacidade-dados\/","og_locale":"pt_BR","og_type":"article","og_title":"Apple fala sobre privacidade de dados ap\u00f3s ser criticada pelo Facebook","og_description":"O diretor-presidente da Apple, Tim Cook, rebateu as \u201cteorias da conspira\u00e7\u00e3o fomentadas por algoritmos\u201d. Clique aqui para saber mais.","og_url":"https:\/\/www.suno.com.br\/noticias\/apple-criticas-facebook-privacidade-dados\/","og_site_name":"Suno Not\u00edcias","article_publisher":"https:\/\/facebook.com\/sunoresearch","og_image":[{"width":800,"height":450,"url":"https:\/\/files.sunoresearch.com.br\/n\/uploads\/2021\/01\/e4e710ce-apple-800x450-1.jpg","type":"image\/jpeg"}],"author":"Rafaela La Regina","twitter_card":"summary_large_image","twitter_creator":"@sunoresearch","twitter_site":"@sunoresearch","twitter_misc":{"Escrito por":"Rafaela La Regina","Est. tempo de leitura":"2 minutos"},"schema":{"@context":"https:\/\/schema.org","@graph":[{"@type":"NewsArticle","@id":"https:\/\/www.suno.com.br\/noticias\/apple-criticas-facebook-privacidade-dados\/#article","isPartOf":{"@id":"https:\/\/www.suno.com.br\/noticias\/apple-criticas-facebook-privacidade-dados\/"},"author":{"name":"Rafaela La Regina","@id":"https:\/\/www.suno.com.br\/noticias\/#\/schema\/person\/e672ca8cea627fe715fa29bca7da95e0"},"headline":"Apple fala sobre privacidade de dados ap\u00f3s ser criticada pelo Facebook","datePublished":"2021-01-28T22:27:48+00:00","mainEntityOfPage":{"@id":"https:\/\/www.suno.com.br\/noticias\/apple-criticas-facebook-privacidade-dados\/"},"wordCount":374,"publisher":{"@id":"https:\/\/www.suno.com.br\/noticias\/#organization"},"image":{"@id":"https:\/\/www.suno.com.br\/noticias\/apple-criticas-facebook-privacidade-dados\/#primaryimage"},"thumbnailUrl":"https:\/\/files.sunoresearch.com.br\/n\/uploads\/2021\/01\/e4e710ce-apple-800x450-1-jpg.webp","keywords":["Apple (AAPL34)","Facebook (FBOK34)"],"articleSection":["Neg\u00f3cios"],"inLanguage":"pt-BR"},{"@type":"WebPage","@id":"https:\/\/www.suno.com.br\/noticias\/apple-criticas-facebook-privacidade-dados\/","url":"https:\/\/www.suno.com.br\/noticias\/apple-criticas-facebook-privacidade-dados\/","name":"Apple fala sobre privacidade de dados ap\u00f3s ser criticada pelo Facebook","isPartOf":{"@id":"https:\/\/www.suno.com.br\/noticias\/#website"},"primaryImageOfPage":{"@id":"https:\/\/www.suno.com.br\/noticias\/apple-criticas-facebook-privacidade-dados\/#primaryimage"},"image":{"@id":"https:\/\/www.suno.com.br\/noticias\/apple-criticas-facebook-privacidade-dados\/#primaryimage"},"thumbnailUrl":"https:\/\/files.sunoresearch.com.br\/n\/uploads\/2021\/01\/e4e710ce-apple-800x450-1-jpg.webp","datePublished":"2021-01-28T22:27:48+00:00","description":"O diretor-presidente da Apple, Tim Cook, rebateu as \u201cteorias da conspira\u00e7\u00e3o fomentadas por algoritmos\u201d. Clique aqui para saber mais.","breadcrumb":{"@id":"https:\/\/www.suno.com.br\/noticias\/apple-criticas-facebook-privacidade-dados\/#breadcrumb"},"inLanguage":"pt-BR","potentialAction":[{"@type":"ReadAction","target":["https:\/\/www.suno.com.br\/noticias\/apple-criticas-facebook-privacidade-dados\/"]}]},{"@type":"ImageObject","inLanguage":"pt-BR","@id":"https:\/\/www.suno.com.br\/noticias\/apple-criticas-facebook-privacidade-dados\/#primaryimage","url":"https:\/\/files.sunoresearch.com.br\/n\/uploads\/2021\/01\/e4e710ce-apple-800x450-1-jpg.webp","contentUrl":"https:\/\/files.sunoresearch.com.br\/n\/uploads\/2021\/01\/e4e710ce-apple-800x450-1-jpg.webp","width":800,"height":450,"caption":"Apple fala sobre privacidade de dados ap\u00f3s ser criticada pelo Facebook"},{"@type":"BreadcrumbList","@id":"https:\/\/www.suno.com.br\/noticias\/apple-criticas-facebook-privacidade-dados\/#breadcrumb","itemListElement":[{"@type":"ListItem","position":1,"name":"Not\u00edcias","item":"https:\/\/www.suno.com.br\/noticias\/"},{"@type":"ListItem","position":2,"name":"Neg\u00f3cios","item":"https:\/\/www.suno.com.br\/noticias\/negocios\/"},{"@type":"ListItem","position":3,"name":"Apple fala sobre privacidade de dados ap\u00f3s ser criticada pelo Facebook"}]},{"@type":"WebSite","@id":"https:\/\/www.suno.com.br\/noticias\/#website","url":"https:\/\/www.suno.com.br\/noticias\/","name":"Suno Not\u00edcias","description":"Seu portal de informa\u00e7\u00e3o sobre o mundo dos investimentos","publisher":{"@id":"https:\/\/www.suno.com.br\/noticias\/#organization"},"potentialAction":[{"@type":"SearchAction","target":{"@type":"EntryPoint","urlTemplate":"https:\/\/www.suno.com.br\/noticias\/?s={search_term_string}"},"query-input":{"@type":"PropertyValueSpecification","valueRequired":true,"valueName":"search_term_string"}}],"inLanguage":"pt-BR"},{"@type":"Organization","@id":"https:\/\/www.suno.com.br\/noticias\/#organization","name":"Suno Not\u00edcias","url":"https:\/\/www.suno.com.br\/noticias\/","logo":{"@type":"ImageObject","inLanguage":"pt-BR","@id":"https:\/\/www.suno.com.br\/noticias\/#\/schema\/logo\/image\/","url":"https:\/\/files.sunoresearch.com.br\/n\/uploads\/2021\/09\/suno-logo.png","contentUrl":"https:\/\/files.sunoresearch.com.br\/n\/uploads\/2021\/09\/suno-logo.png","width":180,"height":180,"caption":"Suno Not\u00edcias"},"image":{"@id":"https:\/\/www.suno.com.br\/noticias\/#\/schema\/logo\/image\/"},"sameAs":["https:\/\/facebook.com\/sunoresearch","https:\/\/x.com\/sunoresearch","https:\/\/www.instagram.com\/suno","https:\/\/www.linkedin.com\/company\/suno-research\/","https:\/\/www.youtube.com\/c\/sunoresearch"]},{"@type":"Person","@id":"https:\/\/www.suno.com.br\/noticias\/#\/schema\/person\/e672ca8cea627fe715fa29bca7da95e0","name":"Rafaela La Regina","image":{"@type":"ImageObject","inLanguage":"pt-BR","@id":"https:\/\/www.suno.com.br\/noticias\/#\/schema\/person\/image\/","url":"https:\/\/secure.gravatar.com\/avatar\/d2c75a52d243deb93d0465fdcb21bd37?s=96&r=g","contentUrl":"https:\/\/secure.gravatar.com\/avatar\/d2c75a52d243deb93d0465fdcb21bd37?s=96&r=g","caption":"Rafaela La Regina"},"description":"Estagi\u00e1ria no Suno Not\u00edcias. Escreve sobre economia, pol\u00edtica e neg\u00f3cios. Estuda Rela\u00e7\u00f5es Internacionais no IBMEC-SP.","url":"https:\/\/www.suno.com.br\/noticias\/author\/rafaela-la-regina\/"}]}},"default_loop_html":"<div class=\"cardsPage__listCard__boxs\"><div class=\"cardsPage__listCard__boxs__img\"><a href=\"https:\/\/www.suno.com.br\/noticias\/apple-criticas-facebook-privacidade-dados\/\"><img class=\"mask\" src=\"https:\/\/www.suno.com.br\/noticias\/wp-content\/themes\/suno\/resources\/images\/spotlight\/spotlight1img\/bg-mask.png\" alt=\"Image Mask\"\/><img src=\"https:\/\/files.sunoresearch.com.br\/n\/uploads\/2021\/01\/e4e710ce-apple-800x450-1-400x200.webp\" alt=\"Apple fala sobre privacidade de dados ap\u00f3s ser criticada pelo Facebook\"\/><\/a><span class=\"spotlightCategory\"><a href=\"https:\/\/www.suno.com.br\/noticias\/negocios\/\">Neg\u00f3cios<\/a><\/span><\/div><div class=\"cardsPage__listCard__boxs__content\"><a href=\"https:\/\/www.suno.com.br\/noticias\/apple-criticas-facebook-privacidade-dados\/\"><h2 class=\"content__title\">Apple fala sobre privacidade de dados ap\u00f3s ser criticada pelo Facebook<\/h2><\/a><div class=\"newsContent__article__meta\"><div class=\"newsContent__article__meta__authorBox\"><a href=\"https:\/\/www.suno.com.br\/noticias\/author\/rafaela-la-regina\/\" class=\"authorBox__avatar noMobi\"><img src=\"https:\/\/secure.gravatar.com\/avatar\/d2c75a52d243deb93d0465fdcb21bd37?s=96&#038;r=g\" alt=\"Rafaela La Regina\"><\/a><div class=\"authorBox__name\"><span>por\n\t\t\t<a href=\"https:\/\/www.suno.com.br\/noticias\/author\/rafaela-la-regina\/\"><span itemprop=\"author\">Rafaela La Regina<\/span><\/a><\/span><time datetime=\"2021-01-28T19:27:48-03:00\" itemprop=\"datePublished\">28\/01\/2021 19:27<\/time><\/div><\/div><\/div><\/div><\/div>","single_layout":"posts","amp_enabled":true,"_links":{"self":[{"href":"https:\/\/www.suno.com.br\/noticias\/wp-json\/wp\/v2\/posts\/116918"}],"collection":[{"href":"https:\/\/www.suno.com.br\/noticias\/wp-json\/wp\/v2\/posts"}],"about":[{"href":"https:\/\/www.suno.com.br\/noticias\/wp-json\/wp\/v2\/types\/post"}],"author":[{"embeddable":true,"href":"https:\/\/www.suno.com.br\/noticias\/wp-json\/wp\/v2\/users\/56"}],"replies":[{"embeddable":true,"href":"https:\/\/www.suno.com.br\/noticias\/wp-json\/wp\/v2\/comments?post=116918"}],"version-history":[{"count":0,"href":"https:\/\/www.suno.com.br\/noticias\/wp-json\/wp\/v2\/posts\/116918\/revisions"}],"wp:featuredmedia":[{"embeddable":true,"href":"https:\/\/www.suno.com.br\/noticias\/wp-json\/wp\/v2\/media\/116947"}],"wp:attachment":[{"href":"https:\/\/www.suno.com.br\/noticias\/wp-json\/wp\/v2\/media?parent=116918"}],"wp:term":[{"taxonomy":"category","embeddable":true,"href":"https:\/\/www.suno.com.br\/noticias\/wp-json\/wp\/v2\/categories?post=116918"},{"taxonomy":"post_tag","embeddable":true,"href":"https:\/\/www.suno.com.br\/noticias\/wp-json\/wp\/v2\/tags?post=116918"},{"taxonomy":"suno_strategy","embeddable":true,"href":"https:\/\/www.suno.com.br\/noticias\/wp-json\/wp\/v2\/suno_strategy?post=116918"}],"curies":[{"name":"wp","href":"https:\/\/api.w.org\/{rel}","templated":true}]}}