{"id":116905,"date":"2021-01-28T18:44:38","date_gmt":"2021-01-28T21:44:38","guid":{"rendered":"https:\/\/www.suno.com.br\/noticias\/?p=116905"},"modified":"2021-05-29T20:30:02","modified_gmt":"2021-05-29T23:30:02","slug":"arct11-ifix-fecha-alta-28012021","status":"publish","type":"post","link":"https:\/\/www.suno.com.br\/noticias\/arct11-ifix-fecha-alta-28012021\/","title":{"rendered":"ARCT11 comunica desdobramento de cotas e IFIX fecha em alta de 0,38%"},"content":{"rendered":"<p>O <b>IFIX<\/b>, \u00edndice de Fundos Imobili\u00e1rios da B3, fechou nesta quinta-feira (28) em alta de 0,38%, aos 2.872,16 pontos.<\/p>\t<div class=\"wrapper-featured-image\">\n\t\t<figure class=\"spotlightImg\">\n\n\t\t\t<picture>\n\t\t\t\t<source media=\"(max-width: 768px)\" srcset=\"https:\/\/files.sunoresearch.com.br\/n\/uploads\/2021\/01\/21a9b7db-ifix-400x200.webp\">\n\t\t\t\t<img loading=\"lazy\" decoding=\"async\" class=\"newsContent__article__imgCapa lazyloadDisabled \" src=\"https:\/\/files.sunoresearch.com.br\/n\/uploads\/2021\/01\/21a9b7db-ifix-800x450.webp\" width=\"800\" height=\"450\" alt=\"ARCT11 comunica desdobramento de cotas e IFIX fecha em alta de 0,38%\" fetchpriority=high \/>\n\t\t\t<\/picture>\n\n\t\t\t<figcaption class=\"wp-caption-text wp-caption-text--show\">Fundos imobili\u00e1rios Foto: Rubens Chaves\/Pulsar Imagens \/  (Rubens Chaves\/Divulga\u00e7\u00e3o)<\/figcaption>\n\t\t<\/figure>\n\t<\/div>\n\n\n<p>suno_banner id=&#8221;101751&#8243;]<\/p>\n<p>Com o resultado do <strong><a href=\"https:\/\/www.suno.com.br\/artigos\/ifix\/\">IFIX<\/a> hoje,<\/strong> o \u00edndice acumula uma alta de 0,16% em janeiro. Em 2020 reportou uma queda de 11,79%.<\/p>\n<p>Al\u00e9m disso, a m\u00e1xima no dia foi de 2.874,15 pontos, ao passo que a m\u00ednima ficou em 2.861,17 pontos.<\/p>\n<p><a href=\"https:\/\/lp.suno.com.br\/suno-one\/\">Suno One: acesse gratuitamente eBooks, Minicursos, Artigos e Video Aulas sobre investimentos com um \u00fanico cadastro. Clique para saber mais!<\/a><\/p>\n<h2>Principais not\u00edcias do dia em Fundos Imobili\u00e1rios<\/h2>\n<p>Confira as principais not\u00edcias que movimentaram o mercado de FIIs durante o dia:<\/p>\n<ul>\n<li>BRLA11 inicia na Bolsa<\/li>\n<li>ONEF11 aluga im\u00f3veis para Austral<\/li>\n<li>ARCT11 aprova desdobramento de cotas<\/li>\n<\/ul>\n<h3>BRLA11<\/h3>\n<p>A Bolsa de Valores de S\u00e3o Paulo (B3) anunciou que foram iniciados hoje, no mercado de bolsa,\u00a0 os neg\u00f3cios com as cotas subscritas e integralizadas do FII <strong>BRL Prop II<\/strong>. Segundo a B3, o c\u00f3digo de negocia\u00e7\u00e3o do Fundo \u00e9 <strong>BRLA11.<\/strong><\/p>\n<p>O BRLA11 \u00e9 destinado a investidores qualificados. De acordo com o comunicado, na primeira emiss\u00e3o de cotas, que foi encerrada em setembro de 2020, foram subscritas e integralizadas 398.956 cotas ao pre\u00e7o de R$ 100 cada uma. Frente a isso, o valor total da oferta foi de R$ 39.895.600,00.<\/p>\n<p>J\u00e1\u00a0 na 2\u00aa emiss\u00e3o, que encerrou em outubro, foram subscritas e integralizadas 411.096 cotas classe Subordinada (<strong>BRLA13<\/strong>), tamb\u00e9m ao pre\u00e7o de R$ 100 cada uma, sendo o valor total da oferta de R$ 41.109.600,00.<\/p>\n<h3>ONEF11<\/h3>\n<p>A <strong>Rio Bravo Investimentos<\/strong>, administradora do FII <strong>The One<\/strong> (ONEF11) informou que celebrou Contrato de Loca\u00e7\u00e3o de Im\u00f3vel N\u00e3o Residencial com a Austral Seguradora e a Austral Resseguradora, referente aos conjuntos 71 e 72 do Edif\u00edcio The One, pelo prazo de 60 meses.<\/p>\n\t<div data-element=\"shortcode-read-more\" class=\"knowMore\">\n\t\t\t\t<span class=\"knowMore__title\">Veja tamb\u00e9m<\/span>\n\t\t\t\t<a class=\"knowMore__link\" href=\"https:\/\/www.suno.com.br\/noticias\/hgre11-adquire-imoveis-ifix-fecha-queda\/\">\n\t\t\tHGRE11 adquire im\u00f3veis e IFIX fecha em queda de 0,020%\t\t<\/a>\n\t<\/div>\n\n\n<p>Assim, o <strong>ONEF11<\/strong> passa a ter todos os seus conjuntos do im\u00f3vel locados. Al\u00e9m disso, a loca\u00e7\u00e3o do im\u00f3vel poder\u00e1 impactar positivamente o resultado do fundo em R$ 0,115 por cota a partir de julho deste ano, considerando tanto a receita de aluguel quanto a extin\u00e7\u00e3o das despesas de vac\u00e2ncia.<\/p>\n<h3>ARCT11<\/h3>\n<p>O FII<strong> Riza Arctium Real Estate<\/strong> (<strong>ARCT11<\/strong>) informou que foi aprovado o desdobramento da totalidade das cotas, utilizando por base a posi\u00e7\u00e3o do fechamento do ARCT11 na \u00faltima ter\u00e7a-feira (26), na propor\u00e7\u00e3o de 1 para 10.<\/p>\n<p>Assim, o fato relevante ressalta que, depois do desdobramento, para cada cota existente ser\u00e3o atribu\u00eddas ao respectivo titular 9 novas cotas, totalizando dez cotas.<\/p>\n<p>&#8220;As Cotas do Fundo passar\u00e3o a ser negociadas na forma desdobrada a partir da abertura dos mercados do dia 27 de janeiro de 2021 e as novas Cotas ser\u00e3o creditadas nas contas de dep\u00f3sito dos cotistas no dia 01 de fevereiro de 2021, conferindo aos seus titulares os mesmos direitos das Cotas previamente existentes&#8221;.<\/p>\n<h2>Maiores altas e baixas do IFIX<\/h2>\n<p>Confira as maiores altas e baixas do dia no IFIX:<\/p>\n<h3>Maiores Altas do dia\u00a0no IFIX:<\/h3>\n<ul>\n<li><strong>BARI11<\/strong>: +3,20%\/ R$ 113,17<\/li>\n<li><strong>PATC11<\/strong>: +1,96% \/ R$ 83,60<\/li>\n<li><strong>VINO11<\/strong>: + 1,92% \/R$ 63,29<\/li>\n<li><strong>RCRB11<\/strong>: +1,75% \/R$ 168,20<\/li>\n<li><strong>PATL11<\/strong>: + 1,58% \/R$ 93,66<\/li>\n<\/ul>\n\t<p>\n\t\t<a href=\"https:\/\/lp.suno.com.br\/ebook-como-analisar-uma-acao\/\" target=\"_blank\" data-element=\"shortcode-suno-banner\" title=\"Banner SUNO, clique e saiba mais\">\n\t\t\t<picture>\n\t\t\t\t<source media=\"(max-width: 500px)\" srcset=\"https:\/\/files.sunoresearch.com.br\/n\/uploads\/2023\/03\/Ebook-Acoes-Mobile.jpg\">\n\t\t\t\t<img class=\"newsContent__article__imgCapa newsContent__article__imgCapa--banner\"\n\t\t\t\t\tsrc=\"https:\/\/files.sunoresearch.com.br\/n\/uploads\/2023\/03\/Ebook-Acoes-Desktop.jpg\"\n\t\t\t\t\tdata-promo-id=\"378302\"\t\t\t\t\t\t\t\t\t\twidth='1420' height='286'\t\t\t\t\talt=\"https:\/\/files.sunoresearch.com.br\/n\/uploads\/2023\/03\/Ebook-Acoes-Desktop.jpg\"\n\t\t\t\t>\n\t\t\t<\/picture>\n\t\t<\/a>\n\t<\/p>\n\n\n<h3>Maiores Baixas do dia no IFIX:<\/h3>\n<ul>\n<li><strong>HGRU11<\/strong>: -0,99% \/ R$ 127,57<\/li>\n<li><strong>SDIL11<\/strong>: -0,95% \/ R$ 104,75<\/li>\n<li><b>RBRR11<\/b>: -0,89% \/ R$ 93,18<\/li>\n<li><strong>FLMA11<\/strong>: -0,67% \/ R$ 2,98<\/li>\n<li><strong>RBRF11<\/strong>: -0,66% \/ R$ 98,35<\/li>\n<\/ul>\n<h2>O que \u00e9 o IFIX<\/h2>\n<p>O <b>IFIX <\/b>\u00e9 um indicador criado pela <a href=\"https:\/\/www.suno.com.br\/artigos\/b3\/\"><strong>Bolsa de Valores de S\u00e3o Paulo (B3)<\/strong><\/a> que tem como objetivo a medi\u00e7\u00e3o da performance de uma carteira composta por cotas de <strong>Fundos Imobili\u00e1rios.<\/strong><\/p>\n\t<p>\n\t\t<a href=\"https:\/\/lp.suno.com.br\/planilha-de-controle-de-investimentos\/\" target=\"_blank\" data-element=\"shortcode-suno-banner\" title=\"Banner SUNO, clique e saiba mais\">\n\t\t\t<picture>\n\t\t\t\t<source media=\"(max-width: 500px)\" srcset=\"https:\/\/files.sunoresearch.com.br\/n\/uploads\/2023\/03\/400x300-Controle-de-Investimentos.png\">\n\t\t\t\t<img class=\"newsContent__article__imgCapa newsContent__article__imgCapa--banner\"\n\t\t\t\t\tsrc=\"https:\/\/files.sunoresearch.com.br\/n\/uploads\/2023\/03\/1420x240-Controle-de-Investimentos.png\"\n\t\t\t\t\tdata-promo-id=\"75934\"\t\t\t\t\t\t\t\t\t\twidth='1420' height='240'\t\t\t\t\talt=\"https:\/\/files.sunoresearch.com.br\/n\/uploads\/2023\/03\/1420x240-Controle-de-Investimentos.png\"\n\t\t\t\t>\n\t\t\t<\/picture>\n\t\t<\/a>\n\t<\/p>\n\n\n","protected":false},"excerpt":{"rendered":"<p>O IFIX, \u00edndice de Fundos Imobili\u00e1rios da B3, fechou nesta quinta-feira (28) em alta de 0,38%, aos 2.872,16 pontos. Fundos imobili\u00e1rios Foto: Rubens Chaves\/Pulsar Imagens \/ (Rubens Chaves\/Divulga\u00e7\u00e3o) suno_banner id=&#8221;101751&#8243;] Com o resultado do IFIX hoje, o \u00edndice acumula uma alta de 0,16% em janeiro. Em 2020 reportou uma queda de 11,79%. Al\u00e9m disso, a [&hellip;]<\/p>\n","protected":false},"author":39,"featured_media":116916,"comment_status":"closed","ping_status":"closed","sticky":false,"template":"","format":"standard","meta":[],"categories":[66,60],"tags":[105794,313,315,2305,2689,105500,105550],"suno_strategy":[],"class_list":["post-116905","post","type-post","status-publish","format-standard","has-post-thumbnail","hentry","category-fiis","category-mercado","tag-brla11","tag-fundos-de-investimento","tag-fundos-imobiliarios-fiis","tag-hgru11","tag-ifix","tag-rcrb11","tag-vino11"],"yoast_head":"<!-- This site is optimized with the Yoast SEO plugin v24.4 - https:\/\/yoast.com\/wordpress\/plugins\/seo\/ -->\n<title>ARCT11 comunica desdobramento de cotas e IFIX fecha em alta de 0,38%<\/title>\n<meta name=\"description\" content=\"O IFIX fechou nesta quinta-feira (28) em alta de 0,38%, aos 2.872,16 pontos. Clique aqui e saiba mais sobre o IFIX hoje.\" \/>\n<meta name=\"robots\" content=\"index, follow, max-snippet:-1, max-image-preview:large, max-video-preview:-1\" \/>\n<link rel=\"canonical\" href=\"https:\/\/www.suno.com.br\/noticias\/arct11-ifix-fecha-alta-28012021\/\" \/>\n<meta property=\"og:locale\" content=\"pt_BR\" \/>\n<meta property=\"og:type\" content=\"article\" \/>\n<meta property=\"og:title\" content=\"ARCT11 comunica desdobramento de cotas e IFIX fecha em alta de 0,38%\" \/>\n<meta property=\"og:description\" content=\"O IFIX fechou nesta quinta-feira (28) em alta de 0,38%, aos 2.872,16 pontos. Clique aqui e saiba mais sobre o IFIX hoje.\" \/>\n<meta property=\"og:url\" content=\"https:\/\/www.suno.com.br\/noticias\/arct11-ifix-fecha-alta-28012021\/\" \/>\n<meta property=\"og:site_name\" content=\"Suno Not\u00edcias\" \/>\n<meta property=\"article:publisher\" content=\"https:\/\/facebook.com\/sunoresearch\" \/>\n<meta property=\"og:image\" content=\"https:\/\/files.sunoresearch.com.br\/n\/uploads\/2021\/01\/21a9b7db-ifix.jpg\" \/>\n\t<meta property=\"og:image:width\" content=\"800\" \/>\n\t<meta property=\"og:image:height\" content=\"800\" \/>\n\t<meta property=\"og:image:type\" content=\"image\/jpeg\" \/>\n<meta name=\"author\" content=\"Laura Moutinho\" \/>\n<meta name=\"twitter:card\" content=\"summary_large_image\" \/>\n<meta name=\"twitter:creator\" content=\"@sunoresearch\" \/>\n<meta name=\"twitter:site\" content=\"@sunoresearch\" \/>\n<meta name=\"twitter:label1\" content=\"Escrito por\" \/>\n\t<meta name=\"twitter:data1\" content=\"Laura Moutinho\" \/>\n\t<meta name=\"twitter:label2\" content=\"Est. tempo de leitura\" \/>\n\t<meta name=\"twitter:data2\" content=\"3 minutos\" \/>\n<script type=\"application\/ld+json\" class=\"yoast-schema-graph\">{\"@context\":\"https:\/\/schema.org\",\"@graph\":[{\"@type\":\"NewsArticle\",\"@id\":\"https:\/\/www.suno.com.br\/noticias\/arct11-ifix-fecha-alta-28012021\/#article\",\"isPartOf\":{\"@id\":\"https:\/\/www.suno.com.br\/noticias\/arct11-ifix-fecha-alta-28012021\/\"},\"author\":{\"name\":\"Laura Moutinho\",\"@id\":\"https:\/\/www.suno.com.br\/noticias\/#\/schema\/person\/3df0d2808748b74496efe5dbeaef2c72\"},\"headline\":\"ARCT11 comunica desdobramento de cotas e IFIX fecha em alta de 0,38%\",\"datePublished\":\"2021-01-28T21:44:38+00:00\",\"dateModified\":\"2021-05-29T23:30:02+00:00\",\"mainEntityOfPage\":{\"@id\":\"https:\/\/www.suno.com.br\/noticias\/arct11-ifix-fecha-alta-28012021\/\"},\"wordCount\":583,\"publisher\":{\"@id\":\"https:\/\/www.suno.com.br\/noticias\/#organization\"},\"image\":{\"@id\":\"https:\/\/www.suno.com.br\/noticias\/arct11-ifix-fecha-alta-28012021\/#primaryimage\"},\"thumbnailUrl\":\"https:\/\/files.sunoresearch.com.br\/n\/uploads\/2021\/01\/21a9b7db-ifix-jpg.webp\",\"keywords\":[\"BRLA11\",\"Fundos de investimento\",\"Fundos Imobili\u00e1rios (FIIs)\",\"HGRU11\",\"IFIX\",\"RCRB11\",\"VINO11\"],\"articleSection\":[\"FIIs\",\"Mercado\"],\"inLanguage\":\"pt-BR\"},{\"@type\":\"WebPage\",\"@id\":\"https:\/\/www.suno.com.br\/noticias\/arct11-ifix-fecha-alta-28012021\/\",\"url\":\"https:\/\/www.suno.com.br\/noticias\/arct11-ifix-fecha-alta-28012021\/\",\"name\":\"ARCT11 comunica desdobramento de cotas e IFIX fecha em alta de 0,38%\",\"isPartOf\":{\"@id\":\"https:\/\/www.suno.com.br\/noticias\/#website\"},\"primaryImageOfPage\":{\"@id\":\"https:\/\/www.suno.com.br\/noticias\/arct11-ifix-fecha-alta-28012021\/#primaryimage\"},\"image\":{\"@id\":\"https:\/\/www.suno.com.br\/noticias\/arct11-ifix-fecha-alta-28012021\/#primaryimage\"},\"thumbnailUrl\":\"https:\/\/files.sunoresearch.com.br\/n\/uploads\/2021\/01\/21a9b7db-ifix-jpg.webp\",\"datePublished\":\"2021-01-28T21:44:38+00:00\",\"dateModified\":\"2021-05-29T23:30:02+00:00\",\"description\":\"O IFIX fechou nesta quinta-feira (28) em alta de 0,38%, aos 2.872,16 pontos. Clique aqui e saiba mais sobre o IFIX hoje.\",\"breadcrumb\":{\"@id\":\"https:\/\/www.suno.com.br\/noticias\/arct11-ifix-fecha-alta-28012021\/#breadcrumb\"},\"inLanguage\":\"pt-BR\",\"potentialAction\":[{\"@type\":\"ReadAction\",\"target\":[\"https:\/\/www.suno.com.br\/noticias\/arct11-ifix-fecha-alta-28012021\/\"]}]},{\"@type\":\"ImageObject\",\"inLanguage\":\"pt-BR\",\"@id\":\"https:\/\/www.suno.com.br\/noticias\/arct11-ifix-fecha-alta-28012021\/#primaryimage\",\"url\":\"https:\/\/files.sunoresearch.com.br\/n\/uploads\/2021\/01\/21a9b7db-ifix-jpg.webp\",\"contentUrl\":\"https:\/\/files.sunoresearch.com.br\/n\/uploads\/2021\/01\/21a9b7db-ifix-jpg.webp\",\"width\":800,\"height\":800,\"caption\":\"Fundos imobili\u00e1rios Foto: Rubens Chaves\/Pulsar Imagens \/ (Rubens Chaves\/Divulga\u00e7\u00e3o)\"},{\"@type\":\"BreadcrumbList\",\"@id\":\"https:\/\/www.suno.com.br\/noticias\/arct11-ifix-fecha-alta-28012021\/#breadcrumb\",\"itemListElement\":[{\"@type\":\"ListItem\",\"position\":1,\"name\":\"Not\u00edcias\",\"item\":\"https:\/\/www.suno.com.br\/noticias\/\"},{\"@type\":\"ListItem\",\"position\":2,\"name\":\"FIIs\",\"item\":\"https:\/\/www.suno.com.br\/noticias\/fiis\/\"},{\"@type\":\"ListItem\",\"position\":3,\"name\":\"ARCT11 comunica desdobramento de cotas e IFIX fecha em alta de 0,38%\"}]},{\"@type\":\"WebSite\",\"@id\":\"https:\/\/www.suno.com.br\/noticias\/#website\",\"url\":\"https:\/\/www.suno.com.br\/noticias\/\",\"name\":\"Suno Not\u00edcias\",\"description\":\"Seu portal de informa\u00e7\u00e3o sobre o mundo dos investimentos\",\"publisher\":{\"@id\":\"https:\/\/www.suno.com.br\/noticias\/#organization\"},\"potentialAction\":[{\"@type\":\"SearchAction\",\"target\":{\"@type\":\"EntryPoint\",\"urlTemplate\":\"https:\/\/www.suno.com.br\/noticias\/?s={search_term_string}\"},\"query-input\":{\"@type\":\"PropertyValueSpecification\",\"valueRequired\":true,\"valueName\":\"search_term_string\"}}],\"inLanguage\":\"pt-BR\"},{\"@type\":\"Organization\",\"@id\":\"https:\/\/www.suno.com.br\/noticias\/#organization\",\"name\":\"Suno Not\u00edcias\",\"url\":\"https:\/\/www.suno.com.br\/noticias\/\",\"logo\":{\"@type\":\"ImageObject\",\"inLanguage\":\"pt-BR\",\"@id\":\"https:\/\/www.suno.com.br\/noticias\/#\/schema\/logo\/image\/\",\"url\":\"https:\/\/files.sunoresearch.com.br\/n\/uploads\/2021\/09\/suno-logo.png\",\"contentUrl\":\"https:\/\/files.sunoresearch.com.br\/n\/uploads\/2021\/09\/suno-logo.png\",\"width\":180,\"height\":180,\"caption\":\"Suno Not\u00edcias\"},\"image\":{\"@id\":\"https:\/\/www.suno.com.br\/noticias\/#\/schema\/logo\/image\/\"},\"sameAs\":[\"https:\/\/facebook.com\/sunoresearch\",\"https:\/\/x.com\/sunoresearch\",\"https:\/\/www.instagram.com\/suno\",\"https:\/\/www.linkedin.com\/company\/suno-research\/\",\"https:\/\/www.youtube.com\/c\/sunoresearch\"]},{\"@type\":\"Person\",\"@id\":\"https:\/\/www.suno.com.br\/noticias\/#\/schema\/person\/3df0d2808748b74496efe5dbeaef2c72\",\"name\":\"Laura Moutinho\",\"image\":{\"@type\":\"ImageObject\",\"inLanguage\":\"pt-BR\",\"@id\":\"https:\/\/www.suno.com.br\/noticias\/#\/schema\/person\/image\/\",\"url\":\"https:\/\/secure.gravatar.com\/avatar\/7571c7c8ca3a6fca5e41384ece5557ff?s=96&r=g\",\"contentUrl\":\"https:\/\/secure.gravatar.com\/avatar\/7571c7c8ca3a6fca5e41384ece5557ff?s=96&r=g\",\"caption\":\"Laura Moutinho\"},\"description\":\"Estagi\u00e1ria na Suno Not\u00edcias, escreve not\u00edcias que afetam o mercado financeiro. Estuda administra\u00e7\u00e3o na Universidade Presbiteriana Mackenzie.\",\"url\":\"https:\/\/www.suno.com.br\/noticias\/author\/laura-moutinho\/\"}]}<\/script>\n<!-- \/ Yoast SEO plugin. -->","yoast_head_json":{"title":"ARCT11 comunica desdobramento de cotas e IFIX fecha em alta de 0,38%","description":"O IFIX fechou nesta quinta-feira (28) em alta de 0,38%, aos 2.872,16 pontos. Clique aqui e saiba mais sobre o IFIX hoje.","robots":{"index":"index","follow":"follow","max-snippet":"max-snippet:-1","max-image-preview":"max-image-preview:large","max-video-preview":"max-video-preview:-1"},"canonical":"https:\/\/www.suno.com.br\/noticias\/arct11-ifix-fecha-alta-28012021\/","og_locale":"pt_BR","og_type":"article","og_title":"ARCT11 comunica desdobramento de cotas e IFIX fecha em alta de 0,38%","og_description":"O IFIX fechou nesta quinta-feira (28) em alta de 0,38%, aos 2.872,16 pontos. Clique aqui e saiba mais sobre o IFIX hoje.","og_url":"https:\/\/www.suno.com.br\/noticias\/arct11-ifix-fecha-alta-28012021\/","og_site_name":"Suno Not\u00edcias","article_publisher":"https:\/\/facebook.com\/sunoresearch","og_image":[{"width":800,"height":800,"url":"https:\/\/files.sunoresearch.com.br\/n\/uploads\/2021\/01\/21a9b7db-ifix.jpg","type":"image\/jpeg"}],"author":"Laura Moutinho","twitter_card":"summary_large_image","twitter_creator":"@sunoresearch","twitter_site":"@sunoresearch","twitter_misc":{"Escrito por":"Laura Moutinho","Est. tempo de leitura":"3 minutos"},"schema":{"@context":"https:\/\/schema.org","@graph":[{"@type":"NewsArticle","@id":"https:\/\/www.suno.com.br\/noticias\/arct11-ifix-fecha-alta-28012021\/#article","isPartOf":{"@id":"https:\/\/www.suno.com.br\/noticias\/arct11-ifix-fecha-alta-28012021\/"},"author":{"name":"Laura Moutinho","@id":"https:\/\/www.suno.com.br\/noticias\/#\/schema\/person\/3df0d2808748b74496efe5dbeaef2c72"},"headline":"ARCT11 comunica desdobramento de cotas e IFIX fecha em alta de 0,38%","datePublished":"2021-01-28T21:44:38+00:00","dateModified":"2021-05-29T23:30:02+00:00","mainEntityOfPage":{"@id":"https:\/\/www.suno.com.br\/noticias\/arct11-ifix-fecha-alta-28012021\/"},"wordCount":583,"publisher":{"@id":"https:\/\/www.suno.com.br\/noticias\/#organization"},"image":{"@id":"https:\/\/www.suno.com.br\/noticias\/arct11-ifix-fecha-alta-28012021\/#primaryimage"},"thumbnailUrl":"https:\/\/files.sunoresearch.com.br\/n\/uploads\/2021\/01\/21a9b7db-ifix-jpg.webp","keywords":["BRLA11","Fundos de investimento","Fundos Imobili\u00e1rios (FIIs)","HGRU11","IFIX","RCRB11","VINO11"],"articleSection":["FIIs","Mercado"],"inLanguage":"pt-BR"},{"@type":"WebPage","@id":"https:\/\/www.suno.com.br\/noticias\/arct11-ifix-fecha-alta-28012021\/","url":"https:\/\/www.suno.com.br\/noticias\/arct11-ifix-fecha-alta-28012021\/","name":"ARCT11 comunica desdobramento de cotas e IFIX fecha em alta de 0,38%","isPartOf":{"@id":"https:\/\/www.suno.com.br\/noticias\/#website"},"primaryImageOfPage":{"@id":"https:\/\/www.suno.com.br\/noticias\/arct11-ifix-fecha-alta-28012021\/#primaryimage"},"image":{"@id":"https:\/\/www.suno.com.br\/noticias\/arct11-ifix-fecha-alta-28012021\/#primaryimage"},"thumbnailUrl":"https:\/\/files.sunoresearch.com.br\/n\/uploads\/2021\/01\/21a9b7db-ifix-jpg.webp","datePublished":"2021-01-28T21:44:38+00:00","dateModified":"2021-05-29T23:30:02+00:00","description":"O IFIX fechou nesta quinta-feira (28) em alta de 0,38%, aos 2.872,16 pontos. Clique aqui e saiba mais sobre o IFIX hoje.","breadcrumb":{"@id":"https:\/\/www.suno.com.br\/noticias\/arct11-ifix-fecha-alta-28012021\/#breadcrumb"},"inLanguage":"pt-BR","potentialAction":[{"@type":"ReadAction","target":["https:\/\/www.suno.com.br\/noticias\/arct11-ifix-fecha-alta-28012021\/"]}]},{"@type":"ImageObject","inLanguage":"pt-BR","@id":"https:\/\/www.suno.com.br\/noticias\/arct11-ifix-fecha-alta-28012021\/#primaryimage","url":"https:\/\/files.sunoresearch.com.br\/n\/uploads\/2021\/01\/21a9b7db-ifix-jpg.webp","contentUrl":"https:\/\/files.sunoresearch.com.br\/n\/uploads\/2021\/01\/21a9b7db-ifix-jpg.webp","width":800,"height":800,"caption":"Fundos imobili\u00e1rios Foto: Rubens Chaves\/Pulsar Imagens \/ (Rubens Chaves\/Divulga\u00e7\u00e3o)"},{"@type":"BreadcrumbList","@id":"https:\/\/www.suno.com.br\/noticias\/arct11-ifix-fecha-alta-28012021\/#breadcrumb","itemListElement":[{"@type":"ListItem","position":1,"name":"Not\u00edcias","item":"https:\/\/www.suno.com.br\/noticias\/"},{"@type":"ListItem","position":2,"name":"FIIs","item":"https:\/\/www.suno.com.br\/noticias\/fiis\/"},{"@type":"ListItem","position":3,"name":"ARCT11 comunica desdobramento de cotas e IFIX fecha em alta de 0,38%"}]},{"@type":"WebSite","@id":"https:\/\/www.suno.com.br\/noticias\/#website","url":"https:\/\/www.suno.com.br\/noticias\/","name":"Suno Not\u00edcias","description":"Seu portal de informa\u00e7\u00e3o sobre o mundo dos investimentos","publisher":{"@id":"https:\/\/www.suno.com.br\/noticias\/#organization"},"potentialAction":[{"@type":"SearchAction","target":{"@type":"EntryPoint","urlTemplate":"https:\/\/www.suno.com.br\/noticias\/?s={search_term_string}"},"query-input":{"@type":"PropertyValueSpecification","valueRequired":true,"valueName":"search_term_string"}}],"inLanguage":"pt-BR"},{"@type":"Organization","@id":"https:\/\/www.suno.com.br\/noticias\/#organization","name":"Suno Not\u00edcias","url":"https:\/\/www.suno.com.br\/noticias\/","logo":{"@type":"ImageObject","inLanguage":"pt-BR","@id":"https:\/\/www.suno.com.br\/noticias\/#\/schema\/logo\/image\/","url":"https:\/\/files.sunoresearch.com.br\/n\/uploads\/2021\/09\/suno-logo.png","contentUrl":"https:\/\/files.sunoresearch.com.br\/n\/uploads\/2021\/09\/suno-logo.png","width":180,"height":180,"caption":"Suno Not\u00edcias"},"image":{"@id":"https:\/\/www.suno.com.br\/noticias\/#\/schema\/logo\/image\/"},"sameAs":["https:\/\/facebook.com\/sunoresearch","https:\/\/x.com\/sunoresearch","https:\/\/www.instagram.com\/suno","https:\/\/www.linkedin.com\/company\/suno-research\/","https:\/\/www.youtube.com\/c\/sunoresearch"]},{"@type":"Person","@id":"https:\/\/www.suno.com.br\/noticias\/#\/schema\/person\/3df0d2808748b74496efe5dbeaef2c72","name":"Laura Moutinho","image":{"@type":"ImageObject","inLanguage":"pt-BR","@id":"https:\/\/www.suno.com.br\/noticias\/#\/schema\/person\/image\/","url":"https:\/\/secure.gravatar.com\/avatar\/7571c7c8ca3a6fca5e41384ece5557ff?s=96&r=g","contentUrl":"https:\/\/secure.gravatar.com\/avatar\/7571c7c8ca3a6fca5e41384ece5557ff?s=96&r=g","caption":"Laura Moutinho"},"description":"Estagi\u00e1ria na Suno Not\u00edcias, escreve not\u00edcias que afetam o mercado financeiro. Estuda administra\u00e7\u00e3o na Universidade Presbiteriana Mackenzie.","url":"https:\/\/www.suno.com.br\/noticias\/author\/laura-moutinho\/"}]}},"default_loop_html":"<div class=\"cardsPage__listCard__boxs\"><div class=\"cardsPage__listCard__boxs__img\"><a href=\"https:\/\/www.suno.com.br\/noticias\/arct11-ifix-fecha-alta-28012021\/\"><img class=\"mask\" src=\"https:\/\/www.suno.com.br\/noticias\/wp-content\/themes\/suno\/resources\/images\/spotlight\/spotlight1img\/bg-mask.png\" alt=\"Image Mask\"\/><img src=\"https:\/\/files.sunoresearch.com.br\/n\/uploads\/2021\/01\/21a9b7db-ifix-400x200.webp\" alt=\"ARCT11 comunica desdobramento de cotas e IFIX fecha em alta de 0,38%\"\/><\/a><span class=\"spotlightCategory\"><a href=\"https:\/\/www.suno.com.br\/noticias\/fiis\/\">FIIs<\/a><\/span><\/div><div class=\"cardsPage__listCard__boxs__content\"><a href=\"https:\/\/www.suno.com.br\/noticias\/arct11-ifix-fecha-alta-28012021\/\"><h2 class=\"content__title\">ARCT11 comunica desdobramento de cotas e IFIX fecha em alta de 0,38%<\/h2><\/a><div class=\"newsContent__article__meta\"><div class=\"newsContent__article__meta__authorBox\"><a href=\"https:\/\/www.suno.com.br\/noticias\/author\/laura-moutinho\/\" class=\"authorBox__avatar noMobi\"><img src=\"https:\/\/files.sunoresearch.com.br\/n\/uploads\/2020\/08\/531ff69d-whatsapp-image-2020-08-03-at-14.54.38-150x150.webp\" alt=\"Laura Moutinho\"><\/a><div class=\"authorBox__name\"><span>por\n\t\t\t<a href=\"https:\/\/www.suno.com.br\/noticias\/author\/laura-moutinho\/\"><span itemprop=\"author\">Laura Moutinho<\/span><\/a><\/span><time datetime=\"2021-01-28T18:44:38-03:00\" itemprop=\"datePublished\">28\/01\/2021 18:44<\/time><\/div><\/div><\/div><\/div><\/div>","single_layout":"posts","amp_enabled":true,"_links":{"self":[{"href":"https:\/\/www.suno.com.br\/noticias\/wp-json\/wp\/v2\/posts\/116905"}],"collection":[{"href":"https:\/\/www.suno.com.br\/noticias\/wp-json\/wp\/v2\/posts"}],"about":[{"href":"https:\/\/www.suno.com.br\/noticias\/wp-json\/wp\/v2\/types\/post"}],"author":[{"embeddable":true,"href":"https:\/\/www.suno.com.br\/noticias\/wp-json\/wp\/v2\/users\/39"}],"replies":[{"embeddable":true,"href":"https:\/\/www.suno.com.br\/noticias\/wp-json\/wp\/v2\/comments?post=116905"}],"version-history":[{"count":1,"href":"https:\/\/www.suno.com.br\/noticias\/wp-json\/wp\/v2\/posts\/116905\/revisions"}],"predecessor-version":[{"id":146724,"href":"https:\/\/www.suno.com.br\/noticias\/wp-json\/wp\/v2\/posts\/116905\/revisions\/146724"}],"wp:featuredmedia":[{"embeddable":true,"href":"https:\/\/www.suno.com.br\/noticias\/wp-json\/wp\/v2\/media\/116916"}],"wp:attachment":[{"href":"https:\/\/www.suno.com.br\/noticias\/wp-json\/wp\/v2\/media?parent=116905"}],"wp:term":[{"taxonomy":"category","embeddable":true,"href":"https:\/\/www.suno.com.br\/noticias\/wp-json\/wp\/v2\/categories?post=116905"},{"taxonomy":"post_tag","embeddable":true,"href":"https:\/\/www.suno.com.br\/noticias\/wp-json\/wp\/v2\/tags?post=116905"},{"taxonomy":"suno_strategy","embeddable":true,"href":"https:\/\/www.suno.com.br\/noticias\/wp-json\/wp\/v2\/suno_strategy?post=116905"}],"curies":[{"name":"wp","href":"https:\/\/api.w.org\/{rel}","templated":true}]}}