{"id":116833,"date":"2021-01-28T15:54:22","date_gmt":"2021-01-28T18:54:22","guid":{"rendered":"https:\/\/www.suno.com.br\/noticias\/?p=116833"},"modified":"2021-01-29T16:02:59","modified_gmt":"2021-01-29T19:02:59","slug":"sindicatos-confirmam-greve-dos-caminhoneiros","status":"publish","type":"post","link":"https:\/\/www.suno.com.br\/noticias\/sindicatos-confirmam-greve-dos-caminhoneiros\/","title":{"rendered":"Sindicatos confirmam greve dos caminhoneiros"},"content":{"rendered":"<p>Sindicatos da categoria informaram nesta quinta-feira (28) que a <strong>greve dos caminhoneiros<\/strong> est\u00e1 mantida. As informa\u00e7\u00f5es s\u00e3o da <em>CNN.<\/em><\/p>\t<div class=\"wrapper-featured-image\">\n\t\t<figure class=\"spotlightImg\">\n\n\t\t\t<picture>\n\t\t\t\t<source media=\"(max-width: 768px)\" srcset=\"https:\/\/files.sunoresearch.com.br\/n\/uploads\/2021\/01\/0f057efa-grevedoscaminhoneiros-400x200.webp\">\n\t\t\t\t<img loading=\"lazy\" decoding=\"async\" class=\"newsContent__article__imgCapa lazyloadDisabled \" src=\"https:\/\/files.sunoresearch.com.br\/n\/uploads\/2021\/01\/0f057efa-grevedoscaminhoneiros-800x450.webp\" width=\"800\" height=\"450\" alt=\"Sindicatos confirmam greve dos caminhoneiros\" fetchpriority=high \/>\n\t\t\t<\/picture>\n\n\t\t\t<figcaption class=\"wp-caption-text wp-caption-text--show\">Greve dos caminhoneiros: Justi\u00e7a pro\u00edbe bloqueios na BR-101<\/figcaption>\n\t\t<\/figure>\n\t<\/div>\n\n\n\t<p>\n\t\t<a href=\"https:\/\/lp.suno.com.br\/planilha-controle-gastos\/\" target=\"_blank\" data-element=\"shortcode-suno-banner\" title=\"Banner SUNO, clique e saiba mais\">\n\t\t\t<picture>\n\t\t\t\t<source media=\"(max-width: 500px)\" srcset=\"https:\/\/files.sunoresearch.com.br\/n\/uploads\/2023\/03\/400x300-Planilha-controle-de-gastos.png\">\n\t\t\t\t<img class=\"newsContent__article__imgCapa newsContent__article__imgCapa--banner\"\n\t\t\t\t\tsrc=\"https:\/\/files.sunoresearch.com.br\/n\/uploads\/2023\/03\/1420x240-Planilha-controle-de-gastos.png\"\n\t\t\t\t\tdata-promo-id=\"101751\"\t\t\t\t\t\t\t\t\t\twidth='1420' height='240'\t\t\t\t\talt=\"https:\/\/files.sunoresearch.com.br\/n\/uploads\/2023\/03\/1420x240-Planilha-controle-de-gastos.png\"\n\t\t\t\t>\n\t\t\t<\/picture>\n\t\t<\/a>\n\t<\/p>\n\n\n<p>A greve dos caminhoneiros ser\u00e1 mantida mesmo ap\u00f3s o presidente da Rep\u00fablica, <strong>Jair Bolsonaro<\/strong> (sem partido), ter pedido para que os caminhoneiros n\u00e3o fizessem a paralisa\u00e7\u00e3o.<\/p>\n<p>&#8220;Reconhecemos o valor dos <strong>caminhoneiros<\/strong> para a economia, apelamos para eles que n\u00e3o fa\u00e7am greve, que todos n\u00f3s vamos perder&#8221;, disse o presidente na ultima quarta-feira (27).<\/p>\n<p><a href=\"https:\/\/lp.suno.com.br\/suno-one\/\">Suno One: acesse gratuitamente eBooks, Minicursos, Artigos e Video Aulas sobre investimentos com um \u00fanico cadastro. Clique para saber mais!<\/a><\/p>\n<p>O Conselho Nacional de Transportes Rodovi\u00e1rios de Cargas (<strong>CNTRC<\/strong>) enviou um of\u00edcio ao governo federal confirmando a greve, que est\u00e1 prevista para come\u00e7ar na pr\u00f3xima segunda-feira (1).<\/p>\n<p><iframe loading=\"lazy\" src=\"https:\/\/www.youtube.com\/embed\/a-CuFqilve8\" width=\"560\" height=\"315\" frameborder=\"0\" allowfullscreen=\"allowfullscreen\"><\/iframe><br \/>\nEntre as queixas apresentadas pelos caminhoneiros, est\u00e3o:<\/p>\n<ul>\n<li>alta do pre\u00e7o do diesel<\/li>\n<li>falta de fiscaliza\u00e7\u00e3o sobre transportadoras, que n\u00e3o estariam cumprindo direitos trabalhistas<\/li>\n<li>a revis\u00e3o de resolu\u00e7\u00f5es da <a href=\"https:\/\/www.suno.com.br\/artigos\/agencias-reguladoras\/\">Ag\u00eancia Nacional de Transporte Terrestre<\/a> (ANTT)<\/li>\n<li>pre\u00e7o m\u00ednimo de frete<\/li>\n<\/ul>\n\t<div data-element=\"shortcode-read-more\" class=\"knowMore\">\n\t\t\t\t<span class=\"knowMore__title\">Veja tamb\u00e9m<\/span>\n\t\t\t\t<a class=\"knowMore__link\" href=\"https:\/\/www.suno.com.br\/noticias\/greve-dos-caminhoneiros-ainda-nao-ameaca-dizem-analistas\/\">\n\t\t\tGreve dos caminhoneiros ainda n\u00e3o amea\u00e7a, dizem analistas\t\t<\/a>\n\t<\/div>\n\n\n<p>Al\u00e9m disso, a Associa\u00e7\u00e3o Nacional de Transporte do Brasil (ANTB) confirmou que participar\u00e1 da paralisa\u00e7\u00e3o. Segundo o presidente da associa\u00e7\u00e3o, <strong>Jos\u00e9\u00a0Roberto Stringascida,<\/strong> &#8220;o reajuste no pre\u00e7o [do combust\u00edvel] precisa ser no m\u00ednimo a cada seis meses. O ajuste semanal torna imposs\u00edvel o trabalho dos caminhoneiros&#8221;.<\/p>\n<p>Ao <strong>SUNO Not\u00edcias,<\/strong> Stringascida, informou que a categoria quer um pre\u00e7o nacional, &#8220;uma vez que o combust\u00edvel \u00e9 nosso, n\u00e3o tem por que ficar trabalhando com pre\u00e7o internacional e com reajuste semanal&#8221;. &#8220;Essa \u00e9 a pauta que a categoria n\u00e3o vai abrir m\u00e3o de forma nenhuma&#8221;, completou.<\/p>\n<h2>Para frear greve dos caminhoneiros, governo sinaliza redu\u00e7\u00e3o de imposto sobre diesel<\/h2>\n<p>Ap\u00f3s a <a href=\"https:\/\/www.suno.com.br\/acoes\/petr4\/\">Petrobras (PETR4)<\/a> ter aumentado o pre\u00e7o do diesel em 4,4% nas refinarias na \u00faltima ter\u00e7a-feira (26), o Bolsonaro sinalizou ontem em entrevista coletiva que pode diminuir impostos federais sobre os combust\u00edveis para impedir a greve dos caminhoneiros.<\/p>\n<p>Al\u00e9m disso, o pol\u00edtico afirmou esperar que os governos estaduais, com fim de evitar a paralisa\u00e7\u00e3o, tomem a mesma dire\u00e7\u00e3o e reduzam as al\u00edquotas do ICMS sobre o <strong>diesel<\/strong>.<\/p>\n\t<p>\n\t\t<a href=\"https:\/\/lp.suno.com.br\/ebook-como-analisar-uma-acao\/\" target=\"_blank\" data-element=\"shortcode-suno-banner\" title=\"Banner SUNO, clique e saiba mais\">\n\t\t\t<picture>\n\t\t\t\t<source media=\"(max-width: 500px)\" srcset=\"https:\/\/files.sunoresearch.com.br\/n\/uploads\/2023\/03\/Ebook-Acoes-Mobile.jpg\">\n\t\t\t\t<img class=\"newsContent__article__imgCapa newsContent__article__imgCapa--banner\"\n\t\t\t\t\tsrc=\"https:\/\/files.sunoresearch.com.br\/n\/uploads\/2023\/03\/Ebook-Acoes-Desktop.jpg\"\n\t\t\t\t\tdata-promo-id=\"378302\"\t\t\t\t\t\t\t\t\t\twidth='1420' height='286'\t\t\t\t\talt=\"https:\/\/files.sunoresearch.com.br\/n\/uploads\/2023\/03\/Ebook-Acoes-Desktop.jpg\"\n\t\t\t\t>\n\t\t\t<\/picture>\n\t\t<\/a>\n\t<\/p>\n\n\n<p>Bolsonaro disse tamb\u00e9m que o monop\u00f3lio em parte da cadeia de distribui\u00e7\u00e3o \u00e9 respons\u00e1vel pelos pre\u00e7os altos. O presidente afirmou ainda que o valor dos combust\u00edveis nas refinarias \u00e9 &#8220;razo\u00e1vel&#8221;, e que a alta ocorre no transporte at\u00e9 as bombas.<\/p>\n<p>Al\u00e9m disso, o mandat\u00e1rio fez um apelo \u00e0 classe, afirmou que reconhece a import\u00e2ncia de categoria e pediu pela n\u00e3o realiza\u00e7\u00e3o da <strong> greve dos caminhoneiros<\/strong>, afirmando que, se ocorrer, &#8220;todos v\u00e3o perder&#8221;.<\/p>\n<p><span style=\"font-weight: 400;\">\t<p>\n\t\t<a href=\"https:\/\/lp.suno.com.br\/planilha-de-controle-de-investimentos\/\" target=\"_blank\" data-element=\"shortcode-suno-banner\" title=\"Banner SUNO, clique e saiba mais\">\n\t\t\t<picture>\n\t\t\t\t<source media=\"(max-width: 500px)\" srcset=\"https:\/\/files.sunoresearch.com.br\/n\/uploads\/2023\/03\/400x300-Controle-de-Investimentos.png\">\n\t\t\t\t<img class=\"newsContent__article__imgCapa newsContent__article__imgCapa--banner\"\n\t\t\t\t\tsrc=\"https:\/\/files.sunoresearch.com.br\/n\/uploads\/2023\/03\/1420x240-Controle-de-Investimentos.png\"\n\t\t\t\t\tdata-promo-id=\"75934\"\t\t\t\t\t\t\t\t\t\twidth='1420' height='240'\t\t\t\t\talt=\"https:\/\/files.sunoresearch.com.br\/n\/uploads\/2023\/03\/1420x240-Controle-de-Investimentos.png\"\n\t\t\t\t>\n\t\t\t<\/picture>\n\t\t<\/a>\n\t<\/p>\n\n<\/span><\/p>\n","protected":false},"excerpt":{"rendered":"<p>Sindicatos da categoria informaram nesta quinta-feira (28) que a greve dos caminhoneiros est\u00e1 mantida. As informa\u00e7\u00f5es s\u00e3o da CNN. Greve dos caminhoneiros: Justi\u00e7a pro\u00edbe bloqueios na BR-101 A greve dos caminhoneiros ser\u00e1 mantida mesmo ap\u00f3s o presidente da Rep\u00fablica, Jair Bolsonaro (sem partido), ter pedido para que os caminhoneiros n\u00e3o fizessem a paralisa\u00e7\u00e3o. &#8220;Reconhecemos o [&hellip;]<\/p>\n","protected":false},"author":39,"featured_media":113261,"comment_status":"closed","ping_status":"closed","sticky":false,"template":"","format":"standard","meta":[],"categories":[62],"tags":[833,2462],"suno_strategy":[],"class_list":["post-116833","post","type-post","status-publish","format-standard","has-post-thumbnail","hentry","category-economia","tag-greve-dos-caminhoneiros","tag-greves"],"yoast_head":"<!-- This site is optimized with the Yoast SEO plugin v24.4 - https:\/\/yoast.com\/wordpress\/plugins\/seo\/ -->\n<title>Sindicatos da categoria confirmam greve dos caminhoneiros<\/title>\n<meta name=\"description\" content=\"Sindicatos da categoria informaram nesta quinta-feira (27) que a greve dos caminhoneiros est\u00e1 mantida. Clique aqui e saiba mais.\" \/>\n<meta name=\"robots\" content=\"index, follow, max-snippet:-1, max-image-preview:large, max-video-preview:-1\" \/>\n<link rel=\"canonical\" href=\"https:\/\/www.suno.com.br\/noticias\/sindicatos-confirmam-greve-dos-caminhoneiros\/\" \/>\n<meta property=\"og:locale\" content=\"pt_BR\" \/>\n<meta property=\"og:type\" content=\"article\" \/>\n<meta property=\"og:title\" content=\"Sindicatos da categoria confirmam greve dos caminhoneiros\" \/>\n<meta property=\"og:description\" content=\"Sindicatos da categoria informaram nesta quinta-feira (27) que a greve dos caminhoneiros est\u00e1 mantida. Clique aqui e saiba mais.\" \/>\n<meta property=\"og:url\" content=\"https:\/\/www.suno.com.br\/noticias\/sindicatos-confirmam-greve-dos-caminhoneiros\/\" \/>\n<meta property=\"og:site_name\" content=\"Suno Not\u00edcias\" \/>\n<meta property=\"article:publisher\" content=\"https:\/\/facebook.com\/sunoresearch\" \/>\n<meta property=\"og:image\" content=\"https:\/\/files.sunoresearch.com.br\/n\/uploads\/2021\/01\/0f057efa-grevedoscaminhoneiros.jpg\" \/>\n\t<meta property=\"og:image:width\" content=\"1024\" \/>\n\t<meta property=\"og:image:height\" content=\"668\" \/>\n\t<meta property=\"og:image:type\" content=\"image\/jpeg\" \/>\n<meta name=\"author\" content=\"Laura Moutinho\" \/>\n<meta name=\"twitter:card\" content=\"summary_large_image\" \/>\n<meta name=\"twitter:creator\" content=\"@sunoresearch\" \/>\n<meta name=\"twitter:site\" content=\"@sunoresearch\" \/>\n<meta name=\"twitter:label1\" content=\"Escrito por\" \/>\n\t<meta name=\"twitter:data1\" content=\"Laura Moutinho\" \/>\n\t<meta name=\"twitter:label2\" content=\"Est. tempo de leitura\" \/>\n\t<meta name=\"twitter:data2\" content=\"2 minutos\" \/>\n<script type=\"application\/ld+json\" class=\"yoast-schema-graph\">{\"@context\":\"https:\/\/schema.org\",\"@graph\":[{\"@type\":\"NewsArticle\",\"@id\":\"https:\/\/www.suno.com.br\/noticias\/sindicatos-confirmam-greve-dos-caminhoneiros\/#article\",\"isPartOf\":{\"@id\":\"https:\/\/www.suno.com.br\/noticias\/sindicatos-confirmam-greve-dos-caminhoneiros\/\"},\"author\":{\"name\":\"Laura Moutinho\",\"@id\":\"https:\/\/www.suno.com.br\/noticias\/#\/schema\/person\/3df0d2808748b74496efe5dbeaef2c72\"},\"headline\":\"Sindicatos confirmam greve dos caminhoneiros\",\"datePublished\":\"2021-01-28T18:54:22+00:00\",\"dateModified\":\"2021-01-29T19:02:59+00:00\",\"mainEntityOfPage\":{\"@id\":\"https:\/\/www.suno.com.br\/noticias\/sindicatos-confirmam-greve-dos-caminhoneiros\/\"},\"wordCount\":486,\"publisher\":{\"@id\":\"https:\/\/www.suno.com.br\/noticias\/#organization\"},\"image\":{\"@id\":\"https:\/\/www.suno.com.br\/noticias\/sindicatos-confirmam-greve-dos-caminhoneiros\/#primaryimage\"},\"thumbnailUrl\":\"https:\/\/files.sunoresearch.com.br\/n\/uploads\/2021\/01\/0f057efa-grevedoscaminhoneiros-jpg.webp\",\"keywords\":[\"greve dos caminhoneiros\",\"greves\"],\"articleSection\":[\"Economia\"],\"inLanguage\":\"pt-BR\"},{\"@type\":\"WebPage\",\"@id\":\"https:\/\/www.suno.com.br\/noticias\/sindicatos-confirmam-greve-dos-caminhoneiros\/\",\"url\":\"https:\/\/www.suno.com.br\/noticias\/sindicatos-confirmam-greve-dos-caminhoneiros\/\",\"name\":\"Sindicatos da categoria confirmam greve dos caminhoneiros\",\"isPartOf\":{\"@id\":\"https:\/\/www.suno.com.br\/noticias\/#website\"},\"primaryImageOfPage\":{\"@id\":\"https:\/\/www.suno.com.br\/noticias\/sindicatos-confirmam-greve-dos-caminhoneiros\/#primaryimage\"},\"image\":{\"@id\":\"https:\/\/www.suno.com.br\/noticias\/sindicatos-confirmam-greve-dos-caminhoneiros\/#primaryimage\"},\"thumbnailUrl\":\"https:\/\/files.sunoresearch.com.br\/n\/uploads\/2021\/01\/0f057efa-grevedoscaminhoneiros-jpg.webp\",\"datePublished\":\"2021-01-28T18:54:22+00:00\",\"dateModified\":\"2021-01-29T19:02:59+00:00\",\"description\":\"Sindicatos da categoria informaram nesta quinta-feira (27) que a greve dos caminhoneiros est\u00e1 mantida. Clique aqui e saiba mais.\",\"breadcrumb\":{\"@id\":\"https:\/\/www.suno.com.br\/noticias\/sindicatos-confirmam-greve-dos-caminhoneiros\/#breadcrumb\"},\"inLanguage\":\"pt-BR\",\"potentialAction\":[{\"@type\":\"ReadAction\",\"target\":[\"https:\/\/www.suno.com.br\/noticias\/sindicatos-confirmam-greve-dos-caminhoneiros\/\"]}]},{\"@type\":\"ImageObject\",\"inLanguage\":\"pt-BR\",\"@id\":\"https:\/\/www.suno.com.br\/noticias\/sindicatos-confirmam-greve-dos-caminhoneiros\/#primaryimage\",\"url\":\"https:\/\/files.sunoresearch.com.br\/n\/uploads\/2021\/01\/0f057efa-grevedoscaminhoneiros-jpg.webp\",\"contentUrl\":\"https:\/\/files.sunoresearch.com.br\/n\/uploads\/2021\/01\/0f057efa-grevedoscaminhoneiros-jpg.webp\",\"width\":1024,\"height\":668,\"caption\":\"Greve dos caminhoneiros: Justi\u00e7a pro\u00edbe bloqueios na BR-101\"},{\"@type\":\"BreadcrumbList\",\"@id\":\"https:\/\/www.suno.com.br\/noticias\/sindicatos-confirmam-greve-dos-caminhoneiros\/#breadcrumb\",\"itemListElement\":[{\"@type\":\"ListItem\",\"position\":1,\"name\":\"Not\u00edcias\",\"item\":\"https:\/\/www.suno.com.br\/noticias\/\"},{\"@type\":\"ListItem\",\"position\":2,\"name\":\"Economia\",\"item\":\"https:\/\/www.suno.com.br\/noticias\/economia\/\"},{\"@type\":\"ListItem\",\"position\":3,\"name\":\"Sindicatos confirmam greve dos caminhoneiros\"}]},{\"@type\":\"WebSite\",\"@id\":\"https:\/\/www.suno.com.br\/noticias\/#website\",\"url\":\"https:\/\/www.suno.com.br\/noticias\/\",\"name\":\"Suno Not\u00edcias\",\"description\":\"Seu portal de informa\u00e7\u00e3o sobre o mundo dos investimentos\",\"publisher\":{\"@id\":\"https:\/\/www.suno.com.br\/noticias\/#organization\"},\"potentialAction\":[{\"@type\":\"SearchAction\",\"target\":{\"@type\":\"EntryPoint\",\"urlTemplate\":\"https:\/\/www.suno.com.br\/noticias\/?s={search_term_string}\"},\"query-input\":{\"@type\":\"PropertyValueSpecification\",\"valueRequired\":true,\"valueName\":\"search_term_string\"}}],\"inLanguage\":\"pt-BR\"},{\"@type\":\"Organization\",\"@id\":\"https:\/\/www.suno.com.br\/noticias\/#organization\",\"name\":\"Suno Not\u00edcias\",\"url\":\"https:\/\/www.suno.com.br\/noticias\/\",\"logo\":{\"@type\":\"ImageObject\",\"inLanguage\":\"pt-BR\",\"@id\":\"https:\/\/www.suno.com.br\/noticias\/#\/schema\/logo\/image\/\",\"url\":\"https:\/\/files.sunoresearch.com.br\/n\/uploads\/2021\/09\/suno-logo.png\",\"contentUrl\":\"https:\/\/files.sunoresearch.com.br\/n\/uploads\/2021\/09\/suno-logo.png\",\"width\":180,\"height\":180,\"caption\":\"Suno Not\u00edcias\"},\"image\":{\"@id\":\"https:\/\/www.suno.com.br\/noticias\/#\/schema\/logo\/image\/\"},\"sameAs\":[\"https:\/\/facebook.com\/sunoresearch\",\"https:\/\/x.com\/sunoresearch\",\"https:\/\/www.instagram.com\/suno\",\"https:\/\/www.linkedin.com\/company\/suno-research\/\",\"https:\/\/www.youtube.com\/c\/sunoresearch\"]},{\"@type\":\"Person\",\"@id\":\"https:\/\/www.suno.com.br\/noticias\/#\/schema\/person\/3df0d2808748b74496efe5dbeaef2c72\",\"name\":\"Laura Moutinho\",\"image\":{\"@type\":\"ImageObject\",\"inLanguage\":\"pt-BR\",\"@id\":\"https:\/\/www.suno.com.br\/noticias\/#\/schema\/person\/image\/\",\"url\":\"https:\/\/secure.gravatar.com\/avatar\/7571c7c8ca3a6fca5e41384ece5557ff?s=96&r=g\",\"contentUrl\":\"https:\/\/secure.gravatar.com\/avatar\/7571c7c8ca3a6fca5e41384ece5557ff?s=96&r=g\",\"caption\":\"Laura Moutinho\"},\"description\":\"Estagi\u00e1ria na Suno Not\u00edcias, escreve not\u00edcias que afetam o mercado financeiro. Estuda administra\u00e7\u00e3o na Universidade Presbiteriana Mackenzie.\",\"url\":\"https:\/\/www.suno.com.br\/noticias\/author\/laura-moutinho\/\"}]}<\/script>\n<!-- \/ Yoast SEO plugin. -->","yoast_head_json":{"title":"Sindicatos da categoria confirmam greve dos caminhoneiros","description":"Sindicatos da categoria informaram nesta quinta-feira (27) que a greve dos caminhoneiros est\u00e1 mantida. Clique aqui e saiba mais.","robots":{"index":"index","follow":"follow","max-snippet":"max-snippet:-1","max-image-preview":"max-image-preview:large","max-video-preview":"max-video-preview:-1"},"canonical":"https:\/\/www.suno.com.br\/noticias\/sindicatos-confirmam-greve-dos-caminhoneiros\/","og_locale":"pt_BR","og_type":"article","og_title":"Sindicatos da categoria confirmam greve dos caminhoneiros","og_description":"Sindicatos da categoria informaram nesta quinta-feira (27) que a greve dos caminhoneiros est\u00e1 mantida. Clique aqui e saiba mais.","og_url":"https:\/\/www.suno.com.br\/noticias\/sindicatos-confirmam-greve-dos-caminhoneiros\/","og_site_name":"Suno Not\u00edcias","article_publisher":"https:\/\/facebook.com\/sunoresearch","og_image":[{"width":1024,"height":668,"url":"https:\/\/files.sunoresearch.com.br\/n\/uploads\/2021\/01\/0f057efa-grevedoscaminhoneiros.jpg","type":"image\/jpeg"}],"author":"Laura Moutinho","twitter_card":"summary_large_image","twitter_creator":"@sunoresearch","twitter_site":"@sunoresearch","twitter_misc":{"Escrito por":"Laura Moutinho","Est. tempo de leitura":"2 minutos"},"schema":{"@context":"https:\/\/schema.org","@graph":[{"@type":"NewsArticle","@id":"https:\/\/www.suno.com.br\/noticias\/sindicatos-confirmam-greve-dos-caminhoneiros\/#article","isPartOf":{"@id":"https:\/\/www.suno.com.br\/noticias\/sindicatos-confirmam-greve-dos-caminhoneiros\/"},"author":{"name":"Laura Moutinho","@id":"https:\/\/www.suno.com.br\/noticias\/#\/schema\/person\/3df0d2808748b74496efe5dbeaef2c72"},"headline":"Sindicatos confirmam greve dos caminhoneiros","datePublished":"2021-01-28T18:54:22+00:00","dateModified":"2021-01-29T19:02:59+00:00","mainEntityOfPage":{"@id":"https:\/\/www.suno.com.br\/noticias\/sindicatos-confirmam-greve-dos-caminhoneiros\/"},"wordCount":486,"publisher":{"@id":"https:\/\/www.suno.com.br\/noticias\/#organization"},"image":{"@id":"https:\/\/www.suno.com.br\/noticias\/sindicatos-confirmam-greve-dos-caminhoneiros\/#primaryimage"},"thumbnailUrl":"https:\/\/files.sunoresearch.com.br\/n\/uploads\/2021\/01\/0f057efa-grevedoscaminhoneiros-jpg.webp","keywords":["greve dos caminhoneiros","greves"],"articleSection":["Economia"],"inLanguage":"pt-BR"},{"@type":"WebPage","@id":"https:\/\/www.suno.com.br\/noticias\/sindicatos-confirmam-greve-dos-caminhoneiros\/","url":"https:\/\/www.suno.com.br\/noticias\/sindicatos-confirmam-greve-dos-caminhoneiros\/","name":"Sindicatos da categoria confirmam greve dos caminhoneiros","isPartOf":{"@id":"https:\/\/www.suno.com.br\/noticias\/#website"},"primaryImageOfPage":{"@id":"https:\/\/www.suno.com.br\/noticias\/sindicatos-confirmam-greve-dos-caminhoneiros\/#primaryimage"},"image":{"@id":"https:\/\/www.suno.com.br\/noticias\/sindicatos-confirmam-greve-dos-caminhoneiros\/#primaryimage"},"thumbnailUrl":"https:\/\/files.sunoresearch.com.br\/n\/uploads\/2021\/01\/0f057efa-grevedoscaminhoneiros-jpg.webp","datePublished":"2021-01-28T18:54:22+00:00","dateModified":"2021-01-29T19:02:59+00:00","description":"Sindicatos da categoria informaram nesta quinta-feira (27) que a greve dos caminhoneiros est\u00e1 mantida. Clique aqui e saiba mais.","breadcrumb":{"@id":"https:\/\/www.suno.com.br\/noticias\/sindicatos-confirmam-greve-dos-caminhoneiros\/#breadcrumb"},"inLanguage":"pt-BR","potentialAction":[{"@type":"ReadAction","target":["https:\/\/www.suno.com.br\/noticias\/sindicatos-confirmam-greve-dos-caminhoneiros\/"]}]},{"@type":"ImageObject","inLanguage":"pt-BR","@id":"https:\/\/www.suno.com.br\/noticias\/sindicatos-confirmam-greve-dos-caminhoneiros\/#primaryimage","url":"https:\/\/files.sunoresearch.com.br\/n\/uploads\/2021\/01\/0f057efa-grevedoscaminhoneiros-jpg.webp","contentUrl":"https:\/\/files.sunoresearch.com.br\/n\/uploads\/2021\/01\/0f057efa-grevedoscaminhoneiros-jpg.webp","width":1024,"height":668,"caption":"Greve dos caminhoneiros: Justi\u00e7a pro\u00edbe bloqueios na BR-101"},{"@type":"BreadcrumbList","@id":"https:\/\/www.suno.com.br\/noticias\/sindicatos-confirmam-greve-dos-caminhoneiros\/#breadcrumb","itemListElement":[{"@type":"ListItem","position":1,"name":"Not\u00edcias","item":"https:\/\/www.suno.com.br\/noticias\/"},{"@type":"ListItem","position":2,"name":"Economia","item":"https:\/\/www.suno.com.br\/noticias\/economia\/"},{"@type":"ListItem","position":3,"name":"Sindicatos confirmam greve dos caminhoneiros"}]},{"@type":"WebSite","@id":"https:\/\/www.suno.com.br\/noticias\/#website","url":"https:\/\/www.suno.com.br\/noticias\/","name":"Suno Not\u00edcias","description":"Seu portal de informa\u00e7\u00e3o sobre o mundo dos investimentos","publisher":{"@id":"https:\/\/www.suno.com.br\/noticias\/#organization"},"potentialAction":[{"@type":"SearchAction","target":{"@type":"EntryPoint","urlTemplate":"https:\/\/www.suno.com.br\/noticias\/?s={search_term_string}"},"query-input":{"@type":"PropertyValueSpecification","valueRequired":true,"valueName":"search_term_string"}}],"inLanguage":"pt-BR"},{"@type":"Organization","@id":"https:\/\/www.suno.com.br\/noticias\/#organization","name":"Suno Not\u00edcias","url":"https:\/\/www.suno.com.br\/noticias\/","logo":{"@type":"ImageObject","inLanguage":"pt-BR","@id":"https:\/\/www.suno.com.br\/noticias\/#\/schema\/logo\/image\/","url":"https:\/\/files.sunoresearch.com.br\/n\/uploads\/2021\/09\/suno-logo.png","contentUrl":"https:\/\/files.sunoresearch.com.br\/n\/uploads\/2021\/09\/suno-logo.png","width":180,"height":180,"caption":"Suno Not\u00edcias"},"image":{"@id":"https:\/\/www.suno.com.br\/noticias\/#\/schema\/logo\/image\/"},"sameAs":["https:\/\/facebook.com\/sunoresearch","https:\/\/x.com\/sunoresearch","https:\/\/www.instagram.com\/suno","https:\/\/www.linkedin.com\/company\/suno-research\/","https:\/\/www.youtube.com\/c\/sunoresearch"]},{"@type":"Person","@id":"https:\/\/www.suno.com.br\/noticias\/#\/schema\/person\/3df0d2808748b74496efe5dbeaef2c72","name":"Laura Moutinho","image":{"@type":"ImageObject","inLanguage":"pt-BR","@id":"https:\/\/www.suno.com.br\/noticias\/#\/schema\/person\/image\/","url":"https:\/\/secure.gravatar.com\/avatar\/7571c7c8ca3a6fca5e41384ece5557ff?s=96&r=g","contentUrl":"https:\/\/secure.gravatar.com\/avatar\/7571c7c8ca3a6fca5e41384ece5557ff?s=96&r=g","caption":"Laura Moutinho"},"description":"Estagi\u00e1ria na Suno Not\u00edcias, escreve not\u00edcias que afetam o mercado financeiro. Estuda administra\u00e7\u00e3o na Universidade Presbiteriana Mackenzie.","url":"https:\/\/www.suno.com.br\/noticias\/author\/laura-moutinho\/"}]}},"default_loop_html":"<div class=\"cardsPage__listCard__boxs\"><div class=\"cardsPage__listCard__boxs__img\"><a href=\"https:\/\/www.suno.com.br\/noticias\/sindicatos-confirmam-greve-dos-caminhoneiros\/\"><img class=\"mask\" src=\"https:\/\/www.suno.com.br\/noticias\/wp-content\/themes\/suno\/resources\/images\/spotlight\/spotlight1img\/bg-mask.png\" alt=\"Image Mask\"\/><img src=\"https:\/\/files.sunoresearch.com.br\/n\/uploads\/2021\/01\/0f057efa-grevedoscaminhoneiros-400x200.webp\" alt=\"Sindicatos confirmam greve dos caminhoneiros\"\/><\/a><span class=\"spotlightCategory\"><a href=\"https:\/\/www.suno.com.br\/noticias\/economia\/\">Economia<\/a><\/span><\/div><div class=\"cardsPage__listCard__boxs__content\"><a href=\"https:\/\/www.suno.com.br\/noticias\/sindicatos-confirmam-greve-dos-caminhoneiros\/\"><h2 class=\"content__title\">Sindicatos confirmam greve dos caminhoneiros<\/h2><\/a><div class=\"newsContent__article__meta\"><div class=\"newsContent__article__meta__authorBox\"><a href=\"https:\/\/www.suno.com.br\/noticias\/author\/laura-moutinho\/\" class=\"authorBox__avatar noMobi\"><img src=\"https:\/\/files.sunoresearch.com.br\/n\/uploads\/2020\/08\/531ff69d-whatsapp-image-2020-08-03-at-14.54.38-150x150.webp\" alt=\"Laura Moutinho\"><\/a><div class=\"authorBox__name\"><span>por\n\t\t\t<a href=\"https:\/\/www.suno.com.br\/noticias\/author\/laura-moutinho\/\"><span itemprop=\"author\">Laura Moutinho<\/span><\/a><\/span><time datetime=\"2021-01-28T15:54:22-03:00\" itemprop=\"datePublished\">28\/01\/2021 15:54<\/time><\/div><\/div><\/div><\/div><\/div>","single_layout":"posts","amp_enabled":true,"_links":{"self":[{"href":"https:\/\/www.suno.com.br\/noticias\/wp-json\/wp\/v2\/posts\/116833"}],"collection":[{"href":"https:\/\/www.suno.com.br\/noticias\/wp-json\/wp\/v2\/posts"}],"about":[{"href":"https:\/\/www.suno.com.br\/noticias\/wp-json\/wp\/v2\/types\/post"}],"author":[{"embeddable":true,"href":"https:\/\/www.suno.com.br\/noticias\/wp-json\/wp\/v2\/users\/39"}],"replies":[{"embeddable":true,"href":"https:\/\/www.suno.com.br\/noticias\/wp-json\/wp\/v2\/comments?post=116833"}],"version-history":[{"count":0,"href":"https:\/\/www.suno.com.br\/noticias\/wp-json\/wp\/v2\/posts\/116833\/revisions"}],"wp:featuredmedia":[{"embeddable":true,"href":"https:\/\/www.suno.com.br\/noticias\/wp-json\/wp\/v2\/media\/113261"}],"wp:attachment":[{"href":"https:\/\/www.suno.com.br\/noticias\/wp-json\/wp\/v2\/media?parent=116833"}],"wp:term":[{"taxonomy":"category","embeddable":true,"href":"https:\/\/www.suno.com.br\/noticias\/wp-json\/wp\/v2\/categories?post=116833"},{"taxonomy":"post_tag","embeddable":true,"href":"https:\/\/www.suno.com.br\/noticias\/wp-json\/wp\/v2\/tags?post=116833"},{"taxonomy":"suno_strategy","embeddable":true,"href":"https:\/\/www.suno.com.br\/noticias\/wp-json\/wp\/v2\/suno_strategy?post=116833"}],"curies":[{"name":"wp","href":"https:\/\/api.w.org\/{rel}","templated":true}]}}