{"id":116795,"date":"2021-01-28T15:30:19","date_gmt":"2021-01-28T18:30:19","guid":{"rendered":"https:\/\/www.suno.com.br\/noticias\/?p=116795"},"modified":"2021-05-12T12:45:18","modified_gmt":"2021-05-12T15:45:18","slug":"blackrock-nega-vacina-empresas-brasil","status":"publish","type":"post","link":"https:\/\/www.suno.com.br\/noticias\/blackrock-nega-vacina-empresas-brasil\/","title":{"rendered":"BlackRock nega que negocia doses de vacina com empresas privadas do Brasil"},"content":{"rendered":"<p>A <a href=\"https:\/\/www.suno.com.br\/artigos\/por-que-eu-acho-a-blackrock-interessante\/\">BlackRock<\/a>, maior gestora de recursos do mundo, negou que esteja negociando a venda de 33 milh\u00f5es de doses da <strong>vacina<\/strong> contra o <a href=\"https:\/\/www.suno.com.br\/noticias\/search\/coronav%C3%ADrus\">novo coronav\u00edrus (Covid-19)<\/a> da AstraZeneca-Oxford com empresas privadas brasileiras. A informa\u00e7\u00e3o foi comunicado ao p\u00fablico nesta quinta-feira (28).<\/p>\t<div class=\"wrapper-featured-image\">\n\t\t<figure class=\"spotlightImg\">\n\n\t\t\t<picture>\n\t\t\t\t<source media=\"(max-width: 768px)\" srcset=\"https:\/\/files.sunoresearch.com.br\/n\/uploads\/2021\/01\/c603535b-astrazeneca-vacina-400x200.webp\">\n\t\t\t\t<img loading=\"lazy\" decoding=\"async\" class=\"newsContent__article__imgCapa lazyloadDisabled \" src=\"https:\/\/files.sunoresearch.com.br\/n\/uploads\/2021\/01\/c603535b-astrazeneca-vacina-800x450.webp\" width=\"800\" height=\"450\" alt=\"BlackRock nega que negocia doses de vacina com empresas privadas do Brasil\" fetchpriority=high \/>\n\t\t\t<\/picture>\n\n\t\t\t<figcaption class=\"wp-caption-text wp-caption-text--show\">AstraZeneca<\/figcaption>\n\t\t<\/figure>\n\t<\/div>\n\n\n\t<p>\n\t\t<a href=\"https:\/\/lp.suno.com.br\/planilha-controle-gastos\/\" target=\"_blank\" data-element=\"shortcode-suno-banner\" title=\"Banner SUNO, clique e saiba mais\">\n\t\t\t<picture>\n\t\t\t\t<source media=\"(max-width: 500px)\" srcset=\"https:\/\/files.sunoresearch.com.br\/n\/uploads\/2023\/03\/400x300-Planilha-controle-de-gastos.png\">\n\t\t\t\t<img class=\"newsContent__article__imgCapa newsContent__article__imgCapa--banner\"\n\t\t\t\t\tsrc=\"https:\/\/files.sunoresearch.com.br\/n\/uploads\/2023\/03\/1420x240-Planilha-controle-de-gastos.png\"\n\t\t\t\t\tdata-promo-id=\"101751\"\t\t\t\t\t\t\t\t\t\twidth='1420' height='240'\t\t\t\t\talt=\"https:\/\/files.sunoresearch.com.br\/n\/uploads\/2023\/03\/1420x240-Planilha-controle-de-gastos.png\"\n\t\t\t\t>\n\t\t\t<\/picture>\n\t\t<\/a>\n\t<\/p>\n\n\n<p>O posicionamento da gestora veio \u00e0 tona ap\u00f3s representantes da <strong>Coaliz\u00e3o Ind\u00fastria<\/strong> (que re\u00fane grandes empresas e entidades do segmento) disserem que as negocia\u00e7\u00f5es para a aquisi\u00e7\u00e3o da vacina ocorrem com um fundo de investimento, n\u00e3o diretamente com a <strong>AstraZeneca<\/strong>.<\/p>\n<p>A farmac\u00eautica tamb\u00e9m nega que esteja em negocia\u00e7\u00f5es para o fornecimento das doses. A BlackRock decidiu se posicionar por conta da participa\u00e7\u00e3o acion\u00e1ria que possui na AstraZeneca, o que poderia gerar rumores de que as negocia\u00e7\u00f5es ocorrem com ela.<\/p>\n<p><a href=\"https:\/\/lp.suno.com.br\/suno-one\/\"><span style=\"font-weight: 400;\">Suno One: acesse gratuitamente eBooks, Minicursos, Artigos e Video Aulas sobre investimentos com um \u00fanico cadastro. Clique para saber mais!<\/span><\/a><\/p>\n<p>&#8220;A <strong>BlackRock<\/strong> n\u00e3o tem nenhum acordo com nenhum fornecedor de vacinas Covid para adquirir <strong>doses de vacina<\/strong> e nunca se envolveu em quaisquer discuss\u00f5es relacionadas com o esfor\u00e7o das empresas brasileiras para adquirir a vacina AstraZeneca&#8221;, disse a gestora, em comunicado enviado \u00e0 revista <em>EXAME<\/em>, reafirmando que os &#8220;rumores s\u00e3o completamente falsos&#8221;.<\/p>\n<p>Na teoria, metade do pacote de 33 milh\u00f5es de doses encomendados pelo grupo ficariam com o SUS, enquanto os outros 50% seriam utilizados para a imuniza\u00e7\u00e3o de colaboradores de empresas privadas. Um grupo de empres\u00e1rios se encontrou com o presidente Jair Bolsonaro nesta semana, que deu o aval do governo federal para a negocia\u00e7\u00e3o.<\/p>\n\t<p>\n\t\t<a href=\"https:\/\/lp.suno.com.br\/ebook-como-analisar-uma-acao\/\" target=\"_blank\" data-element=\"shortcode-suno-banner\" title=\"Banner SUNO, clique e saiba mais\">\n\t\t\t<picture>\n\t\t\t\t<source media=\"(max-width: 500px)\" srcset=\"https:\/\/files.sunoresearch.com.br\/n\/uploads\/2023\/03\/Ebook-Acoes-Mobile.jpg\">\n\t\t\t\t<img class=\"newsContent__article__imgCapa newsContent__article__imgCapa--banner\"\n\t\t\t\t\tsrc=\"https:\/\/files.sunoresearch.com.br\/n\/uploads\/2023\/03\/Ebook-Acoes-Desktop.jpg\"\n\t\t\t\t\tdata-promo-id=\"378302\"\t\t\t\t\t\t\t\t\t\twidth='1420' height='286'\t\t\t\t\talt=\"https:\/\/files.sunoresearch.com.br\/n\/uploads\/2023\/03\/Ebook-Acoes-Desktop.jpg\"\n\t\t\t\t>\n\t\t\t<\/picture>\n\t\t<\/a>\n\t<\/p>\n\n\n<p><a href=\"https:\/\/www.suno.com.br\/acoes\/oibr3\/\"><strong>Oi<\/strong> (OIBR3)<\/a>, <a href=\"https:\/\/www.suno.com.br\/acoes\/jbss3\/\"><strong>JBS<\/strong> (JBSS3)<\/a> e <a href=\"https:\/\/www.suno.com.br\/acoes\/vale3\/\"><strong>Vale<\/strong> (VALE3)<\/a> confirmaram que foram convidadas para as conversas, mas recusaram. A <a href=\"https:\/\/www.suno.com.br\/acoes\/ggbr4\/\"><strong>Gerdau<\/strong> (GGBR4)<\/a> confirmou que participa das conversas, mas que n\u00e3o lidera o grupo &#8212; um diretor jur\u00eddico estaria participando do grupo de empres\u00e1rios que encabe\u00e7a o cons\u00f3rcio.<\/p>\n<p>Um dos l\u00edderes do movimento, o presidente do Instituto A\u00e7o Brasil, <strong>Marco Polo Lopes<\/strong>, disse que as negocia\u00e7\u00f5es est\u00e3o em curso. Ele salientou que a opera\u00e7\u00e3o ocorre com o aval de <strong>Bolsonaro<\/strong>. &#8220;Desde o in\u00edcio da pandemia, a ind\u00fastria est\u00e1 ajudando a salvar vidas. E estamos num esfor\u00e7o para trazer essas 33 milh\u00f5es de doses&#8221;, afirma. Lopes comentou que o investimento para comprar o lote seria de aproximadamente R$ 4,4 bilh\u00f5es.<\/p>\n<h2>Doses da vacina diretamente para empresas causa desconforto<\/h2>\n<p>Ap\u00f3s a informa\u00e7\u00e3o de que o setor privado havia se organizado para adquirir doses da vacina de forma acelerada, ainda com o aval do governo federal, causou certo desconforto. Isso ocorre porque, inicialmente, os fabricantes est\u00e3o focados em abastecer governos e \u00f3rg\u00e3os multilaterais.<\/p>\n\t<div data-element=\"shortcode-read-more\" class=\"knowMore\">\n\t\t\t\t<span class=\"knowMore__title\">Saiba mais<\/span>\n\t\t\t\t<a class=\"knowMore__link\" href=\"https:\/\/www.suno.com.br\/noticias\/vacina-covid19-bayer\/\">\n\t\t\tVacina contra covid-19 da Bayer deve ficar pronta no 2T21, diz empresa\t\t<\/a>\n\t<\/div>\n\n\n<p>Um dos exemplos \u00e9 a <strong>Covax Facility<\/strong>, alian\u00e7a da <strong>Organiza\u00e7\u00e3o Mundial da Sa\u00fade (OMS)<\/strong> para compra de vacinas para os pa\u00edses mais pobres &#8212; que, inclusive, engloba o Brasil. O Pa\u00eds j\u00e1 adquiriu direitos de aquisi\u00e7\u00e3o de doses para 10% da popula\u00e7\u00e3o, ao passo que o governo negocia com laborat\u00f3rios de forma paralela.<\/p>\n<p>\u201cNo momento, todas as doses da vacina est\u00e3o dispon\u00edveis por meio de acordos firmados com governos e organiza\u00e7\u00f5es multilaterais ao redor do mundo, incluindo da Covax Facility, n\u00e3o sendo poss\u00edvel disponibilizar vacinas para o <a href=\"https:\/\/www.suno.com.br\/artigos\/iniciativa-privada\/\">mercado privado<\/a>\u201d, informou a AstraZeneca em comunicado divulgado na \u00faltima ter\u00e7a-feira (26).<\/p>\n<p>A farmac\u00eautica brit\u00e2nica, inclusive, tem uma cordo de transfer\u00eancia de tecnologia com a Funda\u00e7\u00e3o Oswaldo Cruz. Isso far\u00e1 com que a <strong>vacina<\/strong> desenvolvida junto \u00e0 Universidade de Oxford seja fabricada aqui no Brasil.<\/p>\n\t<p>\n\t\t<a href=\"https:\/\/lp.suno.com.br\/planilha-de-controle-de-investimentos\/\" target=\"_blank\" data-element=\"shortcode-suno-banner\" title=\"Banner SUNO, clique e saiba mais\">\n\t\t\t<picture>\n\t\t\t\t<source media=\"(max-width: 500px)\" srcset=\"https:\/\/files.sunoresearch.com.br\/n\/uploads\/2023\/03\/400x300-Controle-de-Investimentos.png\">\n\t\t\t\t<img class=\"newsContent__article__imgCapa newsContent__article__imgCapa--banner\"\n\t\t\t\t\tsrc=\"https:\/\/files.sunoresearch.com.br\/n\/uploads\/2023\/03\/1420x240-Controle-de-Investimentos.png\"\n\t\t\t\t\tdata-promo-id=\"75934\"\t\t\t\t\t\t\t\t\t\twidth='1420' height='240'\t\t\t\t\talt=\"https:\/\/files.sunoresearch.com.br\/n\/uploads\/2023\/03\/1420x240-Controle-de-Investimentos.png\"\n\t\t\t\t>\n\t\t\t<\/picture>\n\t\t<\/a>\n\t<\/p>\n\n\n","protected":false},"excerpt":{"rendered":"<p>A BlackRock, maior gestora de recursos do mundo, negou que esteja negociando a venda de 33 milh\u00f5es de doses da vacina contra o novo coronav\u00edrus (Covid-19) da AstraZeneca-Oxford com empresas privadas brasileiras. A informa\u00e7\u00e3o foi comunicado ao p\u00fablico nesta quinta-feira (28). AstraZeneca O posicionamento da gestora veio \u00e0 tona ap\u00f3s representantes da Coaliz\u00e3o Ind\u00fastria (que [&hellip;]<\/p>\n","protected":false},"author":24,"featured_media":116797,"comment_status":"closed","ping_status":"closed","sticky":false,"template":"","format":"standard","meta":[],"categories":[63],"tags":[1332,2487,313,25002],"suno_strategy":[],"class_list":["post-116795","post","type-post","status-publish","format-standard","has-post-thumbnail","hentry","category-internacional","tag-blackrock-blak34","tag-coronavirus","tag-fundos-de-investimento","tag-vacina"],"yoast_head":"<!-- This site is optimized with the Yoast SEO plugin v24.4 - https:\/\/yoast.com\/wordpress\/plugins\/seo\/ -->\n<title>BlackRock nega que negocia doses de vacina com empresas brasileiras<\/title>\n<meta name=\"description\" content=\"A BlackRock negou que esteja negociando a venda de 33 milh\u00f5es de doses da vacina com empresas privadas brasileiras. Clique e saiba mais.\" \/>\n<meta name=\"robots\" content=\"index, follow, max-snippet:-1, max-image-preview:large, max-video-preview:-1\" \/>\n<link rel=\"canonical\" href=\"https:\/\/www.suno.com.br\/noticias\/blackrock-nega-vacina-empresas-brasil\/\" \/>\n<meta property=\"og:locale\" content=\"pt_BR\" \/>\n<meta property=\"og:type\" content=\"article\" \/>\n<meta property=\"og:title\" content=\"BlackRock nega que negocia doses de vacina com empresas brasileiras\" \/>\n<meta property=\"og:description\" content=\"A BlackRock negou que esteja negociando a venda de 33 milh\u00f5es de doses da vacina com empresas privadas brasileiras. Clique e saiba mais.\" \/>\n<meta property=\"og:url\" content=\"https:\/\/www.suno.com.br\/noticias\/blackrock-nega-vacina-empresas-brasil\/\" \/>\n<meta property=\"og:site_name\" content=\"Suno Not\u00edcias\" \/>\n<meta property=\"article:publisher\" content=\"https:\/\/facebook.com\/sunoresearch\" \/>\n<meta property=\"og:image\" content=\"https:\/\/files.sunoresearch.com.br\/n\/uploads\/2021\/01\/c603535b-astrazeneca-vacina.jpg\" \/>\n\t<meta property=\"og:image:width\" content=\"1500\" \/>\n\t<meta property=\"og:image:height\" content=\"1000\" \/>\n\t<meta property=\"og:image:type\" content=\"image\/jpeg\" \/>\n<meta name=\"author\" content=\"Jader Lazarini\" \/>\n<meta name=\"twitter:card\" content=\"summary_large_image\" \/>\n<meta name=\"twitter:creator\" content=\"@sunoresearch\" \/>\n<meta name=\"twitter:site\" content=\"@sunoresearch\" \/>\n<meta name=\"twitter:label1\" content=\"Escrito por\" \/>\n\t<meta name=\"twitter:data1\" content=\"Jader Lazarini\" \/>\n\t<meta name=\"twitter:label2\" content=\"Est. tempo de leitura\" \/>\n\t<meta name=\"twitter:data2\" content=\"3 minutos\" \/>\n<script type=\"application\/ld+json\" class=\"yoast-schema-graph\">{\"@context\":\"https:\/\/schema.org\",\"@graph\":[{\"@type\":\"NewsArticle\",\"@id\":\"https:\/\/www.suno.com.br\/noticias\/blackrock-nega-vacina-empresas-brasil\/#article\",\"isPartOf\":{\"@id\":\"https:\/\/www.suno.com.br\/noticias\/blackrock-nega-vacina-empresas-brasil\/\"},\"author\":{\"name\":\"Jader Lazarini\",\"@id\":\"https:\/\/www.suno.com.br\/noticias\/#\/schema\/person\/918d79de1f0281f01599b93f9ea6e23f\"},\"headline\":\"BlackRock nega que negocia doses de vacina com empresas privadas do Brasil\",\"datePublished\":\"2021-01-28T18:30:19+00:00\",\"dateModified\":\"2021-05-12T15:45:18+00:00\",\"mainEntityOfPage\":{\"@id\":\"https:\/\/www.suno.com.br\/noticias\/blackrock-nega-vacina-empresas-brasil\/\"},\"wordCount\":634,\"publisher\":{\"@id\":\"https:\/\/www.suno.com.br\/noticias\/#organization\"},\"image\":{\"@id\":\"https:\/\/www.suno.com.br\/noticias\/blackrock-nega-vacina-empresas-brasil\/#primaryimage\"},\"thumbnailUrl\":\"https:\/\/files.sunoresearch.com.br\/n\/uploads\/2021\/01\/c603535b-astrazeneca-vacina-jpg.webp\",\"keywords\":[\"Blackrock (BLAK34)\",\"coronav\u00edrus\",\"Fundos de investimento\",\"vacina\"],\"articleSection\":[\"Internacional\"],\"inLanguage\":\"pt-BR\"},{\"@type\":\"WebPage\",\"@id\":\"https:\/\/www.suno.com.br\/noticias\/blackrock-nega-vacina-empresas-brasil\/\",\"url\":\"https:\/\/www.suno.com.br\/noticias\/blackrock-nega-vacina-empresas-brasil\/\",\"name\":\"BlackRock nega que negocia doses de vacina com empresas brasileiras\",\"isPartOf\":{\"@id\":\"https:\/\/www.suno.com.br\/noticias\/#website\"},\"primaryImageOfPage\":{\"@id\":\"https:\/\/www.suno.com.br\/noticias\/blackrock-nega-vacina-empresas-brasil\/#primaryimage\"},\"image\":{\"@id\":\"https:\/\/www.suno.com.br\/noticias\/blackrock-nega-vacina-empresas-brasil\/#primaryimage\"},\"thumbnailUrl\":\"https:\/\/files.sunoresearch.com.br\/n\/uploads\/2021\/01\/c603535b-astrazeneca-vacina-jpg.webp\",\"datePublished\":\"2021-01-28T18:30:19+00:00\",\"dateModified\":\"2021-05-12T15:45:18+00:00\",\"description\":\"A BlackRock negou que esteja negociando a venda de 33 milh\u00f5es de doses da vacina com empresas privadas brasileiras. Clique e saiba mais.\",\"breadcrumb\":{\"@id\":\"https:\/\/www.suno.com.br\/noticias\/blackrock-nega-vacina-empresas-brasil\/#breadcrumb\"},\"inLanguage\":\"pt-BR\",\"potentialAction\":[{\"@type\":\"ReadAction\",\"target\":[\"https:\/\/www.suno.com.br\/noticias\/blackrock-nega-vacina-empresas-brasil\/\"]}]},{\"@type\":\"ImageObject\",\"inLanguage\":\"pt-BR\",\"@id\":\"https:\/\/www.suno.com.br\/noticias\/blackrock-nega-vacina-empresas-brasil\/#primaryimage\",\"url\":\"https:\/\/files.sunoresearch.com.br\/n\/uploads\/2021\/01\/c603535b-astrazeneca-vacina-jpg.webp\",\"contentUrl\":\"https:\/\/files.sunoresearch.com.br\/n\/uploads\/2021\/01\/c603535b-astrazeneca-vacina-jpg.webp\",\"width\":1500,\"height\":1000,\"caption\":\"AstraZeneca\"},{\"@type\":\"BreadcrumbList\",\"@id\":\"https:\/\/www.suno.com.br\/noticias\/blackrock-nega-vacina-empresas-brasil\/#breadcrumb\",\"itemListElement\":[{\"@type\":\"ListItem\",\"position\":1,\"name\":\"Not\u00edcias\",\"item\":\"https:\/\/www.suno.com.br\/noticias\/\"},{\"@type\":\"ListItem\",\"position\":2,\"name\":\"Internacional\",\"item\":\"https:\/\/www.suno.com.br\/noticias\/internacional\/\"},{\"@type\":\"ListItem\",\"position\":3,\"name\":\"BlackRock nega que negocia doses de vacina com empresas privadas do Brasil\"}]},{\"@type\":\"WebSite\",\"@id\":\"https:\/\/www.suno.com.br\/noticias\/#website\",\"url\":\"https:\/\/www.suno.com.br\/noticias\/\",\"name\":\"Suno Not\u00edcias\",\"description\":\"Seu portal de informa\u00e7\u00e3o sobre o mundo dos investimentos\",\"publisher\":{\"@id\":\"https:\/\/www.suno.com.br\/noticias\/#organization\"},\"potentialAction\":[{\"@type\":\"SearchAction\",\"target\":{\"@type\":\"EntryPoint\",\"urlTemplate\":\"https:\/\/www.suno.com.br\/noticias\/?s={search_term_string}\"},\"query-input\":{\"@type\":\"PropertyValueSpecification\",\"valueRequired\":true,\"valueName\":\"search_term_string\"}}],\"inLanguage\":\"pt-BR\"},{\"@type\":\"Organization\",\"@id\":\"https:\/\/www.suno.com.br\/noticias\/#organization\",\"name\":\"Suno Not\u00edcias\",\"url\":\"https:\/\/www.suno.com.br\/noticias\/\",\"logo\":{\"@type\":\"ImageObject\",\"inLanguage\":\"pt-BR\",\"@id\":\"https:\/\/www.suno.com.br\/noticias\/#\/schema\/logo\/image\/\",\"url\":\"https:\/\/files.sunoresearch.com.br\/n\/uploads\/2021\/09\/suno-logo.png\",\"contentUrl\":\"https:\/\/files.sunoresearch.com.br\/n\/uploads\/2021\/09\/suno-logo.png\",\"width\":180,\"height\":180,\"caption\":\"Suno Not\u00edcias\"},\"image\":{\"@id\":\"https:\/\/www.suno.com.br\/noticias\/#\/schema\/logo\/image\/\"},\"sameAs\":[\"https:\/\/facebook.com\/sunoresearch\",\"https:\/\/x.com\/sunoresearch\",\"https:\/\/www.instagram.com\/suno\",\"https:\/\/www.linkedin.com\/company\/suno-research\/\",\"https:\/\/www.youtube.com\/c\/sunoresearch\"]},{\"@type\":\"Person\",\"@id\":\"https:\/\/www.suno.com.br\/noticias\/#\/schema\/person\/918d79de1f0281f01599b93f9ea6e23f\",\"name\":\"Jader Lazarini\",\"image\":{\"@type\":\"ImageObject\",\"inLanguage\":\"pt-BR\",\"@id\":\"https:\/\/www.suno.com.br\/noticias\/#\/schema\/person\/image\/\",\"url\":\"https:\/\/secure.gravatar.com\/avatar\/3c1ad8caa51589841baeb923fcddea97?s=96&r=g\",\"contentUrl\":\"https:\/\/secure.gravatar.com\/avatar\/3c1ad8caa51589841baeb923fcddea97?s=96&r=g\",\"caption\":\"Jader Lazarini\"},\"description\":\"Jader Lazarini escreve sobre investimentos, finan\u00e7as, economia e neg\u00f3cios. \u00c9 bacharel em Rela\u00e7\u00f5es Internacionais e analista CNPI (2619).\",\"url\":\"https:\/\/www.suno.com.br\/noticias\/author\/jader-lazarini\/\"}]}<\/script>\n<!-- \/ Yoast SEO plugin. -->","yoast_head_json":{"title":"BlackRock nega que negocia doses de vacina com empresas brasileiras","description":"A BlackRock negou que esteja negociando a venda de 33 milh\u00f5es de doses da vacina com empresas privadas brasileiras. Clique e saiba mais.","robots":{"index":"index","follow":"follow","max-snippet":"max-snippet:-1","max-image-preview":"max-image-preview:large","max-video-preview":"max-video-preview:-1"},"canonical":"https:\/\/www.suno.com.br\/noticias\/blackrock-nega-vacina-empresas-brasil\/","og_locale":"pt_BR","og_type":"article","og_title":"BlackRock nega que negocia doses de vacina com empresas brasileiras","og_description":"A BlackRock negou que esteja negociando a venda de 33 milh\u00f5es de doses da vacina com empresas privadas brasileiras. Clique e saiba mais.","og_url":"https:\/\/www.suno.com.br\/noticias\/blackrock-nega-vacina-empresas-brasil\/","og_site_name":"Suno Not\u00edcias","article_publisher":"https:\/\/facebook.com\/sunoresearch","og_image":[{"width":1500,"height":1000,"url":"https:\/\/files.sunoresearch.com.br\/n\/uploads\/2021\/01\/c603535b-astrazeneca-vacina.jpg","type":"image\/jpeg"}],"author":"Jader Lazarini","twitter_card":"summary_large_image","twitter_creator":"@sunoresearch","twitter_site":"@sunoresearch","twitter_misc":{"Escrito por":"Jader Lazarini","Est. tempo de leitura":"3 minutos"},"schema":{"@context":"https:\/\/schema.org","@graph":[{"@type":"NewsArticle","@id":"https:\/\/www.suno.com.br\/noticias\/blackrock-nega-vacina-empresas-brasil\/#article","isPartOf":{"@id":"https:\/\/www.suno.com.br\/noticias\/blackrock-nega-vacina-empresas-brasil\/"},"author":{"name":"Jader Lazarini","@id":"https:\/\/www.suno.com.br\/noticias\/#\/schema\/person\/918d79de1f0281f01599b93f9ea6e23f"},"headline":"BlackRock nega que negocia doses de vacina com empresas privadas do Brasil","datePublished":"2021-01-28T18:30:19+00:00","dateModified":"2021-05-12T15:45:18+00:00","mainEntityOfPage":{"@id":"https:\/\/www.suno.com.br\/noticias\/blackrock-nega-vacina-empresas-brasil\/"},"wordCount":634,"publisher":{"@id":"https:\/\/www.suno.com.br\/noticias\/#organization"},"image":{"@id":"https:\/\/www.suno.com.br\/noticias\/blackrock-nega-vacina-empresas-brasil\/#primaryimage"},"thumbnailUrl":"https:\/\/files.sunoresearch.com.br\/n\/uploads\/2021\/01\/c603535b-astrazeneca-vacina-jpg.webp","keywords":["Blackrock (BLAK34)","coronav\u00edrus","Fundos de investimento","vacina"],"articleSection":["Internacional"],"inLanguage":"pt-BR"},{"@type":"WebPage","@id":"https:\/\/www.suno.com.br\/noticias\/blackrock-nega-vacina-empresas-brasil\/","url":"https:\/\/www.suno.com.br\/noticias\/blackrock-nega-vacina-empresas-brasil\/","name":"BlackRock nega que negocia doses de vacina com empresas brasileiras","isPartOf":{"@id":"https:\/\/www.suno.com.br\/noticias\/#website"},"primaryImageOfPage":{"@id":"https:\/\/www.suno.com.br\/noticias\/blackrock-nega-vacina-empresas-brasil\/#primaryimage"},"image":{"@id":"https:\/\/www.suno.com.br\/noticias\/blackrock-nega-vacina-empresas-brasil\/#primaryimage"},"thumbnailUrl":"https:\/\/files.sunoresearch.com.br\/n\/uploads\/2021\/01\/c603535b-astrazeneca-vacina-jpg.webp","datePublished":"2021-01-28T18:30:19+00:00","dateModified":"2021-05-12T15:45:18+00:00","description":"A BlackRock negou que esteja negociando a venda de 33 milh\u00f5es de doses da vacina com empresas privadas brasileiras. Clique e saiba mais.","breadcrumb":{"@id":"https:\/\/www.suno.com.br\/noticias\/blackrock-nega-vacina-empresas-brasil\/#breadcrumb"},"inLanguage":"pt-BR","potentialAction":[{"@type":"ReadAction","target":["https:\/\/www.suno.com.br\/noticias\/blackrock-nega-vacina-empresas-brasil\/"]}]},{"@type":"ImageObject","inLanguage":"pt-BR","@id":"https:\/\/www.suno.com.br\/noticias\/blackrock-nega-vacina-empresas-brasil\/#primaryimage","url":"https:\/\/files.sunoresearch.com.br\/n\/uploads\/2021\/01\/c603535b-astrazeneca-vacina-jpg.webp","contentUrl":"https:\/\/files.sunoresearch.com.br\/n\/uploads\/2021\/01\/c603535b-astrazeneca-vacina-jpg.webp","width":1500,"height":1000,"caption":"AstraZeneca"},{"@type":"BreadcrumbList","@id":"https:\/\/www.suno.com.br\/noticias\/blackrock-nega-vacina-empresas-brasil\/#breadcrumb","itemListElement":[{"@type":"ListItem","position":1,"name":"Not\u00edcias","item":"https:\/\/www.suno.com.br\/noticias\/"},{"@type":"ListItem","position":2,"name":"Internacional","item":"https:\/\/www.suno.com.br\/noticias\/internacional\/"},{"@type":"ListItem","position":3,"name":"BlackRock nega que negocia doses de vacina com empresas privadas do Brasil"}]},{"@type":"WebSite","@id":"https:\/\/www.suno.com.br\/noticias\/#website","url":"https:\/\/www.suno.com.br\/noticias\/","name":"Suno Not\u00edcias","description":"Seu portal de informa\u00e7\u00e3o sobre o mundo dos investimentos","publisher":{"@id":"https:\/\/www.suno.com.br\/noticias\/#organization"},"potentialAction":[{"@type":"SearchAction","target":{"@type":"EntryPoint","urlTemplate":"https:\/\/www.suno.com.br\/noticias\/?s={search_term_string}"},"query-input":{"@type":"PropertyValueSpecification","valueRequired":true,"valueName":"search_term_string"}}],"inLanguage":"pt-BR"},{"@type":"Organization","@id":"https:\/\/www.suno.com.br\/noticias\/#organization","name":"Suno Not\u00edcias","url":"https:\/\/www.suno.com.br\/noticias\/","logo":{"@type":"ImageObject","inLanguage":"pt-BR","@id":"https:\/\/www.suno.com.br\/noticias\/#\/schema\/logo\/image\/","url":"https:\/\/files.sunoresearch.com.br\/n\/uploads\/2021\/09\/suno-logo.png","contentUrl":"https:\/\/files.sunoresearch.com.br\/n\/uploads\/2021\/09\/suno-logo.png","width":180,"height":180,"caption":"Suno Not\u00edcias"},"image":{"@id":"https:\/\/www.suno.com.br\/noticias\/#\/schema\/logo\/image\/"},"sameAs":["https:\/\/facebook.com\/sunoresearch","https:\/\/x.com\/sunoresearch","https:\/\/www.instagram.com\/suno","https:\/\/www.linkedin.com\/company\/suno-research\/","https:\/\/www.youtube.com\/c\/sunoresearch"]},{"@type":"Person","@id":"https:\/\/www.suno.com.br\/noticias\/#\/schema\/person\/918d79de1f0281f01599b93f9ea6e23f","name":"Jader Lazarini","image":{"@type":"ImageObject","inLanguage":"pt-BR","@id":"https:\/\/www.suno.com.br\/noticias\/#\/schema\/person\/image\/","url":"https:\/\/secure.gravatar.com\/avatar\/3c1ad8caa51589841baeb923fcddea97?s=96&r=g","contentUrl":"https:\/\/secure.gravatar.com\/avatar\/3c1ad8caa51589841baeb923fcddea97?s=96&r=g","caption":"Jader Lazarini"},"description":"Jader Lazarini escreve sobre investimentos, finan\u00e7as, economia e neg\u00f3cios. \u00c9 bacharel em Rela\u00e7\u00f5es Internacionais e analista CNPI (2619).","url":"https:\/\/www.suno.com.br\/noticias\/author\/jader-lazarini\/"}]}},"default_loop_html":"<div class=\"cardsPage__listCard__boxs\"><div class=\"cardsPage__listCard__boxs__img\"><a href=\"https:\/\/www.suno.com.br\/noticias\/blackrock-nega-vacina-empresas-brasil\/\"><img class=\"mask\" src=\"https:\/\/www.suno.com.br\/noticias\/wp-content\/themes\/suno\/resources\/images\/spotlight\/spotlight1img\/bg-mask.png\" alt=\"Image Mask\"\/><img src=\"https:\/\/files.sunoresearch.com.br\/n\/uploads\/2021\/01\/c603535b-astrazeneca-vacina-400x200.webp\" alt=\"BlackRock nega que negocia doses de vacina com empresas privadas do Brasil\"\/><\/a><span class=\"spotlightCategory\"><a href=\"https:\/\/www.suno.com.br\/noticias\/internacional\/\">Internacional<\/a><\/span><\/div><div class=\"cardsPage__listCard__boxs__content\"><a href=\"https:\/\/www.suno.com.br\/noticias\/blackrock-nega-vacina-empresas-brasil\/\"><h2 class=\"content__title\">BlackRock nega que negocia doses de vacina com empresas privadas do Brasil<\/h2><\/a><div class=\"newsContent__article__meta\"><div class=\"newsContent__article__meta__authorBox\"><a href=\"https:\/\/www.suno.com.br\/noticias\/author\/jader-lazarini\/\" class=\"authorBox__avatar noMobi\"><img src=\"https:\/\/files.sunoresearch.com.br\/n\/uploads\/2021\/01\/178e6598-foto-perfil-2-150x150.jpg\" alt=\"Jader Lazarini\"><\/a><div class=\"authorBox__name\"><span>por\n\t\t\t<a href=\"https:\/\/www.suno.com.br\/noticias\/author\/jader-lazarini\/\"><span itemprop=\"author\">Jader Lazarini<\/span><\/a><\/span><time datetime=\"2021-01-28T15:30:19-03:00\" itemprop=\"datePublished\">28\/01\/2021 15:30<\/time><\/div><\/div><\/div><\/div><\/div>","single_layout":"posts","amp_enabled":true,"_links":{"self":[{"href":"https:\/\/www.suno.com.br\/noticias\/wp-json\/wp\/v2\/posts\/116795"}],"collection":[{"href":"https:\/\/www.suno.com.br\/noticias\/wp-json\/wp\/v2\/posts"}],"about":[{"href":"https:\/\/www.suno.com.br\/noticias\/wp-json\/wp\/v2\/types\/post"}],"author":[{"embeddable":true,"href":"https:\/\/www.suno.com.br\/noticias\/wp-json\/wp\/v2\/users\/24"}],"replies":[{"embeddable":true,"href":"https:\/\/www.suno.com.br\/noticias\/wp-json\/wp\/v2\/comments?post=116795"}],"version-history":[{"count":1,"href":"https:\/\/www.suno.com.br\/noticias\/wp-json\/wp\/v2\/posts\/116795\/revisions"}],"predecessor-version":[{"id":147527,"href":"https:\/\/www.suno.com.br\/noticias\/wp-json\/wp\/v2\/posts\/116795\/revisions\/147527"}],"wp:featuredmedia":[{"embeddable":true,"href":"https:\/\/www.suno.com.br\/noticias\/wp-json\/wp\/v2\/media\/116797"}],"wp:attachment":[{"href":"https:\/\/www.suno.com.br\/noticias\/wp-json\/wp\/v2\/media?parent=116795"}],"wp:term":[{"taxonomy":"category","embeddable":true,"href":"https:\/\/www.suno.com.br\/noticias\/wp-json\/wp\/v2\/categories?post=116795"},{"taxonomy":"post_tag","embeddable":true,"href":"https:\/\/www.suno.com.br\/noticias\/wp-json\/wp\/v2\/tags?post=116795"},{"taxonomy":"suno_strategy","embeddable":true,"href":"https:\/\/www.suno.com.br\/noticias\/wp-json\/wp\/v2\/suno_strategy?post=116795"}],"curies":[{"name":"wp","href":"https:\/\/api.w.org\/{rel}","templated":true}]}}