{"id":116792,"date":"2021-01-28T15:55:16","date_gmt":"2021-01-28T18:55:16","guid":{"rendered":"https:\/\/www.suno.com.br\/noticias\/?p=116792"},"modified":"2021-01-28T15:55:42","modified_gmt":"2021-01-28T18:55:42","slug":"huawei-brasil-5g","status":"publish","type":"post","link":"https:\/\/www.suno.com.br\/noticias\/huawei-brasil-5g\/","title":{"rendered":"5G: Huawei volta a pedir ao Brasil &#8216;crit\u00e9rios t\u00e9cnicos e n\u00e3o discriminat\u00f3rios&#8217;"},"content":{"rendered":"<p>O diretor global de Ciberseguran\u00e7a da <strong>Huawei<\/strong>, Marcelo Motta, reafirmou nesta quinta-feira (28) que a fabricante chinesa de equipamentos de telecomunica\u00e7\u00f5es espera que o <strong>governo brasileiro<\/strong> aplique unicamente &#8220;crit\u00e9rios t\u00e9cnicos e n\u00e3o discriminat\u00f3rios&#8221; para as empresas que atuarem na implanta\u00e7\u00e3o das <strong>redes <a href=\"https:\/\/www.suno.com.br\/noticias\/tags\/5g\/\">5G<\/a><\/strong>.<\/p>\t<div class=\"wrapper-featured-image\">\n\t\t<figure class=\"spotlightImg\">\n\n\t\t\t<picture>\n\t\t\t\t<source media=\"(max-width: 768px)\" srcset=\"https:\/\/files.sunoresearch.com.br\/n\/uploads\/2021\/01\/12715165-huaweii-800x450-1-400x200.webp\">\n\t\t\t\t<img loading=\"lazy\" decoding=\"async\" class=\"newsContent__article__imgCapa lazyloadDisabled \" src=\"https:\/\/files.sunoresearch.com.br\/n\/uploads\/2021\/01\/12715165-huaweii-800x450-1-jpg.webp\" width=\"800\" height=\"450\" alt=\"5G: Huawei volta a pedir ao Brasil &#8216;crit\u00e9rios t\u00e9cnicos e n\u00e3o discriminat\u00f3rios&#8217;\" fetchpriority=high \/>\n\t\t\t<\/picture>\n\n\t\t\t<figcaption class=\"wp-caption-text wp-caption-text--show\">5G: Huawei volta a pedir ao Brasil &#039;crit\u00e9rios t\u00e9cnicos e n\u00e3o discriminat\u00f3rios&#039; <\/figcaption>\n\t\t<\/figure>\n\t<\/div>\n\n\n\t<p>\n\t\t<a href=\"https:\/\/lp.suno.com.br\/planilha-controle-gastos\/\" target=\"_blank\" data-element=\"shortcode-suno-banner\" title=\"Banner SUNO, clique e saiba mais\">\n\t\t\t<picture>\n\t\t\t\t<source media=\"(max-width: 500px)\" srcset=\"https:\/\/files.sunoresearch.com.br\/n\/uploads\/2023\/03\/400x300-Planilha-controle-de-gastos.png\">\n\t\t\t\t<img class=\"newsContent__article__imgCapa newsContent__article__imgCapa--banner\"\n\t\t\t\t\tsrc=\"https:\/\/files.sunoresearch.com.br\/n\/uploads\/2023\/03\/1420x240-Planilha-controle-de-gastos.png\"\n\t\t\t\t\tdata-promo-id=\"101751\"\t\t\t\t\t\t\t\t\t\twidth='1420' height='240'\t\t\t\t\talt=\"https:\/\/files.sunoresearch.com.br\/n\/uploads\/2023\/03\/1420x240-Planilha-controle-de-gastos.png\"\n\t\t\t\t>\n\t\t\t<\/picture>\n\t\t<\/a>\n\t<\/p>\n\n\n<p>Durante debate organizado pelo Grupo de L\u00edderes Empresariais (Lide), o executivo da Huawei afirmou: &#8220;Esperamos que sejam crit\u00e9rios t\u00e9cnicos e <strong>n\u00e3o discriminat\u00f3rios<\/strong>&#8220;.<\/p>\n<p>De acordo com Motta, a especifica\u00e7\u00e3o das diretrizes e a condu\u00e7\u00e3o dos testes de equipamentos e redes est\u00e3o \u00e0 cargo do Gabinete de Seguran\u00e7a Institucional (GSI) e da Ag\u00eancia Nacional de Telecomunica\u00e7\u00f5es (Anatel).<\/p>\n<p><a href=\"https:\/\/lp.suno.com.br\/suno-one\/\">Suno One: acesse gratuitamente eBooks, Minicursos, Artigos e Video Aulas sobre investimentos com um \u00fanico cadastro. Clique para saber mais!<\/a><\/p>\n<p>O executivo sugeriu ainda que a habita\u00e7\u00e3o das empresas passe por certificados internacionais combinados com exig\u00eancias locais.<\/p>\n<p>A defesa de crit\u00e9rios t\u00e9cnicos reiterada hoje pelo representante da Huawei tem como pano de fundo a possibilidade cogitada pelo governo de <strong>Jair Bolsonaro<\/strong> de barrar a empresa chinesa no 5G.<\/p>\n<p>A medida representaria um alinhamento do Brasil aos Estados Unidos, que atravessa uma <a href=\"https:\/\/www.suno.com.br\/artigos\/a-guerra-comercial\/\">guerra comercial<\/a> com a China.<\/p>\n<div class=\"hubspot-form-wrapper\">\n\t<div id=\"single-form-target\"><\/div>\n<\/div>\n\n<h2>Huawei fora do 5G vai custar mais caro, diz Mour\u00e3o<\/h2>\n<p>O atual vice-presidente da Rep\u00fablica, <a href=\"https:\/\/www.suno.com.br\/noticias\/tags\/hamilton-mourao\/\">Hamilton Mour\u00e3o,<\/a> afirmou em dezembro que se a companhia chinesa <strong>Huawei<\/strong> n\u00e3o puder fornecer equipamentos para o 5G no Brasil, o custo desta tecnologia no Pa\u00eds ser\u00e1 muito mais elevado.<\/p>\n<p>Na ocasi\u00e3o, <strong>Mour\u00e3o<\/strong> disse que &#8220;hoje, 40% da infraestrutura que n\u00f3s temos de <strong>3G<\/strong> e <strong>4G<\/strong> \u00e9 da Huawei. Se a Huawei n\u00e3o puder fornecer o equipamento (de <strong>5G<\/strong>)<strong>,<\/strong> vai custar muito mais caro&#8221;. &#8220;Se desmantelar equipamentos (do 5G), quem vai pagar a conta somos n\u00f3s, consumidores&#8221;, completou o<strong> vice-presidente<\/strong>.<\/p>\n\t<div data-element=\"shortcode-read-more\" class=\"knowMore\">\n\t\t\t\t<span class=\"knowMore__title\">Veja tamb\u00e9m<\/span>\n\t\t\t\t<a class=\"knowMore__link\" href=\"https:\/\/www.suno.com.br\/noticias\/mourao-huawei-5g-custar-caro\/\">\n\t\t\tHuawei fora do 5G vai custar mais caro, diz Mour\u00e3o\t\t<\/a>\n\t<\/div>\n\n\n<p>Segundo o pol\u00edtico, o leil\u00e3o do 5G \u00e9 de frequ\u00eancias e as &#8220;teles j\u00e1 estabelecidas aqui v\u00e3o disputar o leil\u00e3o&#8221;. Al\u00e9m disso, ele apontou que na infraestrutura, das cinco maiores empresas, duas s\u00e3o chinesas. &#8220;A empresa que comprovar respeito \u00e0 soberania, privacidade e economicidade pode ser contratada&#8221;, destacou.<\/p>\n<p>No entanto, cabe ressaltar que o <strong>leil\u00e3o do 5G<\/strong> no Brasil est\u00e1 sendo alvo de press\u00f5es internacionais, que envolvem a disputa entre o governo norte-americano e a <strong>Huawei<\/strong>. A companhia chinesa \u00e9 l\u00edder no desenvolvimento do <strong>5G,<\/strong> contudo \u00e9 acusada de espionagem e tamb\u00e9m de trabalhar com o governo chin\u00eas.<\/p>\n<p><em>Com informa\u00e7\u00f5es do Estad\u00e3o Conte\u00fado.<\/em><\/p>\n\t<p>\n\t\t<a href=\"https:\/\/lp.suno.com.br\/planilha-de-controle-de-investimentos\/\" target=\"_blank\" data-element=\"shortcode-suno-banner\" title=\"Banner SUNO, clique e saiba mais\">\n\t\t\t<picture>\n\t\t\t\t<source media=\"(max-width: 500px)\" srcset=\"https:\/\/files.sunoresearch.com.br\/n\/uploads\/2023\/03\/400x300-Controle-de-Investimentos.png\">\n\t\t\t\t<img class=\"newsContent__article__imgCapa newsContent__article__imgCapa--banner\"\n\t\t\t\t\tsrc=\"https:\/\/files.sunoresearch.com.br\/n\/uploads\/2023\/03\/1420x240-Controle-de-Investimentos.png\"\n\t\t\t\t\tdata-promo-id=\"75934\"\t\t\t\t\t\t\t\t\t\twidth='1420' height='240'\t\t\t\t\talt=\"https:\/\/files.sunoresearch.com.br\/n\/uploads\/2023\/03\/1420x240-Controle-de-Investimentos.png\"\n\t\t\t\t>\n\t\t\t<\/picture>\n\t\t<\/a>\n\t<\/p>\n\n\n","protected":false},"excerpt":{"rendered":"<p>O diretor global de Ciberseguran\u00e7a da Huawei, Marcelo Motta, reafirmou nesta quinta-feira (28) que a fabricante chinesa de equipamentos de telecomunica\u00e7\u00f5es espera que o governo brasileiro aplique unicamente &#8220;crit\u00e9rios t\u00e9cnicos e n\u00e3o discriminat\u00f3rios&#8221; para as empresas que atuarem na implanta\u00e7\u00e3o das redes 5G. 5G: Huawei volta a pedir ao Brasil &#039;crit\u00e9rios t\u00e9cnicos e n\u00e3o discriminat\u00f3rios&#039; [&hellip;]<\/p>\n","protected":false},"author":56,"featured_media":116840,"comment_status":"closed","ping_status":"closed","sticky":false,"template":"","format":"standard","meta":[],"categories":[63],"tags":[1236,711,826],"suno_strategy":[],"class_list":["post-116792","post","type-post","status-publish","format-standard","has-post-thumbnail","hentry","category-internacional","tag-5g","tag-china","tag-huawei"],"yoast_head":"<!-- This site is optimized with the Yoast SEO plugin v24.4 - https:\/\/yoast.com\/wordpress\/plugins\/seo\/ -->\n<title>5G: Huawei volta a pedir ao Brasil &#039;crit\u00e9rios t\u00e9cnicos e n\u00e3o discriminat\u00f3rios&#039;<\/title>\n<meta name=\"description\" content=\"O diretor de Ciberseguran\u00e7a da Huawei afirmou: &quot;Esperamos que sejam crit\u00e9rios t\u00e9cnicos e n\u00e3o discriminat\u00f3rios&quot;. Clique aqui para saber mais.\" \/>\n<meta name=\"robots\" content=\"index, follow, max-snippet:-1, max-image-preview:large, max-video-preview:-1\" \/>\n<link rel=\"canonical\" href=\"https:\/\/www.suno.com.br\/noticias\/huawei-brasil-5g\/\" \/>\n<meta property=\"og:locale\" content=\"pt_BR\" \/>\n<meta property=\"og:type\" content=\"article\" \/>\n<meta property=\"og:title\" content=\"5G: Huawei volta a pedir ao Brasil &#039;crit\u00e9rios t\u00e9cnicos e n\u00e3o discriminat\u00f3rios&#039;\" \/>\n<meta property=\"og:description\" content=\"O diretor de Ciberseguran\u00e7a da Huawei afirmou: &quot;Esperamos que sejam crit\u00e9rios t\u00e9cnicos e n\u00e3o discriminat\u00f3rios&quot;. Clique aqui para saber mais.\" \/>\n<meta property=\"og:url\" content=\"https:\/\/www.suno.com.br\/noticias\/huawei-brasil-5g\/\" \/>\n<meta property=\"og:site_name\" content=\"Suno Not\u00edcias\" \/>\n<meta property=\"article:publisher\" content=\"https:\/\/facebook.com\/sunoresearch\" \/>\n<meta property=\"og:image\" content=\"https:\/\/files.sunoresearch.com.br\/n\/uploads\/2021\/01\/12715165-huaweii-800x450-1.jpg\" \/>\n\t<meta property=\"og:image:width\" content=\"800\" \/>\n\t<meta property=\"og:image:height\" content=\"450\" \/>\n\t<meta property=\"og:image:type\" content=\"image\/jpeg\" \/>\n<meta name=\"author\" content=\"Rafaela La Regina\" \/>\n<meta name=\"twitter:card\" content=\"summary_large_image\" \/>\n<meta name=\"twitter:creator\" content=\"@sunoresearch\" \/>\n<meta name=\"twitter:site\" content=\"@sunoresearch\" \/>\n<meta name=\"twitter:label1\" content=\"Escrito por\" \/>\n\t<meta name=\"twitter:data1\" content=\"Rafaela La Regina\" \/>\n\t<meta name=\"twitter:label2\" content=\"Est. tempo de leitura\" \/>\n\t<meta name=\"twitter:data2\" content=\"2 minutos\" \/>\n<script type=\"application\/ld+json\" class=\"yoast-schema-graph\">{\"@context\":\"https:\/\/schema.org\",\"@graph\":[{\"@type\":\"NewsArticle\",\"@id\":\"https:\/\/www.suno.com.br\/noticias\/huawei-brasil-5g\/#article\",\"isPartOf\":{\"@id\":\"https:\/\/www.suno.com.br\/noticias\/huawei-brasil-5g\/\"},\"author\":{\"name\":\"Rafaela La Regina\",\"@id\":\"https:\/\/www.suno.com.br\/noticias\/#\/schema\/person\/e672ca8cea627fe715fa29bca7da95e0\"},\"headline\":\"5G: Huawei volta a pedir ao Brasil &#8216;crit\u00e9rios t\u00e9cnicos e n\u00e3o discriminat\u00f3rios&#8217;\",\"datePublished\":\"2021-01-28T18:55:16+00:00\",\"dateModified\":\"2021-01-28T18:55:42+00:00\",\"mainEntityOfPage\":{\"@id\":\"https:\/\/www.suno.com.br\/noticias\/huawei-brasil-5g\/\"},\"wordCount\":464,\"publisher\":{\"@id\":\"https:\/\/www.suno.com.br\/noticias\/#organization\"},\"image\":{\"@id\":\"https:\/\/www.suno.com.br\/noticias\/huawei-brasil-5g\/#primaryimage\"},\"thumbnailUrl\":\"https:\/\/files.sunoresearch.com.br\/n\/uploads\/2021\/01\/12715165-huaweii-800x450-1-jpg.webp\",\"keywords\":[\"5G\",\"China\",\"Huawei\"],\"articleSection\":[\"Internacional\"],\"inLanguage\":\"pt-BR\"},{\"@type\":\"WebPage\",\"@id\":\"https:\/\/www.suno.com.br\/noticias\/huawei-brasil-5g\/\",\"url\":\"https:\/\/www.suno.com.br\/noticias\/huawei-brasil-5g\/\",\"name\":\"5G: Huawei volta a pedir ao Brasil 'crit\u00e9rios t\u00e9cnicos e n\u00e3o discriminat\u00f3rios'\",\"isPartOf\":{\"@id\":\"https:\/\/www.suno.com.br\/noticias\/#website\"},\"primaryImageOfPage\":{\"@id\":\"https:\/\/www.suno.com.br\/noticias\/huawei-brasil-5g\/#primaryimage\"},\"image\":{\"@id\":\"https:\/\/www.suno.com.br\/noticias\/huawei-brasil-5g\/#primaryimage\"},\"thumbnailUrl\":\"https:\/\/files.sunoresearch.com.br\/n\/uploads\/2021\/01\/12715165-huaweii-800x450-1-jpg.webp\",\"datePublished\":\"2021-01-28T18:55:16+00:00\",\"dateModified\":\"2021-01-28T18:55:42+00:00\",\"description\":\"O diretor de Ciberseguran\u00e7a da Huawei afirmou: \\\"Esperamos que sejam crit\u00e9rios t\u00e9cnicos e n\u00e3o discriminat\u00f3rios\\\". Clique aqui para saber mais.\",\"breadcrumb\":{\"@id\":\"https:\/\/www.suno.com.br\/noticias\/huawei-brasil-5g\/#breadcrumb\"},\"inLanguage\":\"pt-BR\",\"potentialAction\":[{\"@type\":\"ReadAction\",\"target\":[\"https:\/\/www.suno.com.br\/noticias\/huawei-brasil-5g\/\"]}]},{\"@type\":\"ImageObject\",\"inLanguage\":\"pt-BR\",\"@id\":\"https:\/\/www.suno.com.br\/noticias\/huawei-brasil-5g\/#primaryimage\",\"url\":\"https:\/\/files.sunoresearch.com.br\/n\/uploads\/2021\/01\/12715165-huaweii-800x450-1-jpg.webp\",\"contentUrl\":\"https:\/\/files.sunoresearch.com.br\/n\/uploads\/2021\/01\/12715165-huaweii-800x450-1-jpg.webp\",\"width\":800,\"height\":450,\"caption\":\"5G: Huawei volta a pedir ao Brasil 'crit\u00e9rios t\u00e9cnicos e n\u00e3o discriminat\u00f3rios'\"},{\"@type\":\"BreadcrumbList\",\"@id\":\"https:\/\/www.suno.com.br\/noticias\/huawei-brasil-5g\/#breadcrumb\",\"itemListElement\":[{\"@type\":\"ListItem\",\"position\":1,\"name\":\"Not\u00edcias\",\"item\":\"https:\/\/www.suno.com.br\/noticias\/\"},{\"@type\":\"ListItem\",\"position\":2,\"name\":\"Internacional\",\"item\":\"https:\/\/www.suno.com.br\/noticias\/internacional\/\"},{\"@type\":\"ListItem\",\"position\":3,\"name\":\"5G: Huawei volta a pedir ao Brasil &#8216;crit\u00e9rios t\u00e9cnicos e n\u00e3o discriminat\u00f3rios&#8217;\"}]},{\"@type\":\"WebSite\",\"@id\":\"https:\/\/www.suno.com.br\/noticias\/#website\",\"url\":\"https:\/\/www.suno.com.br\/noticias\/\",\"name\":\"Suno Not\u00edcias\",\"description\":\"Seu portal de informa\u00e7\u00e3o sobre o mundo dos investimentos\",\"publisher\":{\"@id\":\"https:\/\/www.suno.com.br\/noticias\/#organization\"},\"potentialAction\":[{\"@type\":\"SearchAction\",\"target\":{\"@type\":\"EntryPoint\",\"urlTemplate\":\"https:\/\/www.suno.com.br\/noticias\/?s={search_term_string}\"},\"query-input\":{\"@type\":\"PropertyValueSpecification\",\"valueRequired\":true,\"valueName\":\"search_term_string\"}}],\"inLanguage\":\"pt-BR\"},{\"@type\":\"Organization\",\"@id\":\"https:\/\/www.suno.com.br\/noticias\/#organization\",\"name\":\"Suno Not\u00edcias\",\"url\":\"https:\/\/www.suno.com.br\/noticias\/\",\"logo\":{\"@type\":\"ImageObject\",\"inLanguage\":\"pt-BR\",\"@id\":\"https:\/\/www.suno.com.br\/noticias\/#\/schema\/logo\/image\/\",\"url\":\"https:\/\/files.sunoresearch.com.br\/n\/uploads\/2021\/09\/suno-logo.png\",\"contentUrl\":\"https:\/\/files.sunoresearch.com.br\/n\/uploads\/2021\/09\/suno-logo.png\",\"width\":180,\"height\":180,\"caption\":\"Suno Not\u00edcias\"},\"image\":{\"@id\":\"https:\/\/www.suno.com.br\/noticias\/#\/schema\/logo\/image\/\"},\"sameAs\":[\"https:\/\/facebook.com\/sunoresearch\",\"https:\/\/x.com\/sunoresearch\",\"https:\/\/www.instagram.com\/suno\",\"https:\/\/www.linkedin.com\/company\/suno-research\/\",\"https:\/\/www.youtube.com\/c\/sunoresearch\"]},{\"@type\":\"Person\",\"@id\":\"https:\/\/www.suno.com.br\/noticias\/#\/schema\/person\/e672ca8cea627fe715fa29bca7da95e0\",\"name\":\"Rafaela La Regina\",\"image\":{\"@type\":\"ImageObject\",\"inLanguage\":\"pt-BR\",\"@id\":\"https:\/\/www.suno.com.br\/noticias\/#\/schema\/person\/image\/\",\"url\":\"https:\/\/secure.gravatar.com\/avatar\/d2c75a52d243deb93d0465fdcb21bd37?s=96&r=g\",\"contentUrl\":\"https:\/\/secure.gravatar.com\/avatar\/d2c75a52d243deb93d0465fdcb21bd37?s=96&r=g\",\"caption\":\"Rafaela La Regina\"},\"description\":\"Estagi\u00e1ria no Suno Not\u00edcias. Escreve sobre economia, pol\u00edtica e neg\u00f3cios. Estuda Rela\u00e7\u00f5es Internacionais no IBMEC-SP.\",\"url\":\"https:\/\/www.suno.com.br\/noticias\/author\/rafaela-la-regina\/\"}]}<\/script>\n<!-- \/ Yoast SEO plugin. -->","yoast_head_json":{"title":"5G: Huawei volta a pedir ao Brasil 'crit\u00e9rios t\u00e9cnicos e n\u00e3o discriminat\u00f3rios'","description":"O diretor de Ciberseguran\u00e7a da Huawei afirmou: \"Esperamos que sejam crit\u00e9rios t\u00e9cnicos e n\u00e3o discriminat\u00f3rios\". Clique aqui para saber mais.","robots":{"index":"index","follow":"follow","max-snippet":"max-snippet:-1","max-image-preview":"max-image-preview:large","max-video-preview":"max-video-preview:-1"},"canonical":"https:\/\/www.suno.com.br\/noticias\/huawei-brasil-5g\/","og_locale":"pt_BR","og_type":"article","og_title":"5G: Huawei volta a pedir ao Brasil 'crit\u00e9rios t\u00e9cnicos e n\u00e3o discriminat\u00f3rios'","og_description":"O diretor de Ciberseguran\u00e7a da Huawei afirmou: \"Esperamos que sejam crit\u00e9rios t\u00e9cnicos e n\u00e3o discriminat\u00f3rios\". Clique aqui para saber mais.","og_url":"https:\/\/www.suno.com.br\/noticias\/huawei-brasil-5g\/","og_site_name":"Suno Not\u00edcias","article_publisher":"https:\/\/facebook.com\/sunoresearch","og_image":[{"width":800,"height":450,"url":"https:\/\/files.sunoresearch.com.br\/n\/uploads\/2021\/01\/12715165-huaweii-800x450-1.jpg","type":"image\/jpeg"}],"author":"Rafaela La Regina","twitter_card":"summary_large_image","twitter_creator":"@sunoresearch","twitter_site":"@sunoresearch","twitter_misc":{"Escrito por":"Rafaela La Regina","Est. tempo de leitura":"2 minutos"},"schema":{"@context":"https:\/\/schema.org","@graph":[{"@type":"NewsArticle","@id":"https:\/\/www.suno.com.br\/noticias\/huawei-brasil-5g\/#article","isPartOf":{"@id":"https:\/\/www.suno.com.br\/noticias\/huawei-brasil-5g\/"},"author":{"name":"Rafaela La Regina","@id":"https:\/\/www.suno.com.br\/noticias\/#\/schema\/person\/e672ca8cea627fe715fa29bca7da95e0"},"headline":"5G: Huawei volta a pedir ao Brasil &#8216;crit\u00e9rios t\u00e9cnicos e n\u00e3o discriminat\u00f3rios&#8217;","datePublished":"2021-01-28T18:55:16+00:00","dateModified":"2021-01-28T18:55:42+00:00","mainEntityOfPage":{"@id":"https:\/\/www.suno.com.br\/noticias\/huawei-brasil-5g\/"},"wordCount":464,"publisher":{"@id":"https:\/\/www.suno.com.br\/noticias\/#organization"},"image":{"@id":"https:\/\/www.suno.com.br\/noticias\/huawei-brasil-5g\/#primaryimage"},"thumbnailUrl":"https:\/\/files.sunoresearch.com.br\/n\/uploads\/2021\/01\/12715165-huaweii-800x450-1-jpg.webp","keywords":["5G","China","Huawei"],"articleSection":["Internacional"],"inLanguage":"pt-BR"},{"@type":"WebPage","@id":"https:\/\/www.suno.com.br\/noticias\/huawei-brasil-5g\/","url":"https:\/\/www.suno.com.br\/noticias\/huawei-brasil-5g\/","name":"5G: Huawei volta a pedir ao Brasil 'crit\u00e9rios t\u00e9cnicos e n\u00e3o discriminat\u00f3rios'","isPartOf":{"@id":"https:\/\/www.suno.com.br\/noticias\/#website"},"primaryImageOfPage":{"@id":"https:\/\/www.suno.com.br\/noticias\/huawei-brasil-5g\/#primaryimage"},"image":{"@id":"https:\/\/www.suno.com.br\/noticias\/huawei-brasil-5g\/#primaryimage"},"thumbnailUrl":"https:\/\/files.sunoresearch.com.br\/n\/uploads\/2021\/01\/12715165-huaweii-800x450-1-jpg.webp","datePublished":"2021-01-28T18:55:16+00:00","dateModified":"2021-01-28T18:55:42+00:00","description":"O diretor de Ciberseguran\u00e7a da Huawei afirmou: \"Esperamos que sejam crit\u00e9rios t\u00e9cnicos e n\u00e3o discriminat\u00f3rios\". Clique aqui para saber mais.","breadcrumb":{"@id":"https:\/\/www.suno.com.br\/noticias\/huawei-brasil-5g\/#breadcrumb"},"inLanguage":"pt-BR","potentialAction":[{"@type":"ReadAction","target":["https:\/\/www.suno.com.br\/noticias\/huawei-brasil-5g\/"]}]},{"@type":"ImageObject","inLanguage":"pt-BR","@id":"https:\/\/www.suno.com.br\/noticias\/huawei-brasil-5g\/#primaryimage","url":"https:\/\/files.sunoresearch.com.br\/n\/uploads\/2021\/01\/12715165-huaweii-800x450-1-jpg.webp","contentUrl":"https:\/\/files.sunoresearch.com.br\/n\/uploads\/2021\/01\/12715165-huaweii-800x450-1-jpg.webp","width":800,"height":450,"caption":"5G: Huawei volta a pedir ao Brasil 'crit\u00e9rios t\u00e9cnicos e n\u00e3o discriminat\u00f3rios'"},{"@type":"BreadcrumbList","@id":"https:\/\/www.suno.com.br\/noticias\/huawei-brasil-5g\/#breadcrumb","itemListElement":[{"@type":"ListItem","position":1,"name":"Not\u00edcias","item":"https:\/\/www.suno.com.br\/noticias\/"},{"@type":"ListItem","position":2,"name":"Internacional","item":"https:\/\/www.suno.com.br\/noticias\/internacional\/"},{"@type":"ListItem","position":3,"name":"5G: Huawei volta a pedir ao Brasil &#8216;crit\u00e9rios t\u00e9cnicos e n\u00e3o discriminat\u00f3rios&#8217;"}]},{"@type":"WebSite","@id":"https:\/\/www.suno.com.br\/noticias\/#website","url":"https:\/\/www.suno.com.br\/noticias\/","name":"Suno Not\u00edcias","description":"Seu portal de informa\u00e7\u00e3o sobre o mundo dos investimentos","publisher":{"@id":"https:\/\/www.suno.com.br\/noticias\/#organization"},"potentialAction":[{"@type":"SearchAction","target":{"@type":"EntryPoint","urlTemplate":"https:\/\/www.suno.com.br\/noticias\/?s={search_term_string}"},"query-input":{"@type":"PropertyValueSpecification","valueRequired":true,"valueName":"search_term_string"}}],"inLanguage":"pt-BR"},{"@type":"Organization","@id":"https:\/\/www.suno.com.br\/noticias\/#organization","name":"Suno Not\u00edcias","url":"https:\/\/www.suno.com.br\/noticias\/","logo":{"@type":"ImageObject","inLanguage":"pt-BR","@id":"https:\/\/www.suno.com.br\/noticias\/#\/schema\/logo\/image\/","url":"https:\/\/files.sunoresearch.com.br\/n\/uploads\/2021\/09\/suno-logo.png","contentUrl":"https:\/\/files.sunoresearch.com.br\/n\/uploads\/2021\/09\/suno-logo.png","width":180,"height":180,"caption":"Suno Not\u00edcias"},"image":{"@id":"https:\/\/www.suno.com.br\/noticias\/#\/schema\/logo\/image\/"},"sameAs":["https:\/\/facebook.com\/sunoresearch","https:\/\/x.com\/sunoresearch","https:\/\/www.instagram.com\/suno","https:\/\/www.linkedin.com\/company\/suno-research\/","https:\/\/www.youtube.com\/c\/sunoresearch"]},{"@type":"Person","@id":"https:\/\/www.suno.com.br\/noticias\/#\/schema\/person\/e672ca8cea627fe715fa29bca7da95e0","name":"Rafaela La Regina","image":{"@type":"ImageObject","inLanguage":"pt-BR","@id":"https:\/\/www.suno.com.br\/noticias\/#\/schema\/person\/image\/","url":"https:\/\/secure.gravatar.com\/avatar\/d2c75a52d243deb93d0465fdcb21bd37?s=96&r=g","contentUrl":"https:\/\/secure.gravatar.com\/avatar\/d2c75a52d243deb93d0465fdcb21bd37?s=96&r=g","caption":"Rafaela La Regina"},"description":"Estagi\u00e1ria no Suno Not\u00edcias. Escreve sobre economia, pol\u00edtica e neg\u00f3cios. Estuda Rela\u00e7\u00f5es Internacionais no IBMEC-SP.","url":"https:\/\/www.suno.com.br\/noticias\/author\/rafaela-la-regina\/"}]}},"default_loop_html":"<div class=\"cardsPage__listCard__boxs\"><div class=\"cardsPage__listCard__boxs__img\"><a href=\"https:\/\/www.suno.com.br\/noticias\/huawei-brasil-5g\/\"><img class=\"mask\" src=\"https:\/\/www.suno.com.br\/noticias\/wp-content\/themes\/suno\/resources\/images\/spotlight\/spotlight1img\/bg-mask.png\" alt=\"Image Mask\"\/><img src=\"https:\/\/files.sunoresearch.com.br\/n\/uploads\/2021\/01\/12715165-huaweii-800x450-1-400x200.webp\" alt=\"5G: Huawei volta a pedir ao Brasil &#8216;crit\u00e9rios t\u00e9cnicos e n\u00e3o discriminat\u00f3rios&#8217;\"\/><\/a><span class=\"spotlightCategory\"><a href=\"https:\/\/www.suno.com.br\/noticias\/internacional\/\">Internacional<\/a><\/span><\/div><div class=\"cardsPage__listCard__boxs__content\"><a href=\"https:\/\/www.suno.com.br\/noticias\/huawei-brasil-5g\/\"><h2 class=\"content__title\">5G: Huawei volta a pedir ao Brasil &#8216;crit\u00e9rios t\u00e9cnicos e n\u00e3o discriminat\u00f3rios&#8217;<\/h2><\/a><div class=\"newsContent__article__meta\"><div class=\"newsContent__article__meta__authorBox\"><a href=\"https:\/\/www.suno.com.br\/noticias\/author\/rafaela-la-regina\/\" class=\"authorBox__avatar noMobi\"><img src=\"https:\/\/secure.gravatar.com\/avatar\/d2c75a52d243deb93d0465fdcb21bd37?s=96&#038;r=g\" alt=\"Rafaela La Regina\"><\/a><div class=\"authorBox__name\"><span>por\n\t\t\t<a href=\"https:\/\/www.suno.com.br\/noticias\/author\/rafaela-la-regina\/\"><span itemprop=\"author\">Rafaela La Regina<\/span><\/a><\/span><time datetime=\"2021-01-28T15:55:16-03:00\" itemprop=\"datePublished\">28\/01\/2021 15:55<\/time><\/div><\/div><\/div><\/div><\/div>","single_layout":"posts","amp_enabled":true,"_links":{"self":[{"href":"https:\/\/www.suno.com.br\/noticias\/wp-json\/wp\/v2\/posts\/116792"}],"collection":[{"href":"https:\/\/www.suno.com.br\/noticias\/wp-json\/wp\/v2\/posts"}],"about":[{"href":"https:\/\/www.suno.com.br\/noticias\/wp-json\/wp\/v2\/types\/post"}],"author":[{"embeddable":true,"href":"https:\/\/www.suno.com.br\/noticias\/wp-json\/wp\/v2\/users\/56"}],"replies":[{"embeddable":true,"href":"https:\/\/www.suno.com.br\/noticias\/wp-json\/wp\/v2\/comments?post=116792"}],"version-history":[{"count":0,"href":"https:\/\/www.suno.com.br\/noticias\/wp-json\/wp\/v2\/posts\/116792\/revisions"}],"wp:featuredmedia":[{"embeddable":true,"href":"https:\/\/www.suno.com.br\/noticias\/wp-json\/wp\/v2\/media\/116840"}],"wp:attachment":[{"href":"https:\/\/www.suno.com.br\/noticias\/wp-json\/wp\/v2\/media?parent=116792"}],"wp:term":[{"taxonomy":"category","embeddable":true,"href":"https:\/\/www.suno.com.br\/noticias\/wp-json\/wp\/v2\/categories?post=116792"},{"taxonomy":"post_tag","embeddable":true,"href":"https:\/\/www.suno.com.br\/noticias\/wp-json\/wp\/v2\/tags?post=116792"},{"taxonomy":"suno_strategy","embeddable":true,"href":"https:\/\/www.suno.com.br\/noticias\/wp-json\/wp\/v2\/suno_strategy?post=116792"}],"curies":[{"name":"wp","href":"https:\/\/api.w.org\/{rel}","templated":true}]}}