{"id":116779,"date":"2021-01-28T15:05:41","date_gmt":"2021-01-28T18:05:41","guid":{"rendered":"https:\/\/www.suno.com.br\/noticias\/?p=116779"},"modified":"2021-05-10T22:49:23","modified_gmt":"2021-05-11T01:49:23","slug":"gm-apenas-carros-eletricos","status":"publish","type":"post","link":"https:\/\/www.suno.com.br\/noticias\/gm-apenas-carros-eletricos\/","title":{"rendered":"General Motors planeja oferecer exclusivamente carros el\u00e9tricos at\u00e9 2035"},"content":{"rendered":"<p>A General Mortos (<a href=\"https:\/\/www.suno.com.br\/artigos\/nyse\/\">NYSE<\/a>: <strong>GM<\/strong>) anunciou nesta quinta-feira (28) que pretende encerrar a produ\u00e7\u00e3o de todos os seus carros \u00e0 gasolina e SUV&#8217;s e caminhonetes a diesel at\u00e9 2035 e condicionar toda a sua frota a funcionar com energia el\u00e9trica.<\/p>\t<div class=\"wrapper-featured-image\">\n\t\t<figure class=\"spotlightImg\">\n\n\t\t\t<picture>\n\t\t\t\t<source media=\"(max-width: 768px)\" srcset=\"https:\/\/files.sunoresearch.com.br\/n\/uploads\/2021\/01\/6447c020-gm-400x200.webp\">\n\t\t\t\t<img loading=\"lazy\" decoding=\"async\" class=\"newsContent__article__imgCapa lazyloadDisabled \" src=\"https:\/\/files.sunoresearch.com.br\/n\/uploads\/2021\/01\/6447c020-gm-800x450.webp\" width=\"800\" height=\"450\" alt=\"General Motors planeja oferecer exclusivamente carros el\u00e9tricos at\u00e9 2035\" fetchpriority=high \/>\n\t\t\t<\/picture>\n\n\t\t\t<figcaption class=\"wp-caption-text wp-caption-text--show\">Carros: frota brasileira \u00e9 a mais velha dos \u00faltimos 25 anos<\/figcaption>\n\t\t<\/figure>\n\t<\/div>\n\n\n<p>O plano da montadora tamb\u00e9m \u00e9 se tornar neutra em <strong>emiss\u00e3o de carbono<\/strong> at\u00e9 2040. A GM pretende utilizar energia 100% renov\u00e1vel em todas as suas f\u00e1bricas americanas at\u00e9 2030 e em todas as suas f\u00e1bricas no mundo at\u00e9 2035.<\/p>\n<h2>An\u00fancio da GM vem um dia ap\u00f3s decretos de novo presidente americano<\/h2>\n<p>O an\u00fancio da companhia vem um dia depois de o presidente Joe Biden assinar uma s\u00e9rie de ordens executivas que priorizam a luta contra as mudan\u00e7as clim\u00e1ticas em todos os n\u00edveis do governo americano. Entre as mudan\u00e7as impostas, est\u00e3o, por exemplo, a interrup\u00e7\u00e3o de novos arrendamentos de terras p\u00fablicas para a extra\u00e7\u00e3o de petr\u00f3leo e de g\u00e1s natural, a revers\u00e3o das licen\u00e7as j\u00e1 existentes e a meta de dobrar a energia e\u00f3lica produzida no pa\u00eds at\u00e9 2030.<\/p>\n<p>A GM por anos pregou que implementaria um projeto chamado &#8220;triplo zero&#8221;, que al\u00e9m de zerar a emiss\u00e3o de <strong>gases poluentes<\/strong> e a produ\u00e7\u00e3o de carros movidos a combust\u00edveis f\u00f3sseis, inclui a meta de zerar os acidentes causados por carros aut\u00f4nomos. A companhia, entretanto, nunca havia estipulado datas para isso.<\/p>\n<p>Em mensagem do LinkedIn, o <a href=\"https:\/\/www.suno.com.br\/artigos\/ceo\/\">CEO<\/a> da GM, Mary Barra, afirmou que \u00e9 &#8220;importante acelerar em dire\u00e7\u00e3o a um futuro em que cada ve\u00edculo emita zero poluentes&#8221;.<\/p>\n<p><iframe loading=\"lazy\" title=\"Publica\u00e7\u00e3o incorporada\" src=\"https:\/\/www.linkedin.com\/embed\/feed\/update\/urn:li:ugcPost:6757296825964793857\" width=\"504\" height=\"664\" frameborder=\"0\" allowfullscreen=\"allowfullscreen\"><\/iframe><\/p>\n<p>At\u00e9 ent\u00e3o,<strong> ve\u00edculos el\u00e9tricos<\/strong> representam apenas 5% das vendas de carros em todo mundo. Os EVs s\u00e3o mais caros de produzir do que os carros com motores de combust\u00e3o. O esperado, por\u00e9m, \u00e9 que esse mercado surfe nas regulamenta\u00e7\u00f5es mais r\u00edgidas em todo o mundo. V\u00e1rios pa\u00edses da Europa, por exemplo, j\u00e1 estipularam que a proibi\u00e7\u00e3o de carros movidos a combust\u00edveis f\u00f3sseis vir\u00e1 nos pr\u00f3ximos 20 anos.<\/p>\n<p>A GM agora mudar\u00e1 tr\u00eas de suas plantas dos Estados Unidos para passar a produzir ve\u00edculos el\u00e9tricos. A meta \u00e9 lan\u00e7ar 30 novos modelos desses ve\u00edculos at\u00e9 2025, com um investimento de US$ 27 bilh\u00f5es. A montadora prometeu recentemente que maioria dos carros do segmento de luxo devem ser el\u00e9tricos at\u00e9 2030.<\/p>\n","protected":false},"excerpt":{"rendered":"<p>A General Mortos (NYSE: GM) anunciou nesta quinta-feira (28) que pretende encerrar a produ\u00e7\u00e3o de todos os seus carros \u00e0 gasolina e SUV&#8217;s e caminhonetes a diesel at\u00e9 2035 e condicionar toda a sua frota a funcionar com energia el\u00e9trica. Carros: frota brasileira \u00e9 a mais velha dos \u00faltimos 25 anos O plano da montadora [&hellip;]<\/p>\n","protected":false},"author":59,"featured_media":116807,"comment_status":"closed","ping_status":"closed","sticky":false,"template":"","format":"standard","meta":[],"categories":[64],"tags":[1376,1017],"suno_strategy":[],"class_list":["post-116779","post","type-post","status-publish","format-standard","has-post-thumbnail","hentry","category-negocios","tag-carros-eletricos","tag-general-motors-gmco34"],"yoast_head":"<!-- This site is optimized with the Yoast SEO plugin v24.4 - https:\/\/yoast.com\/wordpress\/plugins\/seo\/ -->\n<title>GM planeja oferecer exclusivamente carros el\u00e9tricos at\u00e9 2035<\/title>\n<meta name=\"description\" content=\"A General Mortos (GM) anunciou que pretende encerrar a sua produ\u00e7\u00e3o de ve\u00edculos movidos a combust\u00edveis f\u00f3sseis. Clique aqui para saber mais.\" \/>\n<meta name=\"robots\" content=\"index, follow, max-snippet:-1, max-image-preview:large, max-video-preview:-1\" \/>\n<link rel=\"canonical\" href=\"https:\/\/www.suno.com.br\/noticias\/gm-apenas-carros-eletricos\/\" \/>\n<meta property=\"og:locale\" content=\"pt_BR\" \/>\n<meta property=\"og:type\" content=\"article\" \/>\n<meta property=\"og:title\" content=\"GM planeja oferecer exclusivamente carros el\u00e9tricos at\u00e9 2035\" \/>\n<meta property=\"og:description\" content=\"A General Mortos (GM) anunciou que pretende encerrar a sua produ\u00e7\u00e3o de ve\u00edculos movidos a combust\u00edveis f\u00f3sseis. Clique aqui para saber mais.\" \/>\n<meta property=\"og:url\" content=\"https:\/\/www.suno.com.br\/noticias\/gm-apenas-carros-eletricos\/\" \/>\n<meta property=\"og:site_name\" content=\"Suno Not\u00edcias\" \/>\n<meta property=\"article:publisher\" content=\"https:\/\/facebook.com\/sunoresearch\" \/>\n<meta property=\"og:image\" content=\"https:\/\/files.sunoresearch.com.br\/n\/uploads\/2021\/01\/6447c020-gm.jpg\" \/>\n\t<meta property=\"og:image:width\" content=\"1024\" \/>\n\t<meta property=\"og:image:height\" content=\"669\" \/>\n\t<meta property=\"og:image:type\" content=\"image\/jpeg\" \/>\n<meta name=\"author\" content=\"Vitor Azevedo\" \/>\n<meta name=\"twitter:card\" content=\"summary_large_image\" \/>\n<meta name=\"twitter:creator\" content=\"@sunoresearch\" \/>\n<meta name=\"twitter:site\" content=\"@sunoresearch\" \/>\n<meta name=\"twitter:label1\" content=\"Escrito por\" \/>\n\t<meta name=\"twitter:data1\" content=\"Vitor Azevedo\" \/>\n\t<meta name=\"twitter:label2\" content=\"Est. tempo de leitura\" \/>\n\t<meta name=\"twitter:data2\" content=\"2 minutos\" \/>\n<script type=\"application\/ld+json\" class=\"yoast-schema-graph\">{\"@context\":\"https:\/\/schema.org\",\"@graph\":[{\"@type\":\"NewsArticle\",\"@id\":\"https:\/\/www.suno.com.br\/noticias\/gm-apenas-carros-eletricos\/#article\",\"isPartOf\":{\"@id\":\"https:\/\/www.suno.com.br\/noticias\/gm-apenas-carros-eletricos\/\"},\"author\":{\"name\":\"Vitor Azevedo\",\"@id\":\"https:\/\/www.suno.com.br\/noticias\/#\/schema\/person\/658d5fbc74d81f265f5df3562d0038ab\"},\"headline\":\"General Motors planeja oferecer exclusivamente carros el\u00e9tricos at\u00e9 2035\",\"datePublished\":\"2021-01-28T18:05:41+00:00\",\"dateModified\":\"2021-05-11T01:49:23+00:00\",\"mainEntityOfPage\":{\"@id\":\"https:\/\/www.suno.com.br\/noticias\/gm-apenas-carros-eletricos\/\"},\"wordCount\":411,\"publisher\":{\"@id\":\"https:\/\/www.suno.com.br\/noticias\/#organization\"},\"image\":{\"@id\":\"https:\/\/www.suno.com.br\/noticias\/gm-apenas-carros-eletricos\/#primaryimage\"},\"thumbnailUrl\":\"https:\/\/files.sunoresearch.com.br\/n\/uploads\/2021\/01\/6447c020-gm-jpg.webp\",\"keywords\":[\"carros el\u00e9tricos\",\"General Motors (GMCO34)\"],\"articleSection\":[\"Neg\u00f3cios\"],\"inLanguage\":\"pt-BR\"},{\"@type\":\"WebPage\",\"@id\":\"https:\/\/www.suno.com.br\/noticias\/gm-apenas-carros-eletricos\/\",\"url\":\"https:\/\/www.suno.com.br\/noticias\/gm-apenas-carros-eletricos\/\",\"name\":\"GM planeja oferecer exclusivamente carros el\u00e9tricos at\u00e9 2035\",\"isPartOf\":{\"@id\":\"https:\/\/www.suno.com.br\/noticias\/#website\"},\"primaryImageOfPage\":{\"@id\":\"https:\/\/www.suno.com.br\/noticias\/gm-apenas-carros-eletricos\/#primaryimage\"},\"image\":{\"@id\":\"https:\/\/www.suno.com.br\/noticias\/gm-apenas-carros-eletricos\/#primaryimage\"},\"thumbnailUrl\":\"https:\/\/files.sunoresearch.com.br\/n\/uploads\/2021\/01\/6447c020-gm-jpg.webp\",\"datePublished\":\"2021-01-28T18:05:41+00:00\",\"dateModified\":\"2021-05-11T01:49:23+00:00\",\"description\":\"A General Mortos (GM) anunciou que pretende encerrar a sua produ\u00e7\u00e3o de ve\u00edculos movidos a combust\u00edveis f\u00f3sseis. Clique aqui para saber mais.\",\"breadcrumb\":{\"@id\":\"https:\/\/www.suno.com.br\/noticias\/gm-apenas-carros-eletricos\/#breadcrumb\"},\"inLanguage\":\"pt-BR\",\"potentialAction\":[{\"@type\":\"ReadAction\",\"target\":[\"https:\/\/www.suno.com.br\/noticias\/gm-apenas-carros-eletricos\/\"]}]},{\"@type\":\"ImageObject\",\"inLanguage\":\"pt-BR\",\"@id\":\"https:\/\/www.suno.com.br\/noticias\/gm-apenas-carros-eletricos\/#primaryimage\",\"url\":\"https:\/\/files.sunoresearch.com.br\/n\/uploads\/2021\/01\/6447c020-gm-jpg.webp\",\"contentUrl\":\"https:\/\/files.sunoresearch.com.br\/n\/uploads\/2021\/01\/6447c020-gm-jpg.webp\",\"width\":1024,\"height\":669,\"caption\":\"Carros: frota brasileira \u00e9 a mais velha dos \u00faltimos 25 anos\"},{\"@type\":\"BreadcrumbList\",\"@id\":\"https:\/\/www.suno.com.br\/noticias\/gm-apenas-carros-eletricos\/#breadcrumb\",\"itemListElement\":[{\"@type\":\"ListItem\",\"position\":1,\"name\":\"Not\u00edcias\",\"item\":\"https:\/\/www.suno.com.br\/noticias\/\"},{\"@type\":\"ListItem\",\"position\":2,\"name\":\"Neg\u00f3cios\",\"item\":\"https:\/\/www.suno.com.br\/noticias\/negocios\/\"},{\"@type\":\"ListItem\",\"position\":3,\"name\":\"General Motors planeja oferecer exclusivamente carros el\u00e9tricos at\u00e9 2035\"}]},{\"@type\":\"WebSite\",\"@id\":\"https:\/\/www.suno.com.br\/noticias\/#website\",\"url\":\"https:\/\/www.suno.com.br\/noticias\/\",\"name\":\"Suno Not\u00edcias\",\"description\":\"Seu portal de informa\u00e7\u00e3o sobre o mundo dos investimentos\",\"publisher\":{\"@id\":\"https:\/\/www.suno.com.br\/noticias\/#organization\"},\"potentialAction\":[{\"@type\":\"SearchAction\",\"target\":{\"@type\":\"EntryPoint\",\"urlTemplate\":\"https:\/\/www.suno.com.br\/noticias\/?s={search_term_string}\"},\"query-input\":{\"@type\":\"PropertyValueSpecification\",\"valueRequired\":true,\"valueName\":\"search_term_string\"}}],\"inLanguage\":\"pt-BR\"},{\"@type\":\"Organization\",\"@id\":\"https:\/\/www.suno.com.br\/noticias\/#organization\",\"name\":\"Suno Not\u00edcias\",\"url\":\"https:\/\/www.suno.com.br\/noticias\/\",\"logo\":{\"@type\":\"ImageObject\",\"inLanguage\":\"pt-BR\",\"@id\":\"https:\/\/www.suno.com.br\/noticias\/#\/schema\/logo\/image\/\",\"url\":\"https:\/\/files.sunoresearch.com.br\/n\/uploads\/2021\/09\/suno-logo.png\",\"contentUrl\":\"https:\/\/files.sunoresearch.com.br\/n\/uploads\/2021\/09\/suno-logo.png\",\"width\":180,\"height\":180,\"caption\":\"Suno Not\u00edcias\"},\"image\":{\"@id\":\"https:\/\/www.suno.com.br\/noticias\/#\/schema\/logo\/image\/\"},\"sameAs\":[\"https:\/\/facebook.com\/sunoresearch\",\"https:\/\/x.com\/sunoresearch\",\"https:\/\/www.instagram.com\/suno\",\"https:\/\/www.linkedin.com\/company\/suno-research\/\",\"https:\/\/www.youtube.com\/c\/sunoresearch\"]},{\"@type\":\"Person\",\"@id\":\"https:\/\/www.suno.com.br\/noticias\/#\/schema\/person\/658d5fbc74d81f265f5df3562d0038ab\",\"name\":\"Vitor Azevedo\",\"image\":{\"@type\":\"ImageObject\",\"inLanguage\":\"pt-BR\",\"@id\":\"https:\/\/www.suno.com.br\/noticias\/#\/schema\/person\/image\/\",\"url\":\"https:\/\/secure.gravatar.com\/avatar\/62b86195291b446fe380824eb28b99a5?s=96&r=g\",\"contentUrl\":\"https:\/\/secure.gravatar.com\/avatar\/62b86195291b446fe380824eb28b99a5?s=96&r=g\",\"caption\":\"Vitor Azevedo\"},\"description\":\"Formado em jornalismo pela Unesp, escreve sobre economia e neg\u00f3cios para a Suno Not\u00edcias.\",\"url\":\"https:\/\/www.suno.com.br\/noticias\/author\/vitor-azevedo\/\"}]}<\/script>\n<!-- \/ Yoast SEO plugin. -->","yoast_head_json":{"title":"GM planeja oferecer exclusivamente carros el\u00e9tricos at\u00e9 2035","description":"A General Mortos (GM) anunciou que pretende encerrar a sua produ\u00e7\u00e3o de ve\u00edculos movidos a combust\u00edveis f\u00f3sseis. Clique aqui para saber mais.","robots":{"index":"index","follow":"follow","max-snippet":"max-snippet:-1","max-image-preview":"max-image-preview:large","max-video-preview":"max-video-preview:-1"},"canonical":"https:\/\/www.suno.com.br\/noticias\/gm-apenas-carros-eletricos\/","og_locale":"pt_BR","og_type":"article","og_title":"GM planeja oferecer exclusivamente carros el\u00e9tricos at\u00e9 2035","og_description":"A General Mortos (GM) anunciou que pretende encerrar a sua produ\u00e7\u00e3o de ve\u00edculos movidos a combust\u00edveis f\u00f3sseis. Clique aqui para saber mais.","og_url":"https:\/\/www.suno.com.br\/noticias\/gm-apenas-carros-eletricos\/","og_site_name":"Suno Not\u00edcias","article_publisher":"https:\/\/facebook.com\/sunoresearch","og_image":[{"width":1024,"height":669,"url":"https:\/\/files.sunoresearch.com.br\/n\/uploads\/2021\/01\/6447c020-gm.jpg","type":"image\/jpeg"}],"author":"Vitor Azevedo","twitter_card":"summary_large_image","twitter_creator":"@sunoresearch","twitter_site":"@sunoresearch","twitter_misc":{"Escrito por":"Vitor Azevedo","Est. tempo de leitura":"2 minutos"},"schema":{"@context":"https:\/\/schema.org","@graph":[{"@type":"NewsArticle","@id":"https:\/\/www.suno.com.br\/noticias\/gm-apenas-carros-eletricos\/#article","isPartOf":{"@id":"https:\/\/www.suno.com.br\/noticias\/gm-apenas-carros-eletricos\/"},"author":{"name":"Vitor Azevedo","@id":"https:\/\/www.suno.com.br\/noticias\/#\/schema\/person\/658d5fbc74d81f265f5df3562d0038ab"},"headline":"General Motors planeja oferecer exclusivamente carros el\u00e9tricos at\u00e9 2035","datePublished":"2021-01-28T18:05:41+00:00","dateModified":"2021-05-11T01:49:23+00:00","mainEntityOfPage":{"@id":"https:\/\/www.suno.com.br\/noticias\/gm-apenas-carros-eletricos\/"},"wordCount":411,"publisher":{"@id":"https:\/\/www.suno.com.br\/noticias\/#organization"},"image":{"@id":"https:\/\/www.suno.com.br\/noticias\/gm-apenas-carros-eletricos\/#primaryimage"},"thumbnailUrl":"https:\/\/files.sunoresearch.com.br\/n\/uploads\/2021\/01\/6447c020-gm-jpg.webp","keywords":["carros el\u00e9tricos","General Motors (GMCO34)"],"articleSection":["Neg\u00f3cios"],"inLanguage":"pt-BR"},{"@type":"WebPage","@id":"https:\/\/www.suno.com.br\/noticias\/gm-apenas-carros-eletricos\/","url":"https:\/\/www.suno.com.br\/noticias\/gm-apenas-carros-eletricos\/","name":"GM planeja oferecer exclusivamente carros el\u00e9tricos at\u00e9 2035","isPartOf":{"@id":"https:\/\/www.suno.com.br\/noticias\/#website"},"primaryImageOfPage":{"@id":"https:\/\/www.suno.com.br\/noticias\/gm-apenas-carros-eletricos\/#primaryimage"},"image":{"@id":"https:\/\/www.suno.com.br\/noticias\/gm-apenas-carros-eletricos\/#primaryimage"},"thumbnailUrl":"https:\/\/files.sunoresearch.com.br\/n\/uploads\/2021\/01\/6447c020-gm-jpg.webp","datePublished":"2021-01-28T18:05:41+00:00","dateModified":"2021-05-11T01:49:23+00:00","description":"A General Mortos (GM) anunciou que pretende encerrar a sua produ\u00e7\u00e3o de ve\u00edculos movidos a combust\u00edveis f\u00f3sseis. Clique aqui para saber mais.","breadcrumb":{"@id":"https:\/\/www.suno.com.br\/noticias\/gm-apenas-carros-eletricos\/#breadcrumb"},"inLanguage":"pt-BR","potentialAction":[{"@type":"ReadAction","target":["https:\/\/www.suno.com.br\/noticias\/gm-apenas-carros-eletricos\/"]}]},{"@type":"ImageObject","inLanguage":"pt-BR","@id":"https:\/\/www.suno.com.br\/noticias\/gm-apenas-carros-eletricos\/#primaryimage","url":"https:\/\/files.sunoresearch.com.br\/n\/uploads\/2021\/01\/6447c020-gm-jpg.webp","contentUrl":"https:\/\/files.sunoresearch.com.br\/n\/uploads\/2021\/01\/6447c020-gm-jpg.webp","width":1024,"height":669,"caption":"Carros: frota brasileira \u00e9 a mais velha dos \u00faltimos 25 anos"},{"@type":"BreadcrumbList","@id":"https:\/\/www.suno.com.br\/noticias\/gm-apenas-carros-eletricos\/#breadcrumb","itemListElement":[{"@type":"ListItem","position":1,"name":"Not\u00edcias","item":"https:\/\/www.suno.com.br\/noticias\/"},{"@type":"ListItem","position":2,"name":"Neg\u00f3cios","item":"https:\/\/www.suno.com.br\/noticias\/negocios\/"},{"@type":"ListItem","position":3,"name":"General Motors planeja oferecer exclusivamente carros el\u00e9tricos at\u00e9 2035"}]},{"@type":"WebSite","@id":"https:\/\/www.suno.com.br\/noticias\/#website","url":"https:\/\/www.suno.com.br\/noticias\/","name":"Suno Not\u00edcias","description":"Seu portal de informa\u00e7\u00e3o sobre o mundo dos investimentos","publisher":{"@id":"https:\/\/www.suno.com.br\/noticias\/#organization"},"potentialAction":[{"@type":"SearchAction","target":{"@type":"EntryPoint","urlTemplate":"https:\/\/www.suno.com.br\/noticias\/?s={search_term_string}"},"query-input":{"@type":"PropertyValueSpecification","valueRequired":true,"valueName":"search_term_string"}}],"inLanguage":"pt-BR"},{"@type":"Organization","@id":"https:\/\/www.suno.com.br\/noticias\/#organization","name":"Suno Not\u00edcias","url":"https:\/\/www.suno.com.br\/noticias\/","logo":{"@type":"ImageObject","inLanguage":"pt-BR","@id":"https:\/\/www.suno.com.br\/noticias\/#\/schema\/logo\/image\/","url":"https:\/\/files.sunoresearch.com.br\/n\/uploads\/2021\/09\/suno-logo.png","contentUrl":"https:\/\/files.sunoresearch.com.br\/n\/uploads\/2021\/09\/suno-logo.png","width":180,"height":180,"caption":"Suno Not\u00edcias"},"image":{"@id":"https:\/\/www.suno.com.br\/noticias\/#\/schema\/logo\/image\/"},"sameAs":["https:\/\/facebook.com\/sunoresearch","https:\/\/x.com\/sunoresearch","https:\/\/www.instagram.com\/suno","https:\/\/www.linkedin.com\/company\/suno-research\/","https:\/\/www.youtube.com\/c\/sunoresearch"]},{"@type":"Person","@id":"https:\/\/www.suno.com.br\/noticias\/#\/schema\/person\/658d5fbc74d81f265f5df3562d0038ab","name":"Vitor Azevedo","image":{"@type":"ImageObject","inLanguage":"pt-BR","@id":"https:\/\/www.suno.com.br\/noticias\/#\/schema\/person\/image\/","url":"https:\/\/secure.gravatar.com\/avatar\/62b86195291b446fe380824eb28b99a5?s=96&r=g","contentUrl":"https:\/\/secure.gravatar.com\/avatar\/62b86195291b446fe380824eb28b99a5?s=96&r=g","caption":"Vitor Azevedo"},"description":"Formado em jornalismo pela Unesp, escreve sobre economia e neg\u00f3cios para a Suno Not\u00edcias.","url":"https:\/\/www.suno.com.br\/noticias\/author\/vitor-azevedo\/"}]}},"default_loop_html":"<div class=\"cardsPage__listCard__boxs\"><div class=\"cardsPage__listCard__boxs__img\"><a href=\"https:\/\/www.suno.com.br\/noticias\/gm-apenas-carros-eletricos\/\"><img class=\"mask\" src=\"https:\/\/www.suno.com.br\/noticias\/wp-content\/themes\/suno\/resources\/images\/spotlight\/spotlight1img\/bg-mask.png\" alt=\"Image Mask\"\/><img src=\"https:\/\/files.sunoresearch.com.br\/n\/uploads\/2021\/01\/6447c020-gm-400x200.webp\" alt=\"General Motors planeja oferecer exclusivamente carros el\u00e9tricos at\u00e9 2035\"\/><\/a><span class=\"spotlightCategory\"><a href=\"https:\/\/www.suno.com.br\/noticias\/negocios\/\">Neg\u00f3cios<\/a><\/span><\/div><div class=\"cardsPage__listCard__boxs__content\"><a href=\"https:\/\/www.suno.com.br\/noticias\/gm-apenas-carros-eletricos\/\"><h2 class=\"content__title\">General Motors planeja oferecer exclusivamente carros el\u00e9tricos at\u00e9 2035<\/h2><\/a><div class=\"newsContent__article__meta\"><div class=\"newsContent__article__meta__authorBox\"><a href=\"https:\/\/www.suno.com.br\/noticias\/author\/vitor-azevedo\/\" class=\"authorBox__avatar noMobi\"><img src=\"https:\/\/secure.gravatar.com\/avatar\/62b86195291b446fe380824eb28b99a5?s=96&#038;r=g\" alt=\"Vitor Azevedo\"><\/a><div class=\"authorBox__name\"><span>por\n\t\t\t<a href=\"https:\/\/www.suno.com.br\/noticias\/author\/vitor-azevedo\/\"><span itemprop=\"author\">Vitor Azevedo<\/span><\/a><\/span><time datetime=\"2021-01-28T15:05:41-03:00\" itemprop=\"datePublished\">28\/01\/2021 15:05<\/time><\/div><\/div><\/div><\/div><\/div>","single_layout":"posts","amp_enabled":true,"_links":{"self":[{"href":"https:\/\/www.suno.com.br\/noticias\/wp-json\/wp\/v2\/posts\/116779"}],"collection":[{"href":"https:\/\/www.suno.com.br\/noticias\/wp-json\/wp\/v2\/posts"}],"about":[{"href":"https:\/\/www.suno.com.br\/noticias\/wp-json\/wp\/v2\/types\/post"}],"author":[{"embeddable":true,"href":"https:\/\/www.suno.com.br\/noticias\/wp-json\/wp\/v2\/users\/59"}],"replies":[{"embeddable":true,"href":"https:\/\/www.suno.com.br\/noticias\/wp-json\/wp\/v2\/comments?post=116779"}],"version-history":[{"count":1,"href":"https:\/\/www.suno.com.br\/noticias\/wp-json\/wp\/v2\/posts\/116779\/revisions"}],"predecessor-version":[{"id":146853,"href":"https:\/\/www.suno.com.br\/noticias\/wp-json\/wp\/v2\/posts\/116779\/revisions\/146853"}],"wp:featuredmedia":[{"embeddable":true,"href":"https:\/\/www.suno.com.br\/noticias\/wp-json\/wp\/v2\/media\/116807"}],"wp:attachment":[{"href":"https:\/\/www.suno.com.br\/noticias\/wp-json\/wp\/v2\/media?parent=116779"}],"wp:term":[{"taxonomy":"category","embeddable":true,"href":"https:\/\/www.suno.com.br\/noticias\/wp-json\/wp\/v2\/categories?post=116779"},{"taxonomy":"post_tag","embeddable":true,"href":"https:\/\/www.suno.com.br\/noticias\/wp-json\/wp\/v2\/tags?post=116779"},{"taxonomy":"suno_strategy","embeddable":true,"href":"https:\/\/www.suno.com.br\/noticias\/wp-json\/wp\/v2\/suno_strategy?post=116779"}],"curies":[{"name":"wp","href":"https:\/\/api.w.org\/{rel}","templated":true}]}}