{"id":116582,"date":"2021-01-28T08:30:20","date_gmt":"2021-01-28T11:30:20","guid":{"rendered":"https:\/\/www.suno.com.br\/noticias\/?p=116582"},"modified":"2021-01-28T08:30:20","modified_gmt":"2021-01-28T11:30:20","slug":"reducao-imposto-diesel-frear-greve-dos-caminhoneiros","status":"publish","type":"post","link":"https:\/\/www.suno.com.br\/noticias\/reducao-imposto-diesel-frear-greve-dos-caminhoneiros\/","title":{"rendered":"Para frear greve dos caminhoneiros, governo sinaliza redu\u00e7\u00e3o de imposto sobre diesel"},"content":{"rendered":"<p>Ap\u00f3s a <a href=\"https:\/\/www.suno.com.br\/acoes\/petr4\/\">Petrobras (PETR4)<\/a> ter aumentado o pre\u00e7o do diesel em 4,4% nas refinarias na \u00faltima ter\u00e7a-feira (28), o presidente Jair Bolsonaro sinalizou ontem em entrevista coletiva que pode diminuir impostos federais sobre os combust\u00edveis para impedir a <strong>greve dos caminhoneiros<\/strong>, marcada para o pr\u00f3ximo dia primeiro.<\/p>\t<div class=\"wrapper-featured-image\">\n\t\t<figure class=\"spotlightImg\">\n\n\t\t\t<picture>\n\t\t\t\t<source media=\"(max-width: 768px)\" srcset=\"https:\/\/files.sunoresearch.com.br\/n\/uploads\/2021\/01\/005bd5b6-grevedoscaminhoneiros-400x200.webp\">\n\t\t\t\t<img loading=\"lazy\" decoding=\"async\" class=\"newsContent__article__imgCapa lazyloadDisabled \" src=\"https:\/\/files.sunoresearch.com.br\/n\/uploads\/2021\/01\/005bd5b6-grevedoscaminhoneiros-800x450.webp\" width=\"800\" height=\"450\" alt=\"Para frear greve dos caminhoneiros, governo sinaliza redu\u00e7\u00e3o de imposto sobre diesel\" fetchpriority=high \/>\n\t\t\t<\/picture>\n\n\t\t\t<figcaption class=\"wp-caption-text wp-caption-text--show\">Representantes de classe divergem sobre greve dos caminhoneiros ap\u00f3s sinaliza\u00e7\u00e3o de redu\u00e7\u00e3o de imposto sobre o diesel<\/figcaption>\n\t\t<\/figure>\n\t<\/div>\n\n\n<p><span style=\"font-weight: 400;\">\u00a0\t<p>\n\t\t<a href=\"https:\/\/lp.suno.com.br\/planilha-controle-gastos\/\" target=\"_blank\" data-element=\"shortcode-suno-banner\" title=\"Banner SUNO, clique e saiba mais\">\n\t\t\t<picture>\n\t\t\t\t<source media=\"(max-width: 500px)\" srcset=\"https:\/\/files.sunoresearch.com.br\/n\/uploads\/2023\/03\/400x300-Planilha-controle-de-gastos.png\">\n\t\t\t\t<img class=\"newsContent__article__imgCapa newsContent__article__imgCapa--banner\"\n\t\t\t\t\tsrc=\"https:\/\/files.sunoresearch.com.br\/n\/uploads\/2023\/03\/1420x240-Planilha-controle-de-gastos.png\"\n\t\t\t\t\tdata-promo-id=\"101751\"\t\t\t\t\t\t\t\t\t\twidth='1420' height='240'\t\t\t\t\talt=\"https:\/\/files.sunoresearch.com.br\/n\/uploads\/2023\/03\/1420x240-Planilha-controle-de-gastos.png\"\n\t\t\t\t>\n\t\t\t<\/picture>\n\t\t<\/a>\n\t<\/p>\n\n<\/span><\/p>\n<p>Al\u00e9m disso, Bolsonaro afirmou esperar que os governos estaduais, com fim de evitar a greve dos caminhoneiros, tomem a mesma dire\u00e7\u00e3o e reduzam as al\u00edquotas do ICMS sobre o <strong>diesel<\/strong>. As falas foram bem recebidas por representantes da classe, mas ainda h\u00e1 diverg\u00eancias.<\/p>\n<p>Bolsonaro disse tamb\u00e9m que o monop\u00f3lio em parte da cadeia de distribui\u00e7\u00e3o \u00e9 respons\u00e1vel pelos pre\u00e7os altos. O presidente afirmou ainda que o valor dos combust\u00edveis nas refinarias \u00e9 &#8220;razo\u00e1vel&#8221;, e que a alta ocorre no transporte at\u00e9 as bombas.<\/p>\n<p><a href=\"https:\/\/lp.suno.com.br\/suno-one\/\"><span style=\"font-weight: 400;\">Suno One: acesse gratuitamente eBooks, Minicursos, Artigos e Video Aulas sobre investimentos com um \u00fanico cadastro. Clique para saber mais!<\/span><\/a><\/p>\n<h2>Bolsonaro faz apelo para que greve dos caminhoneiros n\u00e3o aconte\u00e7a<\/h2>\n<p>Quando questionado sobre a greve dos caminhoneiros, Bolsonaro fez um apelo \u00e0 classe, afirmou que reconhece a import\u00e2ncia de categoria e pediu pela n\u00e3o realiza\u00e7\u00e3o do evento, afirmando que, se ocorrer, &#8220;todos v\u00e3o perder&#8221;.<\/p>\n<p>Em fala ao jornal Valor Econ\u00f4mico, Marcelo Aparecido Santos da Paz, representante dos caminhoneiros aut\u00f4nomos do Porto de Santos no F\u00f3rum Permanente para o Transporte Rodovi\u00e1rio de Cargas (TRC), afirmou que a fala do presidente \u00e9 um passo importante, mas disse que existem outras pautas da categoria levantadas pela greve dos caminhoneiros, como a fiscaliza\u00e7\u00e3o do <strong>piso m\u00ednimo de frete<\/strong>.<\/p>\n<p><span style=\"font-weight: 400;\">\t<p>\n\t\t<a href=\"https:\/\/lp.suno.com.br\/ebook-como-analisar-uma-acao\/\" target=\"_blank\" data-element=\"shortcode-suno-banner\" title=\"Banner SUNO, clique e saiba mais\">\n\t\t\t<picture>\n\t\t\t\t<source media=\"(max-width: 500px)\" srcset=\"https:\/\/files.sunoresearch.com.br\/n\/uploads\/2023\/03\/Ebook-Acoes-Mobile.jpg\">\n\t\t\t\t<img class=\"newsContent__article__imgCapa newsContent__article__imgCapa--banner\"\n\t\t\t\t\tsrc=\"https:\/\/files.sunoresearch.com.br\/n\/uploads\/2023\/03\/Ebook-Acoes-Desktop.jpg\"\n\t\t\t\t\tdata-promo-id=\"378302\"\t\t\t\t\t\t\t\t\t\twidth='1420' height='286'\t\t\t\t\talt=\"https:\/\/files.sunoresearch.com.br\/n\/uploads\/2023\/03\/Ebook-Acoes-Desktop.jpg\"\n\t\t\t\t>\n\t\t\t<\/picture>\n\t\t<\/a>\n\t<\/p>\n\n<\/span><\/p>\n<h2>Lideran\u00e7as de classe est\u00e3o divididas<\/h2>\n<p>Em nota, a Confedera\u00e7\u00e3o Nacional dos Caminhoneiros e Transportadores Aut\u00f4nomos de Bens e Cargas (Conftac) declarou que a eventual greve dos caminhoneiros pode gerar danos irrepar\u00e1veis e provocar desabastecimento. O momento n\u00e3o seria, segundo a institui\u00e7\u00e3o, oportuno e a maioria da classe estaria contr\u00e1ria ao movimento.<\/p>\n<p>J\u00e1 Wallace Landim, presidente da Associa\u00e7\u00e3o Brasileira de Condutores de Ve\u00edculos Automotores (Abrava), em fala a uma coluna do portal Uol, afirmou que o apelo de Bolsonaro para evitar a <strong>greve dos caminhoneiros<\/strong> n\u00e3o convence e que quem est\u00e1 fazendo apelos desde 2018 \u00e9 a sua categoria.<\/p>\n<p><span style=\"font-weight: 400;\">\t<p>\n\t\t<a href=\"https:\/\/lp.suno.com.br\/planilha-de-controle-de-investimentos\/\" target=\"_blank\" data-element=\"shortcode-suno-banner\" title=\"Banner SUNO, clique e saiba mais\">\n\t\t\t<picture>\n\t\t\t\t<source media=\"(max-width: 500px)\" srcset=\"https:\/\/files.sunoresearch.com.br\/n\/uploads\/2023\/03\/400x300-Controle-de-Investimentos.png\">\n\t\t\t\t<img class=\"newsContent__article__imgCapa newsContent__article__imgCapa--banner\"\n\t\t\t\t\tsrc=\"https:\/\/files.sunoresearch.com.br\/n\/uploads\/2023\/03\/1420x240-Controle-de-Investimentos.png\"\n\t\t\t\t\tdata-promo-id=\"75934\"\t\t\t\t\t\t\t\t\t\twidth='1420' height='240'\t\t\t\t\talt=\"https:\/\/files.sunoresearch.com.br\/n\/uploads\/2023\/03\/1420x240-Controle-de-Investimentos.png\"\n\t\t\t\t>\n\t\t\t<\/picture>\n\t\t<\/a>\n\t<\/p>\n\n<\/span><\/p>\n","protected":false},"excerpt":{"rendered":"<p>Ap\u00f3s a Petrobras (PETR4) ter aumentado o pre\u00e7o do diesel em 4,4% nas refinarias na \u00faltima ter\u00e7a-feira (28), o presidente Jair Bolsonaro sinalizou ontem em entrevista coletiva que pode diminuir impostos federais sobre os combust\u00edveis para impedir a greve dos caminhoneiros, marcada para o pr\u00f3ximo dia primeiro. Representantes de classe divergem sobre greve dos caminhoneiros [&hellip;]<\/p>\n","protected":false},"author":59,"featured_media":116605,"comment_status":"closed","ping_status":"closed","sticky":false,"template":"","format":"standard","meta":[],"categories":[61],"tags":[1437,1192,833],"suno_strategy":[],"class_list":["post-116582","post","type-post","status-publish","format-standard","has-post-thumbnail","hentry","category-politica","tag-combustiveis","tag-diesel","tag-greve-dos-caminhoneiros"],"yoast_head":"<!-- This site is optimized with the Yoast SEO plugin v24.4 - https:\/\/yoast.com\/wordpress\/plugins\/seo\/ -->\n<title>Greve dos caminhoneiros: governo sinaliza menor imposto sobre diesel<\/title>\n<meta name=\"description\" content=\"O presidente Bolsonaro sinalizou que pode reduzir impostos sobre o diesel para frear greve dos caminhoneiros. Clique aqui para saber mais.\" \/>\n<meta name=\"robots\" content=\"index, follow, max-snippet:-1, max-image-preview:large, max-video-preview:-1\" \/>\n<link rel=\"canonical\" href=\"https:\/\/www.suno.com.br\/noticias\/reducao-imposto-diesel-frear-greve-dos-caminhoneiros\/\" \/>\n<meta property=\"og:locale\" content=\"pt_BR\" \/>\n<meta property=\"og:type\" content=\"article\" \/>\n<meta property=\"og:title\" content=\"Greve dos caminhoneiros: governo sinaliza menor imposto sobre diesel\" \/>\n<meta property=\"og:description\" content=\"O presidente Bolsonaro sinalizou que pode reduzir impostos sobre o diesel para frear greve dos caminhoneiros. Clique aqui para saber mais.\" \/>\n<meta property=\"og:url\" content=\"https:\/\/www.suno.com.br\/noticias\/reducao-imposto-diesel-frear-greve-dos-caminhoneiros\/\" \/>\n<meta property=\"og:site_name\" content=\"Suno Not\u00edcias\" \/>\n<meta property=\"article:publisher\" content=\"https:\/\/facebook.com\/sunoresearch\" \/>\n<meta property=\"og:image\" content=\"https:\/\/files.sunoresearch.com.br\/n\/uploads\/2021\/01\/005bd5b6-grevedoscaminhoneiros.jpg\" \/>\n\t<meta property=\"og:image:width\" content=\"800\" \/>\n\t<meta property=\"og:image:height\" content=\"533\" \/>\n\t<meta property=\"og:image:type\" content=\"image\/jpeg\" \/>\n<meta name=\"author\" content=\"Vitor Azevedo\" \/>\n<meta name=\"twitter:card\" content=\"summary_large_image\" \/>\n<meta name=\"twitter:creator\" content=\"@sunoresearch\" \/>\n<meta name=\"twitter:site\" content=\"@sunoresearch\" \/>\n<meta name=\"twitter:label1\" content=\"Escrito por\" \/>\n\t<meta name=\"twitter:data1\" content=\"Vitor Azevedo\" \/>\n\t<meta name=\"twitter:label2\" content=\"Est. tempo de leitura\" \/>\n\t<meta name=\"twitter:data2\" content=\"2 minutos\" \/>\n<script type=\"application\/ld+json\" class=\"yoast-schema-graph\">{\"@context\":\"https:\/\/schema.org\",\"@graph\":[{\"@type\":\"NewsArticle\",\"@id\":\"https:\/\/www.suno.com.br\/noticias\/reducao-imposto-diesel-frear-greve-dos-caminhoneiros\/#article\",\"isPartOf\":{\"@id\":\"https:\/\/www.suno.com.br\/noticias\/reducao-imposto-diesel-frear-greve-dos-caminhoneiros\/\"},\"author\":{\"name\":\"Vitor Azevedo\",\"@id\":\"https:\/\/www.suno.com.br\/noticias\/#\/schema\/person\/658d5fbc74d81f265f5df3562d0038ab\"},\"headline\":\"Para frear greve dos caminhoneiros, governo sinaliza redu\u00e7\u00e3o de imposto sobre diesel\",\"datePublished\":\"2021-01-28T11:30:20+00:00\",\"mainEntityOfPage\":{\"@id\":\"https:\/\/www.suno.com.br\/noticias\/reducao-imposto-diesel-frear-greve-dos-caminhoneiros\/\"},\"wordCount\":417,\"publisher\":{\"@id\":\"https:\/\/www.suno.com.br\/noticias\/#organization\"},\"image\":{\"@id\":\"https:\/\/www.suno.com.br\/noticias\/reducao-imposto-diesel-frear-greve-dos-caminhoneiros\/#primaryimage\"},\"thumbnailUrl\":\"https:\/\/files.sunoresearch.com.br\/n\/uploads\/2021\/01\/005bd5b6-grevedoscaminhoneiros-jpg.webp\",\"keywords\":[\"combust\u00edveis\",\"diesel\",\"greve dos caminhoneiros\"],\"articleSection\":[\"Pol\u00edtica\"],\"inLanguage\":\"pt-BR\"},{\"@type\":\"WebPage\",\"@id\":\"https:\/\/www.suno.com.br\/noticias\/reducao-imposto-diesel-frear-greve-dos-caminhoneiros\/\",\"url\":\"https:\/\/www.suno.com.br\/noticias\/reducao-imposto-diesel-frear-greve-dos-caminhoneiros\/\",\"name\":\"Greve dos caminhoneiros: governo sinaliza menor imposto sobre diesel\",\"isPartOf\":{\"@id\":\"https:\/\/www.suno.com.br\/noticias\/#website\"},\"primaryImageOfPage\":{\"@id\":\"https:\/\/www.suno.com.br\/noticias\/reducao-imposto-diesel-frear-greve-dos-caminhoneiros\/#primaryimage\"},\"image\":{\"@id\":\"https:\/\/www.suno.com.br\/noticias\/reducao-imposto-diesel-frear-greve-dos-caminhoneiros\/#primaryimage\"},\"thumbnailUrl\":\"https:\/\/files.sunoresearch.com.br\/n\/uploads\/2021\/01\/005bd5b6-grevedoscaminhoneiros-jpg.webp\",\"datePublished\":\"2021-01-28T11:30:20+00:00\",\"description\":\"O presidente Bolsonaro sinalizou que pode reduzir impostos sobre o diesel para frear greve dos caminhoneiros. Clique aqui para saber mais.\",\"breadcrumb\":{\"@id\":\"https:\/\/www.suno.com.br\/noticias\/reducao-imposto-diesel-frear-greve-dos-caminhoneiros\/#breadcrumb\"},\"inLanguage\":\"pt-BR\",\"potentialAction\":[{\"@type\":\"ReadAction\",\"target\":[\"https:\/\/www.suno.com.br\/noticias\/reducao-imposto-diesel-frear-greve-dos-caminhoneiros\/\"]}]},{\"@type\":\"ImageObject\",\"inLanguage\":\"pt-BR\",\"@id\":\"https:\/\/www.suno.com.br\/noticias\/reducao-imposto-diesel-frear-greve-dos-caminhoneiros\/#primaryimage\",\"url\":\"https:\/\/files.sunoresearch.com.br\/n\/uploads\/2021\/01\/005bd5b6-grevedoscaminhoneiros-jpg.webp\",\"contentUrl\":\"https:\/\/files.sunoresearch.com.br\/n\/uploads\/2021\/01\/005bd5b6-grevedoscaminhoneiros-jpg.webp\",\"width\":800,\"height\":533,\"caption\":\"Representantes de classe divergem sobre greve dos caminhoneiros ap\u00f3s sinaliza\u00e7\u00e3o de redu\u00e7\u00e3o de imposto sobre o diesel\"},{\"@type\":\"BreadcrumbList\",\"@id\":\"https:\/\/www.suno.com.br\/noticias\/reducao-imposto-diesel-frear-greve-dos-caminhoneiros\/#breadcrumb\",\"itemListElement\":[{\"@type\":\"ListItem\",\"position\":1,\"name\":\"Not\u00edcias\",\"item\":\"https:\/\/www.suno.com.br\/noticias\/\"},{\"@type\":\"ListItem\",\"position\":2,\"name\":\"Pol\u00edtica\",\"item\":\"https:\/\/www.suno.com.br\/noticias\/politica\/\"},{\"@type\":\"ListItem\",\"position\":3,\"name\":\"Para frear greve dos caminhoneiros, governo sinaliza redu\u00e7\u00e3o de imposto sobre diesel\"}]},{\"@type\":\"WebSite\",\"@id\":\"https:\/\/www.suno.com.br\/noticias\/#website\",\"url\":\"https:\/\/www.suno.com.br\/noticias\/\",\"name\":\"Suno Not\u00edcias\",\"description\":\"Seu portal de informa\u00e7\u00e3o sobre o mundo dos investimentos\",\"publisher\":{\"@id\":\"https:\/\/www.suno.com.br\/noticias\/#organization\"},\"potentialAction\":[{\"@type\":\"SearchAction\",\"target\":{\"@type\":\"EntryPoint\",\"urlTemplate\":\"https:\/\/www.suno.com.br\/noticias\/?s={search_term_string}\"},\"query-input\":{\"@type\":\"PropertyValueSpecification\",\"valueRequired\":true,\"valueName\":\"search_term_string\"}}],\"inLanguage\":\"pt-BR\"},{\"@type\":\"Organization\",\"@id\":\"https:\/\/www.suno.com.br\/noticias\/#organization\",\"name\":\"Suno Not\u00edcias\",\"url\":\"https:\/\/www.suno.com.br\/noticias\/\",\"logo\":{\"@type\":\"ImageObject\",\"inLanguage\":\"pt-BR\",\"@id\":\"https:\/\/www.suno.com.br\/noticias\/#\/schema\/logo\/image\/\",\"url\":\"https:\/\/files.sunoresearch.com.br\/n\/uploads\/2021\/09\/suno-logo.png\",\"contentUrl\":\"https:\/\/files.sunoresearch.com.br\/n\/uploads\/2021\/09\/suno-logo.png\",\"width\":180,\"height\":180,\"caption\":\"Suno Not\u00edcias\"},\"image\":{\"@id\":\"https:\/\/www.suno.com.br\/noticias\/#\/schema\/logo\/image\/\"},\"sameAs\":[\"https:\/\/facebook.com\/sunoresearch\",\"https:\/\/x.com\/sunoresearch\",\"https:\/\/www.instagram.com\/suno\",\"https:\/\/www.linkedin.com\/company\/suno-research\/\",\"https:\/\/www.youtube.com\/c\/sunoresearch\"]},{\"@type\":\"Person\",\"@id\":\"https:\/\/www.suno.com.br\/noticias\/#\/schema\/person\/658d5fbc74d81f265f5df3562d0038ab\",\"name\":\"Vitor Azevedo\",\"image\":{\"@type\":\"ImageObject\",\"inLanguage\":\"pt-BR\",\"@id\":\"https:\/\/www.suno.com.br\/noticias\/#\/schema\/person\/image\/\",\"url\":\"https:\/\/secure.gravatar.com\/avatar\/62b86195291b446fe380824eb28b99a5?s=96&r=g\",\"contentUrl\":\"https:\/\/secure.gravatar.com\/avatar\/62b86195291b446fe380824eb28b99a5?s=96&r=g\",\"caption\":\"Vitor Azevedo\"},\"description\":\"Formado em jornalismo pela Unesp, escreve sobre economia e neg\u00f3cios para a Suno Not\u00edcias.\",\"url\":\"https:\/\/www.suno.com.br\/noticias\/author\/vitor-azevedo\/\"}]}<\/script>\n<!-- \/ Yoast SEO plugin. -->","yoast_head_json":{"title":"Greve dos caminhoneiros: governo sinaliza menor imposto sobre diesel","description":"O presidente Bolsonaro sinalizou que pode reduzir impostos sobre o diesel para frear greve dos caminhoneiros. Clique aqui para saber mais.","robots":{"index":"index","follow":"follow","max-snippet":"max-snippet:-1","max-image-preview":"max-image-preview:large","max-video-preview":"max-video-preview:-1"},"canonical":"https:\/\/www.suno.com.br\/noticias\/reducao-imposto-diesel-frear-greve-dos-caminhoneiros\/","og_locale":"pt_BR","og_type":"article","og_title":"Greve dos caminhoneiros: governo sinaliza menor imposto sobre diesel","og_description":"O presidente Bolsonaro sinalizou que pode reduzir impostos sobre o diesel para frear greve dos caminhoneiros. Clique aqui para saber mais.","og_url":"https:\/\/www.suno.com.br\/noticias\/reducao-imposto-diesel-frear-greve-dos-caminhoneiros\/","og_site_name":"Suno Not\u00edcias","article_publisher":"https:\/\/facebook.com\/sunoresearch","og_image":[{"width":800,"height":533,"url":"https:\/\/files.sunoresearch.com.br\/n\/uploads\/2021\/01\/005bd5b6-grevedoscaminhoneiros.jpg","type":"image\/jpeg"}],"author":"Vitor Azevedo","twitter_card":"summary_large_image","twitter_creator":"@sunoresearch","twitter_site":"@sunoresearch","twitter_misc":{"Escrito por":"Vitor Azevedo","Est. tempo de leitura":"2 minutos"},"schema":{"@context":"https:\/\/schema.org","@graph":[{"@type":"NewsArticle","@id":"https:\/\/www.suno.com.br\/noticias\/reducao-imposto-diesel-frear-greve-dos-caminhoneiros\/#article","isPartOf":{"@id":"https:\/\/www.suno.com.br\/noticias\/reducao-imposto-diesel-frear-greve-dos-caminhoneiros\/"},"author":{"name":"Vitor Azevedo","@id":"https:\/\/www.suno.com.br\/noticias\/#\/schema\/person\/658d5fbc74d81f265f5df3562d0038ab"},"headline":"Para frear greve dos caminhoneiros, governo sinaliza redu\u00e7\u00e3o de imposto sobre diesel","datePublished":"2021-01-28T11:30:20+00:00","mainEntityOfPage":{"@id":"https:\/\/www.suno.com.br\/noticias\/reducao-imposto-diesel-frear-greve-dos-caminhoneiros\/"},"wordCount":417,"publisher":{"@id":"https:\/\/www.suno.com.br\/noticias\/#organization"},"image":{"@id":"https:\/\/www.suno.com.br\/noticias\/reducao-imposto-diesel-frear-greve-dos-caminhoneiros\/#primaryimage"},"thumbnailUrl":"https:\/\/files.sunoresearch.com.br\/n\/uploads\/2021\/01\/005bd5b6-grevedoscaminhoneiros-jpg.webp","keywords":["combust\u00edveis","diesel","greve dos caminhoneiros"],"articleSection":["Pol\u00edtica"],"inLanguage":"pt-BR"},{"@type":"WebPage","@id":"https:\/\/www.suno.com.br\/noticias\/reducao-imposto-diesel-frear-greve-dos-caminhoneiros\/","url":"https:\/\/www.suno.com.br\/noticias\/reducao-imposto-diesel-frear-greve-dos-caminhoneiros\/","name":"Greve dos caminhoneiros: governo sinaliza menor imposto sobre diesel","isPartOf":{"@id":"https:\/\/www.suno.com.br\/noticias\/#website"},"primaryImageOfPage":{"@id":"https:\/\/www.suno.com.br\/noticias\/reducao-imposto-diesel-frear-greve-dos-caminhoneiros\/#primaryimage"},"image":{"@id":"https:\/\/www.suno.com.br\/noticias\/reducao-imposto-diesel-frear-greve-dos-caminhoneiros\/#primaryimage"},"thumbnailUrl":"https:\/\/files.sunoresearch.com.br\/n\/uploads\/2021\/01\/005bd5b6-grevedoscaminhoneiros-jpg.webp","datePublished":"2021-01-28T11:30:20+00:00","description":"O presidente Bolsonaro sinalizou que pode reduzir impostos sobre o diesel para frear greve dos caminhoneiros. Clique aqui para saber mais.","breadcrumb":{"@id":"https:\/\/www.suno.com.br\/noticias\/reducao-imposto-diesel-frear-greve-dos-caminhoneiros\/#breadcrumb"},"inLanguage":"pt-BR","potentialAction":[{"@type":"ReadAction","target":["https:\/\/www.suno.com.br\/noticias\/reducao-imposto-diesel-frear-greve-dos-caminhoneiros\/"]}]},{"@type":"ImageObject","inLanguage":"pt-BR","@id":"https:\/\/www.suno.com.br\/noticias\/reducao-imposto-diesel-frear-greve-dos-caminhoneiros\/#primaryimage","url":"https:\/\/files.sunoresearch.com.br\/n\/uploads\/2021\/01\/005bd5b6-grevedoscaminhoneiros-jpg.webp","contentUrl":"https:\/\/files.sunoresearch.com.br\/n\/uploads\/2021\/01\/005bd5b6-grevedoscaminhoneiros-jpg.webp","width":800,"height":533,"caption":"Representantes de classe divergem sobre greve dos caminhoneiros ap\u00f3s sinaliza\u00e7\u00e3o de redu\u00e7\u00e3o de imposto sobre o diesel"},{"@type":"BreadcrumbList","@id":"https:\/\/www.suno.com.br\/noticias\/reducao-imposto-diesel-frear-greve-dos-caminhoneiros\/#breadcrumb","itemListElement":[{"@type":"ListItem","position":1,"name":"Not\u00edcias","item":"https:\/\/www.suno.com.br\/noticias\/"},{"@type":"ListItem","position":2,"name":"Pol\u00edtica","item":"https:\/\/www.suno.com.br\/noticias\/politica\/"},{"@type":"ListItem","position":3,"name":"Para frear greve dos caminhoneiros, governo sinaliza redu\u00e7\u00e3o de imposto sobre diesel"}]},{"@type":"WebSite","@id":"https:\/\/www.suno.com.br\/noticias\/#website","url":"https:\/\/www.suno.com.br\/noticias\/","name":"Suno Not\u00edcias","description":"Seu portal de informa\u00e7\u00e3o sobre o mundo dos investimentos","publisher":{"@id":"https:\/\/www.suno.com.br\/noticias\/#organization"},"potentialAction":[{"@type":"SearchAction","target":{"@type":"EntryPoint","urlTemplate":"https:\/\/www.suno.com.br\/noticias\/?s={search_term_string}"},"query-input":{"@type":"PropertyValueSpecification","valueRequired":true,"valueName":"search_term_string"}}],"inLanguage":"pt-BR"},{"@type":"Organization","@id":"https:\/\/www.suno.com.br\/noticias\/#organization","name":"Suno Not\u00edcias","url":"https:\/\/www.suno.com.br\/noticias\/","logo":{"@type":"ImageObject","inLanguage":"pt-BR","@id":"https:\/\/www.suno.com.br\/noticias\/#\/schema\/logo\/image\/","url":"https:\/\/files.sunoresearch.com.br\/n\/uploads\/2021\/09\/suno-logo.png","contentUrl":"https:\/\/files.sunoresearch.com.br\/n\/uploads\/2021\/09\/suno-logo.png","width":180,"height":180,"caption":"Suno Not\u00edcias"},"image":{"@id":"https:\/\/www.suno.com.br\/noticias\/#\/schema\/logo\/image\/"},"sameAs":["https:\/\/facebook.com\/sunoresearch","https:\/\/x.com\/sunoresearch","https:\/\/www.instagram.com\/suno","https:\/\/www.linkedin.com\/company\/suno-research\/","https:\/\/www.youtube.com\/c\/sunoresearch"]},{"@type":"Person","@id":"https:\/\/www.suno.com.br\/noticias\/#\/schema\/person\/658d5fbc74d81f265f5df3562d0038ab","name":"Vitor Azevedo","image":{"@type":"ImageObject","inLanguage":"pt-BR","@id":"https:\/\/www.suno.com.br\/noticias\/#\/schema\/person\/image\/","url":"https:\/\/secure.gravatar.com\/avatar\/62b86195291b446fe380824eb28b99a5?s=96&r=g","contentUrl":"https:\/\/secure.gravatar.com\/avatar\/62b86195291b446fe380824eb28b99a5?s=96&r=g","caption":"Vitor Azevedo"},"description":"Formado em jornalismo pela Unesp, escreve sobre economia e neg\u00f3cios para a Suno Not\u00edcias.","url":"https:\/\/www.suno.com.br\/noticias\/author\/vitor-azevedo\/"}]}},"default_loop_html":"<div class=\"cardsPage__listCard__boxs\"><div class=\"cardsPage__listCard__boxs__img\"><a href=\"https:\/\/www.suno.com.br\/noticias\/reducao-imposto-diesel-frear-greve-dos-caminhoneiros\/\"><img class=\"mask\" src=\"https:\/\/www.suno.com.br\/noticias\/wp-content\/themes\/suno\/resources\/images\/spotlight\/spotlight1img\/bg-mask.png\" alt=\"Image Mask\"\/><img src=\"https:\/\/files.sunoresearch.com.br\/n\/uploads\/2021\/01\/005bd5b6-grevedoscaminhoneiros-400x200.webp\" alt=\"Para frear greve dos caminhoneiros, governo sinaliza redu\u00e7\u00e3o de imposto sobre diesel\"\/><\/a><span class=\"spotlightCategory\"><a href=\"https:\/\/www.suno.com.br\/noticias\/politica\/\">Pol\u00edtica<\/a><\/span><\/div><div class=\"cardsPage__listCard__boxs__content\"><a href=\"https:\/\/www.suno.com.br\/noticias\/reducao-imposto-diesel-frear-greve-dos-caminhoneiros\/\"><h2 class=\"content__title\">Para frear greve dos caminhoneiros, governo sinaliza redu\u00e7\u00e3o de imposto sobre diesel<\/h2><\/a><div class=\"newsContent__article__meta\"><div class=\"newsContent__article__meta__authorBox\"><a href=\"https:\/\/www.suno.com.br\/noticias\/author\/vitor-azevedo\/\" class=\"authorBox__avatar noMobi\"><img src=\"https:\/\/secure.gravatar.com\/avatar\/62b86195291b446fe380824eb28b99a5?s=96&#038;r=g\" alt=\"Vitor Azevedo\"><\/a><div class=\"authorBox__name\"><span>por\n\t\t\t<a href=\"https:\/\/www.suno.com.br\/noticias\/author\/vitor-azevedo\/\"><span itemprop=\"author\">Vitor Azevedo<\/span><\/a><\/span><time datetime=\"2021-01-28T08:30:20-03:00\" itemprop=\"datePublished\">28\/01\/2021 08:30<\/time><\/div><\/div><\/div><\/div><\/div>","single_layout":"posts","amp_enabled":true,"_links":{"self":[{"href":"https:\/\/www.suno.com.br\/noticias\/wp-json\/wp\/v2\/posts\/116582"}],"collection":[{"href":"https:\/\/www.suno.com.br\/noticias\/wp-json\/wp\/v2\/posts"}],"about":[{"href":"https:\/\/www.suno.com.br\/noticias\/wp-json\/wp\/v2\/types\/post"}],"author":[{"embeddable":true,"href":"https:\/\/www.suno.com.br\/noticias\/wp-json\/wp\/v2\/users\/59"}],"replies":[{"embeddable":true,"href":"https:\/\/www.suno.com.br\/noticias\/wp-json\/wp\/v2\/comments?post=116582"}],"version-history":[{"count":0,"href":"https:\/\/www.suno.com.br\/noticias\/wp-json\/wp\/v2\/posts\/116582\/revisions"}],"wp:featuredmedia":[{"embeddable":true,"href":"https:\/\/www.suno.com.br\/noticias\/wp-json\/wp\/v2\/media\/116605"}],"wp:attachment":[{"href":"https:\/\/www.suno.com.br\/noticias\/wp-json\/wp\/v2\/media?parent=116582"}],"wp:term":[{"taxonomy":"category","embeddable":true,"href":"https:\/\/www.suno.com.br\/noticias\/wp-json\/wp\/v2\/categories?post=116582"},{"taxonomy":"post_tag","embeddable":true,"href":"https:\/\/www.suno.com.br\/noticias\/wp-json\/wp\/v2\/tags?post=116582"},{"taxonomy":"suno_strategy","embeddable":true,"href":"https:\/\/www.suno.com.br\/noticias\/wp-json\/wp\/v2\/suno_strategy?post=116582"}],"curies":[{"name":"wp","href":"https:\/\/api.w.org\/{rel}","templated":true}]}}