{"id":116560,"date":"2021-01-30T07:30:23","date_gmt":"2021-01-30T10:30:23","guid":{"rendered":"https:\/\/www.suno.com.br\/noticias\/?p=116560"},"modified":"2021-06-13T23:21:50","modified_gmt":"2021-06-14T02:21:50","slug":"nasdaq-acoes-desvalorizaram-janeiro","status":"publish","type":"post","link":"https:\/\/www.suno.com.br\/noticias\/nasdaq-acoes-desvalorizaram-janeiro\/","title":{"rendered":"NASDAQ 100: Confira as 5 a\u00e7\u00f5es que mais desvalorizaram em janeiro"},"content":{"rendered":"<p>O <a href=\"https:\/\/www.suno.com.br\/artigos\/nasdaq-100\/\"><span class=\"s1\"><b>Nasdaq 100<\/b><\/span><\/a> fechou as negocia\u00e7\u00f5es de janeiro cotado a 13.070,69 pontos, em uma alta mensal de 1,42%. O \u00edndice da bolsa norte-americana re\u00fane as 100 maiores empresas n\u00e3o financeiras da <a href=\"https:\/\/www.suno.com.br\/artigos\/nasdaq\/\"><span class=\"s1\">NASDAQ<\/span><\/a><span class=\"s2\">.<\/span><\/p>\t<div class=\"wrapper-featured-image\">\n\t\t<figure class=\"spotlightImg\">\n\n\t\t\t<picture>\n\t\t\t\t<source media=\"(max-width: 768px)\" srcset=\"https:\/\/files.sunoresearch.com.br\/n\/uploads\/2021\/01\/af620be2-nasdaq-400x200.webp\">\n\t\t\t\t<img loading=\"lazy\" decoding=\"async\" class=\"newsContent__article__imgCapa lazyloadDisabled \" src=\"https:\/\/files.sunoresearch.com.br\/n\/uploads\/2021\/01\/af620be2-nasdaq-jpg.webp\" width=\"800\" height=\"450\" alt=\"NASDAQ 100: Confira as 5 a\u00e7\u00f5es que mais desvalorizaram em janeiro\" fetchpriority=high \/>\n\t\t\t<\/picture>\n\n\t\t\t<figcaption class=\"wp-caption-text wp-caption-text--show\">NASDAQ 100: Confira as 5 a\u00e7\u00f5es que mais desvalorizaram em janeiro <\/figcaption>\n\t\t<\/figure>\n\t<\/div>\n\n\n\t<p>\n\t\t<a href=\"https:\/\/lp.suno.com.br\/planilha-controle-gastos\/\" target=\"_blank\" data-element=\"shortcode-suno-banner\" title=\"Banner SUNO, clique e saiba mais\">\n\t\t\t<picture>\n\t\t\t\t<source media=\"(max-width: 500px)\" srcset=\"https:\/\/files.sunoresearch.com.br\/n\/uploads\/2023\/03\/400x300-Planilha-controle-de-gastos.png\">\n\t\t\t\t<img class=\"newsContent__article__imgCapa newsContent__article__imgCapa--banner\"\n\t\t\t\t\tsrc=\"https:\/\/files.sunoresearch.com.br\/n\/uploads\/2023\/03\/1420x240-Planilha-controle-de-gastos.png\"\n\t\t\t\t\tdata-promo-id=\"101751\"\t\t\t\t\t\t\t\t\t\twidth='1420' height='240'\t\t\t\t\talt=\"https:\/\/files.sunoresearch.com.br\/n\/uploads\/2023\/03\/1420x240-Planilha-controle-de-gastos.png\"\n\t\t\t\t>\n\t\t\t<\/picture>\n\t\t<\/a>\n\t<\/p>\n\n\n<p>Apesar da alta mensal registrada em janeiro, o \u00edndice Nasdaq fechou o \u00faltimo preg\u00e3o do m\u00eas, na sexta-feira (29), em uma queda de 2% em compara\u00e7\u00e3o ao dia anterior.<\/p>\n<p>No primeiro m\u00eas do ano, algumas not\u00edcias que mexeram com as negocia\u00e7\u00f5es em Wall Street foram o avan\u00e7o da pandemia do coronav\u00edrus em alguns pa\u00edses, mas tamb\u00e9m o desenvolvimento das vacinas contra o Covid-19. Al\u00e9m disso, o democrata Joe Biden tomou posse como 46\u00ba presidente dos Estados Unidos no in\u00edcio de 2021, o que levou \u00e0 uma onda de protestos pr\u00f3-Trump no Capit\u00f3lio.<\/p>\n<p><a href=\"https:\/\/lp.suno.com.br\/suno-one\/\">Suno One: acesse gratuitamente eBooks, Minicursos, Artigos e Video Aulas sobre investimentos com um \u00fanico cadastro. Clique para saber mais!<\/a><\/p>\n<p>Al\u00e9m do Nasdaq, confira o encerramento dos outros principais \u00edndices americanos no \u00faltimo dia do m\u00eas:<\/p>\n<ul>\n<li>O <span class=\"s1\"><b><a href=\"https:\/\/www.suno.com.br\/artigos\/sp-500\/\">S&amp;P 500:<\/a>\u00a0<\/b>-1,93% a 3.714,24 pontos<\/span><\/li>\n<li>O <a href=\"https:\/\/www.suno.com.br\/artigos\/indice-dow-jones-djia\/\"><span class=\"s1\"><b>Dow Jones: <\/b><\/span><\/a>&#8211;<span class=\"s1\">2,03% a 29.982,62 pontos<\/span><\/li>\n<\/ul>\n<p class=\"p2\">\t<p>\n\t\t<a href=\"https:\/\/lp.suno.com.br\/ebook-como-analisar-uma-acao\/\" target=\"_blank\" data-element=\"shortcode-suno-banner\" title=\"Banner SUNO, clique e saiba mais\">\n\t\t\t<picture>\n\t\t\t\t<source media=\"(max-width: 500px)\" srcset=\"https:\/\/files.sunoresearch.com.br\/n\/uploads\/2023\/03\/Ebook-Acoes-Mobile.jpg\">\n\t\t\t\t<img class=\"newsContent__article__imgCapa newsContent__article__imgCapa--banner\"\n\t\t\t\t\tsrc=\"https:\/\/files.sunoresearch.com.br\/n\/uploads\/2023\/03\/Ebook-Acoes-Desktop.jpg\"\n\t\t\t\t\tdata-promo-id=\"378302\"\t\t\t\t\t\t\t\t\t\twidth='1420' height='286'\t\t\t\t\talt=\"https:\/\/files.sunoresearch.com.br\/n\/uploads\/2023\/03\/Ebook-Acoes-Desktop.jpg\"\n\t\t\t\t>\n\t\t\t<\/picture>\n\t\t<\/a>\n\t<\/p>\n\n<\/p>\n<p class=\"p1\">Refor\u00e7ando que esta mat\u00e9ria <b>n\u00e3o \u00e9 uma recomenda\u00e7\u00e3o de investimento<\/b>, confira as cinco a\u00e7\u00f5es do Nasdaq 100 que mais se desvalorizaram em janeiro.<\/p>\n<ul>\n<li><strong>Calithera Biosciences:<\/strong> -43,84%<\/li>\n<li><strong>Athira Pharma:<\/strong> -34,70%<\/li>\n<li><strong>Cardiff Oncology:<\/strong> -32,57%<\/li>\n<li><strong>Advantage Solutions:<\/strong> -26,41%<\/li>\n<li><strong>Cerevel Therapeutics:<\/strong> -24,82%<\/li>\n<\/ul>\n<h2>1. Calithera Biosciences<\/h2>\n<p><img loading=\"lazy\" decoding=\"async\" class=\"\" src=\"https:\/\/pbs.twimg.com\/media\/EnCwjamXMAIlui6.jpg\" alt=\"Calithera Biosciences (@calithera) | Twitter\" width=\"281\" height=\"158\" \/><\/p>\n<p>A Calithera Biosciences (NASDAQ: CALA) \u00e9 uma empresa biofarmac\u00eautica em est\u00e1gio cl\u00ednico pioneira na descoberta e desenvolvimento de terapias de pequenas mol\u00e9culas direcionadas que interrompem as vias metab\u00f3licas celulares para bloquear preferencialmente o crescimento das c\u00e9lulas tumorais e aumentar a atividade das c\u00e9lulas imunol\u00f3gicas.<\/p>\n<p>A biofarmac\u00eautica relatou neste m\u00eas que o telaglenastat, um de seus principais candidatos a pipeline, fracassou em um ensaio cl\u00ednico. Como resultado, os investidores venderam as a\u00e7\u00f5es da empresa.<\/p>\n<p>A combina\u00e7\u00e3o de telaglenastat e cabozantinibe n\u00e3o atendeu ao objetivo principal do estudo. Como resultado, a Calithera Biosciences informou que reduzir\u00e1 sua for\u00e7a de trabalho em cerca de 35% e concentrar\u00e1 seus recursos financeiros em outros estudos em andamento.<\/p>\n<h4>\u00daltima cota\u00e7\u00e3o:<\/h4>\n<p>A empresa encerrou a sexta-feira (29) com suas a\u00e7\u00f5es cotadas a US$ 2,87, em uma queda mensal de 43,84% e uma queda di\u00e1ria de 1,37%.<\/p>\n<h2>2. Athira Pharma<\/h2>\n<p><img loading=\"lazy\" decoding=\"async\" class=\"\" src=\"https:\/\/athira.com\/wp-content\/uploads\/2019\/04\/Athira-Pharma-Logo-RGB@800px.png\" alt=\"Home | Athira Pharma\" width=\"291\" height=\"145\" \/><\/p>\n<p>A Athira Pharma (NASDAQ: ATHA) \u00e9 uma empresa americana de terap\u00eautica de est\u00e1gio cl\u00ednico que desenvolve terapias regenerativas para doen\u00e7as neurol\u00f3gicas, como a doen\u00e7a de Alzheimer e a doen\u00e7a de Parkinson.<\/p>\n<p>As a\u00e7\u00f5es da companhia foram impactadas pelo an\u00fancio sobre o pre\u00e7o de uma nova oferta de a\u00e7\u00f5es. A Athira Pharma vai vender 4 milh\u00f5es de a\u00e7\u00f5es ordin\u00e1rias por US $ 22,50 por a\u00e7\u00e3o.<\/p>\n<p>A empresa de sa\u00fade espera arrecadar $ 90 milh\u00f5es em receitas brutas com a venda. A companhia tamb\u00e9m est\u00e1 concedendo aos subscritores uma op\u00e7\u00e3o de 30 dias para comprar at\u00e9 600.000 a\u00e7\u00f5es adicionais, ainda por $ 22,50 por a\u00e7\u00e3o.<\/p>\n<h4>\u00daltima cota\u00e7\u00e3o:<\/h4>\n<p>As a\u00e7\u00f5es da empresa encerraram o \u00faltimo preg\u00e3o do m\u00eas cotadas a US$ 21,32, em uma queda mensal de 34,70%. Apesar disso, a Athira registrou um aumento de 0,52% em rela\u00e7\u00e3o ao preg\u00e3o anterior e de 6,28% ante a semana anterior.<\/p>\n<h2>3. Cardiff Oncology<\/h2>\n<p><img loading=\"lazy\" decoding=\"async\" class=\"\" src=\"https:\/\/cardiffoncology.com\/wp-content\/uploads\/2020\/05\/Cardiff_logo_CMYK_TM.svg\" alt=\"Oncology Therapeutics | Cardiff Oncology\" width=\"404\" height=\"82\" \/><\/p>\n<p>A Cardiff Oncology (NASDAQ: CRDF) \u00e9 uma empresa de est\u00e1gio cl\u00ednico com a miss\u00e3o de desenvolver novas op\u00e7\u00f5es de tratamento para pacientes com c\u00e2ncer.<\/p>\n<p>As a\u00e7\u00f5es da empresa, no dia 15 de janeiro, registravam uma alta de 19,8%, at\u00e9 que a companhia apresentou dados negativos de um estudo de tratamento de c\u00e2ncer.<\/p>\n<p>Os investidores demonstraram preocupa\u00e7\u00e3o com o resultado da Cardiff, em que 9% dos eventos adversos relatados no estudo foram de grau 3 (grave) ou grau 4 (com risco de vida).<\/p>\n<p>Apesar disso, o <a href=\"https:\/\/www.suno.com.br\/artigos\/ceo\/\">CEO<\/a> da Cardiff Oncology, Mark Erlander, afirmou que a empresa est\u00e1 &#8220;satisfeita com o avan\u00e7o cont\u00ednuo do estudo cl\u00ednico mCRC com muta\u00e7\u00e3o KRAS&#8221;.<\/p>\n<h4>\u00daltima cota\u00e7\u00e3o:<\/h4>\n<p>A empresa registrou uma queda mensal de 32,57%, com suas a\u00e7\u00f5es cotadas a US$ 11,80 na sexta-feira (29). Apesar disso, em rela\u00e7\u00e3o ao preg\u00e3o anterior, a empresa registrou uma alta de 1,72%.<\/p>\n<h2>4. Advantage Solutions<\/h2>\n<p><img loading=\"lazy\" decoding=\"async\" class=\"\" src=\"https:\/\/mms.businesswire.com\/media\/20171114005532\/en\/624478\/5\/Advantage_solutions_logo.jpg\" alt=\"Advantage Solutions and Daymon Worldwide Announce Partnership | Business Wire\" width=\"275\" height=\"168\" \/><\/p>\n<p>A Advantage Solutions (NASDAQ: ADV) oferece pesquisa de mercado, an\u00e1lise, desenvolvimento de conte\u00fado e plano, terceiriza\u00e7\u00e3o de processos de neg\u00f3cios e servi\u00e7os de varejo nos Estados Unidos.<\/p>\n<p>A presidente-executiva da Advantage Solutions Inc. (Nasdaq: ADV), Tanya Domier, sugeriu uma redu\u00e7\u00e3o em seu sal\u00e1rio em 2020 por conta dos desafios impostos pela pandemia, de acordo com um arquivamento da Securities &amp; Exchange Commission.<\/p>\n<p>A empresa de vendas e marketing sediada em Irvine, registrou uma queda nas a\u00e7\u00f5es ap\u00f3s sugerir ao Comit\u00ea de Remunera\u00e7\u00e3o do Conselho de Administra\u00e7\u00e3o que ela n\u00e3o recebesse o pagamento integral de 2020.<\/p>\n<p>O pedido veio &#8220;em reconhecimento aos sacrif\u00edcios e esfor\u00e7os extraordin\u00e1rios feitos em 2020, e previstos para serem feitos em 2021 por associados&#8221; da empresa, de acordo com a Advantage. Com isso, o comit\u00ea do conselho aprovou uma redu\u00e7\u00e3o salarial de US$ 500 no sal\u00e1rio-base de 2020.<\/p>\n<h4>\u00daltima cota\u00e7\u00e3o:<\/h4>\n<p>A companhia encerrou a sexta-feira em uma queda de 2,88%, com suas a\u00e7\u00f5es cotadas a US$ 9,78. A queda mensal foi de 26,41%.<\/p>\n<h2>5. Cerevel Therapeutics<\/h2>\n<p><img loading=\"lazy\" decoding=\"async\" class=\"\" src=\"https:\/\/www.baincapital.com\/sites\/default\/files\/news\/cerevel-logo-bcnews.png\" alt=\"Bain Capital and Pfizer Create Cerevel Therapeutics, New CNS Company | Bain Capital\" width=\"239\" height=\"158\" \/><\/p>\n<p>Por \u00faltimo, a quinta empresa que registrou a maior queda no \u00edndice americano foi a biofarmac\u00eautica Cerevel Therapeutics (NASDAQ: CERE).<\/p>\n<p>A Cerevel \u00e9 uma empresa biofarmac\u00eautica em est\u00e1gio cl\u00ednico que combina um conhecimento da biologia e neurocircuito do c\u00e9rebro com qu\u00edmica avan\u00e7ada e farmacologia de receptor do sistema nervoso central (SNC) para descobrir e desenvolver novas terapias.<\/p>\n<p>As a\u00e7\u00f5es da empresa foram prejudicas em fun\u00e7\u00e3o do resultado de um de seus estudos, que n\u00e3o teve o desempenho esperado por seus investidores.<\/p>\n<p>De acordo com a Cerevel, &#8220;o desempenho e os resultados reais podem diferir materialmente daqueles projetados ou sugeridos nas declara\u00e7\u00f5es prospectivas devido a v\u00e1rios riscos e incertezas, incluindo, entre outros: que os resultados dos ensaios cl\u00ednicos podem n\u00e3o ser favor\u00e1veis&#8221;.<\/p>\n<h4>\u00daltima cota\u00e7\u00e3o:<\/h4>\n<p>A empresa registrou uma queda mensal de 24,82% em janeiro no <strong>Nasdaq<\/strong>, com suas a\u00e7\u00f5es cotadas a US$ 12,87.<\/p>\n\t<p>\n\t\t<a href=\"https:\/\/lp.suno.com.br\/planilha-de-controle-de-investimentos\/\" target=\"_blank\" data-element=\"shortcode-suno-banner\" title=\"Banner SUNO, clique e saiba mais\">\n\t\t\t<picture>\n\t\t\t\t<source media=\"(max-width: 500px)\" srcset=\"https:\/\/files.sunoresearch.com.br\/n\/uploads\/2023\/03\/400x300-Controle-de-Investimentos.png\">\n\t\t\t\t<img class=\"newsContent__article__imgCapa newsContent__article__imgCapa--banner\"\n\t\t\t\t\tsrc=\"https:\/\/files.sunoresearch.com.br\/n\/uploads\/2023\/03\/1420x240-Controle-de-Investimentos.png\"\n\t\t\t\t\tdata-promo-id=\"75934\"\t\t\t\t\t\t\t\t\t\twidth='1420' height='240'\t\t\t\t\talt=\"https:\/\/files.sunoresearch.com.br\/n\/uploads\/2023\/03\/1420x240-Controle-de-Investimentos.png\"\n\t\t\t\t>\n\t\t\t<\/picture>\n\t\t<\/a>\n\t<\/p>\n\n\n","protected":false},"excerpt":{"rendered":"<p>O Nasdaq 100 fechou as negocia\u00e7\u00f5es de janeiro cotado a 13.070,69 pontos, em uma alta mensal de 1,42%. O \u00edndice da bolsa norte-americana re\u00fane as 100 maiores empresas n\u00e3o financeiras da NASDAQ. NASDAQ 100: Confira as 5 a\u00e7\u00f5es que mais desvalorizaram em janeiro Apesar da alta mensal registrada em janeiro, o \u00edndice Nasdaq fechou o [&hellip;]<\/p>\n","protected":false},"author":56,"featured_media":116565,"comment_status":"closed","ping_status":"closed","sticky":false,"template":"","format":"standard","meta":[],"categories":[63],"tags":[1777,964,88234],"suno_strategy":[],"class_list":["post-116560","post","type-post","status-publish","format-standard","has-post-thumbnail","hentry","category-internacional","tag-industria-farmaceutica","tag-nasdaq","tag-nasdaq-100"],"yoast_head":"<!-- This site is optimized with the Yoast SEO plugin v24.4 - https:\/\/yoast.com\/wordpress\/plugins\/seo\/ -->\n<title>NASDAQ 100: Confira as 5 a\u00e7\u00f5es que mais desvalorizaram em janeiro<\/title>\n<meta name=\"description\" content=\"O \u00edndice Nasdaq fechou o \u00faltimo dia do m\u00eas em uma queda de 2%. Com isso, confira as 5 a\u00e7\u00f5es que mais desvalorizaram no m\u00eas de janeiro.\" \/>\n<meta name=\"robots\" content=\"index, follow, max-snippet:-1, max-image-preview:large, max-video-preview:-1\" \/>\n<link rel=\"canonical\" href=\"https:\/\/www.suno.com.br\/noticias\/nasdaq-acoes-desvalorizaram-janeiro\/\" \/>\n<meta property=\"og:locale\" content=\"pt_BR\" \/>\n<meta property=\"og:type\" content=\"article\" \/>\n<meta property=\"og:title\" content=\"NASDAQ 100: Confira as 5 a\u00e7\u00f5es que mais desvalorizaram em janeiro\" \/>\n<meta property=\"og:description\" content=\"O \u00edndice Nasdaq fechou o \u00faltimo dia do m\u00eas em uma queda de 2%. Com isso, confira as 5 a\u00e7\u00f5es que mais desvalorizaram no m\u00eas de janeiro.\" \/>\n<meta property=\"og:url\" content=\"https:\/\/www.suno.com.br\/noticias\/nasdaq-acoes-desvalorizaram-janeiro\/\" \/>\n<meta property=\"og:site_name\" content=\"Suno Not\u00edcias\" \/>\n<meta property=\"article:publisher\" content=\"https:\/\/facebook.com\/sunoresearch\" \/>\n<meta property=\"og:image\" content=\"https:\/\/files.sunoresearch.com.br\/n\/uploads\/2021\/01\/af620be2-nasdaq.jpg\" \/>\n\t<meta property=\"og:image:width\" content=\"800\" \/>\n\t<meta property=\"og:image:height\" content=\"450\" \/>\n\t<meta property=\"og:image:type\" content=\"image\/jpeg\" \/>\n<meta name=\"author\" content=\"Rafaela La Regina\" \/>\n<meta name=\"twitter:card\" content=\"summary_large_image\" \/>\n<meta name=\"twitter:creator\" content=\"@sunoresearch\" \/>\n<meta name=\"twitter:site\" content=\"@sunoresearch\" \/>\n<meta name=\"twitter:label1\" content=\"Escrito por\" \/>\n\t<meta name=\"twitter:data1\" content=\"Rafaela La Regina\" \/>\n\t<meta name=\"twitter:label2\" content=\"Est. tempo de leitura\" \/>\n\t<meta name=\"twitter:data2\" content=\"5 minutos\" \/>\n<script type=\"application\/ld+json\" class=\"yoast-schema-graph\">{\"@context\":\"https:\/\/schema.org\",\"@graph\":[{\"@type\":\"NewsArticle\",\"@id\":\"https:\/\/www.suno.com.br\/noticias\/nasdaq-acoes-desvalorizaram-janeiro\/#article\",\"isPartOf\":{\"@id\":\"https:\/\/www.suno.com.br\/noticias\/nasdaq-acoes-desvalorizaram-janeiro\/\"},\"author\":{\"name\":\"Rafaela La Regina\",\"@id\":\"https:\/\/www.suno.com.br\/noticias\/#\/schema\/person\/e672ca8cea627fe715fa29bca7da95e0\"},\"headline\":\"NASDAQ 100: Confira as 5 a\u00e7\u00f5es que mais desvalorizaram em janeiro\",\"datePublished\":\"2021-01-30T10:30:23+00:00\",\"dateModified\":\"2021-06-14T02:21:50+00:00\",\"mainEntityOfPage\":{\"@id\":\"https:\/\/www.suno.com.br\/noticias\/nasdaq-acoes-desvalorizaram-janeiro\/\"},\"wordCount\":1055,\"publisher\":{\"@id\":\"https:\/\/www.suno.com.br\/noticias\/#organization\"},\"image\":{\"@id\":\"https:\/\/www.suno.com.br\/noticias\/nasdaq-acoes-desvalorizaram-janeiro\/#primaryimage\"},\"thumbnailUrl\":\"https:\/\/files.sunoresearch.com.br\/n\/uploads\/2021\/01\/af620be2-nasdaq-jpg.webp\",\"keywords\":[\"ind\u00fastria farmac\u00eautica\",\"Nasdaq\",\"Nasdaq 100\"],\"articleSection\":[\"Internacional\"],\"inLanguage\":\"pt-BR\"},{\"@type\":\"WebPage\",\"@id\":\"https:\/\/www.suno.com.br\/noticias\/nasdaq-acoes-desvalorizaram-janeiro\/\",\"url\":\"https:\/\/www.suno.com.br\/noticias\/nasdaq-acoes-desvalorizaram-janeiro\/\",\"name\":\"NASDAQ 100: Confira as 5 a\u00e7\u00f5es que mais desvalorizaram em janeiro\",\"isPartOf\":{\"@id\":\"https:\/\/www.suno.com.br\/noticias\/#website\"},\"primaryImageOfPage\":{\"@id\":\"https:\/\/www.suno.com.br\/noticias\/nasdaq-acoes-desvalorizaram-janeiro\/#primaryimage\"},\"image\":{\"@id\":\"https:\/\/www.suno.com.br\/noticias\/nasdaq-acoes-desvalorizaram-janeiro\/#primaryimage\"},\"thumbnailUrl\":\"https:\/\/files.sunoresearch.com.br\/n\/uploads\/2021\/01\/af620be2-nasdaq-jpg.webp\",\"datePublished\":\"2021-01-30T10:30:23+00:00\",\"dateModified\":\"2021-06-14T02:21:50+00:00\",\"description\":\"O \u00edndice Nasdaq fechou o \u00faltimo dia do m\u00eas em uma queda de 2%. Com isso, confira as 5 a\u00e7\u00f5es que mais desvalorizaram no m\u00eas de janeiro.\",\"breadcrumb\":{\"@id\":\"https:\/\/www.suno.com.br\/noticias\/nasdaq-acoes-desvalorizaram-janeiro\/#breadcrumb\"},\"inLanguage\":\"pt-BR\",\"potentialAction\":[{\"@type\":\"ReadAction\",\"target\":[\"https:\/\/www.suno.com.br\/noticias\/nasdaq-acoes-desvalorizaram-janeiro\/\"]}]},{\"@type\":\"ImageObject\",\"inLanguage\":\"pt-BR\",\"@id\":\"https:\/\/www.suno.com.br\/noticias\/nasdaq-acoes-desvalorizaram-janeiro\/#primaryimage\",\"url\":\"https:\/\/files.sunoresearch.com.br\/n\/uploads\/2021\/01\/af620be2-nasdaq-jpg.webp\",\"contentUrl\":\"https:\/\/files.sunoresearch.com.br\/n\/uploads\/2021\/01\/af620be2-nasdaq-jpg.webp\",\"width\":800,\"height\":450,\"caption\":\"NASDAQ 100: Confira as 5 a\u00e7\u00f5es que mais desvalorizaram em janeiro\"},{\"@type\":\"BreadcrumbList\",\"@id\":\"https:\/\/www.suno.com.br\/noticias\/nasdaq-acoes-desvalorizaram-janeiro\/#breadcrumb\",\"itemListElement\":[{\"@type\":\"ListItem\",\"position\":1,\"name\":\"Not\u00edcias\",\"item\":\"https:\/\/www.suno.com.br\/noticias\/\"},{\"@type\":\"ListItem\",\"position\":2,\"name\":\"Internacional\",\"item\":\"https:\/\/www.suno.com.br\/noticias\/internacional\/\"},{\"@type\":\"ListItem\",\"position\":3,\"name\":\"NASDAQ 100: Confira as 5 a\u00e7\u00f5es que mais desvalorizaram em janeiro\"}]},{\"@type\":\"WebSite\",\"@id\":\"https:\/\/www.suno.com.br\/noticias\/#website\",\"url\":\"https:\/\/www.suno.com.br\/noticias\/\",\"name\":\"Suno Not\u00edcias\",\"description\":\"Seu portal de informa\u00e7\u00e3o sobre o mundo dos investimentos\",\"publisher\":{\"@id\":\"https:\/\/www.suno.com.br\/noticias\/#organization\"},\"potentialAction\":[{\"@type\":\"SearchAction\",\"target\":{\"@type\":\"EntryPoint\",\"urlTemplate\":\"https:\/\/www.suno.com.br\/noticias\/?s={search_term_string}\"},\"query-input\":{\"@type\":\"PropertyValueSpecification\",\"valueRequired\":true,\"valueName\":\"search_term_string\"}}],\"inLanguage\":\"pt-BR\"},{\"@type\":\"Organization\",\"@id\":\"https:\/\/www.suno.com.br\/noticias\/#organization\",\"name\":\"Suno Not\u00edcias\",\"url\":\"https:\/\/www.suno.com.br\/noticias\/\",\"logo\":{\"@type\":\"ImageObject\",\"inLanguage\":\"pt-BR\",\"@id\":\"https:\/\/www.suno.com.br\/noticias\/#\/schema\/logo\/image\/\",\"url\":\"https:\/\/files.sunoresearch.com.br\/n\/uploads\/2021\/09\/suno-logo.png\",\"contentUrl\":\"https:\/\/files.sunoresearch.com.br\/n\/uploads\/2021\/09\/suno-logo.png\",\"width\":180,\"height\":180,\"caption\":\"Suno Not\u00edcias\"},\"image\":{\"@id\":\"https:\/\/www.suno.com.br\/noticias\/#\/schema\/logo\/image\/\"},\"sameAs\":[\"https:\/\/facebook.com\/sunoresearch\",\"https:\/\/x.com\/sunoresearch\",\"https:\/\/www.instagram.com\/suno\",\"https:\/\/www.linkedin.com\/company\/suno-research\/\",\"https:\/\/www.youtube.com\/c\/sunoresearch\"]},{\"@type\":\"Person\",\"@id\":\"https:\/\/www.suno.com.br\/noticias\/#\/schema\/person\/e672ca8cea627fe715fa29bca7da95e0\",\"name\":\"Rafaela La Regina\",\"image\":{\"@type\":\"ImageObject\",\"inLanguage\":\"pt-BR\",\"@id\":\"https:\/\/www.suno.com.br\/noticias\/#\/schema\/person\/image\/\",\"url\":\"https:\/\/secure.gravatar.com\/avatar\/d2c75a52d243deb93d0465fdcb21bd37?s=96&r=g\",\"contentUrl\":\"https:\/\/secure.gravatar.com\/avatar\/d2c75a52d243deb93d0465fdcb21bd37?s=96&r=g\",\"caption\":\"Rafaela La Regina\"},\"description\":\"Estagi\u00e1ria no Suno Not\u00edcias. Escreve sobre economia, pol\u00edtica e neg\u00f3cios. Estuda Rela\u00e7\u00f5es Internacionais no IBMEC-SP.\",\"url\":\"https:\/\/www.suno.com.br\/noticias\/author\/rafaela-la-regina\/\"}]}<\/script>\n<!-- \/ Yoast SEO plugin. -->","yoast_head_json":{"title":"NASDAQ 100: Confira as 5 a\u00e7\u00f5es que mais desvalorizaram em janeiro","description":"O \u00edndice Nasdaq fechou o \u00faltimo dia do m\u00eas em uma queda de 2%. Com isso, confira as 5 a\u00e7\u00f5es que mais desvalorizaram no m\u00eas de janeiro.","robots":{"index":"index","follow":"follow","max-snippet":"max-snippet:-1","max-image-preview":"max-image-preview:large","max-video-preview":"max-video-preview:-1"},"canonical":"https:\/\/www.suno.com.br\/noticias\/nasdaq-acoes-desvalorizaram-janeiro\/","og_locale":"pt_BR","og_type":"article","og_title":"NASDAQ 100: Confira as 5 a\u00e7\u00f5es que mais desvalorizaram em janeiro","og_description":"O \u00edndice Nasdaq fechou o \u00faltimo dia do m\u00eas em uma queda de 2%. Com isso, confira as 5 a\u00e7\u00f5es que mais desvalorizaram no m\u00eas de janeiro.","og_url":"https:\/\/www.suno.com.br\/noticias\/nasdaq-acoes-desvalorizaram-janeiro\/","og_site_name":"Suno Not\u00edcias","article_publisher":"https:\/\/facebook.com\/sunoresearch","og_image":[{"width":800,"height":450,"url":"https:\/\/files.sunoresearch.com.br\/n\/uploads\/2021\/01\/af620be2-nasdaq.jpg","type":"image\/jpeg"}],"author":"Rafaela La Regina","twitter_card":"summary_large_image","twitter_creator":"@sunoresearch","twitter_site":"@sunoresearch","twitter_misc":{"Escrito por":"Rafaela La Regina","Est. tempo de leitura":"5 minutos"},"schema":{"@context":"https:\/\/schema.org","@graph":[{"@type":"NewsArticle","@id":"https:\/\/www.suno.com.br\/noticias\/nasdaq-acoes-desvalorizaram-janeiro\/#article","isPartOf":{"@id":"https:\/\/www.suno.com.br\/noticias\/nasdaq-acoes-desvalorizaram-janeiro\/"},"author":{"name":"Rafaela La Regina","@id":"https:\/\/www.suno.com.br\/noticias\/#\/schema\/person\/e672ca8cea627fe715fa29bca7da95e0"},"headline":"NASDAQ 100: Confira as 5 a\u00e7\u00f5es que mais desvalorizaram em janeiro","datePublished":"2021-01-30T10:30:23+00:00","dateModified":"2021-06-14T02:21:50+00:00","mainEntityOfPage":{"@id":"https:\/\/www.suno.com.br\/noticias\/nasdaq-acoes-desvalorizaram-janeiro\/"},"wordCount":1055,"publisher":{"@id":"https:\/\/www.suno.com.br\/noticias\/#organization"},"image":{"@id":"https:\/\/www.suno.com.br\/noticias\/nasdaq-acoes-desvalorizaram-janeiro\/#primaryimage"},"thumbnailUrl":"https:\/\/files.sunoresearch.com.br\/n\/uploads\/2021\/01\/af620be2-nasdaq-jpg.webp","keywords":["ind\u00fastria farmac\u00eautica","Nasdaq","Nasdaq 100"],"articleSection":["Internacional"],"inLanguage":"pt-BR"},{"@type":"WebPage","@id":"https:\/\/www.suno.com.br\/noticias\/nasdaq-acoes-desvalorizaram-janeiro\/","url":"https:\/\/www.suno.com.br\/noticias\/nasdaq-acoes-desvalorizaram-janeiro\/","name":"NASDAQ 100: Confira as 5 a\u00e7\u00f5es que mais desvalorizaram em janeiro","isPartOf":{"@id":"https:\/\/www.suno.com.br\/noticias\/#website"},"primaryImageOfPage":{"@id":"https:\/\/www.suno.com.br\/noticias\/nasdaq-acoes-desvalorizaram-janeiro\/#primaryimage"},"image":{"@id":"https:\/\/www.suno.com.br\/noticias\/nasdaq-acoes-desvalorizaram-janeiro\/#primaryimage"},"thumbnailUrl":"https:\/\/files.sunoresearch.com.br\/n\/uploads\/2021\/01\/af620be2-nasdaq-jpg.webp","datePublished":"2021-01-30T10:30:23+00:00","dateModified":"2021-06-14T02:21:50+00:00","description":"O \u00edndice Nasdaq fechou o \u00faltimo dia do m\u00eas em uma queda de 2%. Com isso, confira as 5 a\u00e7\u00f5es que mais desvalorizaram no m\u00eas de janeiro.","breadcrumb":{"@id":"https:\/\/www.suno.com.br\/noticias\/nasdaq-acoes-desvalorizaram-janeiro\/#breadcrumb"},"inLanguage":"pt-BR","potentialAction":[{"@type":"ReadAction","target":["https:\/\/www.suno.com.br\/noticias\/nasdaq-acoes-desvalorizaram-janeiro\/"]}]},{"@type":"ImageObject","inLanguage":"pt-BR","@id":"https:\/\/www.suno.com.br\/noticias\/nasdaq-acoes-desvalorizaram-janeiro\/#primaryimage","url":"https:\/\/files.sunoresearch.com.br\/n\/uploads\/2021\/01\/af620be2-nasdaq-jpg.webp","contentUrl":"https:\/\/files.sunoresearch.com.br\/n\/uploads\/2021\/01\/af620be2-nasdaq-jpg.webp","width":800,"height":450,"caption":"NASDAQ 100: Confira as 5 a\u00e7\u00f5es que mais desvalorizaram em janeiro"},{"@type":"BreadcrumbList","@id":"https:\/\/www.suno.com.br\/noticias\/nasdaq-acoes-desvalorizaram-janeiro\/#breadcrumb","itemListElement":[{"@type":"ListItem","position":1,"name":"Not\u00edcias","item":"https:\/\/www.suno.com.br\/noticias\/"},{"@type":"ListItem","position":2,"name":"Internacional","item":"https:\/\/www.suno.com.br\/noticias\/internacional\/"},{"@type":"ListItem","position":3,"name":"NASDAQ 100: Confira as 5 a\u00e7\u00f5es que mais desvalorizaram em janeiro"}]},{"@type":"WebSite","@id":"https:\/\/www.suno.com.br\/noticias\/#website","url":"https:\/\/www.suno.com.br\/noticias\/","name":"Suno Not\u00edcias","description":"Seu portal de informa\u00e7\u00e3o sobre o mundo dos investimentos","publisher":{"@id":"https:\/\/www.suno.com.br\/noticias\/#organization"},"potentialAction":[{"@type":"SearchAction","target":{"@type":"EntryPoint","urlTemplate":"https:\/\/www.suno.com.br\/noticias\/?s={search_term_string}"},"query-input":{"@type":"PropertyValueSpecification","valueRequired":true,"valueName":"search_term_string"}}],"inLanguage":"pt-BR"},{"@type":"Organization","@id":"https:\/\/www.suno.com.br\/noticias\/#organization","name":"Suno Not\u00edcias","url":"https:\/\/www.suno.com.br\/noticias\/","logo":{"@type":"ImageObject","inLanguage":"pt-BR","@id":"https:\/\/www.suno.com.br\/noticias\/#\/schema\/logo\/image\/","url":"https:\/\/files.sunoresearch.com.br\/n\/uploads\/2021\/09\/suno-logo.png","contentUrl":"https:\/\/files.sunoresearch.com.br\/n\/uploads\/2021\/09\/suno-logo.png","width":180,"height":180,"caption":"Suno Not\u00edcias"},"image":{"@id":"https:\/\/www.suno.com.br\/noticias\/#\/schema\/logo\/image\/"},"sameAs":["https:\/\/facebook.com\/sunoresearch","https:\/\/x.com\/sunoresearch","https:\/\/www.instagram.com\/suno","https:\/\/www.linkedin.com\/company\/suno-research\/","https:\/\/www.youtube.com\/c\/sunoresearch"]},{"@type":"Person","@id":"https:\/\/www.suno.com.br\/noticias\/#\/schema\/person\/e672ca8cea627fe715fa29bca7da95e0","name":"Rafaela La Regina","image":{"@type":"ImageObject","inLanguage":"pt-BR","@id":"https:\/\/www.suno.com.br\/noticias\/#\/schema\/person\/image\/","url":"https:\/\/secure.gravatar.com\/avatar\/d2c75a52d243deb93d0465fdcb21bd37?s=96&r=g","contentUrl":"https:\/\/secure.gravatar.com\/avatar\/d2c75a52d243deb93d0465fdcb21bd37?s=96&r=g","caption":"Rafaela La Regina"},"description":"Estagi\u00e1ria no Suno Not\u00edcias. Escreve sobre economia, pol\u00edtica e neg\u00f3cios. Estuda Rela\u00e7\u00f5es Internacionais no IBMEC-SP.","url":"https:\/\/www.suno.com.br\/noticias\/author\/rafaela-la-regina\/"}]}},"default_loop_html":"<div class=\"cardsPage__listCard__boxs\"><div class=\"cardsPage__listCard__boxs__img\"><a href=\"https:\/\/www.suno.com.br\/noticias\/nasdaq-acoes-desvalorizaram-janeiro\/\"><img class=\"mask\" src=\"https:\/\/www.suno.com.br\/noticias\/wp-content\/themes\/suno\/resources\/images\/spotlight\/spotlight1img\/bg-mask.png\" alt=\"Image Mask\"\/><img src=\"https:\/\/files.sunoresearch.com.br\/n\/uploads\/2021\/01\/af620be2-nasdaq-400x200.webp\" alt=\"NASDAQ 100: Confira as 5 a\u00e7\u00f5es que mais desvalorizaram em janeiro\"\/><\/a><span class=\"spotlightCategory\"><a href=\"https:\/\/www.suno.com.br\/noticias\/internacional\/\">Internacional<\/a><\/span><\/div><div class=\"cardsPage__listCard__boxs__content\"><a href=\"https:\/\/www.suno.com.br\/noticias\/nasdaq-acoes-desvalorizaram-janeiro\/\"><h2 class=\"content__title\">NASDAQ 100: Confira as 5 a\u00e7\u00f5es que mais desvalorizaram em janeiro<\/h2><\/a><div class=\"newsContent__article__meta\"><div class=\"newsContent__article__meta__authorBox\"><a href=\"https:\/\/www.suno.com.br\/noticias\/author\/rafaela-la-regina\/\" class=\"authorBox__avatar noMobi\"><img src=\"https:\/\/secure.gravatar.com\/avatar\/d2c75a52d243deb93d0465fdcb21bd37?s=96&#038;r=g\" alt=\"Rafaela La Regina\"><\/a><div class=\"authorBox__name\"><span>por\n\t\t\t<a href=\"https:\/\/www.suno.com.br\/noticias\/author\/rafaela-la-regina\/\"><span itemprop=\"author\">Rafaela La Regina<\/span><\/a><\/span><time datetime=\"2021-01-30T07:30:23-03:00\" itemprop=\"datePublished\">30\/01\/2021 07:30<\/time><\/div><\/div><\/div><\/div><\/div>","single_layout":"posts","amp_enabled":true,"_links":{"self":[{"href":"https:\/\/www.suno.com.br\/noticias\/wp-json\/wp\/v2\/posts\/116560"}],"collection":[{"href":"https:\/\/www.suno.com.br\/noticias\/wp-json\/wp\/v2\/posts"}],"about":[{"href":"https:\/\/www.suno.com.br\/noticias\/wp-json\/wp\/v2\/types\/post"}],"author":[{"embeddable":true,"href":"https:\/\/www.suno.com.br\/noticias\/wp-json\/wp\/v2\/users\/56"}],"replies":[{"embeddable":true,"href":"https:\/\/www.suno.com.br\/noticias\/wp-json\/wp\/v2\/comments?post=116560"}],"version-history":[{"count":1,"href":"https:\/\/www.suno.com.br\/noticias\/wp-json\/wp\/v2\/posts\/116560\/revisions"}],"predecessor-version":[{"id":156683,"href":"https:\/\/www.suno.com.br\/noticias\/wp-json\/wp\/v2\/posts\/116560\/revisions\/156683"}],"wp:featuredmedia":[{"embeddable":true,"href":"https:\/\/www.suno.com.br\/noticias\/wp-json\/wp\/v2\/media\/116565"}],"wp:attachment":[{"href":"https:\/\/www.suno.com.br\/noticias\/wp-json\/wp\/v2\/media?parent=116560"}],"wp:term":[{"taxonomy":"category","embeddable":true,"href":"https:\/\/www.suno.com.br\/noticias\/wp-json\/wp\/v2\/categories?post=116560"},{"taxonomy":"post_tag","embeddable":true,"href":"https:\/\/www.suno.com.br\/noticias\/wp-json\/wp\/v2\/tags?post=116560"},{"taxonomy":"suno_strategy","embeddable":true,"href":"https:\/\/www.suno.com.br\/noticias\/wp-json\/wp\/v2\/suno_strategy?post=116560"}],"curies":[{"name":"wp","href":"https:\/\/api.w.org\/{rel}","templated":true}]}}