{"id":116246,"date":"2021-01-27T12:06:31","date_gmt":"2021-01-27T15:06:31","guid":{"rendered":"https:\/\/www.suno.com.br\/noticias\/?p=116246"},"modified":"2021-01-27T12:21:57","modified_gmt":"2021-01-27T15:21:57","slug":"copom-bancos-revisam-projecoes-selic","status":"publish","type":"post","link":"https:\/\/www.suno.com.br\/noticias\/copom-bancos-revisam-projecoes-selic\/","title":{"rendered":"Ata do Copom leva bancos a anteciparem in\u00edcio de alta da Selic"},"content":{"rendered":"<p>Divulgado nesta ter\u00e7a-feira, 23, o teor da ata da \u00faltima reuni\u00e3o do Comit\u00ea de Pol\u00edtica Monet\u00e1ria, o <strong>Copom<\/strong>, do <a href=\"https:\/\/www.suno.com.br\/artigos\/bacen\/\">Banco Central<\/a> levou alguns bancos a reverem suas proje\u00e7\u00f5es e apostar em alta da <a href=\"https:\/\/www.suno.com.br\/artigos\/taxa-selic\/\">Selic<\/a> (a taxa b\u00e1sica de juros) j\u00e1 na pr\u00f3xima reuni\u00e3o do colegiado, marcada para 16 e 17 de mar\u00e7o.<\/p>\t<div class=\"wrapper-featured-image\">\n\t\t<figure class=\"spotlightImg\">\n\n\t\t\t<picture>\n\t\t\t\t<source media=\"(max-width: 768px)\" srcset=\"https:\/\/files.sunoresearch.com.br\/n\/uploads\/2021\/01\/42eff0a7-copom-400x200.webp\">\n\t\t\t\t<img loading=\"lazy\" decoding=\"async\" class=\"newsContent__article__imgCapa lazyloadDisabled \" src=\"https:\/\/files.sunoresearch.com.br\/n\/uploads\/2021\/01\/42eff0a7-copom-800x450.webp\" width=\"800\" height=\"450\" alt=\"Ata do Copom leva bancos a anteciparem in\u00edcio de alta da Selic\" fetchpriority=high \/>\n\t\t\t<\/picture>\n\n\t\t\t<figcaption class=\"wp-caption-text wp-caption-text--show\">Divulga\u00e7\u00e3o pelo BC da ata do Copom \u00e9 destaque na agenda do dia<\/figcaption>\n\t\t<\/figure>\n\t<\/div>\n\n\n<p>Segundo a ata, parte dos integrantes do Copom j\u00e1 considerava a necessidade de mexer na Selic por fatores como as recentes altas da infla\u00e7\u00e3o. Sem consenso, por\u00e9m, a decis\u00e3o foi esperar a divulga\u00e7\u00e3o de novos indicadores. O BC, todavia, tirou do comunicado a express\u00e3o &#8220;forward guidance&#8221; (prescri\u00e7\u00e3o futura, no jarg\u00e3o em ingl\u00eas), que funcionava como uma &#8220;barreira t\u00e9cnica&#8221; para a alta de juros.<\/p>\n<h2>Ita\u00fa aposta em alta de 0,25 p.p. em pr\u00f3xima reuni\u00e3o do Copom<\/h2>\n<p>&#8220;A ata do Copom elimina poss\u00edveis d\u00favidas sobre o senso de urg\u00eancia das autoridades. Ela mostra que as autoridades consideraram um aumento de juros na reuni\u00e3o, e praticamente se comprometem com uma eleva\u00e7\u00e3o em mar\u00e7o, conforme os par\u00e1grafos 15 e 16&#8221;, diz relat\u00f3rio do <a href=\"https:\/\/www.suno.com.br\/acoes\/itub4\/\">Ita\u00fa Unibanco (ITUB4)<\/a>, que antecipou a perspectiva de in\u00edcio da alta de juros para mar\u00e7o.<\/p>\n<p>Agora, o banco espera que o ciclo comece com alta de 0,25 ponto porcentual, seguido por dois movimentos de 0,50 ponto e um final de 0,25 ponto, o que levaria a taxa Selic a 3,50% no fim do ano. O Ita\u00fa pondera, contudo, que o ritmo de eleva\u00e7\u00e3o vai depender da evolu\u00e7\u00e3o da atividade econ\u00f4mica, da infla\u00e7\u00e3o e da pol\u00edtica fiscal, conforme indicado na ata.<\/p>\n<h2>Credit Suisse v\u00ea Selic em 4,5% no final do ano<\/h2>\n<p>O tom adotado pelo BC na ata do Copom tamb\u00e9m fez com que o Credit Suisse antecipasse a previs\u00e3o do in\u00edcio de alta da Selic de junho para mar\u00e7o. A institui\u00e7\u00e3o segue projetando que a taxa b\u00e1sica encerrar\u00e1 o ano em 4,5%. Seriam cinco altas consecutivas de 50 pontos-base.<\/p>\n<p>&#8220;Ficamos surpresos com a discuss\u00e3o da possibilidade de iniciar o processo de aperto na mesma reuni\u00e3o em que o &#8216;forward guidance&#8217; foi retirado&#8221;, destaca o relat\u00f3rio do Credit, assinado por Solange Srour e Lucas Vilela.<\/p>\n<p>Ao comentar sobre o discurso usado pelo BC de que os choques de infla\u00e7\u00e3o atuais s\u00e3o tempor\u00e1rios, o Credit avalia que eles s\u00e3o &#8220;menos tempor\u00e1rios&#8221; do que o Copom argumenta, &#8220;uma vez que a deprecia\u00e7\u00e3o da taxa de c\u00e2mbio e o aumento dos pre\u00e7os das commodities tiveram um impacto muito mais forte sobre os pre\u00e7os ao produtor do que o esperado&#8221;.<\/p>\n<p>J\u00e1 a XP Investimentos classificou como consistente um cen\u00e1rio de alta da Selic a partir de maio. A ressalva feita pela corretora, em coment\u00e1rio assinado por seu economista-chefe, Caio Megale, \u00e9 de que, em caso de surpresa positiva na atividade econ\u00f4mica ou sinais de deteriora\u00e7\u00e3o do quadro fiscal, com mais gastos do governo, a Selic pode come\u00e7ar a subir j\u00e1 na pr\u00f3xima reuni\u00e3o, em mar\u00e7o.<\/p>\n<p>Esse n\u00e3o \u00e9, por\u00e9m, o cen\u00e1rio mais prov\u00e1vel na avalia\u00e7\u00e3o da XP, que prev\u00ea um quadro fiscal inalterado nos pr\u00f3ximos meses, com desacelera\u00e7\u00e3o econ\u00f4mica no in\u00edcio de ano acompanhada por ociosidade no mercado de trabalho ao longo de 2021. &#8220;Entendemos que o documento \u00e9 consistente com nosso cen\u00e1rio de in\u00edcio de ciclo de alta de juros em maio&#8221;, escreveu Megale.<\/p>\n<p><em>(Com Estad\u00e3o Conte\u00fado)<\/em><\/p>\n","protected":false},"excerpt":{"rendered":"<p>Divulgado nesta ter\u00e7a-feira, 23, o teor da ata da \u00faltima reuni\u00e3o do Comit\u00ea de Pol\u00edtica Monet\u00e1ria, o Copom, do Banco Central levou alguns bancos a reverem suas proje\u00e7\u00f5es e apostar em alta da Selic (a taxa b\u00e1sica de juros) j\u00e1 na pr\u00f3xima reuni\u00e3o do colegiado, marcada para 16 e 17 de mar\u00e7o. Divulga\u00e7\u00e3o pelo BC [&hellip;]<\/p>\n","protected":false},"author":59,"featured_media":116353,"comment_status":"closed","ping_status":"closed","sticky":false,"template":"","format":"standard","meta":[],"categories":[62],"tags":[1104,290],"suno_strategy":[],"class_list":["post-116246","post","type-post","status-publish","format-standard","has-post-thumbnail","hentry","category-economia","tag-copom","tag-taxa-selic"],"yoast_head":"<!-- This site is optimized with the Yoast SEO plugin v24.4 - https:\/\/yoast.com\/wordpress\/plugins\/seo\/ -->\n<title>Ata do Copom leva bancos a antecipar in\u00edcio de alta da Selic<\/title>\n<meta name=\"description\" content=\"A ata da \u00faltima reuni\u00e3o do Copom, do Banco Central, levou alguns bancos a reverem suas proje\u00e7\u00f5es sobre a Selic. Clique aqui para saber mais.\" \/>\n<meta name=\"robots\" content=\"index, follow, max-snippet:-1, max-image-preview:large, max-video-preview:-1\" \/>\n<link rel=\"canonical\" href=\"https:\/\/www.suno.com.br\/noticias\/copom-bancos-revisam-projecoes-selic\/\" \/>\n<meta property=\"og:locale\" content=\"pt_BR\" \/>\n<meta property=\"og:type\" content=\"article\" \/>\n<meta property=\"og:title\" content=\"Ata do Copom leva bancos a antecipar in\u00edcio de alta da Selic\" \/>\n<meta property=\"og:description\" content=\"A ata da \u00faltima reuni\u00e3o do Copom, do Banco Central, levou alguns bancos a reverem suas proje\u00e7\u00f5es sobre a Selic. Clique aqui para saber mais.\" \/>\n<meta property=\"og:url\" content=\"https:\/\/www.suno.com.br\/noticias\/copom-bancos-revisam-projecoes-selic\/\" \/>\n<meta property=\"og:site_name\" content=\"Suno Not\u00edcias\" \/>\n<meta property=\"article:publisher\" content=\"https:\/\/facebook.com\/sunoresearch\" \/>\n<meta property=\"og:image\" content=\"https:\/\/files.sunoresearch.com.br\/n\/uploads\/2021\/01\/42eff0a7-copom.jpg\" \/>\n\t<meta property=\"og:image:width\" content=\"1024\" \/>\n\t<meta property=\"og:image:height\" content=\"683\" \/>\n\t<meta property=\"og:image:type\" content=\"image\/jpeg\" \/>\n<meta name=\"author\" content=\"Vitor Azevedo\" \/>\n<meta name=\"twitter:card\" content=\"summary_large_image\" \/>\n<meta name=\"twitter:creator\" content=\"@sunoresearch\" \/>\n<meta name=\"twitter:site\" content=\"@sunoresearch\" \/>\n<meta name=\"twitter:label1\" content=\"Escrito por\" \/>\n\t<meta name=\"twitter:data1\" content=\"Vitor Azevedo\" \/>\n\t<meta name=\"twitter:label2\" content=\"Est. tempo de leitura\" \/>\n\t<meta name=\"twitter:data2\" content=\"3 minutos\" \/>\n<script type=\"application\/ld+json\" class=\"yoast-schema-graph\">{\"@context\":\"https:\/\/schema.org\",\"@graph\":[{\"@type\":\"NewsArticle\",\"@id\":\"https:\/\/www.suno.com.br\/noticias\/copom-bancos-revisam-projecoes-selic\/#article\",\"isPartOf\":{\"@id\":\"https:\/\/www.suno.com.br\/noticias\/copom-bancos-revisam-projecoes-selic\/\"},\"author\":{\"name\":\"Vitor Azevedo\",\"@id\":\"https:\/\/www.suno.com.br\/noticias\/#\/schema\/person\/658d5fbc74d81f265f5df3562d0038ab\"},\"headline\":\"Ata do Copom leva bancos a anteciparem in\u00edcio de alta da Selic\",\"datePublished\":\"2021-01-27T15:06:31+00:00\",\"dateModified\":\"2021-01-27T15:21:57+00:00\",\"mainEntityOfPage\":{\"@id\":\"https:\/\/www.suno.com.br\/noticias\/copom-bancos-revisam-projecoes-selic\/\"},\"wordCount\":605,\"publisher\":{\"@id\":\"https:\/\/www.suno.com.br\/noticias\/#organization\"},\"image\":{\"@id\":\"https:\/\/www.suno.com.br\/noticias\/copom-bancos-revisam-projecoes-selic\/#primaryimage\"},\"thumbnailUrl\":\"https:\/\/files.sunoresearch.com.br\/n\/uploads\/2021\/01\/42eff0a7-copom-jpg.webp\",\"keywords\":[\"Copom\",\"Taxa Selic\"],\"articleSection\":[\"Economia\"],\"inLanguage\":\"pt-BR\"},{\"@type\":\"WebPage\",\"@id\":\"https:\/\/www.suno.com.br\/noticias\/copom-bancos-revisam-projecoes-selic\/\",\"url\":\"https:\/\/www.suno.com.br\/noticias\/copom-bancos-revisam-projecoes-selic\/\",\"name\":\"Ata do Copom leva bancos a antecipar in\u00edcio de alta da Selic\",\"isPartOf\":{\"@id\":\"https:\/\/www.suno.com.br\/noticias\/#website\"},\"primaryImageOfPage\":{\"@id\":\"https:\/\/www.suno.com.br\/noticias\/copom-bancos-revisam-projecoes-selic\/#primaryimage\"},\"image\":{\"@id\":\"https:\/\/www.suno.com.br\/noticias\/copom-bancos-revisam-projecoes-selic\/#primaryimage\"},\"thumbnailUrl\":\"https:\/\/files.sunoresearch.com.br\/n\/uploads\/2021\/01\/42eff0a7-copom-jpg.webp\",\"datePublished\":\"2021-01-27T15:06:31+00:00\",\"dateModified\":\"2021-01-27T15:21:57+00:00\",\"description\":\"A ata da \u00faltima reuni\u00e3o do Copom, do Banco Central, levou alguns bancos a reverem suas proje\u00e7\u00f5es sobre a Selic. Clique aqui para saber mais.\",\"breadcrumb\":{\"@id\":\"https:\/\/www.suno.com.br\/noticias\/copom-bancos-revisam-projecoes-selic\/#breadcrumb\"},\"inLanguage\":\"pt-BR\",\"potentialAction\":[{\"@type\":\"ReadAction\",\"target\":[\"https:\/\/www.suno.com.br\/noticias\/copom-bancos-revisam-projecoes-selic\/\"]}]},{\"@type\":\"ImageObject\",\"inLanguage\":\"pt-BR\",\"@id\":\"https:\/\/www.suno.com.br\/noticias\/copom-bancos-revisam-projecoes-selic\/#primaryimage\",\"url\":\"https:\/\/files.sunoresearch.com.br\/n\/uploads\/2021\/01\/42eff0a7-copom-jpg.webp\",\"contentUrl\":\"https:\/\/files.sunoresearch.com.br\/n\/uploads\/2021\/01\/42eff0a7-copom-jpg.webp\",\"width\":1024,\"height\":683,\"caption\":\"Divulga\u00e7\u00e3o pelo BC da ata do Copom \u00e9 destaque na agenda do dia\"},{\"@type\":\"BreadcrumbList\",\"@id\":\"https:\/\/www.suno.com.br\/noticias\/copom-bancos-revisam-projecoes-selic\/#breadcrumb\",\"itemListElement\":[{\"@type\":\"ListItem\",\"position\":1,\"name\":\"Not\u00edcias\",\"item\":\"https:\/\/www.suno.com.br\/noticias\/\"},{\"@type\":\"ListItem\",\"position\":2,\"name\":\"Economia\",\"item\":\"https:\/\/www.suno.com.br\/noticias\/economia\/\"},{\"@type\":\"ListItem\",\"position\":3,\"name\":\"Ata do Copom leva bancos a anteciparem in\u00edcio de alta da Selic\"}]},{\"@type\":\"WebSite\",\"@id\":\"https:\/\/www.suno.com.br\/noticias\/#website\",\"url\":\"https:\/\/www.suno.com.br\/noticias\/\",\"name\":\"Suno Not\u00edcias\",\"description\":\"Seu portal de informa\u00e7\u00e3o sobre o mundo dos investimentos\",\"publisher\":{\"@id\":\"https:\/\/www.suno.com.br\/noticias\/#organization\"},\"potentialAction\":[{\"@type\":\"SearchAction\",\"target\":{\"@type\":\"EntryPoint\",\"urlTemplate\":\"https:\/\/www.suno.com.br\/noticias\/?s={search_term_string}\"},\"query-input\":{\"@type\":\"PropertyValueSpecification\",\"valueRequired\":true,\"valueName\":\"search_term_string\"}}],\"inLanguage\":\"pt-BR\"},{\"@type\":\"Organization\",\"@id\":\"https:\/\/www.suno.com.br\/noticias\/#organization\",\"name\":\"Suno Not\u00edcias\",\"url\":\"https:\/\/www.suno.com.br\/noticias\/\",\"logo\":{\"@type\":\"ImageObject\",\"inLanguage\":\"pt-BR\",\"@id\":\"https:\/\/www.suno.com.br\/noticias\/#\/schema\/logo\/image\/\",\"url\":\"https:\/\/files.sunoresearch.com.br\/n\/uploads\/2021\/09\/suno-logo.png\",\"contentUrl\":\"https:\/\/files.sunoresearch.com.br\/n\/uploads\/2021\/09\/suno-logo.png\",\"width\":180,\"height\":180,\"caption\":\"Suno Not\u00edcias\"},\"image\":{\"@id\":\"https:\/\/www.suno.com.br\/noticias\/#\/schema\/logo\/image\/\"},\"sameAs\":[\"https:\/\/facebook.com\/sunoresearch\",\"https:\/\/x.com\/sunoresearch\",\"https:\/\/www.instagram.com\/suno\",\"https:\/\/www.linkedin.com\/company\/suno-research\/\",\"https:\/\/www.youtube.com\/c\/sunoresearch\"]},{\"@type\":\"Person\",\"@id\":\"https:\/\/www.suno.com.br\/noticias\/#\/schema\/person\/658d5fbc74d81f265f5df3562d0038ab\",\"name\":\"Vitor Azevedo\",\"image\":{\"@type\":\"ImageObject\",\"inLanguage\":\"pt-BR\",\"@id\":\"https:\/\/www.suno.com.br\/noticias\/#\/schema\/person\/image\/\",\"url\":\"https:\/\/secure.gravatar.com\/avatar\/62b86195291b446fe380824eb28b99a5?s=96&r=g\",\"contentUrl\":\"https:\/\/secure.gravatar.com\/avatar\/62b86195291b446fe380824eb28b99a5?s=96&r=g\",\"caption\":\"Vitor Azevedo\"},\"description\":\"Formado em jornalismo pela Unesp, escreve sobre economia e neg\u00f3cios para a Suno Not\u00edcias.\",\"url\":\"https:\/\/www.suno.com.br\/noticias\/author\/vitor-azevedo\/\"}]}<\/script>\n<!-- \/ Yoast SEO plugin. -->","yoast_head_json":{"title":"Ata do Copom leva bancos a antecipar in\u00edcio de alta da Selic","description":"A ata da \u00faltima reuni\u00e3o do Copom, do Banco Central, levou alguns bancos a reverem suas proje\u00e7\u00f5es sobre a Selic. Clique aqui para saber mais.","robots":{"index":"index","follow":"follow","max-snippet":"max-snippet:-1","max-image-preview":"max-image-preview:large","max-video-preview":"max-video-preview:-1"},"canonical":"https:\/\/www.suno.com.br\/noticias\/copom-bancos-revisam-projecoes-selic\/","og_locale":"pt_BR","og_type":"article","og_title":"Ata do Copom leva bancos a antecipar in\u00edcio de alta da Selic","og_description":"A ata da \u00faltima reuni\u00e3o do Copom, do Banco Central, levou alguns bancos a reverem suas proje\u00e7\u00f5es sobre a Selic. Clique aqui para saber mais.","og_url":"https:\/\/www.suno.com.br\/noticias\/copom-bancos-revisam-projecoes-selic\/","og_site_name":"Suno Not\u00edcias","article_publisher":"https:\/\/facebook.com\/sunoresearch","og_image":[{"width":1024,"height":683,"url":"https:\/\/files.sunoresearch.com.br\/n\/uploads\/2021\/01\/42eff0a7-copom.jpg","type":"image\/jpeg"}],"author":"Vitor Azevedo","twitter_card":"summary_large_image","twitter_creator":"@sunoresearch","twitter_site":"@sunoresearch","twitter_misc":{"Escrito por":"Vitor Azevedo","Est. tempo de leitura":"3 minutos"},"schema":{"@context":"https:\/\/schema.org","@graph":[{"@type":"NewsArticle","@id":"https:\/\/www.suno.com.br\/noticias\/copom-bancos-revisam-projecoes-selic\/#article","isPartOf":{"@id":"https:\/\/www.suno.com.br\/noticias\/copom-bancos-revisam-projecoes-selic\/"},"author":{"name":"Vitor Azevedo","@id":"https:\/\/www.suno.com.br\/noticias\/#\/schema\/person\/658d5fbc74d81f265f5df3562d0038ab"},"headline":"Ata do Copom leva bancos a anteciparem in\u00edcio de alta da Selic","datePublished":"2021-01-27T15:06:31+00:00","dateModified":"2021-01-27T15:21:57+00:00","mainEntityOfPage":{"@id":"https:\/\/www.suno.com.br\/noticias\/copom-bancos-revisam-projecoes-selic\/"},"wordCount":605,"publisher":{"@id":"https:\/\/www.suno.com.br\/noticias\/#organization"},"image":{"@id":"https:\/\/www.suno.com.br\/noticias\/copom-bancos-revisam-projecoes-selic\/#primaryimage"},"thumbnailUrl":"https:\/\/files.sunoresearch.com.br\/n\/uploads\/2021\/01\/42eff0a7-copom-jpg.webp","keywords":["Copom","Taxa Selic"],"articleSection":["Economia"],"inLanguage":"pt-BR"},{"@type":"WebPage","@id":"https:\/\/www.suno.com.br\/noticias\/copom-bancos-revisam-projecoes-selic\/","url":"https:\/\/www.suno.com.br\/noticias\/copom-bancos-revisam-projecoes-selic\/","name":"Ata do Copom leva bancos a antecipar in\u00edcio de alta da Selic","isPartOf":{"@id":"https:\/\/www.suno.com.br\/noticias\/#website"},"primaryImageOfPage":{"@id":"https:\/\/www.suno.com.br\/noticias\/copom-bancos-revisam-projecoes-selic\/#primaryimage"},"image":{"@id":"https:\/\/www.suno.com.br\/noticias\/copom-bancos-revisam-projecoes-selic\/#primaryimage"},"thumbnailUrl":"https:\/\/files.sunoresearch.com.br\/n\/uploads\/2021\/01\/42eff0a7-copom-jpg.webp","datePublished":"2021-01-27T15:06:31+00:00","dateModified":"2021-01-27T15:21:57+00:00","description":"A ata da \u00faltima reuni\u00e3o do Copom, do Banco Central, levou alguns bancos a reverem suas proje\u00e7\u00f5es sobre a Selic. Clique aqui para saber mais.","breadcrumb":{"@id":"https:\/\/www.suno.com.br\/noticias\/copom-bancos-revisam-projecoes-selic\/#breadcrumb"},"inLanguage":"pt-BR","potentialAction":[{"@type":"ReadAction","target":["https:\/\/www.suno.com.br\/noticias\/copom-bancos-revisam-projecoes-selic\/"]}]},{"@type":"ImageObject","inLanguage":"pt-BR","@id":"https:\/\/www.suno.com.br\/noticias\/copom-bancos-revisam-projecoes-selic\/#primaryimage","url":"https:\/\/files.sunoresearch.com.br\/n\/uploads\/2021\/01\/42eff0a7-copom-jpg.webp","contentUrl":"https:\/\/files.sunoresearch.com.br\/n\/uploads\/2021\/01\/42eff0a7-copom-jpg.webp","width":1024,"height":683,"caption":"Divulga\u00e7\u00e3o pelo BC da ata do Copom \u00e9 destaque na agenda do dia"},{"@type":"BreadcrumbList","@id":"https:\/\/www.suno.com.br\/noticias\/copom-bancos-revisam-projecoes-selic\/#breadcrumb","itemListElement":[{"@type":"ListItem","position":1,"name":"Not\u00edcias","item":"https:\/\/www.suno.com.br\/noticias\/"},{"@type":"ListItem","position":2,"name":"Economia","item":"https:\/\/www.suno.com.br\/noticias\/economia\/"},{"@type":"ListItem","position":3,"name":"Ata do Copom leva bancos a anteciparem in\u00edcio de alta da Selic"}]},{"@type":"WebSite","@id":"https:\/\/www.suno.com.br\/noticias\/#website","url":"https:\/\/www.suno.com.br\/noticias\/","name":"Suno Not\u00edcias","description":"Seu portal de informa\u00e7\u00e3o sobre o mundo dos investimentos","publisher":{"@id":"https:\/\/www.suno.com.br\/noticias\/#organization"},"potentialAction":[{"@type":"SearchAction","target":{"@type":"EntryPoint","urlTemplate":"https:\/\/www.suno.com.br\/noticias\/?s={search_term_string}"},"query-input":{"@type":"PropertyValueSpecification","valueRequired":true,"valueName":"search_term_string"}}],"inLanguage":"pt-BR"},{"@type":"Organization","@id":"https:\/\/www.suno.com.br\/noticias\/#organization","name":"Suno Not\u00edcias","url":"https:\/\/www.suno.com.br\/noticias\/","logo":{"@type":"ImageObject","inLanguage":"pt-BR","@id":"https:\/\/www.suno.com.br\/noticias\/#\/schema\/logo\/image\/","url":"https:\/\/files.sunoresearch.com.br\/n\/uploads\/2021\/09\/suno-logo.png","contentUrl":"https:\/\/files.sunoresearch.com.br\/n\/uploads\/2021\/09\/suno-logo.png","width":180,"height":180,"caption":"Suno Not\u00edcias"},"image":{"@id":"https:\/\/www.suno.com.br\/noticias\/#\/schema\/logo\/image\/"},"sameAs":["https:\/\/facebook.com\/sunoresearch","https:\/\/x.com\/sunoresearch","https:\/\/www.instagram.com\/suno","https:\/\/www.linkedin.com\/company\/suno-research\/","https:\/\/www.youtube.com\/c\/sunoresearch"]},{"@type":"Person","@id":"https:\/\/www.suno.com.br\/noticias\/#\/schema\/person\/658d5fbc74d81f265f5df3562d0038ab","name":"Vitor Azevedo","image":{"@type":"ImageObject","inLanguage":"pt-BR","@id":"https:\/\/www.suno.com.br\/noticias\/#\/schema\/person\/image\/","url":"https:\/\/secure.gravatar.com\/avatar\/62b86195291b446fe380824eb28b99a5?s=96&r=g","contentUrl":"https:\/\/secure.gravatar.com\/avatar\/62b86195291b446fe380824eb28b99a5?s=96&r=g","caption":"Vitor Azevedo"},"description":"Formado em jornalismo pela Unesp, escreve sobre economia e neg\u00f3cios para a Suno Not\u00edcias.","url":"https:\/\/www.suno.com.br\/noticias\/author\/vitor-azevedo\/"}]}},"default_loop_html":"<div class=\"cardsPage__listCard__boxs\"><div class=\"cardsPage__listCard__boxs__img\"><a href=\"https:\/\/www.suno.com.br\/noticias\/copom-bancos-revisam-projecoes-selic\/\"><img class=\"mask\" src=\"https:\/\/www.suno.com.br\/noticias\/wp-content\/themes\/suno\/resources\/images\/spotlight\/spotlight1img\/bg-mask.png\" alt=\"Image Mask\"\/><img src=\"https:\/\/files.sunoresearch.com.br\/n\/uploads\/2021\/01\/42eff0a7-copom-400x200.webp\" alt=\"Ata do Copom leva bancos a anteciparem in\u00edcio de alta da Selic\"\/><\/a><span class=\"spotlightCategory\"><a href=\"https:\/\/www.suno.com.br\/noticias\/economia\/\">Economia<\/a><\/span><\/div><div class=\"cardsPage__listCard__boxs__content\"><a href=\"https:\/\/www.suno.com.br\/noticias\/copom-bancos-revisam-projecoes-selic\/\"><h2 class=\"content__title\">Ata do Copom leva bancos a anteciparem in\u00edcio de alta da Selic<\/h2><\/a><div class=\"newsContent__article__meta\"><div class=\"newsContent__article__meta__authorBox\"><a href=\"https:\/\/www.suno.com.br\/noticias\/author\/vitor-azevedo\/\" class=\"authorBox__avatar noMobi\"><img src=\"https:\/\/secure.gravatar.com\/avatar\/62b86195291b446fe380824eb28b99a5?s=96&#038;r=g\" alt=\"Vitor Azevedo\"><\/a><div class=\"authorBox__name\"><span>por\n\t\t\t<a href=\"https:\/\/www.suno.com.br\/noticias\/author\/vitor-azevedo\/\"><span itemprop=\"author\">Vitor Azevedo<\/span><\/a><\/span><time datetime=\"2021-01-27T12:06:31-03:00\" itemprop=\"datePublished\">27\/01\/2021 12:06<\/time><\/div><\/div><\/div><\/div><\/div>","single_layout":"posts","amp_enabled":true,"_links":{"self":[{"href":"https:\/\/www.suno.com.br\/noticias\/wp-json\/wp\/v2\/posts\/116246"}],"collection":[{"href":"https:\/\/www.suno.com.br\/noticias\/wp-json\/wp\/v2\/posts"}],"about":[{"href":"https:\/\/www.suno.com.br\/noticias\/wp-json\/wp\/v2\/types\/post"}],"author":[{"embeddable":true,"href":"https:\/\/www.suno.com.br\/noticias\/wp-json\/wp\/v2\/users\/59"}],"replies":[{"embeddable":true,"href":"https:\/\/www.suno.com.br\/noticias\/wp-json\/wp\/v2\/comments?post=116246"}],"version-history":[{"count":0,"href":"https:\/\/www.suno.com.br\/noticias\/wp-json\/wp\/v2\/posts\/116246\/revisions"}],"wp:featuredmedia":[{"embeddable":true,"href":"https:\/\/www.suno.com.br\/noticias\/wp-json\/wp\/v2\/media\/116353"}],"wp:attachment":[{"href":"https:\/\/www.suno.com.br\/noticias\/wp-json\/wp\/v2\/media?parent=116246"}],"wp:term":[{"taxonomy":"category","embeddable":true,"href":"https:\/\/www.suno.com.br\/noticias\/wp-json\/wp\/v2\/categories?post=116246"},{"taxonomy":"post_tag","embeddable":true,"href":"https:\/\/www.suno.com.br\/noticias\/wp-json\/wp\/v2\/tags?post=116246"},{"taxonomy":"suno_strategy","embeddable":true,"href":"https:\/\/www.suno.com.br\/noticias\/wp-json\/wp\/v2\/suno_strategy?post=116246"}],"curies":[{"name":"wp","href":"https:\/\/api.w.org\/{rel}","templated":true}]}}