{"id":116136,"date":"2021-01-26T18:16:18","date_gmt":"2021-01-26T21:16:18","guid":{"rendered":"https:\/\/www.suno.com.br\/noticias\/?p=116136"},"modified":"2021-06-13T23:27:25","modified_gmt":"2021-06-14T02:27:25","slug":"democratas-eua-aumento-gradual-minimo-2025","status":"publish","type":"post","link":"https:\/\/www.suno.com.br\/noticias\/democratas-eua-aumento-gradual-minimo-2025\/","title":{"rendered":"EUA: Democratas prop\u00f5em aumento gradual do m\u00ednimo a US$ 15 por hora at\u00e9 2025"},"content":{"rendered":"<p>Nos Estados Unidos, senadores e deputados democratas propuseram nesta ter\u00e7a-feira (26) em ambas as Casas uma lei que visa aumentar o <strong>sal\u00e1rio m\u00ednimo<\/strong> norte-americano, de US$ 7,25 para US$ 15 a hora at\u00e9 2025.<\/p>\t<div class=\"wrapper-featured-image\">\n\t\t<figure class=\"spotlightImg\">\n\n\t\t\t<picture>\n\t\t\t\t<source media=\"(max-width: 768px)\" srcset=\"https:\/\/files.sunoresearch.com.br\/n\/uploads\/2021\/01\/37974911-estados-unidos-1-400x200.webp\">\n\t\t\t\t<img loading=\"lazy\" decoding=\"async\" class=\"newsContent__article__imgCapa lazyloadDisabled \" src=\"https:\/\/files.sunoresearch.com.br\/n\/uploads\/2021\/01\/37974911-estados-unidos-1-800x450.webp\" width=\"800\" height=\"450\" alt=\"EUA: Democratas prop\u00f5em aumento gradual do m\u00ednimo a US$ 15 por hora at\u00e9 2025\" fetchpriority=high \/>\n\t\t\t<\/picture>\n\n\t\t\t<figcaption class=\"wp-caption-text wp-caption-text--show\">EUA: Democratas prop\u00f5em aumento gradual do m\u00ednimo a US$ 15 por hora at\u00e9 2025<\/figcaption>\n\t\t<\/figure>\n\t<\/div>\n\n\n\t<p>\n\t\t<a href=\"https:\/\/lp.suno.com.br\/planilha-controle-gastos\/\" target=\"_blank\" data-element=\"shortcode-suno-banner\" title=\"Banner SUNO, clique e saiba mais\">\n\t\t\t<picture>\n\t\t\t\t<source media=\"(max-width: 500px)\" srcset=\"https:\/\/files.sunoresearch.com.br\/n\/uploads\/2023\/03\/400x300-Planilha-controle-de-gastos.png\">\n\t\t\t\t<img class=\"newsContent__article__imgCapa newsContent__article__imgCapa--banner\"\n\t\t\t\t\tsrc=\"https:\/\/files.sunoresearch.com.br\/n\/uploads\/2023\/03\/1420x240-Planilha-controle-de-gastos.png\"\n\t\t\t\t\tdata-promo-id=\"101751\"\t\t\t\t\t\t\t\t\t\twidth='1420' height='240'\t\t\t\t\talt=\"https:\/\/files.sunoresearch.com.br\/n\/uploads\/2023\/03\/1420x240-Planilha-controle-de-gastos.png\"\n\t\t\t\t>\n\t\t\t<\/picture>\n\t\t<\/a>\n\t<\/p>\n\n\n<p>O novo presidente dos EUA, <strong>Joe Biden<\/strong>, defende a proposta, a qual consta\u00a0em seu programa de resgate para a economia de US$ 1,9 trilh\u00e3o.<\/p>\n<p>O aumento do valor do sal\u00e1rio m\u00ednimo foi, recentemente, aprovado pelo mandat\u00e1rio para trabalhadores federais.<\/p>\n<p><a href=\"https:\/\/lp.suno.com.br\/suno-one\/\">Suno One: acesse gratuitamente eBooks, Minicursos, Artigos e Video Aulas sobre investimentos com um \u00fanico cadastro. Clique para saber mais!<\/a><\/p>\n<p>Al\u00e9m disso, a proposi\u00e7\u00e3o prev\u00ea um aumento gradual, partindo de um piso &#8220;imediato&#8221; de US$ 9,50 at\u00e9 alcan\u00e7ar o valor de US$ 15 quatro anos ap\u00f3s a aprova\u00e7\u00e3o, segundo o projeto publicado nesta ter\u00e7a-feira.<\/p>\n<h2>Comit\u00ea de Finan\u00e7as dos EUA aprova nomea\u00e7\u00e3o de Yellen para Tesouro<\/h2>\n<p>O Comit\u00ea de Finan\u00e7as do Senado dos Estados Unidos aprovou por unanimidade, na \u00faltima sexta-feira (22) a nomea\u00e7\u00e3o de <strong>Janet<\/strong> <strong>Yellen<\/strong> para o cargo de secret\u00e1ria do Tesouro.<\/p>\n\t<p>\n\t\t<a href=\"https:\/\/lp.suno.com.br\/ebook-como-analisar-uma-acao\/\" target=\"_blank\" data-element=\"shortcode-suno-banner\" title=\"Banner SUNO, clique e saiba mais\">\n\t\t\t<picture>\n\t\t\t\t<source media=\"(max-width: 500px)\" srcset=\"https:\/\/files.sunoresearch.com.br\/n\/uploads\/2023\/03\/Ebook-Acoes-Mobile.jpg\">\n\t\t\t\t<img class=\"newsContent__article__imgCapa newsContent__article__imgCapa--banner\"\n\t\t\t\t\tsrc=\"https:\/\/files.sunoresearch.com.br\/n\/uploads\/2023\/03\/Ebook-Acoes-Desktop.jpg\"\n\t\t\t\t\tdata-promo-id=\"378302\"\t\t\t\t\t\t\t\t\t\twidth='1420' height='286'\t\t\t\t\talt=\"https:\/\/files.sunoresearch.com.br\/n\/uploads\/2023\/03\/Ebook-Acoes-Desktop.jpg\"\n\t\t\t\t>\n\t\t\t<\/picture>\n\t\t<\/a>\n\t<\/p>\n\n\n<p>A ex-presidente do <a href=\"https:\/\/www.suno.com.br\/artigos\/fed\/\">Federal Reserve (Fed<\/a>, o banco central norte-americano) participou de uma sabatina com os senadores na \u00faltima ter\u00e7a-feira (19). A indica\u00e7\u00e3o do novo presidente dos EUA, <a href=\"https:\/\/www.suno.com.br\/noticias\/joe-biden-conheca-o-novo-presidente-dos-estados-unidos\/\">Joe Biden<\/a>, precisa ainda ser ratificada pelo plen\u00e1rio da Casa, o que pode ocorrer ainda na sess\u00e3o desta sexta.<\/p>\n<p>Depois de se tornar a<strong> primeira mulher<\/strong> a presidir a autoridade monet\u00e1ria americana, Yellen tamb\u00e9m pode ser primeira mulher a chefiar o <strong>Departamento do Tesouro<\/strong>.<\/p>\n<p>Na sabatina de ter\u00e7a-feira, Yellen defendeu o pacote fiscal de US$ 1,9 trilh\u00e3o (cerca de R$ 10,3 bilh\u00f5es)\u00a0 de Biden e disse que \u00e9 preciso &#8220;agir com grandeza&#8221; para combater a <strong>pandemia<\/strong> de covid-19 e impulsionar o crescimento econ\u00f4mico.<\/p>\n\t<div data-element=\"shortcode-read-more\" class=\"knowMore\">\n\t\t\t\t<span class=\"knowMore__title\">Veja Tamb\u00e9m<\/span>\n\t\t\t\t<a class=\"knowMore__link\" href=\"https:\/\/www.suno.com.br\/noticias\/comite-eua-aprova-yellen-tesouro\/\">\n\t\t\tComit\u00ea de Finan\u00e7as dos EUA aprova nomea\u00e7\u00e3o de Yellen para Tesouro\t\t<\/a>\n\t<\/div>\n\n\n<p>A ex-presidente do Fed tamb\u00e9m se comprometeu a n\u00e3o interferir no<a href=\"https:\/\/www.suno.com.br\/artigos\/mercado-de-cambio\/\"><strong> mercado cambial<\/strong><\/a>. &#8220;A varia\u00e7\u00e3o do <strong>d\u00f3lar<\/strong> e outras moedas deve ser determinada pelos mercados. Devemos nos opor a pa\u00edses que manipulam c\u00e2mbio por vantagem competitiva&#8221;, declarou na ocasi\u00e3o.<\/p>\n<p>A indicada por <strong>Biden<\/strong> para comandar o <strong>Tesouro dos EUA<\/strong> defendeu, ainda, um s<strong>istema tribut\u00e1rio<\/strong> progressivo e a cobran\u00e7a de mais impostos sobre os <strong>ricos<\/strong> e as grandes corpora\u00e7\u00f5es. &#8220;N\u00f3s vamos assegurar a competitividade das empresas, mas com impostos um pouco mais altos&#8221;, afirmou.<\/p>\n<p><em>Com informa\u00e7\u00f5es do Estad\u00e3o Conte\u00fado.<\/em><\/p>\n<p><span style=\"font-weight: 400;\">\t<p>\n\t\t<a href=\"https:\/\/lp.suno.com.br\/planilha-de-controle-de-investimentos\/\" target=\"_blank\" data-element=\"shortcode-suno-banner\" title=\"Banner SUNO, clique e saiba mais\">\n\t\t\t<picture>\n\t\t\t\t<source media=\"(max-width: 500px)\" srcset=\"https:\/\/files.sunoresearch.com.br\/n\/uploads\/2023\/03\/400x300-Controle-de-Investimentos.png\">\n\t\t\t\t<img class=\"newsContent__article__imgCapa newsContent__article__imgCapa--banner\"\n\t\t\t\t\tsrc=\"https:\/\/files.sunoresearch.com.br\/n\/uploads\/2023\/03\/1420x240-Controle-de-Investimentos.png\"\n\t\t\t\t\tdata-promo-id=\"75934\"\t\t\t\t\t\t\t\t\t\twidth='1420' height='240'\t\t\t\t\talt=\"https:\/\/files.sunoresearch.com.br\/n\/uploads\/2023\/03\/1420x240-Controle-de-Investimentos.png\"\n\t\t\t\t>\n\t\t\t<\/picture>\n\t\t<\/a>\n\t<\/p>\n\n<\/span><\/p>\n","protected":false},"excerpt":{"rendered":"<p>Nos Estados Unidos, senadores e deputados democratas propuseram nesta ter\u00e7a-feira (26) em ambas as Casas uma lei que visa aumentar o sal\u00e1rio m\u00ednimo norte-americano, de US$ 7,25 para US$ 15 a hora at\u00e9 2025. EUA: Democratas prop\u00f5em aumento gradual do m\u00ednimo a US$ 15 por hora at\u00e9 2025 O novo presidente dos EUA, Joe Biden, [&hellip;]<\/p>\n","protected":false},"author":56,"featured_media":116170,"comment_status":"closed","ping_status":"closed","sticky":false,"template":"","format":"standard","meta":[],"categories":[63],"tags":[793,73481,1824],"suno_strategy":[],"class_list":["post-116136","post","type-post","status-publish","format-standard","has-post-thumbnail","hentry","category-internacional","tag-estados-unidos-eua","tag-joe-biden","tag-salario-minimo"],"yoast_head":"<!-- This site is optimized with the Yoast SEO plugin v24.4 - https:\/\/yoast.com\/wordpress\/plugins\/seo\/ -->\n<title>EUA: Democratas prop\u00f5em aumento gradual do m\u00ednimo a US$ 15 a hora<\/title>\n<meta name=\"description\" content=\"A proposta dos democratas visa aumentar o sal\u00e1rio m\u00ednimo nos EUA, de US$ 7,25 para US$ 15 a hora at\u00e9 2025. Clique aqui para saber mais.\" \/>\n<meta name=\"robots\" content=\"index, follow, max-snippet:-1, max-image-preview:large, max-video-preview:-1\" \/>\n<link rel=\"canonical\" href=\"https:\/\/www.suno.com.br\/noticias\/democratas-eua-aumento-gradual-minimo-2025\/\" \/>\n<meta property=\"og:locale\" content=\"pt_BR\" \/>\n<meta property=\"og:type\" content=\"article\" \/>\n<meta property=\"og:title\" content=\"EUA: Democratas prop\u00f5em aumento gradual do m\u00ednimo a US$ 15 a hora\" \/>\n<meta property=\"og:description\" content=\"A proposta dos democratas visa aumentar o sal\u00e1rio m\u00ednimo nos EUA, de US$ 7,25 para US$ 15 a hora at\u00e9 2025. Clique aqui para saber mais.\" \/>\n<meta property=\"og:url\" content=\"https:\/\/www.suno.com.br\/noticias\/democratas-eua-aumento-gradual-minimo-2025\/\" \/>\n<meta property=\"og:site_name\" content=\"Suno Not\u00edcias\" \/>\n<meta property=\"article:publisher\" content=\"https:\/\/facebook.com\/sunoresearch\" \/>\n<meta property=\"og:image\" content=\"https:\/\/files.sunoresearch.com.br\/n\/uploads\/2021\/01\/37974911-estados-unidos-1.jpg\" \/>\n\t<meta property=\"og:image:width\" content=\"1920\" \/>\n\t<meta property=\"og:image:height\" content=\"1271\" \/>\n\t<meta property=\"og:image:type\" content=\"image\/jpeg\" \/>\n<meta name=\"author\" content=\"Rafaela La Regina\" \/>\n<meta name=\"twitter:card\" content=\"summary_large_image\" \/>\n<meta name=\"twitter:creator\" content=\"@sunoresearch\" \/>\n<meta name=\"twitter:site\" content=\"@sunoresearch\" \/>\n<meta name=\"twitter:label1\" content=\"Escrito por\" \/>\n\t<meta name=\"twitter:data1\" content=\"Rafaela La Regina\" \/>\n\t<meta name=\"twitter:label2\" content=\"Est. tempo de leitura\" \/>\n\t<meta name=\"twitter:data2\" content=\"2 minutos\" \/>\n<script type=\"application\/ld+json\" class=\"yoast-schema-graph\">{\"@context\":\"https:\/\/schema.org\",\"@graph\":[{\"@type\":\"NewsArticle\",\"@id\":\"https:\/\/www.suno.com.br\/noticias\/democratas-eua-aumento-gradual-minimo-2025\/#article\",\"isPartOf\":{\"@id\":\"https:\/\/www.suno.com.br\/noticias\/democratas-eua-aumento-gradual-minimo-2025\/\"},\"author\":{\"name\":\"Rafaela La Regina\",\"@id\":\"https:\/\/www.suno.com.br\/noticias\/#\/schema\/person\/e672ca8cea627fe715fa29bca7da95e0\"},\"headline\":\"EUA: Democratas prop\u00f5em aumento gradual do m\u00ednimo a US$ 15 por hora at\u00e9 2025\",\"datePublished\":\"2021-01-26T21:16:18+00:00\",\"dateModified\":\"2021-06-14T02:27:25+00:00\",\"mainEntityOfPage\":{\"@id\":\"https:\/\/www.suno.com.br\/noticias\/democratas-eua-aumento-gradual-minimo-2025\/\"},\"wordCount\":439,\"publisher\":{\"@id\":\"https:\/\/www.suno.com.br\/noticias\/#organization\"},\"image\":{\"@id\":\"https:\/\/www.suno.com.br\/noticias\/democratas-eua-aumento-gradual-minimo-2025\/#primaryimage\"},\"thumbnailUrl\":\"https:\/\/files.sunoresearch.com.br\/n\/uploads\/2021\/01\/37974911-estados-unidos-1-jpg.webp\",\"keywords\":[\"Estados Unidos (EUA)\",\"Joe Biden\",\"sal\u00e1rio m\u00ednimo\"],\"articleSection\":[\"Internacional\"],\"inLanguage\":\"pt-BR\"},{\"@type\":\"WebPage\",\"@id\":\"https:\/\/www.suno.com.br\/noticias\/democratas-eua-aumento-gradual-minimo-2025\/\",\"url\":\"https:\/\/www.suno.com.br\/noticias\/democratas-eua-aumento-gradual-minimo-2025\/\",\"name\":\"EUA: Democratas prop\u00f5em aumento gradual do m\u00ednimo a US$ 15 a hora\",\"isPartOf\":{\"@id\":\"https:\/\/www.suno.com.br\/noticias\/#website\"},\"primaryImageOfPage\":{\"@id\":\"https:\/\/www.suno.com.br\/noticias\/democratas-eua-aumento-gradual-minimo-2025\/#primaryimage\"},\"image\":{\"@id\":\"https:\/\/www.suno.com.br\/noticias\/democratas-eua-aumento-gradual-minimo-2025\/#primaryimage\"},\"thumbnailUrl\":\"https:\/\/files.sunoresearch.com.br\/n\/uploads\/2021\/01\/37974911-estados-unidos-1-jpg.webp\",\"datePublished\":\"2021-01-26T21:16:18+00:00\",\"dateModified\":\"2021-06-14T02:27:25+00:00\",\"description\":\"A proposta dos democratas visa aumentar o sal\u00e1rio m\u00ednimo nos EUA, de US$ 7,25 para US$ 15 a hora at\u00e9 2025. Clique aqui para saber mais.\",\"breadcrumb\":{\"@id\":\"https:\/\/www.suno.com.br\/noticias\/democratas-eua-aumento-gradual-minimo-2025\/#breadcrumb\"},\"inLanguage\":\"pt-BR\",\"potentialAction\":[{\"@type\":\"ReadAction\",\"target\":[\"https:\/\/www.suno.com.br\/noticias\/democratas-eua-aumento-gradual-minimo-2025\/\"]}]},{\"@type\":\"ImageObject\",\"inLanguage\":\"pt-BR\",\"@id\":\"https:\/\/www.suno.com.br\/noticias\/democratas-eua-aumento-gradual-minimo-2025\/#primaryimage\",\"url\":\"https:\/\/files.sunoresearch.com.br\/n\/uploads\/2021\/01\/37974911-estados-unidos-1-jpg.webp\",\"contentUrl\":\"https:\/\/files.sunoresearch.com.br\/n\/uploads\/2021\/01\/37974911-estados-unidos-1-jpg.webp\",\"width\":1920,\"height\":1271,\"caption\":\"EUA: Democratas prop\u00f5em aumento gradual do m\u00ednimo a US$ 15 por hora at\u00e9 2025\"},{\"@type\":\"BreadcrumbList\",\"@id\":\"https:\/\/www.suno.com.br\/noticias\/democratas-eua-aumento-gradual-minimo-2025\/#breadcrumb\",\"itemListElement\":[{\"@type\":\"ListItem\",\"position\":1,\"name\":\"Not\u00edcias\",\"item\":\"https:\/\/www.suno.com.br\/noticias\/\"},{\"@type\":\"ListItem\",\"position\":2,\"name\":\"Internacional\",\"item\":\"https:\/\/www.suno.com.br\/noticias\/internacional\/\"},{\"@type\":\"ListItem\",\"position\":3,\"name\":\"EUA: Democratas prop\u00f5em aumento gradual do m\u00ednimo a US$ 15 por hora at\u00e9 2025\"}]},{\"@type\":\"WebSite\",\"@id\":\"https:\/\/www.suno.com.br\/noticias\/#website\",\"url\":\"https:\/\/www.suno.com.br\/noticias\/\",\"name\":\"Suno Not\u00edcias\",\"description\":\"Seu portal de informa\u00e7\u00e3o sobre o mundo dos investimentos\",\"publisher\":{\"@id\":\"https:\/\/www.suno.com.br\/noticias\/#organization\"},\"potentialAction\":[{\"@type\":\"SearchAction\",\"target\":{\"@type\":\"EntryPoint\",\"urlTemplate\":\"https:\/\/www.suno.com.br\/noticias\/?s={search_term_string}\"},\"query-input\":{\"@type\":\"PropertyValueSpecification\",\"valueRequired\":true,\"valueName\":\"search_term_string\"}}],\"inLanguage\":\"pt-BR\"},{\"@type\":\"Organization\",\"@id\":\"https:\/\/www.suno.com.br\/noticias\/#organization\",\"name\":\"Suno Not\u00edcias\",\"url\":\"https:\/\/www.suno.com.br\/noticias\/\",\"logo\":{\"@type\":\"ImageObject\",\"inLanguage\":\"pt-BR\",\"@id\":\"https:\/\/www.suno.com.br\/noticias\/#\/schema\/logo\/image\/\",\"url\":\"https:\/\/files.sunoresearch.com.br\/n\/uploads\/2021\/09\/suno-logo.png\",\"contentUrl\":\"https:\/\/files.sunoresearch.com.br\/n\/uploads\/2021\/09\/suno-logo.png\",\"width\":180,\"height\":180,\"caption\":\"Suno Not\u00edcias\"},\"image\":{\"@id\":\"https:\/\/www.suno.com.br\/noticias\/#\/schema\/logo\/image\/\"},\"sameAs\":[\"https:\/\/facebook.com\/sunoresearch\",\"https:\/\/x.com\/sunoresearch\",\"https:\/\/www.instagram.com\/suno\",\"https:\/\/www.linkedin.com\/company\/suno-research\/\",\"https:\/\/www.youtube.com\/c\/sunoresearch\"]},{\"@type\":\"Person\",\"@id\":\"https:\/\/www.suno.com.br\/noticias\/#\/schema\/person\/e672ca8cea627fe715fa29bca7da95e0\",\"name\":\"Rafaela La Regina\",\"image\":{\"@type\":\"ImageObject\",\"inLanguage\":\"pt-BR\",\"@id\":\"https:\/\/www.suno.com.br\/noticias\/#\/schema\/person\/image\/\",\"url\":\"https:\/\/secure.gravatar.com\/avatar\/d2c75a52d243deb93d0465fdcb21bd37?s=96&r=g\",\"contentUrl\":\"https:\/\/secure.gravatar.com\/avatar\/d2c75a52d243deb93d0465fdcb21bd37?s=96&r=g\",\"caption\":\"Rafaela La Regina\"},\"description\":\"Estagi\u00e1ria no Suno Not\u00edcias. Escreve sobre economia, pol\u00edtica e neg\u00f3cios. Estuda Rela\u00e7\u00f5es Internacionais no IBMEC-SP.\",\"url\":\"https:\/\/www.suno.com.br\/noticias\/author\/rafaela-la-regina\/\"}]}<\/script>\n<!-- \/ Yoast SEO plugin. -->","yoast_head_json":{"title":"EUA: Democratas prop\u00f5em aumento gradual do m\u00ednimo a US$ 15 a hora","description":"A proposta dos democratas visa aumentar o sal\u00e1rio m\u00ednimo nos EUA, de US$ 7,25 para US$ 15 a hora at\u00e9 2025. Clique aqui para saber mais.","robots":{"index":"index","follow":"follow","max-snippet":"max-snippet:-1","max-image-preview":"max-image-preview:large","max-video-preview":"max-video-preview:-1"},"canonical":"https:\/\/www.suno.com.br\/noticias\/democratas-eua-aumento-gradual-minimo-2025\/","og_locale":"pt_BR","og_type":"article","og_title":"EUA: Democratas prop\u00f5em aumento gradual do m\u00ednimo a US$ 15 a hora","og_description":"A proposta dos democratas visa aumentar o sal\u00e1rio m\u00ednimo nos EUA, de US$ 7,25 para US$ 15 a hora at\u00e9 2025. Clique aqui para saber mais.","og_url":"https:\/\/www.suno.com.br\/noticias\/democratas-eua-aumento-gradual-minimo-2025\/","og_site_name":"Suno Not\u00edcias","article_publisher":"https:\/\/facebook.com\/sunoresearch","og_image":[{"width":1920,"height":1271,"url":"https:\/\/files.sunoresearch.com.br\/n\/uploads\/2021\/01\/37974911-estados-unidos-1.jpg","type":"image\/jpeg"}],"author":"Rafaela La Regina","twitter_card":"summary_large_image","twitter_creator":"@sunoresearch","twitter_site":"@sunoresearch","twitter_misc":{"Escrito por":"Rafaela La Regina","Est. tempo de leitura":"2 minutos"},"schema":{"@context":"https:\/\/schema.org","@graph":[{"@type":"NewsArticle","@id":"https:\/\/www.suno.com.br\/noticias\/democratas-eua-aumento-gradual-minimo-2025\/#article","isPartOf":{"@id":"https:\/\/www.suno.com.br\/noticias\/democratas-eua-aumento-gradual-minimo-2025\/"},"author":{"name":"Rafaela La Regina","@id":"https:\/\/www.suno.com.br\/noticias\/#\/schema\/person\/e672ca8cea627fe715fa29bca7da95e0"},"headline":"EUA: Democratas prop\u00f5em aumento gradual do m\u00ednimo a US$ 15 por hora at\u00e9 2025","datePublished":"2021-01-26T21:16:18+00:00","dateModified":"2021-06-14T02:27:25+00:00","mainEntityOfPage":{"@id":"https:\/\/www.suno.com.br\/noticias\/democratas-eua-aumento-gradual-minimo-2025\/"},"wordCount":439,"publisher":{"@id":"https:\/\/www.suno.com.br\/noticias\/#organization"},"image":{"@id":"https:\/\/www.suno.com.br\/noticias\/democratas-eua-aumento-gradual-minimo-2025\/#primaryimage"},"thumbnailUrl":"https:\/\/files.sunoresearch.com.br\/n\/uploads\/2021\/01\/37974911-estados-unidos-1-jpg.webp","keywords":["Estados Unidos (EUA)","Joe Biden","sal\u00e1rio m\u00ednimo"],"articleSection":["Internacional"],"inLanguage":"pt-BR"},{"@type":"WebPage","@id":"https:\/\/www.suno.com.br\/noticias\/democratas-eua-aumento-gradual-minimo-2025\/","url":"https:\/\/www.suno.com.br\/noticias\/democratas-eua-aumento-gradual-minimo-2025\/","name":"EUA: Democratas prop\u00f5em aumento gradual do m\u00ednimo a US$ 15 a hora","isPartOf":{"@id":"https:\/\/www.suno.com.br\/noticias\/#website"},"primaryImageOfPage":{"@id":"https:\/\/www.suno.com.br\/noticias\/democratas-eua-aumento-gradual-minimo-2025\/#primaryimage"},"image":{"@id":"https:\/\/www.suno.com.br\/noticias\/democratas-eua-aumento-gradual-minimo-2025\/#primaryimage"},"thumbnailUrl":"https:\/\/files.sunoresearch.com.br\/n\/uploads\/2021\/01\/37974911-estados-unidos-1-jpg.webp","datePublished":"2021-01-26T21:16:18+00:00","dateModified":"2021-06-14T02:27:25+00:00","description":"A proposta dos democratas visa aumentar o sal\u00e1rio m\u00ednimo nos EUA, de US$ 7,25 para US$ 15 a hora at\u00e9 2025. Clique aqui para saber mais.","breadcrumb":{"@id":"https:\/\/www.suno.com.br\/noticias\/democratas-eua-aumento-gradual-minimo-2025\/#breadcrumb"},"inLanguage":"pt-BR","potentialAction":[{"@type":"ReadAction","target":["https:\/\/www.suno.com.br\/noticias\/democratas-eua-aumento-gradual-minimo-2025\/"]}]},{"@type":"ImageObject","inLanguage":"pt-BR","@id":"https:\/\/www.suno.com.br\/noticias\/democratas-eua-aumento-gradual-minimo-2025\/#primaryimage","url":"https:\/\/files.sunoresearch.com.br\/n\/uploads\/2021\/01\/37974911-estados-unidos-1-jpg.webp","contentUrl":"https:\/\/files.sunoresearch.com.br\/n\/uploads\/2021\/01\/37974911-estados-unidos-1-jpg.webp","width":1920,"height":1271,"caption":"EUA: Democratas prop\u00f5em aumento gradual do m\u00ednimo a US$ 15 por hora at\u00e9 2025"},{"@type":"BreadcrumbList","@id":"https:\/\/www.suno.com.br\/noticias\/democratas-eua-aumento-gradual-minimo-2025\/#breadcrumb","itemListElement":[{"@type":"ListItem","position":1,"name":"Not\u00edcias","item":"https:\/\/www.suno.com.br\/noticias\/"},{"@type":"ListItem","position":2,"name":"Internacional","item":"https:\/\/www.suno.com.br\/noticias\/internacional\/"},{"@type":"ListItem","position":3,"name":"EUA: Democratas prop\u00f5em aumento gradual do m\u00ednimo a US$ 15 por hora at\u00e9 2025"}]},{"@type":"WebSite","@id":"https:\/\/www.suno.com.br\/noticias\/#website","url":"https:\/\/www.suno.com.br\/noticias\/","name":"Suno Not\u00edcias","description":"Seu portal de informa\u00e7\u00e3o sobre o mundo dos investimentos","publisher":{"@id":"https:\/\/www.suno.com.br\/noticias\/#organization"},"potentialAction":[{"@type":"SearchAction","target":{"@type":"EntryPoint","urlTemplate":"https:\/\/www.suno.com.br\/noticias\/?s={search_term_string}"},"query-input":{"@type":"PropertyValueSpecification","valueRequired":true,"valueName":"search_term_string"}}],"inLanguage":"pt-BR"},{"@type":"Organization","@id":"https:\/\/www.suno.com.br\/noticias\/#organization","name":"Suno Not\u00edcias","url":"https:\/\/www.suno.com.br\/noticias\/","logo":{"@type":"ImageObject","inLanguage":"pt-BR","@id":"https:\/\/www.suno.com.br\/noticias\/#\/schema\/logo\/image\/","url":"https:\/\/files.sunoresearch.com.br\/n\/uploads\/2021\/09\/suno-logo.png","contentUrl":"https:\/\/files.sunoresearch.com.br\/n\/uploads\/2021\/09\/suno-logo.png","width":180,"height":180,"caption":"Suno Not\u00edcias"},"image":{"@id":"https:\/\/www.suno.com.br\/noticias\/#\/schema\/logo\/image\/"},"sameAs":["https:\/\/facebook.com\/sunoresearch","https:\/\/x.com\/sunoresearch","https:\/\/www.instagram.com\/suno","https:\/\/www.linkedin.com\/company\/suno-research\/","https:\/\/www.youtube.com\/c\/sunoresearch"]},{"@type":"Person","@id":"https:\/\/www.suno.com.br\/noticias\/#\/schema\/person\/e672ca8cea627fe715fa29bca7da95e0","name":"Rafaela La Regina","image":{"@type":"ImageObject","inLanguage":"pt-BR","@id":"https:\/\/www.suno.com.br\/noticias\/#\/schema\/person\/image\/","url":"https:\/\/secure.gravatar.com\/avatar\/d2c75a52d243deb93d0465fdcb21bd37?s=96&r=g","contentUrl":"https:\/\/secure.gravatar.com\/avatar\/d2c75a52d243deb93d0465fdcb21bd37?s=96&r=g","caption":"Rafaela La Regina"},"description":"Estagi\u00e1ria no Suno Not\u00edcias. Escreve sobre economia, pol\u00edtica e neg\u00f3cios. Estuda Rela\u00e7\u00f5es Internacionais no IBMEC-SP.","url":"https:\/\/www.suno.com.br\/noticias\/author\/rafaela-la-regina\/"}]}},"default_loop_html":"<div class=\"cardsPage__listCard__boxs\"><div class=\"cardsPage__listCard__boxs__img\"><a href=\"https:\/\/www.suno.com.br\/noticias\/democratas-eua-aumento-gradual-minimo-2025\/\"><img class=\"mask\" src=\"https:\/\/www.suno.com.br\/noticias\/wp-content\/themes\/suno\/resources\/images\/spotlight\/spotlight1img\/bg-mask.png\" alt=\"Image Mask\"\/><img src=\"https:\/\/files.sunoresearch.com.br\/n\/uploads\/2021\/01\/37974911-estados-unidos-1-400x200.webp\" alt=\"EUA: Democratas prop\u00f5em aumento gradual do m\u00ednimo a US$ 15 por hora at\u00e9 2025\"\/><\/a><span class=\"spotlightCategory\"><a href=\"https:\/\/www.suno.com.br\/noticias\/internacional\/\">Internacional<\/a><\/span><\/div><div class=\"cardsPage__listCard__boxs__content\"><a href=\"https:\/\/www.suno.com.br\/noticias\/democratas-eua-aumento-gradual-minimo-2025\/\"><h2 class=\"content__title\">EUA: Democratas prop\u00f5em aumento gradual do m\u00ednimo a US$ 15 por hora at\u00e9 2025<\/h2><\/a><div class=\"newsContent__article__meta\"><div class=\"newsContent__article__meta__authorBox\"><a href=\"https:\/\/www.suno.com.br\/noticias\/author\/rafaela-la-regina\/\" class=\"authorBox__avatar noMobi\"><img src=\"https:\/\/secure.gravatar.com\/avatar\/d2c75a52d243deb93d0465fdcb21bd37?s=96&#038;r=g\" alt=\"Rafaela La Regina\"><\/a><div class=\"authorBox__name\"><span>por\n\t\t\t<a href=\"https:\/\/www.suno.com.br\/noticias\/author\/rafaela-la-regina\/\"><span itemprop=\"author\">Rafaela La Regina<\/span><\/a><\/span><time datetime=\"2021-01-26T18:16:18-03:00\" itemprop=\"datePublished\">26\/01\/2021 18:16<\/time><\/div><\/div><\/div><\/div><\/div>","single_layout":"posts","amp_enabled":true,"_links":{"self":[{"href":"https:\/\/www.suno.com.br\/noticias\/wp-json\/wp\/v2\/posts\/116136"}],"collection":[{"href":"https:\/\/www.suno.com.br\/noticias\/wp-json\/wp\/v2\/posts"}],"about":[{"href":"https:\/\/www.suno.com.br\/noticias\/wp-json\/wp\/v2\/types\/post"}],"author":[{"embeddable":true,"href":"https:\/\/www.suno.com.br\/noticias\/wp-json\/wp\/v2\/users\/56"}],"replies":[{"embeddable":true,"href":"https:\/\/www.suno.com.br\/noticias\/wp-json\/wp\/v2\/comments?post=116136"}],"version-history":[{"count":1,"href":"https:\/\/www.suno.com.br\/noticias\/wp-json\/wp\/v2\/posts\/116136\/revisions"}],"predecessor-version":[{"id":156720,"href":"https:\/\/www.suno.com.br\/noticias\/wp-json\/wp\/v2\/posts\/116136\/revisions\/156720"}],"wp:featuredmedia":[{"embeddable":true,"href":"https:\/\/www.suno.com.br\/noticias\/wp-json\/wp\/v2\/media\/116170"}],"wp:attachment":[{"href":"https:\/\/www.suno.com.br\/noticias\/wp-json\/wp\/v2\/media?parent=116136"}],"wp:term":[{"taxonomy":"category","embeddable":true,"href":"https:\/\/www.suno.com.br\/noticias\/wp-json\/wp\/v2\/categories?post=116136"},{"taxonomy":"post_tag","embeddable":true,"href":"https:\/\/www.suno.com.br\/noticias\/wp-json\/wp\/v2\/tags?post=116136"},{"taxonomy":"suno_strategy","embeddable":true,"href":"https:\/\/www.suno.com.br\/noticias\/wp-json\/wp\/v2\/suno_strategy?post=116136"}],"curies":[{"name":"wp","href":"https:\/\/api.w.org\/{rel}","templated":true}]}}