{"id":116043,"date":"2021-01-26T14:48:21","date_gmt":"2021-01-26T17:48:21","guid":{"rendered":"https:\/\/www.suno.com.br\/noticias\/?p=116043"},"modified":"2021-01-26T14:53:28","modified_gmt":"2021-01-26T17:53:28","slug":"musk-bezos-batalha-super-internet","status":"publish","type":"post","link":"https:\/\/www.suno.com.br\/noticias\/musk-bezos-batalha-super-internet\/","title":{"rendered":"Elon Musk e Jeff Bezos travam batalha por conta de sat\u00e9lites de internet ultra r\u00e1pida"},"content":{"rendered":"<p><a href=\"https:\/\/www.suno.com.br\/tudo-sobre\/elon-musk\/\"><strong>Elon Musk<\/strong><\/a>, o homem mais rico do mundo, e <a href=\"https:\/\/www.suno.com.br\/tudo-sobre\/jeff-bezos\/\">Jeff Bezos<\/a>, atual n\u00famero dois da lista, est\u00e3o batalhando na Comiss\u00e3o Federal de Comunica\u00e7\u00e3o americana (FCC) a respeito dos seus dois ambiciosos projetos de internet via sat\u00e9lite.<\/p>\t<div class=\"wrapper-featured-image\">\n\t\t<figure class=\"spotlightImg\">\n\n\t\t\t<picture>\n\t\t\t\t<source media=\"(max-width: 768px)\" srcset=\"https:\/\/files.sunoresearch.com.br\/n\/uploads\/2021\/01\/ee6838c3-musk-400x200.webp\">\n\t\t\t\t<img loading=\"lazy\" decoding=\"async\" class=\"newsContent__article__imgCapa lazyloadDisabled \" src=\"https:\/\/files.sunoresearch.com.br\/n\/uploads\/2021\/01\/ee6838c3-musk-800x450.webp\" width=\"800\" height=\"450\" alt=\"Elon Musk e Jeff Bezos travam batalha por conta de sat\u00e9lites de internet ultra r\u00e1pida\" fetchpriority=high \/>\n\t\t\t<\/picture>\n\n\t\t\t<figcaption class=\"wp-caption-text wp-caption-text--show\">Elon Musk teria desviado recursos da Tesla e outras empresas para o Twitter. Foto: divulga\u00e7\u00e3o<\/figcaption>\n\t\t<\/figure>\n\t<\/div>\n\n\n<p><span style=\"font-weight: 400;\">\t<p>\n\t\t<a href=\"https:\/\/lp.suno.com.br\/planilha-controle-gastos\/\" target=\"_blank\" data-element=\"shortcode-suno-banner\" title=\"Banner SUNO, clique e saiba mais\">\n\t\t\t<picture>\n\t\t\t\t<source media=\"(max-width: 500px)\" srcset=\"https:\/\/files.sunoresearch.com.br\/n\/uploads\/2023\/03\/400x300-Planilha-controle-de-gastos.png\">\n\t\t\t\t<img class=\"newsContent__article__imgCapa newsContent__article__imgCapa--banner\"\n\t\t\t\t\tsrc=\"https:\/\/files.sunoresearch.com.br\/n\/uploads\/2023\/03\/1420x240-Planilha-controle-de-gastos.png\"\n\t\t\t\t\tdata-promo-id=\"101751\"\t\t\t\t\t\t\t\t\t\twidth='1420' height='240'\t\t\t\t\talt=\"https:\/\/files.sunoresearch.com.br\/n\/uploads\/2023\/03\/1420x240-Planilha-controle-de-gastos.png\"\n\t\t\t\t>\n\t\t\t<\/picture>\n\t\t<\/a>\n\t<\/p>\n\n <\/span><\/p>\n<p>A <strong>SpaceX<\/strong>, de Musk, defende que a Comiss\u00e3o Federal de Comunica\u00e7\u00f5es americana a permita colocar sat\u00e9lites do seu projeto de internet global, o Starlink, em altitudes mais baixas. A Amazon (<a href=\"https:\/\/www.suno.com.br\/artigos\/nasdaq\/\">NASDAQ<\/a>: AMZN), de Bezos, \u00e9 uma das companhias que tentam travar a autoriza\u00e7\u00e3o.<\/p>\n<p>Musk foi ao Twitter (NASDAQ: TWTR) nesta ter\u00e7a-feira (26) defender que n\u00e3o faz sentido ao interesse p\u00fablico que a FCC proibia os novos sat\u00e9lites da SpaceX de orbitarem por conta dos sat\u00e9lites da <strong>Amazon<\/strong>, que ainda estariam longe de ser lan\u00e7ados.<\/p>\n<blockquote class=\"twitter-tweet\">\n<p dir=\"ltr\" lang=\"en\">It does not serve the public to hamstring Starlink today for an Amazon satellite system that is at best several years away from operation<\/p>\n<p>\u2014 Elon Musk (@elonmusk) <a href=\"https:\/\/twitter.com\/elonmusk\/status\/1354018055014260738?ref_src=twsrc%5Etfw\">January 26, 2021<\/a><\/p><\/blockquote>\n<p><script async src=\"https:\/\/platform.twitter.com\/widgets.js\" charset=\"utf-8\"><\/script><\/p>\n<p><a href=\"https:\/\/lp.suno.com.br\/suno-one\/\"><span style=\"font-weight: 400;\">Suno One: acesse gratuitamente eBooks, Minicursos, Artigos e Video Aulas sobre investimentos com um \u00fanico cadastro. Clique para saber mais!<\/span><\/a><\/p>\n<h2>Starlink, de Musk, j\u00e1 come\u00e7ou a funcionar em modo beta<\/h2>\n<p>A <strong>Starlink<\/strong> \u00e9 o projeto ambicioso da SpaceX que visa a constru\u00e7\u00e3o de uma internet super conectada e de alta velocidade em qualquer lugar do mundo atrav\u00e9s de 12 mil sat\u00e9lites. At\u00e9 agora, a companhia de Musk j\u00e1 tem mais de mil sat\u00e9lites em \u00f3rbita.<\/p>\n<p>Os primeiros planos beta da Starlink j\u00e1 est\u00e3o dispon\u00edveis nos Estados Unidos, no Reino Unido e no Canad\u00e1 ao pre\u00e7o de US$ 99 por m\u00eas, sendo necess\u00e1rio, al\u00e9m disso, mais US$ 499 para adquirir o &#8220;kit Starlink&#8221;, que conta com um terminal de usu\u00e1rio e com um roteador Wi-Fi.<\/p>\n<p><span style=\"font-weight: 400;\">\t<p>\n\t\t<a href=\"https:\/\/lp.suno.com.br\/ebook-como-analisar-uma-acao\/\" target=\"_blank\" data-element=\"shortcode-suno-banner\" title=\"Banner SUNO, clique e saiba mais\">\n\t\t\t<picture>\n\t\t\t\t<source media=\"(max-width: 500px)\" srcset=\"https:\/\/files.sunoresearch.com.br\/n\/uploads\/2023\/03\/Ebook-Acoes-Mobile.jpg\">\n\t\t\t\t<img class=\"newsContent__article__imgCapa newsContent__article__imgCapa--banner\"\n\t\t\t\t\tsrc=\"https:\/\/files.sunoresearch.com.br\/n\/uploads\/2023\/03\/Ebook-Acoes-Desktop.jpg\"\n\t\t\t\t\tdata-promo-id=\"378302\"\t\t\t\t\t\t\t\t\t\twidth='1420' height='286'\t\t\t\t\talt=\"https:\/\/files.sunoresearch.com.br\/n\/uploads\/2023\/03\/Ebook-Acoes-Desktop.jpg\"\n\t\t\t\t>\n\t\t\t<\/picture>\n\t\t<\/a>\n\t<\/p>\n\n<\/span><\/p>\n<p>A rede de sat\u00e9lites da super <strong>internet<\/strong> de Elon Musk deve custar mais de US$ 10 bilh\u00f5es. Apesar disso, executivos da SpaceX esperam que o projeto gere uma receita de at\u00e9 US$ 30 bilh\u00f5es por ano. O aguardado \u00e9 que a Starlink comece a ser oferecida em mais pa\u00edses em breve e o Brasil, inclusive, est\u00e1 na lista de na\u00e7\u00f5es nas quais o servi\u00e7o j\u00e1 foi registrado.<\/p>\n<p>J\u00e1 a Amazon, de <strong>Jeff Bezos<\/strong>, trabalha no Project Kuiper, um sistema concorrente da Starlink que prev\u00ea o lan\u00e7amento de mais de tr\u00eas mil sat\u00e9lites que orbitar\u00e3o mais pr\u00f3ximos da atmosfera terrestre. Apesar de estar desenvolvendo as antenas e hardwares, a companhia de Bezos ainda n\u00e3o produziu ou lan\u00e7ou sat\u00e9lites.<\/p>\n<p>A FCC, ag\u00eancia reguladora das comunica\u00e7\u00f5es nos Estados Unidos, autorizou a proposta da Amazon de investir US$ 10 bilh\u00f5es no neg\u00f3cio. A SpaceX, de <strong>Musk<\/strong>, luta agora para tamb\u00e9m ter direito de colocar seus sat\u00e9lites mais pr\u00f3ximos da Terra.<\/p>\n<p><span style=\"font-weight: 400;\">\u00a0\t<p>\n\t\t<a href=\"https:\/\/lp.suno.com.br\/planilha-de-controle-de-investimentos\/\" target=\"_blank\" data-element=\"shortcode-suno-banner\" title=\"Banner SUNO, clique e saiba mais\">\n\t\t\t<picture>\n\t\t\t\t<source media=\"(max-width: 500px)\" srcset=\"https:\/\/files.sunoresearch.com.br\/n\/uploads\/2023\/03\/400x300-Controle-de-Investimentos.png\">\n\t\t\t\t<img class=\"newsContent__article__imgCapa newsContent__article__imgCapa--banner\"\n\t\t\t\t\tsrc=\"https:\/\/files.sunoresearch.com.br\/n\/uploads\/2023\/03\/1420x240-Controle-de-Investimentos.png\"\n\t\t\t\t\tdata-promo-id=\"75934\"\t\t\t\t\t\t\t\t\t\twidth='1420' height='240'\t\t\t\t\talt=\"https:\/\/files.sunoresearch.com.br\/n\/uploads\/2023\/03\/1420x240-Controle-de-Investimentos.png\"\n\t\t\t\t>\n\t\t\t<\/picture>\n\t\t<\/a>\n\t<\/p>\n\n<\/span><\/p>\n","protected":false},"excerpt":{"rendered":"<p>Elon Musk, o homem mais rico do mundo, e Jeff Bezos, atual n\u00famero dois da lista, est\u00e3o batalhando na Comiss\u00e3o Federal de Comunica\u00e7\u00e3o americana (FCC) a respeito dos seus dois ambiciosos projetos de internet via sat\u00e9lite. Elon Musk teria desviado recursos da Tesla e outras empresas para o Twitter. Foto: divulga\u00e7\u00e3o A SpaceX, de Musk, [&hellip;]<\/p>\n","protected":false},"author":59,"featured_media":116078,"comment_status":"closed","ping_status":"closed","sticky":false,"template":"","format":"standard","meta":[],"categories":[64],"tags":[694,726,1650,695,970],"suno_strategy":[],"class_list":["post-116043","post","type-post","status-publish","format-standard","has-post-thumbnail","hentry","category-negocios","tag-amazon-amzo34","tag-elon-musk","tag-internet","tag-jeff-bezos","tag-spacex"],"yoast_head":"<!-- This site is optimized with the Yoast SEO plugin v24.4 - https:\/\/yoast.com\/wordpress\/plugins\/seo\/ -->\n<title>Elon Musk e Jeff Bezos batalham por sat\u00e9lites de internet &quot;ultra r\u00e1pida&quot;<\/title>\n<meta name=\"description\" content=\"Elon Musk e Jeff Bezos batalham na Comiss\u00e3o Federal de Comunica\u00e7\u00e3o americana (FCC) por &quot;super internet&quot;. Clique aqui para saber mais.\" \/>\n<meta name=\"robots\" content=\"index, follow, max-snippet:-1, max-image-preview:large, max-video-preview:-1\" \/>\n<link rel=\"canonical\" href=\"https:\/\/www.suno.com.br\/noticias\/musk-bezos-batalha-super-internet\/\" \/>\n<meta property=\"og:locale\" content=\"pt_BR\" \/>\n<meta property=\"og:type\" content=\"article\" \/>\n<meta property=\"og:title\" content=\"Elon Musk e Jeff Bezos batalham por sat\u00e9lites de internet &quot;ultra r\u00e1pida&quot;\" \/>\n<meta property=\"og:description\" content=\"Elon Musk e Jeff Bezos batalham na Comiss\u00e3o Federal de Comunica\u00e7\u00e3o americana (FCC) por &quot;super internet&quot;. Clique aqui para saber mais.\" \/>\n<meta property=\"og:url\" content=\"https:\/\/www.suno.com.br\/noticias\/musk-bezos-batalha-super-internet\/\" \/>\n<meta property=\"og:site_name\" content=\"Suno Not\u00edcias\" \/>\n<meta property=\"article:publisher\" content=\"https:\/\/facebook.com\/sunoresearch\" \/>\n<meta property=\"og:image\" content=\"https:\/\/files.sunoresearch.com.br\/n\/uploads\/2021\/01\/ee6838c3-musk.jpg\" \/>\n\t<meta property=\"og:image:width\" content=\"2048\" \/>\n\t<meta property=\"og:image:height\" content=\"1445\" \/>\n\t<meta property=\"og:image:type\" content=\"image\/jpeg\" \/>\n<meta name=\"author\" content=\"Vitor Azevedo\" \/>\n<meta name=\"twitter:card\" content=\"summary_large_image\" \/>\n<meta name=\"twitter:creator\" content=\"@sunoresearch\" \/>\n<meta name=\"twitter:site\" content=\"@sunoresearch\" \/>\n<meta name=\"twitter:label1\" content=\"Escrito por\" \/>\n\t<meta name=\"twitter:data1\" content=\"Vitor Azevedo\" \/>\n\t<meta name=\"twitter:label2\" content=\"Est. tempo de leitura\" \/>\n\t<meta name=\"twitter:data2\" content=\"2 minutos\" \/>\n<script type=\"application\/ld+json\" class=\"yoast-schema-graph\">{\"@context\":\"https:\/\/schema.org\",\"@graph\":[{\"@type\":\"NewsArticle\",\"@id\":\"https:\/\/www.suno.com.br\/noticias\/musk-bezos-batalha-super-internet\/#article\",\"isPartOf\":{\"@id\":\"https:\/\/www.suno.com.br\/noticias\/musk-bezos-batalha-super-internet\/\"},\"author\":{\"name\":\"Vitor Azevedo\",\"@id\":\"https:\/\/www.suno.com.br\/noticias\/#\/schema\/person\/658d5fbc74d81f265f5df3562d0038ab\"},\"headline\":\"Elon Musk e Jeff Bezos travam batalha por conta de sat\u00e9lites de internet ultra r\u00e1pida\",\"datePublished\":\"2021-01-26T17:48:21+00:00\",\"dateModified\":\"2021-01-26T17:53:28+00:00\",\"mainEntityOfPage\":{\"@id\":\"https:\/\/www.suno.com.br\/noticias\/musk-bezos-batalha-super-internet\/\"},\"wordCount\":504,\"publisher\":{\"@id\":\"https:\/\/www.suno.com.br\/noticias\/#organization\"},\"image\":{\"@id\":\"https:\/\/www.suno.com.br\/noticias\/musk-bezos-batalha-super-internet\/#primaryimage\"},\"thumbnailUrl\":\"https:\/\/files.sunoresearch.com.br\/n\/uploads\/2021\/01\/ee6838c3-musk-jpg.webp\",\"keywords\":[\"Amazon (AMZO34)\",\"Elon Musk\",\"internet\",\"Jeff Bezos\",\"SpaceX\"],\"articleSection\":[\"Neg\u00f3cios\"],\"inLanguage\":\"pt-BR\"},{\"@type\":\"WebPage\",\"@id\":\"https:\/\/www.suno.com.br\/noticias\/musk-bezos-batalha-super-internet\/\",\"url\":\"https:\/\/www.suno.com.br\/noticias\/musk-bezos-batalha-super-internet\/\",\"name\":\"Elon Musk e Jeff Bezos batalham por sat\u00e9lites de internet \\\"ultra r\u00e1pida\\\"\",\"isPartOf\":{\"@id\":\"https:\/\/www.suno.com.br\/noticias\/#website\"},\"primaryImageOfPage\":{\"@id\":\"https:\/\/www.suno.com.br\/noticias\/musk-bezos-batalha-super-internet\/#primaryimage\"},\"image\":{\"@id\":\"https:\/\/www.suno.com.br\/noticias\/musk-bezos-batalha-super-internet\/#primaryimage\"},\"thumbnailUrl\":\"https:\/\/files.sunoresearch.com.br\/n\/uploads\/2021\/01\/ee6838c3-musk-jpg.webp\",\"datePublished\":\"2021-01-26T17:48:21+00:00\",\"dateModified\":\"2021-01-26T17:53:28+00:00\",\"description\":\"Elon Musk e Jeff Bezos batalham na Comiss\u00e3o Federal de Comunica\u00e7\u00e3o americana (FCC) por \\\"super internet\\\". Clique aqui para saber mais.\",\"breadcrumb\":{\"@id\":\"https:\/\/www.suno.com.br\/noticias\/musk-bezos-batalha-super-internet\/#breadcrumb\"},\"inLanguage\":\"pt-BR\",\"potentialAction\":[{\"@type\":\"ReadAction\",\"target\":[\"https:\/\/www.suno.com.br\/noticias\/musk-bezos-batalha-super-internet\/\"]}]},{\"@type\":\"ImageObject\",\"inLanguage\":\"pt-BR\",\"@id\":\"https:\/\/www.suno.com.br\/noticias\/musk-bezos-batalha-super-internet\/#primaryimage\",\"url\":\"https:\/\/files.sunoresearch.com.br\/n\/uploads\/2021\/01\/ee6838c3-musk-jpg.webp\",\"contentUrl\":\"https:\/\/files.sunoresearch.com.br\/n\/uploads\/2021\/01\/ee6838c3-musk-jpg.webp\",\"width\":2048,\"height\":1445,\"caption\":\"Elon Musk teria desviado recursos da Tesla e outras empresas para o Twitter. Foto: divulga\u00e7\u00e3o\"},{\"@type\":\"BreadcrumbList\",\"@id\":\"https:\/\/www.suno.com.br\/noticias\/musk-bezos-batalha-super-internet\/#breadcrumb\",\"itemListElement\":[{\"@type\":\"ListItem\",\"position\":1,\"name\":\"Not\u00edcias\",\"item\":\"https:\/\/www.suno.com.br\/noticias\/\"},{\"@type\":\"ListItem\",\"position\":2,\"name\":\"Neg\u00f3cios\",\"item\":\"https:\/\/www.suno.com.br\/noticias\/negocios\/\"},{\"@type\":\"ListItem\",\"position\":3,\"name\":\"Elon Musk e Jeff Bezos travam batalha por conta de sat\u00e9lites de internet ultra r\u00e1pida\"}]},{\"@type\":\"WebSite\",\"@id\":\"https:\/\/www.suno.com.br\/noticias\/#website\",\"url\":\"https:\/\/www.suno.com.br\/noticias\/\",\"name\":\"Suno Not\u00edcias\",\"description\":\"Seu portal de informa\u00e7\u00e3o sobre o mundo dos investimentos\",\"publisher\":{\"@id\":\"https:\/\/www.suno.com.br\/noticias\/#organization\"},\"potentialAction\":[{\"@type\":\"SearchAction\",\"target\":{\"@type\":\"EntryPoint\",\"urlTemplate\":\"https:\/\/www.suno.com.br\/noticias\/?s={search_term_string}\"},\"query-input\":{\"@type\":\"PropertyValueSpecification\",\"valueRequired\":true,\"valueName\":\"search_term_string\"}}],\"inLanguage\":\"pt-BR\"},{\"@type\":\"Organization\",\"@id\":\"https:\/\/www.suno.com.br\/noticias\/#organization\",\"name\":\"Suno Not\u00edcias\",\"url\":\"https:\/\/www.suno.com.br\/noticias\/\",\"logo\":{\"@type\":\"ImageObject\",\"inLanguage\":\"pt-BR\",\"@id\":\"https:\/\/www.suno.com.br\/noticias\/#\/schema\/logo\/image\/\",\"url\":\"https:\/\/files.sunoresearch.com.br\/n\/uploads\/2021\/09\/suno-logo.png\",\"contentUrl\":\"https:\/\/files.sunoresearch.com.br\/n\/uploads\/2021\/09\/suno-logo.png\",\"width\":180,\"height\":180,\"caption\":\"Suno Not\u00edcias\"},\"image\":{\"@id\":\"https:\/\/www.suno.com.br\/noticias\/#\/schema\/logo\/image\/\"},\"sameAs\":[\"https:\/\/facebook.com\/sunoresearch\",\"https:\/\/x.com\/sunoresearch\",\"https:\/\/www.instagram.com\/suno\",\"https:\/\/www.linkedin.com\/company\/suno-research\/\",\"https:\/\/www.youtube.com\/c\/sunoresearch\"]},{\"@type\":\"Person\",\"@id\":\"https:\/\/www.suno.com.br\/noticias\/#\/schema\/person\/658d5fbc74d81f265f5df3562d0038ab\",\"name\":\"Vitor Azevedo\",\"image\":{\"@type\":\"ImageObject\",\"inLanguage\":\"pt-BR\",\"@id\":\"https:\/\/www.suno.com.br\/noticias\/#\/schema\/person\/image\/\",\"url\":\"https:\/\/secure.gravatar.com\/avatar\/62b86195291b446fe380824eb28b99a5?s=96&r=g\",\"contentUrl\":\"https:\/\/secure.gravatar.com\/avatar\/62b86195291b446fe380824eb28b99a5?s=96&r=g\",\"caption\":\"Vitor Azevedo\"},\"description\":\"Formado em jornalismo pela Unesp, escreve sobre economia e neg\u00f3cios para a Suno Not\u00edcias.\",\"url\":\"https:\/\/www.suno.com.br\/noticias\/author\/vitor-azevedo\/\"}]}<\/script>\n<!-- \/ Yoast SEO plugin. -->","yoast_head_json":{"title":"Elon Musk e Jeff Bezos batalham por sat\u00e9lites de internet \"ultra r\u00e1pida\"","description":"Elon Musk e Jeff Bezos batalham na Comiss\u00e3o Federal de Comunica\u00e7\u00e3o americana (FCC) por \"super internet\". Clique aqui para saber mais.","robots":{"index":"index","follow":"follow","max-snippet":"max-snippet:-1","max-image-preview":"max-image-preview:large","max-video-preview":"max-video-preview:-1"},"canonical":"https:\/\/www.suno.com.br\/noticias\/musk-bezos-batalha-super-internet\/","og_locale":"pt_BR","og_type":"article","og_title":"Elon Musk e Jeff Bezos batalham por sat\u00e9lites de internet \"ultra r\u00e1pida\"","og_description":"Elon Musk e Jeff Bezos batalham na Comiss\u00e3o Federal de Comunica\u00e7\u00e3o americana (FCC) por \"super internet\". Clique aqui para saber mais.","og_url":"https:\/\/www.suno.com.br\/noticias\/musk-bezos-batalha-super-internet\/","og_site_name":"Suno Not\u00edcias","article_publisher":"https:\/\/facebook.com\/sunoresearch","og_image":[{"width":2048,"height":1445,"url":"https:\/\/files.sunoresearch.com.br\/n\/uploads\/2021\/01\/ee6838c3-musk.jpg","type":"image\/jpeg"}],"author":"Vitor Azevedo","twitter_card":"summary_large_image","twitter_creator":"@sunoresearch","twitter_site":"@sunoresearch","twitter_misc":{"Escrito por":"Vitor Azevedo","Est. tempo de leitura":"2 minutos"},"schema":{"@context":"https:\/\/schema.org","@graph":[{"@type":"NewsArticle","@id":"https:\/\/www.suno.com.br\/noticias\/musk-bezos-batalha-super-internet\/#article","isPartOf":{"@id":"https:\/\/www.suno.com.br\/noticias\/musk-bezos-batalha-super-internet\/"},"author":{"name":"Vitor Azevedo","@id":"https:\/\/www.suno.com.br\/noticias\/#\/schema\/person\/658d5fbc74d81f265f5df3562d0038ab"},"headline":"Elon Musk e Jeff Bezos travam batalha por conta de sat\u00e9lites de internet ultra r\u00e1pida","datePublished":"2021-01-26T17:48:21+00:00","dateModified":"2021-01-26T17:53:28+00:00","mainEntityOfPage":{"@id":"https:\/\/www.suno.com.br\/noticias\/musk-bezos-batalha-super-internet\/"},"wordCount":504,"publisher":{"@id":"https:\/\/www.suno.com.br\/noticias\/#organization"},"image":{"@id":"https:\/\/www.suno.com.br\/noticias\/musk-bezos-batalha-super-internet\/#primaryimage"},"thumbnailUrl":"https:\/\/files.sunoresearch.com.br\/n\/uploads\/2021\/01\/ee6838c3-musk-jpg.webp","keywords":["Amazon (AMZO34)","Elon Musk","internet","Jeff Bezos","SpaceX"],"articleSection":["Neg\u00f3cios"],"inLanguage":"pt-BR"},{"@type":"WebPage","@id":"https:\/\/www.suno.com.br\/noticias\/musk-bezos-batalha-super-internet\/","url":"https:\/\/www.suno.com.br\/noticias\/musk-bezos-batalha-super-internet\/","name":"Elon Musk e Jeff Bezos batalham por sat\u00e9lites de internet \"ultra r\u00e1pida\"","isPartOf":{"@id":"https:\/\/www.suno.com.br\/noticias\/#website"},"primaryImageOfPage":{"@id":"https:\/\/www.suno.com.br\/noticias\/musk-bezos-batalha-super-internet\/#primaryimage"},"image":{"@id":"https:\/\/www.suno.com.br\/noticias\/musk-bezos-batalha-super-internet\/#primaryimage"},"thumbnailUrl":"https:\/\/files.sunoresearch.com.br\/n\/uploads\/2021\/01\/ee6838c3-musk-jpg.webp","datePublished":"2021-01-26T17:48:21+00:00","dateModified":"2021-01-26T17:53:28+00:00","description":"Elon Musk e Jeff Bezos batalham na Comiss\u00e3o Federal de Comunica\u00e7\u00e3o americana (FCC) por \"super internet\". Clique aqui para saber mais.","breadcrumb":{"@id":"https:\/\/www.suno.com.br\/noticias\/musk-bezos-batalha-super-internet\/#breadcrumb"},"inLanguage":"pt-BR","potentialAction":[{"@type":"ReadAction","target":["https:\/\/www.suno.com.br\/noticias\/musk-bezos-batalha-super-internet\/"]}]},{"@type":"ImageObject","inLanguage":"pt-BR","@id":"https:\/\/www.suno.com.br\/noticias\/musk-bezos-batalha-super-internet\/#primaryimage","url":"https:\/\/files.sunoresearch.com.br\/n\/uploads\/2021\/01\/ee6838c3-musk-jpg.webp","contentUrl":"https:\/\/files.sunoresearch.com.br\/n\/uploads\/2021\/01\/ee6838c3-musk-jpg.webp","width":2048,"height":1445,"caption":"Elon Musk teria desviado recursos da Tesla e outras empresas para o Twitter. Foto: divulga\u00e7\u00e3o"},{"@type":"BreadcrumbList","@id":"https:\/\/www.suno.com.br\/noticias\/musk-bezos-batalha-super-internet\/#breadcrumb","itemListElement":[{"@type":"ListItem","position":1,"name":"Not\u00edcias","item":"https:\/\/www.suno.com.br\/noticias\/"},{"@type":"ListItem","position":2,"name":"Neg\u00f3cios","item":"https:\/\/www.suno.com.br\/noticias\/negocios\/"},{"@type":"ListItem","position":3,"name":"Elon Musk e Jeff Bezos travam batalha por conta de sat\u00e9lites de internet ultra r\u00e1pida"}]},{"@type":"WebSite","@id":"https:\/\/www.suno.com.br\/noticias\/#website","url":"https:\/\/www.suno.com.br\/noticias\/","name":"Suno Not\u00edcias","description":"Seu portal de informa\u00e7\u00e3o sobre o mundo dos investimentos","publisher":{"@id":"https:\/\/www.suno.com.br\/noticias\/#organization"},"potentialAction":[{"@type":"SearchAction","target":{"@type":"EntryPoint","urlTemplate":"https:\/\/www.suno.com.br\/noticias\/?s={search_term_string}"},"query-input":{"@type":"PropertyValueSpecification","valueRequired":true,"valueName":"search_term_string"}}],"inLanguage":"pt-BR"},{"@type":"Organization","@id":"https:\/\/www.suno.com.br\/noticias\/#organization","name":"Suno Not\u00edcias","url":"https:\/\/www.suno.com.br\/noticias\/","logo":{"@type":"ImageObject","inLanguage":"pt-BR","@id":"https:\/\/www.suno.com.br\/noticias\/#\/schema\/logo\/image\/","url":"https:\/\/files.sunoresearch.com.br\/n\/uploads\/2021\/09\/suno-logo.png","contentUrl":"https:\/\/files.sunoresearch.com.br\/n\/uploads\/2021\/09\/suno-logo.png","width":180,"height":180,"caption":"Suno Not\u00edcias"},"image":{"@id":"https:\/\/www.suno.com.br\/noticias\/#\/schema\/logo\/image\/"},"sameAs":["https:\/\/facebook.com\/sunoresearch","https:\/\/x.com\/sunoresearch","https:\/\/www.instagram.com\/suno","https:\/\/www.linkedin.com\/company\/suno-research\/","https:\/\/www.youtube.com\/c\/sunoresearch"]},{"@type":"Person","@id":"https:\/\/www.suno.com.br\/noticias\/#\/schema\/person\/658d5fbc74d81f265f5df3562d0038ab","name":"Vitor Azevedo","image":{"@type":"ImageObject","inLanguage":"pt-BR","@id":"https:\/\/www.suno.com.br\/noticias\/#\/schema\/person\/image\/","url":"https:\/\/secure.gravatar.com\/avatar\/62b86195291b446fe380824eb28b99a5?s=96&r=g","contentUrl":"https:\/\/secure.gravatar.com\/avatar\/62b86195291b446fe380824eb28b99a5?s=96&r=g","caption":"Vitor Azevedo"},"description":"Formado em jornalismo pela Unesp, escreve sobre economia e neg\u00f3cios para a Suno Not\u00edcias.","url":"https:\/\/www.suno.com.br\/noticias\/author\/vitor-azevedo\/"}]}},"default_loop_html":"<div class=\"cardsPage__listCard__boxs\"><div class=\"cardsPage__listCard__boxs__img\"><a href=\"https:\/\/www.suno.com.br\/noticias\/musk-bezos-batalha-super-internet\/\"><img class=\"mask\" src=\"https:\/\/www.suno.com.br\/noticias\/wp-content\/themes\/suno\/resources\/images\/spotlight\/spotlight1img\/bg-mask.png\" alt=\"Image Mask\"\/><img src=\"https:\/\/files.sunoresearch.com.br\/n\/uploads\/2021\/01\/ee6838c3-musk-400x200.webp\" alt=\"Elon Musk e Jeff Bezos travam batalha por conta de sat\u00e9lites de internet ultra r\u00e1pida\"\/><\/a><span class=\"spotlightCategory\"><a href=\"https:\/\/www.suno.com.br\/noticias\/negocios\/\">Neg\u00f3cios<\/a><\/span><\/div><div class=\"cardsPage__listCard__boxs__content\"><a href=\"https:\/\/www.suno.com.br\/noticias\/musk-bezos-batalha-super-internet\/\"><h2 class=\"content__title\">Elon Musk e Jeff Bezos travam batalha por conta de sat\u00e9lites de internet ultra r\u00e1pida<\/h2><\/a><div class=\"newsContent__article__meta\"><div class=\"newsContent__article__meta__authorBox\"><a href=\"https:\/\/www.suno.com.br\/noticias\/author\/vitor-azevedo\/\" class=\"authorBox__avatar noMobi\"><img src=\"https:\/\/secure.gravatar.com\/avatar\/62b86195291b446fe380824eb28b99a5?s=96&#038;r=g\" alt=\"Vitor Azevedo\"><\/a><div class=\"authorBox__name\"><span>por\n\t\t\t<a href=\"https:\/\/www.suno.com.br\/noticias\/author\/vitor-azevedo\/\"><span itemprop=\"author\">Vitor Azevedo<\/span><\/a><\/span><time datetime=\"2021-01-26T14:48:21-03:00\" itemprop=\"datePublished\">26\/01\/2021 14:48<\/time><\/div><\/div><\/div><\/div><\/div>","single_layout":"posts","amp_enabled":true,"_links":{"self":[{"href":"https:\/\/www.suno.com.br\/noticias\/wp-json\/wp\/v2\/posts\/116043"}],"collection":[{"href":"https:\/\/www.suno.com.br\/noticias\/wp-json\/wp\/v2\/posts"}],"about":[{"href":"https:\/\/www.suno.com.br\/noticias\/wp-json\/wp\/v2\/types\/post"}],"author":[{"embeddable":true,"href":"https:\/\/www.suno.com.br\/noticias\/wp-json\/wp\/v2\/users\/59"}],"replies":[{"embeddable":true,"href":"https:\/\/www.suno.com.br\/noticias\/wp-json\/wp\/v2\/comments?post=116043"}],"version-history":[{"count":0,"href":"https:\/\/www.suno.com.br\/noticias\/wp-json\/wp\/v2\/posts\/116043\/revisions"}],"wp:featuredmedia":[{"embeddable":true,"href":"https:\/\/www.suno.com.br\/noticias\/wp-json\/wp\/v2\/media\/116078"}],"wp:attachment":[{"href":"https:\/\/www.suno.com.br\/noticias\/wp-json\/wp\/v2\/media?parent=116043"}],"wp:term":[{"taxonomy":"category","embeddable":true,"href":"https:\/\/www.suno.com.br\/noticias\/wp-json\/wp\/v2\/categories?post=116043"},{"taxonomy":"post_tag","embeddable":true,"href":"https:\/\/www.suno.com.br\/noticias\/wp-json\/wp\/v2\/tags?post=116043"},{"taxonomy":"suno_strategy","embeddable":true,"href":"https:\/\/www.suno.com.br\/noticias\/wp-json\/wp\/v2\/suno_strategy?post=116043"}],"curies":[{"name":"wp","href":"https:\/\/api.w.org\/{rel}","templated":true}]}}