{"id":115766,"date":"2021-01-24T15:18:26","date_gmt":"2021-01-24T18:18:26","guid":{"rendered":"https:\/\/www.suno.com.br\/noticias\/?p=115766"},"modified":"2021-01-24T15:18:26","modified_gmt":"2021-01-24T18:18:26","slug":"fiocruz-astrazeneca-negociam-15-milhoes-vacina","status":"publish","type":"post","link":"https:\/\/www.suno.com.br\/noticias\/fiocruz-astrazeneca-negociam-15-milhoes-vacina\/","title":{"rendered":"Fiocruz e AstraZeneca negociam lote de 15 milh\u00f5es de doses da vacina"},"content":{"rendered":"<p>Segundo a presidente da Funda\u00e7\u00e3o Oswaldo Cruz (Fiocruz), N\u00edsia Trindade, a institui\u00e7\u00e3o negocia a aquisi\u00e7\u00e3o de mais 15 milh\u00f5es de doses da <strong>vacina<\/strong> da AstraZeneca-Oxford contra o <a href=\"https:\/\/www.suno.com.br\/noticias\/search\/coronav%C3%ADrus\">novo coronav\u00edrus (Covid-19)<\/a>. A informa\u00e7\u00e3o foi revelada em entrevista \u00e0 imprensa no \u00faltimo s\u00e1bado (23).<\/p>\t<div class=\"wrapper-featured-image\">\n\t\t<figure class=\"spotlightImg\">\n\n\t\t\t<picture>\n\t\t\t\t<source media=\"(max-width: 768px)\" srcset=\"https:\/\/files.sunoresearch.com.br\/n\/uploads\/2021\/01\/5366ce6b-24fev2016-sede-da-fiocruz-no-rio-de-janeiro-1559699851311_v2_1920x1277-400x200.webp\">\n\t\t\t\t<img loading=\"lazy\" decoding=\"async\" class=\"newsContent__article__imgCapa lazyloadDisabled \" src=\"https:\/\/files.sunoresearch.com.br\/n\/uploads\/2021\/01\/5366ce6b-24fev2016-sede-da-fiocruz-no-rio-de-janeiro-1559699851311_v2_1920x1277-800x450.webp\" width=\"800\" height=\"450\" alt=\"Fiocruz e AstraZeneca negociam lote de 15 milh\u00f5es de doses da vacina\" fetchpriority=high \/>\n\t\t\t<\/picture>\n\n\t\t\t<figcaption class=\"wp-caption-text wp-caption-text--show\">Sede da Fiocruz, no Rio de Janeiro. Funda\u00e7\u00e3o procura adquirir novas doses da vacina da AstraZeneca. <\/figcaption>\n\t\t<\/figure>\n\t<\/div>\n\n\n\t<p>\n\t\t<a href=\"https:\/\/lp.suno.com.br\/planilha-controle-gastos\/\" target=\"_blank\" data-element=\"shortcode-suno-banner\" title=\"Banner SUNO, clique e saiba mais\">\n\t\t\t<picture>\n\t\t\t\t<source media=\"(max-width: 500px)\" srcset=\"https:\/\/files.sunoresearch.com.br\/n\/uploads\/2023\/03\/400x300-Planilha-controle-de-gastos.png\">\n\t\t\t\t<img class=\"newsContent__article__imgCapa newsContent__article__imgCapa--banner\"\n\t\t\t\t\tsrc=\"https:\/\/files.sunoresearch.com.br\/n\/uploads\/2023\/03\/1420x240-Planilha-controle-de-gastos.png\"\n\t\t\t\t\tdata-promo-id=\"101751\"\t\t\t\t\t\t\t\t\t\twidth='1420' height='240'\t\t\t\t\talt=\"https:\/\/files.sunoresearch.com.br\/n\/uploads\/2023\/03\/1420x240-Planilha-controle-de-gastos.png\"\n\t\t\t\t>\n\t\t\t<\/picture>\n\t\t<\/a>\n\t<\/p>\n\n\n<p>As doses, que chegariam prontas, garantiriam a aplica\u00e7\u00e3o da vacina at\u00e9 que chegue ao Brasil o <strong>Ingrediente Farmac\u00eautico Ativo (IFA)<\/strong>, o que permitir\u00e1 a produ\u00e7\u00e3o dos medicamentos em BioManguinhos, da <strong>Fiocruz<\/strong>.<\/p>\n<p>\u201cAt\u00e9 que esse <em>gap<\/em> possa ser superado sempre com o objetivo de trazer de forma mais r\u00e1pida poss\u00edvel a vacina para nossa popula\u00e7\u00e3o e tamb\u00e9m de come\u00e7ar a produzir o mais r\u00e1pido poss\u00edvel\u201d, afirmou Trindade. O lote de 2 milh\u00f5es de doses da vacina da <strong>AstraZeneca<\/strong>, que chegou ao Pa\u00eds na \u00faltima sexta-feira (22), teve o in\u00edcio da distribui\u00e7\u00e3o no s\u00e1bado. As doses vieram da \u00cdndia.<\/p>\n<p><a href=\"https:\/\/lp.suno.com.br\/suno-one\/\"><span style=\"font-weight: 400;\">Suno One: acesse gratuitamente eBooks, Minicursos, Artigos e Video Aulas sobre investimentos com um \u00fanico cadastro. Clique para saber mais!<\/span><\/a><\/p>\n<p>Segundo a presidente da Funda\u00e7\u00e3o, as medidas est\u00e3o sendo estabelecidas no contrato de encomenda e tecnologia, al\u00e9m do memorando de acordo geral da AstraZeneca para encomenda e depois da transfer\u00eancia de tecnologia, quando todas as etapas ser\u00e3o realizadas em <strong>BioManguinhos<\/strong>.<\/p>\n<p>\u201cIsso tudo \u00e9 contratual. Estaremos recebendo inicialmente 15 milh\u00f5es de doses\u201d, afirmou, conclu\u00edndo ao dizer que h\u00e1 um aceno da biofarmac\u00eautica para antecipar os envios posteriores, que podem chegar a 110,4 milh\u00f5es de doses do imunizante.<\/p>\n\t<p>\n\t\t<a href=\"https:\/\/lp.suno.com.br\/ebook-como-analisar-uma-acao\/\" target=\"_blank\" data-element=\"shortcode-suno-banner\" title=\"Banner SUNO, clique e saiba mais\">\n\t\t\t<picture>\n\t\t\t\t<source media=\"(max-width: 500px)\" srcset=\"https:\/\/files.sunoresearch.com.br\/n\/uploads\/2023\/03\/Ebook-Acoes-Mobile.jpg\">\n\t\t\t\t<img class=\"newsContent__article__imgCapa newsContent__article__imgCapa--banner\"\n\t\t\t\t\tsrc=\"https:\/\/files.sunoresearch.com.br\/n\/uploads\/2023\/03\/Ebook-Acoes-Desktop.jpg\"\n\t\t\t\t\tdata-promo-id=\"378302\"\t\t\t\t\t\t\t\t\t\twidth='1420' height='286'\t\t\t\t\talt=\"https:\/\/files.sunoresearch.com.br\/n\/uploads\/2023\/03\/Ebook-Acoes-Desktop.jpg\"\n\t\t\t\t>\n\t\t\t<\/picture>\n\t\t<\/a>\n\t<\/p>\n\n\n<p>Segundo o diretor de BioManguinhos, <strong>Maur\u00edcio Zuma<\/strong>, o contrato com a AstraZeneca estabelece que a Fiocruz vai receber, mensalmente, insumos referentes a 15 milh\u00f5es de doses em dois lotes equivalentes a 7,5 milh\u00f5es de vacinas, com intervalo de duas semanas em cada lote.<\/p>\n<h2>Entrega da vacina da \u00cdndia atrasou<\/h2>\n<p>Na \u00faltima quarta-feira (20), o ministro das <strong>Rela\u00e7\u00f5es Exteriores<\/strong> brasileiro, Ernesto Ara\u00fajo, negou que problemas pol\u00edticos e diplom\u00e1ticos estivessem causando o atraso da entrega da vacina vinda da \u00cdndia. Inicialmente, a entrega estava prevista para o \u00faltimo domingo (17).<\/p>\n\t<div data-element=\"shortcode-read-more\" class=\"knowMore\">\n\t\t\t\t<span class=\"knowMore__title\">Confira<\/span>\n\t\t\t\t<a class=\"knowMore__link\" href=\"https:\/\/www.suno.com.br\/noticias\/bill-gates-recebe-primeira-dose-da-vacina-e-diz-que-e-beneficio-de-ter-65-anos\/\">\n\t\t\tBill Gates recebe primeira dose da vacina e diz que \u00e9 &quot;benef\u00edcio de ter 65 anos&quot;\t\t<\/a>\n\t<\/div>\n\n\n<p>O governo indiano havia suspendido as exporta\u00e7\u00f5es comerciais da vacina at\u00e9 iniciar seu pr\u00f3prio programa nacional de vacina\u00e7\u00e3o, no final da semana passada.<\/p>\n<p>O imunizante da AstraZeneca-Oxford far\u00e1 parte do Plano Nacional de Imuniza\u00e7\u00e3o,<a href=\"https:\/\/www.suno.com.br\/noticias\/butantan-registro-40-milhoes-coronavac-anvisa\/\"> que come\u00e7ou no dia 17, em S\u00e3o Paulo, com 6 milh\u00f5es de doses da <strong>CoronaVac<\/strong><\/a>. Na sexta, outras 4,8 milh\u00f5es de doses da CoronaVac foram aprovadas para uso emergencial no pa\u00eds.<\/p>\n<p>O infectologista do Instituto Nacional de Infectologia Evandro Chagas, Estev\u00e3o Portela, foi o primeiro a receber a <strong>vacina <\/strong>da biofarmac\u00eautica no Brasil. A m\u00e9dica pneumologista do Centro de Refer\u00eancia Professor Helio Fraga, da Fiocruz, tamb\u00e9m foi vacinada.<\/p>\n\t<p>\n\t\t<a href=\"https:\/\/lp.suno.com.br\/planilha-de-controle-de-investimentos\/\" target=\"_blank\" data-element=\"shortcode-suno-banner\" title=\"Banner SUNO, clique e saiba mais\">\n\t\t\t<picture>\n\t\t\t\t<source media=\"(max-width: 500px)\" srcset=\"https:\/\/files.sunoresearch.com.br\/n\/uploads\/2023\/03\/400x300-Controle-de-Investimentos.png\">\n\t\t\t\t<img class=\"newsContent__article__imgCapa newsContent__article__imgCapa--banner\"\n\t\t\t\t\tsrc=\"https:\/\/files.sunoresearch.com.br\/n\/uploads\/2023\/03\/1420x240-Controle-de-Investimentos.png\"\n\t\t\t\t\tdata-promo-id=\"75934\"\t\t\t\t\t\t\t\t\t\twidth='1420' height='240'\t\t\t\t\talt=\"https:\/\/files.sunoresearch.com.br\/n\/uploads\/2023\/03\/1420x240-Controle-de-Investimentos.png\"\n\t\t\t\t>\n\t\t\t<\/picture>\n\t\t<\/a>\n\t<\/p>\n\n\n","protected":false},"excerpt":{"rendered":"<p>Segundo a presidente da Funda\u00e7\u00e3o Oswaldo Cruz (Fiocruz), N\u00edsia Trindade, a institui\u00e7\u00e3o negocia a aquisi\u00e7\u00e3o de mais 15 milh\u00f5es de doses da vacina da AstraZeneca-Oxford contra o novo coronav\u00edrus (Covid-19). A informa\u00e7\u00e3o foi revelada em entrevista \u00e0 imprensa no \u00faltimo s\u00e1bado (23). Sede da Fiocruz, no Rio de Janeiro. Funda\u00e7\u00e3o procura adquirir novas doses da [&hellip;]<\/p>\n","protected":false},"author":24,"featured_media":115767,"comment_status":"closed","ping_status":"closed","sticky":false,"template":"","format":"standard","meta":[],"categories":[63],"tags":[51185,2487,104495,25002],"suno_strategy":[],"class_list":["post-115766","post","type-post","status-publish","format-standard","has-post-thumbnail","hentry","category-internacional","tag-astrazeneca","tag-coronavirus","tag-universidade-de-oxford","tag-vacina"],"yoast_head":"<!-- This site is optimized with the Yoast SEO plugin v24.4 - https:\/\/yoast.com\/wordpress\/plugins\/seo\/ -->\n<title>Fiocruz e AstraZeneca negociam lote de 15 milh\u00f5es de doses da vacina<\/title>\n<meta name=\"description\" content=\"Segundo a presidente da Fiocruz, a institui\u00e7\u00e3o negocia a aquisi\u00e7\u00e3o de mais 15 milh\u00f5es de doses da vacina da AstraZeneca-Oxford. Saiba mais.\" \/>\n<meta name=\"robots\" content=\"index, follow, max-snippet:-1, max-image-preview:large, max-video-preview:-1\" \/>\n<link rel=\"canonical\" href=\"https:\/\/www.suno.com.br\/noticias\/fiocruz-astrazeneca-negociam-15-milhoes-vacina\/\" \/>\n<meta property=\"og:locale\" content=\"pt_BR\" \/>\n<meta property=\"og:type\" content=\"article\" \/>\n<meta property=\"og:title\" content=\"Fiocruz e AstraZeneca negociam lote de 15 milh\u00f5es de doses da vacina\" \/>\n<meta property=\"og:description\" content=\"Segundo a presidente da Fiocruz, a institui\u00e7\u00e3o negocia a aquisi\u00e7\u00e3o de mais 15 milh\u00f5es de doses da vacina da AstraZeneca-Oxford. Saiba mais.\" \/>\n<meta property=\"og:url\" content=\"https:\/\/www.suno.com.br\/noticias\/fiocruz-astrazeneca-negociam-15-milhoes-vacina\/\" \/>\n<meta property=\"og:site_name\" content=\"Suno Not\u00edcias\" \/>\n<meta property=\"article:publisher\" content=\"https:\/\/facebook.com\/sunoresearch\" \/>\n<meta property=\"og:image\" content=\"https:\/\/files.sunoresearch.com.br\/n\/uploads\/2021\/01\/5366ce6b-24fev2016-sede-da-fiocruz-no-rio-de-janeiro-1559699851311_v2_1920x1277.jpg\" \/>\n\t<meta property=\"og:image:width\" content=\"1920\" \/>\n\t<meta property=\"og:image:height\" content=\"1277\" \/>\n\t<meta property=\"og:image:type\" content=\"image\/jpeg\" \/>\n<meta name=\"author\" content=\"Jader Lazarini\" \/>\n<meta name=\"twitter:card\" content=\"summary_large_image\" \/>\n<meta name=\"twitter:creator\" content=\"@sunoresearch\" \/>\n<meta name=\"twitter:site\" content=\"@sunoresearch\" \/>\n<meta name=\"twitter:label1\" content=\"Escrito por\" \/>\n\t<meta name=\"twitter:data1\" content=\"Jader Lazarini\" \/>\n\t<meta name=\"twitter:label2\" content=\"Est. tempo de leitura\" \/>\n\t<meta name=\"twitter:data2\" content=\"2 minutos\" \/>\n<script type=\"application\/ld+json\" class=\"yoast-schema-graph\">{\"@context\":\"https:\/\/schema.org\",\"@graph\":[{\"@type\":\"NewsArticle\",\"@id\":\"https:\/\/www.suno.com.br\/noticias\/fiocruz-astrazeneca-negociam-15-milhoes-vacina\/#article\",\"isPartOf\":{\"@id\":\"https:\/\/www.suno.com.br\/noticias\/fiocruz-astrazeneca-negociam-15-milhoes-vacina\/\"},\"author\":{\"name\":\"Jader Lazarini\",\"@id\":\"https:\/\/www.suno.com.br\/noticias\/#\/schema\/person\/918d79de1f0281f01599b93f9ea6e23f\"},\"headline\":\"Fiocruz e AstraZeneca negociam lote de 15 milh\u00f5es de doses da vacina\",\"datePublished\":\"2021-01-24T18:18:26+00:00\",\"mainEntityOfPage\":{\"@id\":\"https:\/\/www.suno.com.br\/noticias\/fiocruz-astrazeneca-negociam-15-milhoes-vacina\/\"},\"wordCount\":502,\"publisher\":{\"@id\":\"https:\/\/www.suno.com.br\/noticias\/#organization\"},\"image\":{\"@id\":\"https:\/\/www.suno.com.br\/noticias\/fiocruz-astrazeneca-negociam-15-milhoes-vacina\/#primaryimage\"},\"thumbnailUrl\":\"https:\/\/files.sunoresearch.com.br\/n\/uploads\/2021\/01\/5366ce6b-24fev2016-sede-da-fiocruz-no-rio-de-janeiro-1559699851311_v2_1920x1277-jpg.webp\",\"keywords\":[\"AstraZeneca\",\"coronav\u00edrus\",\"Universidade de Oxford\",\"vacina\"],\"articleSection\":[\"Internacional\"],\"inLanguage\":\"pt-BR\"},{\"@type\":\"WebPage\",\"@id\":\"https:\/\/www.suno.com.br\/noticias\/fiocruz-astrazeneca-negociam-15-milhoes-vacina\/\",\"url\":\"https:\/\/www.suno.com.br\/noticias\/fiocruz-astrazeneca-negociam-15-milhoes-vacina\/\",\"name\":\"Fiocruz e AstraZeneca negociam lote de 15 milh\u00f5es de doses da vacina\",\"isPartOf\":{\"@id\":\"https:\/\/www.suno.com.br\/noticias\/#website\"},\"primaryImageOfPage\":{\"@id\":\"https:\/\/www.suno.com.br\/noticias\/fiocruz-astrazeneca-negociam-15-milhoes-vacina\/#primaryimage\"},\"image\":{\"@id\":\"https:\/\/www.suno.com.br\/noticias\/fiocruz-astrazeneca-negociam-15-milhoes-vacina\/#primaryimage\"},\"thumbnailUrl\":\"https:\/\/files.sunoresearch.com.br\/n\/uploads\/2021\/01\/5366ce6b-24fev2016-sede-da-fiocruz-no-rio-de-janeiro-1559699851311_v2_1920x1277-jpg.webp\",\"datePublished\":\"2021-01-24T18:18:26+00:00\",\"description\":\"Segundo a presidente da Fiocruz, a institui\u00e7\u00e3o negocia a aquisi\u00e7\u00e3o de mais 15 milh\u00f5es de doses da vacina da AstraZeneca-Oxford. Saiba mais.\",\"breadcrumb\":{\"@id\":\"https:\/\/www.suno.com.br\/noticias\/fiocruz-astrazeneca-negociam-15-milhoes-vacina\/#breadcrumb\"},\"inLanguage\":\"pt-BR\",\"potentialAction\":[{\"@type\":\"ReadAction\",\"target\":[\"https:\/\/www.suno.com.br\/noticias\/fiocruz-astrazeneca-negociam-15-milhoes-vacina\/\"]}]},{\"@type\":\"ImageObject\",\"inLanguage\":\"pt-BR\",\"@id\":\"https:\/\/www.suno.com.br\/noticias\/fiocruz-astrazeneca-negociam-15-milhoes-vacina\/#primaryimage\",\"url\":\"https:\/\/files.sunoresearch.com.br\/n\/uploads\/2021\/01\/5366ce6b-24fev2016-sede-da-fiocruz-no-rio-de-janeiro-1559699851311_v2_1920x1277-jpg.webp\",\"contentUrl\":\"https:\/\/files.sunoresearch.com.br\/n\/uploads\/2021\/01\/5366ce6b-24fev2016-sede-da-fiocruz-no-rio-de-janeiro-1559699851311_v2_1920x1277-jpg.webp\",\"width\":1920,\"height\":1277,\"caption\":\"Sede da Fiocruz, no Rio de Janeiro. Funda\u00e7\u00e3o procura adquirir novas doses da vacina da AstraZeneca.\"},{\"@type\":\"BreadcrumbList\",\"@id\":\"https:\/\/www.suno.com.br\/noticias\/fiocruz-astrazeneca-negociam-15-milhoes-vacina\/#breadcrumb\",\"itemListElement\":[{\"@type\":\"ListItem\",\"position\":1,\"name\":\"Not\u00edcias\",\"item\":\"https:\/\/www.suno.com.br\/noticias\/\"},{\"@type\":\"ListItem\",\"position\":2,\"name\":\"Internacional\",\"item\":\"https:\/\/www.suno.com.br\/noticias\/internacional\/\"},{\"@type\":\"ListItem\",\"position\":3,\"name\":\"Fiocruz e AstraZeneca negociam lote de 15 milh\u00f5es de doses da vacina\"}]},{\"@type\":\"WebSite\",\"@id\":\"https:\/\/www.suno.com.br\/noticias\/#website\",\"url\":\"https:\/\/www.suno.com.br\/noticias\/\",\"name\":\"Suno Not\u00edcias\",\"description\":\"Seu portal de informa\u00e7\u00e3o sobre o mundo dos investimentos\",\"publisher\":{\"@id\":\"https:\/\/www.suno.com.br\/noticias\/#organization\"},\"potentialAction\":[{\"@type\":\"SearchAction\",\"target\":{\"@type\":\"EntryPoint\",\"urlTemplate\":\"https:\/\/www.suno.com.br\/noticias\/?s={search_term_string}\"},\"query-input\":{\"@type\":\"PropertyValueSpecification\",\"valueRequired\":true,\"valueName\":\"search_term_string\"}}],\"inLanguage\":\"pt-BR\"},{\"@type\":\"Organization\",\"@id\":\"https:\/\/www.suno.com.br\/noticias\/#organization\",\"name\":\"Suno Not\u00edcias\",\"url\":\"https:\/\/www.suno.com.br\/noticias\/\",\"logo\":{\"@type\":\"ImageObject\",\"inLanguage\":\"pt-BR\",\"@id\":\"https:\/\/www.suno.com.br\/noticias\/#\/schema\/logo\/image\/\",\"url\":\"https:\/\/files.sunoresearch.com.br\/n\/uploads\/2021\/09\/suno-logo.png\",\"contentUrl\":\"https:\/\/files.sunoresearch.com.br\/n\/uploads\/2021\/09\/suno-logo.png\",\"width\":180,\"height\":180,\"caption\":\"Suno Not\u00edcias\"},\"image\":{\"@id\":\"https:\/\/www.suno.com.br\/noticias\/#\/schema\/logo\/image\/\"},\"sameAs\":[\"https:\/\/facebook.com\/sunoresearch\",\"https:\/\/x.com\/sunoresearch\",\"https:\/\/www.instagram.com\/suno\",\"https:\/\/www.linkedin.com\/company\/suno-research\/\",\"https:\/\/www.youtube.com\/c\/sunoresearch\"]},{\"@type\":\"Person\",\"@id\":\"https:\/\/www.suno.com.br\/noticias\/#\/schema\/person\/918d79de1f0281f01599b93f9ea6e23f\",\"name\":\"Jader Lazarini\",\"image\":{\"@type\":\"ImageObject\",\"inLanguage\":\"pt-BR\",\"@id\":\"https:\/\/www.suno.com.br\/noticias\/#\/schema\/person\/image\/\",\"url\":\"https:\/\/secure.gravatar.com\/avatar\/3c1ad8caa51589841baeb923fcddea97?s=96&r=g\",\"contentUrl\":\"https:\/\/secure.gravatar.com\/avatar\/3c1ad8caa51589841baeb923fcddea97?s=96&r=g\",\"caption\":\"Jader Lazarini\"},\"description\":\"Jader Lazarini escreve sobre investimentos, finan\u00e7as, economia e neg\u00f3cios. \u00c9 bacharel em Rela\u00e7\u00f5es Internacionais e analista CNPI (2619).\",\"url\":\"https:\/\/www.suno.com.br\/noticias\/author\/jader-lazarini\/\"}]}<\/script>\n<!-- \/ Yoast SEO plugin. -->","yoast_head_json":{"title":"Fiocruz e AstraZeneca negociam lote de 15 milh\u00f5es de doses da vacina","description":"Segundo a presidente da Fiocruz, a institui\u00e7\u00e3o negocia a aquisi\u00e7\u00e3o de mais 15 milh\u00f5es de doses da vacina da AstraZeneca-Oxford. Saiba mais.","robots":{"index":"index","follow":"follow","max-snippet":"max-snippet:-1","max-image-preview":"max-image-preview:large","max-video-preview":"max-video-preview:-1"},"canonical":"https:\/\/www.suno.com.br\/noticias\/fiocruz-astrazeneca-negociam-15-milhoes-vacina\/","og_locale":"pt_BR","og_type":"article","og_title":"Fiocruz e AstraZeneca negociam lote de 15 milh\u00f5es de doses da vacina","og_description":"Segundo a presidente da Fiocruz, a institui\u00e7\u00e3o negocia a aquisi\u00e7\u00e3o de mais 15 milh\u00f5es de doses da vacina da AstraZeneca-Oxford. Saiba mais.","og_url":"https:\/\/www.suno.com.br\/noticias\/fiocruz-astrazeneca-negociam-15-milhoes-vacina\/","og_site_name":"Suno Not\u00edcias","article_publisher":"https:\/\/facebook.com\/sunoresearch","og_image":[{"width":1920,"height":1277,"url":"https:\/\/files.sunoresearch.com.br\/n\/uploads\/2021\/01\/5366ce6b-24fev2016-sede-da-fiocruz-no-rio-de-janeiro-1559699851311_v2_1920x1277.jpg","type":"image\/jpeg"}],"author":"Jader Lazarini","twitter_card":"summary_large_image","twitter_creator":"@sunoresearch","twitter_site":"@sunoresearch","twitter_misc":{"Escrito por":"Jader Lazarini","Est. tempo de leitura":"2 minutos"},"schema":{"@context":"https:\/\/schema.org","@graph":[{"@type":"NewsArticle","@id":"https:\/\/www.suno.com.br\/noticias\/fiocruz-astrazeneca-negociam-15-milhoes-vacina\/#article","isPartOf":{"@id":"https:\/\/www.suno.com.br\/noticias\/fiocruz-astrazeneca-negociam-15-milhoes-vacina\/"},"author":{"name":"Jader Lazarini","@id":"https:\/\/www.suno.com.br\/noticias\/#\/schema\/person\/918d79de1f0281f01599b93f9ea6e23f"},"headline":"Fiocruz e AstraZeneca negociam lote de 15 milh\u00f5es de doses da vacina","datePublished":"2021-01-24T18:18:26+00:00","mainEntityOfPage":{"@id":"https:\/\/www.suno.com.br\/noticias\/fiocruz-astrazeneca-negociam-15-milhoes-vacina\/"},"wordCount":502,"publisher":{"@id":"https:\/\/www.suno.com.br\/noticias\/#organization"},"image":{"@id":"https:\/\/www.suno.com.br\/noticias\/fiocruz-astrazeneca-negociam-15-milhoes-vacina\/#primaryimage"},"thumbnailUrl":"https:\/\/files.sunoresearch.com.br\/n\/uploads\/2021\/01\/5366ce6b-24fev2016-sede-da-fiocruz-no-rio-de-janeiro-1559699851311_v2_1920x1277-jpg.webp","keywords":["AstraZeneca","coronav\u00edrus","Universidade de Oxford","vacina"],"articleSection":["Internacional"],"inLanguage":"pt-BR"},{"@type":"WebPage","@id":"https:\/\/www.suno.com.br\/noticias\/fiocruz-astrazeneca-negociam-15-milhoes-vacina\/","url":"https:\/\/www.suno.com.br\/noticias\/fiocruz-astrazeneca-negociam-15-milhoes-vacina\/","name":"Fiocruz e AstraZeneca negociam lote de 15 milh\u00f5es de doses da vacina","isPartOf":{"@id":"https:\/\/www.suno.com.br\/noticias\/#website"},"primaryImageOfPage":{"@id":"https:\/\/www.suno.com.br\/noticias\/fiocruz-astrazeneca-negociam-15-milhoes-vacina\/#primaryimage"},"image":{"@id":"https:\/\/www.suno.com.br\/noticias\/fiocruz-astrazeneca-negociam-15-milhoes-vacina\/#primaryimage"},"thumbnailUrl":"https:\/\/files.sunoresearch.com.br\/n\/uploads\/2021\/01\/5366ce6b-24fev2016-sede-da-fiocruz-no-rio-de-janeiro-1559699851311_v2_1920x1277-jpg.webp","datePublished":"2021-01-24T18:18:26+00:00","description":"Segundo a presidente da Fiocruz, a institui\u00e7\u00e3o negocia a aquisi\u00e7\u00e3o de mais 15 milh\u00f5es de doses da vacina da AstraZeneca-Oxford. Saiba mais.","breadcrumb":{"@id":"https:\/\/www.suno.com.br\/noticias\/fiocruz-astrazeneca-negociam-15-milhoes-vacina\/#breadcrumb"},"inLanguage":"pt-BR","potentialAction":[{"@type":"ReadAction","target":["https:\/\/www.suno.com.br\/noticias\/fiocruz-astrazeneca-negociam-15-milhoes-vacina\/"]}]},{"@type":"ImageObject","inLanguage":"pt-BR","@id":"https:\/\/www.suno.com.br\/noticias\/fiocruz-astrazeneca-negociam-15-milhoes-vacina\/#primaryimage","url":"https:\/\/files.sunoresearch.com.br\/n\/uploads\/2021\/01\/5366ce6b-24fev2016-sede-da-fiocruz-no-rio-de-janeiro-1559699851311_v2_1920x1277-jpg.webp","contentUrl":"https:\/\/files.sunoresearch.com.br\/n\/uploads\/2021\/01\/5366ce6b-24fev2016-sede-da-fiocruz-no-rio-de-janeiro-1559699851311_v2_1920x1277-jpg.webp","width":1920,"height":1277,"caption":"Sede da Fiocruz, no Rio de Janeiro. Funda\u00e7\u00e3o procura adquirir novas doses da vacina da AstraZeneca."},{"@type":"BreadcrumbList","@id":"https:\/\/www.suno.com.br\/noticias\/fiocruz-astrazeneca-negociam-15-milhoes-vacina\/#breadcrumb","itemListElement":[{"@type":"ListItem","position":1,"name":"Not\u00edcias","item":"https:\/\/www.suno.com.br\/noticias\/"},{"@type":"ListItem","position":2,"name":"Internacional","item":"https:\/\/www.suno.com.br\/noticias\/internacional\/"},{"@type":"ListItem","position":3,"name":"Fiocruz e AstraZeneca negociam lote de 15 milh\u00f5es de doses da vacina"}]},{"@type":"WebSite","@id":"https:\/\/www.suno.com.br\/noticias\/#website","url":"https:\/\/www.suno.com.br\/noticias\/","name":"Suno Not\u00edcias","description":"Seu portal de informa\u00e7\u00e3o sobre o mundo dos investimentos","publisher":{"@id":"https:\/\/www.suno.com.br\/noticias\/#organization"},"potentialAction":[{"@type":"SearchAction","target":{"@type":"EntryPoint","urlTemplate":"https:\/\/www.suno.com.br\/noticias\/?s={search_term_string}"},"query-input":{"@type":"PropertyValueSpecification","valueRequired":true,"valueName":"search_term_string"}}],"inLanguage":"pt-BR"},{"@type":"Organization","@id":"https:\/\/www.suno.com.br\/noticias\/#organization","name":"Suno Not\u00edcias","url":"https:\/\/www.suno.com.br\/noticias\/","logo":{"@type":"ImageObject","inLanguage":"pt-BR","@id":"https:\/\/www.suno.com.br\/noticias\/#\/schema\/logo\/image\/","url":"https:\/\/files.sunoresearch.com.br\/n\/uploads\/2021\/09\/suno-logo.png","contentUrl":"https:\/\/files.sunoresearch.com.br\/n\/uploads\/2021\/09\/suno-logo.png","width":180,"height":180,"caption":"Suno Not\u00edcias"},"image":{"@id":"https:\/\/www.suno.com.br\/noticias\/#\/schema\/logo\/image\/"},"sameAs":["https:\/\/facebook.com\/sunoresearch","https:\/\/x.com\/sunoresearch","https:\/\/www.instagram.com\/suno","https:\/\/www.linkedin.com\/company\/suno-research\/","https:\/\/www.youtube.com\/c\/sunoresearch"]},{"@type":"Person","@id":"https:\/\/www.suno.com.br\/noticias\/#\/schema\/person\/918d79de1f0281f01599b93f9ea6e23f","name":"Jader Lazarini","image":{"@type":"ImageObject","inLanguage":"pt-BR","@id":"https:\/\/www.suno.com.br\/noticias\/#\/schema\/person\/image\/","url":"https:\/\/secure.gravatar.com\/avatar\/3c1ad8caa51589841baeb923fcddea97?s=96&r=g","contentUrl":"https:\/\/secure.gravatar.com\/avatar\/3c1ad8caa51589841baeb923fcddea97?s=96&r=g","caption":"Jader Lazarini"},"description":"Jader Lazarini escreve sobre investimentos, finan\u00e7as, economia e neg\u00f3cios. \u00c9 bacharel em Rela\u00e7\u00f5es Internacionais e analista CNPI (2619).","url":"https:\/\/www.suno.com.br\/noticias\/author\/jader-lazarini\/"}]}},"default_loop_html":"<div class=\"cardsPage__listCard__boxs\"><div class=\"cardsPage__listCard__boxs__img\"><a href=\"https:\/\/www.suno.com.br\/noticias\/fiocruz-astrazeneca-negociam-15-milhoes-vacina\/\"><img class=\"mask\" src=\"https:\/\/www.suno.com.br\/noticias\/wp-content\/themes\/suno\/resources\/images\/spotlight\/spotlight1img\/bg-mask.png\" alt=\"Image Mask\"\/><img src=\"https:\/\/files.sunoresearch.com.br\/n\/uploads\/2021\/01\/5366ce6b-24fev2016-sede-da-fiocruz-no-rio-de-janeiro-1559699851311_v2_1920x1277-400x200.webp\" alt=\"Fiocruz e AstraZeneca negociam lote de 15 milh\u00f5es de doses da vacina\"\/><\/a><span class=\"spotlightCategory\"><a href=\"https:\/\/www.suno.com.br\/noticias\/internacional\/\">Internacional<\/a><\/span><\/div><div class=\"cardsPage__listCard__boxs__content\"><a href=\"https:\/\/www.suno.com.br\/noticias\/fiocruz-astrazeneca-negociam-15-milhoes-vacina\/\"><h2 class=\"content__title\">Fiocruz e AstraZeneca negociam lote de 15 milh\u00f5es de doses da vacina<\/h2><\/a><div class=\"newsContent__article__meta\"><div class=\"newsContent__article__meta__authorBox\"><a href=\"https:\/\/www.suno.com.br\/noticias\/author\/jader-lazarini\/\" class=\"authorBox__avatar noMobi\"><img src=\"https:\/\/files.sunoresearch.com.br\/n\/uploads\/2021\/01\/178e6598-foto-perfil-2-150x150.jpg\" alt=\"Jader Lazarini\"><\/a><div class=\"authorBox__name\"><span>por\n\t\t\t<a href=\"https:\/\/www.suno.com.br\/noticias\/author\/jader-lazarini\/\"><span itemprop=\"author\">Jader Lazarini<\/span><\/a><\/span><time datetime=\"2021-01-24T15:18:26-03:00\" itemprop=\"datePublished\">24\/01\/2021 15:18<\/time><\/div><\/div><\/div><\/div><\/div>","single_layout":"posts","amp_enabled":true,"_links":{"self":[{"href":"https:\/\/www.suno.com.br\/noticias\/wp-json\/wp\/v2\/posts\/115766"}],"collection":[{"href":"https:\/\/www.suno.com.br\/noticias\/wp-json\/wp\/v2\/posts"}],"about":[{"href":"https:\/\/www.suno.com.br\/noticias\/wp-json\/wp\/v2\/types\/post"}],"author":[{"embeddable":true,"href":"https:\/\/www.suno.com.br\/noticias\/wp-json\/wp\/v2\/users\/24"}],"replies":[{"embeddable":true,"href":"https:\/\/www.suno.com.br\/noticias\/wp-json\/wp\/v2\/comments?post=115766"}],"version-history":[{"count":0,"href":"https:\/\/www.suno.com.br\/noticias\/wp-json\/wp\/v2\/posts\/115766\/revisions"}],"wp:featuredmedia":[{"embeddable":true,"href":"https:\/\/www.suno.com.br\/noticias\/wp-json\/wp\/v2\/media\/115767"}],"wp:attachment":[{"href":"https:\/\/www.suno.com.br\/noticias\/wp-json\/wp\/v2\/media?parent=115766"}],"wp:term":[{"taxonomy":"category","embeddable":true,"href":"https:\/\/www.suno.com.br\/noticias\/wp-json\/wp\/v2\/categories?post=115766"},{"taxonomy":"post_tag","embeddable":true,"href":"https:\/\/www.suno.com.br\/noticias\/wp-json\/wp\/v2\/tags?post=115766"},{"taxonomy":"suno_strategy","embeddable":true,"href":"https:\/\/www.suno.com.br\/noticias\/wp-json\/wp\/v2\/suno_strategy?post=115766"}],"curies":[{"name":"wp","href":"https:\/\/api.w.org\/{rel}","templated":true}]}}