{"id":115738,"date":"2021-01-24T10:06:13","date_gmt":"2021-01-24T13:06:13","guid":{"rendered":"https:\/\/www.suno.com.br\/noticias\/?p=115738"},"modified":"2021-01-24T10:06:13","modified_gmt":"2021-01-24T13:06:13","slug":"stellantis-eletrificar-toda-versao-veiculo-2025","status":"publish","type":"post","link":"https:\/\/www.suno.com.br\/noticias\/stellantis-eletrificar-toda-versao-veiculo-2025\/","title":{"rendered":"Stellantis quer eletrificar toda nova vers\u00e3o de ve\u00edculo at\u00e9 2025"},"content":{"rendered":"<p>A <strong>Stellantis<\/strong>, fruto da fus\u00e3o entre Fiat Chrysler e Peugeot Citro\u00ebn conclu\u00edda na \u00faltima ter\u00e7a-feira (19), e que nasceu com um grupo de 14 marcas, j\u00e1 tem objetivos agressivos para ganhar mercado. A companhia informou que at\u00e9 2025, quer montar unidades eletrificadas de todo e qualquer novo modelo criado pela empresa.<\/p>\t<div class=\"wrapper-featured-image\">\n\t\t<figure class=\"spotlightImg\">\n\n\t\t\t<picture>\n\t\t\t\t<source media=\"(max-width: 768px)\" srcset=\"https:\/\/files.sunoresearch.com.br\/n\/uploads\/2021\/01\/407a2857-peuegot-e-legend-concept-2018-paris-auto-show_100673278_h-400x200.webp\">\n\t\t\t\t<img loading=\"lazy\" decoding=\"async\" class=\"newsContent__article__imgCapa lazyloadDisabled \" src=\"https:\/\/files.sunoresearch.com.br\/n\/uploads\/2021\/01\/407a2857-peuegot-e-legend-concept-2018-paris-auto-show_100673278_h-800x450.webp\" width=\"800\" height=\"450\" alt=\"Stellantis quer eletrificar toda nova vers\u00e3o de ve\u00edculo at\u00e9 2025\" fetchpriority=high \/>\n\t\t\t<\/picture>\n\n\t\t\t<figcaption class=\"wp-caption-text wp-caption-text--show\">A Stellantis tem objetivos agressivos para ganhar o mercado de h\u00edbridos e ve\u00edculos el\u00e9tricos.<\/figcaption>\n\t\t<\/figure>\n\t<\/div>\n\n\n\t<p>\n\t\t<a href=\"https:\/\/lp.suno.com.br\/planilha-controle-gastos\/\" target=\"_blank\" data-element=\"shortcode-suno-banner\" title=\"Banner SUNO, clique e saiba mais\">\n\t\t\t<picture>\n\t\t\t\t<source media=\"(max-width: 500px)\" srcset=\"https:\/\/files.sunoresearch.com.br\/n\/uploads\/2023\/03\/400x300-Planilha-controle-de-gastos.png\">\n\t\t\t\t<img class=\"newsContent__article__imgCapa newsContent__article__imgCapa--banner\"\n\t\t\t\t\tsrc=\"https:\/\/files.sunoresearch.com.br\/n\/uploads\/2023\/03\/1420x240-Planilha-controle-de-gastos.png\"\n\t\t\t\t\tdata-promo-id=\"101751\"\t\t\t\t\t\t\t\t\t\twidth='1420' height='240'\t\t\t\t\talt=\"https:\/\/files.sunoresearch.com.br\/n\/uploads\/2023\/03\/1420x240-Planilha-controle-de-gastos.png\"\n\t\t\t\t>\n\t\t\t<\/picture>\n\t\t<\/a>\n\t<\/p>\n\n\n<p>A informa\u00e7\u00e3o foi revelada pelo <a href=\"https:\/\/www.suno.com.br\/artigos\/ceo\/\">CEO<\/a>, <strong>Carlos Tavares<\/strong>, em evento on-line. A Stellantis, que j\u00e1 ocupa o posto de 4\u00ba maior grupo automotivo do planeta, soma 29 autom\u00f3veis eletrificados, n\u00famero que pode subir para 39 at\u00e9 o fim de 2021.<\/p>\n<p>A companhia quer que, em at\u00e9 10 anos, 35% dos seus ve\u00edculos sejam el\u00e9tricos &#8212; hoje, o conglomerado tem a capacidade de produzir cerca de 8 milh\u00f5es de carros por ano. O grupo conta com as marcas:<\/p>\n<p><a href=\"https:\/\/lp.suno.com.br\/suno-one\/\"><span style=\"font-weight: 400;\">Suno One: acesse gratuitamente eBooks, Minicursos, Artigos e Video Aulas sobre investimentos com um \u00fanico cadastro. Clique para saber mais!<\/span><\/a><\/p>\n<ul>\n<li>Alfa Romeo<\/li>\n<li>Citro\u00ebn<\/li>\n<li>Chrysler<\/li>\n<li>Dodge<\/li>\n<li>DS<\/li>\n<li>Abarth<\/li>\n<li>Fiat<\/li>\n<li>Jeep<\/li>\n<li>Lancia<\/li>\n<li>Maserati<\/li>\n<li>Vauxhall<\/li>\n<li>Opel<\/li>\n<li>Peugeot<\/li>\n<li>RAM<\/li>\n<\/ul>\n<p>Com a <a href=\"https:\/\/www.suno.com.br\/artigos\/fusoes-aquisicoes\/\">fus\u00e3o<\/a>, por\u00e9m, algumas marcas podem ser encerradas para dar espa\u00e7o para o novo caminho que a companhia trilhar\u00e1. A <strong>Dodge<\/strong>, por exemplo, monta <em>muscle cars<\/em>, de grande porte e forte pot\u00eancia, e de amplo sucesso no mercado norte-americano. No entanto, seus modelos n\u00e3o v\u00e3o de encontro com a nova pol\u00edtica do grupo, que prev\u00ea mais ve\u00edculos <strong>el\u00e9tricos<\/strong> e <strong>h\u00edbridos<\/strong>. A marca pode ser uma das primeiras a encerrar suas atividades.<\/p>\n<p>Por outro lado, a empresa tamb\u00e9m visa enxugar custos para se manter competitiva frente a um mercado que tem intensificado sua concorr\u00eancia. No evento on-line, Tavares disse que n\u00e3o est\u00e1 descartado um processo de demiss\u00f5es no grupo, o que poderia economizar cerca de US$ 5,9 bilh\u00f5es por ano. Atualmente, o conglomerado emprega mais de 400 mil pessoas em todo o mundo.<\/p>\n\t<p>\n\t\t<a href=\"https:\/\/lp.suno.com.br\/ebook-como-analisar-uma-acao\/\" target=\"_blank\" data-element=\"shortcode-suno-banner\" title=\"Banner SUNO, clique e saiba mais\">\n\t\t\t<picture>\n\t\t\t\t<source media=\"(max-width: 500px)\" srcset=\"https:\/\/files.sunoresearch.com.br\/n\/uploads\/2023\/03\/Ebook-Acoes-Mobile.jpg\">\n\t\t\t\t<img class=\"newsContent__article__imgCapa newsContent__article__imgCapa--banner\"\n\t\t\t\t\tsrc=\"https:\/\/files.sunoresearch.com.br\/n\/uploads\/2023\/03\/Ebook-Acoes-Desktop.jpg\"\n\t\t\t\t\tdata-promo-id=\"378302\"\t\t\t\t\t\t\t\t\t\twidth='1420' height='286'\t\t\t\t\talt=\"https:\/\/files.sunoresearch.com.br\/n\/uploads\/2023\/03\/Ebook-Acoes-Desktop.jpg\"\n\t\t\t\t>\n\t\t\t<\/picture>\n\t\t<\/a>\n\t<\/p>\n\n\n<p>Nesse sentido, a <strong>Chrysler<\/strong> tamb\u00e9m est\u00e1 na mira dos executivos. A marca se tornou uma grande produtora de minivans, com pouca express\u00e3o no mercado de luxo. Seu fechamento pode contribuir para o equil\u00edbrio das contas da empresa.<\/p>\n<h2>A Stellantis no Brasil<\/h2>\n<p>O <a href=\"https:\/\/www.suno.com.br\/artigos\/cade\/\">Conselho Administrativo de Defesa Econ\u00f4mica (Cade)<\/a> aprovou, sem restri\u00e7\u00f5es, a fus\u00e3o entre as montadoras que atuam no Brasil em novembro de 2020. Por\u00e9m, os primeiros modelos da nova companhia devem chegar ao Brasil em 2022.<\/p>\n\t<div data-element=\"shortcode-read-more\" class=\"knowMore\">\n\t\t\t\t<span class=\"knowMore__title\">Saiba mais<\/span>\n\t\t\t\t<a class=\"knowMore__link\" href=\"https:\/\/www.suno.com.br\/noticias\/tesla-tsla-aumenta-vendas-california-4t20\/\">\n\t\t\tTesla aumenta vendas em 63% na Calif\u00f3rnia no 4T20, diz pesquisa\t\t<\/a>\n\t<\/div>\n\n\n<p>Para a <strong>Citro\u00ebn<\/strong>, o neg\u00f3cio pode trazer uma luz no fim do t\u00fanel para a opera\u00e7\u00e3o brasileira, que diminuiu de forma expressiva nos \u00faltimos 10 anos. A Fiat, por sua vez, visa consolidar sua posi\u00e7\u00e3o no mercado local. Ap\u00f3s perder a lideran\u00e7a por consecutivos anos, a companhia foi a l\u00edder geral de vendas no Pa\u00eds em alguns meses no ano passado.<\/p>\n<p>No que se refere aos modelos h\u00edbridos e el\u00e9tricos, o \u00fanico ve\u00edculo do grupo <strong>Stellantis<\/strong> que roda por aqui \u00e9 o Peugeot 208 e-GT. Os pr\u00f3ximos a desembarcarem devem ser as vers\u00f5es atualizadas do Jeep Renegade e Compass.<\/p>\n\t<p>\n\t\t<a href=\"https:\/\/lp.suno.com.br\/planilha-de-controle-de-investimentos\/\" target=\"_blank\" data-element=\"shortcode-suno-banner\" title=\"Banner SUNO, clique e saiba mais\">\n\t\t\t<picture>\n\t\t\t\t<source media=\"(max-width: 500px)\" srcset=\"https:\/\/files.sunoresearch.com.br\/n\/uploads\/2023\/03\/400x300-Controle-de-Investimentos.png\">\n\t\t\t\t<img class=\"newsContent__article__imgCapa newsContent__article__imgCapa--banner\"\n\t\t\t\t\tsrc=\"https:\/\/files.sunoresearch.com.br\/n\/uploads\/2023\/03\/1420x240-Controle-de-Investimentos.png\"\n\t\t\t\t\tdata-promo-id=\"75934\"\t\t\t\t\t\t\t\t\t\twidth='1420' height='240'\t\t\t\t\talt=\"https:\/\/files.sunoresearch.com.br\/n\/uploads\/2023\/03\/1420x240-Controle-de-Investimentos.png\"\n\t\t\t\t>\n\t\t\t<\/picture>\n\t\t<\/a>\n\t<\/p>\n\n\n","protected":false},"excerpt":{"rendered":"<p>A Stellantis, fruto da fus\u00e3o entre Fiat Chrysler e Peugeot Citro\u00ebn conclu\u00edda na \u00faltima ter\u00e7a-feira (19), e que nasceu com um grupo de 14 marcas, j\u00e1 tem objetivos agressivos para ganhar mercado. A companhia informou que at\u00e9 2025, quer montar unidades eletrificadas de todo e qualquer novo modelo criado pela empresa. A Stellantis tem objetivos [&hellip;]<\/p>\n","protected":false},"author":24,"featured_media":115739,"comment_status":"closed","ping_status":"closed","sticky":false,"template":"","format":"standard","meta":[],"categories":[64],"tags":[1376,62812],"suno_strategy":[],"class_list":["post-115738","post","type-post","status-publish","format-standard","has-post-thumbnail","hentry","category-negocios","tag-carros-eletricos","tag-fusoes-e-aquisicoes"],"yoast_head":"<!-- This site is optimized with the Yoast SEO plugin v24.4 - https:\/\/yoast.com\/wordpress\/plugins\/seo\/ -->\n<title>Stellantis quer eletrificar toda nova vers\u00e3o de ve\u00edculo at\u00e9 2025<\/title>\n<meta name=\"description\" content=\"A Stellantis, que nasceu nesta semana, j\u00e1 tem objetivos agressivos para ganhar o mercado de h\u00edbridos e el\u00e9tricos. Clique e saiba mais.\" \/>\n<meta name=\"robots\" content=\"index, follow, max-snippet:-1, max-image-preview:large, max-video-preview:-1\" \/>\n<link rel=\"canonical\" href=\"https:\/\/www.suno.com.br\/noticias\/stellantis-eletrificar-toda-versao-veiculo-2025\/\" \/>\n<meta property=\"og:locale\" content=\"pt_BR\" \/>\n<meta property=\"og:type\" content=\"article\" \/>\n<meta property=\"og:title\" content=\"Stellantis quer eletrificar toda nova vers\u00e3o de ve\u00edculo at\u00e9 2025\" \/>\n<meta property=\"og:description\" content=\"A Stellantis, que nasceu nesta semana, j\u00e1 tem objetivos agressivos para ganhar o mercado de h\u00edbridos e el\u00e9tricos. Clique e saiba mais.\" \/>\n<meta property=\"og:url\" content=\"https:\/\/www.suno.com.br\/noticias\/stellantis-eletrificar-toda-versao-veiculo-2025\/\" \/>\n<meta property=\"og:site_name\" content=\"Suno Not\u00edcias\" \/>\n<meta property=\"article:publisher\" content=\"https:\/\/facebook.com\/sunoresearch\" \/>\n<meta property=\"og:image\" content=\"https:\/\/files.sunoresearch.com.br\/n\/uploads\/2021\/01\/407a2857-peuegot-e-legend-concept-2018-paris-auto-show_100673278_h.jpg\" \/>\n\t<meta property=\"og:image:width\" content=\"1920\" \/>\n\t<meta property=\"og:image:height\" content=\"1259\" \/>\n\t<meta property=\"og:image:type\" content=\"image\/jpeg\" \/>\n<meta name=\"author\" content=\"Jader Lazarini\" \/>\n<meta name=\"twitter:card\" content=\"summary_large_image\" \/>\n<meta name=\"twitter:creator\" content=\"@sunoresearch\" \/>\n<meta name=\"twitter:site\" content=\"@sunoresearch\" \/>\n<meta name=\"twitter:label1\" content=\"Escrito por\" \/>\n\t<meta name=\"twitter:data1\" content=\"Jader Lazarini\" \/>\n\t<meta name=\"twitter:label2\" content=\"Est. tempo de leitura\" \/>\n\t<meta name=\"twitter:data2\" content=\"3 minutos\" \/>\n<script type=\"application\/ld+json\" class=\"yoast-schema-graph\">{\"@context\":\"https:\/\/schema.org\",\"@graph\":[{\"@type\":\"NewsArticle\",\"@id\":\"https:\/\/www.suno.com.br\/noticias\/stellantis-eletrificar-toda-versao-veiculo-2025\/#article\",\"isPartOf\":{\"@id\":\"https:\/\/www.suno.com.br\/noticias\/stellantis-eletrificar-toda-versao-veiculo-2025\/\"},\"author\":{\"name\":\"Jader Lazarini\",\"@id\":\"https:\/\/www.suno.com.br\/noticias\/#\/schema\/person\/918d79de1f0281f01599b93f9ea6e23f\"},\"headline\":\"Stellantis quer eletrificar toda nova vers\u00e3o de ve\u00edculo at\u00e9 2025\",\"datePublished\":\"2021-01-24T13:06:13+00:00\",\"mainEntityOfPage\":{\"@id\":\"https:\/\/www.suno.com.br\/noticias\/stellantis-eletrificar-toda-versao-veiculo-2025\/\"},\"wordCount\":541,\"publisher\":{\"@id\":\"https:\/\/www.suno.com.br\/noticias\/#organization\"},\"image\":{\"@id\":\"https:\/\/www.suno.com.br\/noticias\/stellantis-eletrificar-toda-versao-veiculo-2025\/#primaryimage\"},\"thumbnailUrl\":\"https:\/\/files.sunoresearch.com.br\/n\/uploads\/2021\/01\/407a2857-peuegot-e-legend-concept-2018-paris-auto-show_100673278_h-jpg.webp\",\"keywords\":[\"carros el\u00e9tricos\",\"fus\u00f5es e aquisi\u00e7\u00f5es\"],\"articleSection\":[\"Neg\u00f3cios\"],\"inLanguage\":\"pt-BR\"},{\"@type\":\"WebPage\",\"@id\":\"https:\/\/www.suno.com.br\/noticias\/stellantis-eletrificar-toda-versao-veiculo-2025\/\",\"url\":\"https:\/\/www.suno.com.br\/noticias\/stellantis-eletrificar-toda-versao-veiculo-2025\/\",\"name\":\"Stellantis quer eletrificar toda nova vers\u00e3o de ve\u00edculo at\u00e9 2025\",\"isPartOf\":{\"@id\":\"https:\/\/www.suno.com.br\/noticias\/#website\"},\"primaryImageOfPage\":{\"@id\":\"https:\/\/www.suno.com.br\/noticias\/stellantis-eletrificar-toda-versao-veiculo-2025\/#primaryimage\"},\"image\":{\"@id\":\"https:\/\/www.suno.com.br\/noticias\/stellantis-eletrificar-toda-versao-veiculo-2025\/#primaryimage\"},\"thumbnailUrl\":\"https:\/\/files.sunoresearch.com.br\/n\/uploads\/2021\/01\/407a2857-peuegot-e-legend-concept-2018-paris-auto-show_100673278_h-jpg.webp\",\"datePublished\":\"2021-01-24T13:06:13+00:00\",\"description\":\"A Stellantis, que nasceu nesta semana, j\u00e1 tem objetivos agressivos para ganhar o mercado de h\u00edbridos e el\u00e9tricos. Clique e saiba mais.\",\"breadcrumb\":{\"@id\":\"https:\/\/www.suno.com.br\/noticias\/stellantis-eletrificar-toda-versao-veiculo-2025\/#breadcrumb\"},\"inLanguage\":\"pt-BR\",\"potentialAction\":[{\"@type\":\"ReadAction\",\"target\":[\"https:\/\/www.suno.com.br\/noticias\/stellantis-eletrificar-toda-versao-veiculo-2025\/\"]}]},{\"@type\":\"ImageObject\",\"inLanguage\":\"pt-BR\",\"@id\":\"https:\/\/www.suno.com.br\/noticias\/stellantis-eletrificar-toda-versao-veiculo-2025\/#primaryimage\",\"url\":\"https:\/\/files.sunoresearch.com.br\/n\/uploads\/2021\/01\/407a2857-peuegot-e-legend-concept-2018-paris-auto-show_100673278_h-jpg.webp\",\"contentUrl\":\"https:\/\/files.sunoresearch.com.br\/n\/uploads\/2021\/01\/407a2857-peuegot-e-legend-concept-2018-paris-auto-show_100673278_h-jpg.webp\",\"width\":1920,\"height\":1259,\"caption\":\"A Stellantis tem objetivos agressivos para ganhar o mercado de h\u00edbridos e ve\u00edculos el\u00e9tricos.\"},{\"@type\":\"BreadcrumbList\",\"@id\":\"https:\/\/www.suno.com.br\/noticias\/stellantis-eletrificar-toda-versao-veiculo-2025\/#breadcrumb\",\"itemListElement\":[{\"@type\":\"ListItem\",\"position\":1,\"name\":\"Not\u00edcias\",\"item\":\"https:\/\/www.suno.com.br\/noticias\/\"},{\"@type\":\"ListItem\",\"position\":2,\"name\":\"Neg\u00f3cios\",\"item\":\"https:\/\/www.suno.com.br\/noticias\/negocios\/\"},{\"@type\":\"ListItem\",\"position\":3,\"name\":\"Stellantis quer eletrificar toda nova vers\u00e3o de ve\u00edculo at\u00e9 2025\"}]},{\"@type\":\"WebSite\",\"@id\":\"https:\/\/www.suno.com.br\/noticias\/#website\",\"url\":\"https:\/\/www.suno.com.br\/noticias\/\",\"name\":\"Suno Not\u00edcias\",\"description\":\"Seu portal de informa\u00e7\u00e3o sobre o mundo dos investimentos\",\"publisher\":{\"@id\":\"https:\/\/www.suno.com.br\/noticias\/#organization\"},\"potentialAction\":[{\"@type\":\"SearchAction\",\"target\":{\"@type\":\"EntryPoint\",\"urlTemplate\":\"https:\/\/www.suno.com.br\/noticias\/?s={search_term_string}\"},\"query-input\":{\"@type\":\"PropertyValueSpecification\",\"valueRequired\":true,\"valueName\":\"search_term_string\"}}],\"inLanguage\":\"pt-BR\"},{\"@type\":\"Organization\",\"@id\":\"https:\/\/www.suno.com.br\/noticias\/#organization\",\"name\":\"Suno Not\u00edcias\",\"url\":\"https:\/\/www.suno.com.br\/noticias\/\",\"logo\":{\"@type\":\"ImageObject\",\"inLanguage\":\"pt-BR\",\"@id\":\"https:\/\/www.suno.com.br\/noticias\/#\/schema\/logo\/image\/\",\"url\":\"https:\/\/files.sunoresearch.com.br\/n\/uploads\/2021\/09\/suno-logo.png\",\"contentUrl\":\"https:\/\/files.sunoresearch.com.br\/n\/uploads\/2021\/09\/suno-logo.png\",\"width\":180,\"height\":180,\"caption\":\"Suno Not\u00edcias\"},\"image\":{\"@id\":\"https:\/\/www.suno.com.br\/noticias\/#\/schema\/logo\/image\/\"},\"sameAs\":[\"https:\/\/facebook.com\/sunoresearch\",\"https:\/\/x.com\/sunoresearch\",\"https:\/\/www.instagram.com\/suno\",\"https:\/\/www.linkedin.com\/company\/suno-research\/\",\"https:\/\/www.youtube.com\/c\/sunoresearch\"]},{\"@type\":\"Person\",\"@id\":\"https:\/\/www.suno.com.br\/noticias\/#\/schema\/person\/918d79de1f0281f01599b93f9ea6e23f\",\"name\":\"Jader Lazarini\",\"image\":{\"@type\":\"ImageObject\",\"inLanguage\":\"pt-BR\",\"@id\":\"https:\/\/www.suno.com.br\/noticias\/#\/schema\/person\/image\/\",\"url\":\"https:\/\/secure.gravatar.com\/avatar\/3c1ad8caa51589841baeb923fcddea97?s=96&r=g\",\"contentUrl\":\"https:\/\/secure.gravatar.com\/avatar\/3c1ad8caa51589841baeb923fcddea97?s=96&r=g\",\"caption\":\"Jader Lazarini\"},\"description\":\"Jader Lazarini escreve sobre investimentos, finan\u00e7as, economia e neg\u00f3cios. \u00c9 bacharel em Rela\u00e7\u00f5es Internacionais e analista CNPI (2619).\",\"url\":\"https:\/\/www.suno.com.br\/noticias\/author\/jader-lazarini\/\"}]}<\/script>\n<!-- \/ Yoast SEO plugin. -->","yoast_head_json":{"title":"Stellantis quer eletrificar toda nova vers\u00e3o de ve\u00edculo at\u00e9 2025","description":"A Stellantis, que nasceu nesta semana, j\u00e1 tem objetivos agressivos para ganhar o mercado de h\u00edbridos e el\u00e9tricos. Clique e saiba mais.","robots":{"index":"index","follow":"follow","max-snippet":"max-snippet:-1","max-image-preview":"max-image-preview:large","max-video-preview":"max-video-preview:-1"},"canonical":"https:\/\/www.suno.com.br\/noticias\/stellantis-eletrificar-toda-versao-veiculo-2025\/","og_locale":"pt_BR","og_type":"article","og_title":"Stellantis quer eletrificar toda nova vers\u00e3o de ve\u00edculo at\u00e9 2025","og_description":"A Stellantis, que nasceu nesta semana, j\u00e1 tem objetivos agressivos para ganhar o mercado de h\u00edbridos e el\u00e9tricos. Clique e saiba mais.","og_url":"https:\/\/www.suno.com.br\/noticias\/stellantis-eletrificar-toda-versao-veiculo-2025\/","og_site_name":"Suno Not\u00edcias","article_publisher":"https:\/\/facebook.com\/sunoresearch","og_image":[{"width":1920,"height":1259,"url":"https:\/\/files.sunoresearch.com.br\/n\/uploads\/2021\/01\/407a2857-peuegot-e-legend-concept-2018-paris-auto-show_100673278_h.jpg","type":"image\/jpeg"}],"author":"Jader Lazarini","twitter_card":"summary_large_image","twitter_creator":"@sunoresearch","twitter_site":"@sunoresearch","twitter_misc":{"Escrito por":"Jader Lazarini","Est. tempo de leitura":"3 minutos"},"schema":{"@context":"https:\/\/schema.org","@graph":[{"@type":"NewsArticle","@id":"https:\/\/www.suno.com.br\/noticias\/stellantis-eletrificar-toda-versao-veiculo-2025\/#article","isPartOf":{"@id":"https:\/\/www.suno.com.br\/noticias\/stellantis-eletrificar-toda-versao-veiculo-2025\/"},"author":{"name":"Jader Lazarini","@id":"https:\/\/www.suno.com.br\/noticias\/#\/schema\/person\/918d79de1f0281f01599b93f9ea6e23f"},"headline":"Stellantis quer eletrificar toda nova vers\u00e3o de ve\u00edculo at\u00e9 2025","datePublished":"2021-01-24T13:06:13+00:00","mainEntityOfPage":{"@id":"https:\/\/www.suno.com.br\/noticias\/stellantis-eletrificar-toda-versao-veiculo-2025\/"},"wordCount":541,"publisher":{"@id":"https:\/\/www.suno.com.br\/noticias\/#organization"},"image":{"@id":"https:\/\/www.suno.com.br\/noticias\/stellantis-eletrificar-toda-versao-veiculo-2025\/#primaryimage"},"thumbnailUrl":"https:\/\/files.sunoresearch.com.br\/n\/uploads\/2021\/01\/407a2857-peuegot-e-legend-concept-2018-paris-auto-show_100673278_h-jpg.webp","keywords":["carros el\u00e9tricos","fus\u00f5es e aquisi\u00e7\u00f5es"],"articleSection":["Neg\u00f3cios"],"inLanguage":"pt-BR"},{"@type":"WebPage","@id":"https:\/\/www.suno.com.br\/noticias\/stellantis-eletrificar-toda-versao-veiculo-2025\/","url":"https:\/\/www.suno.com.br\/noticias\/stellantis-eletrificar-toda-versao-veiculo-2025\/","name":"Stellantis quer eletrificar toda nova vers\u00e3o de ve\u00edculo at\u00e9 2025","isPartOf":{"@id":"https:\/\/www.suno.com.br\/noticias\/#website"},"primaryImageOfPage":{"@id":"https:\/\/www.suno.com.br\/noticias\/stellantis-eletrificar-toda-versao-veiculo-2025\/#primaryimage"},"image":{"@id":"https:\/\/www.suno.com.br\/noticias\/stellantis-eletrificar-toda-versao-veiculo-2025\/#primaryimage"},"thumbnailUrl":"https:\/\/files.sunoresearch.com.br\/n\/uploads\/2021\/01\/407a2857-peuegot-e-legend-concept-2018-paris-auto-show_100673278_h-jpg.webp","datePublished":"2021-01-24T13:06:13+00:00","description":"A Stellantis, que nasceu nesta semana, j\u00e1 tem objetivos agressivos para ganhar o mercado de h\u00edbridos e el\u00e9tricos. Clique e saiba mais.","breadcrumb":{"@id":"https:\/\/www.suno.com.br\/noticias\/stellantis-eletrificar-toda-versao-veiculo-2025\/#breadcrumb"},"inLanguage":"pt-BR","potentialAction":[{"@type":"ReadAction","target":["https:\/\/www.suno.com.br\/noticias\/stellantis-eletrificar-toda-versao-veiculo-2025\/"]}]},{"@type":"ImageObject","inLanguage":"pt-BR","@id":"https:\/\/www.suno.com.br\/noticias\/stellantis-eletrificar-toda-versao-veiculo-2025\/#primaryimage","url":"https:\/\/files.sunoresearch.com.br\/n\/uploads\/2021\/01\/407a2857-peuegot-e-legend-concept-2018-paris-auto-show_100673278_h-jpg.webp","contentUrl":"https:\/\/files.sunoresearch.com.br\/n\/uploads\/2021\/01\/407a2857-peuegot-e-legend-concept-2018-paris-auto-show_100673278_h-jpg.webp","width":1920,"height":1259,"caption":"A Stellantis tem objetivos agressivos para ganhar o mercado de h\u00edbridos e ve\u00edculos el\u00e9tricos."},{"@type":"BreadcrumbList","@id":"https:\/\/www.suno.com.br\/noticias\/stellantis-eletrificar-toda-versao-veiculo-2025\/#breadcrumb","itemListElement":[{"@type":"ListItem","position":1,"name":"Not\u00edcias","item":"https:\/\/www.suno.com.br\/noticias\/"},{"@type":"ListItem","position":2,"name":"Neg\u00f3cios","item":"https:\/\/www.suno.com.br\/noticias\/negocios\/"},{"@type":"ListItem","position":3,"name":"Stellantis quer eletrificar toda nova vers\u00e3o de ve\u00edculo at\u00e9 2025"}]},{"@type":"WebSite","@id":"https:\/\/www.suno.com.br\/noticias\/#website","url":"https:\/\/www.suno.com.br\/noticias\/","name":"Suno Not\u00edcias","description":"Seu portal de informa\u00e7\u00e3o sobre o mundo dos investimentos","publisher":{"@id":"https:\/\/www.suno.com.br\/noticias\/#organization"},"potentialAction":[{"@type":"SearchAction","target":{"@type":"EntryPoint","urlTemplate":"https:\/\/www.suno.com.br\/noticias\/?s={search_term_string}"},"query-input":{"@type":"PropertyValueSpecification","valueRequired":true,"valueName":"search_term_string"}}],"inLanguage":"pt-BR"},{"@type":"Organization","@id":"https:\/\/www.suno.com.br\/noticias\/#organization","name":"Suno Not\u00edcias","url":"https:\/\/www.suno.com.br\/noticias\/","logo":{"@type":"ImageObject","inLanguage":"pt-BR","@id":"https:\/\/www.suno.com.br\/noticias\/#\/schema\/logo\/image\/","url":"https:\/\/files.sunoresearch.com.br\/n\/uploads\/2021\/09\/suno-logo.png","contentUrl":"https:\/\/files.sunoresearch.com.br\/n\/uploads\/2021\/09\/suno-logo.png","width":180,"height":180,"caption":"Suno Not\u00edcias"},"image":{"@id":"https:\/\/www.suno.com.br\/noticias\/#\/schema\/logo\/image\/"},"sameAs":["https:\/\/facebook.com\/sunoresearch","https:\/\/x.com\/sunoresearch","https:\/\/www.instagram.com\/suno","https:\/\/www.linkedin.com\/company\/suno-research\/","https:\/\/www.youtube.com\/c\/sunoresearch"]},{"@type":"Person","@id":"https:\/\/www.suno.com.br\/noticias\/#\/schema\/person\/918d79de1f0281f01599b93f9ea6e23f","name":"Jader Lazarini","image":{"@type":"ImageObject","inLanguage":"pt-BR","@id":"https:\/\/www.suno.com.br\/noticias\/#\/schema\/person\/image\/","url":"https:\/\/secure.gravatar.com\/avatar\/3c1ad8caa51589841baeb923fcddea97?s=96&r=g","contentUrl":"https:\/\/secure.gravatar.com\/avatar\/3c1ad8caa51589841baeb923fcddea97?s=96&r=g","caption":"Jader Lazarini"},"description":"Jader Lazarini escreve sobre investimentos, finan\u00e7as, economia e neg\u00f3cios. \u00c9 bacharel em Rela\u00e7\u00f5es Internacionais e analista CNPI (2619).","url":"https:\/\/www.suno.com.br\/noticias\/author\/jader-lazarini\/"}]}},"default_loop_html":"<div class=\"cardsPage__listCard__boxs\"><div class=\"cardsPage__listCard__boxs__img\"><a href=\"https:\/\/www.suno.com.br\/noticias\/stellantis-eletrificar-toda-versao-veiculo-2025\/\"><img class=\"mask\" src=\"https:\/\/www.suno.com.br\/noticias\/wp-content\/themes\/suno\/resources\/images\/spotlight\/spotlight1img\/bg-mask.png\" alt=\"Image Mask\"\/><img src=\"https:\/\/files.sunoresearch.com.br\/n\/uploads\/2021\/01\/407a2857-peuegot-e-legend-concept-2018-paris-auto-show_100673278_h-400x200.webp\" alt=\"Stellantis quer eletrificar toda nova vers\u00e3o de ve\u00edculo at\u00e9 2025\"\/><\/a><span class=\"spotlightCategory\"><a href=\"https:\/\/www.suno.com.br\/noticias\/negocios\/\">Neg\u00f3cios<\/a><\/span><\/div><div class=\"cardsPage__listCard__boxs__content\"><a href=\"https:\/\/www.suno.com.br\/noticias\/stellantis-eletrificar-toda-versao-veiculo-2025\/\"><h2 class=\"content__title\">Stellantis quer eletrificar toda nova vers\u00e3o de ve\u00edculo at\u00e9 2025<\/h2><\/a><div class=\"newsContent__article__meta\"><div class=\"newsContent__article__meta__authorBox\"><a href=\"https:\/\/www.suno.com.br\/noticias\/author\/jader-lazarini\/\" class=\"authorBox__avatar noMobi\"><img src=\"https:\/\/files.sunoresearch.com.br\/n\/uploads\/2021\/01\/178e6598-foto-perfil-2-150x150.jpg\" alt=\"Jader Lazarini\"><\/a><div class=\"authorBox__name\"><span>por\n\t\t\t<a href=\"https:\/\/www.suno.com.br\/noticias\/author\/jader-lazarini\/\"><span itemprop=\"author\">Jader Lazarini<\/span><\/a><\/span><time datetime=\"2021-01-24T10:06:13-03:00\" itemprop=\"datePublished\">24\/01\/2021 10:06<\/time><\/div><\/div><\/div><\/div><\/div>","single_layout":"posts","amp_enabled":true,"_links":{"self":[{"href":"https:\/\/www.suno.com.br\/noticias\/wp-json\/wp\/v2\/posts\/115738"}],"collection":[{"href":"https:\/\/www.suno.com.br\/noticias\/wp-json\/wp\/v2\/posts"}],"about":[{"href":"https:\/\/www.suno.com.br\/noticias\/wp-json\/wp\/v2\/types\/post"}],"author":[{"embeddable":true,"href":"https:\/\/www.suno.com.br\/noticias\/wp-json\/wp\/v2\/users\/24"}],"replies":[{"embeddable":true,"href":"https:\/\/www.suno.com.br\/noticias\/wp-json\/wp\/v2\/comments?post=115738"}],"version-history":[{"count":0,"href":"https:\/\/www.suno.com.br\/noticias\/wp-json\/wp\/v2\/posts\/115738\/revisions"}],"wp:featuredmedia":[{"embeddable":true,"href":"https:\/\/www.suno.com.br\/noticias\/wp-json\/wp\/v2\/media\/115739"}],"wp:attachment":[{"href":"https:\/\/www.suno.com.br\/noticias\/wp-json\/wp\/v2\/media?parent=115738"}],"wp:term":[{"taxonomy":"category","embeddable":true,"href":"https:\/\/www.suno.com.br\/noticias\/wp-json\/wp\/v2\/categories?post=115738"},{"taxonomy":"post_tag","embeddable":true,"href":"https:\/\/www.suno.com.br\/noticias\/wp-json\/wp\/v2\/tags?post=115738"},{"taxonomy":"suno_strategy","embeddable":true,"href":"https:\/\/www.suno.com.br\/noticias\/wp-json\/wp\/v2\/suno_strategy?post=115738"}],"curies":[{"name":"wp","href":"https:\/\/api.w.org\/{rel}","templated":true}]}}