{"id":115735,"date":"2021-01-24T11:46:11","date_gmt":"2021-01-24T14:46:11","guid":{"rendered":"https:\/\/www.suno.com.br\/noticias\/?p=115735"},"modified":"2021-01-24T11:46:29","modified_gmt":"2021-01-24T14:46:29","slug":"vale-vale3-beny-steinmetz-condenado-suica","status":"publish","type":"post","link":"https:\/\/www.suno.com.br\/noticias\/vale-vale3-beny-steinmetz-condenado-suica\/","title":{"rendered":"Vale (VALE3) comemora condena\u00e7\u00e3o de Beny Steinmetz na Su\u00ed\u00e7a"},"content":{"rendered":"<p>Em nota enviada \u00e0 <a href=\"https:\/\/www.suno.com.br\/artigos\/cvm\/\">Comiss\u00e3o de Valores Mobili\u00e1rios (CVM)<\/a> na noite do \u00faltimo s\u00e1bado (23), a <a href=\"https:\/\/www.suno.com.br\/acoes\/vale3\/\"><strong>Vale<\/strong> (VALE3)<\/a> comemorou a condena\u00e7\u00e3o de Beny Steinmetz, bilion\u00e1rio israelense, ex-controlador da BSGR e s\u00f3cio da mineradora em uma antiga <em>joint venture<\/em> na Rep\u00fablica da Guin\u00e9. Ele foi condenado a cumprir cinco anos de pris\u00e3o na Su\u00ed\u00e7a.<\/p>\t<div class=\"wrapper-featured-image\">\n\t\t<figure class=\"spotlightImg\">\n\n\t\t\t<picture>\n\t\t\t\t<source media=\"(max-width: 768px)\" srcset=\"https:\/\/files.sunoresearch.com.br\/n\/uploads\/2021\/01\/afa5cfb1-bn-rh018_steinm_gr_20161219062442-400x200.webp\">\n\t\t\t\t<img loading=\"lazy\" decoding=\"async\" class=\"newsContent__article__imgCapa lazyloadDisabled \" src=\"https:\/\/files.sunoresearch.com.br\/n\/uploads\/2021\/01\/afa5cfb1-bn-rh018_steinm_gr_20161219062442-800x450.webp\" width=\"800\" height=\"450\" alt=\"Vale (VALE3) comemora condena\u00e7\u00e3o de Beny Steinmetz na Su\u00ed\u00e7a\" fetchpriority=high \/>\n\t\t\t<\/picture>\n\n\t\t\t<figcaption class=\"wp-caption-text wp-caption-text--show\">Em nota enviada \u00e0 CVM, a Vale (VALE3) comemorou a condena\u00e7\u00e3o de Beny Steinmetz na Su\u00ed\u00e7a, e diz confiar na Justi\u00e7a brasileira.<\/figcaption>\n\t\t<\/figure>\n\t<\/div>\n\n\n\t<p>\n\t\t<a href=\"https:\/\/lp.suno.com.br\/planilha-controle-gastos\/\" target=\"_blank\" data-element=\"shortcode-suno-banner\" title=\"Banner SUNO, clique e saiba mais\">\n\t\t\t<picture>\n\t\t\t\t<source media=\"(max-width: 500px)\" srcset=\"https:\/\/files.sunoresearch.com.br\/n\/uploads\/2023\/03\/400x300-Planilha-controle-de-gastos.png\">\n\t\t\t\t<img class=\"newsContent__article__imgCapa newsContent__article__imgCapa--banner\"\n\t\t\t\t\tsrc=\"https:\/\/files.sunoresearch.com.br\/n\/uploads\/2023\/03\/1420x240-Planilha-controle-de-gastos.png\"\n\t\t\t\t\tdata-promo-id=\"101751\"\t\t\t\t\t\t\t\t\t\twidth='1420' height='240'\t\t\t\t\talt=\"https:\/\/files.sunoresearch.com.br\/n\/uploads\/2023\/03\/1420x240-Planilha-controle-de-gastos.png\"\n\t\t\t\t>\n\t\t\t<\/picture>\n\t\t<\/a>\n\t<\/p>\n\n\n<p>O neg\u00f3cio entre a Vale e <strong>Steinmetz<\/strong> foi quebrado ap\u00f3s ser revelada a pr\u00e1tica de <strong>corrup\u00e7\u00e3o<\/strong> e <strong>suborno<\/strong> do empres\u00e1rio para garantir a explora\u00e7\u00e3o no pa\u00eds africano. Ele tamb\u00e9m ter\u00e1 de pagar uma multa de 50 milh\u00f5es de francos su\u00ed\u00e7os (cerca de R$ 308,79 milh\u00f5es).<\/p>\n<p>A companhia tamb\u00e9m disse que confia na Justi\u00e7a brasileira para que Steinmetz n\u00e3o desvie o foco de seus crimes.<\/p>\n<p><a href=\"https:\/\/lp.suno.com.br\/suno-one\/\"><span style=\"font-weight: 400;\">Suno One: acesse gratuitamente eBooks, Minicursos, Artigos e Video Aulas sobre investimentos com um \u00fanico cadastro. Clique para saber mais!<\/span><\/a><\/p>\n<p>&#8220;A Vale tem confian\u00e7a de que as autoridades brasileiras tamb\u00e9m n\u00e3o ser\u00e3o enganadas pelas cont\u00ednuas tentativas de Steinmetz de inverter responsabilidades e desviar a aten\u00e7\u00e3o de seus atos corruptos&#8221;, afirma a companhia no documento.<\/p>\n<p>A Vale ressalta que a decis\u00e3o da Justi\u00e7a su\u00ed\u00e7a est\u00e1 de acordo com a senten\u00e7a do <strong>Tribunal Arbitral Internacional de Londres<\/strong>, em abril de 2019, que considerou que a BSGR incorreu em fraude contra a mineradora ao ocultar os crimes.<\/p>\n\t<p>\n\t\t<a href=\"https:\/\/lp.suno.com.br\/ebook-como-analisar-uma-acao\/\" target=\"_blank\" data-element=\"shortcode-suno-banner\" title=\"Banner SUNO, clique e saiba mais\">\n\t\t\t<picture>\n\t\t\t\t<source media=\"(max-width: 500px)\" srcset=\"https:\/\/files.sunoresearch.com.br\/n\/uploads\/2023\/03\/Ebook-Acoes-Mobile.jpg\">\n\t\t\t\t<img class=\"newsContent__article__imgCapa newsContent__article__imgCapa--banner\"\n\t\t\t\t\tsrc=\"https:\/\/files.sunoresearch.com.br\/n\/uploads\/2023\/03\/Ebook-Acoes-Desktop.jpg\"\n\t\t\t\t\tdata-promo-id=\"378302\"\t\t\t\t\t\t\t\t\t\twidth='1420' height='286'\t\t\t\t\talt=\"https:\/\/files.sunoresearch.com.br\/n\/uploads\/2023\/03\/Ebook-Acoes-Desktop.jpg\"\n\t\t\t\t>\n\t\t\t<\/picture>\n\t\t<\/a>\n\t<\/p>\n\n\n<h2>O caso e a acusa\u00e7\u00e3o de Steinmetz sobre a Vale<\/h2>\n<p>O tribunal su\u00ed\u00e7o concluiu, com base nas provas obtidas pelo governo da <strong>Guin\u00e9<\/strong> e por testemunhas, que, em 2008, o Steinmetz corrompeu Mamadie Tour\u00e9, a quarta esposa do ent\u00e3o ditador guineano, Lansana Cont\u00e9, com o objetivo de conseguir os direitos de explora\u00e7\u00e3o dos blocos 1 e 2 da <strong>mina de ferro<\/strong> de Simandou. A mina fica no no sudeste do pa\u00eds, e \u00e9 a maior reserva de ferro ainda intocada no planeta.<\/p>\n<p>Em 2010, o empres\u00e1rio vendeu metade do direito de explora\u00e7\u00e3o para a Vale, em um acordo de US$ 2,5 bilh\u00f5es. A mineradora, contudo, s\u00f3 pagou US$ 500 milh\u00f5es, pouco antes do neg\u00f3cio ser interrompido. Em 2015, quando a sociedade foi oficialmente desfeita, e a Vale processou Steinmetz na Corte de Londres.<\/p>\n\t<div data-element=\"shortcode-read-more\" class=\"knowMore\">\n\t\t\t\t<span class=\"knowMore__title\">Saiba mais<\/span>\n\t\t\t\t<a class=\"knowMore__link\" href=\"https:\/\/www.suno.com.br\/noticias\/tesla-tsla-aumenta-vendas-california-4t20\/\">\n\t\t\tTesla aumenta vendas em 63% na Calif\u00f3rnia no 4T20, diz pesquisa\t\t<\/a>\n\t<\/div>\n\n\n<p>No in\u00edcio do julgamento na Su\u00ed\u00e7a, o empres\u00e1rio disse que a Vale tinha o objetivo de ficar com 100% de sua explora\u00e7\u00e3o no pa\u00eds africano e que a empresa &#8220;mentiu&#8221; no processo em que abriu contra ele.<\/p>\n<p>Steinmetz declarou que ainda &#8220;existem novas coisas que v\u00e3o sair e mostrar que a <strong>Vale<\/strong> mentiu durante o processo [em Londres]&#8221;, garantindo que ainda tem &#8220;possibilidade de ganhar&#8221;. Apesar da condena\u00e7\u00e3o, o bilion\u00e1rio vai recorrer da senten\u00e7a em liberdade.<\/p>\n<p><em>Com informa\u00e7\u00f5es do Estad\u00e3o Conte\u00fado.\u00a0<\/em><\/p>\n\t<p>\n\t\t<a href=\"https:\/\/lp.suno.com.br\/planilha-de-controle-de-investimentos\/\" target=\"_blank\" data-element=\"shortcode-suno-banner\" title=\"Banner SUNO, clique e saiba mais\">\n\t\t\t<picture>\n\t\t\t\t<source media=\"(max-width: 500px)\" srcset=\"https:\/\/files.sunoresearch.com.br\/n\/uploads\/2023\/03\/400x300-Controle-de-Investimentos.png\">\n\t\t\t\t<img class=\"newsContent__article__imgCapa newsContent__article__imgCapa--banner\"\n\t\t\t\t\tsrc=\"https:\/\/files.sunoresearch.com.br\/n\/uploads\/2023\/03\/1420x240-Controle-de-Investimentos.png\"\n\t\t\t\t\tdata-promo-id=\"75934\"\t\t\t\t\t\t\t\t\t\twidth='1420' height='240'\t\t\t\t\talt=\"https:\/\/files.sunoresearch.com.br\/n\/uploads\/2023\/03\/1420x240-Controle-de-Investimentos.png\"\n\t\t\t\t>\n\t\t\t<\/picture>\n\t\t<\/a>\n\t<\/p>\n\n\n","protected":false},"excerpt":{"rendered":"<p>Em nota enviada \u00e0 Comiss\u00e3o de Valores Mobili\u00e1rios (CVM) na noite do \u00faltimo s\u00e1bado (23), a Vale (VALE3) comemorou a condena\u00e7\u00e3o de Beny Steinmetz, bilion\u00e1rio israelense, ex-controlador da BSGR e s\u00f3cio da mineradora em uma antiga joint venture na Rep\u00fablica da Guin\u00e9. Ele foi condenado a cumprir cinco anos de pris\u00e3o na Su\u00ed\u00e7a. Em nota [&hellip;]<\/p>\n","protected":false},"author":24,"featured_media":115752,"comment_status":"closed","ping_status":"closed","sticky":false,"template":"","format":"standard","meta":[],"categories":[64],"tags":[105655,825,676],"suno_strategy":[],"class_list":["post-115735","post","type-post","status-publish","format-standard","has-post-thumbnail","hentry","category-negocios","tag-beny-steinmetz","tag-minerio-de-ferro","tag-vale-vale3"],"yoast_head":"<!-- This site is optimized with the Yoast SEO plugin v24.4 - https:\/\/yoast.com\/wordpress\/plugins\/seo\/ -->\n<title>Vale (VALE3) comemora condena\u00e7\u00e3o de Beny Steinmetz na Su\u00ed\u00e7a<\/title>\n<meta name=\"description\" content=\"Em nota enviada \u00e0 CVM, a Vale (VALE3) comemorou a condena\u00e7\u00e3o de Beny Steinmetz na Su\u00ed\u00e7a, e diz confiar na Justi\u00e7a brasileira. Saiba mais.\" \/>\n<meta name=\"robots\" content=\"index, follow, max-snippet:-1, max-image-preview:large, max-video-preview:-1\" \/>\n<link rel=\"canonical\" href=\"https:\/\/www.suno.com.br\/noticias\/vale-vale3-beny-steinmetz-condenado-suica\/\" \/>\n<meta property=\"og:locale\" content=\"pt_BR\" \/>\n<meta property=\"og:type\" content=\"article\" \/>\n<meta property=\"og:title\" content=\"Vale (VALE3) comemora condena\u00e7\u00e3o de Beny Steinmetz na Su\u00ed\u00e7a\" \/>\n<meta property=\"og:description\" content=\"Em nota enviada \u00e0 CVM, a Vale (VALE3) comemorou a condena\u00e7\u00e3o de Beny Steinmetz na Su\u00ed\u00e7a, e diz confiar na Justi\u00e7a brasileira. Saiba mais.\" \/>\n<meta property=\"og:url\" content=\"https:\/\/www.suno.com.br\/noticias\/vale-vale3-beny-steinmetz-condenado-suica\/\" \/>\n<meta property=\"og:site_name\" content=\"Suno Not\u00edcias\" \/>\n<meta property=\"article:publisher\" content=\"https:\/\/facebook.com\/sunoresearch\" \/>\n<meta property=\"og:image\" content=\"https:\/\/files.sunoresearch.com.br\/n\/uploads\/2021\/01\/afa5cfb1-bn-rh018_steinm_gr_20161219062442.jpg\" \/>\n\t<meta property=\"og:image:width\" content=\"1242\" \/>\n\t<meta property=\"og:image:height\" content=\"810\" \/>\n\t<meta property=\"og:image:type\" content=\"image\/jpeg\" \/>\n<meta name=\"author\" content=\"Jader Lazarini\" \/>\n<meta name=\"twitter:card\" content=\"summary_large_image\" \/>\n<meta name=\"twitter:creator\" content=\"@sunoresearch\" \/>\n<meta name=\"twitter:site\" content=\"@sunoresearch\" \/>\n<meta name=\"twitter:label1\" content=\"Escrito por\" \/>\n\t<meta name=\"twitter:data1\" content=\"Jader Lazarini\" \/>\n\t<meta name=\"twitter:label2\" content=\"Est. tempo de leitura\" \/>\n\t<meta name=\"twitter:data2\" content=\"2 minutos\" \/>\n<script type=\"application\/ld+json\" class=\"yoast-schema-graph\">{\"@context\":\"https:\/\/schema.org\",\"@graph\":[{\"@type\":\"NewsArticle\",\"@id\":\"https:\/\/www.suno.com.br\/noticias\/vale-vale3-beny-steinmetz-condenado-suica\/#article\",\"isPartOf\":{\"@id\":\"https:\/\/www.suno.com.br\/noticias\/vale-vale3-beny-steinmetz-condenado-suica\/\"},\"author\":{\"name\":\"Jader Lazarini\",\"@id\":\"https:\/\/www.suno.com.br\/noticias\/#\/schema\/person\/918d79de1f0281f01599b93f9ea6e23f\"},\"headline\":\"Vale (VALE3) comemora condena\u00e7\u00e3o de Beny Steinmetz na Su\u00ed\u00e7a\",\"datePublished\":\"2021-01-24T14:46:11+00:00\",\"dateModified\":\"2021-01-24T14:46:29+00:00\",\"mainEntityOfPage\":{\"@id\":\"https:\/\/www.suno.com.br\/noticias\/vale-vale3-beny-steinmetz-condenado-suica\/\"},\"wordCount\":505,\"publisher\":{\"@id\":\"https:\/\/www.suno.com.br\/noticias\/#organization\"},\"image\":{\"@id\":\"https:\/\/www.suno.com.br\/noticias\/vale-vale3-beny-steinmetz-condenado-suica\/#primaryimage\"},\"thumbnailUrl\":\"https:\/\/files.sunoresearch.com.br\/n\/uploads\/2021\/01\/afa5cfb1-bn-rh018_steinm_gr_20161219062442-jpg.webp\",\"keywords\":[\"Beny Steinmetz\",\"min\u00e9rio de ferro\",\"Vale (VALE3)\"],\"articleSection\":[\"Neg\u00f3cios\"],\"inLanguage\":\"pt-BR\"},{\"@type\":\"WebPage\",\"@id\":\"https:\/\/www.suno.com.br\/noticias\/vale-vale3-beny-steinmetz-condenado-suica\/\",\"url\":\"https:\/\/www.suno.com.br\/noticias\/vale-vale3-beny-steinmetz-condenado-suica\/\",\"name\":\"Vale (VALE3) comemora condena\u00e7\u00e3o de Beny Steinmetz na Su\u00ed\u00e7a\",\"isPartOf\":{\"@id\":\"https:\/\/www.suno.com.br\/noticias\/#website\"},\"primaryImageOfPage\":{\"@id\":\"https:\/\/www.suno.com.br\/noticias\/vale-vale3-beny-steinmetz-condenado-suica\/#primaryimage\"},\"image\":{\"@id\":\"https:\/\/www.suno.com.br\/noticias\/vale-vale3-beny-steinmetz-condenado-suica\/#primaryimage\"},\"thumbnailUrl\":\"https:\/\/files.sunoresearch.com.br\/n\/uploads\/2021\/01\/afa5cfb1-bn-rh018_steinm_gr_20161219062442-jpg.webp\",\"datePublished\":\"2021-01-24T14:46:11+00:00\",\"dateModified\":\"2021-01-24T14:46:29+00:00\",\"description\":\"Em nota enviada \u00e0 CVM, a Vale (VALE3) comemorou a condena\u00e7\u00e3o de Beny Steinmetz na Su\u00ed\u00e7a, e diz confiar na Justi\u00e7a brasileira. Saiba mais.\",\"breadcrumb\":{\"@id\":\"https:\/\/www.suno.com.br\/noticias\/vale-vale3-beny-steinmetz-condenado-suica\/#breadcrumb\"},\"inLanguage\":\"pt-BR\",\"potentialAction\":[{\"@type\":\"ReadAction\",\"target\":[\"https:\/\/www.suno.com.br\/noticias\/vale-vale3-beny-steinmetz-condenado-suica\/\"]}]},{\"@type\":\"ImageObject\",\"inLanguage\":\"pt-BR\",\"@id\":\"https:\/\/www.suno.com.br\/noticias\/vale-vale3-beny-steinmetz-condenado-suica\/#primaryimage\",\"url\":\"https:\/\/files.sunoresearch.com.br\/n\/uploads\/2021\/01\/afa5cfb1-bn-rh018_steinm_gr_20161219062442-jpg.webp\",\"contentUrl\":\"https:\/\/files.sunoresearch.com.br\/n\/uploads\/2021\/01\/afa5cfb1-bn-rh018_steinm_gr_20161219062442-jpg.webp\",\"width\":1242,\"height\":810,\"caption\":\"Em nota enviada \u00e0 CVM, a Vale (VALE3) comemorou a condena\u00e7\u00e3o de Beny Steinmetz na Su\u00ed\u00e7a, e diz confiar na Justi\u00e7a brasileira.\"},{\"@type\":\"BreadcrumbList\",\"@id\":\"https:\/\/www.suno.com.br\/noticias\/vale-vale3-beny-steinmetz-condenado-suica\/#breadcrumb\",\"itemListElement\":[{\"@type\":\"ListItem\",\"position\":1,\"name\":\"Not\u00edcias\",\"item\":\"https:\/\/www.suno.com.br\/noticias\/\"},{\"@type\":\"ListItem\",\"position\":2,\"name\":\"Neg\u00f3cios\",\"item\":\"https:\/\/www.suno.com.br\/noticias\/negocios\/\"},{\"@type\":\"ListItem\",\"position\":3,\"name\":\"Vale (VALE3) comemora condena\u00e7\u00e3o de Beny Steinmetz na Su\u00ed\u00e7a\"}]},{\"@type\":\"WebSite\",\"@id\":\"https:\/\/www.suno.com.br\/noticias\/#website\",\"url\":\"https:\/\/www.suno.com.br\/noticias\/\",\"name\":\"Suno Not\u00edcias\",\"description\":\"Seu portal de informa\u00e7\u00e3o sobre o mundo dos investimentos\",\"publisher\":{\"@id\":\"https:\/\/www.suno.com.br\/noticias\/#organization\"},\"potentialAction\":[{\"@type\":\"SearchAction\",\"target\":{\"@type\":\"EntryPoint\",\"urlTemplate\":\"https:\/\/www.suno.com.br\/noticias\/?s={search_term_string}\"},\"query-input\":{\"@type\":\"PropertyValueSpecification\",\"valueRequired\":true,\"valueName\":\"search_term_string\"}}],\"inLanguage\":\"pt-BR\"},{\"@type\":\"Organization\",\"@id\":\"https:\/\/www.suno.com.br\/noticias\/#organization\",\"name\":\"Suno Not\u00edcias\",\"url\":\"https:\/\/www.suno.com.br\/noticias\/\",\"logo\":{\"@type\":\"ImageObject\",\"inLanguage\":\"pt-BR\",\"@id\":\"https:\/\/www.suno.com.br\/noticias\/#\/schema\/logo\/image\/\",\"url\":\"https:\/\/files.sunoresearch.com.br\/n\/uploads\/2021\/09\/suno-logo.png\",\"contentUrl\":\"https:\/\/files.sunoresearch.com.br\/n\/uploads\/2021\/09\/suno-logo.png\",\"width\":180,\"height\":180,\"caption\":\"Suno Not\u00edcias\"},\"image\":{\"@id\":\"https:\/\/www.suno.com.br\/noticias\/#\/schema\/logo\/image\/\"},\"sameAs\":[\"https:\/\/facebook.com\/sunoresearch\",\"https:\/\/x.com\/sunoresearch\",\"https:\/\/www.instagram.com\/suno\",\"https:\/\/www.linkedin.com\/company\/suno-research\/\",\"https:\/\/www.youtube.com\/c\/sunoresearch\"]},{\"@type\":\"Person\",\"@id\":\"https:\/\/www.suno.com.br\/noticias\/#\/schema\/person\/918d79de1f0281f01599b93f9ea6e23f\",\"name\":\"Jader Lazarini\",\"image\":{\"@type\":\"ImageObject\",\"inLanguage\":\"pt-BR\",\"@id\":\"https:\/\/www.suno.com.br\/noticias\/#\/schema\/person\/image\/\",\"url\":\"https:\/\/secure.gravatar.com\/avatar\/3c1ad8caa51589841baeb923fcddea97?s=96&r=g\",\"contentUrl\":\"https:\/\/secure.gravatar.com\/avatar\/3c1ad8caa51589841baeb923fcddea97?s=96&r=g\",\"caption\":\"Jader Lazarini\"},\"description\":\"Jader Lazarini escreve sobre investimentos, finan\u00e7as, economia e neg\u00f3cios. \u00c9 bacharel em Rela\u00e7\u00f5es Internacionais e analista CNPI (2619).\",\"url\":\"https:\/\/www.suno.com.br\/noticias\/author\/jader-lazarini\/\"}]}<\/script>\n<!-- \/ Yoast SEO plugin. -->","yoast_head_json":{"title":"Vale (VALE3) comemora condena\u00e7\u00e3o de Beny Steinmetz na Su\u00ed\u00e7a","description":"Em nota enviada \u00e0 CVM, a Vale (VALE3) comemorou a condena\u00e7\u00e3o de Beny Steinmetz na Su\u00ed\u00e7a, e diz confiar na Justi\u00e7a brasileira. Saiba mais.","robots":{"index":"index","follow":"follow","max-snippet":"max-snippet:-1","max-image-preview":"max-image-preview:large","max-video-preview":"max-video-preview:-1"},"canonical":"https:\/\/www.suno.com.br\/noticias\/vale-vale3-beny-steinmetz-condenado-suica\/","og_locale":"pt_BR","og_type":"article","og_title":"Vale (VALE3) comemora condena\u00e7\u00e3o de Beny Steinmetz na Su\u00ed\u00e7a","og_description":"Em nota enviada \u00e0 CVM, a Vale (VALE3) comemorou a condena\u00e7\u00e3o de Beny Steinmetz na Su\u00ed\u00e7a, e diz confiar na Justi\u00e7a brasileira. Saiba mais.","og_url":"https:\/\/www.suno.com.br\/noticias\/vale-vale3-beny-steinmetz-condenado-suica\/","og_site_name":"Suno Not\u00edcias","article_publisher":"https:\/\/facebook.com\/sunoresearch","og_image":[{"width":1242,"height":810,"url":"https:\/\/files.sunoresearch.com.br\/n\/uploads\/2021\/01\/afa5cfb1-bn-rh018_steinm_gr_20161219062442.jpg","type":"image\/jpeg"}],"author":"Jader Lazarini","twitter_card":"summary_large_image","twitter_creator":"@sunoresearch","twitter_site":"@sunoresearch","twitter_misc":{"Escrito por":"Jader Lazarini","Est. tempo de leitura":"2 minutos"},"schema":{"@context":"https:\/\/schema.org","@graph":[{"@type":"NewsArticle","@id":"https:\/\/www.suno.com.br\/noticias\/vale-vale3-beny-steinmetz-condenado-suica\/#article","isPartOf":{"@id":"https:\/\/www.suno.com.br\/noticias\/vale-vale3-beny-steinmetz-condenado-suica\/"},"author":{"name":"Jader Lazarini","@id":"https:\/\/www.suno.com.br\/noticias\/#\/schema\/person\/918d79de1f0281f01599b93f9ea6e23f"},"headline":"Vale (VALE3) comemora condena\u00e7\u00e3o de Beny Steinmetz na Su\u00ed\u00e7a","datePublished":"2021-01-24T14:46:11+00:00","dateModified":"2021-01-24T14:46:29+00:00","mainEntityOfPage":{"@id":"https:\/\/www.suno.com.br\/noticias\/vale-vale3-beny-steinmetz-condenado-suica\/"},"wordCount":505,"publisher":{"@id":"https:\/\/www.suno.com.br\/noticias\/#organization"},"image":{"@id":"https:\/\/www.suno.com.br\/noticias\/vale-vale3-beny-steinmetz-condenado-suica\/#primaryimage"},"thumbnailUrl":"https:\/\/files.sunoresearch.com.br\/n\/uploads\/2021\/01\/afa5cfb1-bn-rh018_steinm_gr_20161219062442-jpg.webp","keywords":["Beny Steinmetz","min\u00e9rio de ferro","Vale (VALE3)"],"articleSection":["Neg\u00f3cios"],"inLanguage":"pt-BR"},{"@type":"WebPage","@id":"https:\/\/www.suno.com.br\/noticias\/vale-vale3-beny-steinmetz-condenado-suica\/","url":"https:\/\/www.suno.com.br\/noticias\/vale-vale3-beny-steinmetz-condenado-suica\/","name":"Vale (VALE3) comemora condena\u00e7\u00e3o de Beny Steinmetz na Su\u00ed\u00e7a","isPartOf":{"@id":"https:\/\/www.suno.com.br\/noticias\/#website"},"primaryImageOfPage":{"@id":"https:\/\/www.suno.com.br\/noticias\/vale-vale3-beny-steinmetz-condenado-suica\/#primaryimage"},"image":{"@id":"https:\/\/www.suno.com.br\/noticias\/vale-vale3-beny-steinmetz-condenado-suica\/#primaryimage"},"thumbnailUrl":"https:\/\/files.sunoresearch.com.br\/n\/uploads\/2021\/01\/afa5cfb1-bn-rh018_steinm_gr_20161219062442-jpg.webp","datePublished":"2021-01-24T14:46:11+00:00","dateModified":"2021-01-24T14:46:29+00:00","description":"Em nota enviada \u00e0 CVM, a Vale (VALE3) comemorou a condena\u00e7\u00e3o de Beny Steinmetz na Su\u00ed\u00e7a, e diz confiar na Justi\u00e7a brasileira. Saiba mais.","breadcrumb":{"@id":"https:\/\/www.suno.com.br\/noticias\/vale-vale3-beny-steinmetz-condenado-suica\/#breadcrumb"},"inLanguage":"pt-BR","potentialAction":[{"@type":"ReadAction","target":["https:\/\/www.suno.com.br\/noticias\/vale-vale3-beny-steinmetz-condenado-suica\/"]}]},{"@type":"ImageObject","inLanguage":"pt-BR","@id":"https:\/\/www.suno.com.br\/noticias\/vale-vale3-beny-steinmetz-condenado-suica\/#primaryimage","url":"https:\/\/files.sunoresearch.com.br\/n\/uploads\/2021\/01\/afa5cfb1-bn-rh018_steinm_gr_20161219062442-jpg.webp","contentUrl":"https:\/\/files.sunoresearch.com.br\/n\/uploads\/2021\/01\/afa5cfb1-bn-rh018_steinm_gr_20161219062442-jpg.webp","width":1242,"height":810,"caption":"Em nota enviada \u00e0 CVM, a Vale (VALE3) comemorou a condena\u00e7\u00e3o de Beny Steinmetz na Su\u00ed\u00e7a, e diz confiar na Justi\u00e7a brasileira."},{"@type":"BreadcrumbList","@id":"https:\/\/www.suno.com.br\/noticias\/vale-vale3-beny-steinmetz-condenado-suica\/#breadcrumb","itemListElement":[{"@type":"ListItem","position":1,"name":"Not\u00edcias","item":"https:\/\/www.suno.com.br\/noticias\/"},{"@type":"ListItem","position":2,"name":"Neg\u00f3cios","item":"https:\/\/www.suno.com.br\/noticias\/negocios\/"},{"@type":"ListItem","position":3,"name":"Vale (VALE3) comemora condena\u00e7\u00e3o de Beny Steinmetz na Su\u00ed\u00e7a"}]},{"@type":"WebSite","@id":"https:\/\/www.suno.com.br\/noticias\/#website","url":"https:\/\/www.suno.com.br\/noticias\/","name":"Suno Not\u00edcias","description":"Seu portal de informa\u00e7\u00e3o sobre o mundo dos investimentos","publisher":{"@id":"https:\/\/www.suno.com.br\/noticias\/#organization"},"potentialAction":[{"@type":"SearchAction","target":{"@type":"EntryPoint","urlTemplate":"https:\/\/www.suno.com.br\/noticias\/?s={search_term_string}"},"query-input":{"@type":"PropertyValueSpecification","valueRequired":true,"valueName":"search_term_string"}}],"inLanguage":"pt-BR"},{"@type":"Organization","@id":"https:\/\/www.suno.com.br\/noticias\/#organization","name":"Suno Not\u00edcias","url":"https:\/\/www.suno.com.br\/noticias\/","logo":{"@type":"ImageObject","inLanguage":"pt-BR","@id":"https:\/\/www.suno.com.br\/noticias\/#\/schema\/logo\/image\/","url":"https:\/\/files.sunoresearch.com.br\/n\/uploads\/2021\/09\/suno-logo.png","contentUrl":"https:\/\/files.sunoresearch.com.br\/n\/uploads\/2021\/09\/suno-logo.png","width":180,"height":180,"caption":"Suno Not\u00edcias"},"image":{"@id":"https:\/\/www.suno.com.br\/noticias\/#\/schema\/logo\/image\/"},"sameAs":["https:\/\/facebook.com\/sunoresearch","https:\/\/x.com\/sunoresearch","https:\/\/www.instagram.com\/suno","https:\/\/www.linkedin.com\/company\/suno-research\/","https:\/\/www.youtube.com\/c\/sunoresearch"]},{"@type":"Person","@id":"https:\/\/www.suno.com.br\/noticias\/#\/schema\/person\/918d79de1f0281f01599b93f9ea6e23f","name":"Jader Lazarini","image":{"@type":"ImageObject","inLanguage":"pt-BR","@id":"https:\/\/www.suno.com.br\/noticias\/#\/schema\/person\/image\/","url":"https:\/\/secure.gravatar.com\/avatar\/3c1ad8caa51589841baeb923fcddea97?s=96&r=g","contentUrl":"https:\/\/secure.gravatar.com\/avatar\/3c1ad8caa51589841baeb923fcddea97?s=96&r=g","caption":"Jader Lazarini"},"description":"Jader Lazarini escreve sobre investimentos, finan\u00e7as, economia e neg\u00f3cios. \u00c9 bacharel em Rela\u00e7\u00f5es Internacionais e analista CNPI (2619).","url":"https:\/\/www.suno.com.br\/noticias\/author\/jader-lazarini\/"}]}},"default_loop_html":"<div class=\"cardsPage__listCard__boxs\"><div class=\"cardsPage__listCard__boxs__img\"><a href=\"https:\/\/www.suno.com.br\/noticias\/vale-vale3-beny-steinmetz-condenado-suica\/\"><img class=\"mask\" src=\"https:\/\/www.suno.com.br\/noticias\/wp-content\/themes\/suno\/resources\/images\/spotlight\/spotlight1img\/bg-mask.png\" alt=\"Image Mask\"\/><img src=\"https:\/\/files.sunoresearch.com.br\/n\/uploads\/2021\/01\/afa5cfb1-bn-rh018_steinm_gr_20161219062442-400x200.webp\" alt=\"Vale (VALE3) comemora condena\u00e7\u00e3o de Beny Steinmetz na Su\u00ed\u00e7a\"\/><\/a><span class=\"spotlightCategory\"><a href=\"https:\/\/www.suno.com.br\/noticias\/negocios\/\">Neg\u00f3cios<\/a><\/span><\/div><div class=\"cardsPage__listCard__boxs__content\"><a href=\"https:\/\/www.suno.com.br\/noticias\/vale-vale3-beny-steinmetz-condenado-suica\/\"><h2 class=\"content__title\">Vale (VALE3) comemora condena\u00e7\u00e3o de Beny Steinmetz na Su\u00ed\u00e7a<\/h2><\/a><div class=\"newsContent__article__meta\"><div class=\"newsContent__article__meta__authorBox\"><a href=\"https:\/\/www.suno.com.br\/noticias\/author\/jader-lazarini\/\" class=\"authorBox__avatar noMobi\"><img src=\"https:\/\/files.sunoresearch.com.br\/n\/uploads\/2021\/01\/178e6598-foto-perfil-2-150x150.jpg\" alt=\"Jader Lazarini\"><\/a><div class=\"authorBox__name\"><span>por\n\t\t\t<a href=\"https:\/\/www.suno.com.br\/noticias\/author\/jader-lazarini\/\"><span itemprop=\"author\">Jader Lazarini<\/span><\/a><\/span><time datetime=\"2021-01-24T11:46:11-03:00\" itemprop=\"datePublished\">24\/01\/2021 11:46<\/time><\/div><\/div><\/div><\/div><\/div>","single_layout":"posts","amp_enabled":true,"_links":{"self":[{"href":"https:\/\/www.suno.com.br\/noticias\/wp-json\/wp\/v2\/posts\/115735"}],"collection":[{"href":"https:\/\/www.suno.com.br\/noticias\/wp-json\/wp\/v2\/posts"}],"about":[{"href":"https:\/\/www.suno.com.br\/noticias\/wp-json\/wp\/v2\/types\/post"}],"author":[{"embeddable":true,"href":"https:\/\/www.suno.com.br\/noticias\/wp-json\/wp\/v2\/users\/24"}],"replies":[{"embeddable":true,"href":"https:\/\/www.suno.com.br\/noticias\/wp-json\/wp\/v2\/comments?post=115735"}],"version-history":[{"count":0,"href":"https:\/\/www.suno.com.br\/noticias\/wp-json\/wp\/v2\/posts\/115735\/revisions"}],"wp:featuredmedia":[{"embeddable":true,"href":"https:\/\/www.suno.com.br\/noticias\/wp-json\/wp\/v2\/media\/115752"}],"wp:attachment":[{"href":"https:\/\/www.suno.com.br\/noticias\/wp-json\/wp\/v2\/media?parent=115735"}],"wp:term":[{"taxonomy":"category","embeddable":true,"href":"https:\/\/www.suno.com.br\/noticias\/wp-json\/wp\/v2\/categories?post=115735"},{"taxonomy":"post_tag","embeddable":true,"href":"https:\/\/www.suno.com.br\/noticias\/wp-json\/wp\/v2\/tags?post=115735"},{"taxonomy":"suno_strategy","embeddable":true,"href":"https:\/\/www.suno.com.br\/noticias\/wp-json\/wp\/v2\/suno_strategy?post=115735"}],"curies":[{"name":"wp","href":"https:\/\/api.w.org\/{rel}","templated":true}]}}