{"id":115701,"date":"2021-01-23T12:12:53","date_gmt":"2021-01-23T15:12:53","guid":{"rendered":"https:\/\/www.suno.com.br\/noticias\/?p=115701"},"modified":"2021-01-23T12:12:53","modified_gmt":"2021-01-23T15:12:53","slug":"bill-gates-recebe-primeira-dose-da-vacina-e-diz-que-e-beneficio-de-ter-65-anos","status":"publish","type":"post","link":"https:\/\/www.suno.com.br\/noticias\/bill-gates-recebe-primeira-dose-da-vacina-e-diz-que-e-beneficio-de-ter-65-anos\/","title":{"rendered":"Bill Gates recebe primeira dose da vacina e diz que \u00e9 &#8220;benef\u00edcio de ter 65 anos&#8221;"},"content":{"rendered":"<p>O bilion\u00e1rio <strong>Bill Gates<\/strong>, de 65 anos, anunciou no Twitter que recebeu a primeira dose da vacina contra a Covid-19. O criador da Microsoft disse que se sentiu &#8220;\u00f3timo&#8221; depois de tomar a vacina, e agradeceu os profissionais da sa\u00fade.<\/p>\t<div class=\"wrapper-featured-image\">\n\t\t<figure class=\"spotlightImg\">\n\n\t\t\t<picture>\n\t\t\t\t<source media=\"(max-width: 768px)\" srcset=\"https:\/\/files.sunoresearch.com.br\/n\/uploads\/2021\/01\/ce8eb4e3-bill-gates-vacina-400x200.webp\">\n\t\t\t\t<img loading=\"lazy\" decoding=\"async\" class=\"newsContent__article__imgCapa lazyloadDisabled \" src=\"https:\/\/files.sunoresearch.com.br\/n\/uploads\/2021\/01\/ce8eb4e3-bill-gates-vacina-800x450.webp\" width=\"800\" height=\"450\" alt=\"Bill Gates recebe primeira dose da vacina e diz que \u00e9 &#8220;benef\u00edcio de ter 65 anos&#8221;\" fetchpriority=high \/>\n\t\t\t<\/picture>\n\n\t\t\t<figcaption class=\"wp-caption-text wp-caption-text--show\">Bill Gates<\/figcaption>\n\t\t<\/figure>\n\t<\/div>\n\n\n<p><span style=\"font-weight: 400;\">\t<p>\n\t\t<a href=\"https:\/\/lp.suno.com.br\/planilha-controle-gastos\/\" target=\"_blank\" data-element=\"shortcode-suno-banner\" title=\"Banner SUNO, clique e saiba mais\">\n\t\t\t<picture>\n\t\t\t\t<source media=\"(max-width: 500px)\" srcset=\"https:\/\/files.sunoresearch.com.br\/n\/uploads\/2023\/03\/400x300-Planilha-controle-de-gastos.png\">\n\t\t\t\t<img class=\"newsContent__article__imgCapa newsContent__article__imgCapa--banner\"\n\t\t\t\t\tsrc=\"https:\/\/files.sunoresearch.com.br\/n\/uploads\/2023\/03\/1420x240-Planilha-controle-de-gastos.png\"\n\t\t\t\t\tdata-promo-id=\"101751\"\t\t\t\t\t\t\t\t\t\twidth='1420' height='240'\t\t\t\t\talt=\"https:\/\/files.sunoresearch.com.br\/n\/uploads\/2023\/03\/1420x240-Planilha-controle-de-gastos.png\"\n\t\t\t\t>\n\t\t\t<\/picture>\n\t\t<\/a>\n\t<\/p>\n\n <\/span><\/p>\n<p>&#8220;Um dos benef\u00edcios de ter 65 anos \u00e9 poder receber a <strong>vacina da Covid-19<\/strong>&#8220;, afirmou. &#8220;Tomei minha primeira dose nesta semana e me sinto \u00f3timo. Obrigado a todos os cientistas, participantes dos testes cl\u00ednicos, reguladores e profissionais da sa\u00fade na linha de frente por nos terem permitido chegar at\u00e9 aqui&#8221;, disse.<\/p>\n<p><a href=\"https:\/\/lp.suno.com.br\/suno-one\/\"><span style=\"font-weight: 400;\">Suno One: acesse gratuitamente eBooks, Minicursos, Artigos e Video Aulas sobre investimentos com um \u00fanico cadastro. Clique para saber mais!<\/span><\/a><\/p>\n<blockquote class=\"twitter-tweet\">\n<p dir=\"ltr\" lang=\"en\">One of the benefits of being 65 is that I\u2019m eligible for the COVID-19 vaccine. I got my first dose this week, and I feel great. Thank you to all of the scientists, trial participants, regulators, and frontline healthcare workers who got us to this point. <a href=\"https:\/\/t.co\/67SIfrG1Yd\">pic.twitter.com\/67SIfrG1Yd<\/a><\/p>\n<p>\u2014 Bill Gates (@BillGates) <a href=\"https:\/\/twitter.com\/BillGates\/status\/1352662770416664577?ref_src=twsrc%5Etfw\">January 22, 2021<\/a><\/p><\/blockquote>\n<p><script async src=\"https:\/\/platform.twitter.com\/widgets.js\" charset=\"utf-8\"><\/script><\/p>\n<p>De acordo com o site Our World in Data, j\u00e1 foram vacinadas 19,11 milh\u00f5es de pessoas nos Estados Unidos. O pa\u00eds \u00e9 o que mais imunizou a sua popula\u00e7\u00e3o at\u00e9 agora. Em segundo lugar est\u00e1 Israel, com 3,36 milh\u00f5es de doses aplicadas.<\/p>\n<p><span style=\"font-weight: 400;\">\t<p>\n\t\t<a href=\"https:\/\/lp.suno.com.br\/ebook-como-analisar-uma-acao\/\" target=\"_blank\" data-element=\"shortcode-suno-banner\" title=\"Banner SUNO, clique e saiba mais\">\n\t\t\t<picture>\n\t\t\t\t<source media=\"(max-width: 500px)\" srcset=\"https:\/\/files.sunoresearch.com.br\/n\/uploads\/2023\/03\/Ebook-Acoes-Mobile.jpg\">\n\t\t\t\t<img class=\"newsContent__article__imgCapa newsContent__article__imgCapa--banner\"\n\t\t\t\t\tsrc=\"https:\/\/files.sunoresearch.com.br\/n\/uploads\/2023\/03\/Ebook-Acoes-Desktop.jpg\"\n\t\t\t\t\tdata-promo-id=\"378302\"\t\t\t\t\t\t\t\t\t\twidth='1420' height='286'\t\t\t\t\talt=\"https:\/\/files.sunoresearch.com.br\/n\/uploads\/2023\/03\/Ebook-Acoes-Desktop.jpg\"\n\t\t\t\t>\n\t\t\t<\/picture>\n\t\t<\/a>\n\t<\/p>\n\n<\/span><\/p>\n<h2>Bill Gates defendeu combate ao coronav\u00edrus e ao aquecimento global<\/h2>\n<p>No dia da posse de<strong> Joe Biden<\/strong> como presidente dos Estados Unidos, Bill Gates destacou na rede social que est\u00e1 ansioso para trabalhar com Biden e a vice-presidente Kamala Harris no combate ao coronav\u00edrus e \u00e0s mudan\u00e7as clim\u00e1ticas.<\/p>\n<p>&#8220;Tem sido um per\u00edodo turbulento nos Estados Unidos, mas vejo uma promessa nos pr\u00f3ximos meses e anos&#8221;, disse.<\/p>\n<div dir=\"auto\" lang=\"en\">Segundo <strong>Bill Gates<\/strong>, os Estados Unidos tem a oportunidade de liderar o mundo para evitar um desastre clim\u00e1tico. Ele elogiou a decis\u00e3o de Biden de retornar ao Acordo de Paris. A decis\u00e3o de Biden foi uma das primeiras tomadas em seu governo. O Acordo de Paris tem metas de redu\u00e7\u00e3o de emiss\u00f5es de carbono na atmosfera, para conter o aquecimento global.<\/div>\n<div dir=\"auto\" lang=\"en\"><\/div>\n<div dir=\"auto\" lang=\"en\"><span style=\"font-weight: 400;\">\u00a0\t<p>\n\t\t<a href=\"https:\/\/lp.suno.com.br\/planilha-de-controle-de-investimentos\/\" target=\"_blank\" data-element=\"shortcode-suno-banner\" title=\"Banner SUNO, clique e saiba mais\">\n\t\t\t<picture>\n\t\t\t\t<source media=\"(max-width: 500px)\" srcset=\"https:\/\/files.sunoresearch.com.br\/n\/uploads\/2023\/03\/400x300-Controle-de-Investimentos.png\">\n\t\t\t\t<img class=\"newsContent__article__imgCapa newsContent__article__imgCapa--banner\"\n\t\t\t\t\tsrc=\"https:\/\/files.sunoresearch.com.br\/n\/uploads\/2023\/03\/1420x240-Controle-de-Investimentos.png\"\n\t\t\t\t\tdata-promo-id=\"75934\"\t\t\t\t\t\t\t\t\t\twidth='1420' height='240'\t\t\t\t\talt=\"https:\/\/files.sunoresearch.com.br\/n\/uploads\/2023\/03\/1420x240-Controle-de-Investimentos.png\"\n\t\t\t\t>\n\t\t\t<\/picture>\n\t\t<\/a>\n\t<\/p>\n\n<\/span><\/div>\n","protected":false},"excerpt":{"rendered":"<p>O bilion\u00e1rio Bill Gates, de 65 anos, anunciou no Twitter que recebeu a primeira dose da vacina contra a Covid-19. O criador da Microsoft disse que se sentiu &#8220;\u00f3timo&#8221; depois de tomar a vacina, e agradeceu os profissionais da sa\u00fade. Bill Gates &#8220;Um dos benef\u00edcios de ter 65 anos \u00e9 poder receber a vacina da [&hellip;]<\/p>\n","protected":false},"author":60,"featured_media":115704,"comment_status":"closed","ping_status":"closed","sticky":false,"template":"","format":"standard","meta":[],"categories":[63],"tags":[1290,688],"suno_strategy":[],"class_list":["post-115701","post","type-post","status-publish","format-standard","has-post-thumbnail","hentry","category-internacional","tag-bill-gates","tag-microsoft-msft34"],"yoast_head":"<!-- This site is optimized with the Yoast SEO plugin v24.4 - https:\/\/yoast.com\/wordpress\/plugins\/seo\/ -->\n<title>Bill Gates recebe vacina e diz que \u00e9 &quot;benef\u00edcio de ter 65 anos&quot;<\/title>\n<meta name=\"description\" content=\"O bilion\u00e1rio Bill Gates, de 65 anos, anunciou no Twitter que recebeu a primeira dose da vacina contra a Covid. Saiba mais sobre Bill Gates.\" \/>\n<meta name=\"robots\" content=\"index, follow, max-snippet:-1, max-image-preview:large, max-video-preview:-1\" \/>\n<link rel=\"canonical\" href=\"https:\/\/www.suno.com.br\/noticias\/bill-gates-recebe-primeira-dose-da-vacina-e-diz-que-e-beneficio-de-ter-65-anos\/\" \/>\n<meta property=\"og:locale\" content=\"pt_BR\" \/>\n<meta property=\"og:type\" content=\"article\" \/>\n<meta property=\"og:title\" content=\"Bill Gates recebe vacina e diz que \u00e9 &quot;benef\u00edcio de ter 65 anos&quot;\" \/>\n<meta property=\"og:description\" content=\"O bilion\u00e1rio Bill Gates, de 65 anos, anunciou no Twitter que recebeu a primeira dose da vacina contra a Covid. Saiba mais sobre Bill Gates.\" \/>\n<meta property=\"og:url\" content=\"https:\/\/www.suno.com.br\/noticias\/bill-gates-recebe-primeira-dose-da-vacina-e-diz-que-e-beneficio-de-ter-65-anos\/\" \/>\n<meta property=\"og:site_name\" content=\"Suno Not\u00edcias\" \/>\n<meta property=\"article:publisher\" content=\"https:\/\/facebook.com\/sunoresearch\" \/>\n<meta property=\"og:image\" content=\"https:\/\/files.sunoresearch.com.br\/n\/uploads\/2021\/01\/ce8eb4e3-bill-gates-vacina.jpg\" \/>\n\t<meta property=\"og:image:width\" content=\"1007\" \/>\n\t<meta property=\"og:image:height\" content=\"554\" \/>\n\t<meta property=\"og:image:type\" content=\"image\/jpeg\" \/>\n<meta name=\"author\" content=\"Natalia G\u00f3mez\" \/>\n<meta name=\"twitter:card\" content=\"summary_large_image\" \/>\n<meta name=\"twitter:creator\" content=\"@sunoresearch\" \/>\n<meta name=\"twitter:site\" content=\"@sunoresearch\" \/>\n<meta name=\"twitter:label1\" content=\"Escrito por\" \/>\n\t<meta name=\"twitter:data1\" content=\"Natalia G\u00f3mez\" \/>\n\t<meta name=\"twitter:label2\" content=\"Est. tempo de leitura\" \/>\n\t<meta name=\"twitter:data2\" content=\"2 minutos\" \/>\n<script type=\"application\/ld+json\" class=\"yoast-schema-graph\">{\"@context\":\"https:\/\/schema.org\",\"@graph\":[{\"@type\":\"NewsArticle\",\"@id\":\"https:\/\/www.suno.com.br\/noticias\/bill-gates-recebe-primeira-dose-da-vacina-e-diz-que-e-beneficio-de-ter-65-anos\/#article\",\"isPartOf\":{\"@id\":\"https:\/\/www.suno.com.br\/noticias\/bill-gates-recebe-primeira-dose-da-vacina-e-diz-que-e-beneficio-de-ter-65-anos\/\"},\"author\":{\"name\":\"Natalia G\u00f3mez\",\"@id\":\"https:\/\/www.suno.com.br\/noticias\/#\/schema\/person\/1b24d67c140a42e864ef414497edb164\"},\"headline\":\"Bill Gates recebe primeira dose da vacina e diz que \u00e9 &#8220;benef\u00edcio de ter 65 anos&#8221;\",\"datePublished\":\"2021-01-23T15:12:53+00:00\",\"mainEntityOfPage\":{\"@id\":\"https:\/\/www.suno.com.br\/noticias\/bill-gates-recebe-primeira-dose-da-vacina-e-diz-que-e-beneficio-de-ter-65-anos\/\"},\"wordCount\":385,\"publisher\":{\"@id\":\"https:\/\/www.suno.com.br\/noticias\/#organization\"},\"image\":{\"@id\":\"https:\/\/www.suno.com.br\/noticias\/bill-gates-recebe-primeira-dose-da-vacina-e-diz-que-e-beneficio-de-ter-65-anos\/#primaryimage\"},\"thumbnailUrl\":\"https:\/\/files.sunoresearch.com.br\/n\/uploads\/2021\/01\/ce8eb4e3-bill-gates-vacina-jpg.webp\",\"keywords\":[\"Bill Gates\",\"Microsoft (MSFT34)\"],\"articleSection\":[\"Internacional\"],\"inLanguage\":\"pt-BR\"},{\"@type\":\"WebPage\",\"@id\":\"https:\/\/www.suno.com.br\/noticias\/bill-gates-recebe-primeira-dose-da-vacina-e-diz-que-e-beneficio-de-ter-65-anos\/\",\"url\":\"https:\/\/www.suno.com.br\/noticias\/bill-gates-recebe-primeira-dose-da-vacina-e-diz-que-e-beneficio-de-ter-65-anos\/\",\"name\":\"Bill Gates recebe vacina e diz que \u00e9 \\\"benef\u00edcio de ter 65 anos\\\"\",\"isPartOf\":{\"@id\":\"https:\/\/www.suno.com.br\/noticias\/#website\"},\"primaryImageOfPage\":{\"@id\":\"https:\/\/www.suno.com.br\/noticias\/bill-gates-recebe-primeira-dose-da-vacina-e-diz-que-e-beneficio-de-ter-65-anos\/#primaryimage\"},\"image\":{\"@id\":\"https:\/\/www.suno.com.br\/noticias\/bill-gates-recebe-primeira-dose-da-vacina-e-diz-que-e-beneficio-de-ter-65-anos\/#primaryimage\"},\"thumbnailUrl\":\"https:\/\/files.sunoresearch.com.br\/n\/uploads\/2021\/01\/ce8eb4e3-bill-gates-vacina-jpg.webp\",\"datePublished\":\"2021-01-23T15:12:53+00:00\",\"description\":\"O bilion\u00e1rio Bill Gates, de 65 anos, anunciou no Twitter que recebeu a primeira dose da vacina contra a Covid. Saiba mais sobre Bill Gates.\",\"breadcrumb\":{\"@id\":\"https:\/\/www.suno.com.br\/noticias\/bill-gates-recebe-primeira-dose-da-vacina-e-diz-que-e-beneficio-de-ter-65-anos\/#breadcrumb\"},\"inLanguage\":\"pt-BR\",\"potentialAction\":[{\"@type\":\"ReadAction\",\"target\":[\"https:\/\/www.suno.com.br\/noticias\/bill-gates-recebe-primeira-dose-da-vacina-e-diz-que-e-beneficio-de-ter-65-anos\/\"]}]},{\"@type\":\"ImageObject\",\"inLanguage\":\"pt-BR\",\"@id\":\"https:\/\/www.suno.com.br\/noticias\/bill-gates-recebe-primeira-dose-da-vacina-e-diz-que-e-beneficio-de-ter-65-anos\/#primaryimage\",\"url\":\"https:\/\/files.sunoresearch.com.br\/n\/uploads\/2021\/01\/ce8eb4e3-bill-gates-vacina-jpg.webp\",\"contentUrl\":\"https:\/\/files.sunoresearch.com.br\/n\/uploads\/2021\/01\/ce8eb4e3-bill-gates-vacina-jpg.webp\",\"width\":1007,\"height\":554,\"caption\":\"Bill Gates\"},{\"@type\":\"BreadcrumbList\",\"@id\":\"https:\/\/www.suno.com.br\/noticias\/bill-gates-recebe-primeira-dose-da-vacina-e-diz-que-e-beneficio-de-ter-65-anos\/#breadcrumb\",\"itemListElement\":[{\"@type\":\"ListItem\",\"position\":1,\"name\":\"Not\u00edcias\",\"item\":\"https:\/\/www.suno.com.br\/noticias\/\"},{\"@type\":\"ListItem\",\"position\":2,\"name\":\"Internacional\",\"item\":\"https:\/\/www.suno.com.br\/noticias\/internacional\/\"},{\"@type\":\"ListItem\",\"position\":3,\"name\":\"Bill Gates recebe primeira dose da vacina e diz que \u00e9 &#8220;benef\u00edcio de ter 65 anos&#8221;\"}]},{\"@type\":\"WebSite\",\"@id\":\"https:\/\/www.suno.com.br\/noticias\/#website\",\"url\":\"https:\/\/www.suno.com.br\/noticias\/\",\"name\":\"Suno Not\u00edcias\",\"description\":\"Seu portal de informa\u00e7\u00e3o sobre o mundo dos investimentos\",\"publisher\":{\"@id\":\"https:\/\/www.suno.com.br\/noticias\/#organization\"},\"potentialAction\":[{\"@type\":\"SearchAction\",\"target\":{\"@type\":\"EntryPoint\",\"urlTemplate\":\"https:\/\/www.suno.com.br\/noticias\/?s={search_term_string}\"},\"query-input\":{\"@type\":\"PropertyValueSpecification\",\"valueRequired\":true,\"valueName\":\"search_term_string\"}}],\"inLanguage\":\"pt-BR\"},{\"@type\":\"Organization\",\"@id\":\"https:\/\/www.suno.com.br\/noticias\/#organization\",\"name\":\"Suno Not\u00edcias\",\"url\":\"https:\/\/www.suno.com.br\/noticias\/\",\"logo\":{\"@type\":\"ImageObject\",\"inLanguage\":\"pt-BR\",\"@id\":\"https:\/\/www.suno.com.br\/noticias\/#\/schema\/logo\/image\/\",\"url\":\"https:\/\/files.sunoresearch.com.br\/n\/uploads\/2021\/09\/suno-logo.png\",\"contentUrl\":\"https:\/\/files.sunoresearch.com.br\/n\/uploads\/2021\/09\/suno-logo.png\",\"width\":180,\"height\":180,\"caption\":\"Suno Not\u00edcias\"},\"image\":{\"@id\":\"https:\/\/www.suno.com.br\/noticias\/#\/schema\/logo\/image\/\"},\"sameAs\":[\"https:\/\/facebook.com\/sunoresearch\",\"https:\/\/x.com\/sunoresearch\",\"https:\/\/www.instagram.com\/suno\",\"https:\/\/www.linkedin.com\/company\/suno-research\/\",\"https:\/\/www.youtube.com\/c\/sunoresearch\"]},{\"@type\":\"Person\",\"@id\":\"https:\/\/www.suno.com.br\/noticias\/#\/schema\/person\/1b24d67c140a42e864ef414497edb164\",\"name\":\"Natalia G\u00f3mez\",\"image\":{\"@type\":\"ImageObject\",\"inLanguage\":\"pt-BR\",\"@id\":\"https:\/\/www.suno.com.br\/noticias\/#\/schema\/person\/image\/\",\"url\":\"https:\/\/secure.gravatar.com\/avatar\/9e957e0b2b485c2d42c3f4145c16d940?s=96&r=g\",\"contentUrl\":\"https:\/\/secure.gravatar.com\/avatar\/9e957e0b2b485c2d42c3f4145c16d940?s=96&r=g\",\"caption\":\"Natalia G\u00f3mez\"},\"description\":\"Editora do Suno Not\u00edcias desde outubro de 2020, \u00e9 jornalista formada pela PUC-SP, com p\u00f3s-gradua\u00e7\u00e3o em jornalismo liter\u00e1rio. Atua no mercado financeiro desde 2003, quando iniciou a carreira no jornal econ\u00f4mico DCI, cobrindo o setor de alimentos no caderno de Ind\u00fastria. Foi trainee do jornal Valor Econ\u00f4mico, onde atuou no Caderno de Empresas por quase tr\u00eas anos. L\u00e1, cobriu o setor de ind\u00fastria, com foco em siderurgia, embalagens e aeroespacial. Fez coberturas setoriais em viagens para S\u00e3o Jos\u00e9 dos Campos e Franca (SP), al\u00e9m de coberturas internacionais na Alemanha e na Su\u00e9cia. Trabalhou por cinco anos na Ag\u00eancia Estado\/Broadcast, do Grupo Estado, onde foi rep\u00f3rter dos setores de minera\u00e7\u00e3o e siderurgia, alimentos e bebidas e finan\u00e7as. Foi premiada como o pr\u00eamio Destaque de Reportagem da AE em 2007 e 2008. Al\u00e9m de atuar no servi\u00e7o de not\u00edcias em tempo real, fez participa\u00e7\u00f5es no caderno de Economia do jornal Estado de S.Paulo e na R\u00e1dio Eldorado. Ainda no Grupo Estado, foi editora assistente da editoria Empresas e Setores, atuando com edi\u00e7\u00e3o e pauta, al\u00e9m de cobrir mercados diariamente com o cen\u00e1rio de bolsa e fazer reportagens especiais com foco em governan\u00e7a corporativa. Trabalhou tamb\u00e9m como correspondente de finan\u00e7as no servi\u00e7o da Thomson Reuters em portugu\u00eas por quase um ano. Atuou por cerca de oito anos como jornalista independente, contribuindo para ve\u00edculos como UOL Economia, Infomoney e Revista Voc\u00ea SA, al\u00e9m de ter trabalhado em projetos na \u00e1rea de conte\u00fado e comunica\u00e7\u00e3o de institui\u00e7\u00f5es financeiras como Anbima, Banco BS2, Banco Pine, Ita\u00fa BBA e EQI.\",\"url\":\"https:\/\/www.suno.com.br\/noticias\/author\/natalia-gomez\/\"}]}<\/script>\n<!-- \/ Yoast SEO plugin. -->","yoast_head_json":{"title":"Bill Gates recebe vacina e diz que \u00e9 \"benef\u00edcio de ter 65 anos\"","description":"O bilion\u00e1rio Bill Gates, de 65 anos, anunciou no Twitter que recebeu a primeira dose da vacina contra a Covid. Saiba mais sobre Bill Gates.","robots":{"index":"index","follow":"follow","max-snippet":"max-snippet:-1","max-image-preview":"max-image-preview:large","max-video-preview":"max-video-preview:-1"},"canonical":"https:\/\/www.suno.com.br\/noticias\/bill-gates-recebe-primeira-dose-da-vacina-e-diz-que-e-beneficio-de-ter-65-anos\/","og_locale":"pt_BR","og_type":"article","og_title":"Bill Gates recebe vacina e diz que \u00e9 \"benef\u00edcio de ter 65 anos\"","og_description":"O bilion\u00e1rio Bill Gates, de 65 anos, anunciou no Twitter que recebeu a primeira dose da vacina contra a Covid. Saiba mais sobre Bill Gates.","og_url":"https:\/\/www.suno.com.br\/noticias\/bill-gates-recebe-primeira-dose-da-vacina-e-diz-que-e-beneficio-de-ter-65-anos\/","og_site_name":"Suno Not\u00edcias","article_publisher":"https:\/\/facebook.com\/sunoresearch","og_image":[{"width":1007,"height":554,"url":"https:\/\/files.sunoresearch.com.br\/n\/uploads\/2021\/01\/ce8eb4e3-bill-gates-vacina.jpg","type":"image\/jpeg"}],"author":"Natalia G\u00f3mez","twitter_card":"summary_large_image","twitter_creator":"@sunoresearch","twitter_site":"@sunoresearch","twitter_misc":{"Escrito por":"Natalia G\u00f3mez","Est. tempo de leitura":"2 minutos"},"schema":{"@context":"https:\/\/schema.org","@graph":[{"@type":"NewsArticle","@id":"https:\/\/www.suno.com.br\/noticias\/bill-gates-recebe-primeira-dose-da-vacina-e-diz-que-e-beneficio-de-ter-65-anos\/#article","isPartOf":{"@id":"https:\/\/www.suno.com.br\/noticias\/bill-gates-recebe-primeira-dose-da-vacina-e-diz-que-e-beneficio-de-ter-65-anos\/"},"author":{"name":"Natalia G\u00f3mez","@id":"https:\/\/www.suno.com.br\/noticias\/#\/schema\/person\/1b24d67c140a42e864ef414497edb164"},"headline":"Bill Gates recebe primeira dose da vacina e diz que \u00e9 &#8220;benef\u00edcio de ter 65 anos&#8221;","datePublished":"2021-01-23T15:12:53+00:00","mainEntityOfPage":{"@id":"https:\/\/www.suno.com.br\/noticias\/bill-gates-recebe-primeira-dose-da-vacina-e-diz-que-e-beneficio-de-ter-65-anos\/"},"wordCount":385,"publisher":{"@id":"https:\/\/www.suno.com.br\/noticias\/#organization"},"image":{"@id":"https:\/\/www.suno.com.br\/noticias\/bill-gates-recebe-primeira-dose-da-vacina-e-diz-que-e-beneficio-de-ter-65-anos\/#primaryimage"},"thumbnailUrl":"https:\/\/files.sunoresearch.com.br\/n\/uploads\/2021\/01\/ce8eb4e3-bill-gates-vacina-jpg.webp","keywords":["Bill Gates","Microsoft (MSFT34)"],"articleSection":["Internacional"],"inLanguage":"pt-BR"},{"@type":"WebPage","@id":"https:\/\/www.suno.com.br\/noticias\/bill-gates-recebe-primeira-dose-da-vacina-e-diz-que-e-beneficio-de-ter-65-anos\/","url":"https:\/\/www.suno.com.br\/noticias\/bill-gates-recebe-primeira-dose-da-vacina-e-diz-que-e-beneficio-de-ter-65-anos\/","name":"Bill Gates recebe vacina e diz que \u00e9 \"benef\u00edcio de ter 65 anos\"","isPartOf":{"@id":"https:\/\/www.suno.com.br\/noticias\/#website"},"primaryImageOfPage":{"@id":"https:\/\/www.suno.com.br\/noticias\/bill-gates-recebe-primeira-dose-da-vacina-e-diz-que-e-beneficio-de-ter-65-anos\/#primaryimage"},"image":{"@id":"https:\/\/www.suno.com.br\/noticias\/bill-gates-recebe-primeira-dose-da-vacina-e-diz-que-e-beneficio-de-ter-65-anos\/#primaryimage"},"thumbnailUrl":"https:\/\/files.sunoresearch.com.br\/n\/uploads\/2021\/01\/ce8eb4e3-bill-gates-vacina-jpg.webp","datePublished":"2021-01-23T15:12:53+00:00","description":"O bilion\u00e1rio Bill Gates, de 65 anos, anunciou no Twitter que recebeu a primeira dose da vacina contra a Covid. Saiba mais sobre Bill Gates.","breadcrumb":{"@id":"https:\/\/www.suno.com.br\/noticias\/bill-gates-recebe-primeira-dose-da-vacina-e-diz-que-e-beneficio-de-ter-65-anos\/#breadcrumb"},"inLanguage":"pt-BR","potentialAction":[{"@type":"ReadAction","target":["https:\/\/www.suno.com.br\/noticias\/bill-gates-recebe-primeira-dose-da-vacina-e-diz-que-e-beneficio-de-ter-65-anos\/"]}]},{"@type":"ImageObject","inLanguage":"pt-BR","@id":"https:\/\/www.suno.com.br\/noticias\/bill-gates-recebe-primeira-dose-da-vacina-e-diz-que-e-beneficio-de-ter-65-anos\/#primaryimage","url":"https:\/\/files.sunoresearch.com.br\/n\/uploads\/2021\/01\/ce8eb4e3-bill-gates-vacina-jpg.webp","contentUrl":"https:\/\/files.sunoresearch.com.br\/n\/uploads\/2021\/01\/ce8eb4e3-bill-gates-vacina-jpg.webp","width":1007,"height":554,"caption":"Bill Gates"},{"@type":"BreadcrumbList","@id":"https:\/\/www.suno.com.br\/noticias\/bill-gates-recebe-primeira-dose-da-vacina-e-diz-que-e-beneficio-de-ter-65-anos\/#breadcrumb","itemListElement":[{"@type":"ListItem","position":1,"name":"Not\u00edcias","item":"https:\/\/www.suno.com.br\/noticias\/"},{"@type":"ListItem","position":2,"name":"Internacional","item":"https:\/\/www.suno.com.br\/noticias\/internacional\/"},{"@type":"ListItem","position":3,"name":"Bill Gates recebe primeira dose da vacina e diz que \u00e9 &#8220;benef\u00edcio de ter 65 anos&#8221;"}]},{"@type":"WebSite","@id":"https:\/\/www.suno.com.br\/noticias\/#website","url":"https:\/\/www.suno.com.br\/noticias\/","name":"Suno Not\u00edcias","description":"Seu portal de informa\u00e7\u00e3o sobre o mundo dos investimentos","publisher":{"@id":"https:\/\/www.suno.com.br\/noticias\/#organization"},"potentialAction":[{"@type":"SearchAction","target":{"@type":"EntryPoint","urlTemplate":"https:\/\/www.suno.com.br\/noticias\/?s={search_term_string}"},"query-input":{"@type":"PropertyValueSpecification","valueRequired":true,"valueName":"search_term_string"}}],"inLanguage":"pt-BR"},{"@type":"Organization","@id":"https:\/\/www.suno.com.br\/noticias\/#organization","name":"Suno Not\u00edcias","url":"https:\/\/www.suno.com.br\/noticias\/","logo":{"@type":"ImageObject","inLanguage":"pt-BR","@id":"https:\/\/www.suno.com.br\/noticias\/#\/schema\/logo\/image\/","url":"https:\/\/files.sunoresearch.com.br\/n\/uploads\/2021\/09\/suno-logo.png","contentUrl":"https:\/\/files.sunoresearch.com.br\/n\/uploads\/2021\/09\/suno-logo.png","width":180,"height":180,"caption":"Suno Not\u00edcias"},"image":{"@id":"https:\/\/www.suno.com.br\/noticias\/#\/schema\/logo\/image\/"},"sameAs":["https:\/\/facebook.com\/sunoresearch","https:\/\/x.com\/sunoresearch","https:\/\/www.instagram.com\/suno","https:\/\/www.linkedin.com\/company\/suno-research\/","https:\/\/www.youtube.com\/c\/sunoresearch"]},{"@type":"Person","@id":"https:\/\/www.suno.com.br\/noticias\/#\/schema\/person\/1b24d67c140a42e864ef414497edb164","name":"Natalia G\u00f3mez","image":{"@type":"ImageObject","inLanguage":"pt-BR","@id":"https:\/\/www.suno.com.br\/noticias\/#\/schema\/person\/image\/","url":"https:\/\/secure.gravatar.com\/avatar\/9e957e0b2b485c2d42c3f4145c16d940?s=96&r=g","contentUrl":"https:\/\/secure.gravatar.com\/avatar\/9e957e0b2b485c2d42c3f4145c16d940?s=96&r=g","caption":"Natalia G\u00f3mez"},"description":"Editora do Suno Not\u00edcias desde outubro de 2020, \u00e9 jornalista formada pela PUC-SP, com p\u00f3s-gradua\u00e7\u00e3o em jornalismo liter\u00e1rio. Atua no mercado financeiro desde 2003, quando iniciou a carreira no jornal econ\u00f4mico DCI, cobrindo o setor de alimentos no caderno de Ind\u00fastria. Foi trainee do jornal Valor Econ\u00f4mico, onde atuou no Caderno de Empresas por quase tr\u00eas anos. L\u00e1, cobriu o setor de ind\u00fastria, com foco em siderurgia, embalagens e aeroespacial. Fez coberturas setoriais em viagens para S\u00e3o Jos\u00e9 dos Campos e Franca (SP), al\u00e9m de coberturas internacionais na Alemanha e na Su\u00e9cia. Trabalhou por cinco anos na Ag\u00eancia Estado\/Broadcast, do Grupo Estado, onde foi rep\u00f3rter dos setores de minera\u00e7\u00e3o e siderurgia, alimentos e bebidas e finan\u00e7as. Foi premiada como o pr\u00eamio Destaque de Reportagem da AE em 2007 e 2008. Al\u00e9m de atuar no servi\u00e7o de not\u00edcias em tempo real, fez participa\u00e7\u00f5es no caderno de Economia do jornal Estado de S.Paulo e na R\u00e1dio Eldorado. Ainda no Grupo Estado, foi editora assistente da editoria Empresas e Setores, atuando com edi\u00e7\u00e3o e pauta, al\u00e9m de cobrir mercados diariamente com o cen\u00e1rio de bolsa e fazer reportagens especiais com foco em governan\u00e7a corporativa. Trabalhou tamb\u00e9m como correspondente de finan\u00e7as no servi\u00e7o da Thomson Reuters em portugu\u00eas por quase um ano. Atuou por cerca de oito anos como jornalista independente, contribuindo para ve\u00edculos como UOL Economia, Infomoney e Revista Voc\u00ea SA, al\u00e9m de ter trabalhado em projetos na \u00e1rea de conte\u00fado e comunica\u00e7\u00e3o de institui\u00e7\u00f5es financeiras como Anbima, Banco BS2, Banco Pine, Ita\u00fa BBA e EQI.","url":"https:\/\/www.suno.com.br\/noticias\/author\/natalia-gomez\/"}]}},"default_loop_html":"<div class=\"cardsPage__listCard__boxs\"><div class=\"cardsPage__listCard__boxs__img\"><a href=\"https:\/\/www.suno.com.br\/noticias\/bill-gates-recebe-primeira-dose-da-vacina-e-diz-que-e-beneficio-de-ter-65-anos\/\"><img class=\"mask\" src=\"https:\/\/www.suno.com.br\/noticias\/wp-content\/themes\/suno\/resources\/images\/spotlight\/spotlight1img\/bg-mask.png\" alt=\"Image Mask\"\/><img src=\"https:\/\/files.sunoresearch.com.br\/n\/uploads\/2021\/01\/ce8eb4e3-bill-gates-vacina-400x200.webp\" alt=\"Bill Gates recebe primeira dose da vacina e diz que \u00e9 &#8220;benef\u00edcio de ter 65 anos&#8221;\"\/><\/a><span class=\"spotlightCategory\"><a href=\"https:\/\/www.suno.com.br\/noticias\/internacional\/\">Internacional<\/a><\/span><\/div><div class=\"cardsPage__listCard__boxs__content\"><a href=\"https:\/\/www.suno.com.br\/noticias\/bill-gates-recebe-primeira-dose-da-vacina-e-diz-que-e-beneficio-de-ter-65-anos\/\"><h2 class=\"content__title\">Bill Gates recebe primeira dose da vacina e diz que \u00e9 &#8220;benef\u00edcio de ter 65 anos&#8221;<\/h2><\/a><div class=\"newsContent__article__meta\"><div class=\"newsContent__article__meta__authorBox\"><a href=\"https:\/\/www.suno.com.br\/noticias\/author\/natalia-gomez\/\" class=\"authorBox__avatar noMobi\"><img src=\"https:\/\/secure.gravatar.com\/avatar\/9e957e0b2b485c2d42c3f4145c16d940?s=96&#038;r=g\" alt=\"Natalia G\u00f3mez\"><\/a><div class=\"authorBox__name\"><span>por\n\t\t\t<a href=\"https:\/\/www.suno.com.br\/noticias\/author\/natalia-gomez\/\"><span itemprop=\"author\">Natalia G\u00f3mez<\/span><\/a><\/span><time datetime=\"2021-01-23T12:12:53-03:00\" itemprop=\"datePublished\">23\/01\/2021 12:12<\/time><\/div><\/div><\/div><\/div><\/div>","single_layout":"posts","amp_enabled":true,"_links":{"self":[{"href":"https:\/\/www.suno.com.br\/noticias\/wp-json\/wp\/v2\/posts\/115701"}],"collection":[{"href":"https:\/\/www.suno.com.br\/noticias\/wp-json\/wp\/v2\/posts"}],"about":[{"href":"https:\/\/www.suno.com.br\/noticias\/wp-json\/wp\/v2\/types\/post"}],"author":[{"embeddable":true,"href":"https:\/\/www.suno.com.br\/noticias\/wp-json\/wp\/v2\/users\/60"}],"replies":[{"embeddable":true,"href":"https:\/\/www.suno.com.br\/noticias\/wp-json\/wp\/v2\/comments?post=115701"}],"version-history":[{"count":0,"href":"https:\/\/www.suno.com.br\/noticias\/wp-json\/wp\/v2\/posts\/115701\/revisions"}],"wp:featuredmedia":[{"embeddable":true,"href":"https:\/\/www.suno.com.br\/noticias\/wp-json\/wp\/v2\/media\/115704"}],"wp:attachment":[{"href":"https:\/\/www.suno.com.br\/noticias\/wp-json\/wp\/v2\/media?parent=115701"}],"wp:term":[{"taxonomy":"category","embeddable":true,"href":"https:\/\/www.suno.com.br\/noticias\/wp-json\/wp\/v2\/categories?post=115701"},{"taxonomy":"post_tag","embeddable":true,"href":"https:\/\/www.suno.com.br\/noticias\/wp-json\/wp\/v2\/tags?post=115701"},{"taxonomy":"suno_strategy","embeddable":true,"href":"https:\/\/www.suno.com.br\/noticias\/wp-json\/wp\/v2\/suno_strategy?post=115701"}],"curies":[{"name":"wp","href":"https:\/\/api.w.org\/{rel}","templated":true}]}}