{"id":115618,"date":"2021-01-22T20:03:20","date_gmt":"2021-01-22T23:03:20","guid":{"rendered":"https:\/\/www.suno.com.br\/noticias\/?p=115618"},"modified":"2021-01-22T20:03:20","modified_gmt":"2021-01-22T23:03:20","slug":"taxas-longas-de-juros-disparam-com-variante-do-coronavirus-no-radar","status":"publish","type":"post","link":"https:\/\/www.suno.com.br\/noticias\/taxas-longas-de-juros-disparam-com-variante-do-coronavirus-no-radar\/","title":{"rendered":"Taxas longas de juros disparam com variante do coronav\u00edrus no radar"},"content":{"rendered":"<p>Os <strong>juros<\/strong> futuros de longo prazo disparam nesta sexta-feira (22), enquanto o mercado estava atento a variante brit\u00e2nica do coronav\u00edrus (Covid-19).<\/p>\t<div class=\"wrapper-featured-image\">\n\t\t<figure class=\"spotlightImg\">\n\n\t\t\t<picture>\n\t\t\t\t<source media=\"(max-width: 768px)\" srcset=\"https:\/\/files.sunoresearch.com.br\/n\/uploads\/2021\/01\/eaed5aee-juros-400x200.webp\">\n\t\t\t\t<img loading=\"lazy\" decoding=\"async\" class=\"newsContent__article__imgCapa lazyloadDisabled \" src=\"https:\/\/files.sunoresearch.com.br\/n\/uploads\/2021\/01\/eaed5aee-juros-800x450.webp\" width=\"800\" height=\"450\" alt=\"Taxas longas de juros disparam com variante do coronav\u00edrus no radar\" fetchpriority=high \/>\n\t\t\t<\/picture>\n\n\t\t\t<figcaption class=\"wp-caption-text wp-caption-text--show\">Taxas longas de juros disparam com variante do coronav\u00edrus no radar<\/figcaption>\n\t\t<\/figure>\n\t<\/div>\n\n\n\t<p>\n\t\t<a href=\"https:\/\/lp.suno.com.br\/planilha-controle-gastos\/\" target=\"_blank\" data-element=\"shortcode-suno-banner\" title=\"Banner SUNO, clique e saiba mais\">\n\t\t\t<picture>\n\t\t\t\t<source media=\"(max-width: 500px)\" srcset=\"https:\/\/files.sunoresearch.com.br\/n\/uploads\/2023\/03\/400x300-Planilha-controle-de-gastos.png\">\n\t\t\t\t<img class=\"newsContent__article__imgCapa newsContent__article__imgCapa--banner\"\n\t\t\t\t\tsrc=\"https:\/\/files.sunoresearch.com.br\/n\/uploads\/2023\/03\/1420x240-Planilha-controle-de-gastos.png\"\n\t\t\t\t\tdata-promo-id=\"101751\"\t\t\t\t\t\t\t\t\t\twidth='1420' height='240'\t\t\t\t\talt=\"https:\/\/files.sunoresearch.com.br\/n\/uploads\/2023\/03\/1420x240-Planilha-controle-de-gastos.png\"\n\t\t\t\t>\n\t\t\t<\/picture>\n\t\t<\/a>\n\t<\/p>\n\n\n<p>O primeiro-ministro do Reino Unido, <strong>Boris Johnson,<\/strong> afirmou hoje que a variante brit\u00e2nica do <a href=\"https:\/\/www.suno.com.br\/noticias\/tags\/coronavirus\/page\/36\/\"><strong>coronav\u00edrus<\/strong><\/a>, que \u00e9 mais contagiosa, pode ser tamb\u00e9m mais mortal do que as outras identificadas.<\/p>\n<p>&#8220;Al\u00e9m de se disseminar mais rapidamente, agora tamb\u00e9m parece que h\u00e1 sinais de que a nova variante (do coronav\u00edrus), aquela que foi identificada pela primeira vez em <strong>Londres,<\/strong> e no sudeste (de Inglaterra), pode estar ligada a um grau mais alto de <strong>mortalidade&#8221;,<\/strong> disse o premi\u00ea.<\/p>\n<p><a href=\"https:\/\/lp.suno.com.br\/suno-one\/\">Suno One: acesse gratuitamente eBooks, Minicursos, Artigos e Video Aulas sobre investimentos com um \u00fanico cadastro. Clique para saber mais!<\/a><\/p>\n<p>Por outro lado, os juros de curto prazo tiveram um al\u00edvio, quando o governador de S\u00e3o Paulo, <a href=\"https:\/\/www.suno.com.br\/tudo-sobre\/joao-doria\/\"><strong>Jo\u00e3o Doria<\/strong><\/a>, anunciou novas restri\u00e7\u00f5es em diversas localidades do estado. A regi\u00e3o da Grande SP, al\u00e9m de outras tr\u00eas que estavam na fase amarela do &#8216;Plano S\u00e3o Paulo&#8217;, passaram para a fase laranja, gravidade de n\u00edvel 3, em uma escala de 1 a 5.<\/p>\n<p>As taxas do <a href=\"https:\/\/www.suno.com.br\/artigos\/taxa-di\/\"><strong>Dep\u00f3sito Interfinanceiro<\/strong> (DI)<\/a> para janeiro de 2022 passaram de 3,38% para 3,365% no fim da sess\u00e3o regular de hoje.<\/p>\n<p>Por sua vez, as taxas do <strong>DI<\/strong> para janeiro de 2023, avan\u00e7aram de 5,13% para 5,165% na mesma sess\u00e3o, ao passo que as taxas do DI para janeiro de 2025 passaram de 6,62% para 6,79%.<\/p>\n<p>Al\u00e9m disso, as taxas do DI para janeiro de 2027 avan\u00e7aram de 7,26% para 7,48%.<\/p>\n<h2>Restri\u00e7\u00f5es causaram reprecifica\u00e7\u00e3o de juros no curto prazo<\/h2>\n<p>Jerson Zanlorenzi, do BTG Pactual digital, considera que o cen\u00e1rio local &#8220;sem d\u00favida teve um peso neste movimento generalizado dos mercados hoje. N\u00f3s temos um cronograma de vacina\u00e7\u00e3o ainda incerto e a nossa capacidade de vacinar est\u00e1 transcrita nos ativos&#8221;, disse ele ao jornal <em>Valor Econ\u00f4mico.<\/em><\/p>\n\t<div data-element=\"shortcode-read-more\" class=\"knowMore\">\n\t\t\t\t<span class=\"knowMore__title\">Veja tamb\u00e9m<\/span>\n\t\t\t\t<a class=\"knowMore__link\" href=\"https:\/\/www.suno.com.br\/noticias\/variante-inglesa-coronavirus-mais-mortal\/\">\n\t\t\tVariante inglesa do coronav\u00edrus pode ser mais mortal, diz Boris Johnson\t\t<\/a>\n\t<\/div>\n\n\n<p>&#8220;Com esse an\u00fancio de nova restri\u00e7\u00e3o em S\u00e3o Paulo, acho que houve uma leve reprecifica\u00e7\u00e3o dos <strong>juros no curto prazo<\/strong>, pois isso pesa na economia e tem um efeito desinflacion\u00e1rio&#8221;, completou ele.<\/p>\n\t<p>\n\t\t<a href=\"https:\/\/lp.suno.com.br\/ebook-como-analisar-uma-acao\/\" target=\"_blank\" data-element=\"shortcode-suno-banner\" title=\"Banner SUNO, clique e saiba mais\">\n\t\t\t<picture>\n\t\t\t\t<source media=\"(max-width: 500px)\" srcset=\"https:\/\/files.sunoresearch.com.br\/n\/uploads\/2023\/03\/Ebook-Acoes-Mobile.jpg\">\n\t\t\t\t<img class=\"newsContent__article__imgCapa newsContent__article__imgCapa--banner\"\n\t\t\t\t\tsrc=\"https:\/\/files.sunoresearch.com.br\/n\/uploads\/2023\/03\/Ebook-Acoes-Desktop.jpg\"\n\t\t\t\t\tdata-promo-id=\"378302\"\t\t\t\t\t\t\t\t\t\twidth='1420' height='286'\t\t\t\t\talt=\"https:\/\/files.sunoresearch.com.br\/n\/uploads\/2023\/03\/Ebook-Acoes-Desktop.jpg\"\n\t\t\t\t>\n\t\t\t<\/picture>\n\t\t<\/a>\n\t<\/p>\n\n\n<p>&#8220;Sem d\u00favida tem o fiscal, que puxava os <strong>juros<\/strong> desde a manh\u00e3. Mas tamb\u00e9m tivemos essa not\u00edcia de que a nova cepa do v\u00edrus pode ser mais letal do que a anterior, a \u00faltima puxada dos juros me parece que foi isso&#8221; disse um operador de renda fixa ao jornal <em>Valor<\/em>.<\/p>\n\t<p>\n\t\t<a href=\"https:\/\/lp.suno.com.br\/planilha-de-controle-de-investimentos\/\" target=\"_blank\" data-element=\"shortcode-suno-banner\" title=\"Banner SUNO, clique e saiba mais\">\n\t\t\t<picture>\n\t\t\t\t<source media=\"(max-width: 500px)\" srcset=\"https:\/\/files.sunoresearch.com.br\/n\/uploads\/2023\/03\/400x300-Controle-de-Investimentos.png\">\n\t\t\t\t<img class=\"newsContent__article__imgCapa newsContent__article__imgCapa--banner\"\n\t\t\t\t\tsrc=\"https:\/\/files.sunoresearch.com.br\/n\/uploads\/2023\/03\/1420x240-Controle-de-Investimentos.png\"\n\t\t\t\t\tdata-promo-id=\"75934\"\t\t\t\t\t\t\t\t\t\twidth='1420' height='240'\t\t\t\t\talt=\"https:\/\/files.sunoresearch.com.br\/n\/uploads\/2023\/03\/1420x240-Controle-de-Investimentos.png\"\n\t\t\t\t>\n\t\t\t<\/picture>\n\t\t<\/a>\n\t<\/p>\n\n\n","protected":false},"excerpt":{"rendered":"<p>Os juros futuros de longo prazo disparam nesta sexta-feira (22), enquanto o mercado estava atento a variante brit\u00e2nica do coronav\u00edrus (Covid-19). Taxas longas de juros disparam com variante do coronav\u00edrus no radar O primeiro-ministro do Reino Unido, Boris Johnson, afirmou hoje que a variante brit\u00e2nica do coronav\u00edrus, que \u00e9 mais contagiosa, pode ser tamb\u00e9m mais [&hellip;]<\/p>\n","protected":false},"author":39,"featured_media":115652,"comment_status":"closed","ping_status":"closed","sticky":false,"template":"","format":"standard","meta":[],"categories":[60],"tags":[2197,1752],"suno_strategy":[],"class_list":["post-115618","post","type-post","status-publish","format-standard","has-post-thumbnail","hentry","category-mercado","tag-juros-futuros","tag-taxa-de-juros"],"yoast_head":"<!-- This site is optimized with the Yoast SEO plugin v24.4 - https:\/\/yoast.com\/wordpress\/plugins\/seo\/ -->\n<title>Taxas longas de juros disparam com variante do coronav\u00edrus no radar<\/title>\n<meta name=\"description\" content=\"Os juros futuros de longo prazo disparam, enquanto o mercado estava atento variante brit\u00e2nica do coronav\u00edrus. Clique aqui e saiba mais.\" \/>\n<meta name=\"robots\" content=\"index, follow, max-snippet:-1, max-image-preview:large, max-video-preview:-1\" \/>\n<link rel=\"canonical\" href=\"https:\/\/www.suno.com.br\/noticias\/taxas-longas-de-juros-disparam-com-variante-do-coronavirus-no-radar\/\" \/>\n<meta property=\"og:locale\" content=\"pt_BR\" \/>\n<meta property=\"og:type\" content=\"article\" \/>\n<meta property=\"og:title\" content=\"Taxas longas de juros disparam com variante do coronav\u00edrus no radar\" \/>\n<meta property=\"og:description\" content=\"Os juros futuros de longo prazo disparam, enquanto o mercado estava atento variante brit\u00e2nica do coronav\u00edrus. Clique aqui e saiba mais.\" \/>\n<meta property=\"og:url\" content=\"https:\/\/www.suno.com.br\/noticias\/taxas-longas-de-juros-disparam-com-variante-do-coronavirus-no-radar\/\" \/>\n<meta property=\"og:site_name\" content=\"Suno Not\u00edcias\" \/>\n<meta property=\"article:publisher\" content=\"https:\/\/facebook.com\/sunoresearch\" \/>\n<meta property=\"og:image\" content=\"https:\/\/files.sunoresearch.com.br\/n\/uploads\/2021\/01\/eaed5aee-juros.jpg\" \/>\n\t<meta property=\"og:image:width\" content=\"1140\" \/>\n\t<meta property=\"og:image:height\" content=\"760\" \/>\n\t<meta property=\"og:image:type\" content=\"image\/jpeg\" \/>\n<meta name=\"author\" content=\"Laura Moutinho\" \/>\n<meta name=\"twitter:card\" content=\"summary_large_image\" \/>\n<meta name=\"twitter:creator\" content=\"@sunoresearch\" \/>\n<meta name=\"twitter:site\" content=\"@sunoresearch\" \/>\n<meta name=\"twitter:label1\" content=\"Escrito por\" \/>\n\t<meta name=\"twitter:data1\" content=\"Laura Moutinho\" \/>\n\t<meta name=\"twitter:label2\" content=\"Est. tempo de leitura\" \/>\n\t<meta name=\"twitter:data2\" content=\"2 minutos\" \/>\n<script type=\"application\/ld+json\" class=\"yoast-schema-graph\">{\"@context\":\"https:\/\/schema.org\",\"@graph\":[{\"@type\":\"NewsArticle\",\"@id\":\"https:\/\/www.suno.com.br\/noticias\/taxas-longas-de-juros-disparam-com-variante-do-coronavirus-no-radar\/#article\",\"isPartOf\":{\"@id\":\"https:\/\/www.suno.com.br\/noticias\/taxas-longas-de-juros-disparam-com-variante-do-coronavirus-no-radar\/\"},\"author\":{\"name\":\"Laura Moutinho\",\"@id\":\"https:\/\/www.suno.com.br\/noticias\/#\/schema\/person\/3df0d2808748b74496efe5dbeaef2c72\"},\"headline\":\"Taxas longas de juros disparam com variante do coronav\u00edrus no radar\",\"datePublished\":\"2021-01-22T23:03:20+00:00\",\"mainEntityOfPage\":{\"@id\":\"https:\/\/www.suno.com.br\/noticias\/taxas-longas-de-juros-disparam-com-variante-do-coronavirus-no-radar\/\"},\"wordCount\":449,\"publisher\":{\"@id\":\"https:\/\/www.suno.com.br\/noticias\/#organization\"},\"image\":{\"@id\":\"https:\/\/www.suno.com.br\/noticias\/taxas-longas-de-juros-disparam-com-variante-do-coronavirus-no-radar\/#primaryimage\"},\"thumbnailUrl\":\"https:\/\/files.sunoresearch.com.br\/n\/uploads\/2021\/01\/eaed5aee-juros-jpg.webp\",\"keywords\":[\"juros futuros\",\"taxa de juros\"],\"articleSection\":[\"Mercado\"],\"inLanguage\":\"pt-BR\"},{\"@type\":\"WebPage\",\"@id\":\"https:\/\/www.suno.com.br\/noticias\/taxas-longas-de-juros-disparam-com-variante-do-coronavirus-no-radar\/\",\"url\":\"https:\/\/www.suno.com.br\/noticias\/taxas-longas-de-juros-disparam-com-variante-do-coronavirus-no-radar\/\",\"name\":\"Taxas longas de juros disparam com variante do coronav\u00edrus no radar\",\"isPartOf\":{\"@id\":\"https:\/\/www.suno.com.br\/noticias\/#website\"},\"primaryImageOfPage\":{\"@id\":\"https:\/\/www.suno.com.br\/noticias\/taxas-longas-de-juros-disparam-com-variante-do-coronavirus-no-radar\/#primaryimage\"},\"image\":{\"@id\":\"https:\/\/www.suno.com.br\/noticias\/taxas-longas-de-juros-disparam-com-variante-do-coronavirus-no-radar\/#primaryimage\"},\"thumbnailUrl\":\"https:\/\/files.sunoresearch.com.br\/n\/uploads\/2021\/01\/eaed5aee-juros-jpg.webp\",\"datePublished\":\"2021-01-22T23:03:20+00:00\",\"description\":\"Os juros futuros de longo prazo disparam, enquanto o mercado estava atento variante brit\u00e2nica do coronav\u00edrus. Clique aqui e saiba mais.\",\"breadcrumb\":{\"@id\":\"https:\/\/www.suno.com.br\/noticias\/taxas-longas-de-juros-disparam-com-variante-do-coronavirus-no-radar\/#breadcrumb\"},\"inLanguage\":\"pt-BR\",\"potentialAction\":[{\"@type\":\"ReadAction\",\"target\":[\"https:\/\/www.suno.com.br\/noticias\/taxas-longas-de-juros-disparam-com-variante-do-coronavirus-no-radar\/\"]}]},{\"@type\":\"ImageObject\",\"inLanguage\":\"pt-BR\",\"@id\":\"https:\/\/www.suno.com.br\/noticias\/taxas-longas-de-juros-disparam-com-variante-do-coronavirus-no-radar\/#primaryimage\",\"url\":\"https:\/\/files.sunoresearch.com.br\/n\/uploads\/2021\/01\/eaed5aee-juros-jpg.webp\",\"contentUrl\":\"https:\/\/files.sunoresearch.com.br\/n\/uploads\/2021\/01\/eaed5aee-juros-jpg.webp\",\"width\":1140,\"height\":760,\"caption\":\"Taxas longas de juros disparam com variante do coronav\u00edrus no radar\"},{\"@type\":\"BreadcrumbList\",\"@id\":\"https:\/\/www.suno.com.br\/noticias\/taxas-longas-de-juros-disparam-com-variante-do-coronavirus-no-radar\/#breadcrumb\",\"itemListElement\":[{\"@type\":\"ListItem\",\"position\":1,\"name\":\"Not\u00edcias\",\"item\":\"https:\/\/www.suno.com.br\/noticias\/\"},{\"@type\":\"ListItem\",\"position\":2,\"name\":\"Mercado\",\"item\":\"https:\/\/www.suno.com.br\/noticias\/mercado\/\"},{\"@type\":\"ListItem\",\"position\":3,\"name\":\"Taxas longas de juros disparam com variante do coronav\u00edrus no radar\"}]},{\"@type\":\"WebSite\",\"@id\":\"https:\/\/www.suno.com.br\/noticias\/#website\",\"url\":\"https:\/\/www.suno.com.br\/noticias\/\",\"name\":\"Suno Not\u00edcias\",\"description\":\"Seu portal de informa\u00e7\u00e3o sobre o mundo dos investimentos\",\"publisher\":{\"@id\":\"https:\/\/www.suno.com.br\/noticias\/#organization\"},\"potentialAction\":[{\"@type\":\"SearchAction\",\"target\":{\"@type\":\"EntryPoint\",\"urlTemplate\":\"https:\/\/www.suno.com.br\/noticias\/?s={search_term_string}\"},\"query-input\":{\"@type\":\"PropertyValueSpecification\",\"valueRequired\":true,\"valueName\":\"search_term_string\"}}],\"inLanguage\":\"pt-BR\"},{\"@type\":\"Organization\",\"@id\":\"https:\/\/www.suno.com.br\/noticias\/#organization\",\"name\":\"Suno Not\u00edcias\",\"url\":\"https:\/\/www.suno.com.br\/noticias\/\",\"logo\":{\"@type\":\"ImageObject\",\"inLanguage\":\"pt-BR\",\"@id\":\"https:\/\/www.suno.com.br\/noticias\/#\/schema\/logo\/image\/\",\"url\":\"https:\/\/files.sunoresearch.com.br\/n\/uploads\/2021\/09\/suno-logo.png\",\"contentUrl\":\"https:\/\/files.sunoresearch.com.br\/n\/uploads\/2021\/09\/suno-logo.png\",\"width\":180,\"height\":180,\"caption\":\"Suno Not\u00edcias\"},\"image\":{\"@id\":\"https:\/\/www.suno.com.br\/noticias\/#\/schema\/logo\/image\/\"},\"sameAs\":[\"https:\/\/facebook.com\/sunoresearch\",\"https:\/\/x.com\/sunoresearch\",\"https:\/\/www.instagram.com\/suno\",\"https:\/\/www.linkedin.com\/company\/suno-research\/\",\"https:\/\/www.youtube.com\/c\/sunoresearch\"]},{\"@type\":\"Person\",\"@id\":\"https:\/\/www.suno.com.br\/noticias\/#\/schema\/person\/3df0d2808748b74496efe5dbeaef2c72\",\"name\":\"Laura Moutinho\",\"image\":{\"@type\":\"ImageObject\",\"inLanguage\":\"pt-BR\",\"@id\":\"https:\/\/www.suno.com.br\/noticias\/#\/schema\/person\/image\/\",\"url\":\"https:\/\/secure.gravatar.com\/avatar\/7571c7c8ca3a6fca5e41384ece5557ff?s=96&r=g\",\"contentUrl\":\"https:\/\/secure.gravatar.com\/avatar\/7571c7c8ca3a6fca5e41384ece5557ff?s=96&r=g\",\"caption\":\"Laura Moutinho\"},\"description\":\"Estagi\u00e1ria na Suno Not\u00edcias, escreve not\u00edcias que afetam o mercado financeiro. Estuda administra\u00e7\u00e3o na Universidade Presbiteriana Mackenzie.\",\"url\":\"https:\/\/www.suno.com.br\/noticias\/author\/laura-moutinho\/\"}]}<\/script>\n<!-- \/ Yoast SEO plugin. -->","yoast_head_json":{"title":"Taxas longas de juros disparam com variante do coronav\u00edrus no radar","description":"Os juros futuros de longo prazo disparam, enquanto o mercado estava atento variante brit\u00e2nica do coronav\u00edrus. Clique aqui e saiba mais.","robots":{"index":"index","follow":"follow","max-snippet":"max-snippet:-1","max-image-preview":"max-image-preview:large","max-video-preview":"max-video-preview:-1"},"canonical":"https:\/\/www.suno.com.br\/noticias\/taxas-longas-de-juros-disparam-com-variante-do-coronavirus-no-radar\/","og_locale":"pt_BR","og_type":"article","og_title":"Taxas longas de juros disparam com variante do coronav\u00edrus no radar","og_description":"Os juros futuros de longo prazo disparam, enquanto o mercado estava atento variante brit\u00e2nica do coronav\u00edrus. Clique aqui e saiba mais.","og_url":"https:\/\/www.suno.com.br\/noticias\/taxas-longas-de-juros-disparam-com-variante-do-coronavirus-no-radar\/","og_site_name":"Suno Not\u00edcias","article_publisher":"https:\/\/facebook.com\/sunoresearch","og_image":[{"width":1140,"height":760,"url":"https:\/\/files.sunoresearch.com.br\/n\/uploads\/2021\/01\/eaed5aee-juros.jpg","type":"image\/jpeg"}],"author":"Laura Moutinho","twitter_card":"summary_large_image","twitter_creator":"@sunoresearch","twitter_site":"@sunoresearch","twitter_misc":{"Escrito por":"Laura Moutinho","Est. tempo de leitura":"2 minutos"},"schema":{"@context":"https:\/\/schema.org","@graph":[{"@type":"NewsArticle","@id":"https:\/\/www.suno.com.br\/noticias\/taxas-longas-de-juros-disparam-com-variante-do-coronavirus-no-radar\/#article","isPartOf":{"@id":"https:\/\/www.suno.com.br\/noticias\/taxas-longas-de-juros-disparam-com-variante-do-coronavirus-no-radar\/"},"author":{"name":"Laura Moutinho","@id":"https:\/\/www.suno.com.br\/noticias\/#\/schema\/person\/3df0d2808748b74496efe5dbeaef2c72"},"headline":"Taxas longas de juros disparam com variante do coronav\u00edrus no radar","datePublished":"2021-01-22T23:03:20+00:00","mainEntityOfPage":{"@id":"https:\/\/www.suno.com.br\/noticias\/taxas-longas-de-juros-disparam-com-variante-do-coronavirus-no-radar\/"},"wordCount":449,"publisher":{"@id":"https:\/\/www.suno.com.br\/noticias\/#organization"},"image":{"@id":"https:\/\/www.suno.com.br\/noticias\/taxas-longas-de-juros-disparam-com-variante-do-coronavirus-no-radar\/#primaryimage"},"thumbnailUrl":"https:\/\/files.sunoresearch.com.br\/n\/uploads\/2021\/01\/eaed5aee-juros-jpg.webp","keywords":["juros futuros","taxa de juros"],"articleSection":["Mercado"],"inLanguage":"pt-BR"},{"@type":"WebPage","@id":"https:\/\/www.suno.com.br\/noticias\/taxas-longas-de-juros-disparam-com-variante-do-coronavirus-no-radar\/","url":"https:\/\/www.suno.com.br\/noticias\/taxas-longas-de-juros-disparam-com-variante-do-coronavirus-no-radar\/","name":"Taxas longas de juros disparam com variante do coronav\u00edrus no radar","isPartOf":{"@id":"https:\/\/www.suno.com.br\/noticias\/#website"},"primaryImageOfPage":{"@id":"https:\/\/www.suno.com.br\/noticias\/taxas-longas-de-juros-disparam-com-variante-do-coronavirus-no-radar\/#primaryimage"},"image":{"@id":"https:\/\/www.suno.com.br\/noticias\/taxas-longas-de-juros-disparam-com-variante-do-coronavirus-no-radar\/#primaryimage"},"thumbnailUrl":"https:\/\/files.sunoresearch.com.br\/n\/uploads\/2021\/01\/eaed5aee-juros-jpg.webp","datePublished":"2021-01-22T23:03:20+00:00","description":"Os juros futuros de longo prazo disparam, enquanto o mercado estava atento variante brit\u00e2nica do coronav\u00edrus. Clique aqui e saiba mais.","breadcrumb":{"@id":"https:\/\/www.suno.com.br\/noticias\/taxas-longas-de-juros-disparam-com-variante-do-coronavirus-no-radar\/#breadcrumb"},"inLanguage":"pt-BR","potentialAction":[{"@type":"ReadAction","target":["https:\/\/www.suno.com.br\/noticias\/taxas-longas-de-juros-disparam-com-variante-do-coronavirus-no-radar\/"]}]},{"@type":"ImageObject","inLanguage":"pt-BR","@id":"https:\/\/www.suno.com.br\/noticias\/taxas-longas-de-juros-disparam-com-variante-do-coronavirus-no-radar\/#primaryimage","url":"https:\/\/files.sunoresearch.com.br\/n\/uploads\/2021\/01\/eaed5aee-juros-jpg.webp","contentUrl":"https:\/\/files.sunoresearch.com.br\/n\/uploads\/2021\/01\/eaed5aee-juros-jpg.webp","width":1140,"height":760,"caption":"Taxas longas de juros disparam com variante do coronav\u00edrus no radar"},{"@type":"BreadcrumbList","@id":"https:\/\/www.suno.com.br\/noticias\/taxas-longas-de-juros-disparam-com-variante-do-coronavirus-no-radar\/#breadcrumb","itemListElement":[{"@type":"ListItem","position":1,"name":"Not\u00edcias","item":"https:\/\/www.suno.com.br\/noticias\/"},{"@type":"ListItem","position":2,"name":"Mercado","item":"https:\/\/www.suno.com.br\/noticias\/mercado\/"},{"@type":"ListItem","position":3,"name":"Taxas longas de juros disparam com variante do coronav\u00edrus no radar"}]},{"@type":"WebSite","@id":"https:\/\/www.suno.com.br\/noticias\/#website","url":"https:\/\/www.suno.com.br\/noticias\/","name":"Suno Not\u00edcias","description":"Seu portal de informa\u00e7\u00e3o sobre o mundo dos investimentos","publisher":{"@id":"https:\/\/www.suno.com.br\/noticias\/#organization"},"potentialAction":[{"@type":"SearchAction","target":{"@type":"EntryPoint","urlTemplate":"https:\/\/www.suno.com.br\/noticias\/?s={search_term_string}"},"query-input":{"@type":"PropertyValueSpecification","valueRequired":true,"valueName":"search_term_string"}}],"inLanguage":"pt-BR"},{"@type":"Organization","@id":"https:\/\/www.suno.com.br\/noticias\/#organization","name":"Suno Not\u00edcias","url":"https:\/\/www.suno.com.br\/noticias\/","logo":{"@type":"ImageObject","inLanguage":"pt-BR","@id":"https:\/\/www.suno.com.br\/noticias\/#\/schema\/logo\/image\/","url":"https:\/\/files.sunoresearch.com.br\/n\/uploads\/2021\/09\/suno-logo.png","contentUrl":"https:\/\/files.sunoresearch.com.br\/n\/uploads\/2021\/09\/suno-logo.png","width":180,"height":180,"caption":"Suno Not\u00edcias"},"image":{"@id":"https:\/\/www.suno.com.br\/noticias\/#\/schema\/logo\/image\/"},"sameAs":["https:\/\/facebook.com\/sunoresearch","https:\/\/x.com\/sunoresearch","https:\/\/www.instagram.com\/suno","https:\/\/www.linkedin.com\/company\/suno-research\/","https:\/\/www.youtube.com\/c\/sunoresearch"]},{"@type":"Person","@id":"https:\/\/www.suno.com.br\/noticias\/#\/schema\/person\/3df0d2808748b74496efe5dbeaef2c72","name":"Laura Moutinho","image":{"@type":"ImageObject","inLanguage":"pt-BR","@id":"https:\/\/www.suno.com.br\/noticias\/#\/schema\/person\/image\/","url":"https:\/\/secure.gravatar.com\/avatar\/7571c7c8ca3a6fca5e41384ece5557ff?s=96&r=g","contentUrl":"https:\/\/secure.gravatar.com\/avatar\/7571c7c8ca3a6fca5e41384ece5557ff?s=96&r=g","caption":"Laura Moutinho"},"description":"Estagi\u00e1ria na Suno Not\u00edcias, escreve not\u00edcias que afetam o mercado financeiro. Estuda administra\u00e7\u00e3o na Universidade Presbiteriana Mackenzie.","url":"https:\/\/www.suno.com.br\/noticias\/author\/laura-moutinho\/"}]}},"default_loop_html":"<div class=\"cardsPage__listCard__boxs\"><div class=\"cardsPage__listCard__boxs__img\"><a href=\"https:\/\/www.suno.com.br\/noticias\/taxas-longas-de-juros-disparam-com-variante-do-coronavirus-no-radar\/\"><img class=\"mask\" src=\"https:\/\/www.suno.com.br\/noticias\/wp-content\/themes\/suno\/resources\/images\/spotlight\/spotlight1img\/bg-mask.png\" alt=\"Image Mask\"\/><img src=\"https:\/\/files.sunoresearch.com.br\/n\/uploads\/2021\/01\/eaed5aee-juros-400x200.webp\" alt=\"Taxas longas de juros disparam com variante do coronav\u00edrus no radar\"\/><\/a><span class=\"spotlightCategory\"><a href=\"https:\/\/www.suno.com.br\/noticias\/mercado\/\">Mercado<\/a><\/span><\/div><div class=\"cardsPage__listCard__boxs__content\"><a href=\"https:\/\/www.suno.com.br\/noticias\/taxas-longas-de-juros-disparam-com-variante-do-coronavirus-no-radar\/\"><h2 class=\"content__title\">Taxas longas de juros disparam com variante do coronav\u00edrus no radar<\/h2><\/a><div class=\"newsContent__article__meta\"><div class=\"newsContent__article__meta__authorBox\"><a href=\"https:\/\/www.suno.com.br\/noticias\/author\/laura-moutinho\/\" class=\"authorBox__avatar noMobi\"><img src=\"https:\/\/files.sunoresearch.com.br\/n\/uploads\/2020\/08\/531ff69d-whatsapp-image-2020-08-03-at-14.54.38-150x150.webp\" alt=\"Laura Moutinho\"><\/a><div class=\"authorBox__name\"><span>por\n\t\t\t<a href=\"https:\/\/www.suno.com.br\/noticias\/author\/laura-moutinho\/\"><span itemprop=\"author\">Laura Moutinho<\/span><\/a><\/span><time datetime=\"2021-01-22T20:03:20-03:00\" itemprop=\"datePublished\">22\/01\/2021 20:03<\/time><\/div><\/div><\/div><\/div><\/div>","single_layout":"posts","amp_enabled":true,"_links":{"self":[{"href":"https:\/\/www.suno.com.br\/noticias\/wp-json\/wp\/v2\/posts\/115618"}],"collection":[{"href":"https:\/\/www.suno.com.br\/noticias\/wp-json\/wp\/v2\/posts"}],"about":[{"href":"https:\/\/www.suno.com.br\/noticias\/wp-json\/wp\/v2\/types\/post"}],"author":[{"embeddable":true,"href":"https:\/\/www.suno.com.br\/noticias\/wp-json\/wp\/v2\/users\/39"}],"replies":[{"embeddable":true,"href":"https:\/\/www.suno.com.br\/noticias\/wp-json\/wp\/v2\/comments?post=115618"}],"version-history":[{"count":0,"href":"https:\/\/www.suno.com.br\/noticias\/wp-json\/wp\/v2\/posts\/115618\/revisions"}],"wp:featuredmedia":[{"embeddable":true,"href":"https:\/\/www.suno.com.br\/noticias\/wp-json\/wp\/v2\/media\/115652"}],"wp:attachment":[{"href":"https:\/\/www.suno.com.br\/noticias\/wp-json\/wp\/v2\/media?parent=115618"}],"wp:term":[{"taxonomy":"category","embeddable":true,"href":"https:\/\/www.suno.com.br\/noticias\/wp-json\/wp\/v2\/categories?post=115618"},{"taxonomy":"post_tag","embeddable":true,"href":"https:\/\/www.suno.com.br\/noticias\/wp-json\/wp\/v2\/tags?post=115618"},{"taxonomy":"suno_strategy","embeddable":true,"href":"https:\/\/www.suno.com.br\/noticias\/wp-json\/wp\/v2\/suno_strategy?post=115618"}],"curies":[{"name":"wp","href":"https:\/\/api.w.org\/{rel}","templated":true}]}}