{"id":115489,"date":"2021-01-22T14:39:17","date_gmt":"2021-01-22T17:39:17","guid":{"rendered":"https:\/\/www.suno.com.br\/noticias\/?p=115489"},"modified":"2021-01-24T10:03:08","modified_gmt":"2021-01-24T13:03:08","slug":"joao-doria-novas-restricoes-sao-paulo","status":"publish","type":"post","link":"https:\/\/www.suno.com.br\/noticias\/joao-doria-novas-restricoes-sao-paulo\/","title":{"rendered":"Jo\u00e3o Doria anuncia novas restri\u00e7\u00f5es em S\u00e3o Paulo; veja o que muda"},"content":{"rendered":"<p>O governador de S\u00e3o Paulo, <a href=\"https:\/\/www.suno.com.br\/tudo-sobre\/joao-doria\/\"><strong>Jo\u00e3o Doria<\/strong><\/a>, anunciou h\u00e1 pouco novas restri\u00e7\u00f5es em diversas localidades do estado. A regi\u00e3o da Grande SP, al\u00e9m de outras tr\u00eas que estavam na fase amarela do &#8216;Plano S\u00e3o Paulo&#8217;, passaram para a fase laranja, gravidade de n\u00edvel 3, em uma escala de 1 a 5.<\/p>\t<div class=\"wrapper-featured-image\">\n\t\t<figure class=\"spotlightImg\">\n\n\t\t\t<picture>\n\t\t\t\t<source media=\"(max-width: 768px)\" srcset=\"https:\/\/files.sunoresearch.com.br\/n\/uploads\/2021\/01\/d22fc950-49720449848_a965120631_k-e1586191340564-1-400x200.webp\">\n\t\t\t\t<img loading=\"lazy\" decoding=\"async\" class=\"newsContent__article__imgCapa lazyloadDisabled \" src=\"https:\/\/files.sunoresearch.com.br\/n\/uploads\/2021\/01\/d22fc950-49720449848_a965120631_k-e1586191340564-1-800x450.webp\" width=\"800\" height=\"450\" alt=\"Jo\u00e3o Doria anuncia novas restri\u00e7\u00f5es em S\u00e3o Paulo; veja o que muda\" fetchpriority=high \/>\n\t\t\t<\/picture>\n\n\t\t\t<figcaption class=\"wp-caption-text wp-caption-text--show\">Governo de S\u00e3o Paulo adianta distribui\u00e7\u00e3o de vacina da covid-19<\/figcaption>\n\t\t<\/figure>\n\t<\/div>\n\n\n\t<p>\n\t\t<a href=\"https:\/\/lp.suno.com.br\/planilha-controle-gastos\/\" target=\"_blank\" data-element=\"shortcode-suno-banner\" title=\"Banner SUNO, clique e saiba mais\">\n\t\t\t<picture>\n\t\t\t\t<source media=\"(max-width: 500px)\" srcset=\"https:\/\/files.sunoresearch.com.br\/n\/uploads\/2023\/03\/400x300-Planilha-controle-de-gastos.png\">\n\t\t\t\t<img class=\"newsContent__article__imgCapa newsContent__article__imgCapa--banner\"\n\t\t\t\t\tsrc=\"https:\/\/files.sunoresearch.com.br\/n\/uploads\/2023\/03\/1420x240-Planilha-controle-de-gastos.png\"\n\t\t\t\t\tdata-promo-id=\"101751\"\t\t\t\t\t\t\t\t\t\twidth='1420' height='240'\t\t\t\t\talt=\"https:\/\/files.sunoresearch.com.br\/n\/uploads\/2023\/03\/1420x240-Planilha-controle-de-gastos.png\"\n\t\t\t\t>\n\t\t\t<\/picture>\n\t\t<\/a>\n\t<\/p>\n\n\n<p>A decis\u00e3o ocorre ap\u00f3s mais de uma semana de piora nos n\u00fameros do <a href=\"https:\/\/www.suno.com.br\/noticias\/search\/coronav%C3%ADrus\">novo <strong>coronav\u00edrus<\/strong> (Covid-19)<\/a> no estado. No entanto, a estrat\u00e9gia de Jo\u00e3o Doria e sua equipe \u00e9 um pouco diferente desta vez.<\/p>\n<p>De segunda a sexta-feira, das 20h at\u00e9 \u00e0s 6h, somente servi\u00e7os essenciais podem funcionar. Isso inclui mercados, postos de gasolina e farm\u00e1cias. Aos finais de semana e feriados, shoppings, bares, parques e restaurantes n\u00e3o abrir\u00e3o.<\/p>\n<p><a href=\"https:\/\/lp.suno.com.br\/suno-one\/\"><span style=\"font-weight: 400;\">Suno One: acesse gratuitamente eBooks, Minicursos, Artigos e Video Aulas sobre investimentos com um \u00fanico cadastro. Clique para saber mais!<\/span><\/a><\/p>\n<p>A medidas ter\u00e3o in\u00edcio a partir da pr\u00f3xima segunda-feira (25). Durante o hor\u00e1rio comercial, estar\u00e3o vigentes as regras locais; a <strong>Grande SP<\/strong>, por exemplo, ter\u00e1 sua capacidade de funcionamento reduzida em 40%.<\/p>\n<p>\u201cTemos alta transmiss\u00e3o em todas as regi\u00f5es, com maior ou menor intensidade. A \u00fanica maneira \u00e9 diminuir a circula\u00e7\u00e3o das pessoas. N\u00e3o h\u00e1 outra alterativa, precisamos reduzir a circula\u00e7\u00e3o para salvar vidas\u201d, afirmou Paulo Menezes, coordenador do Centro de Conting\u00eancia, em entrevista coletiva.<\/p>\n\t<p>\n\t\t<a href=\"https:\/\/lp.suno.com.br\/ebook-como-analisar-uma-acao\/\" target=\"_blank\" data-element=\"shortcode-suno-banner\" title=\"Banner SUNO, clique e saiba mais\">\n\t\t\t<picture>\n\t\t\t\t<source media=\"(max-width: 500px)\" srcset=\"https:\/\/files.sunoresearch.com.br\/n\/uploads\/2023\/03\/Ebook-Acoes-Mobile.jpg\">\n\t\t\t\t<img class=\"newsContent__article__imgCapa newsContent__article__imgCapa--banner\"\n\t\t\t\t\tsrc=\"https:\/\/files.sunoresearch.com.br\/n\/uploads\/2023\/03\/Ebook-Acoes-Desktop.jpg\"\n\t\t\t\t\tdata-promo-id=\"378302\"\t\t\t\t\t\t\t\t\t\twidth='1420' height='286'\t\t\t\t\talt=\"https:\/\/files.sunoresearch.com.br\/n\/uploads\/2023\/03\/Ebook-Acoes-Desktop.jpg\"\n\t\t\t\t>\n\t\t\t<\/picture>\n\t\t<\/a>\n\t<\/p>\n\n\n<p>Segundo informa\u00e7\u00f5es transmitidas no Pal\u00e1cio dos Bandeirantes, o estado de S\u00e3o Paulo pode esgotar sua capacidade de leites de Unidade de Terapia Intensiva (<strong>UTI<\/strong>) em 28 dias, caso o ritmo atual de interna\u00e7\u00f5es pelo v\u00edrus continue. O governo paulista recomenda que os hospital cancelem cirurgias eletivas.<\/p>\n<p>Atualmente, a taxa de ocupa\u00e7\u00e3o de UTIs est\u00e1 em 71%, na m\u00e9dia do estado. Em algumas cidades do interior e da regi\u00e3o metropolitana, j\u00e1 n\u00e3o existem mais leitos dispon\u00edveis &#8212; como \u00e9 o caso de Artur Nogueira, Itaquaquecetuba e Socorro, por exemplo. Em outros 58 munic\u00edpios, a taxa de ocupa\u00e7\u00e3o est\u00e1 em mais de 80%.<\/p>\n<h2>Jo\u00e3o Doria determina adiamento do in\u00edcio das aulas<\/h2>\n<p>O <strong>governo de S\u00e3o Paulo<\/strong> tamb\u00e9m determinou o adiamento do in\u00edcio das aulas em S\u00e3o Paulo, suspendendo a obrigatoriedade da presen\u00e7a f\u00edsica dos alunos em sala. Doria disse que, agora, a previs\u00e3o de in\u00edcio est\u00e1 para o dia 8 de fevereiro.<\/p>\n\t<div data-element=\"shortcode-read-more\" class=\"knowMore\">\n\t\t\t\t<span class=\"knowMore__title\">Saiba mais<\/span>\n\t\t\t\t<a class=\"knowMore__link\" href=\"https:\/\/www.suno.com.br\/noticias\/quarentena-sp-e-prorrogada-plano-de-flexibilizacao\/\">\n\t\t\tQuarentena em S\u00e3o Paulo \u00e9 prorrogada; plano de flexibiliza\u00e7\u00e3o \u00e9 apresentado\t\t<\/a>\n\t<\/div>\n\n\n<p>&#8220;O governo tomou a decis\u00e3o de adiar o in\u00edcio das <strong>aulas<\/strong> e suspender a obrigatoriedade presencial dos alunos na rede p\u00fablica de ensino. Devido ao crescimento da <strong>pandemia<\/strong>, a secretaria estadual de Educa\u00e7\u00e3o est\u00e1 suspendendo a obrigatoriedade da presen\u00e7a f\u00edsica dos alunos em sala de aula nas fases laranjas e vermelha do &#8216;Plano S\u00e3o Paulo&#8217;\u201d, disse o governador.<\/p>\n<p>\u201cN\u00f3s atingimos num per\u00edodo de 45 dias as mesmas cifras que atingimos em 5 meses. Mostrando uma circula\u00e7\u00e3o, uma din\u00e2mica muito mais r\u00e1pida do coronav\u00edrus. Objetivando reduzir esta din\u00e2mica no nosso meio, e seguindo recomenda\u00e7\u00f5es, estamos recalibrando&#8221;, explica o secret\u00e1rio da Sa\u00fade, Jean Gorinchteyn.<\/p>\n<p><strong>Jo\u00e3o Doria<\/strong>, no entanto, salientou que apenas o in\u00edcio foi adiado, fazendo com que, mesmo que a cidade entre na bandeira vermelha do Plano, as escolas poder\u00e3o funcionar, mas sem a obrigatoriedade do comparecimento. &#8220;O que n\u00f3s tiramos foi a obrigatoriedade de enviar as crian\u00e7as na fase vermelha e na fase laranja. A fam\u00edlia poder\u00e1 optar por mandar nesse momento. Quando chegar na [fase] amarela, a situa\u00e7\u00e3o \u00e9 outra\u201d, disse.<\/p>\n\t<p>\n\t\t<a href=\"https:\/\/lp.suno.com.br\/planilha-de-controle-de-investimentos\/\" target=\"_blank\" data-element=\"shortcode-suno-banner\" title=\"Banner SUNO, clique e saiba mais\">\n\t\t\t<picture>\n\t\t\t\t<source media=\"(max-width: 500px)\" srcset=\"https:\/\/files.sunoresearch.com.br\/n\/uploads\/2023\/03\/400x300-Controle-de-Investimentos.png\">\n\t\t\t\t<img class=\"newsContent__article__imgCapa newsContent__article__imgCapa--banner\"\n\t\t\t\t\tsrc=\"https:\/\/files.sunoresearch.com.br\/n\/uploads\/2023\/03\/1420x240-Controle-de-Investimentos.png\"\n\t\t\t\t\tdata-promo-id=\"75934\"\t\t\t\t\t\t\t\t\t\twidth='1420' height='240'\t\t\t\t\talt=\"https:\/\/files.sunoresearch.com.br\/n\/uploads\/2023\/03\/1420x240-Controle-de-Investimentos.png\"\n\t\t\t\t>\n\t\t\t<\/picture>\n\t\t<\/a>\n\t<\/p>\n\n\n","protected":false},"excerpt":{"rendered":"<p>O governador de S\u00e3o Paulo, Jo\u00e3o Doria, anunciou h\u00e1 pouco novas restri\u00e7\u00f5es em diversas localidades do estado. A regi\u00e3o da Grande SP, al\u00e9m de outras tr\u00eas que estavam na fase amarela do &#8216;Plano S\u00e3o Paulo&#8217;, passaram para a fase laranja, gravidade de n\u00edvel 3, em uma escala de 1 a 5. Governo de S\u00e3o Paulo [&hellip;]<\/p>\n","protected":false},"author":24,"featured_media":115495,"comment_status":"closed","ping_status":"closed","sticky":false,"template":"","format":"standard","meta":[],"categories":[62],"tags":[2487,842,2748,9901,843],"suno_strategy":[],"class_list":["post-115489","post","type-post","status-publish","format-standard","has-post-thumbnail","hentry","category-economia","tag-coronavirus","tag-joao-doria","tag-pandemia","tag-quarentena","tag-sao-paulo"],"yoast_head":"<!-- This site is optimized with the Yoast SEO plugin v24.4 - https:\/\/yoast.com\/wordpress\/plugins\/seo\/ -->\n<title>Jo\u00e3o Doria anuncia novas restri\u00e7\u00f5es em S\u00e3o Paulo; veja o que muda<\/title>\n<meta name=\"description\" content=\"O governador de S\u00e3o Paulo, Jo\u00e3o Doria, anunciou h\u00e1 pouco novas restri\u00e7\u00f5es em diversas localidades do estado. Clique e saiba mais.\" \/>\n<meta name=\"robots\" content=\"index, follow, max-snippet:-1, max-image-preview:large, max-video-preview:-1\" \/>\n<link rel=\"canonical\" href=\"https:\/\/www.suno.com.br\/noticias\/joao-doria-novas-restricoes-sao-paulo\/\" \/>\n<meta property=\"og:locale\" content=\"pt_BR\" \/>\n<meta property=\"og:type\" content=\"article\" \/>\n<meta property=\"og:title\" content=\"Jo\u00e3o Doria anuncia novas restri\u00e7\u00f5es em S\u00e3o Paulo; veja o que muda\" \/>\n<meta property=\"og:description\" content=\"O governador de S\u00e3o Paulo, Jo\u00e3o Doria, anunciou h\u00e1 pouco novas restri\u00e7\u00f5es em diversas localidades do estado. Clique e saiba mais.\" \/>\n<meta property=\"og:url\" content=\"https:\/\/www.suno.com.br\/noticias\/joao-doria-novas-restricoes-sao-paulo\/\" \/>\n<meta property=\"og:site_name\" content=\"Suno Not\u00edcias\" \/>\n<meta property=\"article:publisher\" content=\"https:\/\/facebook.com\/sunoresearch\" \/>\n<meta property=\"og:image\" content=\"https:\/\/files.sunoresearch.com.br\/n\/uploads\/2021\/01\/d22fc950-49720449848_a965120631_k-e1586191340564-1.jpg\" \/>\n\t<meta property=\"og:image:width\" content=\"1380\" \/>\n\t<meta property=\"og:image:height\" content=\"949\" \/>\n\t<meta property=\"og:image:type\" content=\"image\/jpeg\" \/>\n<meta name=\"author\" content=\"Jader Lazarini\" \/>\n<meta name=\"twitter:card\" content=\"summary_large_image\" \/>\n<meta name=\"twitter:creator\" content=\"@sunoresearch\" \/>\n<meta name=\"twitter:site\" content=\"@sunoresearch\" \/>\n<meta name=\"twitter:label1\" content=\"Escrito por\" \/>\n\t<meta name=\"twitter:data1\" content=\"Jader Lazarini\" \/>\n\t<meta name=\"twitter:label2\" content=\"Est. tempo de leitura\" \/>\n\t<meta name=\"twitter:data2\" content=\"3 minutos\" \/>\n<script type=\"application\/ld+json\" class=\"yoast-schema-graph\">{\"@context\":\"https:\/\/schema.org\",\"@graph\":[{\"@type\":\"NewsArticle\",\"@id\":\"https:\/\/www.suno.com.br\/noticias\/joao-doria-novas-restricoes-sao-paulo\/#article\",\"isPartOf\":{\"@id\":\"https:\/\/www.suno.com.br\/noticias\/joao-doria-novas-restricoes-sao-paulo\/\"},\"author\":{\"name\":\"Jader Lazarini\",\"@id\":\"https:\/\/www.suno.com.br\/noticias\/#\/schema\/person\/918d79de1f0281f01599b93f9ea6e23f\"},\"headline\":\"Jo\u00e3o Doria anuncia novas restri\u00e7\u00f5es em S\u00e3o Paulo; veja o que muda\",\"datePublished\":\"2021-01-22T17:39:17+00:00\",\"dateModified\":\"2021-01-24T13:03:08+00:00\",\"mainEntityOfPage\":{\"@id\":\"https:\/\/www.suno.com.br\/noticias\/joao-doria-novas-restricoes-sao-paulo\/\"},\"wordCount\":639,\"publisher\":{\"@id\":\"https:\/\/www.suno.com.br\/noticias\/#organization\"},\"image\":{\"@id\":\"https:\/\/www.suno.com.br\/noticias\/joao-doria-novas-restricoes-sao-paulo\/#primaryimage\"},\"thumbnailUrl\":\"https:\/\/files.sunoresearch.com.br\/n\/uploads\/2021\/01\/d22fc950-49720449848_a965120631_k-e1586191340564-1-jpg.webp\",\"keywords\":[\"coronav\u00edrus\",\"Jo\u00e3o Doria\",\"pandemia\",\"quarentena\",\"S\u00e3o Paulo\"],\"articleSection\":[\"Economia\"],\"inLanguage\":\"pt-BR\"},{\"@type\":\"WebPage\",\"@id\":\"https:\/\/www.suno.com.br\/noticias\/joao-doria-novas-restricoes-sao-paulo\/\",\"url\":\"https:\/\/www.suno.com.br\/noticias\/joao-doria-novas-restricoes-sao-paulo\/\",\"name\":\"Jo\u00e3o Doria anuncia novas restri\u00e7\u00f5es em S\u00e3o Paulo; veja o que muda\",\"isPartOf\":{\"@id\":\"https:\/\/www.suno.com.br\/noticias\/#website\"},\"primaryImageOfPage\":{\"@id\":\"https:\/\/www.suno.com.br\/noticias\/joao-doria-novas-restricoes-sao-paulo\/#primaryimage\"},\"image\":{\"@id\":\"https:\/\/www.suno.com.br\/noticias\/joao-doria-novas-restricoes-sao-paulo\/#primaryimage\"},\"thumbnailUrl\":\"https:\/\/files.sunoresearch.com.br\/n\/uploads\/2021\/01\/d22fc950-49720449848_a965120631_k-e1586191340564-1-jpg.webp\",\"datePublished\":\"2021-01-22T17:39:17+00:00\",\"dateModified\":\"2021-01-24T13:03:08+00:00\",\"description\":\"O governador de S\u00e3o Paulo, Jo\u00e3o Doria, anunciou h\u00e1 pouco novas restri\u00e7\u00f5es em diversas localidades do estado. Clique e saiba mais.\",\"breadcrumb\":{\"@id\":\"https:\/\/www.suno.com.br\/noticias\/joao-doria-novas-restricoes-sao-paulo\/#breadcrumb\"},\"inLanguage\":\"pt-BR\",\"potentialAction\":[{\"@type\":\"ReadAction\",\"target\":[\"https:\/\/www.suno.com.br\/noticias\/joao-doria-novas-restricoes-sao-paulo\/\"]}]},{\"@type\":\"ImageObject\",\"inLanguage\":\"pt-BR\",\"@id\":\"https:\/\/www.suno.com.br\/noticias\/joao-doria-novas-restricoes-sao-paulo\/#primaryimage\",\"url\":\"https:\/\/files.sunoresearch.com.br\/n\/uploads\/2021\/01\/d22fc950-49720449848_a965120631_k-e1586191340564-1-jpg.webp\",\"contentUrl\":\"https:\/\/files.sunoresearch.com.br\/n\/uploads\/2021\/01\/d22fc950-49720449848_a965120631_k-e1586191340564-1-jpg.webp\",\"width\":1380,\"height\":949,\"caption\":\"Governo de S\u00e3o Paulo adianta distribui\u00e7\u00e3o de vacina da covid-19\"},{\"@type\":\"BreadcrumbList\",\"@id\":\"https:\/\/www.suno.com.br\/noticias\/joao-doria-novas-restricoes-sao-paulo\/#breadcrumb\",\"itemListElement\":[{\"@type\":\"ListItem\",\"position\":1,\"name\":\"Not\u00edcias\",\"item\":\"https:\/\/www.suno.com.br\/noticias\/\"},{\"@type\":\"ListItem\",\"position\":2,\"name\":\"Economia\",\"item\":\"https:\/\/www.suno.com.br\/noticias\/economia\/\"},{\"@type\":\"ListItem\",\"position\":3,\"name\":\"Jo\u00e3o Doria anuncia novas restri\u00e7\u00f5es em S\u00e3o Paulo; veja o que muda\"}]},{\"@type\":\"WebSite\",\"@id\":\"https:\/\/www.suno.com.br\/noticias\/#website\",\"url\":\"https:\/\/www.suno.com.br\/noticias\/\",\"name\":\"Suno Not\u00edcias\",\"description\":\"Seu portal de informa\u00e7\u00e3o sobre o mundo dos investimentos\",\"publisher\":{\"@id\":\"https:\/\/www.suno.com.br\/noticias\/#organization\"},\"potentialAction\":[{\"@type\":\"SearchAction\",\"target\":{\"@type\":\"EntryPoint\",\"urlTemplate\":\"https:\/\/www.suno.com.br\/noticias\/?s={search_term_string}\"},\"query-input\":{\"@type\":\"PropertyValueSpecification\",\"valueRequired\":true,\"valueName\":\"search_term_string\"}}],\"inLanguage\":\"pt-BR\"},{\"@type\":\"Organization\",\"@id\":\"https:\/\/www.suno.com.br\/noticias\/#organization\",\"name\":\"Suno Not\u00edcias\",\"url\":\"https:\/\/www.suno.com.br\/noticias\/\",\"logo\":{\"@type\":\"ImageObject\",\"inLanguage\":\"pt-BR\",\"@id\":\"https:\/\/www.suno.com.br\/noticias\/#\/schema\/logo\/image\/\",\"url\":\"https:\/\/files.sunoresearch.com.br\/n\/uploads\/2021\/09\/suno-logo.png\",\"contentUrl\":\"https:\/\/files.sunoresearch.com.br\/n\/uploads\/2021\/09\/suno-logo.png\",\"width\":180,\"height\":180,\"caption\":\"Suno Not\u00edcias\"},\"image\":{\"@id\":\"https:\/\/www.suno.com.br\/noticias\/#\/schema\/logo\/image\/\"},\"sameAs\":[\"https:\/\/facebook.com\/sunoresearch\",\"https:\/\/x.com\/sunoresearch\",\"https:\/\/www.instagram.com\/suno\",\"https:\/\/www.linkedin.com\/company\/suno-research\/\",\"https:\/\/www.youtube.com\/c\/sunoresearch\"]},{\"@type\":\"Person\",\"@id\":\"https:\/\/www.suno.com.br\/noticias\/#\/schema\/person\/918d79de1f0281f01599b93f9ea6e23f\",\"name\":\"Jader Lazarini\",\"image\":{\"@type\":\"ImageObject\",\"inLanguage\":\"pt-BR\",\"@id\":\"https:\/\/www.suno.com.br\/noticias\/#\/schema\/person\/image\/\",\"url\":\"https:\/\/secure.gravatar.com\/avatar\/3c1ad8caa51589841baeb923fcddea97?s=96&r=g\",\"contentUrl\":\"https:\/\/secure.gravatar.com\/avatar\/3c1ad8caa51589841baeb923fcddea97?s=96&r=g\",\"caption\":\"Jader Lazarini\"},\"description\":\"Jader Lazarini escreve sobre investimentos, finan\u00e7as, economia e neg\u00f3cios. \u00c9 bacharel em Rela\u00e7\u00f5es Internacionais e analista CNPI (2619).\",\"url\":\"https:\/\/www.suno.com.br\/noticias\/author\/jader-lazarini\/\"}]}<\/script>\n<!-- \/ Yoast SEO plugin. -->","yoast_head_json":{"title":"Jo\u00e3o Doria anuncia novas restri\u00e7\u00f5es em S\u00e3o Paulo; veja o que muda","description":"O governador de S\u00e3o Paulo, Jo\u00e3o Doria, anunciou h\u00e1 pouco novas restri\u00e7\u00f5es em diversas localidades do estado. Clique e saiba mais.","robots":{"index":"index","follow":"follow","max-snippet":"max-snippet:-1","max-image-preview":"max-image-preview:large","max-video-preview":"max-video-preview:-1"},"canonical":"https:\/\/www.suno.com.br\/noticias\/joao-doria-novas-restricoes-sao-paulo\/","og_locale":"pt_BR","og_type":"article","og_title":"Jo\u00e3o Doria anuncia novas restri\u00e7\u00f5es em S\u00e3o Paulo; veja o que muda","og_description":"O governador de S\u00e3o Paulo, Jo\u00e3o Doria, anunciou h\u00e1 pouco novas restri\u00e7\u00f5es em diversas localidades do estado. Clique e saiba mais.","og_url":"https:\/\/www.suno.com.br\/noticias\/joao-doria-novas-restricoes-sao-paulo\/","og_site_name":"Suno Not\u00edcias","article_publisher":"https:\/\/facebook.com\/sunoresearch","og_image":[{"width":1380,"height":949,"url":"https:\/\/files.sunoresearch.com.br\/n\/uploads\/2021\/01\/d22fc950-49720449848_a965120631_k-e1586191340564-1.jpg","type":"image\/jpeg"}],"author":"Jader Lazarini","twitter_card":"summary_large_image","twitter_creator":"@sunoresearch","twitter_site":"@sunoresearch","twitter_misc":{"Escrito por":"Jader Lazarini","Est. tempo de leitura":"3 minutos"},"schema":{"@context":"https:\/\/schema.org","@graph":[{"@type":"NewsArticle","@id":"https:\/\/www.suno.com.br\/noticias\/joao-doria-novas-restricoes-sao-paulo\/#article","isPartOf":{"@id":"https:\/\/www.suno.com.br\/noticias\/joao-doria-novas-restricoes-sao-paulo\/"},"author":{"name":"Jader Lazarini","@id":"https:\/\/www.suno.com.br\/noticias\/#\/schema\/person\/918d79de1f0281f01599b93f9ea6e23f"},"headline":"Jo\u00e3o Doria anuncia novas restri\u00e7\u00f5es em S\u00e3o Paulo; veja o que muda","datePublished":"2021-01-22T17:39:17+00:00","dateModified":"2021-01-24T13:03:08+00:00","mainEntityOfPage":{"@id":"https:\/\/www.suno.com.br\/noticias\/joao-doria-novas-restricoes-sao-paulo\/"},"wordCount":639,"publisher":{"@id":"https:\/\/www.suno.com.br\/noticias\/#organization"},"image":{"@id":"https:\/\/www.suno.com.br\/noticias\/joao-doria-novas-restricoes-sao-paulo\/#primaryimage"},"thumbnailUrl":"https:\/\/files.sunoresearch.com.br\/n\/uploads\/2021\/01\/d22fc950-49720449848_a965120631_k-e1586191340564-1-jpg.webp","keywords":["coronav\u00edrus","Jo\u00e3o Doria","pandemia","quarentena","S\u00e3o Paulo"],"articleSection":["Economia"],"inLanguage":"pt-BR"},{"@type":"WebPage","@id":"https:\/\/www.suno.com.br\/noticias\/joao-doria-novas-restricoes-sao-paulo\/","url":"https:\/\/www.suno.com.br\/noticias\/joao-doria-novas-restricoes-sao-paulo\/","name":"Jo\u00e3o Doria anuncia novas restri\u00e7\u00f5es em S\u00e3o Paulo; veja o que muda","isPartOf":{"@id":"https:\/\/www.suno.com.br\/noticias\/#website"},"primaryImageOfPage":{"@id":"https:\/\/www.suno.com.br\/noticias\/joao-doria-novas-restricoes-sao-paulo\/#primaryimage"},"image":{"@id":"https:\/\/www.suno.com.br\/noticias\/joao-doria-novas-restricoes-sao-paulo\/#primaryimage"},"thumbnailUrl":"https:\/\/files.sunoresearch.com.br\/n\/uploads\/2021\/01\/d22fc950-49720449848_a965120631_k-e1586191340564-1-jpg.webp","datePublished":"2021-01-22T17:39:17+00:00","dateModified":"2021-01-24T13:03:08+00:00","description":"O governador de S\u00e3o Paulo, Jo\u00e3o Doria, anunciou h\u00e1 pouco novas restri\u00e7\u00f5es em diversas localidades do estado. Clique e saiba mais.","breadcrumb":{"@id":"https:\/\/www.suno.com.br\/noticias\/joao-doria-novas-restricoes-sao-paulo\/#breadcrumb"},"inLanguage":"pt-BR","potentialAction":[{"@type":"ReadAction","target":["https:\/\/www.suno.com.br\/noticias\/joao-doria-novas-restricoes-sao-paulo\/"]}]},{"@type":"ImageObject","inLanguage":"pt-BR","@id":"https:\/\/www.suno.com.br\/noticias\/joao-doria-novas-restricoes-sao-paulo\/#primaryimage","url":"https:\/\/files.sunoresearch.com.br\/n\/uploads\/2021\/01\/d22fc950-49720449848_a965120631_k-e1586191340564-1-jpg.webp","contentUrl":"https:\/\/files.sunoresearch.com.br\/n\/uploads\/2021\/01\/d22fc950-49720449848_a965120631_k-e1586191340564-1-jpg.webp","width":1380,"height":949,"caption":"Governo de S\u00e3o Paulo adianta distribui\u00e7\u00e3o de vacina da covid-19"},{"@type":"BreadcrumbList","@id":"https:\/\/www.suno.com.br\/noticias\/joao-doria-novas-restricoes-sao-paulo\/#breadcrumb","itemListElement":[{"@type":"ListItem","position":1,"name":"Not\u00edcias","item":"https:\/\/www.suno.com.br\/noticias\/"},{"@type":"ListItem","position":2,"name":"Economia","item":"https:\/\/www.suno.com.br\/noticias\/economia\/"},{"@type":"ListItem","position":3,"name":"Jo\u00e3o Doria anuncia novas restri\u00e7\u00f5es em S\u00e3o Paulo; veja o que muda"}]},{"@type":"WebSite","@id":"https:\/\/www.suno.com.br\/noticias\/#website","url":"https:\/\/www.suno.com.br\/noticias\/","name":"Suno Not\u00edcias","description":"Seu portal de informa\u00e7\u00e3o sobre o mundo dos investimentos","publisher":{"@id":"https:\/\/www.suno.com.br\/noticias\/#organization"},"potentialAction":[{"@type":"SearchAction","target":{"@type":"EntryPoint","urlTemplate":"https:\/\/www.suno.com.br\/noticias\/?s={search_term_string}"},"query-input":{"@type":"PropertyValueSpecification","valueRequired":true,"valueName":"search_term_string"}}],"inLanguage":"pt-BR"},{"@type":"Organization","@id":"https:\/\/www.suno.com.br\/noticias\/#organization","name":"Suno Not\u00edcias","url":"https:\/\/www.suno.com.br\/noticias\/","logo":{"@type":"ImageObject","inLanguage":"pt-BR","@id":"https:\/\/www.suno.com.br\/noticias\/#\/schema\/logo\/image\/","url":"https:\/\/files.sunoresearch.com.br\/n\/uploads\/2021\/09\/suno-logo.png","contentUrl":"https:\/\/files.sunoresearch.com.br\/n\/uploads\/2021\/09\/suno-logo.png","width":180,"height":180,"caption":"Suno Not\u00edcias"},"image":{"@id":"https:\/\/www.suno.com.br\/noticias\/#\/schema\/logo\/image\/"},"sameAs":["https:\/\/facebook.com\/sunoresearch","https:\/\/x.com\/sunoresearch","https:\/\/www.instagram.com\/suno","https:\/\/www.linkedin.com\/company\/suno-research\/","https:\/\/www.youtube.com\/c\/sunoresearch"]},{"@type":"Person","@id":"https:\/\/www.suno.com.br\/noticias\/#\/schema\/person\/918d79de1f0281f01599b93f9ea6e23f","name":"Jader Lazarini","image":{"@type":"ImageObject","inLanguage":"pt-BR","@id":"https:\/\/www.suno.com.br\/noticias\/#\/schema\/person\/image\/","url":"https:\/\/secure.gravatar.com\/avatar\/3c1ad8caa51589841baeb923fcddea97?s=96&r=g","contentUrl":"https:\/\/secure.gravatar.com\/avatar\/3c1ad8caa51589841baeb923fcddea97?s=96&r=g","caption":"Jader Lazarini"},"description":"Jader Lazarini escreve sobre investimentos, finan\u00e7as, economia e neg\u00f3cios. \u00c9 bacharel em Rela\u00e7\u00f5es Internacionais e analista CNPI (2619).","url":"https:\/\/www.suno.com.br\/noticias\/author\/jader-lazarini\/"}]}},"default_loop_html":"<div class=\"cardsPage__listCard__boxs\"><div class=\"cardsPage__listCard__boxs__img\"><a href=\"https:\/\/www.suno.com.br\/noticias\/joao-doria-novas-restricoes-sao-paulo\/\"><img class=\"mask\" src=\"https:\/\/www.suno.com.br\/noticias\/wp-content\/themes\/suno\/resources\/images\/spotlight\/spotlight1img\/bg-mask.png\" alt=\"Image Mask\"\/><img src=\"https:\/\/files.sunoresearch.com.br\/n\/uploads\/2021\/01\/d22fc950-49720449848_a965120631_k-e1586191340564-1-400x200.webp\" alt=\"Jo\u00e3o Doria anuncia novas restri\u00e7\u00f5es em S\u00e3o Paulo; veja o que muda\"\/><\/a><span class=\"spotlightCategory\"><a href=\"https:\/\/www.suno.com.br\/noticias\/economia\/\">Economia<\/a><\/span><\/div><div class=\"cardsPage__listCard__boxs__content\"><a href=\"https:\/\/www.suno.com.br\/noticias\/joao-doria-novas-restricoes-sao-paulo\/\"><h2 class=\"content__title\">Jo\u00e3o Doria anuncia novas restri\u00e7\u00f5es em S\u00e3o Paulo; veja o que muda<\/h2><\/a><div class=\"newsContent__article__meta\"><div class=\"newsContent__article__meta__authorBox\"><a href=\"https:\/\/www.suno.com.br\/noticias\/author\/jader-lazarini\/\" class=\"authorBox__avatar noMobi\"><img src=\"https:\/\/files.sunoresearch.com.br\/n\/uploads\/2021\/01\/178e6598-foto-perfil-2-150x150.jpg\" alt=\"Jader Lazarini\"><\/a><div class=\"authorBox__name\"><span>por\n\t\t\t<a href=\"https:\/\/www.suno.com.br\/noticias\/author\/jader-lazarini\/\"><span itemprop=\"author\">Jader Lazarini<\/span><\/a><\/span><time datetime=\"2021-01-22T14:39:17-03:00\" itemprop=\"datePublished\">22\/01\/2021 14:39<\/time><\/div><\/div><\/div><\/div><\/div>","single_layout":"posts","amp_enabled":true,"_links":{"self":[{"href":"https:\/\/www.suno.com.br\/noticias\/wp-json\/wp\/v2\/posts\/115489"}],"collection":[{"href":"https:\/\/www.suno.com.br\/noticias\/wp-json\/wp\/v2\/posts"}],"about":[{"href":"https:\/\/www.suno.com.br\/noticias\/wp-json\/wp\/v2\/types\/post"}],"author":[{"embeddable":true,"href":"https:\/\/www.suno.com.br\/noticias\/wp-json\/wp\/v2\/users\/24"}],"replies":[{"embeddable":true,"href":"https:\/\/www.suno.com.br\/noticias\/wp-json\/wp\/v2\/comments?post=115489"}],"version-history":[{"count":0,"href":"https:\/\/www.suno.com.br\/noticias\/wp-json\/wp\/v2\/posts\/115489\/revisions"}],"wp:featuredmedia":[{"embeddable":true,"href":"https:\/\/www.suno.com.br\/noticias\/wp-json\/wp\/v2\/media\/115495"}],"wp:attachment":[{"href":"https:\/\/www.suno.com.br\/noticias\/wp-json\/wp\/v2\/media?parent=115489"}],"wp:term":[{"taxonomy":"category","embeddable":true,"href":"https:\/\/www.suno.com.br\/noticias\/wp-json\/wp\/v2\/categories?post=115489"},{"taxonomy":"post_tag","embeddable":true,"href":"https:\/\/www.suno.com.br\/noticias\/wp-json\/wp\/v2\/tags?post=115489"},{"taxonomy":"suno_strategy","embeddable":true,"href":"https:\/\/www.suno.com.br\/noticias\/wp-json\/wp\/v2\/suno_strategy?post=115489"}],"curies":[{"name":"wp","href":"https:\/\/api.w.org\/{rel}","templated":true}]}}