{"id":11531,"date":"2019-01-14T13:39:35","date_gmt":"2019-01-14T15:39:35","guid":{"rendered":"https:\/\/www.suno.com.br\/noticias\/?p=11531"},"modified":"2019-01-14T13:39:35","modified_gmt":"2019-01-14T15:39:35","slug":"polonia-proibir-produtos-huawei","status":"publish","type":"post","link":"https:\/\/www.suno.com.br\/noticias\/polonia-proibir-produtos-huawei\/","title":{"rendered":"Pol\u00f4nia estuda proibir o uso de produtos da Huawei por \u00f3rg\u00e3os p\u00fablicos"},"content":{"rendered":"<p>A Pol\u00f4nia pode proibir o uso de produtos Huawei por \u00f3rg\u00e3os p\u00fablicos e limitar o uso dos aparelhos por cidad\u00e3os privados, por meio de uma poss\u00edvel legisla\u00e7\u00e3o, afirmou uma autoridade s\u00eanior do governo no \u00faltimo domingo (13).<\/p>\t<div class=\"wrapper-featured-image\">\n\t\t<figure class=\"spotlightImg\">\n\n\t\t\t<picture>\n\t\t\t\t<source media=\"(max-width: 768px)\" srcset=\"https:\/\/files.sunoresearch.com.br\/n\/uploads\/2019\/01\/e46c01ed-huawei-400x200.webp\">\n\t\t\t\t<img loading=\"lazy\" decoding=\"async\" class=\"newsContent__article__imgCapa lazyloadDisabled newsContent__article__imgCapa--noCaption\" src=\"https:\/\/files.sunoresearch.com.br\/n\/uploads\/2019\/01\/e46c01ed-huawei-800x450.webp\" width=\"800\" height=\"450\" alt=\"Pol\u00f4nia estuda proibir o uso de produtos da Huawei por \u00f3rg\u00e3os p\u00fablicos\" fetchpriority=high \/>\n\t\t\t<\/picture>\n\n\t\t\t<figcaption class=\"wp-caption-text wp-caption-text--hide\">Fundador da Huawei diz que pol\u00edticos americanos subestimam chinesa<\/figcaption>\n\t\t<\/figure>\n\t<\/div>\n\n\n<p>As a\u00e7\u00f5es da <strong>Pol\u00f4nia<\/strong> acontecem ap\u00f3s o funcion\u00e1rio Wang Weijing, da <strong>Huawei<\/strong>, ser preso na \u00faltima sexta-feira (11), sob acusa\u00e7\u00f5es de <strong>espionagem<\/strong>. Al\u00e9m disso, uma ex-autoridade de seguran\u00e7a polonesa tamb\u00e9m foi detida.<\/p>\n<p>Desta forma, a medida tomada pelos poloneses pode gerar preocupa\u00e7\u00f5es do Ocidente em rela\u00e7\u00e3o a seguran\u00e7a dos <strong>equipamentos de telecomunica\u00e7\u00e3o<\/strong> da fabricante chinesa.<\/p>\n<p><a href=\"https:\/\/www.suno.com.br\/noticias\/funcionario-huawei-preso-polonia-demitido\/\">Saiba mais:\u00a0Funcion\u00e1rio da Huawei que foi preso na Pol\u00f4nia \u00e9 demitido<\/a><\/p>\n<p>De acordo com Karol Okonski, autoridade do governo polon\u00eas respons\u00e1vel pela <strong>seguran\u00e7a cibern\u00e9tica<\/strong> \u00e0 Reuters, as mudan\u00e7as inesperadas da pol\u00edtica em rela\u00e7\u00e3o a chinesa, n\u00e3o eram garantidas ap\u00f3s as pris\u00f5es serem realizadas.<\/p>\n<p>Entretanto, ele ainda disse que o uso de produtos da companhia por estatais poderia ser revisto. &#8220;Vamos analisar se nossa decis\u00e3o pode incluir o fim do uso de produtos da <strong>Huawei<\/strong>&#8220;.<\/p>\n<h2>Huawei<\/h2>\n<p>A Huawei \u00e9 a maior produtora de equipamentos de telecomunica\u00e7\u00f5es do mundo.<\/p>\n<p>A chinesa tem enfrentado uma forte press\u00e3o no Ocidente por conta das acusa\u00e7\u00f5es vindas dos <strong>Estados Unidos<\/strong>. Os norte-americanos\u00a0afirmam que os equipamentos da empresa servem para espionagem, por parte da China.<\/p>\n<p>A produtora negou as acusa\u00e7\u00f5es e nenhuma evid\u00eancia foi encontrada. Entretanto, diversos pa\u00edses ocidentais fizeram restri\u00e7\u00f5es a fabricante em seus mercados.<\/p>\n<p>Conforme comunicado, a Huawei afirma que\u00a0&#8220;cumpre todas as leis e regulamentos aplic\u00e1veis nos pa\u00edses que opera&#8221;. Al\u00e9m disso, exige &#8220;que todos os funcion\u00e1rios respeitem as leis e regulamentos dos pa\u00edses onde est\u00e3o baseados&#8221;.<\/p>\n","protected":false},"excerpt":{"rendered":"<p>A Pol\u00f4nia pode proibir o uso de produtos Huawei por \u00f3rg\u00e3os p\u00fablicos e limitar o uso dos aparelhos por cidad\u00e3os privados, por meio de uma poss\u00edvel legisla\u00e7\u00e3o, afirmou uma autoridade s\u00eanior do governo no \u00faltimo domingo (13). Fundador da Huawei diz que pol\u00edticos americanos subestimam chinesa As a\u00e7\u00f5es da Pol\u00f4nia acontecem ap\u00f3s o funcion\u00e1rio Wang [&hellip;]<\/p>\n","protected":false},"author":11,"featured_media":11549,"comment_status":"closed","ping_status":"closed","sticky":false,"template":"","format":"standard","meta":[],"categories":[63],"tags":[826],"suno_strategy":[],"class_list":["post-11531","post","type-post","status-publish","format-standard","has-post-thumbnail","hentry","category-internacional","tag-huawei"],"yoast_head":"<!-- This site is optimized with the Yoast SEO plugin v24.4 - https:\/\/yoast.com\/wordpress\/plugins\/seo\/ -->\n<title>Pol\u00f4nia estuda proibir o uso de produtos da Huawei por \u00f3rg\u00e3os p\u00fablicos<\/title>\n<meta name=\"description\" content=\"A Pol\u00f4nia pretende limitar o uso dos aparelhos por cidad\u00e3os privados; Funcion\u00e1rio da Huawei foi preso na sexta (11). Clique para saber mais.\" \/>\n<meta name=\"robots\" content=\"index, follow, max-snippet:-1, max-image-preview:large, max-video-preview:-1\" \/>\n<link rel=\"canonical\" href=\"https:\/\/www.suno.com.br\/noticias\/polonia-proibir-produtos-huawei\/\" \/>\n<meta property=\"og:locale\" content=\"pt_BR\" \/>\n<meta property=\"og:type\" content=\"article\" \/>\n<meta property=\"og:title\" content=\"Pol\u00f4nia estuda proibir o uso de produtos da Huawei por \u00f3rg\u00e3os p\u00fablicos\" \/>\n<meta property=\"og:description\" content=\"A Pol\u00f4nia pretende limitar o uso dos aparelhos por cidad\u00e3os privados; Funcion\u00e1rio da Huawei foi preso na sexta (11). Clique para saber mais.\" \/>\n<meta property=\"og:url\" content=\"https:\/\/www.suno.com.br\/noticias\/polonia-proibir-produtos-huawei\/\" \/>\n<meta property=\"og:site_name\" content=\"Suno Not\u00edcias\" \/>\n<meta property=\"article:publisher\" content=\"https:\/\/facebook.com\/sunoresearch\" \/>\n<meta property=\"og:image\" content=\"https:\/\/files.sunoresearch.com.br\/n\/uploads\/2019\/01\/e46c01ed-huawei.jpg\" \/>\n\t<meta property=\"og:image:width\" content=\"800\" \/>\n\t<meta property=\"og:image:height\" content=\"641\" \/>\n\t<meta property=\"og:image:type\" content=\"image\/jpeg\" \/>\n<meta name=\"author\" content=\"Renan Bandeira\" \/>\n<meta name=\"twitter:card\" content=\"summary_large_image\" \/>\n<meta name=\"twitter:creator\" content=\"@sunoresearch\" \/>\n<meta name=\"twitter:site\" content=\"@sunoresearch\" \/>\n<meta name=\"twitter:label1\" content=\"Escrito por\" \/>\n\t<meta name=\"twitter:data1\" content=\"Renan Bandeira\" \/>\n\t<meta name=\"twitter:label2\" content=\"Est. tempo de leitura\" \/>\n\t<meta name=\"twitter:data2\" content=\"2 minutos\" \/>\n<script type=\"application\/ld+json\" class=\"yoast-schema-graph\">{\"@context\":\"https:\/\/schema.org\",\"@graph\":[{\"@type\":\"NewsArticle\",\"@id\":\"https:\/\/www.suno.com.br\/noticias\/polonia-proibir-produtos-huawei\/#article\",\"isPartOf\":{\"@id\":\"https:\/\/www.suno.com.br\/noticias\/polonia-proibir-produtos-huawei\/\"},\"author\":{\"name\":\"Renan Bandeira\",\"@id\":\"https:\/\/www.suno.com.br\/noticias\/#\/schema\/person\/fc144a1c6108bd1dcd43784e88a3c138\"},\"headline\":\"Pol\u00f4nia estuda proibir o uso de produtos da Huawei por \u00f3rg\u00e3os p\u00fablicos\",\"datePublished\":\"2019-01-14T15:39:35+00:00\",\"mainEntityOfPage\":{\"@id\":\"https:\/\/www.suno.com.br\/noticias\/polonia-proibir-produtos-huawei\/\"},\"wordCount\":322,\"publisher\":{\"@id\":\"https:\/\/www.suno.com.br\/noticias\/#organization\"},\"image\":{\"@id\":\"https:\/\/www.suno.com.br\/noticias\/polonia-proibir-produtos-huawei\/#primaryimage\"},\"thumbnailUrl\":\"https:\/\/files.sunoresearch.com.br\/n\/uploads\/2019\/01\/e46c01ed-huawei-jpg.webp\",\"keywords\":[\"Huawei\"],\"articleSection\":[\"Internacional\"],\"inLanguage\":\"pt-BR\"},{\"@type\":\"WebPage\",\"@id\":\"https:\/\/www.suno.com.br\/noticias\/polonia-proibir-produtos-huawei\/\",\"url\":\"https:\/\/www.suno.com.br\/noticias\/polonia-proibir-produtos-huawei\/\",\"name\":\"Pol\u00f4nia estuda proibir o uso de produtos da Huawei por \u00f3rg\u00e3os p\u00fablicos\",\"isPartOf\":{\"@id\":\"https:\/\/www.suno.com.br\/noticias\/#website\"},\"primaryImageOfPage\":{\"@id\":\"https:\/\/www.suno.com.br\/noticias\/polonia-proibir-produtos-huawei\/#primaryimage\"},\"image\":{\"@id\":\"https:\/\/www.suno.com.br\/noticias\/polonia-proibir-produtos-huawei\/#primaryimage\"},\"thumbnailUrl\":\"https:\/\/files.sunoresearch.com.br\/n\/uploads\/2019\/01\/e46c01ed-huawei-jpg.webp\",\"datePublished\":\"2019-01-14T15:39:35+00:00\",\"description\":\"A Pol\u00f4nia pretende limitar o uso dos aparelhos por cidad\u00e3os privados; Funcion\u00e1rio da Huawei foi preso na sexta (11). Clique para saber mais.\",\"breadcrumb\":{\"@id\":\"https:\/\/www.suno.com.br\/noticias\/polonia-proibir-produtos-huawei\/#breadcrumb\"},\"inLanguage\":\"pt-BR\",\"potentialAction\":[{\"@type\":\"ReadAction\",\"target\":[\"https:\/\/www.suno.com.br\/noticias\/polonia-proibir-produtos-huawei\/\"]}]},{\"@type\":\"ImageObject\",\"inLanguage\":\"pt-BR\",\"@id\":\"https:\/\/www.suno.com.br\/noticias\/polonia-proibir-produtos-huawei\/#primaryimage\",\"url\":\"https:\/\/files.sunoresearch.com.br\/n\/uploads\/2019\/01\/e46c01ed-huawei-jpg.webp\",\"contentUrl\":\"https:\/\/files.sunoresearch.com.br\/n\/uploads\/2019\/01\/e46c01ed-huawei-jpg.webp\",\"width\":800,\"height\":641,\"caption\":\"Fundador da Huawei diz que pol\u00edticos americanos subestimam chinesa\"},{\"@type\":\"BreadcrumbList\",\"@id\":\"https:\/\/www.suno.com.br\/noticias\/polonia-proibir-produtos-huawei\/#breadcrumb\",\"itemListElement\":[{\"@type\":\"ListItem\",\"position\":1,\"name\":\"Not\u00edcias\",\"item\":\"https:\/\/www.suno.com.br\/noticias\/\"},{\"@type\":\"ListItem\",\"position\":2,\"name\":\"Internacional\",\"item\":\"https:\/\/www.suno.com.br\/noticias\/internacional\/\"},{\"@type\":\"ListItem\",\"position\":3,\"name\":\"Pol\u00f4nia estuda proibir o uso de produtos da Huawei por \u00f3rg\u00e3os p\u00fablicos\"}]},{\"@type\":\"WebSite\",\"@id\":\"https:\/\/www.suno.com.br\/noticias\/#website\",\"url\":\"https:\/\/www.suno.com.br\/noticias\/\",\"name\":\"Suno Not\u00edcias\",\"description\":\"Seu portal de informa\u00e7\u00e3o sobre o mundo dos investimentos\",\"publisher\":{\"@id\":\"https:\/\/www.suno.com.br\/noticias\/#organization\"},\"potentialAction\":[{\"@type\":\"SearchAction\",\"target\":{\"@type\":\"EntryPoint\",\"urlTemplate\":\"https:\/\/www.suno.com.br\/noticias\/?s={search_term_string}\"},\"query-input\":{\"@type\":\"PropertyValueSpecification\",\"valueRequired\":true,\"valueName\":\"search_term_string\"}}],\"inLanguage\":\"pt-BR\"},{\"@type\":\"Organization\",\"@id\":\"https:\/\/www.suno.com.br\/noticias\/#organization\",\"name\":\"Suno Not\u00edcias\",\"url\":\"https:\/\/www.suno.com.br\/noticias\/\",\"logo\":{\"@type\":\"ImageObject\",\"inLanguage\":\"pt-BR\",\"@id\":\"https:\/\/www.suno.com.br\/noticias\/#\/schema\/logo\/image\/\",\"url\":\"https:\/\/files.sunoresearch.com.br\/n\/uploads\/2021\/09\/suno-logo.png\",\"contentUrl\":\"https:\/\/files.sunoresearch.com.br\/n\/uploads\/2021\/09\/suno-logo.png\",\"width\":180,\"height\":180,\"caption\":\"Suno Not\u00edcias\"},\"image\":{\"@id\":\"https:\/\/www.suno.com.br\/noticias\/#\/schema\/logo\/image\/\"},\"sameAs\":[\"https:\/\/facebook.com\/sunoresearch\",\"https:\/\/x.com\/sunoresearch\",\"https:\/\/www.instagram.com\/suno\",\"https:\/\/www.linkedin.com\/company\/suno-research\/\",\"https:\/\/www.youtube.com\/c\/sunoresearch\"]},{\"@type\":\"Person\",\"@id\":\"https:\/\/www.suno.com.br\/noticias\/#\/schema\/person\/fc144a1c6108bd1dcd43784e88a3c138\",\"name\":\"Renan Bandeira\",\"image\":{\"@type\":\"ImageObject\",\"inLanguage\":\"pt-BR\",\"@id\":\"https:\/\/www.suno.com.br\/noticias\/#\/schema\/person\/image\/\",\"url\":\"https:\/\/secure.gravatar.com\/avatar\/68359cdb608f14f11bbefcb78f3fc747?s=96&r=g\",\"contentUrl\":\"https:\/\/secure.gravatar.com\/avatar\/68359cdb608f14f11bbefcb78f3fc747?s=96&r=g\",\"caption\":\"Renan Bandeira\"},\"description\":\"Renan Bandeira escreve sobre pol\u00edtica e economia para o portal da Suno Research. Antes da Suno, trabalhou em uma rede de televis\u00e3o, onde fazia reportagens sobre os mesmos temas. Estuda na Universidade Metodista de S\u00e3o Paulo.\",\"url\":\"https:\/\/www.suno.com.br\/noticias\/author\/renan-bandeira\/\"}]}<\/script>\n<!-- \/ Yoast SEO plugin. -->","yoast_head_json":{"title":"Pol\u00f4nia estuda proibir o uso de produtos da Huawei por \u00f3rg\u00e3os p\u00fablicos","description":"A Pol\u00f4nia pretende limitar o uso dos aparelhos por cidad\u00e3os privados; Funcion\u00e1rio da Huawei foi preso na sexta (11). Clique para saber mais.","robots":{"index":"index","follow":"follow","max-snippet":"max-snippet:-1","max-image-preview":"max-image-preview:large","max-video-preview":"max-video-preview:-1"},"canonical":"https:\/\/www.suno.com.br\/noticias\/polonia-proibir-produtos-huawei\/","og_locale":"pt_BR","og_type":"article","og_title":"Pol\u00f4nia estuda proibir o uso de produtos da Huawei por \u00f3rg\u00e3os p\u00fablicos","og_description":"A Pol\u00f4nia pretende limitar o uso dos aparelhos por cidad\u00e3os privados; Funcion\u00e1rio da Huawei foi preso na sexta (11). Clique para saber mais.","og_url":"https:\/\/www.suno.com.br\/noticias\/polonia-proibir-produtos-huawei\/","og_site_name":"Suno Not\u00edcias","article_publisher":"https:\/\/facebook.com\/sunoresearch","og_image":[{"width":800,"height":641,"url":"https:\/\/files.sunoresearch.com.br\/n\/uploads\/2019\/01\/e46c01ed-huawei.jpg","type":"image\/jpeg"}],"author":"Renan Bandeira","twitter_card":"summary_large_image","twitter_creator":"@sunoresearch","twitter_site":"@sunoresearch","twitter_misc":{"Escrito por":"Renan Bandeira","Est. tempo de leitura":"2 minutos"},"schema":{"@context":"https:\/\/schema.org","@graph":[{"@type":"NewsArticle","@id":"https:\/\/www.suno.com.br\/noticias\/polonia-proibir-produtos-huawei\/#article","isPartOf":{"@id":"https:\/\/www.suno.com.br\/noticias\/polonia-proibir-produtos-huawei\/"},"author":{"name":"Renan Bandeira","@id":"https:\/\/www.suno.com.br\/noticias\/#\/schema\/person\/fc144a1c6108bd1dcd43784e88a3c138"},"headline":"Pol\u00f4nia estuda proibir o uso de produtos da Huawei por \u00f3rg\u00e3os p\u00fablicos","datePublished":"2019-01-14T15:39:35+00:00","mainEntityOfPage":{"@id":"https:\/\/www.suno.com.br\/noticias\/polonia-proibir-produtos-huawei\/"},"wordCount":322,"publisher":{"@id":"https:\/\/www.suno.com.br\/noticias\/#organization"},"image":{"@id":"https:\/\/www.suno.com.br\/noticias\/polonia-proibir-produtos-huawei\/#primaryimage"},"thumbnailUrl":"https:\/\/files.sunoresearch.com.br\/n\/uploads\/2019\/01\/e46c01ed-huawei-jpg.webp","keywords":["Huawei"],"articleSection":["Internacional"],"inLanguage":"pt-BR"},{"@type":"WebPage","@id":"https:\/\/www.suno.com.br\/noticias\/polonia-proibir-produtos-huawei\/","url":"https:\/\/www.suno.com.br\/noticias\/polonia-proibir-produtos-huawei\/","name":"Pol\u00f4nia estuda proibir o uso de produtos da Huawei por \u00f3rg\u00e3os p\u00fablicos","isPartOf":{"@id":"https:\/\/www.suno.com.br\/noticias\/#website"},"primaryImageOfPage":{"@id":"https:\/\/www.suno.com.br\/noticias\/polonia-proibir-produtos-huawei\/#primaryimage"},"image":{"@id":"https:\/\/www.suno.com.br\/noticias\/polonia-proibir-produtos-huawei\/#primaryimage"},"thumbnailUrl":"https:\/\/files.sunoresearch.com.br\/n\/uploads\/2019\/01\/e46c01ed-huawei-jpg.webp","datePublished":"2019-01-14T15:39:35+00:00","description":"A Pol\u00f4nia pretende limitar o uso dos aparelhos por cidad\u00e3os privados; Funcion\u00e1rio da Huawei foi preso na sexta (11). Clique para saber mais.","breadcrumb":{"@id":"https:\/\/www.suno.com.br\/noticias\/polonia-proibir-produtos-huawei\/#breadcrumb"},"inLanguage":"pt-BR","potentialAction":[{"@type":"ReadAction","target":["https:\/\/www.suno.com.br\/noticias\/polonia-proibir-produtos-huawei\/"]}]},{"@type":"ImageObject","inLanguage":"pt-BR","@id":"https:\/\/www.suno.com.br\/noticias\/polonia-proibir-produtos-huawei\/#primaryimage","url":"https:\/\/files.sunoresearch.com.br\/n\/uploads\/2019\/01\/e46c01ed-huawei-jpg.webp","contentUrl":"https:\/\/files.sunoresearch.com.br\/n\/uploads\/2019\/01\/e46c01ed-huawei-jpg.webp","width":800,"height":641,"caption":"Fundador da Huawei diz que pol\u00edticos americanos subestimam chinesa"},{"@type":"BreadcrumbList","@id":"https:\/\/www.suno.com.br\/noticias\/polonia-proibir-produtos-huawei\/#breadcrumb","itemListElement":[{"@type":"ListItem","position":1,"name":"Not\u00edcias","item":"https:\/\/www.suno.com.br\/noticias\/"},{"@type":"ListItem","position":2,"name":"Internacional","item":"https:\/\/www.suno.com.br\/noticias\/internacional\/"},{"@type":"ListItem","position":3,"name":"Pol\u00f4nia estuda proibir o uso de produtos da Huawei por \u00f3rg\u00e3os p\u00fablicos"}]},{"@type":"WebSite","@id":"https:\/\/www.suno.com.br\/noticias\/#website","url":"https:\/\/www.suno.com.br\/noticias\/","name":"Suno Not\u00edcias","description":"Seu portal de informa\u00e7\u00e3o sobre o mundo dos investimentos","publisher":{"@id":"https:\/\/www.suno.com.br\/noticias\/#organization"},"potentialAction":[{"@type":"SearchAction","target":{"@type":"EntryPoint","urlTemplate":"https:\/\/www.suno.com.br\/noticias\/?s={search_term_string}"},"query-input":{"@type":"PropertyValueSpecification","valueRequired":true,"valueName":"search_term_string"}}],"inLanguage":"pt-BR"},{"@type":"Organization","@id":"https:\/\/www.suno.com.br\/noticias\/#organization","name":"Suno Not\u00edcias","url":"https:\/\/www.suno.com.br\/noticias\/","logo":{"@type":"ImageObject","inLanguage":"pt-BR","@id":"https:\/\/www.suno.com.br\/noticias\/#\/schema\/logo\/image\/","url":"https:\/\/files.sunoresearch.com.br\/n\/uploads\/2021\/09\/suno-logo.png","contentUrl":"https:\/\/files.sunoresearch.com.br\/n\/uploads\/2021\/09\/suno-logo.png","width":180,"height":180,"caption":"Suno Not\u00edcias"},"image":{"@id":"https:\/\/www.suno.com.br\/noticias\/#\/schema\/logo\/image\/"},"sameAs":["https:\/\/facebook.com\/sunoresearch","https:\/\/x.com\/sunoresearch","https:\/\/www.instagram.com\/suno","https:\/\/www.linkedin.com\/company\/suno-research\/","https:\/\/www.youtube.com\/c\/sunoresearch"]},{"@type":"Person","@id":"https:\/\/www.suno.com.br\/noticias\/#\/schema\/person\/fc144a1c6108bd1dcd43784e88a3c138","name":"Renan Bandeira","image":{"@type":"ImageObject","inLanguage":"pt-BR","@id":"https:\/\/www.suno.com.br\/noticias\/#\/schema\/person\/image\/","url":"https:\/\/secure.gravatar.com\/avatar\/68359cdb608f14f11bbefcb78f3fc747?s=96&r=g","contentUrl":"https:\/\/secure.gravatar.com\/avatar\/68359cdb608f14f11bbefcb78f3fc747?s=96&r=g","caption":"Renan Bandeira"},"description":"Renan Bandeira escreve sobre pol\u00edtica e economia para o portal da Suno Research. Antes da Suno, trabalhou em uma rede de televis\u00e3o, onde fazia reportagens sobre os mesmos temas. Estuda na Universidade Metodista de S\u00e3o Paulo.","url":"https:\/\/www.suno.com.br\/noticias\/author\/renan-bandeira\/"}]}},"default_loop_html":"<div class=\"cardsPage__listCard__boxs\"><div class=\"cardsPage__listCard__boxs__img\"><a href=\"https:\/\/www.suno.com.br\/noticias\/polonia-proibir-produtos-huawei\/\"><img class=\"mask\" src=\"https:\/\/www.suno.com.br\/noticias\/wp-content\/themes\/suno\/resources\/images\/spotlight\/spotlight1img\/bg-mask.png\" alt=\"Image Mask\"\/><img src=\"https:\/\/files.sunoresearch.com.br\/n\/uploads\/2019\/01\/e46c01ed-huawei-400x200.webp\" alt=\"Pol\u00f4nia estuda proibir o uso de produtos da Huawei por \u00f3rg\u00e3os p\u00fablicos\"\/><\/a><span class=\"spotlightCategory\"><a href=\"https:\/\/www.suno.com.br\/noticias\/internacional\/\">Internacional<\/a><\/span><\/div><div class=\"cardsPage__listCard__boxs__content\"><a href=\"https:\/\/www.suno.com.br\/noticias\/polonia-proibir-produtos-huawei\/\"><h2 class=\"content__title\">Pol\u00f4nia estuda proibir o uso de produtos da Huawei por \u00f3rg\u00e3os p\u00fablicos<\/h2><\/a><div class=\"newsContent__article__meta\"><div class=\"newsContent__article__meta__authorBox\"><a href=\"https:\/\/www.suno.com.br\/noticias\/author\/renan-bandeira\/\" class=\"authorBox__avatar noMobi\"><img src=\"https:\/\/secure.gravatar.com\/avatar\/68359cdb608f14f11bbefcb78f3fc747?s=96&#038;r=g\" alt=\"Renan Bandeira\"><\/a><div class=\"authorBox__name\"><span>por\n\t\t\t<a href=\"https:\/\/www.suno.com.br\/noticias\/author\/renan-bandeira\/\"><span itemprop=\"author\">Renan Bandeira<\/span><\/a><\/span><time datetime=\"2019-01-14T13:39:35-02:00\" itemprop=\"datePublished\">14\/01\/2019 13:39<\/time><\/div><\/div><\/div><\/div><\/div>","single_layout":"posts","amp_enabled":true,"_links":{"self":[{"href":"https:\/\/www.suno.com.br\/noticias\/wp-json\/wp\/v2\/posts\/11531"}],"collection":[{"href":"https:\/\/www.suno.com.br\/noticias\/wp-json\/wp\/v2\/posts"}],"about":[{"href":"https:\/\/www.suno.com.br\/noticias\/wp-json\/wp\/v2\/types\/post"}],"author":[{"embeddable":true,"href":"https:\/\/www.suno.com.br\/noticias\/wp-json\/wp\/v2\/users\/11"}],"replies":[{"embeddable":true,"href":"https:\/\/www.suno.com.br\/noticias\/wp-json\/wp\/v2\/comments?post=11531"}],"version-history":[{"count":0,"href":"https:\/\/www.suno.com.br\/noticias\/wp-json\/wp\/v2\/posts\/11531\/revisions"}],"wp:featuredmedia":[{"embeddable":true,"href":"https:\/\/www.suno.com.br\/noticias\/wp-json\/wp\/v2\/media\/11549"}],"wp:attachment":[{"href":"https:\/\/www.suno.com.br\/noticias\/wp-json\/wp\/v2\/media?parent=11531"}],"wp:term":[{"taxonomy":"category","embeddable":true,"href":"https:\/\/www.suno.com.br\/noticias\/wp-json\/wp\/v2\/categories?post=11531"},{"taxonomy":"post_tag","embeddable":true,"href":"https:\/\/www.suno.com.br\/noticias\/wp-json\/wp\/v2\/tags?post=11531"},{"taxonomy":"suno_strategy","embeddable":true,"href":"https:\/\/www.suno.com.br\/noticias\/wp-json\/wp\/v2\/suno_strategy?post=11531"}],"curies":[{"name":"wp","href":"https:\/\/api.w.org\/{rel}","templated":true}]}}