{"id":115250,"date":"2021-01-23T10:30:18","date_gmt":"2021-01-23T13:30:18","guid":{"rendered":"https:\/\/www.suno.com.br\/noticias\/?p=115250"},"modified":"2021-02-17T19:36:55","modified_gmt":"2021-02-17T22:36:55","slug":"huawei-leilao-de-5g-principal-cartada-reaproximar-brasil-china","status":"publish","type":"post","link":"https:\/\/www.suno.com.br\/noticias\/huawei-leilao-de-5g-principal-cartada-reaproximar-brasil-china\/","title":{"rendered":"Permitir Huawei no leil\u00e3o de 5G \u00e9 principal cartada para reaproximar Brasil da China"},"content":{"rendered":"<p>Maior parceiro comercial do Brasil, a <strong>China<\/strong> se encontra hoje no centro do notici\u00e1rio nacional, ao deter os insumos necess\u00e1rios para a t\u00e3o aguardada produ\u00e7\u00e3o brasileira tanto da vacina CoronaVac como da vacina Oxford AstraZeneca. Foi um longo caminho que trouxe o Brasil at\u00e9 a &#8211; desconfort\u00e1vel &#8211; situa\u00e7\u00e3o atual, depois de uma s\u00e9rie de declara\u00e7\u00f5es pol\u00eamicas por parte de membros do governo federal.<\/p>\t<div class=\"wrapper-featured-image\">\n\t\t<figure class=\"spotlightImg\">\n\n\t\t\t<picture>\n\t\t\t\t<source media=\"(max-width: 768px)\" srcset=\"https:\/\/files.sunoresearch.com.br\/n\/uploads\/2021\/01\/19aa3fa6-china-400x200.webp\">\n\t\t\t\t<img loading=\"lazy\" decoding=\"async\" class=\"newsContent__article__imgCapa lazyloadDisabled \" src=\"https:\/\/files.sunoresearch.com.br\/n\/uploads\/2021\/01\/19aa3fa6-china-jpg.webp\" width=\"800\" height=\"450\" alt=\"Permitir Huawei no leil\u00e3o de 5G \u00e9 principal cartada para reaproximar Brasil da China\" fetchpriority=high \/>\n\t\t\t<\/picture>\n\n\t\t\t<figcaption class=\"wp-caption-text wp-caption-text--show\">Permitir Huawei no 5g seria cartada para reaproximar China<\/figcaption>\n\t\t<\/figure>\n\t<\/div>\n\n\n<p><span style=\"font-weight: 400;\">\u00a0\t<p>\n\t\t<a href=\"https:\/\/lp.suno.com.br\/planilha-controle-gastos\/\" target=\"_blank\" data-element=\"shortcode-suno-banner\" title=\"Banner SUNO, clique e saiba mais\">\n\t\t\t<picture>\n\t\t\t\t<source media=\"(max-width: 500px)\" srcset=\"https:\/\/files.sunoresearch.com.br\/n\/uploads\/2023\/03\/400x300-Planilha-controle-de-gastos.png\">\n\t\t\t\t<img class=\"newsContent__article__imgCapa newsContent__article__imgCapa--banner\"\n\t\t\t\t\tsrc=\"https:\/\/files.sunoresearch.com.br\/n\/uploads\/2023\/03\/1420x240-Planilha-controle-de-gastos.png\"\n\t\t\t\t\tdata-promo-id=\"101751\"\t\t\t\t\t\t\t\t\t\twidth='1420' height='240'\t\t\t\t\talt=\"https:\/\/files.sunoresearch.com.br\/n\/uploads\/2023\/03\/1420x240-Planilha-controle-de-gastos.png\"\n\t\t\t\t>\n\t\t\t<\/picture>\n\t\t<\/a>\n\t<\/p>\n\n <\/span><\/p>\n<p>Agora, especialistas avaliam que a China est\u00e1 atrasando o envio do <strong>ingrediente farmac\u00eautico ativo (IFA) <\/strong>como forma de dar\u00a0um &#8220;ch\u00e1 de canseira&#8221; para o Brasil refletir sobre as suas a\u00e7\u00f5es.<\/p>\n<p>Neste cen\u00e1rio, a participa\u00e7\u00e3o da chinesa <strong>Huawei<\/strong> no <strong>leil\u00e3o de 5G<\/strong> voltou para a pauta, por ser a principal cartada que pode reaproximar os dois pa\u00edses. At\u00e9 agora, o governo brasileiro foi contra a participa\u00e7\u00e3o dos chineses no leil\u00e3o, alegando risco de viola\u00e7\u00e3o de dados pela empresa (exist\u00eancia de \u201cbackdoors\u201d, ou seja, acesso n\u00e3o autorizado ao sistema).<\/p>\n<p>O discurso segue a posi\u00e7\u00e3o do ex-presidente dos<strong> Estados Unidos<\/strong>, Donald Trump. No entanto, n\u00e3o existe nenhuma comprova\u00e7\u00e3o de que a empresa tenha violado dados em nenhum dos pa\u00edses em que atua.<\/p>\n<p>Agora, com <strong>Joe Biden<\/strong> na presid\u00eancia dos Estados Unidos, especialistas em rela\u00e7\u00f5es internacionais avaliam que seria uma boa oportunidade para o Brasil rever a sua posi\u00e7\u00e3o sobre a Huawei. A empresa quer a chance de atuar como fornecedora de infraestrutura para as empresas de telecomunica\u00e7\u00f5es brasileiras, assim como a finlandesa Nokia e a sueca Ericsson.<\/p>\n<p><a href=\"https:\/\/lp.suno.com.br\/suno-one\/\"><span style=\"font-weight: 400;\">Suno One: acesse gratuitamente eBooks, Minicursos, Artigos e V\u00eddeo Aulas sobre investimentos com um \u00fanico cadastro. Clique para saber mais!<\/span><\/a><\/p>\n<h2>China est\u00e1 dando oportunidade para o Brasil refletir<\/h2>\n<p>De acordo com o CEO do grupo de l\u00edderes empresariais <strong>Lide China<\/strong>, advogado Jos\u00e9 Ricardo dos Santos Luz J\u00fanior, os chineses enviar\u00e3o o insumo para a produ\u00e7\u00e3o das vacinas <strong>CoronaVac <\/strong>e para a Oxford da AstraZeneca, mas o tema da Huawei far\u00e1 parte das conversas entre negociadores brasileiros e chineses mais fortemente a partir de agora.<\/p>\n<figure id=\"attachment_115685\" aria-describedby=\"caption-attachment-115685\" style=\"width: 225px\" class=\"wp-caption alignleft\"><img loading=\"lazy\" decoding=\"async\" class=\"wp-image-115685 size-medium\" src=\"https:\/\/storage.googleapis.com\/wp-noticias\/2021\/01\/fd347e6e-china-ceo-lide-225x300.jpg\" alt=\"CEO do Lide China\" width=\"225\" height=\"300\" \/><figcaption id=\"caption-attachment-115685\" class=\"wp-caption-text\">CEO do Lide China<\/figcaption><\/figure>\n<p>&#8220;O envio do IFA (insumo) vai ser feito, n\u00e3o tenha d\u00favida disso. Mas acredito que independentemente da burocracia para libera\u00e7\u00e3o dos insumos pelas autoridades chinesas e aumento da demanda para suprir o mercado dom\u00e9stico, a China est\u00e1 dando um ch\u00e1 de canseira no Brasil, para refletirmos sobre a nossa parceria\u201d, explica.<\/p>\n<p>Segundo o representante do Lide, &#8220;entre muros&#8221;, a quest\u00e3o do 5G ser\u00e1 indiretamente negociada pelo governo chin\u00eas para beneficiar a inclus\u00e3o da Huawei.<\/p>\n<p>Ao mesmo tempo, as empresas que fazem instala\u00e7\u00e3o de banda larga, telefone e TV, j\u00e1 se manifestaram contra o banimento da Huawei do leil\u00e3o.<\/p>\n<p>Em dezembro de 2020, a Federa\u00e7\u00e3o Nacional de Instala\u00e7\u00e3o e Manuten\u00e7\u00e3o de Infraestrutura de Redes de Telecomunica\u00e7\u00f5es e de Inform\u00e1tica (Feninfra) disse que a restri\u00e7\u00e3o da <strong>Huawei<\/strong>, que tem at\u00e9 50% de participa\u00e7\u00e3o no mercado, geraria um custo enorme para a substitui\u00e7\u00e3o das redes, com repasses para os consumidores e atraso na difus\u00e3o do 5G.<\/p>\n<p>Al\u00e9m disso, o representante do Lide China destaca que nada foi provado sobre o risco \u00e0 seguran\u00e7a nacional. &#8220;Como o Brasil \u00e9 uma economia de mercado n\u00e3o h\u00e1 motivo para banir a empresa, at\u00e9 porque n\u00e3o se provou haver vazamento de dados e a Anatel certamente elaborar\u00e1 uma s\u00e9rie de protocolos e mecanismos para proteger a seguran\u00e7a da rede aos usu\u00e1rios no Brasil\u201d, afirma.<\/p>\n<h2>Muito al\u00e9m da vacina<\/h2>\n<p>Independentemente da quest\u00e3o da vacina, a recupera\u00e7\u00e3o da rela\u00e7\u00e3o entre Brasil e China \u00e9 vista pelos especialistas como algo crucial para a economia brasileira. A China e o Brasil iniciaram suas rela\u00e7\u00f5es bilaterais em 1974. O Brasil foi considerado um parceiro estrat\u00e9gico da China em 1993 e parceiro estrat\u00e9gico global em 2012.<\/p>\n<p>Hoje, a <strong>China \u00e9 a principal compradora<\/strong> dos produtos mais exportados pelo Brasil &#8211; min\u00e9rio de ferro, petr\u00f3leo, soja e celulose.<\/p>\n<p>O com\u00e9rcio entre os pa\u00edses atingiu a marca recorde de US$ 101,728 bilh\u00f5es em 2020, mesmo com a pandemia mundial, segundo dados da Secretaria de Com\u00e9rcio Exterior (Secex) do Minist\u00e9rio da Economia. Para efeito de compara\u00e7\u00e3o, no mesmo ano, o com\u00e9rcio entre Brasil e Estados Unidos somou US$ 45,6 bilh\u00f5es.<\/p>\n<p>Ao mesmo tempo, a China ainda tem mais US$ 80 bilh\u00f5es em estoque de investimento estrangeiro direto no Brasil (IED).<\/p>\n<p>Segundo o professor de economia dos MBAs da FGV, Mauro Rochlin, a <strong>depend\u00eancia comercial da China<\/strong> \u00e9 muito alta, equivalente a um ter\u00e7o do total dos embarques. Al\u00e9m disso, a China \u00e9 um grande investidor de empresas brasileiras, com participa\u00e7\u00e3o relevante no setor de energia el\u00e9trica.<\/p>\n<p>&#8220;A China \u00e9 nosso <strong>maior parceiro comercial<\/strong> disparado, e \u00e9 o que tem feito mais investimentos no Brasil. Olhando para os interesses do Brasil no longo prazo, a import\u00e2ncia da China \u00e9 fundamental&#8221;, afirma.<\/p>\n<h2>Permitir a Huawei abriria portas na China<\/h2>\n<p>Segundo ele, a op\u00e7\u00e3o da Huawei como candidata ao 5G \u00e9 algo que o Brasil tem que &#8220;respeitar muito&#8221;, considerando o cen\u00e1rio. Al\u00e9m disso, ele acredita que o Brasil tem uma boa oportunidade para abrir as portas para a Huawei devido \u00e0 mudan\u00e7a de governo nos Estados Unidos.<\/p>\n<p>Isso porque, com a sa\u00edda de Trump, Bolsonaro teria mais liberdade para se alinhar com a China. &#8220;Resta saber se o governo vai aproveitar esta oportunidade.&#8221;<\/p>\n<p>De acordo com o professor Maur\u00edcio Santoro, do Departamento de Rela\u00e7\u00f5es Internacionais da UERJ, a participa\u00e7\u00e3o da Huawei no 5G \u00e9 vista como algo crucial pelo governo chin\u00eas. &#8220;Se o Brasil quiser construir uma rela\u00e7\u00e3o de boa vontade, o melhor gesto seria a entrada da Huawei na disputa; isso abriria portas&#8221;, afirma.<\/p>\n<p>Ele destaca que a empresa atua no Brasil h\u00e1 mais de 20 anos, em outros mercados.<\/p>\n<p>Al\u00e9m disso, outras companhias chinesas s\u00e3o s\u00f3cias de empresas locais j\u00e1 muitos anos, inclusive em ativos estrat\u00e9gicos, como a <a href=\"https:\/\/www.suno.com.br\/acoes\/cpfe3\/\" target=\"_blank\" rel=\"noopener noreferrer\">CPFL (CPFE3)<\/a> e a Usina de Belo Monte.<\/p>\n<h2>Riscos em rela\u00e7\u00e3o com a China amea\u00e7am agroneg\u00f3cio<\/h2>\n<p>A grande preocupa\u00e7\u00e3o dos especialistas diz respeito a esta grande depend\u00eancia da China. Caso a situa\u00e7\u00e3o diplom\u00e1tica entre os pa\u00edses se agrave, existe um risco de retalia\u00e7\u00f5es, assim como ocorreu com a Austr\u00e1lia.<\/p>\n<p>Recentemente, a China imp\u00f4s restri\u00e7\u00f5es ao <strong>vinho australiano. <\/strong>A decis\u00e3o veio\u00a0depois que a\u00a0Austr\u00e1lia, como os Estados Unidos, pediu em abril uma investiga\u00e7\u00e3o internacional sobre as origens da pandemia de coronav\u00edrus.<\/p>\n<p>Apesar de o Brasil ter feito diversas declara\u00e7\u00f5es negativas sobre a China, ainda n\u00e3o houve uma <strong>retalia\u00e7\u00e3o<\/strong> deste tipo. No entanto, isso ainda pode ocorrer se a rela\u00e7\u00e3o com o governo brasileiro se deteriorar.<\/p>\n<p>De acordo com o professor da FGV, um dos riscos \u00e9 crise entre Brasil e China respingar no<strong> setor de soja<\/strong>. Hoje, a China est\u00e1 buscando novos fornecedores para suprir sua demanda interna de soja, o que vai afetar diretamente os produtores brasileiros.<\/p>\n<p>&#8220;Eles s\u00e3o nossos maiores compradores, e isso \u00e9 uma informa\u00e7\u00e3o preocupante.&#8221; Em sua vis\u00e3o, o ideal seria o Brasil n\u00e3o &#8220;cutucar a on\u00e7a com a vara curta&#8221;.<\/p>\n<p>&#8220;A gente j\u00e1 abusou, agora \u00e9 hora de parar. A China n\u00e3o hesitou em ser dura com um parceiro comercial no caso da Austr\u00e1lia.&#8221;<\/p>\n<p>Outro setor em perigo \u00e9 o de <strong>carnes<\/strong>, que tamb\u00e9m exporta grandes volumes para a China. Segundo o professor da UERJ, \u00e9 comum ver pa\u00edses adotando prote\u00e7\u00f5es sanit\u00e1rias como o objetivo de fazer uma press\u00e3o comercial &#8220;pouco transparente&#8221;. &#8220;N\u00e3o \u00e9 o caso ainda, mas s\u00e3o riscos que o Brasil pode enfrentar&#8221;, diz.<\/p>\n<h2>Ataques \u00e0 China s\u00e3o recorrentes<\/h2>\n<p>Relembre alguns dos ataques do Brasil \u00e0 China:<\/p>\n<ul>\n<li>Em 2018, quando era candidato \u00e0 presid\u00eancia, Bolsonaro foi \u00e0 Taiwan e n\u00e3o visitou a China, o que causou desconforto no governo chin\u00eas.<\/li>\n<li>No mesmo ano, o ent\u00e3o candidato ganhou manchetes ao redor do mundo ao dizer &#8220;A China n\u00e3o compra no Brasil. A China est\u00e1 comprando o Brasil.&#8221;<\/li>\n<li>O filho do presidente, Eduardo Bolsonaro, postou em 2020 que\u00a0o governo brasileiro declarou apoio a uma \u201calian\u00e7a global para um 5G seguro, sem espionagem da China\u201d.<\/li>\n<li>Eduardo Bolsonaro j\u00e1 havia atacado a China antes, ao dizer que a China \u00e9 culpada pela crise mundial gerada pelo novo coronav\u00edrus. A representa\u00e7\u00e3o diplom\u00e1tica da China no Brasil respondeu ao ataque, e o\u00a0<strong>ministro das Rela\u00e7\u00f5es Exteriores<\/strong>,\u00a0<strong>Ernesto Ara\u00fajo,\u00a0<\/strong>declarou que esperava uma retrata\u00e7\u00e3o da China.<\/li>\n<li>O ministro da Educa\u00e7\u00e3o, Abraham Weintraub, publicou um tweet sobre a China fazendo refer\u00eancia ao personagem Cebolinha, da Turma da M\u00f4nica.<\/li>\n<li>Tamb\u00e9m no ano passado, Ara\u00fajo\u00a0publicou um texto em seu blog afirmando que o mundo enfrenta o <strong>&#8220;comunav\u00edrus&#8221;.<\/strong><\/li>\n<\/ul>\n<p>De acordo com o professor da UERJ, todas estas declara\u00e7\u00f5es causam &#8220;consterna\u00e7\u00e3o&#8221; por parte dos chineses, que t\u00eam dificuldade de saber se esta \u00e9 uma posi\u00e7\u00e3o oficial do governo brasileiro. &#8220;Eles ficam em d\u00favida se essas pessoas est\u00e3o dizendo o que o presidente gostaria de dizer, mas n\u00e3o pode dizer devido ao cargo que ocupa&#8221;, afirma.<\/p>\n<p>O representante do Lide China vai na mesma linha: &#8220;n\u00f3s temos que nutrir a rela\u00e7\u00e3o com os chineses, nosso maior e principal parceiro comercial &#8211; e n\u00e3o atacar.&#8221;<\/p>\n<p><span style=\"font-weight: 400;\">\u00a0\t<p>\n\t\t<a href=\"https:\/\/lp.suno.com.br\/ebook-como-analisar-uma-acao\/\" target=\"_blank\" data-element=\"shortcode-suno-banner\" title=\"Banner SUNO, clique e saiba mais\">\n\t\t\t<picture>\n\t\t\t\t<source media=\"(max-width: 500px)\" srcset=\"https:\/\/files.sunoresearch.com.br\/n\/uploads\/2023\/03\/Ebook-Acoes-Mobile.jpg\">\n\t\t\t\t<img class=\"newsContent__article__imgCapa newsContent__article__imgCapa--banner\"\n\t\t\t\t\tsrc=\"https:\/\/files.sunoresearch.com.br\/n\/uploads\/2023\/03\/Ebook-Acoes-Desktop.jpg\"\n\t\t\t\t\tdata-promo-id=\"378302\"\t\t\t\t\t\t\t\t\t\twidth='1420' height='286'\t\t\t\t\talt=\"https:\/\/files.sunoresearch.com.br\/n\/uploads\/2023\/03\/Ebook-Acoes-Desktop.jpg\"\n\t\t\t\t>\n\t\t\t<\/picture>\n\t\t<\/a>\n\t<\/p>\n\n<\/span><\/p>\n<h2>Parceria com nova rota da seda seria bem vista pelos chineses<\/h2>\n<p>Caso o governo brasileiro decidisse se reaproximar da China, outra medida bem vista seria a ades\u00e3o ao projeto da nova rota da seda, de acordo com o porta-voz da UERJ.<\/p>\n<p>Lan\u00e7ado pela China em 2013, a ideia conta com a participa\u00e7\u00e3o de v\u00e1rios pa\u00edses da Am\u00e9rica Latina, Europa e \u00c1frica. O projeto contempla investimentos conjuntos em infraestrutura, sa\u00fade e tecnologia, com mais de 138 pa\u00edses signat\u00e1rios at\u00e9 mar\u00e7o de 2020.<\/p>\n<p>&#8220;Com as vacinas, ficou claro que o Brasil \u00e9 um parceiro importante da China, mas n\u00e3o uma prioridade. Por isso, o debate sobre a<strong> nova rota da seda<\/strong> pode voltar a ser colocado agora&#8221;, avalia. Segundo ele, se o Brasil tivesse abra\u00e7ado este projeto h\u00e1 dois ou tr\u00eas anos, a realidade poderia ser bem diferente.<\/p>\n<p>Mesmo assim, a ades\u00e3o do Brasil \u00e0 rota da seda seria muito bem vista pela China. Isso porque seria uma sinaliza\u00e7\u00e3o de incentivo para toda a Am\u00e9rica Latina.<\/p>\n<h2>Mour\u00e3o seria melhor articulador da crise<\/h2>\n<p>Segundo fontes ouvidas pelo <strong>SUNO<\/strong> Not\u00edcias, a pessoa mais adequada para lidar com a atual crise entre Brasil e China seria o vice-presidente Hamilton Mour\u00e3o. Ele encabe\u00e7a a Comiss\u00e3o Sino-Brasileira de Alto N\u00edvel de Concerta\u00e7\u00e3o e Coopera\u00e7\u00e3o (Cosban).<\/p>\n<p>Em meio \u00e0 tens\u00e3o sobre a vacina, o ex-presidente Michel Temer (MDB) entrou em cena para ajudar na negocia\u00e7\u00e3o diplom\u00e1tica para liberar os insumos da China.<\/p>\n<p>Apesar das expectativas, as fontes ouvidas pela SUNO Not\u00edcias destacam que \u00e9 muito dif\u00edcil prever as a\u00e7\u00f5es do governo brasileiro. &#8220;O governo \u00e9 imprevis\u00edvel, n\u00e3o segue as boas regras de diplomacia, as boas rela\u00e7\u00f5es comerciais. Ent\u00e3o, analisar um governo que tem uma postura err\u00e1tica, ou pelo menos radical, \u00e9 muito dif\u00edcil&#8221;, afirma o professor da FGV.<\/p>\n<p>Enquanto isso, a vacina para os brasileiros segue em compasso de espera, e os setores da economia que dependem da boa rela\u00e7\u00e3o com a<strong> China<\/strong> continuam cercados de incertezas.<\/p>\n<p><span style=\"font-weight: 400;\">\u00a0\t<p>\n\t\t<a href=\"https:\/\/lp.suno.com.br\/planilha-de-controle-de-investimentos\/\" target=\"_blank\" data-element=\"shortcode-suno-banner\" title=\"Banner SUNO, clique e saiba mais\">\n\t\t\t<picture>\n\t\t\t\t<source media=\"(max-width: 500px)\" srcset=\"https:\/\/files.sunoresearch.com.br\/n\/uploads\/2023\/03\/400x300-Controle-de-Investimentos.png\">\n\t\t\t\t<img class=\"newsContent__article__imgCapa newsContent__article__imgCapa--banner\"\n\t\t\t\t\tsrc=\"https:\/\/files.sunoresearch.com.br\/n\/uploads\/2023\/03\/1420x240-Controle-de-Investimentos.png\"\n\t\t\t\t\tdata-promo-id=\"75934\"\t\t\t\t\t\t\t\t\t\twidth='1420' height='240'\t\t\t\t\talt=\"https:\/\/files.sunoresearch.com.br\/n\/uploads\/2023\/03\/1420x240-Controle-de-Investimentos.png\"\n\t\t\t\t>\n\t\t\t<\/picture>\n\t\t<\/a>\n\t<\/p>\n\n<\/span><\/p>\n","protected":false},"excerpt":{"rendered":"<p>Maior parceiro comercial do Brasil, a China se encontra hoje no centro do notici\u00e1rio nacional, ao deter os insumos necess\u00e1rios para a t\u00e3o aguardada produ\u00e7\u00e3o brasileira tanto da vacina CoronaVac como da vacina Oxford AstraZeneca. Foi um longo caminho que trouxe o Brasil at\u00e9 a &#8211; desconfort\u00e1vel &#8211; situa\u00e7\u00e3o atual, depois de uma s\u00e9rie de [&hellip;]<\/p>\n","protected":false},"author":60,"featured_media":115641,"comment_status":"closed","ping_status":"closed","sticky":false,"template":"","format":"standard","meta":[],"categories":[64],"tags":[1236,711,104567,1004,826,719,1193,105175],"suno_strategy":[],"class_list":["post-115250","post","type-post","status-publish","format-standard","has-post-thumbnail","hentry","category-negocios","tag-5g","tag-china","tag-coronavac","tag-ericsson","tag-huawei","tag-jair-bolsonaro","tag-nokia-noki34","tag-vacina-de-oxford"],"yoast_head":"<!-- This site is optimized with the Yoast SEO plugin v24.4 - https:\/\/yoast.com\/wordpress\/plugins\/seo\/ -->\n<title>China: Huawei no leil\u00e3o 5G seria principal cartada para reaproximar Brasil<\/title>\n<meta name=\"description\" content=\"Ap\u00f3s desgaste na rela\u00e7\u00e3o entre China e Brasil e demanda por insumo de vacina, permitir Huawei no leil\u00e3o de 5G seria forma de reaproxima\u00e7\u00e3o.\" \/>\n<meta name=\"robots\" content=\"index, follow, max-snippet:-1, max-image-preview:large, max-video-preview:-1\" \/>\n<link rel=\"canonical\" href=\"https:\/\/www.suno.com.br\/noticias\/huawei-leilao-de-5g-principal-cartada-reaproximar-brasil-china\/\" \/>\n<meta property=\"og:locale\" content=\"pt_BR\" \/>\n<meta property=\"og:type\" content=\"article\" \/>\n<meta property=\"og:title\" content=\"China: Huawei no leil\u00e3o 5G seria principal cartada para reaproximar Brasil\" \/>\n<meta property=\"og:description\" content=\"Ap\u00f3s desgaste na rela\u00e7\u00e3o entre China e Brasil e demanda por insumo de vacina, permitir Huawei no leil\u00e3o de 5G seria forma de reaproxima\u00e7\u00e3o.\" \/>\n<meta property=\"og:url\" content=\"https:\/\/www.suno.com.br\/noticias\/huawei-leilao-de-5g-principal-cartada-reaproximar-brasil-china\/\" \/>\n<meta property=\"og:site_name\" content=\"Suno Not\u00edcias\" \/>\n<meta property=\"article:publisher\" content=\"https:\/\/facebook.com\/sunoresearch\" \/>\n<meta property=\"og:image\" content=\"https:\/\/files.sunoresearch.com.br\/n\/uploads\/2021\/01\/19aa3fa6-china.jpg\" \/>\n\t<meta property=\"og:image:width\" content=\"594\" \/>\n\t<meta property=\"og:image:height\" content=\"380\" \/>\n\t<meta property=\"og:image:type\" content=\"image\/jpeg\" \/>\n<meta name=\"author\" content=\"Natalia G\u00f3mez\" \/>\n<meta name=\"twitter:card\" content=\"summary_large_image\" \/>\n<meta name=\"twitter:creator\" content=\"@sunoresearch\" \/>\n<meta name=\"twitter:site\" content=\"@sunoresearch\" \/>\n<meta name=\"twitter:label1\" content=\"Escrito por\" \/>\n\t<meta name=\"twitter:data1\" content=\"Natalia G\u00f3mez\" \/>\n\t<meta name=\"twitter:label2\" content=\"Est. tempo de leitura\" \/>\n\t<meta name=\"twitter:data2\" content=\"10 minutos\" \/>\n<script type=\"application\/ld+json\" class=\"yoast-schema-graph\">{\"@context\":\"https:\/\/schema.org\",\"@graph\":[{\"@type\":\"NewsArticle\",\"@id\":\"https:\/\/www.suno.com.br\/noticias\/huawei-leilao-de-5g-principal-cartada-reaproximar-brasil-china\/#article\",\"isPartOf\":{\"@id\":\"https:\/\/www.suno.com.br\/noticias\/huawei-leilao-de-5g-principal-cartada-reaproximar-brasil-china\/\"},\"author\":{\"name\":\"Natalia G\u00f3mez\",\"@id\":\"https:\/\/www.suno.com.br\/noticias\/#\/schema\/person\/1b24d67c140a42e864ef414497edb164\"},\"headline\":\"Permitir Huawei no leil\u00e3o de 5G \u00e9 principal cartada para reaproximar Brasil da China\",\"datePublished\":\"2021-01-23T13:30:18+00:00\",\"dateModified\":\"2021-02-17T22:36:55+00:00\",\"mainEntityOfPage\":{\"@id\":\"https:\/\/www.suno.com.br\/noticias\/huawei-leilao-de-5g-principal-cartada-reaproximar-brasil-china\/\"},\"wordCount\":1971,\"publisher\":{\"@id\":\"https:\/\/www.suno.com.br\/noticias\/#organization\"},\"image\":{\"@id\":\"https:\/\/www.suno.com.br\/noticias\/huawei-leilao-de-5g-principal-cartada-reaproximar-brasil-china\/#primaryimage\"},\"thumbnailUrl\":\"https:\/\/files.sunoresearch.com.br\/n\/uploads\/2021\/01\/19aa3fa6-china-jpg.webp\",\"keywords\":[\"5G\",\"China\",\"coronavac\",\"Ericsson\",\"Huawei\",\"Jair Bolsonaro\",\"Nokia (NOKI34)\",\"vacina de Oxford\"],\"articleSection\":[\"Neg\u00f3cios\"],\"inLanguage\":\"pt-BR\"},{\"@type\":\"WebPage\",\"@id\":\"https:\/\/www.suno.com.br\/noticias\/huawei-leilao-de-5g-principal-cartada-reaproximar-brasil-china\/\",\"url\":\"https:\/\/www.suno.com.br\/noticias\/huawei-leilao-de-5g-principal-cartada-reaproximar-brasil-china\/\",\"name\":\"China: Huawei no leil\u00e3o 5G seria principal cartada para reaproximar Brasil\",\"isPartOf\":{\"@id\":\"https:\/\/www.suno.com.br\/noticias\/#website\"},\"primaryImageOfPage\":{\"@id\":\"https:\/\/www.suno.com.br\/noticias\/huawei-leilao-de-5g-principal-cartada-reaproximar-brasil-china\/#primaryimage\"},\"image\":{\"@id\":\"https:\/\/www.suno.com.br\/noticias\/huawei-leilao-de-5g-principal-cartada-reaproximar-brasil-china\/#primaryimage\"},\"thumbnailUrl\":\"https:\/\/files.sunoresearch.com.br\/n\/uploads\/2021\/01\/19aa3fa6-china-jpg.webp\",\"datePublished\":\"2021-01-23T13:30:18+00:00\",\"dateModified\":\"2021-02-17T22:36:55+00:00\",\"description\":\"Ap\u00f3s desgaste na rela\u00e7\u00e3o entre China e Brasil e demanda por insumo de vacina, permitir Huawei no leil\u00e3o de 5G seria forma de reaproxima\u00e7\u00e3o.\",\"breadcrumb\":{\"@id\":\"https:\/\/www.suno.com.br\/noticias\/huawei-leilao-de-5g-principal-cartada-reaproximar-brasil-china\/#breadcrumb\"},\"inLanguage\":\"pt-BR\",\"potentialAction\":[{\"@type\":\"ReadAction\",\"target\":[\"https:\/\/www.suno.com.br\/noticias\/huawei-leilao-de-5g-principal-cartada-reaproximar-brasil-china\/\"]}]},{\"@type\":\"ImageObject\",\"inLanguage\":\"pt-BR\",\"@id\":\"https:\/\/www.suno.com.br\/noticias\/huawei-leilao-de-5g-principal-cartada-reaproximar-brasil-china\/#primaryimage\",\"url\":\"https:\/\/files.sunoresearch.com.br\/n\/uploads\/2021\/01\/19aa3fa6-china-jpg.webp\",\"contentUrl\":\"https:\/\/files.sunoresearch.com.br\/n\/uploads\/2021\/01\/19aa3fa6-china-jpg.webp\",\"width\":594,\"height\":380,\"caption\":\"Permitir Huawei no 5g seria cartada para reaproximar China\"},{\"@type\":\"BreadcrumbList\",\"@id\":\"https:\/\/www.suno.com.br\/noticias\/huawei-leilao-de-5g-principal-cartada-reaproximar-brasil-china\/#breadcrumb\",\"itemListElement\":[{\"@type\":\"ListItem\",\"position\":1,\"name\":\"Not\u00edcias\",\"item\":\"https:\/\/www.suno.com.br\/noticias\/\"},{\"@type\":\"ListItem\",\"position\":2,\"name\":\"Neg\u00f3cios\",\"item\":\"https:\/\/www.suno.com.br\/noticias\/negocios\/\"},{\"@type\":\"ListItem\",\"position\":3,\"name\":\"Permitir Huawei no leil\u00e3o de 5G \u00e9 principal cartada para reaproximar Brasil da China\"}]},{\"@type\":\"WebSite\",\"@id\":\"https:\/\/www.suno.com.br\/noticias\/#website\",\"url\":\"https:\/\/www.suno.com.br\/noticias\/\",\"name\":\"Suno Not\u00edcias\",\"description\":\"Seu portal de informa\u00e7\u00e3o sobre o mundo dos investimentos\",\"publisher\":{\"@id\":\"https:\/\/www.suno.com.br\/noticias\/#organization\"},\"potentialAction\":[{\"@type\":\"SearchAction\",\"target\":{\"@type\":\"EntryPoint\",\"urlTemplate\":\"https:\/\/www.suno.com.br\/noticias\/?s={search_term_string}\"},\"query-input\":{\"@type\":\"PropertyValueSpecification\",\"valueRequired\":true,\"valueName\":\"search_term_string\"}}],\"inLanguage\":\"pt-BR\"},{\"@type\":\"Organization\",\"@id\":\"https:\/\/www.suno.com.br\/noticias\/#organization\",\"name\":\"Suno Not\u00edcias\",\"url\":\"https:\/\/www.suno.com.br\/noticias\/\",\"logo\":{\"@type\":\"ImageObject\",\"inLanguage\":\"pt-BR\",\"@id\":\"https:\/\/www.suno.com.br\/noticias\/#\/schema\/logo\/image\/\",\"url\":\"https:\/\/files.sunoresearch.com.br\/n\/uploads\/2021\/09\/suno-logo.png\",\"contentUrl\":\"https:\/\/files.sunoresearch.com.br\/n\/uploads\/2021\/09\/suno-logo.png\",\"width\":180,\"height\":180,\"caption\":\"Suno Not\u00edcias\"},\"image\":{\"@id\":\"https:\/\/www.suno.com.br\/noticias\/#\/schema\/logo\/image\/\"},\"sameAs\":[\"https:\/\/facebook.com\/sunoresearch\",\"https:\/\/x.com\/sunoresearch\",\"https:\/\/www.instagram.com\/suno\",\"https:\/\/www.linkedin.com\/company\/suno-research\/\",\"https:\/\/www.youtube.com\/c\/sunoresearch\"]},{\"@type\":\"Person\",\"@id\":\"https:\/\/www.suno.com.br\/noticias\/#\/schema\/person\/1b24d67c140a42e864ef414497edb164\",\"name\":\"Natalia G\u00f3mez\",\"image\":{\"@type\":\"ImageObject\",\"inLanguage\":\"pt-BR\",\"@id\":\"https:\/\/www.suno.com.br\/noticias\/#\/schema\/person\/image\/\",\"url\":\"https:\/\/secure.gravatar.com\/avatar\/9e957e0b2b485c2d42c3f4145c16d940?s=96&r=g\",\"contentUrl\":\"https:\/\/secure.gravatar.com\/avatar\/9e957e0b2b485c2d42c3f4145c16d940?s=96&r=g\",\"caption\":\"Natalia G\u00f3mez\"},\"description\":\"Editora do Suno Not\u00edcias desde outubro de 2020, \u00e9 jornalista formada pela PUC-SP, com p\u00f3s-gradua\u00e7\u00e3o em jornalismo liter\u00e1rio. Atua no mercado financeiro desde 2003, quando iniciou a carreira no jornal econ\u00f4mico DCI, cobrindo o setor de alimentos no caderno de Ind\u00fastria. Foi trainee do jornal Valor Econ\u00f4mico, onde atuou no Caderno de Empresas por quase tr\u00eas anos. L\u00e1, cobriu o setor de ind\u00fastria, com foco em siderurgia, embalagens e aeroespacial. Fez coberturas setoriais em viagens para S\u00e3o Jos\u00e9 dos Campos e Franca (SP), al\u00e9m de coberturas internacionais na Alemanha e na Su\u00e9cia. Trabalhou por cinco anos na Ag\u00eancia Estado\/Broadcast, do Grupo Estado, onde foi rep\u00f3rter dos setores de minera\u00e7\u00e3o e siderurgia, alimentos e bebidas e finan\u00e7as. Foi premiada como o pr\u00eamio Destaque de Reportagem da AE em 2007 e 2008. Al\u00e9m de atuar no servi\u00e7o de not\u00edcias em tempo real, fez participa\u00e7\u00f5es no caderno de Economia do jornal Estado de S.Paulo e na R\u00e1dio Eldorado. Ainda no Grupo Estado, foi editora assistente da editoria Empresas e Setores, atuando com edi\u00e7\u00e3o e pauta, al\u00e9m de cobrir mercados diariamente com o cen\u00e1rio de bolsa e fazer reportagens especiais com foco em governan\u00e7a corporativa. Trabalhou tamb\u00e9m como correspondente de finan\u00e7as no servi\u00e7o da Thomson Reuters em portugu\u00eas por quase um ano. Atuou por cerca de oito anos como jornalista independente, contribuindo para ve\u00edculos como UOL Economia, Infomoney e Revista Voc\u00ea SA, al\u00e9m de ter trabalhado em projetos na \u00e1rea de conte\u00fado e comunica\u00e7\u00e3o de institui\u00e7\u00f5es financeiras como Anbima, Banco BS2, Banco Pine, Ita\u00fa BBA e EQI.\",\"url\":\"https:\/\/www.suno.com.br\/noticias\/author\/natalia-gomez\/\"}]}<\/script>\n<!-- \/ Yoast SEO plugin. -->","yoast_head_json":{"title":"China: Huawei no leil\u00e3o 5G seria principal cartada para reaproximar Brasil","description":"Ap\u00f3s desgaste na rela\u00e7\u00e3o entre China e Brasil e demanda por insumo de vacina, permitir Huawei no leil\u00e3o de 5G seria forma de reaproxima\u00e7\u00e3o.","robots":{"index":"index","follow":"follow","max-snippet":"max-snippet:-1","max-image-preview":"max-image-preview:large","max-video-preview":"max-video-preview:-1"},"canonical":"https:\/\/www.suno.com.br\/noticias\/huawei-leilao-de-5g-principal-cartada-reaproximar-brasil-china\/","og_locale":"pt_BR","og_type":"article","og_title":"China: Huawei no leil\u00e3o 5G seria principal cartada para reaproximar Brasil","og_description":"Ap\u00f3s desgaste na rela\u00e7\u00e3o entre China e Brasil e demanda por insumo de vacina, permitir Huawei no leil\u00e3o de 5G seria forma de reaproxima\u00e7\u00e3o.","og_url":"https:\/\/www.suno.com.br\/noticias\/huawei-leilao-de-5g-principal-cartada-reaproximar-brasil-china\/","og_site_name":"Suno Not\u00edcias","article_publisher":"https:\/\/facebook.com\/sunoresearch","og_image":[{"width":594,"height":380,"url":"https:\/\/files.sunoresearch.com.br\/n\/uploads\/2021\/01\/19aa3fa6-china.jpg","type":"image\/jpeg"}],"author":"Natalia G\u00f3mez","twitter_card":"summary_large_image","twitter_creator":"@sunoresearch","twitter_site":"@sunoresearch","twitter_misc":{"Escrito por":"Natalia G\u00f3mez","Est. tempo de leitura":"10 minutos"},"schema":{"@context":"https:\/\/schema.org","@graph":[{"@type":"NewsArticle","@id":"https:\/\/www.suno.com.br\/noticias\/huawei-leilao-de-5g-principal-cartada-reaproximar-brasil-china\/#article","isPartOf":{"@id":"https:\/\/www.suno.com.br\/noticias\/huawei-leilao-de-5g-principal-cartada-reaproximar-brasil-china\/"},"author":{"name":"Natalia G\u00f3mez","@id":"https:\/\/www.suno.com.br\/noticias\/#\/schema\/person\/1b24d67c140a42e864ef414497edb164"},"headline":"Permitir Huawei no leil\u00e3o de 5G \u00e9 principal cartada para reaproximar Brasil da China","datePublished":"2021-01-23T13:30:18+00:00","dateModified":"2021-02-17T22:36:55+00:00","mainEntityOfPage":{"@id":"https:\/\/www.suno.com.br\/noticias\/huawei-leilao-de-5g-principal-cartada-reaproximar-brasil-china\/"},"wordCount":1971,"publisher":{"@id":"https:\/\/www.suno.com.br\/noticias\/#organization"},"image":{"@id":"https:\/\/www.suno.com.br\/noticias\/huawei-leilao-de-5g-principal-cartada-reaproximar-brasil-china\/#primaryimage"},"thumbnailUrl":"https:\/\/files.sunoresearch.com.br\/n\/uploads\/2021\/01\/19aa3fa6-china-jpg.webp","keywords":["5G","China","coronavac","Ericsson","Huawei","Jair Bolsonaro","Nokia (NOKI34)","vacina de Oxford"],"articleSection":["Neg\u00f3cios"],"inLanguage":"pt-BR"},{"@type":"WebPage","@id":"https:\/\/www.suno.com.br\/noticias\/huawei-leilao-de-5g-principal-cartada-reaproximar-brasil-china\/","url":"https:\/\/www.suno.com.br\/noticias\/huawei-leilao-de-5g-principal-cartada-reaproximar-brasil-china\/","name":"China: Huawei no leil\u00e3o 5G seria principal cartada para reaproximar Brasil","isPartOf":{"@id":"https:\/\/www.suno.com.br\/noticias\/#website"},"primaryImageOfPage":{"@id":"https:\/\/www.suno.com.br\/noticias\/huawei-leilao-de-5g-principal-cartada-reaproximar-brasil-china\/#primaryimage"},"image":{"@id":"https:\/\/www.suno.com.br\/noticias\/huawei-leilao-de-5g-principal-cartada-reaproximar-brasil-china\/#primaryimage"},"thumbnailUrl":"https:\/\/files.sunoresearch.com.br\/n\/uploads\/2021\/01\/19aa3fa6-china-jpg.webp","datePublished":"2021-01-23T13:30:18+00:00","dateModified":"2021-02-17T22:36:55+00:00","description":"Ap\u00f3s desgaste na rela\u00e7\u00e3o entre China e Brasil e demanda por insumo de vacina, permitir Huawei no leil\u00e3o de 5G seria forma de reaproxima\u00e7\u00e3o.","breadcrumb":{"@id":"https:\/\/www.suno.com.br\/noticias\/huawei-leilao-de-5g-principal-cartada-reaproximar-brasil-china\/#breadcrumb"},"inLanguage":"pt-BR","potentialAction":[{"@type":"ReadAction","target":["https:\/\/www.suno.com.br\/noticias\/huawei-leilao-de-5g-principal-cartada-reaproximar-brasil-china\/"]}]},{"@type":"ImageObject","inLanguage":"pt-BR","@id":"https:\/\/www.suno.com.br\/noticias\/huawei-leilao-de-5g-principal-cartada-reaproximar-brasil-china\/#primaryimage","url":"https:\/\/files.sunoresearch.com.br\/n\/uploads\/2021\/01\/19aa3fa6-china-jpg.webp","contentUrl":"https:\/\/files.sunoresearch.com.br\/n\/uploads\/2021\/01\/19aa3fa6-china-jpg.webp","width":594,"height":380,"caption":"Permitir Huawei no 5g seria cartada para reaproximar China"},{"@type":"BreadcrumbList","@id":"https:\/\/www.suno.com.br\/noticias\/huawei-leilao-de-5g-principal-cartada-reaproximar-brasil-china\/#breadcrumb","itemListElement":[{"@type":"ListItem","position":1,"name":"Not\u00edcias","item":"https:\/\/www.suno.com.br\/noticias\/"},{"@type":"ListItem","position":2,"name":"Neg\u00f3cios","item":"https:\/\/www.suno.com.br\/noticias\/negocios\/"},{"@type":"ListItem","position":3,"name":"Permitir Huawei no leil\u00e3o de 5G \u00e9 principal cartada para reaproximar Brasil da China"}]},{"@type":"WebSite","@id":"https:\/\/www.suno.com.br\/noticias\/#website","url":"https:\/\/www.suno.com.br\/noticias\/","name":"Suno Not\u00edcias","description":"Seu portal de informa\u00e7\u00e3o sobre o mundo dos investimentos","publisher":{"@id":"https:\/\/www.suno.com.br\/noticias\/#organization"},"potentialAction":[{"@type":"SearchAction","target":{"@type":"EntryPoint","urlTemplate":"https:\/\/www.suno.com.br\/noticias\/?s={search_term_string}"},"query-input":{"@type":"PropertyValueSpecification","valueRequired":true,"valueName":"search_term_string"}}],"inLanguage":"pt-BR"},{"@type":"Organization","@id":"https:\/\/www.suno.com.br\/noticias\/#organization","name":"Suno Not\u00edcias","url":"https:\/\/www.suno.com.br\/noticias\/","logo":{"@type":"ImageObject","inLanguage":"pt-BR","@id":"https:\/\/www.suno.com.br\/noticias\/#\/schema\/logo\/image\/","url":"https:\/\/files.sunoresearch.com.br\/n\/uploads\/2021\/09\/suno-logo.png","contentUrl":"https:\/\/files.sunoresearch.com.br\/n\/uploads\/2021\/09\/suno-logo.png","width":180,"height":180,"caption":"Suno Not\u00edcias"},"image":{"@id":"https:\/\/www.suno.com.br\/noticias\/#\/schema\/logo\/image\/"},"sameAs":["https:\/\/facebook.com\/sunoresearch","https:\/\/x.com\/sunoresearch","https:\/\/www.instagram.com\/suno","https:\/\/www.linkedin.com\/company\/suno-research\/","https:\/\/www.youtube.com\/c\/sunoresearch"]},{"@type":"Person","@id":"https:\/\/www.suno.com.br\/noticias\/#\/schema\/person\/1b24d67c140a42e864ef414497edb164","name":"Natalia G\u00f3mez","image":{"@type":"ImageObject","inLanguage":"pt-BR","@id":"https:\/\/www.suno.com.br\/noticias\/#\/schema\/person\/image\/","url":"https:\/\/secure.gravatar.com\/avatar\/9e957e0b2b485c2d42c3f4145c16d940?s=96&r=g","contentUrl":"https:\/\/secure.gravatar.com\/avatar\/9e957e0b2b485c2d42c3f4145c16d940?s=96&r=g","caption":"Natalia G\u00f3mez"},"description":"Editora do Suno Not\u00edcias desde outubro de 2020, \u00e9 jornalista formada pela PUC-SP, com p\u00f3s-gradua\u00e7\u00e3o em jornalismo liter\u00e1rio. Atua no mercado financeiro desde 2003, quando iniciou a carreira no jornal econ\u00f4mico DCI, cobrindo o setor de alimentos no caderno de Ind\u00fastria. Foi trainee do jornal Valor Econ\u00f4mico, onde atuou no Caderno de Empresas por quase tr\u00eas anos. L\u00e1, cobriu o setor de ind\u00fastria, com foco em siderurgia, embalagens e aeroespacial. Fez coberturas setoriais em viagens para S\u00e3o Jos\u00e9 dos Campos e Franca (SP), al\u00e9m de coberturas internacionais na Alemanha e na Su\u00e9cia. Trabalhou por cinco anos na Ag\u00eancia Estado\/Broadcast, do Grupo Estado, onde foi rep\u00f3rter dos setores de minera\u00e7\u00e3o e siderurgia, alimentos e bebidas e finan\u00e7as. Foi premiada como o pr\u00eamio Destaque de Reportagem da AE em 2007 e 2008. Al\u00e9m de atuar no servi\u00e7o de not\u00edcias em tempo real, fez participa\u00e7\u00f5es no caderno de Economia do jornal Estado de S.Paulo e na R\u00e1dio Eldorado. Ainda no Grupo Estado, foi editora assistente da editoria Empresas e Setores, atuando com edi\u00e7\u00e3o e pauta, al\u00e9m de cobrir mercados diariamente com o cen\u00e1rio de bolsa e fazer reportagens especiais com foco em governan\u00e7a corporativa. Trabalhou tamb\u00e9m como correspondente de finan\u00e7as no servi\u00e7o da Thomson Reuters em portugu\u00eas por quase um ano. Atuou por cerca de oito anos como jornalista independente, contribuindo para ve\u00edculos como UOL Economia, Infomoney e Revista Voc\u00ea SA, al\u00e9m de ter trabalhado em projetos na \u00e1rea de conte\u00fado e comunica\u00e7\u00e3o de institui\u00e7\u00f5es financeiras como Anbima, Banco BS2, Banco Pine, Ita\u00fa BBA e EQI.","url":"https:\/\/www.suno.com.br\/noticias\/author\/natalia-gomez\/"}]}},"default_loop_html":"<div class=\"cardsPage__listCard__boxs\"><div class=\"cardsPage__listCard__boxs__img\"><a href=\"https:\/\/www.suno.com.br\/noticias\/huawei-leilao-de-5g-principal-cartada-reaproximar-brasil-china\/\"><img class=\"mask\" src=\"https:\/\/www.suno.com.br\/noticias\/wp-content\/themes\/suno\/resources\/images\/spotlight\/spotlight1img\/bg-mask.png\" alt=\"Image Mask\"\/><img src=\"https:\/\/files.sunoresearch.com.br\/n\/uploads\/2021\/01\/19aa3fa6-china-400x200.webp\" alt=\"Permitir Huawei no leil\u00e3o de 5G \u00e9 principal cartada para reaproximar Brasil da China\"\/><\/a><span class=\"spotlightCategory\"><a href=\"https:\/\/www.suno.com.br\/noticias\/negocios\/\">Neg\u00f3cios<\/a><\/span><\/div><div class=\"cardsPage__listCard__boxs__content\"><a href=\"https:\/\/www.suno.com.br\/noticias\/huawei-leilao-de-5g-principal-cartada-reaproximar-brasil-china\/\"><h2 class=\"content__title\">Permitir Huawei no leil\u00e3o de 5G \u00e9 principal cartada para reaproximar Brasil da China<\/h2><\/a><div class=\"newsContent__article__meta\"><div class=\"newsContent__article__meta__authorBox\"><a href=\"https:\/\/www.suno.com.br\/noticias\/author\/natalia-gomez\/\" class=\"authorBox__avatar noMobi\"><img src=\"https:\/\/secure.gravatar.com\/avatar\/9e957e0b2b485c2d42c3f4145c16d940?s=96&#038;r=g\" alt=\"Natalia G\u00f3mez\"><\/a><div class=\"authorBox__name\"><span>por\n\t\t\t<a href=\"https:\/\/www.suno.com.br\/noticias\/author\/natalia-gomez\/\"><span itemprop=\"author\">Natalia G\u00f3mez<\/span><\/a><\/span><time datetime=\"2021-01-23T10:30:18-03:00\" itemprop=\"datePublished\">23\/01\/2021 10:30<\/time><\/div><\/div><\/div><\/div><\/div>","single_layout":"posts","amp_enabled":true,"_links":{"self":[{"href":"https:\/\/www.suno.com.br\/noticias\/wp-json\/wp\/v2\/posts\/115250"}],"collection":[{"href":"https:\/\/www.suno.com.br\/noticias\/wp-json\/wp\/v2\/posts"}],"about":[{"href":"https:\/\/www.suno.com.br\/noticias\/wp-json\/wp\/v2\/types\/post"}],"author":[{"embeddable":true,"href":"https:\/\/www.suno.com.br\/noticias\/wp-json\/wp\/v2\/users\/60"}],"replies":[{"embeddable":true,"href":"https:\/\/www.suno.com.br\/noticias\/wp-json\/wp\/v2\/comments?post=115250"}],"version-history":[{"count":0,"href":"https:\/\/www.suno.com.br\/noticias\/wp-json\/wp\/v2\/posts\/115250\/revisions"}],"wp:featuredmedia":[{"embeddable":true,"href":"https:\/\/www.suno.com.br\/noticias\/wp-json\/wp\/v2\/media\/115641"}],"wp:attachment":[{"href":"https:\/\/www.suno.com.br\/noticias\/wp-json\/wp\/v2\/media?parent=115250"}],"wp:term":[{"taxonomy":"category","embeddable":true,"href":"https:\/\/www.suno.com.br\/noticias\/wp-json\/wp\/v2\/categories?post=115250"},{"taxonomy":"post_tag","embeddable":true,"href":"https:\/\/www.suno.com.br\/noticias\/wp-json\/wp\/v2\/tags?post=115250"},{"taxonomy":"suno_strategy","embeddable":true,"href":"https:\/\/www.suno.com.br\/noticias\/wp-json\/wp\/v2\/suno_strategy?post=115250"}],"curies":[{"name":"wp","href":"https:\/\/api.w.org\/{rel}","templated":true}]}}