{"id":11521,"date":"2019-01-14T12:00:21","date_gmt":"2019-01-14T14:00:21","guid":{"rendered":"https:\/\/www.suno.com.br\/noticias\/?p=11521"},"modified":"2019-01-14T13:16:03","modified_gmt":"2019-01-14T15:16:03","slug":"uniao-europeia-aco-brasil","status":"publish","type":"post","link":"https:\/\/www.suno.com.br\/noticias\/uniao-europeia-aco-brasil\/","title":{"rendered":"Uni\u00e3o Europeia colocar\u00e1 limites \u00e0 importa\u00e7\u00e3o de a\u00e7o do Brasil"},"content":{"rendered":"<p>A Uni\u00e3o Europeia (UE) ir\u00e1 impor limites \u00e0 entrada de sete produtos sider\u00fargicos exportados pelo <strong>Brasil<\/strong> para seus pa\u00edses-membros, a partir de 2 de fevereiro, a fim de proteger produtores locais. O epis\u00f3dio ilustra a guerra de mercado do setor.<\/p>\t<div class=\"wrapper-featured-image\">\n\t\t<figure class=\"spotlightImg\">\n\n\t\t\t<picture>\n\t\t\t\t<source media=\"(max-width: 768px)\" srcset=\"https:\/\/files.sunoresearch.com.br\/n\/uploads\/2019\/01\/28061647-a\u00e7o-400x200.webp\">\n\t\t\t\t<img loading=\"lazy\" decoding=\"async\" class=\"newsContent__article__imgCapa lazyloadDisabled newsContent__article__imgCapa--noCaption\" src=\"https:\/\/files.sunoresearch.com.br\/n\/uploads\/2019\/01\/28061647-a\u00e7o-800x450.webp\" width=\"800\" height=\"450\" alt=\"Uni\u00e3o Europeia colocar\u00e1 limites \u00e0 importa\u00e7\u00e3o de a\u00e7o do Brasil\" fetchpriority=high \/>\n\t\t\t<\/picture>\n\n\t\t\t<figcaption class=\"wp-caption-text wp-caption-text--hide\"><\/figcaption>\n\t\t<\/figure>\n\t<\/div>\n\n\n<p>A <a href=\"https:\/\/www.suno.com.br\/artigos\/omc-organizacao-mundial-do-comercio\/\">Organiza\u00e7\u00e3o Mundial do Com\u00e9rcio<\/a> (OMC) j\u00e1 foi notificada pela <strong>Uni\u00e3o Europeia<\/strong> acerca do novo esquema para restringir as importa\u00e7\u00f5es de 28 produtos sider\u00fargicos pelo per\u00edodo de tr\u00eas anos. Isto atingir\u00e1 principalmente a China.<\/p>\n<p><a href=\"https:\/\/www.suno.com.br\/noticias\/produtores-exportadores-cafe-fim-taxas\/\">Saiba mais &#8211;\u00a0Produtores e exportadores de caf\u00e9 querem o fim das taxas sobre o produto\u00a0<\/a><\/p>\n<p>O mercado europeu foi o destino de 18,1% das exporta\u00e7\u00f5es brasileiras de <strong>a\u00e7o<\/strong> em 2017.<\/p>\n<p>A medida necessita de aprova\u00e7\u00e3o formal pelos pa\u00edses-membros. A vota\u00e7\u00e3o ocorrer\u00e1 na pr\u00f3xima quarta-feira (16).<\/p>\n<p>Certos setores discordam da medida. Construtores de autom\u00f3veis caracterizam o plano europeu como <a href=\"https:\/\/www.suno.com.br\/artigos\/protecionismo\/\">protecionista<\/a>, e reclamam que ter\u00e3o preju\u00edzos pois o <strong>a\u00e7o<\/strong> poder\u00e1 custar mais.<\/p>\n<p>Por sua vez, a Eurofer, que representa a siderurgia europeia, incluindo a\u00a0ArcelorMittal e ThyssenKrupp, defende a medida proposta pela<strong> Uni\u00e3o Europeia<\/strong>.<\/p>\n<p>Os principais exportadores para a UE, e consequentemente, os mais atingidos, ser\u00e3o:<\/p>\n<ul>\n<li>China<\/li>\n<li>\u00cdndia<\/li>\n<li>R\u00fassia<\/li>\n<li>Coreia do Sul<\/li>\n<li>Turquia<\/li>\n<li>Ucr\u00e2nia<\/li>\n<\/ul>\n<h2>Brasil<\/h2>\n<p>Por sua vez, o <strong>Brasil<\/strong> ser\u00e1 atingido em sete dos 28 produtos que ter\u00e3o suas importa\u00e7\u00f5es limitadas:<\/p>\n<ul>\n<li>laminados planos a quente<\/li>\n<li>laminados planos a frio<\/li>\n<li>folhas met\u00e1licas<\/li>\n<li>chapas grossas<\/li>\n<li>laminados planos de a\u00e7o inoxid\u00e1vel<\/li>\n<li>perfis<\/li>\n<li>outros tubos sem costura<\/li>\n<\/ul>\n<p>A Uni\u00e3o Europeia estabeleceu cotas espec\u00edficas para tr\u00eas produtos brasileiros. Para isso, utilizou dados da m\u00e9dia de importa\u00e7\u00e3o de 2015-2017, com aumento de 5% a cada ano no volume importado.<\/p>\n<p>Assim, as exporta\u00e7\u00f5es brasileiras que passarem os 5% sofrer\u00e3o taxa\u00e7\u00e3o de 25%.<\/p>\n<p><a href=\"https:\/\/www.suno.com.br\/noticias\/carne-brasil-abiec\/\">Saiba mais &#8211;\u00a0Brasil torna-se maior exportador mundial de carne, segundo ABIEC\u00a0<\/a><\/p>\n<p>As cotas s\u00e3o para:<\/p>\n<ol>\n<li><strong>laminados planos a frio:<\/strong> 168,2 mil toneladas a partir de julho. Depois o volume aumenta para 176,6 mil toneladas.<\/li>\n<li><strong>folhas met\u00e1licas:<\/strong> 50,7 mil toneladas dentro da cota a partir de julho, por um ano, passando depois para 53,2 mil toneladas.<\/li>\n<li><strong>chapas grossas:<\/strong> 1,2 milh\u00e3o de toneladas.<\/li>\n<\/ol>\n<p>Para o Brasil, a limita\u00e7\u00e3o da exporta\u00e7\u00e3o de laminados planos a quente n\u00e3o mudar\u00e1 muito na pr\u00e1tica. Afinal, esse tipo de <strong>a\u00e7o<\/strong> j\u00e1 est\u00e1 sobre a taxa <a href=\"https:\/\/www.suno.com.br\/artigos\/dumping\/\">antidumping<\/a>, o que inviabiliza suas vendas no mercado europeu.<\/p>\n<p>A cota das chapas grossas de 1,2 milh\u00e3o de toneladas \u00e9 cota-mundo. Os principais exportadores, R\u00fassia e Ucr\u00e2nia, ter\u00e3o cotas espec\u00edficas.<\/p>\n<p>Desta forma, as expectativas s\u00e3o altas para que o <strong>Brasil <\/strong>cres\u00e7a nesse segmento.<\/p>\n<p>No caso dos laminados a quente de <strong>a\u00e7o<\/strong> inoxid\u00e1vel, o volume de importa\u00e7\u00e3o permitido pela UE \u00e9 considerado insuficiente.<\/p>\n<p>A ind\u00fastria sider\u00fargica brasileira fez requerimento ao Minist\u00e9rio das Rela\u00e7\u00f5es Exteriores (Itamaraty) para tentar negociar com a <strong>Uni\u00e3o Europeia<\/strong> uma cota espec\u00edfica dos laminados a quente de a\u00e7o inoxid\u00e1vel.<\/p>\n","protected":false},"excerpt":{"rendered":"<p>A Uni\u00e3o Europeia (UE) ir\u00e1 impor limites \u00e0 entrada de sete produtos sider\u00fargicos exportados pelo Brasil para seus pa\u00edses-membros, a partir de 2 de fevereiro, a fim de proteger produtores locais. O epis\u00f3dio ilustra a guerra de mercado do setor. A Organiza\u00e7\u00e3o Mundial do Com\u00e9rcio (OMC) j\u00e1 foi notificada pela Uni\u00e3o Europeia acerca do novo [&hellip;]<\/p>\n","protected":false},"author":12,"featured_media":11522,"comment_status":"closed","ping_status":"closed","sticky":false,"template":"","format":"standard","meta":[],"categories":[63],"tags":[731],"suno_strategy":[],"class_list":["post-11521","post","type-post","status-publish","format-standard","has-post-thumbnail","hentry","category-internacional","tag-uniao-europeia"],"yoast_head":"<!-- This site is optimized with the Yoast SEO plugin v24.4 - https:\/\/yoast.com\/wordpress\/plugins\/seo\/ -->\n<title>Uni\u00e3o Europeia colocar\u00e1 limites \u00e0 importa\u00e7\u00e3o de a\u00e7o do Brasil<\/title>\n<meta name=\"description\" content=\"A Uni\u00e3o Europeia colocar\u00e1 limites \u00e0 importa\u00e7\u00e3o de a\u00e7o do Brasil aos seus pa\u00edses-membros a partir de 2 de fevereiro. Clique para saber mais.\" \/>\n<meta name=\"robots\" content=\"index, follow, max-snippet:-1, max-image-preview:large, max-video-preview:-1\" \/>\n<link rel=\"canonical\" href=\"https:\/\/www.suno.com.br\/noticias\/uniao-europeia-aco-brasil\/\" \/>\n<meta property=\"og:locale\" content=\"pt_BR\" \/>\n<meta property=\"og:type\" content=\"article\" \/>\n<meta property=\"og:title\" content=\"Uni\u00e3o Europeia colocar\u00e1 limites \u00e0 importa\u00e7\u00e3o de a\u00e7o do Brasil\" \/>\n<meta property=\"og:description\" content=\"A Uni\u00e3o Europeia colocar\u00e1 limites \u00e0 importa\u00e7\u00e3o de a\u00e7o do Brasil aos seus pa\u00edses-membros a partir de 2 de fevereiro. Clique para saber mais.\" \/>\n<meta property=\"og:url\" content=\"https:\/\/www.suno.com.br\/noticias\/uniao-europeia-aco-brasil\/\" \/>\n<meta property=\"og:site_name\" content=\"Suno Not\u00edcias\" \/>\n<meta property=\"article:publisher\" content=\"https:\/\/facebook.com\/sunoresearch\" \/>\n<meta property=\"og:image\" content=\"https:\/\/files.sunoresearch.com.br\/n\/uploads\/2019\/01\/28061647-a\u00e7o.jpg\" \/>\n\t<meta property=\"og:image:width\" content=\"960\" \/>\n\t<meta property=\"og:image:height\" content=\"637\" \/>\n\t<meta property=\"og:image:type\" content=\"image\/jpeg\" \/>\n<meta name=\"author\" content=\"Amanda Gushiken\" \/>\n<meta name=\"twitter:card\" content=\"summary_large_image\" \/>\n<meta name=\"twitter:creator\" content=\"@sunoresearch\" \/>\n<meta name=\"twitter:site\" content=\"@sunoresearch\" \/>\n<meta name=\"twitter:label1\" content=\"Escrito por\" \/>\n\t<meta name=\"twitter:data1\" content=\"Amanda Gushiken\" \/>\n\t<meta name=\"twitter:label2\" content=\"Est. tempo de leitura\" \/>\n\t<meta name=\"twitter:data2\" content=\"2 minutos\" \/>\n<script type=\"application\/ld+json\" class=\"yoast-schema-graph\">{\"@context\":\"https:\/\/schema.org\",\"@graph\":[{\"@type\":\"NewsArticle\",\"@id\":\"https:\/\/www.suno.com.br\/noticias\/uniao-europeia-aco-brasil\/#article\",\"isPartOf\":{\"@id\":\"https:\/\/www.suno.com.br\/noticias\/uniao-europeia-aco-brasil\/\"},\"author\":{\"name\":\"Amanda Gushiken\",\"@id\":\"https:\/\/www.suno.com.br\/noticias\/#\/schema\/person\/a5b06fa4e879d8e8e119c6ed3cd630d1\"},\"headline\":\"Uni\u00e3o Europeia colocar\u00e1 limites \u00e0 importa\u00e7\u00e3o de a\u00e7o do Brasil\",\"datePublished\":\"2019-01-14T14:00:21+00:00\",\"dateModified\":\"2019-01-14T15:16:03+00:00\",\"mainEntityOfPage\":{\"@id\":\"https:\/\/www.suno.com.br\/noticias\/uniao-europeia-aco-brasil\/\"},\"wordCount\":507,\"publisher\":{\"@id\":\"https:\/\/www.suno.com.br\/noticias\/#organization\"},\"image\":{\"@id\":\"https:\/\/www.suno.com.br\/noticias\/uniao-europeia-aco-brasil\/#primaryimage\"},\"thumbnailUrl\":\"https:\/\/files.sunoresearch.com.br\/n\/uploads\/2019\/01\/28061647-a\u00e7o-jpg.webp\",\"keywords\":[\"Uni\u00e3o Europeia\"],\"articleSection\":[\"Internacional\"],\"inLanguage\":\"pt-BR\"},{\"@type\":\"WebPage\",\"@id\":\"https:\/\/www.suno.com.br\/noticias\/uniao-europeia-aco-brasil\/\",\"url\":\"https:\/\/www.suno.com.br\/noticias\/uniao-europeia-aco-brasil\/\",\"name\":\"Uni\u00e3o Europeia colocar\u00e1 limites \u00e0 importa\u00e7\u00e3o de a\u00e7o do Brasil\",\"isPartOf\":{\"@id\":\"https:\/\/www.suno.com.br\/noticias\/#website\"},\"primaryImageOfPage\":{\"@id\":\"https:\/\/www.suno.com.br\/noticias\/uniao-europeia-aco-brasil\/#primaryimage\"},\"image\":{\"@id\":\"https:\/\/www.suno.com.br\/noticias\/uniao-europeia-aco-brasil\/#primaryimage\"},\"thumbnailUrl\":\"https:\/\/files.sunoresearch.com.br\/n\/uploads\/2019\/01\/28061647-a\u00e7o-jpg.webp\",\"datePublished\":\"2019-01-14T14:00:21+00:00\",\"dateModified\":\"2019-01-14T15:16:03+00:00\",\"description\":\"A Uni\u00e3o Europeia colocar\u00e1 limites \u00e0 importa\u00e7\u00e3o de a\u00e7o do Brasil aos seus pa\u00edses-membros a partir de 2 de fevereiro. Clique para saber mais.\",\"breadcrumb\":{\"@id\":\"https:\/\/www.suno.com.br\/noticias\/uniao-europeia-aco-brasil\/#breadcrumb\"},\"inLanguage\":\"pt-BR\",\"potentialAction\":[{\"@type\":\"ReadAction\",\"target\":[\"https:\/\/www.suno.com.br\/noticias\/uniao-europeia-aco-brasil\/\"]}]},{\"@type\":\"ImageObject\",\"inLanguage\":\"pt-BR\",\"@id\":\"https:\/\/www.suno.com.br\/noticias\/uniao-europeia-aco-brasil\/#primaryimage\",\"url\":\"https:\/\/files.sunoresearch.com.br\/n\/uploads\/2019\/01\/28061647-a\u00e7o-jpg.webp\",\"contentUrl\":\"https:\/\/files.sunoresearch.com.br\/n\/uploads\/2019\/01\/28061647-a\u00e7o-jpg.webp\",\"width\":960,\"height\":637,\"caption\":\"Produ\u00e7\u00e3o de a\u00e7o\"},{\"@type\":\"BreadcrumbList\",\"@id\":\"https:\/\/www.suno.com.br\/noticias\/uniao-europeia-aco-brasil\/#breadcrumb\",\"itemListElement\":[{\"@type\":\"ListItem\",\"position\":1,\"name\":\"Not\u00edcias\",\"item\":\"https:\/\/www.suno.com.br\/noticias\/\"},{\"@type\":\"ListItem\",\"position\":2,\"name\":\"Internacional\",\"item\":\"https:\/\/www.suno.com.br\/noticias\/internacional\/\"},{\"@type\":\"ListItem\",\"position\":3,\"name\":\"Uni\u00e3o Europeia colocar\u00e1 limites \u00e0 importa\u00e7\u00e3o de a\u00e7o do Brasil\"}]},{\"@type\":\"WebSite\",\"@id\":\"https:\/\/www.suno.com.br\/noticias\/#website\",\"url\":\"https:\/\/www.suno.com.br\/noticias\/\",\"name\":\"Suno Not\u00edcias\",\"description\":\"Seu portal de informa\u00e7\u00e3o sobre o mundo dos investimentos\",\"publisher\":{\"@id\":\"https:\/\/www.suno.com.br\/noticias\/#organization\"},\"potentialAction\":[{\"@type\":\"SearchAction\",\"target\":{\"@type\":\"EntryPoint\",\"urlTemplate\":\"https:\/\/www.suno.com.br\/noticias\/?s={search_term_string}\"},\"query-input\":{\"@type\":\"PropertyValueSpecification\",\"valueRequired\":true,\"valueName\":\"search_term_string\"}}],\"inLanguage\":\"pt-BR\"},{\"@type\":\"Organization\",\"@id\":\"https:\/\/www.suno.com.br\/noticias\/#organization\",\"name\":\"Suno Not\u00edcias\",\"url\":\"https:\/\/www.suno.com.br\/noticias\/\",\"logo\":{\"@type\":\"ImageObject\",\"inLanguage\":\"pt-BR\",\"@id\":\"https:\/\/www.suno.com.br\/noticias\/#\/schema\/logo\/image\/\",\"url\":\"https:\/\/files.sunoresearch.com.br\/n\/uploads\/2021\/09\/suno-logo.png\",\"contentUrl\":\"https:\/\/files.sunoresearch.com.br\/n\/uploads\/2021\/09\/suno-logo.png\",\"width\":180,\"height\":180,\"caption\":\"Suno Not\u00edcias\"},\"image\":{\"@id\":\"https:\/\/www.suno.com.br\/noticias\/#\/schema\/logo\/image\/\"},\"sameAs\":[\"https:\/\/facebook.com\/sunoresearch\",\"https:\/\/x.com\/sunoresearch\",\"https:\/\/www.instagram.com\/suno\",\"https:\/\/www.linkedin.com\/company\/suno-research\/\",\"https:\/\/www.youtube.com\/c\/sunoresearch\"]},{\"@type\":\"Person\",\"@id\":\"https:\/\/www.suno.com.br\/noticias\/#\/schema\/person\/a5b06fa4e879d8e8e119c6ed3cd630d1\",\"name\":\"Amanda Gushiken\",\"image\":{\"@type\":\"ImageObject\",\"inLanguage\":\"pt-BR\",\"@id\":\"https:\/\/www.suno.com.br\/noticias\/#\/schema\/person\/image\/\",\"url\":\"https:\/\/secure.gravatar.com\/avatar\/ecd84705e6b65e3685ae80d725501fbe?s=96&r=g\",\"contentUrl\":\"https:\/\/secure.gravatar.com\/avatar\/ecd84705e6b65e3685ae80d725501fbe?s=96&r=g\",\"caption\":\"Amanda Gushiken\"},\"description\":\"Amanda Sayuri Gushiken escreve sobre finan\u00e7as e neg\u00f3cios para o portal Suno Not\u00edcias. Antes, trabalhou selecionando not\u00edcias da imprensa para clientes do mercado financeiro. Tamb\u00e9m desenvolveu pesquisa acad\u00eamica pela Universidade Anhembi Morumbi na \u00e1rea de Teorias da Comunica\u00e7\u00e3o e \u00e9 fot\u00f3grafa nas horas vagas.\",\"url\":\"https:\/\/www.suno.com.br\/noticias\/author\/amanda\/\"}]}<\/script>\n<!-- \/ Yoast SEO plugin. -->","yoast_head_json":{"title":"Uni\u00e3o Europeia colocar\u00e1 limites \u00e0 importa\u00e7\u00e3o de a\u00e7o do Brasil","description":"A Uni\u00e3o Europeia colocar\u00e1 limites \u00e0 importa\u00e7\u00e3o de a\u00e7o do Brasil aos seus pa\u00edses-membros a partir de 2 de fevereiro. Clique para saber mais.","robots":{"index":"index","follow":"follow","max-snippet":"max-snippet:-1","max-image-preview":"max-image-preview:large","max-video-preview":"max-video-preview:-1"},"canonical":"https:\/\/www.suno.com.br\/noticias\/uniao-europeia-aco-brasil\/","og_locale":"pt_BR","og_type":"article","og_title":"Uni\u00e3o Europeia colocar\u00e1 limites \u00e0 importa\u00e7\u00e3o de a\u00e7o do Brasil","og_description":"A Uni\u00e3o Europeia colocar\u00e1 limites \u00e0 importa\u00e7\u00e3o de a\u00e7o do Brasil aos seus pa\u00edses-membros a partir de 2 de fevereiro. Clique para saber mais.","og_url":"https:\/\/www.suno.com.br\/noticias\/uniao-europeia-aco-brasil\/","og_site_name":"Suno Not\u00edcias","article_publisher":"https:\/\/facebook.com\/sunoresearch","og_image":[{"width":960,"height":637,"url":"https:\/\/files.sunoresearch.com.br\/n\/uploads\/2019\/01\/28061647-a\u00e7o.jpg","type":"image\/jpeg"}],"author":"Amanda Gushiken","twitter_card":"summary_large_image","twitter_creator":"@sunoresearch","twitter_site":"@sunoresearch","twitter_misc":{"Escrito por":"Amanda Gushiken","Est. tempo de leitura":"2 minutos"},"schema":{"@context":"https:\/\/schema.org","@graph":[{"@type":"NewsArticle","@id":"https:\/\/www.suno.com.br\/noticias\/uniao-europeia-aco-brasil\/#article","isPartOf":{"@id":"https:\/\/www.suno.com.br\/noticias\/uniao-europeia-aco-brasil\/"},"author":{"name":"Amanda Gushiken","@id":"https:\/\/www.suno.com.br\/noticias\/#\/schema\/person\/a5b06fa4e879d8e8e119c6ed3cd630d1"},"headline":"Uni\u00e3o Europeia colocar\u00e1 limites \u00e0 importa\u00e7\u00e3o de a\u00e7o do Brasil","datePublished":"2019-01-14T14:00:21+00:00","dateModified":"2019-01-14T15:16:03+00:00","mainEntityOfPage":{"@id":"https:\/\/www.suno.com.br\/noticias\/uniao-europeia-aco-brasil\/"},"wordCount":507,"publisher":{"@id":"https:\/\/www.suno.com.br\/noticias\/#organization"},"image":{"@id":"https:\/\/www.suno.com.br\/noticias\/uniao-europeia-aco-brasil\/#primaryimage"},"thumbnailUrl":"https:\/\/files.sunoresearch.com.br\/n\/uploads\/2019\/01\/28061647-a\u00e7o-jpg.webp","keywords":["Uni\u00e3o Europeia"],"articleSection":["Internacional"],"inLanguage":"pt-BR"},{"@type":"WebPage","@id":"https:\/\/www.suno.com.br\/noticias\/uniao-europeia-aco-brasil\/","url":"https:\/\/www.suno.com.br\/noticias\/uniao-europeia-aco-brasil\/","name":"Uni\u00e3o Europeia colocar\u00e1 limites \u00e0 importa\u00e7\u00e3o de a\u00e7o do Brasil","isPartOf":{"@id":"https:\/\/www.suno.com.br\/noticias\/#website"},"primaryImageOfPage":{"@id":"https:\/\/www.suno.com.br\/noticias\/uniao-europeia-aco-brasil\/#primaryimage"},"image":{"@id":"https:\/\/www.suno.com.br\/noticias\/uniao-europeia-aco-brasil\/#primaryimage"},"thumbnailUrl":"https:\/\/files.sunoresearch.com.br\/n\/uploads\/2019\/01\/28061647-a\u00e7o-jpg.webp","datePublished":"2019-01-14T14:00:21+00:00","dateModified":"2019-01-14T15:16:03+00:00","description":"A Uni\u00e3o Europeia colocar\u00e1 limites \u00e0 importa\u00e7\u00e3o de a\u00e7o do Brasil aos seus pa\u00edses-membros a partir de 2 de fevereiro. Clique para saber mais.","breadcrumb":{"@id":"https:\/\/www.suno.com.br\/noticias\/uniao-europeia-aco-brasil\/#breadcrumb"},"inLanguage":"pt-BR","potentialAction":[{"@type":"ReadAction","target":["https:\/\/www.suno.com.br\/noticias\/uniao-europeia-aco-brasil\/"]}]},{"@type":"ImageObject","inLanguage":"pt-BR","@id":"https:\/\/www.suno.com.br\/noticias\/uniao-europeia-aco-brasil\/#primaryimage","url":"https:\/\/files.sunoresearch.com.br\/n\/uploads\/2019\/01\/28061647-a\u00e7o-jpg.webp","contentUrl":"https:\/\/files.sunoresearch.com.br\/n\/uploads\/2019\/01\/28061647-a\u00e7o-jpg.webp","width":960,"height":637,"caption":"Produ\u00e7\u00e3o de a\u00e7o"},{"@type":"BreadcrumbList","@id":"https:\/\/www.suno.com.br\/noticias\/uniao-europeia-aco-brasil\/#breadcrumb","itemListElement":[{"@type":"ListItem","position":1,"name":"Not\u00edcias","item":"https:\/\/www.suno.com.br\/noticias\/"},{"@type":"ListItem","position":2,"name":"Internacional","item":"https:\/\/www.suno.com.br\/noticias\/internacional\/"},{"@type":"ListItem","position":3,"name":"Uni\u00e3o Europeia colocar\u00e1 limites \u00e0 importa\u00e7\u00e3o de a\u00e7o do Brasil"}]},{"@type":"WebSite","@id":"https:\/\/www.suno.com.br\/noticias\/#website","url":"https:\/\/www.suno.com.br\/noticias\/","name":"Suno Not\u00edcias","description":"Seu portal de informa\u00e7\u00e3o sobre o mundo dos investimentos","publisher":{"@id":"https:\/\/www.suno.com.br\/noticias\/#organization"},"potentialAction":[{"@type":"SearchAction","target":{"@type":"EntryPoint","urlTemplate":"https:\/\/www.suno.com.br\/noticias\/?s={search_term_string}"},"query-input":{"@type":"PropertyValueSpecification","valueRequired":true,"valueName":"search_term_string"}}],"inLanguage":"pt-BR"},{"@type":"Organization","@id":"https:\/\/www.suno.com.br\/noticias\/#organization","name":"Suno Not\u00edcias","url":"https:\/\/www.suno.com.br\/noticias\/","logo":{"@type":"ImageObject","inLanguage":"pt-BR","@id":"https:\/\/www.suno.com.br\/noticias\/#\/schema\/logo\/image\/","url":"https:\/\/files.sunoresearch.com.br\/n\/uploads\/2021\/09\/suno-logo.png","contentUrl":"https:\/\/files.sunoresearch.com.br\/n\/uploads\/2021\/09\/suno-logo.png","width":180,"height":180,"caption":"Suno Not\u00edcias"},"image":{"@id":"https:\/\/www.suno.com.br\/noticias\/#\/schema\/logo\/image\/"},"sameAs":["https:\/\/facebook.com\/sunoresearch","https:\/\/x.com\/sunoresearch","https:\/\/www.instagram.com\/suno","https:\/\/www.linkedin.com\/company\/suno-research\/","https:\/\/www.youtube.com\/c\/sunoresearch"]},{"@type":"Person","@id":"https:\/\/www.suno.com.br\/noticias\/#\/schema\/person\/a5b06fa4e879d8e8e119c6ed3cd630d1","name":"Amanda Gushiken","image":{"@type":"ImageObject","inLanguage":"pt-BR","@id":"https:\/\/www.suno.com.br\/noticias\/#\/schema\/person\/image\/","url":"https:\/\/secure.gravatar.com\/avatar\/ecd84705e6b65e3685ae80d725501fbe?s=96&r=g","contentUrl":"https:\/\/secure.gravatar.com\/avatar\/ecd84705e6b65e3685ae80d725501fbe?s=96&r=g","caption":"Amanda Gushiken"},"description":"Amanda Sayuri Gushiken escreve sobre finan\u00e7as e neg\u00f3cios para o portal Suno Not\u00edcias. Antes, trabalhou selecionando not\u00edcias da imprensa para clientes do mercado financeiro. Tamb\u00e9m desenvolveu pesquisa acad\u00eamica pela Universidade Anhembi Morumbi na \u00e1rea de Teorias da Comunica\u00e7\u00e3o e \u00e9 fot\u00f3grafa nas horas vagas.","url":"https:\/\/www.suno.com.br\/noticias\/author\/amanda\/"}]}},"default_loop_html":"<div class=\"cardsPage__listCard__boxs\"><div class=\"cardsPage__listCard__boxs__img\"><a href=\"https:\/\/www.suno.com.br\/noticias\/uniao-europeia-aco-brasil\/\"><img class=\"mask\" src=\"https:\/\/www.suno.com.br\/noticias\/wp-content\/themes\/suno\/resources\/images\/spotlight\/spotlight1img\/bg-mask.png\" alt=\"Image Mask\"\/><img src=\"https:\/\/files.sunoresearch.com.br\/n\/uploads\/2019\/01\/28061647-a\u00e7o-400x200.webp\" alt=\"Uni\u00e3o Europeia colocar\u00e1 limites \u00e0 importa\u00e7\u00e3o de a\u00e7o do Brasil\"\/><\/a><span class=\"spotlightCategory\"><a href=\"https:\/\/www.suno.com.br\/noticias\/internacional\/\">Internacional<\/a><\/span><\/div><div class=\"cardsPage__listCard__boxs__content\"><a href=\"https:\/\/www.suno.com.br\/noticias\/uniao-europeia-aco-brasil\/\"><h2 class=\"content__title\">Uni\u00e3o Europeia colocar\u00e1 limites \u00e0 importa\u00e7\u00e3o de a\u00e7o do Brasil<\/h2><\/a><div class=\"newsContent__article__meta\"><div class=\"newsContent__article__meta__authorBox\"><a href=\"https:\/\/www.suno.com.br\/noticias\/author\/amanda\/\" class=\"authorBox__avatar noMobi\"><img src=\"https:\/\/files.sunoresearch.com.br\/n\/uploads\/2018\/11\/c6ad30be-amanda-150x150.webp\" alt=\"Amanda Gushiken\"><\/a><div class=\"authorBox__name\"><span>por\n\t\t\t<a href=\"https:\/\/www.suno.com.br\/noticias\/author\/amanda\/\"><span itemprop=\"author\">Amanda Gushiken<\/span><\/a><\/span><time datetime=\"2019-01-14T12:00:21-02:00\" itemprop=\"datePublished\">14\/01\/2019 12:00<\/time><\/div><\/div><\/div><\/div><\/div>","single_layout":"posts","amp_enabled":true,"_links":{"self":[{"href":"https:\/\/www.suno.com.br\/noticias\/wp-json\/wp\/v2\/posts\/11521"}],"collection":[{"href":"https:\/\/www.suno.com.br\/noticias\/wp-json\/wp\/v2\/posts"}],"about":[{"href":"https:\/\/www.suno.com.br\/noticias\/wp-json\/wp\/v2\/types\/post"}],"author":[{"embeddable":true,"href":"https:\/\/www.suno.com.br\/noticias\/wp-json\/wp\/v2\/users\/12"}],"replies":[{"embeddable":true,"href":"https:\/\/www.suno.com.br\/noticias\/wp-json\/wp\/v2\/comments?post=11521"}],"version-history":[{"count":0,"href":"https:\/\/www.suno.com.br\/noticias\/wp-json\/wp\/v2\/posts\/11521\/revisions"}],"wp:featuredmedia":[{"embeddable":true,"href":"https:\/\/www.suno.com.br\/noticias\/wp-json\/wp\/v2\/media\/11522"}],"wp:attachment":[{"href":"https:\/\/www.suno.com.br\/noticias\/wp-json\/wp\/v2\/media?parent=11521"}],"wp:term":[{"taxonomy":"category","embeddable":true,"href":"https:\/\/www.suno.com.br\/noticias\/wp-json\/wp\/v2\/categories?post=11521"},{"taxonomy":"post_tag","embeddable":true,"href":"https:\/\/www.suno.com.br\/noticias\/wp-json\/wp\/v2\/tags?post=11521"},{"taxonomy":"suno_strategy","embeddable":true,"href":"https:\/\/www.suno.com.br\/noticias\/wp-json\/wp\/v2\/suno_strategy?post=11521"}],"curies":[{"name":"wp","href":"https:\/\/api.w.org\/{rel}","templated":true}]}}