{"id":115145,"date":"2021-01-21T18:52:11","date_gmt":"2021-01-21T21:52:11","guid":{"rendered":"https:\/\/www.suno.com.br\/noticias\/?p=115145"},"modified":"2021-02-18T19:49:03","modified_gmt":"2021-02-18T22:49:03","slug":"acoes-eletrobras-elet3-derretem-fala-senador","status":"publish","type":"post","link":"https:\/\/www.suno.com.br\/noticias\/acoes-eletrobras-elet3-derretem-fala-senador\/","title":{"rendered":"A\u00e7\u00f5es da Eletrobras (ELET3) derretem ap\u00f3s fala de candidato \u00e0 presid\u00eancia do Senado"},"content":{"rendered":"<p>O candidato \u00e0 presid\u00eancia do Senado, Rodrigo Pacheco (DEM-MG), jogou d\u00favidas sobre o futuro da <a href=\"https:\/\/www.suno.com.br\/acoes\/elet3\/\" target=\"_blank\" rel=\"noopener noreferrer\"><strong>Eletrobras<\/strong> (ELET3)<\/a> ao falar nesta quinta-feira (21) em entrevista ao <em>Estad\u00e3o\/Broadcast <\/em>que n\u00e3o se pode &#8220;entregar o patrim\u00f4nio nacional a qualquer pre\u00e7o&#8221;.<\/p>\t<div class=\"wrapper-featured-image\">\n\t\t<figure class=\"spotlightImg\">\n\n\t\t\t<picture>\n\t\t\t\t<source media=\"(max-width: 768px)\" srcset=\"https:\/\/files.sunoresearch.com.br\/n\/uploads\/2021\/01\/b72245b6-image-2-400x200.webp\">\n\t\t\t\t<img loading=\"lazy\" decoding=\"async\" class=\"newsContent__article__imgCapa lazyloadDisabled \" src=\"https:\/\/files.sunoresearch.com.br\/n\/uploads\/2021\/01\/b72245b6-image-2-800x450.webp\" width=\"800\" height=\"450\" alt=\"A\u00e7\u00f5es da Eletrobras (ELET3) derretem ap\u00f3s fala de candidato \u00e0 presid\u00eancia do Senado\" fetchpriority=high \/>\n\t\t\t<\/picture>\n\n\t\t\t<figcaption class=\"wp-caption-text wp-caption-text--show\">Atualmente, o projeto de capitaliza\u00e7\u00e3o da Eletrobras est\u00e1 parado no Congresso Nacional<\/figcaption>\n\t\t<\/figure>\n\t<\/div>\n\n\n\t<p>\n\t\t<a href=\"https:\/\/lp.suno.com.br\/planilha-controle-gastos\/\" target=\"_blank\" data-element=\"shortcode-suno-banner\" title=\"Banner SUNO, clique e saiba mais\">\n\t\t\t<picture>\n\t\t\t\t<source media=\"(max-width: 500px)\" srcset=\"https:\/\/files.sunoresearch.com.br\/n\/uploads\/2023\/03\/400x300-Planilha-controle-de-gastos.png\">\n\t\t\t\t<img class=\"newsContent__article__imgCapa newsContent__article__imgCapa--banner\"\n\t\t\t\t\tsrc=\"https:\/\/files.sunoresearch.com.br\/n\/uploads\/2023\/03\/1420x240-Planilha-controle-de-gastos.png\"\n\t\t\t\t\tdata-promo-id=\"101751\"\t\t\t\t\t\t\t\t\t\twidth='1420' height='240'\t\t\t\t\talt=\"https:\/\/files.sunoresearch.com.br\/n\/uploads\/2023\/03\/1420x240-Planilha-controle-de-gastos.png\"\n\t\t\t\t>\n\t\t\t<\/picture>\n\t\t<\/a>\n\t<\/p>\n\n\n<p>O mercado parece n\u00e3o ter reagido bem ao discurso do senador mineiro. Hoje, as <a href=\"https:\/\/www.suno.com.br\/artigos\/acoes-ordinarias\/\">a\u00e7\u00f5es ordin\u00e1rias<\/a> da Eletrobras fecharam cotadas a R$ 31,30, uma queda de 5,15%. O destino s\u00f3 n\u00e3o foi pior que o dos <a href=\"https:\/\/www.suno.com.br\/artigos\/units\/\">pap\u00e9is units<\/a> que ca\u00edram 6,15%, para R$ 31,43, na maior baixa do <a href=\"https:\/\/www.suno.com.br\/artigos\/ibovespa\/\">Ibovespa<\/a>.<\/p>\n<p>A <a href=\"https:\/\/www.suno.com.br\/artigos\/estatal-so-se-for-de-graca\/\">estatal do setor el\u00e9trico<\/a> est\u00e1 na lista divulgada pelo Minist\u00e9rio da Economia de <a href=\"https:\/\/www.suno.com.br\/tudo-sobre\/paulo-guedes\/\">Paulo Guedes<\/a> de <a href=\"https:\/\/www.suno.com.br\/noticias\/governo-privatizacao-nove-estatais-2021\/\">privatiza\u00e7\u00f5es previstas para acontecerem este ano<\/a>.<\/p>\n<p><a href=\"https:\/\/lp.suno.com.br\/suno-one\/\">Suno One: acesse gratuitamente eBooks, Minicursos, Artigos e Video Aulas sobre investimentos com um \u00fanico cadastro. Clique para saber mais!<\/a><\/p>\n<p>Apesar disso, o projeto de lei que visa dar seguimento \u00e0 capitaliza\u00e7\u00e3o da companhia na <a href=\"https:\/\/www.suno.com.br\/artigos\/b3\/\">Bolsa de Valores de S\u00e3o Paulo (B3)<\/a> est\u00e1 empacado no Congresso desde 2019. Hoje o processo parece ter encontrado outro obst\u00e1culo. Em entrevista ao <em>Estad\u00e3o\/Broadcast<\/em>, Pacheco disse que &#8220;n\u00e3o \u00e9 racioc\u00ednio f\u00e1cil dizer que a Eletrobras precisa ser vendida.<\/p>\n<h2>O vol\u00e1til calend\u00e1rio de privatiza\u00e7\u00e3o da Eletrobras<\/h2>\n<p>N\u00e3o \u00e0 toa o mercado reagiu mal \u00e0 fala do senador candidato \u00e0 presid\u00eancia da casa, visto que <a href=\"https:\/\/www.suno.com.br\/artigos\/privatizacao\/\">privatiza\u00e7\u00e3o<\/a> da empresa tem se mostrado um impulso para ativos listado na B3. O calend\u00e1rio do processo tamb\u00e9m atrapalha. H\u00e1 pouco mais de uma semana, o ministro de Minas e Energia, Bento Albuquerque, disse acreditar que o Congresso poderia aprovar ao projeto ainda no primeiro semestre deste ano. Nesse cen\u00e1rio, seria poss\u00edvel iniciar a implementa\u00e7\u00e3o da capitaliza\u00e7\u00e3o da empresa no segundo semestre, afirmou.<\/p>\n<p>Dias depois, o ministro declarou \u00e0 TV Globo e \u00e0 CNN que n\u00e3o haveria preju\u00edzo se a an\u00e1lise do projeto de lei ficasse para o segundo semestre de 2021.<\/p>\n\t<div data-element=\"shortcode-read-more\" class=\"knowMore\">\n\t\t\t\t<span class=\"knowMore__title\">Leia<\/span>\n\t\t\t\t<a class=\"knowMore__link\" href=\"https:\/\/www.suno.com.br\/noticias\/privatizacao-eletrobras-elet3-2semestre-prejuizos\/\">\n\t\t\tPrivatiza\u00e7\u00e3o da Eletrobras (ELET3) no 2\u00ba semestre traria preju\u00edzos ao Brasil, diz MME\t\t<\/a>\n\t<\/div>\n\n\n<p>E no dia seguinte o Minist\u00e9rio de Minas e Energia veio comunicar que a aprova\u00e7\u00e3o do PL apenas no segundo semestre deste ano traria, sim, preju\u00edzos para o Brasil. A pasta comunicou que na ocasi\u00e3o Albuquerque se referia ao patamar atual da empresa ao dizer que uma eventual demora para analisar o projeto n\u00e3o traria preju\u00edzos.<\/p>\n\t<p>\n\t\t<a href=\"https:\/\/lp.suno.com.br\/ebook-como-analisar-uma-acao\/\" target=\"_blank\" data-element=\"shortcode-suno-banner\" title=\"Banner SUNO, clique e saiba mais\">\n\t\t\t<picture>\n\t\t\t\t<source media=\"(max-width: 500px)\" srcset=\"https:\/\/files.sunoresearch.com.br\/n\/uploads\/2023\/03\/Ebook-Acoes-Mobile.jpg\">\n\t\t\t\t<img class=\"newsContent__article__imgCapa newsContent__article__imgCapa--banner\"\n\t\t\t\t\tsrc=\"https:\/\/files.sunoresearch.com.br\/n\/uploads\/2023\/03\/Ebook-Acoes-Desktop.jpg\"\n\t\t\t\t\tdata-promo-id=\"378302\"\t\t\t\t\t\t\t\t\t\twidth='1420' height='286'\t\t\t\t\talt=\"https:\/\/files.sunoresearch.com.br\/n\/uploads\/2023\/03\/Ebook-Acoes-Desktop.jpg\"\n\t\t\t\t>\n\t\t\t<\/picture>\n\t\t<\/a>\n\t<\/p>\n\n\n<p>No caso da <strong>Eletrobras<\/strong>, os certames ainda dependem de aprova\u00e7\u00e3o do Congresso para serem tocados e n\u00e3o h\u00e1 sequer comiss\u00e3o instalada para discuss\u00e3o do tema, fase inicial da tramita\u00e7\u00e3o. A elei\u00e7\u00e3o para a presid\u00eancia do Senado acontecer\u00e1 no pr\u00f3ximo dia 1\u00ba.<\/p>\n<p><em>(Com informa\u00e7\u00f5es do Estad\u00e3o Conte\u00fado)<\/em><\/p>\n\t<p>\n\t\t<a href=\"https:\/\/lp.suno.com.br\/planilha-de-controle-de-investimentos\/\" target=\"_blank\" data-element=\"shortcode-suno-banner\" title=\"Banner SUNO, clique e saiba mais\">\n\t\t\t<picture>\n\t\t\t\t<source media=\"(max-width: 500px)\" srcset=\"https:\/\/files.sunoresearch.com.br\/n\/uploads\/2023\/03\/400x300-Controle-de-Investimentos.png\">\n\t\t\t\t<img class=\"newsContent__article__imgCapa newsContent__article__imgCapa--banner\"\n\t\t\t\t\tsrc=\"https:\/\/files.sunoresearch.com.br\/n\/uploads\/2023\/03\/1420x240-Controle-de-Investimentos.png\"\n\t\t\t\t\tdata-promo-id=\"75934\"\t\t\t\t\t\t\t\t\t\twidth='1420' height='240'\t\t\t\t\talt=\"https:\/\/files.sunoresearch.com.br\/n\/uploads\/2023\/03\/1420x240-Controle-de-Investimentos.png\"\n\t\t\t\t>\n\t\t\t<\/picture>\n\t\t<\/a>\n\t<\/p>\n\n\n","protected":false},"excerpt":{"rendered":"<p>O candidato \u00e0 presid\u00eancia do Senado, Rodrigo Pacheco (DEM-MG), jogou d\u00favidas sobre o futuro da Eletrobras (ELET3) ao falar nesta quinta-feira (21) em entrevista ao Estad\u00e3o\/Broadcast que n\u00e3o se pode &#8220;entregar o patrim\u00f4nio nacional a qualquer pre\u00e7o&#8221;. Atualmente, o projeto de capitaliza\u00e7\u00e3o da Eletrobras est\u00e1 parado no Congresso Nacional O mercado parece n\u00e3o ter reagido [&hellip;]<\/p>\n","protected":false},"author":35,"featured_media":115188,"comment_status":"closed","ping_status":"closed","sticky":false,"template":"","format":"standard","meta":[],"categories":[64],"tags":[2105,455,945,1068],"suno_strategy":[],"class_list":["post-115145","post","type-post","status-publish","format-standard","has-post-thumbnail","hentry","category-negocios","tag-bento-albuquerque","tag-eletrobras-elet3-elet5-elet6","tag-privatizacoes","tag-senado-federal"],"yoast_head":"<!-- This site is optimized with the Yoast SEO plugin v24.4 - https:\/\/yoast.com\/wordpress\/plugins\/seo\/ -->\n<title>A\u00e7\u00f5es da Eletrobras (ELET3) derretem ap\u00f3s fala de senador<\/title>\n<meta name=\"description\" content=\"O candidato \u00e0 presid\u00eancia do Senado jogou d\u00favidas sobre o futuro da Eletrobras (ELET3) em entrevista ao Estad\u00e3o\/Broadcast. Entenda a queda.\" \/>\n<meta name=\"robots\" content=\"index, follow, max-snippet:-1, max-image-preview:large, max-video-preview:-1\" \/>\n<link rel=\"canonical\" href=\"https:\/\/www.suno.com.br\/noticias\/acoes-eletrobras-elet3-derretem-fala-senador\/\" \/>\n<meta property=\"og:locale\" content=\"pt_BR\" \/>\n<meta property=\"og:type\" content=\"article\" \/>\n<meta property=\"og:title\" content=\"A\u00e7\u00f5es da Eletrobras (ELET3) derretem ap\u00f3s fala de senador\" \/>\n<meta property=\"og:description\" content=\"O candidato \u00e0 presid\u00eancia do Senado jogou d\u00favidas sobre o futuro da Eletrobras (ELET3) em entrevista ao Estad\u00e3o\/Broadcast. Entenda a queda.\" \/>\n<meta property=\"og:url\" content=\"https:\/\/www.suno.com.br\/noticias\/acoes-eletrobras-elet3-derretem-fala-senador\/\" \/>\n<meta property=\"og:site_name\" content=\"Suno Not\u00edcias\" \/>\n<meta property=\"article:publisher\" content=\"https:\/\/facebook.com\/sunoresearch\" \/>\n<meta property=\"og:image\" content=\"https:\/\/files.sunoresearch.com.br\/n\/uploads\/2021\/01\/b72245b6-image-2.png\" \/>\n\t<meta property=\"og:image:width\" content=\"900\" \/>\n\t<meta property=\"og:image:height\" content=\"583\" \/>\n\t<meta property=\"og:image:type\" content=\"image\/png\" \/>\n<meta name=\"author\" content=\"Arthur Guimar\u00e3es\" \/>\n<meta name=\"twitter:card\" content=\"summary_large_image\" \/>\n<meta name=\"twitter:creator\" content=\"@sunoresearch\" \/>\n<meta name=\"twitter:site\" content=\"@sunoresearch\" \/>\n<meta name=\"twitter:label1\" content=\"Escrito por\" \/>\n\t<meta name=\"twitter:data1\" content=\"Arthur Guimar\u00e3es\" \/>\n\t<meta name=\"twitter:label2\" content=\"Est. tempo de leitura\" \/>\n\t<meta name=\"twitter:data2\" content=\"2 minutos\" \/>\n<script type=\"application\/ld+json\" class=\"yoast-schema-graph\">{\"@context\":\"https:\/\/schema.org\",\"@graph\":[{\"@type\":\"NewsArticle\",\"@id\":\"https:\/\/www.suno.com.br\/noticias\/acoes-eletrobras-elet3-derretem-fala-senador\/#article\",\"isPartOf\":{\"@id\":\"https:\/\/www.suno.com.br\/noticias\/acoes-eletrobras-elet3-derretem-fala-senador\/\"},\"author\":{\"name\":\"Arthur Guimar\u00e3es\",\"@id\":\"https:\/\/www.suno.com.br\/noticias\/#\/schema\/person\/053a750a709a263919a20f976caae91c\"},\"headline\":\"A\u00e7\u00f5es da Eletrobras (ELET3) derretem ap\u00f3s fala de candidato \u00e0 presid\u00eancia do Senado\",\"datePublished\":\"2021-01-21T21:52:11+00:00\",\"dateModified\":\"2021-02-18T22:49:03+00:00\",\"mainEntityOfPage\":{\"@id\":\"https:\/\/www.suno.com.br\/noticias\/acoes-eletrobras-elet3-derretem-fala-senador\/\"},\"wordCount\":484,\"publisher\":{\"@id\":\"https:\/\/www.suno.com.br\/noticias\/#organization\"},\"image\":{\"@id\":\"https:\/\/www.suno.com.br\/noticias\/acoes-eletrobras-elet3-derretem-fala-senador\/#primaryimage\"},\"thumbnailUrl\":\"https:\/\/files.sunoresearch.com.br\/n\/uploads\/2021\/01\/b72245b6-image-2-png.webp\",\"keywords\":[\"Bento Albuquerque\",\"Eletrobras (ELET3\/ELET5\/ELET6)\",\"privatiza\u00e7\u00f5es\",\"Senado Federal\"],\"articleSection\":[\"Neg\u00f3cios\"],\"inLanguage\":\"pt-BR\"},{\"@type\":\"WebPage\",\"@id\":\"https:\/\/www.suno.com.br\/noticias\/acoes-eletrobras-elet3-derretem-fala-senador\/\",\"url\":\"https:\/\/www.suno.com.br\/noticias\/acoes-eletrobras-elet3-derretem-fala-senador\/\",\"name\":\"A\u00e7\u00f5es da Eletrobras (ELET3) derretem ap\u00f3s fala de senador\",\"isPartOf\":{\"@id\":\"https:\/\/www.suno.com.br\/noticias\/#website\"},\"primaryImageOfPage\":{\"@id\":\"https:\/\/www.suno.com.br\/noticias\/acoes-eletrobras-elet3-derretem-fala-senador\/#primaryimage\"},\"image\":{\"@id\":\"https:\/\/www.suno.com.br\/noticias\/acoes-eletrobras-elet3-derretem-fala-senador\/#primaryimage\"},\"thumbnailUrl\":\"https:\/\/files.sunoresearch.com.br\/n\/uploads\/2021\/01\/b72245b6-image-2-png.webp\",\"datePublished\":\"2021-01-21T21:52:11+00:00\",\"dateModified\":\"2021-02-18T22:49:03+00:00\",\"description\":\"O candidato \u00e0 presid\u00eancia do Senado jogou d\u00favidas sobre o futuro da Eletrobras (ELET3) em entrevista ao Estad\u00e3o\/Broadcast. Entenda a queda.\",\"breadcrumb\":{\"@id\":\"https:\/\/www.suno.com.br\/noticias\/acoes-eletrobras-elet3-derretem-fala-senador\/#breadcrumb\"},\"inLanguage\":\"pt-BR\",\"potentialAction\":[{\"@type\":\"ReadAction\",\"target\":[\"https:\/\/www.suno.com.br\/noticias\/acoes-eletrobras-elet3-derretem-fala-senador\/\"]}]},{\"@type\":\"ImageObject\",\"inLanguage\":\"pt-BR\",\"@id\":\"https:\/\/www.suno.com.br\/noticias\/acoes-eletrobras-elet3-derretem-fala-senador\/#primaryimage\",\"url\":\"https:\/\/files.sunoresearch.com.br\/n\/uploads\/2021\/01\/b72245b6-image-2-png.webp\",\"contentUrl\":\"https:\/\/files.sunoresearch.com.br\/n\/uploads\/2021\/01\/b72245b6-image-2-png.webp\",\"width\":900,\"height\":583,\"caption\":\"Atualmente, o projeto de capitaliza\u00e7\u00e3o da Eletrobras est\u00e1 parado no Congresso Nacional\"},{\"@type\":\"BreadcrumbList\",\"@id\":\"https:\/\/www.suno.com.br\/noticias\/acoes-eletrobras-elet3-derretem-fala-senador\/#breadcrumb\",\"itemListElement\":[{\"@type\":\"ListItem\",\"position\":1,\"name\":\"Not\u00edcias\",\"item\":\"https:\/\/www.suno.com.br\/noticias\/\"},{\"@type\":\"ListItem\",\"position\":2,\"name\":\"Neg\u00f3cios\",\"item\":\"https:\/\/www.suno.com.br\/noticias\/negocios\/\"},{\"@type\":\"ListItem\",\"position\":3,\"name\":\"A\u00e7\u00f5es da Eletrobras (ELET3) derretem ap\u00f3s fala de candidato \u00e0 presid\u00eancia do Senado\"}]},{\"@type\":\"WebSite\",\"@id\":\"https:\/\/www.suno.com.br\/noticias\/#website\",\"url\":\"https:\/\/www.suno.com.br\/noticias\/\",\"name\":\"Suno Not\u00edcias\",\"description\":\"Seu portal de informa\u00e7\u00e3o sobre o mundo dos investimentos\",\"publisher\":{\"@id\":\"https:\/\/www.suno.com.br\/noticias\/#organization\"},\"potentialAction\":[{\"@type\":\"SearchAction\",\"target\":{\"@type\":\"EntryPoint\",\"urlTemplate\":\"https:\/\/www.suno.com.br\/noticias\/?s={search_term_string}\"},\"query-input\":{\"@type\":\"PropertyValueSpecification\",\"valueRequired\":true,\"valueName\":\"search_term_string\"}}],\"inLanguage\":\"pt-BR\"},{\"@type\":\"Organization\",\"@id\":\"https:\/\/www.suno.com.br\/noticias\/#organization\",\"name\":\"Suno Not\u00edcias\",\"url\":\"https:\/\/www.suno.com.br\/noticias\/\",\"logo\":{\"@type\":\"ImageObject\",\"inLanguage\":\"pt-BR\",\"@id\":\"https:\/\/www.suno.com.br\/noticias\/#\/schema\/logo\/image\/\",\"url\":\"https:\/\/files.sunoresearch.com.br\/n\/uploads\/2021\/09\/suno-logo.png\",\"contentUrl\":\"https:\/\/files.sunoresearch.com.br\/n\/uploads\/2021\/09\/suno-logo.png\",\"width\":180,\"height\":180,\"caption\":\"Suno Not\u00edcias\"},\"image\":{\"@id\":\"https:\/\/www.suno.com.br\/noticias\/#\/schema\/logo\/image\/\"},\"sameAs\":[\"https:\/\/facebook.com\/sunoresearch\",\"https:\/\/x.com\/sunoresearch\",\"https:\/\/www.instagram.com\/suno\",\"https:\/\/www.linkedin.com\/company\/suno-research\/\",\"https:\/\/www.youtube.com\/c\/sunoresearch\"]},{\"@type\":\"Person\",\"@id\":\"https:\/\/www.suno.com.br\/noticias\/#\/schema\/person\/053a750a709a263919a20f976caae91c\",\"name\":\"Arthur Guimar\u00e3es\",\"image\":{\"@type\":\"ImageObject\",\"inLanguage\":\"pt-BR\",\"@id\":\"https:\/\/www.suno.com.br\/noticias\/#\/schema\/person\/image\/\",\"url\":\"https:\/\/secure.gravatar.com\/avatar\/1affd86a11209ae09eb6dd3bcad3e96c?s=96&r=g\",\"contentUrl\":\"https:\/\/secure.gravatar.com\/avatar\/1affd86a11209ae09eb6dd3bcad3e96c?s=96&r=g\",\"caption\":\"Arthur Guimar\u00e3es\"},\"description\":\"Arthur Guimar\u00e3es escreve sobre pol\u00edtica, economia e neg\u00f3cios para o portal de not\u00edcias da Suno Research. Atualmente, \u00e9 estudante de jornalismo pela Faculdade C\u00e1sper L\u00edbero.\",\"url\":\"https:\/\/www.suno.com.br\/noticias\/author\/arthur-guimaraes\/\"}]}<\/script>\n<!-- \/ Yoast SEO plugin. -->","yoast_head_json":{"title":"A\u00e7\u00f5es da Eletrobras (ELET3) derretem ap\u00f3s fala de senador","description":"O candidato \u00e0 presid\u00eancia do Senado jogou d\u00favidas sobre o futuro da Eletrobras (ELET3) em entrevista ao Estad\u00e3o\/Broadcast. Entenda a queda.","robots":{"index":"index","follow":"follow","max-snippet":"max-snippet:-1","max-image-preview":"max-image-preview:large","max-video-preview":"max-video-preview:-1"},"canonical":"https:\/\/www.suno.com.br\/noticias\/acoes-eletrobras-elet3-derretem-fala-senador\/","og_locale":"pt_BR","og_type":"article","og_title":"A\u00e7\u00f5es da Eletrobras (ELET3) derretem ap\u00f3s fala de senador","og_description":"O candidato \u00e0 presid\u00eancia do Senado jogou d\u00favidas sobre o futuro da Eletrobras (ELET3) em entrevista ao Estad\u00e3o\/Broadcast. Entenda a queda.","og_url":"https:\/\/www.suno.com.br\/noticias\/acoes-eletrobras-elet3-derretem-fala-senador\/","og_site_name":"Suno Not\u00edcias","article_publisher":"https:\/\/facebook.com\/sunoresearch","og_image":[{"width":900,"height":583,"url":"https:\/\/files.sunoresearch.com.br\/n\/uploads\/2021\/01\/b72245b6-image-2.png","type":"image\/png"}],"author":"Arthur Guimar\u00e3es","twitter_card":"summary_large_image","twitter_creator":"@sunoresearch","twitter_site":"@sunoresearch","twitter_misc":{"Escrito por":"Arthur Guimar\u00e3es","Est. tempo de leitura":"2 minutos"},"schema":{"@context":"https:\/\/schema.org","@graph":[{"@type":"NewsArticle","@id":"https:\/\/www.suno.com.br\/noticias\/acoes-eletrobras-elet3-derretem-fala-senador\/#article","isPartOf":{"@id":"https:\/\/www.suno.com.br\/noticias\/acoes-eletrobras-elet3-derretem-fala-senador\/"},"author":{"name":"Arthur Guimar\u00e3es","@id":"https:\/\/www.suno.com.br\/noticias\/#\/schema\/person\/053a750a709a263919a20f976caae91c"},"headline":"A\u00e7\u00f5es da Eletrobras (ELET3) derretem ap\u00f3s fala de candidato \u00e0 presid\u00eancia do Senado","datePublished":"2021-01-21T21:52:11+00:00","dateModified":"2021-02-18T22:49:03+00:00","mainEntityOfPage":{"@id":"https:\/\/www.suno.com.br\/noticias\/acoes-eletrobras-elet3-derretem-fala-senador\/"},"wordCount":484,"publisher":{"@id":"https:\/\/www.suno.com.br\/noticias\/#organization"},"image":{"@id":"https:\/\/www.suno.com.br\/noticias\/acoes-eletrobras-elet3-derretem-fala-senador\/#primaryimage"},"thumbnailUrl":"https:\/\/files.sunoresearch.com.br\/n\/uploads\/2021\/01\/b72245b6-image-2-png.webp","keywords":["Bento Albuquerque","Eletrobras (ELET3\/ELET5\/ELET6)","privatiza\u00e7\u00f5es","Senado Federal"],"articleSection":["Neg\u00f3cios"],"inLanguage":"pt-BR"},{"@type":"WebPage","@id":"https:\/\/www.suno.com.br\/noticias\/acoes-eletrobras-elet3-derretem-fala-senador\/","url":"https:\/\/www.suno.com.br\/noticias\/acoes-eletrobras-elet3-derretem-fala-senador\/","name":"A\u00e7\u00f5es da Eletrobras (ELET3) derretem ap\u00f3s fala de senador","isPartOf":{"@id":"https:\/\/www.suno.com.br\/noticias\/#website"},"primaryImageOfPage":{"@id":"https:\/\/www.suno.com.br\/noticias\/acoes-eletrobras-elet3-derretem-fala-senador\/#primaryimage"},"image":{"@id":"https:\/\/www.suno.com.br\/noticias\/acoes-eletrobras-elet3-derretem-fala-senador\/#primaryimage"},"thumbnailUrl":"https:\/\/files.sunoresearch.com.br\/n\/uploads\/2021\/01\/b72245b6-image-2-png.webp","datePublished":"2021-01-21T21:52:11+00:00","dateModified":"2021-02-18T22:49:03+00:00","description":"O candidato \u00e0 presid\u00eancia do Senado jogou d\u00favidas sobre o futuro da Eletrobras (ELET3) em entrevista ao Estad\u00e3o\/Broadcast. Entenda a queda.","breadcrumb":{"@id":"https:\/\/www.suno.com.br\/noticias\/acoes-eletrobras-elet3-derretem-fala-senador\/#breadcrumb"},"inLanguage":"pt-BR","potentialAction":[{"@type":"ReadAction","target":["https:\/\/www.suno.com.br\/noticias\/acoes-eletrobras-elet3-derretem-fala-senador\/"]}]},{"@type":"ImageObject","inLanguage":"pt-BR","@id":"https:\/\/www.suno.com.br\/noticias\/acoes-eletrobras-elet3-derretem-fala-senador\/#primaryimage","url":"https:\/\/files.sunoresearch.com.br\/n\/uploads\/2021\/01\/b72245b6-image-2-png.webp","contentUrl":"https:\/\/files.sunoresearch.com.br\/n\/uploads\/2021\/01\/b72245b6-image-2-png.webp","width":900,"height":583,"caption":"Atualmente, o projeto de capitaliza\u00e7\u00e3o da Eletrobras est\u00e1 parado no Congresso Nacional"},{"@type":"BreadcrumbList","@id":"https:\/\/www.suno.com.br\/noticias\/acoes-eletrobras-elet3-derretem-fala-senador\/#breadcrumb","itemListElement":[{"@type":"ListItem","position":1,"name":"Not\u00edcias","item":"https:\/\/www.suno.com.br\/noticias\/"},{"@type":"ListItem","position":2,"name":"Neg\u00f3cios","item":"https:\/\/www.suno.com.br\/noticias\/negocios\/"},{"@type":"ListItem","position":3,"name":"A\u00e7\u00f5es da Eletrobras (ELET3) derretem ap\u00f3s fala de candidato \u00e0 presid\u00eancia do Senado"}]},{"@type":"WebSite","@id":"https:\/\/www.suno.com.br\/noticias\/#website","url":"https:\/\/www.suno.com.br\/noticias\/","name":"Suno Not\u00edcias","description":"Seu portal de informa\u00e7\u00e3o sobre o mundo dos investimentos","publisher":{"@id":"https:\/\/www.suno.com.br\/noticias\/#organization"},"potentialAction":[{"@type":"SearchAction","target":{"@type":"EntryPoint","urlTemplate":"https:\/\/www.suno.com.br\/noticias\/?s={search_term_string}"},"query-input":{"@type":"PropertyValueSpecification","valueRequired":true,"valueName":"search_term_string"}}],"inLanguage":"pt-BR"},{"@type":"Organization","@id":"https:\/\/www.suno.com.br\/noticias\/#organization","name":"Suno Not\u00edcias","url":"https:\/\/www.suno.com.br\/noticias\/","logo":{"@type":"ImageObject","inLanguage":"pt-BR","@id":"https:\/\/www.suno.com.br\/noticias\/#\/schema\/logo\/image\/","url":"https:\/\/files.sunoresearch.com.br\/n\/uploads\/2021\/09\/suno-logo.png","contentUrl":"https:\/\/files.sunoresearch.com.br\/n\/uploads\/2021\/09\/suno-logo.png","width":180,"height":180,"caption":"Suno Not\u00edcias"},"image":{"@id":"https:\/\/www.suno.com.br\/noticias\/#\/schema\/logo\/image\/"},"sameAs":["https:\/\/facebook.com\/sunoresearch","https:\/\/x.com\/sunoresearch","https:\/\/www.instagram.com\/suno","https:\/\/www.linkedin.com\/company\/suno-research\/","https:\/\/www.youtube.com\/c\/sunoresearch"]},{"@type":"Person","@id":"https:\/\/www.suno.com.br\/noticias\/#\/schema\/person\/053a750a709a263919a20f976caae91c","name":"Arthur Guimar\u00e3es","image":{"@type":"ImageObject","inLanguage":"pt-BR","@id":"https:\/\/www.suno.com.br\/noticias\/#\/schema\/person\/image\/","url":"https:\/\/secure.gravatar.com\/avatar\/1affd86a11209ae09eb6dd3bcad3e96c?s=96&r=g","contentUrl":"https:\/\/secure.gravatar.com\/avatar\/1affd86a11209ae09eb6dd3bcad3e96c?s=96&r=g","caption":"Arthur Guimar\u00e3es"},"description":"Arthur Guimar\u00e3es escreve sobre pol\u00edtica, economia e neg\u00f3cios para o portal de not\u00edcias da Suno Research. Atualmente, \u00e9 estudante de jornalismo pela Faculdade C\u00e1sper L\u00edbero.","url":"https:\/\/www.suno.com.br\/noticias\/author\/arthur-guimaraes\/"}]}},"default_loop_html":"<div class=\"cardsPage__listCard__boxs\"><div class=\"cardsPage__listCard__boxs__img\"><a href=\"https:\/\/www.suno.com.br\/noticias\/acoes-eletrobras-elet3-derretem-fala-senador\/\"><img class=\"mask\" src=\"https:\/\/www.suno.com.br\/noticias\/wp-content\/themes\/suno\/resources\/images\/spotlight\/spotlight1img\/bg-mask.png\" alt=\"Image Mask\"\/><img src=\"https:\/\/files.sunoresearch.com.br\/n\/uploads\/2021\/01\/b72245b6-image-2-400x200.webp\" alt=\"A\u00e7\u00f5es da Eletrobras (ELET3) derretem ap\u00f3s fala de candidato \u00e0 presid\u00eancia do Senado\"\/><\/a><span class=\"spotlightCategory\"><a href=\"https:\/\/www.suno.com.br\/noticias\/negocios\/\">Neg\u00f3cios<\/a><\/span><\/div><div class=\"cardsPage__listCard__boxs__content\"><a href=\"https:\/\/www.suno.com.br\/noticias\/acoes-eletrobras-elet3-derretem-fala-senador\/\"><h2 class=\"content__title\">A\u00e7\u00f5es da Eletrobras (ELET3) derretem ap\u00f3s fala de candidato \u00e0 presid\u00eancia do Senado<\/h2><\/a><div class=\"newsContent__article__meta\"><div class=\"newsContent__article__meta__authorBox\"><a href=\"https:\/\/www.suno.com.br\/noticias\/author\/arthur-guimaraes\/\" class=\"authorBox__avatar noMobi\"><img src=\"https:\/\/files.sunoresearch.com.br\/n\/uploads\/2020\/02\/dfb40897-eu-150x150.webp\" alt=\"Arthur Guimar\u00e3es\"><\/a><div class=\"authorBox__name\"><span>por\n\t\t\t<a href=\"https:\/\/www.suno.com.br\/noticias\/author\/arthur-guimaraes\/\"><span itemprop=\"author\">Arthur Guimar\u00e3es<\/span><\/a><\/span><time datetime=\"2021-01-21T18:52:11-03:00\" itemprop=\"datePublished\">21\/01\/2021 18:52<\/time><\/div><\/div><\/div><\/div><\/div>","single_layout":"posts","amp_enabled":true,"_links":{"self":[{"href":"https:\/\/www.suno.com.br\/noticias\/wp-json\/wp\/v2\/posts\/115145"}],"collection":[{"href":"https:\/\/www.suno.com.br\/noticias\/wp-json\/wp\/v2\/posts"}],"about":[{"href":"https:\/\/www.suno.com.br\/noticias\/wp-json\/wp\/v2\/types\/post"}],"author":[{"embeddable":true,"href":"https:\/\/www.suno.com.br\/noticias\/wp-json\/wp\/v2\/users\/35"}],"replies":[{"embeddable":true,"href":"https:\/\/www.suno.com.br\/noticias\/wp-json\/wp\/v2\/comments?post=115145"}],"version-history":[{"count":0,"href":"https:\/\/www.suno.com.br\/noticias\/wp-json\/wp\/v2\/posts\/115145\/revisions"}],"wp:featuredmedia":[{"embeddable":true,"href":"https:\/\/www.suno.com.br\/noticias\/wp-json\/wp\/v2\/media\/115188"}],"wp:attachment":[{"href":"https:\/\/www.suno.com.br\/noticias\/wp-json\/wp\/v2\/media?parent=115145"}],"wp:term":[{"taxonomy":"category","embeddable":true,"href":"https:\/\/www.suno.com.br\/noticias\/wp-json\/wp\/v2\/categories?post=115145"},{"taxonomy":"post_tag","embeddable":true,"href":"https:\/\/www.suno.com.br\/noticias\/wp-json\/wp\/v2\/tags?post=115145"},{"taxonomy":"suno_strategy","embeddable":true,"href":"https:\/\/www.suno.com.br\/noticias\/wp-json\/wp\/v2\/suno_strategy?post=115145"}],"curies":[{"name":"wp","href":"https:\/\/api.w.org\/{rel}","templated":true}]}}