{"id":11509,"date":"2019-01-14T11:21:36","date_gmt":"2019-01-14T13:21:36","guid":{"rendered":"https:\/\/www.suno.com.br\/noticias\/?p=11509"},"modified":"2019-01-14T11:28:56","modified_gmt":"2019-01-14T13:28:56","slug":"cesare-battisti-italia","status":"publish","type":"post","link":"https:\/\/www.suno.com.br\/noticias\/cesare-battisti-italia\/","title":{"rendered":"Cesare Battisti chega \u00e0 It\u00e1lia ap\u00f3s 37 anos foragido"},"content":{"rendered":"<p>Cesare Battisti, 64 anos, desembarcou na manh\u00e3 desta segunda-feira (14) no aeroporto de Ciampino, em Roma.<\/p>\t<div class=\"wrapper-featured-image\">\n\t\t<figure class=\"spotlightImg\">\n\n\t\t\t<picture>\n\t\t\t\t<source media=\"(max-width: 768px)\" srcset=\"https:\/\/files.sunoresearch.com.br\/n\/uploads\/2019\/01\/9202b6cd-cesare-battisti-400x200.webp\">\n\t\t\t\t<img loading=\"lazy\" decoding=\"async\" class=\"newsContent__article__imgCapa lazyloadDisabled newsContent__article__imgCapa--noCaption\" src=\"https:\/\/files.sunoresearch.com.br\/n\/uploads\/2019\/01\/9202b6cd-cesare-battisti-jpg.webp\" width=\"800\" height=\"450\" alt=\"Cesare Battisti chega \u00e0 It\u00e1lia ap\u00f3s 37 anos foragido\" fetchpriority=high \/>\n\t\t\t<\/picture>\n\n\t\t\t<figcaption class=\"wp-caption-text wp-caption-text--hide\">Ap\u00f3s 37 anos, Cesare Battisti retorna \u00e0 It\u00e1lia. (divulga\u00e7\u00e3o)<\/figcaption>\n\t\t<\/figure>\n\t<\/div>\n\n\n<p><strong>Cesare Battisti<\/strong> fugiu da It\u00e1lia em 1981. Agora, retorna \u00e0 sua na\u00e7\u00e3o ap\u00f3s ser entregue \u00e0s autoridades italianas no aeroporto de Viru Viru, em Santa Cruz de La Sierra, na Bol\u00edvia, no \u00faltimo domingo (13).<\/p>\n<p>O italiano ser\u00e1 levado \u00e0 <strong>pris\u00e3o<\/strong> de Rebibbia, pres\u00eddio na periferia de Roma.<\/p>\n<p>Por ter sido preso na Bol\u00edvia, que n\u00e3o possui acordo de extradi\u00e7\u00e3o com a It\u00e1lia, Battisti cumprir\u00e1 a pena de <strong>pris\u00e3o<\/strong> perp\u00e9tua a qual foi condenado em 1991.<\/p>\n<p>Caso tivesse sido extraditado do Brasil, o italiano poderia cumprir at\u00e9 30 anos encarcerado, dependendo do acordo entre Brasil e It\u00e1lia.<\/p>\n<p><a href=\"https:\/\/www.suno.com.br\/noticias\/governo-bolsonaro-realizar-extradicao-battisti\/\">Saiba mais &#8211;\u00a0Governo Bolsonaro quer realizar a extradi\u00e7\u00e3o de Cesare Battisti\u00a0<\/a><\/p>\n<h2>Condena\u00e7\u00e3o<\/h2>\n<p>Battisti \u00e9 considerado terrorista pelas autoridades brasileiras e italianas. Na d\u00e9cada de 1970, o italiano era membro do grupo militante de extrema-esquerda <strong>Prolet\u00e1rios Armados pelo Comunismo<\/strong>, um bra\u00e7o das Brigadas Vermelhas.<\/p>\n<p>Em 1993, a Justi\u00e7a italiana condenou o militante por quatro assassinatos ocorridos entre 1977 e 1979:<\/p>\n<ul>\n<li>Antonio Santoro, um marechal da pol\u00edcia penitenci\u00e1ria, foi morto em 6 de junho de 1978.<\/li>\n<li>Pierluigi Torregiani, joalheiro, foi morto em 16 de fevereiro de 1979.<\/li>\n<li>Lino Sabbadin, a\u00e7ougueiro, foi morto tamb\u00e9m em 16 de fevereiro de 1979.<\/li>\n<li>Andrea Campagna, policial, foi morto em 19 de abril de 1979.<\/li>\n<\/ul>\n<p>Battisti nega envolvimento com os homic\u00eddios, se diz v\u00edtima de persegui\u00e7\u00e3o pol\u00edtica<\/p>\n<p>Conforme informa\u00e7\u00f5es da ag\u00eancia de not\u00edcias italiana &#8220;ANSA&#8221;, o homicida cumprir\u00e1 regime de isolamento diurno j\u00e1 a partir desta segunda-feira.<\/p>\n<p>Ficar sozinho em uma cela ser\u00e1 o primeiro regime carcer\u00e1rio imposto a <strong>Cesare Battisti<\/strong>. No entanto, ele provavelmente ser\u00e1 transferido a uma ala de seguran\u00e7a m\u00e1xima, reservada aos terroristas.<\/p>\n","protected":false},"excerpt":{"rendered":"<p>Cesare Battisti, 64 anos, desembarcou na manh\u00e3 desta segunda-feira (14) no aeroporto de Ciampino, em Roma. Ap\u00f3s 37 anos, Cesare Battisti retorna \u00e0 It\u00e1lia. (divulga\u00e7\u00e3o) Cesare Battisti fugiu da It\u00e1lia em 1981. Agora, retorna \u00e0 sua na\u00e7\u00e3o ap\u00f3s ser entregue \u00e0s autoridades italianas no aeroporto de Viru Viru, em Santa Cruz de La Sierra, na [&hellip;]<\/p>\n","protected":false},"author":12,"featured_media":11512,"comment_status":"closed","ping_status":"closed","sticky":false,"template":"","format":"standard","meta":[],"categories":[61],"tags":[882],"suno_strategy":[],"class_list":["post-11509","post","type-post","status-publish","format-standard","has-post-thumbnail","hentry","category-politica","tag-italia"],"yoast_head":"<!-- This site is optimized with the Yoast SEO plugin v24.4 - https:\/\/yoast.com\/wordpress\/plugins\/seo\/ -->\n<title>Cesare Battisti chega \u00e0 It\u00e1lia ap\u00f3s 37 anos foragido<\/title>\n<meta name=\"description\" content=\"O terrorista Cesare Battisti embarcou na It\u00e1lia na manh\u00e3 desta segunda-feira (14). Clique para saber mais.\" \/>\n<meta name=\"robots\" content=\"index, follow, max-snippet:-1, max-image-preview:large, max-video-preview:-1\" \/>\n<link rel=\"canonical\" href=\"https:\/\/www.suno.com.br\/noticias\/cesare-battisti-italia\/\" \/>\n<meta property=\"og:locale\" content=\"pt_BR\" \/>\n<meta property=\"og:type\" content=\"article\" \/>\n<meta property=\"og:title\" content=\"Cesare Battisti chega \u00e0 It\u00e1lia ap\u00f3s 37 anos foragido\" \/>\n<meta property=\"og:description\" content=\"O terrorista Cesare Battisti embarcou na It\u00e1lia na manh\u00e3 desta segunda-feira (14). Clique para saber mais.\" \/>\n<meta property=\"og:url\" content=\"https:\/\/www.suno.com.br\/noticias\/cesare-battisti-italia\/\" \/>\n<meta property=\"og:site_name\" content=\"Suno Not\u00edcias\" \/>\n<meta property=\"article:publisher\" content=\"https:\/\/facebook.com\/sunoresearch\" \/>\n<meta property=\"og:image\" content=\"https:\/\/files.sunoresearch.com.br\/n\/uploads\/2019\/01\/9202b6cd-cesare-battisti.jpg\" \/>\n\t<meta property=\"og:image:width\" content=\"431\" \/>\n\t<meta property=\"og:image:height\" content=\"599\" \/>\n\t<meta property=\"og:image:type\" content=\"image\/jpeg\" \/>\n<meta name=\"author\" content=\"Amanda Gushiken\" \/>\n<meta name=\"twitter:card\" content=\"summary_large_image\" \/>\n<meta name=\"twitter:creator\" content=\"@sunoresearch\" \/>\n<meta name=\"twitter:site\" content=\"@sunoresearch\" \/>\n<meta name=\"twitter:label1\" content=\"Escrito por\" \/>\n\t<meta name=\"twitter:data1\" content=\"Amanda Gushiken\" \/>\n\t<meta name=\"twitter:label2\" content=\"Est. tempo de leitura\" \/>\n\t<meta name=\"twitter:data2\" content=\"1 minuto\" \/>\n<script type=\"application\/ld+json\" class=\"yoast-schema-graph\">{\"@context\":\"https:\/\/schema.org\",\"@graph\":[{\"@type\":\"NewsArticle\",\"@id\":\"https:\/\/www.suno.com.br\/noticias\/cesare-battisti-italia\/#article\",\"isPartOf\":{\"@id\":\"https:\/\/www.suno.com.br\/noticias\/cesare-battisti-italia\/\"},\"author\":{\"name\":\"Amanda Gushiken\",\"@id\":\"https:\/\/www.suno.com.br\/noticias\/#\/schema\/person\/a5b06fa4e879d8e8e119c6ed3cd630d1\"},\"headline\":\"Cesare Battisti chega \u00e0 It\u00e1lia ap\u00f3s 37 anos foragido\",\"datePublished\":\"2019-01-14T13:21:36+00:00\",\"dateModified\":\"2019-01-14T13:28:56+00:00\",\"mainEntityOfPage\":{\"@id\":\"https:\/\/www.suno.com.br\/noticias\/cesare-battisti-italia\/\"},\"wordCount\":304,\"publisher\":{\"@id\":\"https:\/\/www.suno.com.br\/noticias\/#organization\"},\"image\":{\"@id\":\"https:\/\/www.suno.com.br\/noticias\/cesare-battisti-italia\/#primaryimage\"},\"thumbnailUrl\":\"https:\/\/files.sunoresearch.com.br\/n\/uploads\/2019\/01\/9202b6cd-cesare-battisti-jpg.webp\",\"keywords\":[\"It\u00e1lia\"],\"articleSection\":[\"Pol\u00edtica\"],\"inLanguage\":\"pt-BR\"},{\"@type\":\"WebPage\",\"@id\":\"https:\/\/www.suno.com.br\/noticias\/cesare-battisti-italia\/\",\"url\":\"https:\/\/www.suno.com.br\/noticias\/cesare-battisti-italia\/\",\"name\":\"Cesare Battisti chega \u00e0 It\u00e1lia ap\u00f3s 37 anos foragido\",\"isPartOf\":{\"@id\":\"https:\/\/www.suno.com.br\/noticias\/#website\"},\"primaryImageOfPage\":{\"@id\":\"https:\/\/www.suno.com.br\/noticias\/cesare-battisti-italia\/#primaryimage\"},\"image\":{\"@id\":\"https:\/\/www.suno.com.br\/noticias\/cesare-battisti-italia\/#primaryimage\"},\"thumbnailUrl\":\"https:\/\/files.sunoresearch.com.br\/n\/uploads\/2019\/01\/9202b6cd-cesare-battisti-jpg.webp\",\"datePublished\":\"2019-01-14T13:21:36+00:00\",\"dateModified\":\"2019-01-14T13:28:56+00:00\",\"description\":\"O terrorista Cesare Battisti embarcou na It\u00e1lia na manh\u00e3 desta segunda-feira (14). Clique para saber mais.\",\"breadcrumb\":{\"@id\":\"https:\/\/www.suno.com.br\/noticias\/cesare-battisti-italia\/#breadcrumb\"},\"inLanguage\":\"pt-BR\",\"potentialAction\":[{\"@type\":\"ReadAction\",\"target\":[\"https:\/\/www.suno.com.br\/noticias\/cesare-battisti-italia\/\"]}]},{\"@type\":\"ImageObject\",\"inLanguage\":\"pt-BR\",\"@id\":\"https:\/\/www.suno.com.br\/noticias\/cesare-battisti-italia\/#primaryimage\",\"url\":\"https:\/\/files.sunoresearch.com.br\/n\/uploads\/2019\/01\/9202b6cd-cesare-battisti-jpg.webp\",\"contentUrl\":\"https:\/\/files.sunoresearch.com.br\/n\/uploads\/2019\/01\/9202b6cd-cesare-battisti-jpg.webp\",\"width\":431,\"height\":599,\"caption\":\"Ap\u00f3s 37 anos, Cesare Battisti retorna \u00e0 It\u00e1lia. (divulga\u00e7\u00e3o)\"},{\"@type\":\"BreadcrumbList\",\"@id\":\"https:\/\/www.suno.com.br\/noticias\/cesare-battisti-italia\/#breadcrumb\",\"itemListElement\":[{\"@type\":\"ListItem\",\"position\":1,\"name\":\"Not\u00edcias\",\"item\":\"https:\/\/www.suno.com.br\/noticias\/\"},{\"@type\":\"ListItem\",\"position\":2,\"name\":\"Pol\u00edtica\",\"item\":\"https:\/\/www.suno.com.br\/noticias\/politica\/\"},{\"@type\":\"ListItem\",\"position\":3,\"name\":\"Cesare Battisti chega \u00e0 It\u00e1lia ap\u00f3s 37 anos foragido\"}]},{\"@type\":\"WebSite\",\"@id\":\"https:\/\/www.suno.com.br\/noticias\/#website\",\"url\":\"https:\/\/www.suno.com.br\/noticias\/\",\"name\":\"Suno Not\u00edcias\",\"description\":\"Seu portal de informa\u00e7\u00e3o sobre o mundo dos investimentos\",\"publisher\":{\"@id\":\"https:\/\/www.suno.com.br\/noticias\/#organization\"},\"potentialAction\":[{\"@type\":\"SearchAction\",\"target\":{\"@type\":\"EntryPoint\",\"urlTemplate\":\"https:\/\/www.suno.com.br\/noticias\/?s={search_term_string}\"},\"query-input\":{\"@type\":\"PropertyValueSpecification\",\"valueRequired\":true,\"valueName\":\"search_term_string\"}}],\"inLanguage\":\"pt-BR\"},{\"@type\":\"Organization\",\"@id\":\"https:\/\/www.suno.com.br\/noticias\/#organization\",\"name\":\"Suno Not\u00edcias\",\"url\":\"https:\/\/www.suno.com.br\/noticias\/\",\"logo\":{\"@type\":\"ImageObject\",\"inLanguage\":\"pt-BR\",\"@id\":\"https:\/\/www.suno.com.br\/noticias\/#\/schema\/logo\/image\/\",\"url\":\"https:\/\/files.sunoresearch.com.br\/n\/uploads\/2021\/09\/suno-logo.png\",\"contentUrl\":\"https:\/\/files.sunoresearch.com.br\/n\/uploads\/2021\/09\/suno-logo.png\",\"width\":180,\"height\":180,\"caption\":\"Suno Not\u00edcias\"},\"image\":{\"@id\":\"https:\/\/www.suno.com.br\/noticias\/#\/schema\/logo\/image\/\"},\"sameAs\":[\"https:\/\/facebook.com\/sunoresearch\",\"https:\/\/x.com\/sunoresearch\",\"https:\/\/www.instagram.com\/suno\",\"https:\/\/www.linkedin.com\/company\/suno-research\/\",\"https:\/\/www.youtube.com\/c\/sunoresearch\"]},{\"@type\":\"Person\",\"@id\":\"https:\/\/www.suno.com.br\/noticias\/#\/schema\/person\/a5b06fa4e879d8e8e119c6ed3cd630d1\",\"name\":\"Amanda Gushiken\",\"image\":{\"@type\":\"ImageObject\",\"inLanguage\":\"pt-BR\",\"@id\":\"https:\/\/www.suno.com.br\/noticias\/#\/schema\/person\/image\/\",\"url\":\"https:\/\/secure.gravatar.com\/avatar\/ecd84705e6b65e3685ae80d725501fbe?s=96&r=g\",\"contentUrl\":\"https:\/\/secure.gravatar.com\/avatar\/ecd84705e6b65e3685ae80d725501fbe?s=96&r=g\",\"caption\":\"Amanda Gushiken\"},\"description\":\"Amanda Sayuri Gushiken escreve sobre finan\u00e7as e neg\u00f3cios para o portal Suno Not\u00edcias. Antes, trabalhou selecionando not\u00edcias da imprensa para clientes do mercado financeiro. Tamb\u00e9m desenvolveu pesquisa acad\u00eamica pela Universidade Anhembi Morumbi na \u00e1rea de Teorias da Comunica\u00e7\u00e3o e \u00e9 fot\u00f3grafa nas horas vagas.\",\"url\":\"https:\/\/www.suno.com.br\/noticias\/author\/amanda\/\"}]}<\/script>\n<!-- \/ Yoast SEO plugin. -->","yoast_head_json":{"title":"Cesare Battisti chega \u00e0 It\u00e1lia ap\u00f3s 37 anos foragido","description":"O terrorista Cesare Battisti embarcou na It\u00e1lia na manh\u00e3 desta segunda-feira (14). Clique para saber mais.","robots":{"index":"index","follow":"follow","max-snippet":"max-snippet:-1","max-image-preview":"max-image-preview:large","max-video-preview":"max-video-preview:-1"},"canonical":"https:\/\/www.suno.com.br\/noticias\/cesare-battisti-italia\/","og_locale":"pt_BR","og_type":"article","og_title":"Cesare Battisti chega \u00e0 It\u00e1lia ap\u00f3s 37 anos foragido","og_description":"O terrorista Cesare Battisti embarcou na It\u00e1lia na manh\u00e3 desta segunda-feira (14). Clique para saber mais.","og_url":"https:\/\/www.suno.com.br\/noticias\/cesare-battisti-italia\/","og_site_name":"Suno Not\u00edcias","article_publisher":"https:\/\/facebook.com\/sunoresearch","og_image":[{"width":431,"height":599,"url":"https:\/\/files.sunoresearch.com.br\/n\/uploads\/2019\/01\/9202b6cd-cesare-battisti.jpg","type":"image\/jpeg"}],"author":"Amanda Gushiken","twitter_card":"summary_large_image","twitter_creator":"@sunoresearch","twitter_site":"@sunoresearch","twitter_misc":{"Escrito por":"Amanda Gushiken","Est. tempo de leitura":"1 minuto"},"schema":{"@context":"https:\/\/schema.org","@graph":[{"@type":"NewsArticle","@id":"https:\/\/www.suno.com.br\/noticias\/cesare-battisti-italia\/#article","isPartOf":{"@id":"https:\/\/www.suno.com.br\/noticias\/cesare-battisti-italia\/"},"author":{"name":"Amanda Gushiken","@id":"https:\/\/www.suno.com.br\/noticias\/#\/schema\/person\/a5b06fa4e879d8e8e119c6ed3cd630d1"},"headline":"Cesare Battisti chega \u00e0 It\u00e1lia ap\u00f3s 37 anos foragido","datePublished":"2019-01-14T13:21:36+00:00","dateModified":"2019-01-14T13:28:56+00:00","mainEntityOfPage":{"@id":"https:\/\/www.suno.com.br\/noticias\/cesare-battisti-italia\/"},"wordCount":304,"publisher":{"@id":"https:\/\/www.suno.com.br\/noticias\/#organization"},"image":{"@id":"https:\/\/www.suno.com.br\/noticias\/cesare-battisti-italia\/#primaryimage"},"thumbnailUrl":"https:\/\/files.sunoresearch.com.br\/n\/uploads\/2019\/01\/9202b6cd-cesare-battisti-jpg.webp","keywords":["It\u00e1lia"],"articleSection":["Pol\u00edtica"],"inLanguage":"pt-BR"},{"@type":"WebPage","@id":"https:\/\/www.suno.com.br\/noticias\/cesare-battisti-italia\/","url":"https:\/\/www.suno.com.br\/noticias\/cesare-battisti-italia\/","name":"Cesare Battisti chega \u00e0 It\u00e1lia ap\u00f3s 37 anos foragido","isPartOf":{"@id":"https:\/\/www.suno.com.br\/noticias\/#website"},"primaryImageOfPage":{"@id":"https:\/\/www.suno.com.br\/noticias\/cesare-battisti-italia\/#primaryimage"},"image":{"@id":"https:\/\/www.suno.com.br\/noticias\/cesare-battisti-italia\/#primaryimage"},"thumbnailUrl":"https:\/\/files.sunoresearch.com.br\/n\/uploads\/2019\/01\/9202b6cd-cesare-battisti-jpg.webp","datePublished":"2019-01-14T13:21:36+00:00","dateModified":"2019-01-14T13:28:56+00:00","description":"O terrorista Cesare Battisti embarcou na It\u00e1lia na manh\u00e3 desta segunda-feira (14). Clique para saber mais.","breadcrumb":{"@id":"https:\/\/www.suno.com.br\/noticias\/cesare-battisti-italia\/#breadcrumb"},"inLanguage":"pt-BR","potentialAction":[{"@type":"ReadAction","target":["https:\/\/www.suno.com.br\/noticias\/cesare-battisti-italia\/"]}]},{"@type":"ImageObject","inLanguage":"pt-BR","@id":"https:\/\/www.suno.com.br\/noticias\/cesare-battisti-italia\/#primaryimage","url":"https:\/\/files.sunoresearch.com.br\/n\/uploads\/2019\/01\/9202b6cd-cesare-battisti-jpg.webp","contentUrl":"https:\/\/files.sunoresearch.com.br\/n\/uploads\/2019\/01\/9202b6cd-cesare-battisti-jpg.webp","width":431,"height":599,"caption":"Ap\u00f3s 37 anos, Cesare Battisti retorna \u00e0 It\u00e1lia. (divulga\u00e7\u00e3o)"},{"@type":"BreadcrumbList","@id":"https:\/\/www.suno.com.br\/noticias\/cesare-battisti-italia\/#breadcrumb","itemListElement":[{"@type":"ListItem","position":1,"name":"Not\u00edcias","item":"https:\/\/www.suno.com.br\/noticias\/"},{"@type":"ListItem","position":2,"name":"Pol\u00edtica","item":"https:\/\/www.suno.com.br\/noticias\/politica\/"},{"@type":"ListItem","position":3,"name":"Cesare Battisti chega \u00e0 It\u00e1lia ap\u00f3s 37 anos foragido"}]},{"@type":"WebSite","@id":"https:\/\/www.suno.com.br\/noticias\/#website","url":"https:\/\/www.suno.com.br\/noticias\/","name":"Suno Not\u00edcias","description":"Seu portal de informa\u00e7\u00e3o sobre o mundo dos investimentos","publisher":{"@id":"https:\/\/www.suno.com.br\/noticias\/#organization"},"potentialAction":[{"@type":"SearchAction","target":{"@type":"EntryPoint","urlTemplate":"https:\/\/www.suno.com.br\/noticias\/?s={search_term_string}"},"query-input":{"@type":"PropertyValueSpecification","valueRequired":true,"valueName":"search_term_string"}}],"inLanguage":"pt-BR"},{"@type":"Organization","@id":"https:\/\/www.suno.com.br\/noticias\/#organization","name":"Suno Not\u00edcias","url":"https:\/\/www.suno.com.br\/noticias\/","logo":{"@type":"ImageObject","inLanguage":"pt-BR","@id":"https:\/\/www.suno.com.br\/noticias\/#\/schema\/logo\/image\/","url":"https:\/\/files.sunoresearch.com.br\/n\/uploads\/2021\/09\/suno-logo.png","contentUrl":"https:\/\/files.sunoresearch.com.br\/n\/uploads\/2021\/09\/suno-logo.png","width":180,"height":180,"caption":"Suno Not\u00edcias"},"image":{"@id":"https:\/\/www.suno.com.br\/noticias\/#\/schema\/logo\/image\/"},"sameAs":["https:\/\/facebook.com\/sunoresearch","https:\/\/x.com\/sunoresearch","https:\/\/www.instagram.com\/suno","https:\/\/www.linkedin.com\/company\/suno-research\/","https:\/\/www.youtube.com\/c\/sunoresearch"]},{"@type":"Person","@id":"https:\/\/www.suno.com.br\/noticias\/#\/schema\/person\/a5b06fa4e879d8e8e119c6ed3cd630d1","name":"Amanda Gushiken","image":{"@type":"ImageObject","inLanguage":"pt-BR","@id":"https:\/\/www.suno.com.br\/noticias\/#\/schema\/person\/image\/","url":"https:\/\/secure.gravatar.com\/avatar\/ecd84705e6b65e3685ae80d725501fbe?s=96&r=g","contentUrl":"https:\/\/secure.gravatar.com\/avatar\/ecd84705e6b65e3685ae80d725501fbe?s=96&r=g","caption":"Amanda Gushiken"},"description":"Amanda Sayuri Gushiken escreve sobre finan\u00e7as e neg\u00f3cios para o portal Suno Not\u00edcias. Antes, trabalhou selecionando not\u00edcias da imprensa para clientes do mercado financeiro. Tamb\u00e9m desenvolveu pesquisa acad\u00eamica pela Universidade Anhembi Morumbi na \u00e1rea de Teorias da Comunica\u00e7\u00e3o e \u00e9 fot\u00f3grafa nas horas vagas.","url":"https:\/\/www.suno.com.br\/noticias\/author\/amanda\/"}]}},"default_loop_html":"<div class=\"cardsPage__listCard__boxs\"><div class=\"cardsPage__listCard__boxs__img\"><a href=\"https:\/\/www.suno.com.br\/noticias\/cesare-battisti-italia\/\"><img class=\"mask\" src=\"https:\/\/www.suno.com.br\/noticias\/wp-content\/themes\/suno\/resources\/images\/spotlight\/spotlight1img\/bg-mask.png\" alt=\"Image Mask\"\/><img src=\"https:\/\/files.sunoresearch.com.br\/n\/uploads\/2019\/01\/9202b6cd-cesare-battisti-400x200.webp\" alt=\"Cesare Battisti chega \u00e0 It\u00e1lia ap\u00f3s 37 anos foragido\"\/><\/a><span class=\"spotlightCategory\"><a href=\"https:\/\/www.suno.com.br\/noticias\/politica\/\">Pol\u00edtica<\/a><\/span><\/div><div class=\"cardsPage__listCard__boxs__content\"><a href=\"https:\/\/www.suno.com.br\/noticias\/cesare-battisti-italia\/\"><h2 class=\"content__title\">Cesare Battisti chega \u00e0 It\u00e1lia ap\u00f3s 37 anos foragido<\/h2><\/a><div class=\"newsContent__article__meta\"><div class=\"newsContent__article__meta__authorBox\"><a href=\"https:\/\/www.suno.com.br\/noticias\/author\/amanda\/\" class=\"authorBox__avatar noMobi\"><img src=\"https:\/\/files.sunoresearch.com.br\/n\/uploads\/2018\/11\/c6ad30be-amanda-150x150.webp\" alt=\"Amanda Gushiken\"><\/a><div class=\"authorBox__name\"><span>por\n\t\t\t<a href=\"https:\/\/www.suno.com.br\/noticias\/author\/amanda\/\"><span itemprop=\"author\">Amanda Gushiken<\/span><\/a><\/span><time datetime=\"2019-01-14T11:21:36-02:00\" itemprop=\"datePublished\">14\/01\/2019 11:21<\/time><\/div><\/div><\/div><\/div><\/div>","single_layout":"posts","amp_enabled":true,"_links":{"self":[{"href":"https:\/\/www.suno.com.br\/noticias\/wp-json\/wp\/v2\/posts\/11509"}],"collection":[{"href":"https:\/\/www.suno.com.br\/noticias\/wp-json\/wp\/v2\/posts"}],"about":[{"href":"https:\/\/www.suno.com.br\/noticias\/wp-json\/wp\/v2\/types\/post"}],"author":[{"embeddable":true,"href":"https:\/\/www.suno.com.br\/noticias\/wp-json\/wp\/v2\/users\/12"}],"replies":[{"embeddable":true,"href":"https:\/\/www.suno.com.br\/noticias\/wp-json\/wp\/v2\/comments?post=11509"}],"version-history":[{"count":0,"href":"https:\/\/www.suno.com.br\/noticias\/wp-json\/wp\/v2\/posts\/11509\/revisions"}],"wp:featuredmedia":[{"embeddable":true,"href":"https:\/\/www.suno.com.br\/noticias\/wp-json\/wp\/v2\/media\/11512"}],"wp:attachment":[{"href":"https:\/\/www.suno.com.br\/noticias\/wp-json\/wp\/v2\/media?parent=11509"}],"wp:term":[{"taxonomy":"category","embeddable":true,"href":"https:\/\/www.suno.com.br\/noticias\/wp-json\/wp\/v2\/categories?post=11509"},{"taxonomy":"post_tag","embeddable":true,"href":"https:\/\/www.suno.com.br\/noticias\/wp-json\/wp\/v2\/tags?post=11509"},{"taxonomy":"suno_strategy","embeddable":true,"href":"https:\/\/www.suno.com.br\/noticias\/wp-json\/wp\/v2\/suno_strategy?post=11509"}],"curies":[{"name":"wp","href":"https:\/\/api.w.org\/{rel}","templated":true}]}}