{"id":115083,"date":"2021-01-21T18:43:51","date_gmt":"2021-01-21T21:43:51","guid":{"rendered":"https:\/\/www.suno.com.br\/noticias\/?p=115083"},"modified":"2021-06-13T23:27:32","modified_gmt":"2021-06-14T02:27:32","slug":"biden-politica-comercial-eua-china","status":"publish","type":"post","link":"https:\/\/www.suno.com.br\/noticias\/biden-politica-comercial-eua-china\/","title":{"rendered":"Por que Biden vai manter a pol\u00edtica comercial dos EUA contra a China"},"content":{"rendered":"<p>Pela primeira vez desde 1979 a representante de Taiwan nos EUA foi convidada em uma tomada de posse de um Presidente dos Estados Unidos. E foi na \u00faltima quarta-feira (20) durante a inaugura\u00e7\u00e3o do mandato de <strong>Joe Biden.<\/strong><\/p>\t<div class=\"wrapper-featured-image\">\n\t\t<figure class=\"spotlightImg\">\n\n\t\t\t<picture>\n\t\t\t\t<source media=\"(max-width: 768px)\" srcset=\"https:\/\/files.sunoresearch.com.br\/n\/uploads\/2021\/01\/f6d3539a-eua-800x450-1-400x200.webp\">\n\t\t\t\t<img loading=\"lazy\" decoding=\"async\" class=\"newsContent__article__imgCapa lazyloadDisabled \" src=\"https:\/\/files.sunoresearch.com.br\/n\/uploads\/2021\/01\/f6d3539a-eua-800x450-1-jpg.webp\" width=\"800\" height=\"450\" alt=\"Por que Biden vai manter a pol\u00edtica comercial dos EUA contra a China\" fetchpriority=high \/>\n\t\t\t<\/picture>\n\n\t\t\t<figcaption class=\"wp-caption-text wp-caption-text--show\">Por que Biden vai manter a pol\u00edtica comercial dos EUA contra a China<\/figcaption>\n\t\t<\/figure>\n\t<\/div>\n\n\n\t<p>\n\t\t<a href=\"https:\/\/lp.suno.com.br\/planilha-controle-gastos\/\" target=\"_blank\" data-element=\"shortcode-suno-banner\" title=\"Banner SUNO, clique e saiba mais\">\n\t\t\t<picture>\n\t\t\t\t<source media=\"(max-width: 500px)\" srcset=\"https:\/\/files.sunoresearch.com.br\/n\/uploads\/2023\/03\/400x300-Planilha-controle-de-gastos.png\">\n\t\t\t\t<img class=\"newsContent__article__imgCapa newsContent__article__imgCapa--banner\"\n\t\t\t\t\tsrc=\"https:\/\/files.sunoresearch.com.br\/n\/uploads\/2023\/03\/1420x240-Planilha-controle-de-gastos.png\"\n\t\t\t\t\tdata-promo-id=\"101751\"\t\t\t\t\t\t\t\t\t\twidth='1420' height='240'\t\t\t\t\talt=\"https:\/\/files.sunoresearch.com.br\/n\/uploads\/2023\/03\/1420x240-Planilha-controle-de-gastos.png\"\n\t\t\t\t>\n\t\t\t<\/picture>\n\t\t<\/a>\n\t<\/p>\n\n\n<p>A enviada de <strong>Taiwan,<\/strong> Hsiao Bi-khim, partilhou uma fotografia sua na cerim\u00f3nia de quarta-feira, dizendo que tinha &#8220;a honra de representar o povo e o Governo de Taiwan na tomada de posse do Presidente, Biden, e da vice-Presidente, Harris&#8221;.<\/p>\n<p>Obviamente a <strong>China,<\/strong> que considera Taiwan uma &#8220;prov\u00edncia rebelde&#8221;, e que nunca desistiu de reanexar a ilha, n\u00e3o gostou dessa hist\u00f3ria.<\/p>\n<p><a href=\"https:\/\/lp.suno.com.br\/suno-one\/\">Suno One: acesse gratuitamente eBooks, Minicursos, Artigos e Video Aulas sobre investimentos com um \u00fanico cadastro. Clique para saber mais!<\/a><\/p>\n<p>E todo o mundo que torceu para Biden acabar com a <a href=\"https:\/\/www.suno.com.br\/artigos\/a-guerra-comercial\/#:~:text=Foi%20iniciada%20a%20Guerra%20Comercial,avaliados%20em%20US%2434%20bilh%C3%B5es.&amp;text=Em%20resposta%2C%20o%20governo%20chin%C3%AAs%20imp%C3%B5e%20novas%20tarifas%20sobre%20os,planejadas%20com%20o%20governo%20americano.\"><strong>guerra comercial<\/strong><\/a> de <a href=\"https:\/\/www.suno.com.br\/tudo-sobre\/donald-trump\/\"><strong>Donald Trump<\/strong><\/a> tamb\u00e9m ficou um pouco preocupado.<\/p>\n<h2>Vit\u00f3ria de Biden n\u00e3o muda rumo da pol\u00edtica dos EUA<\/h2>\n<p>A vit\u00f3ria do candidato democrata na elei\u00e7\u00e3o de novembro passado n\u00e3o vai marcar uma mudan\u00e7a radical da pol\u00edtica comercial dos EUA.<\/p>\n<p>Biden n\u00e3o vai ter a abordagem antag\u00f4nica e muscular de <strong>Trump<\/strong> em rela\u00e7\u00e3o a <strong>China.<\/strong> Al\u00e9m disso, falc\u00f5es como <strong>Robert Lighthizer,<\/strong> que levou \u00e0 paralisia da <a href=\"https:\/\/www.suno.com.br\/artigos\/omc-organizacao-mundial-do-comercio\/\">Organiza\u00e7\u00e3o Mundial do Com\u00e9rcio<strong> (OMC)<\/strong><\/a>, n\u00e3o vai mais cuidar da pol\u00edtica comercial dos EUA.<\/p>\n<div class=\"hubspot-form-wrapper\">\n\t<div id=\"single-form-target\"><\/div>\n<\/div>\n\n<p>No entanto, existem muitas inc\u00f3gnitas. Para come\u00e7ar, o governo Biden poder\u00e1 n\u00e3o ter o com\u00e9rcio internacional no topo de sua agenda.<\/p>\n<p>Os Estados Unidos, como o resto do mundo, est\u00e3o no meio de uma <a href=\"https:\/\/www.suno.com.br\/artigos\/recessao-economica\/\">recess\u00e3o<\/a> hist\u00f3rica. Isso vai obrigar o governo a curar as feridas deixadas pela pandemia em primeiro lugar, e somente em seguida se dedicar ao com\u00e9rcio mundial.<\/p>\n<p>Acima de tudo, Washington n\u00e3o deixar\u00e1 de defender os seus interesses com determina\u00e7\u00e3o em um momento em que a economia tem que retomar o quanto mais r\u00e1pido poss\u00edvel ap\u00f3s a cat\u00e1strofe do novo coronav\u00edrus (covid-19).<\/p>\n<p>Dessa forma, Biden promete que \u201co objetivo de qualquer decis\u00e3o comercial deve ser fortalecer a classe m\u00e9dia americana, criar empregos, aumentar sal\u00e1rios e fortalecer comunidades\u201d.<\/p>\n<p>As propostas econ\u00f4micas de Biden incluem <strong>tratamento preferencial<\/strong> para produtos fabricados nos Estados Unidos, uma longa lista de subs\u00eddios \u00e0s ind\u00fastrias nacionais e a exclus\u00e3o de empresas estrangeiras das compras p\u00fablicas.<\/p>\n<p><a href=\"https:\/\/www.suno.com.br\/artigos\/protecionismo\/#:~:text=O%20protecionismo%20%C3%A9%20uma%20pol%C3%ADtica,os%20produtos%20estrangeiros%20mais%20caros.\">Pr\u00e1ticas protecionistas<\/a>, que geralmente levam a conflitos e retalia\u00e7\u00f5es internacionais.<\/p>\n<h2>&#8220;Compre Americano&#8221;<\/h2>\n<p>Assim como <strong>Trump,<\/strong> Biden tamb\u00e9m quer um programa para <strong>&#8220;Comprar Americano&#8221;.<\/strong><\/p>\n<p>Durante a campanha eleitoral, o ent\u00e3o candidato democrata declarou que seu governo &#8220;n\u00e3o vai comprar nada que n\u00e3o seja produzido na Am\u00e9rica&#8221;.<\/p>\n<p>Cerca de US$ 400 bilh\u00f5es (cerca de R$ 2,2 trilh\u00f5es) ser\u00e3o investidos em infraestrutura constru\u00edda nos <strong>Estados Unidos<\/strong> e tecnologias de energia limpa.<\/p>\n<p>E outros US$ 300 bilh\u00f5es ser\u00e3o gastos para a cria\u00e7\u00e3o de empregos altamente qualificados. Algo que\u00a0colocaria empresas estrangeiras fora do mercado.<\/p>\n<p>Mesmo assim, \u00e9 algo muito popular. Segundo as pesquisas de opini\u00e3o, 75% dos americanos gostam das pol\u00edticas &#8220;Compre Americano&#8221;.<\/p>\n\t<div data-element=\"shortcode-read-more\" class=\"knowMore\">\n\t\t\t\t<span class=\"knowMore__title\">Veja tamb\u00e9m<\/span>\n\t\t\t\t<a class=\"knowMore__link\" href=\"https:\/\/www.suno.com.br\/noticias\/democratas-aprovar-pacote-pelosi\/\">\n\t\t\tDemocratas estar\u00e3o prontos para aprovar pacote fiscal em fevereiro, diz Pelosi\t\t<\/a>\n\t<\/div>\n\n\n<p>Al\u00e9m disso, o programa do <strong>Partido Democrata<\/strong> indica claramente a necessidade de oferecer incentivos p\u00fablicos para que as empresas tragam <a href=\"https:\/\/www.suno.com.br\/artigos\/supply-chain\/\">cadeias de suprimentos<\/a> de volta aos EUA &#8211; o chamado <strong>&#8220;reshoring&#8221;<\/strong> &#8211; em setores como equipamentos m\u00e9dicos, semicondutores e telecomunica\u00e7\u00f5es.<\/p>\n<p>E existe tamb\u00e9m um projeto de lei suprapartid\u00e1rio, apoiado seja pelos republicanos que pelos democratas, que prev\u00ea US$ 25 bilh\u00f5es para trazer a produ\u00e7\u00e3o de semicondutores de volta aos Estados Unidos.<\/p>\n<p>Uma s\u00e9rie de medidas que n\u00e3o s\u00e3o exatamente um hino ao <strong><a href=\"https:\/\/www.suno.com.br\/artigos\/livre-mercado\/\">livre mercado<\/a>.<\/strong><\/p>\n<h2>Tens\u00f5es com a China continuar\u00e3o<\/h2>\n<p>O <strong>reshoring<\/strong> e o programa &#8220;Compre americano&#8221; v\u00e3o continuar mantendo tensas as rela\u00e7\u00f5es com a China.<\/p>\n<p>Durante a campanha eleitoral Biden acusou Pequim de &#8220;atacar a criatividade americana&#8221;, roubando <strong><a href=\"https:\/\/www.suno.com.br\/artigos\/propriedade-intelectual\/#:~:text=A%20propriedade%20intelectual%20%C3%A9%20o,pertencem%20exclusivamente%20ao%20seus%20criadores.&amp;text=J%C3%A1%20o%20pl%C3%A1gio%20de%20uma,aos%20direitos%20do%20seu%20autor.\">propriedade intelectual<\/a>,<\/strong> realizando ataques cibern\u00e9ticos e <strong>concedendo <a href=\"https:\/\/www.suno.com.br\/artigos\/subsidios\/\">subs\u00eddios<\/a><\/strong> injustos para suas empresas.<\/p>\n<p>E dentro do pr\u00f3prio Partido Democrata h\u00e1 deputados e senadores ainda mais duros do que o governo Trump contra <strong>Pequim.<\/strong><\/p>\n<p>Houve casos em que a Casa Branca foi acusada de ser muito &#8220;complacente&#8221; com a China, por ocasi\u00e3o da tr\u00e9gua comercial assinada no in\u00edcio do ano passado.<\/p>\n<p>\u00c9 com essa frente interna democrata que Biden vai ter de lidar, mesmo que quisesse suspender algumas das tarifas alfandeg\u00e1rias aprovadas por Trump, que hoje pesam sobre tr\u00eas quartos das importa\u00e7\u00f5es provenientes da China.<\/p>\n<p>Al\u00e9m disso, no programa eleitoral de Biden h\u00e1 um plano de US$ 350 bilh\u00f5es &#8220;para enfrentar a amea\u00e7a clara e atual que a <strong>China<\/strong> representa para nossa prosperidade econ\u00f4mica e seguran\u00e7a nacional&#8221;.<\/p>\n<p>Esses recursos v\u00e3o ser utilizados para responder ao desafio lan\u00e7ado por Pequim com o plano &#8220;Made in China 2025&#8221;.<\/p>\n<p>O or\u00e7amento vai permitir criar empregos qualificados em setores como<\/p>\n<ul>\n<li>ve\u00edculos el\u00e9tricos<\/li>\n<li>5G<\/li>\n<li>redes m\u00f3veis<\/li>\n<li>intelig\u00eancia artificial<\/li>\n<li>energia renov\u00e1vel<\/li>\n<\/ul>\n<p>Em suma, mesmo com a vit\u00f3ria de <strong>Biden<\/strong>, as rela\u00e7\u00f5es entre Estados Unidos e <strong>China<\/strong> n\u00e3o mudar\u00e3o de rumo. Muito pelo contr\u00e1rio, nos aguardam outros quatro anos de contrastes fortes entre as duas principais economias do mundo.<\/p>\n\t<p>\n\t\t<a href=\"https:\/\/lp.suno.com.br\/planilha-de-controle-de-investimentos\/\" target=\"_blank\" data-element=\"shortcode-suno-banner\" title=\"Banner SUNO, clique e saiba mais\">\n\t\t\t<picture>\n\t\t\t\t<source media=\"(max-width: 500px)\" srcset=\"https:\/\/files.sunoresearch.com.br\/n\/uploads\/2023\/03\/400x300-Controle-de-Investimentos.png\">\n\t\t\t\t<img class=\"newsContent__article__imgCapa newsContent__article__imgCapa--banner\"\n\t\t\t\t\tsrc=\"https:\/\/files.sunoresearch.com.br\/n\/uploads\/2023\/03\/1420x240-Controle-de-Investimentos.png\"\n\t\t\t\t\tdata-promo-id=\"75934\"\t\t\t\t\t\t\t\t\t\twidth='1420' height='240'\t\t\t\t\talt=\"https:\/\/files.sunoresearch.com.br\/n\/uploads\/2023\/03\/1420x240-Controle-de-Investimentos.png\"\n\t\t\t\t>\n\t\t\t<\/picture>\n\t\t<\/a>\n\t<\/p>\n\n\n","protected":false},"excerpt":{"rendered":"<p>Pela primeira vez desde 1979 a representante de Taiwan nos EUA foi convidada em uma tomada de posse de um Presidente dos Estados Unidos. E foi na \u00faltima quarta-feira (20) durante a inaugura\u00e7\u00e3o do mandato de Joe Biden. Por que Biden vai manter a pol\u00edtica comercial dos EUA contra a China A enviada de Taiwan, [&hellip;]<\/p>\n","protected":false},"author":9,"featured_media":115195,"comment_status":"closed","ping_status":"closed","sticky":false,"template":"","format":"standard","meta":[],"categories":[63],"tags":[711,793,980,73481],"suno_strategy":[],"class_list":["post-115083","post","type-post","status-publish","format-standard","has-post-thumbnail","hentry","category-internacional","tag-china","tag-estados-unidos-eua","tag-guerra-comercial","tag-joe-biden"],"yoast_head":"<!-- This site is optimized with the Yoast SEO plugin v24.4 - https:\/\/yoast.com\/wordpress\/plugins\/seo\/ -->\n<title>Por que Biden vai manter a pol\u00edtica comercial dos EUA contra a China<\/title>\n<meta name=\"description\" content=\"Mesmo com o novo governo de Joe Biden a pol\u00edtica comercial dos Estados Unidos contra a China n\u00e3o deve mudar. Clique aqui para saber mais.\" \/>\n<meta name=\"robots\" content=\"index, follow, max-snippet:-1, max-image-preview:large, max-video-preview:-1\" \/>\n<link rel=\"canonical\" href=\"https:\/\/www.suno.com.br\/noticias\/biden-politica-comercial-eua-china\/\" \/>\n<meta property=\"og:locale\" content=\"pt_BR\" \/>\n<meta property=\"og:type\" content=\"article\" \/>\n<meta property=\"og:title\" content=\"Por que Biden vai manter a pol\u00edtica comercial dos EUA contra a China\" \/>\n<meta property=\"og:description\" content=\"Mesmo com o novo governo de Joe Biden a pol\u00edtica comercial dos Estados Unidos contra a China n\u00e3o deve mudar. Clique aqui para saber mais.\" \/>\n<meta property=\"og:url\" content=\"https:\/\/www.suno.com.br\/noticias\/biden-politica-comercial-eua-china\/\" \/>\n<meta property=\"og:site_name\" content=\"Suno Not\u00edcias\" \/>\n<meta property=\"article:publisher\" content=\"https:\/\/facebook.com\/sunoresearch\" \/>\n<meta property=\"og:image\" content=\"https:\/\/files.sunoresearch.com.br\/n\/uploads\/2021\/01\/f6d3539a-eua-800x450-1.jpg\" \/>\n\t<meta property=\"og:image:width\" content=\"800\" \/>\n\t<meta property=\"og:image:height\" content=\"450\" \/>\n\t<meta property=\"og:image:type\" content=\"image\/jpeg\" \/>\n<meta name=\"author\" content=\"Carlo Cauti\" \/>\n<meta name=\"twitter:card\" content=\"summary_large_image\" \/>\n<meta name=\"twitter:creator\" content=\"@sunoresearch\" \/>\n<meta name=\"twitter:site\" content=\"@sunoresearch\" \/>\n<meta name=\"twitter:label1\" content=\"Escrito por\" \/>\n\t<meta name=\"twitter:data1\" content=\"Carlo Cauti\" \/>\n\t<meta name=\"twitter:label2\" content=\"Est. tempo de leitura\" \/>\n\t<meta name=\"twitter:data2\" content=\"5 minutos\" \/>\n<script type=\"application\/ld+json\" class=\"yoast-schema-graph\">{\"@context\":\"https:\/\/schema.org\",\"@graph\":[{\"@type\":\"NewsArticle\",\"@id\":\"https:\/\/www.suno.com.br\/noticias\/biden-politica-comercial-eua-china\/#article\",\"isPartOf\":{\"@id\":\"https:\/\/www.suno.com.br\/noticias\/biden-politica-comercial-eua-china\/\"},\"author\":{\"name\":\"Carlo Cauti\",\"@id\":\"https:\/\/www.suno.com.br\/noticias\/#\/schema\/person\/e6e0f723cc177805027f4566c1d5e0c8\"},\"headline\":\"Por que Biden vai manter a pol\u00edtica comercial dos EUA contra a China\",\"datePublished\":\"2021-01-21T21:43:51+00:00\",\"dateModified\":\"2021-06-14T02:27:32+00:00\",\"mainEntityOfPage\":{\"@id\":\"https:\/\/www.suno.com.br\/noticias\/biden-politica-comercial-eua-china\/\"},\"wordCount\":921,\"publisher\":{\"@id\":\"https:\/\/www.suno.com.br\/noticias\/#organization\"},\"image\":{\"@id\":\"https:\/\/www.suno.com.br\/noticias\/biden-politica-comercial-eua-china\/#primaryimage\"},\"thumbnailUrl\":\"https:\/\/files.sunoresearch.com.br\/n\/uploads\/2021\/01\/f6d3539a-eua-800x450-1-jpg.webp\",\"keywords\":[\"China\",\"Estados Unidos (EUA)\",\"guerra comercial\",\"Joe Biden\"],\"articleSection\":[\"Internacional\"],\"inLanguage\":\"pt-BR\"},{\"@type\":\"WebPage\",\"@id\":\"https:\/\/www.suno.com.br\/noticias\/biden-politica-comercial-eua-china\/\",\"url\":\"https:\/\/www.suno.com.br\/noticias\/biden-politica-comercial-eua-china\/\",\"name\":\"Por que Biden vai manter a pol\u00edtica comercial dos EUA contra a China\",\"isPartOf\":{\"@id\":\"https:\/\/www.suno.com.br\/noticias\/#website\"},\"primaryImageOfPage\":{\"@id\":\"https:\/\/www.suno.com.br\/noticias\/biden-politica-comercial-eua-china\/#primaryimage\"},\"image\":{\"@id\":\"https:\/\/www.suno.com.br\/noticias\/biden-politica-comercial-eua-china\/#primaryimage\"},\"thumbnailUrl\":\"https:\/\/files.sunoresearch.com.br\/n\/uploads\/2021\/01\/f6d3539a-eua-800x450-1-jpg.webp\",\"datePublished\":\"2021-01-21T21:43:51+00:00\",\"dateModified\":\"2021-06-14T02:27:32+00:00\",\"description\":\"Mesmo com o novo governo de Joe Biden a pol\u00edtica comercial dos Estados Unidos contra a China n\u00e3o deve mudar. Clique aqui para saber mais.\",\"breadcrumb\":{\"@id\":\"https:\/\/www.suno.com.br\/noticias\/biden-politica-comercial-eua-china\/#breadcrumb\"},\"inLanguage\":\"pt-BR\",\"potentialAction\":[{\"@type\":\"ReadAction\",\"target\":[\"https:\/\/www.suno.com.br\/noticias\/biden-politica-comercial-eua-china\/\"]}]},{\"@type\":\"ImageObject\",\"inLanguage\":\"pt-BR\",\"@id\":\"https:\/\/www.suno.com.br\/noticias\/biden-politica-comercial-eua-china\/#primaryimage\",\"url\":\"https:\/\/files.sunoresearch.com.br\/n\/uploads\/2021\/01\/f6d3539a-eua-800x450-1-jpg.webp\",\"contentUrl\":\"https:\/\/files.sunoresearch.com.br\/n\/uploads\/2021\/01\/f6d3539a-eua-800x450-1-jpg.webp\",\"width\":800,\"height\":450,\"caption\":\"Por que Biden vai manter a pol\u00edtica comercial dos EUA contra a China\"},{\"@type\":\"BreadcrumbList\",\"@id\":\"https:\/\/www.suno.com.br\/noticias\/biden-politica-comercial-eua-china\/#breadcrumb\",\"itemListElement\":[{\"@type\":\"ListItem\",\"position\":1,\"name\":\"Not\u00edcias\",\"item\":\"https:\/\/www.suno.com.br\/noticias\/\"},{\"@type\":\"ListItem\",\"position\":2,\"name\":\"Internacional\",\"item\":\"https:\/\/www.suno.com.br\/noticias\/internacional\/\"},{\"@type\":\"ListItem\",\"position\":3,\"name\":\"Por que Biden vai manter a pol\u00edtica comercial dos EUA contra a China\"}]},{\"@type\":\"WebSite\",\"@id\":\"https:\/\/www.suno.com.br\/noticias\/#website\",\"url\":\"https:\/\/www.suno.com.br\/noticias\/\",\"name\":\"Suno Not\u00edcias\",\"description\":\"Seu portal de informa\u00e7\u00e3o sobre o mundo dos investimentos\",\"publisher\":{\"@id\":\"https:\/\/www.suno.com.br\/noticias\/#organization\"},\"potentialAction\":[{\"@type\":\"SearchAction\",\"target\":{\"@type\":\"EntryPoint\",\"urlTemplate\":\"https:\/\/www.suno.com.br\/noticias\/?s={search_term_string}\"},\"query-input\":{\"@type\":\"PropertyValueSpecification\",\"valueRequired\":true,\"valueName\":\"search_term_string\"}}],\"inLanguage\":\"pt-BR\"},{\"@type\":\"Organization\",\"@id\":\"https:\/\/www.suno.com.br\/noticias\/#organization\",\"name\":\"Suno Not\u00edcias\",\"url\":\"https:\/\/www.suno.com.br\/noticias\/\",\"logo\":{\"@type\":\"ImageObject\",\"inLanguage\":\"pt-BR\",\"@id\":\"https:\/\/www.suno.com.br\/noticias\/#\/schema\/logo\/image\/\",\"url\":\"https:\/\/files.sunoresearch.com.br\/n\/uploads\/2021\/09\/suno-logo.png\",\"contentUrl\":\"https:\/\/files.sunoresearch.com.br\/n\/uploads\/2021\/09\/suno-logo.png\",\"width\":180,\"height\":180,\"caption\":\"Suno Not\u00edcias\"},\"image\":{\"@id\":\"https:\/\/www.suno.com.br\/noticias\/#\/schema\/logo\/image\/\"},\"sameAs\":[\"https:\/\/facebook.com\/sunoresearch\",\"https:\/\/x.com\/sunoresearch\",\"https:\/\/www.instagram.com\/suno\",\"https:\/\/www.linkedin.com\/company\/suno-research\/\",\"https:\/\/www.youtube.com\/c\/sunoresearch\"]},{\"@type\":\"Person\",\"@id\":\"https:\/\/www.suno.com.br\/noticias\/#\/schema\/person\/e6e0f723cc177805027f4566c1d5e0c8\",\"name\":\"Carlo Cauti\",\"image\":{\"@type\":\"ImageObject\",\"inLanguage\":\"pt-BR\",\"@id\":\"https:\/\/www.suno.com.br\/noticias\/#\/schema\/person\/image\/\",\"url\":\"https:\/\/secure.gravatar.com\/avatar\/3ada9e0bd164c23abd4792a9606d583c?s=96&r=g\",\"contentUrl\":\"https:\/\/secure.gravatar.com\/avatar\/3ada9e0bd164c23abd4792a9606d583c?s=96&r=g\",\"caption\":\"Carlo Cauti\"},\"description\":\"Editor multim\u00eddia do SUNO Not\u00edcias. Italiano, formado em Ci\u00eancias Pol\u00edticas pela universidade LUISS G. Carli de Roma e mestre cum laude em Rela\u00e7\u00f5es Internacionais, Jornalismo Internacional e de Guerra e em Economia Internacional. Concluiu tamb\u00e9m um MBA em Finan\u00e7as na B3. No Brasil, teve passagem por ve\u00edculos como Estad\u00e3o, Globo, Veja e EXAME. e nas ag\u00eancias de not\u00edcias italianas ANSA e NOVA.\",\"url\":\"https:\/\/www.suno.com.br\/noticias\/author\/carlo-cauti\/\"}]}<\/script>\n<!-- \/ Yoast SEO plugin. -->","yoast_head_json":{"title":"Por que Biden vai manter a pol\u00edtica comercial dos EUA contra a China","description":"Mesmo com o novo governo de Joe Biden a pol\u00edtica comercial dos Estados Unidos contra a China n\u00e3o deve mudar. Clique aqui para saber mais.","robots":{"index":"index","follow":"follow","max-snippet":"max-snippet:-1","max-image-preview":"max-image-preview:large","max-video-preview":"max-video-preview:-1"},"canonical":"https:\/\/www.suno.com.br\/noticias\/biden-politica-comercial-eua-china\/","og_locale":"pt_BR","og_type":"article","og_title":"Por que Biden vai manter a pol\u00edtica comercial dos EUA contra a China","og_description":"Mesmo com o novo governo de Joe Biden a pol\u00edtica comercial dos Estados Unidos contra a China n\u00e3o deve mudar. Clique aqui para saber mais.","og_url":"https:\/\/www.suno.com.br\/noticias\/biden-politica-comercial-eua-china\/","og_site_name":"Suno Not\u00edcias","article_publisher":"https:\/\/facebook.com\/sunoresearch","og_image":[{"width":800,"height":450,"url":"https:\/\/files.sunoresearch.com.br\/n\/uploads\/2021\/01\/f6d3539a-eua-800x450-1.jpg","type":"image\/jpeg"}],"author":"Carlo Cauti","twitter_card":"summary_large_image","twitter_creator":"@sunoresearch","twitter_site":"@sunoresearch","twitter_misc":{"Escrito por":"Carlo Cauti","Est. tempo de leitura":"5 minutos"},"schema":{"@context":"https:\/\/schema.org","@graph":[{"@type":"NewsArticle","@id":"https:\/\/www.suno.com.br\/noticias\/biden-politica-comercial-eua-china\/#article","isPartOf":{"@id":"https:\/\/www.suno.com.br\/noticias\/biden-politica-comercial-eua-china\/"},"author":{"name":"Carlo Cauti","@id":"https:\/\/www.suno.com.br\/noticias\/#\/schema\/person\/e6e0f723cc177805027f4566c1d5e0c8"},"headline":"Por que Biden vai manter a pol\u00edtica comercial dos EUA contra a China","datePublished":"2021-01-21T21:43:51+00:00","dateModified":"2021-06-14T02:27:32+00:00","mainEntityOfPage":{"@id":"https:\/\/www.suno.com.br\/noticias\/biden-politica-comercial-eua-china\/"},"wordCount":921,"publisher":{"@id":"https:\/\/www.suno.com.br\/noticias\/#organization"},"image":{"@id":"https:\/\/www.suno.com.br\/noticias\/biden-politica-comercial-eua-china\/#primaryimage"},"thumbnailUrl":"https:\/\/files.sunoresearch.com.br\/n\/uploads\/2021\/01\/f6d3539a-eua-800x450-1-jpg.webp","keywords":["China","Estados Unidos (EUA)","guerra comercial","Joe Biden"],"articleSection":["Internacional"],"inLanguage":"pt-BR"},{"@type":"WebPage","@id":"https:\/\/www.suno.com.br\/noticias\/biden-politica-comercial-eua-china\/","url":"https:\/\/www.suno.com.br\/noticias\/biden-politica-comercial-eua-china\/","name":"Por que Biden vai manter a pol\u00edtica comercial dos EUA contra a China","isPartOf":{"@id":"https:\/\/www.suno.com.br\/noticias\/#website"},"primaryImageOfPage":{"@id":"https:\/\/www.suno.com.br\/noticias\/biden-politica-comercial-eua-china\/#primaryimage"},"image":{"@id":"https:\/\/www.suno.com.br\/noticias\/biden-politica-comercial-eua-china\/#primaryimage"},"thumbnailUrl":"https:\/\/files.sunoresearch.com.br\/n\/uploads\/2021\/01\/f6d3539a-eua-800x450-1-jpg.webp","datePublished":"2021-01-21T21:43:51+00:00","dateModified":"2021-06-14T02:27:32+00:00","description":"Mesmo com o novo governo de Joe Biden a pol\u00edtica comercial dos Estados Unidos contra a China n\u00e3o deve mudar. Clique aqui para saber mais.","breadcrumb":{"@id":"https:\/\/www.suno.com.br\/noticias\/biden-politica-comercial-eua-china\/#breadcrumb"},"inLanguage":"pt-BR","potentialAction":[{"@type":"ReadAction","target":["https:\/\/www.suno.com.br\/noticias\/biden-politica-comercial-eua-china\/"]}]},{"@type":"ImageObject","inLanguage":"pt-BR","@id":"https:\/\/www.suno.com.br\/noticias\/biden-politica-comercial-eua-china\/#primaryimage","url":"https:\/\/files.sunoresearch.com.br\/n\/uploads\/2021\/01\/f6d3539a-eua-800x450-1-jpg.webp","contentUrl":"https:\/\/files.sunoresearch.com.br\/n\/uploads\/2021\/01\/f6d3539a-eua-800x450-1-jpg.webp","width":800,"height":450,"caption":"Por que Biden vai manter a pol\u00edtica comercial dos EUA contra a China"},{"@type":"BreadcrumbList","@id":"https:\/\/www.suno.com.br\/noticias\/biden-politica-comercial-eua-china\/#breadcrumb","itemListElement":[{"@type":"ListItem","position":1,"name":"Not\u00edcias","item":"https:\/\/www.suno.com.br\/noticias\/"},{"@type":"ListItem","position":2,"name":"Internacional","item":"https:\/\/www.suno.com.br\/noticias\/internacional\/"},{"@type":"ListItem","position":3,"name":"Por que Biden vai manter a pol\u00edtica comercial dos EUA contra a China"}]},{"@type":"WebSite","@id":"https:\/\/www.suno.com.br\/noticias\/#website","url":"https:\/\/www.suno.com.br\/noticias\/","name":"Suno Not\u00edcias","description":"Seu portal de informa\u00e7\u00e3o sobre o mundo dos investimentos","publisher":{"@id":"https:\/\/www.suno.com.br\/noticias\/#organization"},"potentialAction":[{"@type":"SearchAction","target":{"@type":"EntryPoint","urlTemplate":"https:\/\/www.suno.com.br\/noticias\/?s={search_term_string}"},"query-input":{"@type":"PropertyValueSpecification","valueRequired":true,"valueName":"search_term_string"}}],"inLanguage":"pt-BR"},{"@type":"Organization","@id":"https:\/\/www.suno.com.br\/noticias\/#organization","name":"Suno Not\u00edcias","url":"https:\/\/www.suno.com.br\/noticias\/","logo":{"@type":"ImageObject","inLanguage":"pt-BR","@id":"https:\/\/www.suno.com.br\/noticias\/#\/schema\/logo\/image\/","url":"https:\/\/files.sunoresearch.com.br\/n\/uploads\/2021\/09\/suno-logo.png","contentUrl":"https:\/\/files.sunoresearch.com.br\/n\/uploads\/2021\/09\/suno-logo.png","width":180,"height":180,"caption":"Suno Not\u00edcias"},"image":{"@id":"https:\/\/www.suno.com.br\/noticias\/#\/schema\/logo\/image\/"},"sameAs":["https:\/\/facebook.com\/sunoresearch","https:\/\/x.com\/sunoresearch","https:\/\/www.instagram.com\/suno","https:\/\/www.linkedin.com\/company\/suno-research\/","https:\/\/www.youtube.com\/c\/sunoresearch"]},{"@type":"Person","@id":"https:\/\/www.suno.com.br\/noticias\/#\/schema\/person\/e6e0f723cc177805027f4566c1d5e0c8","name":"Carlo Cauti","image":{"@type":"ImageObject","inLanguage":"pt-BR","@id":"https:\/\/www.suno.com.br\/noticias\/#\/schema\/person\/image\/","url":"https:\/\/secure.gravatar.com\/avatar\/3ada9e0bd164c23abd4792a9606d583c?s=96&r=g","contentUrl":"https:\/\/secure.gravatar.com\/avatar\/3ada9e0bd164c23abd4792a9606d583c?s=96&r=g","caption":"Carlo Cauti"},"description":"Editor multim\u00eddia do SUNO Not\u00edcias. Italiano, formado em Ci\u00eancias Pol\u00edticas pela universidade LUISS G. Carli de Roma e mestre cum laude em Rela\u00e7\u00f5es Internacionais, Jornalismo Internacional e de Guerra e em Economia Internacional. Concluiu tamb\u00e9m um MBA em Finan\u00e7as na B3. No Brasil, teve passagem por ve\u00edculos como Estad\u00e3o, Globo, Veja e EXAME. e nas ag\u00eancias de not\u00edcias italianas ANSA e NOVA.","url":"https:\/\/www.suno.com.br\/noticias\/author\/carlo-cauti\/"}]}},"default_loop_html":"<div class=\"cardsPage__listCard__boxs\"><div class=\"cardsPage__listCard__boxs__img\"><a href=\"https:\/\/www.suno.com.br\/noticias\/biden-politica-comercial-eua-china\/\"><img class=\"mask\" src=\"https:\/\/www.suno.com.br\/noticias\/wp-content\/themes\/suno\/resources\/images\/spotlight\/spotlight1img\/bg-mask.png\" alt=\"Image Mask\"\/><img src=\"https:\/\/files.sunoresearch.com.br\/n\/uploads\/2021\/01\/f6d3539a-eua-800x450-1-400x200.webp\" alt=\"Por que Biden vai manter a pol\u00edtica comercial dos EUA contra a China\"\/><\/a><span class=\"spotlightCategory\"><a href=\"https:\/\/www.suno.com.br\/noticias\/internacional\/\">Internacional<\/a><\/span><\/div><div class=\"cardsPage__listCard__boxs__content\"><a href=\"https:\/\/www.suno.com.br\/noticias\/biden-politica-comercial-eua-china\/\"><h2 class=\"content__title\">Por que Biden vai manter a pol\u00edtica comercial dos EUA contra a China<\/h2><\/a><div class=\"newsContent__article__meta\"><div class=\"newsContent__article__meta__authorBox\"><a href=\"https:\/\/www.suno.com.br\/noticias\/author\/carlo-cauti\/\" class=\"authorBox__avatar noMobi\"><img src=\"https:\/\/files.sunoresearch.com.br\/n\/uploads\/2020\/08\/e3745f9a-perfil-carlo-cauti-150x150.webp\" alt=\"Carlo Cauti\"><\/a><div class=\"authorBox__name\"><span>por\n\t\t\t<a href=\"https:\/\/www.suno.com.br\/noticias\/author\/carlo-cauti\/\"><span itemprop=\"author\">Carlo Cauti<\/span><\/a><\/span><time datetime=\"2021-01-21T18:43:51-03:00\" itemprop=\"datePublished\">21\/01\/2021 18:43<\/time><\/div><\/div><\/div><\/div><\/div>","single_layout":"posts","amp_enabled":true,"_links":{"self":[{"href":"https:\/\/www.suno.com.br\/noticias\/wp-json\/wp\/v2\/posts\/115083"}],"collection":[{"href":"https:\/\/www.suno.com.br\/noticias\/wp-json\/wp\/v2\/posts"}],"about":[{"href":"https:\/\/www.suno.com.br\/noticias\/wp-json\/wp\/v2\/types\/post"}],"author":[{"embeddable":true,"href":"https:\/\/www.suno.com.br\/noticias\/wp-json\/wp\/v2\/users\/9"}],"replies":[{"embeddable":true,"href":"https:\/\/www.suno.com.br\/noticias\/wp-json\/wp\/v2\/comments?post=115083"}],"version-history":[{"count":1,"href":"https:\/\/www.suno.com.br\/noticias\/wp-json\/wp\/v2\/posts\/115083\/revisions"}],"predecessor-version":[{"id":146686,"href":"https:\/\/www.suno.com.br\/noticias\/wp-json\/wp\/v2\/posts\/115083\/revisions\/146686"}],"wp:featuredmedia":[{"embeddable":true,"href":"https:\/\/www.suno.com.br\/noticias\/wp-json\/wp\/v2\/media\/115195"}],"wp:attachment":[{"href":"https:\/\/www.suno.com.br\/noticias\/wp-json\/wp\/v2\/media?parent=115083"}],"wp:term":[{"taxonomy":"category","embeddable":true,"href":"https:\/\/www.suno.com.br\/noticias\/wp-json\/wp\/v2\/categories?post=115083"},{"taxonomy":"post_tag","embeddable":true,"href":"https:\/\/www.suno.com.br\/noticias\/wp-json\/wp\/v2\/tags?post=115083"},{"taxonomy":"suno_strategy","embeddable":true,"href":"https:\/\/www.suno.com.br\/noticias\/wp-json\/wp\/v2\/suno_strategy?post=115083"}],"curies":[{"name":"wp","href":"https:\/\/api.w.org\/{rel}","templated":true}]}}