{"id":115046,"date":"2021-01-21T15:47:36","date_gmt":"2021-01-21T18:47:36","guid":{"rendered":"https:\/\/www.suno.com.br\/noticias\/?p=115046"},"modified":"2021-01-22T12:31:25","modified_gmt":"2021-01-22T15:31:25","slug":"india-libera-exportacao-vacinas-brasil","status":"publish","type":"post","link":"https:\/\/www.suno.com.br\/noticias\/india-libera-exportacao-vacinas-brasil\/","title":{"rendered":"\u00cdndia libera exporta\u00e7\u00e3o de vacinas ao Brasil, diz ag\u00eancia"},"content":{"rendered":"<p>O governo da \u00cdndia liberou as exporta\u00e7\u00f5es comerciais de <strong>vacinas<\/strong> contra a covid-19 ao Brasil, com a primeira remessa previstas para sair do pa\u00eds asi\u00e1tico j\u00e1 nesta sexta-feira (22), informou o secret\u00e1rio das Rela\u00e7\u00f5es Exteriores indiano, Harsh Vardhan Shringla, \u00e0 ag\u00eancia <em>Reuters<\/em>.<\/p>\t<div class=\"wrapper-featured-image\">\n\t\t<figure class=\"spotlightImg\">\n\n\t\t\t<picture>\n\t\t\t\t<source media=\"(max-width: 768px)\" srcset=\"https:\/\/files.sunoresearch.com.br\/n\/uploads\/2021\/01\/e09bd3d1-554acd637b319f9b0366c82b67320dacd13e8343968fbf0d1faf54bf9c1a-400x200.webp\">\n\t\t\t\t<img loading=\"lazy\" decoding=\"async\" class=\"newsContent__article__imgCapa lazyloadDisabled \" src=\"https:\/\/files.sunoresearch.com.br\/n\/uploads\/2021\/01\/e09bd3d1-554acd637b319f9b0366c82b67320dacd13e8343968fbf0d1faf54bf9c1a-800x450.webp\" width=\"800\" height=\"450\" alt=\"\u00cdndia libera exporta\u00e7\u00e3o de vacinas ao Brasil, diz ag\u00eancia\" fetchpriority=high \/>\n\t\t\t<\/picture>\n\n\t\t\t<figcaption class=\"wp-caption-text wp-caption-text--show\">Agora, o Brasil aguardo a chegada de 2 milh\u00f5es de doses da vacina Oxfordo-Astrazeneca produzida pelo Instituto Serum da \u00cdndia<\/figcaption>\n\t\t<\/figure>\n\t<\/div>\n\n\n\t<p>\n\t\t<a href=\"https:\/\/lp.suno.com.br\/planilha-controle-gastos\/\" target=\"_blank\" data-element=\"shortcode-suno-banner\" title=\"Banner SUNO, clique e saiba mais\">\n\t\t\t<picture>\n\t\t\t\t<source media=\"(max-width: 500px)\" srcset=\"https:\/\/files.sunoresearch.com.br\/n\/uploads\/2023\/03\/400x300-Planilha-controle-de-gastos.png\">\n\t\t\t\t<img class=\"newsContent__article__imgCapa newsContent__article__imgCapa--banner\"\n\t\t\t\t\tsrc=\"https:\/\/files.sunoresearch.com.br\/n\/uploads\/2023\/03\/1420x240-Planilha-controle-de-gastos.png\"\n\t\t\t\t\tdata-promo-id=\"101751\"\t\t\t\t\t\t\t\t\t\twidth='1420' height='240'\t\t\t\t\talt=\"https:\/\/files.sunoresearch.com.br\/n\/uploads\/2023\/03\/1420x240-Planilha-controle-de-gastos.png\"\n\t\t\t\t>\n\t\t\t<\/picture>\n\t\t<\/a>\n\t<\/p>\n\n\n<p>O imunizante desenvolvido pelo laborat\u00f3rio <a href=\"https:\/\/www.suno.com.br\/noticias\/coronavirus-brasil-vai-testar-vacina-desenvolvida-por-oxford-covid-19-reino-unido\/https:\/\/www.suno.com.br\/noticias\/coronavirus-brasil-vai-testar-vacina-desenvolvida-por-oxford-covid-19-reino-unido\/\">AstraZeneca em parceria com a Universidade de Oxford<\/a> est\u00e1 sendo fabricado pelo Instituto Serum da <strong>\u00cdndia<\/strong> o maior fabricante de vacinas do mundo.<\/p>\n<p>O governo indiano segurou a exporta\u00e7\u00e3o dos imunizantes para o Brasil \u2014 cuja chegada era esperada para o \u00faltimo fim de semana \u2014 priorizando o abastecimento interno. H\u00e1 alguns, a \u00cdndia anunciou que enviaria os produtos a na\u00e7\u00f5es vizinhas, incluindo o But\u00e3o, Bangladesh, as Maldivas e o Nepal.<\/p>\n<p><a href=\"https:\/\/lp.suno.com.br\/suno-one\/\"><span style=\"font-weight: 400;\">Suno One: acesse gratuitamente eBooks, Minicursos, Artigos e Video Aulas sobre investimentos com um \u00fanico cadastro. Clique para saber mais!<\/span><\/a><\/p>\n<p>O Brasil aguarda a chegada de 2 milh\u00f5es de doses da vacina, encomendadas pela Funda\u00e7\u00e3o Oswaldo Cruz (Fiocruz); que somadas \u00e0s <a href=\"https:\/\/www.suno.com.br\/noticias\/ministerio-da-saude-distribuicao-vacina\/\">6 milh\u00f5es doses da CoronaVac<\/a>, produzida pela farmac\u00eautica chinesa Sinovac em parceria com o Instituto Butantan, deixar\u00e3o o Pa\u00eds com 8 milh\u00f5es de doses dispon\u00edveis para a campanha de vacina\u00e7\u00e3o nacional.<\/p>\n<h2>Vacinas devem sair da \u00cdndia na sexta-feira<\/h2>\n<p>Segundo informa\u00e7\u00f5es da ag\u00eancia <em>Reuters<\/em>, o secret\u00e1rio de Rela\u00e7\u00f5es Exteriores da \u00cdndia afirmou que o fornecimento das vacinas come\u00e7aria nesta sexta-feira. Al\u00e9m do Brasil, o envio tamb\u00e9m vai come\u00e7ar a ser feito para o Marrocos.<\/p>\n<p>O fornecimento das quantidades comercialmente contratadas &#8220;come\u00e7ar\u00e1 a partir de amanh\u00e3, come\u00e7ando pelo Brasil e Marrocos, seguidos da \u00c1frica do Sul e Ar\u00e1bia Saudita\u201d, disse o secret\u00e1rio indiano \u00e0 ag\u00eancia.<\/p>\n\t<div data-element=\"shortcode-read-more\" class=\"knowMore\">\n\t\t\t\t<span class=\"knowMore__title\">Veja tamb\u00e9m<\/span>\n\t\t\t\t<a class=\"knowMore__link\" href=\"https:\/\/www.suno.com.br\/noticias\/incendio-atinge-fabrica-da-vacina-de-oxford-na-india\/\">\n\t\t\tInc\u00eandio atinge f\u00e1brica da vacina de Oxford na \u00cdndia\t\t<\/a>\n\t<\/div>\n\n\n<p>Segundo Shringla, o abastecimento est\u00e1 em linha com o compromisso do primeiro-ministro Narendra Modi de que as capacidades de produ\u00e7\u00e3o da \u00cdndia seriam usadas por todo o mundo para combater a pandemia.<\/p>\n\t<p>\n\t\t<a href=\"https:\/\/lp.suno.com.br\/ebook-como-analisar-uma-acao\/\" target=\"_blank\" data-element=\"shortcode-suno-banner\" title=\"Banner SUNO, clique e saiba mais\">\n\t\t\t<picture>\n\t\t\t\t<source media=\"(max-width: 500px)\" srcset=\"https:\/\/files.sunoresearch.com.br\/n\/uploads\/2023\/03\/Ebook-Acoes-Mobile.jpg\">\n\t\t\t\t<img class=\"newsContent__article__imgCapa newsContent__article__imgCapa--banner\"\n\t\t\t\t\tsrc=\"https:\/\/files.sunoresearch.com.br\/n\/uploads\/2023\/03\/Ebook-Acoes-Desktop.jpg\"\n\t\t\t\t\tdata-promo-id=\"378302\"\t\t\t\t\t\t\t\t\t\twidth='1420' height='286'\t\t\t\t\talt=\"https:\/\/files.sunoresearch.com.br\/n\/uploads\/2023\/03\/Ebook-Acoes-Desktop.jpg\"\n\t\t\t\t>\n\t\t\t<\/picture>\n\t\t<\/a>\n\t<\/p>\n\n\n<p>O Brasil hoje ocupa o segundo lugar em n\u00famero de mortes pela covid-19, atr\u00e1s somente dos Estados Unidos, segundo o levantamento feito pela Universidade Johns Hopkins.<\/p>\n\t<p>\n\t\t<a href=\"https:\/\/lp.suno.com.br\/planilha-de-controle-de-investimentos\/\" target=\"_blank\" data-element=\"shortcode-suno-banner\" title=\"Banner SUNO, clique e saiba mais\">\n\t\t\t<picture>\n\t\t\t\t<source media=\"(max-width: 500px)\" srcset=\"https:\/\/files.sunoresearch.com.br\/n\/uploads\/2023\/03\/400x300-Controle-de-Investimentos.png\">\n\t\t\t\t<img class=\"newsContent__article__imgCapa newsContent__article__imgCapa--banner\"\n\t\t\t\t\tsrc=\"https:\/\/files.sunoresearch.com.br\/n\/uploads\/2023\/03\/1420x240-Controle-de-Investimentos.png\"\n\t\t\t\t\tdata-promo-id=\"75934\"\t\t\t\t\t\t\t\t\t\twidth='1420' height='240'\t\t\t\t\talt=\"https:\/\/files.sunoresearch.com.br\/n\/uploads\/2023\/03\/1420x240-Controle-de-Investimentos.png\"\n\t\t\t\t>\n\t\t\t<\/picture>\n\t\t<\/a>\n\t<\/p>\n\n\n","protected":false},"excerpt":{"rendered":"<p>O governo da \u00cdndia liberou as exporta\u00e7\u00f5es comerciais de vacinas contra a covid-19 ao Brasil, com a primeira remessa previstas para sair do pa\u00eds asi\u00e1tico j\u00e1 nesta sexta-feira (22), informou o secret\u00e1rio das Rela\u00e7\u00f5es Exteriores indiano, Harsh Vardhan Shringla, \u00e0 ag\u00eancia Reuters. Agora, o Brasil aguardo a chegada de 2 milh\u00f5es de doses da vacina [&hellip;]<\/p>\n","protected":false},"author":35,"featured_media":115057,"comment_status":"closed","ping_status":"closed","sticky":false,"template":"","format":"standard","meta":[],"categories":[63],"tags":[51185,2487,104495,25002],"suno_strategy":[],"class_list":["post-115046","post","type-post","status-publish","format-standard","has-post-thumbnail","hentry","category-internacional","tag-astrazeneca","tag-coronavirus","tag-universidade-de-oxford","tag-vacina"],"yoast_head":"<!-- This site is optimized with the Yoast SEO plugin v24.4 - https:\/\/yoast.com\/wordpress\/plugins\/seo\/ -->\n<title>\u00cdndia libera exporta\u00e7\u00e3o de vacinas ao Brasil, diz ag\u00eancia<\/title>\n<meta name=\"description\" content=\"O governo da \u00cdndia liberou exporta\u00e7\u00f5es de vacinas ao Brasil, disse o secret\u00e1rio das Rela\u00e7\u00f5es Exteriores indiano \u00e0 ag\u00eancia Reuters. Veja mais\" \/>\n<meta name=\"robots\" content=\"index, follow, max-snippet:-1, max-image-preview:large, max-video-preview:-1\" \/>\n<link rel=\"canonical\" href=\"https:\/\/www.suno.com.br\/noticias\/india-libera-exportacao-vacinas-brasil\/\" \/>\n<meta property=\"og:locale\" content=\"pt_BR\" \/>\n<meta property=\"og:type\" content=\"article\" \/>\n<meta property=\"og:title\" content=\"\u00cdndia libera exporta\u00e7\u00e3o de vacinas ao Brasil, diz ag\u00eancia\" \/>\n<meta property=\"og:description\" content=\"O governo da \u00cdndia liberou exporta\u00e7\u00f5es de vacinas ao Brasil, disse o secret\u00e1rio das Rela\u00e7\u00f5es Exteriores indiano \u00e0 ag\u00eancia Reuters. Veja mais\" \/>\n<meta property=\"og:url\" content=\"https:\/\/www.suno.com.br\/noticias\/india-libera-exportacao-vacinas-brasil\/\" \/>\n<meta property=\"og:site_name\" content=\"Suno Not\u00edcias\" \/>\n<meta property=\"article:publisher\" content=\"https:\/\/facebook.com\/sunoresearch\" \/>\n<meta property=\"og:image\" content=\"https:\/\/files.sunoresearch.com.br\/n\/uploads\/2021\/01\/e09bd3d1-554acd637b319f9b0366c82b67320dacd13e8343968fbf0d1faf54bf9c1a.jpg\" \/>\n\t<meta property=\"og:image:width\" content=\"1200\" \/>\n\t<meta property=\"og:image:height\" content=\"630\" \/>\n\t<meta property=\"og:image:type\" content=\"image\/jpeg\" \/>\n<meta name=\"author\" content=\"Arthur Guimar\u00e3es\" \/>\n<meta name=\"twitter:card\" content=\"summary_large_image\" \/>\n<meta name=\"twitter:creator\" content=\"@sunoresearch\" \/>\n<meta name=\"twitter:site\" content=\"@sunoresearch\" \/>\n<meta name=\"twitter:label1\" content=\"Escrito por\" \/>\n\t<meta name=\"twitter:data1\" content=\"Arthur Guimar\u00e3es\" \/>\n\t<meta name=\"twitter:label2\" content=\"Est. tempo de leitura\" \/>\n\t<meta name=\"twitter:data2\" content=\"2 minutos\" \/>\n<script type=\"application\/ld+json\" class=\"yoast-schema-graph\">{\"@context\":\"https:\/\/schema.org\",\"@graph\":[{\"@type\":\"NewsArticle\",\"@id\":\"https:\/\/www.suno.com.br\/noticias\/india-libera-exportacao-vacinas-brasil\/#article\",\"isPartOf\":{\"@id\":\"https:\/\/www.suno.com.br\/noticias\/india-libera-exportacao-vacinas-brasil\/\"},\"author\":{\"name\":\"Arthur Guimar\u00e3es\",\"@id\":\"https:\/\/www.suno.com.br\/noticias\/#\/schema\/person\/053a750a709a263919a20f976caae91c\"},\"headline\":\"\u00cdndia libera exporta\u00e7\u00e3o de vacinas ao Brasil, diz ag\u00eancia\",\"datePublished\":\"2021-01-21T18:47:36+00:00\",\"dateModified\":\"2021-01-22T15:31:25+00:00\",\"mainEntityOfPage\":{\"@id\":\"https:\/\/www.suno.com.br\/noticias\/india-libera-exportacao-vacinas-brasil\/\"},\"wordCount\":387,\"publisher\":{\"@id\":\"https:\/\/www.suno.com.br\/noticias\/#organization\"},\"image\":{\"@id\":\"https:\/\/www.suno.com.br\/noticias\/india-libera-exportacao-vacinas-brasil\/#primaryimage\"},\"thumbnailUrl\":\"https:\/\/files.sunoresearch.com.br\/n\/uploads\/2021\/01\/e09bd3d1-554acd637b319f9b0366c82b67320dacd13e8343968fbf0d1faf54bf9c1a-jpg.webp\",\"keywords\":[\"AstraZeneca\",\"coronav\u00edrus\",\"Universidade de Oxford\",\"vacina\"],\"articleSection\":[\"Internacional\"],\"inLanguage\":\"pt-BR\"},{\"@type\":\"WebPage\",\"@id\":\"https:\/\/www.suno.com.br\/noticias\/india-libera-exportacao-vacinas-brasil\/\",\"url\":\"https:\/\/www.suno.com.br\/noticias\/india-libera-exportacao-vacinas-brasil\/\",\"name\":\"\u00cdndia libera exporta\u00e7\u00e3o de vacinas ao Brasil, diz ag\u00eancia\",\"isPartOf\":{\"@id\":\"https:\/\/www.suno.com.br\/noticias\/#website\"},\"primaryImageOfPage\":{\"@id\":\"https:\/\/www.suno.com.br\/noticias\/india-libera-exportacao-vacinas-brasil\/#primaryimage\"},\"image\":{\"@id\":\"https:\/\/www.suno.com.br\/noticias\/india-libera-exportacao-vacinas-brasil\/#primaryimage\"},\"thumbnailUrl\":\"https:\/\/files.sunoresearch.com.br\/n\/uploads\/2021\/01\/e09bd3d1-554acd637b319f9b0366c82b67320dacd13e8343968fbf0d1faf54bf9c1a-jpg.webp\",\"datePublished\":\"2021-01-21T18:47:36+00:00\",\"dateModified\":\"2021-01-22T15:31:25+00:00\",\"description\":\"O governo da \u00cdndia liberou exporta\u00e7\u00f5es de vacinas ao Brasil, disse o secret\u00e1rio das Rela\u00e7\u00f5es Exteriores indiano \u00e0 ag\u00eancia Reuters. Veja mais\",\"breadcrumb\":{\"@id\":\"https:\/\/www.suno.com.br\/noticias\/india-libera-exportacao-vacinas-brasil\/#breadcrumb\"},\"inLanguage\":\"pt-BR\",\"potentialAction\":[{\"@type\":\"ReadAction\",\"target\":[\"https:\/\/www.suno.com.br\/noticias\/india-libera-exportacao-vacinas-brasil\/\"]}]},{\"@type\":\"ImageObject\",\"inLanguage\":\"pt-BR\",\"@id\":\"https:\/\/www.suno.com.br\/noticias\/india-libera-exportacao-vacinas-brasil\/#primaryimage\",\"url\":\"https:\/\/files.sunoresearch.com.br\/n\/uploads\/2021\/01\/e09bd3d1-554acd637b319f9b0366c82b67320dacd13e8343968fbf0d1faf54bf9c1a-jpg.webp\",\"contentUrl\":\"https:\/\/files.sunoresearch.com.br\/n\/uploads\/2021\/01\/e09bd3d1-554acd637b319f9b0366c82b67320dacd13e8343968fbf0d1faf54bf9c1a-jpg.webp\",\"width\":1200,\"height\":630,\"caption\":\"Agora, o Brasil aguardo a chegada de 2 milh\u00f5es de doses da vacina Oxfordo-Astrazeneca produzida pelo Instituto Serum da \u00cdndia\"},{\"@type\":\"BreadcrumbList\",\"@id\":\"https:\/\/www.suno.com.br\/noticias\/india-libera-exportacao-vacinas-brasil\/#breadcrumb\",\"itemListElement\":[{\"@type\":\"ListItem\",\"position\":1,\"name\":\"Not\u00edcias\",\"item\":\"https:\/\/www.suno.com.br\/noticias\/\"},{\"@type\":\"ListItem\",\"position\":2,\"name\":\"Internacional\",\"item\":\"https:\/\/www.suno.com.br\/noticias\/internacional\/\"},{\"@type\":\"ListItem\",\"position\":3,\"name\":\"\u00cdndia libera exporta\u00e7\u00e3o de vacinas ao Brasil, diz ag\u00eancia\"}]},{\"@type\":\"WebSite\",\"@id\":\"https:\/\/www.suno.com.br\/noticias\/#website\",\"url\":\"https:\/\/www.suno.com.br\/noticias\/\",\"name\":\"Suno Not\u00edcias\",\"description\":\"Seu portal de informa\u00e7\u00e3o sobre o mundo dos investimentos\",\"publisher\":{\"@id\":\"https:\/\/www.suno.com.br\/noticias\/#organization\"},\"potentialAction\":[{\"@type\":\"SearchAction\",\"target\":{\"@type\":\"EntryPoint\",\"urlTemplate\":\"https:\/\/www.suno.com.br\/noticias\/?s={search_term_string}\"},\"query-input\":{\"@type\":\"PropertyValueSpecification\",\"valueRequired\":true,\"valueName\":\"search_term_string\"}}],\"inLanguage\":\"pt-BR\"},{\"@type\":\"Organization\",\"@id\":\"https:\/\/www.suno.com.br\/noticias\/#organization\",\"name\":\"Suno Not\u00edcias\",\"url\":\"https:\/\/www.suno.com.br\/noticias\/\",\"logo\":{\"@type\":\"ImageObject\",\"inLanguage\":\"pt-BR\",\"@id\":\"https:\/\/www.suno.com.br\/noticias\/#\/schema\/logo\/image\/\",\"url\":\"https:\/\/files.sunoresearch.com.br\/n\/uploads\/2021\/09\/suno-logo.png\",\"contentUrl\":\"https:\/\/files.sunoresearch.com.br\/n\/uploads\/2021\/09\/suno-logo.png\",\"width\":180,\"height\":180,\"caption\":\"Suno Not\u00edcias\"},\"image\":{\"@id\":\"https:\/\/www.suno.com.br\/noticias\/#\/schema\/logo\/image\/\"},\"sameAs\":[\"https:\/\/facebook.com\/sunoresearch\",\"https:\/\/x.com\/sunoresearch\",\"https:\/\/www.instagram.com\/suno\",\"https:\/\/www.linkedin.com\/company\/suno-research\/\",\"https:\/\/www.youtube.com\/c\/sunoresearch\"]},{\"@type\":\"Person\",\"@id\":\"https:\/\/www.suno.com.br\/noticias\/#\/schema\/person\/053a750a709a263919a20f976caae91c\",\"name\":\"Arthur Guimar\u00e3es\",\"image\":{\"@type\":\"ImageObject\",\"inLanguage\":\"pt-BR\",\"@id\":\"https:\/\/www.suno.com.br\/noticias\/#\/schema\/person\/image\/\",\"url\":\"https:\/\/secure.gravatar.com\/avatar\/1affd86a11209ae09eb6dd3bcad3e96c?s=96&r=g\",\"contentUrl\":\"https:\/\/secure.gravatar.com\/avatar\/1affd86a11209ae09eb6dd3bcad3e96c?s=96&r=g\",\"caption\":\"Arthur Guimar\u00e3es\"},\"description\":\"Arthur Guimar\u00e3es escreve sobre pol\u00edtica, economia e neg\u00f3cios para o portal de not\u00edcias da Suno Research. Atualmente, \u00e9 estudante de jornalismo pela Faculdade C\u00e1sper L\u00edbero.\",\"url\":\"https:\/\/www.suno.com.br\/noticias\/author\/arthur-guimaraes\/\"}]}<\/script>\n<!-- \/ Yoast SEO plugin. -->","yoast_head_json":{"title":"\u00cdndia libera exporta\u00e7\u00e3o de vacinas ao Brasil, diz ag\u00eancia","description":"O governo da \u00cdndia liberou exporta\u00e7\u00f5es de vacinas ao Brasil, disse o secret\u00e1rio das Rela\u00e7\u00f5es Exteriores indiano \u00e0 ag\u00eancia Reuters. Veja mais","robots":{"index":"index","follow":"follow","max-snippet":"max-snippet:-1","max-image-preview":"max-image-preview:large","max-video-preview":"max-video-preview:-1"},"canonical":"https:\/\/www.suno.com.br\/noticias\/india-libera-exportacao-vacinas-brasil\/","og_locale":"pt_BR","og_type":"article","og_title":"\u00cdndia libera exporta\u00e7\u00e3o de vacinas ao Brasil, diz ag\u00eancia","og_description":"O governo da \u00cdndia liberou exporta\u00e7\u00f5es de vacinas ao Brasil, disse o secret\u00e1rio das Rela\u00e7\u00f5es Exteriores indiano \u00e0 ag\u00eancia Reuters. Veja mais","og_url":"https:\/\/www.suno.com.br\/noticias\/india-libera-exportacao-vacinas-brasil\/","og_site_name":"Suno Not\u00edcias","article_publisher":"https:\/\/facebook.com\/sunoresearch","og_image":[{"width":1200,"height":630,"url":"https:\/\/files.sunoresearch.com.br\/n\/uploads\/2021\/01\/e09bd3d1-554acd637b319f9b0366c82b67320dacd13e8343968fbf0d1faf54bf9c1a.jpg","type":"image\/jpeg"}],"author":"Arthur Guimar\u00e3es","twitter_card":"summary_large_image","twitter_creator":"@sunoresearch","twitter_site":"@sunoresearch","twitter_misc":{"Escrito por":"Arthur Guimar\u00e3es","Est. tempo de leitura":"2 minutos"},"schema":{"@context":"https:\/\/schema.org","@graph":[{"@type":"NewsArticle","@id":"https:\/\/www.suno.com.br\/noticias\/india-libera-exportacao-vacinas-brasil\/#article","isPartOf":{"@id":"https:\/\/www.suno.com.br\/noticias\/india-libera-exportacao-vacinas-brasil\/"},"author":{"name":"Arthur Guimar\u00e3es","@id":"https:\/\/www.suno.com.br\/noticias\/#\/schema\/person\/053a750a709a263919a20f976caae91c"},"headline":"\u00cdndia libera exporta\u00e7\u00e3o de vacinas ao Brasil, diz ag\u00eancia","datePublished":"2021-01-21T18:47:36+00:00","dateModified":"2021-01-22T15:31:25+00:00","mainEntityOfPage":{"@id":"https:\/\/www.suno.com.br\/noticias\/india-libera-exportacao-vacinas-brasil\/"},"wordCount":387,"publisher":{"@id":"https:\/\/www.suno.com.br\/noticias\/#organization"},"image":{"@id":"https:\/\/www.suno.com.br\/noticias\/india-libera-exportacao-vacinas-brasil\/#primaryimage"},"thumbnailUrl":"https:\/\/files.sunoresearch.com.br\/n\/uploads\/2021\/01\/e09bd3d1-554acd637b319f9b0366c82b67320dacd13e8343968fbf0d1faf54bf9c1a-jpg.webp","keywords":["AstraZeneca","coronav\u00edrus","Universidade de Oxford","vacina"],"articleSection":["Internacional"],"inLanguage":"pt-BR"},{"@type":"WebPage","@id":"https:\/\/www.suno.com.br\/noticias\/india-libera-exportacao-vacinas-brasil\/","url":"https:\/\/www.suno.com.br\/noticias\/india-libera-exportacao-vacinas-brasil\/","name":"\u00cdndia libera exporta\u00e7\u00e3o de vacinas ao Brasil, diz ag\u00eancia","isPartOf":{"@id":"https:\/\/www.suno.com.br\/noticias\/#website"},"primaryImageOfPage":{"@id":"https:\/\/www.suno.com.br\/noticias\/india-libera-exportacao-vacinas-brasil\/#primaryimage"},"image":{"@id":"https:\/\/www.suno.com.br\/noticias\/india-libera-exportacao-vacinas-brasil\/#primaryimage"},"thumbnailUrl":"https:\/\/files.sunoresearch.com.br\/n\/uploads\/2021\/01\/e09bd3d1-554acd637b319f9b0366c82b67320dacd13e8343968fbf0d1faf54bf9c1a-jpg.webp","datePublished":"2021-01-21T18:47:36+00:00","dateModified":"2021-01-22T15:31:25+00:00","description":"O governo da \u00cdndia liberou exporta\u00e7\u00f5es de vacinas ao Brasil, disse o secret\u00e1rio das Rela\u00e7\u00f5es Exteriores indiano \u00e0 ag\u00eancia Reuters. Veja mais","breadcrumb":{"@id":"https:\/\/www.suno.com.br\/noticias\/india-libera-exportacao-vacinas-brasil\/#breadcrumb"},"inLanguage":"pt-BR","potentialAction":[{"@type":"ReadAction","target":["https:\/\/www.suno.com.br\/noticias\/india-libera-exportacao-vacinas-brasil\/"]}]},{"@type":"ImageObject","inLanguage":"pt-BR","@id":"https:\/\/www.suno.com.br\/noticias\/india-libera-exportacao-vacinas-brasil\/#primaryimage","url":"https:\/\/files.sunoresearch.com.br\/n\/uploads\/2021\/01\/e09bd3d1-554acd637b319f9b0366c82b67320dacd13e8343968fbf0d1faf54bf9c1a-jpg.webp","contentUrl":"https:\/\/files.sunoresearch.com.br\/n\/uploads\/2021\/01\/e09bd3d1-554acd637b319f9b0366c82b67320dacd13e8343968fbf0d1faf54bf9c1a-jpg.webp","width":1200,"height":630,"caption":"Agora, o Brasil aguardo a chegada de 2 milh\u00f5es de doses da vacina Oxfordo-Astrazeneca produzida pelo Instituto Serum da \u00cdndia"},{"@type":"BreadcrumbList","@id":"https:\/\/www.suno.com.br\/noticias\/india-libera-exportacao-vacinas-brasil\/#breadcrumb","itemListElement":[{"@type":"ListItem","position":1,"name":"Not\u00edcias","item":"https:\/\/www.suno.com.br\/noticias\/"},{"@type":"ListItem","position":2,"name":"Internacional","item":"https:\/\/www.suno.com.br\/noticias\/internacional\/"},{"@type":"ListItem","position":3,"name":"\u00cdndia libera exporta\u00e7\u00e3o de vacinas ao Brasil, diz ag\u00eancia"}]},{"@type":"WebSite","@id":"https:\/\/www.suno.com.br\/noticias\/#website","url":"https:\/\/www.suno.com.br\/noticias\/","name":"Suno Not\u00edcias","description":"Seu portal de informa\u00e7\u00e3o sobre o mundo dos investimentos","publisher":{"@id":"https:\/\/www.suno.com.br\/noticias\/#organization"},"potentialAction":[{"@type":"SearchAction","target":{"@type":"EntryPoint","urlTemplate":"https:\/\/www.suno.com.br\/noticias\/?s={search_term_string}"},"query-input":{"@type":"PropertyValueSpecification","valueRequired":true,"valueName":"search_term_string"}}],"inLanguage":"pt-BR"},{"@type":"Organization","@id":"https:\/\/www.suno.com.br\/noticias\/#organization","name":"Suno Not\u00edcias","url":"https:\/\/www.suno.com.br\/noticias\/","logo":{"@type":"ImageObject","inLanguage":"pt-BR","@id":"https:\/\/www.suno.com.br\/noticias\/#\/schema\/logo\/image\/","url":"https:\/\/files.sunoresearch.com.br\/n\/uploads\/2021\/09\/suno-logo.png","contentUrl":"https:\/\/files.sunoresearch.com.br\/n\/uploads\/2021\/09\/suno-logo.png","width":180,"height":180,"caption":"Suno Not\u00edcias"},"image":{"@id":"https:\/\/www.suno.com.br\/noticias\/#\/schema\/logo\/image\/"},"sameAs":["https:\/\/facebook.com\/sunoresearch","https:\/\/x.com\/sunoresearch","https:\/\/www.instagram.com\/suno","https:\/\/www.linkedin.com\/company\/suno-research\/","https:\/\/www.youtube.com\/c\/sunoresearch"]},{"@type":"Person","@id":"https:\/\/www.suno.com.br\/noticias\/#\/schema\/person\/053a750a709a263919a20f976caae91c","name":"Arthur Guimar\u00e3es","image":{"@type":"ImageObject","inLanguage":"pt-BR","@id":"https:\/\/www.suno.com.br\/noticias\/#\/schema\/person\/image\/","url":"https:\/\/secure.gravatar.com\/avatar\/1affd86a11209ae09eb6dd3bcad3e96c?s=96&r=g","contentUrl":"https:\/\/secure.gravatar.com\/avatar\/1affd86a11209ae09eb6dd3bcad3e96c?s=96&r=g","caption":"Arthur Guimar\u00e3es"},"description":"Arthur Guimar\u00e3es escreve sobre pol\u00edtica, economia e neg\u00f3cios para o portal de not\u00edcias da Suno Research. Atualmente, \u00e9 estudante de jornalismo pela Faculdade C\u00e1sper L\u00edbero.","url":"https:\/\/www.suno.com.br\/noticias\/author\/arthur-guimaraes\/"}]}},"default_loop_html":"<div class=\"cardsPage__listCard__boxs\"><div class=\"cardsPage__listCard__boxs__img\"><a href=\"https:\/\/www.suno.com.br\/noticias\/india-libera-exportacao-vacinas-brasil\/\"><img class=\"mask\" src=\"https:\/\/www.suno.com.br\/noticias\/wp-content\/themes\/suno\/resources\/images\/spotlight\/spotlight1img\/bg-mask.png\" alt=\"Image Mask\"\/><img src=\"https:\/\/files.sunoresearch.com.br\/n\/uploads\/2021\/01\/e09bd3d1-554acd637b319f9b0366c82b67320dacd13e8343968fbf0d1faf54bf9c1a-400x200.webp\" alt=\"\u00cdndia libera exporta\u00e7\u00e3o de vacinas ao Brasil, diz ag\u00eancia\"\/><\/a><span class=\"spotlightCategory\"><a href=\"https:\/\/www.suno.com.br\/noticias\/internacional\/\">Internacional<\/a><\/span><\/div><div class=\"cardsPage__listCard__boxs__content\"><a href=\"https:\/\/www.suno.com.br\/noticias\/india-libera-exportacao-vacinas-brasil\/\"><h2 class=\"content__title\">\u00cdndia libera exporta\u00e7\u00e3o de vacinas ao Brasil, diz ag\u00eancia<\/h2><\/a><div class=\"newsContent__article__meta\"><div class=\"newsContent__article__meta__authorBox\"><a href=\"https:\/\/www.suno.com.br\/noticias\/author\/arthur-guimaraes\/\" class=\"authorBox__avatar noMobi\"><img src=\"https:\/\/files.sunoresearch.com.br\/n\/uploads\/2020\/02\/dfb40897-eu-150x150.webp\" alt=\"Arthur Guimar\u00e3es\"><\/a><div class=\"authorBox__name\"><span>por\n\t\t\t<a href=\"https:\/\/www.suno.com.br\/noticias\/author\/arthur-guimaraes\/\"><span itemprop=\"author\">Arthur Guimar\u00e3es<\/span><\/a><\/span><time datetime=\"2021-01-21T15:47:36-03:00\" itemprop=\"datePublished\">21\/01\/2021 15:47<\/time><\/div><\/div><\/div><\/div><\/div>","single_layout":"posts","amp_enabled":true,"_links":{"self":[{"href":"https:\/\/www.suno.com.br\/noticias\/wp-json\/wp\/v2\/posts\/115046"}],"collection":[{"href":"https:\/\/www.suno.com.br\/noticias\/wp-json\/wp\/v2\/posts"}],"about":[{"href":"https:\/\/www.suno.com.br\/noticias\/wp-json\/wp\/v2\/types\/post"}],"author":[{"embeddable":true,"href":"https:\/\/www.suno.com.br\/noticias\/wp-json\/wp\/v2\/users\/35"}],"replies":[{"embeddable":true,"href":"https:\/\/www.suno.com.br\/noticias\/wp-json\/wp\/v2\/comments?post=115046"}],"version-history":[{"count":0,"href":"https:\/\/www.suno.com.br\/noticias\/wp-json\/wp\/v2\/posts\/115046\/revisions"}],"wp:featuredmedia":[{"embeddable":true,"href":"https:\/\/www.suno.com.br\/noticias\/wp-json\/wp\/v2\/media\/115057"}],"wp:attachment":[{"href":"https:\/\/www.suno.com.br\/noticias\/wp-json\/wp\/v2\/media?parent=115046"}],"wp:term":[{"taxonomy":"category","embeddable":true,"href":"https:\/\/www.suno.com.br\/noticias\/wp-json\/wp\/v2\/categories?post=115046"},{"taxonomy":"post_tag","embeddable":true,"href":"https:\/\/www.suno.com.br\/noticias\/wp-json\/wp\/v2\/tags?post=115046"},{"taxonomy":"suno_strategy","embeddable":true,"href":"https:\/\/www.suno.com.br\/noticias\/wp-json\/wp\/v2\/suno_strategy?post=115046"}],"curies":[{"name":"wp","href":"https:\/\/api.w.org\/{rel}","templated":true}]}}