{"id":115031,"date":"2021-01-21T15:05:46","date_gmt":"2021-01-21T18:05:46","guid":{"rendered":"https:\/\/www.suno.com.br\/noticias\/?p=115031"},"modified":"2021-02-17T22:43:12","modified_gmt":"2021-02-18T01:43:12","slug":"inflacao-aumentar-zona-euro-bce","status":"publish","type":"post","link":"https:\/\/www.suno.com.br\/noticias\/inflacao-aumentar-zona-euro-bce\/","title":{"rendered":"Infla\u00e7\u00e3o deve aumentar nos pr\u00f3ximos meses na zona do euro, diz BCE"},"content":{"rendered":"<p>A presidente do <a href=\"https:\/\/www.suno.com.br\/artigos\/bce\/\">Banco Central Europeu<strong> (BCE)<\/strong><\/a>, <a href=\"https:\/\/www.suno.com.br\/tudo-sobre\/christine-lagarde\/#:~:text=Christine%20Lagarde%20%C3%A9%20a%20atual,de%20investimento%20de%20uma%20na%C3%A7%C3%A3o.\">Christine Lagarde<\/a>, anunciou nesta quinta-feira (21)\u00a0que a <a href=\"https:\/\/www.suno.com.br\/artigos\/inflacao\/\">infla\u00e7\u00e3o<\/a> da <a href=\"https:\/\/www.suno.com.br\/artigos\/zona-do-euro\/\">zona do euro<\/a> deve aumentar nos pr\u00f3ximos meses, \u00e0 medida em que o impacto da pandemia do coronav\u00edrus (covid-19) diminui com apoio de pol\u00edticas fiscais e monet\u00e1rias acomodat\u00edcias.<\/p>\t<div class=\"wrapper-featured-image\">\n\t\t<figure class=\"spotlightImg\">\n\n\t\t\t<picture>\n\t\t\t\t<source media=\"(max-width: 768px)\" srcset=\"https:\/\/files.sunoresearch.com.br\/n\/uploads\/2021\/01\/b10bf432-bce-400x200.webp\">\n\t\t\t\t<img loading=\"lazy\" decoding=\"async\" class=\"newsContent__article__imgCapa lazyloadDisabled \" src=\"https:\/\/files.sunoresearch.com.br\/n\/uploads\/2021\/01\/b10bf432-bce-jpg.webp\" width=\"800\" height=\"450\" alt=\"Infla\u00e7\u00e3o deve aumentar nos pr\u00f3ximos meses na zona do euro, diz BCE\" fetchpriority=high \/>\n\t\t\t<\/picture>\n\n\t\t\t<figcaption class=\"wp-caption-text wp-caption-text--show\">BCE<\/figcaption>\n\t\t<\/figure>\n\t<\/div>\n\n\n\t<p>\n\t\t<a href=\"https:\/\/lp.suno.com.br\/planilha-controle-gastos\/\" target=\"_blank\" data-element=\"shortcode-suno-banner\" title=\"Banner SUNO, clique e saiba mais\">\n\t\t\t<picture>\n\t\t\t\t<source media=\"(max-width: 500px)\" srcset=\"https:\/\/files.sunoresearch.com.br\/n\/uploads\/2023\/03\/400x300-Planilha-controle-de-gastos.png\">\n\t\t\t\t<img class=\"newsContent__article__imgCapa newsContent__article__imgCapa--banner\"\n\t\t\t\t\tsrc=\"https:\/\/files.sunoresearch.com.br\/n\/uploads\/2023\/03\/1420x240-Planilha-controle-de-gastos.png\"\n\t\t\t\t\tdata-promo-id=\"101751\"\t\t\t\t\t\t\t\t\t\twidth='1420' height='240'\t\t\t\t\talt=\"https:\/\/files.sunoresearch.com.br\/n\/uploads\/2023\/03\/1420x240-Planilha-controle-de-gastos.png\"\n\t\t\t\t>\n\t\t\t<\/picture>\n\t\t<\/a>\n\t<\/p>\n\n\n<p>Durante coletiva de imprensa, ap\u00f3s decis\u00e3o de <a href=\"https:\/\/www.suno.com.br\/artigos\/politica-monetaria\/#:~:text=Ou%20seja%2C%20o%20dep%C3%B3sito%20compuls%C3%B3rio,de%20uma%20pol%C3%ADtica%20monet%C3%A1ria%20expansionista.\">pol\u00edtica monet\u00e1ria<\/a> do BCE, a mandat\u00e1ria informou tamb\u00e9m que para o curto prazo, o n\u00edvel de pre\u00e7os ainda seguir\u00e1 baixo em fun\u00e7\u00e3o da &#8220;fraca demanda nos setores de turismo&#8221;, al\u00e9m da press\u00e3o causada pela aprecia\u00e7\u00e3o do euro.<\/p>\n<p>De acordo com Lagarde: &#8220;Continuaremos monitorando a evolu\u00e7\u00e3o da taxa de c\u00e2mbio no que diz respeito \u00e0s suas poss\u00edveis implica\u00e7\u00f5es para as perspectivas de infla\u00e7\u00e3o no m\u00e9dio prazo&#8221;.<\/p>\n<p><a href=\"https:\/\/lp.suno.com.br\/suno-one\/\">Suno One: acesse gratuitamente eBooks, Minicursos, Artigos e Video Aulas sobre investimentos com um \u00fanico cadastro. Clique para saber mais!<\/a><\/p>\n<h2>BCE fala sobre pol\u00edticas fiscais<\/h2>\n<p>Al\u00e9m disso, para a presidente da entidade os sinais da economia da zona do euro s\u00e3o &#8220;mistos&#8221;, ressaltando a import\u00e2ncia &#8220;cr\u00edtica&#8221; de se manter uma <a href=\"https:\/\/www.suno.com.br\/artigos\/politica-fiscal\/\"><strong>pol\u00edtica fiscal<\/strong><\/a> direcionada e tempor\u00e1ria.<\/p>\n<p>&#8220;\u00c9 necess\u00e1rio seguir acomodat\u00edcio tanto do ponto de vista fiscal quanto monet\u00e1rio&#8221;, pontuou Lagarde.<\/p>\n\t<p>\n\t\t<a href=\"https:\/\/lp.suno.com.br\/ebook-como-analisar-uma-acao\/\" target=\"_blank\" data-element=\"shortcode-suno-banner\" title=\"Banner SUNO, clique e saiba mais\">\n\t\t\t<picture>\n\t\t\t\t<source media=\"(max-width: 500px)\" srcset=\"https:\/\/files.sunoresearch.com.br\/n\/uploads\/2023\/03\/Ebook-Acoes-Mobile.jpg\">\n\t\t\t\t<img class=\"newsContent__article__imgCapa newsContent__article__imgCapa--banner\"\n\t\t\t\t\tsrc=\"https:\/\/files.sunoresearch.com.br\/n\/uploads\/2023\/03\/Ebook-Acoes-Desktop.jpg\"\n\t\t\t\t\tdata-promo-id=\"378302\"\t\t\t\t\t\t\t\t\t\twidth='1420' height='286'\t\t\t\t\talt=\"https:\/\/files.sunoresearch.com.br\/n\/uploads\/2023\/03\/Ebook-Acoes-Desktop.jpg\"\n\t\t\t\t>\n\t\t\t<\/picture>\n\t\t<\/a>\n\t<\/p>\n\n\n<p>A dirigente destacou tamb\u00e9m as variantes do novo v\u00edrus e os atrasos no processo de vacina\u00e7\u00e3o, al\u00e9m da intensifica\u00e7\u00e3o da pandemia.<\/p>\n<p>&#8220;Consideramos proje\u00e7\u00f5es econ\u00f4micas de dezembro como ainda v\u00e1lidas&#8221;, disse, acrescentando que os riscos apontam para negativo, embora de forma menos pronunciada.<\/p>\n<p>Lagarde solicitou que os Estados membros da <a href=\"https:\/\/www.suno.com.br\/artigos\/uniao-europeia\/\">Uni\u00e3o Europeia (UE)<\/a> acelerem a ratifica\u00e7\u00e3o do fundo de recupera\u00e7\u00e3o de 750 bilh\u00f5es de euros, que de acordo com a dirigente, \u00e9 essencial para a retomada da economia.<\/p>\n<p><a href=\"https:\/\/www.suno.com.br\/noticias\/bce-retomada-economia-encorajadora-pandemia-desafio\/\">Veja Tamb\u00e9m: BCE: &#8220;retomada na economia foi encorajadora, mas pandemia segue como desafio&#8221;<\/a><\/p>\n<p>&#8220;Amplos est\u00edmulos seguem necess\u00e1rios para apoiar todas as \u00e1reas da economia&#8221;, declarou.<\/p>\n<p>Por \u00faltimo, a mandat\u00e1ria do <strong>BCE<\/strong> pontuou que o n\u00edvel de empr\u00e9stimos para empresas est\u00e1 &#8220;moderado&#8221;, ao passo que o cr\u00e9dito para fam\u00edlias \u00e9 &#8220;resiliente&#8221;. Al\u00e9m disso, as incertezas est\u00e3o desestimulando investimentos corporativos e que espera que, com o fim da pandemia, o aumento da demanda impulsionar\u00e1 a infla\u00e7\u00e3o.<\/p>\n<p><em>Com informa\u00e7\u00f5es do Estad\u00e3o Conte\u00fado<\/em><\/p>\n\t<p>\n\t\t<a href=\"https:\/\/lp.suno.com.br\/planilha-de-controle-de-investimentos\/\" target=\"_blank\" data-element=\"shortcode-suno-banner\" title=\"Banner SUNO, clique e saiba mais\">\n\t\t\t<picture>\n\t\t\t\t<source media=\"(max-width: 500px)\" srcset=\"https:\/\/files.sunoresearch.com.br\/n\/uploads\/2023\/03\/400x300-Controle-de-Investimentos.png\">\n\t\t\t\t<img class=\"newsContent__article__imgCapa newsContent__article__imgCapa--banner\"\n\t\t\t\t\tsrc=\"https:\/\/files.sunoresearch.com.br\/n\/uploads\/2023\/03\/1420x240-Controle-de-Investimentos.png\"\n\t\t\t\t\tdata-promo-id=\"75934\"\t\t\t\t\t\t\t\t\t\twidth='1420' height='240'\t\t\t\t\talt=\"https:\/\/files.sunoresearch.com.br\/n\/uploads\/2023\/03\/1420x240-Controle-de-Investimentos.png\"\n\t\t\t\t>\n\t\t\t<\/picture>\n\t\t<\/a>\n\t<\/p>\n\n\n","protected":false},"excerpt":{"rendered":"<p>A presidente do Banco Central Europeu (BCE), Christine Lagarde, anunciou nesta quinta-feira (21)\u00a0que a infla\u00e7\u00e3o da zona do euro deve aumentar nos pr\u00f3ximos meses, \u00e0 medida em que o impacto da pandemia do coronav\u00edrus (covid-19) diminui com apoio de pol\u00edticas fiscais e monet\u00e1rias acomodat\u00edcias. BCE Durante coletiva de imprensa, ap\u00f3s decis\u00e3o de pol\u00edtica monet\u00e1ria do [&hellip;]<\/p>\n","protected":false},"author":56,"featured_media":115049,"comment_status":"closed","ping_status":"closed","sticky":false,"template":"","format":"standard","meta":[],"categories":[63],"tags":[863,1528,850,97358,2448,991],"suno_strategy":[],"class_list":["post-115031","post","type-post","status-publish","format-standard","has-post-thumbnail","hentry","category-internacional","tag-banco-central-europeu-bce","tag-christine-lagarde","tag-inflacao","tag-politica-fiscal","tag-politica-monetaria","tag-zona-do-euro"],"yoast_head":"<!-- This site is optimized with the Yoast SEO plugin v24.4 - https:\/\/yoast.com\/wordpress\/plugins\/seo\/ -->\n<title>Infla\u00e7\u00e3o deve aumentar nos pr\u00f3ximos meses na zona do euro, diz BCE<\/title>\n<meta name=\"description\" content=\"&quot;Continuaremos monitorando a evolu\u00e7\u00e3o da taxa de c\u00e2mbio&quot;, informou a presidente do BCE, Christine Lagarde. Clique aqui para saber mais.\" \/>\n<meta name=\"robots\" content=\"index, follow, max-snippet:-1, max-image-preview:large, max-video-preview:-1\" \/>\n<link rel=\"canonical\" href=\"https:\/\/www.suno.com.br\/noticias\/inflacao-aumentar-zona-euro-bce\/\" \/>\n<meta property=\"og:locale\" content=\"pt_BR\" \/>\n<meta property=\"og:type\" content=\"article\" \/>\n<meta property=\"og:title\" content=\"Infla\u00e7\u00e3o deve aumentar nos pr\u00f3ximos meses na zona do euro, diz BCE\" \/>\n<meta property=\"og:description\" content=\"&quot;Continuaremos monitorando a evolu\u00e7\u00e3o da taxa de c\u00e2mbio&quot;, informou a presidente do BCE, Christine Lagarde. Clique aqui para saber mais.\" \/>\n<meta property=\"og:url\" content=\"https:\/\/www.suno.com.br\/noticias\/inflacao-aumentar-zona-euro-bce\/\" \/>\n<meta property=\"og:site_name\" content=\"Suno Not\u00edcias\" \/>\n<meta property=\"article:publisher\" content=\"https:\/\/facebook.com\/sunoresearch\" \/>\n<meta property=\"og:image\" content=\"https:\/\/files.sunoresearch.com.br\/n\/uploads\/2021\/01\/b10bf432-bce.jpg\" \/>\n\t<meta property=\"og:image:width\" content=\"770\" \/>\n\t<meta property=\"og:image:height\" content=\"433\" \/>\n\t<meta property=\"og:image:type\" content=\"image\/jpeg\" \/>\n<meta name=\"author\" content=\"Rafaela La Regina\" \/>\n<meta name=\"twitter:card\" content=\"summary_large_image\" \/>\n<meta name=\"twitter:creator\" content=\"@sunoresearch\" \/>\n<meta name=\"twitter:site\" content=\"@sunoresearch\" \/>\n<meta name=\"twitter:label1\" content=\"Escrito por\" \/>\n\t<meta name=\"twitter:data1\" content=\"Rafaela La Regina\" \/>\n\t<meta name=\"twitter:label2\" content=\"Est. tempo de leitura\" \/>\n\t<meta name=\"twitter:data2\" content=\"2 minutos\" \/>\n<script type=\"application\/ld+json\" class=\"yoast-schema-graph\">{\"@context\":\"https:\/\/schema.org\",\"@graph\":[{\"@type\":\"NewsArticle\",\"@id\":\"https:\/\/www.suno.com.br\/noticias\/inflacao-aumentar-zona-euro-bce\/#article\",\"isPartOf\":{\"@id\":\"https:\/\/www.suno.com.br\/noticias\/inflacao-aumentar-zona-euro-bce\/\"},\"author\":{\"name\":\"Rafaela La Regina\",\"@id\":\"https:\/\/www.suno.com.br\/noticias\/#\/schema\/person\/e672ca8cea627fe715fa29bca7da95e0\"},\"headline\":\"Infla\u00e7\u00e3o deve aumentar nos pr\u00f3ximos meses na zona do euro, diz BCE\",\"datePublished\":\"2021-01-21T18:05:46+00:00\",\"dateModified\":\"2021-02-18T01:43:12+00:00\",\"mainEntityOfPage\":{\"@id\":\"https:\/\/www.suno.com.br\/noticias\/inflacao-aumentar-zona-euro-bce\/\"},\"wordCount\":431,\"publisher\":{\"@id\":\"https:\/\/www.suno.com.br\/noticias\/#organization\"},\"image\":{\"@id\":\"https:\/\/www.suno.com.br\/noticias\/inflacao-aumentar-zona-euro-bce\/#primaryimage\"},\"thumbnailUrl\":\"https:\/\/files.sunoresearch.com.br\/n\/uploads\/2021\/01\/b10bf432-bce-jpg.webp\",\"keywords\":[\"Banco Central Europeu (BCE)\",\"Christine Lagarde\",\"infla\u00e7\u00e3o\",\"pol\u00edtica fiscal\",\"pol\u00edtica monet\u00e1ria\",\"zona do euro\"],\"articleSection\":[\"Internacional\"],\"inLanguage\":\"pt-BR\"},{\"@type\":\"WebPage\",\"@id\":\"https:\/\/www.suno.com.br\/noticias\/inflacao-aumentar-zona-euro-bce\/\",\"url\":\"https:\/\/www.suno.com.br\/noticias\/inflacao-aumentar-zona-euro-bce\/\",\"name\":\"Infla\u00e7\u00e3o deve aumentar nos pr\u00f3ximos meses na zona do euro, diz BCE\",\"isPartOf\":{\"@id\":\"https:\/\/www.suno.com.br\/noticias\/#website\"},\"primaryImageOfPage\":{\"@id\":\"https:\/\/www.suno.com.br\/noticias\/inflacao-aumentar-zona-euro-bce\/#primaryimage\"},\"image\":{\"@id\":\"https:\/\/www.suno.com.br\/noticias\/inflacao-aumentar-zona-euro-bce\/#primaryimage\"},\"thumbnailUrl\":\"https:\/\/files.sunoresearch.com.br\/n\/uploads\/2021\/01\/b10bf432-bce-jpg.webp\",\"datePublished\":\"2021-01-21T18:05:46+00:00\",\"dateModified\":\"2021-02-18T01:43:12+00:00\",\"description\":\"\\\"Continuaremos monitorando a evolu\u00e7\u00e3o da taxa de c\u00e2mbio\\\", informou a presidente do BCE, Christine Lagarde. Clique aqui para saber mais.\",\"breadcrumb\":{\"@id\":\"https:\/\/www.suno.com.br\/noticias\/inflacao-aumentar-zona-euro-bce\/#breadcrumb\"},\"inLanguage\":\"pt-BR\",\"potentialAction\":[{\"@type\":\"ReadAction\",\"target\":[\"https:\/\/www.suno.com.br\/noticias\/inflacao-aumentar-zona-euro-bce\/\"]}]},{\"@type\":\"ImageObject\",\"inLanguage\":\"pt-BR\",\"@id\":\"https:\/\/www.suno.com.br\/noticias\/inflacao-aumentar-zona-euro-bce\/#primaryimage\",\"url\":\"https:\/\/files.sunoresearch.com.br\/n\/uploads\/2021\/01\/b10bf432-bce-jpg.webp\",\"contentUrl\":\"https:\/\/files.sunoresearch.com.br\/n\/uploads\/2021\/01\/b10bf432-bce-jpg.webp\",\"width\":770,\"height\":433,\"caption\":\"BCE\"},{\"@type\":\"BreadcrumbList\",\"@id\":\"https:\/\/www.suno.com.br\/noticias\/inflacao-aumentar-zona-euro-bce\/#breadcrumb\",\"itemListElement\":[{\"@type\":\"ListItem\",\"position\":1,\"name\":\"Not\u00edcias\",\"item\":\"https:\/\/www.suno.com.br\/noticias\/\"},{\"@type\":\"ListItem\",\"position\":2,\"name\":\"Internacional\",\"item\":\"https:\/\/www.suno.com.br\/noticias\/internacional\/\"},{\"@type\":\"ListItem\",\"position\":3,\"name\":\"Infla\u00e7\u00e3o deve aumentar nos pr\u00f3ximos meses na zona do euro, diz BCE\"}]},{\"@type\":\"WebSite\",\"@id\":\"https:\/\/www.suno.com.br\/noticias\/#website\",\"url\":\"https:\/\/www.suno.com.br\/noticias\/\",\"name\":\"Suno Not\u00edcias\",\"description\":\"Seu portal de informa\u00e7\u00e3o sobre o mundo dos investimentos\",\"publisher\":{\"@id\":\"https:\/\/www.suno.com.br\/noticias\/#organization\"},\"potentialAction\":[{\"@type\":\"SearchAction\",\"target\":{\"@type\":\"EntryPoint\",\"urlTemplate\":\"https:\/\/www.suno.com.br\/noticias\/?s={search_term_string}\"},\"query-input\":{\"@type\":\"PropertyValueSpecification\",\"valueRequired\":true,\"valueName\":\"search_term_string\"}}],\"inLanguage\":\"pt-BR\"},{\"@type\":\"Organization\",\"@id\":\"https:\/\/www.suno.com.br\/noticias\/#organization\",\"name\":\"Suno Not\u00edcias\",\"url\":\"https:\/\/www.suno.com.br\/noticias\/\",\"logo\":{\"@type\":\"ImageObject\",\"inLanguage\":\"pt-BR\",\"@id\":\"https:\/\/www.suno.com.br\/noticias\/#\/schema\/logo\/image\/\",\"url\":\"https:\/\/files.sunoresearch.com.br\/n\/uploads\/2021\/09\/suno-logo.png\",\"contentUrl\":\"https:\/\/files.sunoresearch.com.br\/n\/uploads\/2021\/09\/suno-logo.png\",\"width\":180,\"height\":180,\"caption\":\"Suno Not\u00edcias\"},\"image\":{\"@id\":\"https:\/\/www.suno.com.br\/noticias\/#\/schema\/logo\/image\/\"},\"sameAs\":[\"https:\/\/facebook.com\/sunoresearch\",\"https:\/\/x.com\/sunoresearch\",\"https:\/\/www.instagram.com\/suno\",\"https:\/\/www.linkedin.com\/company\/suno-research\/\",\"https:\/\/www.youtube.com\/c\/sunoresearch\"]},{\"@type\":\"Person\",\"@id\":\"https:\/\/www.suno.com.br\/noticias\/#\/schema\/person\/e672ca8cea627fe715fa29bca7da95e0\",\"name\":\"Rafaela La Regina\",\"image\":{\"@type\":\"ImageObject\",\"inLanguage\":\"pt-BR\",\"@id\":\"https:\/\/www.suno.com.br\/noticias\/#\/schema\/person\/image\/\",\"url\":\"https:\/\/secure.gravatar.com\/avatar\/d2c75a52d243deb93d0465fdcb21bd37?s=96&r=g\",\"contentUrl\":\"https:\/\/secure.gravatar.com\/avatar\/d2c75a52d243deb93d0465fdcb21bd37?s=96&r=g\",\"caption\":\"Rafaela La Regina\"},\"description\":\"Estagi\u00e1ria no Suno Not\u00edcias. Escreve sobre economia, pol\u00edtica e neg\u00f3cios. Estuda Rela\u00e7\u00f5es Internacionais no IBMEC-SP.\",\"url\":\"https:\/\/www.suno.com.br\/noticias\/author\/rafaela-la-regina\/\"}]}<\/script>\n<!-- \/ Yoast SEO plugin. -->","yoast_head_json":{"title":"Infla\u00e7\u00e3o deve aumentar nos pr\u00f3ximos meses na zona do euro, diz BCE","description":"\"Continuaremos monitorando a evolu\u00e7\u00e3o da taxa de c\u00e2mbio\", informou a presidente do BCE, Christine Lagarde. Clique aqui para saber mais.","robots":{"index":"index","follow":"follow","max-snippet":"max-snippet:-1","max-image-preview":"max-image-preview:large","max-video-preview":"max-video-preview:-1"},"canonical":"https:\/\/www.suno.com.br\/noticias\/inflacao-aumentar-zona-euro-bce\/","og_locale":"pt_BR","og_type":"article","og_title":"Infla\u00e7\u00e3o deve aumentar nos pr\u00f3ximos meses na zona do euro, diz BCE","og_description":"\"Continuaremos monitorando a evolu\u00e7\u00e3o da taxa de c\u00e2mbio\", informou a presidente do BCE, Christine Lagarde. Clique aqui para saber mais.","og_url":"https:\/\/www.suno.com.br\/noticias\/inflacao-aumentar-zona-euro-bce\/","og_site_name":"Suno Not\u00edcias","article_publisher":"https:\/\/facebook.com\/sunoresearch","og_image":[{"width":770,"height":433,"url":"https:\/\/files.sunoresearch.com.br\/n\/uploads\/2021\/01\/b10bf432-bce.jpg","type":"image\/jpeg"}],"author":"Rafaela La Regina","twitter_card":"summary_large_image","twitter_creator":"@sunoresearch","twitter_site":"@sunoresearch","twitter_misc":{"Escrito por":"Rafaela La Regina","Est. tempo de leitura":"2 minutos"},"schema":{"@context":"https:\/\/schema.org","@graph":[{"@type":"NewsArticle","@id":"https:\/\/www.suno.com.br\/noticias\/inflacao-aumentar-zona-euro-bce\/#article","isPartOf":{"@id":"https:\/\/www.suno.com.br\/noticias\/inflacao-aumentar-zona-euro-bce\/"},"author":{"name":"Rafaela La Regina","@id":"https:\/\/www.suno.com.br\/noticias\/#\/schema\/person\/e672ca8cea627fe715fa29bca7da95e0"},"headline":"Infla\u00e7\u00e3o deve aumentar nos pr\u00f3ximos meses na zona do euro, diz BCE","datePublished":"2021-01-21T18:05:46+00:00","dateModified":"2021-02-18T01:43:12+00:00","mainEntityOfPage":{"@id":"https:\/\/www.suno.com.br\/noticias\/inflacao-aumentar-zona-euro-bce\/"},"wordCount":431,"publisher":{"@id":"https:\/\/www.suno.com.br\/noticias\/#organization"},"image":{"@id":"https:\/\/www.suno.com.br\/noticias\/inflacao-aumentar-zona-euro-bce\/#primaryimage"},"thumbnailUrl":"https:\/\/files.sunoresearch.com.br\/n\/uploads\/2021\/01\/b10bf432-bce-jpg.webp","keywords":["Banco Central Europeu (BCE)","Christine Lagarde","infla\u00e7\u00e3o","pol\u00edtica fiscal","pol\u00edtica monet\u00e1ria","zona do euro"],"articleSection":["Internacional"],"inLanguage":"pt-BR"},{"@type":"WebPage","@id":"https:\/\/www.suno.com.br\/noticias\/inflacao-aumentar-zona-euro-bce\/","url":"https:\/\/www.suno.com.br\/noticias\/inflacao-aumentar-zona-euro-bce\/","name":"Infla\u00e7\u00e3o deve aumentar nos pr\u00f3ximos meses na zona do euro, diz BCE","isPartOf":{"@id":"https:\/\/www.suno.com.br\/noticias\/#website"},"primaryImageOfPage":{"@id":"https:\/\/www.suno.com.br\/noticias\/inflacao-aumentar-zona-euro-bce\/#primaryimage"},"image":{"@id":"https:\/\/www.suno.com.br\/noticias\/inflacao-aumentar-zona-euro-bce\/#primaryimage"},"thumbnailUrl":"https:\/\/files.sunoresearch.com.br\/n\/uploads\/2021\/01\/b10bf432-bce-jpg.webp","datePublished":"2021-01-21T18:05:46+00:00","dateModified":"2021-02-18T01:43:12+00:00","description":"\"Continuaremos monitorando a evolu\u00e7\u00e3o da taxa de c\u00e2mbio\", informou a presidente do BCE, Christine Lagarde. Clique aqui para saber mais.","breadcrumb":{"@id":"https:\/\/www.suno.com.br\/noticias\/inflacao-aumentar-zona-euro-bce\/#breadcrumb"},"inLanguage":"pt-BR","potentialAction":[{"@type":"ReadAction","target":["https:\/\/www.suno.com.br\/noticias\/inflacao-aumentar-zona-euro-bce\/"]}]},{"@type":"ImageObject","inLanguage":"pt-BR","@id":"https:\/\/www.suno.com.br\/noticias\/inflacao-aumentar-zona-euro-bce\/#primaryimage","url":"https:\/\/files.sunoresearch.com.br\/n\/uploads\/2021\/01\/b10bf432-bce-jpg.webp","contentUrl":"https:\/\/files.sunoresearch.com.br\/n\/uploads\/2021\/01\/b10bf432-bce-jpg.webp","width":770,"height":433,"caption":"BCE"},{"@type":"BreadcrumbList","@id":"https:\/\/www.suno.com.br\/noticias\/inflacao-aumentar-zona-euro-bce\/#breadcrumb","itemListElement":[{"@type":"ListItem","position":1,"name":"Not\u00edcias","item":"https:\/\/www.suno.com.br\/noticias\/"},{"@type":"ListItem","position":2,"name":"Internacional","item":"https:\/\/www.suno.com.br\/noticias\/internacional\/"},{"@type":"ListItem","position":3,"name":"Infla\u00e7\u00e3o deve aumentar nos pr\u00f3ximos meses na zona do euro, diz BCE"}]},{"@type":"WebSite","@id":"https:\/\/www.suno.com.br\/noticias\/#website","url":"https:\/\/www.suno.com.br\/noticias\/","name":"Suno Not\u00edcias","description":"Seu portal de informa\u00e7\u00e3o sobre o mundo dos investimentos","publisher":{"@id":"https:\/\/www.suno.com.br\/noticias\/#organization"},"potentialAction":[{"@type":"SearchAction","target":{"@type":"EntryPoint","urlTemplate":"https:\/\/www.suno.com.br\/noticias\/?s={search_term_string}"},"query-input":{"@type":"PropertyValueSpecification","valueRequired":true,"valueName":"search_term_string"}}],"inLanguage":"pt-BR"},{"@type":"Organization","@id":"https:\/\/www.suno.com.br\/noticias\/#organization","name":"Suno Not\u00edcias","url":"https:\/\/www.suno.com.br\/noticias\/","logo":{"@type":"ImageObject","inLanguage":"pt-BR","@id":"https:\/\/www.suno.com.br\/noticias\/#\/schema\/logo\/image\/","url":"https:\/\/files.sunoresearch.com.br\/n\/uploads\/2021\/09\/suno-logo.png","contentUrl":"https:\/\/files.sunoresearch.com.br\/n\/uploads\/2021\/09\/suno-logo.png","width":180,"height":180,"caption":"Suno Not\u00edcias"},"image":{"@id":"https:\/\/www.suno.com.br\/noticias\/#\/schema\/logo\/image\/"},"sameAs":["https:\/\/facebook.com\/sunoresearch","https:\/\/x.com\/sunoresearch","https:\/\/www.instagram.com\/suno","https:\/\/www.linkedin.com\/company\/suno-research\/","https:\/\/www.youtube.com\/c\/sunoresearch"]},{"@type":"Person","@id":"https:\/\/www.suno.com.br\/noticias\/#\/schema\/person\/e672ca8cea627fe715fa29bca7da95e0","name":"Rafaela La Regina","image":{"@type":"ImageObject","inLanguage":"pt-BR","@id":"https:\/\/www.suno.com.br\/noticias\/#\/schema\/person\/image\/","url":"https:\/\/secure.gravatar.com\/avatar\/d2c75a52d243deb93d0465fdcb21bd37?s=96&r=g","contentUrl":"https:\/\/secure.gravatar.com\/avatar\/d2c75a52d243deb93d0465fdcb21bd37?s=96&r=g","caption":"Rafaela La Regina"},"description":"Estagi\u00e1ria no Suno Not\u00edcias. Escreve sobre economia, pol\u00edtica e neg\u00f3cios. Estuda Rela\u00e7\u00f5es Internacionais no IBMEC-SP.","url":"https:\/\/www.suno.com.br\/noticias\/author\/rafaela-la-regina\/"}]}},"default_loop_html":"<div class=\"cardsPage__listCard__boxs\"><div class=\"cardsPage__listCard__boxs__img\"><a href=\"https:\/\/www.suno.com.br\/noticias\/inflacao-aumentar-zona-euro-bce\/\"><img class=\"mask\" src=\"https:\/\/www.suno.com.br\/noticias\/wp-content\/themes\/suno\/resources\/images\/spotlight\/spotlight1img\/bg-mask.png\" alt=\"Image Mask\"\/><img src=\"https:\/\/files.sunoresearch.com.br\/n\/uploads\/2021\/01\/b10bf432-bce-400x200.webp\" alt=\"Infla\u00e7\u00e3o deve aumentar nos pr\u00f3ximos meses na zona do euro, diz BCE\"\/><\/a><span class=\"spotlightCategory\"><a href=\"https:\/\/www.suno.com.br\/noticias\/internacional\/\">Internacional<\/a><\/span><\/div><div class=\"cardsPage__listCard__boxs__content\"><a href=\"https:\/\/www.suno.com.br\/noticias\/inflacao-aumentar-zona-euro-bce\/\"><h2 class=\"content__title\">Infla\u00e7\u00e3o deve aumentar nos pr\u00f3ximos meses na zona do euro, diz BCE<\/h2><\/a><div class=\"newsContent__article__meta\"><div class=\"newsContent__article__meta__authorBox\"><a href=\"https:\/\/www.suno.com.br\/noticias\/author\/rafaela-la-regina\/\" class=\"authorBox__avatar noMobi\"><img src=\"https:\/\/secure.gravatar.com\/avatar\/d2c75a52d243deb93d0465fdcb21bd37?s=96&#038;r=g\" alt=\"Rafaela La Regina\"><\/a><div class=\"authorBox__name\"><span>por\n\t\t\t<a href=\"https:\/\/www.suno.com.br\/noticias\/author\/rafaela-la-regina\/\"><span itemprop=\"author\">Rafaela La Regina<\/span><\/a><\/span><time datetime=\"2021-01-21T15:05:46-03:00\" itemprop=\"datePublished\">21\/01\/2021 15:05<\/time><\/div><\/div><\/div><\/div><\/div>","single_layout":"posts","amp_enabled":true,"_links":{"self":[{"href":"https:\/\/www.suno.com.br\/noticias\/wp-json\/wp\/v2\/posts\/115031"}],"collection":[{"href":"https:\/\/www.suno.com.br\/noticias\/wp-json\/wp\/v2\/posts"}],"about":[{"href":"https:\/\/www.suno.com.br\/noticias\/wp-json\/wp\/v2\/types\/post"}],"author":[{"embeddable":true,"href":"https:\/\/www.suno.com.br\/noticias\/wp-json\/wp\/v2\/users\/56"}],"replies":[{"embeddable":true,"href":"https:\/\/www.suno.com.br\/noticias\/wp-json\/wp\/v2\/comments?post=115031"}],"version-history":[{"count":0,"href":"https:\/\/www.suno.com.br\/noticias\/wp-json\/wp\/v2\/posts\/115031\/revisions"}],"wp:featuredmedia":[{"embeddable":true,"href":"https:\/\/www.suno.com.br\/noticias\/wp-json\/wp\/v2\/media\/115049"}],"wp:attachment":[{"href":"https:\/\/www.suno.com.br\/noticias\/wp-json\/wp\/v2\/media?parent=115031"}],"wp:term":[{"taxonomy":"category","embeddable":true,"href":"https:\/\/www.suno.com.br\/noticias\/wp-json\/wp\/v2\/categories?post=115031"},{"taxonomy":"post_tag","embeddable":true,"href":"https:\/\/www.suno.com.br\/noticias\/wp-json\/wp\/v2\/tags?post=115031"},{"taxonomy":"suno_strategy","embeddable":true,"href":"https:\/\/www.suno.com.br\/noticias\/wp-json\/wp\/v2\/suno_strategy?post=115031"}],"curies":[{"name":"wp","href":"https:\/\/api.w.org\/{rel}","templated":true}]}}