{"id":11484,"date":"2019-01-14T09:47:08","date_gmt":"2019-01-14T11:47:08","guid":{"rendered":"https:\/\/www.suno.com.br\/noticias\/?p=11484"},"modified":"2019-01-15T07:28:13","modified_gmt":"2019-01-15T09:28:13","slug":"china-exportacoes-importacoes","status":"publish","type":"post","link":"https:\/\/www.suno.com.br\/noticias\/china-exportacoes-importacoes\/","title":{"rendered":"China tem menor volume de exporta\u00e7\u00f5es e importa\u00e7\u00f5es em dezembro"},"content":{"rendered":"<p>Os dados da <a href=\"https:\/\/www.suno.com.br\/artigos\/balanca-comercial\/\">balan\u00e7a comercial<\/a> da China foram divulgados hoje.O desempenho do pa\u00eds asi\u00e1tico\u00a0foi afetado pela <a href=\"https:\/\/www.suno.com.br\/artigos\/guerra-comercial\/\">guerra comercial<\/a>, o conflito tarif\u00e1rio que protagoniza em conjunto com os EUA.<\/p>\t<div class=\"wrapper-featured-image\">\n\t\t<figure class=\"spotlightImg\">\n\n\t\t\t<picture>\n\t\t\t\t<source media=\"(max-width: 768px)\" srcset=\"https:\/\/files.sunoresearch.com.br\/n\/uploads\/2019\/01\/f52e08bd-china-400x200.webp\">\n\t\t\t\t<img loading=\"lazy\" decoding=\"async\" class=\"newsContent__article__imgCapa lazyloadDisabled newsContent__article__imgCapa--noCaption\" src=\"https:\/\/files.sunoresearch.com.br\/n\/uploads\/2019\/01\/f52e08bd-china-800x450.webp\" width=\"800\" height=\"450\" alt=\"China tem menor volume de exporta\u00e7\u00f5es e importa\u00e7\u00f5es em dezembro\" fetchpriority=high \/>\n\t\t\t<\/picture>\n\n\t\t\t<figcaption class=\"wp-caption-text wp-caption-text--hide\">Coronav\u00edrus: China corta juros e injeta US$ 14,2 bi na economia<\/figcaption>\n\t\t<\/figure>\n\t<\/div>\n\n\n<p>Confira abaixo os dados da balan\u00e7a comercial da <strong>China\u00a0<\/strong>de dezembro de 2018,\u00a0de acordo\u00a0com dados da Administra\u00e7\u00e3o Geral de Alf\u00e2ndegas:<\/p>\n<ul>\n<li><strong>Exporta\u00e7\u00f5es<\/strong> de dezembro:\u00a0queda de 4,4% ante o mesmo per\u00edodo de 2017.<\/li>\n<li><strong>Importa\u00e7\u00f5es<\/strong> de dezembro: queda de 7,6% ante o mesmo per\u00edodo de 2017.<\/li>\n<li><strong>Super\u00e1vit\u00a0<\/strong>de dezembro:\u00a0considerando-se todos os parceiros comerciais, totalizou US$ 57 bilh\u00f5es.<\/li>\n<\/ul>\n<p><a href=\"https:\/\/www.suno.com.br\/noticias\/china-avanco-questoes-negociacoes-eua\/\">Saiba mais &#8211;\u00a0China diz que negocia\u00e7\u00f5es com EUA sobre com\u00e9rcio avan\u00e7aram\u00a0<\/a><\/p>\n<p>Em compara\u00e7\u00e3o, confira abaixo os dados de novembro de 2018:<\/p>\n<ul>\n<li><strong>Exporta\u00e7\u00f5es<\/strong> de novembro:\u00a0alta de 5,4% ante o mesmo per\u00edodo de 2017.<\/li>\n<li><strong>Importa\u00e7\u00f5es<\/strong> de novembro: alta de 3% ante o mesmo per\u00edodo de 2017.<\/li>\n<li><strong>Super\u00e1vit\u00a0<\/strong>de novembro:\u00a0considerando-se todos os parceiros comerciais, totalizou US$ 44,75 bilh\u00f5es.<\/li>\n<\/ul>\n<p>De acordo com um levantamento feito pelo The Wall Street Journal (WSJ), o mercado previa que:<\/p>\n<ul>\n<li><strong>Exporta\u00e7\u00f5es<\/strong> de dezembro:\u00a0cresceriam por volta de 2,5% ante o mesmo per\u00edodo de 2017.<\/li>\n<li><strong>Importa\u00e7\u00f5es<\/strong> de dezembro: cresceriam por volta de 3% ante o mesmo per\u00edodo de 2017.<\/li>\n<li><strong>Super\u00e1vit\u00a0<\/strong>de dezembro: alcan\u00e7aria valor similar a US$ 53 bilh\u00f5es.<\/li>\n<\/ul>\n<p><a href=\"https:\/\/www.suno.com.br\/noticias\/eua-diz-china-prometeu-comprar-produtos\/\">Saiba mais &#8211;\u00a0EUA diz que China prometeu comprar grande volume de produtos\u00a0<\/a><\/p>\n<h2>2018<\/h2>\n<p>Assim, no ano de <strong>2018<\/strong>, os resultados foram:<\/p>\n<ul>\n<li><strong>Exporta\u00e7\u00f5es<\/strong> de 2018: cresceram 9,9% ante o ano anterior.<\/li>\n<li><strong>Importa\u00e7\u00f5es<\/strong> de 2018:\u00a0 subiram 15,8%\u00a0ante o ano anterior.<\/li>\n<li><strong>Super\u00e1vit\u00a0<\/strong>de 2018: somou\u00a0US$ 351,76 bilh\u00f5es\u00a0ante o ano anterior.<\/li>\n<\/ul>\n<p>Na compara\u00e7\u00e3o, em 2017 os valores assumiam:<\/p>\n<ul>\n<li><strong>Exporta\u00e7\u00f5es<\/strong> de 2017: cresceram 7,9% ante o ano anterior.<\/li>\n<li><strong>Importa\u00e7\u00f5es<\/strong> de 2017:\u00a0 subiram 15,9%\u00a0ante o ano anterior.<\/li>\n<li><strong>Super\u00e1vit\u00a0<\/strong>de 2017: somou US$ 422,51 bilh\u00f5es ante o ano anterior.<\/li>\n<\/ul>\n<h2>EUA<\/h2>\n<p>Apesar da guerra comercial, o <a href=\"https:\/\/www.suno.com.br\/artigos\/superavit-comercial\/\">super\u00e1vit comercial<\/a> da <strong>China<\/strong> com os Estados Unidos apresentou melhora no ano passado.<\/p>\n<p>Se em 2017 os chineses haviam arrecadado\u00a0US$ 275,8 bilh\u00f5es dos EUA, em 2018 o total recolhido foi de\u00a0US$ 323,3 bilh\u00f5es.<\/p>\n<p>Assim, as <strong>exporta\u00e7\u00f5es<\/strong> chinesas para os Estados Unidos subiram 11,3% no ano anterior. As <strong>importa\u00e7\u00f5es<\/strong> dos norte-americanos cresceram apenas 0,7% em igual per\u00edodo.<\/p>\n<p><a href=\"https:\/\/www.suno.com.br\/noticias\/investimentos-diretos-china-brasil-caem\/\">Saiba mais &#8211;\u00a0Investimentos diretos da China no Brasil caem 75% em 2018\u00a0<\/a><\/p>\n<h2>Coreia do Norte<\/h2>\n<p>Devido \u00e0s san\u00e7\u00f5es econ\u00f4micas do Conselho de Seguran\u00e7a da ONU, a <strong>China<\/strong> diminuiu o com\u00e9rcio com a Coreia do Norte em 2018.<\/p>\n<p>As exporta\u00e7\u00f5es para a na\u00e7\u00e3o norte-coreana ca\u00edram 33,3%, para 14,67 bilh\u00f5es de yuans (US$ 2,18 bilh\u00f5es) . J\u00e1 as importa\u00e7\u00f5es ca\u00edram 88,8%\u00a0para 1,42 bilh\u00e3o de yuans.<\/p>\n<p>Assim,\u00a0o super\u00e1vit comercial da <strong>China<\/strong> com a Coreia do Norte recuou para 13,26 bilh\u00f5es de yuans em 2018. Isto representa queda de 30% ante o ano anterior.<\/p>\n","protected":false},"excerpt":{"rendered":"<p>Os dados da balan\u00e7a comercial da China foram divulgados hoje.O desempenho do pa\u00eds asi\u00e1tico\u00a0foi afetado pela guerra comercial, o conflito tarif\u00e1rio que protagoniza em conjunto com os EUA. Coronav\u00edrus: China corta juros e injeta US$ 14,2 bi na economia Confira abaixo os dados da balan\u00e7a comercial da China\u00a0de dezembro de 2018,\u00a0de acordo\u00a0com dados da Administra\u00e7\u00e3o [&hellip;]<\/p>\n","protected":false},"author":12,"featured_media":10361,"comment_status":"closed","ping_status":"closed","sticky":false,"template":"","format":"standard","meta":[],"categories":[63],"tags":[914,711,707,706],"suno_strategy":[],"class_list":["post-11484","post","type-post","status-publish","format-standard","has-post-thumbnail","hentry","category-internacional","tag-balanca-comercial","tag-china","tag-exportacoes","tag-importacoes"],"yoast_head":"<!-- This site is optimized with the Yoast SEO plugin v24.4 - https:\/\/yoast.com\/wordpress\/plugins\/seo\/ -->\n<title>China tem menor volume de exporta\u00e7\u00f5es e importa\u00e7\u00f5es em dezembro<\/title>\n<meta name=\"description\" content=\"As exporta\u00e7\u00f5es e importa\u00e7\u00f5es da China ca\u00edram em dezembro de 2018 ante o mesmo per\u00edodo de 2017. Clique para saber mais.\" \/>\n<meta name=\"robots\" content=\"index, follow, max-snippet:-1, max-image-preview:large, max-video-preview:-1\" \/>\n<link rel=\"canonical\" href=\"https:\/\/www.suno.com.br\/noticias\/china-exportacoes-importacoes\/\" \/>\n<meta property=\"og:locale\" content=\"pt_BR\" \/>\n<meta property=\"og:type\" content=\"article\" \/>\n<meta property=\"og:title\" content=\"China tem menor volume de exporta\u00e7\u00f5es e importa\u00e7\u00f5es em dezembro\" \/>\n<meta property=\"og:description\" content=\"As exporta\u00e7\u00f5es e importa\u00e7\u00f5es da China ca\u00edram em dezembro de 2018 ante o mesmo per\u00edodo de 2017. Clique para saber mais.\" \/>\n<meta property=\"og:url\" content=\"https:\/\/www.suno.com.br\/noticias\/china-exportacoes-importacoes\/\" \/>\n<meta property=\"og:site_name\" content=\"Suno Not\u00edcias\" \/>\n<meta property=\"article:publisher\" content=\"https:\/\/facebook.com\/sunoresearch\" \/>\n<meta property=\"og:image\" content=\"https:\/\/files.sunoresearch.com.br\/n\/uploads\/2019\/01\/f52e08bd-china.jpg\" \/>\n\t<meta property=\"og:image:width\" content=\"1024\" \/>\n\t<meta property=\"og:image:height\" content=\"768\" \/>\n\t<meta property=\"og:image:type\" content=\"image\/jpeg\" \/>\n<meta name=\"author\" content=\"Amanda Gushiken\" \/>\n<meta name=\"twitter:card\" content=\"summary_large_image\" \/>\n<meta name=\"twitter:creator\" content=\"@sunoresearch\" \/>\n<meta name=\"twitter:site\" content=\"@sunoresearch\" \/>\n<meta name=\"twitter:label1\" content=\"Escrito por\" \/>\n\t<meta name=\"twitter:data1\" content=\"Amanda Gushiken\" \/>\n\t<meta name=\"twitter:label2\" content=\"Est. tempo de leitura\" \/>\n\t<meta name=\"twitter:data2\" content=\"2 minutos\" \/>\n<script type=\"application\/ld+json\" class=\"yoast-schema-graph\">{\"@context\":\"https:\/\/schema.org\",\"@graph\":[{\"@type\":\"NewsArticle\",\"@id\":\"https:\/\/www.suno.com.br\/noticias\/china-exportacoes-importacoes\/#article\",\"isPartOf\":{\"@id\":\"https:\/\/www.suno.com.br\/noticias\/china-exportacoes-importacoes\/\"},\"author\":{\"name\":\"Amanda Gushiken\",\"@id\":\"https:\/\/www.suno.com.br\/noticias\/#\/schema\/person\/a5b06fa4e879d8e8e119c6ed3cd630d1\"},\"headline\":\"China tem menor volume de exporta\u00e7\u00f5es e importa\u00e7\u00f5es em dezembro\",\"datePublished\":\"2019-01-14T11:47:08+00:00\",\"dateModified\":\"2019-01-15T09:28:13+00:00\",\"mainEntityOfPage\":{\"@id\":\"https:\/\/www.suno.com.br\/noticias\/china-exportacoes-importacoes\/\"},\"wordCount\":465,\"publisher\":{\"@id\":\"https:\/\/www.suno.com.br\/noticias\/#organization\"},\"image\":{\"@id\":\"https:\/\/www.suno.com.br\/noticias\/china-exportacoes-importacoes\/#primaryimage\"},\"thumbnailUrl\":\"https:\/\/files.sunoresearch.com.br\/n\/uploads\/2019\/01\/f52e08bd-china-jpg.webp\",\"keywords\":[\"balan\u00e7a comercial\",\"China\",\"exporta\u00e7\u00f5es\",\"importa\u00e7\u00f5es\"],\"articleSection\":[\"Internacional\"],\"inLanguage\":\"pt-BR\"},{\"@type\":\"WebPage\",\"@id\":\"https:\/\/www.suno.com.br\/noticias\/china-exportacoes-importacoes\/\",\"url\":\"https:\/\/www.suno.com.br\/noticias\/china-exportacoes-importacoes\/\",\"name\":\"China tem menor volume de exporta\u00e7\u00f5es e importa\u00e7\u00f5es em dezembro\",\"isPartOf\":{\"@id\":\"https:\/\/www.suno.com.br\/noticias\/#website\"},\"primaryImageOfPage\":{\"@id\":\"https:\/\/www.suno.com.br\/noticias\/china-exportacoes-importacoes\/#primaryimage\"},\"image\":{\"@id\":\"https:\/\/www.suno.com.br\/noticias\/china-exportacoes-importacoes\/#primaryimage\"},\"thumbnailUrl\":\"https:\/\/files.sunoresearch.com.br\/n\/uploads\/2019\/01\/f52e08bd-china-jpg.webp\",\"datePublished\":\"2019-01-14T11:47:08+00:00\",\"dateModified\":\"2019-01-15T09:28:13+00:00\",\"description\":\"As exporta\u00e7\u00f5es e importa\u00e7\u00f5es da China ca\u00edram em dezembro de 2018 ante o mesmo per\u00edodo de 2017. Clique para saber mais.\",\"breadcrumb\":{\"@id\":\"https:\/\/www.suno.com.br\/noticias\/china-exportacoes-importacoes\/#breadcrumb\"},\"inLanguage\":\"pt-BR\",\"potentialAction\":[{\"@type\":\"ReadAction\",\"target\":[\"https:\/\/www.suno.com.br\/noticias\/china-exportacoes-importacoes\/\"]}]},{\"@type\":\"ImageObject\",\"inLanguage\":\"pt-BR\",\"@id\":\"https:\/\/www.suno.com.br\/noticias\/china-exportacoes-importacoes\/#primaryimage\",\"url\":\"https:\/\/files.sunoresearch.com.br\/n\/uploads\/2019\/01\/f52e08bd-china-jpg.webp\",\"contentUrl\":\"https:\/\/files.sunoresearch.com.br\/n\/uploads\/2019\/01\/f52e08bd-china-jpg.webp\",\"width\":1024,\"height\":768,\"caption\":\"Coronav\u00edrus: China corta juros e injeta US$ 14,2 bi na economia\"},{\"@type\":\"BreadcrumbList\",\"@id\":\"https:\/\/www.suno.com.br\/noticias\/china-exportacoes-importacoes\/#breadcrumb\",\"itemListElement\":[{\"@type\":\"ListItem\",\"position\":1,\"name\":\"Not\u00edcias\",\"item\":\"https:\/\/www.suno.com.br\/noticias\/\"},{\"@type\":\"ListItem\",\"position\":2,\"name\":\"Internacional\",\"item\":\"https:\/\/www.suno.com.br\/noticias\/internacional\/\"},{\"@type\":\"ListItem\",\"position\":3,\"name\":\"China tem menor volume de exporta\u00e7\u00f5es e importa\u00e7\u00f5es em dezembro\"}]},{\"@type\":\"WebSite\",\"@id\":\"https:\/\/www.suno.com.br\/noticias\/#website\",\"url\":\"https:\/\/www.suno.com.br\/noticias\/\",\"name\":\"Suno Not\u00edcias\",\"description\":\"Seu portal de informa\u00e7\u00e3o sobre o mundo dos investimentos\",\"publisher\":{\"@id\":\"https:\/\/www.suno.com.br\/noticias\/#organization\"},\"potentialAction\":[{\"@type\":\"SearchAction\",\"target\":{\"@type\":\"EntryPoint\",\"urlTemplate\":\"https:\/\/www.suno.com.br\/noticias\/?s={search_term_string}\"},\"query-input\":{\"@type\":\"PropertyValueSpecification\",\"valueRequired\":true,\"valueName\":\"search_term_string\"}}],\"inLanguage\":\"pt-BR\"},{\"@type\":\"Organization\",\"@id\":\"https:\/\/www.suno.com.br\/noticias\/#organization\",\"name\":\"Suno Not\u00edcias\",\"url\":\"https:\/\/www.suno.com.br\/noticias\/\",\"logo\":{\"@type\":\"ImageObject\",\"inLanguage\":\"pt-BR\",\"@id\":\"https:\/\/www.suno.com.br\/noticias\/#\/schema\/logo\/image\/\",\"url\":\"https:\/\/files.sunoresearch.com.br\/n\/uploads\/2021\/09\/suno-logo.png\",\"contentUrl\":\"https:\/\/files.sunoresearch.com.br\/n\/uploads\/2021\/09\/suno-logo.png\",\"width\":180,\"height\":180,\"caption\":\"Suno Not\u00edcias\"},\"image\":{\"@id\":\"https:\/\/www.suno.com.br\/noticias\/#\/schema\/logo\/image\/\"},\"sameAs\":[\"https:\/\/facebook.com\/sunoresearch\",\"https:\/\/x.com\/sunoresearch\",\"https:\/\/www.instagram.com\/suno\",\"https:\/\/www.linkedin.com\/company\/suno-research\/\",\"https:\/\/www.youtube.com\/c\/sunoresearch\"]},{\"@type\":\"Person\",\"@id\":\"https:\/\/www.suno.com.br\/noticias\/#\/schema\/person\/a5b06fa4e879d8e8e119c6ed3cd630d1\",\"name\":\"Amanda Gushiken\",\"image\":{\"@type\":\"ImageObject\",\"inLanguage\":\"pt-BR\",\"@id\":\"https:\/\/www.suno.com.br\/noticias\/#\/schema\/person\/image\/\",\"url\":\"https:\/\/secure.gravatar.com\/avatar\/ecd84705e6b65e3685ae80d725501fbe?s=96&r=g\",\"contentUrl\":\"https:\/\/secure.gravatar.com\/avatar\/ecd84705e6b65e3685ae80d725501fbe?s=96&r=g\",\"caption\":\"Amanda Gushiken\"},\"description\":\"Amanda Sayuri Gushiken escreve sobre finan\u00e7as e neg\u00f3cios para o portal Suno Not\u00edcias. Antes, trabalhou selecionando not\u00edcias da imprensa para clientes do mercado financeiro. Tamb\u00e9m desenvolveu pesquisa acad\u00eamica pela Universidade Anhembi Morumbi na \u00e1rea de Teorias da Comunica\u00e7\u00e3o e \u00e9 fot\u00f3grafa nas horas vagas.\",\"url\":\"https:\/\/www.suno.com.br\/noticias\/author\/amanda\/\"}]}<\/script>\n<!-- \/ Yoast SEO plugin. -->","yoast_head_json":{"title":"China tem menor volume de exporta\u00e7\u00f5es e importa\u00e7\u00f5es em dezembro","description":"As exporta\u00e7\u00f5es e importa\u00e7\u00f5es da China ca\u00edram em dezembro de 2018 ante o mesmo per\u00edodo de 2017. Clique para saber mais.","robots":{"index":"index","follow":"follow","max-snippet":"max-snippet:-1","max-image-preview":"max-image-preview:large","max-video-preview":"max-video-preview:-1"},"canonical":"https:\/\/www.suno.com.br\/noticias\/china-exportacoes-importacoes\/","og_locale":"pt_BR","og_type":"article","og_title":"China tem menor volume de exporta\u00e7\u00f5es e importa\u00e7\u00f5es em dezembro","og_description":"As exporta\u00e7\u00f5es e importa\u00e7\u00f5es da China ca\u00edram em dezembro de 2018 ante o mesmo per\u00edodo de 2017. Clique para saber mais.","og_url":"https:\/\/www.suno.com.br\/noticias\/china-exportacoes-importacoes\/","og_site_name":"Suno Not\u00edcias","article_publisher":"https:\/\/facebook.com\/sunoresearch","og_image":[{"width":1024,"height":768,"url":"https:\/\/files.sunoresearch.com.br\/n\/uploads\/2019\/01\/f52e08bd-china.jpg","type":"image\/jpeg"}],"author":"Amanda Gushiken","twitter_card":"summary_large_image","twitter_creator":"@sunoresearch","twitter_site":"@sunoresearch","twitter_misc":{"Escrito por":"Amanda Gushiken","Est. tempo de leitura":"2 minutos"},"schema":{"@context":"https:\/\/schema.org","@graph":[{"@type":"NewsArticle","@id":"https:\/\/www.suno.com.br\/noticias\/china-exportacoes-importacoes\/#article","isPartOf":{"@id":"https:\/\/www.suno.com.br\/noticias\/china-exportacoes-importacoes\/"},"author":{"name":"Amanda Gushiken","@id":"https:\/\/www.suno.com.br\/noticias\/#\/schema\/person\/a5b06fa4e879d8e8e119c6ed3cd630d1"},"headline":"China tem menor volume de exporta\u00e7\u00f5es e importa\u00e7\u00f5es em dezembro","datePublished":"2019-01-14T11:47:08+00:00","dateModified":"2019-01-15T09:28:13+00:00","mainEntityOfPage":{"@id":"https:\/\/www.suno.com.br\/noticias\/china-exportacoes-importacoes\/"},"wordCount":465,"publisher":{"@id":"https:\/\/www.suno.com.br\/noticias\/#organization"},"image":{"@id":"https:\/\/www.suno.com.br\/noticias\/china-exportacoes-importacoes\/#primaryimage"},"thumbnailUrl":"https:\/\/files.sunoresearch.com.br\/n\/uploads\/2019\/01\/f52e08bd-china-jpg.webp","keywords":["balan\u00e7a comercial","China","exporta\u00e7\u00f5es","importa\u00e7\u00f5es"],"articleSection":["Internacional"],"inLanguage":"pt-BR"},{"@type":"WebPage","@id":"https:\/\/www.suno.com.br\/noticias\/china-exportacoes-importacoes\/","url":"https:\/\/www.suno.com.br\/noticias\/china-exportacoes-importacoes\/","name":"China tem menor volume de exporta\u00e7\u00f5es e importa\u00e7\u00f5es em dezembro","isPartOf":{"@id":"https:\/\/www.suno.com.br\/noticias\/#website"},"primaryImageOfPage":{"@id":"https:\/\/www.suno.com.br\/noticias\/china-exportacoes-importacoes\/#primaryimage"},"image":{"@id":"https:\/\/www.suno.com.br\/noticias\/china-exportacoes-importacoes\/#primaryimage"},"thumbnailUrl":"https:\/\/files.sunoresearch.com.br\/n\/uploads\/2019\/01\/f52e08bd-china-jpg.webp","datePublished":"2019-01-14T11:47:08+00:00","dateModified":"2019-01-15T09:28:13+00:00","description":"As exporta\u00e7\u00f5es e importa\u00e7\u00f5es da China ca\u00edram em dezembro de 2018 ante o mesmo per\u00edodo de 2017. Clique para saber mais.","breadcrumb":{"@id":"https:\/\/www.suno.com.br\/noticias\/china-exportacoes-importacoes\/#breadcrumb"},"inLanguage":"pt-BR","potentialAction":[{"@type":"ReadAction","target":["https:\/\/www.suno.com.br\/noticias\/china-exportacoes-importacoes\/"]}]},{"@type":"ImageObject","inLanguage":"pt-BR","@id":"https:\/\/www.suno.com.br\/noticias\/china-exportacoes-importacoes\/#primaryimage","url":"https:\/\/files.sunoresearch.com.br\/n\/uploads\/2019\/01\/f52e08bd-china-jpg.webp","contentUrl":"https:\/\/files.sunoresearch.com.br\/n\/uploads\/2019\/01\/f52e08bd-china-jpg.webp","width":1024,"height":768,"caption":"Coronav\u00edrus: China corta juros e injeta US$ 14,2 bi na economia"},{"@type":"BreadcrumbList","@id":"https:\/\/www.suno.com.br\/noticias\/china-exportacoes-importacoes\/#breadcrumb","itemListElement":[{"@type":"ListItem","position":1,"name":"Not\u00edcias","item":"https:\/\/www.suno.com.br\/noticias\/"},{"@type":"ListItem","position":2,"name":"Internacional","item":"https:\/\/www.suno.com.br\/noticias\/internacional\/"},{"@type":"ListItem","position":3,"name":"China tem menor volume de exporta\u00e7\u00f5es e importa\u00e7\u00f5es em dezembro"}]},{"@type":"WebSite","@id":"https:\/\/www.suno.com.br\/noticias\/#website","url":"https:\/\/www.suno.com.br\/noticias\/","name":"Suno Not\u00edcias","description":"Seu portal de informa\u00e7\u00e3o sobre o mundo dos investimentos","publisher":{"@id":"https:\/\/www.suno.com.br\/noticias\/#organization"},"potentialAction":[{"@type":"SearchAction","target":{"@type":"EntryPoint","urlTemplate":"https:\/\/www.suno.com.br\/noticias\/?s={search_term_string}"},"query-input":{"@type":"PropertyValueSpecification","valueRequired":true,"valueName":"search_term_string"}}],"inLanguage":"pt-BR"},{"@type":"Organization","@id":"https:\/\/www.suno.com.br\/noticias\/#organization","name":"Suno Not\u00edcias","url":"https:\/\/www.suno.com.br\/noticias\/","logo":{"@type":"ImageObject","inLanguage":"pt-BR","@id":"https:\/\/www.suno.com.br\/noticias\/#\/schema\/logo\/image\/","url":"https:\/\/files.sunoresearch.com.br\/n\/uploads\/2021\/09\/suno-logo.png","contentUrl":"https:\/\/files.sunoresearch.com.br\/n\/uploads\/2021\/09\/suno-logo.png","width":180,"height":180,"caption":"Suno Not\u00edcias"},"image":{"@id":"https:\/\/www.suno.com.br\/noticias\/#\/schema\/logo\/image\/"},"sameAs":["https:\/\/facebook.com\/sunoresearch","https:\/\/x.com\/sunoresearch","https:\/\/www.instagram.com\/suno","https:\/\/www.linkedin.com\/company\/suno-research\/","https:\/\/www.youtube.com\/c\/sunoresearch"]},{"@type":"Person","@id":"https:\/\/www.suno.com.br\/noticias\/#\/schema\/person\/a5b06fa4e879d8e8e119c6ed3cd630d1","name":"Amanda Gushiken","image":{"@type":"ImageObject","inLanguage":"pt-BR","@id":"https:\/\/www.suno.com.br\/noticias\/#\/schema\/person\/image\/","url":"https:\/\/secure.gravatar.com\/avatar\/ecd84705e6b65e3685ae80d725501fbe?s=96&r=g","contentUrl":"https:\/\/secure.gravatar.com\/avatar\/ecd84705e6b65e3685ae80d725501fbe?s=96&r=g","caption":"Amanda Gushiken"},"description":"Amanda Sayuri Gushiken escreve sobre finan\u00e7as e neg\u00f3cios para o portal Suno Not\u00edcias. Antes, trabalhou selecionando not\u00edcias da imprensa para clientes do mercado financeiro. Tamb\u00e9m desenvolveu pesquisa acad\u00eamica pela Universidade Anhembi Morumbi na \u00e1rea de Teorias da Comunica\u00e7\u00e3o e \u00e9 fot\u00f3grafa nas horas vagas.","url":"https:\/\/www.suno.com.br\/noticias\/author\/amanda\/"}]}},"default_loop_html":"<div class=\"cardsPage__listCard__boxs\"><div class=\"cardsPage__listCard__boxs__img\"><a href=\"https:\/\/www.suno.com.br\/noticias\/china-exportacoes-importacoes\/\"><img class=\"mask\" src=\"https:\/\/www.suno.com.br\/noticias\/wp-content\/themes\/suno\/resources\/images\/spotlight\/spotlight1img\/bg-mask.png\" alt=\"Image Mask\"\/><img src=\"https:\/\/files.sunoresearch.com.br\/n\/uploads\/2019\/01\/f52e08bd-china-400x200.webp\" alt=\"China tem menor volume de exporta\u00e7\u00f5es e importa\u00e7\u00f5es em dezembro\"\/><\/a><span class=\"spotlightCategory\"><a href=\"https:\/\/www.suno.com.br\/noticias\/internacional\/\">Internacional<\/a><\/span><\/div><div class=\"cardsPage__listCard__boxs__content\"><a href=\"https:\/\/www.suno.com.br\/noticias\/china-exportacoes-importacoes\/\"><h2 class=\"content__title\">China tem menor volume de exporta\u00e7\u00f5es e importa\u00e7\u00f5es em dezembro<\/h2><\/a><div class=\"newsContent__article__meta\"><div class=\"newsContent__article__meta__authorBox\"><a href=\"https:\/\/www.suno.com.br\/noticias\/author\/amanda\/\" class=\"authorBox__avatar noMobi\"><img src=\"https:\/\/files.sunoresearch.com.br\/n\/uploads\/2018\/11\/c6ad30be-amanda-150x150.webp\" alt=\"Amanda Gushiken\"><\/a><div class=\"authorBox__name\"><span>por\n\t\t\t<a href=\"https:\/\/www.suno.com.br\/noticias\/author\/amanda\/\"><span itemprop=\"author\">Amanda Gushiken<\/span><\/a><\/span><time datetime=\"2019-01-14T09:47:08-02:00\" itemprop=\"datePublished\">14\/01\/2019 09:47<\/time><\/div><\/div><\/div><\/div><\/div>","single_layout":"posts","amp_enabled":true,"_links":{"self":[{"href":"https:\/\/www.suno.com.br\/noticias\/wp-json\/wp\/v2\/posts\/11484"}],"collection":[{"href":"https:\/\/www.suno.com.br\/noticias\/wp-json\/wp\/v2\/posts"}],"about":[{"href":"https:\/\/www.suno.com.br\/noticias\/wp-json\/wp\/v2\/types\/post"}],"author":[{"embeddable":true,"href":"https:\/\/www.suno.com.br\/noticias\/wp-json\/wp\/v2\/users\/12"}],"replies":[{"embeddable":true,"href":"https:\/\/www.suno.com.br\/noticias\/wp-json\/wp\/v2\/comments?post=11484"}],"version-history":[{"count":0,"href":"https:\/\/www.suno.com.br\/noticias\/wp-json\/wp\/v2\/posts\/11484\/revisions"}],"wp:featuredmedia":[{"embeddable":true,"href":"https:\/\/www.suno.com.br\/noticias\/wp-json\/wp\/v2\/media\/10361"}],"wp:attachment":[{"href":"https:\/\/www.suno.com.br\/noticias\/wp-json\/wp\/v2\/media?parent=11484"}],"wp:term":[{"taxonomy":"category","embeddable":true,"href":"https:\/\/www.suno.com.br\/noticias\/wp-json\/wp\/v2\/categories?post=11484"},{"taxonomy":"post_tag","embeddable":true,"href":"https:\/\/www.suno.com.br\/noticias\/wp-json\/wp\/v2\/tags?post=11484"},{"taxonomy":"suno_strategy","embeddable":true,"href":"https:\/\/www.suno.com.br\/noticias\/wp-json\/wp\/v2\/suno_strategy?post=11484"}],"curies":[{"name":"wp","href":"https:\/\/api.w.org\/{rel}","templated":true}]}}