{"id":114826,"date":"2021-01-20T18:39:46","date_gmt":"2021-01-20T21:39:46","guid":{"rendered":"https:\/\/www.suno.com.br\/noticias\/?p=114826"},"modified":"2021-01-20T20:01:49","modified_gmt":"2021-01-20T23:01:49","slug":"selic-permanece-2-20012020","status":"publish","type":"post","link":"https:\/\/www.suno.com.br\/noticias\/selic-permanece-2-20012020\/","title":{"rendered":"Copom mant\u00e9m taxa Selic em 2% ao ano mas retira o forward guidance"},"content":{"rendered":"<p>A <a href=\"https:\/\/www.suno.com.br\/artigos\/taxa-de-juros-em-2020\/\">taxa b\u00e1sica de juros (<strong>Selic<\/strong>)<\/a> foi mantida mais uma vez em 2,00% ao ano pelo <a href=\"https:\/\/www.suno.com.br\/artigos\/copom\/\">Comit\u00ea de Pol\u00edtica Monet\u00e1ria (Copom)<\/a> do <a href=\"https:\/\/www.suno.com.br\/artigos\/bacen\/\">Banco Central (BC)<\/a> nesta quarta-feira (20).<\/p>\t<div class=\"wrapper-featured-image\">\n\t\t<figure class=\"spotlightImg\">\n\n\t\t\t<picture>\n\t\t\t\t<source media=\"(max-width: 768px)\" srcset=\"https:\/\/files.sunoresearch.com.br\/n\/uploads\/2018\/12\/521c980b-banco-central-do-brasil3-400x200.webp\">\n\t\t\t\t<img loading=\"lazy\" decoding=\"async\" class=\"newsContent__article__imgCapa lazyloadDisabled \" src=\"https:\/\/files.sunoresearch.com.br\/n\/uploads\/2018\/12\/521c980b-banco-central-do-brasil3-800x450.webp\" width=\"800\" height=\"450\" alt=\"Copom mant\u00e9m taxa Selic em 2% ao ano mas retira o forward guidance\" fetchpriority=high \/>\n\t\t\t<\/picture>\n\n\t\t\t<figcaption class=\"wp-caption-text wp-caption-text--show\">Banco Central decide sobre Selic Foto: Pinterest<\/figcaption>\n\t\t<\/figure>\n\t<\/div>\n\n\n\t<p>\n\t\t<a href=\"https:\/\/lp.suno.com.br\/planilha-controle-gastos\/\" target=\"_blank\" data-element=\"shortcode-suno-banner\" title=\"Banner SUNO, clique e saiba mais\">\n\t\t\t<picture>\n\t\t\t\t<source media=\"(max-width: 500px)\" srcset=\"https:\/\/files.sunoresearch.com.br\/n\/uploads\/2023\/03\/400x300-Planilha-controle-de-gastos.png\">\n\t\t\t\t<img class=\"newsContent__article__imgCapa newsContent__article__imgCapa--banner\"\n\t\t\t\t\tsrc=\"https:\/\/files.sunoresearch.com.br\/n\/uploads\/2023\/03\/1420x240-Planilha-controle-de-gastos.png\"\n\t\t\t\t\tdata-promo-id=\"101751\"\t\t\t\t\t\t\t\t\t\twidth='1420' height='240'\t\t\t\t\talt=\"https:\/\/files.sunoresearch.com.br\/n\/uploads\/2023\/03\/1420x240-Planilha-controle-de-gastos.png\"\n\t\t\t\t>\n\t\t\t<\/picture>\n\t\t<\/a>\n\t<\/p>\n\n\n<p>A decis\u00e3o dos membros do Copom fui un\u00e2nime e em linha com a previs\u00e3o dos analistas do mercado, que esperava que a <a href=\"https:\/\/www.suno.com.br\/artigos\/taxa-selic\/\">taxa Selic<\/a> permanecesse em sua m\u00ednima hist\u00f3rica.<\/p>\n<p>Segundo o <strong>Copom,<\/strong> no cen\u00e1rio externo, &#8220;o aumento do n\u00famero de casos e o aparecimento de novas cepas do v\u00edrus t\u00eam revertido os ganhos na mobilidade e dever\u00e3o afetar a atividade econ\u00f4mica no curto prazo&#8221;.<\/p>\n<p><iframe loading=\"lazy\" title=\"\ud83d\udd34Selic confirmada em 2%, JBS (JBSS3) aprova procedimento arbitral contra J&amp;F\" width=\"1080\" height=\"608\" src=\"https:\/\/www.youtube.com\/embed\/e1qxwtwwLHY?feature=oembed&#038;enablejsapi=1&#038;origin=https:\/\/www.suno.com.br\" frameborder=\"0\" allow=\"accelerometer; autoplay; clipboard-write; encrypted-media; gyroscope; picture-in-picture\" allowfullscreen><\/iframe><\/p>\n<p>&#8220;No entanto, novos est\u00edmulos fiscais em alguns pa\u00edses desenvolvidos, unidos \u00e0 implementa\u00e7\u00e3o dos programas de imuniza\u00e7\u00e3o contra a covid-19, devem promover uma recupera\u00e7\u00e3o s\u00f3lida da atividade no m\u00e9dio prazo&#8221;, explicou o Comit\u00ea no documento sobre a decis\u00e3o desta quarta-feira. &#8220;A presen\u00e7a de ociosidade, assim como a comunica\u00e7\u00e3o dos principais bancos centrais, sugere que os est\u00edmulos monet\u00e1rios ter\u00e3o longa dura\u00e7\u00e3o, permitindo um ambiente favor\u00e1vel para economias emergentes&#8221;.<\/p>\n<p><a href=\"https:\/\/lp.suno.com.br\/suno-one\/\">Suno One: acesse gratuitamente eBooks, Minicursos, Artigos e Video Aulas sobre investimentos com um \u00fanico cadastro. Clique para saber mais!<\/a><\/p>\n<p>Sobre a atividade econ\u00f4mica brasileira, segundo o Comit\u00ea, indicadores referentes ao final do ano passado t\u00eam surpreendido positivamente, mas n\u00e3o contemplam os poss\u00edveis efeitos do recente aumento no n\u00famero de casos de Covid-19.<\/p>\n<p>Prospectivamente, a incerteza sobre o ritmo de <strong>crescimento<\/strong> <strong>da economia<\/strong> permanece acima da usual, sobretudo para o primeiro trimestre deste ano, concomitantemente ao esperado arrefecimento dos efeitos dos aux\u00edlios emergenciais.<\/p>\n<h2>Copom retira forward guidance<em><br \/>\n<\/em><\/h2>\n<p>Al\u00e9m da decis\u00e3o sobre a Selic, o comit\u00ea do Banco Central optou pelo fim do <strong><em>forward guidance<\/em><\/strong>, uma indica\u00e7\u00e3o de m\u00e9dio prazo dada pelo BC sobre como pretende conduzir a <a href=\"https:\/\/www.suno.com.br\/artigos\/politica-monetaria\/\">pol\u00edtica monet\u00e1ria<\/a>. Com isso, condu\u00e7\u00e3o dela vai seguir a an\u00e1lise usual do balan\u00e7o de riscos para a <a href=\"https:\/\/www.suno.com.br\/artigos\/inflacao\/\">infla\u00e7\u00e3o<\/a>.<\/p>\n<p>O Copom argumentou pela retirada do <em>forward guidance<\/em> com base nas &#8220;expectativas de infla\u00e7\u00e3o, assim como as proje\u00e7\u00f5es de infla\u00e7\u00e3o de seu cen\u00e1rio b\u00e1sico&#8221;, que estariam &#8220;suficientemente pr\u00f3ximas da meta de infla\u00e7\u00e3o para o horizonte relevante de pol\u00edtica monet\u00e1ria.&#8221;<\/p>\n\t<div data-element=\"shortcode-read-more\" class=\"knowMore\">\n\t\t\t\t<span class=\"knowMore__title\">Leia tamb\u00e9m<\/span>\n\t\t\t\t<a class=\"knowMore__link\" href=\"https:\/\/www.suno.com.br\/noticias\/copom-itau-retirada-forward-guidance-juros-estaveis\/\">\n\t\t\tCopom: Ita\u00fa espera retirada de forward guidance, mas com juros est\u00e1veis\t\t<\/a>\n\t<\/div>\n\n\n<p>&#8220;O Comit\u00ea reitera que o fim do <em>forward guidance<\/em> n\u00e3o implica mecanicamente uma eleva\u00e7\u00e3o da taxa de juros pois a conjuntura econ\u00f4mica continua a prescrever, neste momento, est\u00edmulo extraordinariamente elevado frente \u00e0s incertezas quanto \u00e0 evolu\u00e7\u00e3o da atividade&#8221;, ressaltou o Copom.<\/p>\n<h2>Infla\u00e7\u00e3o ainda preocupa o mercado<\/h2>\n<p>A manuten\u00e7\u00e3o da taxa Selic aliada \u00e0 infla\u00e7\u00e3o em alta continua a preocupar o mercado. No ano passado, a\u00a0infla\u00e7\u00e3o oficial do pa\u00eds, medida pelo<a href=\"https:\/\/www.suno.com.br\/artigos\/ipca\/\">\u00a0\u00cdndice Nacional de Pre\u00e7os ao Consumidor Amplo (<strong>IPCA<\/strong>)<\/a>, avan\u00e7ou 4,52%, acima dos 4,31% registrados em 2019, na maior taxa acumulada no ano desde dezembro de 2016, quando havia registrado 6,29%.<\/p>\n<p>A infla\u00e7\u00e3o vem apertando as decis\u00f5es do Copom, que segue pressionado para conter a alta dos pre\u00e7os ao subir as taxas, tirando cr\u00e9dito do mercado e, assim, diminuindo o consumo.<\/p>\n\t<div data-element=\"shortcode-read-more\" class=\"knowMore\">\n\t\t\t\t<span class=\"knowMore__title\">Saiba mais<\/span>\n\t\t\t\t<a class=\"knowMore__link\" href=\"https:\/\/www.suno.com.br\/noticias\/selic-inflacao-retomada\/\">\n\t\t\tCiclo da Selic deve mudar, mas infla\u00e7\u00e3o e retomada ainda preocupam mercado\t\t<\/a>\n\t<\/div>\n\n\n<p>De acordo com o Goldman Sachs, a mediana da expectativa do mercado para a taxa <strong>Selic<\/strong> para no final do ano de 2021 \u00e9 de 3,25% e, para 2022, de 4,75%.<\/p>\n\t<p>\n\t\t<a href=\"https:\/\/lp.suno.com.br\/planilha-de-controle-de-investimentos\/\" target=\"_blank\" data-element=\"shortcode-suno-banner\" title=\"Banner SUNO, clique e saiba mais\">\n\t\t\t<picture>\n\t\t\t\t<source media=\"(max-width: 500px)\" srcset=\"https:\/\/files.sunoresearch.com.br\/n\/uploads\/2023\/03\/400x300-Controle-de-Investimentos.png\">\n\t\t\t\t<img class=\"newsContent__article__imgCapa newsContent__article__imgCapa--banner\"\n\t\t\t\t\tsrc=\"https:\/\/files.sunoresearch.com.br\/n\/uploads\/2023\/03\/1420x240-Controle-de-Investimentos.png\"\n\t\t\t\t\tdata-promo-id=\"75934\"\t\t\t\t\t\t\t\t\t\twidth='1420' height='240'\t\t\t\t\talt=\"https:\/\/files.sunoresearch.com.br\/n\/uploads\/2023\/03\/1420x240-Controle-de-Investimentos.png\"\n\t\t\t\t>\n\t\t\t<\/picture>\n\t\t<\/a>\n\t<\/p>\n\n\n","protected":false},"excerpt":{"rendered":"<p>A taxa b\u00e1sica de juros (Selic) foi mantida mais uma vez em 2,00% ao ano pelo Comit\u00ea de Pol\u00edtica Monet\u00e1ria (Copom) do Banco Central (BC) nesta quarta-feira (20). Banco Central decide sobre Selic Foto: Pinterest A decis\u00e3o dos membros do Copom fui un\u00e2nime e em linha com a previs\u00e3o dos analistas do mercado, que esperava [&hellip;]<\/p>\n","protected":false},"author":9,"featured_media":9722,"comment_status":"closed","ping_status":"closed","sticky":false,"template":"","format":"standard","meta":[],"categories":[62],"tags":[1842,1104,290],"suno_strategy":[],"class_list":["post-114826","post","type-post","status-publish","format-standard","has-post-thumbnail","hentry","category-economia","tag-banco-central-bc","tag-copom","tag-taxa-selic"],"yoast_head":"<!-- This site is optimized with the Yoast SEO plugin v24.4 - https:\/\/yoast.com\/wordpress\/plugins\/seo\/ -->\n<title>Copom mant\u00e9m taxa Selic em 2% ao ano mas retira o forward guidance<\/title>\n<meta name=\"description\" content=\"O Comit\u00ea de Pol\u00edtica Monet\u00e1ria (Copom) do Banco Central (BC) manteve a taxa Selic em 2% ao ano. Clique aqui para saber mais.\" \/>\n<meta name=\"robots\" content=\"index, follow, max-snippet:-1, max-image-preview:large, max-video-preview:-1\" \/>\n<link rel=\"canonical\" href=\"https:\/\/www.suno.com.br\/noticias\/selic-permanece-2-20012020\/\" \/>\n<meta property=\"og:locale\" content=\"pt_BR\" \/>\n<meta property=\"og:type\" content=\"article\" \/>\n<meta property=\"og:title\" content=\"Copom mant\u00e9m taxa Selic em 2% ao ano mas retira o forward guidance\" \/>\n<meta property=\"og:description\" content=\"O Comit\u00ea de Pol\u00edtica Monet\u00e1ria (Copom) do Banco Central (BC) manteve a taxa Selic em 2% ao ano. Clique aqui para saber mais.\" \/>\n<meta property=\"og:url\" content=\"https:\/\/www.suno.com.br\/noticias\/selic-permanece-2-20012020\/\" \/>\n<meta property=\"og:site_name\" content=\"Suno Not\u00edcias\" \/>\n<meta property=\"article:publisher\" content=\"https:\/\/facebook.com\/sunoresearch\" \/>\n<meta property=\"og:image\" content=\"https:\/\/files.sunoresearch.com.br\/n\/uploads\/2018\/12\/521c980b-banco-central-do-brasil3.jpg\" \/>\n\t<meta property=\"og:image:width\" content=\"1030\" \/>\n\t<meta property=\"og:image:height\" content=\"687\" \/>\n\t<meta property=\"og:image:type\" content=\"image\/jpeg\" \/>\n<meta name=\"author\" content=\"Carlo Cauti\" \/>\n<meta name=\"twitter:card\" content=\"summary_large_image\" \/>\n<meta name=\"twitter:creator\" content=\"@sunoresearch\" \/>\n<meta name=\"twitter:site\" content=\"@sunoresearch\" \/>\n<meta name=\"twitter:label1\" content=\"Escrito por\" \/>\n\t<meta name=\"twitter:data1\" content=\"Carlo Cauti\" \/>\n\t<meta name=\"twitter:label2\" content=\"Est. tempo de leitura\" \/>\n\t<meta name=\"twitter:data2\" content=\"3 minutos\" \/>\n<script type=\"application\/ld+json\" class=\"yoast-schema-graph\">{\"@context\":\"https:\/\/schema.org\",\"@graph\":[{\"@type\":\"NewsArticle\",\"@id\":\"https:\/\/www.suno.com.br\/noticias\/selic-permanece-2-20012020\/#article\",\"isPartOf\":{\"@id\":\"https:\/\/www.suno.com.br\/noticias\/selic-permanece-2-20012020\/\"},\"author\":{\"name\":\"Carlo Cauti\",\"@id\":\"https:\/\/www.suno.com.br\/noticias\/#\/schema\/person\/e6e0f723cc177805027f4566c1d5e0c8\"},\"headline\":\"Copom mant\u00e9m taxa Selic em 2% ao ano mas retira o forward guidance\",\"datePublished\":\"2021-01-20T21:39:46+00:00\",\"dateModified\":\"2021-01-20T23:01:49+00:00\",\"mainEntityOfPage\":{\"@id\":\"https:\/\/www.suno.com.br\/noticias\/selic-permanece-2-20012020\/\"},\"wordCount\":591,\"publisher\":{\"@id\":\"https:\/\/www.suno.com.br\/noticias\/#organization\"},\"image\":{\"@id\":\"https:\/\/www.suno.com.br\/noticias\/selic-permanece-2-20012020\/#primaryimage\"},\"thumbnailUrl\":\"https:\/\/files.sunoresearch.com.br\/n\/uploads\/2018\/12\/521c980b-banco-central-do-brasil3-jpg.webp\",\"keywords\":[\"Banco Central (BC)\",\"Copom\",\"Taxa Selic\"],\"articleSection\":[\"Economia\"],\"inLanguage\":\"pt-BR\"},{\"@type\":\"WebPage\",\"@id\":\"https:\/\/www.suno.com.br\/noticias\/selic-permanece-2-20012020\/\",\"url\":\"https:\/\/www.suno.com.br\/noticias\/selic-permanece-2-20012020\/\",\"name\":\"Copom mant\u00e9m taxa Selic em 2% ao ano mas retira o forward guidance\",\"isPartOf\":{\"@id\":\"https:\/\/www.suno.com.br\/noticias\/#website\"},\"primaryImageOfPage\":{\"@id\":\"https:\/\/www.suno.com.br\/noticias\/selic-permanece-2-20012020\/#primaryimage\"},\"image\":{\"@id\":\"https:\/\/www.suno.com.br\/noticias\/selic-permanece-2-20012020\/#primaryimage\"},\"thumbnailUrl\":\"https:\/\/files.sunoresearch.com.br\/n\/uploads\/2018\/12\/521c980b-banco-central-do-brasil3-jpg.webp\",\"datePublished\":\"2021-01-20T21:39:46+00:00\",\"dateModified\":\"2021-01-20T23:01:49+00:00\",\"description\":\"O Comit\u00ea de Pol\u00edtica Monet\u00e1ria (Copom) do Banco Central (BC) manteve a taxa Selic em 2% ao ano. Clique aqui para saber mais.\",\"breadcrumb\":{\"@id\":\"https:\/\/www.suno.com.br\/noticias\/selic-permanece-2-20012020\/#breadcrumb\"},\"inLanguage\":\"pt-BR\",\"potentialAction\":[{\"@type\":\"ReadAction\",\"target\":[\"https:\/\/www.suno.com.br\/noticias\/selic-permanece-2-20012020\/\"]}]},{\"@type\":\"ImageObject\",\"inLanguage\":\"pt-BR\",\"@id\":\"https:\/\/www.suno.com.br\/noticias\/selic-permanece-2-20012020\/#primaryimage\",\"url\":\"https:\/\/files.sunoresearch.com.br\/n\/uploads\/2018\/12\/521c980b-banco-central-do-brasil3-jpg.webp\",\"contentUrl\":\"https:\/\/files.sunoresearch.com.br\/n\/uploads\/2018\/12\/521c980b-banco-central-do-brasil3-jpg.webp\",\"width\":1030,\"height\":687,\"caption\":\"Banco Central decide sobre Selic Foto: Pinterest\"},{\"@type\":\"BreadcrumbList\",\"@id\":\"https:\/\/www.suno.com.br\/noticias\/selic-permanece-2-20012020\/#breadcrumb\",\"itemListElement\":[{\"@type\":\"ListItem\",\"position\":1,\"name\":\"Not\u00edcias\",\"item\":\"https:\/\/www.suno.com.br\/noticias\/\"},{\"@type\":\"ListItem\",\"position\":2,\"name\":\"Economia\",\"item\":\"https:\/\/www.suno.com.br\/noticias\/economia\/\"},{\"@type\":\"ListItem\",\"position\":3,\"name\":\"Copom mant\u00e9m taxa Selic em 2% ao ano mas retira o forward guidance\"}]},{\"@type\":\"WebSite\",\"@id\":\"https:\/\/www.suno.com.br\/noticias\/#website\",\"url\":\"https:\/\/www.suno.com.br\/noticias\/\",\"name\":\"Suno Not\u00edcias\",\"description\":\"Seu portal de informa\u00e7\u00e3o sobre o mundo dos investimentos\",\"publisher\":{\"@id\":\"https:\/\/www.suno.com.br\/noticias\/#organization\"},\"potentialAction\":[{\"@type\":\"SearchAction\",\"target\":{\"@type\":\"EntryPoint\",\"urlTemplate\":\"https:\/\/www.suno.com.br\/noticias\/?s={search_term_string}\"},\"query-input\":{\"@type\":\"PropertyValueSpecification\",\"valueRequired\":true,\"valueName\":\"search_term_string\"}}],\"inLanguage\":\"pt-BR\"},{\"@type\":\"Organization\",\"@id\":\"https:\/\/www.suno.com.br\/noticias\/#organization\",\"name\":\"Suno Not\u00edcias\",\"url\":\"https:\/\/www.suno.com.br\/noticias\/\",\"logo\":{\"@type\":\"ImageObject\",\"inLanguage\":\"pt-BR\",\"@id\":\"https:\/\/www.suno.com.br\/noticias\/#\/schema\/logo\/image\/\",\"url\":\"https:\/\/files.sunoresearch.com.br\/n\/uploads\/2021\/09\/suno-logo.png\",\"contentUrl\":\"https:\/\/files.sunoresearch.com.br\/n\/uploads\/2021\/09\/suno-logo.png\",\"width\":180,\"height\":180,\"caption\":\"Suno Not\u00edcias\"},\"image\":{\"@id\":\"https:\/\/www.suno.com.br\/noticias\/#\/schema\/logo\/image\/\"},\"sameAs\":[\"https:\/\/facebook.com\/sunoresearch\",\"https:\/\/x.com\/sunoresearch\",\"https:\/\/www.instagram.com\/suno\",\"https:\/\/www.linkedin.com\/company\/suno-research\/\",\"https:\/\/www.youtube.com\/c\/sunoresearch\"]},{\"@type\":\"Person\",\"@id\":\"https:\/\/www.suno.com.br\/noticias\/#\/schema\/person\/e6e0f723cc177805027f4566c1d5e0c8\",\"name\":\"Carlo Cauti\",\"image\":{\"@type\":\"ImageObject\",\"inLanguage\":\"pt-BR\",\"@id\":\"https:\/\/www.suno.com.br\/noticias\/#\/schema\/person\/image\/\",\"url\":\"https:\/\/secure.gravatar.com\/avatar\/3ada9e0bd164c23abd4792a9606d583c?s=96&r=g\",\"contentUrl\":\"https:\/\/secure.gravatar.com\/avatar\/3ada9e0bd164c23abd4792a9606d583c?s=96&r=g\",\"caption\":\"Carlo Cauti\"},\"description\":\"Editor multim\u00eddia do SUNO Not\u00edcias. Italiano, formado em Ci\u00eancias Pol\u00edticas pela universidade LUISS G. Carli de Roma e mestre cum laude em Rela\u00e7\u00f5es Internacionais, Jornalismo Internacional e de Guerra e em Economia Internacional. Concluiu tamb\u00e9m um MBA em Finan\u00e7as na B3. No Brasil, teve passagem por ve\u00edculos como Estad\u00e3o, Globo, Veja e EXAME. e nas ag\u00eancias de not\u00edcias italianas ANSA e NOVA.\",\"url\":\"https:\/\/www.suno.com.br\/noticias\/author\/carlo-cauti\/\"}]}<\/script>\n<!-- \/ Yoast SEO plugin. -->","yoast_head_json":{"title":"Copom mant\u00e9m taxa Selic em 2% ao ano mas retira o forward guidance","description":"O Comit\u00ea de Pol\u00edtica Monet\u00e1ria (Copom) do Banco Central (BC) manteve a taxa Selic em 2% ao ano. Clique aqui para saber mais.","robots":{"index":"index","follow":"follow","max-snippet":"max-snippet:-1","max-image-preview":"max-image-preview:large","max-video-preview":"max-video-preview:-1"},"canonical":"https:\/\/www.suno.com.br\/noticias\/selic-permanece-2-20012020\/","og_locale":"pt_BR","og_type":"article","og_title":"Copom mant\u00e9m taxa Selic em 2% ao ano mas retira o forward guidance","og_description":"O Comit\u00ea de Pol\u00edtica Monet\u00e1ria (Copom) do Banco Central (BC) manteve a taxa Selic em 2% ao ano. Clique aqui para saber mais.","og_url":"https:\/\/www.suno.com.br\/noticias\/selic-permanece-2-20012020\/","og_site_name":"Suno Not\u00edcias","article_publisher":"https:\/\/facebook.com\/sunoresearch","og_image":[{"width":1030,"height":687,"url":"https:\/\/files.sunoresearch.com.br\/n\/uploads\/2018\/12\/521c980b-banco-central-do-brasil3.jpg","type":"image\/jpeg"}],"author":"Carlo Cauti","twitter_card":"summary_large_image","twitter_creator":"@sunoresearch","twitter_site":"@sunoresearch","twitter_misc":{"Escrito por":"Carlo Cauti","Est. tempo de leitura":"3 minutos"},"schema":{"@context":"https:\/\/schema.org","@graph":[{"@type":"NewsArticle","@id":"https:\/\/www.suno.com.br\/noticias\/selic-permanece-2-20012020\/#article","isPartOf":{"@id":"https:\/\/www.suno.com.br\/noticias\/selic-permanece-2-20012020\/"},"author":{"name":"Carlo Cauti","@id":"https:\/\/www.suno.com.br\/noticias\/#\/schema\/person\/e6e0f723cc177805027f4566c1d5e0c8"},"headline":"Copom mant\u00e9m taxa Selic em 2% ao ano mas retira o forward guidance","datePublished":"2021-01-20T21:39:46+00:00","dateModified":"2021-01-20T23:01:49+00:00","mainEntityOfPage":{"@id":"https:\/\/www.suno.com.br\/noticias\/selic-permanece-2-20012020\/"},"wordCount":591,"publisher":{"@id":"https:\/\/www.suno.com.br\/noticias\/#organization"},"image":{"@id":"https:\/\/www.suno.com.br\/noticias\/selic-permanece-2-20012020\/#primaryimage"},"thumbnailUrl":"https:\/\/files.sunoresearch.com.br\/n\/uploads\/2018\/12\/521c980b-banco-central-do-brasil3-jpg.webp","keywords":["Banco Central (BC)","Copom","Taxa Selic"],"articleSection":["Economia"],"inLanguage":"pt-BR"},{"@type":"WebPage","@id":"https:\/\/www.suno.com.br\/noticias\/selic-permanece-2-20012020\/","url":"https:\/\/www.suno.com.br\/noticias\/selic-permanece-2-20012020\/","name":"Copom mant\u00e9m taxa Selic em 2% ao ano mas retira o forward guidance","isPartOf":{"@id":"https:\/\/www.suno.com.br\/noticias\/#website"},"primaryImageOfPage":{"@id":"https:\/\/www.suno.com.br\/noticias\/selic-permanece-2-20012020\/#primaryimage"},"image":{"@id":"https:\/\/www.suno.com.br\/noticias\/selic-permanece-2-20012020\/#primaryimage"},"thumbnailUrl":"https:\/\/files.sunoresearch.com.br\/n\/uploads\/2018\/12\/521c980b-banco-central-do-brasil3-jpg.webp","datePublished":"2021-01-20T21:39:46+00:00","dateModified":"2021-01-20T23:01:49+00:00","description":"O Comit\u00ea de Pol\u00edtica Monet\u00e1ria (Copom) do Banco Central (BC) manteve a taxa Selic em 2% ao ano. Clique aqui para saber mais.","breadcrumb":{"@id":"https:\/\/www.suno.com.br\/noticias\/selic-permanece-2-20012020\/#breadcrumb"},"inLanguage":"pt-BR","potentialAction":[{"@type":"ReadAction","target":["https:\/\/www.suno.com.br\/noticias\/selic-permanece-2-20012020\/"]}]},{"@type":"ImageObject","inLanguage":"pt-BR","@id":"https:\/\/www.suno.com.br\/noticias\/selic-permanece-2-20012020\/#primaryimage","url":"https:\/\/files.sunoresearch.com.br\/n\/uploads\/2018\/12\/521c980b-banco-central-do-brasil3-jpg.webp","contentUrl":"https:\/\/files.sunoresearch.com.br\/n\/uploads\/2018\/12\/521c980b-banco-central-do-brasil3-jpg.webp","width":1030,"height":687,"caption":"Banco Central decide sobre Selic Foto: Pinterest"},{"@type":"BreadcrumbList","@id":"https:\/\/www.suno.com.br\/noticias\/selic-permanece-2-20012020\/#breadcrumb","itemListElement":[{"@type":"ListItem","position":1,"name":"Not\u00edcias","item":"https:\/\/www.suno.com.br\/noticias\/"},{"@type":"ListItem","position":2,"name":"Economia","item":"https:\/\/www.suno.com.br\/noticias\/economia\/"},{"@type":"ListItem","position":3,"name":"Copom mant\u00e9m taxa Selic em 2% ao ano mas retira o forward guidance"}]},{"@type":"WebSite","@id":"https:\/\/www.suno.com.br\/noticias\/#website","url":"https:\/\/www.suno.com.br\/noticias\/","name":"Suno Not\u00edcias","description":"Seu portal de informa\u00e7\u00e3o sobre o mundo dos investimentos","publisher":{"@id":"https:\/\/www.suno.com.br\/noticias\/#organization"},"potentialAction":[{"@type":"SearchAction","target":{"@type":"EntryPoint","urlTemplate":"https:\/\/www.suno.com.br\/noticias\/?s={search_term_string}"},"query-input":{"@type":"PropertyValueSpecification","valueRequired":true,"valueName":"search_term_string"}}],"inLanguage":"pt-BR"},{"@type":"Organization","@id":"https:\/\/www.suno.com.br\/noticias\/#organization","name":"Suno Not\u00edcias","url":"https:\/\/www.suno.com.br\/noticias\/","logo":{"@type":"ImageObject","inLanguage":"pt-BR","@id":"https:\/\/www.suno.com.br\/noticias\/#\/schema\/logo\/image\/","url":"https:\/\/files.sunoresearch.com.br\/n\/uploads\/2021\/09\/suno-logo.png","contentUrl":"https:\/\/files.sunoresearch.com.br\/n\/uploads\/2021\/09\/suno-logo.png","width":180,"height":180,"caption":"Suno Not\u00edcias"},"image":{"@id":"https:\/\/www.suno.com.br\/noticias\/#\/schema\/logo\/image\/"},"sameAs":["https:\/\/facebook.com\/sunoresearch","https:\/\/x.com\/sunoresearch","https:\/\/www.instagram.com\/suno","https:\/\/www.linkedin.com\/company\/suno-research\/","https:\/\/www.youtube.com\/c\/sunoresearch"]},{"@type":"Person","@id":"https:\/\/www.suno.com.br\/noticias\/#\/schema\/person\/e6e0f723cc177805027f4566c1d5e0c8","name":"Carlo Cauti","image":{"@type":"ImageObject","inLanguage":"pt-BR","@id":"https:\/\/www.suno.com.br\/noticias\/#\/schema\/person\/image\/","url":"https:\/\/secure.gravatar.com\/avatar\/3ada9e0bd164c23abd4792a9606d583c?s=96&r=g","contentUrl":"https:\/\/secure.gravatar.com\/avatar\/3ada9e0bd164c23abd4792a9606d583c?s=96&r=g","caption":"Carlo Cauti"},"description":"Editor multim\u00eddia do SUNO Not\u00edcias. Italiano, formado em Ci\u00eancias Pol\u00edticas pela universidade LUISS G. Carli de Roma e mestre cum laude em Rela\u00e7\u00f5es Internacionais, Jornalismo Internacional e de Guerra e em Economia Internacional. Concluiu tamb\u00e9m um MBA em Finan\u00e7as na B3. No Brasil, teve passagem por ve\u00edculos como Estad\u00e3o, Globo, Veja e EXAME. e nas ag\u00eancias de not\u00edcias italianas ANSA e NOVA.","url":"https:\/\/www.suno.com.br\/noticias\/author\/carlo-cauti\/"}]}},"default_loop_html":"<div class=\"cardsPage__listCard__boxs\"><div class=\"cardsPage__listCard__boxs__img\"><a href=\"https:\/\/www.suno.com.br\/noticias\/selic-permanece-2-20012020\/\"><img class=\"mask\" src=\"https:\/\/www.suno.com.br\/noticias\/wp-content\/themes\/suno\/resources\/images\/spotlight\/spotlight1img\/bg-mask.png\" alt=\"Image Mask\"\/><img src=\"https:\/\/files.sunoresearch.com.br\/n\/uploads\/2018\/12\/521c980b-banco-central-do-brasil3-400x200.webp\" alt=\"Copom mant\u00e9m taxa Selic em 2% ao ano mas retira o forward guidance\"\/><\/a><span class=\"spotlightCategory\"><a href=\"https:\/\/www.suno.com.br\/noticias\/economia\/\">Economia<\/a><\/span><\/div><div class=\"cardsPage__listCard__boxs__content\"><a href=\"https:\/\/www.suno.com.br\/noticias\/selic-permanece-2-20012020\/\"><h2 class=\"content__title\">Copom mant\u00e9m taxa Selic em 2% ao ano mas retira o forward guidance<\/h2><\/a><div class=\"newsContent__article__meta\"><div class=\"newsContent__article__meta__authorBox\"><a href=\"https:\/\/www.suno.com.br\/noticias\/author\/carlo-cauti\/\" class=\"authorBox__avatar noMobi\"><img src=\"https:\/\/files.sunoresearch.com.br\/n\/uploads\/2020\/08\/e3745f9a-perfil-carlo-cauti-150x150.webp\" alt=\"Carlo Cauti\"><\/a><div class=\"authorBox__name\"><span>por\n\t\t\t<a href=\"https:\/\/www.suno.com.br\/noticias\/author\/carlo-cauti\/\"><span itemprop=\"author\">Carlo Cauti<\/span><\/a><\/span><time datetime=\"2021-01-20T18:39:46-03:00\" itemprop=\"datePublished\">20\/01\/2021 18:39<\/time><\/div><\/div><\/div><\/div><\/div>","single_layout":"posts","amp_enabled":true,"_links":{"self":[{"href":"https:\/\/www.suno.com.br\/noticias\/wp-json\/wp\/v2\/posts\/114826"}],"collection":[{"href":"https:\/\/www.suno.com.br\/noticias\/wp-json\/wp\/v2\/posts"}],"about":[{"href":"https:\/\/www.suno.com.br\/noticias\/wp-json\/wp\/v2\/types\/post"}],"author":[{"embeddable":true,"href":"https:\/\/www.suno.com.br\/noticias\/wp-json\/wp\/v2\/users\/9"}],"replies":[{"embeddable":true,"href":"https:\/\/www.suno.com.br\/noticias\/wp-json\/wp\/v2\/comments?post=114826"}],"version-history":[{"count":0,"href":"https:\/\/www.suno.com.br\/noticias\/wp-json\/wp\/v2\/posts\/114826\/revisions"}],"wp:featuredmedia":[{"embeddable":true,"href":"https:\/\/www.suno.com.br\/noticias\/wp-json\/wp\/v2\/media\/9722"}],"wp:attachment":[{"href":"https:\/\/www.suno.com.br\/noticias\/wp-json\/wp\/v2\/media?parent=114826"}],"wp:term":[{"taxonomy":"category","embeddable":true,"href":"https:\/\/www.suno.com.br\/noticias\/wp-json\/wp\/v2\/categories?post=114826"},{"taxonomy":"post_tag","embeddable":true,"href":"https:\/\/www.suno.com.br\/noticias\/wp-json\/wp\/v2\/tags?post=114826"},{"taxonomy":"suno_strategy","embeddable":true,"href":"https:\/\/www.suno.com.br\/noticias\/wp-json\/wp\/v2\/suno_strategy?post=114826"}],"curies":[{"name":"wp","href":"https:\/\/api.w.org\/{rel}","templated":true}]}}