{"id":11477,"date":"2019-01-14T10:18:07","date_gmt":"2019-01-14T12:18:07","guid":{"rendered":"https:\/\/www.suno.com.br\/noticias\/?p=11477"},"modified":"2019-01-14T13:18:21","modified_gmt":"2019-01-14T15:18:21","slug":"produtores-exportadores-cafe-fim-taxas","status":"publish","type":"post","link":"https:\/\/www.suno.com.br\/noticias\/produtores-exportadores-cafe-fim-taxas\/","title":{"rendered":"Produtores e exportadores de caf\u00e9 querem o fim das taxas sobre o produto"},"content":{"rendered":"<p>Produtores e exportadores brasileiros de caf\u00e9 querem acordo entre o Mercado Comum do Sul (Mercosul) e Uni\u00e3o Europeia (UE).<\/p>\t<div class=\"wrapper-featured-image\">\n\t\t<figure class=\"spotlightImg\">\n\n\t\t\t<picture>\n\t\t\t\t<source media=\"(max-width: 768px)\" srcset=\"https:\/\/files.sunoresearch.com.br\/n\/uploads\/2019\/01\/51530580-caf\u00e9-400x200.webp\">\n\t\t\t\t<img loading=\"lazy\" decoding=\"async\" class=\"newsContent__article__imgCapa lazyloadDisabled newsContent__article__imgCapa--noCaption\" src=\"https:\/\/files.sunoresearch.com.br\/n\/uploads\/2019\/01\/51530580-caf\u00e9-800x450.webp\" width=\"800\" height=\"450\" alt=\"Produtores e exportadores de caf\u00e9 querem o fim das taxas sobre o produto\" fetchpriority=high \/>\n\t\t\t<\/picture>\n\n\t\t\t<figcaption class=\"wp-caption-text wp-caption-text--hide\">Caf\u00e9 especial do Brasil perde espa\u00e7o nos EUA ap\u00f3s tarifa\u00e7o.<\/figcaption>\n\t\t<\/figure>\n\t<\/div>\n\n\n<p>A esperan\u00e7a \u00e9 de que o governo de <strong>Jair Bolsonaro<\/strong> conclua o acordo comercial entre <strong>Mercosul<\/strong> e <strong>Uni\u00e3o Europeia<\/strong>. Desta forma, durante quatro anos as partes deixariam de cobrar tarifas sobre o caf\u00e9 sol\u00favel.<\/p>\n<p><a href=\"https:\/\/www.suno.com.br\/noticias\/uniao-europeia-aco-brasil\/\">Saiba mais &#8211;\u00a0Uni\u00e3o Europeia colocar\u00e1 limites \u00e0 importa\u00e7\u00e3o de a\u00e7o do Brasil\u00a0<\/a><\/p>\n<p>Conforme afirmou o diretor de rela\u00e7\u00f5es institucionais da Associa\u00e7\u00e3o Brasileira da Ind\u00fastria de Caf\u00e9 Sol\u00favel (<strong>Abics<\/strong>), Agnaldo Lima, &#8220;de um a dez, estamos no nove para fechar o acordo&#8221;.<\/p>\n<p>Atualmente, a Uni\u00e3o Europeia cobra uma tarifa de 9%. Entretanto, essa taxa favorece a Col\u00f4mbia, principal concorrente, que realiza exporta\u00e7\u00f5es para 28 pa\u00edses sem os mesmos custos.<\/p>\n<p>Entretanto, de acordo com Agnaldo, n\u00e3o \u00e9 apenas o caf\u00e9 que sofre resist\u00eancia na Europa. &#8220;Os produtos brasileiros que mais enfrentam resist\u00eancia na Comiss\u00e3o Europeia para ter um acordo s\u00e3o: a\u00e7\u00facar, \u00e1lcool e carne. N\u00e3o o caf\u00e9&#8221;.<\/p>\n<p><a href=\"https:\/\/www.suno.com.br\/noticias\/china-exportacoes-importacoes\/\">Saiba mais:\u00a0China tem menor volume de exporta\u00e7\u00f5es e importa\u00e7\u00f5es em dezembro<\/a><\/p>\n<h2>O caso<\/h2>\n<p>O mercado europeu \u00e9 cauteloso em rela\u00e7\u00e3o a amplia\u00e7\u00e3o das exporta\u00e7\u00f5es do caf\u00e9 sol\u00favel. Isso porque nenhum pa\u00eds da Uni\u00e3o Europeia est\u00e3o entre os principais <strong>importadores<\/strong> de <strong>produtos<\/strong> nacionais.<\/p>\n<p>At\u00e9 novembro do \u00faltimo ano, os principais compradores do produto brasileiro, eram:<\/p>\n<ol>\n<li>Estados Unidos<\/li>\n<li>R\u00fassia<\/li>\n<li>Jap\u00e3o<\/li>\n<\/ol>\n<p>Entretanto, durante todo o ano de 2018, as exporta\u00e7\u00f5es de <strong>caf\u00e9<\/strong> sol\u00favel industrializado somaram mais de US$ 526 milh\u00f5es. Desta forma, o valor registrado \u00e9 cerca de nove vez menor do que a quantia adquirida na venda de <strong>produto<\/strong> cru em gr\u00e3o (UE n\u00e3o imp\u00f5e tarifa).<\/p>\n","protected":false},"excerpt":{"rendered":"<p>Produtores e exportadores brasileiros de caf\u00e9 querem acordo entre o Mercado Comum do Sul (Mercosul) e Uni\u00e3o Europeia (UE). Caf\u00e9 especial do Brasil perde espa\u00e7o nos EUA ap\u00f3s tarifa\u00e7o. A esperan\u00e7a \u00e9 de que o governo de Jair Bolsonaro conclua o acordo comercial entre Mercosul e Uni\u00e3o Europeia. Desta forma, durante quatro anos as partes [&hellip;]<\/p>\n","protected":false},"author":11,"featured_media":11485,"comment_status":"closed","ping_status":"closed","sticky":false,"template":"","format":"standard","meta":[],"categories":[64],"tags":[719,868,731],"suno_strategy":[],"class_list":["post-11477","post","type-post","status-publish","format-standard","has-post-thumbnail","hentry","category-negocios","tag-jair-bolsonaro","tag-mercosul","tag-uniao-europeia"],"yoast_head":"<!-- This site is optimized with the Yoast SEO plugin v24.4 - https:\/\/yoast.com\/wordpress\/plugins\/seo\/ -->\n<title>Produtores e exportadores de caf\u00e9 querem o fim das taxas sobre o produto<\/title>\n<meta name=\"description\" content=\"Atualmente a Uni\u00e3o Europeia imp\u00f5e uma taxa de 9% sobre o caf\u00e9; Acordo faria as taxas acabarem por quatro anos. Clique para saber mais.\" \/>\n<meta name=\"robots\" content=\"index, follow, max-snippet:-1, max-image-preview:large, max-video-preview:-1\" \/>\n<link rel=\"canonical\" href=\"https:\/\/www.suno.com.br\/noticias\/produtores-exportadores-cafe-fim-taxas\/\" \/>\n<meta property=\"og:locale\" content=\"pt_BR\" \/>\n<meta property=\"og:type\" content=\"article\" \/>\n<meta property=\"og:title\" content=\"Produtores e exportadores de caf\u00e9 querem o fim das taxas sobre o produto\" \/>\n<meta property=\"og:description\" content=\"Atualmente a Uni\u00e3o Europeia imp\u00f5e uma taxa de 9% sobre o caf\u00e9; Acordo faria as taxas acabarem por quatro anos. Clique para saber mais.\" \/>\n<meta property=\"og:url\" content=\"https:\/\/www.suno.com.br\/noticias\/produtores-exportadores-cafe-fim-taxas\/\" \/>\n<meta property=\"og:site_name\" content=\"Suno Not\u00edcias\" \/>\n<meta property=\"article:publisher\" content=\"https:\/\/facebook.com\/sunoresearch\" \/>\n<meta property=\"og:image\" content=\"https:\/\/files.sunoresearch.com.br\/n\/uploads\/2019\/01\/51530580-caf\u00e9.jpg\" \/>\n\t<meta property=\"og:image:width\" content=\"1140\" \/>\n\t<meta property=\"og:image:height\" content=\"760\" \/>\n\t<meta property=\"og:image:type\" content=\"image\/jpeg\" \/>\n<meta name=\"author\" content=\"Renan Bandeira\" \/>\n<meta name=\"twitter:card\" content=\"summary_large_image\" \/>\n<meta name=\"twitter:creator\" content=\"@sunoresearch\" \/>\n<meta name=\"twitter:site\" content=\"@sunoresearch\" \/>\n<meta name=\"twitter:label1\" content=\"Escrito por\" \/>\n\t<meta name=\"twitter:data1\" content=\"Renan Bandeira\" \/>\n\t<meta name=\"twitter:label2\" content=\"Est. tempo de leitura\" \/>\n\t<meta name=\"twitter:data2\" content=\"1 minuto\" \/>\n<script type=\"application\/ld+json\" class=\"yoast-schema-graph\">{\"@context\":\"https:\/\/schema.org\",\"@graph\":[{\"@type\":\"NewsArticle\",\"@id\":\"https:\/\/www.suno.com.br\/noticias\/produtores-exportadores-cafe-fim-taxas\/#article\",\"isPartOf\":{\"@id\":\"https:\/\/www.suno.com.br\/noticias\/produtores-exportadores-cafe-fim-taxas\/\"},\"author\":{\"name\":\"Renan Bandeira\",\"@id\":\"https:\/\/www.suno.com.br\/noticias\/#\/schema\/person\/fc144a1c6108bd1dcd43784e88a3c138\"},\"headline\":\"Produtores e exportadores de caf\u00e9 querem o fim das taxas sobre o produto\",\"datePublished\":\"2019-01-14T12:18:07+00:00\",\"dateModified\":\"2019-01-14T15:18:21+00:00\",\"mainEntityOfPage\":{\"@id\":\"https:\/\/www.suno.com.br\/noticias\/produtores-exportadores-cafe-fim-taxas\/\"},\"wordCount\":307,\"publisher\":{\"@id\":\"https:\/\/www.suno.com.br\/noticias\/#organization\"},\"image\":{\"@id\":\"https:\/\/www.suno.com.br\/noticias\/produtores-exportadores-cafe-fim-taxas\/#primaryimage\"},\"thumbnailUrl\":\"https:\/\/files.sunoresearch.com.br\/n\/uploads\/2019\/01\/51530580-caf\u00e9-jpg.webp\",\"keywords\":[\"Jair Bolsonaro\",\"Mercosul\",\"Uni\u00e3o Europeia\"],\"articleSection\":[\"Neg\u00f3cios\"],\"inLanguage\":\"pt-BR\"},{\"@type\":\"WebPage\",\"@id\":\"https:\/\/www.suno.com.br\/noticias\/produtores-exportadores-cafe-fim-taxas\/\",\"url\":\"https:\/\/www.suno.com.br\/noticias\/produtores-exportadores-cafe-fim-taxas\/\",\"name\":\"Produtores e exportadores de caf\u00e9 querem o fim das taxas sobre o produto\",\"isPartOf\":{\"@id\":\"https:\/\/www.suno.com.br\/noticias\/#website\"},\"primaryImageOfPage\":{\"@id\":\"https:\/\/www.suno.com.br\/noticias\/produtores-exportadores-cafe-fim-taxas\/#primaryimage\"},\"image\":{\"@id\":\"https:\/\/www.suno.com.br\/noticias\/produtores-exportadores-cafe-fim-taxas\/#primaryimage\"},\"thumbnailUrl\":\"https:\/\/files.sunoresearch.com.br\/n\/uploads\/2019\/01\/51530580-caf\u00e9-jpg.webp\",\"datePublished\":\"2019-01-14T12:18:07+00:00\",\"dateModified\":\"2019-01-14T15:18:21+00:00\",\"description\":\"Atualmente a Uni\u00e3o Europeia imp\u00f5e uma taxa de 9% sobre o caf\u00e9; Acordo faria as taxas acabarem por quatro anos. Clique para saber mais.\",\"breadcrumb\":{\"@id\":\"https:\/\/www.suno.com.br\/noticias\/produtores-exportadores-cafe-fim-taxas\/#breadcrumb\"},\"inLanguage\":\"pt-BR\",\"potentialAction\":[{\"@type\":\"ReadAction\",\"target\":[\"https:\/\/www.suno.com.br\/noticias\/produtores-exportadores-cafe-fim-taxas\/\"]}]},{\"@type\":\"ImageObject\",\"inLanguage\":\"pt-BR\",\"@id\":\"https:\/\/www.suno.com.br\/noticias\/produtores-exportadores-cafe-fim-taxas\/#primaryimage\",\"url\":\"https:\/\/files.sunoresearch.com.br\/n\/uploads\/2019\/01\/51530580-caf\u00e9-jpg.webp\",\"contentUrl\":\"https:\/\/files.sunoresearch.com.br\/n\/uploads\/2019\/01\/51530580-caf\u00e9-jpg.webp\",\"width\":1140,\"height\":760,\"caption\":\"Caf\u00e9 especial do Brasil perde espa\u00e7o nos EUA ap\u00f3s tarifa\u00e7o.\"},{\"@type\":\"BreadcrumbList\",\"@id\":\"https:\/\/www.suno.com.br\/noticias\/produtores-exportadores-cafe-fim-taxas\/#breadcrumb\",\"itemListElement\":[{\"@type\":\"ListItem\",\"position\":1,\"name\":\"Not\u00edcias\",\"item\":\"https:\/\/www.suno.com.br\/noticias\/\"},{\"@type\":\"ListItem\",\"position\":2,\"name\":\"Neg\u00f3cios\",\"item\":\"https:\/\/www.suno.com.br\/noticias\/negocios\/\"},{\"@type\":\"ListItem\",\"position\":3,\"name\":\"Produtores e exportadores de caf\u00e9 querem o fim das taxas sobre o produto\"}]},{\"@type\":\"WebSite\",\"@id\":\"https:\/\/www.suno.com.br\/noticias\/#website\",\"url\":\"https:\/\/www.suno.com.br\/noticias\/\",\"name\":\"Suno Not\u00edcias\",\"description\":\"Seu portal de informa\u00e7\u00e3o sobre o mundo dos investimentos\",\"publisher\":{\"@id\":\"https:\/\/www.suno.com.br\/noticias\/#organization\"},\"potentialAction\":[{\"@type\":\"SearchAction\",\"target\":{\"@type\":\"EntryPoint\",\"urlTemplate\":\"https:\/\/www.suno.com.br\/noticias\/?s={search_term_string}\"},\"query-input\":{\"@type\":\"PropertyValueSpecification\",\"valueRequired\":true,\"valueName\":\"search_term_string\"}}],\"inLanguage\":\"pt-BR\"},{\"@type\":\"Organization\",\"@id\":\"https:\/\/www.suno.com.br\/noticias\/#organization\",\"name\":\"Suno Not\u00edcias\",\"url\":\"https:\/\/www.suno.com.br\/noticias\/\",\"logo\":{\"@type\":\"ImageObject\",\"inLanguage\":\"pt-BR\",\"@id\":\"https:\/\/www.suno.com.br\/noticias\/#\/schema\/logo\/image\/\",\"url\":\"https:\/\/files.sunoresearch.com.br\/n\/uploads\/2021\/09\/suno-logo.png\",\"contentUrl\":\"https:\/\/files.sunoresearch.com.br\/n\/uploads\/2021\/09\/suno-logo.png\",\"width\":180,\"height\":180,\"caption\":\"Suno Not\u00edcias\"},\"image\":{\"@id\":\"https:\/\/www.suno.com.br\/noticias\/#\/schema\/logo\/image\/\"},\"sameAs\":[\"https:\/\/facebook.com\/sunoresearch\",\"https:\/\/x.com\/sunoresearch\",\"https:\/\/www.instagram.com\/suno\",\"https:\/\/www.linkedin.com\/company\/suno-research\/\",\"https:\/\/www.youtube.com\/c\/sunoresearch\"]},{\"@type\":\"Person\",\"@id\":\"https:\/\/www.suno.com.br\/noticias\/#\/schema\/person\/fc144a1c6108bd1dcd43784e88a3c138\",\"name\":\"Renan Bandeira\",\"image\":{\"@type\":\"ImageObject\",\"inLanguage\":\"pt-BR\",\"@id\":\"https:\/\/www.suno.com.br\/noticias\/#\/schema\/person\/image\/\",\"url\":\"https:\/\/secure.gravatar.com\/avatar\/68359cdb608f14f11bbefcb78f3fc747?s=96&r=g\",\"contentUrl\":\"https:\/\/secure.gravatar.com\/avatar\/68359cdb608f14f11bbefcb78f3fc747?s=96&r=g\",\"caption\":\"Renan Bandeira\"},\"description\":\"Renan Bandeira escreve sobre pol\u00edtica e economia para o portal da Suno Research. Antes da Suno, trabalhou em uma rede de televis\u00e3o, onde fazia reportagens sobre os mesmos temas. Estuda na Universidade Metodista de S\u00e3o Paulo.\",\"url\":\"https:\/\/www.suno.com.br\/noticias\/author\/renan-bandeira\/\"}]}<\/script>\n<!-- \/ Yoast SEO plugin. -->","yoast_head_json":{"title":"Produtores e exportadores de caf\u00e9 querem o fim das taxas sobre o produto","description":"Atualmente a Uni\u00e3o Europeia imp\u00f5e uma taxa de 9% sobre o caf\u00e9; Acordo faria as taxas acabarem por quatro anos. Clique para saber mais.","robots":{"index":"index","follow":"follow","max-snippet":"max-snippet:-1","max-image-preview":"max-image-preview:large","max-video-preview":"max-video-preview:-1"},"canonical":"https:\/\/www.suno.com.br\/noticias\/produtores-exportadores-cafe-fim-taxas\/","og_locale":"pt_BR","og_type":"article","og_title":"Produtores e exportadores de caf\u00e9 querem o fim das taxas sobre o produto","og_description":"Atualmente a Uni\u00e3o Europeia imp\u00f5e uma taxa de 9% sobre o caf\u00e9; Acordo faria as taxas acabarem por quatro anos. Clique para saber mais.","og_url":"https:\/\/www.suno.com.br\/noticias\/produtores-exportadores-cafe-fim-taxas\/","og_site_name":"Suno Not\u00edcias","article_publisher":"https:\/\/facebook.com\/sunoresearch","og_image":[{"width":1140,"height":760,"url":"https:\/\/files.sunoresearch.com.br\/n\/uploads\/2019\/01\/51530580-caf\u00e9.jpg","type":"image\/jpeg"}],"author":"Renan Bandeira","twitter_card":"summary_large_image","twitter_creator":"@sunoresearch","twitter_site":"@sunoresearch","twitter_misc":{"Escrito por":"Renan Bandeira","Est. tempo de leitura":"1 minuto"},"schema":{"@context":"https:\/\/schema.org","@graph":[{"@type":"NewsArticle","@id":"https:\/\/www.suno.com.br\/noticias\/produtores-exportadores-cafe-fim-taxas\/#article","isPartOf":{"@id":"https:\/\/www.suno.com.br\/noticias\/produtores-exportadores-cafe-fim-taxas\/"},"author":{"name":"Renan Bandeira","@id":"https:\/\/www.suno.com.br\/noticias\/#\/schema\/person\/fc144a1c6108bd1dcd43784e88a3c138"},"headline":"Produtores e exportadores de caf\u00e9 querem o fim das taxas sobre o produto","datePublished":"2019-01-14T12:18:07+00:00","dateModified":"2019-01-14T15:18:21+00:00","mainEntityOfPage":{"@id":"https:\/\/www.suno.com.br\/noticias\/produtores-exportadores-cafe-fim-taxas\/"},"wordCount":307,"publisher":{"@id":"https:\/\/www.suno.com.br\/noticias\/#organization"},"image":{"@id":"https:\/\/www.suno.com.br\/noticias\/produtores-exportadores-cafe-fim-taxas\/#primaryimage"},"thumbnailUrl":"https:\/\/files.sunoresearch.com.br\/n\/uploads\/2019\/01\/51530580-caf\u00e9-jpg.webp","keywords":["Jair Bolsonaro","Mercosul","Uni\u00e3o Europeia"],"articleSection":["Neg\u00f3cios"],"inLanguage":"pt-BR"},{"@type":"WebPage","@id":"https:\/\/www.suno.com.br\/noticias\/produtores-exportadores-cafe-fim-taxas\/","url":"https:\/\/www.suno.com.br\/noticias\/produtores-exportadores-cafe-fim-taxas\/","name":"Produtores e exportadores de caf\u00e9 querem o fim das taxas sobre o produto","isPartOf":{"@id":"https:\/\/www.suno.com.br\/noticias\/#website"},"primaryImageOfPage":{"@id":"https:\/\/www.suno.com.br\/noticias\/produtores-exportadores-cafe-fim-taxas\/#primaryimage"},"image":{"@id":"https:\/\/www.suno.com.br\/noticias\/produtores-exportadores-cafe-fim-taxas\/#primaryimage"},"thumbnailUrl":"https:\/\/files.sunoresearch.com.br\/n\/uploads\/2019\/01\/51530580-caf\u00e9-jpg.webp","datePublished":"2019-01-14T12:18:07+00:00","dateModified":"2019-01-14T15:18:21+00:00","description":"Atualmente a Uni\u00e3o Europeia imp\u00f5e uma taxa de 9% sobre o caf\u00e9; Acordo faria as taxas acabarem por quatro anos. Clique para saber mais.","breadcrumb":{"@id":"https:\/\/www.suno.com.br\/noticias\/produtores-exportadores-cafe-fim-taxas\/#breadcrumb"},"inLanguage":"pt-BR","potentialAction":[{"@type":"ReadAction","target":["https:\/\/www.suno.com.br\/noticias\/produtores-exportadores-cafe-fim-taxas\/"]}]},{"@type":"ImageObject","inLanguage":"pt-BR","@id":"https:\/\/www.suno.com.br\/noticias\/produtores-exportadores-cafe-fim-taxas\/#primaryimage","url":"https:\/\/files.sunoresearch.com.br\/n\/uploads\/2019\/01\/51530580-caf\u00e9-jpg.webp","contentUrl":"https:\/\/files.sunoresearch.com.br\/n\/uploads\/2019\/01\/51530580-caf\u00e9-jpg.webp","width":1140,"height":760,"caption":"Caf\u00e9 especial do Brasil perde espa\u00e7o nos EUA ap\u00f3s tarifa\u00e7o."},{"@type":"BreadcrumbList","@id":"https:\/\/www.suno.com.br\/noticias\/produtores-exportadores-cafe-fim-taxas\/#breadcrumb","itemListElement":[{"@type":"ListItem","position":1,"name":"Not\u00edcias","item":"https:\/\/www.suno.com.br\/noticias\/"},{"@type":"ListItem","position":2,"name":"Neg\u00f3cios","item":"https:\/\/www.suno.com.br\/noticias\/negocios\/"},{"@type":"ListItem","position":3,"name":"Produtores e exportadores de caf\u00e9 querem o fim das taxas sobre o produto"}]},{"@type":"WebSite","@id":"https:\/\/www.suno.com.br\/noticias\/#website","url":"https:\/\/www.suno.com.br\/noticias\/","name":"Suno Not\u00edcias","description":"Seu portal de informa\u00e7\u00e3o sobre o mundo dos investimentos","publisher":{"@id":"https:\/\/www.suno.com.br\/noticias\/#organization"},"potentialAction":[{"@type":"SearchAction","target":{"@type":"EntryPoint","urlTemplate":"https:\/\/www.suno.com.br\/noticias\/?s={search_term_string}"},"query-input":{"@type":"PropertyValueSpecification","valueRequired":true,"valueName":"search_term_string"}}],"inLanguage":"pt-BR"},{"@type":"Organization","@id":"https:\/\/www.suno.com.br\/noticias\/#organization","name":"Suno Not\u00edcias","url":"https:\/\/www.suno.com.br\/noticias\/","logo":{"@type":"ImageObject","inLanguage":"pt-BR","@id":"https:\/\/www.suno.com.br\/noticias\/#\/schema\/logo\/image\/","url":"https:\/\/files.sunoresearch.com.br\/n\/uploads\/2021\/09\/suno-logo.png","contentUrl":"https:\/\/files.sunoresearch.com.br\/n\/uploads\/2021\/09\/suno-logo.png","width":180,"height":180,"caption":"Suno Not\u00edcias"},"image":{"@id":"https:\/\/www.suno.com.br\/noticias\/#\/schema\/logo\/image\/"},"sameAs":["https:\/\/facebook.com\/sunoresearch","https:\/\/x.com\/sunoresearch","https:\/\/www.instagram.com\/suno","https:\/\/www.linkedin.com\/company\/suno-research\/","https:\/\/www.youtube.com\/c\/sunoresearch"]},{"@type":"Person","@id":"https:\/\/www.suno.com.br\/noticias\/#\/schema\/person\/fc144a1c6108bd1dcd43784e88a3c138","name":"Renan Bandeira","image":{"@type":"ImageObject","inLanguage":"pt-BR","@id":"https:\/\/www.suno.com.br\/noticias\/#\/schema\/person\/image\/","url":"https:\/\/secure.gravatar.com\/avatar\/68359cdb608f14f11bbefcb78f3fc747?s=96&r=g","contentUrl":"https:\/\/secure.gravatar.com\/avatar\/68359cdb608f14f11bbefcb78f3fc747?s=96&r=g","caption":"Renan Bandeira"},"description":"Renan Bandeira escreve sobre pol\u00edtica e economia para o portal da Suno Research. Antes da Suno, trabalhou em uma rede de televis\u00e3o, onde fazia reportagens sobre os mesmos temas. Estuda na Universidade Metodista de S\u00e3o Paulo.","url":"https:\/\/www.suno.com.br\/noticias\/author\/renan-bandeira\/"}]}},"default_loop_html":"<div class=\"cardsPage__listCard__boxs\"><div class=\"cardsPage__listCard__boxs__img\"><a href=\"https:\/\/www.suno.com.br\/noticias\/produtores-exportadores-cafe-fim-taxas\/\"><img class=\"mask\" src=\"https:\/\/www.suno.com.br\/noticias\/wp-content\/themes\/suno\/resources\/images\/spotlight\/spotlight1img\/bg-mask.png\" alt=\"Image Mask\"\/><img src=\"https:\/\/files.sunoresearch.com.br\/n\/uploads\/2019\/01\/51530580-caf\u00e9-400x200.webp\" alt=\"Produtores e exportadores de caf\u00e9 querem o fim das taxas sobre o produto\"\/><\/a><span class=\"spotlightCategory\"><a href=\"https:\/\/www.suno.com.br\/noticias\/negocios\/\">Neg\u00f3cios<\/a><\/span><\/div><div class=\"cardsPage__listCard__boxs__content\"><a href=\"https:\/\/www.suno.com.br\/noticias\/produtores-exportadores-cafe-fim-taxas\/\"><h2 class=\"content__title\">Produtores e exportadores de caf\u00e9 querem o fim das taxas sobre o produto<\/h2><\/a><div class=\"newsContent__article__meta\"><div class=\"newsContent__article__meta__authorBox\"><a href=\"https:\/\/www.suno.com.br\/noticias\/author\/renan-bandeira\/\" class=\"authorBox__avatar noMobi\"><img src=\"https:\/\/secure.gravatar.com\/avatar\/68359cdb608f14f11bbefcb78f3fc747?s=96&#038;r=g\" alt=\"Renan Bandeira\"><\/a><div class=\"authorBox__name\"><span>por\n\t\t\t<a href=\"https:\/\/www.suno.com.br\/noticias\/author\/renan-bandeira\/\"><span itemprop=\"author\">Renan Bandeira<\/span><\/a><\/span><time datetime=\"2019-01-14T10:18:07-02:00\" itemprop=\"datePublished\">14\/01\/2019 10:18<\/time><\/div><\/div><\/div><\/div><\/div>","single_layout":"posts","amp_enabled":true,"_links":{"self":[{"href":"https:\/\/www.suno.com.br\/noticias\/wp-json\/wp\/v2\/posts\/11477"}],"collection":[{"href":"https:\/\/www.suno.com.br\/noticias\/wp-json\/wp\/v2\/posts"}],"about":[{"href":"https:\/\/www.suno.com.br\/noticias\/wp-json\/wp\/v2\/types\/post"}],"author":[{"embeddable":true,"href":"https:\/\/www.suno.com.br\/noticias\/wp-json\/wp\/v2\/users\/11"}],"replies":[{"embeddable":true,"href":"https:\/\/www.suno.com.br\/noticias\/wp-json\/wp\/v2\/comments?post=11477"}],"version-history":[{"count":0,"href":"https:\/\/www.suno.com.br\/noticias\/wp-json\/wp\/v2\/posts\/11477\/revisions"}],"wp:featuredmedia":[{"embeddable":true,"href":"https:\/\/www.suno.com.br\/noticias\/wp-json\/wp\/v2\/media\/11485"}],"wp:attachment":[{"href":"https:\/\/www.suno.com.br\/noticias\/wp-json\/wp\/v2\/media?parent=11477"}],"wp:term":[{"taxonomy":"category","embeddable":true,"href":"https:\/\/www.suno.com.br\/noticias\/wp-json\/wp\/v2\/categories?post=11477"},{"taxonomy":"post_tag","embeddable":true,"href":"https:\/\/www.suno.com.br\/noticias\/wp-json\/wp\/v2\/tags?post=11477"},{"taxonomy":"suno_strategy","embeddable":true,"href":"https:\/\/www.suno.com.br\/noticias\/wp-json\/wp\/v2\/suno_strategy?post=11477"}],"curies":[{"name":"wp","href":"https:\/\/api.w.org\/{rel}","templated":true}]}}