{"id":114762,"date":"2021-01-20T16:04:24","date_gmt":"2021-01-20T19:04:24","guid":{"rendered":"https:\/\/www.suno.com.br\/noticias\/?p=114762"},"modified":"2021-01-21T17:53:42","modified_gmt":"2021-01-21T20:53:42","slug":"stellantis-fusao-evitar-fechamento-fabricas","status":"publish","type":"post","link":"https:\/\/www.suno.com.br\/noticias\/stellantis-fusao-evitar-fechamento-fabricas\/","title":{"rendered":"Stellantis: fus\u00e3o tem objetivo de evitar fechamento de f\u00e1bricas"},"content":{"rendered":"<p>Carlos Tavares, presidente da <strong>Stellantis,<\/strong> grupo que resultou da fus\u00e3o entre a Fiat Chrysler Automobiles e a Peugeot, disse nesta ter\u00e7a-feira (20) que a fus\u00e3o tem como um dos objetivos evitar o fechamento de f\u00e1bricas. As informa\u00e7\u00f5es s\u00e3o da Ag\u00eancia Estado.<\/p>\t<div class=\"wrapper-featured-image\">\n\t\t<figure class=\"spotlightImg\">\n\n\t\t\t<picture>\n\t\t\t\t<source media=\"(max-width: 768px)\" srcset=\"https:\/\/files.sunoresearch.com.br\/n\/uploads\/2021\/01\/120f8fa7-stellantis-400x200.webp\">\n\t\t\t\t<img loading=\"lazy\" decoding=\"async\" class=\"newsContent__article__imgCapa lazyloadDisabled \" src=\"https:\/\/files.sunoresearch.com.br\/n\/uploads\/2021\/01\/120f8fa7-stellantis-800x450.webp\" width=\"800\" height=\"450\" alt=\"Stellantis: fus\u00e3o tem objetivo de evitar fechamento de f\u00e1bricas\" fetchpriority=high \/>\n\t\t\t<\/picture>\n\n\t\t\t<figcaption class=\"wp-caption-text wp-caption-text--show\">Presidente da Stellantis disse que a fus\u00e3o tem como um dos objetivos evitar o fechamento de f\u00e1bricas<\/figcaption>\n\t\t<\/figure>\n\t<\/div>\n\n\n\t<p>\n\t\t<a href=\"https:\/\/lp.suno.com.br\/planilha-controle-gastos\/\" target=\"_blank\" data-element=\"shortcode-suno-banner\" title=\"Banner SUNO, clique e saiba mais\">\n\t\t\t<picture>\n\t\t\t\t<source media=\"(max-width: 500px)\" srcset=\"https:\/\/files.sunoresearch.com.br\/n\/uploads\/2023\/03\/400x300-Planilha-controle-de-gastos.png\">\n\t\t\t\t<img class=\"newsContent__article__imgCapa newsContent__article__imgCapa--banner\"\n\t\t\t\t\tsrc=\"https:\/\/files.sunoresearch.com.br\/n\/uploads\/2023\/03\/1420x240-Planilha-controle-de-gastos.png\"\n\t\t\t\t\tdata-promo-id=\"101751\"\t\t\t\t\t\t\t\t\t\twidth='1420' height='240'\t\t\t\t\talt=\"https:\/\/files.sunoresearch.com.br\/n\/uploads\/2023\/03\/1420x240-Planilha-controle-de-gastos.png\"\n\t\t\t\t>\n\t\t\t<\/picture>\n\t\t<\/a>\n\t<\/p>\n\n\n<p>Em uma entrevista ao jornal, <strong>Tavares<\/strong> foi questionado se poderia haver uma reorganiza\u00e7\u00e3o de manufatura, com compartilhamento de f\u00e1bricas. Frente a isso, o executivo da Stellantis afirmou que &#8220;a melhor forma de evitar situa\u00e7\u00f5es de <strong>preju\u00edzo<\/strong> \u00e9 ter uma base de volume de vendas que seja suficientemente grande para diluir todos esses custos suplementares, protegendo a rentabilidade de cada carro vendido&#8221; e explicou que a fus\u00e3o entre a <strong>Fiat<\/strong> e a <strong>Peugeot<\/strong> tem como um dos seus objetivos evitar o fechamento de f\u00e1bricas, &#8220;protegendo a nossa rentabilidade com a dilui\u00e7\u00e3o dessas despesas numa base de vendas muito maior&#8221;.<\/p>\n<p>Al\u00e9m disso, o executivo salientou que as transforma\u00e7\u00f5es tecnol\u00f3gicas acontecendo na ind\u00fastria automotiva e as novas op\u00e7\u00f5es de mobilidade que os aplicativos oferecem, &#8220;nos \u00faltimos 20 ou 30 anos, \u00e9 o maior desafio da ind\u00fastria do autom\u00f3vel&#8221; e completou dizendo que &#8220;se considerarmos o per\u00edodo seguinte \u00e0 Segunda Guerra Mundial, podemos dizer, com alguma seguran\u00e7a, que estamos enfrentando o maior desafio&#8221;.<\/p>\n<p><a href=\"https:\/\/lp.suno.com.br\/suno-one\/\">Suno One: acesse gratuitamente eBooks, Minicursos, Artigos e Video Aulas sobre investimentos com um \u00fanico cadastro. Clique para saber mais!<\/a><\/p>\n<p>No entanto ele lembra que o maior desafio da Peugeot foi durante a <strong>Segunda Guerra Mundial,<\/strong> quando as f\u00e1bricas haviam sido bombardeadas e tudo teve que ser reconstru\u00eddo.<\/p>\n<p>Quando questionado sobre como aconteceria a transi\u00e7\u00e3o de tecnologia na Stellantis e se o grupo buscaria uma meta de 100% de eletrifica\u00e7\u00e3o, Tavares respondeu que a meta ser\u00e1 constru\u00edda ao longo dos anos.<\/p>\n\t<div data-element=\"shortcode-read-more\" class=\"knowMore\">\n\t\t\t\t<span class=\"knowMore__title\">Veja tamb\u00e9m<\/span>\n\t\t\t\t<a class=\"knowMore__link\" href=\"https:\/\/www.suno.com.br\/noticias\/stellantis-fiat-peugeot-sobe-75-pregao\/\">\n\t\t\tStellantis, companhia resultante da fus\u00e3o da Fiat com a Peugeot, estreia com alta de 7,5%\t\t<\/a>\n\t<\/div>\n\n\n<p>Segundo ele, at\u00e9 o fim de 2021 a companhia ter\u00e1 mais dez <strong>ve\u00edculos el\u00e9tricos<\/strong> a venda, e assumiu o compromisso de ter, at\u00e9 2025, 100% de seus modelos com, pelo menos, uma vers\u00e3o eletrificada. Vale destacar que atualmente a companhia j\u00e1 conta com 29 ve\u00edculos el\u00e9tricos a venda.<\/p>\n<p>&#8220;A Stellantis vai ter, ent\u00e3o, uma base tecnol\u00f3gica de motores el\u00e9tricos e de baterias que j\u00e1 existe (da PSA) para todas suas marcas usarem nos mercados em que isso for demandado&#8221;, afirmou Tavares.<\/p>\n<h2>Da fus\u00e3o Fiat-Peugeot nasce o grupo Stellantis<\/h2>\n<p>Da uni\u00e3o das montadoras italiana e francesa surgiu o quarto maior grupo automotivo do mundo, o Stellantis. O processo de fus\u00e3o entre a <strong>Fiat Chrysler<\/strong> e a <strong>Peugeot<\/strong> demorou dois anos de negocia\u00e7\u00f5es.<\/p>\n<p>O sinal verde, anunciado pela <strong><a href=\"https:\/\/www.suno.com.br\/artigos\/uniao-europeia\/\">Comiss\u00e3o Europeia<\/a>,<\/strong> em Bruxelas, em 21 de dezembro, abriu caminho para a formaliza\u00e7\u00e3o do &#8220;casamento&#8221; industrial e financeiro. Um projeto que vale 40 bilh\u00f5es de euros (cerca de R$ 260 bilh\u00f5es).<\/p>\n\t<p>\n\t\t<a href=\"https:\/\/lp.suno.com.br\/ebook-como-analisar-uma-acao\/\" target=\"_blank\" data-element=\"shortcode-suno-banner\" title=\"Banner SUNO, clique e saiba mais\">\n\t\t\t<picture>\n\t\t\t\t<source media=\"(max-width: 500px)\" srcset=\"https:\/\/files.sunoresearch.com.br\/n\/uploads\/2023\/03\/Ebook-Acoes-Mobile.jpg\">\n\t\t\t\t<img class=\"newsContent__article__imgCapa newsContent__article__imgCapa--banner\"\n\t\t\t\t\tsrc=\"https:\/\/files.sunoresearch.com.br\/n\/uploads\/2023\/03\/Ebook-Acoes-Desktop.jpg\"\n\t\t\t\t\tdata-promo-id=\"378302\"\t\t\t\t\t\t\t\t\t\twidth='1420' height='286'\t\t\t\t\talt=\"https:\/\/files.sunoresearch.com.br\/n\/uploads\/2023\/03\/Ebook-Acoes-Desktop.jpg\"\n\t\t\t\t>\n\t\t\t<\/picture>\n\t\t<\/a>\n\t<\/p>\n\n\n<p>A <strong>Stellantis<\/strong> agora administra 15 marcas incluindo algumas emblem\u00e1ticas como Jeep, Maserati, Fiat, Peugeot, Citro\u00ebn e Dodge.<\/p>\n\t<p>\n\t\t<a href=\"https:\/\/lp.suno.com.br\/planilha-de-controle-de-investimentos\/\" target=\"_blank\" data-element=\"shortcode-suno-banner\" title=\"Banner SUNO, clique e saiba mais\">\n\t\t\t<picture>\n\t\t\t\t<source media=\"(max-width: 500px)\" srcset=\"https:\/\/files.sunoresearch.com.br\/n\/uploads\/2023\/03\/400x300-Controle-de-Investimentos.png\">\n\t\t\t\t<img class=\"newsContent__article__imgCapa newsContent__article__imgCapa--banner\"\n\t\t\t\t\tsrc=\"https:\/\/files.sunoresearch.com.br\/n\/uploads\/2023\/03\/1420x240-Controle-de-Investimentos.png\"\n\t\t\t\t\tdata-promo-id=\"75934\"\t\t\t\t\t\t\t\t\t\twidth='1420' height='240'\t\t\t\t\talt=\"https:\/\/files.sunoresearch.com.br\/n\/uploads\/2023\/03\/1420x240-Controle-de-Investimentos.png\"\n\t\t\t\t>\n\t\t\t<\/picture>\n\t\t<\/a>\n\t<\/p>\n\n\n","protected":false},"excerpt":{"rendered":"<p>Carlos Tavares, presidente da Stellantis, grupo que resultou da fus\u00e3o entre a Fiat Chrysler Automobiles e a Peugeot, disse nesta ter\u00e7a-feira (20) que a fus\u00e3o tem como um dos objetivos evitar o fechamento de f\u00e1bricas. As informa\u00e7\u00f5es s\u00e3o da Ag\u00eancia Estado. Presidente da Stellantis disse que a fus\u00e3o tem como um dos objetivos evitar o [&hellip;]<\/p>\n","protected":false},"author":39,"featured_media":114788,"comment_status":"closed","ping_status":"closed","sticky":false,"template":"","format":"standard","meta":[],"categories":[64],"tags":[832,1413,1249],"suno_strategy":[],"class_list":["post-114762","post","type-post","status-publish","format-standard","has-post-thumbnail","hentry","category-negocios","tag-fiat","tag-fiat-chrysler-fca","tag-peugeot"],"yoast_head":"<!-- This site is optimized with the Yoast SEO plugin v24.4 - https:\/\/yoast.com\/wordpress\/plugins\/seo\/ -->\n<title>Stellantis: fus\u00e3o tem objetivo de evitar fechamento de f\u00e1bricas, diz presidente<\/title>\n<meta name=\"description\" content=\"O presidente da Stellantis disse que a fus\u00e3o tem como um dos objetivos evitar o fechamento de f\u00e1bricas. Clique aqui e saiba mais.\" \/>\n<meta name=\"robots\" content=\"index, follow, max-snippet:-1, max-image-preview:large, max-video-preview:-1\" \/>\n<link rel=\"canonical\" href=\"https:\/\/www.suno.com.br\/noticias\/stellantis-fusao-evitar-fechamento-fabricas\/\" \/>\n<meta property=\"og:locale\" content=\"pt_BR\" \/>\n<meta property=\"og:type\" content=\"article\" \/>\n<meta property=\"og:title\" content=\"Stellantis: fus\u00e3o tem objetivo de evitar fechamento de f\u00e1bricas, diz presidente\" \/>\n<meta property=\"og:description\" content=\"O presidente da Stellantis disse que a fus\u00e3o tem como um dos objetivos evitar o fechamento de f\u00e1bricas. Clique aqui e saiba mais.\" \/>\n<meta property=\"og:url\" content=\"https:\/\/www.suno.com.br\/noticias\/stellantis-fusao-evitar-fechamento-fabricas\/\" \/>\n<meta property=\"og:site_name\" content=\"Suno Not\u00edcias\" \/>\n<meta property=\"article:publisher\" content=\"https:\/\/facebook.com\/sunoresearch\" \/>\n<meta property=\"og:image\" content=\"https:\/\/files.sunoresearch.com.br\/n\/uploads\/2021\/01\/120f8fa7-stellantis.jpg\" \/>\n\t<meta property=\"og:image:width\" content=\"1024\" \/>\n\t<meta property=\"og:image:height\" content=\"576\" \/>\n\t<meta property=\"og:image:type\" content=\"image\/jpeg\" \/>\n<meta name=\"author\" content=\"Laura Moutinho\" \/>\n<meta name=\"twitter:card\" content=\"summary_large_image\" \/>\n<meta name=\"twitter:creator\" content=\"@sunoresearch\" \/>\n<meta name=\"twitter:site\" content=\"@sunoresearch\" \/>\n<meta name=\"twitter:label1\" content=\"Escrito por\" \/>\n\t<meta name=\"twitter:data1\" content=\"Laura Moutinho\" \/>\n\t<meta name=\"twitter:label2\" content=\"Est. tempo de leitura\" \/>\n\t<meta name=\"twitter:data2\" content=\"3 minutos\" \/>\n<script type=\"application\/ld+json\" class=\"yoast-schema-graph\">{\"@context\":\"https:\/\/schema.org\",\"@graph\":[{\"@type\":\"NewsArticle\",\"@id\":\"https:\/\/www.suno.com.br\/noticias\/stellantis-fusao-evitar-fechamento-fabricas\/#article\",\"isPartOf\":{\"@id\":\"https:\/\/www.suno.com.br\/noticias\/stellantis-fusao-evitar-fechamento-fabricas\/\"},\"author\":{\"name\":\"Laura Moutinho\",\"@id\":\"https:\/\/www.suno.com.br\/noticias\/#\/schema\/person\/3df0d2808748b74496efe5dbeaef2c72\"},\"headline\":\"Stellantis: fus\u00e3o tem objetivo de evitar fechamento de f\u00e1bricas\",\"datePublished\":\"2021-01-20T19:04:24+00:00\",\"dateModified\":\"2021-01-21T20:53:42+00:00\",\"mainEntityOfPage\":{\"@id\":\"https:\/\/www.suno.com.br\/noticias\/stellantis-fusao-evitar-fechamento-fabricas\/\"},\"wordCount\":526,\"publisher\":{\"@id\":\"https:\/\/www.suno.com.br\/noticias\/#organization\"},\"image\":{\"@id\":\"https:\/\/www.suno.com.br\/noticias\/stellantis-fusao-evitar-fechamento-fabricas\/#primaryimage\"},\"thumbnailUrl\":\"https:\/\/files.sunoresearch.com.br\/n\/uploads\/2021\/01\/120f8fa7-stellantis-jpg.webp\",\"keywords\":[\"FIAT\",\"Fiat Chrysler (FCA)\",\"Peugeot\"],\"articleSection\":[\"Neg\u00f3cios\"],\"inLanguage\":\"pt-BR\"},{\"@type\":\"WebPage\",\"@id\":\"https:\/\/www.suno.com.br\/noticias\/stellantis-fusao-evitar-fechamento-fabricas\/\",\"url\":\"https:\/\/www.suno.com.br\/noticias\/stellantis-fusao-evitar-fechamento-fabricas\/\",\"name\":\"Stellantis: fus\u00e3o tem objetivo de evitar fechamento de f\u00e1bricas, diz presidente\",\"isPartOf\":{\"@id\":\"https:\/\/www.suno.com.br\/noticias\/#website\"},\"primaryImageOfPage\":{\"@id\":\"https:\/\/www.suno.com.br\/noticias\/stellantis-fusao-evitar-fechamento-fabricas\/#primaryimage\"},\"image\":{\"@id\":\"https:\/\/www.suno.com.br\/noticias\/stellantis-fusao-evitar-fechamento-fabricas\/#primaryimage\"},\"thumbnailUrl\":\"https:\/\/files.sunoresearch.com.br\/n\/uploads\/2021\/01\/120f8fa7-stellantis-jpg.webp\",\"datePublished\":\"2021-01-20T19:04:24+00:00\",\"dateModified\":\"2021-01-21T20:53:42+00:00\",\"description\":\"O presidente da Stellantis disse que a fus\u00e3o tem como um dos objetivos evitar o fechamento de f\u00e1bricas. Clique aqui e saiba mais.\",\"breadcrumb\":{\"@id\":\"https:\/\/www.suno.com.br\/noticias\/stellantis-fusao-evitar-fechamento-fabricas\/#breadcrumb\"},\"inLanguage\":\"pt-BR\",\"potentialAction\":[{\"@type\":\"ReadAction\",\"target\":[\"https:\/\/www.suno.com.br\/noticias\/stellantis-fusao-evitar-fechamento-fabricas\/\"]}]},{\"@type\":\"ImageObject\",\"inLanguage\":\"pt-BR\",\"@id\":\"https:\/\/www.suno.com.br\/noticias\/stellantis-fusao-evitar-fechamento-fabricas\/#primaryimage\",\"url\":\"https:\/\/files.sunoresearch.com.br\/n\/uploads\/2021\/01\/120f8fa7-stellantis-jpg.webp\",\"contentUrl\":\"https:\/\/files.sunoresearch.com.br\/n\/uploads\/2021\/01\/120f8fa7-stellantis-jpg.webp\",\"width\":1024,\"height\":576,\"caption\":\"Presidente da Stellantis disse que a fus\u00e3o tem como um dos objetivos evitar o fechamento de f\u00e1bricas\"},{\"@type\":\"BreadcrumbList\",\"@id\":\"https:\/\/www.suno.com.br\/noticias\/stellantis-fusao-evitar-fechamento-fabricas\/#breadcrumb\",\"itemListElement\":[{\"@type\":\"ListItem\",\"position\":1,\"name\":\"Not\u00edcias\",\"item\":\"https:\/\/www.suno.com.br\/noticias\/\"},{\"@type\":\"ListItem\",\"position\":2,\"name\":\"Neg\u00f3cios\",\"item\":\"https:\/\/www.suno.com.br\/noticias\/negocios\/\"},{\"@type\":\"ListItem\",\"position\":3,\"name\":\"Stellantis: fus\u00e3o tem objetivo de evitar fechamento de f\u00e1bricas\"}]},{\"@type\":\"WebSite\",\"@id\":\"https:\/\/www.suno.com.br\/noticias\/#website\",\"url\":\"https:\/\/www.suno.com.br\/noticias\/\",\"name\":\"Suno Not\u00edcias\",\"description\":\"Seu portal de informa\u00e7\u00e3o sobre o mundo dos investimentos\",\"publisher\":{\"@id\":\"https:\/\/www.suno.com.br\/noticias\/#organization\"},\"potentialAction\":[{\"@type\":\"SearchAction\",\"target\":{\"@type\":\"EntryPoint\",\"urlTemplate\":\"https:\/\/www.suno.com.br\/noticias\/?s={search_term_string}\"},\"query-input\":{\"@type\":\"PropertyValueSpecification\",\"valueRequired\":true,\"valueName\":\"search_term_string\"}}],\"inLanguage\":\"pt-BR\"},{\"@type\":\"Organization\",\"@id\":\"https:\/\/www.suno.com.br\/noticias\/#organization\",\"name\":\"Suno Not\u00edcias\",\"url\":\"https:\/\/www.suno.com.br\/noticias\/\",\"logo\":{\"@type\":\"ImageObject\",\"inLanguage\":\"pt-BR\",\"@id\":\"https:\/\/www.suno.com.br\/noticias\/#\/schema\/logo\/image\/\",\"url\":\"https:\/\/files.sunoresearch.com.br\/n\/uploads\/2021\/09\/suno-logo.png\",\"contentUrl\":\"https:\/\/files.sunoresearch.com.br\/n\/uploads\/2021\/09\/suno-logo.png\",\"width\":180,\"height\":180,\"caption\":\"Suno Not\u00edcias\"},\"image\":{\"@id\":\"https:\/\/www.suno.com.br\/noticias\/#\/schema\/logo\/image\/\"},\"sameAs\":[\"https:\/\/facebook.com\/sunoresearch\",\"https:\/\/x.com\/sunoresearch\",\"https:\/\/www.instagram.com\/suno\",\"https:\/\/www.linkedin.com\/company\/suno-research\/\",\"https:\/\/www.youtube.com\/c\/sunoresearch\"]},{\"@type\":\"Person\",\"@id\":\"https:\/\/www.suno.com.br\/noticias\/#\/schema\/person\/3df0d2808748b74496efe5dbeaef2c72\",\"name\":\"Laura Moutinho\",\"image\":{\"@type\":\"ImageObject\",\"inLanguage\":\"pt-BR\",\"@id\":\"https:\/\/www.suno.com.br\/noticias\/#\/schema\/person\/image\/\",\"url\":\"https:\/\/secure.gravatar.com\/avatar\/7571c7c8ca3a6fca5e41384ece5557ff?s=96&r=g\",\"contentUrl\":\"https:\/\/secure.gravatar.com\/avatar\/7571c7c8ca3a6fca5e41384ece5557ff?s=96&r=g\",\"caption\":\"Laura Moutinho\"},\"description\":\"Estagi\u00e1ria na Suno Not\u00edcias, escreve not\u00edcias que afetam o mercado financeiro. Estuda administra\u00e7\u00e3o na Universidade Presbiteriana Mackenzie.\",\"url\":\"https:\/\/www.suno.com.br\/noticias\/author\/laura-moutinho\/\"}]}<\/script>\n<!-- \/ Yoast SEO plugin. -->","yoast_head_json":{"title":"Stellantis: fus\u00e3o tem objetivo de evitar fechamento de f\u00e1bricas, diz presidente","description":"O presidente da Stellantis disse que a fus\u00e3o tem como um dos objetivos evitar o fechamento de f\u00e1bricas. Clique aqui e saiba mais.","robots":{"index":"index","follow":"follow","max-snippet":"max-snippet:-1","max-image-preview":"max-image-preview:large","max-video-preview":"max-video-preview:-1"},"canonical":"https:\/\/www.suno.com.br\/noticias\/stellantis-fusao-evitar-fechamento-fabricas\/","og_locale":"pt_BR","og_type":"article","og_title":"Stellantis: fus\u00e3o tem objetivo de evitar fechamento de f\u00e1bricas, diz presidente","og_description":"O presidente da Stellantis disse que a fus\u00e3o tem como um dos objetivos evitar o fechamento de f\u00e1bricas. Clique aqui e saiba mais.","og_url":"https:\/\/www.suno.com.br\/noticias\/stellantis-fusao-evitar-fechamento-fabricas\/","og_site_name":"Suno Not\u00edcias","article_publisher":"https:\/\/facebook.com\/sunoresearch","og_image":[{"width":1024,"height":576,"url":"https:\/\/files.sunoresearch.com.br\/n\/uploads\/2021\/01\/120f8fa7-stellantis.jpg","type":"image\/jpeg"}],"author":"Laura Moutinho","twitter_card":"summary_large_image","twitter_creator":"@sunoresearch","twitter_site":"@sunoresearch","twitter_misc":{"Escrito por":"Laura Moutinho","Est. tempo de leitura":"3 minutos"},"schema":{"@context":"https:\/\/schema.org","@graph":[{"@type":"NewsArticle","@id":"https:\/\/www.suno.com.br\/noticias\/stellantis-fusao-evitar-fechamento-fabricas\/#article","isPartOf":{"@id":"https:\/\/www.suno.com.br\/noticias\/stellantis-fusao-evitar-fechamento-fabricas\/"},"author":{"name":"Laura Moutinho","@id":"https:\/\/www.suno.com.br\/noticias\/#\/schema\/person\/3df0d2808748b74496efe5dbeaef2c72"},"headline":"Stellantis: fus\u00e3o tem objetivo de evitar fechamento de f\u00e1bricas","datePublished":"2021-01-20T19:04:24+00:00","dateModified":"2021-01-21T20:53:42+00:00","mainEntityOfPage":{"@id":"https:\/\/www.suno.com.br\/noticias\/stellantis-fusao-evitar-fechamento-fabricas\/"},"wordCount":526,"publisher":{"@id":"https:\/\/www.suno.com.br\/noticias\/#organization"},"image":{"@id":"https:\/\/www.suno.com.br\/noticias\/stellantis-fusao-evitar-fechamento-fabricas\/#primaryimage"},"thumbnailUrl":"https:\/\/files.sunoresearch.com.br\/n\/uploads\/2021\/01\/120f8fa7-stellantis-jpg.webp","keywords":["FIAT","Fiat Chrysler (FCA)","Peugeot"],"articleSection":["Neg\u00f3cios"],"inLanguage":"pt-BR"},{"@type":"WebPage","@id":"https:\/\/www.suno.com.br\/noticias\/stellantis-fusao-evitar-fechamento-fabricas\/","url":"https:\/\/www.suno.com.br\/noticias\/stellantis-fusao-evitar-fechamento-fabricas\/","name":"Stellantis: fus\u00e3o tem objetivo de evitar fechamento de f\u00e1bricas, diz presidente","isPartOf":{"@id":"https:\/\/www.suno.com.br\/noticias\/#website"},"primaryImageOfPage":{"@id":"https:\/\/www.suno.com.br\/noticias\/stellantis-fusao-evitar-fechamento-fabricas\/#primaryimage"},"image":{"@id":"https:\/\/www.suno.com.br\/noticias\/stellantis-fusao-evitar-fechamento-fabricas\/#primaryimage"},"thumbnailUrl":"https:\/\/files.sunoresearch.com.br\/n\/uploads\/2021\/01\/120f8fa7-stellantis-jpg.webp","datePublished":"2021-01-20T19:04:24+00:00","dateModified":"2021-01-21T20:53:42+00:00","description":"O presidente da Stellantis disse que a fus\u00e3o tem como um dos objetivos evitar o fechamento de f\u00e1bricas. Clique aqui e saiba mais.","breadcrumb":{"@id":"https:\/\/www.suno.com.br\/noticias\/stellantis-fusao-evitar-fechamento-fabricas\/#breadcrumb"},"inLanguage":"pt-BR","potentialAction":[{"@type":"ReadAction","target":["https:\/\/www.suno.com.br\/noticias\/stellantis-fusao-evitar-fechamento-fabricas\/"]}]},{"@type":"ImageObject","inLanguage":"pt-BR","@id":"https:\/\/www.suno.com.br\/noticias\/stellantis-fusao-evitar-fechamento-fabricas\/#primaryimage","url":"https:\/\/files.sunoresearch.com.br\/n\/uploads\/2021\/01\/120f8fa7-stellantis-jpg.webp","contentUrl":"https:\/\/files.sunoresearch.com.br\/n\/uploads\/2021\/01\/120f8fa7-stellantis-jpg.webp","width":1024,"height":576,"caption":"Presidente da Stellantis disse que a fus\u00e3o tem como um dos objetivos evitar o fechamento de f\u00e1bricas"},{"@type":"BreadcrumbList","@id":"https:\/\/www.suno.com.br\/noticias\/stellantis-fusao-evitar-fechamento-fabricas\/#breadcrumb","itemListElement":[{"@type":"ListItem","position":1,"name":"Not\u00edcias","item":"https:\/\/www.suno.com.br\/noticias\/"},{"@type":"ListItem","position":2,"name":"Neg\u00f3cios","item":"https:\/\/www.suno.com.br\/noticias\/negocios\/"},{"@type":"ListItem","position":3,"name":"Stellantis: fus\u00e3o tem objetivo de evitar fechamento de f\u00e1bricas"}]},{"@type":"WebSite","@id":"https:\/\/www.suno.com.br\/noticias\/#website","url":"https:\/\/www.suno.com.br\/noticias\/","name":"Suno Not\u00edcias","description":"Seu portal de informa\u00e7\u00e3o sobre o mundo dos investimentos","publisher":{"@id":"https:\/\/www.suno.com.br\/noticias\/#organization"},"potentialAction":[{"@type":"SearchAction","target":{"@type":"EntryPoint","urlTemplate":"https:\/\/www.suno.com.br\/noticias\/?s={search_term_string}"},"query-input":{"@type":"PropertyValueSpecification","valueRequired":true,"valueName":"search_term_string"}}],"inLanguage":"pt-BR"},{"@type":"Organization","@id":"https:\/\/www.suno.com.br\/noticias\/#organization","name":"Suno Not\u00edcias","url":"https:\/\/www.suno.com.br\/noticias\/","logo":{"@type":"ImageObject","inLanguage":"pt-BR","@id":"https:\/\/www.suno.com.br\/noticias\/#\/schema\/logo\/image\/","url":"https:\/\/files.sunoresearch.com.br\/n\/uploads\/2021\/09\/suno-logo.png","contentUrl":"https:\/\/files.sunoresearch.com.br\/n\/uploads\/2021\/09\/suno-logo.png","width":180,"height":180,"caption":"Suno Not\u00edcias"},"image":{"@id":"https:\/\/www.suno.com.br\/noticias\/#\/schema\/logo\/image\/"},"sameAs":["https:\/\/facebook.com\/sunoresearch","https:\/\/x.com\/sunoresearch","https:\/\/www.instagram.com\/suno","https:\/\/www.linkedin.com\/company\/suno-research\/","https:\/\/www.youtube.com\/c\/sunoresearch"]},{"@type":"Person","@id":"https:\/\/www.suno.com.br\/noticias\/#\/schema\/person\/3df0d2808748b74496efe5dbeaef2c72","name":"Laura Moutinho","image":{"@type":"ImageObject","inLanguage":"pt-BR","@id":"https:\/\/www.suno.com.br\/noticias\/#\/schema\/person\/image\/","url":"https:\/\/secure.gravatar.com\/avatar\/7571c7c8ca3a6fca5e41384ece5557ff?s=96&r=g","contentUrl":"https:\/\/secure.gravatar.com\/avatar\/7571c7c8ca3a6fca5e41384ece5557ff?s=96&r=g","caption":"Laura Moutinho"},"description":"Estagi\u00e1ria na Suno Not\u00edcias, escreve not\u00edcias que afetam o mercado financeiro. Estuda administra\u00e7\u00e3o na Universidade Presbiteriana Mackenzie.","url":"https:\/\/www.suno.com.br\/noticias\/author\/laura-moutinho\/"}]}},"default_loop_html":"<div class=\"cardsPage__listCard__boxs\"><div class=\"cardsPage__listCard__boxs__img\"><a href=\"https:\/\/www.suno.com.br\/noticias\/stellantis-fusao-evitar-fechamento-fabricas\/\"><img class=\"mask\" src=\"https:\/\/www.suno.com.br\/noticias\/wp-content\/themes\/suno\/resources\/images\/spotlight\/spotlight1img\/bg-mask.png\" alt=\"Image Mask\"\/><img src=\"https:\/\/files.sunoresearch.com.br\/n\/uploads\/2021\/01\/120f8fa7-stellantis-400x200.webp\" alt=\"Stellantis: fus\u00e3o tem objetivo de evitar fechamento de f\u00e1bricas\"\/><\/a><span class=\"spotlightCategory\"><a href=\"https:\/\/www.suno.com.br\/noticias\/negocios\/\">Neg\u00f3cios<\/a><\/span><\/div><div class=\"cardsPage__listCard__boxs__content\"><a href=\"https:\/\/www.suno.com.br\/noticias\/stellantis-fusao-evitar-fechamento-fabricas\/\"><h2 class=\"content__title\">Stellantis: fus\u00e3o tem objetivo de evitar fechamento de f\u00e1bricas<\/h2><\/a><div class=\"newsContent__article__meta\"><div class=\"newsContent__article__meta__authorBox\"><a href=\"https:\/\/www.suno.com.br\/noticias\/author\/laura-moutinho\/\" class=\"authorBox__avatar noMobi\"><img src=\"https:\/\/files.sunoresearch.com.br\/n\/uploads\/2020\/08\/531ff69d-whatsapp-image-2020-08-03-at-14.54.38-150x150.webp\" alt=\"Laura Moutinho\"><\/a><div class=\"authorBox__name\"><span>por\n\t\t\t<a href=\"https:\/\/www.suno.com.br\/noticias\/author\/laura-moutinho\/\"><span itemprop=\"author\">Laura Moutinho<\/span><\/a><\/span><time datetime=\"2021-01-20T16:04:24-03:00\" itemprop=\"datePublished\">20\/01\/2021 16:04<\/time><\/div><\/div><\/div><\/div><\/div>","single_layout":"posts","amp_enabled":true,"_links":{"self":[{"href":"https:\/\/www.suno.com.br\/noticias\/wp-json\/wp\/v2\/posts\/114762"}],"collection":[{"href":"https:\/\/www.suno.com.br\/noticias\/wp-json\/wp\/v2\/posts"}],"about":[{"href":"https:\/\/www.suno.com.br\/noticias\/wp-json\/wp\/v2\/types\/post"}],"author":[{"embeddable":true,"href":"https:\/\/www.suno.com.br\/noticias\/wp-json\/wp\/v2\/users\/39"}],"replies":[{"embeddable":true,"href":"https:\/\/www.suno.com.br\/noticias\/wp-json\/wp\/v2\/comments?post=114762"}],"version-history":[{"count":0,"href":"https:\/\/www.suno.com.br\/noticias\/wp-json\/wp\/v2\/posts\/114762\/revisions"}],"wp:featuredmedia":[{"embeddable":true,"href":"https:\/\/www.suno.com.br\/noticias\/wp-json\/wp\/v2\/media\/114788"}],"wp:attachment":[{"href":"https:\/\/www.suno.com.br\/noticias\/wp-json\/wp\/v2\/media?parent=114762"}],"wp:term":[{"taxonomy":"category","embeddable":true,"href":"https:\/\/www.suno.com.br\/noticias\/wp-json\/wp\/v2\/categories?post=114762"},{"taxonomy":"post_tag","embeddable":true,"href":"https:\/\/www.suno.com.br\/noticias\/wp-json\/wp\/v2\/tags?post=114762"},{"taxonomy":"suno_strategy","embeddable":true,"href":"https:\/\/www.suno.com.br\/noticias\/wp-json\/wp\/v2\/suno_strategy?post=114762"}],"curies":[{"name":"wp","href":"https:\/\/api.w.org\/{rel}","templated":true}]}}