{"id":114714,"date":"2021-01-20T13:38:41","date_gmt":"2021-01-20T16:38:41","guid":{"rendered":"https:\/\/www.suno.com.br\/noticias\/?p=114714"},"modified":"2021-01-22T12:25:36","modified_gmt":"2021-01-22T15:25:36","slug":"duratex-dtex3-apos-palestra-de-ceo-goldman-sachs-aumentam-preco-alvo","status":"publish","type":"post","link":"https:\/\/www.suno.com.br\/noticias\/duratex-dtex3-apos-palestra-de-ceo-goldman-sachs-aumentam-preco-alvo\/","title":{"rendered":"Duratex (DTEX3): ap\u00f3s palestra de CEO, Goldman Sachs aumenta pre\u00e7o-alvo"},"content":{"rendered":"<p>Os analistas do Goldman Sachs Thiago Ojea, Lucas Canteras e Alex Nguyen, aumentaram o pre\u00e7o-alvo da <a href=\"https:\/\/www.google.com\/search?q=dtex3+suno&amp;oq=dtex3+suno&amp;aqs=chrome..69i57j69i61.3025j1j7&amp;sourceid=chrome&amp;ie=UTF-8\"><strong>Duratex<\/strong> (DTEX3)<\/a> em 5%, para R$ 23, ap\u00f3s assistirem nessa ter\u00e7a-feira (19) uma palestra de Marcelo Izzo, diretor da unidade da Deca e Cer\u00e2mica. A recomenda\u00e7\u00e3o para o papel foi mantida em neutra.<\/p>\t<div class=\"wrapper-featured-image\">\n\t\t<figure class=\"spotlightImg\">\n\n\t\t\t<picture>\n\t\t\t\t<source media=\"(max-width: 768px)\" srcset=\"https:\/\/files.sunoresearch.com.br\/n\/uploads\/2021\/01\/38ab97be-duratex-400x200.webp\">\n\t\t\t\t<img loading=\"lazy\" decoding=\"async\" class=\"newsContent__article__imgCapa lazyloadDisabled \" src=\"https:\/\/files.sunoresearch.com.br\/n\/uploads\/2021\/01\/38ab97be-duratex-800x450.webp\" width=\"800\" height=\"450\" alt=\"Duratex (DTEX3): ap\u00f3s palestra de CEO, Goldman Sachs aumenta pre\u00e7o-alvo\" fetchpriority=high \/>\n\t\t\t<\/picture>\n\n\t\t\t<figcaption class=\"wp-caption-text wp-caption-text--show\"> Foto: Reprodu\u00e7\u00e3o Facebook<\/figcaption>\n\t\t<\/figure>\n\t<\/div>\n\n\n<p><span style=\"font-weight: 400;\">\u00a0\t<p>\n\t\t<a href=\"https:\/\/lp.suno.com.br\/planilha-controle-gastos\/\" target=\"_blank\" data-element=\"shortcode-suno-banner\" title=\"Banner SUNO, clique e saiba mais\">\n\t\t\t<picture>\n\t\t\t\t<source media=\"(max-width: 500px)\" srcset=\"https:\/\/files.sunoresearch.com.br\/n\/uploads\/2023\/03\/400x300-Planilha-controle-de-gastos.png\">\n\t\t\t\t<img class=\"newsContent__article__imgCapa newsContent__article__imgCapa--banner\"\n\t\t\t\t\tsrc=\"https:\/\/files.sunoresearch.com.br\/n\/uploads\/2023\/03\/1420x240-Planilha-controle-de-gastos.png\"\n\t\t\t\t\tdata-promo-id=\"101751\"\t\t\t\t\t\t\t\t\t\twidth='1420' height='240'\t\t\t\t\talt=\"https:\/\/files.sunoresearch.com.br\/n\/uploads\/2023\/03\/1420x240-Planilha-controle-de-gastos.png\"\n\t\t\t\t>\n\t\t\t<\/picture>\n\t\t<\/a>\n\t<\/p>\n\n<\/span><\/p>\n<p>A melhora no <strong><a href=\"https:\/\/www.suno.com.br\/artigos\/preco-alvo\/\">pre\u00e7o-alvo<\/a> <\/strong>da Duratex, para o Goldman Sachs, se deu por conta da uma perspectiva positiva de gest\u00e3o para 2021, impulsionada por um setor de constru\u00e7\u00e3o reabastecendo seus estoques e cadeias ap\u00f3s um bom desempenho em 2020.<\/p>\n<p>Em 2020, de acordo com o <strong>relat\u00f3rio<\/strong>, o home office, o coronavoucher e as taxas mais baixas de <a href=\"https:\/\/www.suno.com.br\/artigos\/taxa-de-juros\/\">juros<\/a> formaram uma &#8220;onda&#8221; perfeita, em que a Duratex surfou. Em determinados momentos, a companhia de materiais de constru\u00e7\u00e3o n\u00e3o conseguiu suprir toda a demanda, principalmente pela falta de embalagens e de componentes importados da China.<\/p>\n<p><a href=\"https:\/\/lp.suno.com.br\/suno-one\/\"><span style=\"font-weight: 400;\">Suno One: acesse gratuitamente eBooks, Minicursos, Artigos e Video Aulas sobre investimentos com um \u00fanico cadastro. Clique para saber mais!<\/span><\/a><\/p>\n<p>Em 2021, apesar do fim do aux\u00edlio emergencial, a administra\u00e7\u00e3o da Duratex v\u00ea uma continuidade no n\u00edvel de vendas. No primeiro momento, ele ser\u00e1 mantido pelo reabastecimento dos estoques e pela procura represada em 2020. Para os analistas do <strong>Goldman Sachs<\/strong>, o volume de vendas deve crescer entre 12% e 15% no ano.<\/p>\n<p>2020, entretanto, deve ser mais dif\u00edcil no \u00e2mbito de crescimento. Por isso, a Duratex afirmou que vem se esfor\u00e7ando para melhorar seu <a href=\"https:\/\/www.suno.com.br\/artigos\/ebitda\/\">Ebitda<\/a> (lucro antes de juros, impostos, deprecia\u00e7\u00e3o e amortiza\u00e7\u00e3o), reduzindo custos, adotando novos modelos e capturando sinergias para integrar seus neg\u00f3cios.<\/p>\n<h2>Duratex atenta para o impacto do aumento dos pre\u00e7os<\/h2>\n<p>A Duratex avalia o aumento de pre\u00e7os tendo como base a <a href=\"https:\/\/www.suno.com.br\/artigos\/taxa-de-juros\/\">infla\u00e7\u00e3o<\/a>, que inclusive impactou em seus custos de produ\u00e7\u00e3o, e os menores estoques. A companhia todavia estuda, atrav\u00e9s de um grupo focado no assunto, como o encarecimento dos seus produtos atingir\u00e1 os consumidores. A tentativa de racionalizar o aumento dos pre\u00e7os \u00e9 vista com bons olhos pelo Goldman Sachs, que afirma que o processo deve melhorar as decis\u00f5es da empresa\u00a0 no assunto. A previs\u00e3o, para o banco, \u00e9 uma alta de 5%. Os custos devem avan\u00e7ar 4%.<\/p>\n<p><span style=\"font-weight: 400;\">\t<p>\n\t\t<a href=\"https:\/\/lp.suno.com.br\/ebook-como-analisar-uma-acao\/\" target=\"_blank\" data-element=\"shortcode-suno-banner\" title=\"Banner SUNO, clique e saiba mais\">\n\t\t\t<picture>\n\t\t\t\t<source media=\"(max-width: 500px)\" srcset=\"https:\/\/files.sunoresearch.com.br\/n\/uploads\/2023\/03\/Ebook-Acoes-Mobile.jpg\">\n\t\t\t\t<img class=\"newsContent__article__imgCapa newsContent__article__imgCapa--banner\"\n\t\t\t\t\tsrc=\"https:\/\/files.sunoresearch.com.br\/n\/uploads\/2023\/03\/Ebook-Acoes-Desktop.jpg\"\n\t\t\t\t\tdata-promo-id=\"378302\"\t\t\t\t\t\t\t\t\t\twidth='1420' height='286'\t\t\t\t\talt=\"https:\/\/files.sunoresearch.com.br\/n\/uploads\/2023\/03\/Ebook-Acoes-Desktop.jpg\"\n\t\t\t\t>\n\t\t\t<\/picture>\n\t\t<\/a>\n\t<\/p>\n\n<\/span><\/p>\n<p>O Goldman Sachs v\u00ea ainda como positivo as poss\u00edveis sinergias resultantes da integra\u00e7\u00e3o da Deca e da Ceramics. A administra\u00e7\u00e3o da Duratex, por\u00e9m, afirma ser cedo para c\u00e1lculos do tipo. O esfor\u00e7o para o processo de digitaliza\u00e7\u00e3o do neg\u00f3cio, atrav\u00e9s de um <em>market place<\/em>, tamb\u00e9m \u00e9 um ponto que gera otimismo para os analistas.<\/p>\n<p>O banco v\u00ea a <strong>Duratex<\/strong> com um Ebitda forte para 2020, pr\u00f3ximo a R$ 502 milh\u00f5es no quarto trimestre. Em 2021, a proje\u00e7\u00e3o \u00e9 de um avan\u00e7o de cerca de 4% na base anual. Por conta dessas perspectivas que se deu a altera\u00e7\u00e3o do pre\u00e7o-alvo. A manuten\u00e7\u00e3o da recomenda\u00e7\u00e3o em neutra, segundo os analistas, \u00e9 baseada na rela\u00e7\u00e3o entre o valor de mercado e o Ebitda em 2021, que deve ficar em 9,5 vezes.<\/p>\n<p><span style=\"font-weight: 400;\">\t<p>\n\t\t<a href=\"https:\/\/lp.suno.com.br\/planilha-de-controle-de-investimentos\/\" target=\"_blank\" data-element=\"shortcode-suno-banner\" title=\"Banner SUNO, clique e saiba mais\">\n\t\t\t<picture>\n\t\t\t\t<source media=\"(max-width: 500px)\" srcset=\"https:\/\/files.sunoresearch.com.br\/n\/uploads\/2023\/03\/400x300-Controle-de-Investimentos.png\">\n\t\t\t\t<img class=\"newsContent__article__imgCapa newsContent__article__imgCapa--banner\"\n\t\t\t\t\tsrc=\"https:\/\/files.sunoresearch.com.br\/n\/uploads\/2023\/03\/1420x240-Controle-de-Investimentos.png\"\n\t\t\t\t\tdata-promo-id=\"75934\"\t\t\t\t\t\t\t\t\t\twidth='1420' height='240'\t\t\t\t\talt=\"https:\/\/files.sunoresearch.com.br\/n\/uploads\/2023\/03\/1420x240-Controle-de-Investimentos.png\"\n\t\t\t\t>\n\t\t\t<\/picture>\n\t\t<\/a>\n\t<\/p>\n\n<\/span><\/p>\n","protected":false},"excerpt":{"rendered":"<p>Os analistas do Goldman Sachs Thiago Ojea, Lucas Canteras e Alex Nguyen, aumentaram o pre\u00e7o-alvo da Duratex (DTEX3) em 5%, para R$ 23, ap\u00f3s assistirem nessa ter\u00e7a-feira (19) uma palestra de Marcelo Izzo, diretor da unidade da Deca e Cer\u00e2mica. A recomenda\u00e7\u00e3o para o papel foi mantida em neutra. Foto: Reprodu\u00e7\u00e3o Facebook \u00a0 A melhora [&hellip;]<\/p>\n","protected":false},"author":59,"featured_media":114741,"comment_status":"closed","ping_status":"closed","sticky":false,"template":"","format":"standard","meta":[],"categories":[64],"tags":[451,775],"suno_strategy":[],"class_list":["post-114714","post","type-post","status-publish","format-standard","has-post-thumbnail","hentry","category-negocios","tag-duratex-dtex3","tag-goldman-sachs-gsgi34"],"yoast_head":"<!-- This site is optimized with the Yoast SEO plugin v24.4 - https:\/\/yoast.com\/wordpress\/plugins\/seo\/ -->\n<title>Duratex (DTEX3): Goldman Sachs aumenta pre\u00e7o-alvo ap\u00f3s fala de diretor<\/title>\n<meta name=\"description\" content=\"Analistas do Goldman Sachs aumentaram o pre\u00e7o-alvo da Duratex ap\u00f3s palestra de um dos diretores da companhia. Clique aqui para saber mais.\" \/>\n<meta name=\"robots\" content=\"index, follow, max-snippet:-1, max-image-preview:large, max-video-preview:-1\" \/>\n<link rel=\"canonical\" href=\"https:\/\/www.suno.com.br\/noticias\/duratex-dtex3-apos-palestra-de-ceo-goldman-sachs-aumentam-preco-alvo\/\" \/>\n<meta property=\"og:locale\" content=\"pt_BR\" \/>\n<meta property=\"og:type\" content=\"article\" \/>\n<meta property=\"og:title\" content=\"Duratex (DTEX3): Goldman Sachs aumenta pre\u00e7o-alvo ap\u00f3s fala de diretor\" \/>\n<meta property=\"og:description\" content=\"Analistas do Goldman Sachs aumentaram o pre\u00e7o-alvo da Duratex ap\u00f3s palestra de um dos diretores da companhia. Clique aqui para saber mais.\" \/>\n<meta property=\"og:url\" content=\"https:\/\/www.suno.com.br\/noticias\/duratex-dtex3-apos-palestra-de-ceo-goldman-sachs-aumentam-preco-alvo\/\" \/>\n<meta property=\"og:site_name\" content=\"Suno Not\u00edcias\" \/>\n<meta property=\"article:publisher\" content=\"https:\/\/facebook.com\/sunoresearch\" \/>\n<meta property=\"og:image\" content=\"https:\/\/files.sunoresearch.com.br\/n\/uploads\/2021\/01\/38ab97be-duratex.jpg\" \/>\n\t<meta property=\"og:image:width\" content=\"1024\" \/>\n\t<meta property=\"og:image:height\" content=\"689\" \/>\n\t<meta property=\"og:image:type\" content=\"image\/jpeg\" \/>\n<meta name=\"author\" content=\"Vitor Azevedo\" \/>\n<meta name=\"twitter:card\" content=\"summary_large_image\" \/>\n<meta name=\"twitter:creator\" content=\"@sunoresearch\" \/>\n<meta name=\"twitter:site\" content=\"@sunoresearch\" \/>\n<meta name=\"twitter:label1\" content=\"Escrito por\" \/>\n\t<meta name=\"twitter:data1\" content=\"Vitor Azevedo\" \/>\n\t<meta name=\"twitter:label2\" content=\"Est. tempo de leitura\" \/>\n\t<meta name=\"twitter:data2\" content=\"3 minutos\" \/>\n<script type=\"application\/ld+json\" class=\"yoast-schema-graph\">{\"@context\":\"https:\/\/schema.org\",\"@graph\":[{\"@type\":\"NewsArticle\",\"@id\":\"https:\/\/www.suno.com.br\/noticias\/duratex-dtex3-apos-palestra-de-ceo-goldman-sachs-aumentam-preco-alvo\/#article\",\"isPartOf\":{\"@id\":\"https:\/\/www.suno.com.br\/noticias\/duratex-dtex3-apos-palestra-de-ceo-goldman-sachs-aumentam-preco-alvo\/\"},\"author\":{\"name\":\"Vitor Azevedo\",\"@id\":\"https:\/\/www.suno.com.br\/noticias\/#\/schema\/person\/658d5fbc74d81f265f5df3562d0038ab\"},\"headline\":\"Duratex (DTEX3): ap\u00f3s palestra de CEO, Goldman Sachs aumenta pre\u00e7o-alvo\",\"datePublished\":\"2021-01-20T16:38:41+00:00\",\"dateModified\":\"2021-01-22T15:25:36+00:00\",\"mainEntityOfPage\":{\"@id\":\"https:\/\/www.suno.com.br\/noticias\/duratex-dtex3-apos-palestra-de-ceo-goldman-sachs-aumentam-preco-alvo\/\"},\"wordCount\":540,\"publisher\":{\"@id\":\"https:\/\/www.suno.com.br\/noticias\/#organization\"},\"image\":{\"@id\":\"https:\/\/www.suno.com.br\/noticias\/duratex-dtex3-apos-palestra-de-ceo-goldman-sachs-aumentam-preco-alvo\/#primaryimage\"},\"thumbnailUrl\":\"https:\/\/files.sunoresearch.com.br\/n\/uploads\/2021\/01\/38ab97be-duratex-jpg.webp\",\"keywords\":[\"Duratex (DTEX3)\",\"Goldman Sachs (GSGI34)\"],\"articleSection\":[\"Neg\u00f3cios\"],\"inLanguage\":\"pt-BR\"},{\"@type\":\"WebPage\",\"@id\":\"https:\/\/www.suno.com.br\/noticias\/duratex-dtex3-apos-palestra-de-ceo-goldman-sachs-aumentam-preco-alvo\/\",\"url\":\"https:\/\/www.suno.com.br\/noticias\/duratex-dtex3-apos-palestra-de-ceo-goldman-sachs-aumentam-preco-alvo\/\",\"name\":\"Duratex (DTEX3): Goldman Sachs aumenta pre\u00e7o-alvo ap\u00f3s fala de diretor\",\"isPartOf\":{\"@id\":\"https:\/\/www.suno.com.br\/noticias\/#website\"},\"primaryImageOfPage\":{\"@id\":\"https:\/\/www.suno.com.br\/noticias\/duratex-dtex3-apos-palestra-de-ceo-goldman-sachs-aumentam-preco-alvo\/#primaryimage\"},\"image\":{\"@id\":\"https:\/\/www.suno.com.br\/noticias\/duratex-dtex3-apos-palestra-de-ceo-goldman-sachs-aumentam-preco-alvo\/#primaryimage\"},\"thumbnailUrl\":\"https:\/\/files.sunoresearch.com.br\/n\/uploads\/2021\/01\/38ab97be-duratex-jpg.webp\",\"datePublished\":\"2021-01-20T16:38:41+00:00\",\"dateModified\":\"2021-01-22T15:25:36+00:00\",\"description\":\"Analistas do Goldman Sachs aumentaram o pre\u00e7o-alvo da Duratex ap\u00f3s palestra de um dos diretores da companhia. Clique aqui para saber mais.\",\"breadcrumb\":{\"@id\":\"https:\/\/www.suno.com.br\/noticias\/duratex-dtex3-apos-palestra-de-ceo-goldman-sachs-aumentam-preco-alvo\/#breadcrumb\"},\"inLanguage\":\"pt-BR\",\"potentialAction\":[{\"@type\":\"ReadAction\",\"target\":[\"https:\/\/www.suno.com.br\/noticias\/duratex-dtex3-apos-palestra-de-ceo-goldman-sachs-aumentam-preco-alvo\/\"]}]},{\"@type\":\"ImageObject\",\"inLanguage\":\"pt-BR\",\"@id\":\"https:\/\/www.suno.com.br\/noticias\/duratex-dtex3-apos-palestra-de-ceo-goldman-sachs-aumentam-preco-alvo\/#primaryimage\",\"url\":\"https:\/\/files.sunoresearch.com.br\/n\/uploads\/2021\/01\/38ab97be-duratex-jpg.webp\",\"contentUrl\":\"https:\/\/files.sunoresearch.com.br\/n\/uploads\/2021\/01\/38ab97be-duratex-jpg.webp\",\"width\":1024,\"height\":689,\"caption\":\"Foto: Reprodu\u00e7\u00e3o Facebook\"},{\"@type\":\"BreadcrumbList\",\"@id\":\"https:\/\/www.suno.com.br\/noticias\/duratex-dtex3-apos-palestra-de-ceo-goldman-sachs-aumentam-preco-alvo\/#breadcrumb\",\"itemListElement\":[{\"@type\":\"ListItem\",\"position\":1,\"name\":\"Not\u00edcias\",\"item\":\"https:\/\/www.suno.com.br\/noticias\/\"},{\"@type\":\"ListItem\",\"position\":2,\"name\":\"Neg\u00f3cios\",\"item\":\"https:\/\/www.suno.com.br\/noticias\/negocios\/\"},{\"@type\":\"ListItem\",\"position\":3,\"name\":\"Duratex (DTEX3): ap\u00f3s palestra de CEO, Goldman Sachs aumenta pre\u00e7o-alvo\"}]},{\"@type\":\"WebSite\",\"@id\":\"https:\/\/www.suno.com.br\/noticias\/#website\",\"url\":\"https:\/\/www.suno.com.br\/noticias\/\",\"name\":\"Suno Not\u00edcias\",\"description\":\"Seu portal de informa\u00e7\u00e3o sobre o mundo dos investimentos\",\"publisher\":{\"@id\":\"https:\/\/www.suno.com.br\/noticias\/#organization\"},\"potentialAction\":[{\"@type\":\"SearchAction\",\"target\":{\"@type\":\"EntryPoint\",\"urlTemplate\":\"https:\/\/www.suno.com.br\/noticias\/?s={search_term_string}\"},\"query-input\":{\"@type\":\"PropertyValueSpecification\",\"valueRequired\":true,\"valueName\":\"search_term_string\"}}],\"inLanguage\":\"pt-BR\"},{\"@type\":\"Organization\",\"@id\":\"https:\/\/www.suno.com.br\/noticias\/#organization\",\"name\":\"Suno Not\u00edcias\",\"url\":\"https:\/\/www.suno.com.br\/noticias\/\",\"logo\":{\"@type\":\"ImageObject\",\"inLanguage\":\"pt-BR\",\"@id\":\"https:\/\/www.suno.com.br\/noticias\/#\/schema\/logo\/image\/\",\"url\":\"https:\/\/files.sunoresearch.com.br\/n\/uploads\/2021\/09\/suno-logo.png\",\"contentUrl\":\"https:\/\/files.sunoresearch.com.br\/n\/uploads\/2021\/09\/suno-logo.png\",\"width\":180,\"height\":180,\"caption\":\"Suno Not\u00edcias\"},\"image\":{\"@id\":\"https:\/\/www.suno.com.br\/noticias\/#\/schema\/logo\/image\/\"},\"sameAs\":[\"https:\/\/facebook.com\/sunoresearch\",\"https:\/\/x.com\/sunoresearch\",\"https:\/\/www.instagram.com\/suno\",\"https:\/\/www.linkedin.com\/company\/suno-research\/\",\"https:\/\/www.youtube.com\/c\/sunoresearch\"]},{\"@type\":\"Person\",\"@id\":\"https:\/\/www.suno.com.br\/noticias\/#\/schema\/person\/658d5fbc74d81f265f5df3562d0038ab\",\"name\":\"Vitor Azevedo\",\"image\":{\"@type\":\"ImageObject\",\"inLanguage\":\"pt-BR\",\"@id\":\"https:\/\/www.suno.com.br\/noticias\/#\/schema\/person\/image\/\",\"url\":\"https:\/\/secure.gravatar.com\/avatar\/62b86195291b446fe380824eb28b99a5?s=96&r=g\",\"contentUrl\":\"https:\/\/secure.gravatar.com\/avatar\/62b86195291b446fe380824eb28b99a5?s=96&r=g\",\"caption\":\"Vitor Azevedo\"},\"description\":\"Formado em jornalismo pela Unesp, escreve sobre economia e neg\u00f3cios para a Suno Not\u00edcias.\",\"url\":\"https:\/\/www.suno.com.br\/noticias\/author\/vitor-azevedo\/\"}]}<\/script>\n<!-- \/ Yoast SEO plugin. -->","yoast_head_json":{"title":"Duratex (DTEX3): Goldman Sachs aumenta pre\u00e7o-alvo ap\u00f3s fala de diretor","description":"Analistas do Goldman Sachs aumentaram o pre\u00e7o-alvo da Duratex ap\u00f3s palestra de um dos diretores da companhia. Clique aqui para saber mais.","robots":{"index":"index","follow":"follow","max-snippet":"max-snippet:-1","max-image-preview":"max-image-preview:large","max-video-preview":"max-video-preview:-1"},"canonical":"https:\/\/www.suno.com.br\/noticias\/duratex-dtex3-apos-palestra-de-ceo-goldman-sachs-aumentam-preco-alvo\/","og_locale":"pt_BR","og_type":"article","og_title":"Duratex (DTEX3): Goldman Sachs aumenta pre\u00e7o-alvo ap\u00f3s fala de diretor","og_description":"Analistas do Goldman Sachs aumentaram o pre\u00e7o-alvo da Duratex ap\u00f3s palestra de um dos diretores da companhia. Clique aqui para saber mais.","og_url":"https:\/\/www.suno.com.br\/noticias\/duratex-dtex3-apos-palestra-de-ceo-goldman-sachs-aumentam-preco-alvo\/","og_site_name":"Suno Not\u00edcias","article_publisher":"https:\/\/facebook.com\/sunoresearch","og_image":[{"width":1024,"height":689,"url":"https:\/\/files.sunoresearch.com.br\/n\/uploads\/2021\/01\/38ab97be-duratex.jpg","type":"image\/jpeg"}],"author":"Vitor Azevedo","twitter_card":"summary_large_image","twitter_creator":"@sunoresearch","twitter_site":"@sunoresearch","twitter_misc":{"Escrito por":"Vitor Azevedo","Est. tempo de leitura":"3 minutos"},"schema":{"@context":"https:\/\/schema.org","@graph":[{"@type":"NewsArticle","@id":"https:\/\/www.suno.com.br\/noticias\/duratex-dtex3-apos-palestra-de-ceo-goldman-sachs-aumentam-preco-alvo\/#article","isPartOf":{"@id":"https:\/\/www.suno.com.br\/noticias\/duratex-dtex3-apos-palestra-de-ceo-goldman-sachs-aumentam-preco-alvo\/"},"author":{"name":"Vitor Azevedo","@id":"https:\/\/www.suno.com.br\/noticias\/#\/schema\/person\/658d5fbc74d81f265f5df3562d0038ab"},"headline":"Duratex (DTEX3): ap\u00f3s palestra de CEO, Goldman Sachs aumenta pre\u00e7o-alvo","datePublished":"2021-01-20T16:38:41+00:00","dateModified":"2021-01-22T15:25:36+00:00","mainEntityOfPage":{"@id":"https:\/\/www.suno.com.br\/noticias\/duratex-dtex3-apos-palestra-de-ceo-goldman-sachs-aumentam-preco-alvo\/"},"wordCount":540,"publisher":{"@id":"https:\/\/www.suno.com.br\/noticias\/#organization"},"image":{"@id":"https:\/\/www.suno.com.br\/noticias\/duratex-dtex3-apos-palestra-de-ceo-goldman-sachs-aumentam-preco-alvo\/#primaryimage"},"thumbnailUrl":"https:\/\/files.sunoresearch.com.br\/n\/uploads\/2021\/01\/38ab97be-duratex-jpg.webp","keywords":["Duratex (DTEX3)","Goldman Sachs (GSGI34)"],"articleSection":["Neg\u00f3cios"],"inLanguage":"pt-BR"},{"@type":"WebPage","@id":"https:\/\/www.suno.com.br\/noticias\/duratex-dtex3-apos-palestra-de-ceo-goldman-sachs-aumentam-preco-alvo\/","url":"https:\/\/www.suno.com.br\/noticias\/duratex-dtex3-apos-palestra-de-ceo-goldman-sachs-aumentam-preco-alvo\/","name":"Duratex (DTEX3): Goldman Sachs aumenta pre\u00e7o-alvo ap\u00f3s fala de diretor","isPartOf":{"@id":"https:\/\/www.suno.com.br\/noticias\/#website"},"primaryImageOfPage":{"@id":"https:\/\/www.suno.com.br\/noticias\/duratex-dtex3-apos-palestra-de-ceo-goldman-sachs-aumentam-preco-alvo\/#primaryimage"},"image":{"@id":"https:\/\/www.suno.com.br\/noticias\/duratex-dtex3-apos-palestra-de-ceo-goldman-sachs-aumentam-preco-alvo\/#primaryimage"},"thumbnailUrl":"https:\/\/files.sunoresearch.com.br\/n\/uploads\/2021\/01\/38ab97be-duratex-jpg.webp","datePublished":"2021-01-20T16:38:41+00:00","dateModified":"2021-01-22T15:25:36+00:00","description":"Analistas do Goldman Sachs aumentaram o pre\u00e7o-alvo da Duratex ap\u00f3s palestra de um dos diretores da companhia. Clique aqui para saber mais.","breadcrumb":{"@id":"https:\/\/www.suno.com.br\/noticias\/duratex-dtex3-apos-palestra-de-ceo-goldman-sachs-aumentam-preco-alvo\/#breadcrumb"},"inLanguage":"pt-BR","potentialAction":[{"@type":"ReadAction","target":["https:\/\/www.suno.com.br\/noticias\/duratex-dtex3-apos-palestra-de-ceo-goldman-sachs-aumentam-preco-alvo\/"]}]},{"@type":"ImageObject","inLanguage":"pt-BR","@id":"https:\/\/www.suno.com.br\/noticias\/duratex-dtex3-apos-palestra-de-ceo-goldman-sachs-aumentam-preco-alvo\/#primaryimage","url":"https:\/\/files.sunoresearch.com.br\/n\/uploads\/2021\/01\/38ab97be-duratex-jpg.webp","contentUrl":"https:\/\/files.sunoresearch.com.br\/n\/uploads\/2021\/01\/38ab97be-duratex-jpg.webp","width":1024,"height":689,"caption":"Foto: Reprodu\u00e7\u00e3o Facebook"},{"@type":"BreadcrumbList","@id":"https:\/\/www.suno.com.br\/noticias\/duratex-dtex3-apos-palestra-de-ceo-goldman-sachs-aumentam-preco-alvo\/#breadcrumb","itemListElement":[{"@type":"ListItem","position":1,"name":"Not\u00edcias","item":"https:\/\/www.suno.com.br\/noticias\/"},{"@type":"ListItem","position":2,"name":"Neg\u00f3cios","item":"https:\/\/www.suno.com.br\/noticias\/negocios\/"},{"@type":"ListItem","position":3,"name":"Duratex (DTEX3): ap\u00f3s palestra de CEO, Goldman Sachs aumenta pre\u00e7o-alvo"}]},{"@type":"WebSite","@id":"https:\/\/www.suno.com.br\/noticias\/#website","url":"https:\/\/www.suno.com.br\/noticias\/","name":"Suno Not\u00edcias","description":"Seu portal de informa\u00e7\u00e3o sobre o mundo dos investimentos","publisher":{"@id":"https:\/\/www.suno.com.br\/noticias\/#organization"},"potentialAction":[{"@type":"SearchAction","target":{"@type":"EntryPoint","urlTemplate":"https:\/\/www.suno.com.br\/noticias\/?s={search_term_string}"},"query-input":{"@type":"PropertyValueSpecification","valueRequired":true,"valueName":"search_term_string"}}],"inLanguage":"pt-BR"},{"@type":"Organization","@id":"https:\/\/www.suno.com.br\/noticias\/#organization","name":"Suno Not\u00edcias","url":"https:\/\/www.suno.com.br\/noticias\/","logo":{"@type":"ImageObject","inLanguage":"pt-BR","@id":"https:\/\/www.suno.com.br\/noticias\/#\/schema\/logo\/image\/","url":"https:\/\/files.sunoresearch.com.br\/n\/uploads\/2021\/09\/suno-logo.png","contentUrl":"https:\/\/files.sunoresearch.com.br\/n\/uploads\/2021\/09\/suno-logo.png","width":180,"height":180,"caption":"Suno Not\u00edcias"},"image":{"@id":"https:\/\/www.suno.com.br\/noticias\/#\/schema\/logo\/image\/"},"sameAs":["https:\/\/facebook.com\/sunoresearch","https:\/\/x.com\/sunoresearch","https:\/\/www.instagram.com\/suno","https:\/\/www.linkedin.com\/company\/suno-research\/","https:\/\/www.youtube.com\/c\/sunoresearch"]},{"@type":"Person","@id":"https:\/\/www.suno.com.br\/noticias\/#\/schema\/person\/658d5fbc74d81f265f5df3562d0038ab","name":"Vitor Azevedo","image":{"@type":"ImageObject","inLanguage":"pt-BR","@id":"https:\/\/www.suno.com.br\/noticias\/#\/schema\/person\/image\/","url":"https:\/\/secure.gravatar.com\/avatar\/62b86195291b446fe380824eb28b99a5?s=96&r=g","contentUrl":"https:\/\/secure.gravatar.com\/avatar\/62b86195291b446fe380824eb28b99a5?s=96&r=g","caption":"Vitor Azevedo"},"description":"Formado em jornalismo pela Unesp, escreve sobre economia e neg\u00f3cios para a Suno Not\u00edcias.","url":"https:\/\/www.suno.com.br\/noticias\/author\/vitor-azevedo\/"}]}},"default_loop_html":"<div class=\"cardsPage__listCard__boxs\"><div class=\"cardsPage__listCard__boxs__img\"><a href=\"https:\/\/www.suno.com.br\/noticias\/duratex-dtex3-apos-palestra-de-ceo-goldman-sachs-aumentam-preco-alvo\/\"><img class=\"mask\" src=\"https:\/\/www.suno.com.br\/noticias\/wp-content\/themes\/suno\/resources\/images\/spotlight\/spotlight1img\/bg-mask.png\" alt=\"Image Mask\"\/><img src=\"https:\/\/files.sunoresearch.com.br\/n\/uploads\/2021\/01\/38ab97be-duratex-400x200.webp\" alt=\"Duratex (DTEX3): ap\u00f3s palestra de CEO, Goldman Sachs aumenta pre\u00e7o-alvo\"\/><\/a><span class=\"spotlightCategory\"><a href=\"https:\/\/www.suno.com.br\/noticias\/negocios\/\">Neg\u00f3cios<\/a><\/span><\/div><div class=\"cardsPage__listCard__boxs__content\"><a href=\"https:\/\/www.suno.com.br\/noticias\/duratex-dtex3-apos-palestra-de-ceo-goldman-sachs-aumentam-preco-alvo\/\"><h2 class=\"content__title\">Duratex (DTEX3): ap\u00f3s palestra de CEO, Goldman Sachs aumenta pre\u00e7o-alvo<\/h2><\/a><div class=\"newsContent__article__meta\"><div class=\"newsContent__article__meta__authorBox\"><a href=\"https:\/\/www.suno.com.br\/noticias\/author\/vitor-azevedo\/\" class=\"authorBox__avatar noMobi\"><img src=\"https:\/\/secure.gravatar.com\/avatar\/62b86195291b446fe380824eb28b99a5?s=96&#038;r=g\" alt=\"Vitor Azevedo\"><\/a><div class=\"authorBox__name\"><span>por\n\t\t\t<a href=\"https:\/\/www.suno.com.br\/noticias\/author\/vitor-azevedo\/\"><span itemprop=\"author\">Vitor Azevedo<\/span><\/a><\/span><time datetime=\"2021-01-20T13:38:41-03:00\" itemprop=\"datePublished\">20\/01\/2021 13:38<\/time><\/div><\/div><\/div><\/div><\/div>","single_layout":"posts","amp_enabled":true,"_links":{"self":[{"href":"https:\/\/www.suno.com.br\/noticias\/wp-json\/wp\/v2\/posts\/114714"}],"collection":[{"href":"https:\/\/www.suno.com.br\/noticias\/wp-json\/wp\/v2\/posts"}],"about":[{"href":"https:\/\/www.suno.com.br\/noticias\/wp-json\/wp\/v2\/types\/post"}],"author":[{"embeddable":true,"href":"https:\/\/www.suno.com.br\/noticias\/wp-json\/wp\/v2\/users\/59"}],"replies":[{"embeddable":true,"href":"https:\/\/www.suno.com.br\/noticias\/wp-json\/wp\/v2\/comments?post=114714"}],"version-history":[{"count":0,"href":"https:\/\/www.suno.com.br\/noticias\/wp-json\/wp\/v2\/posts\/114714\/revisions"}],"wp:featuredmedia":[{"embeddable":true,"href":"https:\/\/www.suno.com.br\/noticias\/wp-json\/wp\/v2\/media\/114741"}],"wp:attachment":[{"href":"https:\/\/www.suno.com.br\/noticias\/wp-json\/wp\/v2\/media?parent=114714"}],"wp:term":[{"taxonomy":"category","embeddable":true,"href":"https:\/\/www.suno.com.br\/noticias\/wp-json\/wp\/v2\/categories?post=114714"},{"taxonomy":"post_tag","embeddable":true,"href":"https:\/\/www.suno.com.br\/noticias\/wp-json\/wp\/v2\/tags?post=114714"},{"taxonomy":"suno_strategy","embeddable":true,"href":"https:\/\/www.suno.com.br\/noticias\/wp-json\/wp\/v2\/suno_strategy?post=114714"}],"curies":[{"name":"wp","href":"https:\/\/api.w.org\/{rel}","templated":true}]}}