{"id":114663,"date":"2021-01-20T11:10:25","date_gmt":"2021-01-20T14:10:25","guid":{"rendered":"https:\/\/www.suno.com.br\/noticias\/?p=114663"},"modified":"2021-01-22T12:51:21","modified_gmt":"2021-01-22T15:51:21","slug":"saida-ford-ceo-stellantis-burocracia-brasileira","status":"publish","type":"post","link":"https:\/\/www.suno.com.br\/noticias\/saida-ford-ceo-stellantis-burocracia-brasileira\/","title":{"rendered":"Ap\u00f3s sa\u00edda da Ford, Stellantis afirma que burocracia no Brasil atrapalha"},"content":{"rendered":"<p>Carlos Tavares, <a href=\"https:\/\/www.suno.com.br\/artigos\/ceo\/\">CEO<\/a> da nova gigante dos autom\u00f3veis <strong>Stellantis<\/strong>, supermontadora resultante da <a href=\"https:\/\/www.suno.com.br\/artigos\/fusoes-aquisicoes\/\">fus\u00e3o<\/a> entre a Peugeot e a Fiat, criticou a burocracia brasileira em sua primeira entrevista desde que assumiu o novo posto. As informa\u00e7\u00f5es s\u00e3o do Valor Econ\u00f4mico.<\/p>\t<div class=\"wrapper-featured-image\">\n\t\t<figure class=\"spotlightImg\">\n\n\t\t\t<picture>\n\t\t\t\t<source media=\"(max-width: 768px)\" srcset=\"https:\/\/files.sunoresearch.com.br\/n\/uploads\/2021\/01\/120f8fa7-stellantis-400x200.webp\">\n\t\t\t\t<img loading=\"lazy\" decoding=\"async\" class=\"newsContent__article__imgCapa lazyloadDisabled \" src=\"https:\/\/files.sunoresearch.com.br\/n\/uploads\/2021\/01\/120f8fa7-stellantis-800x450.webp\" width=\"800\" height=\"450\" alt=\"Ap\u00f3s sa\u00edda da Ford, Stellantis afirma que burocracia no Brasil atrapalha\" fetchpriority=high \/>\n\t\t\t<\/picture>\n\n\t\t\t<figcaption class=\"wp-caption-text wp-caption-text--show\">CEO da Stellantis afirma que sa\u00edda da Ford \u00e9 culpa do pr\u00f3prio governo brasileiro<\/figcaption>\n\t\t<\/figure>\n\t<\/div>\n\n\n<p><span style=\"font-weight: 400;\">\t<p>\n\t\t<a href=\"https:\/\/lp.suno.com.br\/planilha-controle-gastos\/\" target=\"_blank\" data-element=\"shortcode-suno-banner\" title=\"Banner SUNO, clique e saiba mais\">\n\t\t\t<picture>\n\t\t\t\t<source media=\"(max-width: 500px)\" srcset=\"https:\/\/files.sunoresearch.com.br\/n\/uploads\/2023\/03\/400x300-Planilha-controle-de-gastos.png\">\n\t\t\t\t<img class=\"newsContent__article__imgCapa newsContent__article__imgCapa--banner\"\n\t\t\t\t\tsrc=\"https:\/\/files.sunoresearch.com.br\/n\/uploads\/2023\/03\/1420x240-Planilha-controle-de-gastos.png\"\n\t\t\t\t\tdata-promo-id=\"101751\"\t\t\t\t\t\t\t\t\t\twidth='1420' height='240'\t\t\t\t\talt=\"https:\/\/files.sunoresearch.com.br\/n\/uploads\/2023\/03\/1420x240-Planilha-controle-de-gastos.png\"\n\t\t\t\t>\n\t\t\t<\/picture>\n\t\t<\/a>\n\t<\/p>\n\n<\/span><\/p>\n<p>Sem citar a <strong><a href=\"https:\/\/www.suno.com.br\/noticias\/ford-anuncia-fechamento-de-tres-fabricas-brasil\/\">Ford<\/a>,<\/strong>\u00a0quando indagado sobre o motivo de a capacidade ociosa das f\u00e1bricas das duas companhias que se fundiram no Brasil e na Argentina serem t\u00e3o elevadas, o presidente da Stellantis afirmou que &#8220;essa \u00e9 uma pergunta que tem de ser feita aos governos&#8221;.<\/p>\n<p>Tavares declarou que a exist\u00eancia de muitas exig\u00eancias, tarifas e normas, <strong>burocracia<\/strong> em geral, acaba por inibir a produ\u00e7\u00e3o na regi\u00e3o. Disse ainda que, por aqui, h\u00e1 sempre &#8220;for\u00e7as contr\u00e1rias&#8221; a um aumento da produ\u00e7\u00e3o.<\/p>\n<p><a href=\"https:\/\/lp.suno.com.br\/suno-one\/\"><span style=\"font-weight: 400;\">Suno One: acesse gratuitamente eBooks, Minicursos, Artigos e Video Aulas sobre investimentos com um \u00fanico cadastro. Clique para saber mais!<\/span><\/a><\/p>\n<p>Apesar da <strong>Fiat<\/strong> e da <strong>Peugeot <\/strong>&#8211; agora uma s\u00f3 companhia &#8211; ainda serem competitivas nos Brasil, o CEO da Stellantis alegou que &#8220;n\u00e3o \u00e9 poss\u00edvel saber o que pode acontecer no futuro&#8221; e que &#8220;toda empresa tem seus limites&#8221;.<\/p>\n<p>&#8220;Dificuldades podem conduzir a decis\u00f5es dif\u00edceis como a que vimos na semana passada&#8221;, concluiu em refer\u00eancia ao fechamento das f\u00e1bricas da Ford.<\/p>\n<h2>Para Stellantis, governos da Am\u00e9rica do Sul impedem eletrifica\u00e7\u00e3o de ve\u00edculos<\/h2>\n<p>Ainda segundo o CEO da Stellantis, os governos sul-americanos tamb\u00e9m s\u00e3o respons\u00e1veis por atrasar a chegada de carros el\u00e9tricos nesses pa\u00edses.<\/p>\n<p>Para Tavares, h\u00e1 tecnologia e capacidade na ind\u00fastria local para produzir ve\u00edculos el\u00e9tricos, entretanto o alto custo impede por enquanto a difus\u00e3o da nova tecnologia. &#8220;Se elevarmos os pre\u00e7os, perdemos parte dos clientes&#8221;, disse. Por conta disso, o CEO da companhia afirma n\u00e3o acreditar que carros eletrificados cheguem na Am\u00e9rica do Sul no curto prazo.<\/p>\n<p><span style=\"font-weight: 400;\">\t<p>\n\t\t<a href=\"https:\/\/lp.suno.com.br\/ebook-como-analisar-uma-acao\/\" target=\"_blank\" data-element=\"shortcode-suno-banner\" title=\"Banner SUNO, clique e saiba mais\">\n\t\t\t<picture>\n\t\t\t\t<source media=\"(max-width: 500px)\" srcset=\"https:\/\/files.sunoresearch.com.br\/n\/uploads\/2023\/03\/Ebook-Acoes-Mobile.jpg\">\n\t\t\t\t<img class=\"newsContent__article__imgCapa newsContent__article__imgCapa--banner\"\n\t\t\t\t\tsrc=\"https:\/\/files.sunoresearch.com.br\/n\/uploads\/2023\/03\/Ebook-Acoes-Desktop.jpg\"\n\t\t\t\t\tdata-promo-id=\"378302\"\t\t\t\t\t\t\t\t\t\twidth='1420' height='286'\t\t\t\t\talt=\"https:\/\/files.sunoresearch.com.br\/n\/uploads\/2023\/03\/Ebook-Acoes-Desktop.jpg\"\n\t\t\t\t>\n\t\t\t<\/picture>\n\t\t<\/a>\n\t<\/p>\n\n<\/span><\/p>\n<p>Para a Stellantis, cabe aos governos a decis\u00e3o sobre melhorar ou n\u00e3o o n\u00edvel de emiss\u00f5es de carbono de seus pa\u00edses, seja pela eletrifica\u00e7\u00e3o, seja exigindo melhores motores \u00e0 combust\u00e3o. De qualquer forma, a montadora &#8220;estaria pronta para as demandas&#8221;.<\/p>\n<p>A Stellantis come\u00e7a produzindo 29 modelos el\u00e9tricos. Os planos s\u00e3o, at\u00e9 o final do ano, chegar a 39 modelos h\u00edbridos ou totalmente el\u00e9tricos.<\/p>\n<h2>Tavares afirma que n\u00e3o fechar\u00e1 f\u00e1bricas<\/h2>\n<p>Apesar das cr\u00edticas, Tavares afirmou que, por agora, a Stellantis n\u00e3o pretende fechar f\u00e1bricas. Segundo o CEO, a fus\u00e3o \u00e9 mais uma prote\u00e7\u00e3o do que um risco aos trabalhadores.<\/p>\n<p>O grupo acumular\u00e1, no Brasil, as duas f\u00e1bricas da Fiat, uma em Betim (MG) e uma em Goiana (PE), e uma da Peugeot e da Citro\u00ebn, em Porto Real (RJ). As duas companhias possuem f\u00e1bricas tamb\u00e9m na Argentina.<\/p>\n<p>O CEO da <strong>Stellantis<\/strong>, entretanto, esquivou-se de perguntas sobre o fim de produ\u00e7\u00e3o de modelos &#8220;canibais&#8221;: ve\u00edculos de marcas diferentes, agora sob a asa da supermontadora, que competem entre si pelo mercado.<\/p>\n<p><span style=\"font-weight: 400;\">\t<p>\n\t\t<a href=\"https:\/\/lp.suno.com.br\/planilha-de-controle-de-investimentos\/\" target=\"_blank\" data-element=\"shortcode-suno-banner\" title=\"Banner SUNO, clique e saiba mais\">\n\t\t\t<picture>\n\t\t\t\t<source media=\"(max-width: 500px)\" srcset=\"https:\/\/files.sunoresearch.com.br\/n\/uploads\/2023\/03\/400x300-Controle-de-Investimentos.png\">\n\t\t\t\t<img class=\"newsContent__article__imgCapa newsContent__article__imgCapa--banner\"\n\t\t\t\t\tsrc=\"https:\/\/files.sunoresearch.com.br\/n\/uploads\/2023\/03\/1420x240-Controle-de-Investimentos.png\"\n\t\t\t\t\tdata-promo-id=\"75934\"\t\t\t\t\t\t\t\t\t\twidth='1420' height='240'\t\t\t\t\talt=\"https:\/\/files.sunoresearch.com.br\/n\/uploads\/2023\/03\/1420x240-Controle-de-Investimentos.png\"\n\t\t\t\t>\n\t\t\t<\/picture>\n\t\t<\/a>\n\t<\/p>\n\n<\/span><\/p>\n","protected":false},"excerpt":{"rendered":"<p>Carlos Tavares, CEO da nova gigante dos autom\u00f3veis Stellantis, supermontadora resultante da fus\u00e3o entre a Peugeot e a Fiat, criticou a burocracia brasileira em sua primeira entrevista desde que assumiu o novo posto. As informa\u00e7\u00f5es s\u00e3o do Valor Econ\u00f4mico. CEO da Stellantis afirma que sa\u00edda da Ford \u00e9 culpa do pr\u00f3prio governo brasileiro Sem citar [&hellip;]<\/p>\n","protected":false},"author":59,"featured_media":114676,"comment_status":"closed","ping_status":"closed","sticky":false,"template":"","format":"standard","meta":[],"categories":[64],"tags":[832,870,1249],"suno_strategy":[],"class_list":["post-114663","post","type-post","status-publish","format-standard","has-post-thumbnail","hentry","category-negocios","tag-fiat","tag-ford-fdmo34","tag-peugeot"],"yoast_head":"<!-- This site is optimized with the Yoast SEO plugin v24.4 - https:\/\/yoast.com\/wordpress\/plugins\/seo\/ -->\n<title>Para Stellantis, sa\u00edda da Ford \u00e9 culpa da burocracia brasileira<\/title>\n<meta name=\"description\" content=\"A Stellantis, montadora resultante da fus\u00e3o de Fiat e Peugeot, culpou o governo brasileiro pela sa\u00edda da Ford. Clique aqui para saber mais.\" \/>\n<meta name=\"robots\" content=\"index, follow, max-snippet:-1, max-image-preview:large, max-video-preview:-1\" \/>\n<link rel=\"canonical\" href=\"https:\/\/www.suno.com.br\/noticias\/saida-ford-ceo-stellantis-burocracia-brasileira\/\" \/>\n<meta property=\"og:locale\" content=\"pt_BR\" \/>\n<meta property=\"og:type\" content=\"article\" \/>\n<meta property=\"og:title\" content=\"Para Stellantis, sa\u00edda da Ford \u00e9 culpa da burocracia brasileira\" \/>\n<meta property=\"og:description\" content=\"A Stellantis, montadora resultante da fus\u00e3o de Fiat e Peugeot, culpou o governo brasileiro pela sa\u00edda da Ford. Clique aqui para saber mais.\" \/>\n<meta property=\"og:url\" content=\"https:\/\/www.suno.com.br\/noticias\/saida-ford-ceo-stellantis-burocracia-brasileira\/\" \/>\n<meta property=\"og:site_name\" content=\"Suno Not\u00edcias\" \/>\n<meta property=\"article:publisher\" content=\"https:\/\/facebook.com\/sunoresearch\" \/>\n<meta property=\"og:image\" content=\"https:\/\/files.sunoresearch.com.br\/n\/uploads\/2021\/01\/120f8fa7-stellantis.jpg\" \/>\n\t<meta property=\"og:image:width\" content=\"1024\" \/>\n\t<meta property=\"og:image:height\" content=\"576\" \/>\n\t<meta property=\"og:image:type\" content=\"image\/jpeg\" \/>\n<meta name=\"author\" content=\"Vitor Azevedo\" \/>\n<meta name=\"twitter:card\" content=\"summary_large_image\" \/>\n<meta name=\"twitter:creator\" content=\"@sunoresearch\" \/>\n<meta name=\"twitter:site\" content=\"@sunoresearch\" \/>\n<meta name=\"twitter:label1\" content=\"Escrito por\" \/>\n\t<meta name=\"twitter:data1\" content=\"Vitor Azevedo\" \/>\n\t<meta name=\"twitter:label2\" content=\"Est. tempo de leitura\" \/>\n\t<meta name=\"twitter:data2\" content=\"3 minutos\" \/>\n<script type=\"application\/ld+json\" class=\"yoast-schema-graph\">{\"@context\":\"https:\/\/schema.org\",\"@graph\":[{\"@type\":\"NewsArticle\",\"@id\":\"https:\/\/www.suno.com.br\/noticias\/saida-ford-ceo-stellantis-burocracia-brasileira\/#article\",\"isPartOf\":{\"@id\":\"https:\/\/www.suno.com.br\/noticias\/saida-ford-ceo-stellantis-burocracia-brasileira\/\"},\"author\":{\"name\":\"Vitor Azevedo\",\"@id\":\"https:\/\/www.suno.com.br\/noticias\/#\/schema\/person\/658d5fbc74d81f265f5df3562d0038ab\"},\"headline\":\"Ap\u00f3s sa\u00edda da Ford, Stellantis afirma que burocracia no Brasil atrapalha\",\"datePublished\":\"2021-01-20T14:10:25+00:00\",\"dateModified\":\"2021-01-22T15:51:21+00:00\",\"mainEntityOfPage\":{\"@id\":\"https:\/\/www.suno.com.br\/noticias\/saida-ford-ceo-stellantis-burocracia-brasileira\/\"},\"wordCount\":545,\"publisher\":{\"@id\":\"https:\/\/www.suno.com.br\/noticias\/#organization\"},\"image\":{\"@id\":\"https:\/\/www.suno.com.br\/noticias\/saida-ford-ceo-stellantis-burocracia-brasileira\/#primaryimage\"},\"thumbnailUrl\":\"https:\/\/files.sunoresearch.com.br\/n\/uploads\/2021\/01\/120f8fa7-stellantis-jpg.webp\",\"keywords\":[\"FIAT\",\"Ford (FDMO34)\",\"Peugeot\"],\"articleSection\":[\"Neg\u00f3cios\"],\"inLanguage\":\"pt-BR\"},{\"@type\":\"WebPage\",\"@id\":\"https:\/\/www.suno.com.br\/noticias\/saida-ford-ceo-stellantis-burocracia-brasileira\/\",\"url\":\"https:\/\/www.suno.com.br\/noticias\/saida-ford-ceo-stellantis-burocracia-brasileira\/\",\"name\":\"Para Stellantis, sa\u00edda da Ford \u00e9 culpa da burocracia brasileira\",\"isPartOf\":{\"@id\":\"https:\/\/www.suno.com.br\/noticias\/#website\"},\"primaryImageOfPage\":{\"@id\":\"https:\/\/www.suno.com.br\/noticias\/saida-ford-ceo-stellantis-burocracia-brasileira\/#primaryimage\"},\"image\":{\"@id\":\"https:\/\/www.suno.com.br\/noticias\/saida-ford-ceo-stellantis-burocracia-brasileira\/#primaryimage\"},\"thumbnailUrl\":\"https:\/\/files.sunoresearch.com.br\/n\/uploads\/2021\/01\/120f8fa7-stellantis-jpg.webp\",\"datePublished\":\"2021-01-20T14:10:25+00:00\",\"dateModified\":\"2021-01-22T15:51:21+00:00\",\"description\":\"A Stellantis, montadora resultante da fus\u00e3o de Fiat e Peugeot, culpou o governo brasileiro pela sa\u00edda da Ford. Clique aqui para saber mais.\",\"breadcrumb\":{\"@id\":\"https:\/\/www.suno.com.br\/noticias\/saida-ford-ceo-stellantis-burocracia-brasileira\/#breadcrumb\"},\"inLanguage\":\"pt-BR\",\"potentialAction\":[{\"@type\":\"ReadAction\",\"target\":[\"https:\/\/www.suno.com.br\/noticias\/saida-ford-ceo-stellantis-burocracia-brasileira\/\"]}]},{\"@type\":\"ImageObject\",\"inLanguage\":\"pt-BR\",\"@id\":\"https:\/\/www.suno.com.br\/noticias\/saida-ford-ceo-stellantis-burocracia-brasileira\/#primaryimage\",\"url\":\"https:\/\/files.sunoresearch.com.br\/n\/uploads\/2021\/01\/120f8fa7-stellantis-jpg.webp\",\"contentUrl\":\"https:\/\/files.sunoresearch.com.br\/n\/uploads\/2021\/01\/120f8fa7-stellantis-jpg.webp\",\"width\":1024,\"height\":576,\"caption\":\"CEO da Stellantis afirma que sa\u00edda da Ford \u00e9 culpa do pr\u00f3prio governo brasileiro\"},{\"@type\":\"BreadcrumbList\",\"@id\":\"https:\/\/www.suno.com.br\/noticias\/saida-ford-ceo-stellantis-burocracia-brasileira\/#breadcrumb\",\"itemListElement\":[{\"@type\":\"ListItem\",\"position\":1,\"name\":\"Not\u00edcias\",\"item\":\"https:\/\/www.suno.com.br\/noticias\/\"},{\"@type\":\"ListItem\",\"position\":2,\"name\":\"Neg\u00f3cios\",\"item\":\"https:\/\/www.suno.com.br\/noticias\/negocios\/\"},{\"@type\":\"ListItem\",\"position\":3,\"name\":\"Ap\u00f3s sa\u00edda da Ford, Stellantis afirma que burocracia no Brasil atrapalha\"}]},{\"@type\":\"WebSite\",\"@id\":\"https:\/\/www.suno.com.br\/noticias\/#website\",\"url\":\"https:\/\/www.suno.com.br\/noticias\/\",\"name\":\"Suno Not\u00edcias\",\"description\":\"Seu portal de informa\u00e7\u00e3o sobre o mundo dos investimentos\",\"publisher\":{\"@id\":\"https:\/\/www.suno.com.br\/noticias\/#organization\"},\"potentialAction\":[{\"@type\":\"SearchAction\",\"target\":{\"@type\":\"EntryPoint\",\"urlTemplate\":\"https:\/\/www.suno.com.br\/noticias\/?s={search_term_string}\"},\"query-input\":{\"@type\":\"PropertyValueSpecification\",\"valueRequired\":true,\"valueName\":\"search_term_string\"}}],\"inLanguage\":\"pt-BR\"},{\"@type\":\"Organization\",\"@id\":\"https:\/\/www.suno.com.br\/noticias\/#organization\",\"name\":\"Suno Not\u00edcias\",\"url\":\"https:\/\/www.suno.com.br\/noticias\/\",\"logo\":{\"@type\":\"ImageObject\",\"inLanguage\":\"pt-BR\",\"@id\":\"https:\/\/www.suno.com.br\/noticias\/#\/schema\/logo\/image\/\",\"url\":\"https:\/\/files.sunoresearch.com.br\/n\/uploads\/2021\/09\/suno-logo.png\",\"contentUrl\":\"https:\/\/files.sunoresearch.com.br\/n\/uploads\/2021\/09\/suno-logo.png\",\"width\":180,\"height\":180,\"caption\":\"Suno Not\u00edcias\"},\"image\":{\"@id\":\"https:\/\/www.suno.com.br\/noticias\/#\/schema\/logo\/image\/\"},\"sameAs\":[\"https:\/\/facebook.com\/sunoresearch\",\"https:\/\/x.com\/sunoresearch\",\"https:\/\/www.instagram.com\/suno\",\"https:\/\/www.linkedin.com\/company\/suno-research\/\",\"https:\/\/www.youtube.com\/c\/sunoresearch\"]},{\"@type\":\"Person\",\"@id\":\"https:\/\/www.suno.com.br\/noticias\/#\/schema\/person\/658d5fbc74d81f265f5df3562d0038ab\",\"name\":\"Vitor Azevedo\",\"image\":{\"@type\":\"ImageObject\",\"inLanguage\":\"pt-BR\",\"@id\":\"https:\/\/www.suno.com.br\/noticias\/#\/schema\/person\/image\/\",\"url\":\"https:\/\/secure.gravatar.com\/avatar\/62b86195291b446fe380824eb28b99a5?s=96&r=g\",\"contentUrl\":\"https:\/\/secure.gravatar.com\/avatar\/62b86195291b446fe380824eb28b99a5?s=96&r=g\",\"caption\":\"Vitor Azevedo\"},\"description\":\"Formado em jornalismo pela Unesp, escreve sobre economia e neg\u00f3cios para a Suno Not\u00edcias.\",\"url\":\"https:\/\/www.suno.com.br\/noticias\/author\/vitor-azevedo\/\"}]}<\/script>\n<!-- \/ Yoast SEO plugin. -->","yoast_head_json":{"title":"Para Stellantis, sa\u00edda da Ford \u00e9 culpa da burocracia brasileira","description":"A Stellantis, montadora resultante da fus\u00e3o de Fiat e Peugeot, culpou o governo brasileiro pela sa\u00edda da Ford. Clique aqui para saber mais.","robots":{"index":"index","follow":"follow","max-snippet":"max-snippet:-1","max-image-preview":"max-image-preview:large","max-video-preview":"max-video-preview:-1"},"canonical":"https:\/\/www.suno.com.br\/noticias\/saida-ford-ceo-stellantis-burocracia-brasileira\/","og_locale":"pt_BR","og_type":"article","og_title":"Para Stellantis, sa\u00edda da Ford \u00e9 culpa da burocracia brasileira","og_description":"A Stellantis, montadora resultante da fus\u00e3o de Fiat e Peugeot, culpou o governo brasileiro pela sa\u00edda da Ford. Clique aqui para saber mais.","og_url":"https:\/\/www.suno.com.br\/noticias\/saida-ford-ceo-stellantis-burocracia-brasileira\/","og_site_name":"Suno Not\u00edcias","article_publisher":"https:\/\/facebook.com\/sunoresearch","og_image":[{"width":1024,"height":576,"url":"https:\/\/files.sunoresearch.com.br\/n\/uploads\/2021\/01\/120f8fa7-stellantis.jpg","type":"image\/jpeg"}],"author":"Vitor Azevedo","twitter_card":"summary_large_image","twitter_creator":"@sunoresearch","twitter_site":"@sunoresearch","twitter_misc":{"Escrito por":"Vitor Azevedo","Est. tempo de leitura":"3 minutos"},"schema":{"@context":"https:\/\/schema.org","@graph":[{"@type":"NewsArticle","@id":"https:\/\/www.suno.com.br\/noticias\/saida-ford-ceo-stellantis-burocracia-brasileira\/#article","isPartOf":{"@id":"https:\/\/www.suno.com.br\/noticias\/saida-ford-ceo-stellantis-burocracia-brasileira\/"},"author":{"name":"Vitor Azevedo","@id":"https:\/\/www.suno.com.br\/noticias\/#\/schema\/person\/658d5fbc74d81f265f5df3562d0038ab"},"headline":"Ap\u00f3s sa\u00edda da Ford, Stellantis afirma que burocracia no Brasil atrapalha","datePublished":"2021-01-20T14:10:25+00:00","dateModified":"2021-01-22T15:51:21+00:00","mainEntityOfPage":{"@id":"https:\/\/www.suno.com.br\/noticias\/saida-ford-ceo-stellantis-burocracia-brasileira\/"},"wordCount":545,"publisher":{"@id":"https:\/\/www.suno.com.br\/noticias\/#organization"},"image":{"@id":"https:\/\/www.suno.com.br\/noticias\/saida-ford-ceo-stellantis-burocracia-brasileira\/#primaryimage"},"thumbnailUrl":"https:\/\/files.sunoresearch.com.br\/n\/uploads\/2021\/01\/120f8fa7-stellantis-jpg.webp","keywords":["FIAT","Ford (FDMO34)","Peugeot"],"articleSection":["Neg\u00f3cios"],"inLanguage":"pt-BR"},{"@type":"WebPage","@id":"https:\/\/www.suno.com.br\/noticias\/saida-ford-ceo-stellantis-burocracia-brasileira\/","url":"https:\/\/www.suno.com.br\/noticias\/saida-ford-ceo-stellantis-burocracia-brasileira\/","name":"Para Stellantis, sa\u00edda da Ford \u00e9 culpa da burocracia brasileira","isPartOf":{"@id":"https:\/\/www.suno.com.br\/noticias\/#website"},"primaryImageOfPage":{"@id":"https:\/\/www.suno.com.br\/noticias\/saida-ford-ceo-stellantis-burocracia-brasileira\/#primaryimage"},"image":{"@id":"https:\/\/www.suno.com.br\/noticias\/saida-ford-ceo-stellantis-burocracia-brasileira\/#primaryimage"},"thumbnailUrl":"https:\/\/files.sunoresearch.com.br\/n\/uploads\/2021\/01\/120f8fa7-stellantis-jpg.webp","datePublished":"2021-01-20T14:10:25+00:00","dateModified":"2021-01-22T15:51:21+00:00","description":"A Stellantis, montadora resultante da fus\u00e3o de Fiat e Peugeot, culpou o governo brasileiro pela sa\u00edda da Ford. Clique aqui para saber mais.","breadcrumb":{"@id":"https:\/\/www.suno.com.br\/noticias\/saida-ford-ceo-stellantis-burocracia-brasileira\/#breadcrumb"},"inLanguage":"pt-BR","potentialAction":[{"@type":"ReadAction","target":["https:\/\/www.suno.com.br\/noticias\/saida-ford-ceo-stellantis-burocracia-brasileira\/"]}]},{"@type":"ImageObject","inLanguage":"pt-BR","@id":"https:\/\/www.suno.com.br\/noticias\/saida-ford-ceo-stellantis-burocracia-brasileira\/#primaryimage","url":"https:\/\/files.sunoresearch.com.br\/n\/uploads\/2021\/01\/120f8fa7-stellantis-jpg.webp","contentUrl":"https:\/\/files.sunoresearch.com.br\/n\/uploads\/2021\/01\/120f8fa7-stellantis-jpg.webp","width":1024,"height":576,"caption":"CEO da Stellantis afirma que sa\u00edda da Ford \u00e9 culpa do pr\u00f3prio governo brasileiro"},{"@type":"BreadcrumbList","@id":"https:\/\/www.suno.com.br\/noticias\/saida-ford-ceo-stellantis-burocracia-brasileira\/#breadcrumb","itemListElement":[{"@type":"ListItem","position":1,"name":"Not\u00edcias","item":"https:\/\/www.suno.com.br\/noticias\/"},{"@type":"ListItem","position":2,"name":"Neg\u00f3cios","item":"https:\/\/www.suno.com.br\/noticias\/negocios\/"},{"@type":"ListItem","position":3,"name":"Ap\u00f3s sa\u00edda da Ford, Stellantis afirma que burocracia no Brasil atrapalha"}]},{"@type":"WebSite","@id":"https:\/\/www.suno.com.br\/noticias\/#website","url":"https:\/\/www.suno.com.br\/noticias\/","name":"Suno Not\u00edcias","description":"Seu portal de informa\u00e7\u00e3o sobre o mundo dos investimentos","publisher":{"@id":"https:\/\/www.suno.com.br\/noticias\/#organization"},"potentialAction":[{"@type":"SearchAction","target":{"@type":"EntryPoint","urlTemplate":"https:\/\/www.suno.com.br\/noticias\/?s={search_term_string}"},"query-input":{"@type":"PropertyValueSpecification","valueRequired":true,"valueName":"search_term_string"}}],"inLanguage":"pt-BR"},{"@type":"Organization","@id":"https:\/\/www.suno.com.br\/noticias\/#organization","name":"Suno Not\u00edcias","url":"https:\/\/www.suno.com.br\/noticias\/","logo":{"@type":"ImageObject","inLanguage":"pt-BR","@id":"https:\/\/www.suno.com.br\/noticias\/#\/schema\/logo\/image\/","url":"https:\/\/files.sunoresearch.com.br\/n\/uploads\/2021\/09\/suno-logo.png","contentUrl":"https:\/\/files.sunoresearch.com.br\/n\/uploads\/2021\/09\/suno-logo.png","width":180,"height":180,"caption":"Suno Not\u00edcias"},"image":{"@id":"https:\/\/www.suno.com.br\/noticias\/#\/schema\/logo\/image\/"},"sameAs":["https:\/\/facebook.com\/sunoresearch","https:\/\/x.com\/sunoresearch","https:\/\/www.instagram.com\/suno","https:\/\/www.linkedin.com\/company\/suno-research\/","https:\/\/www.youtube.com\/c\/sunoresearch"]},{"@type":"Person","@id":"https:\/\/www.suno.com.br\/noticias\/#\/schema\/person\/658d5fbc74d81f265f5df3562d0038ab","name":"Vitor Azevedo","image":{"@type":"ImageObject","inLanguage":"pt-BR","@id":"https:\/\/www.suno.com.br\/noticias\/#\/schema\/person\/image\/","url":"https:\/\/secure.gravatar.com\/avatar\/62b86195291b446fe380824eb28b99a5?s=96&r=g","contentUrl":"https:\/\/secure.gravatar.com\/avatar\/62b86195291b446fe380824eb28b99a5?s=96&r=g","caption":"Vitor Azevedo"},"description":"Formado em jornalismo pela Unesp, escreve sobre economia e neg\u00f3cios para a Suno Not\u00edcias.","url":"https:\/\/www.suno.com.br\/noticias\/author\/vitor-azevedo\/"}]}},"default_loop_html":"<div class=\"cardsPage__listCard__boxs\"><div class=\"cardsPage__listCard__boxs__img\"><a href=\"https:\/\/www.suno.com.br\/noticias\/saida-ford-ceo-stellantis-burocracia-brasileira\/\"><img class=\"mask\" src=\"https:\/\/www.suno.com.br\/noticias\/wp-content\/themes\/suno\/resources\/images\/spotlight\/spotlight1img\/bg-mask.png\" alt=\"Image Mask\"\/><img src=\"https:\/\/files.sunoresearch.com.br\/n\/uploads\/2021\/01\/120f8fa7-stellantis-400x200.webp\" alt=\"Ap\u00f3s sa\u00edda da Ford, Stellantis afirma que burocracia no Brasil atrapalha\"\/><\/a><span class=\"spotlightCategory\"><a href=\"https:\/\/www.suno.com.br\/noticias\/negocios\/\">Neg\u00f3cios<\/a><\/span><\/div><div class=\"cardsPage__listCard__boxs__content\"><a href=\"https:\/\/www.suno.com.br\/noticias\/saida-ford-ceo-stellantis-burocracia-brasileira\/\"><h2 class=\"content__title\">Ap\u00f3s sa\u00edda da Ford, Stellantis afirma que burocracia no Brasil atrapalha<\/h2><\/a><div class=\"newsContent__article__meta\"><div class=\"newsContent__article__meta__authorBox\"><a href=\"https:\/\/www.suno.com.br\/noticias\/author\/vitor-azevedo\/\" class=\"authorBox__avatar noMobi\"><img src=\"https:\/\/secure.gravatar.com\/avatar\/62b86195291b446fe380824eb28b99a5?s=96&#038;r=g\" alt=\"Vitor Azevedo\"><\/a><div class=\"authorBox__name\"><span>por\n\t\t\t<a href=\"https:\/\/www.suno.com.br\/noticias\/author\/vitor-azevedo\/\"><span itemprop=\"author\">Vitor Azevedo<\/span><\/a><\/span><time datetime=\"2021-01-20T11:10:25-03:00\" itemprop=\"datePublished\">20\/01\/2021 11:10<\/time><\/div><\/div><\/div><\/div><\/div>","single_layout":"posts","amp_enabled":true,"_links":{"self":[{"href":"https:\/\/www.suno.com.br\/noticias\/wp-json\/wp\/v2\/posts\/114663"}],"collection":[{"href":"https:\/\/www.suno.com.br\/noticias\/wp-json\/wp\/v2\/posts"}],"about":[{"href":"https:\/\/www.suno.com.br\/noticias\/wp-json\/wp\/v2\/types\/post"}],"author":[{"embeddable":true,"href":"https:\/\/www.suno.com.br\/noticias\/wp-json\/wp\/v2\/users\/59"}],"replies":[{"embeddable":true,"href":"https:\/\/www.suno.com.br\/noticias\/wp-json\/wp\/v2\/comments?post=114663"}],"version-history":[{"count":0,"href":"https:\/\/www.suno.com.br\/noticias\/wp-json\/wp\/v2\/posts\/114663\/revisions"}],"wp:featuredmedia":[{"embeddable":true,"href":"https:\/\/www.suno.com.br\/noticias\/wp-json\/wp\/v2\/media\/114676"}],"wp:attachment":[{"href":"https:\/\/www.suno.com.br\/noticias\/wp-json\/wp\/v2\/media?parent=114663"}],"wp:term":[{"taxonomy":"category","embeddable":true,"href":"https:\/\/www.suno.com.br\/noticias\/wp-json\/wp\/v2\/categories?post=114663"},{"taxonomy":"post_tag","embeddable":true,"href":"https:\/\/www.suno.com.br\/noticias\/wp-json\/wp\/v2\/tags?post=114663"},{"taxonomy":"suno_strategy","embeddable":true,"href":"https:\/\/www.suno.com.br\/noticias\/wp-json\/wp\/v2\/suno_strategy?post=114663"}],"curies":[{"name":"wp","href":"https:\/\/api.w.org\/{rel}","templated":true}]}}