{"id":114623,"date":"2021-01-20T07:54:11","date_gmt":"2021-01-20T10:54:11","guid":{"rendered":"https:\/\/www.suno.com.br\/noticias\/?p=114623"},"modified":"2021-01-22T12:56:06","modified_gmt":"2021-01-22T15:56:06","slug":"jack-ma-fundador-do-alibaba-reaparece","status":"publish","type":"post","link":"https:\/\/www.suno.com.br\/noticias\/jack-ma-fundador-do-alibaba-reaparece\/","title":{"rendered":"Jack Ma, fundador do Alibaba, reaparece ap\u00f3s quase quatro meses"},"content":{"rendered":"<p><a href=\"https:\/\/www.suno.com.br\/tudo-sobre\/jack-ma\/\"><strong>Jack Ma<\/strong><\/a>, fundador do Alibaba Group, reapareceu na madrugada desta quarta-feira (19), na China. Fora dos olhares p\u00fablicos desde outubro de 2020, ele participou de uma videoconfer\u00eancia com cerca de 100 professores rurais. A not\u00edcia foi dada pela m\u00eddia do governo local.<\/p>\t<div class=\"wrapper-featured-image\">\n\t\t<figure class=\"spotlightImg\">\n\n\t\t\t<picture>\n\t\t\t\t<source media=\"(max-width: 768px)\" srcset=\"https:\/\/files.sunoresearch.com.br\/n\/uploads\/2021\/01\/25730be5-jackma-400x200.webp\">\n\t\t\t\t<img loading=\"lazy\" decoding=\"async\" class=\"newsContent__article__imgCapa lazyloadDisabled \" src=\"https:\/\/files.sunoresearch.com.br\/n\/uploads\/2021\/01\/25730be5-jackma-800x450.webp\" width=\"800\" height=\"450\" alt=\"Jack Ma, fundador do Alibaba, reaparece ap\u00f3s quase quatro meses\" fetchpriority=high \/>\n\t\t\t<\/picture>\n\n\t\t\t<figcaption class=\"wp-caption-text wp-caption-text--show\">Jack Ma reaparece em evento de premia\u00e7\u00e3o de professores<\/figcaption>\n\t\t<\/figure>\n\t<\/div>\n\n\n<p><span style=\"font-weight: 400;\">\t<p>\n\t\t<a href=\"https:\/\/lp.suno.com.br\/planilha-controle-gastos\/\" target=\"_blank\" data-element=\"shortcode-suno-banner\" title=\"Banner SUNO, clique e saiba mais\">\n\t\t\t<picture>\n\t\t\t\t<source media=\"(max-width: 500px)\" srcset=\"https:\/\/files.sunoresearch.com.br\/n\/uploads\/2023\/03\/400x300-Planilha-controle-de-gastos.png\">\n\t\t\t\t<img class=\"newsContent__article__imgCapa newsContent__article__imgCapa--banner\"\n\t\t\t\t\tsrc=\"https:\/\/files.sunoresearch.com.br\/n\/uploads\/2023\/03\/1420x240-Planilha-controle-de-gastos.png\"\n\t\t\t\t\tdata-promo-id=\"101751\"\t\t\t\t\t\t\t\t\t\twidth='1420' height='240'\t\t\t\t\talt=\"https:\/\/files.sunoresearch.com.br\/n\/uploads\/2023\/03\/1420x240-Planilha-controle-de-gastos.png\"\n\t\t\t\t>\n\t\t\t<\/picture>\n\t\t<\/a>\n\t<\/p>\n\n<\/span><\/p>\n<p>A <strong>reuni\u00e3o<\/strong> fez parte da cerim\u00f4nia de premia\u00e7\u00e3o anual da Jack Ma Foundation para professores rurais, evento que acontece desde 2015 e que conta com a participa\u00e7\u00e3o de docentes de todo o pa\u00eds.<\/p>\n<p>Jack Ma n\u00e3o teria explicado o motivo do sumi\u00e7o. Ao final do encontro, afirmou que se encontrar\u00e1 pessoalmente com todos assim que a pandemia de covid-19 acabar. As informa\u00e7\u00f5es foram divulgadas pelo Tianmu News, site de not\u00edcias da prov\u00edncia de Zhejiang, onde fica a sede do <strong>Alibaba<\/strong>.<\/p>\n<p>As a\u00e7\u00f5es da empresa fecharam em alta de 8,5% na bolsa de Hong Kong depois da apari\u00e7\u00e3o do executivo.<\/p>\n<p><a href=\"https:\/\/lp.suno.com.br\/suno-one\/\"><span style=\"font-weight: 400;\">Suno One: acesse gratuitamente eBooks, Minicursos, Artigos e Video Aulas sobre investimentos com um \u00fanico cadastro. Clique para saber mais!<\/span><\/a><\/p>\n<p>Seu desaparecimento aconteceu em meio a uma enorme press\u00e3o sob seus neg\u00f3cios. Sua \u00faltima apari\u00e7\u00e3o p\u00fablica antes da reuni\u00e3o com professores foi uma semana antes da oferta p\u00fablica inicial de a\u00e7\u00f5es (IPO) do bra\u00e7o financeiro do Alibaba, o <strong>Ant Group<\/strong>, que n\u00e3o aconteceu<\/p>\n<h2>Neg\u00f3cios de Jack Ma est\u00e3o sendo pressionados pelas autoridades chinesas<\/h2>\n<p>O Ant Group foi proibido pelas autoridades chinesas de ir \u00e0 bolsa de valores e de realizar a maior abertura de capital\u00a0 do mundo na v\u00e9spera de sua estreia. A acusa\u00e7\u00e3o, ent\u00e3o, foi que de que a empresa est\u00e1 afastando rivais e prejudicando os direitos do consumidor na China.<\/p>\n<p><span style=\"font-weight: 400;\">\t<p>\n\t\t<a href=\"https:\/\/lp.suno.com.br\/ebook-como-analisar-uma-acao\/\" target=\"_blank\" data-element=\"shortcode-suno-banner\" title=\"Banner SUNO, clique e saiba mais\">\n\t\t\t<picture>\n\t\t\t\t<source media=\"(max-width: 500px)\" srcset=\"https:\/\/files.sunoresearch.com.br\/n\/uploads\/2023\/03\/Ebook-Acoes-Mobile.jpg\">\n\t\t\t\t<img class=\"newsContent__article__imgCapa newsContent__article__imgCapa--banner\"\n\t\t\t\t\tsrc=\"https:\/\/files.sunoresearch.com.br\/n\/uploads\/2023\/03\/Ebook-Acoes-Desktop.jpg\"\n\t\t\t\t\tdata-promo-id=\"378302\"\t\t\t\t\t\t\t\t\t\twidth='1420' height='286'\t\t\t\t\talt=\"https:\/\/files.sunoresearch.com.br\/n\/uploads\/2023\/03\/Ebook-Acoes-Desktop.jpg\"\n\t\t\t\t>\n\t\t\t<\/picture>\n\t\t<\/a>\n\t<\/p>\n\n<\/span><\/p>\n<p>J\u00e1 o Alibaba, empresa mais conhecida da qual Jack Ma \u00e9 dono, vem sendo investigado por ter comportamento de monop\u00f3lio. Segundo o The Wall Street Journal, o governo de Pequim estaria, inclusive, tentando encolher o imp\u00e9rio do bilion\u00e1rio e assumir uma maior participa\u00e7\u00e3o nos neg\u00f3cios.<\/p>\n<p>Em meio \u00e0s tens\u00f5es, Jack Ma, o homem mais rico da China antes de desaparecer fez algumas criticas ao <strong>partido comunista<\/strong>. Em sua \u00faltima apari\u00e7\u00e3o, ele maldisse o sistema regulat\u00f3rio do pa\u00eds asi\u00e1tico, entrando em rota de colis\u00e3o direta com autoridades do pa\u00eds.<\/p>\n<p><strong>Jack Ma<\/strong> n\u00e3o \u00e9 o primeiro bilion\u00e1rio chin\u00eas a sumir, ou se esconder, ap\u00f3s apresentar diverg\u00eancias com o governo comunista.<\/p>\n<p><span style=\"font-weight: 400;\">\t<p>\n\t\t<a href=\"https:\/\/lp.suno.com.br\/planilha-de-controle-de-investimentos\/\" target=\"_blank\" data-element=\"shortcode-suno-banner\" title=\"Banner SUNO, clique e saiba mais\">\n\t\t\t<picture>\n\t\t\t\t<source media=\"(max-width: 500px)\" srcset=\"https:\/\/files.sunoresearch.com.br\/n\/uploads\/2023\/03\/400x300-Controle-de-Investimentos.png\">\n\t\t\t\t<img class=\"newsContent__article__imgCapa newsContent__article__imgCapa--banner\"\n\t\t\t\t\tsrc=\"https:\/\/files.sunoresearch.com.br\/n\/uploads\/2023\/03\/1420x240-Controle-de-Investimentos.png\"\n\t\t\t\t\tdata-promo-id=\"75934\"\t\t\t\t\t\t\t\t\t\twidth='1420' height='240'\t\t\t\t\talt=\"https:\/\/files.sunoresearch.com.br\/n\/uploads\/2023\/03\/1420x240-Controle-de-Investimentos.png\"\n\t\t\t\t>\n\t\t\t<\/picture>\n\t\t<\/a>\n\t<\/p>\n\n<\/span><\/p>\n","protected":false},"excerpt":{"rendered":"<p>Jack Ma, fundador do Alibaba Group, reapareceu na madrugada desta quarta-feira (19), na China. Fora dos olhares p\u00fablicos desde outubro de 2020, ele participou de uma videoconfer\u00eancia com cerca de 100 professores rurais. A not\u00edcia foi dada pela m\u00eddia do governo local. Jack Ma reaparece em evento de premia\u00e7\u00e3o de professores A reuni\u00e3o fez parte [&hellip;]<\/p>\n","protected":false},"author":59,"featured_media":114632,"comment_status":"closed","ping_status":"closed","sticky":false,"template":"","format":"standard","meta":[],"categories":[63],"tags":[1416,98430,1976],"suno_strategy":[],"class_list":["post-114623","post","type-post","status-publish","format-standard","has-post-thumbnail","hentry","category-internacional","tag-alibaba-baba34","tag-ant-group","tag-jack-ma"],"yoast_head":"<!-- This site is optimized with the Yoast SEO plugin v24.4 - https:\/\/yoast.com\/wordpress\/plugins\/seo\/ -->\n<title>Jack Ma, fundador do Alibaba, reaparece ap\u00f3s quase quatro meses<\/title>\n<meta name=\"description\" content=\"Jack Ma, fundador do Alibaba Group, reapareceu na madrugada desta quarta na China, segundo ve\u00edculos locais. Clique aqui para saber mais.\" \/>\n<meta name=\"robots\" content=\"index, follow, max-snippet:-1, max-image-preview:large, max-video-preview:-1\" \/>\n<link rel=\"canonical\" href=\"https:\/\/www.suno.com.br\/noticias\/jack-ma-fundador-do-alibaba-reaparece\/\" \/>\n<meta property=\"og:locale\" content=\"pt_BR\" \/>\n<meta property=\"og:type\" content=\"article\" \/>\n<meta property=\"og:title\" content=\"Jack Ma, fundador do Alibaba, reaparece ap\u00f3s quase quatro meses\" \/>\n<meta property=\"og:description\" content=\"Jack Ma, fundador do Alibaba Group, reapareceu na madrugada desta quarta na China, segundo ve\u00edculos locais. Clique aqui para saber mais.\" \/>\n<meta property=\"og:url\" content=\"https:\/\/www.suno.com.br\/noticias\/jack-ma-fundador-do-alibaba-reaparece\/\" \/>\n<meta property=\"og:site_name\" content=\"Suno Not\u00edcias\" \/>\n<meta property=\"article:publisher\" content=\"https:\/\/facebook.com\/sunoresearch\" \/>\n<meta property=\"og:image\" content=\"https:\/\/files.sunoresearch.com.br\/n\/uploads\/2021\/01\/25730be5-jackma.jpg\" \/>\n\t<meta property=\"og:image:width\" content=\"1024\" \/>\n\t<meta property=\"og:image:height\" content=\"683\" \/>\n\t<meta property=\"og:image:type\" content=\"image\/jpeg\" \/>\n<meta name=\"author\" content=\"Vitor Azevedo\" \/>\n<meta name=\"twitter:card\" content=\"summary_large_image\" \/>\n<meta name=\"twitter:creator\" content=\"@sunoresearch\" \/>\n<meta name=\"twitter:site\" content=\"@sunoresearch\" \/>\n<meta name=\"twitter:label1\" content=\"Escrito por\" \/>\n\t<meta name=\"twitter:data1\" content=\"Vitor Azevedo\" \/>\n\t<meta name=\"twitter:label2\" content=\"Est. tempo de leitura\" \/>\n\t<meta name=\"twitter:data2\" content=\"2 minutos\" \/>\n<script type=\"application\/ld+json\" class=\"yoast-schema-graph\">{\"@context\":\"https:\/\/schema.org\",\"@graph\":[{\"@type\":\"NewsArticle\",\"@id\":\"https:\/\/www.suno.com.br\/noticias\/jack-ma-fundador-do-alibaba-reaparece\/#article\",\"isPartOf\":{\"@id\":\"https:\/\/www.suno.com.br\/noticias\/jack-ma-fundador-do-alibaba-reaparece\/\"},\"author\":{\"name\":\"Vitor Azevedo\",\"@id\":\"https:\/\/www.suno.com.br\/noticias\/#\/schema\/person\/658d5fbc74d81f265f5df3562d0038ab\"},\"headline\":\"Jack Ma, fundador do Alibaba, reaparece ap\u00f3s quase quatro meses\",\"datePublished\":\"2021-01-20T10:54:11+00:00\",\"dateModified\":\"2021-01-22T15:56:06+00:00\",\"mainEntityOfPage\":{\"@id\":\"https:\/\/www.suno.com.br\/noticias\/jack-ma-fundador-do-alibaba-reaparece\/\"},\"wordCount\":442,\"publisher\":{\"@id\":\"https:\/\/www.suno.com.br\/noticias\/#organization\"},\"image\":{\"@id\":\"https:\/\/www.suno.com.br\/noticias\/jack-ma-fundador-do-alibaba-reaparece\/#primaryimage\"},\"thumbnailUrl\":\"https:\/\/files.sunoresearch.com.br\/n\/uploads\/2021\/01\/25730be5-jackma-jpg.webp\",\"keywords\":[\"Alibaba (BABA34)\",\"Ant Group\",\"Jack Ma\"],\"articleSection\":[\"Internacional\"],\"inLanguage\":\"pt-BR\"},{\"@type\":\"WebPage\",\"@id\":\"https:\/\/www.suno.com.br\/noticias\/jack-ma-fundador-do-alibaba-reaparece\/\",\"url\":\"https:\/\/www.suno.com.br\/noticias\/jack-ma-fundador-do-alibaba-reaparece\/\",\"name\":\"Jack Ma, fundador do Alibaba, reaparece ap\u00f3s quase quatro meses\",\"isPartOf\":{\"@id\":\"https:\/\/www.suno.com.br\/noticias\/#website\"},\"primaryImageOfPage\":{\"@id\":\"https:\/\/www.suno.com.br\/noticias\/jack-ma-fundador-do-alibaba-reaparece\/#primaryimage\"},\"image\":{\"@id\":\"https:\/\/www.suno.com.br\/noticias\/jack-ma-fundador-do-alibaba-reaparece\/#primaryimage\"},\"thumbnailUrl\":\"https:\/\/files.sunoresearch.com.br\/n\/uploads\/2021\/01\/25730be5-jackma-jpg.webp\",\"datePublished\":\"2021-01-20T10:54:11+00:00\",\"dateModified\":\"2021-01-22T15:56:06+00:00\",\"description\":\"Jack Ma, fundador do Alibaba Group, reapareceu na madrugada desta quarta na China, segundo ve\u00edculos locais. Clique aqui para saber mais.\",\"breadcrumb\":{\"@id\":\"https:\/\/www.suno.com.br\/noticias\/jack-ma-fundador-do-alibaba-reaparece\/#breadcrumb\"},\"inLanguage\":\"pt-BR\",\"potentialAction\":[{\"@type\":\"ReadAction\",\"target\":[\"https:\/\/www.suno.com.br\/noticias\/jack-ma-fundador-do-alibaba-reaparece\/\"]}]},{\"@type\":\"ImageObject\",\"inLanguage\":\"pt-BR\",\"@id\":\"https:\/\/www.suno.com.br\/noticias\/jack-ma-fundador-do-alibaba-reaparece\/#primaryimage\",\"url\":\"https:\/\/files.sunoresearch.com.br\/n\/uploads\/2021\/01\/25730be5-jackma-jpg.webp\",\"contentUrl\":\"https:\/\/files.sunoresearch.com.br\/n\/uploads\/2021\/01\/25730be5-jackma-jpg.webp\",\"width\":1024,\"height\":683,\"caption\":\"Jack Ma reaparece em evento de premia\u00e7\u00e3o de professores\"},{\"@type\":\"BreadcrumbList\",\"@id\":\"https:\/\/www.suno.com.br\/noticias\/jack-ma-fundador-do-alibaba-reaparece\/#breadcrumb\",\"itemListElement\":[{\"@type\":\"ListItem\",\"position\":1,\"name\":\"Not\u00edcias\",\"item\":\"https:\/\/www.suno.com.br\/noticias\/\"},{\"@type\":\"ListItem\",\"position\":2,\"name\":\"Internacional\",\"item\":\"https:\/\/www.suno.com.br\/noticias\/internacional\/\"},{\"@type\":\"ListItem\",\"position\":3,\"name\":\"Jack Ma, fundador do Alibaba, reaparece ap\u00f3s quase quatro meses\"}]},{\"@type\":\"WebSite\",\"@id\":\"https:\/\/www.suno.com.br\/noticias\/#website\",\"url\":\"https:\/\/www.suno.com.br\/noticias\/\",\"name\":\"Suno Not\u00edcias\",\"description\":\"Seu portal de informa\u00e7\u00e3o sobre o mundo dos investimentos\",\"publisher\":{\"@id\":\"https:\/\/www.suno.com.br\/noticias\/#organization\"},\"potentialAction\":[{\"@type\":\"SearchAction\",\"target\":{\"@type\":\"EntryPoint\",\"urlTemplate\":\"https:\/\/www.suno.com.br\/noticias\/?s={search_term_string}\"},\"query-input\":{\"@type\":\"PropertyValueSpecification\",\"valueRequired\":true,\"valueName\":\"search_term_string\"}}],\"inLanguage\":\"pt-BR\"},{\"@type\":\"Organization\",\"@id\":\"https:\/\/www.suno.com.br\/noticias\/#organization\",\"name\":\"Suno Not\u00edcias\",\"url\":\"https:\/\/www.suno.com.br\/noticias\/\",\"logo\":{\"@type\":\"ImageObject\",\"inLanguage\":\"pt-BR\",\"@id\":\"https:\/\/www.suno.com.br\/noticias\/#\/schema\/logo\/image\/\",\"url\":\"https:\/\/files.sunoresearch.com.br\/n\/uploads\/2021\/09\/suno-logo.png\",\"contentUrl\":\"https:\/\/files.sunoresearch.com.br\/n\/uploads\/2021\/09\/suno-logo.png\",\"width\":180,\"height\":180,\"caption\":\"Suno Not\u00edcias\"},\"image\":{\"@id\":\"https:\/\/www.suno.com.br\/noticias\/#\/schema\/logo\/image\/\"},\"sameAs\":[\"https:\/\/facebook.com\/sunoresearch\",\"https:\/\/x.com\/sunoresearch\",\"https:\/\/www.instagram.com\/suno\",\"https:\/\/www.linkedin.com\/company\/suno-research\/\",\"https:\/\/www.youtube.com\/c\/sunoresearch\"]},{\"@type\":\"Person\",\"@id\":\"https:\/\/www.suno.com.br\/noticias\/#\/schema\/person\/658d5fbc74d81f265f5df3562d0038ab\",\"name\":\"Vitor Azevedo\",\"image\":{\"@type\":\"ImageObject\",\"inLanguage\":\"pt-BR\",\"@id\":\"https:\/\/www.suno.com.br\/noticias\/#\/schema\/person\/image\/\",\"url\":\"https:\/\/secure.gravatar.com\/avatar\/62b86195291b446fe380824eb28b99a5?s=96&r=g\",\"contentUrl\":\"https:\/\/secure.gravatar.com\/avatar\/62b86195291b446fe380824eb28b99a5?s=96&r=g\",\"caption\":\"Vitor Azevedo\"},\"description\":\"Formado em jornalismo pela Unesp, escreve sobre economia e neg\u00f3cios para a Suno Not\u00edcias.\",\"url\":\"https:\/\/www.suno.com.br\/noticias\/author\/vitor-azevedo\/\"}]}<\/script>\n<!-- \/ Yoast SEO plugin. -->","yoast_head_json":{"title":"Jack Ma, fundador do Alibaba, reaparece ap\u00f3s quase quatro meses","description":"Jack Ma, fundador do Alibaba Group, reapareceu na madrugada desta quarta na China, segundo ve\u00edculos locais. Clique aqui para saber mais.","robots":{"index":"index","follow":"follow","max-snippet":"max-snippet:-1","max-image-preview":"max-image-preview:large","max-video-preview":"max-video-preview:-1"},"canonical":"https:\/\/www.suno.com.br\/noticias\/jack-ma-fundador-do-alibaba-reaparece\/","og_locale":"pt_BR","og_type":"article","og_title":"Jack Ma, fundador do Alibaba, reaparece ap\u00f3s quase quatro meses","og_description":"Jack Ma, fundador do Alibaba Group, reapareceu na madrugada desta quarta na China, segundo ve\u00edculos locais. Clique aqui para saber mais.","og_url":"https:\/\/www.suno.com.br\/noticias\/jack-ma-fundador-do-alibaba-reaparece\/","og_site_name":"Suno Not\u00edcias","article_publisher":"https:\/\/facebook.com\/sunoresearch","og_image":[{"width":1024,"height":683,"url":"https:\/\/files.sunoresearch.com.br\/n\/uploads\/2021\/01\/25730be5-jackma.jpg","type":"image\/jpeg"}],"author":"Vitor Azevedo","twitter_card":"summary_large_image","twitter_creator":"@sunoresearch","twitter_site":"@sunoresearch","twitter_misc":{"Escrito por":"Vitor Azevedo","Est. tempo de leitura":"2 minutos"},"schema":{"@context":"https:\/\/schema.org","@graph":[{"@type":"NewsArticle","@id":"https:\/\/www.suno.com.br\/noticias\/jack-ma-fundador-do-alibaba-reaparece\/#article","isPartOf":{"@id":"https:\/\/www.suno.com.br\/noticias\/jack-ma-fundador-do-alibaba-reaparece\/"},"author":{"name":"Vitor Azevedo","@id":"https:\/\/www.suno.com.br\/noticias\/#\/schema\/person\/658d5fbc74d81f265f5df3562d0038ab"},"headline":"Jack Ma, fundador do Alibaba, reaparece ap\u00f3s quase quatro meses","datePublished":"2021-01-20T10:54:11+00:00","dateModified":"2021-01-22T15:56:06+00:00","mainEntityOfPage":{"@id":"https:\/\/www.suno.com.br\/noticias\/jack-ma-fundador-do-alibaba-reaparece\/"},"wordCount":442,"publisher":{"@id":"https:\/\/www.suno.com.br\/noticias\/#organization"},"image":{"@id":"https:\/\/www.suno.com.br\/noticias\/jack-ma-fundador-do-alibaba-reaparece\/#primaryimage"},"thumbnailUrl":"https:\/\/files.sunoresearch.com.br\/n\/uploads\/2021\/01\/25730be5-jackma-jpg.webp","keywords":["Alibaba (BABA34)","Ant Group","Jack Ma"],"articleSection":["Internacional"],"inLanguage":"pt-BR"},{"@type":"WebPage","@id":"https:\/\/www.suno.com.br\/noticias\/jack-ma-fundador-do-alibaba-reaparece\/","url":"https:\/\/www.suno.com.br\/noticias\/jack-ma-fundador-do-alibaba-reaparece\/","name":"Jack Ma, fundador do Alibaba, reaparece ap\u00f3s quase quatro meses","isPartOf":{"@id":"https:\/\/www.suno.com.br\/noticias\/#website"},"primaryImageOfPage":{"@id":"https:\/\/www.suno.com.br\/noticias\/jack-ma-fundador-do-alibaba-reaparece\/#primaryimage"},"image":{"@id":"https:\/\/www.suno.com.br\/noticias\/jack-ma-fundador-do-alibaba-reaparece\/#primaryimage"},"thumbnailUrl":"https:\/\/files.sunoresearch.com.br\/n\/uploads\/2021\/01\/25730be5-jackma-jpg.webp","datePublished":"2021-01-20T10:54:11+00:00","dateModified":"2021-01-22T15:56:06+00:00","description":"Jack Ma, fundador do Alibaba Group, reapareceu na madrugada desta quarta na China, segundo ve\u00edculos locais. Clique aqui para saber mais.","breadcrumb":{"@id":"https:\/\/www.suno.com.br\/noticias\/jack-ma-fundador-do-alibaba-reaparece\/#breadcrumb"},"inLanguage":"pt-BR","potentialAction":[{"@type":"ReadAction","target":["https:\/\/www.suno.com.br\/noticias\/jack-ma-fundador-do-alibaba-reaparece\/"]}]},{"@type":"ImageObject","inLanguage":"pt-BR","@id":"https:\/\/www.suno.com.br\/noticias\/jack-ma-fundador-do-alibaba-reaparece\/#primaryimage","url":"https:\/\/files.sunoresearch.com.br\/n\/uploads\/2021\/01\/25730be5-jackma-jpg.webp","contentUrl":"https:\/\/files.sunoresearch.com.br\/n\/uploads\/2021\/01\/25730be5-jackma-jpg.webp","width":1024,"height":683,"caption":"Jack Ma reaparece em evento de premia\u00e7\u00e3o de professores"},{"@type":"BreadcrumbList","@id":"https:\/\/www.suno.com.br\/noticias\/jack-ma-fundador-do-alibaba-reaparece\/#breadcrumb","itemListElement":[{"@type":"ListItem","position":1,"name":"Not\u00edcias","item":"https:\/\/www.suno.com.br\/noticias\/"},{"@type":"ListItem","position":2,"name":"Internacional","item":"https:\/\/www.suno.com.br\/noticias\/internacional\/"},{"@type":"ListItem","position":3,"name":"Jack Ma, fundador do Alibaba, reaparece ap\u00f3s quase quatro meses"}]},{"@type":"WebSite","@id":"https:\/\/www.suno.com.br\/noticias\/#website","url":"https:\/\/www.suno.com.br\/noticias\/","name":"Suno Not\u00edcias","description":"Seu portal de informa\u00e7\u00e3o sobre o mundo dos investimentos","publisher":{"@id":"https:\/\/www.suno.com.br\/noticias\/#organization"},"potentialAction":[{"@type":"SearchAction","target":{"@type":"EntryPoint","urlTemplate":"https:\/\/www.suno.com.br\/noticias\/?s={search_term_string}"},"query-input":{"@type":"PropertyValueSpecification","valueRequired":true,"valueName":"search_term_string"}}],"inLanguage":"pt-BR"},{"@type":"Organization","@id":"https:\/\/www.suno.com.br\/noticias\/#organization","name":"Suno Not\u00edcias","url":"https:\/\/www.suno.com.br\/noticias\/","logo":{"@type":"ImageObject","inLanguage":"pt-BR","@id":"https:\/\/www.suno.com.br\/noticias\/#\/schema\/logo\/image\/","url":"https:\/\/files.sunoresearch.com.br\/n\/uploads\/2021\/09\/suno-logo.png","contentUrl":"https:\/\/files.sunoresearch.com.br\/n\/uploads\/2021\/09\/suno-logo.png","width":180,"height":180,"caption":"Suno Not\u00edcias"},"image":{"@id":"https:\/\/www.suno.com.br\/noticias\/#\/schema\/logo\/image\/"},"sameAs":["https:\/\/facebook.com\/sunoresearch","https:\/\/x.com\/sunoresearch","https:\/\/www.instagram.com\/suno","https:\/\/www.linkedin.com\/company\/suno-research\/","https:\/\/www.youtube.com\/c\/sunoresearch"]},{"@type":"Person","@id":"https:\/\/www.suno.com.br\/noticias\/#\/schema\/person\/658d5fbc74d81f265f5df3562d0038ab","name":"Vitor Azevedo","image":{"@type":"ImageObject","inLanguage":"pt-BR","@id":"https:\/\/www.suno.com.br\/noticias\/#\/schema\/person\/image\/","url":"https:\/\/secure.gravatar.com\/avatar\/62b86195291b446fe380824eb28b99a5?s=96&r=g","contentUrl":"https:\/\/secure.gravatar.com\/avatar\/62b86195291b446fe380824eb28b99a5?s=96&r=g","caption":"Vitor Azevedo"},"description":"Formado em jornalismo pela Unesp, escreve sobre economia e neg\u00f3cios para a Suno Not\u00edcias.","url":"https:\/\/www.suno.com.br\/noticias\/author\/vitor-azevedo\/"}]}},"default_loop_html":"<div class=\"cardsPage__listCard__boxs\"><div class=\"cardsPage__listCard__boxs__img\"><a href=\"https:\/\/www.suno.com.br\/noticias\/jack-ma-fundador-do-alibaba-reaparece\/\"><img class=\"mask\" src=\"https:\/\/www.suno.com.br\/noticias\/wp-content\/themes\/suno\/resources\/images\/spotlight\/spotlight1img\/bg-mask.png\" alt=\"Image Mask\"\/><img src=\"https:\/\/files.sunoresearch.com.br\/n\/uploads\/2021\/01\/25730be5-jackma-400x200.webp\" alt=\"Jack Ma, fundador do Alibaba, reaparece ap\u00f3s quase quatro meses\"\/><\/a><span class=\"spotlightCategory\"><a href=\"https:\/\/www.suno.com.br\/noticias\/internacional\/\">Internacional<\/a><\/span><\/div><div class=\"cardsPage__listCard__boxs__content\"><a href=\"https:\/\/www.suno.com.br\/noticias\/jack-ma-fundador-do-alibaba-reaparece\/\"><h2 class=\"content__title\">Jack Ma, fundador do Alibaba, reaparece ap\u00f3s quase quatro meses<\/h2><\/a><div class=\"newsContent__article__meta\"><div class=\"newsContent__article__meta__authorBox\"><a href=\"https:\/\/www.suno.com.br\/noticias\/author\/vitor-azevedo\/\" class=\"authorBox__avatar noMobi\"><img src=\"https:\/\/secure.gravatar.com\/avatar\/62b86195291b446fe380824eb28b99a5?s=96&#038;r=g\" alt=\"Vitor Azevedo\"><\/a><div class=\"authorBox__name\"><span>por\n\t\t\t<a href=\"https:\/\/www.suno.com.br\/noticias\/author\/vitor-azevedo\/\"><span itemprop=\"author\">Vitor Azevedo<\/span><\/a><\/span><time datetime=\"2021-01-20T07:54:11-03:00\" itemprop=\"datePublished\">20\/01\/2021 07:54<\/time><\/div><\/div><\/div><\/div><\/div>","single_layout":"posts","amp_enabled":true,"_links":{"self":[{"href":"https:\/\/www.suno.com.br\/noticias\/wp-json\/wp\/v2\/posts\/114623"}],"collection":[{"href":"https:\/\/www.suno.com.br\/noticias\/wp-json\/wp\/v2\/posts"}],"about":[{"href":"https:\/\/www.suno.com.br\/noticias\/wp-json\/wp\/v2\/types\/post"}],"author":[{"embeddable":true,"href":"https:\/\/www.suno.com.br\/noticias\/wp-json\/wp\/v2\/users\/59"}],"replies":[{"embeddable":true,"href":"https:\/\/www.suno.com.br\/noticias\/wp-json\/wp\/v2\/comments?post=114623"}],"version-history":[{"count":0,"href":"https:\/\/www.suno.com.br\/noticias\/wp-json\/wp\/v2\/posts\/114623\/revisions"}],"wp:featuredmedia":[{"embeddable":true,"href":"https:\/\/www.suno.com.br\/noticias\/wp-json\/wp\/v2\/media\/114632"}],"wp:attachment":[{"href":"https:\/\/www.suno.com.br\/noticias\/wp-json\/wp\/v2\/media?parent=114623"}],"wp:term":[{"taxonomy":"category","embeddable":true,"href":"https:\/\/www.suno.com.br\/noticias\/wp-json\/wp\/v2\/categories?post=114623"},{"taxonomy":"post_tag","embeddable":true,"href":"https:\/\/www.suno.com.br\/noticias\/wp-json\/wp\/v2\/tags?post=114623"},{"taxonomy":"suno_strategy","embeddable":true,"href":"https:\/\/www.suno.com.br\/noticias\/wp-json\/wp\/v2\/suno_strategy?post=114623"}],"curies":[{"name":"wp","href":"https:\/\/api.w.org\/{rel}","templated":true}]}}