{"id":11459,"date":"2019-01-13T15:28:12","date_gmt":"2019-01-13T17:28:12","guid":{"rendered":"https:\/\/www.suno.com.br\/noticias\/?p=11459"},"modified":"2021-02-17T23:06:55","modified_gmt":"2021-02-18T02:06:55","slug":"salario-minimo-ganho-real","status":"publish","type":"post","link":"https:\/\/www.suno.com.br\/noticias\/salario-minimo-ganho-real\/","title":{"rendered":"Ap\u00f3s dois anos sal\u00e1rio m\u00ednimo volta a ter ganho real"},"content":{"rendered":"<p>O sal\u00e1rio m\u00ednimo teve aumento real de 1,14% em 2019, conforme divulgou a Associa\u00e7\u00e3o Nacional dos Executivos de Finan\u00e7as, Administra\u00e7\u00e3o e Contabilidade (Anefac).<\/p>\t<div class=\"wrapper-featured-image\">\n\t\t<figure class=\"spotlightImg\">\n\n\t\t\t<picture>\n\t\t\t\t<source media=\"(max-width: 768px)\" srcset=\"https:\/\/files.sunoresearch.com.br\/n\/uploads\/2019\/01\/d1fc3e36-salario-minimo-400x200.webp\">\n\t\t\t\t<img loading=\"lazy\" decoding=\"async\" class=\"newsContent__article__imgCapa lazyloadDisabled newsContent__article__imgCapa--noCaption\" src=\"https:\/\/files.sunoresearch.com.br\/n\/uploads\/2019\/01\/d1fc3e36-salario-minimo-jpg.webp\" width=\"800\" height=\"450\" alt=\"Ap\u00f3s dois anos sal\u00e1rio m\u00ednimo volta a ter ganho real\" fetchpriority=high \/>\n\t\t\t<\/picture>\n\n\t\t\t<figcaption class=\"wp-caption-text wp-caption-text--hide\">cr\u00e9ditos nota fiscal paulista<\/figcaption>\n\t\t<\/figure>\n\t<\/div>\n\n\n<p>Ap\u00f3s dois anos de queda, esse foi o primeiro ganho significativo do <strong>sal\u00e1rio m\u00ednimo<\/strong> em rela\u00e7\u00e3o ao <strong>\u00cdndice Nacional de Pre\u00e7os ao Consumidor (INPC)<\/strong>.<\/p>\n<p>No dia 1\u00ba de janeiro, o sal\u00e1rio foi reajustado pelo governo em 4,61%. Desta forma, passou de R$ 954 para R$ 998.<\/p>\n<p>Entretanto, o INPC subiu 3,43% em 2018.<\/p>\n<p>Para que o reajuste fosse feito, o governo considerou a varia\u00e7\u00e3o do INPC em 2018 e o crescimento do PIB em 2017 (equivalente a 1,1%).<\/p>\n<p>De acordo com o <strong>Departamento Intersindical de Estat\u00edstica e Estudos Socioecon\u00f4micos (Dieese)<\/strong>, em 2018 o sal\u00e1rio m\u00ednimo teve perda real de 0,25%.<\/p>\n<p>Al\u00e9m disso, em 2017, a queda foi de 0,1% em rela\u00e7\u00e3o a infla\u00e7\u00e3o, registrando a primeira queda em mais de uma d\u00e9cada.<\/p>\n<p><a href=\"https:\/\/www.suno.com.br\/noticias\/bolsonaro-salario-minimo\/\">Saiba mais:\u00a0Bolsonaro assina decreto que define sal\u00e1rio m\u00ednimo de R$ 998 em 2019<\/a><\/p>\n<h2>Produtos e servi\u00e7os que valorizaram mais que o sal\u00e1rio m\u00ednimo<\/h2>\n<ol>\n<li>Plano de sa\u00fade: 11,7%;<\/li>\n<li>Energia el\u00e9trica: 8,7%;<\/li>\n<li>Aluguel (IGPM): 7,53%;<\/li>\n<li>Gasolina: 7,24%;<\/li>\n<li>Educa\u00e7\u00e3o: 5,32%;<\/li>\n<li>Habita\u00e7\u00e3o: 4,72%;<\/li>\n<li>Poupan\u00e7a: 4,62%.<\/li>\n<\/ol>\n<div class=\"wall protected-content\">\n<div class=\"mc-column content-text active-extra-styles \" data-block-type=\"unstyled\" data-block-weight=\"36\" data-block-id=\"6\">\n<h2>Produtos e servi\u00e7os que valorizaram menos que o sal\u00e1rio m\u00ednimo<\/h2>\n<ol>\n<li>Transportes: 4,19%;<\/li>\n<li>Alimenta\u00e7\u00e3o: 4,04%;<\/li>\n<li>Sa\u00fade e cuidados pessoais: 3,95%;<\/li>\n<li>Artigos de resid\u00eancia: 3,74%;<\/li>\n<li>Infla\u00e7\u00e3o (IPCA): 3,69%;<\/li>\n<li>Despesas pessoais: 2,98%;<\/li>\n<li>Im\u00f3veis na venda: -0,21%<\/li>\n<\/ol>\n<p>O presidente <strong>Jair Bolsonaro<\/strong> assinou em 1\u00ba de janeiro o decreto que definiu o aumento do <strong>sal\u00e1rio m\u00ednimo<\/strong> de R$ 954 para R$ 998. O decreto foi publicado em edi\u00e7\u00e3o extra no Di\u00e1rio Oficial da Uni\u00e3o.<\/p>\n<\/div>\n<\/div>\n","protected":false},"excerpt":{"rendered":"<p>O sal\u00e1rio m\u00ednimo teve aumento real de 1,14% em 2019, conforme divulgou a Associa\u00e7\u00e3o Nacional dos Executivos de Finan\u00e7as, Administra\u00e7\u00e3o e Contabilidade (Anefac). cr\u00e9ditos nota fiscal paulista Ap\u00f3s dois anos de queda, esse foi o primeiro ganho significativo do sal\u00e1rio m\u00ednimo em rela\u00e7\u00e3o ao \u00cdndice Nacional de Pre\u00e7os ao Consumidor (INPC). No dia 1\u00ba de [&hellip;]<\/p>\n","protected":false},"author":11,"featured_media":11460,"comment_status":"closed","ping_status":"closed","sticky":false,"template":"","format":"standard","meta":[],"categories":[62,65],"tags":[329,719],"suno_strategy":[],"class_list":["post-11459","post","type-post","status-publish","format-standard","has-post-thumbnail","hentry","category-economia","category-financas-pessoais","tag-financas-pessoais","tag-jair-bolsonaro"],"yoast_head":"<!-- This site is optimized with the Yoast SEO plugin v24.4 - https:\/\/yoast.com\/wordpress\/plugins\/seo\/ -->\n<title>Ap\u00f3s dois anos sal\u00e1rio m\u00ednimo volta a ter ganho real<\/title>\n<meta name=\"description\" content=\"O sal\u00e1rio m\u00ednimo foi reajustado por Jair Bolsonaro no dia 1\u00ba de janeiro; Passou de R$ 954 para R$ 998. Clique para saber mais.\" \/>\n<meta name=\"robots\" content=\"index, follow, max-snippet:-1, max-image-preview:large, max-video-preview:-1\" \/>\n<link rel=\"canonical\" href=\"https:\/\/www.suno.com.br\/noticias\/salario-minimo-ganho-real\/\" \/>\n<meta property=\"og:locale\" content=\"pt_BR\" \/>\n<meta property=\"og:type\" content=\"article\" \/>\n<meta property=\"og:title\" content=\"Ap\u00f3s dois anos sal\u00e1rio m\u00ednimo volta a ter ganho real\" \/>\n<meta property=\"og:description\" content=\"O sal\u00e1rio m\u00ednimo foi reajustado por Jair Bolsonaro no dia 1\u00ba de janeiro; Passou de R$ 954 para R$ 998. Clique para saber mais.\" \/>\n<meta property=\"og:url\" content=\"https:\/\/www.suno.com.br\/noticias\/salario-minimo-ganho-real\/\" \/>\n<meta property=\"og:site_name\" content=\"Suno Not\u00edcias\" \/>\n<meta property=\"article:publisher\" content=\"https:\/\/facebook.com\/sunoresearch\" \/>\n<meta property=\"og:image\" content=\"https:\/\/files.sunoresearch.com.br\/n\/uploads\/2019\/01\/d1fc3e36-salario-minimo.jpg\" \/>\n\t<meta property=\"og:image:width\" content=\"1100\" \/>\n\t<meta property=\"og:image:height\" content=\"370\" \/>\n\t<meta property=\"og:image:type\" content=\"image\/jpeg\" \/>\n<meta name=\"author\" content=\"Renan Bandeira\" \/>\n<meta name=\"twitter:card\" content=\"summary_large_image\" \/>\n<meta name=\"twitter:creator\" content=\"@sunoresearch\" \/>\n<meta name=\"twitter:site\" content=\"@sunoresearch\" \/>\n<meta name=\"twitter:label1\" content=\"Escrito por\" \/>\n\t<meta name=\"twitter:data1\" content=\"Renan Bandeira\" \/>\n\t<meta name=\"twitter:label2\" content=\"Est. tempo de leitura\" \/>\n\t<meta name=\"twitter:data2\" content=\"1 minuto\" \/>\n<script type=\"application\/ld+json\" class=\"yoast-schema-graph\">{\"@context\":\"https:\/\/schema.org\",\"@graph\":[{\"@type\":\"NewsArticle\",\"@id\":\"https:\/\/www.suno.com.br\/noticias\/salario-minimo-ganho-real\/#article\",\"isPartOf\":{\"@id\":\"https:\/\/www.suno.com.br\/noticias\/salario-minimo-ganho-real\/\"},\"author\":{\"name\":\"Renan Bandeira\",\"@id\":\"https:\/\/www.suno.com.br\/noticias\/#\/schema\/person\/fc144a1c6108bd1dcd43784e88a3c138\"},\"headline\":\"Ap\u00f3s dois anos sal\u00e1rio m\u00ednimo volta a ter ganho real\",\"datePublished\":\"2019-01-13T17:28:12+00:00\",\"dateModified\":\"2021-02-18T02:06:55+00:00\",\"mainEntityOfPage\":{\"@id\":\"https:\/\/www.suno.com.br\/noticias\/salario-minimo-ganho-real\/\"},\"wordCount\":279,\"publisher\":{\"@id\":\"https:\/\/www.suno.com.br\/noticias\/#organization\"},\"image\":{\"@id\":\"https:\/\/www.suno.com.br\/noticias\/salario-minimo-ganho-real\/#primaryimage\"},\"thumbnailUrl\":\"https:\/\/files.sunoresearch.com.br\/n\/uploads\/2019\/01\/d1fc3e36-salario-minimo-jpg.webp\",\"keywords\":[\"finan\u00e7as pessoais\",\"Jair Bolsonaro\"],\"articleSection\":[\"Economia\",\"Finan\u00e7as Pessoais\"],\"inLanguage\":\"pt-BR\"},{\"@type\":\"WebPage\",\"@id\":\"https:\/\/www.suno.com.br\/noticias\/salario-minimo-ganho-real\/\",\"url\":\"https:\/\/www.suno.com.br\/noticias\/salario-minimo-ganho-real\/\",\"name\":\"Ap\u00f3s dois anos sal\u00e1rio m\u00ednimo volta a ter ganho real\",\"isPartOf\":{\"@id\":\"https:\/\/www.suno.com.br\/noticias\/#website\"},\"primaryImageOfPage\":{\"@id\":\"https:\/\/www.suno.com.br\/noticias\/salario-minimo-ganho-real\/#primaryimage\"},\"image\":{\"@id\":\"https:\/\/www.suno.com.br\/noticias\/salario-minimo-ganho-real\/#primaryimage\"},\"thumbnailUrl\":\"https:\/\/files.sunoresearch.com.br\/n\/uploads\/2019\/01\/d1fc3e36-salario-minimo-jpg.webp\",\"datePublished\":\"2019-01-13T17:28:12+00:00\",\"dateModified\":\"2021-02-18T02:06:55+00:00\",\"description\":\"O sal\u00e1rio m\u00ednimo foi reajustado por Jair Bolsonaro no dia 1\u00ba de janeiro; Passou de R$ 954 para R$ 998. Clique para saber mais.\",\"breadcrumb\":{\"@id\":\"https:\/\/www.suno.com.br\/noticias\/salario-minimo-ganho-real\/#breadcrumb\"},\"inLanguage\":\"pt-BR\",\"potentialAction\":[{\"@type\":\"ReadAction\",\"target\":[\"https:\/\/www.suno.com.br\/noticias\/salario-minimo-ganho-real\/\"]}]},{\"@type\":\"ImageObject\",\"inLanguage\":\"pt-BR\",\"@id\":\"https:\/\/www.suno.com.br\/noticias\/salario-minimo-ganho-real\/#primaryimage\",\"url\":\"https:\/\/files.sunoresearch.com.br\/n\/uploads\/2019\/01\/d1fc3e36-salario-minimo-jpg.webp\",\"contentUrl\":\"https:\/\/files.sunoresearch.com.br\/n\/uploads\/2019\/01\/d1fc3e36-salario-minimo-jpg.webp\",\"width\":1100,\"height\":370,\"caption\":\"cr\u00e9ditos nota fiscal paulista\"},{\"@type\":\"BreadcrumbList\",\"@id\":\"https:\/\/www.suno.com.br\/noticias\/salario-minimo-ganho-real\/#breadcrumb\",\"itemListElement\":[{\"@type\":\"ListItem\",\"position\":1,\"name\":\"Not\u00edcias\",\"item\":\"https:\/\/www.suno.com.br\/noticias\/\"},{\"@type\":\"ListItem\",\"position\":2,\"name\":\"Finan\u00e7as Pessoais\",\"item\":\"https:\/\/www.suno.com.br\/noticias\/financas-pessoais\/\"},{\"@type\":\"ListItem\",\"position\":3,\"name\":\"Ap\u00f3s dois anos sal\u00e1rio m\u00ednimo volta a ter ganho real\"}]},{\"@type\":\"WebSite\",\"@id\":\"https:\/\/www.suno.com.br\/noticias\/#website\",\"url\":\"https:\/\/www.suno.com.br\/noticias\/\",\"name\":\"Suno Not\u00edcias\",\"description\":\"Seu portal de informa\u00e7\u00e3o sobre o mundo dos investimentos\",\"publisher\":{\"@id\":\"https:\/\/www.suno.com.br\/noticias\/#organization\"},\"potentialAction\":[{\"@type\":\"SearchAction\",\"target\":{\"@type\":\"EntryPoint\",\"urlTemplate\":\"https:\/\/www.suno.com.br\/noticias\/?s={search_term_string}\"},\"query-input\":{\"@type\":\"PropertyValueSpecification\",\"valueRequired\":true,\"valueName\":\"search_term_string\"}}],\"inLanguage\":\"pt-BR\"},{\"@type\":\"Organization\",\"@id\":\"https:\/\/www.suno.com.br\/noticias\/#organization\",\"name\":\"Suno Not\u00edcias\",\"url\":\"https:\/\/www.suno.com.br\/noticias\/\",\"logo\":{\"@type\":\"ImageObject\",\"inLanguage\":\"pt-BR\",\"@id\":\"https:\/\/www.suno.com.br\/noticias\/#\/schema\/logo\/image\/\",\"url\":\"https:\/\/files.sunoresearch.com.br\/n\/uploads\/2021\/09\/suno-logo.png\",\"contentUrl\":\"https:\/\/files.sunoresearch.com.br\/n\/uploads\/2021\/09\/suno-logo.png\",\"width\":180,\"height\":180,\"caption\":\"Suno Not\u00edcias\"},\"image\":{\"@id\":\"https:\/\/www.suno.com.br\/noticias\/#\/schema\/logo\/image\/\"},\"sameAs\":[\"https:\/\/facebook.com\/sunoresearch\",\"https:\/\/x.com\/sunoresearch\",\"https:\/\/www.instagram.com\/suno\",\"https:\/\/www.linkedin.com\/company\/suno-research\/\",\"https:\/\/www.youtube.com\/c\/sunoresearch\"]},{\"@type\":\"Person\",\"@id\":\"https:\/\/www.suno.com.br\/noticias\/#\/schema\/person\/fc144a1c6108bd1dcd43784e88a3c138\",\"name\":\"Renan Bandeira\",\"image\":{\"@type\":\"ImageObject\",\"inLanguage\":\"pt-BR\",\"@id\":\"https:\/\/www.suno.com.br\/noticias\/#\/schema\/person\/image\/\",\"url\":\"https:\/\/secure.gravatar.com\/avatar\/68359cdb608f14f11bbefcb78f3fc747?s=96&r=g\",\"contentUrl\":\"https:\/\/secure.gravatar.com\/avatar\/68359cdb608f14f11bbefcb78f3fc747?s=96&r=g\",\"caption\":\"Renan Bandeira\"},\"description\":\"Renan Bandeira escreve sobre pol\u00edtica e economia para o portal da Suno Research. Antes da Suno, trabalhou em uma rede de televis\u00e3o, onde fazia reportagens sobre os mesmos temas. Estuda na Universidade Metodista de S\u00e3o Paulo.\",\"url\":\"https:\/\/www.suno.com.br\/noticias\/author\/renan-bandeira\/\"}]}<\/script>\n<!-- \/ Yoast SEO plugin. -->","yoast_head_json":{"title":"Ap\u00f3s dois anos sal\u00e1rio m\u00ednimo volta a ter ganho real","description":"O sal\u00e1rio m\u00ednimo foi reajustado por Jair Bolsonaro no dia 1\u00ba de janeiro; Passou de R$ 954 para R$ 998. Clique para saber mais.","robots":{"index":"index","follow":"follow","max-snippet":"max-snippet:-1","max-image-preview":"max-image-preview:large","max-video-preview":"max-video-preview:-1"},"canonical":"https:\/\/www.suno.com.br\/noticias\/salario-minimo-ganho-real\/","og_locale":"pt_BR","og_type":"article","og_title":"Ap\u00f3s dois anos sal\u00e1rio m\u00ednimo volta a ter ganho real","og_description":"O sal\u00e1rio m\u00ednimo foi reajustado por Jair Bolsonaro no dia 1\u00ba de janeiro; Passou de R$ 954 para R$ 998. Clique para saber mais.","og_url":"https:\/\/www.suno.com.br\/noticias\/salario-minimo-ganho-real\/","og_site_name":"Suno Not\u00edcias","article_publisher":"https:\/\/facebook.com\/sunoresearch","og_image":[{"width":1100,"height":370,"url":"https:\/\/files.sunoresearch.com.br\/n\/uploads\/2019\/01\/d1fc3e36-salario-minimo.jpg","type":"image\/jpeg"}],"author":"Renan Bandeira","twitter_card":"summary_large_image","twitter_creator":"@sunoresearch","twitter_site":"@sunoresearch","twitter_misc":{"Escrito por":"Renan Bandeira","Est. tempo de leitura":"1 minuto"},"schema":{"@context":"https:\/\/schema.org","@graph":[{"@type":"NewsArticle","@id":"https:\/\/www.suno.com.br\/noticias\/salario-minimo-ganho-real\/#article","isPartOf":{"@id":"https:\/\/www.suno.com.br\/noticias\/salario-minimo-ganho-real\/"},"author":{"name":"Renan Bandeira","@id":"https:\/\/www.suno.com.br\/noticias\/#\/schema\/person\/fc144a1c6108bd1dcd43784e88a3c138"},"headline":"Ap\u00f3s dois anos sal\u00e1rio m\u00ednimo volta a ter ganho real","datePublished":"2019-01-13T17:28:12+00:00","dateModified":"2021-02-18T02:06:55+00:00","mainEntityOfPage":{"@id":"https:\/\/www.suno.com.br\/noticias\/salario-minimo-ganho-real\/"},"wordCount":279,"publisher":{"@id":"https:\/\/www.suno.com.br\/noticias\/#organization"},"image":{"@id":"https:\/\/www.suno.com.br\/noticias\/salario-minimo-ganho-real\/#primaryimage"},"thumbnailUrl":"https:\/\/files.sunoresearch.com.br\/n\/uploads\/2019\/01\/d1fc3e36-salario-minimo-jpg.webp","keywords":["finan\u00e7as pessoais","Jair Bolsonaro"],"articleSection":["Economia","Finan\u00e7as Pessoais"],"inLanguage":"pt-BR"},{"@type":"WebPage","@id":"https:\/\/www.suno.com.br\/noticias\/salario-minimo-ganho-real\/","url":"https:\/\/www.suno.com.br\/noticias\/salario-minimo-ganho-real\/","name":"Ap\u00f3s dois anos sal\u00e1rio m\u00ednimo volta a ter ganho real","isPartOf":{"@id":"https:\/\/www.suno.com.br\/noticias\/#website"},"primaryImageOfPage":{"@id":"https:\/\/www.suno.com.br\/noticias\/salario-minimo-ganho-real\/#primaryimage"},"image":{"@id":"https:\/\/www.suno.com.br\/noticias\/salario-minimo-ganho-real\/#primaryimage"},"thumbnailUrl":"https:\/\/files.sunoresearch.com.br\/n\/uploads\/2019\/01\/d1fc3e36-salario-minimo-jpg.webp","datePublished":"2019-01-13T17:28:12+00:00","dateModified":"2021-02-18T02:06:55+00:00","description":"O sal\u00e1rio m\u00ednimo foi reajustado por Jair Bolsonaro no dia 1\u00ba de janeiro; Passou de R$ 954 para R$ 998. Clique para saber mais.","breadcrumb":{"@id":"https:\/\/www.suno.com.br\/noticias\/salario-minimo-ganho-real\/#breadcrumb"},"inLanguage":"pt-BR","potentialAction":[{"@type":"ReadAction","target":["https:\/\/www.suno.com.br\/noticias\/salario-minimo-ganho-real\/"]}]},{"@type":"ImageObject","inLanguage":"pt-BR","@id":"https:\/\/www.suno.com.br\/noticias\/salario-minimo-ganho-real\/#primaryimage","url":"https:\/\/files.sunoresearch.com.br\/n\/uploads\/2019\/01\/d1fc3e36-salario-minimo-jpg.webp","contentUrl":"https:\/\/files.sunoresearch.com.br\/n\/uploads\/2019\/01\/d1fc3e36-salario-minimo-jpg.webp","width":1100,"height":370,"caption":"cr\u00e9ditos nota fiscal paulista"},{"@type":"BreadcrumbList","@id":"https:\/\/www.suno.com.br\/noticias\/salario-minimo-ganho-real\/#breadcrumb","itemListElement":[{"@type":"ListItem","position":1,"name":"Not\u00edcias","item":"https:\/\/www.suno.com.br\/noticias\/"},{"@type":"ListItem","position":2,"name":"Finan\u00e7as Pessoais","item":"https:\/\/www.suno.com.br\/noticias\/financas-pessoais\/"},{"@type":"ListItem","position":3,"name":"Ap\u00f3s dois anos sal\u00e1rio m\u00ednimo volta a ter ganho real"}]},{"@type":"WebSite","@id":"https:\/\/www.suno.com.br\/noticias\/#website","url":"https:\/\/www.suno.com.br\/noticias\/","name":"Suno Not\u00edcias","description":"Seu portal de informa\u00e7\u00e3o sobre o mundo dos investimentos","publisher":{"@id":"https:\/\/www.suno.com.br\/noticias\/#organization"},"potentialAction":[{"@type":"SearchAction","target":{"@type":"EntryPoint","urlTemplate":"https:\/\/www.suno.com.br\/noticias\/?s={search_term_string}"},"query-input":{"@type":"PropertyValueSpecification","valueRequired":true,"valueName":"search_term_string"}}],"inLanguage":"pt-BR"},{"@type":"Organization","@id":"https:\/\/www.suno.com.br\/noticias\/#organization","name":"Suno Not\u00edcias","url":"https:\/\/www.suno.com.br\/noticias\/","logo":{"@type":"ImageObject","inLanguage":"pt-BR","@id":"https:\/\/www.suno.com.br\/noticias\/#\/schema\/logo\/image\/","url":"https:\/\/files.sunoresearch.com.br\/n\/uploads\/2021\/09\/suno-logo.png","contentUrl":"https:\/\/files.sunoresearch.com.br\/n\/uploads\/2021\/09\/suno-logo.png","width":180,"height":180,"caption":"Suno Not\u00edcias"},"image":{"@id":"https:\/\/www.suno.com.br\/noticias\/#\/schema\/logo\/image\/"},"sameAs":["https:\/\/facebook.com\/sunoresearch","https:\/\/x.com\/sunoresearch","https:\/\/www.instagram.com\/suno","https:\/\/www.linkedin.com\/company\/suno-research\/","https:\/\/www.youtube.com\/c\/sunoresearch"]},{"@type":"Person","@id":"https:\/\/www.suno.com.br\/noticias\/#\/schema\/person\/fc144a1c6108bd1dcd43784e88a3c138","name":"Renan Bandeira","image":{"@type":"ImageObject","inLanguage":"pt-BR","@id":"https:\/\/www.suno.com.br\/noticias\/#\/schema\/person\/image\/","url":"https:\/\/secure.gravatar.com\/avatar\/68359cdb608f14f11bbefcb78f3fc747?s=96&r=g","contentUrl":"https:\/\/secure.gravatar.com\/avatar\/68359cdb608f14f11bbefcb78f3fc747?s=96&r=g","caption":"Renan Bandeira"},"description":"Renan Bandeira escreve sobre pol\u00edtica e economia para o portal da Suno Research. Antes da Suno, trabalhou em uma rede de televis\u00e3o, onde fazia reportagens sobre os mesmos temas. Estuda na Universidade Metodista de S\u00e3o Paulo.","url":"https:\/\/www.suno.com.br\/noticias\/author\/renan-bandeira\/"}]}},"default_loop_html":"<div class=\"cardsPage__listCard__boxs\"><div class=\"cardsPage__listCard__boxs__img\"><a href=\"https:\/\/www.suno.com.br\/noticias\/salario-minimo-ganho-real\/\"><img class=\"mask\" src=\"https:\/\/www.suno.com.br\/noticias\/wp-content\/themes\/suno\/resources\/images\/spotlight\/spotlight1img\/bg-mask.png\" alt=\"Image Mask\"\/><img src=\"https:\/\/files.sunoresearch.com.br\/n\/uploads\/2019\/01\/d1fc3e36-salario-minimo-400x200.webp\" alt=\"Ap\u00f3s dois anos sal\u00e1rio m\u00ednimo volta a ter ganho real\"\/><\/a><span class=\"spotlightCategory\"><a href=\"https:\/\/www.suno.com.br\/noticias\/economia\/\">Economia<\/a><\/span><\/div><div class=\"cardsPage__listCard__boxs__content\"><a href=\"https:\/\/www.suno.com.br\/noticias\/salario-minimo-ganho-real\/\"><h2 class=\"content__title\">Ap\u00f3s dois anos sal\u00e1rio m\u00ednimo volta a ter ganho real<\/h2><\/a><div class=\"newsContent__article__meta\"><div class=\"newsContent__article__meta__authorBox\"><a href=\"https:\/\/www.suno.com.br\/noticias\/author\/renan-bandeira\/\" class=\"authorBox__avatar noMobi\"><img src=\"https:\/\/secure.gravatar.com\/avatar\/68359cdb608f14f11bbefcb78f3fc747?s=96&#038;r=g\" alt=\"Renan Bandeira\"><\/a><div class=\"authorBox__name\"><span>por\n\t\t\t<a href=\"https:\/\/www.suno.com.br\/noticias\/author\/renan-bandeira\/\"><span itemprop=\"author\">Renan Bandeira<\/span><\/a><\/span><time datetime=\"2019-01-13T15:28:12-02:00\" itemprop=\"datePublished\">13\/01\/2019 15:28<\/time><\/div><\/div><\/div><\/div><\/div>","single_layout":"posts","amp_enabled":true,"_links":{"self":[{"href":"https:\/\/www.suno.com.br\/noticias\/wp-json\/wp\/v2\/posts\/11459"}],"collection":[{"href":"https:\/\/www.suno.com.br\/noticias\/wp-json\/wp\/v2\/posts"}],"about":[{"href":"https:\/\/www.suno.com.br\/noticias\/wp-json\/wp\/v2\/types\/post"}],"author":[{"embeddable":true,"href":"https:\/\/www.suno.com.br\/noticias\/wp-json\/wp\/v2\/users\/11"}],"replies":[{"embeddable":true,"href":"https:\/\/www.suno.com.br\/noticias\/wp-json\/wp\/v2\/comments?post=11459"}],"version-history":[{"count":0,"href":"https:\/\/www.suno.com.br\/noticias\/wp-json\/wp\/v2\/posts\/11459\/revisions"}],"wp:featuredmedia":[{"embeddable":true,"href":"https:\/\/www.suno.com.br\/noticias\/wp-json\/wp\/v2\/media\/11460"}],"wp:attachment":[{"href":"https:\/\/www.suno.com.br\/noticias\/wp-json\/wp\/v2\/media?parent=11459"}],"wp:term":[{"taxonomy":"category","embeddable":true,"href":"https:\/\/www.suno.com.br\/noticias\/wp-json\/wp\/v2\/categories?post=11459"},{"taxonomy":"post_tag","embeddable":true,"href":"https:\/\/www.suno.com.br\/noticias\/wp-json\/wp\/v2\/tags?post=11459"},{"taxonomy":"suno_strategy","embeddable":true,"href":"https:\/\/www.suno.com.br\/noticias\/wp-json\/wp\/v2\/suno_strategy?post=11459"}],"curies":[{"name":"wp","href":"https:\/\/api.w.org\/{rel}","templated":true}]}}