{"id":114558,"date":"2021-01-19T18:50:19","date_gmt":"2021-01-19T21:50:19","guid":{"rendered":"https:\/\/www.suno.com.br\/noticias\/?p=114558"},"modified":"2021-01-19T18:50:19","modified_gmt":"2021-01-19T21:50:19","slug":"sp-500-sobe-discurso-yellen","status":"publish","type":"post","link":"https:\/\/www.suno.com.br\/noticias\/sp-500-sobe-discurso-yellen\/","title":{"rendered":"S&#038;P 500 sobe com fala de Yellen; bolsas mundiais fecham sem sinal \u00fanico"},"content":{"rendered":"<p>Com a posse do presidente eleito dos Estados Unidos Joe Biden cada vez mais pr\u00f3xima, o <strong><a href=\"https:\/\/www.suno.com.br\/artigos\/sp-500\/\">S&amp;P 500<\/a><\/strong> fechou em alta juntamente com a maioria dos principais \u00edndices acion\u00e1rios da \u00c1sia. As <a href=\"https:\/\/www.suno.com.br\/artigos\/bolsas-europeias\/\">bolsas europeias<\/a> ca\u00edram com os impactos da covid-19 na regi\u00e3o.<\/p>\t<div class=\"wrapper-featured-image\">\n\t\t<figure class=\"spotlightImg\">\n\n\t\t\t<picture>\n\t\t\t\t<source media=\"(max-width: 768px)\" srcset=\"https:\/\/files.sunoresearch.com.br\/n\/uploads\/2021\/01\/a7b3c356-new_york_stock_exchange_new_york_city_may_2014_-_048-400x200.webp\">\n\t\t\t\t<img loading=\"lazy\" decoding=\"async\" class=\"newsContent__article__imgCapa lazyloadDisabled \" src=\"https:\/\/files.sunoresearch.com.br\/n\/uploads\/2021\/01\/a7b3c356-new_york_stock_exchange_new_york_city_may_2014_-_048-800x450.webp\" width=\"800\" height=\"450\" alt=\"S&#038;P 500 sobe com fala de Yellen; bolsas mundiais fecham sem sinal \u00fanico\" fetchpriority=high \/>\n\t\t\t<\/picture>\n\n\t\t\t<figcaption class=\"wp-caption-text wp-caption-text--show\">Bolsa de Valores de Nova York (Foto: Reprodu\u00e7\u00e3o)<\/figcaption>\n\t\t<\/figure>\n\t<\/div>\n\n\n\t<p>\n\t\t<a href=\"https:\/\/lp.suno.com.br\/planilha-controle-gastos\/\" target=\"_blank\" data-element=\"shortcode-suno-banner\" title=\"Banner SUNO, clique e saiba mais\">\n\t\t\t<picture>\n\t\t\t\t<source media=\"(max-width: 500px)\" srcset=\"https:\/\/files.sunoresearch.com.br\/n\/uploads\/2023\/03\/400x300-Planilha-controle-de-gastos.png\">\n\t\t\t\t<img class=\"newsContent__article__imgCapa newsContent__article__imgCapa--banner\"\n\t\t\t\t\tsrc=\"https:\/\/files.sunoresearch.com.br\/n\/uploads\/2023\/03\/1420x240-Planilha-controle-de-gastos.png\"\n\t\t\t\t\tdata-promo-id=\"101751\"\t\t\t\t\t\t\t\t\t\twidth='1420' height='240'\t\t\t\t\talt=\"https:\/\/files.sunoresearch.com.br\/n\/uploads\/2023\/03\/1420x240-Planilha-controle-de-gastos.png\"\n\t\t\t\t>\n\t\t\t<\/picture>\n\t\t<\/a>\n\t<\/p>\n\n\n<p>Nesta sess\u00e3o, o mercado internacional esteve atento \u00e0 fala da indicada de Joe Biden para assumir a secretaria do Tesouro dos <strong>Estados Unidos<\/strong>, <a href=\"https:\/\/www.suno.com.br\/tudo-sobre\/janet-yellen\/\">Janet Yellen<\/a>, no Congresso americano, que vai votar sua perman\u00eancia no cargo. Hoje, o S&amp;P 500 subiu 0,81%.<\/p>\n<p>A ex-presidente do <a href=\"https:\/\/www.suno.com.br\/artigos\/fed\/\">Federal Reserve (Fed<\/a>, o banco central norte-americano) defendeu o <a href=\"https:\/\/www.suno.com.br\/noticias\/joe-biden-pacote-alivio-19-tri\/\">pacote fiscal de US$ 1,9 trilh\u00e3o<\/a> (cerca de R$ 10,15 trilh\u00f5es) anunciado na semana passada pelo futuro l\u00edder da Casa Branca e instou os congressistas a agirem com &#8220;grandeza&#8221; para enfrentar a crise.<\/p>\n<p><a href=\"https:\/\/lp.suno.com.br\/suno-one\/\">Suno One: acesse gratuitamente eBooks, Minicursos, Artigos e Video Aulas sobre investimentos com um \u00fanico cadastro. Clique para saber mais!<\/a><\/p>\n<p>No decorrer desta semana, os investidores dever\u00e3o repercutir as primeiras medidas de <strong>Joe Biden<\/strong> como presidente dos Estados Unidos. O democrata tomar\u00e1 posse nesta quarta-feira (20).<\/p>\n<h2>Pacote de al\u00edvio de Joe Biden<\/h2>\n<p>Na \u00faltima quinta-feira (14), Biden anunciou um pacote de US$ 1,9 trilh\u00e3o para sustentar fam\u00edlias e empresas, al\u00e9m de estimular o movimento econ\u00f4mico.<\/p>\n<p>O projeto, no entanto, deve enfrentar obst\u00e1culos em Washington. De acordo com a ag\u00eancia <em>Bloomberg<\/em>, parlamentares do partido Republicano j\u00e1 come\u00e7am a mostrar resist\u00eancia ao <strong>pacote de est\u00edmulos<\/strong> em raz\u00e3o de sua abrang\u00eancia, especialmente no que concerne a pontos como aumento do <a href=\"https:\/\/www.suno.com.br\/artigos\/salario-minimo\/\">sal\u00e1rio m\u00ednimo<\/a> e expans\u00e3o de licen\u00e7as familiares e m\u00e9dicas.<\/p>\n<p>O governo Biden ter\u00e1 maioria no Senado americano, mas com margem apertada: tem apenas o voto de Minerva da futura presidente da casa, a vice-presidente eleita Kamala Harris. Segundo o sistema de not\u00edcias <em>Broadcast<\/em>, o pacote ainda deve ser enxugado pelos deputados e senadores para passar no Congresso americano.<\/p>\n<h2>S&amp;P 500 sobe com discurso de Yellen<\/h2>\n<p>Em Nova York, os tr\u00eas principais \u00edndices acion\u00e1rios americanos voltaram do feriado do Dia de Martin Luther King, na \u00faltima segunda-feira (18), para fechar o preg\u00e3o em alta, de olho na perspectivas de est\u00edmulos \u00e0 economia.<\/p>\n<ul>\n<li>Nova York (<a href=\"https:\/\/www.suno.com.br\/artigos\/sp-500\/\">S&amp;P 500<\/a>): +0,81% &#8211; 3.798,91<\/li>\n<li>Nova York (<a href=\"https:\/\/www.suno.com.br\/artigos\/indice-dow-jones-djia\/\">Dow Jones Industrial<\/a>): +0,38% &#8211; 30.930,52<\/li>\n<li>Nova York (<a href=\"https:\/\/www.suno.com.br\/artigos\/nasdaq-composite\/\">Nasdaq Composite<\/a>): +1,53% &#8211; 13.197,18<\/li>\n<\/ul>\n<p>Al\u00e9m do discurso de Yellen, chamou a aten\u00e7\u00e3o do mercado os <a href=\"https:\/\/www.suno.com.br\/noticias\/goldman-sachs-supera-expectativas-analistas-quarto-trimestre\/\">resultados do Goldman Sachs<\/a> (<a href=\"https:\/\/www.suno.com.br\/artigos\/nyse\/\">NYSE<\/a>: GS), superando a expectativa dos analistas; e do <a href=\"https:\/\/www.suno.com.br\/noticias\/bank-of-america-lucro-liquido-4t20\/\">Bank of America<\/a> (NYSE: BAC), cujos n\u00fameros desapontaram as previs\u00f5es.<\/p>\n<h2>Europa recua com covid-19<\/h2>\n<p>As bolsas da Europa encerram em queda hoje conforme os investidores continuam a avaliar os impactos do novo coronav\u00edrus sobre o continente, que levou os governos a decretarem medidas de restri\u00e7\u00e3o para conter a dissemina\u00e7\u00e3o da doen\u00e7a.<\/p>\n<ul>\n<li>Europa (Stoxx Europe 600): -0,19% &#8211; 407,92<\/li>\n<li>Londres (<a href=\"https:\/\/www.suno.com.br\/artigos\/ftse-100\/\">FTSE 100<\/a>): -0,11% &#8211; 6.712,95<\/li>\n<li>Frankfurt (<a href=\"https:\/\/www.suno.com.br\/artigos\/dax-30\/\">DAX 30)<\/a>: -0,24% &#8211; 13.815,06<\/li>\n<li>Paris (<a href=\"https:\/\/www.suno.com.br\/artigos\/cac-40\/\">CAC 40<\/a>): -0,33% &#8211; 5.598,61<\/li>\n<li>Mil\u00e3o (<a href=\"https:\/\/www.suno.com.br\/artigos\/ftse-mib\/\">FTSE MIB<\/a>): -0,25% &#8211; 22.441,72<\/li>\n<li>Madri (IBEX 35): -0,67% &#8211; 8.199,00<\/li>\n<li>Lisboa (<a href=\"https:\/\/www.suno.com.br\/artigos\/psi-20\/\">PSI-20<\/a>): +0,35% &#8211; 5.077,21<\/li>\n<\/ul>\n<p>Por l\u00e1, ainda se desenrola a crise pol\u00edtica na It\u00e1lia, que poderia resultar na sa\u00edda do primeiro-ministro, Giuseppe Conte.<\/p>\n<h2>\u00cdndices da \u00c1sia fecham majoritariamente em alta<\/h2>\n<p>J\u00e1 os mercados asi\u00e1ticos encerram sem dire\u00e7\u00e3o \u00fanica, com os investidores atentos \u00e0 dan\u00e7a das cadeiras em Washington.<\/p>\n<ul>\n<li>Hong Kong (<a href=\"https:\/\/www.suno.com.br\/artigos\/hang-seng\/\">Hang Seng<\/a>): +2,70% &#8211; 29.642,28<\/li>\n<li>Xangai (SSE Composite): -0,83% &#8211; 3.566,38<\/li>\n<li>T\u00f3quio (<a href=\"https:\/\/www.suno.com.br\/artigos\/nikkei-225\/\">Nikkei 225<\/a>): +1,39% &#8211; 28.633,46<\/li>\n<li>Seul (<a href=\"https:\/\/www.suno.com.br\/artigos\/kospi\/\">Kospi<\/a>): +2,61% &#8211; 3.092,66<\/li>\n<\/ul>\n<p>Apesar da maioria azul, a Bolsa de Xangai fechou na contram\u00e3o do <strong>S&amp;P 500<\/strong> e dos principais \u00edndices da \u00c1sia. O movimento \u00e9 reflexo de um ajuste no mercado.<\/p>\n<p><em>(Com informa\u00e7\u00f5es do Estad\u00e3o Conte\u00fado)<\/em><\/p>\n\t<p>\n\t\t<a href=\"https:\/\/lp.suno.com.br\/planilha-de-controle-de-investimentos\/\" target=\"_blank\" data-element=\"shortcode-suno-banner\" title=\"Banner SUNO, clique e saiba mais\">\n\t\t\t<picture>\n\t\t\t\t<source media=\"(max-width: 500px)\" srcset=\"https:\/\/files.sunoresearch.com.br\/n\/uploads\/2023\/03\/400x300-Controle-de-Investimentos.png\">\n\t\t\t\t<img class=\"newsContent__article__imgCapa newsContent__article__imgCapa--banner\"\n\t\t\t\t\tsrc=\"https:\/\/files.sunoresearch.com.br\/n\/uploads\/2023\/03\/1420x240-Controle-de-Investimentos.png\"\n\t\t\t\t\tdata-promo-id=\"75934\"\t\t\t\t\t\t\t\t\t\twidth='1420' height='240'\t\t\t\t\talt=\"https:\/\/files.sunoresearch.com.br\/n\/uploads\/2023\/03\/1420x240-Controle-de-Investimentos.png\"\n\t\t\t\t>\n\t\t\t<\/picture>\n\t\t<\/a>\n\t<\/p>\n\n\n","protected":false},"excerpt":{"rendered":"<p>Com a posse do presidente eleito dos Estados Unidos Joe Biden cada vez mais pr\u00f3xima, o S&amp;P 500 fechou em alta juntamente com a maioria dos principais \u00edndices acion\u00e1rios da \u00c1sia. As bolsas europeias ca\u00edram com os impactos da covid-19 na regi\u00e3o. Bolsa de Valores de Nova York (Foto: Reprodu\u00e7\u00e3o) Nesta sess\u00e3o, o mercado internacional [&hellip;]<\/p>\n","protected":false},"author":35,"featured_media":114574,"comment_status":"closed","ping_status":"closed","sticky":false,"template":"","format":"standard","meta":[],"categories":[63],"tags":[104703,11122,3745,2006,3746,105068,105108,105222,105187,105105,105107,105309,2667,105106,105069],"suno_strategy":[],"class_list":["post-114558","post","type-post","status-publish","format-standard","has-post-thumbnail","hentry","category-internacional","tag-bolsas-mundiais","tag-cac-40","tag-dax-30","tag-dow-jones","tag-ftse-100","tag-ftse-mib","tag-hang-seng","tag-ibex-35","tag-kospi","tag-nasdaq-composite","tag-nikkei-225","tag-psi-20","tag-sp-500","tag-sse-composite","tag-stoxx-600-europe"],"yoast_head":"<!-- This site is optimized with the Yoast SEO plugin v24.4 - https:\/\/yoast.com\/wordpress\/plugins\/seo\/ -->\n<title>S&amp;P 500 sobe com fala de Yellen; bolsas mundiais fecham sem sinal \u00fanico<\/title>\n<meta name=\"description\" content=\"O S&amp;P 500 fechou em alta junto com a maioria dos \u00edndices acion\u00e1rios da \u00c1sia. Bolsas europeias ca\u00edram com os impactos da covid-19 na regi\u00e3o.\" \/>\n<meta name=\"robots\" content=\"index, follow, max-snippet:-1, max-image-preview:large, max-video-preview:-1\" \/>\n<link rel=\"canonical\" href=\"https:\/\/www.suno.com.br\/noticias\/sp-500-sobe-discurso-yellen\/\" \/>\n<meta property=\"og:locale\" content=\"pt_BR\" \/>\n<meta property=\"og:type\" content=\"article\" \/>\n<meta property=\"og:title\" content=\"S&amp;P 500 sobe com fala de Yellen; bolsas mundiais fecham sem sinal \u00fanico\" \/>\n<meta property=\"og:description\" content=\"O S&amp;P 500 fechou em alta junto com a maioria dos \u00edndices acion\u00e1rios da \u00c1sia. Bolsas europeias ca\u00edram com os impactos da covid-19 na regi\u00e3o.\" \/>\n<meta property=\"og:url\" content=\"https:\/\/www.suno.com.br\/noticias\/sp-500-sobe-discurso-yellen\/\" \/>\n<meta property=\"og:site_name\" content=\"Suno Not\u00edcias\" \/>\n<meta property=\"article:publisher\" content=\"https:\/\/facebook.com\/sunoresearch\" \/>\n<meta property=\"og:image\" content=\"https:\/\/files.sunoresearch.com.br\/n\/uploads\/2021\/01\/a7b3c356-new_york_stock_exchange_new_york_city_may_2014_-_048.jpg\" \/>\n\t<meta property=\"og:image:width\" content=\"1200\" \/>\n\t<meta property=\"og:image:height\" content=\"900\" \/>\n\t<meta property=\"og:image:type\" content=\"image\/jpeg\" \/>\n<meta name=\"author\" content=\"Arthur Guimar\u00e3es\" \/>\n<meta name=\"twitter:card\" content=\"summary_large_image\" \/>\n<meta name=\"twitter:creator\" content=\"@sunoresearch\" \/>\n<meta name=\"twitter:site\" content=\"@sunoresearch\" \/>\n<meta name=\"twitter:label1\" content=\"Escrito por\" \/>\n\t<meta name=\"twitter:data1\" content=\"Arthur Guimar\u00e3es\" \/>\n\t<meta name=\"twitter:label2\" content=\"Est. tempo de leitura\" \/>\n\t<meta name=\"twitter:data2\" content=\"3 minutos\" \/>\n<script type=\"application\/ld+json\" class=\"yoast-schema-graph\">{\"@context\":\"https:\/\/schema.org\",\"@graph\":[{\"@type\":\"NewsArticle\",\"@id\":\"https:\/\/www.suno.com.br\/noticias\/sp-500-sobe-discurso-yellen\/#article\",\"isPartOf\":{\"@id\":\"https:\/\/www.suno.com.br\/noticias\/sp-500-sobe-discurso-yellen\/\"},\"author\":{\"name\":\"Arthur Guimar\u00e3es\",\"@id\":\"https:\/\/www.suno.com.br\/noticias\/#\/schema\/person\/053a750a709a263919a20f976caae91c\"},\"headline\":\"S&#038;P 500 sobe com fala de Yellen; bolsas mundiais fecham sem sinal \u00fanico\",\"datePublished\":\"2021-01-19T21:50:19+00:00\",\"mainEntityOfPage\":{\"@id\":\"https:\/\/www.suno.com.br\/noticias\/sp-500-sobe-discurso-yellen\/\"},\"wordCount\":625,\"publisher\":{\"@id\":\"https:\/\/www.suno.com.br\/noticias\/#organization\"},\"image\":{\"@id\":\"https:\/\/www.suno.com.br\/noticias\/sp-500-sobe-discurso-yellen\/#primaryimage\"},\"thumbnailUrl\":\"https:\/\/files.sunoresearch.com.br\/n\/uploads\/2021\/01\/a7b3c356-new_york_stock_exchange_new_york_city_may_2014_-_048-jpg.webp\",\"keywords\":[\"Bolsas mundiais\",\"CAC 40\",\"Dax\u00a030\",\"Dow Jones\",\"FTSE 100\",\"FTSE MIB\",\"Hang Seng\",\"IBEX 35\",\"Kospi\",\"Nasdaq Composite\",\"Nikkei 225\",\"PSI 20\",\"S&amp;P 500\",\"SSE Composite\",\"Stoxx 600 Europe\"],\"articleSection\":[\"Internacional\"],\"inLanguage\":\"pt-BR\"},{\"@type\":\"WebPage\",\"@id\":\"https:\/\/www.suno.com.br\/noticias\/sp-500-sobe-discurso-yellen\/\",\"url\":\"https:\/\/www.suno.com.br\/noticias\/sp-500-sobe-discurso-yellen\/\",\"name\":\"S&P 500 sobe com fala de Yellen; bolsas mundiais fecham sem sinal \u00fanico\",\"isPartOf\":{\"@id\":\"https:\/\/www.suno.com.br\/noticias\/#website\"},\"primaryImageOfPage\":{\"@id\":\"https:\/\/www.suno.com.br\/noticias\/sp-500-sobe-discurso-yellen\/#primaryimage\"},\"image\":{\"@id\":\"https:\/\/www.suno.com.br\/noticias\/sp-500-sobe-discurso-yellen\/#primaryimage\"},\"thumbnailUrl\":\"https:\/\/files.sunoresearch.com.br\/n\/uploads\/2021\/01\/a7b3c356-new_york_stock_exchange_new_york_city_may_2014_-_048-jpg.webp\",\"datePublished\":\"2021-01-19T21:50:19+00:00\",\"description\":\"O S&P 500 fechou em alta junto com a maioria dos \u00edndices acion\u00e1rios da \u00c1sia. Bolsas europeias ca\u00edram com os impactos da covid-19 na regi\u00e3o.\",\"breadcrumb\":{\"@id\":\"https:\/\/www.suno.com.br\/noticias\/sp-500-sobe-discurso-yellen\/#breadcrumb\"},\"inLanguage\":\"pt-BR\",\"potentialAction\":[{\"@type\":\"ReadAction\",\"target\":[\"https:\/\/www.suno.com.br\/noticias\/sp-500-sobe-discurso-yellen\/\"]}]},{\"@type\":\"ImageObject\",\"inLanguage\":\"pt-BR\",\"@id\":\"https:\/\/www.suno.com.br\/noticias\/sp-500-sobe-discurso-yellen\/#primaryimage\",\"url\":\"https:\/\/files.sunoresearch.com.br\/n\/uploads\/2021\/01\/a7b3c356-new_york_stock_exchange_new_york_city_may_2014_-_048-jpg.webp\",\"contentUrl\":\"https:\/\/files.sunoresearch.com.br\/n\/uploads\/2021\/01\/a7b3c356-new_york_stock_exchange_new_york_city_may_2014_-_048-jpg.webp\",\"width\":1200,\"height\":900,\"caption\":\"Bolsa de Valores de Nova York (Foto: Reprodu\u00e7\u00e3o)\"},{\"@type\":\"BreadcrumbList\",\"@id\":\"https:\/\/www.suno.com.br\/noticias\/sp-500-sobe-discurso-yellen\/#breadcrumb\",\"itemListElement\":[{\"@type\":\"ListItem\",\"position\":1,\"name\":\"Not\u00edcias\",\"item\":\"https:\/\/www.suno.com.br\/noticias\/\"},{\"@type\":\"ListItem\",\"position\":2,\"name\":\"Internacional\",\"item\":\"https:\/\/www.suno.com.br\/noticias\/internacional\/\"},{\"@type\":\"ListItem\",\"position\":3,\"name\":\"S&#038;P 500 sobe com fala de Yellen; bolsas mundiais fecham sem sinal \u00fanico\"}]},{\"@type\":\"WebSite\",\"@id\":\"https:\/\/www.suno.com.br\/noticias\/#website\",\"url\":\"https:\/\/www.suno.com.br\/noticias\/\",\"name\":\"Suno Not\u00edcias\",\"description\":\"Seu portal de informa\u00e7\u00e3o sobre o mundo dos investimentos\",\"publisher\":{\"@id\":\"https:\/\/www.suno.com.br\/noticias\/#organization\"},\"potentialAction\":[{\"@type\":\"SearchAction\",\"target\":{\"@type\":\"EntryPoint\",\"urlTemplate\":\"https:\/\/www.suno.com.br\/noticias\/?s={search_term_string}\"},\"query-input\":{\"@type\":\"PropertyValueSpecification\",\"valueRequired\":true,\"valueName\":\"search_term_string\"}}],\"inLanguage\":\"pt-BR\"},{\"@type\":\"Organization\",\"@id\":\"https:\/\/www.suno.com.br\/noticias\/#organization\",\"name\":\"Suno Not\u00edcias\",\"url\":\"https:\/\/www.suno.com.br\/noticias\/\",\"logo\":{\"@type\":\"ImageObject\",\"inLanguage\":\"pt-BR\",\"@id\":\"https:\/\/www.suno.com.br\/noticias\/#\/schema\/logo\/image\/\",\"url\":\"https:\/\/files.sunoresearch.com.br\/n\/uploads\/2021\/09\/suno-logo.png\",\"contentUrl\":\"https:\/\/files.sunoresearch.com.br\/n\/uploads\/2021\/09\/suno-logo.png\",\"width\":180,\"height\":180,\"caption\":\"Suno Not\u00edcias\"},\"image\":{\"@id\":\"https:\/\/www.suno.com.br\/noticias\/#\/schema\/logo\/image\/\"},\"sameAs\":[\"https:\/\/facebook.com\/sunoresearch\",\"https:\/\/x.com\/sunoresearch\",\"https:\/\/www.instagram.com\/suno\",\"https:\/\/www.linkedin.com\/company\/suno-research\/\",\"https:\/\/www.youtube.com\/c\/sunoresearch\"]},{\"@type\":\"Person\",\"@id\":\"https:\/\/www.suno.com.br\/noticias\/#\/schema\/person\/053a750a709a263919a20f976caae91c\",\"name\":\"Arthur Guimar\u00e3es\",\"image\":{\"@type\":\"ImageObject\",\"inLanguage\":\"pt-BR\",\"@id\":\"https:\/\/www.suno.com.br\/noticias\/#\/schema\/person\/image\/\",\"url\":\"https:\/\/secure.gravatar.com\/avatar\/1affd86a11209ae09eb6dd3bcad3e96c?s=96&r=g\",\"contentUrl\":\"https:\/\/secure.gravatar.com\/avatar\/1affd86a11209ae09eb6dd3bcad3e96c?s=96&r=g\",\"caption\":\"Arthur Guimar\u00e3es\"},\"description\":\"Arthur Guimar\u00e3es escreve sobre pol\u00edtica, economia e neg\u00f3cios para o portal de not\u00edcias da Suno Research. Atualmente, \u00e9 estudante de jornalismo pela Faculdade C\u00e1sper L\u00edbero.\",\"url\":\"https:\/\/www.suno.com.br\/noticias\/author\/arthur-guimaraes\/\"}]}<\/script>\n<!-- \/ Yoast SEO plugin. -->","yoast_head_json":{"title":"S&P 500 sobe com fala de Yellen; bolsas mundiais fecham sem sinal \u00fanico","description":"O S&P 500 fechou em alta junto com a maioria dos \u00edndices acion\u00e1rios da \u00c1sia. Bolsas europeias ca\u00edram com os impactos da covid-19 na regi\u00e3o.","robots":{"index":"index","follow":"follow","max-snippet":"max-snippet:-1","max-image-preview":"max-image-preview:large","max-video-preview":"max-video-preview:-1"},"canonical":"https:\/\/www.suno.com.br\/noticias\/sp-500-sobe-discurso-yellen\/","og_locale":"pt_BR","og_type":"article","og_title":"S&P 500 sobe com fala de Yellen; bolsas mundiais fecham sem sinal \u00fanico","og_description":"O S&P 500 fechou em alta junto com a maioria dos \u00edndices acion\u00e1rios da \u00c1sia. Bolsas europeias ca\u00edram com os impactos da covid-19 na regi\u00e3o.","og_url":"https:\/\/www.suno.com.br\/noticias\/sp-500-sobe-discurso-yellen\/","og_site_name":"Suno Not\u00edcias","article_publisher":"https:\/\/facebook.com\/sunoresearch","og_image":[{"width":1200,"height":900,"url":"https:\/\/files.sunoresearch.com.br\/n\/uploads\/2021\/01\/a7b3c356-new_york_stock_exchange_new_york_city_may_2014_-_048.jpg","type":"image\/jpeg"}],"author":"Arthur Guimar\u00e3es","twitter_card":"summary_large_image","twitter_creator":"@sunoresearch","twitter_site":"@sunoresearch","twitter_misc":{"Escrito por":"Arthur Guimar\u00e3es","Est. tempo de leitura":"3 minutos"},"schema":{"@context":"https:\/\/schema.org","@graph":[{"@type":"NewsArticle","@id":"https:\/\/www.suno.com.br\/noticias\/sp-500-sobe-discurso-yellen\/#article","isPartOf":{"@id":"https:\/\/www.suno.com.br\/noticias\/sp-500-sobe-discurso-yellen\/"},"author":{"name":"Arthur Guimar\u00e3es","@id":"https:\/\/www.suno.com.br\/noticias\/#\/schema\/person\/053a750a709a263919a20f976caae91c"},"headline":"S&#038;P 500 sobe com fala de Yellen; bolsas mundiais fecham sem sinal \u00fanico","datePublished":"2021-01-19T21:50:19+00:00","mainEntityOfPage":{"@id":"https:\/\/www.suno.com.br\/noticias\/sp-500-sobe-discurso-yellen\/"},"wordCount":625,"publisher":{"@id":"https:\/\/www.suno.com.br\/noticias\/#organization"},"image":{"@id":"https:\/\/www.suno.com.br\/noticias\/sp-500-sobe-discurso-yellen\/#primaryimage"},"thumbnailUrl":"https:\/\/files.sunoresearch.com.br\/n\/uploads\/2021\/01\/a7b3c356-new_york_stock_exchange_new_york_city_may_2014_-_048-jpg.webp","keywords":["Bolsas mundiais","CAC 40","Dax\u00a030","Dow Jones","FTSE 100","FTSE MIB","Hang Seng","IBEX 35","Kospi","Nasdaq Composite","Nikkei 225","PSI 20","S&amp;P 500","SSE Composite","Stoxx 600 Europe"],"articleSection":["Internacional"],"inLanguage":"pt-BR"},{"@type":"WebPage","@id":"https:\/\/www.suno.com.br\/noticias\/sp-500-sobe-discurso-yellen\/","url":"https:\/\/www.suno.com.br\/noticias\/sp-500-sobe-discurso-yellen\/","name":"S&P 500 sobe com fala de Yellen; bolsas mundiais fecham sem sinal \u00fanico","isPartOf":{"@id":"https:\/\/www.suno.com.br\/noticias\/#website"},"primaryImageOfPage":{"@id":"https:\/\/www.suno.com.br\/noticias\/sp-500-sobe-discurso-yellen\/#primaryimage"},"image":{"@id":"https:\/\/www.suno.com.br\/noticias\/sp-500-sobe-discurso-yellen\/#primaryimage"},"thumbnailUrl":"https:\/\/files.sunoresearch.com.br\/n\/uploads\/2021\/01\/a7b3c356-new_york_stock_exchange_new_york_city_may_2014_-_048-jpg.webp","datePublished":"2021-01-19T21:50:19+00:00","description":"O S&P 500 fechou em alta junto com a maioria dos \u00edndices acion\u00e1rios da \u00c1sia. Bolsas europeias ca\u00edram com os impactos da covid-19 na regi\u00e3o.","breadcrumb":{"@id":"https:\/\/www.suno.com.br\/noticias\/sp-500-sobe-discurso-yellen\/#breadcrumb"},"inLanguage":"pt-BR","potentialAction":[{"@type":"ReadAction","target":["https:\/\/www.suno.com.br\/noticias\/sp-500-sobe-discurso-yellen\/"]}]},{"@type":"ImageObject","inLanguage":"pt-BR","@id":"https:\/\/www.suno.com.br\/noticias\/sp-500-sobe-discurso-yellen\/#primaryimage","url":"https:\/\/files.sunoresearch.com.br\/n\/uploads\/2021\/01\/a7b3c356-new_york_stock_exchange_new_york_city_may_2014_-_048-jpg.webp","contentUrl":"https:\/\/files.sunoresearch.com.br\/n\/uploads\/2021\/01\/a7b3c356-new_york_stock_exchange_new_york_city_may_2014_-_048-jpg.webp","width":1200,"height":900,"caption":"Bolsa de Valores de Nova York (Foto: Reprodu\u00e7\u00e3o)"},{"@type":"BreadcrumbList","@id":"https:\/\/www.suno.com.br\/noticias\/sp-500-sobe-discurso-yellen\/#breadcrumb","itemListElement":[{"@type":"ListItem","position":1,"name":"Not\u00edcias","item":"https:\/\/www.suno.com.br\/noticias\/"},{"@type":"ListItem","position":2,"name":"Internacional","item":"https:\/\/www.suno.com.br\/noticias\/internacional\/"},{"@type":"ListItem","position":3,"name":"S&#038;P 500 sobe com fala de Yellen; bolsas mundiais fecham sem sinal \u00fanico"}]},{"@type":"WebSite","@id":"https:\/\/www.suno.com.br\/noticias\/#website","url":"https:\/\/www.suno.com.br\/noticias\/","name":"Suno Not\u00edcias","description":"Seu portal de informa\u00e7\u00e3o sobre o mundo dos investimentos","publisher":{"@id":"https:\/\/www.suno.com.br\/noticias\/#organization"},"potentialAction":[{"@type":"SearchAction","target":{"@type":"EntryPoint","urlTemplate":"https:\/\/www.suno.com.br\/noticias\/?s={search_term_string}"},"query-input":{"@type":"PropertyValueSpecification","valueRequired":true,"valueName":"search_term_string"}}],"inLanguage":"pt-BR"},{"@type":"Organization","@id":"https:\/\/www.suno.com.br\/noticias\/#organization","name":"Suno Not\u00edcias","url":"https:\/\/www.suno.com.br\/noticias\/","logo":{"@type":"ImageObject","inLanguage":"pt-BR","@id":"https:\/\/www.suno.com.br\/noticias\/#\/schema\/logo\/image\/","url":"https:\/\/files.sunoresearch.com.br\/n\/uploads\/2021\/09\/suno-logo.png","contentUrl":"https:\/\/files.sunoresearch.com.br\/n\/uploads\/2021\/09\/suno-logo.png","width":180,"height":180,"caption":"Suno Not\u00edcias"},"image":{"@id":"https:\/\/www.suno.com.br\/noticias\/#\/schema\/logo\/image\/"},"sameAs":["https:\/\/facebook.com\/sunoresearch","https:\/\/x.com\/sunoresearch","https:\/\/www.instagram.com\/suno","https:\/\/www.linkedin.com\/company\/suno-research\/","https:\/\/www.youtube.com\/c\/sunoresearch"]},{"@type":"Person","@id":"https:\/\/www.suno.com.br\/noticias\/#\/schema\/person\/053a750a709a263919a20f976caae91c","name":"Arthur Guimar\u00e3es","image":{"@type":"ImageObject","inLanguage":"pt-BR","@id":"https:\/\/www.suno.com.br\/noticias\/#\/schema\/person\/image\/","url":"https:\/\/secure.gravatar.com\/avatar\/1affd86a11209ae09eb6dd3bcad3e96c?s=96&r=g","contentUrl":"https:\/\/secure.gravatar.com\/avatar\/1affd86a11209ae09eb6dd3bcad3e96c?s=96&r=g","caption":"Arthur Guimar\u00e3es"},"description":"Arthur Guimar\u00e3es escreve sobre pol\u00edtica, economia e neg\u00f3cios para o portal de not\u00edcias da Suno Research. Atualmente, \u00e9 estudante de jornalismo pela Faculdade C\u00e1sper L\u00edbero.","url":"https:\/\/www.suno.com.br\/noticias\/author\/arthur-guimaraes\/"}]}},"default_loop_html":"<div class=\"cardsPage__listCard__boxs\"><div class=\"cardsPage__listCard__boxs__img\"><a href=\"https:\/\/www.suno.com.br\/noticias\/sp-500-sobe-discurso-yellen\/\"><img class=\"mask\" src=\"https:\/\/www.suno.com.br\/noticias\/wp-content\/themes\/suno\/resources\/images\/spotlight\/spotlight1img\/bg-mask.png\" alt=\"Image Mask\"\/><img src=\"https:\/\/files.sunoresearch.com.br\/n\/uploads\/2021\/01\/a7b3c356-new_york_stock_exchange_new_york_city_may_2014_-_048-400x200.webp\" alt=\"S&#038;P 500 sobe com fala de Yellen; bolsas mundiais fecham sem sinal \u00fanico\"\/><\/a><span class=\"spotlightCategory\"><a href=\"https:\/\/www.suno.com.br\/noticias\/internacional\/\">Internacional<\/a><\/span><\/div><div class=\"cardsPage__listCard__boxs__content\"><a href=\"https:\/\/www.suno.com.br\/noticias\/sp-500-sobe-discurso-yellen\/\"><h2 class=\"content__title\">S&#038;P 500 sobe com fala de Yellen; bolsas mundiais fecham sem sinal \u00fanico<\/h2><\/a><div class=\"newsContent__article__meta\"><div class=\"newsContent__article__meta__authorBox\"><a href=\"https:\/\/www.suno.com.br\/noticias\/author\/arthur-guimaraes\/\" class=\"authorBox__avatar noMobi\"><img src=\"https:\/\/files.sunoresearch.com.br\/n\/uploads\/2020\/02\/dfb40897-eu-150x150.webp\" alt=\"Arthur Guimar\u00e3es\"><\/a><div class=\"authorBox__name\"><span>por\n\t\t\t<a href=\"https:\/\/www.suno.com.br\/noticias\/author\/arthur-guimaraes\/\"><span itemprop=\"author\">Arthur Guimar\u00e3es<\/span><\/a><\/span><time datetime=\"2021-01-19T18:50:19-03:00\" itemprop=\"datePublished\">19\/01\/2021 18:50<\/time><\/div><\/div><\/div><\/div><\/div>","single_layout":"posts","amp_enabled":true,"_links":{"self":[{"href":"https:\/\/www.suno.com.br\/noticias\/wp-json\/wp\/v2\/posts\/114558"}],"collection":[{"href":"https:\/\/www.suno.com.br\/noticias\/wp-json\/wp\/v2\/posts"}],"about":[{"href":"https:\/\/www.suno.com.br\/noticias\/wp-json\/wp\/v2\/types\/post"}],"author":[{"embeddable":true,"href":"https:\/\/www.suno.com.br\/noticias\/wp-json\/wp\/v2\/users\/35"}],"replies":[{"embeddable":true,"href":"https:\/\/www.suno.com.br\/noticias\/wp-json\/wp\/v2\/comments?post=114558"}],"version-history":[{"count":0,"href":"https:\/\/www.suno.com.br\/noticias\/wp-json\/wp\/v2\/posts\/114558\/revisions"}],"wp:featuredmedia":[{"embeddable":true,"href":"https:\/\/www.suno.com.br\/noticias\/wp-json\/wp\/v2\/media\/114574"}],"wp:attachment":[{"href":"https:\/\/www.suno.com.br\/noticias\/wp-json\/wp\/v2\/media?parent=114558"}],"wp:term":[{"taxonomy":"category","embeddable":true,"href":"https:\/\/www.suno.com.br\/noticias\/wp-json\/wp\/v2\/categories?post=114558"},{"taxonomy":"post_tag","embeddable":true,"href":"https:\/\/www.suno.com.br\/noticias\/wp-json\/wp\/v2\/tags?post=114558"},{"taxonomy":"suno_strategy","embeddable":true,"href":"https:\/\/www.suno.com.br\/noticias\/wp-json\/wp\/v2\/suno_strategy?post=114558"}],"curies":[{"name":"wp","href":"https:\/\/api.w.org\/{rel}","templated":true}]}}