{"id":114500,"date":"2021-01-19T16:20:07","date_gmt":"2021-01-19T19:20:07","guid":{"rendered":"https:\/\/www.suno.com.br\/noticias\/?p=114500"},"modified":"2021-02-18T19:49:04","modified_gmt":"2021-02-18T22:49:04","slug":"privatizacao-eletrobras-elet3-2semestre-prejuizos","status":"publish","type":"post","link":"https:\/\/www.suno.com.br\/noticias\/privatizacao-eletrobras-elet3-2semestre-prejuizos\/","title":{"rendered":"Privatiza\u00e7\u00e3o da Eletrobras (ELET3) no 2\u00ba semestre traria preju\u00edzos ao Brasil, diz MME"},"content":{"rendered":"<p>O Minist\u00e9rio de Minas e Energia (MME) comunicou nesta ter\u00e7a-feira (19) que a aprova\u00e7\u00e3o do projeto de lei que trata da <a href=\"https:\/\/www.suno.com.br\/artigos\/privatizacao\/\">privatiza\u00e7\u00e3o<\/a> da <a href=\"https:\/\/www.suno.com.br\/acoes\/elet3\/\" target=\"_blank\" rel=\"noopener noreferrer\"><strong>Eletrobras<\/strong> (ELET3)<\/a> apenas no segundo semestre deste ano traria preju\u00edzos para o Brasil. Isso porque o Pa\u00eds &#8220;deixar\u00e1 de ter importantes investimentos, necess\u00e1rios para a manuten\u00e7\u00e3o e melhoria do setor el\u00e9trico&#8221;.<\/p>\t<div class=\"wrapper-featured-image\">\n\t\t<figure class=\"spotlightImg\">\n\n\t\t\t<picture>\n\t\t\t\t<source media=\"(max-width: 768px)\" srcset=\"https:\/\/files.sunoresearch.com.br\/n\/uploads\/2021\/01\/76a220cb-47473765081_8d56ac21f2_b-400x200.webp\">\n\t\t\t\t<img loading=\"lazy\" decoding=\"async\" class=\"newsContent__article__imgCapa lazyloadDisabled \" src=\"https:\/\/files.sunoresearch.com.br\/n\/uploads\/2021\/01\/76a220cb-47473765081_8d56ac21f2_b-800x450.webp\" width=\"800\" height=\"450\" alt=\"Privatiza\u00e7\u00e3o da Eletrobras (ELET3) no 2\u00ba semestre traria preju\u00edzos ao Brasil, diz MME\" fetchpriority=high \/>\n\t\t\t<\/picture>\n\n\t\t\t<figcaption class=\"wp-caption-text wp-caption-text--show\">Privatiza\u00e7\u00e3o da Eletrobras apenas no 2\u00ba semestre traz preju\u00edzos ao Pa\u00eds, diz minist\u00e9rio<\/figcaption>\n\t\t<\/figure>\n\t<\/div>\n\n\n\t<p>\n\t\t<a href=\"https:\/\/lp.suno.com.br\/planilha-controle-gastos\/\" target=\"_blank\" data-element=\"shortcode-suno-banner\" title=\"Banner SUNO, clique e saiba mais\">\n\t\t\t<picture>\n\t\t\t\t<source media=\"(max-width: 500px)\" srcset=\"https:\/\/files.sunoresearch.com.br\/n\/uploads\/2023\/03\/400x300-Planilha-controle-de-gastos.png\">\n\t\t\t\t<img class=\"newsContent__article__imgCapa newsContent__article__imgCapa--banner\"\n\t\t\t\t\tsrc=\"https:\/\/files.sunoresearch.com.br\/n\/uploads\/2023\/03\/1420x240-Planilha-controle-de-gastos.png\"\n\t\t\t\t\tdata-promo-id=\"101751\"\t\t\t\t\t\t\t\t\t\twidth='1420' height='240'\t\t\t\t\talt=\"https:\/\/files.sunoresearch.com.br\/n\/uploads\/2023\/03\/1420x240-Planilha-controle-de-gastos.png\"\n\t\t\t\t>\n\t\t\t<\/picture>\n\t\t<\/a>\n\t<\/p>\n\n\n<p>Em entrevista na noite da segunda-feira (18),\u00a0 o ministro Bento Albuquerque disse que a Eletrobras &#8220;n\u00e3o tem recursos que seriam necess\u00e1rios para manter a participa\u00e7\u00e3o na gera\u00e7\u00e3o e transmiss\u00e3o de energia, mas est\u00e1 sendo muito bem administrada&#8221;.<\/p>\n<p>De acordo com a pasta, Albuquerque se referia ao patamar atual da empresa ao dizer que uma eventual demora para analisar o projeto n\u00e3o traria preju\u00edzos.<\/p>\n<p><a href=\"https:\/\/lp.suno.com.br\/suno-one\/\">Suno One: acesse gratuitamente eBooks, Minicursos, Artigos e Video Aulas sobre investimentos com um \u00fanico cadastro. Clique para saber mais!<\/a><\/p>\n<p>&#8220;Entendemos que \u00e9 important\u00edssimo para o setor el\u00e9trico que a Eletrobras volte a ter capacidade de investimentos&#8221;, acrescentou o ministro na ocasi\u00e3o.<\/p>\n<h2>Privatiza\u00e7\u00e3o da Eletrobras no 1S21?<\/h2>\n<p>Na semana passada, o ministro de Minas e Energia afirmou acreditar que o Congresso Nacional aprove o projeto de privatiza\u00e7\u00e3o da Eletrobras ainda no primeiro semestre deste ano. Bento Albuquerque disse que, caso a estimativa se concretize, ser\u00e1 poss\u00edvel iniciar a implementa\u00e7\u00e3o da capitaliza\u00e7\u00e3o da empresa no segundo semestre.<\/p>\n\t<div data-element=\"shortcode-read-more\" class=\"knowMore\">\n\t\t\t\t<span class=\"knowMore__title\">Saiba mais<\/span>\n\t\t\t\t<a class=\"knowMore__link\" href=\"https:\/\/www.suno.com.br\/noticias\/eletrobras-privatizacao-ministro-elet3\/\">\n\t\t\tMinistro acredita em privatiza\u00e7\u00e3o da Eletrobras (ELET3) no 1\u00ba semestre\t\t<\/a>\n\t<\/div>\n\n\n<p>&#8220;\u00c9 dif\u00edcil fazer uma previs\u00e3o, mas no caso da Eletrobras n\u00f3s temos trabalhado com o Congresso desde meados de 2019 e n\u00e3o paramos em 2020, apesar da pandemia. Evidentemente uma mat\u00e9ria dessa n\u00e3o tinha condi\u00e7\u00f5es de ser apreciada, ela precisa de uma participa\u00e7\u00e3o presencial dos parlamentares&#8221;, disse em entrevista ao site <i>MegaWhat<\/i>.<\/p>\n\t<p>\n\t\t<a href=\"https:\/\/lp.suno.com.br\/ebook-como-analisar-uma-acao\/\" target=\"_blank\" data-element=\"shortcode-suno-banner\" title=\"Banner SUNO, clique e saiba mais\">\n\t\t\t<picture>\n\t\t\t\t<source media=\"(max-width: 500px)\" srcset=\"https:\/\/files.sunoresearch.com.br\/n\/uploads\/2023\/03\/Ebook-Acoes-Mobile.jpg\">\n\t\t\t\t<img class=\"newsContent__article__imgCapa newsContent__article__imgCapa--banner\"\n\t\t\t\t\tsrc=\"https:\/\/files.sunoresearch.com.br\/n\/uploads\/2023\/03\/Ebook-Acoes-Desktop.jpg\"\n\t\t\t\t\tdata-promo-id=\"378302\"\t\t\t\t\t\t\t\t\t\twidth='1420' height='286'\t\t\t\t\talt=\"https:\/\/files.sunoresearch.com.br\/n\/uploads\/2023\/03\/Ebook-Acoes-Desktop.jpg\"\n\t\t\t\t>\n\t\t\t<\/picture>\n\t\t<\/a>\n\t<\/p>\n\n\n<p>Por volta das 16h15, as <a href=\"https:\/\/www.suno.com.br\/artigos\/acoes-ordinarias\/\">a\u00e7\u00f5es ordin\u00e1rias<\/a> da <strong>Eletrobras<\/strong>, negociadas com o ticker ELET3, ca\u00edam a 2,66%,\u00a0 a R$ 32,96. Por sua vez, o <a href=\"https:\/\/www.suno.com.br\/artigos\/ibovespa\/\">Ibovespa<\/a>, \u00edndice acion\u00e1rio de refer\u00eancia da <a href=\"https:\/\/www.suno.com.br\/artigos\/b3\/\">B3<\/a>, operava em queda de 0,87%, a 120.184,64 pontos.<\/p>\n<p><em>(Com informa\u00e7\u00f5es do Estad\u00e3o Conte\u00fado)<\/em><\/p>\n\t<p>\n\t\t<a href=\"https:\/\/lp.suno.com.br\/planilha-de-controle-de-investimentos\/\" target=\"_blank\" data-element=\"shortcode-suno-banner\" title=\"Banner SUNO, clique e saiba mais\">\n\t\t\t<picture>\n\t\t\t\t<source media=\"(max-width: 500px)\" srcset=\"https:\/\/files.sunoresearch.com.br\/n\/uploads\/2023\/03\/400x300-Controle-de-Investimentos.png\">\n\t\t\t\t<img class=\"newsContent__article__imgCapa newsContent__article__imgCapa--banner\"\n\t\t\t\t\tsrc=\"https:\/\/files.sunoresearch.com.br\/n\/uploads\/2023\/03\/1420x240-Controle-de-Investimentos.png\"\n\t\t\t\t\tdata-promo-id=\"75934\"\t\t\t\t\t\t\t\t\t\twidth='1420' height='240'\t\t\t\t\talt=\"https:\/\/files.sunoresearch.com.br\/n\/uploads\/2023\/03\/1420x240-Controle-de-Investimentos.png\"\n\t\t\t\t>\n\t\t\t<\/picture>\n\t\t<\/a>\n\t<\/p>\n\n\n","protected":false},"excerpt":{"rendered":"<p>O Minist\u00e9rio de Minas e Energia (MME) comunicou nesta ter\u00e7a-feira (19) que a aprova\u00e7\u00e3o do projeto de lei que trata da privatiza\u00e7\u00e3o da Eletrobras (ELET3) apenas no segundo semestre deste ano traria preju\u00edzos para o Brasil. Isso porque o Pa\u00eds &#8220;deixar\u00e1 de ter importantes investimentos, necess\u00e1rios para a manuten\u00e7\u00e3o e melhoria do setor el\u00e9trico&#8221;. Privatiza\u00e7\u00e3o [&hellip;]<\/p>\n","protected":false},"author":35,"featured_media":114519,"comment_status":"closed","ping_status":"closed","sticky":false,"template":"","format":"standard","meta":[],"categories":[64],"tags":[2105,455,945],"suno_strategy":[],"class_list":["post-114500","post","type-post","status-publish","format-standard","has-post-thumbnail","hentry","category-negocios","tag-bento-albuquerque","tag-eletrobras-elet3-elet5-elet6","tag-privatizacoes"],"yoast_head":"<!-- This site is optimized with the Yoast SEO plugin v24.4 - https:\/\/yoast.com\/wordpress\/plugins\/seo\/ -->\n<title>Privatiza\u00e7\u00e3o da Eletrobras (ELET3) no 2\u00ba semestre traz preju\u00edzos, diz MME<\/title>\n<meta name=\"description\" content=\"O Minist\u00e9rio de Minas e Energia disse que a aprova\u00e7\u00e3o da privatiza\u00e7\u00e3o da Eletrobras (ELET3) no segundo semestre traria preju\u00edzos ao Brasil.\" \/>\n<meta name=\"robots\" content=\"index, follow, max-snippet:-1, max-image-preview:large, max-video-preview:-1\" \/>\n<link rel=\"canonical\" href=\"https:\/\/www.suno.com.br\/noticias\/privatizacao-eletrobras-elet3-2semestre-prejuizos\/\" \/>\n<meta property=\"og:locale\" content=\"pt_BR\" \/>\n<meta property=\"og:type\" content=\"article\" \/>\n<meta property=\"og:title\" content=\"Privatiza\u00e7\u00e3o da Eletrobras (ELET3) no 2\u00ba semestre traz preju\u00edzos, diz MME\" \/>\n<meta property=\"og:description\" content=\"O Minist\u00e9rio de Minas e Energia disse que a aprova\u00e7\u00e3o da privatiza\u00e7\u00e3o da Eletrobras (ELET3) no segundo semestre traria preju\u00edzos ao Brasil.\" \/>\n<meta property=\"og:url\" content=\"https:\/\/www.suno.com.br\/noticias\/privatizacao-eletrobras-elet3-2semestre-prejuizos\/\" \/>\n<meta property=\"og:site_name\" content=\"Suno Not\u00edcias\" \/>\n<meta property=\"article:publisher\" content=\"https:\/\/facebook.com\/sunoresearch\" \/>\n<meta property=\"og:image\" content=\"https:\/\/files.sunoresearch.com.br\/n\/uploads\/2021\/01\/76a220cb-47473765081_8d56ac21f2_b.jpg\" \/>\n\t<meta property=\"og:image:width\" content=\"1024\" \/>\n\t<meta property=\"og:image:height\" content=\"683\" \/>\n\t<meta property=\"og:image:type\" content=\"image\/jpeg\" \/>\n<meta name=\"author\" content=\"Arthur Guimar\u00e3es\" \/>\n<meta name=\"twitter:card\" content=\"summary_large_image\" \/>\n<meta name=\"twitter:creator\" content=\"@sunoresearch\" \/>\n<meta name=\"twitter:site\" content=\"@sunoresearch\" \/>\n<meta name=\"twitter:label1\" content=\"Escrito por\" \/>\n\t<meta name=\"twitter:data1\" content=\"Arthur Guimar\u00e3es\" \/>\n\t<meta name=\"twitter:label2\" content=\"Est. tempo de leitura\" \/>\n\t<meta name=\"twitter:data2\" content=\"2 minutos\" \/>\n<script type=\"application\/ld+json\" class=\"yoast-schema-graph\">{\"@context\":\"https:\/\/schema.org\",\"@graph\":[{\"@type\":\"NewsArticle\",\"@id\":\"https:\/\/www.suno.com.br\/noticias\/privatizacao-eletrobras-elet3-2semestre-prejuizos\/#article\",\"isPartOf\":{\"@id\":\"https:\/\/www.suno.com.br\/noticias\/privatizacao-eletrobras-elet3-2semestre-prejuizos\/\"},\"author\":{\"name\":\"Arthur Guimar\u00e3es\",\"@id\":\"https:\/\/www.suno.com.br\/noticias\/#\/schema\/person\/053a750a709a263919a20f976caae91c\"},\"headline\":\"Privatiza\u00e7\u00e3o da Eletrobras (ELET3) no 2\u00ba semestre traria preju\u00edzos ao Brasil, diz MME\",\"datePublished\":\"2021-01-19T19:20:07+00:00\",\"dateModified\":\"2021-02-18T22:49:04+00:00\",\"mainEntityOfPage\":{\"@id\":\"https:\/\/www.suno.com.br\/noticias\/privatizacao-eletrobras-elet3-2semestre-prejuizos\/\"},\"wordCount\":381,\"publisher\":{\"@id\":\"https:\/\/www.suno.com.br\/noticias\/#organization\"},\"image\":{\"@id\":\"https:\/\/www.suno.com.br\/noticias\/privatizacao-eletrobras-elet3-2semestre-prejuizos\/#primaryimage\"},\"thumbnailUrl\":\"https:\/\/files.sunoresearch.com.br\/n\/uploads\/2021\/01\/76a220cb-47473765081_8d56ac21f2_b-jpg.webp\",\"keywords\":[\"Bento Albuquerque\",\"Eletrobras (ELET3\/ELET5\/ELET6)\",\"privatiza\u00e7\u00f5es\"],\"articleSection\":[\"Neg\u00f3cios\"],\"inLanguage\":\"pt-BR\"},{\"@type\":\"WebPage\",\"@id\":\"https:\/\/www.suno.com.br\/noticias\/privatizacao-eletrobras-elet3-2semestre-prejuizos\/\",\"url\":\"https:\/\/www.suno.com.br\/noticias\/privatizacao-eletrobras-elet3-2semestre-prejuizos\/\",\"name\":\"Privatiza\u00e7\u00e3o da Eletrobras (ELET3) no 2\u00ba semestre traz preju\u00edzos, diz MME\",\"isPartOf\":{\"@id\":\"https:\/\/www.suno.com.br\/noticias\/#website\"},\"primaryImageOfPage\":{\"@id\":\"https:\/\/www.suno.com.br\/noticias\/privatizacao-eletrobras-elet3-2semestre-prejuizos\/#primaryimage\"},\"image\":{\"@id\":\"https:\/\/www.suno.com.br\/noticias\/privatizacao-eletrobras-elet3-2semestre-prejuizos\/#primaryimage\"},\"thumbnailUrl\":\"https:\/\/files.sunoresearch.com.br\/n\/uploads\/2021\/01\/76a220cb-47473765081_8d56ac21f2_b-jpg.webp\",\"datePublished\":\"2021-01-19T19:20:07+00:00\",\"dateModified\":\"2021-02-18T22:49:04+00:00\",\"description\":\"O Minist\u00e9rio de Minas e Energia disse que a aprova\u00e7\u00e3o da privatiza\u00e7\u00e3o da Eletrobras (ELET3) no segundo semestre traria preju\u00edzos ao Brasil.\",\"breadcrumb\":{\"@id\":\"https:\/\/www.suno.com.br\/noticias\/privatizacao-eletrobras-elet3-2semestre-prejuizos\/#breadcrumb\"},\"inLanguage\":\"pt-BR\",\"potentialAction\":[{\"@type\":\"ReadAction\",\"target\":[\"https:\/\/www.suno.com.br\/noticias\/privatizacao-eletrobras-elet3-2semestre-prejuizos\/\"]}]},{\"@type\":\"ImageObject\",\"inLanguage\":\"pt-BR\",\"@id\":\"https:\/\/www.suno.com.br\/noticias\/privatizacao-eletrobras-elet3-2semestre-prejuizos\/#primaryimage\",\"url\":\"https:\/\/files.sunoresearch.com.br\/n\/uploads\/2021\/01\/76a220cb-47473765081_8d56ac21f2_b-jpg.webp\",\"contentUrl\":\"https:\/\/files.sunoresearch.com.br\/n\/uploads\/2021\/01\/76a220cb-47473765081_8d56ac21f2_b-jpg.webp\",\"width\":1024,\"height\":683,\"caption\":\"Privatiza\u00e7\u00e3o da Eletrobras apenas no 2\u00ba semestre traz preju\u00edzos ao Pa\u00eds, diz minist\u00e9rio\"},{\"@type\":\"BreadcrumbList\",\"@id\":\"https:\/\/www.suno.com.br\/noticias\/privatizacao-eletrobras-elet3-2semestre-prejuizos\/#breadcrumb\",\"itemListElement\":[{\"@type\":\"ListItem\",\"position\":1,\"name\":\"Not\u00edcias\",\"item\":\"https:\/\/www.suno.com.br\/noticias\/\"},{\"@type\":\"ListItem\",\"position\":2,\"name\":\"Neg\u00f3cios\",\"item\":\"https:\/\/www.suno.com.br\/noticias\/negocios\/\"},{\"@type\":\"ListItem\",\"position\":3,\"name\":\"Privatiza\u00e7\u00e3o da Eletrobras (ELET3) no 2\u00ba semestre traria preju\u00edzos ao Brasil, diz MME\"}]},{\"@type\":\"WebSite\",\"@id\":\"https:\/\/www.suno.com.br\/noticias\/#website\",\"url\":\"https:\/\/www.suno.com.br\/noticias\/\",\"name\":\"Suno Not\u00edcias\",\"description\":\"Seu portal de informa\u00e7\u00e3o sobre o mundo dos investimentos\",\"publisher\":{\"@id\":\"https:\/\/www.suno.com.br\/noticias\/#organization\"},\"potentialAction\":[{\"@type\":\"SearchAction\",\"target\":{\"@type\":\"EntryPoint\",\"urlTemplate\":\"https:\/\/www.suno.com.br\/noticias\/?s={search_term_string}\"},\"query-input\":{\"@type\":\"PropertyValueSpecification\",\"valueRequired\":true,\"valueName\":\"search_term_string\"}}],\"inLanguage\":\"pt-BR\"},{\"@type\":\"Organization\",\"@id\":\"https:\/\/www.suno.com.br\/noticias\/#organization\",\"name\":\"Suno Not\u00edcias\",\"url\":\"https:\/\/www.suno.com.br\/noticias\/\",\"logo\":{\"@type\":\"ImageObject\",\"inLanguage\":\"pt-BR\",\"@id\":\"https:\/\/www.suno.com.br\/noticias\/#\/schema\/logo\/image\/\",\"url\":\"https:\/\/files.sunoresearch.com.br\/n\/uploads\/2021\/09\/suno-logo.png\",\"contentUrl\":\"https:\/\/files.sunoresearch.com.br\/n\/uploads\/2021\/09\/suno-logo.png\",\"width\":180,\"height\":180,\"caption\":\"Suno Not\u00edcias\"},\"image\":{\"@id\":\"https:\/\/www.suno.com.br\/noticias\/#\/schema\/logo\/image\/\"},\"sameAs\":[\"https:\/\/facebook.com\/sunoresearch\",\"https:\/\/x.com\/sunoresearch\",\"https:\/\/www.instagram.com\/suno\",\"https:\/\/www.linkedin.com\/company\/suno-research\/\",\"https:\/\/www.youtube.com\/c\/sunoresearch\"]},{\"@type\":\"Person\",\"@id\":\"https:\/\/www.suno.com.br\/noticias\/#\/schema\/person\/053a750a709a263919a20f976caae91c\",\"name\":\"Arthur Guimar\u00e3es\",\"image\":{\"@type\":\"ImageObject\",\"inLanguage\":\"pt-BR\",\"@id\":\"https:\/\/www.suno.com.br\/noticias\/#\/schema\/person\/image\/\",\"url\":\"https:\/\/secure.gravatar.com\/avatar\/1affd86a11209ae09eb6dd3bcad3e96c?s=96&r=g\",\"contentUrl\":\"https:\/\/secure.gravatar.com\/avatar\/1affd86a11209ae09eb6dd3bcad3e96c?s=96&r=g\",\"caption\":\"Arthur Guimar\u00e3es\"},\"description\":\"Arthur Guimar\u00e3es escreve sobre pol\u00edtica, economia e neg\u00f3cios para o portal de not\u00edcias da Suno Research. Atualmente, \u00e9 estudante de jornalismo pela Faculdade C\u00e1sper L\u00edbero.\",\"url\":\"https:\/\/www.suno.com.br\/noticias\/author\/arthur-guimaraes\/\"}]}<\/script>\n<!-- \/ Yoast SEO plugin. -->","yoast_head_json":{"title":"Privatiza\u00e7\u00e3o da Eletrobras (ELET3) no 2\u00ba semestre traz preju\u00edzos, diz MME","description":"O Minist\u00e9rio de Minas e Energia disse que a aprova\u00e7\u00e3o da privatiza\u00e7\u00e3o da Eletrobras (ELET3) no segundo semestre traria preju\u00edzos ao Brasil.","robots":{"index":"index","follow":"follow","max-snippet":"max-snippet:-1","max-image-preview":"max-image-preview:large","max-video-preview":"max-video-preview:-1"},"canonical":"https:\/\/www.suno.com.br\/noticias\/privatizacao-eletrobras-elet3-2semestre-prejuizos\/","og_locale":"pt_BR","og_type":"article","og_title":"Privatiza\u00e7\u00e3o da Eletrobras (ELET3) no 2\u00ba semestre traz preju\u00edzos, diz MME","og_description":"O Minist\u00e9rio de Minas e Energia disse que a aprova\u00e7\u00e3o da privatiza\u00e7\u00e3o da Eletrobras (ELET3) no segundo semestre traria preju\u00edzos ao Brasil.","og_url":"https:\/\/www.suno.com.br\/noticias\/privatizacao-eletrobras-elet3-2semestre-prejuizos\/","og_site_name":"Suno Not\u00edcias","article_publisher":"https:\/\/facebook.com\/sunoresearch","og_image":[{"width":1024,"height":683,"url":"https:\/\/files.sunoresearch.com.br\/n\/uploads\/2021\/01\/76a220cb-47473765081_8d56ac21f2_b.jpg","type":"image\/jpeg"}],"author":"Arthur Guimar\u00e3es","twitter_card":"summary_large_image","twitter_creator":"@sunoresearch","twitter_site":"@sunoresearch","twitter_misc":{"Escrito por":"Arthur Guimar\u00e3es","Est. tempo de leitura":"2 minutos"},"schema":{"@context":"https:\/\/schema.org","@graph":[{"@type":"NewsArticle","@id":"https:\/\/www.suno.com.br\/noticias\/privatizacao-eletrobras-elet3-2semestre-prejuizos\/#article","isPartOf":{"@id":"https:\/\/www.suno.com.br\/noticias\/privatizacao-eletrobras-elet3-2semestre-prejuizos\/"},"author":{"name":"Arthur Guimar\u00e3es","@id":"https:\/\/www.suno.com.br\/noticias\/#\/schema\/person\/053a750a709a263919a20f976caae91c"},"headline":"Privatiza\u00e7\u00e3o da Eletrobras (ELET3) no 2\u00ba semestre traria preju\u00edzos ao Brasil, diz MME","datePublished":"2021-01-19T19:20:07+00:00","dateModified":"2021-02-18T22:49:04+00:00","mainEntityOfPage":{"@id":"https:\/\/www.suno.com.br\/noticias\/privatizacao-eletrobras-elet3-2semestre-prejuizos\/"},"wordCount":381,"publisher":{"@id":"https:\/\/www.suno.com.br\/noticias\/#organization"},"image":{"@id":"https:\/\/www.suno.com.br\/noticias\/privatizacao-eletrobras-elet3-2semestre-prejuizos\/#primaryimage"},"thumbnailUrl":"https:\/\/files.sunoresearch.com.br\/n\/uploads\/2021\/01\/76a220cb-47473765081_8d56ac21f2_b-jpg.webp","keywords":["Bento Albuquerque","Eletrobras (ELET3\/ELET5\/ELET6)","privatiza\u00e7\u00f5es"],"articleSection":["Neg\u00f3cios"],"inLanguage":"pt-BR"},{"@type":"WebPage","@id":"https:\/\/www.suno.com.br\/noticias\/privatizacao-eletrobras-elet3-2semestre-prejuizos\/","url":"https:\/\/www.suno.com.br\/noticias\/privatizacao-eletrobras-elet3-2semestre-prejuizos\/","name":"Privatiza\u00e7\u00e3o da Eletrobras (ELET3) no 2\u00ba semestre traz preju\u00edzos, diz MME","isPartOf":{"@id":"https:\/\/www.suno.com.br\/noticias\/#website"},"primaryImageOfPage":{"@id":"https:\/\/www.suno.com.br\/noticias\/privatizacao-eletrobras-elet3-2semestre-prejuizos\/#primaryimage"},"image":{"@id":"https:\/\/www.suno.com.br\/noticias\/privatizacao-eletrobras-elet3-2semestre-prejuizos\/#primaryimage"},"thumbnailUrl":"https:\/\/files.sunoresearch.com.br\/n\/uploads\/2021\/01\/76a220cb-47473765081_8d56ac21f2_b-jpg.webp","datePublished":"2021-01-19T19:20:07+00:00","dateModified":"2021-02-18T22:49:04+00:00","description":"O Minist\u00e9rio de Minas e Energia disse que a aprova\u00e7\u00e3o da privatiza\u00e7\u00e3o da Eletrobras (ELET3) no segundo semestre traria preju\u00edzos ao Brasil.","breadcrumb":{"@id":"https:\/\/www.suno.com.br\/noticias\/privatizacao-eletrobras-elet3-2semestre-prejuizos\/#breadcrumb"},"inLanguage":"pt-BR","potentialAction":[{"@type":"ReadAction","target":["https:\/\/www.suno.com.br\/noticias\/privatizacao-eletrobras-elet3-2semestre-prejuizos\/"]}]},{"@type":"ImageObject","inLanguage":"pt-BR","@id":"https:\/\/www.suno.com.br\/noticias\/privatizacao-eletrobras-elet3-2semestre-prejuizos\/#primaryimage","url":"https:\/\/files.sunoresearch.com.br\/n\/uploads\/2021\/01\/76a220cb-47473765081_8d56ac21f2_b-jpg.webp","contentUrl":"https:\/\/files.sunoresearch.com.br\/n\/uploads\/2021\/01\/76a220cb-47473765081_8d56ac21f2_b-jpg.webp","width":1024,"height":683,"caption":"Privatiza\u00e7\u00e3o da Eletrobras apenas no 2\u00ba semestre traz preju\u00edzos ao Pa\u00eds, diz minist\u00e9rio"},{"@type":"BreadcrumbList","@id":"https:\/\/www.suno.com.br\/noticias\/privatizacao-eletrobras-elet3-2semestre-prejuizos\/#breadcrumb","itemListElement":[{"@type":"ListItem","position":1,"name":"Not\u00edcias","item":"https:\/\/www.suno.com.br\/noticias\/"},{"@type":"ListItem","position":2,"name":"Neg\u00f3cios","item":"https:\/\/www.suno.com.br\/noticias\/negocios\/"},{"@type":"ListItem","position":3,"name":"Privatiza\u00e7\u00e3o da Eletrobras (ELET3) no 2\u00ba semestre traria preju\u00edzos ao Brasil, diz MME"}]},{"@type":"WebSite","@id":"https:\/\/www.suno.com.br\/noticias\/#website","url":"https:\/\/www.suno.com.br\/noticias\/","name":"Suno Not\u00edcias","description":"Seu portal de informa\u00e7\u00e3o sobre o mundo dos investimentos","publisher":{"@id":"https:\/\/www.suno.com.br\/noticias\/#organization"},"potentialAction":[{"@type":"SearchAction","target":{"@type":"EntryPoint","urlTemplate":"https:\/\/www.suno.com.br\/noticias\/?s={search_term_string}"},"query-input":{"@type":"PropertyValueSpecification","valueRequired":true,"valueName":"search_term_string"}}],"inLanguage":"pt-BR"},{"@type":"Organization","@id":"https:\/\/www.suno.com.br\/noticias\/#organization","name":"Suno Not\u00edcias","url":"https:\/\/www.suno.com.br\/noticias\/","logo":{"@type":"ImageObject","inLanguage":"pt-BR","@id":"https:\/\/www.suno.com.br\/noticias\/#\/schema\/logo\/image\/","url":"https:\/\/files.sunoresearch.com.br\/n\/uploads\/2021\/09\/suno-logo.png","contentUrl":"https:\/\/files.sunoresearch.com.br\/n\/uploads\/2021\/09\/suno-logo.png","width":180,"height":180,"caption":"Suno Not\u00edcias"},"image":{"@id":"https:\/\/www.suno.com.br\/noticias\/#\/schema\/logo\/image\/"},"sameAs":["https:\/\/facebook.com\/sunoresearch","https:\/\/x.com\/sunoresearch","https:\/\/www.instagram.com\/suno","https:\/\/www.linkedin.com\/company\/suno-research\/","https:\/\/www.youtube.com\/c\/sunoresearch"]},{"@type":"Person","@id":"https:\/\/www.suno.com.br\/noticias\/#\/schema\/person\/053a750a709a263919a20f976caae91c","name":"Arthur Guimar\u00e3es","image":{"@type":"ImageObject","inLanguage":"pt-BR","@id":"https:\/\/www.suno.com.br\/noticias\/#\/schema\/person\/image\/","url":"https:\/\/secure.gravatar.com\/avatar\/1affd86a11209ae09eb6dd3bcad3e96c?s=96&r=g","contentUrl":"https:\/\/secure.gravatar.com\/avatar\/1affd86a11209ae09eb6dd3bcad3e96c?s=96&r=g","caption":"Arthur Guimar\u00e3es"},"description":"Arthur Guimar\u00e3es escreve sobre pol\u00edtica, economia e neg\u00f3cios para o portal de not\u00edcias da Suno Research. Atualmente, \u00e9 estudante de jornalismo pela Faculdade C\u00e1sper L\u00edbero.","url":"https:\/\/www.suno.com.br\/noticias\/author\/arthur-guimaraes\/"}]}},"default_loop_html":"<div class=\"cardsPage__listCard__boxs\"><div class=\"cardsPage__listCard__boxs__img\"><a href=\"https:\/\/www.suno.com.br\/noticias\/privatizacao-eletrobras-elet3-2semestre-prejuizos\/\"><img class=\"mask\" src=\"https:\/\/www.suno.com.br\/noticias\/wp-content\/themes\/suno\/resources\/images\/spotlight\/spotlight1img\/bg-mask.png\" alt=\"Image Mask\"\/><img src=\"https:\/\/files.sunoresearch.com.br\/n\/uploads\/2021\/01\/76a220cb-47473765081_8d56ac21f2_b-400x200.webp\" alt=\"Privatiza\u00e7\u00e3o da Eletrobras (ELET3) no 2\u00ba semestre traria preju\u00edzos ao Brasil, diz MME\"\/><\/a><span class=\"spotlightCategory\"><a href=\"https:\/\/www.suno.com.br\/noticias\/negocios\/\">Neg\u00f3cios<\/a><\/span><\/div><div class=\"cardsPage__listCard__boxs__content\"><a href=\"https:\/\/www.suno.com.br\/noticias\/privatizacao-eletrobras-elet3-2semestre-prejuizos\/\"><h2 class=\"content__title\">Privatiza\u00e7\u00e3o da Eletrobras (ELET3) no 2\u00ba semestre traria preju\u00edzos ao Brasil, diz MME<\/h2><\/a><div class=\"newsContent__article__meta\"><div class=\"newsContent__article__meta__authorBox\"><a href=\"https:\/\/www.suno.com.br\/noticias\/author\/arthur-guimaraes\/\" class=\"authorBox__avatar noMobi\"><img src=\"https:\/\/files.sunoresearch.com.br\/n\/uploads\/2020\/02\/dfb40897-eu-150x150.webp\" alt=\"Arthur Guimar\u00e3es\"><\/a><div class=\"authorBox__name\"><span>por\n\t\t\t<a href=\"https:\/\/www.suno.com.br\/noticias\/author\/arthur-guimaraes\/\"><span itemprop=\"author\">Arthur Guimar\u00e3es<\/span><\/a><\/span><time datetime=\"2021-01-19T16:20:07-03:00\" itemprop=\"datePublished\">19\/01\/2021 16:20<\/time><\/div><\/div><\/div><\/div><\/div>","single_layout":"posts","amp_enabled":true,"_links":{"self":[{"href":"https:\/\/www.suno.com.br\/noticias\/wp-json\/wp\/v2\/posts\/114500"}],"collection":[{"href":"https:\/\/www.suno.com.br\/noticias\/wp-json\/wp\/v2\/posts"}],"about":[{"href":"https:\/\/www.suno.com.br\/noticias\/wp-json\/wp\/v2\/types\/post"}],"author":[{"embeddable":true,"href":"https:\/\/www.suno.com.br\/noticias\/wp-json\/wp\/v2\/users\/35"}],"replies":[{"embeddable":true,"href":"https:\/\/www.suno.com.br\/noticias\/wp-json\/wp\/v2\/comments?post=114500"}],"version-history":[{"count":0,"href":"https:\/\/www.suno.com.br\/noticias\/wp-json\/wp\/v2\/posts\/114500\/revisions"}],"wp:featuredmedia":[{"embeddable":true,"href":"https:\/\/www.suno.com.br\/noticias\/wp-json\/wp\/v2\/media\/114519"}],"wp:attachment":[{"href":"https:\/\/www.suno.com.br\/noticias\/wp-json\/wp\/v2\/media?parent=114500"}],"wp:term":[{"taxonomy":"category","embeddable":true,"href":"https:\/\/www.suno.com.br\/noticias\/wp-json\/wp\/v2\/categories?post=114500"},{"taxonomy":"post_tag","embeddable":true,"href":"https:\/\/www.suno.com.br\/noticias\/wp-json\/wp\/v2\/tags?post=114500"},{"taxonomy":"suno_strategy","embeddable":true,"href":"https:\/\/www.suno.com.br\/noticias\/wp-json\/wp\/v2\/suno_strategy?post=114500"}],"curies":[{"name":"wp","href":"https:\/\/api.w.org\/{rel}","templated":true}]}}