{"id":114247,"date":"2021-01-19T07:47:24","date_gmt":"2021-01-19T10:47:24","guid":{"rendered":"https:\/\/www.suno.com.br\/noticias\/?p=114247"},"modified":"2021-05-29T20:50:26","modified_gmt":"2021-05-29T23:50:26","slug":"vamos-locacao-simpar-simh3-oferta-restrita","status":"publish","type":"post","link":"https:\/\/www.suno.com.br\/noticias\/vamos-locacao-simpar-simh3-oferta-restrita\/","title":{"rendered":"Vamos Loca\u00e7\u00e3o, da Simpar, far\u00e1 oferta restrita de a\u00e7\u00f5es e pode levantar R$ 1,15 bi"},"content":{"rendered":"<p>A <a href=\"https:\/\/www.suno.com.br\/acoes\/simh3\/\">Simpar (SIMH3)<\/a> informou, na noite da \u00faltima segunda-feira (18), que a <strong>Vamos<\/strong> Loca\u00e7\u00e3o, sua subsidi\u00e1ria integral, far\u00e1 uma oferta restrita de a\u00e7\u00f5es. Considerando a oferta base, com o centro da faixa indicativa, de R$ 25,21, a oferta pode movimentar R$ 1,15 bilh\u00e3o.<\/p>\t<div class=\"wrapper-featured-image\">\n\t\t<figure class=\"spotlightImg\">\n\n\t\t\t<picture>\n\t\t\t\t<source media=\"(max-width: 768px)\" srcset=\"https:\/\/files.sunoresearch.com.br\/n\/uploads\/2020\/11\/48f6762e-1592011264725-400x200.webp\">\n\t\t\t\t<img loading=\"lazy\" decoding=\"async\" class=\"newsContent__article__imgCapa lazyloadDisabled \" src=\"https:\/\/files.sunoresearch.com.br\/n\/uploads\/2020\/11\/48f6762e-1592011264725-800x450.webp\" width=\"800\" height=\"450\" alt=\"Vamos Loca\u00e7\u00e3o, da Simpar, far\u00e1 oferta restrita de a\u00e7\u00f5es e pode levantar R$ 1,15 bi\" fetchpriority=high \/>\n\t\t\t<\/picture>\n\n\t\t\t<figcaption class=\"wp-caption-text wp-caption-text--show\">Vamos Loca\u00e7\u00e3o, subsidi\u00e1ria da Simpar. Foto: Divulga\u00e7\u00e3o. <\/figcaption>\n\t\t<\/figure>\n\t<\/div>\n\n\n\t<p>\n\t\t<a href=\"https:\/\/lp.suno.com.br\/planilha-controle-gastos\/\" target=\"_blank\" data-element=\"shortcode-suno-banner\" title=\"Banner SUNO, clique e saiba mais\">\n\t\t\t<picture>\n\t\t\t\t<source media=\"(max-width: 500px)\" srcset=\"https:\/\/files.sunoresearch.com.br\/n\/uploads\/2023\/03\/400x300-Planilha-controle-de-gastos.png\">\n\t\t\t\t<img class=\"newsContent__article__imgCapa newsContent__article__imgCapa--banner\"\n\t\t\t\t\tsrc=\"https:\/\/files.sunoresearch.com.br\/n\/uploads\/2023\/03\/1420x240-Planilha-controle-de-gastos.png\"\n\t\t\t\t\tdata-promo-id=\"101751\"\t\t\t\t\t\t\t\t\t\twidth='1420' height='240'\t\t\t\t\talt=\"https:\/\/files.sunoresearch.com.br\/n\/uploads\/2023\/03\/1420x240-Planilha-controle-de-gastos.png\"\n\t\t\t\t>\n\t\t\t<\/picture>\n\t\t<\/a>\n\t<\/p>\n\n\n<p>A Vamos estabeleceu a <strong>faixa indicativa<\/strong> do pre\u00e7o por a\u00e7\u00e3o entre R$ 21,92 e R$ 28,50. A oferta prim\u00e1ria ser\u00e1 de 34.215.328 a\u00e7\u00f5es, enquanto a secund\u00e1ria, quando atuais acionistas abrem m\u00e3o de fatias de suas participa\u00e7\u00f5es na empresa, conta com 11.405.109 pap\u00e9is.<\/p>\n<p>A depender da demanda dos investidores, a oferta ainda poder\u00e1 ser acrescida em 20% do total de a\u00e7\u00f5es inicialmente ofertadas, al\u00e9m de 10% em a\u00e7\u00f5es suplementares. Levando em conta a m\u00e1xima distribui\u00e7\u00e3o poss\u00edvel, a oferta pode levantar R$ 1,49 bilh\u00e3o.<\/p>\n<p><a href=\"https:\/\/lp.suno.com.br\/suno-one\/\"><span style=\"font-weight: 400;\">Suno One: acesse gratuitamente eBooks, Minicursos, Artigos e Video Aulas sobre investimentos com um \u00fanico cadastro. Clique para saber mais!<\/span><\/a><\/p>\n<p>Com a oferta restrita, baseada na instru\u00e7\u00e3o <strong>CVM 476<\/strong>, a Vamos estar\u00e1 limitada a procurar, no m\u00e1ximo, 75 investidores institucionais, sendo que a subscri\u00e7\u00e3o \u00e9 limitada em at\u00e9 50 investidores. No m\u00eas passado, <a href=\"https:\/\/www.suno.com.br\/noticias\/vamos-simh3-ipo-desiste\/\">a companhia informou que desistiu<\/a> de realizar sua <a href=\"https:\/\/www.suno.com.br\/artigos\/ipo\/\">oferta p\u00fablica inicial de a\u00e7\u00f5es (IPO<\/a>, na sigla em ingl\u00eas), prevista desde o in\u00edcio de 2020.<\/p>\n<p>A oferta restrita, no Brasil, ser\u00e1 realizada em mercado de balc\u00e3o n\u00e3o organizado, sob <strong>garantia firme<\/strong> de liquida\u00e7\u00e3o das institui\u00e7\u00f5es participantes. S\u00e3o elas:<\/p>\n<ul>\n<li><a href=\"https:\/\/www.suno.com.br\/noticias\/btg-pactual-bpac11-oferta-primaria-units\/\">BTG Pactual (BPAC11)<\/a>;<\/li>\n<li>XP Investimentos;<\/li>\n<li>Ita\u00fa BBA;<\/li>\n<li>Bradesco BBI;<\/li>\n<li>JP Morgan;<\/li>\n<li>UBS Brasil.<\/li>\n<\/ul>\n<p>Simultaneamente, ser\u00e3o realizados esfor\u00e7os de coloca\u00e7\u00e3o das a\u00e7\u00f5es nos <strong>Estados Unidos<\/strong>. A oferta estar\u00e1 dispon\u00edvel para investidores profissionais e qualificados, com base no regulamento da <a href=\"https:\/\/www.suno.com.br\/artigos\/sec\/\">U.S. Securities and Exchange Comission (SEC)<\/a>.<\/p>\n\t<p>\n\t\t<a href=\"https:\/\/lp.suno.com.br\/ebook-como-analisar-uma-acao\/\" target=\"_blank\" data-element=\"shortcode-suno-banner\" title=\"Banner SUNO, clique e saiba mais\">\n\t\t\t<picture>\n\t\t\t\t<source media=\"(max-width: 500px)\" srcset=\"https:\/\/files.sunoresearch.com.br\/n\/uploads\/2023\/03\/Ebook-Acoes-Mobile.jpg\">\n\t\t\t\t<img class=\"newsContent__article__imgCapa newsContent__article__imgCapa--banner\"\n\t\t\t\t\tsrc=\"https:\/\/files.sunoresearch.com.br\/n\/uploads\/2023\/03\/Ebook-Acoes-Desktop.jpg\"\n\t\t\t\t\tdata-promo-id=\"378302\"\t\t\t\t\t\t\t\t\t\twidth='1420' height='286'\t\t\t\t\talt=\"https:\/\/files.sunoresearch.com.br\/n\/uploads\/2023\/03\/Ebook-Acoes-Desktop.jpg\"\n\t\t\t\t>\n\t\t\t<\/picture>\n\t\t<\/a>\n\t<\/p>\n\n\n<h2>Condi\u00e7\u00f5es para a oferta da Vamos<\/h2>\n<p>A companhia ressaltou que no dia 6 de dezembro, solicitou \u00e0 B3 a autoriza\u00e7\u00e3o para negocia\u00e7\u00e3o dos pap\u00e9is no <a href=\"https:\/\/www.suno.com.br\/artigos\/novo-mercado\/\"><strong>Novo Mercado<\/strong><\/a>. A conclus\u00e3o da oferta restrita est\u00e1 sujeita \u00e0 obten\u00e7\u00e3o da referida aprova\u00e7\u00e3o de migra\u00e7\u00e3o as a\u00e7\u00f5es. Caso a B3 n\u00e3o defira o pedido de listagem ou dispensa do percentual m\u00ednimo de pap\u00e9is em circula\u00e7\u00e3o, at\u00e9 o fim do <a href=\"https:\/\/www.suno.com.br\/artigos\/bookbuilding\/\">processo de <em>bookbuiding<\/em><\/a> (27\/01), a oferta ser\u00e1 cancelada.<\/p>\n\t<div data-element=\"shortcode-read-more\" class=\"knowMore\">\n\t\t\t\t<span class=\"knowMore__title\">Saiba mais<\/span>\n\t\t\t\t<a class=\"knowMore__link\" href=\"https:\/\/www.suno.com.br\/noticias\/vamos-simpar-simh3-lucro-liquido-2t20\/\">\n\t\t\tVamos, subsidi\u00e1ria da Simpar (SIMH3), tem lucro de R$ 49 milh\u00f5es no 3T20\t\t<\/a>\n\t<\/div>\n\n\n<p>\u00c9 esperada a divulga\u00e7\u00e3o do pre\u00e7o por a\u00e7\u00e3o no mesmo dia do encerramento do <em>bookbuilding<\/em>, com o in\u00edcio de negocia\u00e7\u00e3o das a\u00e7\u00f5es na B3 no dia 29 de janeiro, sob o ticker &#8216;<strong>VAMO3<\/strong>&#8216;.<\/p>\n<p>De acordo com a <strong>Vamos<\/strong>, a totalidade dos recursos l\u00edquidos provenientes da oferta ser\u00e3o destinados para financiamento da frota para atividade de loca\u00e7\u00e3o de caminh\u00f5es, m\u00e1quinas e equipamentos.<\/p>\n\t<p>\n\t\t<a href=\"https:\/\/lp.suno.com.br\/planilha-de-controle-de-investimentos\/\" target=\"_blank\" data-element=\"shortcode-suno-banner\" title=\"Banner SUNO, clique e saiba mais\">\n\t\t\t<picture>\n\t\t\t\t<source media=\"(max-width: 500px)\" srcset=\"https:\/\/files.sunoresearch.com.br\/n\/uploads\/2023\/03\/400x300-Controle-de-Investimentos.png\">\n\t\t\t\t<img class=\"newsContent__article__imgCapa newsContent__article__imgCapa--banner\"\n\t\t\t\t\tsrc=\"https:\/\/files.sunoresearch.com.br\/n\/uploads\/2023\/03\/1420x240-Controle-de-Investimentos.png\"\n\t\t\t\t\tdata-promo-id=\"75934\"\t\t\t\t\t\t\t\t\t\twidth='1420' height='240'\t\t\t\t\talt=\"https:\/\/files.sunoresearch.com.br\/n\/uploads\/2023\/03\/1420x240-Controle-de-Investimentos.png\"\n\t\t\t\t>\n\t\t\t<\/picture>\n\t\t<\/a>\n\t<\/p>\n\n\n","protected":false},"excerpt":{"rendered":"<p>A Simpar (SIMH3) informou, na noite da \u00faltima segunda-feira (18), que a Vamos Loca\u00e7\u00e3o, sua subsidi\u00e1ria integral, far\u00e1 uma oferta restrita de a\u00e7\u00f5es. Considerando a oferta base, com o centro da faixa indicativa, de R$ 25,21, a oferta pode movimentar R$ 1,15 bilh\u00e3o. Vamos Loca\u00e7\u00e3o, subsidi\u00e1ria da Simpar. Foto: Divulga\u00e7\u00e3o. A Vamos estabeleceu a faixa [&hellip;]<\/p>\n","protected":false},"author":24,"featured_media":96689,"comment_status":"closed","ping_status":"closed","sticky":false,"template":"","format":"standard","meta":[],"categories":[64],"tags":[1937,76282,105973],"suno_strategy":[],"class_list":["post-114247","post","type-post","status-publish","format-standard","has-post-thumbnail","hentry","category-negocios","tag-bolsa-de-valores-de-sao-paulo-b3","tag-simpar-simh3","tag-vamos-vamo3"],"yoast_head":"<!-- This site is optimized with the Yoast SEO plugin v24.4 - https:\/\/yoast.com\/wordpress\/plugins\/seo\/ -->\n<title>Vamos Loca\u00e7\u00e3o far\u00e1 oferta restrita de a\u00e7\u00f5es e pode levantar R$ 1,15 bi<\/title>\n<meta name=\"description\" content=\"A Simpar (SIMH3) informou que a Vamos Loca\u00e7\u00e3o, sua subsidi\u00e1ria integral, far\u00e1 uma oferta restrita de a\u00e7\u00f5es. Clique e saiba mais.\" \/>\n<meta name=\"robots\" content=\"index, follow, max-snippet:-1, max-image-preview:large, max-video-preview:-1\" \/>\n<link rel=\"canonical\" href=\"https:\/\/www.suno.com.br\/noticias\/vamos-locacao-simpar-simh3-oferta-restrita\/\" \/>\n<meta property=\"og:locale\" content=\"pt_BR\" \/>\n<meta property=\"og:type\" content=\"article\" \/>\n<meta property=\"og:title\" content=\"Vamos Loca\u00e7\u00e3o far\u00e1 oferta restrita de a\u00e7\u00f5es e pode levantar R$ 1,15 bi\" \/>\n<meta property=\"og:description\" content=\"A Simpar (SIMH3) informou que a Vamos Loca\u00e7\u00e3o, sua subsidi\u00e1ria integral, far\u00e1 uma oferta restrita de a\u00e7\u00f5es. Clique e saiba mais.\" \/>\n<meta property=\"og:url\" content=\"https:\/\/www.suno.com.br\/noticias\/vamos-locacao-simpar-simh3-oferta-restrita\/\" \/>\n<meta property=\"og:site_name\" content=\"Suno Not\u00edcias\" \/>\n<meta property=\"article:publisher\" content=\"https:\/\/facebook.com\/sunoresearch\" \/>\n<meta property=\"og:image\" content=\"https:\/\/files.sunoresearch.com.br\/n\/uploads\/2020\/11\/48f6762e-1592011264725.jpg\" \/>\n\t<meta property=\"og:image:width\" content=\"1200\" \/>\n\t<meta property=\"og:image:height\" content=\"900\" \/>\n\t<meta property=\"og:image:type\" content=\"image\/jpeg\" \/>\n<meta name=\"author\" content=\"Jader Lazarini\" \/>\n<meta name=\"twitter:card\" content=\"summary_large_image\" \/>\n<meta name=\"twitter:creator\" content=\"@sunoresearch\" \/>\n<meta name=\"twitter:site\" content=\"@sunoresearch\" \/>\n<meta name=\"twitter:label1\" content=\"Escrito por\" \/>\n\t<meta name=\"twitter:data1\" content=\"Jader Lazarini\" \/>\n\t<meta name=\"twitter:label2\" content=\"Est. tempo de leitura\" \/>\n\t<meta name=\"twitter:data2\" content=\"2 minutos\" \/>\n<script type=\"application\/ld+json\" class=\"yoast-schema-graph\">{\"@context\":\"https:\/\/schema.org\",\"@graph\":[{\"@type\":\"NewsArticle\",\"@id\":\"https:\/\/www.suno.com.br\/noticias\/vamos-locacao-simpar-simh3-oferta-restrita\/#article\",\"isPartOf\":{\"@id\":\"https:\/\/www.suno.com.br\/noticias\/vamos-locacao-simpar-simh3-oferta-restrita\/\"},\"author\":{\"name\":\"Jader Lazarini\",\"@id\":\"https:\/\/www.suno.com.br\/noticias\/#\/schema\/person\/918d79de1f0281f01599b93f9ea6e23f\"},\"headline\":\"Vamos Loca\u00e7\u00e3o, da Simpar, far\u00e1 oferta restrita de a\u00e7\u00f5es e pode levantar R$ 1,15 bi\",\"datePublished\":\"2021-01-19T10:47:24+00:00\",\"dateModified\":\"2021-05-29T23:50:26+00:00\",\"mainEntityOfPage\":{\"@id\":\"https:\/\/www.suno.com.br\/noticias\/vamos-locacao-simpar-simh3-oferta-restrita\/\"},\"wordCount\":488,\"publisher\":{\"@id\":\"https:\/\/www.suno.com.br\/noticias\/#organization\"},\"image\":{\"@id\":\"https:\/\/www.suno.com.br\/noticias\/vamos-locacao-simpar-simh3-oferta-restrita\/#primaryimage\"},\"thumbnailUrl\":\"https:\/\/files.sunoresearch.com.br\/n\/uploads\/2020\/11\/48f6762e-1592011264725-jpg.webp\",\"keywords\":[\"Bolsa de Valores de S\u00e3o Paulo (B3)\",\"Simpar (SIMH3)\",\"Vamos (VAMO3)\"],\"articleSection\":[\"Neg\u00f3cios\"],\"inLanguage\":\"pt-BR\"},{\"@type\":\"WebPage\",\"@id\":\"https:\/\/www.suno.com.br\/noticias\/vamos-locacao-simpar-simh3-oferta-restrita\/\",\"url\":\"https:\/\/www.suno.com.br\/noticias\/vamos-locacao-simpar-simh3-oferta-restrita\/\",\"name\":\"Vamos Loca\u00e7\u00e3o far\u00e1 oferta restrita de a\u00e7\u00f5es e pode levantar R$ 1,15 bi\",\"isPartOf\":{\"@id\":\"https:\/\/www.suno.com.br\/noticias\/#website\"},\"primaryImageOfPage\":{\"@id\":\"https:\/\/www.suno.com.br\/noticias\/vamos-locacao-simpar-simh3-oferta-restrita\/#primaryimage\"},\"image\":{\"@id\":\"https:\/\/www.suno.com.br\/noticias\/vamos-locacao-simpar-simh3-oferta-restrita\/#primaryimage\"},\"thumbnailUrl\":\"https:\/\/files.sunoresearch.com.br\/n\/uploads\/2020\/11\/48f6762e-1592011264725-jpg.webp\",\"datePublished\":\"2021-01-19T10:47:24+00:00\",\"dateModified\":\"2021-05-29T23:50:26+00:00\",\"description\":\"A Simpar (SIMH3) informou que a Vamos Loca\u00e7\u00e3o, sua subsidi\u00e1ria integral, far\u00e1 uma oferta restrita de a\u00e7\u00f5es. Clique e saiba mais.\",\"breadcrumb\":{\"@id\":\"https:\/\/www.suno.com.br\/noticias\/vamos-locacao-simpar-simh3-oferta-restrita\/#breadcrumb\"},\"inLanguage\":\"pt-BR\",\"potentialAction\":[{\"@type\":\"ReadAction\",\"target\":[\"https:\/\/www.suno.com.br\/noticias\/vamos-locacao-simpar-simh3-oferta-restrita\/\"]}]},{\"@type\":\"ImageObject\",\"inLanguage\":\"pt-BR\",\"@id\":\"https:\/\/www.suno.com.br\/noticias\/vamos-locacao-simpar-simh3-oferta-restrita\/#primaryimage\",\"url\":\"https:\/\/files.sunoresearch.com.br\/n\/uploads\/2020\/11\/48f6762e-1592011264725-jpg.webp\",\"contentUrl\":\"https:\/\/files.sunoresearch.com.br\/n\/uploads\/2020\/11\/48f6762e-1592011264725-jpg.webp\",\"width\":1200,\"height\":900,\"caption\":\"Vamos Loca\u00e7\u00e3o, subsidi\u00e1ria da Simpar. Foto: Divulga\u00e7\u00e3o.\"},{\"@type\":\"BreadcrumbList\",\"@id\":\"https:\/\/www.suno.com.br\/noticias\/vamos-locacao-simpar-simh3-oferta-restrita\/#breadcrumb\",\"itemListElement\":[{\"@type\":\"ListItem\",\"position\":1,\"name\":\"Not\u00edcias\",\"item\":\"https:\/\/www.suno.com.br\/noticias\/\"},{\"@type\":\"ListItem\",\"position\":2,\"name\":\"Neg\u00f3cios\",\"item\":\"https:\/\/www.suno.com.br\/noticias\/negocios\/\"},{\"@type\":\"ListItem\",\"position\":3,\"name\":\"Vamos Loca\u00e7\u00e3o, da Simpar, far\u00e1 oferta restrita de a\u00e7\u00f5es e pode levantar R$ 1,15 bi\"}]},{\"@type\":\"WebSite\",\"@id\":\"https:\/\/www.suno.com.br\/noticias\/#website\",\"url\":\"https:\/\/www.suno.com.br\/noticias\/\",\"name\":\"Suno Not\u00edcias\",\"description\":\"Seu portal de informa\u00e7\u00e3o sobre o mundo dos investimentos\",\"publisher\":{\"@id\":\"https:\/\/www.suno.com.br\/noticias\/#organization\"},\"potentialAction\":[{\"@type\":\"SearchAction\",\"target\":{\"@type\":\"EntryPoint\",\"urlTemplate\":\"https:\/\/www.suno.com.br\/noticias\/?s={search_term_string}\"},\"query-input\":{\"@type\":\"PropertyValueSpecification\",\"valueRequired\":true,\"valueName\":\"search_term_string\"}}],\"inLanguage\":\"pt-BR\"},{\"@type\":\"Organization\",\"@id\":\"https:\/\/www.suno.com.br\/noticias\/#organization\",\"name\":\"Suno Not\u00edcias\",\"url\":\"https:\/\/www.suno.com.br\/noticias\/\",\"logo\":{\"@type\":\"ImageObject\",\"inLanguage\":\"pt-BR\",\"@id\":\"https:\/\/www.suno.com.br\/noticias\/#\/schema\/logo\/image\/\",\"url\":\"https:\/\/files.sunoresearch.com.br\/n\/uploads\/2021\/09\/suno-logo.png\",\"contentUrl\":\"https:\/\/files.sunoresearch.com.br\/n\/uploads\/2021\/09\/suno-logo.png\",\"width\":180,\"height\":180,\"caption\":\"Suno Not\u00edcias\"},\"image\":{\"@id\":\"https:\/\/www.suno.com.br\/noticias\/#\/schema\/logo\/image\/\"},\"sameAs\":[\"https:\/\/facebook.com\/sunoresearch\",\"https:\/\/x.com\/sunoresearch\",\"https:\/\/www.instagram.com\/suno\",\"https:\/\/www.linkedin.com\/company\/suno-research\/\",\"https:\/\/www.youtube.com\/c\/sunoresearch\"]},{\"@type\":\"Person\",\"@id\":\"https:\/\/www.suno.com.br\/noticias\/#\/schema\/person\/918d79de1f0281f01599b93f9ea6e23f\",\"name\":\"Jader Lazarini\",\"image\":{\"@type\":\"ImageObject\",\"inLanguage\":\"pt-BR\",\"@id\":\"https:\/\/www.suno.com.br\/noticias\/#\/schema\/person\/image\/\",\"url\":\"https:\/\/secure.gravatar.com\/avatar\/3c1ad8caa51589841baeb923fcddea97?s=96&r=g\",\"contentUrl\":\"https:\/\/secure.gravatar.com\/avatar\/3c1ad8caa51589841baeb923fcddea97?s=96&r=g\",\"caption\":\"Jader Lazarini\"},\"description\":\"Jader Lazarini escreve sobre investimentos, finan\u00e7as, economia e neg\u00f3cios. \u00c9 bacharel em Rela\u00e7\u00f5es Internacionais e analista CNPI (2619).\",\"url\":\"https:\/\/www.suno.com.br\/noticias\/author\/jader-lazarini\/\"}]}<\/script>\n<!-- \/ Yoast SEO plugin. -->","yoast_head_json":{"title":"Vamos Loca\u00e7\u00e3o far\u00e1 oferta restrita de a\u00e7\u00f5es e pode levantar R$ 1,15 bi","description":"A Simpar (SIMH3) informou que a Vamos Loca\u00e7\u00e3o, sua subsidi\u00e1ria integral, far\u00e1 uma oferta restrita de a\u00e7\u00f5es. Clique e saiba mais.","robots":{"index":"index","follow":"follow","max-snippet":"max-snippet:-1","max-image-preview":"max-image-preview:large","max-video-preview":"max-video-preview:-1"},"canonical":"https:\/\/www.suno.com.br\/noticias\/vamos-locacao-simpar-simh3-oferta-restrita\/","og_locale":"pt_BR","og_type":"article","og_title":"Vamos Loca\u00e7\u00e3o far\u00e1 oferta restrita de a\u00e7\u00f5es e pode levantar R$ 1,15 bi","og_description":"A Simpar (SIMH3) informou que a Vamos Loca\u00e7\u00e3o, sua subsidi\u00e1ria integral, far\u00e1 uma oferta restrita de a\u00e7\u00f5es. Clique e saiba mais.","og_url":"https:\/\/www.suno.com.br\/noticias\/vamos-locacao-simpar-simh3-oferta-restrita\/","og_site_name":"Suno Not\u00edcias","article_publisher":"https:\/\/facebook.com\/sunoresearch","og_image":[{"width":1200,"height":900,"url":"https:\/\/files.sunoresearch.com.br\/n\/uploads\/2020\/11\/48f6762e-1592011264725.jpg","type":"image\/jpeg"}],"author":"Jader Lazarini","twitter_card":"summary_large_image","twitter_creator":"@sunoresearch","twitter_site":"@sunoresearch","twitter_misc":{"Escrito por":"Jader Lazarini","Est. tempo de leitura":"2 minutos"},"schema":{"@context":"https:\/\/schema.org","@graph":[{"@type":"NewsArticle","@id":"https:\/\/www.suno.com.br\/noticias\/vamos-locacao-simpar-simh3-oferta-restrita\/#article","isPartOf":{"@id":"https:\/\/www.suno.com.br\/noticias\/vamos-locacao-simpar-simh3-oferta-restrita\/"},"author":{"name":"Jader Lazarini","@id":"https:\/\/www.suno.com.br\/noticias\/#\/schema\/person\/918d79de1f0281f01599b93f9ea6e23f"},"headline":"Vamos Loca\u00e7\u00e3o, da Simpar, far\u00e1 oferta restrita de a\u00e7\u00f5es e pode levantar R$ 1,15 bi","datePublished":"2021-01-19T10:47:24+00:00","dateModified":"2021-05-29T23:50:26+00:00","mainEntityOfPage":{"@id":"https:\/\/www.suno.com.br\/noticias\/vamos-locacao-simpar-simh3-oferta-restrita\/"},"wordCount":488,"publisher":{"@id":"https:\/\/www.suno.com.br\/noticias\/#organization"},"image":{"@id":"https:\/\/www.suno.com.br\/noticias\/vamos-locacao-simpar-simh3-oferta-restrita\/#primaryimage"},"thumbnailUrl":"https:\/\/files.sunoresearch.com.br\/n\/uploads\/2020\/11\/48f6762e-1592011264725-jpg.webp","keywords":["Bolsa de Valores de S\u00e3o Paulo (B3)","Simpar (SIMH3)","Vamos (VAMO3)"],"articleSection":["Neg\u00f3cios"],"inLanguage":"pt-BR"},{"@type":"WebPage","@id":"https:\/\/www.suno.com.br\/noticias\/vamos-locacao-simpar-simh3-oferta-restrita\/","url":"https:\/\/www.suno.com.br\/noticias\/vamos-locacao-simpar-simh3-oferta-restrita\/","name":"Vamos Loca\u00e7\u00e3o far\u00e1 oferta restrita de a\u00e7\u00f5es e pode levantar R$ 1,15 bi","isPartOf":{"@id":"https:\/\/www.suno.com.br\/noticias\/#website"},"primaryImageOfPage":{"@id":"https:\/\/www.suno.com.br\/noticias\/vamos-locacao-simpar-simh3-oferta-restrita\/#primaryimage"},"image":{"@id":"https:\/\/www.suno.com.br\/noticias\/vamos-locacao-simpar-simh3-oferta-restrita\/#primaryimage"},"thumbnailUrl":"https:\/\/files.sunoresearch.com.br\/n\/uploads\/2020\/11\/48f6762e-1592011264725-jpg.webp","datePublished":"2021-01-19T10:47:24+00:00","dateModified":"2021-05-29T23:50:26+00:00","description":"A Simpar (SIMH3) informou que a Vamos Loca\u00e7\u00e3o, sua subsidi\u00e1ria integral, far\u00e1 uma oferta restrita de a\u00e7\u00f5es. Clique e saiba mais.","breadcrumb":{"@id":"https:\/\/www.suno.com.br\/noticias\/vamos-locacao-simpar-simh3-oferta-restrita\/#breadcrumb"},"inLanguage":"pt-BR","potentialAction":[{"@type":"ReadAction","target":["https:\/\/www.suno.com.br\/noticias\/vamos-locacao-simpar-simh3-oferta-restrita\/"]}]},{"@type":"ImageObject","inLanguage":"pt-BR","@id":"https:\/\/www.suno.com.br\/noticias\/vamos-locacao-simpar-simh3-oferta-restrita\/#primaryimage","url":"https:\/\/files.sunoresearch.com.br\/n\/uploads\/2020\/11\/48f6762e-1592011264725-jpg.webp","contentUrl":"https:\/\/files.sunoresearch.com.br\/n\/uploads\/2020\/11\/48f6762e-1592011264725-jpg.webp","width":1200,"height":900,"caption":"Vamos Loca\u00e7\u00e3o, subsidi\u00e1ria da Simpar. Foto: Divulga\u00e7\u00e3o."},{"@type":"BreadcrumbList","@id":"https:\/\/www.suno.com.br\/noticias\/vamos-locacao-simpar-simh3-oferta-restrita\/#breadcrumb","itemListElement":[{"@type":"ListItem","position":1,"name":"Not\u00edcias","item":"https:\/\/www.suno.com.br\/noticias\/"},{"@type":"ListItem","position":2,"name":"Neg\u00f3cios","item":"https:\/\/www.suno.com.br\/noticias\/negocios\/"},{"@type":"ListItem","position":3,"name":"Vamos Loca\u00e7\u00e3o, da Simpar, far\u00e1 oferta restrita de a\u00e7\u00f5es e pode levantar R$ 1,15 bi"}]},{"@type":"WebSite","@id":"https:\/\/www.suno.com.br\/noticias\/#website","url":"https:\/\/www.suno.com.br\/noticias\/","name":"Suno Not\u00edcias","description":"Seu portal de informa\u00e7\u00e3o sobre o mundo dos investimentos","publisher":{"@id":"https:\/\/www.suno.com.br\/noticias\/#organization"},"potentialAction":[{"@type":"SearchAction","target":{"@type":"EntryPoint","urlTemplate":"https:\/\/www.suno.com.br\/noticias\/?s={search_term_string}"},"query-input":{"@type":"PropertyValueSpecification","valueRequired":true,"valueName":"search_term_string"}}],"inLanguage":"pt-BR"},{"@type":"Organization","@id":"https:\/\/www.suno.com.br\/noticias\/#organization","name":"Suno Not\u00edcias","url":"https:\/\/www.suno.com.br\/noticias\/","logo":{"@type":"ImageObject","inLanguage":"pt-BR","@id":"https:\/\/www.suno.com.br\/noticias\/#\/schema\/logo\/image\/","url":"https:\/\/files.sunoresearch.com.br\/n\/uploads\/2021\/09\/suno-logo.png","contentUrl":"https:\/\/files.sunoresearch.com.br\/n\/uploads\/2021\/09\/suno-logo.png","width":180,"height":180,"caption":"Suno Not\u00edcias"},"image":{"@id":"https:\/\/www.suno.com.br\/noticias\/#\/schema\/logo\/image\/"},"sameAs":["https:\/\/facebook.com\/sunoresearch","https:\/\/x.com\/sunoresearch","https:\/\/www.instagram.com\/suno","https:\/\/www.linkedin.com\/company\/suno-research\/","https:\/\/www.youtube.com\/c\/sunoresearch"]},{"@type":"Person","@id":"https:\/\/www.suno.com.br\/noticias\/#\/schema\/person\/918d79de1f0281f01599b93f9ea6e23f","name":"Jader Lazarini","image":{"@type":"ImageObject","inLanguage":"pt-BR","@id":"https:\/\/www.suno.com.br\/noticias\/#\/schema\/person\/image\/","url":"https:\/\/secure.gravatar.com\/avatar\/3c1ad8caa51589841baeb923fcddea97?s=96&r=g","contentUrl":"https:\/\/secure.gravatar.com\/avatar\/3c1ad8caa51589841baeb923fcddea97?s=96&r=g","caption":"Jader Lazarini"},"description":"Jader Lazarini escreve sobre investimentos, finan\u00e7as, economia e neg\u00f3cios. \u00c9 bacharel em Rela\u00e7\u00f5es Internacionais e analista CNPI (2619).","url":"https:\/\/www.suno.com.br\/noticias\/author\/jader-lazarini\/"}]}},"default_loop_html":"<div class=\"cardsPage__listCard__boxs\"><div class=\"cardsPage__listCard__boxs__img\"><a href=\"https:\/\/www.suno.com.br\/noticias\/vamos-locacao-simpar-simh3-oferta-restrita\/\"><img class=\"mask\" src=\"https:\/\/www.suno.com.br\/noticias\/wp-content\/themes\/suno\/resources\/images\/spotlight\/spotlight1img\/bg-mask.png\" alt=\"Image Mask\"\/><img src=\"https:\/\/files.sunoresearch.com.br\/n\/uploads\/2020\/11\/48f6762e-1592011264725-400x200.webp\" alt=\"Vamos Loca\u00e7\u00e3o, da Simpar, far\u00e1 oferta restrita de a\u00e7\u00f5es e pode levantar R$ 1,15 bi\"\/><\/a><span class=\"spotlightCategory\"><a href=\"https:\/\/www.suno.com.br\/noticias\/negocios\/\">Neg\u00f3cios<\/a><\/span><\/div><div class=\"cardsPage__listCard__boxs__content\"><a href=\"https:\/\/www.suno.com.br\/noticias\/vamos-locacao-simpar-simh3-oferta-restrita\/\"><h2 class=\"content__title\">Vamos Loca\u00e7\u00e3o, da Simpar, far\u00e1 oferta restrita de a\u00e7\u00f5es e pode levantar R$ 1,15 bi<\/h2><\/a><div class=\"newsContent__article__meta\"><div class=\"newsContent__article__meta__authorBox\"><a href=\"https:\/\/www.suno.com.br\/noticias\/author\/jader-lazarini\/\" class=\"authorBox__avatar noMobi\"><img src=\"https:\/\/files.sunoresearch.com.br\/n\/uploads\/2021\/01\/178e6598-foto-perfil-2-150x150.jpg\" alt=\"Jader Lazarini\"><\/a><div class=\"authorBox__name\"><span>por\n\t\t\t<a href=\"https:\/\/www.suno.com.br\/noticias\/author\/jader-lazarini\/\"><span itemprop=\"author\">Jader Lazarini<\/span><\/a><\/span><time datetime=\"2021-01-19T07:47:24-03:00\" itemprop=\"datePublished\">19\/01\/2021 07:47<\/time><\/div><\/div><\/div><\/div><\/div>","single_layout":"posts","amp_enabled":true,"_links":{"self":[{"href":"https:\/\/www.suno.com.br\/noticias\/wp-json\/wp\/v2\/posts\/114247"}],"collection":[{"href":"https:\/\/www.suno.com.br\/noticias\/wp-json\/wp\/v2\/posts"}],"about":[{"href":"https:\/\/www.suno.com.br\/noticias\/wp-json\/wp\/v2\/types\/post"}],"author":[{"embeddable":true,"href":"https:\/\/www.suno.com.br\/noticias\/wp-json\/wp\/v2\/users\/24"}],"replies":[{"embeddable":true,"href":"https:\/\/www.suno.com.br\/noticias\/wp-json\/wp\/v2\/comments?post=114247"}],"version-history":[{"count":1,"href":"https:\/\/www.suno.com.br\/noticias\/wp-json\/wp\/v2\/posts\/114247\/revisions"}],"predecessor-version":[{"id":147201,"href":"https:\/\/www.suno.com.br\/noticias\/wp-json\/wp\/v2\/posts\/114247\/revisions\/147201"}],"wp:featuredmedia":[{"embeddable":true,"href":"https:\/\/www.suno.com.br\/noticias\/wp-json\/wp\/v2\/media\/96689"}],"wp:attachment":[{"href":"https:\/\/www.suno.com.br\/noticias\/wp-json\/wp\/v2\/media?parent=114247"}],"wp:term":[{"taxonomy":"category","embeddable":true,"href":"https:\/\/www.suno.com.br\/noticias\/wp-json\/wp\/v2\/categories?post=114247"},{"taxonomy":"post_tag","embeddable":true,"href":"https:\/\/www.suno.com.br\/noticias\/wp-json\/wp\/v2\/tags?post=114247"},{"taxonomy":"suno_strategy","embeddable":true,"href":"https:\/\/www.suno.com.br\/noticias\/wp-json\/wp\/v2\/suno_strategy?post=114247"}],"curies":[{"name":"wp","href":"https:\/\/api.w.org\/{rel}","templated":true}]}}