{"id":114175,"date":"2021-01-19T15:25:49","date_gmt":"2021-01-19T18:25:49","guid":{"rendered":"https:\/\/www.suno.com.br\/noticias\/?p=114175"},"modified":"2021-02-18T17:22:48","modified_gmt":"2021-02-18T20:22:48","slug":"selic-inflacao-retomada","status":"publish","type":"post","link":"https:\/\/www.suno.com.br\/noticias\/selic-inflacao-retomada\/","title":{"rendered":"Ciclo da Selic deve mudar, mas infla\u00e7\u00e3o e retomada ainda preocupam mercado"},"content":{"rendered":"<p>A reuni\u00e3o do <a href=\"https:\/\/www.suno.com.br\/artigos\/copom\/\" target=\"_blank\" rel=\"noopener noreferrer\">Comit\u00ea de Pol\u00edtica Monet\u00e1ria (Copom)<\/a> do <a href=\"https:\/\/www.suno.com.br\/artigos\/bacen\/\" target=\"_blank\" rel=\"noopener noreferrer\">Banco Central do Brasil<\/a>, que come\u00e7ou nesta ter\u00e7a-feira (19), deve apontar para um novo ciclo da <a href=\"https:\/\/www.suno.com.br\/artigos\/taxa-selic\/\">taxa b\u00e1sica de juros (<strong>Selic<\/strong>)<\/a> no Pa\u00eds, apesar da alta da infla\u00e7\u00e3o e de uma recupera\u00e7\u00e3o ainda incerta embaralhar as apostas.<\/p>\t<div class=\"wrapper-featured-image\">\n\t\t<figure class=\"spotlightImg\">\n\n\t\t\t<picture>\n\t\t\t\t<source media=\"(max-width: 768px)\" srcset=\"https:\/\/files.sunoresearch.com.br\/n\/uploads\/2020\/12\/9303bbb0-boletim-focus-400x200.webp\">\n\t\t\t\t<img loading=\"lazy\" decoding=\"async\" class=\"newsContent__article__imgCapa lazyloadDisabled \" src=\"https:\/\/files.sunoresearch.com.br\/n\/uploads\/2020\/12\/9303bbb0-boletim-focus-800x450.webp\" width=\"800\" height=\"450\" alt=\"Ciclo da Selic deve mudar, mas infla\u00e7\u00e3o e retomada ainda preocupam mercado\" fetchpriority=high \/>\n\t\t\t<\/picture>\n\n\t\t\t<figcaption class=\"wp-caption-text wp-caption-text--show\">Ciclo da Selic deve mudar, mas infla\u00e7\u00e3o e retomada ainda preocupam mercado<\/figcaption>\n\t\t<\/figure>\n\t<\/div>\n\n\n\t<p>\n\t\t<a href=\"https:\/\/lp.suno.com.br\/planilha-controle-gastos\/\" target=\"_blank\" data-element=\"shortcode-suno-banner\" title=\"Banner SUNO, clique e saiba mais\">\n\t\t\t<picture>\n\t\t\t\t<source media=\"(max-width: 500px)\" srcset=\"https:\/\/files.sunoresearch.com.br\/n\/uploads\/2023\/03\/400x300-Planilha-controle-de-gastos.png\">\n\t\t\t\t<img class=\"newsContent__article__imgCapa newsContent__article__imgCapa--banner\"\n\t\t\t\t\tsrc=\"https:\/\/files.sunoresearch.com.br\/n\/uploads\/2023\/03\/1420x240-Planilha-controle-de-gastos.png\"\n\t\t\t\t\tdata-promo-id=\"101751\"\t\t\t\t\t\t\t\t\t\twidth='1420' height='240'\t\t\t\t\talt=\"https:\/\/files.sunoresearch.com.br\/n\/uploads\/2023\/03\/1420x240-Planilha-controle-de-gastos.png\"\n\t\t\t\t>\n\t\t\t<\/picture>\n\t\t<\/a>\n\t<\/p>\n\n\n<p>Segundo especialistas ouvidos pelo <strong>SUNO Not\u00edcias<\/strong>, o BC dever\u00e1 retirar o <strong>forward guidance<\/strong>, que \u00e9 uma indica\u00e7\u00e3o de m\u00e9dio prazo dada pelo BC sobre como pretende conduzir a pol\u00edtica monet\u00e1ria, nesta reuni\u00e3o. Isso dever\u00e1 ser interpretado pelos agentes do mercado que o ciclo de baixa da Selic chegou ao fim.<\/p>\n<p>&#8220;O forward guidance deve ser abandonando j\u00e1 nessa reuni\u00e3o e a partir de junho de 2021 podemos ter o in\u00edcio da sequ\u00eancia de altas da Selic que deve ser gradual e ir at\u00e9 2022. At\u00e9 final de 2021, nossa estimativa \u00e9 de Selic de 3,5%&#8221;, disse Rafaela Vit\u00f3ria, economista-chefe do <a href=\"https:\/\/www.suno.com.br\/acoes\/bidi11\/\">Banco Inter (BIDI11)<\/a>.<\/p>\n<p><a href=\"https:\/\/lp.suno.com.br\/suno-one\/\"><span style=\"font-weight: 400;\">Suno One: acesse gratuitamente eBooks, Minicursos, Artigos e Video Aulas sobre investimentos com um \u00fanico cadastro. Clique para saber mais!<\/span><\/a><\/p>\n<p>A retirada do foward guidance \u00e9 quase unanimidade no mercado. Consultados pelo <strong>SUNO Not\u00edcias<\/strong>, <a href=\"https:\/\/www.suno.com.br\/acoes\/bpac11\/\">BTG Pactual (BPAC11)<\/a>, Goldman Sachs e <a href=\"https:\/\/www.suno.com.br\/acoes\/itub4\/\">Ita\u00fa Unibanco (ITUB4)<\/a> esperam a mudan\u00e7a.<\/p>\n<p>&#8220;Mantivemos a nossa expectativa de taxa Selic em 3,5% a.a. no final de 2021, mas antecipamos o in\u00edcio do ciclo de alta para maio, em raz\u00e3o do ambiente inflacion\u00e1rio. Esperamos tamb\u00e9m que o Copom abandone o forward guidance na reuni\u00e3o de janeiro&#8221;, informou o Ita\u00fa Unibanco, em nota.<\/p>\n<p>Para o BTG, por exemplo, a retirada \u00e9 esperada, mas um aumento da Selic n\u00e3o ser\u00e1 autom\u00e1tico.<\/p>\n\t<p>\n\t\t<a href=\"https:\/\/lp.suno.com.br\/ebook-como-analisar-uma-acao\/\" target=\"_blank\" data-element=\"shortcode-suno-banner\" title=\"Banner SUNO, clique e saiba mais\">\n\t\t\t<picture>\n\t\t\t\t<source media=\"(max-width: 500px)\" srcset=\"https:\/\/files.sunoresearch.com.br\/n\/uploads\/2023\/03\/Ebook-Acoes-Mobile.jpg\">\n\t\t\t\t<img class=\"newsContent__article__imgCapa newsContent__article__imgCapa--banner\"\n\t\t\t\t\tsrc=\"https:\/\/files.sunoresearch.com.br\/n\/uploads\/2023\/03\/Ebook-Acoes-Desktop.jpg\"\n\t\t\t\t\tdata-promo-id=\"378302\"\t\t\t\t\t\t\t\t\t\twidth='1420' height='286'\t\t\t\t\talt=\"https:\/\/files.sunoresearch.com.br\/n\/uploads\/2023\/03\/Ebook-Acoes-Desktop.jpg\"\n\t\t\t\t>\n\t\t\t<\/picture>\n\t\t<\/a>\n\t<\/p>\n\n\n<p>&#8220;Tal decis\u00e3o dificilmente seria surpreendente dada a sinaliza\u00e7\u00e3o emitida desde o comunicado p\u00f3s-reuni\u00e3o sobre a \u201cpossibilidade de retirada do FG em breve\u201d, disse, em nota. &#8220;Com a decis\u00e3o, o comit\u00ea tamb\u00e9m manteria a mensagem de que a retirada do \u201cFG\u201d n\u00e3o mecanicamente implicar um aumento da taxa de juros&#8221;, afirmou o banco.<\/p>\n<h2>Infla\u00e7\u00e3o, recupera\u00e7\u00e3o e endividamento ainda preocupam<\/h2>\n<p>H\u00e1 tr\u00eas motivos principais para que o mercado aponte para o fim do ciclo de est\u00edmulos, mas n\u00e3o, necessariamente, a um aumento dos juros nesta reuni\u00e3o:<\/p>\n<ul>\n<li><a href=\"https:\/\/www.suno.com.br\/artigos\/inflacao\/\"><strong>infla\u00e7\u00e3o<\/strong><\/a> em alta, mas indo para a meta do BC,<\/li>\n<li>recupera\u00e7\u00e3o da economia ainda lenta<\/li>\n<li>endividamento p\u00fablico elevado.<\/li>\n<li>Para o Goldman Sachs, apesar da infla\u00e7\u00e3o em alta, o \u00edndice de pre\u00e7os deve caminhar para a meta j\u00e1 neste ano e ser enquadrado no ano que vem, aliviando a press\u00e3o por uma alta mais r\u00e1pida ou maior da Selic.<\/li>\n<\/ul>\n<p>&#8220;Em 2022, a infla\u00e7\u00e3o deve caminhar para perto da meta e, no ano que vem, em breve, ganhar\u00e3o peso extra em fun\u00e7\u00e3o de rea\u00e7\u00e3o do Copom&#8221;, disse o banco, em nota.<\/p>\n\t<div data-element=\"shortcode-read-more\" class=\"knowMore\">\n\t\t\t\t<span class=\"knowMore__title\">Leia tamb\u00e9m<\/span>\n\t\t\t\t<a class=\"knowMore__link\" href=\"https:\/\/www.suno.com.br\/noticias\/copom-itau-retirada-forward-guidance-juros-estaveis\/\">\n\t\t\tCopom: Ita\u00fa espera retirada de forward guidance, mas com juros est\u00e1veis\t\t<\/a>\n\t<\/div>\n\n\n<p>A infla\u00e7\u00e3o vem apertando as decis\u00f5es do Copom, que segue pressionado para conter a alta dos pre\u00e7os ao subir as taxas, tirando cr\u00e9dito do mercado e, assim, diminuindo o consumo.<\/p>\n<p>No ano passado, a\u00a0<a href=\"https:\/\/www.suno.com.br\/artigos\/inflacao\/\">infla\u00e7\u00e3o<\/a> oficial do pa\u00eds, medida pelo<a href=\"https:\/\/www.suno.com.br\/artigos\/ipca\/\">\u00a0\u00cdndice Nacional de Pre\u00e7os ao Consumidor Amplo (<strong>IPCA<\/strong>)<\/a>, fechou 2020 com alta de 4,52%, acima dos 4,31% registrados em 2019, na maior taxa acumulada no ano desde dezembro de 2016, quando havia registrado 6,29%.<\/p>\n<p>De acordo com o Goldman, a mediana da expectativa do mercado para a taxa Selic para no final do ano de 2021 \u00e9 de 3,25% e, para 2022, de 4,75%.<\/p>\n<p>Al\u00e9m da infla\u00e7\u00e3o, como a r<a href=\"https:\/\/www.suno.com.br\/noticias\/america-latina-recuperacao-economica-lenta-sp\/\">ecupera\u00e7\u00e3o econ\u00f4mica ainda \u00e9 lenta<\/a>, o Copom s\u00f3 deve come\u00e7ar a subir a taxa b\u00e1sica de juros no segundo trimestre deste ano.<\/p>\n<p>&#8220;A eleva\u00e7\u00e3o da taxa Selic deve coincidir com o processo de recupera\u00e7\u00e3o da economia, e portanto o motivo para a retirada dos est\u00edmulos. O consumo deve continuar recuperando para o patamar pr\u00e9-pandemia, principalmente com a volta da mobilidade e a retomada dos setores de servi\u00e7os&#8221;, afirmou Rafaela Vit\u00f3ria, economista-chefe do Inter.<\/p>\n<p>Outro ponto \u00e9 o endividamento elevado do Pa\u00eds, que faz com que o mercado exija pr\u00eamios maiores (leia-se uma taxa de juros maior) para ajudar o estado a se financiar.<\/p>\n<p>&#8220;Cen\u00e1rios alternativos de deteriora\u00e7\u00e3o do cen\u00e1rio fiscal continuam sendo a maior preocupa\u00e7\u00e3o, oscilando o equil\u00edbrio dos riscos para o lado positivo. Mas com a manuten\u00e7\u00e3o do regime fiscal, as mais recentes as previs\u00f5es condicionais sugerem que ainda n\u00e3o haveria necessidade de pressa para aperto monet\u00e1rio&#8221;, disse o BTG, em nota.<\/p>\n<h2>Alta da Selic n\u00e3o deve afetar Bolsa<\/h2>\n<p>Apesar do fim do ciclo de baixa da Selic, os ativos listados na <a href=\"https:\/\/www.suno.com.br\/artigos\/b3\/\">Bolsa de Valores de S\u00e3o Paulo (B3)<\/a> n\u00e3o devem sofrer com a sa\u00edda de capital em busca do conforto dos <strong><a href=\"https:\/\/www.suno.com.br\/artigos\/tesouro-direto\/\">t\u00edtulos p\u00fablicos<\/a><\/strong>.<\/p>\n<p>&#8220;Teoricamente, uma taxa de juros maior significa que uma taxa maior de desconto que refletiria em pre\u00e7os menores dos ativos da Bolsa&#8221;, afirmou Eliseu Hernandez D&#8217;oliveira, especialista em renda fixa, produtos e aloca\u00e7\u00e3o da Blue Trade.<\/p>\n\t<div data-element=\"shortcode-read-more\" class=\"knowMore\">\n\t\t\t\t<span class=\"knowMore__title\">Leia tamb\u00e9m<\/span>\n\t\t\t\t<a class=\"knowMore__link\" href=\"https:\/\/www.suno.com.br\/noticias\/ipca-inflacao-dezembro-2020\/\">\n\t\t\tIPCA: Infla\u00e7\u00e3o fecha 2020 em 4,52%, maior alta desde 2016\t\t<\/a>\n\t<\/div>\n\n\n<p>&#8220;Entretanto, com a Selic a 3,25% ao ano, conforme o mercado est\u00e1 esperando, significa ainda que as taxas permanecem muito baixas para os padr\u00f5es brasileiros. O investidor que busca maiores rentabilidades continuar\u00e1 a buscar na bolsa de valores a oportunidade de maiores ganhos&#8221;, completou.<\/p>\n<p>Para Rafaela Vit\u00f3ria, economista-chefe do Inter, apesar do fim do ciclo de baixa da Selic, a taxa b\u00e1sica de juros ainda estar\u00e1 abaixo do n\u00edvel hist\u00f3rico do Pa\u00eds.<\/p>\n<p>&#8220;Al\u00e9m disso, os juros de longo prazo ainda est\u00e3o bastante elevados e embutem altas significativas da taxa <strong>Selic<\/strong>, que n\u00e3o sendo necess\u00e1rias, podemos at\u00e9 ver um efeito maior de desinclina\u00e7\u00e3o da curva de juros, o que tende a favorecer os investimentos no Brasil e impulsionar ainda mais a atividade. Nesse cen\u00e1rio de juros reais menores e expectativa maior de crescimento da economia, as bolsas tamb\u00e9m podem ser favorecidas&#8221;, concluiu.<\/p>\n\t<p>\n\t\t<a href=\"https:\/\/lp.suno.com.br\/planilha-de-controle-de-investimentos\/\" target=\"_blank\" data-element=\"shortcode-suno-banner\" title=\"Banner SUNO, clique e saiba mais\">\n\t\t\t<picture>\n\t\t\t\t<source media=\"(max-width: 500px)\" srcset=\"https:\/\/files.sunoresearch.com.br\/n\/uploads\/2023\/03\/400x300-Controle-de-Investimentos.png\">\n\t\t\t\t<img class=\"newsContent__article__imgCapa newsContent__article__imgCapa--banner\"\n\t\t\t\t\tsrc=\"https:\/\/files.sunoresearch.com.br\/n\/uploads\/2023\/03\/1420x240-Controle-de-Investimentos.png\"\n\t\t\t\t\tdata-promo-id=\"75934\"\t\t\t\t\t\t\t\t\t\twidth='1420' height='240'\t\t\t\t\talt=\"https:\/\/files.sunoresearch.com.br\/n\/uploads\/2023\/03\/1420x240-Controle-de-Investimentos.png\"\n\t\t\t\t>\n\t\t\t<\/picture>\n\t\t<\/a>\n\t<\/p>\n\n\n","protected":false},"excerpt":{"rendered":"<p>A reuni\u00e3o do Comit\u00ea de Pol\u00edtica Monet\u00e1ria (Copom) do Banco Central do Brasil, que come\u00e7ou nesta ter\u00e7a-feira (19), deve apontar para um novo ciclo da taxa b\u00e1sica de juros (Selic) no Pa\u00eds, apesar da alta da infla\u00e7\u00e3o e de uma recupera\u00e7\u00e3o ainda incerta embaralhar as apostas. Ciclo da Selic deve mudar, mas infla\u00e7\u00e3o e retomada [&hellip;]<\/p>\n","protected":false},"author":27,"featured_media":110417,"comment_status":"closed","ping_status":"closed","sticky":false,"template":"","format":"standard","meta":[],"categories":[62],"tags":[1842,1104,1752,290],"suno_strategy":[],"class_list":["post-114175","post","type-post","status-publish","format-standard","has-post-thumbnail","hentry","category-economia","tag-banco-central-bc","tag-copom","tag-taxa-de-juros","tag-taxa-selic"],"yoast_head":"<!-- This site is optimized with the Yoast SEO plugin v24.4 - https:\/\/yoast.com\/wordpress\/plugins\/seo\/ -->\n<title>Ciclo da Selic deve mudar, mas infla\u00e7\u00e3o e retomada ainda preocupam<\/title>\n<meta name=\"description\" content=\"Segundo especialistas, BC deve sinalizar fim do ciclo de baixa da Selic, mas n\u00e3o come\u00e7o da alta. Clique aqui para ler mais sobre.\" \/>\n<meta name=\"robots\" content=\"index, follow, max-snippet:-1, max-image-preview:large, max-video-preview:-1\" \/>\n<link rel=\"canonical\" href=\"https:\/\/www.suno.com.br\/noticias\/selic-inflacao-retomada\/\" \/>\n<meta property=\"og:locale\" content=\"pt_BR\" \/>\n<meta property=\"og:type\" content=\"article\" \/>\n<meta property=\"og:title\" content=\"Ciclo da Selic deve mudar, mas infla\u00e7\u00e3o e retomada ainda preocupam\" \/>\n<meta property=\"og:description\" content=\"Segundo especialistas, BC deve sinalizar fim do ciclo de baixa da Selic, mas n\u00e3o come\u00e7o da alta. Clique aqui para ler mais sobre.\" \/>\n<meta property=\"og:url\" content=\"https:\/\/www.suno.com.br\/noticias\/selic-inflacao-retomada\/\" \/>\n<meta property=\"og:site_name\" content=\"Suno Not\u00edcias\" \/>\n<meta property=\"article:publisher\" content=\"https:\/\/facebook.com\/sunoresearch\" \/>\n<meta property=\"og:image\" content=\"https:\/\/files.sunoresearch.com.br\/n\/uploads\/2020\/12\/9303bbb0-boletim-focus.jpg\" \/>\n\t<meta property=\"og:image:width\" content=\"1024\" \/>\n\t<meta property=\"og:image:height\" content=\"532\" \/>\n\t<meta property=\"og:image:type\" content=\"image\/jpeg\" \/>\n<meta name=\"author\" content=\"Vinicius Pereira\" \/>\n<meta name=\"twitter:card\" content=\"summary_large_image\" \/>\n<meta name=\"twitter:creator\" content=\"@https:\/\/twitter.com\/viniciuspjornal\" \/>\n<meta name=\"twitter:site\" content=\"@sunoresearch\" \/>\n<meta name=\"twitter:label1\" content=\"Escrito por\" \/>\n\t<meta name=\"twitter:data1\" content=\"Vinicius Pereira\" \/>\n\t<meta name=\"twitter:label2\" content=\"Est. tempo de leitura\" \/>\n\t<meta name=\"twitter:data2\" content=\"5 minutos\" \/>\n<script type=\"application\/ld+json\" class=\"yoast-schema-graph\">{\"@context\":\"https:\/\/schema.org\",\"@graph\":[{\"@type\":\"NewsArticle\",\"@id\":\"https:\/\/www.suno.com.br\/noticias\/selic-inflacao-retomada\/#article\",\"isPartOf\":{\"@id\":\"https:\/\/www.suno.com.br\/noticias\/selic-inflacao-retomada\/\"},\"author\":{\"name\":\"Vinicius Pereira\",\"@id\":\"https:\/\/www.suno.com.br\/noticias\/#\/schema\/person\/a20761b96e4df7eb57f1f9e41be1dbf3\"},\"headline\":\"Ciclo da Selic deve mudar, mas infla\u00e7\u00e3o e retomada ainda preocupam mercado\",\"datePublished\":\"2021-01-19T18:25:49+00:00\",\"dateModified\":\"2021-02-18T20:22:48+00:00\",\"mainEntityOfPage\":{\"@id\":\"https:\/\/www.suno.com.br\/noticias\/selic-inflacao-retomada\/\"},\"wordCount\":1043,\"publisher\":{\"@id\":\"https:\/\/www.suno.com.br\/noticias\/#organization\"},\"image\":{\"@id\":\"https:\/\/www.suno.com.br\/noticias\/selic-inflacao-retomada\/#primaryimage\"},\"thumbnailUrl\":\"https:\/\/files.sunoresearch.com.br\/n\/uploads\/2020\/12\/9303bbb0-boletim-focus-jpg.webp\",\"keywords\":[\"Banco Central (BC)\",\"Copom\",\"taxa de juros\",\"Taxa Selic\"],\"articleSection\":[\"Economia\"],\"inLanguage\":\"pt-BR\"},{\"@type\":\"WebPage\",\"@id\":\"https:\/\/www.suno.com.br\/noticias\/selic-inflacao-retomada\/\",\"url\":\"https:\/\/www.suno.com.br\/noticias\/selic-inflacao-retomada\/\",\"name\":\"Ciclo da Selic deve mudar, mas infla\u00e7\u00e3o e retomada ainda preocupam\",\"isPartOf\":{\"@id\":\"https:\/\/www.suno.com.br\/noticias\/#website\"},\"primaryImageOfPage\":{\"@id\":\"https:\/\/www.suno.com.br\/noticias\/selic-inflacao-retomada\/#primaryimage\"},\"image\":{\"@id\":\"https:\/\/www.suno.com.br\/noticias\/selic-inflacao-retomada\/#primaryimage\"},\"thumbnailUrl\":\"https:\/\/files.sunoresearch.com.br\/n\/uploads\/2020\/12\/9303bbb0-boletim-focus-jpg.webp\",\"datePublished\":\"2021-01-19T18:25:49+00:00\",\"dateModified\":\"2021-02-18T20:22:48+00:00\",\"description\":\"Segundo especialistas, BC deve sinalizar fim do ciclo de baixa da Selic, mas n\u00e3o come\u00e7o da alta. Clique aqui para ler mais sobre.\",\"breadcrumb\":{\"@id\":\"https:\/\/www.suno.com.br\/noticias\/selic-inflacao-retomada\/#breadcrumb\"},\"inLanguage\":\"pt-BR\",\"potentialAction\":[{\"@type\":\"ReadAction\",\"target\":[\"https:\/\/www.suno.com.br\/noticias\/selic-inflacao-retomada\/\"]}]},{\"@type\":\"ImageObject\",\"inLanguage\":\"pt-BR\",\"@id\":\"https:\/\/www.suno.com.br\/noticias\/selic-inflacao-retomada\/#primaryimage\",\"url\":\"https:\/\/files.sunoresearch.com.br\/n\/uploads\/2020\/12\/9303bbb0-boletim-focus-jpg.webp\",\"contentUrl\":\"https:\/\/files.sunoresearch.com.br\/n\/uploads\/2020\/12\/9303bbb0-boletim-focus-jpg.webp\",\"width\":1024,\"height\":532,\"caption\":\"Ciclo da Selic deve mudar, mas infla\u00e7\u00e3o e retomada ainda preocupam mercado\"},{\"@type\":\"BreadcrumbList\",\"@id\":\"https:\/\/www.suno.com.br\/noticias\/selic-inflacao-retomada\/#breadcrumb\",\"itemListElement\":[{\"@type\":\"ListItem\",\"position\":1,\"name\":\"Not\u00edcias\",\"item\":\"https:\/\/www.suno.com.br\/noticias\/\"},{\"@type\":\"ListItem\",\"position\":2,\"name\":\"Economia\",\"item\":\"https:\/\/www.suno.com.br\/noticias\/economia\/\"},{\"@type\":\"ListItem\",\"position\":3,\"name\":\"Ciclo da Selic deve mudar, mas infla\u00e7\u00e3o e retomada ainda preocupam mercado\"}]},{\"@type\":\"WebSite\",\"@id\":\"https:\/\/www.suno.com.br\/noticias\/#website\",\"url\":\"https:\/\/www.suno.com.br\/noticias\/\",\"name\":\"Suno Not\u00edcias\",\"description\":\"Seu portal de informa\u00e7\u00e3o sobre o mundo dos investimentos\",\"publisher\":{\"@id\":\"https:\/\/www.suno.com.br\/noticias\/#organization\"},\"potentialAction\":[{\"@type\":\"SearchAction\",\"target\":{\"@type\":\"EntryPoint\",\"urlTemplate\":\"https:\/\/www.suno.com.br\/noticias\/?s={search_term_string}\"},\"query-input\":{\"@type\":\"PropertyValueSpecification\",\"valueRequired\":true,\"valueName\":\"search_term_string\"}}],\"inLanguage\":\"pt-BR\"},{\"@type\":\"Organization\",\"@id\":\"https:\/\/www.suno.com.br\/noticias\/#organization\",\"name\":\"Suno Not\u00edcias\",\"url\":\"https:\/\/www.suno.com.br\/noticias\/\",\"logo\":{\"@type\":\"ImageObject\",\"inLanguage\":\"pt-BR\",\"@id\":\"https:\/\/www.suno.com.br\/noticias\/#\/schema\/logo\/image\/\",\"url\":\"https:\/\/files.sunoresearch.com.br\/n\/uploads\/2021\/09\/suno-logo.png\",\"contentUrl\":\"https:\/\/files.sunoresearch.com.br\/n\/uploads\/2021\/09\/suno-logo.png\",\"width\":180,\"height\":180,\"caption\":\"Suno Not\u00edcias\"},\"image\":{\"@id\":\"https:\/\/www.suno.com.br\/noticias\/#\/schema\/logo\/image\/\"},\"sameAs\":[\"https:\/\/facebook.com\/sunoresearch\",\"https:\/\/x.com\/sunoresearch\",\"https:\/\/www.instagram.com\/suno\",\"https:\/\/www.linkedin.com\/company\/suno-research\/\",\"https:\/\/www.youtube.com\/c\/sunoresearch\"]},{\"@type\":\"Person\",\"@id\":\"https:\/\/www.suno.com.br\/noticias\/#\/schema\/person\/a20761b96e4df7eb57f1f9e41be1dbf3\",\"name\":\"Vinicius Pereira\",\"image\":{\"@type\":\"ImageObject\",\"inLanguage\":\"pt-BR\",\"@id\":\"https:\/\/www.suno.com.br\/noticias\/#\/schema\/person\/image\/\",\"url\":\"https:\/\/secure.gravatar.com\/avatar\/783866b933198f5cc4c5d03fcc8b1301?s=96&r=g\",\"contentUrl\":\"https:\/\/secure.gravatar.com\/avatar\/783866b933198f5cc4c5d03fcc8b1301?s=96&r=g\",\"caption\":\"Vinicius Pereira\"},\"description\":\"Vinicius Pereira foi rep\u00f3rter de economia da Folha de S.Paulo, stringer do jornal no Canad\u00e1 e colaborador de VEJA. J\u00e1 escreveu tamb\u00e9m para BBC Brasil, The Intercept Brasil e UOL. Tem MBA em Informa\u00e7\u00f5es Econ\u00f4mico-Financeiras e Mercado de Capitais pela FIA\/B3.\",\"sameAs\":[\"https:\/\/x.com\/https:\/\/twitter.com\/viniciuspjornal\"],\"url\":\"https:\/\/www.suno.com.br\/noticias\/author\/vinicius-pereira\/\"}]}<\/script>\n<!-- \/ Yoast SEO plugin. -->","yoast_head_json":{"title":"Ciclo da Selic deve mudar, mas infla\u00e7\u00e3o e retomada ainda preocupam","description":"Segundo especialistas, BC deve sinalizar fim do ciclo de baixa da Selic, mas n\u00e3o come\u00e7o da alta. Clique aqui para ler mais sobre.","robots":{"index":"index","follow":"follow","max-snippet":"max-snippet:-1","max-image-preview":"max-image-preview:large","max-video-preview":"max-video-preview:-1"},"canonical":"https:\/\/www.suno.com.br\/noticias\/selic-inflacao-retomada\/","og_locale":"pt_BR","og_type":"article","og_title":"Ciclo da Selic deve mudar, mas infla\u00e7\u00e3o e retomada ainda preocupam","og_description":"Segundo especialistas, BC deve sinalizar fim do ciclo de baixa da Selic, mas n\u00e3o come\u00e7o da alta. Clique aqui para ler mais sobre.","og_url":"https:\/\/www.suno.com.br\/noticias\/selic-inflacao-retomada\/","og_site_name":"Suno Not\u00edcias","article_publisher":"https:\/\/facebook.com\/sunoresearch","og_image":[{"width":1024,"height":532,"url":"https:\/\/files.sunoresearch.com.br\/n\/uploads\/2020\/12\/9303bbb0-boletim-focus.jpg","type":"image\/jpeg"}],"author":"Vinicius Pereira","twitter_card":"summary_large_image","twitter_creator":"@https:\/\/twitter.com\/viniciuspjornal","twitter_site":"@sunoresearch","twitter_misc":{"Escrito por":"Vinicius Pereira","Est. tempo de leitura":"5 minutos"},"schema":{"@context":"https:\/\/schema.org","@graph":[{"@type":"NewsArticle","@id":"https:\/\/www.suno.com.br\/noticias\/selic-inflacao-retomada\/#article","isPartOf":{"@id":"https:\/\/www.suno.com.br\/noticias\/selic-inflacao-retomada\/"},"author":{"name":"Vinicius Pereira","@id":"https:\/\/www.suno.com.br\/noticias\/#\/schema\/person\/a20761b96e4df7eb57f1f9e41be1dbf3"},"headline":"Ciclo da Selic deve mudar, mas infla\u00e7\u00e3o e retomada ainda preocupam mercado","datePublished":"2021-01-19T18:25:49+00:00","dateModified":"2021-02-18T20:22:48+00:00","mainEntityOfPage":{"@id":"https:\/\/www.suno.com.br\/noticias\/selic-inflacao-retomada\/"},"wordCount":1043,"publisher":{"@id":"https:\/\/www.suno.com.br\/noticias\/#organization"},"image":{"@id":"https:\/\/www.suno.com.br\/noticias\/selic-inflacao-retomada\/#primaryimage"},"thumbnailUrl":"https:\/\/files.sunoresearch.com.br\/n\/uploads\/2020\/12\/9303bbb0-boletim-focus-jpg.webp","keywords":["Banco Central (BC)","Copom","taxa de juros","Taxa Selic"],"articleSection":["Economia"],"inLanguage":"pt-BR"},{"@type":"WebPage","@id":"https:\/\/www.suno.com.br\/noticias\/selic-inflacao-retomada\/","url":"https:\/\/www.suno.com.br\/noticias\/selic-inflacao-retomada\/","name":"Ciclo da Selic deve mudar, mas infla\u00e7\u00e3o e retomada ainda preocupam","isPartOf":{"@id":"https:\/\/www.suno.com.br\/noticias\/#website"},"primaryImageOfPage":{"@id":"https:\/\/www.suno.com.br\/noticias\/selic-inflacao-retomada\/#primaryimage"},"image":{"@id":"https:\/\/www.suno.com.br\/noticias\/selic-inflacao-retomada\/#primaryimage"},"thumbnailUrl":"https:\/\/files.sunoresearch.com.br\/n\/uploads\/2020\/12\/9303bbb0-boletim-focus-jpg.webp","datePublished":"2021-01-19T18:25:49+00:00","dateModified":"2021-02-18T20:22:48+00:00","description":"Segundo especialistas, BC deve sinalizar fim do ciclo de baixa da Selic, mas n\u00e3o come\u00e7o da alta. Clique aqui para ler mais sobre.","breadcrumb":{"@id":"https:\/\/www.suno.com.br\/noticias\/selic-inflacao-retomada\/#breadcrumb"},"inLanguage":"pt-BR","potentialAction":[{"@type":"ReadAction","target":["https:\/\/www.suno.com.br\/noticias\/selic-inflacao-retomada\/"]}]},{"@type":"ImageObject","inLanguage":"pt-BR","@id":"https:\/\/www.suno.com.br\/noticias\/selic-inflacao-retomada\/#primaryimage","url":"https:\/\/files.sunoresearch.com.br\/n\/uploads\/2020\/12\/9303bbb0-boletim-focus-jpg.webp","contentUrl":"https:\/\/files.sunoresearch.com.br\/n\/uploads\/2020\/12\/9303bbb0-boletim-focus-jpg.webp","width":1024,"height":532,"caption":"Ciclo da Selic deve mudar, mas infla\u00e7\u00e3o e retomada ainda preocupam mercado"},{"@type":"BreadcrumbList","@id":"https:\/\/www.suno.com.br\/noticias\/selic-inflacao-retomada\/#breadcrumb","itemListElement":[{"@type":"ListItem","position":1,"name":"Not\u00edcias","item":"https:\/\/www.suno.com.br\/noticias\/"},{"@type":"ListItem","position":2,"name":"Economia","item":"https:\/\/www.suno.com.br\/noticias\/economia\/"},{"@type":"ListItem","position":3,"name":"Ciclo da Selic deve mudar, mas infla\u00e7\u00e3o e retomada ainda preocupam mercado"}]},{"@type":"WebSite","@id":"https:\/\/www.suno.com.br\/noticias\/#website","url":"https:\/\/www.suno.com.br\/noticias\/","name":"Suno Not\u00edcias","description":"Seu portal de informa\u00e7\u00e3o sobre o mundo dos investimentos","publisher":{"@id":"https:\/\/www.suno.com.br\/noticias\/#organization"},"potentialAction":[{"@type":"SearchAction","target":{"@type":"EntryPoint","urlTemplate":"https:\/\/www.suno.com.br\/noticias\/?s={search_term_string}"},"query-input":{"@type":"PropertyValueSpecification","valueRequired":true,"valueName":"search_term_string"}}],"inLanguage":"pt-BR"},{"@type":"Organization","@id":"https:\/\/www.suno.com.br\/noticias\/#organization","name":"Suno Not\u00edcias","url":"https:\/\/www.suno.com.br\/noticias\/","logo":{"@type":"ImageObject","inLanguage":"pt-BR","@id":"https:\/\/www.suno.com.br\/noticias\/#\/schema\/logo\/image\/","url":"https:\/\/files.sunoresearch.com.br\/n\/uploads\/2021\/09\/suno-logo.png","contentUrl":"https:\/\/files.sunoresearch.com.br\/n\/uploads\/2021\/09\/suno-logo.png","width":180,"height":180,"caption":"Suno Not\u00edcias"},"image":{"@id":"https:\/\/www.suno.com.br\/noticias\/#\/schema\/logo\/image\/"},"sameAs":["https:\/\/facebook.com\/sunoresearch","https:\/\/x.com\/sunoresearch","https:\/\/www.instagram.com\/suno","https:\/\/www.linkedin.com\/company\/suno-research\/","https:\/\/www.youtube.com\/c\/sunoresearch"]},{"@type":"Person","@id":"https:\/\/www.suno.com.br\/noticias\/#\/schema\/person\/a20761b96e4df7eb57f1f9e41be1dbf3","name":"Vinicius Pereira","image":{"@type":"ImageObject","inLanguage":"pt-BR","@id":"https:\/\/www.suno.com.br\/noticias\/#\/schema\/person\/image\/","url":"https:\/\/secure.gravatar.com\/avatar\/783866b933198f5cc4c5d03fcc8b1301?s=96&r=g","contentUrl":"https:\/\/secure.gravatar.com\/avatar\/783866b933198f5cc4c5d03fcc8b1301?s=96&r=g","caption":"Vinicius Pereira"},"description":"Vinicius Pereira foi rep\u00f3rter de economia da Folha de S.Paulo, stringer do jornal no Canad\u00e1 e colaborador de VEJA. J\u00e1 escreveu tamb\u00e9m para BBC Brasil, The Intercept Brasil e UOL. Tem MBA em Informa\u00e7\u00f5es Econ\u00f4mico-Financeiras e Mercado de Capitais pela FIA\/B3.","sameAs":["https:\/\/x.com\/https:\/\/twitter.com\/viniciuspjornal"],"url":"https:\/\/www.suno.com.br\/noticias\/author\/vinicius-pereira\/"}]}},"default_loop_html":"<div class=\"cardsPage__listCard__boxs\"><div class=\"cardsPage__listCard__boxs__img\"><a href=\"https:\/\/www.suno.com.br\/noticias\/selic-inflacao-retomada\/\"><img class=\"mask\" src=\"https:\/\/www.suno.com.br\/noticias\/wp-content\/themes\/suno\/resources\/images\/spotlight\/spotlight1img\/bg-mask.png\" alt=\"Image Mask\"\/><img src=\"https:\/\/files.sunoresearch.com.br\/n\/uploads\/2020\/12\/9303bbb0-boletim-focus-400x200.webp\" alt=\"Ciclo da Selic deve mudar, mas infla\u00e7\u00e3o e retomada ainda preocupam mercado\"\/><\/a><span class=\"spotlightCategory\"><a href=\"https:\/\/www.suno.com.br\/noticias\/economia\/\">Economia<\/a><\/span><\/div><div class=\"cardsPage__listCard__boxs__content\"><a href=\"https:\/\/www.suno.com.br\/noticias\/selic-inflacao-retomada\/\"><h2 class=\"content__title\">Ciclo da Selic deve mudar, mas infla\u00e7\u00e3o e retomada ainda preocupam mercado<\/h2><\/a><div class=\"newsContent__article__meta\"><div class=\"newsContent__article__meta__authorBox\"><a href=\"https:\/\/www.suno.com.br\/noticias\/author\/vinicius-pereira\/\" class=\"authorBox__avatar noMobi\"><img src=\"https:\/\/files.sunoresearch.com.br\/n\/uploads\/2020\/08\/77510613-whatsapp-image-2020-08-03-at-13.40.40-150x150.webp\" alt=\"Vinicius Pereira\"><\/a><div class=\"authorBox__name\"><span>por\n\t\t\t<a href=\"https:\/\/www.suno.com.br\/noticias\/author\/vinicius-pereira\/\"><span itemprop=\"author\">Vinicius Pereira<\/span><\/a><\/span><time datetime=\"2021-01-19T15:25:49-03:00\" itemprop=\"datePublished\">19\/01\/2021 15:25<\/time><\/div><\/div><\/div><\/div><\/div>","single_layout":"posts","amp_enabled":true,"_links":{"self":[{"href":"https:\/\/www.suno.com.br\/noticias\/wp-json\/wp\/v2\/posts\/114175"}],"collection":[{"href":"https:\/\/www.suno.com.br\/noticias\/wp-json\/wp\/v2\/posts"}],"about":[{"href":"https:\/\/www.suno.com.br\/noticias\/wp-json\/wp\/v2\/types\/post"}],"author":[{"embeddable":true,"href":"https:\/\/www.suno.com.br\/noticias\/wp-json\/wp\/v2\/users\/27"}],"replies":[{"embeddable":true,"href":"https:\/\/www.suno.com.br\/noticias\/wp-json\/wp\/v2\/comments?post=114175"}],"version-history":[{"count":0,"href":"https:\/\/www.suno.com.br\/noticias\/wp-json\/wp\/v2\/posts\/114175\/revisions"}],"wp:featuredmedia":[{"embeddable":true,"href":"https:\/\/www.suno.com.br\/noticias\/wp-json\/wp\/v2\/media\/110417"}],"wp:attachment":[{"href":"https:\/\/www.suno.com.br\/noticias\/wp-json\/wp\/v2\/media?parent=114175"}],"wp:term":[{"taxonomy":"category","embeddable":true,"href":"https:\/\/www.suno.com.br\/noticias\/wp-json\/wp\/v2\/categories?post=114175"},{"taxonomy":"post_tag","embeddable":true,"href":"https:\/\/www.suno.com.br\/noticias\/wp-json\/wp\/v2\/tags?post=114175"},{"taxonomy":"suno_strategy","embeddable":true,"href":"https:\/\/www.suno.com.br\/noticias\/wp-json\/wp\/v2\/suno_strategy?post=114175"}],"curies":[{"name":"wp","href":"https:\/\/api.w.org\/{rel}","templated":true}]}}