{"id":113996,"date":"2021-01-18T10:05:22","date_gmt":"2021-01-18T13:05:22","guid":{"rendered":"https:\/\/www.suno.com.br\/noticias\/?p=113996"},"modified":"2021-01-22T12:49:52","modified_gmt":"2021-01-22T15:49:52","slug":"osx-assembleia-renovacao-administracao","status":"publish","type":"post","link":"https:\/\/www.suno.com.br\/noticias\/osx-assembleia-renovacao-administracao\/","title":{"rendered":"OSX convocar\u00e1 assembleia para renova\u00e7\u00e3o da administra\u00e7\u00e3o"},"content":{"rendered":"<p>A <a href=\"https:\/\/www.suno.com.br\/acoes\/osxb3\/\"><strong>OSX<\/strong> (OSXB3)<\/a> informou, nesta segunda-feira (18), que convocar\u00e1 uma assembleia geral extraordin\u00e1ria (AGE) para a elei\u00e7\u00e3o da nova administra\u00e7\u00e3o da empresa. A informa\u00e7\u00e3o foi divulgada por meio de um fato relevante.<\/p>\t<div class=\"wrapper-featured-image\">\n\t\t<figure class=\"spotlightImg\">\n\n\t\t\t<picture>\n\t\t\t\t<source media=\"(max-width: 768px)\" srcset=\"https:\/\/files.sunoresearch.com.br\/n\/uploads\/2021\/01\/4c736649-1099557-wdoli_abr_112920175799_1-400x200.webp\">\n\t\t\t\t<img loading=\"lazy\" decoding=\"async\" class=\"newsContent__article__imgCapa lazyloadDisabled \" src=\"https:\/\/files.sunoresearch.com.br\/n\/uploads\/2021\/01\/4c736649-1099557-wdoli_abr_112920175799_1-800x450.webp\" width=\"800\" height=\"450\" alt=\"OSX convocar\u00e1 assembleia para renova\u00e7\u00e3o da administra\u00e7\u00e3o\" fetchpriority=high \/>\n\t\t\t<\/picture>\n\n\t\t\t<figcaption class=\"wp-caption-text wp-caption-text--show\">A OSX (OSXB3) informou que convocar\u00e1 uma assembleia geral extraordin\u00e1ria (AGE) para a elei\u00e7\u00e3o da nova administra\u00e7\u00e3o da empresa. <\/figcaption>\n\t\t<\/figure>\n\t<\/div>\n\n\n\t<p>\n\t\t<a href=\"https:\/\/lp.suno.com.br\/planilha-controle-gastos\/\" target=\"_blank\" data-element=\"shortcode-suno-banner\" title=\"Banner SUNO, clique e saiba mais\">\n\t\t\t<picture>\n\t\t\t\t<source media=\"(max-width: 500px)\" srcset=\"https:\/\/files.sunoresearch.com.br\/n\/uploads\/2023\/03\/400x300-Planilha-controle-de-gastos.png\">\n\t\t\t\t<img class=\"newsContent__article__imgCapa newsContent__article__imgCapa--banner\"\n\t\t\t\t\tsrc=\"https:\/\/files.sunoresearch.com.br\/n\/uploads\/2023\/03\/1420x240-Planilha-controle-de-gastos.png\"\n\t\t\t\t\tdata-promo-id=\"101751\"\t\t\t\t\t\t\t\t\t\twidth='1420' height='240'\t\t\t\t\talt=\"https:\/\/files.sunoresearch.com.br\/n\/uploads\/2023\/03\/1420x240-Planilha-controle-de-gastos.png\"\n\t\t\t\t>\n\t\t\t<\/picture>\n\t\t<\/a>\n\t<\/p>\n\n\n<p>O documento apresentado pela companhia confirma a celebra\u00e7\u00e3o de um acordo com os acionistas controladores <a href=\"https:\/\/www.suno.com.br\/artigos\/7-licoes-que-aprendi-com-eike\/\"><strong>Eike Batista<\/strong><\/a> e <strong>Centennial Asset Mining Fund<\/strong>, al\u00e9m de Rog\u00e9rio Alves de Freitas, acionista e membro independente do <a href=\"https:\/\/www.suno.com.br\/artigos\/conselho-administracao\/\">Conselho de Administra\u00e7\u00e3o <\/a>da OSX, para que o processo seja conclu\u00eddo.<\/p>\n<p><iframe loading=\"lazy\" title=\"\ud83d\udd34Reorganiza\u00e7\u00e3o da Gol (GOLL4) e da Smiles (SMLS3), Movida (MOVI3) compra locadora\" width=\"1080\" height=\"608\" src=\"https:\/\/www.youtube.com\/embed\/5VdwZiVQBSM?feature=oembed&#038;enablejsapi=1&#038;origin=https:\/\/www.suno.com.br\" frameborder=\"0\" allow=\"accelerometer; autoplay; clipboard-write; encrypted-media; gyroscope; picture-in-picture\" allowfullscreen><\/iframe><\/p>\n<p>Em 2020, os controladores da empresa entraram com um processo na Justi\u00e7a procurando a substitui\u00e7\u00e3o do Conselho de Administra\u00e7\u00e3o da empresa. A <strong>2\u00aa Vara Empresarial da Comarca da Capital do Estado do Rio de Janeiro<\/strong>, no entanto, negou o pedido em 9 de outubro. A AGE que discutiria esse tema foi revogada.<\/p>\n<p><a href=\"https:\/\/lp.suno.com.br\/suno-one\/\"><span style=\"font-weight: 400;\">Suno One: acesse gratuitamente eBooks, Minicursos, Artigos e Video Aulas sobre investimentos com um \u00fanico cadastro. Clique para saber mais!<\/span><\/a><\/p>\n<p>Segundo a nota assinada pela Diretora de <a href=\"https:\/\/www.suno.com.br\/artigos\/relacoes-com-investidores\/\">Rela\u00e7\u00f5es com Investidores<\/a>, Bruna Peres Born, o acordo entre os controladores e Alves de Freitas foi firmado no \u00faltimo domingo (17), onde se comprometeram a apresentar peti\u00e7\u00e3o conjunta \u00e0 2\u00aa Vara comunicando a desist\u00eancia do processo e requerendo a revoga\u00e7\u00e3o da decis\u00e3o liminar sobre a assembleia.<\/p>\n\t<p>\n\t\t<a href=\"https:\/\/lp.suno.com.br\/ebook-como-analisar-uma-acao\/\" target=\"_blank\" data-element=\"shortcode-suno-banner\" title=\"Banner SUNO, clique e saiba mais\">\n\t\t\t<picture>\n\t\t\t\t<source media=\"(max-width: 500px)\" srcset=\"https:\/\/files.sunoresearch.com.br\/n\/uploads\/2023\/03\/Ebook-Acoes-Mobile.jpg\">\n\t\t\t\t<img class=\"newsContent__article__imgCapa newsContent__article__imgCapa--banner\"\n\t\t\t\t\tsrc=\"https:\/\/files.sunoresearch.com.br\/n\/uploads\/2023\/03\/Ebook-Acoes-Desktop.jpg\"\n\t\t\t\t\tdata-promo-id=\"378302\"\t\t\t\t\t\t\t\t\t\twidth='1420' height='286'\t\t\t\t\talt=\"https:\/\/files.sunoresearch.com.br\/n\/uploads\/2023\/03\/Ebook-Acoes-Desktop.jpg\"\n\t\t\t\t>\n\t\t\t<\/picture>\n\t\t<\/a>\n\t<\/p>\n\n\n<h2>OSX encerra recupera\u00e7\u00e3o judicial<\/h2>\n<p>A OSX informou ao mercado, no fim de novembro do ano passado, que a Justi\u00e7a determinou como cumprido o<a href=\"https:\/\/www.suno.com.br\/artigos\/recuperacao-judicial\/\"> plano de recupera\u00e7\u00e3o judicial<\/a> quanto \u00e0s obriga\u00e7\u00f5es vencidas no prazo de dois anos ap\u00f3s a concess\u00e3o. Com isso, foi encerrado o processo judicial da empresa de constru\u00e7\u00e3o naval e de suas subsidi\u00e1rias.<\/p>\n\t<div data-element=\"shortcode-read-more\" class=\"knowMore\">\n\t\t\t\t<span class=\"knowMore__title\">Leia tamb\u00e9m<\/span>\n\t\t\t\t<a class=\"knowMore__link\" href=\"https:\/\/www.suno.com.br\/noticias\/osx-oscb3-mmx-mmxm3-eike-batista-recuperacao-judicial\/\">\n\t\t\tOSX (OSXB3) encerra recupera\u00e7\u00e3o judicial; a\u00e7\u00e3o dispara 91,4%\t\t<\/a>\n\t<\/div>\n\n\n<p>O plano, que durou sete anos, foi julgado pela 3\u00aa Vara Empresarial do Rio de Janeiro. Ap\u00f3s a confirma\u00e7\u00e3o por parte da companhias, os pap\u00e9is dispararam na <a href=\"https:\/\/www.suno.com.br\/artigos\/b3\/\">Bolsa de Valores de S\u00e3o Paulo (B3)<\/a>, encerrando o preg\u00e3o daquele dia com uma alta de 157,09%.<\/p>\n<p>A <strong>OSX<\/strong> foi fundada em 2009 porBatista e no ano seguinte a empresa realizou sua <a href=\"https:\/\/www.suno.com.br\/artigos\/ipo\/\">oferta p\u00fablica inicial de a\u00e7\u00f5es (IPO)<\/a>, que levantou R$ 2,8 bilh\u00f5es. Por\u00e9m, devido a problemas financeiros e de cancelamento de encomendas a empresa, em 2013, entrou com recupera\u00e7\u00e3o judicial com d\u00edvidas de mais de R$ 4,5 bilh\u00f5es.<\/p>\n<p><span style=\"font-weight: 400;\">\t<p>\n\t\t<a href=\"https:\/\/lp.suno.com.br\/planilha-de-controle-de-investimentos\/\" target=\"_blank\" data-element=\"shortcode-suno-banner\" title=\"Banner SUNO, clique e saiba mais\">\n\t\t\t<picture>\n\t\t\t\t<source media=\"(max-width: 500px)\" srcset=\"https:\/\/files.sunoresearch.com.br\/n\/uploads\/2023\/03\/400x300-Controle-de-Investimentos.png\">\n\t\t\t\t<img class=\"newsContent__article__imgCapa newsContent__article__imgCapa--banner\"\n\t\t\t\t\tsrc=\"https:\/\/files.sunoresearch.com.br\/n\/uploads\/2023\/03\/1420x240-Controle-de-Investimentos.png\"\n\t\t\t\t\tdata-promo-id=\"75934\"\t\t\t\t\t\t\t\t\t\twidth='1420' height='240'\t\t\t\t\talt=\"https:\/\/files.sunoresearch.com.br\/n\/uploads\/2023\/03\/1420x240-Controle-de-Investimentos.png\"\n\t\t\t\t>\n\t\t\t<\/picture>\n\t\t<\/a>\n\t<\/p>\n\n<\/span><\/p>\n","protected":false},"excerpt":{"rendered":"<p>A OSX (OSXB3) informou, nesta segunda-feira (18), que convocar\u00e1 uma assembleia geral extraordin\u00e1ria (AGE) para a elei\u00e7\u00e3o da nova administra\u00e7\u00e3o da empresa. A informa\u00e7\u00e3o foi divulgada por meio de um fato relevante. A OSX (OSXB3) informou que convocar\u00e1 uma assembleia geral extraordin\u00e1ria (AGE) para a elei\u00e7\u00e3o da nova administra\u00e7\u00e3o da empresa. O documento apresentado pela [&hellip;]<\/p>\n","protected":false},"author":24,"featured_media":114006,"comment_status":"closed","ping_status":"closed","sticky":false,"template":"","format":"standard","meta":[],"categories":[64],"tags":[2721,1415,587,314],"suno_strategy":[],"class_list":["post-113996","post","type-post","status-publish","format-standard","has-post-thumbnail","hentry","category-negocios","tag-conselho-de-administracao","tag-eike-batista","tag-osx-brasil-osxb3","tag-recuperacao-judicial"],"yoast_head":"<!-- This site is optimized with the Yoast SEO plugin v24.4 - https:\/\/yoast.com\/wordpress\/plugins\/seo\/ -->\n<title>OSX convocar\u00e1 assembleia para renova\u00e7\u00e3o da administra\u00e7\u00e3o<\/title>\n<meta name=\"description\" content=\"A OSX (OSXB3) informou que convocar\u00e1 uma assembleia geral extraordin\u00e1ria (AGE) para a elei\u00e7\u00e3o da nova administra\u00e7\u00e3o da empresa. Saiba mais.\" \/>\n<meta name=\"robots\" content=\"index, follow, max-snippet:-1, max-image-preview:large, max-video-preview:-1\" \/>\n<link rel=\"canonical\" href=\"https:\/\/www.suno.com.br\/noticias\/osx-assembleia-renovacao-administracao\/\" \/>\n<meta property=\"og:locale\" content=\"pt_BR\" \/>\n<meta property=\"og:type\" content=\"article\" \/>\n<meta property=\"og:title\" content=\"OSX convocar\u00e1 assembleia para renova\u00e7\u00e3o da administra\u00e7\u00e3o\" \/>\n<meta property=\"og:description\" content=\"A OSX (OSXB3) informou que convocar\u00e1 uma assembleia geral extraordin\u00e1ria (AGE) para a elei\u00e7\u00e3o da nova administra\u00e7\u00e3o da empresa. Saiba mais.\" \/>\n<meta property=\"og:url\" content=\"https:\/\/www.suno.com.br\/noticias\/osx-assembleia-renovacao-administracao\/\" \/>\n<meta property=\"og:site_name\" content=\"Suno Not\u00edcias\" \/>\n<meta property=\"article:publisher\" content=\"https:\/\/facebook.com\/sunoresearch\" \/>\n<meta property=\"og:image\" content=\"https:\/\/files.sunoresearch.com.br\/n\/uploads\/2021\/01\/4c736649-1099557-wdoli_abr_112920175799_1.jpg\" \/>\n\t<meta property=\"og:image:width\" content=\"1140\" \/>\n\t<meta property=\"og:image:height\" content=\"760\" \/>\n\t<meta property=\"og:image:type\" content=\"image\/jpeg\" \/>\n<meta name=\"author\" content=\"Jader Lazarini\" \/>\n<meta name=\"twitter:card\" content=\"summary_large_image\" \/>\n<meta name=\"twitter:creator\" content=\"@sunoresearch\" \/>\n<meta name=\"twitter:site\" content=\"@sunoresearch\" \/>\n<meta name=\"twitter:label1\" content=\"Escrito por\" \/>\n\t<meta name=\"twitter:data1\" content=\"Jader Lazarini\" \/>\n\t<meta name=\"twitter:label2\" content=\"Est. tempo de leitura\" \/>\n\t<meta name=\"twitter:data2\" content=\"2 minutos\" \/>\n<script type=\"application\/ld+json\" class=\"yoast-schema-graph\">{\"@context\":\"https:\/\/schema.org\",\"@graph\":[{\"@type\":\"NewsArticle\",\"@id\":\"https:\/\/www.suno.com.br\/noticias\/osx-assembleia-renovacao-administracao\/#article\",\"isPartOf\":{\"@id\":\"https:\/\/www.suno.com.br\/noticias\/osx-assembleia-renovacao-administracao\/\"},\"author\":{\"name\":\"Jader Lazarini\",\"@id\":\"https:\/\/www.suno.com.br\/noticias\/#\/schema\/person\/918d79de1f0281f01599b93f9ea6e23f\"},\"headline\":\"OSX convocar\u00e1 assembleia para renova\u00e7\u00e3o da administra\u00e7\u00e3o\",\"datePublished\":\"2021-01-18T13:05:22+00:00\",\"dateModified\":\"2021-01-22T15:49:52+00:00\",\"mainEntityOfPage\":{\"@id\":\"https:\/\/www.suno.com.br\/noticias\/osx-assembleia-renovacao-administracao\/\"},\"wordCount\":421,\"publisher\":{\"@id\":\"https:\/\/www.suno.com.br\/noticias\/#organization\"},\"image\":{\"@id\":\"https:\/\/www.suno.com.br\/noticias\/osx-assembleia-renovacao-administracao\/#primaryimage\"},\"thumbnailUrl\":\"https:\/\/files.sunoresearch.com.br\/n\/uploads\/2021\/01\/4c736649-1099557-wdoli_abr_112920175799_1-jpg.webp\",\"keywords\":[\"Conselho de Administra\u00e7\u00e3o\",\"Eike Batista\",\"OSX Brasil (OSXB3)\",\"recupera\u00e7\u00e3o judicial\"],\"articleSection\":[\"Neg\u00f3cios\"],\"inLanguage\":\"pt-BR\"},{\"@type\":\"WebPage\",\"@id\":\"https:\/\/www.suno.com.br\/noticias\/osx-assembleia-renovacao-administracao\/\",\"url\":\"https:\/\/www.suno.com.br\/noticias\/osx-assembleia-renovacao-administracao\/\",\"name\":\"OSX convocar\u00e1 assembleia para renova\u00e7\u00e3o da administra\u00e7\u00e3o\",\"isPartOf\":{\"@id\":\"https:\/\/www.suno.com.br\/noticias\/#website\"},\"primaryImageOfPage\":{\"@id\":\"https:\/\/www.suno.com.br\/noticias\/osx-assembleia-renovacao-administracao\/#primaryimage\"},\"image\":{\"@id\":\"https:\/\/www.suno.com.br\/noticias\/osx-assembleia-renovacao-administracao\/#primaryimage\"},\"thumbnailUrl\":\"https:\/\/files.sunoresearch.com.br\/n\/uploads\/2021\/01\/4c736649-1099557-wdoli_abr_112920175799_1-jpg.webp\",\"datePublished\":\"2021-01-18T13:05:22+00:00\",\"dateModified\":\"2021-01-22T15:49:52+00:00\",\"description\":\"A OSX (OSXB3) informou que convocar\u00e1 uma assembleia geral extraordin\u00e1ria (AGE) para a elei\u00e7\u00e3o da nova administra\u00e7\u00e3o da empresa. Saiba mais.\",\"breadcrumb\":{\"@id\":\"https:\/\/www.suno.com.br\/noticias\/osx-assembleia-renovacao-administracao\/#breadcrumb\"},\"inLanguage\":\"pt-BR\",\"potentialAction\":[{\"@type\":\"ReadAction\",\"target\":[\"https:\/\/www.suno.com.br\/noticias\/osx-assembleia-renovacao-administracao\/\"]}]},{\"@type\":\"ImageObject\",\"inLanguage\":\"pt-BR\",\"@id\":\"https:\/\/www.suno.com.br\/noticias\/osx-assembleia-renovacao-administracao\/#primaryimage\",\"url\":\"https:\/\/files.sunoresearch.com.br\/n\/uploads\/2021\/01\/4c736649-1099557-wdoli_abr_112920175799_1-jpg.webp\",\"contentUrl\":\"https:\/\/files.sunoresearch.com.br\/n\/uploads\/2021\/01\/4c736649-1099557-wdoli_abr_112920175799_1-jpg.webp\",\"width\":1140,\"height\":760,\"caption\":\"A OSX (OSXB3) informou que convocar\u00e1 uma assembleia geral extraordin\u00e1ria (AGE) para a elei\u00e7\u00e3o da nova administra\u00e7\u00e3o da empresa.\"},{\"@type\":\"BreadcrumbList\",\"@id\":\"https:\/\/www.suno.com.br\/noticias\/osx-assembleia-renovacao-administracao\/#breadcrumb\",\"itemListElement\":[{\"@type\":\"ListItem\",\"position\":1,\"name\":\"Not\u00edcias\",\"item\":\"https:\/\/www.suno.com.br\/noticias\/\"},{\"@type\":\"ListItem\",\"position\":2,\"name\":\"Neg\u00f3cios\",\"item\":\"https:\/\/www.suno.com.br\/noticias\/negocios\/\"},{\"@type\":\"ListItem\",\"position\":3,\"name\":\"OSX convocar\u00e1 assembleia para renova\u00e7\u00e3o da administra\u00e7\u00e3o\"}]},{\"@type\":\"WebSite\",\"@id\":\"https:\/\/www.suno.com.br\/noticias\/#website\",\"url\":\"https:\/\/www.suno.com.br\/noticias\/\",\"name\":\"Suno Not\u00edcias\",\"description\":\"Seu portal de informa\u00e7\u00e3o sobre o mundo dos investimentos\",\"publisher\":{\"@id\":\"https:\/\/www.suno.com.br\/noticias\/#organization\"},\"potentialAction\":[{\"@type\":\"SearchAction\",\"target\":{\"@type\":\"EntryPoint\",\"urlTemplate\":\"https:\/\/www.suno.com.br\/noticias\/?s={search_term_string}\"},\"query-input\":{\"@type\":\"PropertyValueSpecification\",\"valueRequired\":true,\"valueName\":\"search_term_string\"}}],\"inLanguage\":\"pt-BR\"},{\"@type\":\"Organization\",\"@id\":\"https:\/\/www.suno.com.br\/noticias\/#organization\",\"name\":\"Suno Not\u00edcias\",\"url\":\"https:\/\/www.suno.com.br\/noticias\/\",\"logo\":{\"@type\":\"ImageObject\",\"inLanguage\":\"pt-BR\",\"@id\":\"https:\/\/www.suno.com.br\/noticias\/#\/schema\/logo\/image\/\",\"url\":\"https:\/\/files.sunoresearch.com.br\/n\/uploads\/2021\/09\/suno-logo.png\",\"contentUrl\":\"https:\/\/files.sunoresearch.com.br\/n\/uploads\/2021\/09\/suno-logo.png\",\"width\":180,\"height\":180,\"caption\":\"Suno Not\u00edcias\"},\"image\":{\"@id\":\"https:\/\/www.suno.com.br\/noticias\/#\/schema\/logo\/image\/\"},\"sameAs\":[\"https:\/\/facebook.com\/sunoresearch\",\"https:\/\/x.com\/sunoresearch\",\"https:\/\/www.instagram.com\/suno\",\"https:\/\/www.linkedin.com\/company\/suno-research\/\",\"https:\/\/www.youtube.com\/c\/sunoresearch\"]},{\"@type\":\"Person\",\"@id\":\"https:\/\/www.suno.com.br\/noticias\/#\/schema\/person\/918d79de1f0281f01599b93f9ea6e23f\",\"name\":\"Jader Lazarini\",\"image\":{\"@type\":\"ImageObject\",\"inLanguage\":\"pt-BR\",\"@id\":\"https:\/\/www.suno.com.br\/noticias\/#\/schema\/person\/image\/\",\"url\":\"https:\/\/secure.gravatar.com\/avatar\/3c1ad8caa51589841baeb923fcddea97?s=96&r=g\",\"contentUrl\":\"https:\/\/secure.gravatar.com\/avatar\/3c1ad8caa51589841baeb923fcddea97?s=96&r=g\",\"caption\":\"Jader Lazarini\"},\"description\":\"Jader Lazarini escreve sobre investimentos, finan\u00e7as, economia e neg\u00f3cios. \u00c9 bacharel em Rela\u00e7\u00f5es Internacionais e analista CNPI (2619).\",\"url\":\"https:\/\/www.suno.com.br\/noticias\/author\/jader-lazarini\/\"}]}<\/script>\n<!-- \/ Yoast SEO plugin. -->","yoast_head_json":{"title":"OSX convocar\u00e1 assembleia para renova\u00e7\u00e3o da administra\u00e7\u00e3o","description":"A OSX (OSXB3) informou que convocar\u00e1 uma assembleia geral extraordin\u00e1ria (AGE) para a elei\u00e7\u00e3o da nova administra\u00e7\u00e3o da empresa. Saiba mais.","robots":{"index":"index","follow":"follow","max-snippet":"max-snippet:-1","max-image-preview":"max-image-preview:large","max-video-preview":"max-video-preview:-1"},"canonical":"https:\/\/www.suno.com.br\/noticias\/osx-assembleia-renovacao-administracao\/","og_locale":"pt_BR","og_type":"article","og_title":"OSX convocar\u00e1 assembleia para renova\u00e7\u00e3o da administra\u00e7\u00e3o","og_description":"A OSX (OSXB3) informou que convocar\u00e1 uma assembleia geral extraordin\u00e1ria (AGE) para a elei\u00e7\u00e3o da nova administra\u00e7\u00e3o da empresa. Saiba mais.","og_url":"https:\/\/www.suno.com.br\/noticias\/osx-assembleia-renovacao-administracao\/","og_site_name":"Suno Not\u00edcias","article_publisher":"https:\/\/facebook.com\/sunoresearch","og_image":[{"width":1140,"height":760,"url":"https:\/\/files.sunoresearch.com.br\/n\/uploads\/2021\/01\/4c736649-1099557-wdoli_abr_112920175799_1.jpg","type":"image\/jpeg"}],"author":"Jader Lazarini","twitter_card":"summary_large_image","twitter_creator":"@sunoresearch","twitter_site":"@sunoresearch","twitter_misc":{"Escrito por":"Jader Lazarini","Est. tempo de leitura":"2 minutos"},"schema":{"@context":"https:\/\/schema.org","@graph":[{"@type":"NewsArticle","@id":"https:\/\/www.suno.com.br\/noticias\/osx-assembleia-renovacao-administracao\/#article","isPartOf":{"@id":"https:\/\/www.suno.com.br\/noticias\/osx-assembleia-renovacao-administracao\/"},"author":{"name":"Jader Lazarini","@id":"https:\/\/www.suno.com.br\/noticias\/#\/schema\/person\/918d79de1f0281f01599b93f9ea6e23f"},"headline":"OSX convocar\u00e1 assembleia para renova\u00e7\u00e3o da administra\u00e7\u00e3o","datePublished":"2021-01-18T13:05:22+00:00","dateModified":"2021-01-22T15:49:52+00:00","mainEntityOfPage":{"@id":"https:\/\/www.suno.com.br\/noticias\/osx-assembleia-renovacao-administracao\/"},"wordCount":421,"publisher":{"@id":"https:\/\/www.suno.com.br\/noticias\/#organization"},"image":{"@id":"https:\/\/www.suno.com.br\/noticias\/osx-assembleia-renovacao-administracao\/#primaryimage"},"thumbnailUrl":"https:\/\/files.sunoresearch.com.br\/n\/uploads\/2021\/01\/4c736649-1099557-wdoli_abr_112920175799_1-jpg.webp","keywords":["Conselho de Administra\u00e7\u00e3o","Eike Batista","OSX Brasil (OSXB3)","recupera\u00e7\u00e3o judicial"],"articleSection":["Neg\u00f3cios"],"inLanguage":"pt-BR"},{"@type":"WebPage","@id":"https:\/\/www.suno.com.br\/noticias\/osx-assembleia-renovacao-administracao\/","url":"https:\/\/www.suno.com.br\/noticias\/osx-assembleia-renovacao-administracao\/","name":"OSX convocar\u00e1 assembleia para renova\u00e7\u00e3o da administra\u00e7\u00e3o","isPartOf":{"@id":"https:\/\/www.suno.com.br\/noticias\/#website"},"primaryImageOfPage":{"@id":"https:\/\/www.suno.com.br\/noticias\/osx-assembleia-renovacao-administracao\/#primaryimage"},"image":{"@id":"https:\/\/www.suno.com.br\/noticias\/osx-assembleia-renovacao-administracao\/#primaryimage"},"thumbnailUrl":"https:\/\/files.sunoresearch.com.br\/n\/uploads\/2021\/01\/4c736649-1099557-wdoli_abr_112920175799_1-jpg.webp","datePublished":"2021-01-18T13:05:22+00:00","dateModified":"2021-01-22T15:49:52+00:00","description":"A OSX (OSXB3) informou que convocar\u00e1 uma assembleia geral extraordin\u00e1ria (AGE) para a elei\u00e7\u00e3o da nova administra\u00e7\u00e3o da empresa. Saiba mais.","breadcrumb":{"@id":"https:\/\/www.suno.com.br\/noticias\/osx-assembleia-renovacao-administracao\/#breadcrumb"},"inLanguage":"pt-BR","potentialAction":[{"@type":"ReadAction","target":["https:\/\/www.suno.com.br\/noticias\/osx-assembleia-renovacao-administracao\/"]}]},{"@type":"ImageObject","inLanguage":"pt-BR","@id":"https:\/\/www.suno.com.br\/noticias\/osx-assembleia-renovacao-administracao\/#primaryimage","url":"https:\/\/files.sunoresearch.com.br\/n\/uploads\/2021\/01\/4c736649-1099557-wdoli_abr_112920175799_1-jpg.webp","contentUrl":"https:\/\/files.sunoresearch.com.br\/n\/uploads\/2021\/01\/4c736649-1099557-wdoli_abr_112920175799_1-jpg.webp","width":1140,"height":760,"caption":"A OSX (OSXB3) informou que convocar\u00e1 uma assembleia geral extraordin\u00e1ria (AGE) para a elei\u00e7\u00e3o da nova administra\u00e7\u00e3o da empresa."},{"@type":"BreadcrumbList","@id":"https:\/\/www.suno.com.br\/noticias\/osx-assembleia-renovacao-administracao\/#breadcrumb","itemListElement":[{"@type":"ListItem","position":1,"name":"Not\u00edcias","item":"https:\/\/www.suno.com.br\/noticias\/"},{"@type":"ListItem","position":2,"name":"Neg\u00f3cios","item":"https:\/\/www.suno.com.br\/noticias\/negocios\/"},{"@type":"ListItem","position":3,"name":"OSX convocar\u00e1 assembleia para renova\u00e7\u00e3o da administra\u00e7\u00e3o"}]},{"@type":"WebSite","@id":"https:\/\/www.suno.com.br\/noticias\/#website","url":"https:\/\/www.suno.com.br\/noticias\/","name":"Suno Not\u00edcias","description":"Seu portal de informa\u00e7\u00e3o sobre o mundo dos investimentos","publisher":{"@id":"https:\/\/www.suno.com.br\/noticias\/#organization"},"potentialAction":[{"@type":"SearchAction","target":{"@type":"EntryPoint","urlTemplate":"https:\/\/www.suno.com.br\/noticias\/?s={search_term_string}"},"query-input":{"@type":"PropertyValueSpecification","valueRequired":true,"valueName":"search_term_string"}}],"inLanguage":"pt-BR"},{"@type":"Organization","@id":"https:\/\/www.suno.com.br\/noticias\/#organization","name":"Suno Not\u00edcias","url":"https:\/\/www.suno.com.br\/noticias\/","logo":{"@type":"ImageObject","inLanguage":"pt-BR","@id":"https:\/\/www.suno.com.br\/noticias\/#\/schema\/logo\/image\/","url":"https:\/\/files.sunoresearch.com.br\/n\/uploads\/2021\/09\/suno-logo.png","contentUrl":"https:\/\/files.sunoresearch.com.br\/n\/uploads\/2021\/09\/suno-logo.png","width":180,"height":180,"caption":"Suno Not\u00edcias"},"image":{"@id":"https:\/\/www.suno.com.br\/noticias\/#\/schema\/logo\/image\/"},"sameAs":["https:\/\/facebook.com\/sunoresearch","https:\/\/x.com\/sunoresearch","https:\/\/www.instagram.com\/suno","https:\/\/www.linkedin.com\/company\/suno-research\/","https:\/\/www.youtube.com\/c\/sunoresearch"]},{"@type":"Person","@id":"https:\/\/www.suno.com.br\/noticias\/#\/schema\/person\/918d79de1f0281f01599b93f9ea6e23f","name":"Jader Lazarini","image":{"@type":"ImageObject","inLanguage":"pt-BR","@id":"https:\/\/www.suno.com.br\/noticias\/#\/schema\/person\/image\/","url":"https:\/\/secure.gravatar.com\/avatar\/3c1ad8caa51589841baeb923fcddea97?s=96&r=g","contentUrl":"https:\/\/secure.gravatar.com\/avatar\/3c1ad8caa51589841baeb923fcddea97?s=96&r=g","caption":"Jader Lazarini"},"description":"Jader Lazarini escreve sobre investimentos, finan\u00e7as, economia e neg\u00f3cios. \u00c9 bacharel em Rela\u00e7\u00f5es Internacionais e analista CNPI (2619).","url":"https:\/\/www.suno.com.br\/noticias\/author\/jader-lazarini\/"}]}},"default_loop_html":"<div class=\"cardsPage__listCard__boxs\"><div class=\"cardsPage__listCard__boxs__img\"><a href=\"https:\/\/www.suno.com.br\/noticias\/osx-assembleia-renovacao-administracao\/\"><img class=\"mask\" src=\"https:\/\/www.suno.com.br\/noticias\/wp-content\/themes\/suno\/resources\/images\/spotlight\/spotlight1img\/bg-mask.png\" alt=\"Image Mask\"\/><img src=\"https:\/\/files.sunoresearch.com.br\/n\/uploads\/2021\/01\/4c736649-1099557-wdoli_abr_112920175799_1-400x200.webp\" alt=\"OSX convocar\u00e1 assembleia para renova\u00e7\u00e3o da administra\u00e7\u00e3o\"\/><\/a><span class=\"spotlightCategory\"><a href=\"https:\/\/www.suno.com.br\/noticias\/negocios\/\">Neg\u00f3cios<\/a><\/span><\/div><div class=\"cardsPage__listCard__boxs__content\"><a href=\"https:\/\/www.suno.com.br\/noticias\/osx-assembleia-renovacao-administracao\/\"><h2 class=\"content__title\">OSX convocar\u00e1 assembleia para renova\u00e7\u00e3o da administra\u00e7\u00e3o<\/h2><\/a><div class=\"newsContent__article__meta\"><div class=\"newsContent__article__meta__authorBox\"><a href=\"https:\/\/www.suno.com.br\/noticias\/author\/jader-lazarini\/\" class=\"authorBox__avatar noMobi\"><img src=\"https:\/\/files.sunoresearch.com.br\/n\/uploads\/2021\/01\/178e6598-foto-perfil-2-150x150.jpg\" alt=\"Jader Lazarini\"><\/a><div class=\"authorBox__name\"><span>por\n\t\t\t<a href=\"https:\/\/www.suno.com.br\/noticias\/author\/jader-lazarini\/\"><span itemprop=\"author\">Jader Lazarini<\/span><\/a><\/span><time datetime=\"2021-01-18T10:05:22-03:00\" itemprop=\"datePublished\">18\/01\/2021 10:05<\/time><\/div><\/div><\/div><\/div><\/div>","single_layout":"posts","amp_enabled":true,"_links":{"self":[{"href":"https:\/\/www.suno.com.br\/noticias\/wp-json\/wp\/v2\/posts\/113996"}],"collection":[{"href":"https:\/\/www.suno.com.br\/noticias\/wp-json\/wp\/v2\/posts"}],"about":[{"href":"https:\/\/www.suno.com.br\/noticias\/wp-json\/wp\/v2\/types\/post"}],"author":[{"embeddable":true,"href":"https:\/\/www.suno.com.br\/noticias\/wp-json\/wp\/v2\/users\/24"}],"replies":[{"embeddable":true,"href":"https:\/\/www.suno.com.br\/noticias\/wp-json\/wp\/v2\/comments?post=113996"}],"version-history":[{"count":0,"href":"https:\/\/www.suno.com.br\/noticias\/wp-json\/wp\/v2\/posts\/113996\/revisions"}],"wp:featuredmedia":[{"embeddable":true,"href":"https:\/\/www.suno.com.br\/noticias\/wp-json\/wp\/v2\/media\/114006"}],"wp:attachment":[{"href":"https:\/\/www.suno.com.br\/noticias\/wp-json\/wp\/v2\/media?parent=113996"}],"wp:term":[{"taxonomy":"category","embeddable":true,"href":"https:\/\/www.suno.com.br\/noticias\/wp-json\/wp\/v2\/categories?post=113996"},{"taxonomy":"post_tag","embeddable":true,"href":"https:\/\/www.suno.com.br\/noticias\/wp-json\/wp\/v2\/tags?post=113996"},{"taxonomy":"suno_strategy","embeddable":true,"href":"https:\/\/www.suno.com.br\/noticias\/wp-json\/wp\/v2\/suno_strategy?post=113996"}],"curies":[{"name":"wp","href":"https:\/\/api.w.org\/{rel}","templated":true}]}}