{"id":113934,"date":"2021-01-18T07:36:48","date_gmt":"2021-01-18T10:36:48","guid":{"rendered":"https:\/\/www.suno.com.br\/noticias\/?p=113934"},"modified":"2021-01-22T12:23:59","modified_gmt":"2021-01-22T15:23:59","slug":"movida-movi3-compra-vox-frotas-locadora","status":"publish","type":"post","link":"https:\/\/www.suno.com.br\/noticias\/movida-movi3-compra-vox-frotas-locadora\/","title":{"rendered":"Movida (MOVI3) anuncia compra da VOX Frotas Locadora"},"content":{"rendered":"<p>A <a href=\"https:\/\/www.suno.com.br\/acoes\/movi3\/\"><strong>Movida<\/strong> (MOVI3)<\/a> anunciou, na noite do \u00faltimo domingo (17), que fechou a aquisi\u00e7\u00e3o da VOX Frotas Locadora. A informa\u00e7\u00e3o foi divulgada por meio de um fato relevante.<\/p>\t<div class=\"wrapper-featured-image\">\n\t\t<figure class=\"spotlightImg\">\n\n\t\t\t<picture>\n\t\t\t\t<source media=\"(max-width: 768px)\" srcset=\"https:\/\/files.sunoresearch.com.br\/n\/uploads\/2021\/01\/a924f013-movida1-400x200.webp\">\n\t\t\t\t<img loading=\"lazy\" decoding=\"async\" class=\"newsContent__article__imgCapa lazyloadDisabled \" src=\"https:\/\/files.sunoresearch.com.br\/n\/uploads\/2021\/01\/a924f013-movida1-800x450.webp\" width=\"800\" height=\"450\" alt=\"Movida (MOVI3) anuncia compra da VOX Frotas Locadora\" fetchpriority=high \/>\n\t\t\t<\/picture>\n\n\t\t\t<figcaption class=\"wp-caption-text wp-caption-text--show\">Movida (MOVI3) anuncia recompra de at\u00e9 US$ 175 milh\u00f5es de t\u00edtulos externos. Foto: Divulga\u00e7\u00e3o.<\/figcaption>\n\t\t<\/figure>\n\t<\/div>\n\n\n\t<p>\n\t\t<a href=\"https:\/\/lp.suno.com.br\/planilha-controle-gastos\/\" target=\"_blank\" data-element=\"shortcode-suno-banner\" title=\"Banner SUNO, clique e saiba mais\">\n\t\t\t<picture>\n\t\t\t\t<source media=\"(max-width: 500px)\" srcset=\"https:\/\/files.sunoresearch.com.br\/n\/uploads\/2023\/03\/400x300-Planilha-controle-de-gastos.png\">\n\t\t\t\t<img class=\"newsContent__article__imgCapa newsContent__article__imgCapa--banner\"\n\t\t\t\t\tsrc=\"https:\/\/files.sunoresearch.com.br\/n\/uploads\/2023\/03\/1420x240-Planilha-controle-de-gastos.png\"\n\t\t\t\t\tdata-promo-id=\"101751\"\t\t\t\t\t\t\t\t\t\twidth='1420' height='240'\t\t\t\t\talt=\"https:\/\/files.sunoresearch.com.br\/n\/uploads\/2023\/03\/1420x240-Planilha-controle-de-gastos.png\"\n\t\t\t\t>\n\t\t\t<\/picture>\n\t\t<\/a>\n\t<\/p>\n\n\n<p>Segundo o comunicado, o valor a ser pago pela Movida \u00e9 R$ 89 milh\u00f5es, em dinheiro, sendo 50% \u00e0 vista e 50% no 1\u00ba anivers\u00e1rio do neg\u00f3cio. O montante \u00e9 resultado do valor cont\u00e1bil da frota da <strong>VOX<\/strong>, acrescido por um pr\u00eamio de 12,5%, resultando em um <a href=\"https:\/\/www.suno.com.br\/artigos\/enterprise-value-valor-da-firma\/\"><strong><em>Enterprise Value<\/em> <\/strong><\/a>(EV) que vir\u00e1 a ser ajustado pela d\u00edvida l\u00edquida e capital de giro na data de fechamento da transa\u00e7\u00e3o.<\/p>\n<p><iframe loading=\"lazy\" title=\"\ud83d\udd34Reorganiza\u00e7\u00e3o da Gol (GOLL4) e da Smiles (SMLS3), Movida (MOVI3) compra locadora\" width=\"1080\" height=\"608\" src=\"https:\/\/www.youtube.com\/embed\/5VdwZiVQBSM?feature=oembed&#038;enablejsapi=1&#038;origin=https:\/\/www.suno.com.br\" frameborder=\"0\" allow=\"accelerometer; autoplay; clipboard-write; encrypted-media; gyroscope; picture-in-picture\" allowfullscreen><\/iframe><\/p>\n<p>A Vox \u00e9 uma empresa de <strong>Gest\u00e3o e Terceiriza\u00e7\u00e3o de Frota<\/strong> (GTF), criada e operacionalizada em S\u00e3o Paulo desde 1999. A empresa possui 1,8 mil ve\u00edculos com idade m\u00e9dia de 1,2 ano. Em prol de seus 57 clientes, a companhia realizada todas as etapas do neg\u00f3cio: aquisi\u00e7\u00e3o, gest\u00e3o e renova\u00e7\u00e3o dos ativos.<\/p>\n<p><a href=\"https:\/\/lp.suno.com.br\/suno-one\/\"><span style=\"font-weight: 400;\">Suno One: acesse gratuitamente eBooks, Minicursos, Artigos e Video Aulas sobre investimentos com um \u00fanico cadastro. Clique para saber mais!<\/span><\/a><\/p>\n<p>Em 2019, a companhia registrou uma <a href=\"https:\/\/www.suno.com.br\/artigos\/o-que-receita-liquida\/\"><strong>receita l\u00edquida<\/strong><\/a> de R$ 47 milh\u00f5es, com um <a href=\"https:\/\/www.suno.com.br\/artigos\/ebitda\/\"><strong>Ebitda<\/strong> (lucro antes de juros, impostos, deprecia\u00e7\u00e3o e amortiza\u00e7\u00e3o)<\/a> de R$ 22 milh\u00f5es. O<a href=\"https:\/\/www.suno.com.br\/artigos\/lucro-liquido\/\"><strong> lucro l\u00edquido<\/strong><\/a> ficou em R$ 9 milh\u00f5es, ao passo que a alavancagem financeira, medida pela rela\u00e7\u00e3o entre d\u00edvida l\u00edquida e Ebitda, atingiu 1,9 vez.<\/p>\n\t<p>\n\t\t<a href=\"https:\/\/lp.suno.com.br\/ebook-como-analisar-uma-acao\/\" target=\"_blank\" data-element=\"shortcode-suno-banner\" title=\"Banner SUNO, clique e saiba mais\">\n\t\t\t<picture>\n\t\t\t\t<source media=\"(max-width: 500px)\" srcset=\"https:\/\/files.sunoresearch.com.br\/n\/uploads\/2023\/03\/Ebook-Acoes-Mobile.jpg\">\n\t\t\t\t<img class=\"newsContent__article__imgCapa newsContent__article__imgCapa--banner\"\n\t\t\t\t\tsrc=\"https:\/\/files.sunoresearch.com.br\/n\/uploads\/2023\/03\/Ebook-Acoes-Desktop.jpg\"\n\t\t\t\t\tdata-promo-id=\"378302\"\t\t\t\t\t\t\t\t\t\twidth='1420' height='286'\t\t\t\t\talt=\"https:\/\/files.sunoresearch.com.br\/n\/uploads\/2023\/03\/Ebook-Acoes-Desktop.jpg\"\n\t\t\t\t>\n\t\t\t<\/picture>\n\t\t<\/a>\n\t<\/p>\n\n\n<h2>Movida procura ampliar participa\u00e7\u00e3o no resiliente mercado de GTF<\/h2>\n<p>Em 2020, os dados ainda n\u00e3o auditados da companhia demonstram uma receita l\u00edquida de R$ 53 milh\u00f5es, um Ebitda de R$ 22 milh\u00f5es, com um lucro de R$ 9 milh\u00f5es e alavancagem de 2,3 vezes. Vale ressaltar que sobretudo o primeiro semestre de 2020 foi de altas adversidades para o neg\u00f3cio de loca\u00e7\u00e3o de ve\u00edculos, em fun\u00e7\u00e3o da pandemia do <a href=\"https:\/\/www.suno.com.br\/noticias\/search\/coronav\u00edrus\">novo <strong>coronav\u00edrus<\/strong> (Covid-19)<\/a>.<\/p>\n\t<div data-element=\"shortcode-read-more\" class=\"knowMore\">\n\t\t\t\t<span class=\"knowMore__title\">Leia tamb\u00e9m<\/span>\n\t\t\t\t<a class=\"knowMore__link\" href=\"https:\/\/www.suno.com.br\/noticias\/movida-movi3-receita-liquida-4t20\/\">\n\t\t\tMovida (MOVI3): receita l\u00edquida de alugu\u00e9is atinge R$ 500 milh\u00f5es no 4T20\t\t<\/a>\n\t<\/div>\n\n\n<p>Segundo a empresa, esse processo de aquisi\u00e7\u00e3o est\u00e1 alinhado com a estrat\u00e9gia da empresa, &#8220;que tem por objetivo a <strong>gera\u00e7\u00e3o de valor<\/strong>, combinando pre\u00e7os combat\u00edveis, crescimento e rentabilidade&#8221;.<\/p>\n<p>A <strong>Movida<\/strong> diz que o <a href=\"https:\/\/www.suno.com.br\/artigos\/fusoes-aquisicoes\/\">movimento inorg\u00e2nico<\/a> a fortalece em nichos espec\u00edficos do mercado, al\u00e9m de aumentar ainda mais a capacidade de encantar o cliente. O documento ressalta, contudo, que a implementa\u00e7\u00e3o da opera\u00e7\u00e3o est\u00e1 condicionada ao cumprimento de obriga\u00e7\u00f5es e condi\u00e7\u00f5es precedentes usuais nesse tipo de opera\u00e7\u00e3o.<\/p>\n\t<p>\n\t\t<a href=\"https:\/\/lp.suno.com.br\/planilha-de-controle-de-investimentos\/\" target=\"_blank\" data-element=\"shortcode-suno-banner\" title=\"Banner SUNO, clique e saiba mais\">\n\t\t\t<picture>\n\t\t\t\t<source media=\"(max-width: 500px)\" srcset=\"https:\/\/files.sunoresearch.com.br\/n\/uploads\/2023\/03\/400x300-Controle-de-Investimentos.png\">\n\t\t\t\t<img class=\"newsContent__article__imgCapa newsContent__article__imgCapa--banner\"\n\t\t\t\t\tsrc=\"https:\/\/files.sunoresearch.com.br\/n\/uploads\/2023\/03\/1420x240-Controle-de-Investimentos.png\"\n\t\t\t\t\tdata-promo-id=\"75934\"\t\t\t\t\t\t\t\t\t\twidth='1420' height='240'\t\t\t\t\talt=\"https:\/\/files.sunoresearch.com.br\/n\/uploads\/2023\/03\/1420x240-Controle-de-Investimentos.png\"\n\t\t\t\t>\n\t\t\t<\/picture>\n\t\t<\/a>\n\t<\/p>\n\n\n","protected":false},"excerpt":{"rendered":"<p>A Movida (MOVI3) anunciou, na noite do \u00faltimo domingo (17), que fechou a aquisi\u00e7\u00e3o da VOX Frotas Locadora. A informa\u00e7\u00e3o foi divulgada por meio de um fato relevante. Movida (MOVI3) anuncia recompra de at\u00e9 US$ 175 milh\u00f5es de t\u00edtulos externos. Foto: Divulga\u00e7\u00e3o. Segundo o comunicado, o valor a ser pago pela Movida \u00e9 R$ 89 [&hellip;]<\/p>\n","protected":false},"author":24,"featured_media":113935,"comment_status":"closed","ping_status":"closed","sticky":false,"template":"","format":"standard","meta":[],"categories":[64],"tags":[62812,567],"suno_strategy":[],"class_list":["post-113934","post","type-post","status-publish","format-standard","has-post-thumbnail","hentry","category-negocios","tag-fusoes-e-aquisicoes","tag-movida-movi3"],"yoast_head":"<!-- This site is optimized with the Yoast SEO plugin v24.4 - https:\/\/yoast.com\/wordpress\/plugins\/seo\/ -->\n<title>Movida (MOVI3) anuncia compra da VOX Frotas Locadora<\/title>\n<meta name=\"description\" content=\"A Movida (MOVI3) anunciou, na noite do \u00faltimo domingo (17), que fechou a aquisi\u00e7\u00e3o da VOX Frotas Locadora. Clique e saiba mais.\" \/>\n<meta name=\"robots\" content=\"index, follow, max-snippet:-1, max-image-preview:large, max-video-preview:-1\" \/>\n<link rel=\"canonical\" href=\"https:\/\/www.suno.com.br\/noticias\/movida-movi3-compra-vox-frotas-locadora\/\" \/>\n<meta property=\"og:locale\" content=\"pt_BR\" \/>\n<meta property=\"og:type\" content=\"article\" \/>\n<meta property=\"og:title\" content=\"Movida (MOVI3) anuncia compra da VOX Frotas Locadora\" \/>\n<meta property=\"og:description\" content=\"A Movida (MOVI3) anunciou, na noite do \u00faltimo domingo (17), que fechou a aquisi\u00e7\u00e3o da VOX Frotas Locadora. Clique e saiba mais.\" \/>\n<meta property=\"og:url\" content=\"https:\/\/www.suno.com.br\/noticias\/movida-movi3-compra-vox-frotas-locadora\/\" \/>\n<meta property=\"og:site_name\" content=\"Suno Not\u00edcias\" \/>\n<meta property=\"article:publisher\" content=\"https:\/\/facebook.com\/sunoresearch\" \/>\n<meta property=\"og:image\" content=\"https:\/\/files.sunoresearch.com.br\/n\/uploads\/2021\/01\/a924f013-movida1.jpg\" \/>\n\t<meta property=\"og:image:width\" content=\"1200\" \/>\n\t<meta property=\"og:image:height\" content=\"800\" \/>\n\t<meta property=\"og:image:type\" content=\"image\/jpeg\" \/>\n<meta name=\"author\" content=\"Jader Lazarini\" \/>\n<meta name=\"twitter:card\" content=\"summary_large_image\" \/>\n<meta name=\"twitter:creator\" content=\"@sunoresearch\" \/>\n<meta name=\"twitter:site\" content=\"@sunoresearch\" \/>\n<meta name=\"twitter:label1\" content=\"Escrito por\" \/>\n\t<meta name=\"twitter:data1\" content=\"Jader Lazarini\" \/>\n\t<meta name=\"twitter:label2\" content=\"Est. tempo de leitura\" \/>\n\t<meta name=\"twitter:data2\" content=\"2 minutos\" \/>\n<script type=\"application\/ld+json\" class=\"yoast-schema-graph\">{\"@context\":\"https:\/\/schema.org\",\"@graph\":[{\"@type\":\"NewsArticle\",\"@id\":\"https:\/\/www.suno.com.br\/noticias\/movida-movi3-compra-vox-frotas-locadora\/#article\",\"isPartOf\":{\"@id\":\"https:\/\/www.suno.com.br\/noticias\/movida-movi3-compra-vox-frotas-locadora\/\"},\"author\":{\"name\":\"Jader Lazarini\",\"@id\":\"https:\/\/www.suno.com.br\/noticias\/#\/schema\/person\/918d79de1f0281f01599b93f9ea6e23f\"},\"headline\":\"Movida (MOVI3) anuncia compra da VOX Frotas Locadora\",\"datePublished\":\"2021-01-18T10:36:48+00:00\",\"dateModified\":\"2021-01-22T15:23:59+00:00\",\"mainEntityOfPage\":{\"@id\":\"https:\/\/www.suno.com.br\/noticias\/movida-movi3-compra-vox-frotas-locadora\/\"},\"wordCount\":440,\"publisher\":{\"@id\":\"https:\/\/www.suno.com.br\/noticias\/#organization\"},\"image\":{\"@id\":\"https:\/\/www.suno.com.br\/noticias\/movida-movi3-compra-vox-frotas-locadora\/#primaryimage\"},\"thumbnailUrl\":\"https:\/\/files.sunoresearch.com.br\/n\/uploads\/2021\/01\/a924f013-movida1-jpg.webp\",\"keywords\":[\"fus\u00f5es e aquisi\u00e7\u00f5es\",\"Movida (MOVI3)\"],\"articleSection\":[\"Neg\u00f3cios\"],\"inLanguage\":\"pt-BR\"},{\"@type\":\"WebPage\",\"@id\":\"https:\/\/www.suno.com.br\/noticias\/movida-movi3-compra-vox-frotas-locadora\/\",\"url\":\"https:\/\/www.suno.com.br\/noticias\/movida-movi3-compra-vox-frotas-locadora\/\",\"name\":\"Movida (MOVI3) anuncia compra da VOX Frotas Locadora\",\"isPartOf\":{\"@id\":\"https:\/\/www.suno.com.br\/noticias\/#website\"},\"primaryImageOfPage\":{\"@id\":\"https:\/\/www.suno.com.br\/noticias\/movida-movi3-compra-vox-frotas-locadora\/#primaryimage\"},\"image\":{\"@id\":\"https:\/\/www.suno.com.br\/noticias\/movida-movi3-compra-vox-frotas-locadora\/#primaryimage\"},\"thumbnailUrl\":\"https:\/\/files.sunoresearch.com.br\/n\/uploads\/2021\/01\/a924f013-movida1-jpg.webp\",\"datePublished\":\"2021-01-18T10:36:48+00:00\",\"dateModified\":\"2021-01-22T15:23:59+00:00\",\"description\":\"A Movida (MOVI3) anunciou, na noite do \u00faltimo domingo (17), que fechou a aquisi\u00e7\u00e3o da VOX Frotas Locadora. Clique e saiba mais.\",\"breadcrumb\":{\"@id\":\"https:\/\/www.suno.com.br\/noticias\/movida-movi3-compra-vox-frotas-locadora\/#breadcrumb\"},\"inLanguage\":\"pt-BR\",\"potentialAction\":[{\"@type\":\"ReadAction\",\"target\":[\"https:\/\/www.suno.com.br\/noticias\/movida-movi3-compra-vox-frotas-locadora\/\"]}]},{\"@type\":\"ImageObject\",\"inLanguage\":\"pt-BR\",\"@id\":\"https:\/\/www.suno.com.br\/noticias\/movida-movi3-compra-vox-frotas-locadora\/#primaryimage\",\"url\":\"https:\/\/files.sunoresearch.com.br\/n\/uploads\/2021\/01\/a924f013-movida1-jpg.webp\",\"contentUrl\":\"https:\/\/files.sunoresearch.com.br\/n\/uploads\/2021\/01\/a924f013-movida1-jpg.webp\",\"width\":1200,\"height\":800,\"caption\":\"Movida (MOVI3) anuncia recompra de at\u00e9 US$ 175 milh\u00f5es de t\u00edtulos externos. Foto: Divulga\u00e7\u00e3o.\"},{\"@type\":\"BreadcrumbList\",\"@id\":\"https:\/\/www.suno.com.br\/noticias\/movida-movi3-compra-vox-frotas-locadora\/#breadcrumb\",\"itemListElement\":[{\"@type\":\"ListItem\",\"position\":1,\"name\":\"Not\u00edcias\",\"item\":\"https:\/\/www.suno.com.br\/noticias\/\"},{\"@type\":\"ListItem\",\"position\":2,\"name\":\"Neg\u00f3cios\",\"item\":\"https:\/\/www.suno.com.br\/noticias\/negocios\/\"},{\"@type\":\"ListItem\",\"position\":3,\"name\":\"Movida (MOVI3) anuncia compra da VOX Frotas Locadora\"}]},{\"@type\":\"WebSite\",\"@id\":\"https:\/\/www.suno.com.br\/noticias\/#website\",\"url\":\"https:\/\/www.suno.com.br\/noticias\/\",\"name\":\"Suno Not\u00edcias\",\"description\":\"Seu portal de informa\u00e7\u00e3o sobre o mundo dos investimentos\",\"publisher\":{\"@id\":\"https:\/\/www.suno.com.br\/noticias\/#organization\"},\"potentialAction\":[{\"@type\":\"SearchAction\",\"target\":{\"@type\":\"EntryPoint\",\"urlTemplate\":\"https:\/\/www.suno.com.br\/noticias\/?s={search_term_string}\"},\"query-input\":{\"@type\":\"PropertyValueSpecification\",\"valueRequired\":true,\"valueName\":\"search_term_string\"}}],\"inLanguage\":\"pt-BR\"},{\"@type\":\"Organization\",\"@id\":\"https:\/\/www.suno.com.br\/noticias\/#organization\",\"name\":\"Suno Not\u00edcias\",\"url\":\"https:\/\/www.suno.com.br\/noticias\/\",\"logo\":{\"@type\":\"ImageObject\",\"inLanguage\":\"pt-BR\",\"@id\":\"https:\/\/www.suno.com.br\/noticias\/#\/schema\/logo\/image\/\",\"url\":\"https:\/\/files.sunoresearch.com.br\/n\/uploads\/2021\/09\/suno-logo.png\",\"contentUrl\":\"https:\/\/files.sunoresearch.com.br\/n\/uploads\/2021\/09\/suno-logo.png\",\"width\":180,\"height\":180,\"caption\":\"Suno Not\u00edcias\"},\"image\":{\"@id\":\"https:\/\/www.suno.com.br\/noticias\/#\/schema\/logo\/image\/\"},\"sameAs\":[\"https:\/\/facebook.com\/sunoresearch\",\"https:\/\/x.com\/sunoresearch\",\"https:\/\/www.instagram.com\/suno\",\"https:\/\/www.linkedin.com\/company\/suno-research\/\",\"https:\/\/www.youtube.com\/c\/sunoresearch\"]},{\"@type\":\"Person\",\"@id\":\"https:\/\/www.suno.com.br\/noticias\/#\/schema\/person\/918d79de1f0281f01599b93f9ea6e23f\",\"name\":\"Jader Lazarini\",\"image\":{\"@type\":\"ImageObject\",\"inLanguage\":\"pt-BR\",\"@id\":\"https:\/\/www.suno.com.br\/noticias\/#\/schema\/person\/image\/\",\"url\":\"https:\/\/secure.gravatar.com\/avatar\/3c1ad8caa51589841baeb923fcddea97?s=96&r=g\",\"contentUrl\":\"https:\/\/secure.gravatar.com\/avatar\/3c1ad8caa51589841baeb923fcddea97?s=96&r=g\",\"caption\":\"Jader Lazarini\"},\"description\":\"Jader Lazarini escreve sobre investimentos, finan\u00e7as, economia e neg\u00f3cios. \u00c9 bacharel em Rela\u00e7\u00f5es Internacionais e analista CNPI (2619).\",\"url\":\"https:\/\/www.suno.com.br\/noticias\/author\/jader-lazarini\/\"}]}<\/script>\n<!-- \/ Yoast SEO plugin. -->","yoast_head_json":{"title":"Movida (MOVI3) anuncia compra da VOX Frotas Locadora","description":"A Movida (MOVI3) anunciou, na noite do \u00faltimo domingo (17), que fechou a aquisi\u00e7\u00e3o da VOX Frotas Locadora. Clique e saiba mais.","robots":{"index":"index","follow":"follow","max-snippet":"max-snippet:-1","max-image-preview":"max-image-preview:large","max-video-preview":"max-video-preview:-1"},"canonical":"https:\/\/www.suno.com.br\/noticias\/movida-movi3-compra-vox-frotas-locadora\/","og_locale":"pt_BR","og_type":"article","og_title":"Movida (MOVI3) anuncia compra da VOX Frotas Locadora","og_description":"A Movida (MOVI3) anunciou, na noite do \u00faltimo domingo (17), que fechou a aquisi\u00e7\u00e3o da VOX Frotas Locadora. Clique e saiba mais.","og_url":"https:\/\/www.suno.com.br\/noticias\/movida-movi3-compra-vox-frotas-locadora\/","og_site_name":"Suno Not\u00edcias","article_publisher":"https:\/\/facebook.com\/sunoresearch","og_image":[{"width":1200,"height":800,"url":"https:\/\/files.sunoresearch.com.br\/n\/uploads\/2021\/01\/a924f013-movida1.jpg","type":"image\/jpeg"}],"author":"Jader Lazarini","twitter_card":"summary_large_image","twitter_creator":"@sunoresearch","twitter_site":"@sunoresearch","twitter_misc":{"Escrito por":"Jader Lazarini","Est. tempo de leitura":"2 minutos"},"schema":{"@context":"https:\/\/schema.org","@graph":[{"@type":"NewsArticle","@id":"https:\/\/www.suno.com.br\/noticias\/movida-movi3-compra-vox-frotas-locadora\/#article","isPartOf":{"@id":"https:\/\/www.suno.com.br\/noticias\/movida-movi3-compra-vox-frotas-locadora\/"},"author":{"name":"Jader Lazarini","@id":"https:\/\/www.suno.com.br\/noticias\/#\/schema\/person\/918d79de1f0281f01599b93f9ea6e23f"},"headline":"Movida (MOVI3) anuncia compra da VOX Frotas Locadora","datePublished":"2021-01-18T10:36:48+00:00","dateModified":"2021-01-22T15:23:59+00:00","mainEntityOfPage":{"@id":"https:\/\/www.suno.com.br\/noticias\/movida-movi3-compra-vox-frotas-locadora\/"},"wordCount":440,"publisher":{"@id":"https:\/\/www.suno.com.br\/noticias\/#organization"},"image":{"@id":"https:\/\/www.suno.com.br\/noticias\/movida-movi3-compra-vox-frotas-locadora\/#primaryimage"},"thumbnailUrl":"https:\/\/files.sunoresearch.com.br\/n\/uploads\/2021\/01\/a924f013-movida1-jpg.webp","keywords":["fus\u00f5es e aquisi\u00e7\u00f5es","Movida (MOVI3)"],"articleSection":["Neg\u00f3cios"],"inLanguage":"pt-BR"},{"@type":"WebPage","@id":"https:\/\/www.suno.com.br\/noticias\/movida-movi3-compra-vox-frotas-locadora\/","url":"https:\/\/www.suno.com.br\/noticias\/movida-movi3-compra-vox-frotas-locadora\/","name":"Movida (MOVI3) anuncia compra da VOX Frotas Locadora","isPartOf":{"@id":"https:\/\/www.suno.com.br\/noticias\/#website"},"primaryImageOfPage":{"@id":"https:\/\/www.suno.com.br\/noticias\/movida-movi3-compra-vox-frotas-locadora\/#primaryimage"},"image":{"@id":"https:\/\/www.suno.com.br\/noticias\/movida-movi3-compra-vox-frotas-locadora\/#primaryimage"},"thumbnailUrl":"https:\/\/files.sunoresearch.com.br\/n\/uploads\/2021\/01\/a924f013-movida1-jpg.webp","datePublished":"2021-01-18T10:36:48+00:00","dateModified":"2021-01-22T15:23:59+00:00","description":"A Movida (MOVI3) anunciou, na noite do \u00faltimo domingo (17), que fechou a aquisi\u00e7\u00e3o da VOX Frotas Locadora. Clique e saiba mais.","breadcrumb":{"@id":"https:\/\/www.suno.com.br\/noticias\/movida-movi3-compra-vox-frotas-locadora\/#breadcrumb"},"inLanguage":"pt-BR","potentialAction":[{"@type":"ReadAction","target":["https:\/\/www.suno.com.br\/noticias\/movida-movi3-compra-vox-frotas-locadora\/"]}]},{"@type":"ImageObject","inLanguage":"pt-BR","@id":"https:\/\/www.suno.com.br\/noticias\/movida-movi3-compra-vox-frotas-locadora\/#primaryimage","url":"https:\/\/files.sunoresearch.com.br\/n\/uploads\/2021\/01\/a924f013-movida1-jpg.webp","contentUrl":"https:\/\/files.sunoresearch.com.br\/n\/uploads\/2021\/01\/a924f013-movida1-jpg.webp","width":1200,"height":800,"caption":"Movida (MOVI3) anuncia recompra de at\u00e9 US$ 175 milh\u00f5es de t\u00edtulos externos. Foto: Divulga\u00e7\u00e3o."},{"@type":"BreadcrumbList","@id":"https:\/\/www.suno.com.br\/noticias\/movida-movi3-compra-vox-frotas-locadora\/#breadcrumb","itemListElement":[{"@type":"ListItem","position":1,"name":"Not\u00edcias","item":"https:\/\/www.suno.com.br\/noticias\/"},{"@type":"ListItem","position":2,"name":"Neg\u00f3cios","item":"https:\/\/www.suno.com.br\/noticias\/negocios\/"},{"@type":"ListItem","position":3,"name":"Movida (MOVI3) anuncia compra da VOX Frotas Locadora"}]},{"@type":"WebSite","@id":"https:\/\/www.suno.com.br\/noticias\/#website","url":"https:\/\/www.suno.com.br\/noticias\/","name":"Suno Not\u00edcias","description":"Seu portal de informa\u00e7\u00e3o sobre o mundo dos investimentos","publisher":{"@id":"https:\/\/www.suno.com.br\/noticias\/#organization"},"potentialAction":[{"@type":"SearchAction","target":{"@type":"EntryPoint","urlTemplate":"https:\/\/www.suno.com.br\/noticias\/?s={search_term_string}"},"query-input":{"@type":"PropertyValueSpecification","valueRequired":true,"valueName":"search_term_string"}}],"inLanguage":"pt-BR"},{"@type":"Organization","@id":"https:\/\/www.suno.com.br\/noticias\/#organization","name":"Suno Not\u00edcias","url":"https:\/\/www.suno.com.br\/noticias\/","logo":{"@type":"ImageObject","inLanguage":"pt-BR","@id":"https:\/\/www.suno.com.br\/noticias\/#\/schema\/logo\/image\/","url":"https:\/\/files.sunoresearch.com.br\/n\/uploads\/2021\/09\/suno-logo.png","contentUrl":"https:\/\/files.sunoresearch.com.br\/n\/uploads\/2021\/09\/suno-logo.png","width":180,"height":180,"caption":"Suno Not\u00edcias"},"image":{"@id":"https:\/\/www.suno.com.br\/noticias\/#\/schema\/logo\/image\/"},"sameAs":["https:\/\/facebook.com\/sunoresearch","https:\/\/x.com\/sunoresearch","https:\/\/www.instagram.com\/suno","https:\/\/www.linkedin.com\/company\/suno-research\/","https:\/\/www.youtube.com\/c\/sunoresearch"]},{"@type":"Person","@id":"https:\/\/www.suno.com.br\/noticias\/#\/schema\/person\/918d79de1f0281f01599b93f9ea6e23f","name":"Jader Lazarini","image":{"@type":"ImageObject","inLanguage":"pt-BR","@id":"https:\/\/www.suno.com.br\/noticias\/#\/schema\/person\/image\/","url":"https:\/\/secure.gravatar.com\/avatar\/3c1ad8caa51589841baeb923fcddea97?s=96&r=g","contentUrl":"https:\/\/secure.gravatar.com\/avatar\/3c1ad8caa51589841baeb923fcddea97?s=96&r=g","caption":"Jader Lazarini"},"description":"Jader Lazarini escreve sobre investimentos, finan\u00e7as, economia e neg\u00f3cios. \u00c9 bacharel em Rela\u00e7\u00f5es Internacionais e analista CNPI (2619).","url":"https:\/\/www.suno.com.br\/noticias\/author\/jader-lazarini\/"}]}},"default_loop_html":"<div class=\"cardsPage__listCard__boxs\"><div class=\"cardsPage__listCard__boxs__img\"><a href=\"https:\/\/www.suno.com.br\/noticias\/movida-movi3-compra-vox-frotas-locadora\/\"><img class=\"mask\" src=\"https:\/\/www.suno.com.br\/noticias\/wp-content\/themes\/suno\/resources\/images\/spotlight\/spotlight1img\/bg-mask.png\" alt=\"Image Mask\"\/><img src=\"https:\/\/files.sunoresearch.com.br\/n\/uploads\/2021\/01\/a924f013-movida1-400x200.webp\" alt=\"Movida (MOVI3) anuncia compra da VOX Frotas Locadora\"\/><\/a><span class=\"spotlightCategory\"><a href=\"https:\/\/www.suno.com.br\/noticias\/negocios\/\">Neg\u00f3cios<\/a><\/span><\/div><div class=\"cardsPage__listCard__boxs__content\"><a href=\"https:\/\/www.suno.com.br\/noticias\/movida-movi3-compra-vox-frotas-locadora\/\"><h2 class=\"content__title\">Movida (MOVI3) anuncia compra da VOX Frotas Locadora<\/h2><\/a><div class=\"newsContent__article__meta\"><div class=\"newsContent__article__meta__authorBox\"><a href=\"https:\/\/www.suno.com.br\/noticias\/author\/jader-lazarini\/\" class=\"authorBox__avatar noMobi\"><img src=\"https:\/\/files.sunoresearch.com.br\/n\/uploads\/2021\/01\/178e6598-foto-perfil-2-150x150.jpg\" alt=\"Jader Lazarini\"><\/a><div class=\"authorBox__name\"><span>por\n\t\t\t<a href=\"https:\/\/www.suno.com.br\/noticias\/author\/jader-lazarini\/\"><span itemprop=\"author\">Jader Lazarini<\/span><\/a><\/span><time datetime=\"2021-01-18T07:36:48-03:00\" itemprop=\"datePublished\">18\/01\/2021 07:36<\/time><\/div><\/div><\/div><\/div><\/div>","single_layout":"posts","amp_enabled":true,"_links":{"self":[{"href":"https:\/\/www.suno.com.br\/noticias\/wp-json\/wp\/v2\/posts\/113934"}],"collection":[{"href":"https:\/\/www.suno.com.br\/noticias\/wp-json\/wp\/v2\/posts"}],"about":[{"href":"https:\/\/www.suno.com.br\/noticias\/wp-json\/wp\/v2\/types\/post"}],"author":[{"embeddable":true,"href":"https:\/\/www.suno.com.br\/noticias\/wp-json\/wp\/v2\/users\/24"}],"replies":[{"embeddable":true,"href":"https:\/\/www.suno.com.br\/noticias\/wp-json\/wp\/v2\/comments?post=113934"}],"version-history":[{"count":0,"href":"https:\/\/www.suno.com.br\/noticias\/wp-json\/wp\/v2\/posts\/113934\/revisions"}],"wp:featuredmedia":[{"embeddable":true,"href":"https:\/\/www.suno.com.br\/noticias\/wp-json\/wp\/v2\/media\/113935"}],"wp:attachment":[{"href":"https:\/\/www.suno.com.br\/noticias\/wp-json\/wp\/v2\/media?parent=113934"}],"wp:term":[{"taxonomy":"category","embeddable":true,"href":"https:\/\/www.suno.com.br\/noticias\/wp-json\/wp\/v2\/categories?post=113934"},{"taxonomy":"post_tag","embeddable":true,"href":"https:\/\/www.suno.com.br\/noticias\/wp-json\/wp\/v2\/tags?post=113934"},{"taxonomy":"suno_strategy","embeddable":true,"href":"https:\/\/www.suno.com.br\/noticias\/wp-json\/wp\/v2\/suno_strategy?post=113934"}],"curies":[{"name":"wp","href":"https:\/\/api.w.org\/{rel}","templated":true}]}}