{"id":113928,"date":"2021-01-18T08:00:26","date_gmt":"2021-01-18T11:00:26","guid":{"rendered":"https:\/\/www.suno.com.br\/noticias\/?p=113928"},"modified":"2021-01-21T17:50:25","modified_gmt":"2021-01-21T20:50:25","slug":"ministerio-da-saude-distribuicao-vacina","status":"publish","type":"post","link":"https:\/\/www.suno.com.br\/noticias\/ministerio-da-saude-distribuicao-vacina\/","title":{"rendered":"Governo federal come\u00e7a hoje distribui\u00e7\u00e3o da vacina CoronaVac"},"content":{"rendered":"<p>O Governo Federal inicia hoje a distribui\u00e7\u00e3o da CoronaVac, <strong>vacina<\/strong> produzida pela companhia chinesa Sinovac em parceria com o Instituto Butantan. Ser\u00e3o, no primeiro momento, seis milh\u00f5es de doses distribu\u00eddas para todos os estados e para o Distrito Federal.<\/p>\t<div class=\"wrapper-featured-image\">\n\t\t<figure class=\"spotlightImg\">\n\n\t\t\t<picture>\n\t\t\t\t<source media=\"(max-width: 768px)\" srcset=\"https:\/\/files.sunoresearch.com.br\/n\/uploads\/2021\/01\/8bd9aaf1-vacina-400x200.webp\">\n\t\t\t\t<img loading=\"lazy\" decoding=\"async\" class=\"newsContent__article__imgCapa lazyloadDisabled \" src=\"https:\/\/files.sunoresearch.com.br\/n\/uploads\/2021\/01\/8bd9aaf1-vacina-800x450.webp\" width=\"800\" height=\"450\" alt=\"Governo federal come\u00e7a hoje distribui\u00e7\u00e3o da vacina CoronaVac\" fetchpriority=high \/>\n\t\t\t<\/picture>\n\n\t\t\t<figcaption class=\"wp-caption-text wp-caption-text--show\">Governo Federal inicia hoje distribui\u00e7\u00e3o da vacina CoronaVac<\/figcaption>\n\t\t<\/figure>\n\t<\/div>\n\n\n<p><span style=\"font-weight: 400;\">\t<p>\n\t\t<a href=\"https:\/\/lp.suno.com.br\/planilha-controle-gastos\/\" target=\"_blank\" data-element=\"shortcode-suno-banner\" title=\"Banner SUNO, clique e saiba mais\">\n\t\t\t<picture>\n\t\t\t\t<source media=\"(max-width: 500px)\" srcset=\"https:\/\/files.sunoresearch.com.br\/n\/uploads\/2023\/03\/400x300-Planilha-controle-de-gastos.png\">\n\t\t\t\t<img class=\"newsContent__article__imgCapa newsContent__article__imgCapa--banner\"\n\t\t\t\t\tsrc=\"https:\/\/files.sunoresearch.com.br\/n\/uploads\/2023\/03\/1420x240-Planilha-controle-de-gastos.png\"\n\t\t\t\t\tdata-promo-id=\"101751\"\t\t\t\t\t\t\t\t\t\twidth='1420' height='240'\t\t\t\t\talt=\"https:\/\/files.sunoresearch.com.br\/n\/uploads\/2023\/03\/1420x240-Planilha-controle-de-gastos.png\"\n\t\t\t\t>\n\t\t\t<\/picture>\n\t\t<\/a>\n\t<\/p>\n\n<\/span><\/p>\n<p>As caixas com as vacinas, segundo nota divulgada pelo <strong>Minist\u00e9rio da Sa\u00fade<\/strong>, est\u00e3o no Departamento de Log\u00edstica da Sa\u00fade (DLOG) e come\u00e7ar\u00e3o a ser transportadas por avi\u00f5es da For\u00e7a A\u00e9rea Brasileira (FAB) e por caminh\u00f5es com \u00e1reas de carga refrigeradas. <a href=\"https:\/\/www.suno.com.br\/acoes\/azul4\/\">Azul (AZUL4)<\/a>, <a href=\"https:\/\/www.suno.com.br\/acoes\/goll4\/\">Gol (GOLL4)<\/a>, Latam e Voepass tamb\u00e9m transportar\u00e3o, de maneira gratuita, os f\u00e1rmacos futuramente.<\/p>\n<p>Segundo o portal UOL, todas as <strong>companhias a\u00e9reas<\/strong> garantiram estar prontas para transportar o ant\u00edgeno, esperando apenas orienta\u00e7\u00f5es do Minist\u00e9rio da Sa\u00fade. Segundo o presidente da associa\u00e7\u00e3o de empresas do setor (ABEA), Eduardo Sanovicz, &#8220;a vacina \u00e9 o que todos esperam e a ideia \u00e9 fazer todos os esfor\u00e7os para a distribu\u00ed-la da forma mais r\u00e1pida poss\u00edvel&#8221;. Os planos para a opera\u00e7\u00e3o teriam come\u00e7ado j\u00e1 h\u00e1 algum tempo.<\/p>\n<p><a href=\"https:\/\/lp.suno.com.br\/suno-one\/\"><span style=\"font-weight: 400;\">Suno One: acesse gratuitamente eBooks, Minicursos, Artigos e Video Aulas sobre investimentos com um \u00fanico cadastro. Clique para saber mais!<\/span><\/a><\/p>\n<p>As vacinas ser\u00e3o transportadas nos por\u00f5es de cargas dos avi\u00f5es comerciais. A Azul afirmou que a estimativa \u00e9 transportar at\u00e9 5 mil doses por voo. A Latam disse que o Airbus A320 pode levar at\u00e9 800 mil doses da vacina. A Gol n\u00e3o apresentou uma estimativa. As empresas do setor, que foi talvez o mais prejudicado pela pandemia, informaram que ainda n\u00e3o receberam planos de a\u00e7\u00e3o detalhados, mas disseram j\u00e1 ter experi\u00eancia no transporte de produtos m\u00e9dicos.<\/p>\n<p>Os primeiros voos sair\u00e3o de S\u00e3o Paulo nesta segunda com destino ao Distrito Federal e \u00e0s capitais de dez estados.<\/p>\n<h2>Anvisa aprovou ontem uso de vacina de Oxford e da CoronaVac<\/h2>\n<p>A Ag\u00eancia Nacional de Vigil\u00e2ncia Sanit\u00e1ria, a Anvisa, autorizou neste domingo (17), por unanimidade, o uso emergencial da <strong>CoronaVac<\/strong> e da vacina da Universidade de Oxford contra a covid-19.<\/p>\n<p><span style=\"font-weight: 400;\">\t<p>\n\t\t<a href=\"https:\/\/lp.suno.com.br\/ebook-como-analisar-uma-acao\/\" target=\"_blank\" data-element=\"shortcode-suno-banner\" title=\"Banner SUNO, clique e saiba mais\">\n\t\t\t<picture>\n\t\t\t\t<source media=\"(max-width: 500px)\" srcset=\"https:\/\/files.sunoresearch.com.br\/n\/uploads\/2023\/03\/Ebook-Acoes-Mobile.jpg\">\n\t\t\t\t<img class=\"newsContent__article__imgCapa newsContent__article__imgCapa--banner\"\n\t\t\t\t\tsrc=\"https:\/\/files.sunoresearch.com.br\/n\/uploads\/2023\/03\/Ebook-Acoes-Desktop.jpg\"\n\t\t\t\t\tdata-promo-id=\"378302\"\t\t\t\t\t\t\t\t\t\twidth='1420' height='286'\t\t\t\t\talt=\"https:\/\/files.sunoresearch.com.br\/n\/uploads\/2023\/03\/Ebook-Acoes-Desktop.jpg\"\n\t\t\t\t>\n\t\t\t<\/picture>\n\t\t<\/a>\n\t<\/p>\n\n<\/span><\/p>\n<p>S\u00e3o Paulo realizou ontem, inclusive, a aplica\u00e7\u00e3o das primeiras doses da CoronaVac. A movimenta\u00e7\u00e3o gerou ru\u00eddos pol\u00edticos entre o governador do estado, Jo\u00e3o D\u00f3ria, e o ministro da Sa\u00fade, Eduardo Pazuello.<\/p>\n<p>O presidente Jair Bolsonaro, que foi sempre um cr\u00edtico da &#8220;<strong>vacina<\/strong> chinesa&#8221;, n\u00e3o se manifestou.<\/p>\n<p><span style=\"font-weight: 400;\">\u00a0\t<p>\n\t\t<a href=\"https:\/\/lp.suno.com.br\/planilha-de-controle-de-investimentos\/\" target=\"_blank\" data-element=\"shortcode-suno-banner\" title=\"Banner SUNO, clique e saiba mais\">\n\t\t\t<picture>\n\t\t\t\t<source media=\"(max-width: 500px)\" srcset=\"https:\/\/files.sunoresearch.com.br\/n\/uploads\/2023\/03\/400x300-Controle-de-Investimentos.png\">\n\t\t\t\t<img class=\"newsContent__article__imgCapa newsContent__article__imgCapa--banner\"\n\t\t\t\t\tsrc=\"https:\/\/files.sunoresearch.com.br\/n\/uploads\/2023\/03\/1420x240-Controle-de-Investimentos.png\"\n\t\t\t\t\tdata-promo-id=\"75934\"\t\t\t\t\t\t\t\t\t\twidth='1420' height='240'\t\t\t\t\talt=\"https:\/\/files.sunoresearch.com.br\/n\/uploads\/2023\/03\/1420x240-Controle-de-Investimentos.png\"\n\t\t\t\t>\n\t\t\t<\/picture>\n\t\t<\/a>\n\t<\/p>\n\n<\/span><\/p>\n","protected":false},"excerpt":{"rendered":"<p>O Governo Federal inicia hoje a distribui\u00e7\u00e3o da CoronaVac, vacina produzida pela companhia chinesa Sinovac em parceria com o Instituto Butantan. Ser\u00e3o, no primeiro momento, seis milh\u00f5es de doses distribu\u00eddas para todos os estados e para o Distrito Federal. Governo Federal inicia hoje distribui\u00e7\u00e3o da vacina CoronaVac As caixas com as vacinas, segundo nota divulgada [&hellip;]<\/p>\n","protected":false},"author":59,"featured_media":113954,"comment_status":"closed","ping_status":"closed","sticky":false,"template":"","format":"standard","meta":[],"categories":[61],"tags":[106932,1594,104567,489,2735,25002],"suno_strategy":[],"class_list":["post-113928","post","type-post","status-publish","format-standard","has-post-thumbnail","hentry","category-politica","tag-azul-azul4","tag-companhias-aereas","tag-coronavac","tag-gol-linhas-aereas-goll11-goll4","tag-ministerio-da-saude","tag-vacina"],"yoast_head":"<!-- This site is optimized with the Yoast SEO plugin v24.4 - https:\/\/yoast.com\/wordpress\/plugins\/seo\/ -->\n<title>Governo federal come\u00e7a hoje distribui\u00e7\u00e3o da vacina CoronaVac<\/title>\n<meta name=\"description\" content=\"O Governo Federal come\u00e7ou a distribuir a vacina produzida pela Sinovac em parceria com o Instituto Butantan. Clique aqui para saber mais.\" \/>\n<meta name=\"robots\" content=\"index, follow, max-snippet:-1, max-image-preview:large, max-video-preview:-1\" \/>\n<link rel=\"canonical\" href=\"https:\/\/www.suno.com.br\/noticias\/ministerio-da-saude-distribuicao-vacina\/\" \/>\n<meta property=\"og:locale\" content=\"pt_BR\" \/>\n<meta property=\"og:type\" content=\"article\" \/>\n<meta property=\"og:title\" content=\"Governo federal come\u00e7a hoje distribui\u00e7\u00e3o da vacina CoronaVac\" \/>\n<meta property=\"og:description\" content=\"O Governo Federal come\u00e7ou a distribuir a vacina produzida pela Sinovac em parceria com o Instituto Butantan. Clique aqui para saber mais.\" \/>\n<meta property=\"og:url\" content=\"https:\/\/www.suno.com.br\/noticias\/ministerio-da-saude-distribuicao-vacina\/\" \/>\n<meta property=\"og:site_name\" content=\"Suno Not\u00edcias\" \/>\n<meta property=\"article:publisher\" content=\"https:\/\/facebook.com\/sunoresearch\" \/>\n<meta property=\"og:image\" content=\"https:\/\/files.sunoresearch.com.br\/n\/uploads\/2021\/01\/8bd9aaf1-vacina.jpg\" \/>\n\t<meta property=\"og:image:width\" content=\"1024\" \/>\n\t<meta property=\"og:image:height\" content=\"613\" \/>\n\t<meta property=\"og:image:type\" content=\"image\/jpeg\" \/>\n<meta name=\"author\" content=\"Vitor Azevedo\" \/>\n<meta name=\"twitter:card\" content=\"summary_large_image\" \/>\n<meta name=\"twitter:creator\" content=\"@sunoresearch\" \/>\n<meta name=\"twitter:site\" content=\"@sunoresearch\" \/>\n<meta name=\"twitter:label1\" content=\"Escrito por\" \/>\n\t<meta name=\"twitter:data1\" content=\"Vitor Azevedo\" \/>\n\t<meta name=\"twitter:label2\" content=\"Est. tempo de leitura\" \/>\n\t<meta name=\"twitter:data2\" content=\"2 minutos\" \/>\n<script type=\"application\/ld+json\" class=\"yoast-schema-graph\">{\"@context\":\"https:\/\/schema.org\",\"@graph\":[{\"@type\":\"NewsArticle\",\"@id\":\"https:\/\/www.suno.com.br\/noticias\/ministerio-da-saude-distribuicao-vacina\/#article\",\"isPartOf\":{\"@id\":\"https:\/\/www.suno.com.br\/noticias\/ministerio-da-saude-distribuicao-vacina\/\"},\"author\":{\"name\":\"Vitor Azevedo\",\"@id\":\"https:\/\/www.suno.com.br\/noticias\/#\/schema\/person\/658d5fbc74d81f265f5df3562d0038ab\"},\"headline\":\"Governo federal come\u00e7a hoje distribui\u00e7\u00e3o da vacina CoronaVac\",\"datePublished\":\"2021-01-18T11:00:26+00:00\",\"dateModified\":\"2021-01-21T20:50:25+00:00\",\"mainEntityOfPage\":{\"@id\":\"https:\/\/www.suno.com.br\/noticias\/ministerio-da-saude-distribuicao-vacina\/\"},\"wordCount\":443,\"publisher\":{\"@id\":\"https:\/\/www.suno.com.br\/noticias\/#organization\"},\"image\":{\"@id\":\"https:\/\/www.suno.com.br\/noticias\/ministerio-da-saude-distribuicao-vacina\/#primaryimage\"},\"thumbnailUrl\":\"https:\/\/files.sunoresearch.com.br\/n\/uploads\/2021\/01\/8bd9aaf1-vacina-jpg.webp\",\"keywords\":[\"Azul (AZUL4)\",\"companhias a\u00e9reas\",\"coronavac\",\"Gol Linhas A\u00e9reas (GOLL11\/GOLL4)\",\"Minist\u00e9rio da Sa\u00fade\",\"vacina\"],\"articleSection\":[\"Pol\u00edtica\"],\"inLanguage\":\"pt-BR\"},{\"@type\":\"WebPage\",\"@id\":\"https:\/\/www.suno.com.br\/noticias\/ministerio-da-saude-distribuicao-vacina\/\",\"url\":\"https:\/\/www.suno.com.br\/noticias\/ministerio-da-saude-distribuicao-vacina\/\",\"name\":\"Governo federal come\u00e7a hoje distribui\u00e7\u00e3o da vacina CoronaVac\",\"isPartOf\":{\"@id\":\"https:\/\/www.suno.com.br\/noticias\/#website\"},\"primaryImageOfPage\":{\"@id\":\"https:\/\/www.suno.com.br\/noticias\/ministerio-da-saude-distribuicao-vacina\/#primaryimage\"},\"image\":{\"@id\":\"https:\/\/www.suno.com.br\/noticias\/ministerio-da-saude-distribuicao-vacina\/#primaryimage\"},\"thumbnailUrl\":\"https:\/\/files.sunoresearch.com.br\/n\/uploads\/2021\/01\/8bd9aaf1-vacina-jpg.webp\",\"datePublished\":\"2021-01-18T11:00:26+00:00\",\"dateModified\":\"2021-01-21T20:50:25+00:00\",\"description\":\"O Governo Federal come\u00e7ou a distribuir a vacina produzida pela Sinovac em parceria com o Instituto Butantan. Clique aqui para saber mais.\",\"breadcrumb\":{\"@id\":\"https:\/\/www.suno.com.br\/noticias\/ministerio-da-saude-distribuicao-vacina\/#breadcrumb\"},\"inLanguage\":\"pt-BR\",\"potentialAction\":[{\"@type\":\"ReadAction\",\"target\":[\"https:\/\/www.suno.com.br\/noticias\/ministerio-da-saude-distribuicao-vacina\/\"]}]},{\"@type\":\"ImageObject\",\"inLanguage\":\"pt-BR\",\"@id\":\"https:\/\/www.suno.com.br\/noticias\/ministerio-da-saude-distribuicao-vacina\/#primaryimage\",\"url\":\"https:\/\/files.sunoresearch.com.br\/n\/uploads\/2021\/01\/8bd9aaf1-vacina-jpg.webp\",\"contentUrl\":\"https:\/\/files.sunoresearch.com.br\/n\/uploads\/2021\/01\/8bd9aaf1-vacina-jpg.webp\",\"width\":1024,\"height\":613,\"caption\":\"Governo Federal inicia hoje distribui\u00e7\u00e3o da vacina CoronaVac\"},{\"@type\":\"BreadcrumbList\",\"@id\":\"https:\/\/www.suno.com.br\/noticias\/ministerio-da-saude-distribuicao-vacina\/#breadcrumb\",\"itemListElement\":[{\"@type\":\"ListItem\",\"position\":1,\"name\":\"Not\u00edcias\",\"item\":\"https:\/\/www.suno.com.br\/noticias\/\"},{\"@type\":\"ListItem\",\"position\":2,\"name\":\"Pol\u00edtica\",\"item\":\"https:\/\/www.suno.com.br\/noticias\/politica\/\"},{\"@type\":\"ListItem\",\"position\":3,\"name\":\"Governo federal come\u00e7a hoje distribui\u00e7\u00e3o da vacina CoronaVac\"}]},{\"@type\":\"WebSite\",\"@id\":\"https:\/\/www.suno.com.br\/noticias\/#website\",\"url\":\"https:\/\/www.suno.com.br\/noticias\/\",\"name\":\"Suno Not\u00edcias\",\"description\":\"Seu portal de informa\u00e7\u00e3o sobre o mundo dos investimentos\",\"publisher\":{\"@id\":\"https:\/\/www.suno.com.br\/noticias\/#organization\"},\"potentialAction\":[{\"@type\":\"SearchAction\",\"target\":{\"@type\":\"EntryPoint\",\"urlTemplate\":\"https:\/\/www.suno.com.br\/noticias\/?s={search_term_string}\"},\"query-input\":{\"@type\":\"PropertyValueSpecification\",\"valueRequired\":true,\"valueName\":\"search_term_string\"}}],\"inLanguage\":\"pt-BR\"},{\"@type\":\"Organization\",\"@id\":\"https:\/\/www.suno.com.br\/noticias\/#organization\",\"name\":\"Suno Not\u00edcias\",\"url\":\"https:\/\/www.suno.com.br\/noticias\/\",\"logo\":{\"@type\":\"ImageObject\",\"inLanguage\":\"pt-BR\",\"@id\":\"https:\/\/www.suno.com.br\/noticias\/#\/schema\/logo\/image\/\",\"url\":\"https:\/\/files.sunoresearch.com.br\/n\/uploads\/2021\/09\/suno-logo.png\",\"contentUrl\":\"https:\/\/files.sunoresearch.com.br\/n\/uploads\/2021\/09\/suno-logo.png\",\"width\":180,\"height\":180,\"caption\":\"Suno Not\u00edcias\"},\"image\":{\"@id\":\"https:\/\/www.suno.com.br\/noticias\/#\/schema\/logo\/image\/\"},\"sameAs\":[\"https:\/\/facebook.com\/sunoresearch\",\"https:\/\/x.com\/sunoresearch\",\"https:\/\/www.instagram.com\/suno\",\"https:\/\/www.linkedin.com\/company\/suno-research\/\",\"https:\/\/www.youtube.com\/c\/sunoresearch\"]},{\"@type\":\"Person\",\"@id\":\"https:\/\/www.suno.com.br\/noticias\/#\/schema\/person\/658d5fbc74d81f265f5df3562d0038ab\",\"name\":\"Vitor Azevedo\",\"image\":{\"@type\":\"ImageObject\",\"inLanguage\":\"pt-BR\",\"@id\":\"https:\/\/www.suno.com.br\/noticias\/#\/schema\/person\/image\/\",\"url\":\"https:\/\/secure.gravatar.com\/avatar\/62b86195291b446fe380824eb28b99a5?s=96&r=g\",\"contentUrl\":\"https:\/\/secure.gravatar.com\/avatar\/62b86195291b446fe380824eb28b99a5?s=96&r=g\",\"caption\":\"Vitor Azevedo\"},\"description\":\"Formado em jornalismo pela Unesp, escreve sobre economia e neg\u00f3cios para a Suno Not\u00edcias.\",\"url\":\"https:\/\/www.suno.com.br\/noticias\/author\/vitor-azevedo\/\"}]}<\/script>\n<!-- \/ Yoast SEO plugin. -->","yoast_head_json":{"title":"Governo federal come\u00e7a hoje distribui\u00e7\u00e3o da vacina CoronaVac","description":"O Governo Federal come\u00e7ou a distribuir a vacina produzida pela Sinovac em parceria com o Instituto Butantan. Clique aqui para saber mais.","robots":{"index":"index","follow":"follow","max-snippet":"max-snippet:-1","max-image-preview":"max-image-preview:large","max-video-preview":"max-video-preview:-1"},"canonical":"https:\/\/www.suno.com.br\/noticias\/ministerio-da-saude-distribuicao-vacina\/","og_locale":"pt_BR","og_type":"article","og_title":"Governo federal come\u00e7a hoje distribui\u00e7\u00e3o da vacina CoronaVac","og_description":"O Governo Federal come\u00e7ou a distribuir a vacina produzida pela Sinovac em parceria com o Instituto Butantan. Clique aqui para saber mais.","og_url":"https:\/\/www.suno.com.br\/noticias\/ministerio-da-saude-distribuicao-vacina\/","og_site_name":"Suno Not\u00edcias","article_publisher":"https:\/\/facebook.com\/sunoresearch","og_image":[{"width":1024,"height":613,"url":"https:\/\/files.sunoresearch.com.br\/n\/uploads\/2021\/01\/8bd9aaf1-vacina.jpg","type":"image\/jpeg"}],"author":"Vitor Azevedo","twitter_card":"summary_large_image","twitter_creator":"@sunoresearch","twitter_site":"@sunoresearch","twitter_misc":{"Escrito por":"Vitor Azevedo","Est. tempo de leitura":"2 minutos"},"schema":{"@context":"https:\/\/schema.org","@graph":[{"@type":"NewsArticle","@id":"https:\/\/www.suno.com.br\/noticias\/ministerio-da-saude-distribuicao-vacina\/#article","isPartOf":{"@id":"https:\/\/www.suno.com.br\/noticias\/ministerio-da-saude-distribuicao-vacina\/"},"author":{"name":"Vitor Azevedo","@id":"https:\/\/www.suno.com.br\/noticias\/#\/schema\/person\/658d5fbc74d81f265f5df3562d0038ab"},"headline":"Governo federal come\u00e7a hoje distribui\u00e7\u00e3o da vacina CoronaVac","datePublished":"2021-01-18T11:00:26+00:00","dateModified":"2021-01-21T20:50:25+00:00","mainEntityOfPage":{"@id":"https:\/\/www.suno.com.br\/noticias\/ministerio-da-saude-distribuicao-vacina\/"},"wordCount":443,"publisher":{"@id":"https:\/\/www.suno.com.br\/noticias\/#organization"},"image":{"@id":"https:\/\/www.suno.com.br\/noticias\/ministerio-da-saude-distribuicao-vacina\/#primaryimage"},"thumbnailUrl":"https:\/\/files.sunoresearch.com.br\/n\/uploads\/2021\/01\/8bd9aaf1-vacina-jpg.webp","keywords":["Azul (AZUL4)","companhias a\u00e9reas","coronavac","Gol Linhas A\u00e9reas (GOLL11\/GOLL4)","Minist\u00e9rio da Sa\u00fade","vacina"],"articleSection":["Pol\u00edtica"],"inLanguage":"pt-BR"},{"@type":"WebPage","@id":"https:\/\/www.suno.com.br\/noticias\/ministerio-da-saude-distribuicao-vacina\/","url":"https:\/\/www.suno.com.br\/noticias\/ministerio-da-saude-distribuicao-vacina\/","name":"Governo federal come\u00e7a hoje distribui\u00e7\u00e3o da vacina CoronaVac","isPartOf":{"@id":"https:\/\/www.suno.com.br\/noticias\/#website"},"primaryImageOfPage":{"@id":"https:\/\/www.suno.com.br\/noticias\/ministerio-da-saude-distribuicao-vacina\/#primaryimage"},"image":{"@id":"https:\/\/www.suno.com.br\/noticias\/ministerio-da-saude-distribuicao-vacina\/#primaryimage"},"thumbnailUrl":"https:\/\/files.sunoresearch.com.br\/n\/uploads\/2021\/01\/8bd9aaf1-vacina-jpg.webp","datePublished":"2021-01-18T11:00:26+00:00","dateModified":"2021-01-21T20:50:25+00:00","description":"O Governo Federal come\u00e7ou a distribuir a vacina produzida pela Sinovac em parceria com o Instituto Butantan. Clique aqui para saber mais.","breadcrumb":{"@id":"https:\/\/www.suno.com.br\/noticias\/ministerio-da-saude-distribuicao-vacina\/#breadcrumb"},"inLanguage":"pt-BR","potentialAction":[{"@type":"ReadAction","target":["https:\/\/www.suno.com.br\/noticias\/ministerio-da-saude-distribuicao-vacina\/"]}]},{"@type":"ImageObject","inLanguage":"pt-BR","@id":"https:\/\/www.suno.com.br\/noticias\/ministerio-da-saude-distribuicao-vacina\/#primaryimage","url":"https:\/\/files.sunoresearch.com.br\/n\/uploads\/2021\/01\/8bd9aaf1-vacina-jpg.webp","contentUrl":"https:\/\/files.sunoresearch.com.br\/n\/uploads\/2021\/01\/8bd9aaf1-vacina-jpg.webp","width":1024,"height":613,"caption":"Governo Federal inicia hoje distribui\u00e7\u00e3o da vacina CoronaVac"},{"@type":"BreadcrumbList","@id":"https:\/\/www.suno.com.br\/noticias\/ministerio-da-saude-distribuicao-vacina\/#breadcrumb","itemListElement":[{"@type":"ListItem","position":1,"name":"Not\u00edcias","item":"https:\/\/www.suno.com.br\/noticias\/"},{"@type":"ListItem","position":2,"name":"Pol\u00edtica","item":"https:\/\/www.suno.com.br\/noticias\/politica\/"},{"@type":"ListItem","position":3,"name":"Governo federal come\u00e7a hoje distribui\u00e7\u00e3o da vacina CoronaVac"}]},{"@type":"WebSite","@id":"https:\/\/www.suno.com.br\/noticias\/#website","url":"https:\/\/www.suno.com.br\/noticias\/","name":"Suno Not\u00edcias","description":"Seu portal de informa\u00e7\u00e3o sobre o mundo dos investimentos","publisher":{"@id":"https:\/\/www.suno.com.br\/noticias\/#organization"},"potentialAction":[{"@type":"SearchAction","target":{"@type":"EntryPoint","urlTemplate":"https:\/\/www.suno.com.br\/noticias\/?s={search_term_string}"},"query-input":{"@type":"PropertyValueSpecification","valueRequired":true,"valueName":"search_term_string"}}],"inLanguage":"pt-BR"},{"@type":"Organization","@id":"https:\/\/www.suno.com.br\/noticias\/#organization","name":"Suno Not\u00edcias","url":"https:\/\/www.suno.com.br\/noticias\/","logo":{"@type":"ImageObject","inLanguage":"pt-BR","@id":"https:\/\/www.suno.com.br\/noticias\/#\/schema\/logo\/image\/","url":"https:\/\/files.sunoresearch.com.br\/n\/uploads\/2021\/09\/suno-logo.png","contentUrl":"https:\/\/files.sunoresearch.com.br\/n\/uploads\/2021\/09\/suno-logo.png","width":180,"height":180,"caption":"Suno Not\u00edcias"},"image":{"@id":"https:\/\/www.suno.com.br\/noticias\/#\/schema\/logo\/image\/"},"sameAs":["https:\/\/facebook.com\/sunoresearch","https:\/\/x.com\/sunoresearch","https:\/\/www.instagram.com\/suno","https:\/\/www.linkedin.com\/company\/suno-research\/","https:\/\/www.youtube.com\/c\/sunoresearch"]},{"@type":"Person","@id":"https:\/\/www.suno.com.br\/noticias\/#\/schema\/person\/658d5fbc74d81f265f5df3562d0038ab","name":"Vitor Azevedo","image":{"@type":"ImageObject","inLanguage":"pt-BR","@id":"https:\/\/www.suno.com.br\/noticias\/#\/schema\/person\/image\/","url":"https:\/\/secure.gravatar.com\/avatar\/62b86195291b446fe380824eb28b99a5?s=96&r=g","contentUrl":"https:\/\/secure.gravatar.com\/avatar\/62b86195291b446fe380824eb28b99a5?s=96&r=g","caption":"Vitor Azevedo"},"description":"Formado em jornalismo pela Unesp, escreve sobre economia e neg\u00f3cios para a Suno Not\u00edcias.","url":"https:\/\/www.suno.com.br\/noticias\/author\/vitor-azevedo\/"}]}},"default_loop_html":"<div class=\"cardsPage__listCard__boxs\"><div class=\"cardsPage__listCard__boxs__img\"><a href=\"https:\/\/www.suno.com.br\/noticias\/ministerio-da-saude-distribuicao-vacina\/\"><img class=\"mask\" src=\"https:\/\/www.suno.com.br\/noticias\/wp-content\/themes\/suno\/resources\/images\/spotlight\/spotlight1img\/bg-mask.png\" alt=\"Image Mask\"\/><img src=\"https:\/\/files.sunoresearch.com.br\/n\/uploads\/2021\/01\/8bd9aaf1-vacina-400x200.webp\" alt=\"Governo federal come\u00e7a hoje distribui\u00e7\u00e3o da vacina CoronaVac\"\/><\/a><span class=\"spotlightCategory\"><a href=\"https:\/\/www.suno.com.br\/noticias\/politica\/\">Pol\u00edtica<\/a><\/span><\/div><div class=\"cardsPage__listCard__boxs__content\"><a href=\"https:\/\/www.suno.com.br\/noticias\/ministerio-da-saude-distribuicao-vacina\/\"><h2 class=\"content__title\">Governo federal come\u00e7a hoje distribui\u00e7\u00e3o da vacina CoronaVac<\/h2><\/a><div class=\"newsContent__article__meta\"><div class=\"newsContent__article__meta__authorBox\"><a href=\"https:\/\/www.suno.com.br\/noticias\/author\/vitor-azevedo\/\" class=\"authorBox__avatar noMobi\"><img src=\"https:\/\/secure.gravatar.com\/avatar\/62b86195291b446fe380824eb28b99a5?s=96&#038;r=g\" alt=\"Vitor Azevedo\"><\/a><div class=\"authorBox__name\"><span>por\n\t\t\t<a href=\"https:\/\/www.suno.com.br\/noticias\/author\/vitor-azevedo\/\"><span itemprop=\"author\">Vitor Azevedo<\/span><\/a><\/span><time datetime=\"2021-01-18T08:00:26-03:00\" itemprop=\"datePublished\">18\/01\/2021 08:00<\/time><\/div><\/div><\/div><\/div><\/div>","single_layout":"posts","amp_enabled":true,"_links":{"self":[{"href":"https:\/\/www.suno.com.br\/noticias\/wp-json\/wp\/v2\/posts\/113928"}],"collection":[{"href":"https:\/\/www.suno.com.br\/noticias\/wp-json\/wp\/v2\/posts"}],"about":[{"href":"https:\/\/www.suno.com.br\/noticias\/wp-json\/wp\/v2\/types\/post"}],"author":[{"embeddable":true,"href":"https:\/\/www.suno.com.br\/noticias\/wp-json\/wp\/v2\/users\/59"}],"replies":[{"embeddable":true,"href":"https:\/\/www.suno.com.br\/noticias\/wp-json\/wp\/v2\/comments?post=113928"}],"version-history":[{"count":0,"href":"https:\/\/www.suno.com.br\/noticias\/wp-json\/wp\/v2\/posts\/113928\/revisions"}],"wp:featuredmedia":[{"embeddable":true,"href":"https:\/\/www.suno.com.br\/noticias\/wp-json\/wp\/v2\/media\/113954"}],"wp:attachment":[{"href":"https:\/\/www.suno.com.br\/noticias\/wp-json\/wp\/v2\/media?parent=113928"}],"wp:term":[{"taxonomy":"category","embeddable":true,"href":"https:\/\/www.suno.com.br\/noticias\/wp-json\/wp\/v2\/categories?post=113928"},{"taxonomy":"post_tag","embeddable":true,"href":"https:\/\/www.suno.com.br\/noticias\/wp-json\/wp\/v2\/tags?post=113928"},{"taxonomy":"suno_strategy","embeddable":true,"href":"https:\/\/www.suno.com.br\/noticias\/wp-json\/wp\/v2\/suno_strategy?post=113928"}],"curies":[{"name":"wp","href":"https:\/\/api.w.org\/{rel}","templated":true}]}}