{"id":11389,"date":"2019-01-11T20:45:09","date_gmt":"2019-01-11T22:45:09","guid":{"rendered":"https:\/\/www.suno.com.br\/noticias\/?p=11389"},"modified":"2019-01-11T20:45:09","modified_gmt":"2019-01-11T22:45:09","slug":"gestora-ativos-blackrock-demitir-funcionarios","status":"publish","type":"post","link":"https:\/\/www.suno.com.br\/noticias\/gestora-ativos-blackrock-demitir-funcionarios\/","title":{"rendered":"Maior gestora de ativos do mundo, BlackRock vai demitir 500 funcion\u00e1rios"},"content":{"rendered":"<p>A BlackRock vai eliminar quase 500 vagas de trabalho. A <a href=\"https:\/\/www.suno.com.br\/artigos\/blackrock\/\">maior empresa em gest\u00e3o de ativos do mundo<\/a> quer simplificar algumas \u00e1reas e investir mais em tecnologia, produtos de previd\u00eancia, investimentos alternativos e fundos negociados na bolsa.<\/p>\t<div class=\"wrapper-featured-image\">\n\t\t<figure class=\"spotlightImg\">\n\n\t\t\t<picture>\n\t\t\t\t<source media=\"(max-width: 768px)\" srcset=\"https:\/\/files.sunoresearch.com.br\/n\/uploads\/2019\/01\/a692e724-blackrock-e1555429082824-400x200.webp\">\n\t\t\t\t<img loading=\"lazy\" decoding=\"async\" class=\"newsContent__article__imgCapa lazyloadDisabled newsContent__article__imgCapa--noCaption\" src=\"https:\/\/files.sunoresearch.com.br\/n\/uploads\/2019\/01\/a692e724-blackrock-e1555429082824-jpg.webp\" width=\"800\" height=\"450\" alt=\"Maior gestora de ativos do mundo, BlackRock vai demitir 500 funcion\u00e1rios\" fetchpriority=high \/>\n\t\t\t<\/picture>\n\n\t\t\t<figcaption class=\"wp-caption-text wp-caption-text--hide\">A BlackRock informou nessa sexta-feira, que diminuir\u00e1 para 4,89% sua participa\u00e7\u00e3o acion\u00e1ria na Copel (CPLE3). Clique aqui para saber mais.<\/figcaption>\n\t\t<\/figure>\n\t<\/div>\n\n\n<p>As <strong>demiss\u00f5es<\/strong> da <strong>BlackRock<\/strong> correspondem a aproximadamente 3% dos 14 mil funcion\u00e1rios da empresa. Os movimentos da empresa refletem as press\u00f5es sobre o setor para expandir as opera\u00e7\u00f5es.<\/p>\n<p><a href=\"https:\/\/www.suno.com.br\/noticias\/ab-inbev-realizar-ipo-asia\/\">Saiba mais: AB Inbev considera realizar IPO de parte de suas opera\u00e7\u00f5es na \u00c1sia<\/a><\/p>\n<p>A gestora administra US$ 6,4 trilh\u00f5es de ativos. No entanto, a empresa e suas concorrentes t\u00eam enfrentado uma desacelera\u00e7\u00e3o do fluxo de novos clientes no \u00faltimo ano. Al\u00e9m disso, contribuem para as dificuldades da companhia uma maior competi\u00e7\u00e3o de pre\u00e7o e uma queda no valor das suas a\u00e7\u00f5es.<\/p>\n<p>&#8220;As incertezas do mercado est\u00e3o crescendo, as prefer\u00eancias dos investidores est\u00e3o evoluindo e o ecossistema em que n\u00f3s operamos est\u00e1 se tornando cada vez mais complexo&#8221;, diz um memorando interno da <strong>BlackRock<\/strong>. &#8220;As mudan\u00e7as que n\u00f3s estamos fazendo v\u00e3o nos ajudar a continuar a investir nas oportunidades de crescimento mais importantes para o futuro&#8221;.<\/p>\n<h2>Sobre a BlackRock<\/h2>\n<p>Muito famosa dentro do mercado financeiro, a <strong>BlackRock<\/strong> \u00e9 uma companhia americana de gerenciamento de investimentos de n\u00edvel global.<\/p>\n<p>A <strong>BlackRock<\/strong> foi fundada em 1988, a princ\u00edpio como uma gestora de ativos. Hoje \u00e9 respons\u00e1vel por administrar um patrim\u00f4nio total de mais de US$ 6 trilh\u00f5es.<\/p>\n<p>Atualmente, a empresa possui uma capitaliza\u00e7\u00e3o de mercado de mais de US$ 86 bilh\u00f5es e opera servindo os seus clientes com a venda de fundos m\u00fatuos, fundos de aposentadoria, entre outros servi\u00e7os.<\/p>\n<p>Ela est\u00e1 presente em mais de 30 pa\u00edses. Sua carteira de ativos est\u00e1 dividida da seguinte forma:<\/p>\n<ul>\n<li><strong>Am\u00e9ricas:<\/strong> 63% do total de ativos<\/li>\n<li><strong>Europa:<\/strong> 29%<\/li>\n<li><strong>\u00c1sia-Pac\u00edfico:<\/strong> 8%<\/li>\n<\/ul>\n<p>Embora a <strong>BlackRock<\/strong> n\u00e3o desfrute de um monop\u00f3lio em seu setor, s\u00e3o poucas as empresas de grande porte que n\u00e3o possuem neg\u00f3cios com essa institui\u00e7\u00e3o. Nos EUA, por exemplo, metade das doa\u00e7\u00f5es feitas no pa\u00eds dependem da <strong>BlackRock<\/strong> para administrar os recursos.<\/p>\n","protected":false},"excerpt":{"rendered":"<p>A BlackRock vai eliminar quase 500 vagas de trabalho. A maior empresa em gest\u00e3o de ativos do mundo quer simplificar algumas \u00e1reas e investir mais em tecnologia, produtos de previd\u00eancia, investimentos alternativos e fundos negociados na bolsa. A BlackRock informou nessa sexta-feira, que diminuir\u00e1 para 4,89% sua participa\u00e7\u00e3o acion\u00e1ria na Copel (CPLE3). Clique aqui para [&hellip;]<\/p>\n","protected":false},"author":13,"featured_media":11393,"comment_status":"closed","ping_status":"closed","sticky":false,"template":"","format":"standard","meta":[],"categories":[63,60],"tags":[],"suno_strategy":[],"class_list":["post-11389","post","type-post","status-publish","format-standard","has-post-thumbnail","hentry","category-internacional","category-mercado"],"yoast_head":"<!-- This site is optimized with the Yoast SEO plugin v24.4 - https:\/\/yoast.com\/wordpress\/plugins\/seo\/ -->\n<title>Maior gestora de ativos do mundo, BlackRock vai demitir 500 funcion\u00e1rios<\/title>\n<meta name=\"description\" content=\"A BlackRock quer simplificar \u00e1reas e investir mais em tecnologia, produtos de previd\u00eancia, e fundos negociados na bolsa. Clique e saiba+\" \/>\n<meta name=\"robots\" content=\"index, follow, max-snippet:-1, max-image-preview:large, max-video-preview:-1\" \/>\n<link rel=\"canonical\" href=\"https:\/\/www.suno.com.br\/noticias\/gestora-ativos-blackrock-demitir-funcionarios\/\" \/>\n<meta property=\"og:locale\" content=\"pt_BR\" \/>\n<meta property=\"og:type\" content=\"article\" \/>\n<meta property=\"og:title\" content=\"Maior gestora de ativos do mundo, BlackRock vai demitir 500 funcion\u00e1rios\" \/>\n<meta property=\"og:description\" content=\"A BlackRock quer simplificar \u00e1reas e investir mais em tecnologia, produtos de previd\u00eancia, e fundos negociados na bolsa. Clique e saiba+\" \/>\n<meta property=\"og:url\" content=\"https:\/\/www.suno.com.br\/noticias\/gestora-ativos-blackrock-demitir-funcionarios\/\" \/>\n<meta property=\"og:site_name\" content=\"Suno Not\u00edcias\" \/>\n<meta property=\"article:publisher\" content=\"https:\/\/facebook.com\/sunoresearch\" \/>\n<meta property=\"og:image\" content=\"https:\/\/files.sunoresearch.com.br\/n\/uploads\/2019\/01\/a692e724-blackrock-e1555429082824.jpg\" \/>\n\t<meta property=\"og:image:width\" content=\"758\" \/>\n\t<meta property=\"og:image:height\" content=\"514\" \/>\n\t<meta property=\"og:image:type\" content=\"image\/jpeg\" \/>\n<meta name=\"author\" content=\"Guilherme Caetano\" \/>\n<meta name=\"twitter:card\" content=\"summary_large_image\" \/>\n<meta name=\"twitter:creator\" content=\"@sunoresearch\" \/>\n<meta name=\"twitter:site\" content=\"@sunoresearch\" \/>\n<meta name=\"twitter:label1\" content=\"Escrito por\" \/>\n\t<meta name=\"twitter:data1\" content=\"Guilherme Caetano\" \/>\n\t<meta name=\"twitter:label2\" content=\"Est. tempo de leitura\" \/>\n\t<meta name=\"twitter:data2\" content=\"2 minutos\" \/>\n<script type=\"application\/ld+json\" class=\"yoast-schema-graph\">{\"@context\":\"https:\/\/schema.org\",\"@graph\":[{\"@type\":\"NewsArticle\",\"@id\":\"https:\/\/www.suno.com.br\/noticias\/gestora-ativos-blackrock-demitir-funcionarios\/#article\",\"isPartOf\":{\"@id\":\"https:\/\/www.suno.com.br\/noticias\/gestora-ativos-blackrock-demitir-funcionarios\/\"},\"author\":{\"name\":\"Guilherme Caetano\",\"@id\":\"https:\/\/www.suno.com.br\/noticias\/#\/schema\/person\/0d0c9687cd2f600c564f25980c140de9\"},\"headline\":\"Maior gestora de ativos do mundo, BlackRock vai demitir 500 funcion\u00e1rios\",\"datePublished\":\"2019-01-11T22:45:09+00:00\",\"mainEntityOfPage\":{\"@id\":\"https:\/\/www.suno.com.br\/noticias\/gestora-ativos-blackrock-demitir-funcionarios\/\"},\"wordCount\":370,\"publisher\":{\"@id\":\"https:\/\/www.suno.com.br\/noticias\/#organization\"},\"image\":{\"@id\":\"https:\/\/www.suno.com.br\/noticias\/gestora-ativos-blackrock-demitir-funcionarios\/#primaryimage\"},\"thumbnailUrl\":\"https:\/\/files.sunoresearch.com.br\/n\/uploads\/2019\/01\/a692e724-blackrock-e1555429082824-jpg.webp\",\"articleSection\":[\"Internacional\",\"Mercado\"],\"inLanguage\":\"pt-BR\"},{\"@type\":\"WebPage\",\"@id\":\"https:\/\/www.suno.com.br\/noticias\/gestora-ativos-blackrock-demitir-funcionarios\/\",\"url\":\"https:\/\/www.suno.com.br\/noticias\/gestora-ativos-blackrock-demitir-funcionarios\/\",\"name\":\"Maior gestora de ativos do mundo, BlackRock vai demitir 500 funcion\u00e1rios\",\"isPartOf\":{\"@id\":\"https:\/\/www.suno.com.br\/noticias\/#website\"},\"primaryImageOfPage\":{\"@id\":\"https:\/\/www.suno.com.br\/noticias\/gestora-ativos-blackrock-demitir-funcionarios\/#primaryimage\"},\"image\":{\"@id\":\"https:\/\/www.suno.com.br\/noticias\/gestora-ativos-blackrock-demitir-funcionarios\/#primaryimage\"},\"thumbnailUrl\":\"https:\/\/files.sunoresearch.com.br\/n\/uploads\/2019\/01\/a692e724-blackrock-e1555429082824-jpg.webp\",\"datePublished\":\"2019-01-11T22:45:09+00:00\",\"description\":\"A BlackRock quer simplificar \u00e1reas e investir mais em tecnologia, produtos de previd\u00eancia, e fundos negociados na bolsa. Clique e saiba+\",\"breadcrumb\":{\"@id\":\"https:\/\/www.suno.com.br\/noticias\/gestora-ativos-blackrock-demitir-funcionarios\/#breadcrumb\"},\"inLanguage\":\"pt-BR\",\"potentialAction\":[{\"@type\":\"ReadAction\",\"target\":[\"https:\/\/www.suno.com.br\/noticias\/gestora-ativos-blackrock-demitir-funcionarios\/\"]}]},{\"@type\":\"ImageObject\",\"inLanguage\":\"pt-BR\",\"@id\":\"https:\/\/www.suno.com.br\/noticias\/gestora-ativos-blackrock-demitir-funcionarios\/#primaryimage\",\"url\":\"https:\/\/files.sunoresearch.com.br\/n\/uploads\/2019\/01\/a692e724-blackrock-e1555429082824-jpg.webp\",\"contentUrl\":\"https:\/\/files.sunoresearch.com.br\/n\/uploads\/2019\/01\/a692e724-blackrock-e1555429082824-jpg.webp\",\"width\":758,\"height\":514,\"caption\":\"A BlackRock informou nessa sexta-feira, que diminuir\u00e1 para 4,89% sua participa\u00e7\u00e3o acion\u00e1ria na Copel (CPLE3). Clique aqui para saber mais.\"},{\"@type\":\"BreadcrumbList\",\"@id\":\"https:\/\/www.suno.com.br\/noticias\/gestora-ativos-blackrock-demitir-funcionarios\/#breadcrumb\",\"itemListElement\":[{\"@type\":\"ListItem\",\"position\":1,\"name\":\"Not\u00edcias\",\"item\":\"https:\/\/www.suno.com.br\/noticias\/\"},{\"@type\":\"ListItem\",\"position\":2,\"name\":\"Internacional\",\"item\":\"https:\/\/www.suno.com.br\/noticias\/internacional\/\"},{\"@type\":\"ListItem\",\"position\":3,\"name\":\"Maior gestora de ativos do mundo, BlackRock vai demitir 500 funcion\u00e1rios\"}]},{\"@type\":\"WebSite\",\"@id\":\"https:\/\/www.suno.com.br\/noticias\/#website\",\"url\":\"https:\/\/www.suno.com.br\/noticias\/\",\"name\":\"Suno Not\u00edcias\",\"description\":\"Seu portal de informa\u00e7\u00e3o sobre o mundo dos investimentos\",\"publisher\":{\"@id\":\"https:\/\/www.suno.com.br\/noticias\/#organization\"},\"potentialAction\":[{\"@type\":\"SearchAction\",\"target\":{\"@type\":\"EntryPoint\",\"urlTemplate\":\"https:\/\/www.suno.com.br\/noticias\/?s={search_term_string}\"},\"query-input\":{\"@type\":\"PropertyValueSpecification\",\"valueRequired\":true,\"valueName\":\"search_term_string\"}}],\"inLanguage\":\"pt-BR\"},{\"@type\":\"Organization\",\"@id\":\"https:\/\/www.suno.com.br\/noticias\/#organization\",\"name\":\"Suno Not\u00edcias\",\"url\":\"https:\/\/www.suno.com.br\/noticias\/\",\"logo\":{\"@type\":\"ImageObject\",\"inLanguage\":\"pt-BR\",\"@id\":\"https:\/\/www.suno.com.br\/noticias\/#\/schema\/logo\/image\/\",\"url\":\"https:\/\/files.sunoresearch.com.br\/n\/uploads\/2021\/09\/suno-logo.png\",\"contentUrl\":\"https:\/\/files.sunoresearch.com.br\/n\/uploads\/2021\/09\/suno-logo.png\",\"width\":180,\"height\":180,\"caption\":\"Suno Not\u00edcias\"},\"image\":{\"@id\":\"https:\/\/www.suno.com.br\/noticias\/#\/schema\/logo\/image\/\"},\"sameAs\":[\"https:\/\/facebook.com\/sunoresearch\",\"https:\/\/x.com\/sunoresearch\",\"https:\/\/www.instagram.com\/suno\",\"https:\/\/www.linkedin.com\/company\/suno-research\/\",\"https:\/\/www.youtube.com\/c\/sunoresearch\"]},{\"@type\":\"Person\",\"@id\":\"https:\/\/www.suno.com.br\/noticias\/#\/schema\/person\/0d0c9687cd2f600c564f25980c140de9\",\"name\":\"Guilherme Caetano\",\"image\":{\"@type\":\"ImageObject\",\"inLanguage\":\"pt-BR\",\"@id\":\"https:\/\/www.suno.com.br\/noticias\/#\/schema\/person\/image\/\",\"url\":\"https:\/\/secure.gravatar.com\/avatar\/e48357351a01702a0d19307070e081bf?s=96&r=g\",\"contentUrl\":\"https:\/\/secure.gravatar.com\/avatar\/e48357351a01702a0d19307070e081bf?s=96&r=g\",\"caption\":\"Guilherme Caetano\"},\"description\":\"Formado em jornalismo pela Escola de Comunica\u00e7\u00f5es e Artes da USP, Guilherme Caetano escreve para o portal de not\u00edcias da Suno Research. Passou pelas reda\u00e7\u00f5es da Folha de S.Paulo e da revista \u00c9poca.\",\"url\":\"https:\/\/www.suno.com.br\/noticias\/author\/guilherme-caetano\/\"}]}<\/script>\n<!-- \/ Yoast SEO plugin. -->","yoast_head_json":{"title":"Maior gestora de ativos do mundo, BlackRock vai demitir 500 funcion\u00e1rios","description":"A BlackRock quer simplificar \u00e1reas e investir mais em tecnologia, produtos de previd\u00eancia, e fundos negociados na bolsa. Clique e saiba+","robots":{"index":"index","follow":"follow","max-snippet":"max-snippet:-1","max-image-preview":"max-image-preview:large","max-video-preview":"max-video-preview:-1"},"canonical":"https:\/\/www.suno.com.br\/noticias\/gestora-ativos-blackrock-demitir-funcionarios\/","og_locale":"pt_BR","og_type":"article","og_title":"Maior gestora de ativos do mundo, BlackRock vai demitir 500 funcion\u00e1rios","og_description":"A BlackRock quer simplificar \u00e1reas e investir mais em tecnologia, produtos de previd\u00eancia, e fundos negociados na bolsa. Clique e saiba+","og_url":"https:\/\/www.suno.com.br\/noticias\/gestora-ativos-blackrock-demitir-funcionarios\/","og_site_name":"Suno Not\u00edcias","article_publisher":"https:\/\/facebook.com\/sunoresearch","og_image":[{"width":758,"height":514,"url":"https:\/\/files.sunoresearch.com.br\/n\/uploads\/2019\/01\/a692e724-blackrock-e1555429082824.jpg","type":"image\/jpeg"}],"author":"Guilherme Caetano","twitter_card":"summary_large_image","twitter_creator":"@sunoresearch","twitter_site":"@sunoresearch","twitter_misc":{"Escrito por":"Guilherme Caetano","Est. tempo de leitura":"2 minutos"},"schema":{"@context":"https:\/\/schema.org","@graph":[{"@type":"NewsArticle","@id":"https:\/\/www.suno.com.br\/noticias\/gestora-ativos-blackrock-demitir-funcionarios\/#article","isPartOf":{"@id":"https:\/\/www.suno.com.br\/noticias\/gestora-ativos-blackrock-demitir-funcionarios\/"},"author":{"name":"Guilherme Caetano","@id":"https:\/\/www.suno.com.br\/noticias\/#\/schema\/person\/0d0c9687cd2f600c564f25980c140de9"},"headline":"Maior gestora de ativos do mundo, BlackRock vai demitir 500 funcion\u00e1rios","datePublished":"2019-01-11T22:45:09+00:00","mainEntityOfPage":{"@id":"https:\/\/www.suno.com.br\/noticias\/gestora-ativos-blackrock-demitir-funcionarios\/"},"wordCount":370,"publisher":{"@id":"https:\/\/www.suno.com.br\/noticias\/#organization"},"image":{"@id":"https:\/\/www.suno.com.br\/noticias\/gestora-ativos-blackrock-demitir-funcionarios\/#primaryimage"},"thumbnailUrl":"https:\/\/files.sunoresearch.com.br\/n\/uploads\/2019\/01\/a692e724-blackrock-e1555429082824-jpg.webp","articleSection":["Internacional","Mercado"],"inLanguage":"pt-BR"},{"@type":"WebPage","@id":"https:\/\/www.suno.com.br\/noticias\/gestora-ativos-blackrock-demitir-funcionarios\/","url":"https:\/\/www.suno.com.br\/noticias\/gestora-ativos-blackrock-demitir-funcionarios\/","name":"Maior gestora de ativos do mundo, BlackRock vai demitir 500 funcion\u00e1rios","isPartOf":{"@id":"https:\/\/www.suno.com.br\/noticias\/#website"},"primaryImageOfPage":{"@id":"https:\/\/www.suno.com.br\/noticias\/gestora-ativos-blackrock-demitir-funcionarios\/#primaryimage"},"image":{"@id":"https:\/\/www.suno.com.br\/noticias\/gestora-ativos-blackrock-demitir-funcionarios\/#primaryimage"},"thumbnailUrl":"https:\/\/files.sunoresearch.com.br\/n\/uploads\/2019\/01\/a692e724-blackrock-e1555429082824-jpg.webp","datePublished":"2019-01-11T22:45:09+00:00","description":"A BlackRock quer simplificar \u00e1reas e investir mais em tecnologia, produtos de previd\u00eancia, e fundos negociados na bolsa. Clique e saiba+","breadcrumb":{"@id":"https:\/\/www.suno.com.br\/noticias\/gestora-ativos-blackrock-demitir-funcionarios\/#breadcrumb"},"inLanguage":"pt-BR","potentialAction":[{"@type":"ReadAction","target":["https:\/\/www.suno.com.br\/noticias\/gestora-ativos-blackrock-demitir-funcionarios\/"]}]},{"@type":"ImageObject","inLanguage":"pt-BR","@id":"https:\/\/www.suno.com.br\/noticias\/gestora-ativos-blackrock-demitir-funcionarios\/#primaryimage","url":"https:\/\/files.sunoresearch.com.br\/n\/uploads\/2019\/01\/a692e724-blackrock-e1555429082824-jpg.webp","contentUrl":"https:\/\/files.sunoresearch.com.br\/n\/uploads\/2019\/01\/a692e724-blackrock-e1555429082824-jpg.webp","width":758,"height":514,"caption":"A BlackRock informou nessa sexta-feira, que diminuir\u00e1 para 4,89% sua participa\u00e7\u00e3o acion\u00e1ria na Copel (CPLE3). Clique aqui para saber mais."},{"@type":"BreadcrumbList","@id":"https:\/\/www.suno.com.br\/noticias\/gestora-ativos-blackrock-demitir-funcionarios\/#breadcrumb","itemListElement":[{"@type":"ListItem","position":1,"name":"Not\u00edcias","item":"https:\/\/www.suno.com.br\/noticias\/"},{"@type":"ListItem","position":2,"name":"Internacional","item":"https:\/\/www.suno.com.br\/noticias\/internacional\/"},{"@type":"ListItem","position":3,"name":"Maior gestora de ativos do mundo, BlackRock vai demitir 500 funcion\u00e1rios"}]},{"@type":"WebSite","@id":"https:\/\/www.suno.com.br\/noticias\/#website","url":"https:\/\/www.suno.com.br\/noticias\/","name":"Suno Not\u00edcias","description":"Seu portal de informa\u00e7\u00e3o sobre o mundo dos investimentos","publisher":{"@id":"https:\/\/www.suno.com.br\/noticias\/#organization"},"potentialAction":[{"@type":"SearchAction","target":{"@type":"EntryPoint","urlTemplate":"https:\/\/www.suno.com.br\/noticias\/?s={search_term_string}"},"query-input":{"@type":"PropertyValueSpecification","valueRequired":true,"valueName":"search_term_string"}}],"inLanguage":"pt-BR"},{"@type":"Organization","@id":"https:\/\/www.suno.com.br\/noticias\/#organization","name":"Suno Not\u00edcias","url":"https:\/\/www.suno.com.br\/noticias\/","logo":{"@type":"ImageObject","inLanguage":"pt-BR","@id":"https:\/\/www.suno.com.br\/noticias\/#\/schema\/logo\/image\/","url":"https:\/\/files.sunoresearch.com.br\/n\/uploads\/2021\/09\/suno-logo.png","contentUrl":"https:\/\/files.sunoresearch.com.br\/n\/uploads\/2021\/09\/suno-logo.png","width":180,"height":180,"caption":"Suno Not\u00edcias"},"image":{"@id":"https:\/\/www.suno.com.br\/noticias\/#\/schema\/logo\/image\/"},"sameAs":["https:\/\/facebook.com\/sunoresearch","https:\/\/x.com\/sunoresearch","https:\/\/www.instagram.com\/suno","https:\/\/www.linkedin.com\/company\/suno-research\/","https:\/\/www.youtube.com\/c\/sunoresearch"]},{"@type":"Person","@id":"https:\/\/www.suno.com.br\/noticias\/#\/schema\/person\/0d0c9687cd2f600c564f25980c140de9","name":"Guilherme Caetano","image":{"@type":"ImageObject","inLanguage":"pt-BR","@id":"https:\/\/www.suno.com.br\/noticias\/#\/schema\/person\/image\/","url":"https:\/\/secure.gravatar.com\/avatar\/e48357351a01702a0d19307070e081bf?s=96&r=g","contentUrl":"https:\/\/secure.gravatar.com\/avatar\/e48357351a01702a0d19307070e081bf?s=96&r=g","caption":"Guilherme Caetano"},"description":"Formado em jornalismo pela Escola de Comunica\u00e7\u00f5es e Artes da USP, Guilherme Caetano escreve para o portal de not\u00edcias da Suno Research. Passou pelas reda\u00e7\u00f5es da Folha de S.Paulo e da revista \u00c9poca.","url":"https:\/\/www.suno.com.br\/noticias\/author\/guilherme-caetano\/"}]}},"default_loop_html":"<div class=\"cardsPage__listCard__boxs\"><div class=\"cardsPage__listCard__boxs__img\"><a href=\"https:\/\/www.suno.com.br\/noticias\/gestora-ativos-blackrock-demitir-funcionarios\/\"><img class=\"mask\" src=\"https:\/\/www.suno.com.br\/noticias\/wp-content\/themes\/suno\/resources\/images\/spotlight\/spotlight1img\/bg-mask.png\" alt=\"Image Mask\"\/><img src=\"https:\/\/files.sunoresearch.com.br\/n\/uploads\/2019\/01\/a692e724-blackrock-e1555429082824-400x200.webp\" alt=\"Maior gestora de ativos do mundo, BlackRock vai demitir 500 funcion\u00e1rios\"\/><\/a><span class=\"spotlightCategory\"><a href=\"https:\/\/www.suno.com.br\/noticias\/internacional\/\">Internacional<\/a><\/span><\/div><div class=\"cardsPage__listCard__boxs__content\"><a href=\"https:\/\/www.suno.com.br\/noticias\/gestora-ativos-blackrock-demitir-funcionarios\/\"><h2 class=\"content__title\">Maior gestora de ativos do mundo, BlackRock vai demitir 500 funcion\u00e1rios<\/h2><\/a><div class=\"newsContent__article__meta\"><div class=\"newsContent__article__meta__authorBox\"><a href=\"https:\/\/www.suno.com.br\/noticias\/author\/guilherme-caetano\/\" class=\"authorBox__avatar noMobi\"><img src=\"https:\/\/secure.gravatar.com\/avatar\/e48357351a01702a0d19307070e081bf?s=96&#038;r=g\" alt=\"Guilherme Caetano\"><\/a><div class=\"authorBox__name\"><span>por\n\t\t\t<a href=\"https:\/\/www.suno.com.br\/noticias\/author\/guilherme-caetano\/\"><span itemprop=\"author\">Guilherme Caetano<\/span><\/a><\/span><time datetime=\"2019-01-11T20:45:09-02:00\" itemprop=\"datePublished\">11\/01\/2019 20:45<\/time><\/div><\/div><\/div><\/div><\/div>","single_layout":"posts","amp_enabled":true,"_links":{"self":[{"href":"https:\/\/www.suno.com.br\/noticias\/wp-json\/wp\/v2\/posts\/11389"}],"collection":[{"href":"https:\/\/www.suno.com.br\/noticias\/wp-json\/wp\/v2\/posts"}],"about":[{"href":"https:\/\/www.suno.com.br\/noticias\/wp-json\/wp\/v2\/types\/post"}],"author":[{"embeddable":true,"href":"https:\/\/www.suno.com.br\/noticias\/wp-json\/wp\/v2\/users\/13"}],"replies":[{"embeddable":true,"href":"https:\/\/www.suno.com.br\/noticias\/wp-json\/wp\/v2\/comments?post=11389"}],"version-history":[{"count":0,"href":"https:\/\/www.suno.com.br\/noticias\/wp-json\/wp\/v2\/posts\/11389\/revisions"}],"wp:featuredmedia":[{"embeddable":true,"href":"https:\/\/www.suno.com.br\/noticias\/wp-json\/wp\/v2\/media\/11393"}],"wp:attachment":[{"href":"https:\/\/www.suno.com.br\/noticias\/wp-json\/wp\/v2\/media?parent=11389"}],"wp:term":[{"taxonomy":"category","embeddable":true,"href":"https:\/\/www.suno.com.br\/noticias\/wp-json\/wp\/v2\/categories?post=11389"},{"taxonomy":"post_tag","embeddable":true,"href":"https:\/\/www.suno.com.br\/noticias\/wp-json\/wp\/v2\/tags?post=11389"},{"taxonomy":"suno_strategy","embeddable":true,"href":"https:\/\/www.suno.com.br\/noticias\/wp-json\/wp\/v2\/suno_strategy?post=11389"}],"curies":[{"name":"wp","href":"https:\/\/api.w.org\/{rel}","templated":true}]}}