{"id":11382,"date":"2019-01-11T19:54:28","date_gmt":"2019-01-11T21:54:28","guid":{"rendered":"https:\/\/www.suno.com.br\/noticias\/?p=11382"},"modified":"2019-01-11T20:11:00","modified_gmt":"2019-01-11T22:11:00","slug":"chefe-legislativo-presidente-interino-venezuela","status":"publish","type":"post","link":"https:\/\/www.suno.com.br\/noticias\/chefe-legislativo-presidente-interino-venezuela\/","title":{"rendered":"Chefe do Legislativo se declara presidente interino da Venezuela"},"content":{"rendered":"<p>Um dia ap\u00f3s Nicol\u00e1s Maduro tomar posse para o controverso segundo mandato, o presidente da Assembleia Nacional, Juan Guaid\u00f3, declarou-se presidente interino da Venezuela nesta sexta (11).<\/p>\t<div class=\"wrapper-featured-image\">\n\t\t<figure class=\"spotlightImg\">\n\n\t\t\t<picture>\n\t\t\t\t<source media=\"(max-width: 768px)\" srcset=\"https:\/\/files.sunoresearch.com.br\/n\/uploads\/2018\/12\/5b2f994c-venezuela-400x200.webp\">\n\t\t\t\t<img loading=\"lazy\" decoding=\"async\" class=\"newsContent__article__imgCapa lazyloadDisabled newsContent__article__imgCapa--noCaption\" src=\"https:\/\/files.sunoresearch.com.br\/n\/uploads\/2018\/12\/5b2f994c-venezuela-jpg.webp\" width=\"800\" height=\"450\" alt=\"Chefe do Legislativo se declara presidente interino da Venezuela\" fetchpriority=high \/>\n\t\t\t<\/picture>\n\n\t\t\t<figcaption class=\"wp-caption-text wp-caption-text--hide\">EUA pretendem enviar US$ 40 milh\u00f5es \u00e0 Venezuela em apoio a oposi\u00e7\u00e3o<\/figcaption>\n\t\t<\/figure>\n\t<\/div>\n\n\n<p>A declara\u00e7\u00e3o de <strong>Juan Guaid\u00f3<\/strong> se deu na sede das Na\u00e7\u00f5es Unidas, em Caracas. L\u00edder de maioria opositora no parlamento da <strong>Venezuela<\/strong>, ele se declarou &#8220;em desacato&#8221; pela <a href=\"https:\/\/www.suno.com.br\/noticias\/venezuela-acusa-eua-discriminacao-petro\/\">ditadura de <strong>Nicol\u00e1s Maduro<\/strong><\/a>.<\/p>\n<p>&#8220;Ningu\u00e9m duvida de que Maduro \u00e9 um usurpador. Por meio dos artigos 233, 333 e 350, convocamos o povo a nos respaldar, numa manifesta\u00e7\u00e3o no pr\u00f3ximo dia 23 de janeiro&#8221;, disse o parlamentar. A ideia do l\u00edder da oposi\u00e7\u00e3o \u00e9, uma vez no poder, convocar elei\u00e7\u00f5es gerais para a escolha de um novo presidente atrav\u00e9s do voto.<\/p>\n<p>Veja o que dizem os artigos da Constitui\u00e7\u00e3o mencionados por Guaid\u00f3:<\/p>\n<ul>\n<li><strong>Artigo 233:<\/strong> garante o afastamento do presidente no caso de certificada sua incapacidade f\u00edsica e mental;<\/li>\n<li><strong>Artigo 333:<\/strong> garante a qualquer cidad\u00e3o, investido ou n\u00e3o de autoridade, de colaborar para restaurar o respeito a Carta;<\/li>\n<li><strong>Artigo 350:<\/strong> permite que se desconhe\u00e7a qualquer regime, legisla\u00e7\u00e3o ou autoridade que contrarie os valores, princ\u00edpios e garantias democr\u00e1ticas ou que <a href=\"https:\/\/www.suno.com.br\/noticias\/onu-exodo-venezuelano-53-milhoes\/\">viole os direitos humanos<\/a>.<\/li>\n<\/ul>\n<p><a href=\"https:\/\/www.suno.com.br\/noticias\/maduro-toma-posse-assume-mandato-venezuela\/\">Saiba mais: Nicol\u00e1s Maduro toma posse e assume segundo mandato na Venezuela<\/a><\/p>\n<p>Segundo Guaid\u00f3, os tr\u00eas artigos se aplicam a Maduro, mas ele acredita que o 333 se encaixe melhor ao caso, j\u00e1 que considera que a Constitui\u00e7\u00e3o teria sido desrespeitada com a elei\u00e7\u00e3o considerada ileg\u00edtima do sucessor de Hugo Ch\u00e1vez.<\/p>\n<h2>Guaid\u00f3 pede ajuda externa<\/h2>\n<p>&#8220;Convocamos tamb\u00e9m as For\u00e7as Armadas e a comunidade internacional a nos apoiar para que se cumpram esses artigos&#8221;, disse. Guaid\u00f3 citou os militares que est\u00e3o em desacordo com os rumos tomados pelo governo. Segundo relat\u00f3rio da Human Rights Watch em parceria com a ONG Foro Penal, muitos deles est\u00e3o enfrentando persegui\u00e7\u00f5es, torturas e pris\u00f5es.<\/p>\n<p>&#8220;A essa fam\u00edlia militar que quer mudan\u00e7a, que quer o mesmo que n\u00f3s, fazemos um novo chamado. Aqui est\u00e1 a leg\u00edtima Assembleia Nacional que assume sua responsabilidade e vai assumir o poder&#8221;, declarou.<\/p>\n","protected":false},"excerpt":{"rendered":"<p>Um dia ap\u00f3s Nicol\u00e1s Maduro tomar posse para o controverso segundo mandato, o presidente da Assembleia Nacional, Juan Guaid\u00f3, declarou-se presidente interino da Venezuela nesta sexta (11). EUA pretendem enviar US$ 40 milh\u00f5es \u00e0 Venezuela em apoio a oposi\u00e7\u00e3o A declara\u00e7\u00e3o de Juan Guaid\u00f3 se deu na sede das Na\u00e7\u00f5es Unidas, em Caracas. L\u00edder de [&hellip;]<\/p>\n","protected":false},"author":13,"featured_media":8784,"comment_status":"closed","ping_status":"closed","sticky":false,"template":"","format":"standard","meta":[],"categories":[63],"tags":[804],"suno_strategy":[],"class_list":["post-11382","post","type-post","status-publish","format-standard","has-post-thumbnail","hentry","category-internacional","tag-venezuela"],"yoast_head":"<!-- This site is optimized with the Yoast SEO plugin v24.4 - https:\/\/yoast.com\/wordpress\/plugins\/seo\/ -->\n<title>Chefe do Legislativo se declara presidente interino da Venezuela<\/title>\n<meta name=\"description\" content=\"Ap\u00f3s Nicol\u00e1s Maduro tomar posse no 2\u00ba mandato, o presidente do Legislativo se declarou presidente interino da Venezuela. Clique e saiba mais.\" \/>\n<meta name=\"robots\" content=\"index, follow, max-snippet:-1, max-image-preview:large, max-video-preview:-1\" \/>\n<link rel=\"canonical\" href=\"https:\/\/www.suno.com.br\/noticias\/chefe-legislativo-presidente-interino-venezuela\/\" \/>\n<meta property=\"og:locale\" content=\"pt_BR\" \/>\n<meta property=\"og:type\" content=\"article\" \/>\n<meta property=\"og:title\" content=\"Chefe do Legislativo se declara presidente interino da Venezuela\" \/>\n<meta property=\"og:description\" content=\"Ap\u00f3s Nicol\u00e1s Maduro tomar posse no 2\u00ba mandato, o presidente do Legislativo se declarou presidente interino da Venezuela. Clique e saiba mais.\" \/>\n<meta property=\"og:url\" content=\"https:\/\/www.suno.com.br\/noticias\/chefe-legislativo-presidente-interino-venezuela\/\" \/>\n<meta property=\"og:site_name\" content=\"Suno Not\u00edcias\" \/>\n<meta property=\"article:publisher\" content=\"https:\/\/facebook.com\/sunoresearch\" \/>\n<meta property=\"og:image\" content=\"https:\/\/files.sunoresearch.com.br\/n\/uploads\/2018\/12\/5b2f994c-venezuela.jpg\" \/>\n\t<meta property=\"og:image:width\" content=\"710\" \/>\n\t<meta property=\"og:image:height\" content=\"475\" \/>\n\t<meta property=\"og:image:type\" content=\"image\/jpeg\" \/>\n<meta name=\"author\" content=\"Guilherme Caetano\" \/>\n<meta name=\"twitter:card\" content=\"summary_large_image\" \/>\n<meta name=\"twitter:creator\" content=\"@sunoresearch\" \/>\n<meta name=\"twitter:site\" content=\"@sunoresearch\" \/>\n<meta name=\"twitter:label1\" content=\"Escrito por\" \/>\n\t<meta name=\"twitter:data1\" content=\"Guilherme Caetano\" \/>\n\t<meta name=\"twitter:label2\" content=\"Est. tempo de leitura\" \/>\n\t<meta name=\"twitter:data2\" content=\"2 minutos\" \/>\n<script type=\"application\/ld+json\" class=\"yoast-schema-graph\">{\"@context\":\"https:\/\/schema.org\",\"@graph\":[{\"@type\":\"NewsArticle\",\"@id\":\"https:\/\/www.suno.com.br\/noticias\/chefe-legislativo-presidente-interino-venezuela\/#article\",\"isPartOf\":{\"@id\":\"https:\/\/www.suno.com.br\/noticias\/chefe-legislativo-presidente-interino-venezuela\/\"},\"author\":{\"name\":\"Guilherme Caetano\",\"@id\":\"https:\/\/www.suno.com.br\/noticias\/#\/schema\/person\/0d0c9687cd2f600c564f25980c140de9\"},\"headline\":\"Chefe do Legislativo se declara presidente interino da Venezuela\",\"datePublished\":\"2019-01-11T21:54:28+00:00\",\"dateModified\":\"2019-01-11T22:11:00+00:00\",\"mainEntityOfPage\":{\"@id\":\"https:\/\/www.suno.com.br\/noticias\/chefe-legislativo-presidente-interino-venezuela\/\"},\"wordCount\":365,\"publisher\":{\"@id\":\"https:\/\/www.suno.com.br\/noticias\/#organization\"},\"image\":{\"@id\":\"https:\/\/www.suno.com.br\/noticias\/chefe-legislativo-presidente-interino-venezuela\/#primaryimage\"},\"thumbnailUrl\":\"https:\/\/files.sunoresearch.com.br\/n\/uploads\/2018\/12\/5b2f994c-venezuela-jpg.webp\",\"keywords\":[\"Venezuela\"],\"articleSection\":[\"Internacional\"],\"inLanguage\":\"pt-BR\"},{\"@type\":\"WebPage\",\"@id\":\"https:\/\/www.suno.com.br\/noticias\/chefe-legislativo-presidente-interino-venezuela\/\",\"url\":\"https:\/\/www.suno.com.br\/noticias\/chefe-legislativo-presidente-interino-venezuela\/\",\"name\":\"Chefe do Legislativo se declara presidente interino da Venezuela\",\"isPartOf\":{\"@id\":\"https:\/\/www.suno.com.br\/noticias\/#website\"},\"primaryImageOfPage\":{\"@id\":\"https:\/\/www.suno.com.br\/noticias\/chefe-legislativo-presidente-interino-venezuela\/#primaryimage\"},\"image\":{\"@id\":\"https:\/\/www.suno.com.br\/noticias\/chefe-legislativo-presidente-interino-venezuela\/#primaryimage\"},\"thumbnailUrl\":\"https:\/\/files.sunoresearch.com.br\/n\/uploads\/2018\/12\/5b2f994c-venezuela-jpg.webp\",\"datePublished\":\"2019-01-11T21:54:28+00:00\",\"dateModified\":\"2019-01-11T22:11:00+00:00\",\"description\":\"Ap\u00f3s Nicol\u00e1s Maduro tomar posse no 2\u00ba mandato, o presidente do Legislativo se declarou presidente interino da Venezuela. Clique e saiba mais.\",\"breadcrumb\":{\"@id\":\"https:\/\/www.suno.com.br\/noticias\/chefe-legislativo-presidente-interino-venezuela\/#breadcrumb\"},\"inLanguage\":\"pt-BR\",\"potentialAction\":[{\"@type\":\"ReadAction\",\"target\":[\"https:\/\/www.suno.com.br\/noticias\/chefe-legislativo-presidente-interino-venezuela\/\"]}]},{\"@type\":\"ImageObject\",\"inLanguage\":\"pt-BR\",\"@id\":\"https:\/\/www.suno.com.br\/noticias\/chefe-legislativo-presidente-interino-venezuela\/#primaryimage\",\"url\":\"https:\/\/files.sunoresearch.com.br\/n\/uploads\/2018\/12\/5b2f994c-venezuela-jpg.webp\",\"contentUrl\":\"https:\/\/files.sunoresearch.com.br\/n\/uploads\/2018\/12\/5b2f994c-venezuela-jpg.webp\",\"width\":710,\"height\":475,\"caption\":\"EUA pretendem enviar US$ 40 milh\u00f5es \u00e0 Venezuela em apoio a oposi\u00e7\u00e3o\"},{\"@type\":\"BreadcrumbList\",\"@id\":\"https:\/\/www.suno.com.br\/noticias\/chefe-legislativo-presidente-interino-venezuela\/#breadcrumb\",\"itemListElement\":[{\"@type\":\"ListItem\",\"position\":1,\"name\":\"Not\u00edcias\",\"item\":\"https:\/\/www.suno.com.br\/noticias\/\"},{\"@type\":\"ListItem\",\"position\":2,\"name\":\"Internacional\",\"item\":\"https:\/\/www.suno.com.br\/noticias\/internacional\/\"},{\"@type\":\"ListItem\",\"position\":3,\"name\":\"Chefe do Legislativo se declara presidente interino da Venezuela\"}]},{\"@type\":\"WebSite\",\"@id\":\"https:\/\/www.suno.com.br\/noticias\/#website\",\"url\":\"https:\/\/www.suno.com.br\/noticias\/\",\"name\":\"Suno Not\u00edcias\",\"description\":\"Seu portal de informa\u00e7\u00e3o sobre o mundo dos investimentos\",\"publisher\":{\"@id\":\"https:\/\/www.suno.com.br\/noticias\/#organization\"},\"potentialAction\":[{\"@type\":\"SearchAction\",\"target\":{\"@type\":\"EntryPoint\",\"urlTemplate\":\"https:\/\/www.suno.com.br\/noticias\/?s={search_term_string}\"},\"query-input\":{\"@type\":\"PropertyValueSpecification\",\"valueRequired\":true,\"valueName\":\"search_term_string\"}}],\"inLanguage\":\"pt-BR\"},{\"@type\":\"Organization\",\"@id\":\"https:\/\/www.suno.com.br\/noticias\/#organization\",\"name\":\"Suno Not\u00edcias\",\"url\":\"https:\/\/www.suno.com.br\/noticias\/\",\"logo\":{\"@type\":\"ImageObject\",\"inLanguage\":\"pt-BR\",\"@id\":\"https:\/\/www.suno.com.br\/noticias\/#\/schema\/logo\/image\/\",\"url\":\"https:\/\/files.sunoresearch.com.br\/n\/uploads\/2021\/09\/suno-logo.png\",\"contentUrl\":\"https:\/\/files.sunoresearch.com.br\/n\/uploads\/2021\/09\/suno-logo.png\",\"width\":180,\"height\":180,\"caption\":\"Suno Not\u00edcias\"},\"image\":{\"@id\":\"https:\/\/www.suno.com.br\/noticias\/#\/schema\/logo\/image\/\"},\"sameAs\":[\"https:\/\/facebook.com\/sunoresearch\",\"https:\/\/x.com\/sunoresearch\",\"https:\/\/www.instagram.com\/suno\",\"https:\/\/www.linkedin.com\/company\/suno-research\/\",\"https:\/\/www.youtube.com\/c\/sunoresearch\"]},{\"@type\":\"Person\",\"@id\":\"https:\/\/www.suno.com.br\/noticias\/#\/schema\/person\/0d0c9687cd2f600c564f25980c140de9\",\"name\":\"Guilherme Caetano\",\"image\":{\"@type\":\"ImageObject\",\"inLanguage\":\"pt-BR\",\"@id\":\"https:\/\/www.suno.com.br\/noticias\/#\/schema\/person\/image\/\",\"url\":\"https:\/\/secure.gravatar.com\/avatar\/e48357351a01702a0d19307070e081bf?s=96&r=g\",\"contentUrl\":\"https:\/\/secure.gravatar.com\/avatar\/e48357351a01702a0d19307070e081bf?s=96&r=g\",\"caption\":\"Guilherme Caetano\"},\"description\":\"Formado em jornalismo pela Escola de Comunica\u00e7\u00f5es e Artes da USP, Guilherme Caetano escreve para o portal de not\u00edcias da Suno Research. Passou pelas reda\u00e7\u00f5es da Folha de S.Paulo e da revista \u00c9poca.\",\"url\":\"https:\/\/www.suno.com.br\/noticias\/author\/guilherme-caetano\/\"}]}<\/script>\n<!-- \/ Yoast SEO plugin. -->","yoast_head_json":{"title":"Chefe do Legislativo se declara presidente interino da Venezuela","description":"Ap\u00f3s Nicol\u00e1s Maduro tomar posse no 2\u00ba mandato, o presidente do Legislativo se declarou presidente interino da Venezuela. Clique e saiba mais.","robots":{"index":"index","follow":"follow","max-snippet":"max-snippet:-1","max-image-preview":"max-image-preview:large","max-video-preview":"max-video-preview:-1"},"canonical":"https:\/\/www.suno.com.br\/noticias\/chefe-legislativo-presidente-interino-venezuela\/","og_locale":"pt_BR","og_type":"article","og_title":"Chefe do Legislativo se declara presidente interino da Venezuela","og_description":"Ap\u00f3s Nicol\u00e1s Maduro tomar posse no 2\u00ba mandato, o presidente do Legislativo se declarou presidente interino da Venezuela. Clique e saiba mais.","og_url":"https:\/\/www.suno.com.br\/noticias\/chefe-legislativo-presidente-interino-venezuela\/","og_site_name":"Suno Not\u00edcias","article_publisher":"https:\/\/facebook.com\/sunoresearch","og_image":[{"width":710,"height":475,"url":"https:\/\/files.sunoresearch.com.br\/n\/uploads\/2018\/12\/5b2f994c-venezuela.jpg","type":"image\/jpeg"}],"author":"Guilherme Caetano","twitter_card":"summary_large_image","twitter_creator":"@sunoresearch","twitter_site":"@sunoresearch","twitter_misc":{"Escrito por":"Guilherme Caetano","Est. tempo de leitura":"2 minutos"},"schema":{"@context":"https:\/\/schema.org","@graph":[{"@type":"NewsArticle","@id":"https:\/\/www.suno.com.br\/noticias\/chefe-legislativo-presidente-interino-venezuela\/#article","isPartOf":{"@id":"https:\/\/www.suno.com.br\/noticias\/chefe-legislativo-presidente-interino-venezuela\/"},"author":{"name":"Guilherme Caetano","@id":"https:\/\/www.suno.com.br\/noticias\/#\/schema\/person\/0d0c9687cd2f600c564f25980c140de9"},"headline":"Chefe do Legislativo se declara presidente interino da Venezuela","datePublished":"2019-01-11T21:54:28+00:00","dateModified":"2019-01-11T22:11:00+00:00","mainEntityOfPage":{"@id":"https:\/\/www.suno.com.br\/noticias\/chefe-legislativo-presidente-interino-venezuela\/"},"wordCount":365,"publisher":{"@id":"https:\/\/www.suno.com.br\/noticias\/#organization"},"image":{"@id":"https:\/\/www.suno.com.br\/noticias\/chefe-legislativo-presidente-interino-venezuela\/#primaryimage"},"thumbnailUrl":"https:\/\/files.sunoresearch.com.br\/n\/uploads\/2018\/12\/5b2f994c-venezuela-jpg.webp","keywords":["Venezuela"],"articleSection":["Internacional"],"inLanguage":"pt-BR"},{"@type":"WebPage","@id":"https:\/\/www.suno.com.br\/noticias\/chefe-legislativo-presidente-interino-venezuela\/","url":"https:\/\/www.suno.com.br\/noticias\/chefe-legislativo-presidente-interino-venezuela\/","name":"Chefe do Legislativo se declara presidente interino da Venezuela","isPartOf":{"@id":"https:\/\/www.suno.com.br\/noticias\/#website"},"primaryImageOfPage":{"@id":"https:\/\/www.suno.com.br\/noticias\/chefe-legislativo-presidente-interino-venezuela\/#primaryimage"},"image":{"@id":"https:\/\/www.suno.com.br\/noticias\/chefe-legislativo-presidente-interino-venezuela\/#primaryimage"},"thumbnailUrl":"https:\/\/files.sunoresearch.com.br\/n\/uploads\/2018\/12\/5b2f994c-venezuela-jpg.webp","datePublished":"2019-01-11T21:54:28+00:00","dateModified":"2019-01-11T22:11:00+00:00","description":"Ap\u00f3s Nicol\u00e1s Maduro tomar posse no 2\u00ba mandato, o presidente do Legislativo se declarou presidente interino da Venezuela. Clique e saiba mais.","breadcrumb":{"@id":"https:\/\/www.suno.com.br\/noticias\/chefe-legislativo-presidente-interino-venezuela\/#breadcrumb"},"inLanguage":"pt-BR","potentialAction":[{"@type":"ReadAction","target":["https:\/\/www.suno.com.br\/noticias\/chefe-legislativo-presidente-interino-venezuela\/"]}]},{"@type":"ImageObject","inLanguage":"pt-BR","@id":"https:\/\/www.suno.com.br\/noticias\/chefe-legislativo-presidente-interino-venezuela\/#primaryimage","url":"https:\/\/files.sunoresearch.com.br\/n\/uploads\/2018\/12\/5b2f994c-venezuela-jpg.webp","contentUrl":"https:\/\/files.sunoresearch.com.br\/n\/uploads\/2018\/12\/5b2f994c-venezuela-jpg.webp","width":710,"height":475,"caption":"EUA pretendem enviar US$ 40 milh\u00f5es \u00e0 Venezuela em apoio a oposi\u00e7\u00e3o"},{"@type":"BreadcrumbList","@id":"https:\/\/www.suno.com.br\/noticias\/chefe-legislativo-presidente-interino-venezuela\/#breadcrumb","itemListElement":[{"@type":"ListItem","position":1,"name":"Not\u00edcias","item":"https:\/\/www.suno.com.br\/noticias\/"},{"@type":"ListItem","position":2,"name":"Internacional","item":"https:\/\/www.suno.com.br\/noticias\/internacional\/"},{"@type":"ListItem","position":3,"name":"Chefe do Legislativo se declara presidente interino da Venezuela"}]},{"@type":"WebSite","@id":"https:\/\/www.suno.com.br\/noticias\/#website","url":"https:\/\/www.suno.com.br\/noticias\/","name":"Suno Not\u00edcias","description":"Seu portal de informa\u00e7\u00e3o sobre o mundo dos investimentos","publisher":{"@id":"https:\/\/www.suno.com.br\/noticias\/#organization"},"potentialAction":[{"@type":"SearchAction","target":{"@type":"EntryPoint","urlTemplate":"https:\/\/www.suno.com.br\/noticias\/?s={search_term_string}"},"query-input":{"@type":"PropertyValueSpecification","valueRequired":true,"valueName":"search_term_string"}}],"inLanguage":"pt-BR"},{"@type":"Organization","@id":"https:\/\/www.suno.com.br\/noticias\/#organization","name":"Suno Not\u00edcias","url":"https:\/\/www.suno.com.br\/noticias\/","logo":{"@type":"ImageObject","inLanguage":"pt-BR","@id":"https:\/\/www.suno.com.br\/noticias\/#\/schema\/logo\/image\/","url":"https:\/\/files.sunoresearch.com.br\/n\/uploads\/2021\/09\/suno-logo.png","contentUrl":"https:\/\/files.sunoresearch.com.br\/n\/uploads\/2021\/09\/suno-logo.png","width":180,"height":180,"caption":"Suno Not\u00edcias"},"image":{"@id":"https:\/\/www.suno.com.br\/noticias\/#\/schema\/logo\/image\/"},"sameAs":["https:\/\/facebook.com\/sunoresearch","https:\/\/x.com\/sunoresearch","https:\/\/www.instagram.com\/suno","https:\/\/www.linkedin.com\/company\/suno-research\/","https:\/\/www.youtube.com\/c\/sunoresearch"]},{"@type":"Person","@id":"https:\/\/www.suno.com.br\/noticias\/#\/schema\/person\/0d0c9687cd2f600c564f25980c140de9","name":"Guilherme Caetano","image":{"@type":"ImageObject","inLanguage":"pt-BR","@id":"https:\/\/www.suno.com.br\/noticias\/#\/schema\/person\/image\/","url":"https:\/\/secure.gravatar.com\/avatar\/e48357351a01702a0d19307070e081bf?s=96&r=g","contentUrl":"https:\/\/secure.gravatar.com\/avatar\/e48357351a01702a0d19307070e081bf?s=96&r=g","caption":"Guilherme Caetano"},"description":"Formado em jornalismo pela Escola de Comunica\u00e7\u00f5es e Artes da USP, Guilherme Caetano escreve para o portal de not\u00edcias da Suno Research. Passou pelas reda\u00e7\u00f5es da Folha de S.Paulo e da revista \u00c9poca.","url":"https:\/\/www.suno.com.br\/noticias\/author\/guilherme-caetano\/"}]}},"default_loop_html":"<div class=\"cardsPage__listCard__boxs\"><div class=\"cardsPage__listCard__boxs__img\"><a href=\"https:\/\/www.suno.com.br\/noticias\/chefe-legislativo-presidente-interino-venezuela\/\"><img class=\"mask\" src=\"https:\/\/www.suno.com.br\/noticias\/wp-content\/themes\/suno\/resources\/images\/spotlight\/spotlight1img\/bg-mask.png\" alt=\"Image Mask\"\/><img src=\"https:\/\/files.sunoresearch.com.br\/n\/uploads\/2018\/12\/5b2f994c-venezuela-400x200.webp\" alt=\"Chefe do Legislativo se declara presidente interino da Venezuela\"\/><\/a><span class=\"spotlightCategory\"><a href=\"https:\/\/www.suno.com.br\/noticias\/internacional\/\">Internacional<\/a><\/span><\/div><div class=\"cardsPage__listCard__boxs__content\"><a href=\"https:\/\/www.suno.com.br\/noticias\/chefe-legislativo-presidente-interino-venezuela\/\"><h2 class=\"content__title\">Chefe do Legislativo se declara presidente interino da Venezuela<\/h2><\/a><div class=\"newsContent__article__meta\"><div class=\"newsContent__article__meta__authorBox\"><a href=\"https:\/\/www.suno.com.br\/noticias\/author\/guilherme-caetano\/\" class=\"authorBox__avatar noMobi\"><img src=\"https:\/\/secure.gravatar.com\/avatar\/e48357351a01702a0d19307070e081bf?s=96&#038;r=g\" alt=\"Guilherme Caetano\"><\/a><div class=\"authorBox__name\"><span>por\n\t\t\t<a href=\"https:\/\/www.suno.com.br\/noticias\/author\/guilherme-caetano\/\"><span itemprop=\"author\">Guilherme Caetano<\/span><\/a><\/span><time datetime=\"2019-01-11T19:54:28-02:00\" itemprop=\"datePublished\">11\/01\/2019 19:54<\/time><\/div><\/div><\/div><\/div><\/div>","single_layout":"posts","amp_enabled":true,"_links":{"self":[{"href":"https:\/\/www.suno.com.br\/noticias\/wp-json\/wp\/v2\/posts\/11382"}],"collection":[{"href":"https:\/\/www.suno.com.br\/noticias\/wp-json\/wp\/v2\/posts"}],"about":[{"href":"https:\/\/www.suno.com.br\/noticias\/wp-json\/wp\/v2\/types\/post"}],"author":[{"embeddable":true,"href":"https:\/\/www.suno.com.br\/noticias\/wp-json\/wp\/v2\/users\/13"}],"replies":[{"embeddable":true,"href":"https:\/\/www.suno.com.br\/noticias\/wp-json\/wp\/v2\/comments?post=11382"}],"version-history":[{"count":0,"href":"https:\/\/www.suno.com.br\/noticias\/wp-json\/wp\/v2\/posts\/11382\/revisions"}],"wp:featuredmedia":[{"embeddable":true,"href":"https:\/\/www.suno.com.br\/noticias\/wp-json\/wp\/v2\/media\/8784"}],"wp:attachment":[{"href":"https:\/\/www.suno.com.br\/noticias\/wp-json\/wp\/v2\/media?parent=11382"}],"wp:term":[{"taxonomy":"category","embeddable":true,"href":"https:\/\/www.suno.com.br\/noticias\/wp-json\/wp\/v2\/categories?post=11382"},{"taxonomy":"post_tag","embeddable":true,"href":"https:\/\/www.suno.com.br\/noticias\/wp-json\/wp\/v2\/tags?post=11382"},{"taxonomy":"suno_strategy","embeddable":true,"href":"https:\/\/www.suno.com.br\/noticias\/wp-json\/wp\/v2\/suno_strategy?post=11382"}],"curies":[{"name":"wp","href":"https:\/\/api.w.org\/{rel}","templated":true}]}}