{"id":113784,"date":"2021-01-15T17:24:33","date_gmt":"2021-01-15T20:24:33","guid":{"rendered":"https:\/\/www.suno.com.br\/noticias\/?p=113784"},"modified":"2021-05-29T20:37:39","modified_gmt":"2021-05-29T23:37:39","slug":"dolar-encerra-alta-15012020-2","status":"publish","type":"post","link":"https:\/\/www.suno.com.br\/noticias\/dolar-encerra-alta-15012020-2\/","title":{"rendered":"D\u00f3lar encerra em alta de 1,814%, cotado em R$ 5,3042"},"content":{"rendered":"<p>O <strong>d\u00f3lar<\/strong> encerrou nessa sexta-feira (15) em alta de 1,814%, negociado a R$ 5,3042 na venda. No acumulado da semana a moeda norte-americana apresentou queda de 2,172%<\/p>\t<div class=\"wrapper-featured-image\">\n\t\t<figure class=\"spotlightImg\">\n\n\t\t\t<picture>\n\t\t\t\t<source media=\"(max-width: 768px)\" srcset=\"https:\/\/files.sunoresearch.com.br\/n\/uploads\/2021\/01\/6eac1e79-dolar-400x200.webp\">\n\t\t\t\t<img loading=\"lazy\" decoding=\"async\" class=\"newsContent__article__imgCapa lazyloadDisabled \" src=\"https:\/\/files.sunoresearch.com.br\/n\/uploads\/2021\/01\/6eac1e79-dolar-800x450.webp\" width=\"800\" height=\"450\" alt=\"D\u00f3lar encerra em alta de 1,814%, cotado em R$ 5,3042\" fetchpriority=high \/>\n\t\t\t<\/picture>\n\n\t\t\t<figcaption class=\"wp-caption-text wp-caption-text--show\">Na \u00faltima sess\u00e3o, o d\u00f3lar encerrou o preg\u00e3o em queda de 1,9%, negociado a R$ 5,21.<\/figcaption>\n\t\t<\/figure>\n\t<\/div>\n\n\n\t<p>\n\t\t<a href=\"https:\/\/lp.suno.com.br\/planilha-controle-gastos\/\" target=\"_blank\" data-element=\"shortcode-suno-banner\" title=\"Banner SUNO, clique e saiba mais\">\n\t\t\t<picture>\n\t\t\t\t<source media=\"(max-width: 500px)\" srcset=\"https:\/\/files.sunoresearch.com.br\/n\/uploads\/2023\/03\/400x300-Planilha-controle-de-gastos.png\">\n\t\t\t\t<img class=\"newsContent__article__imgCapa newsContent__article__imgCapa--banner\"\n\t\t\t\t\tsrc=\"https:\/\/files.sunoresearch.com.br\/n\/uploads\/2023\/03\/1420x240-Planilha-controle-de-gastos.png\"\n\t\t\t\t\tdata-promo-id=\"101751\"\t\t\t\t\t\t\t\t\t\twidth='1420' height='240'\t\t\t\t\talt=\"https:\/\/files.sunoresearch.com.br\/n\/uploads\/2023\/03\/1420x240-Planilha-controle-de-gastos.png\"\n\t\t\t\t>\n\t\t\t<\/picture>\n\t\t<\/a>\n\t<\/p>\n\n\n<p>O <a href=\"https:\/\/www.suno.com.br\/artigos\/dolar\/\"><strong>d\u00f3lar<\/strong> <\/a><strong>hoje\u00a0<\/strong>tamb\u00e9m abriu em alta, enquanto o mercado ficava atento ao pacote de est\u00edmulos dos Estados Unidos.<\/p>\n<p>O presidente eleito<strong> Joe Biden<\/strong> confirmou\u00a0um novo pacote de est\u00edmulos monet\u00e1rios que deve ser levado ao <strong>Congresso<\/strong>. O democrata pede US$ 1,9 trilh\u00e3o em dinheiro novo para sustentar a economia.<\/p>\n<p><a href=\"https:\/\/lp.suno.com.br\/suno-one\/\">Suno One: acesse gratuitamente eBooks, Minicursos, Artigos e Video Aulas sobre investimentos com um \u00fanico cadastro. Clique para saber mais!<\/a><\/p>\n<p>Al\u00e9m disso, confira as principais not\u00edcias que movimentaram o mercado nesta sexta-feira:<\/p>\n<ul>\n<li>Nos <strong>EUA,<\/strong> vendas no varejo caem 0,7% em dezembro ante novembro<\/li>\n<li>Joe Biden vai propor <strong>pacote de al\u00edvio<\/strong> de US$ 1,9 tri<\/li>\n<li><strong>Pfizer<\/strong> diz que reduzir\u00e1 ritmo de fornecimento de vacinas \u00e0 Europa<\/li>\n<li>\u00daltima\u00a0<strong>cota\u00e7\u00e3o do d\u00f3lar<\/strong><\/li>\n<\/ul>\n<h2>Vendas no varejo nos EUA<\/h2>\n<p>As<strong> vendas no varejo<\/strong> dos Estados Unidos ca\u00edram 0,7% em dezembro ante novembro, segundo dados com ajustes sazonais divulgados nesta sexta-feira, pelo Departamento do Com\u00e9rcio norte-americano.<\/p>\n\t<div data-element=\"shortcode-read-more\" class=\"knowMore\">\n\t\t\t\t<span class=\"knowMore__title\">Saiba mais<\/span>\n\t\t\t\t<a class=\"knowMore__link\" href=\"https:\/\/www.suno.com.br\/noticias\/eua-venda-varejo-caem\/\">\n\t\t\tNos EUA, vendas no varejo caem 0,7% em dezembro ante novembro\t\t<\/a>\n\t<\/div>\n\n\n<p>A queda foi maior que a estimada por analistas consultados pelo <i>The Wall Street Journal<\/i>, que previam recuo de 0,1% nas vendas do m\u00eas passado. Excluindo-se <strong>autom\u00f3veis<\/strong>, as vendas no setor varejista norte-americano ca\u00edram 1,4% na compara\u00e7\u00e3o mensal de dezembro.<\/p>\n<p>Os dados de novembro ante outubro foram revisados, para queda de 1,4% nas vendas totais.<\/p>\n<h2>Biden vai propor pacote de al\u00edvio<\/h2>\n<p>O presidente eleito dos Estados Unidos, <strong>Joe Biden<\/strong>, deve propor ao Congresso norte-americano uma nova rodada de est\u00edmulos \u00e0 economia em breve. Segundo a imprensa norte-americana, o pacote tem a forma de US$ 1,9 trilh\u00f5es (cerca de R$ 9,899 trilh\u00f5es) em al\u00edvio para combater a desacelera\u00e7\u00e3o econ\u00f4mica e a crise de covid-19.<\/p>\n<p>Biden anunciou um projeto abrangente que incluir\u00e1 mais de US$ 400 bilh\u00f5es para atenuar os efeitos da <strong>pandemia,<\/strong> contemplando a acelera\u00e7\u00e3o da <strong>vacina\u00e7\u00e3o no Estados Unidos<\/strong> e a reabertura segura das escolas. Outros US$ 350 bilh\u00f5es ser\u00e3o destinados para apoiar governos estaduais e distritais.<\/p>\n\t<div data-element=\"shortcode-read-more\" class=\"knowMore\">\n\t\t\t\t<span class=\"knowMore__title\">Saiba mais <\/span>\n\t\t\t\t<a class=\"knowMore__link\" href=\"https:\/\/www.suno.com.br\/noticias\/joe-biden-pacote-alivio-19-tri\/\">\n\t\t\tJoe Biden vai propor pacote de al\u00edvio de US$ 1,9 tri\t\t<\/a>\n\t<\/div>\n\n\n<p>Al\u00e9m disso, o pacote de al\u00edvio ainda oferecer\u00e1 mais recursos a fam\u00edlias e trabalhadores, incluindo US$ 1.400 em pagamentos diretos, benef\u00edcios a desempregados, licen\u00e7as pagas e subs\u00eddios para a sa\u00fade infantil.<\/p>\n<h2>Pfizer diz que reduzir\u00e1 ritmo de fornecimento de vacinas \u00e0 Europa<\/h2>\n<p>A farmac\u00eautica norte-americana <strong>Pfizer<\/strong> (<a href=\"https:\/\/www.suno.com.br\/artigos\/nyse\/\">NYSE<\/a>: PFE) anunciou nesta sexta-feira que vai diminuir temporariamente, a partir da semana que vem, o fornecimento de sua vacina para a covid-19 a pa\u00edses da Europa, segundo comunicado divulgado no site do Instituto de Sa\u00fade P\u00fablica da Noruega.<\/p>\n\t<p>\n\t\t<a href=\"https:\/\/lp.suno.com.br\/ebook-como-analisar-uma-acao\/\" target=\"_blank\" data-element=\"shortcode-suno-banner\" title=\"Banner SUNO, clique e saiba mais\">\n\t\t\t<picture>\n\t\t\t\t<source media=\"(max-width: 500px)\" srcset=\"https:\/\/files.sunoresearch.com.br\/n\/uploads\/2023\/03\/Ebook-Acoes-Mobile.jpg\">\n\t\t\t\t<img class=\"newsContent__article__imgCapa newsContent__article__imgCapa--banner\"\n\t\t\t\t\tsrc=\"https:\/\/files.sunoresearch.com.br\/n\/uploads\/2023\/03\/Ebook-Acoes-Desktop.jpg\"\n\t\t\t\t\tdata-promo-id=\"378302\"\t\t\t\t\t\t\t\t\t\twidth='1420' height='286'\t\t\t\t\talt=\"https:\/\/files.sunoresearch.com.br\/n\/uploads\/2023\/03\/Ebook-Acoes-Desktop.jpg\"\n\t\t\t\t>\n\t\t\t<\/picture>\n\t\t<\/a>\n\t<\/p>\n\n\n<p>De acordo com o diretor do Controle e Preven\u00e7\u00e3o de Infec\u00e7\u00f5es noruegu\u00eas, Geir Bukholm, a redu\u00e7\u00e3o significar\u00e1 7.800 doses a menos do que o previsto anteriormente para o pa\u00eds nas pr\u00f3ximas tr\u00eas semanas. A Pfizer n\u00e3o especificou at\u00e9 quando a decis\u00e3o vai durar.<\/p>\n\t<div data-element=\"shortcode-read-more\" class=\"knowMore\">\n\t\t\t\t<span class=\"knowMore__title\">Saiba mais<\/span>\n\t\t\t\t<a class=\"knowMore__link\" href=\"https:\/\/www.suno.com.br\/noticias\/pfizer-reduzira-fornecimento-vacinas-europa\/\">\n\t\t\tPfizer diz que reduzir\u00e1 ritmo de fornecimento de vacinas \u00e0 Europa\t\t<\/a>\n\t<\/div>\n\n\n<p>Segundo o comunicado do Instituto, a redu\u00e7\u00e3o ocorre por conta de uma &#8220;reorganiza\u00e7\u00e3o&#8221; ligada ao aumento da <strong>capacidade produtiva da Pfizer<\/strong>.<\/p>\n<h2>\u00daltima cota\u00e7\u00e3o do d\u00f3lar<\/h2>\n<p>Na \u00faltima sess\u00e3o, o <strong>d\u00f3lar<\/strong> encerrou o preg\u00e3o em queda de 1,9%, negociado a R$ 5,21.<\/p>\n<p><span style=\"font-weight: 400;\">\t<p>\n\t\t<a href=\"https:\/\/lp.suno.com.br\/planilha-de-controle-de-investimentos\/\" target=\"_blank\" data-element=\"shortcode-suno-banner\" title=\"Banner SUNO, clique e saiba mais\">\n\t\t\t<picture>\n\t\t\t\t<source media=\"(max-width: 500px)\" srcset=\"https:\/\/files.sunoresearch.com.br\/n\/uploads\/2023\/03\/400x300-Controle-de-Investimentos.png\">\n\t\t\t\t<img class=\"newsContent__article__imgCapa newsContent__article__imgCapa--banner\"\n\t\t\t\t\tsrc=\"https:\/\/files.sunoresearch.com.br\/n\/uploads\/2023\/03\/1420x240-Controle-de-Investimentos.png\"\n\t\t\t\t\tdata-promo-id=\"75934\"\t\t\t\t\t\t\t\t\t\twidth='1420' height='240'\t\t\t\t\talt=\"https:\/\/files.sunoresearch.com.br\/n\/uploads\/2023\/03\/1420x240-Controle-de-Investimentos.png\"\n\t\t\t\t>\n\t\t\t<\/picture>\n\t\t<\/a>\n\t<\/p>\n\n<\/span><\/p>\n","protected":false},"excerpt":{"rendered":"<p>O d\u00f3lar encerrou nessa sexta-feira (15) em alta de 1,814%, negociado a R$ 5,3042 na venda. No acumulado da semana a moeda norte-americana apresentou queda de 2,172% Na \u00faltima sess\u00e3o, o d\u00f3lar encerrou o preg\u00e3o em queda de 1,9%, negociado a R$ 5,21. O d\u00f3lar hoje\u00a0tamb\u00e9m abriu em alta, enquanto o mercado ficava atento ao [&hellip;]<\/p>\n","protected":false},"author":39,"featured_media":113794,"comment_status":"closed","ping_status":"closed","sticky":false,"template":"","format":"standard","meta":[],"categories":[60],"tags":[326,793,73481,884,105286],"suno_strategy":[],"class_list":["post-113784","post","type-post","status-publish","format-standard","has-post-thumbnail","hentry","category-mercado","tag-dolar","tag-estados-unidos-eua","tag-joe-biden","tag-pfizer-pfiz34","tag-vacina-da-pfizer"],"yoast_head":"<!-- This site is optimized with the Yoast SEO plugin v24.4 - https:\/\/yoast.com\/wordpress\/plugins\/seo\/ -->\n<title>D\u00f3lar encerra em alta de 1,814%, cotado em R$ 5,3042<\/title>\n<meta name=\"description\" content=\"O d\u00f3lar encerrou nessa sexta-feira (15) em alta de 1,814%, negociado a R$ 5,3042 na venda. Clique aqui para saber mais sobre o d\u00f3lar hoje.\" \/>\n<meta name=\"robots\" content=\"index, follow, max-snippet:-1, max-image-preview:large, max-video-preview:-1\" \/>\n<link rel=\"canonical\" href=\"https:\/\/www.suno.com.br\/noticias\/dolar-encerra-alta-15012020-2\/\" \/>\n<meta property=\"og:locale\" content=\"pt_BR\" \/>\n<meta property=\"og:type\" content=\"article\" \/>\n<meta property=\"og:title\" content=\"D\u00f3lar encerra em alta de 1,814%, cotado em R$ 5,3042\" \/>\n<meta property=\"og:description\" content=\"O d\u00f3lar encerrou nessa sexta-feira (15) em alta de 1,814%, negociado a R$ 5,3042 na venda. Clique aqui para saber mais sobre o d\u00f3lar hoje.\" \/>\n<meta property=\"og:url\" content=\"https:\/\/www.suno.com.br\/noticias\/dolar-encerra-alta-15012020-2\/\" \/>\n<meta property=\"og:site_name\" content=\"Suno Not\u00edcias\" \/>\n<meta property=\"article:publisher\" content=\"https:\/\/facebook.com\/sunoresearch\" \/>\n<meta property=\"og:image\" content=\"https:\/\/files.sunoresearch.com.br\/n\/uploads\/2021\/01\/6eac1e79-dolar.jpg\" \/>\n\t<meta property=\"og:image:width\" content=\"1200\" \/>\n\t<meta property=\"og:image:height\" content=\"800\" \/>\n\t<meta property=\"og:image:type\" content=\"image\/jpeg\" \/>\n<meta name=\"author\" content=\"Laura Moutinho\" \/>\n<meta name=\"twitter:card\" content=\"summary_large_image\" \/>\n<meta name=\"twitter:creator\" content=\"@sunoresearch\" \/>\n<meta name=\"twitter:site\" content=\"@sunoresearch\" \/>\n<meta name=\"twitter:label1\" content=\"Escrito por\" \/>\n\t<meta name=\"twitter:data1\" content=\"Laura Moutinho\" \/>\n\t<meta name=\"twitter:label2\" content=\"Est. tempo de leitura\" \/>\n\t<meta name=\"twitter:data2\" content=\"3 minutos\" \/>\n<script type=\"application\/ld+json\" class=\"yoast-schema-graph\">{\"@context\":\"https:\/\/schema.org\",\"@graph\":[{\"@type\":\"NewsArticle\",\"@id\":\"https:\/\/www.suno.com.br\/noticias\/dolar-encerra-alta-15012020-2\/#article\",\"isPartOf\":{\"@id\":\"https:\/\/www.suno.com.br\/noticias\/dolar-encerra-alta-15012020-2\/\"},\"author\":{\"name\":\"Laura Moutinho\",\"@id\":\"https:\/\/www.suno.com.br\/noticias\/#\/schema\/person\/3df0d2808748b74496efe5dbeaef2c72\"},\"headline\":\"D\u00f3lar encerra em alta de 1,814%, cotado em R$ 5,3042\",\"datePublished\":\"2021-01-15T20:24:33+00:00\",\"dateModified\":\"2021-05-29T23:37:39+00:00\",\"mainEntityOfPage\":{\"@id\":\"https:\/\/www.suno.com.br\/noticias\/dolar-encerra-alta-15012020-2\/\"},\"wordCount\":589,\"publisher\":{\"@id\":\"https:\/\/www.suno.com.br\/noticias\/#organization\"},\"image\":{\"@id\":\"https:\/\/www.suno.com.br\/noticias\/dolar-encerra-alta-15012020-2\/#primaryimage\"},\"thumbnailUrl\":\"https:\/\/files.sunoresearch.com.br\/n\/uploads\/2021\/01\/6eac1e79-dolar-jpg.webp\",\"keywords\":[\"d\u00f3lar\",\"Estados Unidos (EUA)\",\"Joe Biden\",\"Pfizer (PFIZ34)\",\"vacina da Pfizer\"],\"articleSection\":[\"Mercado\"],\"inLanguage\":\"pt-BR\"},{\"@type\":\"WebPage\",\"@id\":\"https:\/\/www.suno.com.br\/noticias\/dolar-encerra-alta-15012020-2\/\",\"url\":\"https:\/\/www.suno.com.br\/noticias\/dolar-encerra-alta-15012020-2\/\",\"name\":\"D\u00f3lar encerra em alta de 1,814%, cotado em R$ 5,3042\",\"isPartOf\":{\"@id\":\"https:\/\/www.suno.com.br\/noticias\/#website\"},\"primaryImageOfPage\":{\"@id\":\"https:\/\/www.suno.com.br\/noticias\/dolar-encerra-alta-15012020-2\/#primaryimage\"},\"image\":{\"@id\":\"https:\/\/www.suno.com.br\/noticias\/dolar-encerra-alta-15012020-2\/#primaryimage\"},\"thumbnailUrl\":\"https:\/\/files.sunoresearch.com.br\/n\/uploads\/2021\/01\/6eac1e79-dolar-jpg.webp\",\"datePublished\":\"2021-01-15T20:24:33+00:00\",\"dateModified\":\"2021-05-29T23:37:39+00:00\",\"description\":\"O d\u00f3lar encerrou nessa sexta-feira (15) em alta de 1,814%, negociado a R$ 5,3042 na venda. Clique aqui para saber mais sobre o d\u00f3lar hoje.\",\"breadcrumb\":{\"@id\":\"https:\/\/www.suno.com.br\/noticias\/dolar-encerra-alta-15012020-2\/#breadcrumb\"},\"inLanguage\":\"pt-BR\",\"potentialAction\":[{\"@type\":\"ReadAction\",\"target\":[\"https:\/\/www.suno.com.br\/noticias\/dolar-encerra-alta-15012020-2\/\"]}]},{\"@type\":\"ImageObject\",\"inLanguage\":\"pt-BR\",\"@id\":\"https:\/\/www.suno.com.br\/noticias\/dolar-encerra-alta-15012020-2\/#primaryimage\",\"url\":\"https:\/\/files.sunoresearch.com.br\/n\/uploads\/2021\/01\/6eac1e79-dolar-jpg.webp\",\"contentUrl\":\"https:\/\/files.sunoresearch.com.br\/n\/uploads\/2021\/01\/6eac1e79-dolar-jpg.webp\",\"width\":1200,\"height\":800,\"caption\":\"Na \u00faltima sess\u00e3o, o d\u00f3lar encerrou o preg\u00e3o em queda de 1,9%, negociado a R$ 5,21.\"},{\"@type\":\"BreadcrumbList\",\"@id\":\"https:\/\/www.suno.com.br\/noticias\/dolar-encerra-alta-15012020-2\/#breadcrumb\",\"itemListElement\":[{\"@type\":\"ListItem\",\"position\":1,\"name\":\"Not\u00edcias\",\"item\":\"https:\/\/www.suno.com.br\/noticias\/\"},{\"@type\":\"ListItem\",\"position\":2,\"name\":\"Mercado\",\"item\":\"https:\/\/www.suno.com.br\/noticias\/mercado\/\"},{\"@type\":\"ListItem\",\"position\":3,\"name\":\"D\u00f3lar encerra em alta de 1,814%, cotado em R$ 5,3042\"}]},{\"@type\":\"WebSite\",\"@id\":\"https:\/\/www.suno.com.br\/noticias\/#website\",\"url\":\"https:\/\/www.suno.com.br\/noticias\/\",\"name\":\"Suno Not\u00edcias\",\"description\":\"Seu portal de informa\u00e7\u00e3o sobre o mundo dos investimentos\",\"publisher\":{\"@id\":\"https:\/\/www.suno.com.br\/noticias\/#organization\"},\"potentialAction\":[{\"@type\":\"SearchAction\",\"target\":{\"@type\":\"EntryPoint\",\"urlTemplate\":\"https:\/\/www.suno.com.br\/noticias\/?s={search_term_string}\"},\"query-input\":{\"@type\":\"PropertyValueSpecification\",\"valueRequired\":true,\"valueName\":\"search_term_string\"}}],\"inLanguage\":\"pt-BR\"},{\"@type\":\"Organization\",\"@id\":\"https:\/\/www.suno.com.br\/noticias\/#organization\",\"name\":\"Suno Not\u00edcias\",\"url\":\"https:\/\/www.suno.com.br\/noticias\/\",\"logo\":{\"@type\":\"ImageObject\",\"inLanguage\":\"pt-BR\",\"@id\":\"https:\/\/www.suno.com.br\/noticias\/#\/schema\/logo\/image\/\",\"url\":\"https:\/\/files.sunoresearch.com.br\/n\/uploads\/2021\/09\/suno-logo.png\",\"contentUrl\":\"https:\/\/files.sunoresearch.com.br\/n\/uploads\/2021\/09\/suno-logo.png\",\"width\":180,\"height\":180,\"caption\":\"Suno Not\u00edcias\"},\"image\":{\"@id\":\"https:\/\/www.suno.com.br\/noticias\/#\/schema\/logo\/image\/\"},\"sameAs\":[\"https:\/\/facebook.com\/sunoresearch\",\"https:\/\/x.com\/sunoresearch\",\"https:\/\/www.instagram.com\/suno\",\"https:\/\/www.linkedin.com\/company\/suno-research\/\",\"https:\/\/www.youtube.com\/c\/sunoresearch\"]},{\"@type\":\"Person\",\"@id\":\"https:\/\/www.suno.com.br\/noticias\/#\/schema\/person\/3df0d2808748b74496efe5dbeaef2c72\",\"name\":\"Laura Moutinho\",\"image\":{\"@type\":\"ImageObject\",\"inLanguage\":\"pt-BR\",\"@id\":\"https:\/\/www.suno.com.br\/noticias\/#\/schema\/person\/image\/\",\"url\":\"https:\/\/secure.gravatar.com\/avatar\/7571c7c8ca3a6fca5e41384ece5557ff?s=96&r=g\",\"contentUrl\":\"https:\/\/secure.gravatar.com\/avatar\/7571c7c8ca3a6fca5e41384ece5557ff?s=96&r=g\",\"caption\":\"Laura Moutinho\"},\"description\":\"Estagi\u00e1ria na Suno Not\u00edcias, escreve not\u00edcias que afetam o mercado financeiro. Estuda administra\u00e7\u00e3o na Universidade Presbiteriana Mackenzie.\",\"url\":\"https:\/\/www.suno.com.br\/noticias\/author\/laura-moutinho\/\"}]}<\/script>\n<!-- \/ Yoast SEO plugin. -->","yoast_head_json":{"title":"D\u00f3lar encerra em alta de 1,814%, cotado em R$ 5,3042","description":"O d\u00f3lar encerrou nessa sexta-feira (15) em alta de 1,814%, negociado a R$ 5,3042 na venda. Clique aqui para saber mais sobre o d\u00f3lar hoje.","robots":{"index":"index","follow":"follow","max-snippet":"max-snippet:-1","max-image-preview":"max-image-preview:large","max-video-preview":"max-video-preview:-1"},"canonical":"https:\/\/www.suno.com.br\/noticias\/dolar-encerra-alta-15012020-2\/","og_locale":"pt_BR","og_type":"article","og_title":"D\u00f3lar encerra em alta de 1,814%, cotado em R$ 5,3042","og_description":"O d\u00f3lar encerrou nessa sexta-feira (15) em alta de 1,814%, negociado a R$ 5,3042 na venda. Clique aqui para saber mais sobre o d\u00f3lar hoje.","og_url":"https:\/\/www.suno.com.br\/noticias\/dolar-encerra-alta-15012020-2\/","og_site_name":"Suno Not\u00edcias","article_publisher":"https:\/\/facebook.com\/sunoresearch","og_image":[{"width":1200,"height":800,"url":"https:\/\/files.sunoresearch.com.br\/n\/uploads\/2021\/01\/6eac1e79-dolar.jpg","type":"image\/jpeg"}],"author":"Laura Moutinho","twitter_card":"summary_large_image","twitter_creator":"@sunoresearch","twitter_site":"@sunoresearch","twitter_misc":{"Escrito por":"Laura Moutinho","Est. tempo de leitura":"3 minutos"},"schema":{"@context":"https:\/\/schema.org","@graph":[{"@type":"NewsArticle","@id":"https:\/\/www.suno.com.br\/noticias\/dolar-encerra-alta-15012020-2\/#article","isPartOf":{"@id":"https:\/\/www.suno.com.br\/noticias\/dolar-encerra-alta-15012020-2\/"},"author":{"name":"Laura Moutinho","@id":"https:\/\/www.suno.com.br\/noticias\/#\/schema\/person\/3df0d2808748b74496efe5dbeaef2c72"},"headline":"D\u00f3lar encerra em alta de 1,814%, cotado em R$ 5,3042","datePublished":"2021-01-15T20:24:33+00:00","dateModified":"2021-05-29T23:37:39+00:00","mainEntityOfPage":{"@id":"https:\/\/www.suno.com.br\/noticias\/dolar-encerra-alta-15012020-2\/"},"wordCount":589,"publisher":{"@id":"https:\/\/www.suno.com.br\/noticias\/#organization"},"image":{"@id":"https:\/\/www.suno.com.br\/noticias\/dolar-encerra-alta-15012020-2\/#primaryimage"},"thumbnailUrl":"https:\/\/files.sunoresearch.com.br\/n\/uploads\/2021\/01\/6eac1e79-dolar-jpg.webp","keywords":["d\u00f3lar","Estados Unidos (EUA)","Joe Biden","Pfizer (PFIZ34)","vacina da Pfizer"],"articleSection":["Mercado"],"inLanguage":"pt-BR"},{"@type":"WebPage","@id":"https:\/\/www.suno.com.br\/noticias\/dolar-encerra-alta-15012020-2\/","url":"https:\/\/www.suno.com.br\/noticias\/dolar-encerra-alta-15012020-2\/","name":"D\u00f3lar encerra em alta de 1,814%, cotado em R$ 5,3042","isPartOf":{"@id":"https:\/\/www.suno.com.br\/noticias\/#website"},"primaryImageOfPage":{"@id":"https:\/\/www.suno.com.br\/noticias\/dolar-encerra-alta-15012020-2\/#primaryimage"},"image":{"@id":"https:\/\/www.suno.com.br\/noticias\/dolar-encerra-alta-15012020-2\/#primaryimage"},"thumbnailUrl":"https:\/\/files.sunoresearch.com.br\/n\/uploads\/2021\/01\/6eac1e79-dolar-jpg.webp","datePublished":"2021-01-15T20:24:33+00:00","dateModified":"2021-05-29T23:37:39+00:00","description":"O d\u00f3lar encerrou nessa sexta-feira (15) em alta de 1,814%, negociado a R$ 5,3042 na venda. Clique aqui para saber mais sobre o d\u00f3lar hoje.","breadcrumb":{"@id":"https:\/\/www.suno.com.br\/noticias\/dolar-encerra-alta-15012020-2\/#breadcrumb"},"inLanguage":"pt-BR","potentialAction":[{"@type":"ReadAction","target":["https:\/\/www.suno.com.br\/noticias\/dolar-encerra-alta-15012020-2\/"]}]},{"@type":"ImageObject","inLanguage":"pt-BR","@id":"https:\/\/www.suno.com.br\/noticias\/dolar-encerra-alta-15012020-2\/#primaryimage","url":"https:\/\/files.sunoresearch.com.br\/n\/uploads\/2021\/01\/6eac1e79-dolar-jpg.webp","contentUrl":"https:\/\/files.sunoresearch.com.br\/n\/uploads\/2021\/01\/6eac1e79-dolar-jpg.webp","width":1200,"height":800,"caption":"Na \u00faltima sess\u00e3o, o d\u00f3lar encerrou o preg\u00e3o em queda de 1,9%, negociado a R$ 5,21."},{"@type":"BreadcrumbList","@id":"https:\/\/www.suno.com.br\/noticias\/dolar-encerra-alta-15012020-2\/#breadcrumb","itemListElement":[{"@type":"ListItem","position":1,"name":"Not\u00edcias","item":"https:\/\/www.suno.com.br\/noticias\/"},{"@type":"ListItem","position":2,"name":"Mercado","item":"https:\/\/www.suno.com.br\/noticias\/mercado\/"},{"@type":"ListItem","position":3,"name":"D\u00f3lar encerra em alta de 1,814%, cotado em R$ 5,3042"}]},{"@type":"WebSite","@id":"https:\/\/www.suno.com.br\/noticias\/#website","url":"https:\/\/www.suno.com.br\/noticias\/","name":"Suno Not\u00edcias","description":"Seu portal de informa\u00e7\u00e3o sobre o mundo dos investimentos","publisher":{"@id":"https:\/\/www.suno.com.br\/noticias\/#organization"},"potentialAction":[{"@type":"SearchAction","target":{"@type":"EntryPoint","urlTemplate":"https:\/\/www.suno.com.br\/noticias\/?s={search_term_string}"},"query-input":{"@type":"PropertyValueSpecification","valueRequired":true,"valueName":"search_term_string"}}],"inLanguage":"pt-BR"},{"@type":"Organization","@id":"https:\/\/www.suno.com.br\/noticias\/#organization","name":"Suno Not\u00edcias","url":"https:\/\/www.suno.com.br\/noticias\/","logo":{"@type":"ImageObject","inLanguage":"pt-BR","@id":"https:\/\/www.suno.com.br\/noticias\/#\/schema\/logo\/image\/","url":"https:\/\/files.sunoresearch.com.br\/n\/uploads\/2021\/09\/suno-logo.png","contentUrl":"https:\/\/files.sunoresearch.com.br\/n\/uploads\/2021\/09\/suno-logo.png","width":180,"height":180,"caption":"Suno Not\u00edcias"},"image":{"@id":"https:\/\/www.suno.com.br\/noticias\/#\/schema\/logo\/image\/"},"sameAs":["https:\/\/facebook.com\/sunoresearch","https:\/\/x.com\/sunoresearch","https:\/\/www.instagram.com\/suno","https:\/\/www.linkedin.com\/company\/suno-research\/","https:\/\/www.youtube.com\/c\/sunoresearch"]},{"@type":"Person","@id":"https:\/\/www.suno.com.br\/noticias\/#\/schema\/person\/3df0d2808748b74496efe5dbeaef2c72","name":"Laura Moutinho","image":{"@type":"ImageObject","inLanguage":"pt-BR","@id":"https:\/\/www.suno.com.br\/noticias\/#\/schema\/person\/image\/","url":"https:\/\/secure.gravatar.com\/avatar\/7571c7c8ca3a6fca5e41384ece5557ff?s=96&r=g","contentUrl":"https:\/\/secure.gravatar.com\/avatar\/7571c7c8ca3a6fca5e41384ece5557ff?s=96&r=g","caption":"Laura Moutinho"},"description":"Estagi\u00e1ria na Suno Not\u00edcias, escreve not\u00edcias que afetam o mercado financeiro. Estuda administra\u00e7\u00e3o na Universidade Presbiteriana Mackenzie.","url":"https:\/\/www.suno.com.br\/noticias\/author\/laura-moutinho\/"}]}},"default_loop_html":"<div class=\"cardsPage__listCard__boxs\"><div class=\"cardsPage__listCard__boxs__img\"><a href=\"https:\/\/www.suno.com.br\/noticias\/dolar-encerra-alta-15012020-2\/\"><img class=\"mask\" src=\"https:\/\/www.suno.com.br\/noticias\/wp-content\/themes\/suno\/resources\/images\/spotlight\/spotlight1img\/bg-mask.png\" alt=\"Image Mask\"\/><img src=\"https:\/\/files.sunoresearch.com.br\/n\/uploads\/2021\/01\/6eac1e79-dolar-400x200.webp\" alt=\"D\u00f3lar encerra em alta de 1,814%, cotado em R$ 5,3042\"\/><\/a><span class=\"spotlightCategory\"><a href=\"https:\/\/www.suno.com.br\/noticias\/mercado\/\">Mercado<\/a><\/span><\/div><div class=\"cardsPage__listCard__boxs__content\"><a href=\"https:\/\/www.suno.com.br\/noticias\/dolar-encerra-alta-15012020-2\/\"><h2 class=\"content__title\">D\u00f3lar encerra em alta de 1,814%, cotado em R$ 5,3042<\/h2><\/a><div class=\"newsContent__article__meta\"><div class=\"newsContent__article__meta__authorBox\"><a href=\"https:\/\/www.suno.com.br\/noticias\/author\/laura-moutinho\/\" class=\"authorBox__avatar noMobi\"><img src=\"https:\/\/files.sunoresearch.com.br\/n\/uploads\/2020\/08\/531ff69d-whatsapp-image-2020-08-03-at-14.54.38-150x150.webp\" alt=\"Laura Moutinho\"><\/a><div class=\"authorBox__name\"><span>por\n\t\t\t<a href=\"https:\/\/www.suno.com.br\/noticias\/author\/laura-moutinho\/\"><span itemprop=\"author\">Laura Moutinho<\/span><\/a><\/span><time datetime=\"2021-01-15T17:24:33-03:00\" itemprop=\"datePublished\">15\/01\/2021 17:24<\/time><\/div><\/div><\/div><\/div><\/div>","single_layout":"posts","amp_enabled":true,"_links":{"self":[{"href":"https:\/\/www.suno.com.br\/noticias\/wp-json\/wp\/v2\/posts\/113784"}],"collection":[{"href":"https:\/\/www.suno.com.br\/noticias\/wp-json\/wp\/v2\/posts"}],"about":[{"href":"https:\/\/www.suno.com.br\/noticias\/wp-json\/wp\/v2\/types\/post"}],"author":[{"embeddable":true,"href":"https:\/\/www.suno.com.br\/noticias\/wp-json\/wp\/v2\/users\/39"}],"replies":[{"embeddable":true,"href":"https:\/\/www.suno.com.br\/noticias\/wp-json\/wp\/v2\/comments?post=113784"}],"version-history":[{"count":1,"href":"https:\/\/www.suno.com.br\/noticias\/wp-json\/wp\/v2\/posts\/113784\/revisions"}],"predecessor-version":[{"id":152079,"href":"https:\/\/www.suno.com.br\/noticias\/wp-json\/wp\/v2\/posts\/113784\/revisions\/152079"}],"wp:featuredmedia":[{"embeddable":true,"href":"https:\/\/www.suno.com.br\/noticias\/wp-json\/wp\/v2\/media\/113794"}],"wp:attachment":[{"href":"https:\/\/www.suno.com.br\/noticias\/wp-json\/wp\/v2\/media?parent=113784"}],"wp:term":[{"taxonomy":"category","embeddable":true,"href":"https:\/\/www.suno.com.br\/noticias\/wp-json\/wp\/v2\/categories?post=113784"},{"taxonomy":"post_tag","embeddable":true,"href":"https:\/\/www.suno.com.br\/noticias\/wp-json\/wp\/v2\/tags?post=113784"},{"taxonomy":"suno_strategy","embeddable":true,"href":"https:\/\/www.suno.com.br\/noticias\/wp-json\/wp\/v2\/suno_strategy?post=113784"}],"curies":[{"name":"wp","href":"https:\/\/api.w.org\/{rel}","templated":true}]}}