{"id":113718,"date":"2021-01-15T16:07:13","date_gmt":"2021-01-15T19:07:13","guid":{"rendered":"https:\/\/www.suno.com.br\/noticias\/?p=113718"},"modified":"2021-01-15T16:07:13","modified_gmt":"2021-01-15T19:07:13","slug":"pfizer-reduzira-fornecimento-vacinas-europa","status":"publish","type":"post","link":"https:\/\/www.suno.com.br\/noticias\/pfizer-reduzira-fornecimento-vacinas-europa\/","title":{"rendered":"Pfizer diz que reduzir\u00e1 ritmo de fornecimento de vacinas \u00e0 Europa"},"content":{"rendered":"<p>A farmac\u00eautica norte-americana <strong>Pfizer<\/strong> (<a href=\"https:\/\/www.suno.com.br\/artigos\/nyse\/\">NYSE<\/a>: PFE) anunciou nesta sexta-feira (15) que vai diminuir temporariamente, a partir da semana que vem, o fornecimento de sua vacina para a covid-19 a pa\u00edses da Europa, segundo comunicado divulgado no site do Instituto de Sa\u00fade P\u00fablica da Noruega.<\/p>\t<div class=\"wrapper-featured-image\">\n\t\t<figure class=\"spotlightImg\">\n\n\t\t\t<picture>\n\t\t\t\t<source media=\"(max-width: 768px)\" srcset=\"https:\/\/files.sunoresearch.com.br\/n\/uploads\/2021\/01\/7e814489-pfizer-400x200.webp\">\n\t\t\t\t<img loading=\"lazy\" decoding=\"async\" class=\"newsContent__article__imgCapa lazyloadDisabled \" src=\"https:\/\/files.sunoresearch.com.br\/n\/uploads\/2021\/01\/7e814489-pfizer-jpg.webp\" width=\"800\" height=\"450\" alt=\"Pfizer diz que reduzir\u00e1 ritmo de fornecimento de vacinas \u00e0 Europa\" fetchpriority=high \/>\n\t\t\t<\/picture>\n\n\t\t\t<figcaption class=\"wp-caption-text wp-caption-text--show\">Pfizer anuncia que reduzir\u00e1 ritmo de fornecimento de vacinas para covid-19 \u00e0 Europa (Foto: Reprodu\u00e7\u00e3o)<\/figcaption>\n\t\t<\/figure>\n\t<\/div>\n\n\n\t<p>\n\t\t<a href=\"https:\/\/lp.suno.com.br\/planilha-controle-gastos\/\" target=\"_blank\" data-element=\"shortcode-suno-banner\" title=\"Banner SUNO, clique e saiba mais\">\n\t\t\t<picture>\n\t\t\t\t<source media=\"(max-width: 500px)\" srcset=\"https:\/\/files.sunoresearch.com.br\/n\/uploads\/2023\/03\/400x300-Planilha-controle-de-gastos.png\">\n\t\t\t\t<img class=\"newsContent__article__imgCapa newsContent__article__imgCapa--banner\"\n\t\t\t\t\tsrc=\"https:\/\/files.sunoresearch.com.br\/n\/uploads\/2023\/03\/1420x240-Planilha-controle-de-gastos.png\"\n\t\t\t\t\tdata-promo-id=\"101751\"\t\t\t\t\t\t\t\t\t\twidth='1420' height='240'\t\t\t\t\talt=\"https:\/\/files.sunoresearch.com.br\/n\/uploads\/2023\/03\/1420x240-Planilha-controle-de-gastos.png\"\n\t\t\t\t>\n\t\t\t<\/picture>\n\t\t<\/a>\n\t<\/p>\n\n\n<p>De acordo com o diretor do Controle e Preven\u00e7\u00e3o de Infec\u00e7\u00f5es noruegu\u00eas, Geir Bukholm, a redu\u00e7\u00e3o significar\u00e1 7.800 doses a menos do que o previsto anteriormente para o pa\u00eds nas pr\u00f3ximas tr\u00eas semanas. A Pfizer n\u00e3o especificou at\u00e9 quando a decis\u00e3o vai durar.<\/p>\n<p>Segundo o comunicado do Instituto, a redu\u00e7\u00e3o ocorre por conta de uma &#8220;reorganiza\u00e7\u00e3o&#8221; ligada ao aumento da <strong>capacidade produtiva da Pfizer<\/strong>.<\/p>\n<p><a href=\"https:\/\/lp.suno.com.br\/suno-one\/\">Suno One: acesse gratuitamente eBooks, Minicursos, Artigos e Video Aulas sobre investimentos com um \u00fanico cadastro. Clique para saber mais!<\/a><\/p>\n<p>&#8220;Assim que essa atualiza\u00e7\u00e3o for conclu\u00edda, eles poder\u00e3o aumentar sua produ\u00e7\u00e3o da vacina dos atuais 1,3 bilh\u00e3o de doses por ano para 2 bilh\u00f5es de doses por ano. A redu\u00e7\u00e3o tempor\u00e1ria da oferta afetar\u00e1 todos os pa\u00edses europeus&#8221;, acrescenta a ag\u00eancia de sa\u00fade norueguesa.<\/p>\n<p>&#8220;Ainda n\u00e3o est\u00e1 claro quanto tempo levar\u00e1 para que a Pfizer atinja a capacidade m\u00e1xima de produ\u00e7\u00e3o novamente&#8221;, diz o comunicado.<\/p>\n<h2>Pfizer diz que far\u00e1 o necess\u00e1rio para cumprir cronograma<\/h2>\n<p>Ainda hoje, a presidente da Comiss\u00e3o Europeia, Ursula Von der Leyen, comentou o an\u00fancio da Pfizer. Segundo ela, em conversa telef\u00f4nica, o <a href=\"https:\/\/www.suno.com.br\/artigos\/ceo\/\">CEO da farmac\u00eautica<\/a>, Albert Bourla, garantiu que a empresa far\u00e1 o que for necess\u00e1rio para evitar atrasos na entrega das doses.<\/p>\n\t<div data-element=\"shortcode-read-more\" class=\"knowMore\">\n\t\t\t\t<span class=\"knowMore__title\">Veja tamb\u00e9m<\/span>\n\t\t\t\t<a class=\"knowMore__link\" href=\"https:\/\/www.suno.com.br\/noticias\/vacina-pfizer-covid-aprovada-fda-eua\/\">\n\t\t\tVacina da Pfizer contra Covid \u00e9 aprovada pela FDA nos Estados Unidos\t\t<\/a>\n\t<\/div>\n\n\n<p>Von der Leyen tamb\u00e9m cobrou repostas da companhia sobre a quantidade de doses que ser\u00e3o entregues. Ela acrescentou que h\u00e1 necessidade m\u00e9dica de que elas sejam distribu\u00eddas a tempo, uma vez que algumas pessoas j\u00e1 receberam a primeira inje\u00e7\u00e3o. &#8220;Estamos enfrentando dificuldades normais&#8221;, caracterizou.<\/p>\n<p>A l\u00edder do bra\u00e7o executivo da <a href=\"https:\/\/www.suno.com.br\/artigos\/uniao-europeia\/\">Uni\u00e3o Europeia (UE)<\/a> disse ainda que espera para o final deste m\u00eas a autoriza\u00e7\u00e3o para o uso emergencial do imunizante desenvolvido pela AstraZeneca, em parceria com a Universidade de Oxford.<\/p>\n\t<p>\n\t\t<a href=\"https:\/\/lp.suno.com.br\/ebook-como-analisar-uma-acao\/\" target=\"_blank\" data-element=\"shortcode-suno-banner\" title=\"Banner SUNO, clique e saiba mais\">\n\t\t\t<picture>\n\t\t\t\t<source media=\"(max-width: 500px)\" srcset=\"https:\/\/files.sunoresearch.com.br\/n\/uploads\/2023\/03\/Ebook-Acoes-Mobile.jpg\">\n\t\t\t\t<img class=\"newsContent__article__imgCapa newsContent__article__imgCapa--banner\"\n\t\t\t\t\tsrc=\"https:\/\/files.sunoresearch.com.br\/n\/uploads\/2023\/03\/Ebook-Acoes-Desktop.jpg\"\n\t\t\t\t\tdata-promo-id=\"378302\"\t\t\t\t\t\t\t\t\t\twidth='1420' height='286'\t\t\t\t\talt=\"https:\/\/files.sunoresearch.com.br\/n\/uploads\/2023\/03\/Ebook-Acoes-Desktop.jpg\"\n\t\t\t\t>\n\t\t\t<\/picture>\n\t\t<\/a>\n\t<\/p>\n\n\n<p>Por volta das 16h, as a\u00e7\u00f5es da <strong>Pfizer<\/strong> nos Estados Unidos operavam em leve queda de 0,16%, a US$ 36,69.<\/p>\n\t<p>\n\t\t<a href=\"https:\/\/lp.suno.com.br\/planilha-de-controle-de-investimentos\/\" target=\"_blank\" data-element=\"shortcode-suno-banner\" title=\"Banner SUNO, clique e saiba mais\">\n\t\t\t<picture>\n\t\t\t\t<source media=\"(max-width: 500px)\" srcset=\"https:\/\/files.sunoresearch.com.br\/n\/uploads\/2023\/03\/400x300-Controle-de-Investimentos.png\">\n\t\t\t\t<img class=\"newsContent__article__imgCapa newsContent__article__imgCapa--banner\"\n\t\t\t\t\tsrc=\"https:\/\/files.sunoresearch.com.br\/n\/uploads\/2023\/03\/1420x240-Controle-de-Investimentos.png\"\n\t\t\t\t\tdata-promo-id=\"75934\"\t\t\t\t\t\t\t\t\t\twidth='1420' height='240'\t\t\t\t\talt=\"https:\/\/files.sunoresearch.com.br\/n\/uploads\/2023\/03\/1420x240-Controle-de-Investimentos.png\"\n\t\t\t\t>\n\t\t\t<\/picture>\n\t\t<\/a>\n\t<\/p>\n\n\n","protected":false},"excerpt":{"rendered":"<p>A farmac\u00eautica norte-americana Pfizer (NYSE: PFE) anunciou nesta sexta-feira (15) que vai diminuir temporariamente, a partir da semana que vem, o fornecimento de sua vacina para a covid-19 a pa\u00edses da Europa, segundo comunicado divulgado no site do Instituto de Sa\u00fade P\u00fablica da Noruega. Pfizer anuncia que reduzir\u00e1 ritmo de fornecimento de vacinas para covid-19 [&hellip;]<\/p>\n","protected":false},"author":35,"featured_media":113768,"comment_status":"closed","ping_status":"closed","sticky":false,"template":"","format":"standard","meta":[],"categories":[63],"tags":[710,884,105286],"suno_strategy":[],"class_list":["post-113718","post","type-post","status-publish","format-standard","has-post-thumbnail","hentry","category-internacional","tag-europa","tag-pfizer-pfiz34","tag-vacina-da-pfizer"],"yoast_head":"<!-- This site is optimized with the Yoast SEO plugin v24.4 - https:\/\/yoast.com\/wordpress\/plugins\/seo\/ -->\n<title>Pfizer diz que reduzir\u00e1 ritmo de fornecimento de vacinas \u00e0 Europa<\/title>\n<meta name=\"description\" content=\"A Pfizer anunciou que vai diminuir temporariamente o fornecimento de sua vacina para a covid-19 \u00e0 Europa. Saiba mais sobre a medida.\" \/>\n<meta name=\"robots\" content=\"index, follow, max-snippet:-1, max-image-preview:large, max-video-preview:-1\" \/>\n<link rel=\"canonical\" href=\"https:\/\/www.suno.com.br\/noticias\/pfizer-reduzira-fornecimento-vacinas-europa\/\" \/>\n<meta property=\"og:locale\" content=\"pt_BR\" \/>\n<meta property=\"og:type\" content=\"article\" \/>\n<meta property=\"og:title\" content=\"Pfizer diz que reduzir\u00e1 ritmo de fornecimento de vacinas \u00e0 Europa\" \/>\n<meta property=\"og:description\" content=\"A Pfizer anunciou que vai diminuir temporariamente o fornecimento de sua vacina para a covid-19 \u00e0 Europa. Saiba mais sobre a medida.\" \/>\n<meta property=\"og:url\" content=\"https:\/\/www.suno.com.br\/noticias\/pfizer-reduzira-fornecimento-vacinas-europa\/\" \/>\n<meta property=\"og:site_name\" content=\"Suno Not\u00edcias\" \/>\n<meta property=\"article:publisher\" content=\"https:\/\/facebook.com\/sunoresearch\" \/>\n<meta property=\"og:image\" content=\"https:\/\/files.sunoresearch.com.br\/n\/uploads\/2021\/01\/7e814489-pfizer.jpg\" \/>\n\t<meta property=\"og:image:width\" content=\"720\" \/>\n\t<meta property=\"og:image:height\" content=\"405\" \/>\n\t<meta property=\"og:image:type\" content=\"image\/jpeg\" \/>\n<meta name=\"author\" content=\"Arthur Guimar\u00e3es\" \/>\n<meta name=\"twitter:card\" content=\"summary_large_image\" \/>\n<meta name=\"twitter:creator\" content=\"@sunoresearch\" \/>\n<meta name=\"twitter:site\" content=\"@sunoresearch\" \/>\n<meta name=\"twitter:label1\" content=\"Escrito por\" \/>\n\t<meta name=\"twitter:data1\" content=\"Arthur Guimar\u00e3es\" \/>\n\t<meta name=\"twitter:label2\" content=\"Est. tempo de leitura\" \/>\n\t<meta name=\"twitter:data2\" content=\"2 minutos\" \/>\n<script type=\"application\/ld+json\" class=\"yoast-schema-graph\">{\"@context\":\"https:\/\/schema.org\",\"@graph\":[{\"@type\":\"NewsArticle\",\"@id\":\"https:\/\/www.suno.com.br\/noticias\/pfizer-reduzira-fornecimento-vacinas-europa\/#article\",\"isPartOf\":{\"@id\":\"https:\/\/www.suno.com.br\/noticias\/pfizer-reduzira-fornecimento-vacinas-europa\/\"},\"author\":{\"name\":\"Arthur Guimar\u00e3es\",\"@id\":\"https:\/\/www.suno.com.br\/noticias\/#\/schema\/person\/053a750a709a263919a20f976caae91c\"},\"headline\":\"Pfizer diz que reduzir\u00e1 ritmo de fornecimento de vacinas \u00e0 Europa\",\"datePublished\":\"2021-01-15T19:07:13+00:00\",\"mainEntityOfPage\":{\"@id\":\"https:\/\/www.suno.com.br\/noticias\/pfizer-reduzira-fornecimento-vacinas-europa\/\"},\"wordCount\":424,\"publisher\":{\"@id\":\"https:\/\/www.suno.com.br\/noticias\/#organization\"},\"image\":{\"@id\":\"https:\/\/www.suno.com.br\/noticias\/pfizer-reduzira-fornecimento-vacinas-europa\/#primaryimage\"},\"thumbnailUrl\":\"https:\/\/files.sunoresearch.com.br\/n\/uploads\/2021\/01\/7e814489-pfizer-jpg.webp\",\"keywords\":[\"Europa\",\"Pfizer (PFIZ34)\",\"vacina da Pfizer\"],\"articleSection\":[\"Internacional\"],\"inLanguage\":\"pt-BR\"},{\"@type\":\"WebPage\",\"@id\":\"https:\/\/www.suno.com.br\/noticias\/pfizer-reduzira-fornecimento-vacinas-europa\/\",\"url\":\"https:\/\/www.suno.com.br\/noticias\/pfizer-reduzira-fornecimento-vacinas-europa\/\",\"name\":\"Pfizer diz que reduzir\u00e1 ritmo de fornecimento de vacinas \u00e0 Europa\",\"isPartOf\":{\"@id\":\"https:\/\/www.suno.com.br\/noticias\/#website\"},\"primaryImageOfPage\":{\"@id\":\"https:\/\/www.suno.com.br\/noticias\/pfizer-reduzira-fornecimento-vacinas-europa\/#primaryimage\"},\"image\":{\"@id\":\"https:\/\/www.suno.com.br\/noticias\/pfizer-reduzira-fornecimento-vacinas-europa\/#primaryimage\"},\"thumbnailUrl\":\"https:\/\/files.sunoresearch.com.br\/n\/uploads\/2021\/01\/7e814489-pfizer-jpg.webp\",\"datePublished\":\"2021-01-15T19:07:13+00:00\",\"description\":\"A Pfizer anunciou que vai diminuir temporariamente o fornecimento de sua vacina para a covid-19 \u00e0 Europa. Saiba mais sobre a medida.\",\"breadcrumb\":{\"@id\":\"https:\/\/www.suno.com.br\/noticias\/pfizer-reduzira-fornecimento-vacinas-europa\/#breadcrumb\"},\"inLanguage\":\"pt-BR\",\"potentialAction\":[{\"@type\":\"ReadAction\",\"target\":[\"https:\/\/www.suno.com.br\/noticias\/pfizer-reduzira-fornecimento-vacinas-europa\/\"]}]},{\"@type\":\"ImageObject\",\"inLanguage\":\"pt-BR\",\"@id\":\"https:\/\/www.suno.com.br\/noticias\/pfizer-reduzira-fornecimento-vacinas-europa\/#primaryimage\",\"url\":\"https:\/\/files.sunoresearch.com.br\/n\/uploads\/2021\/01\/7e814489-pfizer-jpg.webp\",\"contentUrl\":\"https:\/\/files.sunoresearch.com.br\/n\/uploads\/2021\/01\/7e814489-pfizer-jpg.webp\",\"width\":720,\"height\":405,\"caption\":\"Pfizer anuncia que reduzir\u00e1 ritmo de fornecimento de vacinas para covid-19 \u00e0 Europa (Foto: Reprodu\u00e7\u00e3o)\"},{\"@type\":\"BreadcrumbList\",\"@id\":\"https:\/\/www.suno.com.br\/noticias\/pfizer-reduzira-fornecimento-vacinas-europa\/#breadcrumb\",\"itemListElement\":[{\"@type\":\"ListItem\",\"position\":1,\"name\":\"Not\u00edcias\",\"item\":\"https:\/\/www.suno.com.br\/noticias\/\"},{\"@type\":\"ListItem\",\"position\":2,\"name\":\"Internacional\",\"item\":\"https:\/\/www.suno.com.br\/noticias\/internacional\/\"},{\"@type\":\"ListItem\",\"position\":3,\"name\":\"Pfizer diz que reduzir\u00e1 ritmo de fornecimento de vacinas \u00e0 Europa\"}]},{\"@type\":\"WebSite\",\"@id\":\"https:\/\/www.suno.com.br\/noticias\/#website\",\"url\":\"https:\/\/www.suno.com.br\/noticias\/\",\"name\":\"Suno Not\u00edcias\",\"description\":\"Seu portal de informa\u00e7\u00e3o sobre o mundo dos investimentos\",\"publisher\":{\"@id\":\"https:\/\/www.suno.com.br\/noticias\/#organization\"},\"potentialAction\":[{\"@type\":\"SearchAction\",\"target\":{\"@type\":\"EntryPoint\",\"urlTemplate\":\"https:\/\/www.suno.com.br\/noticias\/?s={search_term_string}\"},\"query-input\":{\"@type\":\"PropertyValueSpecification\",\"valueRequired\":true,\"valueName\":\"search_term_string\"}}],\"inLanguage\":\"pt-BR\"},{\"@type\":\"Organization\",\"@id\":\"https:\/\/www.suno.com.br\/noticias\/#organization\",\"name\":\"Suno Not\u00edcias\",\"url\":\"https:\/\/www.suno.com.br\/noticias\/\",\"logo\":{\"@type\":\"ImageObject\",\"inLanguage\":\"pt-BR\",\"@id\":\"https:\/\/www.suno.com.br\/noticias\/#\/schema\/logo\/image\/\",\"url\":\"https:\/\/files.sunoresearch.com.br\/n\/uploads\/2021\/09\/suno-logo.png\",\"contentUrl\":\"https:\/\/files.sunoresearch.com.br\/n\/uploads\/2021\/09\/suno-logo.png\",\"width\":180,\"height\":180,\"caption\":\"Suno Not\u00edcias\"},\"image\":{\"@id\":\"https:\/\/www.suno.com.br\/noticias\/#\/schema\/logo\/image\/\"},\"sameAs\":[\"https:\/\/facebook.com\/sunoresearch\",\"https:\/\/x.com\/sunoresearch\",\"https:\/\/www.instagram.com\/suno\",\"https:\/\/www.linkedin.com\/company\/suno-research\/\",\"https:\/\/www.youtube.com\/c\/sunoresearch\"]},{\"@type\":\"Person\",\"@id\":\"https:\/\/www.suno.com.br\/noticias\/#\/schema\/person\/053a750a709a263919a20f976caae91c\",\"name\":\"Arthur Guimar\u00e3es\",\"image\":{\"@type\":\"ImageObject\",\"inLanguage\":\"pt-BR\",\"@id\":\"https:\/\/www.suno.com.br\/noticias\/#\/schema\/person\/image\/\",\"url\":\"https:\/\/secure.gravatar.com\/avatar\/1affd86a11209ae09eb6dd3bcad3e96c?s=96&r=g\",\"contentUrl\":\"https:\/\/secure.gravatar.com\/avatar\/1affd86a11209ae09eb6dd3bcad3e96c?s=96&r=g\",\"caption\":\"Arthur Guimar\u00e3es\"},\"description\":\"Arthur Guimar\u00e3es escreve sobre pol\u00edtica, economia e neg\u00f3cios para o portal de not\u00edcias da Suno Research. Atualmente, \u00e9 estudante de jornalismo pela Faculdade C\u00e1sper L\u00edbero.\",\"url\":\"https:\/\/www.suno.com.br\/noticias\/author\/arthur-guimaraes\/\"}]}<\/script>\n<!-- \/ Yoast SEO plugin. -->","yoast_head_json":{"title":"Pfizer diz que reduzir\u00e1 ritmo de fornecimento de vacinas \u00e0 Europa","description":"A Pfizer anunciou que vai diminuir temporariamente o fornecimento de sua vacina para a covid-19 \u00e0 Europa. Saiba mais sobre a medida.","robots":{"index":"index","follow":"follow","max-snippet":"max-snippet:-1","max-image-preview":"max-image-preview:large","max-video-preview":"max-video-preview:-1"},"canonical":"https:\/\/www.suno.com.br\/noticias\/pfizer-reduzira-fornecimento-vacinas-europa\/","og_locale":"pt_BR","og_type":"article","og_title":"Pfizer diz que reduzir\u00e1 ritmo de fornecimento de vacinas \u00e0 Europa","og_description":"A Pfizer anunciou que vai diminuir temporariamente o fornecimento de sua vacina para a covid-19 \u00e0 Europa. Saiba mais sobre a medida.","og_url":"https:\/\/www.suno.com.br\/noticias\/pfizer-reduzira-fornecimento-vacinas-europa\/","og_site_name":"Suno Not\u00edcias","article_publisher":"https:\/\/facebook.com\/sunoresearch","og_image":[{"width":720,"height":405,"url":"https:\/\/files.sunoresearch.com.br\/n\/uploads\/2021\/01\/7e814489-pfizer.jpg","type":"image\/jpeg"}],"author":"Arthur Guimar\u00e3es","twitter_card":"summary_large_image","twitter_creator":"@sunoresearch","twitter_site":"@sunoresearch","twitter_misc":{"Escrito por":"Arthur Guimar\u00e3es","Est. tempo de leitura":"2 minutos"},"schema":{"@context":"https:\/\/schema.org","@graph":[{"@type":"NewsArticle","@id":"https:\/\/www.suno.com.br\/noticias\/pfizer-reduzira-fornecimento-vacinas-europa\/#article","isPartOf":{"@id":"https:\/\/www.suno.com.br\/noticias\/pfizer-reduzira-fornecimento-vacinas-europa\/"},"author":{"name":"Arthur Guimar\u00e3es","@id":"https:\/\/www.suno.com.br\/noticias\/#\/schema\/person\/053a750a709a263919a20f976caae91c"},"headline":"Pfizer diz que reduzir\u00e1 ritmo de fornecimento de vacinas \u00e0 Europa","datePublished":"2021-01-15T19:07:13+00:00","mainEntityOfPage":{"@id":"https:\/\/www.suno.com.br\/noticias\/pfizer-reduzira-fornecimento-vacinas-europa\/"},"wordCount":424,"publisher":{"@id":"https:\/\/www.suno.com.br\/noticias\/#organization"},"image":{"@id":"https:\/\/www.suno.com.br\/noticias\/pfizer-reduzira-fornecimento-vacinas-europa\/#primaryimage"},"thumbnailUrl":"https:\/\/files.sunoresearch.com.br\/n\/uploads\/2021\/01\/7e814489-pfizer-jpg.webp","keywords":["Europa","Pfizer (PFIZ34)","vacina da Pfizer"],"articleSection":["Internacional"],"inLanguage":"pt-BR"},{"@type":"WebPage","@id":"https:\/\/www.suno.com.br\/noticias\/pfizer-reduzira-fornecimento-vacinas-europa\/","url":"https:\/\/www.suno.com.br\/noticias\/pfizer-reduzira-fornecimento-vacinas-europa\/","name":"Pfizer diz que reduzir\u00e1 ritmo de fornecimento de vacinas \u00e0 Europa","isPartOf":{"@id":"https:\/\/www.suno.com.br\/noticias\/#website"},"primaryImageOfPage":{"@id":"https:\/\/www.suno.com.br\/noticias\/pfizer-reduzira-fornecimento-vacinas-europa\/#primaryimage"},"image":{"@id":"https:\/\/www.suno.com.br\/noticias\/pfizer-reduzira-fornecimento-vacinas-europa\/#primaryimage"},"thumbnailUrl":"https:\/\/files.sunoresearch.com.br\/n\/uploads\/2021\/01\/7e814489-pfizer-jpg.webp","datePublished":"2021-01-15T19:07:13+00:00","description":"A Pfizer anunciou que vai diminuir temporariamente o fornecimento de sua vacina para a covid-19 \u00e0 Europa. Saiba mais sobre a medida.","breadcrumb":{"@id":"https:\/\/www.suno.com.br\/noticias\/pfizer-reduzira-fornecimento-vacinas-europa\/#breadcrumb"},"inLanguage":"pt-BR","potentialAction":[{"@type":"ReadAction","target":["https:\/\/www.suno.com.br\/noticias\/pfizer-reduzira-fornecimento-vacinas-europa\/"]}]},{"@type":"ImageObject","inLanguage":"pt-BR","@id":"https:\/\/www.suno.com.br\/noticias\/pfizer-reduzira-fornecimento-vacinas-europa\/#primaryimage","url":"https:\/\/files.sunoresearch.com.br\/n\/uploads\/2021\/01\/7e814489-pfizer-jpg.webp","contentUrl":"https:\/\/files.sunoresearch.com.br\/n\/uploads\/2021\/01\/7e814489-pfizer-jpg.webp","width":720,"height":405,"caption":"Pfizer anuncia que reduzir\u00e1 ritmo de fornecimento de vacinas para covid-19 \u00e0 Europa (Foto: Reprodu\u00e7\u00e3o)"},{"@type":"BreadcrumbList","@id":"https:\/\/www.suno.com.br\/noticias\/pfizer-reduzira-fornecimento-vacinas-europa\/#breadcrumb","itemListElement":[{"@type":"ListItem","position":1,"name":"Not\u00edcias","item":"https:\/\/www.suno.com.br\/noticias\/"},{"@type":"ListItem","position":2,"name":"Internacional","item":"https:\/\/www.suno.com.br\/noticias\/internacional\/"},{"@type":"ListItem","position":3,"name":"Pfizer diz que reduzir\u00e1 ritmo de fornecimento de vacinas \u00e0 Europa"}]},{"@type":"WebSite","@id":"https:\/\/www.suno.com.br\/noticias\/#website","url":"https:\/\/www.suno.com.br\/noticias\/","name":"Suno Not\u00edcias","description":"Seu portal de informa\u00e7\u00e3o sobre o mundo dos investimentos","publisher":{"@id":"https:\/\/www.suno.com.br\/noticias\/#organization"},"potentialAction":[{"@type":"SearchAction","target":{"@type":"EntryPoint","urlTemplate":"https:\/\/www.suno.com.br\/noticias\/?s={search_term_string}"},"query-input":{"@type":"PropertyValueSpecification","valueRequired":true,"valueName":"search_term_string"}}],"inLanguage":"pt-BR"},{"@type":"Organization","@id":"https:\/\/www.suno.com.br\/noticias\/#organization","name":"Suno Not\u00edcias","url":"https:\/\/www.suno.com.br\/noticias\/","logo":{"@type":"ImageObject","inLanguage":"pt-BR","@id":"https:\/\/www.suno.com.br\/noticias\/#\/schema\/logo\/image\/","url":"https:\/\/files.sunoresearch.com.br\/n\/uploads\/2021\/09\/suno-logo.png","contentUrl":"https:\/\/files.sunoresearch.com.br\/n\/uploads\/2021\/09\/suno-logo.png","width":180,"height":180,"caption":"Suno Not\u00edcias"},"image":{"@id":"https:\/\/www.suno.com.br\/noticias\/#\/schema\/logo\/image\/"},"sameAs":["https:\/\/facebook.com\/sunoresearch","https:\/\/x.com\/sunoresearch","https:\/\/www.instagram.com\/suno","https:\/\/www.linkedin.com\/company\/suno-research\/","https:\/\/www.youtube.com\/c\/sunoresearch"]},{"@type":"Person","@id":"https:\/\/www.suno.com.br\/noticias\/#\/schema\/person\/053a750a709a263919a20f976caae91c","name":"Arthur Guimar\u00e3es","image":{"@type":"ImageObject","inLanguage":"pt-BR","@id":"https:\/\/www.suno.com.br\/noticias\/#\/schema\/person\/image\/","url":"https:\/\/secure.gravatar.com\/avatar\/1affd86a11209ae09eb6dd3bcad3e96c?s=96&r=g","contentUrl":"https:\/\/secure.gravatar.com\/avatar\/1affd86a11209ae09eb6dd3bcad3e96c?s=96&r=g","caption":"Arthur Guimar\u00e3es"},"description":"Arthur Guimar\u00e3es escreve sobre pol\u00edtica, economia e neg\u00f3cios para o portal de not\u00edcias da Suno Research. Atualmente, \u00e9 estudante de jornalismo pela Faculdade C\u00e1sper L\u00edbero.","url":"https:\/\/www.suno.com.br\/noticias\/author\/arthur-guimaraes\/"}]}},"default_loop_html":"<div class=\"cardsPage__listCard__boxs\"><div class=\"cardsPage__listCard__boxs__img\"><a href=\"https:\/\/www.suno.com.br\/noticias\/pfizer-reduzira-fornecimento-vacinas-europa\/\"><img class=\"mask\" src=\"https:\/\/www.suno.com.br\/noticias\/wp-content\/themes\/suno\/resources\/images\/spotlight\/spotlight1img\/bg-mask.png\" alt=\"Image Mask\"\/><img src=\"https:\/\/files.sunoresearch.com.br\/n\/uploads\/2021\/01\/7e814489-pfizer-400x200.webp\" alt=\"Pfizer diz que reduzir\u00e1 ritmo de fornecimento de vacinas \u00e0 Europa\"\/><\/a><span class=\"spotlightCategory\"><a href=\"https:\/\/www.suno.com.br\/noticias\/internacional\/\">Internacional<\/a><\/span><\/div><div class=\"cardsPage__listCard__boxs__content\"><a href=\"https:\/\/www.suno.com.br\/noticias\/pfizer-reduzira-fornecimento-vacinas-europa\/\"><h2 class=\"content__title\">Pfizer diz que reduzir\u00e1 ritmo de fornecimento de vacinas \u00e0 Europa<\/h2><\/a><div class=\"newsContent__article__meta\"><div class=\"newsContent__article__meta__authorBox\"><a href=\"https:\/\/www.suno.com.br\/noticias\/author\/arthur-guimaraes\/\" class=\"authorBox__avatar noMobi\"><img src=\"https:\/\/files.sunoresearch.com.br\/n\/uploads\/2020\/02\/dfb40897-eu-150x150.webp\" alt=\"Arthur Guimar\u00e3es\"><\/a><div class=\"authorBox__name\"><span>por\n\t\t\t<a href=\"https:\/\/www.suno.com.br\/noticias\/author\/arthur-guimaraes\/\"><span itemprop=\"author\">Arthur Guimar\u00e3es<\/span><\/a><\/span><time datetime=\"2021-01-15T16:07:13-03:00\" itemprop=\"datePublished\">15\/01\/2021 16:07<\/time><\/div><\/div><\/div><\/div><\/div>","single_layout":"posts","amp_enabled":true,"_links":{"self":[{"href":"https:\/\/www.suno.com.br\/noticias\/wp-json\/wp\/v2\/posts\/113718"}],"collection":[{"href":"https:\/\/www.suno.com.br\/noticias\/wp-json\/wp\/v2\/posts"}],"about":[{"href":"https:\/\/www.suno.com.br\/noticias\/wp-json\/wp\/v2\/types\/post"}],"author":[{"embeddable":true,"href":"https:\/\/www.suno.com.br\/noticias\/wp-json\/wp\/v2\/users\/35"}],"replies":[{"embeddable":true,"href":"https:\/\/www.suno.com.br\/noticias\/wp-json\/wp\/v2\/comments?post=113718"}],"version-history":[{"count":0,"href":"https:\/\/www.suno.com.br\/noticias\/wp-json\/wp\/v2\/posts\/113718\/revisions"}],"wp:featuredmedia":[{"embeddable":true,"href":"https:\/\/www.suno.com.br\/noticias\/wp-json\/wp\/v2\/media\/113768"}],"wp:attachment":[{"href":"https:\/\/www.suno.com.br\/noticias\/wp-json\/wp\/v2\/media?parent=113718"}],"wp:term":[{"taxonomy":"category","embeddable":true,"href":"https:\/\/www.suno.com.br\/noticias\/wp-json\/wp\/v2\/categories?post=113718"},{"taxonomy":"post_tag","embeddable":true,"href":"https:\/\/www.suno.com.br\/noticias\/wp-json\/wp\/v2\/tags?post=113718"},{"taxonomy":"suno_strategy","embeddable":true,"href":"https:\/\/www.suno.com.br\/noticias\/wp-json\/wp\/v2\/suno_strategy?post=113718"}],"curies":[{"name":"wp","href":"https:\/\/api.w.org\/{rel}","templated":true}]}}