{"id":113640,"date":"2021-01-15T10:30:10","date_gmt":"2021-01-15T13:30:10","guid":{"rendered":"https:\/\/www.suno.com.br\/noticias\/?p=113640"},"modified":"2021-06-13T23:27:51","modified_gmt":"2021-06-14T02:27:51","slug":"ibovespa-coronavirus-estimulos-biden-estados-unidos-15012021","status":"publish","type":"post","link":"https:\/\/www.suno.com.br\/noticias\/ibovespa-coronavirus-estimulos-biden-estados-unidos-15012021\/","title":{"rendered":"Ibovespa recua com avan\u00e7o do coronav\u00edrus e d\u00favidas sobre os est\u00edmulos"},"content":{"rendered":"<p>O <strong>Ibovespa<\/strong> opera em queda ap\u00f3s a abertura nesta sexta-feira (15), atento ao avan\u00e7o da pandemia do <a href=\"https:\/\/www.suno.com.br\/noticias\/search\/coronav%C3%ADrus\">novo coronav\u00edrus (Covid-19)<\/a> no Brasil e no mundo, al\u00e9m de d\u00favidas acerca do pacote de est\u00edmulos trilion\u00e1rio anunciado pelo presidente eleito Joe Biden.<\/p>\t<div class=\"wrapper-featured-image\">\n\t\t<figure class=\"spotlightImg\">\n\n\t\t\t<picture>\n\t\t\t\t<source media=\"(max-width: 768px)\" srcset=\"https:\/\/files.sunoresearch.com.br\/n\/uploads\/2020\/04\/0a2720f7-ibovespa-5-400x200.webp\">\n\t\t\t\t<img loading=\"lazy\" decoding=\"async\" class=\"newsContent__article__imgCapa lazyloadDisabled \" src=\"https:\/\/files.sunoresearch.com.br\/n\/uploads\/2020\/04\/0a2720f7-ibovespa-5-800x450.webp\" width=\"800\" height=\"450\" alt=\"Ibovespa recua com avan\u00e7o do coronav\u00edrus e d\u00favidas sobre os est\u00edmulos\" fetchpriority=high \/>\n\t\t\t<\/picture>\n\n\t\t\t<figcaption class=\"wp-caption-text wp-caption-text--show\">O Ibovespa abriu de forma est\u00e1vel nesta quarta-feira (10), procurando reverter a sequ\u00eancia de tr\u00eas preg\u00f5es no vermelho.<\/figcaption>\n\t\t<\/figure>\n\t<\/div>\n\n\n\t<p>\n\t\t<a href=\"https:\/\/lp.suno.com.br\/planilha-controle-gastos\/\" target=\"_blank\" data-element=\"shortcode-suno-banner\" title=\"Banner SUNO, clique e saiba mais\">\n\t\t\t<picture>\n\t\t\t\t<source media=\"(max-width: 500px)\" srcset=\"https:\/\/files.sunoresearch.com.br\/n\/uploads\/2023\/03\/400x300-Planilha-controle-de-gastos.png\">\n\t\t\t\t<img class=\"newsContent__article__imgCapa newsContent__article__imgCapa--banner\"\n\t\t\t\t\tsrc=\"https:\/\/files.sunoresearch.com.br\/n\/uploads\/2023\/03\/1420x240-Planilha-controle-de-gastos.png\"\n\t\t\t\t\tdata-promo-id=\"101751\"\t\t\t\t\t\t\t\t\t\twidth='1420' height='240'\t\t\t\t\talt=\"https:\/\/files.sunoresearch.com.br\/n\/uploads\/2023\/03\/1420x240-Planilha-controle-de-gastos.png\"\n\t\t\t\t>\n\t\t\t<\/picture>\n\t\t<\/a>\n\t<\/p>\n\n\n<p>Por volta das 10h25, o Ibovespa recuava 0,99%, a 122.260,37 pontos. O chamado &#8220;Plano de Resgate Americano&#8221; prev\u00ea a <a href=\"https:\/\/www.suno.com.br\/noticias\/joe-biden-pacote-alivio-19-tri\/\">utiliza\u00e7\u00e3o de US$ 1,9 trilh\u00e3o para sustentar fam\u00edlias e reativar a economia<\/a>, conforme anunciado por Biden na \u00faltima quinta-feira (14).<\/p>\n<p>O plano conta com US$ 400 bilh\u00f5es para conter o a dissemina\u00e7\u00e3o da pandemia e acelerar a abertura econ\u00f4mica, assim como US$ 1.400 em pagamentos adicionais por pessoa na maioria das fam\u00edlias do pa\u00eds, como forma de um est\u00edmulo direto. <strong>Joe Biden<\/strong> tamb\u00e9m prop\u00f4s um seguro-desemprego de US$ 400 por semana at\u00e9 setembro, f\u00e9rias remuneradas ampliadas e aumento no cr\u00e9dito tribut\u00e1rio infantil.<\/p>\n<p><a href=\"https:\/\/lp.suno.com.br\/suno-one\/\"><span style=\"font-weight: 400;\">Suno One: acesse gratuitamente eBooks, Minicursos, Artigos e Video Aulas sobre investimentos com um \u00fanico cadastro. Clique para saber mais!<\/span><\/a><\/p>\n<p>\u201cEu sei que o que eu acabei de descrever n\u00e3o custar\u00e1 pouco, mas deixar de agir vai nos custar imensamente. O consenso entre economistas importantes \u00e9 de que n\u00f3s simplesmente n\u00e3o podemos arcar com os custos de n\u00e3o fazer o que estou propondo\u201d, afirmou Biden.<\/p>\n<p>O anterior otimismo com o novo plano, por\u00e9m, deu espa\u00e7o para a preocupa\u00e7\u00e3o ap\u00f3s a percep\u00e7\u00e3o de que o pacote pode sofrer entraves no Congresso, assim como a possibilidade de que alguns impostos possam ser elevados. \u00c9 poss\u00edvel que o montante seja flexibilizado para passar pelos congressistas, mesmo com os democratas dominando as Casas legislativas norte-americanas.<\/p>\n<p>Os investidores tamb\u00e9m temem por um avan\u00e7o cada vez maior da pandemia. Na <strong>Europa<\/strong>, pa\u00edses como Reino Unido e Alemanha j\u00e1 retomaram os <em>lockdowns<\/em> do ano passado a fim de estancar maiores contamina\u00e7\u00f5es.<\/p>\n\t<p>\n\t\t<a href=\"https:\/\/lp.suno.com.br\/ebook-como-analisar-uma-acao\/\" target=\"_blank\" data-element=\"shortcode-suno-banner\" title=\"Banner SUNO, clique e saiba mais\">\n\t\t\t<picture>\n\t\t\t\t<source media=\"(max-width: 500px)\" srcset=\"https:\/\/files.sunoresearch.com.br\/n\/uploads\/2023\/03\/Ebook-Acoes-Mobile.jpg\">\n\t\t\t\t<img class=\"newsContent__article__imgCapa newsContent__article__imgCapa--banner\"\n\t\t\t\t\tsrc=\"https:\/\/files.sunoresearch.com.br\/n\/uploads\/2023\/03\/Ebook-Acoes-Desktop.jpg\"\n\t\t\t\t\tdata-promo-id=\"378302\"\t\t\t\t\t\t\t\t\t\twidth='1420' height='286'\t\t\t\t\talt=\"https:\/\/files.sunoresearch.com.br\/n\/uploads\/2023\/03\/Ebook-Acoes-Desktop.jpg\"\n\t\t\t\t>\n\t\t\t<\/picture>\n\t\t<\/a>\n\t<\/p>\n\n\n<p>No <strong>Brasil<\/strong>, embora o minsitro da Sa\u00fade, general Eduardo Pazuello, tenha dito que a vacina\u00e7\u00e3o pode come\u00e7ar na pr\u00f3xima quarta-feira (20) se a Anvisa aprovar os imunizantes at\u00e9 domingo, chama aten\u00e7\u00e3o o colapso do sistema de sa\u00fade em Manaus. Existem 480 pessoas esperando por leitos na capital amazonense. Em live, o presidente <strong>Jair Bolsonaro<\/strong> disse que \u201cest\u00e1 complicada a situa\u00e7\u00e3o l\u00e1\u201d.<\/p>\n<p>No front econ\u00f4mico, chamou aten\u00e7\u00e3o negativamente o <a href=\"https:\/\/www.suno.com.br\/noticias\/vendas-no-varejo-novembro-ibge\/\">resultado das<strong> vendas de varejo<\/strong> de novembro<\/a> de 2020, conforme divulga\u00e7\u00e3o do Instituto Brasileiro de Geografia e Estat\u00edstica (<strong>IBGE<\/strong>). Em novembro, o setor caiu 0,1%, enquanto a expectativa de economistas era por um crescimento de 0,3%.<\/p>\n\t<div data-element=\"shortcode-read-more\" class=\"knowMore\">\n\t\t\t\t<span class=\"knowMore__title\">Leia tamb\u00e9m<\/span>\n\t\t\t\t<a class=\"knowMore__link\" href=\"https:\/\/www.suno.com.br\/noticias\/bolsas-mundiais-ny-europa-asia-15012021\/\">\n\t\t\tBolsas mundiais recuam ap\u00f3s Biden detalhar novo pacote de est\u00edmulos\t\t<\/a>\n\t<\/div>\n\n\n<p>No mercado de commodities, o barril de <a href=\"https:\/\/www.suno.com.br\/artigos\/cotacao-do-petroleo\/\"><strong>petr\u00f3leo Brent<\/strong> <\/a>opera em baixa no mercado futuro, com queda de 1,44%, a US$ 55,61. O min\u00e9rio de ferro recuou na Bolsa de Dalian, na China, com baixa de 0,66%, cotado a 1.050 iuanes por tonelada, equivalente a US$ 162,17.<\/p>\n<h2>Destaques do Ibovespa<\/h2>\n<p>Confira as maiores altas e as maiores baixas entre as empresas que fazem parte do Ibovespa, por volta das 10h30:<\/p>\n<ul>\n<li><a href=\"https:\/\/www.suno.com.br\/acoes\/jhsf3\/\">JHSF (JHSF3)<\/a>: +2,87%<\/li>\n<li><a href=\"https:\/\/www.suno.com.br\/acoes\/suzb3\/\">Suzano (SUZB3)<\/a>: +1,66%<\/li>\n<li><a href=\"https:\/\/www.suno.com.br\/acoes\/wege3\/\">Weg (WEGE3)<\/a>: +0,69%<\/li>\n<li><a href=\"https:\/\/www.suno.com.br\/acoes\/klbn11\/\">Klabin (KLBN11)<\/a>: +0,69%<\/li>\n<\/ul>\n<p>&nbsp;<\/p>\n<ul>\n<li><a href=\"https:\/\/www.suno.com.br\/acoes\/igta3\/\">Iguatemi (IGTA3)<\/a>: -2,25%<\/li>\n<li><a href=\"https:\/\/www.suno.com.br\/acoes\/ccro3\/\">CCR (CCRO3)<\/a>: -2,43%<\/li>\n<li><a href=\"https:\/\/www.suno.com.br\/acoes\/lcam3\/\">Unidas (LCAM3)<\/a>: -2,45%<\/li>\n<li><a href=\"https:\/\/www.suno.com.br\/acoes\/crfb3\/\">Carrefour (CRFB3)<\/a>: -2,72%<\/li>\n<\/ul>\n<h2>Mercados internacionais<\/h2>\n<p>Veja o desempenho dos principais \u00edndices acion\u00e1rios no exterior, al\u00e9m do <strong>Ibovespa agora<\/strong>:<\/p>\n<ul>\n<li>Nova York (<a href=\"https:\/\/www.suno.com.br\/artigos\/sp-500\/\">S&amp;P 500<\/a>) futuro: -0,31%<\/li>\n<li>Londres (<a href=\"https:\/\/www.suno.com.br\/artigos\/ftse-100\/\">FTSE 100<\/a>): -0,75%<\/li>\n<li>Frankfurt (<a href=\"https:\/\/www.suno.com.br\/artigos\/dax-30\/\">DAX 30)<\/a>: -0,76%<\/li>\n<li>Paris (<a href=\"https:\/\/www.suno.com.br\/artigos\/cac-40\/\">CAC 40<\/a>): -1,08%<\/li>\n<li>Mil\u00e3o (FTSE\/MIB): -0,29%<\/li>\n<li>Hong Kong (<a href=\"https:\/\/www.suno.com.br\/artigos\/hang-seng\/\">Hang Seng<\/a>): +0,27% (fechada)<\/li>\n<li>Xangai (SSE Composite): -0,03% (fechada)<\/li>\n<li>T\u00f3quio (<a href=\"https:\/\/www.suno.com.br\/artigos\/nikkei-225\/\">Nikkei 225<\/a>): -0,62% (fechada)<\/li>\n<\/ul>\n<h2>\u00daltima cota\u00e7\u00e3o do Ibovespa<\/h2>\n<p>De forma distinta ao <strong>Ibovespa hoje<\/strong>, o \u00edndice acion\u00e1rio encerrou as negocia\u00e7\u00f5es na \u00faltima quinta-feira com uma alta de 1,27%, a 123.480,52 pontos.<\/p>\n\t<p>\n\t\t<a href=\"https:\/\/lp.suno.com.br\/planilha-de-controle-de-investimentos\/\" target=\"_blank\" data-element=\"shortcode-suno-banner\" title=\"Banner SUNO, clique e saiba mais\">\n\t\t\t<picture>\n\t\t\t\t<source media=\"(max-width: 500px)\" srcset=\"https:\/\/files.sunoresearch.com.br\/n\/uploads\/2023\/03\/400x300-Controle-de-Investimentos.png\">\n\t\t\t\t<img class=\"newsContent__article__imgCapa newsContent__article__imgCapa--banner\"\n\t\t\t\t\tsrc=\"https:\/\/files.sunoresearch.com.br\/n\/uploads\/2023\/03\/1420x240-Controle-de-Investimentos.png\"\n\t\t\t\t\tdata-promo-id=\"75934\"\t\t\t\t\t\t\t\t\t\twidth='1420' height='240'\t\t\t\t\talt=\"https:\/\/files.sunoresearch.com.br\/n\/uploads\/2023\/03\/1420x240-Controle-de-Investimentos.png\"\n\t\t\t\t>\n\t\t\t<\/picture>\n\t\t<\/a>\n\t<\/p>\n\n\n","protected":false},"excerpt":{"rendered":"<p>O Ibovespa opera em queda ap\u00f3s a abertura nesta sexta-feira (15), atento ao avan\u00e7o da pandemia do novo coronav\u00edrus (Covid-19) no Brasil e no mundo, al\u00e9m de d\u00favidas acerca do pacote de est\u00edmulos trilion\u00e1rio anunciado pelo presidente eleito Joe Biden. O Ibovespa abriu de forma est\u00e1vel nesta quarta-feira (10), procurando reverter a sequ\u00eancia de tr\u00eas [&hellip;]<\/p>\n","protected":false},"author":24,"featured_media":63056,"comment_status":"closed","ping_status":"closed","sticky":false,"template":"","format":"standard","meta":[],"categories":[60],"tags":[2487,793,821,721,719,73481,803],"suno_strategy":[],"class_list":["post-113640","post","type-post","status-publish","format-standard","has-post-thumbnail","hentry","category-mercado","tag-coronavirus","tag-estados-unidos-eua","tag-ibge","tag-ibovespa","tag-jair-bolsonaro","tag-joe-biden","tag-varejo"],"yoast_head":"<!-- This site is optimized with the Yoast SEO plugin v24.4 - https:\/\/yoast.com\/wordpress\/plugins\/seo\/ -->\n<title>Ibovespa recua com avan\u00e7o do coronav\u00edrus e d\u00favidas sobre os est\u00edmulos<\/title>\n<meta name=\"description\" content=\"O Ibovespa opera em queda nesta sexta, atento ao avan\u00e7o da pandemia do novo coronav\u00edrus e ao pacote de est\u00edmulos de Biden. Saiba mais.\" \/>\n<meta name=\"robots\" content=\"index, follow, max-snippet:-1, max-image-preview:large, max-video-preview:-1\" \/>\n<link rel=\"canonical\" href=\"https:\/\/www.suno.com.br\/noticias\/ibovespa-coronavirus-estimulos-biden-estados-unidos-15012021\/\" \/>\n<meta property=\"og:locale\" content=\"pt_BR\" \/>\n<meta property=\"og:type\" content=\"article\" \/>\n<meta property=\"og:title\" content=\"Ibovespa recua com avan\u00e7o do coronav\u00edrus e d\u00favidas sobre os est\u00edmulos\" \/>\n<meta property=\"og:description\" content=\"O Ibovespa opera em queda nesta sexta, atento ao avan\u00e7o da pandemia do novo coronav\u00edrus e ao pacote de est\u00edmulos de Biden. Saiba mais.\" \/>\n<meta property=\"og:url\" content=\"https:\/\/www.suno.com.br\/noticias\/ibovespa-coronavirus-estimulos-biden-estados-unidos-15012021\/\" \/>\n<meta property=\"og:site_name\" content=\"Suno Not\u00edcias\" \/>\n<meta property=\"article:publisher\" content=\"https:\/\/facebook.com\/sunoresearch\" \/>\n<meta property=\"og:image\" content=\"https:\/\/files.sunoresearch.com.br\/n\/uploads\/2020\/04\/0a2720f7-ibovespa-5.jpg\" \/>\n\t<meta property=\"og:image:width\" content=\"2045\" \/>\n\t<meta property=\"og:image:height\" content=\"1194\" \/>\n\t<meta property=\"og:image:type\" content=\"image\/jpeg\" \/>\n<meta name=\"author\" content=\"Jader Lazarini\" \/>\n<meta name=\"twitter:card\" content=\"summary_large_image\" \/>\n<meta name=\"twitter:creator\" content=\"@sunoresearch\" \/>\n<meta name=\"twitter:site\" content=\"@sunoresearch\" \/>\n<meta name=\"twitter:label1\" content=\"Escrito por\" \/>\n\t<meta name=\"twitter:data1\" content=\"Jader Lazarini\" \/>\n\t<meta name=\"twitter:label2\" content=\"Est. tempo de leitura\" \/>\n\t<meta name=\"twitter:data2\" content=\"3 minutos\" \/>\n<script type=\"application\/ld+json\" class=\"yoast-schema-graph\">{\"@context\":\"https:\/\/schema.org\",\"@graph\":[{\"@type\":\"NewsArticle\",\"@id\":\"https:\/\/www.suno.com.br\/noticias\/ibovespa-coronavirus-estimulos-biden-estados-unidos-15012021\/#article\",\"isPartOf\":{\"@id\":\"https:\/\/www.suno.com.br\/noticias\/ibovespa-coronavirus-estimulos-biden-estados-unidos-15012021\/\"},\"author\":{\"name\":\"Jader Lazarini\",\"@id\":\"https:\/\/www.suno.com.br\/noticias\/#\/schema\/person\/918d79de1f0281f01599b93f9ea6e23f\"},\"headline\":\"Ibovespa recua com avan\u00e7o do coronav\u00edrus e d\u00favidas sobre os est\u00edmulos\",\"datePublished\":\"2021-01-15T13:30:10+00:00\",\"dateModified\":\"2021-06-14T02:27:51+00:00\",\"mainEntityOfPage\":{\"@id\":\"https:\/\/www.suno.com.br\/noticias\/ibovespa-coronavirus-estimulos-biden-estados-unidos-15012021\/\"},\"wordCount\":643,\"publisher\":{\"@id\":\"https:\/\/www.suno.com.br\/noticias\/#organization\"},\"image\":{\"@id\":\"https:\/\/www.suno.com.br\/noticias\/ibovespa-coronavirus-estimulos-biden-estados-unidos-15012021\/#primaryimage\"},\"thumbnailUrl\":\"https:\/\/files.sunoresearch.com.br\/n\/uploads\/2020\/04\/0a2720f7-ibovespa-5-jpg.webp\",\"keywords\":[\"coronav\u00edrus\",\"Estados Unidos (EUA)\",\"IBGE\",\"Ibovespa\",\"Jair Bolsonaro\",\"Joe Biden\",\"varejo\"],\"articleSection\":[\"Mercado\"],\"inLanguage\":\"pt-BR\"},{\"@type\":\"WebPage\",\"@id\":\"https:\/\/www.suno.com.br\/noticias\/ibovespa-coronavirus-estimulos-biden-estados-unidos-15012021\/\",\"url\":\"https:\/\/www.suno.com.br\/noticias\/ibovespa-coronavirus-estimulos-biden-estados-unidos-15012021\/\",\"name\":\"Ibovespa recua com avan\u00e7o do coronav\u00edrus e d\u00favidas sobre os est\u00edmulos\",\"isPartOf\":{\"@id\":\"https:\/\/www.suno.com.br\/noticias\/#website\"},\"primaryImageOfPage\":{\"@id\":\"https:\/\/www.suno.com.br\/noticias\/ibovespa-coronavirus-estimulos-biden-estados-unidos-15012021\/#primaryimage\"},\"image\":{\"@id\":\"https:\/\/www.suno.com.br\/noticias\/ibovespa-coronavirus-estimulos-biden-estados-unidos-15012021\/#primaryimage\"},\"thumbnailUrl\":\"https:\/\/files.sunoresearch.com.br\/n\/uploads\/2020\/04\/0a2720f7-ibovespa-5-jpg.webp\",\"datePublished\":\"2021-01-15T13:30:10+00:00\",\"dateModified\":\"2021-06-14T02:27:51+00:00\",\"description\":\"O Ibovespa opera em queda nesta sexta, atento ao avan\u00e7o da pandemia do novo coronav\u00edrus e ao pacote de est\u00edmulos de Biden. Saiba mais.\",\"breadcrumb\":{\"@id\":\"https:\/\/www.suno.com.br\/noticias\/ibovespa-coronavirus-estimulos-biden-estados-unidos-15012021\/#breadcrumb\"},\"inLanguage\":\"pt-BR\",\"potentialAction\":[{\"@type\":\"ReadAction\",\"target\":[\"https:\/\/www.suno.com.br\/noticias\/ibovespa-coronavirus-estimulos-biden-estados-unidos-15012021\/\"]}]},{\"@type\":\"ImageObject\",\"inLanguage\":\"pt-BR\",\"@id\":\"https:\/\/www.suno.com.br\/noticias\/ibovespa-coronavirus-estimulos-biden-estados-unidos-15012021\/#primaryimage\",\"url\":\"https:\/\/files.sunoresearch.com.br\/n\/uploads\/2020\/04\/0a2720f7-ibovespa-5-jpg.webp\",\"contentUrl\":\"https:\/\/files.sunoresearch.com.br\/n\/uploads\/2020\/04\/0a2720f7-ibovespa-5-jpg.webp\",\"width\":2045,\"height\":1194,\"caption\":\"O Ibovespa abriu de forma est\u00e1vel nesta quarta-feira (10), procurando reverter a sequ\u00eancia de tr\u00eas preg\u00f5es no vermelho.\"},{\"@type\":\"BreadcrumbList\",\"@id\":\"https:\/\/www.suno.com.br\/noticias\/ibovespa-coronavirus-estimulos-biden-estados-unidos-15012021\/#breadcrumb\",\"itemListElement\":[{\"@type\":\"ListItem\",\"position\":1,\"name\":\"Not\u00edcias\",\"item\":\"https:\/\/www.suno.com.br\/noticias\/\"},{\"@type\":\"ListItem\",\"position\":2,\"name\":\"Mercado\",\"item\":\"https:\/\/www.suno.com.br\/noticias\/mercado\/\"},{\"@type\":\"ListItem\",\"position\":3,\"name\":\"Ibovespa recua com avan\u00e7o do coronav\u00edrus e d\u00favidas sobre os est\u00edmulos\"}]},{\"@type\":\"WebSite\",\"@id\":\"https:\/\/www.suno.com.br\/noticias\/#website\",\"url\":\"https:\/\/www.suno.com.br\/noticias\/\",\"name\":\"Suno Not\u00edcias\",\"description\":\"Seu portal de informa\u00e7\u00e3o sobre o mundo dos investimentos\",\"publisher\":{\"@id\":\"https:\/\/www.suno.com.br\/noticias\/#organization\"},\"potentialAction\":[{\"@type\":\"SearchAction\",\"target\":{\"@type\":\"EntryPoint\",\"urlTemplate\":\"https:\/\/www.suno.com.br\/noticias\/?s={search_term_string}\"},\"query-input\":{\"@type\":\"PropertyValueSpecification\",\"valueRequired\":true,\"valueName\":\"search_term_string\"}}],\"inLanguage\":\"pt-BR\"},{\"@type\":\"Organization\",\"@id\":\"https:\/\/www.suno.com.br\/noticias\/#organization\",\"name\":\"Suno Not\u00edcias\",\"url\":\"https:\/\/www.suno.com.br\/noticias\/\",\"logo\":{\"@type\":\"ImageObject\",\"inLanguage\":\"pt-BR\",\"@id\":\"https:\/\/www.suno.com.br\/noticias\/#\/schema\/logo\/image\/\",\"url\":\"https:\/\/files.sunoresearch.com.br\/n\/uploads\/2021\/09\/suno-logo.png\",\"contentUrl\":\"https:\/\/files.sunoresearch.com.br\/n\/uploads\/2021\/09\/suno-logo.png\",\"width\":180,\"height\":180,\"caption\":\"Suno Not\u00edcias\"},\"image\":{\"@id\":\"https:\/\/www.suno.com.br\/noticias\/#\/schema\/logo\/image\/\"},\"sameAs\":[\"https:\/\/facebook.com\/sunoresearch\",\"https:\/\/x.com\/sunoresearch\",\"https:\/\/www.instagram.com\/suno\",\"https:\/\/www.linkedin.com\/company\/suno-research\/\",\"https:\/\/www.youtube.com\/c\/sunoresearch\"]},{\"@type\":\"Person\",\"@id\":\"https:\/\/www.suno.com.br\/noticias\/#\/schema\/person\/918d79de1f0281f01599b93f9ea6e23f\",\"name\":\"Jader Lazarini\",\"image\":{\"@type\":\"ImageObject\",\"inLanguage\":\"pt-BR\",\"@id\":\"https:\/\/www.suno.com.br\/noticias\/#\/schema\/person\/image\/\",\"url\":\"https:\/\/secure.gravatar.com\/avatar\/3c1ad8caa51589841baeb923fcddea97?s=96&r=g\",\"contentUrl\":\"https:\/\/secure.gravatar.com\/avatar\/3c1ad8caa51589841baeb923fcddea97?s=96&r=g\",\"caption\":\"Jader Lazarini\"},\"description\":\"Jader Lazarini escreve sobre investimentos, finan\u00e7as, economia e neg\u00f3cios. \u00c9 bacharel em Rela\u00e7\u00f5es Internacionais e analista CNPI (2619).\",\"url\":\"https:\/\/www.suno.com.br\/noticias\/author\/jader-lazarini\/\"}]}<\/script>\n<!-- \/ Yoast SEO plugin. -->","yoast_head_json":{"title":"Ibovespa recua com avan\u00e7o do coronav\u00edrus e d\u00favidas sobre os est\u00edmulos","description":"O Ibovespa opera em queda nesta sexta, atento ao avan\u00e7o da pandemia do novo coronav\u00edrus e ao pacote de est\u00edmulos de Biden. Saiba mais.","robots":{"index":"index","follow":"follow","max-snippet":"max-snippet:-1","max-image-preview":"max-image-preview:large","max-video-preview":"max-video-preview:-1"},"canonical":"https:\/\/www.suno.com.br\/noticias\/ibovespa-coronavirus-estimulos-biden-estados-unidos-15012021\/","og_locale":"pt_BR","og_type":"article","og_title":"Ibovespa recua com avan\u00e7o do coronav\u00edrus e d\u00favidas sobre os est\u00edmulos","og_description":"O Ibovespa opera em queda nesta sexta, atento ao avan\u00e7o da pandemia do novo coronav\u00edrus e ao pacote de est\u00edmulos de Biden. Saiba mais.","og_url":"https:\/\/www.suno.com.br\/noticias\/ibovespa-coronavirus-estimulos-biden-estados-unidos-15012021\/","og_site_name":"Suno Not\u00edcias","article_publisher":"https:\/\/facebook.com\/sunoresearch","og_image":[{"width":2045,"height":1194,"url":"https:\/\/files.sunoresearch.com.br\/n\/uploads\/2020\/04\/0a2720f7-ibovespa-5.jpg","type":"image\/jpeg"}],"author":"Jader Lazarini","twitter_card":"summary_large_image","twitter_creator":"@sunoresearch","twitter_site":"@sunoresearch","twitter_misc":{"Escrito por":"Jader Lazarini","Est. tempo de leitura":"3 minutos"},"schema":{"@context":"https:\/\/schema.org","@graph":[{"@type":"NewsArticle","@id":"https:\/\/www.suno.com.br\/noticias\/ibovespa-coronavirus-estimulos-biden-estados-unidos-15012021\/#article","isPartOf":{"@id":"https:\/\/www.suno.com.br\/noticias\/ibovespa-coronavirus-estimulos-biden-estados-unidos-15012021\/"},"author":{"name":"Jader Lazarini","@id":"https:\/\/www.suno.com.br\/noticias\/#\/schema\/person\/918d79de1f0281f01599b93f9ea6e23f"},"headline":"Ibovespa recua com avan\u00e7o do coronav\u00edrus e d\u00favidas sobre os est\u00edmulos","datePublished":"2021-01-15T13:30:10+00:00","dateModified":"2021-06-14T02:27:51+00:00","mainEntityOfPage":{"@id":"https:\/\/www.suno.com.br\/noticias\/ibovespa-coronavirus-estimulos-biden-estados-unidos-15012021\/"},"wordCount":643,"publisher":{"@id":"https:\/\/www.suno.com.br\/noticias\/#organization"},"image":{"@id":"https:\/\/www.suno.com.br\/noticias\/ibovespa-coronavirus-estimulos-biden-estados-unidos-15012021\/#primaryimage"},"thumbnailUrl":"https:\/\/files.sunoresearch.com.br\/n\/uploads\/2020\/04\/0a2720f7-ibovespa-5-jpg.webp","keywords":["coronav\u00edrus","Estados Unidos (EUA)","IBGE","Ibovespa","Jair Bolsonaro","Joe Biden","varejo"],"articleSection":["Mercado"],"inLanguage":"pt-BR"},{"@type":"WebPage","@id":"https:\/\/www.suno.com.br\/noticias\/ibovespa-coronavirus-estimulos-biden-estados-unidos-15012021\/","url":"https:\/\/www.suno.com.br\/noticias\/ibovespa-coronavirus-estimulos-biden-estados-unidos-15012021\/","name":"Ibovespa recua com avan\u00e7o do coronav\u00edrus e d\u00favidas sobre os est\u00edmulos","isPartOf":{"@id":"https:\/\/www.suno.com.br\/noticias\/#website"},"primaryImageOfPage":{"@id":"https:\/\/www.suno.com.br\/noticias\/ibovespa-coronavirus-estimulos-biden-estados-unidos-15012021\/#primaryimage"},"image":{"@id":"https:\/\/www.suno.com.br\/noticias\/ibovespa-coronavirus-estimulos-biden-estados-unidos-15012021\/#primaryimage"},"thumbnailUrl":"https:\/\/files.sunoresearch.com.br\/n\/uploads\/2020\/04\/0a2720f7-ibovespa-5-jpg.webp","datePublished":"2021-01-15T13:30:10+00:00","dateModified":"2021-06-14T02:27:51+00:00","description":"O Ibovespa opera em queda nesta sexta, atento ao avan\u00e7o da pandemia do novo coronav\u00edrus e ao pacote de est\u00edmulos de Biden. Saiba mais.","breadcrumb":{"@id":"https:\/\/www.suno.com.br\/noticias\/ibovespa-coronavirus-estimulos-biden-estados-unidos-15012021\/#breadcrumb"},"inLanguage":"pt-BR","potentialAction":[{"@type":"ReadAction","target":["https:\/\/www.suno.com.br\/noticias\/ibovespa-coronavirus-estimulos-biden-estados-unidos-15012021\/"]}]},{"@type":"ImageObject","inLanguage":"pt-BR","@id":"https:\/\/www.suno.com.br\/noticias\/ibovespa-coronavirus-estimulos-biden-estados-unidos-15012021\/#primaryimage","url":"https:\/\/files.sunoresearch.com.br\/n\/uploads\/2020\/04\/0a2720f7-ibovespa-5-jpg.webp","contentUrl":"https:\/\/files.sunoresearch.com.br\/n\/uploads\/2020\/04\/0a2720f7-ibovespa-5-jpg.webp","width":2045,"height":1194,"caption":"O Ibovespa abriu de forma est\u00e1vel nesta quarta-feira (10), procurando reverter a sequ\u00eancia de tr\u00eas preg\u00f5es no vermelho."},{"@type":"BreadcrumbList","@id":"https:\/\/www.suno.com.br\/noticias\/ibovespa-coronavirus-estimulos-biden-estados-unidos-15012021\/#breadcrumb","itemListElement":[{"@type":"ListItem","position":1,"name":"Not\u00edcias","item":"https:\/\/www.suno.com.br\/noticias\/"},{"@type":"ListItem","position":2,"name":"Mercado","item":"https:\/\/www.suno.com.br\/noticias\/mercado\/"},{"@type":"ListItem","position":3,"name":"Ibovespa recua com avan\u00e7o do coronav\u00edrus e d\u00favidas sobre os est\u00edmulos"}]},{"@type":"WebSite","@id":"https:\/\/www.suno.com.br\/noticias\/#website","url":"https:\/\/www.suno.com.br\/noticias\/","name":"Suno Not\u00edcias","description":"Seu portal de informa\u00e7\u00e3o sobre o mundo dos investimentos","publisher":{"@id":"https:\/\/www.suno.com.br\/noticias\/#organization"},"potentialAction":[{"@type":"SearchAction","target":{"@type":"EntryPoint","urlTemplate":"https:\/\/www.suno.com.br\/noticias\/?s={search_term_string}"},"query-input":{"@type":"PropertyValueSpecification","valueRequired":true,"valueName":"search_term_string"}}],"inLanguage":"pt-BR"},{"@type":"Organization","@id":"https:\/\/www.suno.com.br\/noticias\/#organization","name":"Suno Not\u00edcias","url":"https:\/\/www.suno.com.br\/noticias\/","logo":{"@type":"ImageObject","inLanguage":"pt-BR","@id":"https:\/\/www.suno.com.br\/noticias\/#\/schema\/logo\/image\/","url":"https:\/\/files.sunoresearch.com.br\/n\/uploads\/2021\/09\/suno-logo.png","contentUrl":"https:\/\/files.sunoresearch.com.br\/n\/uploads\/2021\/09\/suno-logo.png","width":180,"height":180,"caption":"Suno Not\u00edcias"},"image":{"@id":"https:\/\/www.suno.com.br\/noticias\/#\/schema\/logo\/image\/"},"sameAs":["https:\/\/facebook.com\/sunoresearch","https:\/\/x.com\/sunoresearch","https:\/\/www.instagram.com\/suno","https:\/\/www.linkedin.com\/company\/suno-research\/","https:\/\/www.youtube.com\/c\/sunoresearch"]},{"@type":"Person","@id":"https:\/\/www.suno.com.br\/noticias\/#\/schema\/person\/918d79de1f0281f01599b93f9ea6e23f","name":"Jader Lazarini","image":{"@type":"ImageObject","inLanguage":"pt-BR","@id":"https:\/\/www.suno.com.br\/noticias\/#\/schema\/person\/image\/","url":"https:\/\/secure.gravatar.com\/avatar\/3c1ad8caa51589841baeb923fcddea97?s=96&r=g","contentUrl":"https:\/\/secure.gravatar.com\/avatar\/3c1ad8caa51589841baeb923fcddea97?s=96&r=g","caption":"Jader Lazarini"},"description":"Jader Lazarini escreve sobre investimentos, finan\u00e7as, economia e neg\u00f3cios. \u00c9 bacharel em Rela\u00e7\u00f5es Internacionais e analista CNPI (2619).","url":"https:\/\/www.suno.com.br\/noticias\/author\/jader-lazarini\/"}]}},"default_loop_html":"<div class=\"cardsPage__listCard__boxs\"><div class=\"cardsPage__listCard__boxs__img\"><a href=\"https:\/\/www.suno.com.br\/noticias\/ibovespa-coronavirus-estimulos-biden-estados-unidos-15012021\/\"><img class=\"mask\" src=\"https:\/\/www.suno.com.br\/noticias\/wp-content\/themes\/suno\/resources\/images\/spotlight\/spotlight1img\/bg-mask.png\" alt=\"Image Mask\"\/><img src=\"https:\/\/files.sunoresearch.com.br\/n\/uploads\/2020\/04\/0a2720f7-ibovespa-5-400x200.webp\" alt=\"Ibovespa recua com avan\u00e7o do coronav\u00edrus e d\u00favidas sobre os est\u00edmulos\"\/><\/a><span class=\"spotlightCategory\"><a href=\"https:\/\/www.suno.com.br\/noticias\/mercado\/\">Mercado<\/a><\/span><\/div><div class=\"cardsPage__listCard__boxs__content\"><a href=\"https:\/\/www.suno.com.br\/noticias\/ibovespa-coronavirus-estimulos-biden-estados-unidos-15012021\/\"><h2 class=\"content__title\">Ibovespa recua com avan\u00e7o do coronav\u00edrus e d\u00favidas sobre os est\u00edmulos<\/h2><\/a><div class=\"newsContent__article__meta\"><div class=\"newsContent__article__meta__authorBox\"><a href=\"https:\/\/www.suno.com.br\/noticias\/author\/jader-lazarini\/\" class=\"authorBox__avatar noMobi\"><img src=\"https:\/\/files.sunoresearch.com.br\/n\/uploads\/2021\/01\/178e6598-foto-perfil-2-150x150.jpg\" alt=\"Jader Lazarini\"><\/a><div class=\"authorBox__name\"><span>por\n\t\t\t<a href=\"https:\/\/www.suno.com.br\/noticias\/author\/jader-lazarini\/\"><span itemprop=\"author\">Jader Lazarini<\/span><\/a><\/span><time datetime=\"2021-01-15T10:30:10-03:00\" itemprop=\"datePublished\">15\/01\/2021 10:30<\/time><\/div><\/div><\/div><\/div><\/div>","single_layout":"posts","amp_enabled":true,"_links":{"self":[{"href":"https:\/\/www.suno.com.br\/noticias\/wp-json\/wp\/v2\/posts\/113640"}],"collection":[{"href":"https:\/\/www.suno.com.br\/noticias\/wp-json\/wp\/v2\/posts"}],"about":[{"href":"https:\/\/www.suno.com.br\/noticias\/wp-json\/wp\/v2\/types\/post"}],"author":[{"embeddable":true,"href":"https:\/\/www.suno.com.br\/noticias\/wp-json\/wp\/v2\/users\/24"}],"replies":[{"embeddable":true,"href":"https:\/\/www.suno.com.br\/noticias\/wp-json\/wp\/v2\/comments?post=113640"}],"version-history":[{"count":1,"href":"https:\/\/www.suno.com.br\/noticias\/wp-json\/wp\/v2\/posts\/113640\/revisions"}],"predecessor-version":[{"id":153966,"href":"https:\/\/www.suno.com.br\/noticias\/wp-json\/wp\/v2\/posts\/113640\/revisions\/153966"}],"wp:featuredmedia":[{"embeddable":true,"href":"https:\/\/www.suno.com.br\/noticias\/wp-json\/wp\/v2\/media\/63056"}],"wp:attachment":[{"href":"https:\/\/www.suno.com.br\/noticias\/wp-json\/wp\/v2\/media?parent=113640"}],"wp:term":[{"taxonomy":"category","embeddable":true,"href":"https:\/\/www.suno.com.br\/noticias\/wp-json\/wp\/v2\/categories?post=113640"},{"taxonomy":"post_tag","embeddable":true,"href":"https:\/\/www.suno.com.br\/noticias\/wp-json\/wp\/v2\/tags?post=113640"},{"taxonomy":"suno_strategy","embeddable":true,"href":"https:\/\/www.suno.com.br\/noticias\/wp-json\/wp\/v2\/suno_strategy?post=113640"}],"curies":[{"name":"wp","href":"https:\/\/api.w.org\/{rel}","templated":true}]}}