{"id":11364,"date":"2019-01-11T18:50:43","date_gmt":"2019-01-11T20:50:43","guid":{"rendered":"https:\/\/www.suno.com.br\/noticias\/?p=11364"},"modified":"2021-02-17T22:49:42","modified_gmt":"2021-02-18T01:49:42","slug":"ibovespa-cai-quebra-sequencia-crescimento","status":"publish","type":"post","link":"https:\/\/www.suno.com.br\/noticias\/ibovespa-cai-quebra-sequencia-crescimento\/","title":{"rendered":"Ibovespa cai 0,16% e quebra sequ\u00eancia de crescimento; Embraer \u00e9 destaque"},"content":{"rendered":"<p>O Ibovespa, principal \u00edndice da <a href=\"https:\/\/www.suno.com.br\/artigos\/bovespa-precedente-b3\/\">Bolsa de Valores de S\u00e3o Paulo<\/a>, registrou queda de 0,16%, nesta sexta-feira(9). Desta forma, fechou a semana com\u00a093.658,31 pontos, ap\u00f3s atingir patamares hist\u00f3ricos. Na \u00faltima quinta-feira (11), a bolsa fechou com 93.658,31 pontos.<\/p>\t<div class=\"wrapper-featured-image\">\n\t\t<figure class=\"spotlightImg\">\n\n\t\t\t<picture>\n\t\t\t\t<source media=\"(max-width: 768px)\" srcset=\"https:\/\/files.sunoresearch.com.br\/n\/uploads\/2018\/09\/fa20779a-ibovespa-dolar-400x200.webp\">\n\t\t\t\t<img loading=\"lazy\" decoding=\"async\" class=\"newsContent__article__imgCapa lazyloadDisabled newsContent__article__imgCapa--noCaption\" src=\"https:\/\/files.sunoresearch.com.br\/n\/uploads\/2018\/09\/fa20779a-ibovespa-dolar-800x450.webp\" width=\"800\" height=\"450\" alt=\"Ibovespa cai 0,16% e quebra sequ\u00eancia de crescimento; Embraer \u00e9 destaque\" fetchpriority=high \/>\n\t\t\t<\/picture>\n\n\t\t\t<figcaption class=\"wp-caption-text wp-caption-text--hide\">infla\u00e7\u00e3o na Am\u00e9rica Latina deve bater as metas apenas em 2024<\/figcaption>\n\t\t<\/figure>\n\t<\/div>\n\n\n<p>O <strong>Ibovespa<\/strong> registrou sua melhor marca quando somou\u00a093.960,78 pontos logo na sua abertura. Al\u00e9m disso, a m\u00ednima foi registrada por volta das 13 horas, onde o \u00cdndice apontou\u00a093.358,67 pontos.<\/p>\n<p><a href=\"https:\/\/www.suno.com.br\/noticias\/dolar-fecha-semana-alta-euro-queda\/\">Saiba mais: D\u00f3lar fecha a semana em alta de 0,146 %; Euro tem queda de 0,25 %<\/a><\/p>\n<h2>Cen\u00e1rio Interno<\/h2>\n<p><strong>Embraer:<\/strong>\u00a0na \u00faltima quinta-feira (10),\u00a0o presidente Jair Bolsonaro publicou em seu Twitter que a Uni\u00e3o n\u00e3o vai se opor \u00e0 fus\u00e3o <strong>Boenig-Embraer<\/strong>. <strong>Bolsonaro<\/strong> escreveu\u00a0\u00a0em sua conta que &#8220;a soberania e os interesses da Na\u00e7\u00e3o est\u00e3o preservados. A Uni\u00e3o n\u00e3o se op\u00f5e ao andamento do processo&#8221;.<br \/>\nNa semana passada, <strong>Bolsonaro<\/strong> havia dito que o acordo entre as duas fabricantes precisava de mudan\u00e7as. Nesta sexta-feira (11), as a\u00e7\u00f5es da companhia cresceram mais de 10%, fechando com valoriza\u00e7\u00e3o de 2,57%.<\/p>\n<p><a href=\"https:\/\/www.suno.com.br\/noticias\/bolsonaro-uniao-nao-se-opoe-a-fusao-boeing-embraer\/\">Saiba mais &#8211; Bolsonaro: Uni\u00e3o n\u00e3o se op\u00f5e \u00e0 fus\u00e3o Boeing-Embraer<\/a><\/p>\n<p><strong>Taxa de infla\u00e7\u00e3o:\u00a0<\/strong>foi divulgado nesta sexta-feira (11) o resultado da infla\u00e7\u00e3o de 2018. De acordo com o Instituto Brasileiro de Geografia e Estat\u00edsticas (<strong>IBGE<\/strong>), o\u00a0\u00cdndice Nacional de Pre\u00e7os ao Consumidor Amplo (<strong>IPCA<\/strong>) ficou em 3,75%,\u00a0porcentagem abaixo da meta fixada pelo <strong>Banco Central (BC)<\/strong>, estabelecida em 4,5%.\u00a0 Para 2019, os analistas entrevistados pelo BC preveem a taxa de infla\u00e7\u00e3o em\u00a04,01%,\u00a0n\u00famero pouco abaixo da meta fixada em 4,25%.<\/p>\n<h2>Cen\u00e1rio Externo<\/h2>\n<div class=\"mc-column content-text active-extra-styles \" data-block-type=\"unstyled\" data-block-weight=\"57\" data-block-id=\"21\">\n<p class=\"content-text__container \" data-track-category=\"Link no Texto\" data-track-links=\"\"><b>China x EUA:\u00a0<\/b>o Minist\u00e9rio do Com\u00e9rcio Chin\u00eas informou na \u00faltima quinta-feira (11) que as negocia\u00e7\u00f5es com os Estados Unidos avan\u00e7aram. Segundo o Minist\u00e9rio, novas reuni\u00f5es ser\u00e3o organizadas.\u00a0Essas s\u00e3o as primeiras tratativas entre as pot\u00eancias desde que os presidentes <strong>Donald Trump (EUA)<\/strong> e <strong>Xi Jinping (China) <\/strong>se encontraram no G20, na Argentina. Com isso, cresce as esperan\u00e7as de um acordo envolvendo as duas pot\u00eancias.<\/p>\n<p data-track-category=\"Link no Texto\" data-track-links=\"\"><strong>Paralisa\u00e7\u00e3o do governo:\u00a0<\/strong>o presidente Donald Trump disse que n\u00e3o ir\u00e1 ao F\u00f3rum Econ\u00f4mico Mundial de Davos, na Su\u00ed\u00e7a. Trump escreveu em seu Twitter que &#8220;por conta da intransig\u00eancia democrata na seguran\u00e7a da fronteira e a grande import\u00e2ncia da seguran\u00e7a de nossa na\u00e7\u00e3o, eu respeitosamente cancelo a minha muito importante viagem \u00e0 Davos&#8221;. O presidente americano vem travando uma disputa com o Congresso para a aprova\u00e7\u00e3o do or\u00e7amento do muro na fronteira com M\u00e9xico.<\/p>\n<p><a href=\"https:\/\/www.suno.com.br\/noticias\/trump-forum-nao\/\">Saiba mais: Donald Trump diz que n\u00e3o participar\u00e1 do F\u00f3rum Econ\u00f4mico Mundial\u00a0<\/a><\/p>\n<\/div>\n<h3>Bolsas Internacionais<\/h3>\n<ul>\n<li>Nasdaq (EUA) \u2013\u00a0 queda de 0,21%;<\/li>\n<li>FTSE 100 (Reino Unido) \u2013 queda de 0,36%<\/li>\n<li>Nikkei (Jap\u00e3o) \u2013 alta de 0,97%;<\/li>\n<li>CAC 40 (Fran\u00e7a) \u2013 queda de 0,51%.<\/li>\n<li>FTSE MIB (It\u00e1lia) \u2013 queda de 0,55%;<\/li>\n<\/ul>\n<h2>A\u00e7\u00f5es em destaque<\/h2>\n<p>Os destaques do <strong>Ibovespa<\/strong>, sexta-feira (11), foram:<\/p>\n<ul>\n<li>PETR4.SA &#8211; queda de 1,07% (R$ 24,99);<\/li>\n<li>VALE3.SA &#8211; queda de 1,36% (R$ 52,38);<\/li>\n<li>GOLL4.SA &#8211; alta de 7,35% (R$ 24,96);<\/li>\n<li>EMBR3.SA &#8211;\u00a0 alta de 2,57% (R$ 21,53);<\/li>\n<\/ul>\n","protected":false},"excerpt":{"rendered":"<p>O Ibovespa, principal \u00edndice da Bolsa de Valores de S\u00e3o Paulo, registrou queda de 0,16%, nesta sexta-feira(9). Desta forma, fechou a semana com\u00a093.658,31 pontos, ap\u00f3s atingir patamares hist\u00f3ricos. Na \u00faltima quinta-feira (11), a bolsa fechou com 93.658,31 pontos. infla\u00e7\u00e3o na Am\u00e9rica Latina deve bater as metas apenas em 2024 O Ibovespa registrou sua melhor marca [&hellip;]<\/p>\n","protected":false},"author":14,"featured_media":3757,"comment_status":"closed","ping_status":"closed","sticky":false,"template":"","format":"standard","meta":[],"categories":[60],"tags":[1842,711,460,793,821,721,966],"suno_strategy":[],"class_list":["post-11364","post","type-post","status-publish","format-standard","has-post-thumbnail","hentry","category-mercado","tag-banco-central-bc","tag-china","tag-embraer-embr3","tag-estados-unidos-eua","tag-ibge","tag-ibovespa","tag-ipca"],"yoast_head":"<!-- This site is optimized with the Yoast SEO plugin v24.4 - https:\/\/yoast.com\/wordpress\/plugins\/seo\/ -->\n<title>Ibovespa cai 0,16% e quebra sequ\u00eancia de crescimento<\/title>\n<meta name=\"description\" content=\"O destaque do Ibovespa nesta sexta-feira ficou por conta das a\u00e7\u00f5es da Embraer, que subiram mais de 10%. Clique para saber mais.\" \/>\n<meta name=\"robots\" content=\"index, follow, max-snippet:-1, max-image-preview:large, max-video-preview:-1\" \/>\n<link rel=\"canonical\" href=\"https:\/\/www.suno.com.br\/noticias\/ibovespa-cai-quebra-sequencia-crescimento\/\" \/>\n<meta property=\"og:locale\" content=\"pt_BR\" \/>\n<meta property=\"og:type\" content=\"article\" \/>\n<meta property=\"og:title\" content=\"Ibovespa cai 0,16% e quebra sequ\u00eancia de crescimento\" \/>\n<meta property=\"og:description\" content=\"O destaque do Ibovespa nesta sexta-feira ficou por conta das a\u00e7\u00f5es da Embraer, que subiram mais de 10%. Clique para saber mais.\" \/>\n<meta property=\"og:url\" content=\"https:\/\/www.suno.com.br\/noticias\/ibovespa-cai-quebra-sequencia-crescimento\/\" \/>\n<meta property=\"og:site_name\" content=\"Suno Not\u00edcias\" \/>\n<meta property=\"article:publisher\" content=\"https:\/\/facebook.com\/sunoresearch\" \/>\n<meta property=\"og:image\" content=\"https:\/\/files.sunoresearch.com.br\/n\/uploads\/2018\/09\/fa20779a-ibovespa-dolar.jpg\" \/>\n\t<meta property=\"og:image:width\" content=\"1920\" \/>\n\t<meta property=\"og:image:height\" content=\"1280\" \/>\n\t<meta property=\"og:image:type\" content=\"image\/jpeg\" \/>\n<meta name=\"author\" content=\"Renan Dantas\" \/>\n<meta name=\"twitter:card\" content=\"summary_large_image\" \/>\n<meta name=\"twitter:creator\" content=\"@sunoresearch\" \/>\n<meta name=\"twitter:site\" content=\"@sunoresearch\" \/>\n<meta name=\"twitter:label1\" content=\"Escrito por\" \/>\n\t<meta name=\"twitter:data1\" content=\"Renan Dantas\" \/>\n\t<meta name=\"twitter:label2\" content=\"Est. tempo de leitura\" \/>\n\t<meta name=\"twitter:data2\" content=\"2 minutos\" \/>\n<script type=\"application\/ld+json\" class=\"yoast-schema-graph\">{\"@context\":\"https:\/\/schema.org\",\"@graph\":[{\"@type\":\"NewsArticle\",\"@id\":\"https:\/\/www.suno.com.br\/noticias\/ibovespa-cai-quebra-sequencia-crescimento\/#article\",\"isPartOf\":{\"@id\":\"https:\/\/www.suno.com.br\/noticias\/ibovespa-cai-quebra-sequencia-crescimento\/\"},\"author\":{\"name\":\"Renan Dantas\",\"@id\":\"https:\/\/www.suno.com.br\/noticias\/#\/schema\/person\/3f7693d5795a3f6d5ce15309ee785699\"},\"headline\":\"Ibovespa cai 0,16% e quebra sequ\u00eancia de crescimento; Embraer \u00e9 destaque\",\"datePublished\":\"2019-01-11T20:50:43+00:00\",\"dateModified\":\"2021-02-18T01:49:42+00:00\",\"mainEntityOfPage\":{\"@id\":\"https:\/\/www.suno.com.br\/noticias\/ibovespa-cai-quebra-sequencia-crescimento\/\"},\"wordCount\":505,\"publisher\":{\"@id\":\"https:\/\/www.suno.com.br\/noticias\/#organization\"},\"image\":{\"@id\":\"https:\/\/www.suno.com.br\/noticias\/ibovespa-cai-quebra-sequencia-crescimento\/#primaryimage\"},\"thumbnailUrl\":\"https:\/\/files.sunoresearch.com.br\/n\/uploads\/2018\/09\/fa20779a-ibovespa-dolar-jpg.webp\",\"keywords\":[\"Banco Central (BC)\",\"China\",\"Embraer (EMBR3)\",\"Estados Unidos (EUA)\",\"IBGE\",\"Ibovespa\",\"IPCA\"],\"articleSection\":[\"Mercado\"],\"inLanguage\":\"pt-BR\"},{\"@type\":\"WebPage\",\"@id\":\"https:\/\/www.suno.com.br\/noticias\/ibovespa-cai-quebra-sequencia-crescimento\/\",\"url\":\"https:\/\/www.suno.com.br\/noticias\/ibovespa-cai-quebra-sequencia-crescimento\/\",\"name\":\"Ibovespa cai 0,16% e quebra sequ\u00eancia de crescimento\",\"isPartOf\":{\"@id\":\"https:\/\/www.suno.com.br\/noticias\/#website\"},\"primaryImageOfPage\":{\"@id\":\"https:\/\/www.suno.com.br\/noticias\/ibovespa-cai-quebra-sequencia-crescimento\/#primaryimage\"},\"image\":{\"@id\":\"https:\/\/www.suno.com.br\/noticias\/ibovespa-cai-quebra-sequencia-crescimento\/#primaryimage\"},\"thumbnailUrl\":\"https:\/\/files.sunoresearch.com.br\/n\/uploads\/2018\/09\/fa20779a-ibovespa-dolar-jpg.webp\",\"datePublished\":\"2019-01-11T20:50:43+00:00\",\"dateModified\":\"2021-02-18T01:49:42+00:00\",\"description\":\"O destaque do Ibovespa nesta sexta-feira ficou por conta das a\u00e7\u00f5es da Embraer, que subiram mais de 10%. Clique para saber mais.\",\"breadcrumb\":{\"@id\":\"https:\/\/www.suno.com.br\/noticias\/ibovespa-cai-quebra-sequencia-crescimento\/#breadcrumb\"},\"inLanguage\":\"pt-BR\",\"potentialAction\":[{\"@type\":\"ReadAction\",\"target\":[\"https:\/\/www.suno.com.br\/noticias\/ibovespa-cai-quebra-sequencia-crescimento\/\"]}]},{\"@type\":\"ImageObject\",\"inLanguage\":\"pt-BR\",\"@id\":\"https:\/\/www.suno.com.br\/noticias\/ibovespa-cai-quebra-sequencia-crescimento\/#primaryimage\",\"url\":\"https:\/\/files.sunoresearch.com.br\/n\/uploads\/2018\/09\/fa20779a-ibovespa-dolar-jpg.webp\",\"contentUrl\":\"https:\/\/files.sunoresearch.com.br\/n\/uploads\/2018\/09\/fa20779a-ibovespa-dolar-jpg.webp\",\"width\":1920,\"height\":1280,\"caption\":\"infla\u00e7\u00e3o na Am\u00e9rica Latina deve bater as metas apenas em 2024\"},{\"@type\":\"BreadcrumbList\",\"@id\":\"https:\/\/www.suno.com.br\/noticias\/ibovespa-cai-quebra-sequencia-crescimento\/#breadcrumb\",\"itemListElement\":[{\"@type\":\"ListItem\",\"position\":1,\"name\":\"Not\u00edcias\",\"item\":\"https:\/\/www.suno.com.br\/noticias\/\"},{\"@type\":\"ListItem\",\"position\":2,\"name\":\"Mercado\",\"item\":\"https:\/\/www.suno.com.br\/noticias\/mercado\/\"},{\"@type\":\"ListItem\",\"position\":3,\"name\":\"Ibovespa cai 0,16% e quebra sequ\u00eancia de crescimento; Embraer \u00e9 destaque\"}]},{\"@type\":\"WebSite\",\"@id\":\"https:\/\/www.suno.com.br\/noticias\/#website\",\"url\":\"https:\/\/www.suno.com.br\/noticias\/\",\"name\":\"Suno Not\u00edcias\",\"description\":\"Seu portal de informa\u00e7\u00e3o sobre o mundo dos investimentos\",\"publisher\":{\"@id\":\"https:\/\/www.suno.com.br\/noticias\/#organization\"},\"potentialAction\":[{\"@type\":\"SearchAction\",\"target\":{\"@type\":\"EntryPoint\",\"urlTemplate\":\"https:\/\/www.suno.com.br\/noticias\/?s={search_term_string}\"},\"query-input\":{\"@type\":\"PropertyValueSpecification\",\"valueRequired\":true,\"valueName\":\"search_term_string\"}}],\"inLanguage\":\"pt-BR\"},{\"@type\":\"Organization\",\"@id\":\"https:\/\/www.suno.com.br\/noticias\/#organization\",\"name\":\"Suno Not\u00edcias\",\"url\":\"https:\/\/www.suno.com.br\/noticias\/\",\"logo\":{\"@type\":\"ImageObject\",\"inLanguage\":\"pt-BR\",\"@id\":\"https:\/\/www.suno.com.br\/noticias\/#\/schema\/logo\/image\/\",\"url\":\"https:\/\/files.sunoresearch.com.br\/n\/uploads\/2021\/09\/suno-logo.png\",\"contentUrl\":\"https:\/\/files.sunoresearch.com.br\/n\/uploads\/2021\/09\/suno-logo.png\",\"width\":180,\"height\":180,\"caption\":\"Suno Not\u00edcias\"},\"image\":{\"@id\":\"https:\/\/www.suno.com.br\/noticias\/#\/schema\/logo\/image\/\"},\"sameAs\":[\"https:\/\/facebook.com\/sunoresearch\",\"https:\/\/x.com\/sunoresearch\",\"https:\/\/www.instagram.com\/suno\",\"https:\/\/www.linkedin.com\/company\/suno-research\/\",\"https:\/\/www.youtube.com\/c\/sunoresearch\"]},{\"@type\":\"Person\",\"@id\":\"https:\/\/www.suno.com.br\/noticias\/#\/schema\/person\/3f7693d5795a3f6d5ce15309ee785699\",\"name\":\"Renan Dantas\",\"image\":{\"@type\":\"ImageObject\",\"inLanguage\":\"pt-BR\",\"@id\":\"https:\/\/www.suno.com.br\/noticias\/#\/schema\/person\/image\/\",\"url\":\"https:\/\/secure.gravatar.com\/avatar\/1787b83e7484a08e51d62ac8b41c8396?s=96&r=g\",\"contentUrl\":\"https:\/\/secure.gravatar.com\/avatar\/1787b83e7484a08e51d62ac8b41c8396?s=96&r=g\",\"caption\":\"Renan Dantas\"},\"description\":\"Escreve sobre pol\u00edtica e mercado financeiro para o portal Suno Not\u00edcias. Antes, atuou na assessoria de comunica\u00e7\u00e3o do Minist\u00e9rio P\u00fablico do Trabalho e na R\u00e1dio Mackenzie, onde apresentava e produzia um programa sobre artistas da m\u00fasica brasileira. \u00c9 estudante na Universidade Presbiteriana Mackenzie.\",\"url\":\"https:\/\/www.suno.com.br\/noticias\/author\/renan-dantas\/\"}]}<\/script>\n<!-- \/ Yoast SEO plugin. -->","yoast_head_json":{"title":"Ibovespa cai 0,16% e quebra sequ\u00eancia de crescimento","description":"O destaque do Ibovespa nesta sexta-feira ficou por conta das a\u00e7\u00f5es da Embraer, que subiram mais de 10%. Clique para saber mais.","robots":{"index":"index","follow":"follow","max-snippet":"max-snippet:-1","max-image-preview":"max-image-preview:large","max-video-preview":"max-video-preview:-1"},"canonical":"https:\/\/www.suno.com.br\/noticias\/ibovespa-cai-quebra-sequencia-crescimento\/","og_locale":"pt_BR","og_type":"article","og_title":"Ibovespa cai 0,16% e quebra sequ\u00eancia de crescimento","og_description":"O destaque do Ibovespa nesta sexta-feira ficou por conta das a\u00e7\u00f5es da Embraer, que subiram mais de 10%. Clique para saber mais.","og_url":"https:\/\/www.suno.com.br\/noticias\/ibovespa-cai-quebra-sequencia-crescimento\/","og_site_name":"Suno Not\u00edcias","article_publisher":"https:\/\/facebook.com\/sunoresearch","og_image":[{"width":1920,"height":1280,"url":"https:\/\/files.sunoresearch.com.br\/n\/uploads\/2018\/09\/fa20779a-ibovespa-dolar.jpg","type":"image\/jpeg"}],"author":"Renan Dantas","twitter_card":"summary_large_image","twitter_creator":"@sunoresearch","twitter_site":"@sunoresearch","twitter_misc":{"Escrito por":"Renan Dantas","Est. tempo de leitura":"2 minutos"},"schema":{"@context":"https:\/\/schema.org","@graph":[{"@type":"NewsArticle","@id":"https:\/\/www.suno.com.br\/noticias\/ibovespa-cai-quebra-sequencia-crescimento\/#article","isPartOf":{"@id":"https:\/\/www.suno.com.br\/noticias\/ibovespa-cai-quebra-sequencia-crescimento\/"},"author":{"name":"Renan Dantas","@id":"https:\/\/www.suno.com.br\/noticias\/#\/schema\/person\/3f7693d5795a3f6d5ce15309ee785699"},"headline":"Ibovespa cai 0,16% e quebra sequ\u00eancia de crescimento; Embraer \u00e9 destaque","datePublished":"2019-01-11T20:50:43+00:00","dateModified":"2021-02-18T01:49:42+00:00","mainEntityOfPage":{"@id":"https:\/\/www.suno.com.br\/noticias\/ibovespa-cai-quebra-sequencia-crescimento\/"},"wordCount":505,"publisher":{"@id":"https:\/\/www.suno.com.br\/noticias\/#organization"},"image":{"@id":"https:\/\/www.suno.com.br\/noticias\/ibovespa-cai-quebra-sequencia-crescimento\/#primaryimage"},"thumbnailUrl":"https:\/\/files.sunoresearch.com.br\/n\/uploads\/2018\/09\/fa20779a-ibovespa-dolar-jpg.webp","keywords":["Banco Central (BC)","China","Embraer (EMBR3)","Estados Unidos (EUA)","IBGE","Ibovespa","IPCA"],"articleSection":["Mercado"],"inLanguage":"pt-BR"},{"@type":"WebPage","@id":"https:\/\/www.suno.com.br\/noticias\/ibovespa-cai-quebra-sequencia-crescimento\/","url":"https:\/\/www.suno.com.br\/noticias\/ibovespa-cai-quebra-sequencia-crescimento\/","name":"Ibovespa cai 0,16% e quebra sequ\u00eancia de crescimento","isPartOf":{"@id":"https:\/\/www.suno.com.br\/noticias\/#website"},"primaryImageOfPage":{"@id":"https:\/\/www.suno.com.br\/noticias\/ibovespa-cai-quebra-sequencia-crescimento\/#primaryimage"},"image":{"@id":"https:\/\/www.suno.com.br\/noticias\/ibovespa-cai-quebra-sequencia-crescimento\/#primaryimage"},"thumbnailUrl":"https:\/\/files.sunoresearch.com.br\/n\/uploads\/2018\/09\/fa20779a-ibovespa-dolar-jpg.webp","datePublished":"2019-01-11T20:50:43+00:00","dateModified":"2021-02-18T01:49:42+00:00","description":"O destaque do Ibovespa nesta sexta-feira ficou por conta das a\u00e7\u00f5es da Embraer, que subiram mais de 10%. Clique para saber mais.","breadcrumb":{"@id":"https:\/\/www.suno.com.br\/noticias\/ibovespa-cai-quebra-sequencia-crescimento\/#breadcrumb"},"inLanguage":"pt-BR","potentialAction":[{"@type":"ReadAction","target":["https:\/\/www.suno.com.br\/noticias\/ibovespa-cai-quebra-sequencia-crescimento\/"]}]},{"@type":"ImageObject","inLanguage":"pt-BR","@id":"https:\/\/www.suno.com.br\/noticias\/ibovespa-cai-quebra-sequencia-crescimento\/#primaryimage","url":"https:\/\/files.sunoresearch.com.br\/n\/uploads\/2018\/09\/fa20779a-ibovespa-dolar-jpg.webp","contentUrl":"https:\/\/files.sunoresearch.com.br\/n\/uploads\/2018\/09\/fa20779a-ibovespa-dolar-jpg.webp","width":1920,"height":1280,"caption":"infla\u00e7\u00e3o na Am\u00e9rica Latina deve bater as metas apenas em 2024"},{"@type":"BreadcrumbList","@id":"https:\/\/www.suno.com.br\/noticias\/ibovespa-cai-quebra-sequencia-crescimento\/#breadcrumb","itemListElement":[{"@type":"ListItem","position":1,"name":"Not\u00edcias","item":"https:\/\/www.suno.com.br\/noticias\/"},{"@type":"ListItem","position":2,"name":"Mercado","item":"https:\/\/www.suno.com.br\/noticias\/mercado\/"},{"@type":"ListItem","position":3,"name":"Ibovespa cai 0,16% e quebra sequ\u00eancia de crescimento; Embraer \u00e9 destaque"}]},{"@type":"WebSite","@id":"https:\/\/www.suno.com.br\/noticias\/#website","url":"https:\/\/www.suno.com.br\/noticias\/","name":"Suno Not\u00edcias","description":"Seu portal de informa\u00e7\u00e3o sobre o mundo dos investimentos","publisher":{"@id":"https:\/\/www.suno.com.br\/noticias\/#organization"},"potentialAction":[{"@type":"SearchAction","target":{"@type":"EntryPoint","urlTemplate":"https:\/\/www.suno.com.br\/noticias\/?s={search_term_string}"},"query-input":{"@type":"PropertyValueSpecification","valueRequired":true,"valueName":"search_term_string"}}],"inLanguage":"pt-BR"},{"@type":"Organization","@id":"https:\/\/www.suno.com.br\/noticias\/#organization","name":"Suno Not\u00edcias","url":"https:\/\/www.suno.com.br\/noticias\/","logo":{"@type":"ImageObject","inLanguage":"pt-BR","@id":"https:\/\/www.suno.com.br\/noticias\/#\/schema\/logo\/image\/","url":"https:\/\/files.sunoresearch.com.br\/n\/uploads\/2021\/09\/suno-logo.png","contentUrl":"https:\/\/files.sunoresearch.com.br\/n\/uploads\/2021\/09\/suno-logo.png","width":180,"height":180,"caption":"Suno Not\u00edcias"},"image":{"@id":"https:\/\/www.suno.com.br\/noticias\/#\/schema\/logo\/image\/"},"sameAs":["https:\/\/facebook.com\/sunoresearch","https:\/\/x.com\/sunoresearch","https:\/\/www.instagram.com\/suno","https:\/\/www.linkedin.com\/company\/suno-research\/","https:\/\/www.youtube.com\/c\/sunoresearch"]},{"@type":"Person","@id":"https:\/\/www.suno.com.br\/noticias\/#\/schema\/person\/3f7693d5795a3f6d5ce15309ee785699","name":"Renan Dantas","image":{"@type":"ImageObject","inLanguage":"pt-BR","@id":"https:\/\/www.suno.com.br\/noticias\/#\/schema\/person\/image\/","url":"https:\/\/secure.gravatar.com\/avatar\/1787b83e7484a08e51d62ac8b41c8396?s=96&r=g","contentUrl":"https:\/\/secure.gravatar.com\/avatar\/1787b83e7484a08e51d62ac8b41c8396?s=96&r=g","caption":"Renan Dantas"},"description":"Escreve sobre pol\u00edtica e mercado financeiro para o portal Suno Not\u00edcias. Antes, atuou na assessoria de comunica\u00e7\u00e3o do Minist\u00e9rio P\u00fablico do Trabalho e na R\u00e1dio Mackenzie, onde apresentava e produzia um programa sobre artistas da m\u00fasica brasileira. \u00c9 estudante na Universidade Presbiteriana Mackenzie.","url":"https:\/\/www.suno.com.br\/noticias\/author\/renan-dantas\/"}]}},"default_loop_html":"<div class=\"cardsPage__listCard__boxs\"><div class=\"cardsPage__listCard__boxs__img\"><a href=\"https:\/\/www.suno.com.br\/noticias\/ibovespa-cai-quebra-sequencia-crescimento\/\"><img class=\"mask\" src=\"https:\/\/www.suno.com.br\/noticias\/wp-content\/themes\/suno\/resources\/images\/spotlight\/spotlight1img\/bg-mask.png\" alt=\"Image Mask\"\/><img src=\"https:\/\/files.sunoresearch.com.br\/n\/uploads\/2018\/09\/fa20779a-ibovespa-dolar-400x200.webp\" alt=\"Ibovespa cai 0,16% e quebra sequ\u00eancia de crescimento; Embraer \u00e9 destaque\"\/><\/a><span class=\"spotlightCategory\"><a href=\"https:\/\/www.suno.com.br\/noticias\/mercado\/\">Mercado<\/a><\/span><\/div><div class=\"cardsPage__listCard__boxs__content\"><a href=\"https:\/\/www.suno.com.br\/noticias\/ibovespa-cai-quebra-sequencia-crescimento\/\"><h2 class=\"content__title\">Ibovespa cai 0,16% e quebra sequ\u00eancia de crescimento; Embraer \u00e9 destaque<\/h2><\/a><div class=\"newsContent__article__meta\"><div class=\"newsContent__article__meta__authorBox\"><a href=\"https:\/\/www.suno.com.br\/noticias\/author\/renan-dantas\/\" class=\"authorBox__avatar noMobi\"><img src=\"https:\/\/secure.gravatar.com\/avatar\/1787b83e7484a08e51d62ac8b41c8396?s=96&#038;r=g\" alt=\"Renan Dantas\"><\/a><div class=\"authorBox__name\"><span>por\n\t\t\t<a href=\"https:\/\/www.suno.com.br\/noticias\/author\/renan-dantas\/\"><span itemprop=\"author\">Renan Dantas<\/span><\/a><\/span><time datetime=\"2019-01-11T18:50:43-02:00\" itemprop=\"datePublished\">11\/01\/2019 18:50<\/time><\/div><\/div><\/div><\/div><\/div>","single_layout":"posts","amp_enabled":true,"_links":{"self":[{"href":"https:\/\/www.suno.com.br\/noticias\/wp-json\/wp\/v2\/posts\/11364"}],"collection":[{"href":"https:\/\/www.suno.com.br\/noticias\/wp-json\/wp\/v2\/posts"}],"about":[{"href":"https:\/\/www.suno.com.br\/noticias\/wp-json\/wp\/v2\/types\/post"}],"author":[{"embeddable":true,"href":"https:\/\/www.suno.com.br\/noticias\/wp-json\/wp\/v2\/users\/14"}],"replies":[{"embeddable":true,"href":"https:\/\/www.suno.com.br\/noticias\/wp-json\/wp\/v2\/comments?post=11364"}],"version-history":[{"count":0,"href":"https:\/\/www.suno.com.br\/noticias\/wp-json\/wp\/v2\/posts\/11364\/revisions"}],"wp:featuredmedia":[{"embeddable":true,"href":"https:\/\/www.suno.com.br\/noticias\/wp-json\/wp\/v2\/media\/3757"}],"wp:attachment":[{"href":"https:\/\/www.suno.com.br\/noticias\/wp-json\/wp\/v2\/media?parent=11364"}],"wp:term":[{"taxonomy":"category","embeddable":true,"href":"https:\/\/www.suno.com.br\/noticias\/wp-json\/wp\/v2\/categories?post=11364"},{"taxonomy":"post_tag","embeddable":true,"href":"https:\/\/www.suno.com.br\/noticias\/wp-json\/wp\/v2\/tags?post=11364"},{"taxonomy":"suno_strategy","embeddable":true,"href":"https:\/\/www.suno.com.br\/noticias\/wp-json\/wp\/v2\/suno_strategy?post=11364"}],"curies":[{"name":"wp","href":"https:\/\/api.w.org\/{rel}","templated":true}]}}